{"id":8885,"date":"2019-09-26T22:33:09","date_gmt":"2019-09-26T20:33:09","guid":{"rendered":"https:\/\/elgarajedefrank.es\/?p=8885"},"modified":"2024-05-29T12:19:05","modified_gmt":"2024-05-29T10:19:05","slug":"ha-people-3-55-el-dia-de-la-bestia","status":"publish","type":"post","link":"https:\/\/elgarajedefrank.es\/fr\/ha-people-3-55-el-dia-de-la-bestia\/","title":{"rendered":"H\u00e0; People.3.55 &#8211; El D\u00eda de la Bestia"},"content":{"rendered":"<p><span class=\"s1\" style=\"font-family: georgia, palatino, serif; font-size: 12pt;\"><i>El D\u00eda de la Bestia<\/i>, nouvel album de <b>H\u00e0; People.3.55<\/b> aurait tr\u00e8s bien pu faire partie de la bande-son du film homonyme d\u2019\u00c1lex de la Iglesia, <i>Le Jour de la B\u00eate<\/i>, aux c\u00f4t\u00e9s de <b>Ministry.<\/b> Cependant, bien que le film allie thriller, com\u00e9die et horreur, <i>El D\u00eda de la Bestia\u00a0<\/i>reste sans aucun doute dans ce dernier registre.<\/span><\/p>\n<p class=\"p1\"><span style=\"font-family: georgia, palatino, serif; font-size: 12pt;\"><span class=\"s1\">D\u00e8s \u00ab<\/span><span class=\"s2\">\u2009<\/span><span class=\"s1\">Heretics<\/span><span class=\"s2\">\u2009<\/span><span class=\"s1\">\u00bb, la musique vous prend aux tripes. En un clin d\u2019\u0153il, on se retrouve aux portes de l\u2019Enfer. Des synth\u00e9s oppressants retentissent pendant que J\u03943 hurle \u00ab<\/span><span class=\"s2\">\u2009<\/span><span class=\"s1\">Blasphema<\/span><span class=\"s2\">\u2009<\/span><span class=\"s1\">\u00bb. On en aurait presque des sueurs froides. Et c\u2019est l\u00e0 que le sabbat commence. Tout au long de l\u2019album, l&#8217;auditeur est assailli de sons divers et vari\u00e9s, qu\u2019on dirait issus directement d\u2019un concert de <strong>Throbbing Gristle :<\/strong> bruits, puissantes percussions, cris, guitares assourdissantes\u2026 Certaines chansons sont chant\u00e9es en espagnol, comme \u00ab<\/span><span class=\"s2\">\u2009<\/span><span class=\"s1\">El Dia de la Bestia<\/span><span class=\"s2\">\u2009<\/span><span class=\"s1\">\u00bb ou encore \u00ab<\/span><span class=\"s2\">\u2009<\/span><span class=\"s1\">El S\u00e1bado de las Brujas<\/span><span class=\"s2\">\u2009<\/span><span class=\"s1\">\u00bb. Enfin \u00ab<\/span><span class=\"s2\">\u2009<\/span><span class=\"s1\">chant\u00e9es<\/span><span class=\"s2\">\u2009<\/span><span class=\"s1\">\u00bb n\u2019est pas vraiment le mot\u2026 J\u03943 crie, d\u00e9clame, hurle avec une incroyable puissance ! \u00ab<\/span><span class=\"s2\">\u2009<\/span><span class=\"s1\">Insane Insolation<\/span><span class=\"s2\">\u2009<\/span><span class=\"s1\">\u00bb comporte des chants gutturaux, accompagn\u00e9s de ch\u0153urs rappelant des voix fantomatiques. On a l\u2019impression d\u2019\u00eatre entour\u00e9 de fum\u00e9e, comme si l\u2019on se trouvait en Enfer. On ne conna\u00eet nul repos, les dix morceaux, que ce soit \u00ab<\/span><span class=\"s2\">\u2009<\/span><span class=\"s1\">Emperor&#8217;s Rising<\/span><span class=\"s2\">\u2009<\/span><span class=\"s1\">\u00bb ou encore \u00ab<\/span><span class=\"s2\">\u2009<\/span><span class=\"s1\">Inquisidor<\/span><span class=\"s2\">\u2009<\/span><span class=\"s1\">\u00bb sont intensifs du d\u00e9but \u00e0 la fin. L\u2019ambiance est apocalyptique, oppressante, terrifiante. L\u2019album se termine sur \u00ab<\/span><span class=\"s2\">\u2009<\/span><span class=\"s1\">Krampus<\/span><span class=\"s2\">\u2009<\/span><span class=\"s1\">\u00bb, un morceau instrumental<\/span><\/span><span style=\"font-family: georgia, palatino, serif; font-size: 12pt;\"><span class=\"s1\">. On se retrouve transport\u00e9 dans Silent Hill, poursuivi par Pyramid Head, qui ass\u00e8ne un coup de son \u00e9norme \u00e9p\u00e9e \u00e0 chaque fois qu\u2019un coup de batterie retentit. Des voix fantasmagoriques flottent au-dessus de la musique, comme pour vous mener vers un sort d\u00e9j\u00e0 certain.<\/span><\/span><\/p>\n<p class=\"p1\"><span class=\"s1\" style=\"font-family: georgia, palatino, serif; font-size: 12pt;\"><strong>H\u00e0; People.3.55<\/strong> sont sans nul doute des ma\u00eetres du doom metal industriel. Apr\u00e8s l\u2019\u00e9coute de cet album, vous ne serez obs\u00e9d\u00e9 que par une seule chose : vendre votre \u00e2me au diable pour les voir en concert.<\/span><\/p>\n<p><iframe title=\"Insane Isolation\" width=\"1170\" height=\"878\" src=\"https:\/\/www.youtube.com\/embed\/YG0lhYOHEvA?feature=oembed\" frameborder=\"0\" allow=\"accelerometer; autoplay; clipboard-write; encrypted-media; gyroscope; picture-in-picture; web-share\" referrerpolicy=\"strict-origin-when-cross-origin\" allowfullscreen><\/iframe><\/p>\n","protected":false},"excerpt":{"rendered":"<p>El D\u00eda de la Bestia, nouvel album de H\u00e0; People.3.55 aurait tr\u00e8s bien pu faire&hellip;<\/p>\n","protected":false},"author":2,"featured_media":8888,"comment_status":"open","ping_status":"open","sticky":false,"template":"","format":"standard","meta":{"_lmt_disableupdate":"no","_lmt_disable":"","footnotes":""},"categories":[43],"tags":[524,368],"class_list":["post-8885","post","type-post","status-publish","format-standard","has-post-thumbnail","hentry","category-critiques","tag-doom-fr","tag-musique-industrielle"],"yoast_head":"<!-- This site is optimized with the Yoast SEO plugin v27.4 - https:\/\/yoast.com\/product\/yoast-seo-wordpress\/ -->\n<title>H\u00e0; People.3.55 - El D\u00eda de la Bestia &#8212; El Garaje de Frank<\/title>\n<meta name=\"description\" content=\"Critiques &#8212; Critique du nouvel album du groupe de doom industriel H\u00e0; People.3.55, El Dia de la Bestia.\" \/>\n<meta name=\"robots\" content=\"index, follow, max-snippet:-1, max-image-preview:large, max-video-preview:-1\" \/>\n<link rel=\"canonical\" href=\"https:\/\/elgarajedefrank.es\/fr\/ha-people-3-55-el-dia-de-la-bestia\/\" \/>\n<meta property=\"og:locale\" content=\"fr_FR\" \/>\n<meta property=\"og:type\" content=\"article\" \/>\n<meta property=\"og:title\" content=\"H\u00e0; People.3.55 - El D\u00eda de la Bestia &#8212; El Garaje de Frank\" \/>\n<meta property=\"og:description\" content=\"Critiques &#8212; Critique du nouvel album du groupe de doom industriel H\u00e0; People.3.55, El Dia de la Bestia.\" \/>\n<meta property=\"og:url\" content=\"https:\/\/elgarajedefrank.es\/fr\/ha-people-3-55-el-dia-de-la-bestia\/\" \/>\n<meta property=\"og:site_name\" content=\"El Garaje de Frank\" \/>\n<meta property=\"article:publisher\" content=\"https:\/\/www.facebook.com\/elgarajedefrank\/\" \/>\n<meta property=\"article:published_time\" content=\"2019-09-26T20:33:09+00:00\" \/>\n<meta property=\"article:modified_time\" content=\"2024-05-29T10:19:05+00:00\" \/>\n<meta property=\"og:image\" content=\"https:\/\/elgarajedefrank.es\/wp-content\/uploads\/2019\/09\/64383374_2338668286180079_1138565868477743104_o.jpg\" \/>\n\t<meta property=\"og:image:width\" content=\"1898\" \/>\n\t<meta property=\"og:image:height\" content=\"1898\" \/>\n\t<meta property=\"og:image:type\" content=\"image\/jpeg\" \/>\n<meta name=\"author\" content=\"Violeta\" \/>\n<meta name=\"twitter:card\" content=\"summary_large_image\" \/>\n<meta name=\"twitter:label1\" content=\"\u00c9crit par\" \/>\n\t<meta name=\"twitter:data1\" content=\"Violeta\" \/>\n\t<meta name=\"twitter:label2\" content=\"Dur\u00e9e de lecture estim\u00e9e\" \/>\n\t<meta name=\"twitter:data2\" content=\"2 minutes\" \/>\n<script type=\"application\/ld+json\" class=\"yoast-schema-graph\">{\"@context\":\"https:\\\/\\\/schema.org\",\"@graph\":[{\"@type\":\"Article\",\"@id\":\"https:\\\/\\\/elgarajedefrank.es\\\/fr\\\/ha-people-3-55-el-dia-de-la-bestia\\\/#article\",\"isPartOf\":{\"@id\":\"https:\\\/\\\/elgarajedefrank.es\\\/fr\\\/ha-people-3-55-el-dia-de-la-bestia\\\/\"},\"author\":{\"name\":\"Violeta\",\"@id\":\"https:\\\/\\\/elgarajedefrank.es\\\/fr\\\/#\\\/schema\\\/person\\\/35ec115bc6f8fb3d23238106dc7c1308\"},\"headline\":\"H\u00e0; People.3.55 &#8211; El D\u00eda de la Bestia\",\"datePublished\":\"2019-09-26T20:33:09+00:00\",\"dateModified\":\"2024-05-29T10:19:05+00:00\",\"mainEntityOfPage\":{\"@id\":\"https:\\\/\\\/elgarajedefrank.es\\\/fr\\\/ha-people-3-55-el-dia-de-la-bestia\\\/\"},\"wordCount\":362,\"commentCount\":0,\"publisher\":{\"@id\":\"https:\\\/\\\/elgarajedefrank.es\\\/fr\\\/#\\\/schema\\\/person\\\/d709c9c33f5f405d44c6c9397889ba15\"},\"image\":{\"@id\":\"https:\\\/\\\/elgarajedefrank.es\\\/fr\\\/ha-people-3-55-el-dia-de-la-bestia\\\/#primaryimage\"},\"thumbnailUrl\":\"https:\\\/\\\/elgarajedefrank.es\\\/wp-content\\\/uploads\\\/2019\\\/09\\\/64383374_2338668286180079_1138565868477743104_o.jpg\",\"keywords\":[\"Doom\",\"Musique industrielle\"],\"articleSection\":[\"Critiques\"],\"inLanguage\":\"fr-FR\",\"potentialAction\":[{\"@type\":\"CommentAction\",\"name\":\"Comment\",\"target\":[\"https:\\\/\\\/elgarajedefrank.es\\\/fr\\\/ha-people-3-55-el-dia-de-la-bestia\\\/#respond\"]}]},{\"@type\":\"WebPage\",\"@id\":\"https:\\\/\\\/elgarajedefrank.es\\\/fr\\\/ha-people-3-55-el-dia-de-la-bestia\\\/\",\"url\":\"https:\\\/\\\/elgarajedefrank.es\\\/fr\\\/ha-people-3-55-el-dia-de-la-bestia\\\/\",\"name\":\"H\u00e0; People.3.55 - El D\u00eda de la Bestia &#8212; El Garaje de Frank\",\"isPartOf\":{\"@id\":\"https:\\\/\\\/elgarajedefrank.es\\\/fr\\\/#website\"},\"primaryImageOfPage\":{\"@id\":\"https:\\\/\\\/elgarajedefrank.es\\\/fr\\\/ha-people-3-55-el-dia-de-la-bestia\\\/#primaryimage\"},\"image\":{\"@id\":\"https:\\\/\\\/elgarajedefrank.es\\\/fr\\\/ha-people-3-55-el-dia-de-la-bestia\\\/#primaryimage\"},\"thumbnailUrl\":\"https:\\\/\\\/elgarajedefrank.es\\\/wp-content\\\/uploads\\\/2019\\\/09\\\/64383374_2338668286180079_1138565868477743104_o.jpg\",\"datePublished\":\"2019-09-26T20:33:09+00:00\",\"dateModified\":\"2024-05-29T10:19:05+00:00\",\"description\":\"Critiques &#8212; Critique du nouvel album du groupe de doom industriel H\u00e0; People.3.55, El Dia de la Bestia.\",\"breadcrumb\":{\"@id\":\"https:\\\/\\\/elgarajedefrank.es\\\/fr\\\/ha-people-3-55-el-dia-de-la-bestia\\\/#breadcrumb\"},\"inLanguage\":\"fr-FR\",\"potentialAction\":[{\"@type\":\"ReadAction\",\"target\":[\"https:\\\/\\\/elgarajedefrank.es\\\/fr\\\/ha-people-3-55-el-dia-de-la-bestia\\\/\"]}]},{\"@type\":\"ImageObject\",\"inLanguage\":\"fr-FR\",\"@id\":\"https:\\\/\\\/elgarajedefrank.es\\\/fr\\\/ha-people-3-55-el-dia-de-la-bestia\\\/#primaryimage\",\"url\":\"https:\\\/\\\/elgarajedefrank.es\\\/wp-content\\\/uploads\\\/2019\\\/09\\\/64383374_2338668286180079_1138565868477743104_o.jpg\",\"contentUrl\":\"https:\\\/\\\/elgarajedefrank.es\\\/wp-content\\\/uploads\\\/2019\\\/09\\\/64383374_2338668286180079_1138565868477743104_o.jpg\",\"width\":1898,\"height\":1898},{\"@type\":\"BreadcrumbList\",\"@id\":\"https:\\\/\\\/elgarajedefrank.es\\\/fr\\\/ha-people-3-55-el-dia-de-la-bestia\\\/#breadcrumb\",\"itemListElement\":[{\"@type\":\"ListItem\",\"position\":1,\"name\":\"Inicio\",\"item\":\"https:\\\/\\\/elgarajedefrank.es\\\/fr\\\/\"},{\"@type\":\"ListItem\",\"position\":2,\"name\":\"Critiques\",\"item\":\"https:\\\/\\\/elgarajedefrank.es\\\/fr\\\/category\\\/critiques\\\/\"},{\"@type\":\"ListItem\",\"position\":3,\"name\":\"H\u00e0; People.3.55 &#8211; El D\u00eda de la Bestia\"}]},{\"@type\":\"WebSite\",\"@id\":\"https:\\\/\\\/elgarajedefrank.es\\\/fr\\\/#website\",\"url\":\"https:\\\/\\\/elgarajedefrank.es\\\/fr\\\/\",\"name\":\"El Garaje de Frank\",\"description\":\"Music magazine\",\"publisher\":{\"@id\":\"https:\\\/\\\/elgarajedefrank.es\\\/fr\\\/#\\\/schema\\\/person\\\/d709c9c33f5f405d44c6c9397889ba15\"},\"potentialAction\":[{\"@type\":\"SearchAction\",\"target\":{\"@type\":\"EntryPoint\",\"urlTemplate\":\"https:\\\/\\\/elgarajedefrank.es\\\/fr\\\/?s={search_term_string}\"},\"query-input\":{\"@type\":\"PropertyValueSpecification\",\"valueRequired\":true,\"valueName\":\"search_term_string\"}}],\"inLanguage\":\"fr-FR\"},{\"@type\":[\"Person\",\"Organization\"],\"@id\":\"https:\\\/\\\/elgarajedefrank.es\\\/fr\\\/#\\\/schema\\\/person\\\/d709c9c33f5f405d44c6c9397889ba15\",\"name\":\"Fran\u00e7ois Zappa\",\"image\":{\"@type\":\"ImageObject\",\"inLanguage\":\"fr-FR\",\"@id\":\"https:\\\/\\\/elgarajedefrank.es\\\/wp-content\\\/uploads\\\/2019\\\/10\\\/IMG_8278-150x150.jpg\",\"url\":\"https:\\\/\\\/elgarajedefrank.es\\\/wp-content\\\/uploads\\\/2019\\\/10\\\/IMG_8278-150x150.jpg\",\"contentUrl\":\"https:\\\/\\\/elgarajedefrank.es\\\/wp-content\\\/uploads\\\/2019\\\/10\\\/IMG_8278-150x150.jpg\",\"caption\":\"Fran\u00e7ois Zappa\"},\"logo\":{\"@id\":\"https:\\\/\\\/elgarajedefrank.es\\\/wp-content\\\/uploads\\\/2019\\\/10\\\/IMG_8278-150x150.jpg\"},\"sameAs\":[\"https:\\\/\\\/www.facebook.com\\\/elgarajedefrank\\\/\",\"https:\\\/\\\/www.instagram.com\\\/elgarajedefrank\\\/\"]},{\"@type\":\"Person\",\"@id\":\"https:\\\/\\\/elgarajedefrank.es\\\/fr\\\/#\\\/schema\\\/person\\\/35ec115bc6f8fb3d23238106dc7c1308\",\"name\":\"Violeta\",\"image\":{\"@type\":\"ImageObject\",\"inLanguage\":\"fr-FR\",\"@id\":\"https:\\\/\\\/elgarajedefrank.es\\\/wp-content\\\/uploads\\\/2019\\\/10\\\/IMG_0576-e1570432097945-150x150.jpg\",\"url\":\"https:\\\/\\\/elgarajedefrank.es\\\/wp-content\\\/uploads\\\/2019\\\/10\\\/IMG_0576-e1570432097945-150x150.jpg\",\"contentUrl\":\"https:\\\/\\\/elgarajedefrank.es\\\/wp-content\\\/uploads\\\/2019\\\/10\\\/IMG_0576-e1570432097945-150x150.jpg\",\"caption\":\"Violeta\"}}]}<\/script>\n<!-- \/ Yoast SEO plugin. -->","yoast_head_json":{"title":"H\u00e0; People.3.55 - El D\u00eda de la Bestia &#8212; El Garaje de Frank","description":"Critiques &#8212; Critique du nouvel album du groupe de doom industriel H\u00e0; People.3.55, El Dia de la Bestia.","robots":{"index":"index","follow":"follow","max-snippet":"max-snippet:-1","max-image-preview":"max-image-preview:large","max-video-preview":"max-video-preview:-1"},"canonical":"https:\/\/elgarajedefrank.es\/fr\/ha-people-3-55-el-dia-de-la-bestia\/","og_locale":"fr_FR","og_type":"article","og_title":"H\u00e0; People.3.55 - El D\u00eda de la Bestia &#8212; El Garaje de Frank","og_description":"Critiques &#8212; Critique du nouvel album du groupe de doom industriel H\u00e0; People.3.55, El Dia de la Bestia.","og_url":"https:\/\/elgarajedefrank.es\/fr\/ha-people-3-55-el-dia-de-la-bestia\/","og_site_name":"El Garaje de Frank","article_publisher":"https:\/\/www.facebook.com\/elgarajedefrank\/","article_published_time":"2019-09-26T20:33:09+00:00","article_modified_time":"2024-05-29T10:19:05+00:00","og_image":[{"width":1898,"height":1898,"url":"https:\/\/elgarajedefrank.es\/wp-content\/uploads\/2019\/09\/64383374_2338668286180079_1138565868477743104_o.jpg","type":"image\/jpeg"}],"author":"Violeta","twitter_card":"summary_large_image","twitter_misc":{"\u00c9crit par":"Violeta","Dur\u00e9e de lecture estim\u00e9e":"2 minutes"},"schema":{"@context":"https:\/\/schema.org","@graph":[{"@type":"Article","@id":"https:\/\/elgarajedefrank.es\/fr\/ha-people-3-55-el-dia-de-la-bestia\/#article","isPartOf":{"@id":"https:\/\/elgarajedefrank.es\/fr\/ha-people-3-55-el-dia-de-la-bestia\/"},"author":{"name":"Violeta","@id":"https:\/\/elgarajedefrank.es\/fr\/#\/schema\/person\/35ec115bc6f8fb3d23238106dc7c1308"},"headline":"H\u00e0; People.3.55 &#8211; El D\u00eda de la Bestia","datePublished":"2019-09-26T20:33:09+00:00","dateModified":"2024-05-29T10:19:05+00:00","mainEntityOfPage":{"@id":"https:\/\/elgarajedefrank.es\/fr\/ha-people-3-55-el-dia-de-la-bestia\/"},"wordCount":362,"commentCount":0,"publisher":{"@id":"https:\/\/elgarajedefrank.es\/fr\/#\/schema\/person\/d709c9c33f5f405d44c6c9397889ba15"},"image":{"@id":"https:\/\/elgarajedefrank.es\/fr\/ha-people-3-55-el-dia-de-la-bestia\/#primaryimage"},"thumbnailUrl":"https:\/\/elgarajedefrank.es\/wp-content\/uploads\/2019\/09\/64383374_2338668286180079_1138565868477743104_o.jpg","keywords":["Doom","Musique industrielle"],"articleSection":["Critiques"],"inLanguage":"fr-FR","potentialAction":[{"@type":"CommentAction","name":"Comment","target":["https:\/\/elgarajedefrank.es\/fr\/ha-people-3-55-el-dia-de-la-bestia\/#respond"]}]},{"@type":"WebPage","@id":"https:\/\/elgarajedefrank.es\/fr\/ha-people-3-55-el-dia-de-la-bestia\/","url":"https:\/\/elgarajedefrank.es\/fr\/ha-people-3-55-el-dia-de-la-bestia\/","name":"H\u00e0; People.3.55 - El D\u00eda de la Bestia &#8212; El Garaje de Frank","isPartOf":{"@id":"https:\/\/elgarajedefrank.es\/fr\/#website"},"primaryImageOfPage":{"@id":"https:\/\/elgarajedefrank.es\/fr\/ha-people-3-55-el-dia-de-la-bestia\/#primaryimage"},"image":{"@id":"https:\/\/elgarajedefrank.es\/fr\/ha-people-3-55-el-dia-de-la-bestia\/#primaryimage"},"thumbnailUrl":"https:\/\/elgarajedefrank.es\/wp-content\/uploads\/2019\/09\/64383374_2338668286180079_1138565868477743104_o.jpg","datePublished":"2019-09-26T20:33:09+00:00","dateModified":"2024-05-29T10:19:05+00:00","description":"Critiques &#8212; Critique du nouvel album du groupe de doom industriel H\u00e0; People.3.55, El Dia de la Bestia.","breadcrumb":{"@id":"https:\/\/elgarajedefrank.es\/fr\/ha-people-3-55-el-dia-de-la-bestia\/#breadcrumb"},"inLanguage":"fr-FR","potentialAction":[{"@type":"ReadAction","target":["https:\/\/elgarajedefrank.es\/fr\/ha-people-3-55-el-dia-de-la-bestia\/"]}]},{"@type":"ImageObject","inLanguage":"fr-FR","@id":"https:\/\/elgarajedefrank.es\/fr\/ha-people-3-55-el-dia-de-la-bestia\/#primaryimage","url":"https:\/\/elgarajedefrank.es\/wp-content\/uploads\/2019\/09\/64383374_2338668286180079_1138565868477743104_o.jpg","contentUrl":"https:\/\/elgarajedefrank.es\/wp-content\/uploads\/2019\/09\/64383374_2338668286180079_1138565868477743104_o.jpg","width":1898,"height":1898},{"@type":"BreadcrumbList","@id":"https:\/\/elgarajedefrank.es\/fr\/ha-people-3-55-el-dia-de-la-bestia\/#breadcrumb","itemListElement":[{"@type":"ListItem","position":1,"name":"Inicio","item":"https:\/\/elgarajedefrank.es\/fr\/"},{"@type":"ListItem","position":2,"name":"Critiques","item":"https:\/\/elgarajedefrank.es\/fr\/category\/critiques\/"},{"@type":"ListItem","position":3,"name":"H\u00e0; People.3.55 &#8211; El D\u00eda de la Bestia"}]},{"@type":"WebSite","@id":"https:\/\/elgarajedefrank.es\/fr\/#website","url":"https:\/\/elgarajedefrank.es\/fr\/","name":"El Garaje de Frank","description":"Music magazine","publisher":{"@id":"https:\/\/elgarajedefrank.es\/fr\/#\/schema\/person\/d709c9c33f5f405d44c6c9397889ba15"},"potentialAction":[{"@type":"SearchAction","target":{"@type":"EntryPoint","urlTemplate":"https:\/\/elgarajedefrank.es\/fr\/?s={search_term_string}"},"query-input":{"@type":"PropertyValueSpecification","valueRequired":true,"valueName":"search_term_string"}}],"inLanguage":"fr-FR"},{"@type":["Person","Organization"],"@id":"https:\/\/elgarajedefrank.es\/fr\/#\/schema\/person\/d709c9c33f5f405d44c6c9397889ba15","name":"Fran\u00e7ois Zappa","image":{"@type":"ImageObject","inLanguage":"fr-FR","@id":"https:\/\/elgarajedefrank.es\/wp-content\/uploads\/2019\/10\/IMG_8278-150x150.jpg","url":"https:\/\/elgarajedefrank.es\/wp-content\/uploads\/2019\/10\/IMG_8278-150x150.jpg","contentUrl":"https:\/\/elgarajedefrank.es\/wp-content\/uploads\/2019\/10\/IMG_8278-150x150.jpg","caption":"Fran\u00e7ois Zappa"},"logo":{"@id":"https:\/\/elgarajedefrank.es\/wp-content\/uploads\/2019\/10\/IMG_8278-150x150.jpg"},"sameAs":["https:\/\/www.facebook.com\/elgarajedefrank\/","https:\/\/www.instagram.com\/elgarajedefrank\/"]},{"@type":"Person","@id":"https:\/\/elgarajedefrank.es\/fr\/#\/schema\/person\/35ec115bc6f8fb3d23238106dc7c1308","name":"Violeta","image":{"@type":"ImageObject","inLanguage":"fr-FR","@id":"https:\/\/elgarajedefrank.es\/wp-content\/uploads\/2019\/10\/IMG_0576-e1570432097945-150x150.jpg","url":"https:\/\/elgarajedefrank.es\/wp-content\/uploads\/2019\/10\/IMG_0576-e1570432097945-150x150.jpg","contentUrl":"https:\/\/elgarajedefrank.es\/wp-content\/uploads\/2019\/10\/IMG_0576-e1570432097945-150x150.jpg","caption":"Violeta"}}]}},"_links":{"self":[{"href":"https:\/\/elgarajedefrank.es\/fr\/wp-json\/wp\/v2\/posts\/8885","targetHints":{"allow":["GET"]}}],"collection":[{"href":"https:\/\/elgarajedefrank.es\/fr\/wp-json\/wp\/v2\/posts"}],"about":[{"href":"https:\/\/elgarajedefrank.es\/fr\/wp-json\/wp\/v2\/types\/post"}],"author":[{"embeddable":true,"href":"https:\/\/elgarajedefrank.es\/fr\/wp-json\/wp\/v2\/users\/2"}],"replies":[{"embeddable":true,"href":"https:\/\/elgarajedefrank.es\/fr\/wp-json\/wp\/v2\/comments?post=8885"}],"version-history":[{"count":1,"href":"https:\/\/elgarajedefrank.es\/fr\/wp-json\/wp\/v2\/posts\/8885\/revisions"}],"predecessor-version":[{"id":62504,"href":"https:\/\/elgarajedefrank.es\/fr\/wp-json\/wp\/v2\/posts\/8885\/revisions\/62504"}],"wp:featuredmedia":[{"embeddable":true,"href":"https:\/\/elgarajedefrank.es\/fr\/wp-json\/wp\/v2\/media\/8888"}],"wp:attachment":[{"href":"https:\/\/elgarajedefrank.es\/fr\/wp-json\/wp\/v2\/media?parent=8885"}],"wp:term":[{"taxonomy":"category","embeddable":true,"href":"https:\/\/elgarajedefrank.es\/fr\/wp-json\/wp\/v2\/categories?post=8885"},{"taxonomy":"post_tag","embeddable":true,"href":"https:\/\/elgarajedefrank.es\/fr\/wp-json\/wp\/v2\/tags?post=8885"}],"curies":[{"name":"wp","href":"https:\/\/api.w.org\/{rel}","templated":true}]}}