{"id":5473,"date":"2019-06-19T12:08:28","date_gmt":"2019-06-19T10:08:28","guid":{"rendered":"https:\/\/elgarajedefrank.es\/?p=5473"},"modified":"2023-09-13T21:55:03","modified_gmt":"2023-09-13T19:55:03","slug":"la-memoria","status":"publish","type":"post","link":"https:\/\/elgarajedefrank.es\/fr\/la-memoria\/","title":{"rendered":"La Memoria"},"content":{"rendered":"<p><span style=\"font-family: georgia, palatino, serif; font-size: 12pt;\"><strong>La Memoria est un quintet prometteur de post-punk originaire de Montevideo, qui vient de sortir son premier disque, <em>Desaparecida<\/em>, o\u00f9, faisant honneur \u00e0 son nom, ils nous rappellent une triste partie de l\u2019histoire uruguayenne. D\u00e8s qu\u2019on le pourra, on fera la critique du disque. Aujourd\u2019hui, on vous pr\u00e9sente notre interview au groupe. Parce que la m\u00e9moire est toujours n\u00e9cessaire.<\/strong><\/span><\/p>\n<p><span style=\"font-family: georgia, palatino, serif; font-size: 12pt;\"><b><img fetchpriority=\"high\" decoding=\"async\" class=\"size-medium wp-image-5487 alignleft\" src=\"https:\/\/elgarajedefrank.es\/wp-content\/uploads\/2019\/06\/La-Memoria-SH002-199x300.jpg\" alt=\"\" width=\"199\" height=\"300\" srcset=\"https:\/\/elgarajedefrank.es\/wp-content\/uploads\/2019\/06\/La-Memoria-SH002-199x300.jpg 199w, https:\/\/elgarajedefrank.es\/wp-content\/uploads\/2019\/06\/La-Memoria-SH002-768x1159.jpg 768w, https:\/\/elgarajedefrank.es\/wp-content\/uploads\/2019\/06\/La-Memoria-SH002-678x1024.jpg 678w, https:\/\/elgarajedefrank.es\/wp-content\/uploads\/2019\/06\/La-Memoria-SH002-1170x1766.jpg 1170w, https:\/\/elgarajedefrank.es\/wp-content\/uploads\/2019\/06\/La-Memoria-SH002-1920x2898.jpg 1920w, https:\/\/elgarajedefrank.es\/wp-content\/uploads\/2019\/06\/La-Memoria-SH002-585x883.jpg 585w, https:\/\/elgarajedefrank.es\/wp-content\/uploads\/2019\/06\/La-Memoria-SH002.jpg 1272w\" sizes=\"(max-width: 199px) 100vw, 199px\" \/>\u2014Quelles sont vos influences musicales ? Des groupes uruguayens vous ont-ils influenc\u00e9s ?<\/b><\/span><\/p>\n<p><span style=\"font-family: georgia, palatino, serif; font-size: 12pt;\"><strong>\u2014<\/strong>On est influenc\u00e9s par des groupes internationaux, comme<span style=\"cursor: text; text-decoration: none; font-variant: normal; white-space: normal; word-spacing: 0px; text-transform: none; float: none; font-weight: 400; color: #333333; font-style: normal; text-align: left; orphans: 2; letter-spacing: normal; background-color: transparent; text-indent: 0px; -webkit-text-stroke-width: 0px; display: inline !important;\">\u00a0<strong>The Cure<\/strong>, <strong>Sisters of Mercy<\/strong>, <strong>Joy Division<\/strong>, <strong>Bauhaus<\/strong>. Pour les groupes uruguayens, je vais citer<\/span><span style=\"cursor: text; text-decoration: none; font-variant: normal; white-space: normal; word-spacing: 0px; text-transform: none; float: none; font-weight: 400; color: #333333; font-style: normal; text-align: left; orphans: 2; letter-spacing: normal; background-color: transparent; text-indent: 0px; -webkit-text-stroke-width: 0px; display: inline !important;\"> <strong>Los Est\u00f3magos<\/strong>, <strong>Los Traidores<\/strong> et <strong>Zero. <\/strong>En g\u00e9n\u00e9ral, ce sont de grands groupes du rock post-dictature, pas seulement de la sc\u00e8ne punk et post-punk.<\/span><\/span><\/p>\n<p><span style=\"font-family: georgia, palatino, serif; font-size: 12pt;\"><strong>\u2014Pourriez-vous nous d\u00e9crire la sc\u00e8ne uruguayenne de post-punk ? Vous avez jou\u00e9 dans un festival appel\u00e9 Montevideo Post Punk, pas vrai ?<\/strong><\/span><\/p>\n<p><span style=\"font-family: georgia, palatino, serif; font-size: 12pt;\"><span style=\"cursor: text; text-decoration: none; font-variant: normal; white-space: normal; word-spacing: 0px; text-transform: none; float: none; font-weight: 400; color: #333333; font-style: normal; text-align: left; orphans: 2; letter-spacing: normal; background-color: transparent; text-indent: 0px; -webkit-text-stroke-width: 0px; display: inline !important;\"><strong>\u2014<\/strong>Aujourd\u2019hui, cette sc\u00e8ne est presque inexistante. Certains groupes se rapprochent du post-punk et ont un style plus proche du gothique, mais en ce moment, peu de groupes ont un son post-punk \u00e0 proprement parler. C\u2019est nous qui avons organis\u00e9 le Montevideo Post Punk, le 17 ao\u00fbt 2018, avec d\u2019autres groupes et amis<\/span><span style=\"cursor: text; text-decoration: none; font-variant: normal; white-space: normal; word-spacing: 0px; text-transform: none; float: none; font-weight: 400; color: #333333; font-style: normal; text-align: left; orphans: 2; letter-spacing: normal; background-color: transparent; text-indent: 0px; -webkit-text-stroke-width: 0px; display: inline !important;\">\u00a0(<strong>Hyaedra<\/strong>, <strong>Sujeto A<\/strong> et <strong>Marcelo M\u00e1rquez Ropus<\/strong>). On va le r\u00e9organiser cette ann\u00e9e, \u00e0 la m\u00eame date.<\/span><\/span><\/p>\n<p><span style=\"font-family: georgia, palatino, serif; font-size: 12pt;\"><strong>\u2014Comment avez-vous eu l\u2019id\u00e9e d\u2019enregistrer un disque sur la dictature uruguayenne ?<\/strong><\/span><\/p>\n<p><span style=\"font-size: 12pt; cursor: text; text-decoration: none; font-family: georgia, palatino, serif; font-variant: normal; white-space: normal; word-spacing: 0px; text-transform: none; float: none; font-weight: 400; color: #333333; font-style: normal; text-align: left; orphans: 2; letter-spacing: normal; background-color: transparent; text-indent: 0px; -webkit-text-stroke-width: 0px; display: inline !important;\"><strong>\u2014<\/strong>On a eu cette envie de parler de ce qui ne se dit pas. On est tous issus de g\u00e9n\u00e9rations diff\u00e9rentes. On partage notre inqui\u00e9tude sur ce qui s\u2019est pass\u00e9, les secrets des hommes au pouvoir, la douleur devant le silence complice de tous les gouvernements, et le besoin de parler de tout \u00e7a, de diffuser ces informations, d\u2019en discuter, pour qu\u2019il ne soit plus dans la p\u00e9nombre. Fabi\u00e1n explique \u00e7a tr\u00e8s bien dans les paroles. On a tous \u00e9t\u00e9 captiv\u00e9s par celles-ci, d\u00e8s qu\u2019il nous les a pr\u00e9sent\u00e9es.<\/span><\/p>\n<p><span style=\"font-family: georgia, palatino, serif; font-size: 12pt;\"><strong>\u2014Quels disques conceptuels vous ont inspir\u00e9s ?<\/strong><\/span><\/p>\n<p><span style=\"font-size: 12pt; cursor: text; text-decoration: none; font-family: georgia, palatino, serif; font-variant: normal; white-space: normal; word-spacing: 0px; text-transform: none; float: none; font-weight: 400; color: #333333; font-style: normal; text-align: left; orphans: 2; letter-spacing: normal; background-color: transparent; text-indent: 0px; -webkit-text-stroke-width: 0px; display: inline !important;\"><strong>\u2014<\/strong>Je crois que ce disque n\u2019est pas influenc\u00e9 par un autre disque conceptuel. Il s\u2019est forg\u00e9 de la sorte de fa\u00e7on presque automatique, organique, \u00e0 cause du sujet. On avait aussi l\u2019intention de proposer une musique tr\u00e8s ambiante. L\u2019ordre des chansons raconte une histoire. Tous ces \u00e9l\u00e9ments rendent le disque conceptuel, et non pas une influence ext\u00e9rieure.<\/span><\/p>\n<p><span style=\"font-family: georgia, palatino, serif; font-size: 12pt;\"><strong>\u2014Quels souvenirs avez-vous de cette dictature ? Sur quoi vous \u00eates-vous bas\u00e9 pour \u00e9crire les paroles ?<span style=\"cursor: text; text-decoration: none; font-variant: normal; white-space: normal; word-spacing: 0px; text-transform: none; float: none; font-weight: 400; color: #333333; font-style: normal; text-align: left; orphans: 2; letter-spacing: normal; background-color: transparent; text-indent: 0px; -webkit-text-stroke-width: 0px; display: inline !important;\"><img decoding=\"async\" class=\"size-medium wp-image-5491 alignright\" src=\"https:\/\/elgarajedefrank.es\/wp-content\/uploads\/2019\/06\/La-Memoria-SH003-300x199.jpg\" alt=\"\" width=\"300\" height=\"199\" srcset=\"https:\/\/elgarajedefrank.es\/wp-content\/uploads\/2019\/06\/La-Memoria-SH003-300x199.jpg 300w, https:\/\/elgarajedefrank.es\/wp-content\/uploads\/2019\/06\/La-Memoria-SH003-768x509.jpg 768w, https:\/\/elgarajedefrank.es\/wp-content\/uploads\/2019\/06\/La-Memoria-SH003-1024x678.jpg 1024w, https:\/\/elgarajedefrank.es\/wp-content\/uploads\/2019\/06\/La-Memoria-SH003-1170x775.jpg 1170w, https:\/\/elgarajedefrank.es\/wp-content\/uploads\/2019\/06\/La-Memoria-SH003-780x516.jpg 780w, https:\/\/elgarajedefrank.es\/wp-content\/uploads\/2019\/06\/La-Memoria-SH003.jpg 1920w, https:\/\/elgarajedefrank.es\/wp-content\/uploads\/2019\/06\/La-Memoria-SH003-585x387.jpg 585w, https:\/\/elgarajedefrank.es\/wp-content\/uploads\/2019\/06\/La-Memoria-SH003-263x175.jpg 263w\" sizes=\"(max-width: 300px) 100vw, 300px\" \/><\/span><\/strong><\/span><\/p>\n<p><span style=\"font-size: 12pt; cursor: text; text-decoration: none; font-family: georgia, palatino, serif; font-variant: normal; white-space: normal; word-spacing: 0px; text-transform: none; float: none; font-weight: 400; color: #333333; font-style: normal; text-align: left; orphans: 2; letter-spacing: normal; background-color: transparent; text-indent: 0px; -webkit-text-stroke-width: 0px; display: inline !important;\"><strong>\u2014<\/strong>Il s\u2019agit plus d\u2019une r\u00e9ponse personnelle, car je n\u2019ai pas \u00e9crit les paroles. Je suis n\u00e9 en 1991, quelques ann\u00e9es apr\u00e8s la fin de la dictature. Du coup, je n\u2019ai pas v\u00e9cu les terribles \u00e9v\u00e9nements de l\u2019\u00e9poque. Derni\u00e8rement, certaines personnes veulent tenter l\u2019impossible, pr\u00e9sentent la th\u00e9orie selon laquelle \u00ab les deux camps sont coupables \u00bb, \u00ab qu\u2019il faut aller de l\u2019avant \u00bb (sans parler du sujet et tout oublier). On n\u2019est pas d\u2019accord. On demande que les militaires assassins et les bourreaux soient jug\u00e9s et punis. On veut que les lois qui les prot\u00e8gent soient supprim\u00e9es et on veut construire un monde plus juste pour les g\u00e9n\u00e9rations \u00e0 venir, pour qu\u2019elles puissent grandir dans un pays sans impunit\u00e9.<\/span><\/p>\n<p><span style=\"font-family: georgia, palatino, serif; font-size: 12pt;\"><strong>\u2014Vous allez jouer en premi\u00e8re partie de Sisters of Mercy ?<\/strong><\/span><\/p>\n<p><span style=\"font-family: georgia, palatino, serif; font-size: 12pt;\"><span style=\"cursor: text; text-decoration: none; font-variant: normal; white-space: normal; word-spacing: 0px; text-transform: none; float: none; font-weight: 400; color: #333333; font-style: normal; text-align: left; orphans: 2; letter-spacing: normal; background-color: transparent; text-indent: 0px; -webkit-text-stroke-width: 0px; display: inline !important;\"><strong>\u2014<\/strong>Le concert de<\/span><span style=\"cursor: text; text-decoration: none; font-variant: normal; white-space: normal; word-spacing: 0px; text-transform: none; float: none; font-weight: 400; color: #333333; font-style: normal; text-align: left; orphans: 2; letter-spacing: normal; background-color: transparent; text-indent: 0px; -webkit-text-stroke-width: 0px; display: inline !important;\">\u00a0<strong>Sisters of Mercy<\/strong> est en novembre. Il reste encore plusieurs mois, mais on est tr\u00e8s \u00e9mus. On se pr\u00e9pare pour donner un bon concert et pour se montrer \u00e0 la hauteur. C\u2019est \u00e9trange, on ne s\u2019attendait pas \u00e0 quelque chose d\u2019aussi grand en si peu de temps. On atteint des objectifs qui, \u00e0 une autre \u00e9poque et dans d\u2019autres groupes, m\u2019auraient paru presque irr\u00e9alistes. On est tr\u00e8s heureux et on a h\u00e2te de partager ce sentiment avec ceux qui nous entourent.<\/span><\/span><\/p>\n<p><span style=\"font-family: georgia, palatino, serif; font-size: 12pt;\"><strong>\u2014Que pr\u00e9voyez-vous pour le futur ?<\/strong><\/span><\/p>\n<p><span style=\"font-family: georgia, palatino, serif; font-size: 12pt;\"><strong>\u2014<\/strong>Pour le moment, on pense \u00e0 la composition du prochain disque. On pense que cette ann\u00e9e est parfaite pour composer, cr\u00e9er de nouvelles id\u00e9es, et peut-\u00eatre enregistrer.<\/span><\/p>\n<p><iframe title=\"LA MEMORIA &quot;En la verdad&quot; (Primer adelanto del disco de LA MEMORIA &quot;DESAPARECIDA&quot;)\" width=\"1170\" height=\"658\" src=\"https:\/\/www.youtube.com\/embed\/onIDJZO9kt0?feature=oembed\" frameborder=\"0\" allow=\"accelerometer; autoplay; clipboard-write; encrypted-media; gyroscope; picture-in-picture; web-share\" allowfullscreen><\/iframe><\/p>\n","protected":false},"excerpt":{"rendered":"<p>La Memoria est un quintet prometteur de post-punk originaire de Montevideo, qui vient de sortir&hellip;<\/p>\n","protected":false},"author":1,"featured_media":5485,"comment_status":"open","ping_status":"open","sticky":false,"template":"","format":"standard","meta":{"_lmt_disableupdate":"","_lmt_disable":"","footnotes":""},"categories":[35],"tags":[392],"class_list":["post-5473","post","type-post","status-publish","format-standard","has-post-thumbnail","hentry","category-interviews-fr","tag-post-punk-fr"],"yoast_head":"<!-- This site is optimized with the Yoast SEO plugin v27.4 - https:\/\/yoast.com\/product\/yoast-seo-wordpress\/ -->\n<title>La Memoria &#8212; El Garaje de Frank<\/title>\n<meta name=\"description\" content=\"Interviews &#8212; Nouvelle recommandation : le quintet post-punk La Memoria.\" \/>\n<meta name=\"robots\" content=\"index, follow, max-snippet:-1, max-image-preview:large, max-video-preview:-1\" \/>\n<link rel=\"canonical\" href=\"https:\/\/elgarajedefrank.es\/fr\/la-memoria\/\" \/>\n<meta property=\"og:locale\" content=\"fr_FR\" \/>\n<meta property=\"og:type\" content=\"article\" \/>\n<meta property=\"og:title\" content=\"La Memoria &#8212; El Garaje de Frank\" \/>\n<meta property=\"og:description\" content=\"Interviews &#8212; Nouvelle recommandation : le quintet post-punk La Memoria.\" \/>\n<meta property=\"og:url\" content=\"https:\/\/elgarajedefrank.es\/fr\/la-memoria\/\" \/>\n<meta property=\"og:site_name\" content=\"El Garaje de Frank\" \/>\n<meta property=\"article:publisher\" content=\"https:\/\/www.facebook.com\/elgarajedefrank\/\" \/>\n<meta property=\"article:author\" content=\"https:\/\/www.facebook.com\/elgarajedefrank\/\" \/>\n<meta property=\"article:published_time\" content=\"2019-06-19T10:08:28+00:00\" \/>\n<meta property=\"article:modified_time\" content=\"2023-09-13T19:55:03+00:00\" \/>\n<meta property=\"og:image\" content=\"https:\/\/elgarajedefrank.es\/wp-content\/uploads\/2019\/06\/La-Memoria-SH001-e1560938281969.jpg\" \/>\n\t<meta property=\"og:image:width\" content=\"650\" \/>\n\t<meta property=\"og:image:height\" content=\"431\" \/>\n\t<meta property=\"og:image:type\" content=\"image\/jpeg\" \/>\n<meta name=\"author\" content=\"Fran\u00e7ois Zappa\" \/>\n<meta name=\"twitter:card\" content=\"summary_large_image\" \/>\n<meta name=\"twitter:label1\" content=\"\u00c9crit par\" \/>\n\t<meta name=\"twitter:data1\" content=\"Fran\u00e7ois Zappa\" \/>\n\t<meta name=\"twitter:label2\" content=\"Dur\u00e9e de lecture estim\u00e9e\" \/>\n\t<meta name=\"twitter:data2\" content=\"4 minutes\" \/>\n<script type=\"application\/ld+json\" class=\"yoast-schema-graph\">{\"@context\":\"https:\\\/\\\/schema.org\",\"@graph\":[{\"@type\":\"Article\",\"@id\":\"https:\\\/\\\/elgarajedefrank.es\\\/fr\\\/la-memoria\\\/#article\",\"isPartOf\":{\"@id\":\"https:\\\/\\\/elgarajedefrank.es\\\/fr\\\/la-memoria\\\/\"},\"author\":{\"name\":\"Fran\u00e7ois Zappa\",\"@id\":\"https:\\\/\\\/elgarajedefrank.es\\\/fr\\\/#\\\/schema\\\/person\\\/d709c9c33f5f405d44c6c9397889ba15\"},\"headline\":\"La Memoria\",\"datePublished\":\"2019-06-19T10:08:28+00:00\",\"dateModified\":\"2023-09-13T19:55:03+00:00\",\"mainEntityOfPage\":{\"@id\":\"https:\\\/\\\/elgarajedefrank.es\\\/fr\\\/la-memoria\\\/\"},\"wordCount\":726,\"commentCount\":0,\"publisher\":{\"@id\":\"https:\\\/\\\/elgarajedefrank.es\\\/fr\\\/#\\\/schema\\\/person\\\/d709c9c33f5f405d44c6c9397889ba15\"},\"image\":{\"@id\":\"https:\\\/\\\/elgarajedefrank.es\\\/fr\\\/la-memoria\\\/#primaryimage\"},\"thumbnailUrl\":\"https:\\\/\\\/elgarajedefrank.es\\\/wp-content\\\/uploads\\\/2019\\\/06\\\/La-Memoria-SH001-e1560938281969.jpg\",\"keywords\":[\"Post-punk\"],\"articleSection\":[\"Interviews\"],\"inLanguage\":\"fr-FR\",\"potentialAction\":[{\"@type\":\"CommentAction\",\"name\":\"Comment\",\"target\":[\"https:\\\/\\\/elgarajedefrank.es\\\/fr\\\/la-memoria\\\/#respond\"]}]},{\"@type\":\"WebPage\",\"@id\":\"https:\\\/\\\/elgarajedefrank.es\\\/fr\\\/la-memoria\\\/\",\"url\":\"https:\\\/\\\/elgarajedefrank.es\\\/fr\\\/la-memoria\\\/\",\"name\":\"La Memoria &#8212; El Garaje de Frank\",\"isPartOf\":{\"@id\":\"https:\\\/\\\/elgarajedefrank.es\\\/fr\\\/#website\"},\"primaryImageOfPage\":{\"@id\":\"https:\\\/\\\/elgarajedefrank.es\\\/fr\\\/la-memoria\\\/#primaryimage\"},\"image\":{\"@id\":\"https:\\\/\\\/elgarajedefrank.es\\\/fr\\\/la-memoria\\\/#primaryimage\"},\"thumbnailUrl\":\"https:\\\/\\\/elgarajedefrank.es\\\/wp-content\\\/uploads\\\/2019\\\/06\\\/La-Memoria-SH001-e1560938281969.jpg\",\"datePublished\":\"2019-06-19T10:08:28+00:00\",\"dateModified\":\"2023-09-13T19:55:03+00:00\",\"description\":\"Interviews &#8212; Nouvelle recommandation : le quintet post-punk La Memoria.\",\"breadcrumb\":{\"@id\":\"https:\\\/\\\/elgarajedefrank.es\\\/fr\\\/la-memoria\\\/#breadcrumb\"},\"inLanguage\":\"fr-FR\",\"potentialAction\":[{\"@type\":\"ReadAction\",\"target\":[\"https:\\\/\\\/elgarajedefrank.es\\\/fr\\\/la-memoria\\\/\"]}]},{\"@type\":\"ImageObject\",\"inLanguage\":\"fr-FR\",\"@id\":\"https:\\\/\\\/elgarajedefrank.es\\\/fr\\\/la-memoria\\\/#primaryimage\",\"url\":\"https:\\\/\\\/elgarajedefrank.es\\\/wp-content\\\/uploads\\\/2019\\\/06\\\/La-Memoria-SH001-e1560938281969.jpg\",\"contentUrl\":\"https:\\\/\\\/elgarajedefrank.es\\\/wp-content\\\/uploads\\\/2019\\\/06\\\/La-Memoria-SH001-e1560938281969.jpg\",\"width\":650,\"height\":431},{\"@type\":\"BreadcrumbList\",\"@id\":\"https:\\\/\\\/elgarajedefrank.es\\\/fr\\\/la-memoria\\\/#breadcrumb\",\"itemListElement\":[{\"@type\":\"ListItem\",\"position\":1,\"name\":\"Inicio\",\"item\":\"https:\\\/\\\/elgarajedefrank.es\\\/fr\\\/\"},{\"@type\":\"ListItem\",\"position\":2,\"name\":\"Interviews\",\"item\":\"https:\\\/\\\/elgarajedefrank.es\\\/fr\\\/category\\\/interviews-fr\\\/\"},{\"@type\":\"ListItem\",\"position\":3,\"name\":\"La Memoria\"}]},{\"@type\":\"WebSite\",\"@id\":\"https:\\\/\\\/elgarajedefrank.es\\\/fr\\\/#website\",\"url\":\"https:\\\/\\\/elgarajedefrank.es\\\/fr\\\/\",\"name\":\"El Garaje de Frank\",\"description\":\"Music magazine\",\"publisher\":{\"@id\":\"https:\\\/\\\/elgarajedefrank.es\\\/fr\\\/#\\\/schema\\\/person\\\/d709c9c33f5f405d44c6c9397889ba15\"},\"potentialAction\":[{\"@type\":\"SearchAction\",\"target\":{\"@type\":\"EntryPoint\",\"urlTemplate\":\"https:\\\/\\\/elgarajedefrank.es\\\/fr\\\/?s={search_term_string}\"},\"query-input\":{\"@type\":\"PropertyValueSpecification\",\"valueRequired\":true,\"valueName\":\"search_term_string\"}}],\"inLanguage\":\"fr-FR\"},{\"@type\":[\"Person\",\"Organization\"],\"@id\":\"https:\\\/\\\/elgarajedefrank.es\\\/fr\\\/#\\\/schema\\\/person\\\/d709c9c33f5f405d44c6c9397889ba15\",\"name\":\"Fran\u00e7ois Zappa\",\"image\":{\"@type\":\"ImageObject\",\"inLanguage\":\"fr-FR\",\"@id\":\"https:\\\/\\\/elgarajedefrank.es\\\/wp-content\\\/uploads\\\/2019\\\/10\\\/IMG_8278-150x150.jpg\",\"url\":\"https:\\\/\\\/elgarajedefrank.es\\\/wp-content\\\/uploads\\\/2019\\\/10\\\/IMG_8278-150x150.jpg\",\"contentUrl\":\"https:\\\/\\\/elgarajedefrank.es\\\/wp-content\\\/uploads\\\/2019\\\/10\\\/IMG_8278-150x150.jpg\",\"caption\":\"Fran\u00e7ois Zappa\"},\"logo\":{\"@id\":\"https:\\\/\\\/elgarajedefrank.es\\\/wp-content\\\/uploads\\\/2019\\\/10\\\/IMG_8278-150x150.jpg\"},\"sameAs\":[\"https:\\\/\\\/www.facebook.com\\\/elgarajedefrank\\\/\",\"https:\\\/\\\/www.instagram.com\\\/elgarajedefrank\\\/\"]}]}<\/script>\n<!-- \/ Yoast SEO plugin. -->","yoast_head_json":{"title":"La Memoria &#8212; El Garaje de Frank","description":"Interviews &#8212; Nouvelle recommandation : le quintet post-punk La Memoria.","robots":{"index":"index","follow":"follow","max-snippet":"max-snippet:-1","max-image-preview":"max-image-preview:large","max-video-preview":"max-video-preview:-1"},"canonical":"https:\/\/elgarajedefrank.es\/fr\/la-memoria\/","og_locale":"fr_FR","og_type":"article","og_title":"La Memoria &#8212; El Garaje de Frank","og_description":"Interviews &#8212; Nouvelle recommandation : le quintet post-punk La Memoria.","og_url":"https:\/\/elgarajedefrank.es\/fr\/la-memoria\/","og_site_name":"El Garaje de Frank","article_publisher":"https:\/\/www.facebook.com\/elgarajedefrank\/","article_author":"https:\/\/www.facebook.com\/elgarajedefrank\/","article_published_time":"2019-06-19T10:08:28+00:00","article_modified_time":"2023-09-13T19:55:03+00:00","og_image":[{"width":650,"height":431,"url":"https:\/\/elgarajedefrank.es\/wp-content\/uploads\/2019\/06\/La-Memoria-SH001-e1560938281969.jpg","type":"image\/jpeg"}],"author":"Fran\u00e7ois Zappa","twitter_card":"summary_large_image","twitter_misc":{"\u00c9crit par":"Fran\u00e7ois Zappa","Dur\u00e9e de lecture estim\u00e9e":"4 minutes"},"schema":{"@context":"https:\/\/schema.org","@graph":[{"@type":"Article","@id":"https:\/\/elgarajedefrank.es\/fr\/la-memoria\/#article","isPartOf":{"@id":"https:\/\/elgarajedefrank.es\/fr\/la-memoria\/"},"author":{"name":"Fran\u00e7ois Zappa","@id":"https:\/\/elgarajedefrank.es\/fr\/#\/schema\/person\/d709c9c33f5f405d44c6c9397889ba15"},"headline":"La Memoria","datePublished":"2019-06-19T10:08:28+00:00","dateModified":"2023-09-13T19:55:03+00:00","mainEntityOfPage":{"@id":"https:\/\/elgarajedefrank.es\/fr\/la-memoria\/"},"wordCount":726,"commentCount":0,"publisher":{"@id":"https:\/\/elgarajedefrank.es\/fr\/#\/schema\/person\/d709c9c33f5f405d44c6c9397889ba15"},"image":{"@id":"https:\/\/elgarajedefrank.es\/fr\/la-memoria\/#primaryimage"},"thumbnailUrl":"https:\/\/elgarajedefrank.es\/wp-content\/uploads\/2019\/06\/La-Memoria-SH001-e1560938281969.jpg","keywords":["Post-punk"],"articleSection":["Interviews"],"inLanguage":"fr-FR","potentialAction":[{"@type":"CommentAction","name":"Comment","target":["https:\/\/elgarajedefrank.es\/fr\/la-memoria\/#respond"]}]},{"@type":"WebPage","@id":"https:\/\/elgarajedefrank.es\/fr\/la-memoria\/","url":"https:\/\/elgarajedefrank.es\/fr\/la-memoria\/","name":"La Memoria &#8212; El Garaje de Frank","isPartOf":{"@id":"https:\/\/elgarajedefrank.es\/fr\/#website"},"primaryImageOfPage":{"@id":"https:\/\/elgarajedefrank.es\/fr\/la-memoria\/#primaryimage"},"image":{"@id":"https:\/\/elgarajedefrank.es\/fr\/la-memoria\/#primaryimage"},"thumbnailUrl":"https:\/\/elgarajedefrank.es\/wp-content\/uploads\/2019\/06\/La-Memoria-SH001-e1560938281969.jpg","datePublished":"2019-06-19T10:08:28+00:00","dateModified":"2023-09-13T19:55:03+00:00","description":"Interviews &#8212; Nouvelle recommandation : le quintet post-punk La Memoria.","breadcrumb":{"@id":"https:\/\/elgarajedefrank.es\/fr\/la-memoria\/#breadcrumb"},"inLanguage":"fr-FR","potentialAction":[{"@type":"ReadAction","target":["https:\/\/elgarajedefrank.es\/fr\/la-memoria\/"]}]},{"@type":"ImageObject","inLanguage":"fr-FR","@id":"https:\/\/elgarajedefrank.es\/fr\/la-memoria\/#primaryimage","url":"https:\/\/elgarajedefrank.es\/wp-content\/uploads\/2019\/06\/La-Memoria-SH001-e1560938281969.jpg","contentUrl":"https:\/\/elgarajedefrank.es\/wp-content\/uploads\/2019\/06\/La-Memoria-SH001-e1560938281969.jpg","width":650,"height":431},{"@type":"BreadcrumbList","@id":"https:\/\/elgarajedefrank.es\/fr\/la-memoria\/#breadcrumb","itemListElement":[{"@type":"ListItem","position":1,"name":"Inicio","item":"https:\/\/elgarajedefrank.es\/fr\/"},{"@type":"ListItem","position":2,"name":"Interviews","item":"https:\/\/elgarajedefrank.es\/fr\/category\/interviews-fr\/"},{"@type":"ListItem","position":3,"name":"La Memoria"}]},{"@type":"WebSite","@id":"https:\/\/elgarajedefrank.es\/fr\/#website","url":"https:\/\/elgarajedefrank.es\/fr\/","name":"El Garaje de Frank","description":"Music magazine","publisher":{"@id":"https:\/\/elgarajedefrank.es\/fr\/#\/schema\/person\/d709c9c33f5f405d44c6c9397889ba15"},"potentialAction":[{"@type":"SearchAction","target":{"@type":"EntryPoint","urlTemplate":"https:\/\/elgarajedefrank.es\/fr\/?s={search_term_string}"},"query-input":{"@type":"PropertyValueSpecification","valueRequired":true,"valueName":"search_term_string"}}],"inLanguage":"fr-FR"},{"@type":["Person","Organization"],"@id":"https:\/\/elgarajedefrank.es\/fr\/#\/schema\/person\/d709c9c33f5f405d44c6c9397889ba15","name":"Fran\u00e7ois Zappa","image":{"@type":"ImageObject","inLanguage":"fr-FR","@id":"https:\/\/elgarajedefrank.es\/wp-content\/uploads\/2019\/10\/IMG_8278-150x150.jpg","url":"https:\/\/elgarajedefrank.es\/wp-content\/uploads\/2019\/10\/IMG_8278-150x150.jpg","contentUrl":"https:\/\/elgarajedefrank.es\/wp-content\/uploads\/2019\/10\/IMG_8278-150x150.jpg","caption":"Fran\u00e7ois Zappa"},"logo":{"@id":"https:\/\/elgarajedefrank.es\/wp-content\/uploads\/2019\/10\/IMG_8278-150x150.jpg"},"sameAs":["https:\/\/www.facebook.com\/elgarajedefrank\/","https:\/\/www.instagram.com\/elgarajedefrank\/"]}]}},"_links":{"self":[{"href":"https:\/\/elgarajedefrank.es\/fr\/wp-json\/wp\/v2\/posts\/5473","targetHints":{"allow":["GET"]}}],"collection":[{"href":"https:\/\/elgarajedefrank.es\/fr\/wp-json\/wp\/v2\/posts"}],"about":[{"href":"https:\/\/elgarajedefrank.es\/fr\/wp-json\/wp\/v2\/types\/post"}],"author":[{"embeddable":true,"href":"https:\/\/elgarajedefrank.es\/fr\/wp-json\/wp\/v2\/users\/1"}],"replies":[{"embeddable":true,"href":"https:\/\/elgarajedefrank.es\/fr\/wp-json\/wp\/v2\/comments?post=5473"}],"version-history":[{"count":1,"href":"https:\/\/elgarajedefrank.es\/fr\/wp-json\/wp\/v2\/posts\/5473\/revisions"}],"predecessor-version":[{"id":56780,"href":"https:\/\/elgarajedefrank.es\/fr\/wp-json\/wp\/v2\/posts\/5473\/revisions\/56780"}],"wp:featuredmedia":[{"embeddable":true,"href":"https:\/\/elgarajedefrank.es\/fr\/wp-json\/wp\/v2\/media\/5485"}],"wp:attachment":[{"href":"https:\/\/elgarajedefrank.es\/fr\/wp-json\/wp\/v2\/media?parent=5473"}],"wp:term":[{"taxonomy":"category","embeddable":true,"href":"https:\/\/elgarajedefrank.es\/fr\/wp-json\/wp\/v2\/categories?post=5473"},{"taxonomy":"post_tag","embeddable":true,"href":"https:\/\/elgarajedefrank.es\/fr\/wp-json\/wp\/v2\/tags?post=5473"}],"curies":[{"name":"wp","href":"https:\/\/api.w.org\/{rel}","templated":true}]}}