{"id":4977,"date":"2019-06-06T14:43:34","date_gmt":"2019-06-06T12:43:34","guid":{"rendered":"https:\/\/elgarajedefrank.es\/?p=4977"},"modified":"2021-06-04T10:36:30","modified_gmt":"2021-06-04T08:36:30","slug":"budapest","status":"publish","type":"post","link":"https:\/\/elgarajedefrank.es\/fr\/budapest\/","title":{"rendered":"Budapest"},"content":{"rendered":"<p><span style=\"font-family: georgia, palatino, serif; font-size: 12pt;\"><b>Budapest n\u2019est pas seulement le nom de la belle capitale de Hongrie. C\u2019est aussi un nouveau groupe de post-punk argentin qui, apr\u00e8s sa formation il y a trois ans, est sur le point de sortir son premier disque. Nous avons eu la chance de pouvoir \u00e9couter certains de ses morceaux, comme \u00ab Entre venenos \u00bb, \u00ab Espasmos \u00bb ou \u00ab Ruinas \u00bb. Et on a tr\u00e8s envie d\u2019\u00e9couter le disque au complet. Pendant ce temps, vous pouvez lire notre interview pour mieux conna\u00eetre le groupe.<\/b><\/span><\/p>\n<p><span style=\"font-family: georgia, palatino, serif; font-size: 12pt;\"><b><img fetchpriority=\"high\" decoding=\"async\" class=\"size-medium wp-image-5136 alignleft\" src=\"https:\/\/elgarajedefrank.es\/wp-content\/uploads\/2019\/05\/PicsArt_08-23-07.13.42-300x300.jpg\" alt=\"\" width=\"300\" height=\"300\" srcset=\"https:\/\/elgarajedefrank.es\/wp-content\/uploads\/2019\/05\/PicsArt_08-23-07.13.42-300x300.jpg 300w, https:\/\/elgarajedefrank.es\/wp-content\/uploads\/2019\/05\/PicsArt_08-23-07.13.42-150x150.jpg 150w, https:\/\/elgarajedefrank.es\/wp-content\/uploads\/2019\/05\/PicsArt_08-23-07.13.42-585x585.jpg 585w, https:\/\/elgarajedefrank.es\/wp-content\/uploads\/2019\/05\/PicsArt_08-23-07.13.42.jpg 645w\" sizes=\"(max-width: 300px) 100vw, 300px\" \/><\/b><strong>\u2014Pouvez-vous nous raconter vos d\u00e9buts, comment s\u2019est\u00a0form\u00e9 le groupe ? Comment vous \u00eates-vous rencontr\u00e9s ?<\/strong><\/span><\/p>\n<p><span style=\"font-family: georgia, palatino, serif; font-size: 12pt;\">\u2014Le groupe s\u2019est form\u00e9 au d\u00e9but de 2016, dans le but de cr\u00e9er quelque chose de nouveau qui canalise les go\u00fbts des membres du groupe. Depuis, chaque r\u00e9p\u00e9tition est aussi productive que la premi\u00e8re. Depuis ses d\u00e9buts, Budapest n\u2019a pas chang\u00e9 de formation : Cristian Altamirano \u00e0 la basse, Braian Fern\u00e1ndez a la batterie, Fabi\u00e1n Mendoza a la guitare et Emiliano Montenegro a la voix\/claviers.<\/span><\/p>\n<p><span style=\"font-family: georgia, palatino, serif; font-size: 12pt;\"><strong>\u2014Vous \u00eates de Buenos Aires. Pouvez-vous nous parler de la sc\u00e8ne post-punk de l\u00e0-bas ?<\/strong><\/span><\/p>\n<p><span style=\"font-family: georgia, palatino, serif; font-size: 12pt;\">\u2014Oui, c\u2019est \u00e7a, on est du sud de la ville de Buenos Aires. Le post-punk n\u2019est pas un style tr\u00e8s commun parmi les groupes qui se forment ici. Ces derni\u00e8res ann\u00e9es, quelques groupes avec ces influences ont \u00e9t\u00e9 cr\u00e9\u00e9s. Je crois qu\u2019on fait partie de ce mouvement. Bien que notre son ait la particularit\u00e9 d\u2019\u00eatre nouveau, mais avec des touches des ann\u00e9es 80.<\/span><\/p>\n<p><span style=\"font-family: georgia, palatino, serif; font-size: 12pt;\"><strong>\u2014Pouvez-vous nous recommander des groupes de post-punk classiques argentins ?<\/strong><\/span><\/p>\n<p><span style=\"font-family: georgia, palatino, serif; font-size: 12pt;\">\u2014Il existe plusieurs groupes qu\u2019on pourrait nommer comme r\u00e9f\u00e9rences du genre, comme <strong>El Corte<\/strong>, <strong>Euroshima<\/strong>, ou <strong>Fricci\u00f3n.<\/strong><\/span><\/p>\n<p><span style=\"font-family: georgia, palatino, serif; font-size: 12pt;\"><strong>\u2014Comment des jeunes tels que vous en sont arriv\u00e9s \u00e0 s\u2019int\u00e9resser au post-punk des ann\u00e9es 80 ?<\/strong><\/span><\/p>\n<p><span style=\"font-family: georgia, palatino, serif; font-size: 12pt;\">\u2014Je crois que c\u2019est d\u00fb \u00e0 la grande influence qu\u2019a eue ce genre de musique sur notre rock national. Aujourd\u2019hui, c\u2019est ainsi que nous percevons la r\u00e9alit\u00e9\u2026 C\u2019est comme \u00e7a que nous vivons\u2026 c\u2019est l\u00e0 l\u2019h\u00e9ritage du post-punk. C\u2019est un style qui en particulier correspond bien. Toute l\u2019approche culturelle\u2026 Tout mouvement est cyclique. Le post\u2013punk, dans les ann\u00e9es 80 surtout, a marqu\u00e9 toute une g\u00e9n\u00e9ration avec sa r\u00e9bellion m\u00e9lancolique et romantique, dans un contexte tr\u00e8s semblable au contexte actuel.<\/span><\/p>\n<p><span style=\"font-family: georgia, palatino, serif; font-size: 12pt;\"><strong>\u2014De quoi vous inspirez-vous pour les paroles ?<\/strong><\/span><\/p>\n<p><span style=\"font-family: georgia, palatino, serif; font-size: 12pt;\">\u2014Je crois que chaque parole na\u00eet comme une fa\u00e7on de r\u00e9fl\u00e9chir \u00e0 chaque exp\u00e9rience de fa\u00e7on introspective. De canaliser les exp\u00e9riences et les croyances. Et d\u2019aboutir \u00e0 une histoire \u00e0 laquelle le public peut s\u2019identifier. Au minimum, les paroles apportent un regard diff\u00e9rent de celui de la po\u00e9sie.<\/span><\/p>\n<p><span style=\"font-family: georgia, palatino, serif; font-size: 12pt;\"><strong>\u2014Avez-vous donn\u00e9 beaucoup de concerts ? Que pouvez-vous nous dire de plus sur cette exp\u00e9rience ?<img decoding=\"async\" class=\"size-medium wp-image-5225 alignright\" src=\"https:\/\/elgarajedefrank.es\/wp-content\/uploads\/2019\/06\/60929196_372169463400003_9218464255035047936_n-300x199.jpg\" alt=\"\" width=\"300\" height=\"199\" srcset=\"https:\/\/elgarajedefrank.es\/wp-content\/uploads\/2019\/06\/60929196_372169463400003_9218464255035047936_n-300x199.jpg 300w, https:\/\/elgarajedefrank.es\/wp-content\/uploads\/2019\/06\/60929196_372169463400003_9218464255035047936_n-768x511.jpg 768w, https:\/\/elgarajedefrank.es\/wp-content\/uploads\/2019\/06\/60929196_372169463400003_9218464255035047936_n-1024x681.jpg 1024w, https:\/\/elgarajedefrank.es\/wp-content\/uploads\/2019\/06\/60929196_372169463400003_9218464255035047936_n-1170x778.jpg 1170w, https:\/\/elgarajedefrank.es\/wp-content\/uploads\/2019\/06\/60929196_372169463400003_9218464255035047936_n-780x516.jpg 780w, https:\/\/elgarajedefrank.es\/wp-content\/uploads\/2019\/06\/60929196_372169463400003_9218464255035047936_n-585x389.jpg 585w, https:\/\/elgarajedefrank.es\/wp-content\/uploads\/2019\/06\/60929196_372169463400003_9218464255035047936_n-263x175.jpg 263w, https:\/\/elgarajedefrank.es\/wp-content\/uploads\/2019\/06\/60929196_372169463400003_9218464255035047936_n.jpg 1280w\" sizes=\"(max-width: 300px) 100vw, 300px\" \/><\/strong><\/span><\/p>\n<p><span style=\"font-family: georgia, palatino, serif; font-size: 12pt;\">\u2014Ces trois derni\u00e8res ann\u00e9es, on a jou\u00e9 \u00e0 plusieurs endroits avec plusieurs groupes. On a aussi jou\u00e9 \u00e0 l\u2019\u00e9tranger. On essaye de diffuser notre musique au maximum. \u00c7a nous a permis de conna\u00eetre beaucoup de personnes du milieu, et de cro\u00eetre d\u2019un point de vue intellectuel en tant que musicien, car nous cherchons \u00e0 nous perfectionner concert apr\u00e8s concert. On a re\u00e7u de tr\u00e8s bonnes critiques sur notre son et nos pr\u00e9sentations.<\/span><\/p>\n<p><span style=\"font-family: georgia, palatino, serif; font-size: 12pt;\"><strong>\u2014Vous enregistrez un disque, c\u2019est bien \u00e7a ? Pouvez-vous nous en dire plus ?<\/strong><\/span><\/p>\n<p><span style=\"font-family: georgia, palatino, serif; font-size: 12pt;\">\u2014Oui. On enregistre ce qui sera notre premier disque en studio. Il est produit par un super musicien de notre pays, Gabriel Guerrisi (qui a fait carri\u00e8re dans des groupes connus comme <strong>Juana la Loca<\/strong>, <strong>El Otro Yo<\/strong> ou <strong>Los Brujos<\/strong>). On l\u2019a enregistr\u00e9 le 17 mars dernier dans un endroit tr\u00e8s historique pour le rock national, appel\u00e9 Estudio El Pie. Du coup, pour le moment, on est en plein travail de postproduction et de mixage de tout ce que nous avons r\u00e9alis\u00e9 ce jour-l\u00e0. Le disque comptera neuf morceaux, et sera notre meilleure carte de pr\u00e9sentation, \u00e0 partir de ce moment. Le son est digne de ce que l\u2019on esp\u00e9rait.<\/span><\/p>\n<p><span style=\"font-family: georgia, palatino, serif; font-size: 12pt;\"><strong>\u2014Quels plans avez-vous pour le futur ? Aimeriez-vous jouer en Europe ?<\/strong><\/span><\/p>\n<p><span style=\"font-family: georgia, palatino, serif; font-size: 12pt;\">\u2014Une fois que le disque sera termin\u00e9, on a pour objectif de commencer \u00e0 tourner dans les pays limitrophes et de diffuser le plus possible notre mat\u00e9riel. Avec des pr\u00e9sentations et des vid\u00e9os. L\u2019Europe serait un excellent objectif \u00e0 atteindre pour \u00e9tendre et faire conna\u00eetre notre potentiel en live. Ces trois derni\u00e8res ann\u00e9es, on a \u00e9t\u00e9 largement acclam\u00e9s par nos fans aussi bien en Am\u00e9rique latine que de l\u2019autre c\u00f4t\u00e9 de l\u2019Atlantique. Ce serait tr\u00e8s productif d\u2019\u00eatre en contact avec des organisateurs de concerts de ce genre de musique dans toute l\u2019Europe.<\/span><\/p>\n<div style=\"width: 480px;\" class=\"wp-video\"><video class=\"wp-video-shortcode\" id=\"video-4977-1\" width=\"480\" height=\"268\" preload=\"metadata\" controls=\"controls\"><source type=\"video\/mp4\" src=\"https:\/\/elgarajedefrank.es\/wp-content\/uploads\/2019\/06\/video-1558382794.mp4?_=1\" \/><a href=\"https:\/\/elgarajedefrank.es\/wp-content\/uploads\/2019\/06\/video-1558382794.mp4\">https:\/\/elgarajedefrank.es\/wp-content\/uploads\/2019\/06\/video-1558382794.mp4<\/a><\/video><\/div>\n","protected":false},"excerpt":{"rendered":"<p>Budapest n\u2019est pas seulement le nom de la belle capitale de Hongrie. C\u2019est aussi un&hellip;<\/p>\n","protected":false},"author":1,"featured_media":5142,"comment_status":"open","ping_status":"open","sticky":false,"template":"","format":"standard","meta":{"_lmt_disableupdate":"","_lmt_disable":"","footnotes":""},"categories":[35],"tags":[392],"class_list":["post-4977","post","type-post","status-publish","format-standard","has-post-thumbnail","hentry","category-interviews-fr","tag-post-punk-fr"],"yoast_head":"<!-- This site is optimized with the Yoast SEO plugin v27.4 - https:\/\/yoast.com\/product\/yoast-seo-wordpress\/ -->\n<title>Budapest &#8212; El Garaje de Frank<\/title>\n<meta name=\"description\" content=\"Interviews &#8212; Aujourd&#039;hui, le Garaje de Frank recommande un nouveau groupe de post-punk, Budapest, venu tout droit d&#039;Argentine.\" \/>\n<meta name=\"robots\" content=\"index, follow, max-snippet:-1, max-image-preview:large, max-video-preview:-1\" \/>\n<link rel=\"canonical\" href=\"https:\/\/elgarajedefrank.es\/fr\/budapest\/\" \/>\n<meta property=\"og:locale\" content=\"fr_FR\" \/>\n<meta property=\"og:type\" content=\"article\" \/>\n<meta property=\"og:title\" content=\"Budapest &#8212; El Garaje de Frank\" \/>\n<meta property=\"og:description\" content=\"Interviews &#8212; Aujourd&#039;hui, le Garaje de Frank recommande un nouveau groupe de post-punk, Budapest, venu tout droit d&#039;Argentine.\" \/>\n<meta property=\"og:url\" content=\"https:\/\/elgarajedefrank.es\/fr\/budapest\/\" \/>\n<meta property=\"og:site_name\" content=\"El Garaje de Frank\" \/>\n<meta property=\"article:publisher\" content=\"https:\/\/www.facebook.com\/elgarajedefrank\/\" \/>\n<meta property=\"article:author\" content=\"https:\/\/www.facebook.com\/elgarajedefrank\/\" \/>\n<meta property=\"article:published_time\" content=\"2019-06-06T12:43:34+00:00\" \/>\n<meta property=\"article:modified_time\" content=\"2021-06-04T08:36:30+00:00\" \/>\n<meta property=\"og:image\" content=\"https:\/\/elgarajedefrank.es\/wp-content\/uploads\/2019\/05\/FB_IMG_1551805931537.jpg\" \/>\n\t<meta property=\"og:image:width\" content=\"720\" \/>\n\t<meta property=\"og:image:height\" content=\"405\" \/>\n\t<meta property=\"og:image:type\" content=\"image\/jpeg\" \/>\n<meta name=\"author\" content=\"Fran\u00e7ois Zappa\" \/>\n<meta name=\"twitter:card\" content=\"summary_large_image\" \/>\n<meta name=\"twitter:label1\" content=\"\u00c9crit par\" \/>\n\t<meta name=\"twitter:data1\" content=\"Fran\u00e7ois Zappa\" \/>\n\t<meta name=\"twitter:label2\" content=\"Dur\u00e9e de lecture estim\u00e9e\" \/>\n\t<meta name=\"twitter:data2\" content=\"4 minutes\" \/>\n<script type=\"application\/ld+json\" class=\"yoast-schema-graph\">{\"@context\":\"https:\\\/\\\/schema.org\",\"@graph\":[{\"@type\":\"Article\",\"@id\":\"https:\\\/\\\/elgarajedefrank.es\\\/fr\\\/budapest\\\/#article\",\"isPartOf\":{\"@id\":\"https:\\\/\\\/elgarajedefrank.es\\\/fr\\\/budapest\\\/\"},\"author\":{\"name\":\"Fran\u00e7ois Zappa\",\"@id\":\"https:\\\/\\\/elgarajedefrank.es\\\/fr\\\/#\\\/schema\\\/person\\\/d709c9c33f5f405d44c6c9397889ba15\"},\"headline\":\"Budapest\",\"datePublished\":\"2019-06-06T12:43:34+00:00\",\"dateModified\":\"2021-06-04T08:36:30+00:00\",\"mainEntityOfPage\":{\"@id\":\"https:\\\/\\\/elgarajedefrank.es\\\/fr\\\/budapest\\\/\"},\"wordCount\":820,\"commentCount\":0,\"publisher\":{\"@id\":\"https:\\\/\\\/elgarajedefrank.es\\\/fr\\\/#\\\/schema\\\/person\\\/d709c9c33f5f405d44c6c9397889ba15\"},\"image\":{\"@id\":\"https:\\\/\\\/elgarajedefrank.es\\\/fr\\\/budapest\\\/#primaryimage\"},\"thumbnailUrl\":\"https:\\\/\\\/elgarajedefrank.es\\\/wp-content\\\/uploads\\\/2019\\\/05\\\/FB_IMG_1551805931537.jpg\",\"keywords\":[\"Post-punk\"],\"articleSection\":[\"Interviews\"],\"inLanguage\":\"fr-FR\",\"potentialAction\":[{\"@type\":\"CommentAction\",\"name\":\"Comment\",\"target\":[\"https:\\\/\\\/elgarajedefrank.es\\\/fr\\\/budapest\\\/#respond\"]}]},{\"@type\":\"WebPage\",\"@id\":\"https:\\\/\\\/elgarajedefrank.es\\\/fr\\\/budapest\\\/\",\"url\":\"https:\\\/\\\/elgarajedefrank.es\\\/fr\\\/budapest\\\/\",\"name\":\"Budapest &#8212; El Garaje de Frank\",\"isPartOf\":{\"@id\":\"https:\\\/\\\/elgarajedefrank.es\\\/fr\\\/#website\"},\"primaryImageOfPage\":{\"@id\":\"https:\\\/\\\/elgarajedefrank.es\\\/fr\\\/budapest\\\/#primaryimage\"},\"image\":{\"@id\":\"https:\\\/\\\/elgarajedefrank.es\\\/fr\\\/budapest\\\/#primaryimage\"},\"thumbnailUrl\":\"https:\\\/\\\/elgarajedefrank.es\\\/wp-content\\\/uploads\\\/2019\\\/05\\\/FB_IMG_1551805931537.jpg\",\"datePublished\":\"2019-06-06T12:43:34+00:00\",\"dateModified\":\"2021-06-04T08:36:30+00:00\",\"description\":\"Interviews &#8212; Aujourd'hui, le Garaje de Frank recommande un nouveau groupe de post-punk, Budapest, venu tout droit d'Argentine.\",\"breadcrumb\":{\"@id\":\"https:\\\/\\\/elgarajedefrank.es\\\/fr\\\/budapest\\\/#breadcrumb\"},\"inLanguage\":\"fr-FR\",\"potentialAction\":[{\"@type\":\"ReadAction\",\"target\":[\"https:\\\/\\\/elgarajedefrank.es\\\/fr\\\/budapest\\\/\"]}]},{\"@type\":\"ImageObject\",\"inLanguage\":\"fr-FR\",\"@id\":\"https:\\\/\\\/elgarajedefrank.es\\\/fr\\\/budapest\\\/#primaryimage\",\"url\":\"https:\\\/\\\/elgarajedefrank.es\\\/wp-content\\\/uploads\\\/2019\\\/05\\\/FB_IMG_1551805931537.jpg\",\"contentUrl\":\"https:\\\/\\\/elgarajedefrank.es\\\/wp-content\\\/uploads\\\/2019\\\/05\\\/FB_IMG_1551805931537.jpg\",\"width\":720,\"height\":405},{\"@type\":\"BreadcrumbList\",\"@id\":\"https:\\\/\\\/elgarajedefrank.es\\\/fr\\\/budapest\\\/#breadcrumb\",\"itemListElement\":[{\"@type\":\"ListItem\",\"position\":1,\"name\":\"Inicio\",\"item\":\"https:\\\/\\\/elgarajedefrank.es\\\/fr\\\/\"},{\"@type\":\"ListItem\",\"position\":2,\"name\":\"Interviews\",\"item\":\"https:\\\/\\\/elgarajedefrank.es\\\/fr\\\/category\\\/interviews-fr\\\/\"},{\"@type\":\"ListItem\",\"position\":3,\"name\":\"Budapest\"}]},{\"@type\":\"WebSite\",\"@id\":\"https:\\\/\\\/elgarajedefrank.es\\\/fr\\\/#website\",\"url\":\"https:\\\/\\\/elgarajedefrank.es\\\/fr\\\/\",\"name\":\"El Garaje de Frank\",\"description\":\"Music magazine\",\"publisher\":{\"@id\":\"https:\\\/\\\/elgarajedefrank.es\\\/fr\\\/#\\\/schema\\\/person\\\/d709c9c33f5f405d44c6c9397889ba15\"},\"potentialAction\":[{\"@type\":\"SearchAction\",\"target\":{\"@type\":\"EntryPoint\",\"urlTemplate\":\"https:\\\/\\\/elgarajedefrank.es\\\/fr\\\/?s={search_term_string}\"},\"query-input\":{\"@type\":\"PropertyValueSpecification\",\"valueRequired\":true,\"valueName\":\"search_term_string\"}}],\"inLanguage\":\"fr-FR\"},{\"@type\":[\"Person\",\"Organization\"],\"@id\":\"https:\\\/\\\/elgarajedefrank.es\\\/fr\\\/#\\\/schema\\\/person\\\/d709c9c33f5f405d44c6c9397889ba15\",\"name\":\"Fran\u00e7ois Zappa\",\"image\":{\"@type\":\"ImageObject\",\"inLanguage\":\"fr-FR\",\"@id\":\"https:\\\/\\\/elgarajedefrank.es\\\/wp-content\\\/uploads\\\/2019\\\/10\\\/IMG_8278-150x150.jpg\",\"url\":\"https:\\\/\\\/elgarajedefrank.es\\\/wp-content\\\/uploads\\\/2019\\\/10\\\/IMG_8278-150x150.jpg\",\"contentUrl\":\"https:\\\/\\\/elgarajedefrank.es\\\/wp-content\\\/uploads\\\/2019\\\/10\\\/IMG_8278-150x150.jpg\",\"caption\":\"Fran\u00e7ois Zappa\"},\"logo\":{\"@id\":\"https:\\\/\\\/elgarajedefrank.es\\\/wp-content\\\/uploads\\\/2019\\\/10\\\/IMG_8278-150x150.jpg\"},\"sameAs\":[\"https:\\\/\\\/www.facebook.com\\\/elgarajedefrank\\\/\",\"https:\\\/\\\/www.instagram.com\\\/elgarajedefrank\\\/\"]}]}<\/script>\n<!-- \/ Yoast SEO plugin. -->","yoast_head_json":{"title":"Budapest &#8212; El Garaje de Frank","description":"Interviews &#8212; Aujourd'hui, le Garaje de Frank recommande un nouveau groupe de post-punk, Budapest, venu tout droit d'Argentine.","robots":{"index":"index","follow":"follow","max-snippet":"max-snippet:-1","max-image-preview":"max-image-preview:large","max-video-preview":"max-video-preview:-1"},"canonical":"https:\/\/elgarajedefrank.es\/fr\/budapest\/","og_locale":"fr_FR","og_type":"article","og_title":"Budapest &#8212; El Garaje de Frank","og_description":"Interviews &#8212; Aujourd'hui, le Garaje de Frank recommande un nouveau groupe de post-punk, Budapest, venu tout droit d'Argentine.","og_url":"https:\/\/elgarajedefrank.es\/fr\/budapest\/","og_site_name":"El Garaje de Frank","article_publisher":"https:\/\/www.facebook.com\/elgarajedefrank\/","article_author":"https:\/\/www.facebook.com\/elgarajedefrank\/","article_published_time":"2019-06-06T12:43:34+00:00","article_modified_time":"2021-06-04T08:36:30+00:00","og_image":[{"width":720,"height":405,"url":"https:\/\/elgarajedefrank.es\/wp-content\/uploads\/2019\/05\/FB_IMG_1551805931537.jpg","type":"image\/jpeg"}],"author":"Fran\u00e7ois Zappa","twitter_card":"summary_large_image","twitter_misc":{"\u00c9crit par":"Fran\u00e7ois Zappa","Dur\u00e9e de lecture estim\u00e9e":"4 minutes"},"schema":{"@context":"https:\/\/schema.org","@graph":[{"@type":"Article","@id":"https:\/\/elgarajedefrank.es\/fr\/budapest\/#article","isPartOf":{"@id":"https:\/\/elgarajedefrank.es\/fr\/budapest\/"},"author":{"name":"Fran\u00e7ois Zappa","@id":"https:\/\/elgarajedefrank.es\/fr\/#\/schema\/person\/d709c9c33f5f405d44c6c9397889ba15"},"headline":"Budapest","datePublished":"2019-06-06T12:43:34+00:00","dateModified":"2021-06-04T08:36:30+00:00","mainEntityOfPage":{"@id":"https:\/\/elgarajedefrank.es\/fr\/budapest\/"},"wordCount":820,"commentCount":0,"publisher":{"@id":"https:\/\/elgarajedefrank.es\/fr\/#\/schema\/person\/d709c9c33f5f405d44c6c9397889ba15"},"image":{"@id":"https:\/\/elgarajedefrank.es\/fr\/budapest\/#primaryimage"},"thumbnailUrl":"https:\/\/elgarajedefrank.es\/wp-content\/uploads\/2019\/05\/FB_IMG_1551805931537.jpg","keywords":["Post-punk"],"articleSection":["Interviews"],"inLanguage":"fr-FR","potentialAction":[{"@type":"CommentAction","name":"Comment","target":["https:\/\/elgarajedefrank.es\/fr\/budapest\/#respond"]}]},{"@type":"WebPage","@id":"https:\/\/elgarajedefrank.es\/fr\/budapest\/","url":"https:\/\/elgarajedefrank.es\/fr\/budapest\/","name":"Budapest &#8212; El Garaje de Frank","isPartOf":{"@id":"https:\/\/elgarajedefrank.es\/fr\/#website"},"primaryImageOfPage":{"@id":"https:\/\/elgarajedefrank.es\/fr\/budapest\/#primaryimage"},"image":{"@id":"https:\/\/elgarajedefrank.es\/fr\/budapest\/#primaryimage"},"thumbnailUrl":"https:\/\/elgarajedefrank.es\/wp-content\/uploads\/2019\/05\/FB_IMG_1551805931537.jpg","datePublished":"2019-06-06T12:43:34+00:00","dateModified":"2021-06-04T08:36:30+00:00","description":"Interviews &#8212; Aujourd'hui, le Garaje de Frank recommande un nouveau groupe de post-punk, Budapest, venu tout droit d'Argentine.","breadcrumb":{"@id":"https:\/\/elgarajedefrank.es\/fr\/budapest\/#breadcrumb"},"inLanguage":"fr-FR","potentialAction":[{"@type":"ReadAction","target":["https:\/\/elgarajedefrank.es\/fr\/budapest\/"]}]},{"@type":"ImageObject","inLanguage":"fr-FR","@id":"https:\/\/elgarajedefrank.es\/fr\/budapest\/#primaryimage","url":"https:\/\/elgarajedefrank.es\/wp-content\/uploads\/2019\/05\/FB_IMG_1551805931537.jpg","contentUrl":"https:\/\/elgarajedefrank.es\/wp-content\/uploads\/2019\/05\/FB_IMG_1551805931537.jpg","width":720,"height":405},{"@type":"BreadcrumbList","@id":"https:\/\/elgarajedefrank.es\/fr\/budapest\/#breadcrumb","itemListElement":[{"@type":"ListItem","position":1,"name":"Inicio","item":"https:\/\/elgarajedefrank.es\/fr\/"},{"@type":"ListItem","position":2,"name":"Interviews","item":"https:\/\/elgarajedefrank.es\/fr\/category\/interviews-fr\/"},{"@type":"ListItem","position":3,"name":"Budapest"}]},{"@type":"WebSite","@id":"https:\/\/elgarajedefrank.es\/fr\/#website","url":"https:\/\/elgarajedefrank.es\/fr\/","name":"El Garaje de Frank","description":"Music magazine","publisher":{"@id":"https:\/\/elgarajedefrank.es\/fr\/#\/schema\/person\/d709c9c33f5f405d44c6c9397889ba15"},"potentialAction":[{"@type":"SearchAction","target":{"@type":"EntryPoint","urlTemplate":"https:\/\/elgarajedefrank.es\/fr\/?s={search_term_string}"},"query-input":{"@type":"PropertyValueSpecification","valueRequired":true,"valueName":"search_term_string"}}],"inLanguage":"fr-FR"},{"@type":["Person","Organization"],"@id":"https:\/\/elgarajedefrank.es\/fr\/#\/schema\/person\/d709c9c33f5f405d44c6c9397889ba15","name":"Fran\u00e7ois Zappa","image":{"@type":"ImageObject","inLanguage":"fr-FR","@id":"https:\/\/elgarajedefrank.es\/wp-content\/uploads\/2019\/10\/IMG_8278-150x150.jpg","url":"https:\/\/elgarajedefrank.es\/wp-content\/uploads\/2019\/10\/IMG_8278-150x150.jpg","contentUrl":"https:\/\/elgarajedefrank.es\/wp-content\/uploads\/2019\/10\/IMG_8278-150x150.jpg","caption":"Fran\u00e7ois Zappa"},"logo":{"@id":"https:\/\/elgarajedefrank.es\/wp-content\/uploads\/2019\/10\/IMG_8278-150x150.jpg"},"sameAs":["https:\/\/www.facebook.com\/elgarajedefrank\/","https:\/\/www.instagram.com\/elgarajedefrank\/"]}]}},"_links":{"self":[{"href":"https:\/\/elgarajedefrank.es\/fr\/wp-json\/wp\/v2\/posts\/4977","targetHints":{"allow":["GET"]}}],"collection":[{"href":"https:\/\/elgarajedefrank.es\/fr\/wp-json\/wp\/v2\/posts"}],"about":[{"href":"https:\/\/elgarajedefrank.es\/fr\/wp-json\/wp\/v2\/types\/post"}],"author":[{"embeddable":true,"href":"https:\/\/elgarajedefrank.es\/fr\/wp-json\/wp\/v2\/users\/1"}],"replies":[{"embeddable":true,"href":"https:\/\/elgarajedefrank.es\/fr\/wp-json\/wp\/v2\/comments?post=4977"}],"version-history":[{"count":0,"href":"https:\/\/elgarajedefrank.es\/fr\/wp-json\/wp\/v2\/posts\/4977\/revisions"}],"wp:featuredmedia":[{"embeddable":true,"href":"https:\/\/elgarajedefrank.es\/fr\/wp-json\/wp\/v2\/media\/5142"}],"wp:attachment":[{"href":"https:\/\/elgarajedefrank.es\/fr\/wp-json\/wp\/v2\/media?parent=4977"}],"wp:term":[{"taxonomy":"category","embeddable":true,"href":"https:\/\/elgarajedefrank.es\/fr\/wp-json\/wp\/v2\/categories?post=4977"},{"taxonomy":"post_tag","embeddable":true,"href":"https:\/\/elgarajedefrank.es\/fr\/wp-json\/wp\/v2\/tags?post=4977"}],"curies":[{"name":"wp","href":"https:\/\/api.w.org\/{rel}","templated":true}]}}