{"id":49457,"date":"2022-10-22T15:55:55","date_gmt":"2022-10-22T13:55:55","guid":{"rendered":"https:\/\/elgarajedefrank.es\/?p=49457"},"modified":"2022-10-22T15:56:32","modified_gmt":"2022-10-22T13:56:32","slug":"liege-new-wave-festival-2022","status":"publish","type":"post","link":"https:\/\/elgarajedefrank.es\/fr\/liege-new-wave-festival-2022\/","title":{"rendered":"Li\u00e8ge New Wave Festival 2022"},"content":{"rendered":"<p><span style=\"font-family: georgia, palatino, serif; font-size: 12pt;\"><strong><span style=\"color: #800080;\">Photos :<\/span> <span style=\"color: #800080;\">Patrice Hoerner<\/span><\/strong><\/span><\/p>\n<p><span style=\"font-family: georgia, palatino, serif; font-size: 12pt;\">Lorsqu\u2019on a d\u00e9couvert en 2021 que <strong>Varsovie<\/strong> allait jouer au Li\u00e8ge New Wave Festival, on n\u2019a pas h\u00e9sit\u00e9 \u00e0 inscrire cette date dans notre agenda pour aller voir le groupe fran\u00e7ais. Comme on avait beaucoup \u00e9cout\u00e9 leurs deux derniers albums, on avait h\u00e2te de voir le groupe post-punk en live. En plus, \u00e0 chaque fois qu\u2019on est venus \u00e0 ce festival, on y a toujours pass\u00e9 un bon moment. \u00c0 l\u2019affiche, on retrouvait \u00e9galement <strong>Ground Nero<\/strong>, qu\u2019on avait vu l\u2019ann\u00e9e pr\u00e9c\u00e9dente, le groupe d\u2019EBM <strong>W\u00dcLF7<\/strong>, <strong>We are Ooh People<\/strong>, un groupe tr\u00e8s pr\u00e9sent dans les m\u00e9dias ces derniers temps, ainsi que le shoegaze des Polonais de <strong>Give Up To Failure<\/strong>. Nos amis de Vuz Records sont \u00e9galement venus au festival. On en avons profit\u00e9 pour acheter certains de leurs disques.<\/span><\/p>\n<p><span style=\"font-family: georgia, palatino, serif; font-size: 12pt;\">Malgr\u00e9 la bonne affiche, on a \u00e9t\u00e9 surpris de voir que le public \u00e9tait peu nombreux. Le festival n\u2019\u00e9tait pas cher du tout, \u00e0 vingt-cinq euros pour un billet anticip\u00e9, et les prix sur place \u00e9taient tr\u00e8s bon march\u00e9, environ trois euros pour un verre de vin ou de bi\u00e8re. On a de nouveau compt\u00e9 sur l\u2019hospitalit\u00e9 de Marcellin et Nathalie, mais on aurait pas h\u00e9sit\u00e9 \u00e0 payer une chambre d\u2019h\u00f4tel.<\/span><\/p>\n<p><span style=\"font-family: georgia, palatino, serif; font-size: 12pt;\">Apr\u00e8s un long voyage, on commence la journ\u00e9e avec le groupe \u00e9lectro-wave de Bruges, <strong>We Are Ooh People<\/strong>. Au d\u00e9but du concert, les chanteurs \u00e9taient dos \u00e0 dos et reli\u00e9s par un ruban lumineux, une mise en sc\u00e8ne plut\u00f4t frappante et originale pour la tr\u00e8s dansante et agr\u00e9able \u00ab\u00a0We Sell Secrets\u00a0\u00bb. Le morceau suivant, \u00ab\u00a0Hot Asian\u00a0\u00bb, \u00e9tait encore plus up-tempo. J\u2019ai \u00e9galement ador\u00e9 \u00ab\u00a0Transition\u00a0\u00bb et son son \u00e9lectro qui convenait tr\u00e8s bien \u00e0 cette heure o\u00f9 je fais d\u2019habitude la sieste. \u00ab\u00a0Vodka with Lime\u00a0\u00bb m\u2019a rappel\u00e9 l\u2019\u00e9lectronique des ann\u00e9es\u00a090 et le groupe m\u2019a conquis petit \u00e0 petit. \u00ab\u00a0Cigarette Favorite\u00a0\u00bb, plus lent, froid et atmosph\u00e9rique, s\u2019est tr\u00e8s bien int\u00e9gr\u00e9 \u00e0 la suite. LE groupe a ensuite continu\u00e9 avec \u00ab\u00a0White Room\u00a0\u00bb, et ses percussions contondantes, o\u00f9 la chanteuse a montr\u00e9 beaucoup d\u2019agressivit\u00e9. Dans l\u2019accrocheuse \u00ab\u00a0Days Come and Go\u00a0\u00bb, l\u2019autre chanteur a \u00e9galement fait preuve d\u2019une superbe performance. J\u2019ai appr\u00e9ci\u00e9 le contraste entre la m\u00e9lancolie et l\u2019agressivit\u00e9 des deux voix. Le groupe nous a ensuite r\u00e9gal\u00e9s de l\u2019excellente \u00ab\u00a0Not Tonight\u00a0\u00bb et de \u00ab\u00a028&#8243;, o\u00f9 l\u2019on a d\u00e9couvert l\u2019incroyable vari\u00e9t\u00e9 de leur son, avec de tr\u00e8s bons moments \u00e9lectroniques. On a dans\u00e9 sur \u00ab\u00a0Boner\u00a0\u00bb et sur l\u2019\u00e9nigmatique \u00ab\u00a0Crash and Burn\u00a0\u00bb. Pour terminer, ils ont ensuite jou\u00e9 \u00ab\u00a0Bad Dream\u00a0\u00bb, un superbe bon morceau \u00e9lectronique et \u00ab\u00a0Come Closer\u00a0\u00bb \u00e0 la basse puissante. Tr\u00e8s bon concert pour un groupe qui n\u2019a qu\u2019un seul album.<\/span><\/p>\n<p><span style=\"font-family: georgia, palatino, serif; font-size: 12pt;\"><img fetchpriority=\"high\" decoding=\"async\" class=\"aligncenter wp-image-49426\" src=\"https:\/\/elgarajedefrank.es\/wp-content\/uploads\/2022\/10\/We_are_Ooh_Liege-300x231.jpg\" alt=\"\" width=\"500\" height=\"386\" srcset=\"https:\/\/elgarajedefrank.es\/wp-content\/uploads\/2022\/10\/We_are_Ooh_Liege-300x231.jpg 300w, https:\/\/elgarajedefrank.es\/wp-content\/uploads\/2022\/10\/We_are_Ooh_Liege-1024x790.jpg 1024w, https:\/\/elgarajedefrank.es\/wp-content\/uploads\/2022\/10\/We_are_Ooh_Liege-768x593.jpg 768w, https:\/\/elgarajedefrank.es\/wp-content\/uploads\/2022\/10\/We_are_Ooh_Liege-1536x1185.jpg 1536w, https:\/\/elgarajedefrank.es\/wp-content\/uploads\/2022\/10\/We_are_Ooh_Liege-2048x1580.jpg 2048w, https:\/\/elgarajedefrank.es\/wp-content\/uploads\/2022\/10\/We_are_Ooh_Liege-1920x1482.jpg 1920w, https:\/\/elgarajedefrank.es\/wp-content\/uploads\/2022\/10\/We_are_Ooh_Liege-1170x903.jpg 1170w, https:\/\/elgarajedefrank.es\/wp-content\/uploads\/2022\/10\/We_are_Ooh_Liege-585x451.jpg 585w\" sizes=\"(max-width: 500px) 100vw, 500px\" \/><\/span><\/p>\n<p><span style=\"font-family: georgia, palatino, serif; font-size: 12pt;\">Les Polonais de <strong>Give Up to Failure<\/strong>, qui ont jou\u00e9 en premi\u00e8re partie de la tourn\u00e9e de <strong>Varsovie<\/strong> \u00e9taient les suivants sur la liste. Leur post-punk pr\u00e9sente beaucoup de caract\u00e9ristiques du shoegaze, et j\u2019ai ador\u00e9 leurs chansons \u00ab\u00a0Chimeric Head\u00a0\u00bb ou \u00ab\u00a0Slow collapse\u00a0\u00bb, o\u00f9 on a eu droit \u00e0 une formidable introduction \u00e0 la basse et \u00e0 la batterie. Les membres du groupe sont jeunes, mais parviennent \u00e0 cr\u00e9er de magnifiques atmosph\u00e8res avec leurs guitares. Ils ont \u00e9galement un seul album, intitul\u00e9 <em>Burden, <\/em>d\u2019o\u00f9 ils ont tir\u00e9 la majeure partie des titres qu\u2019ils ont jou\u00e9s, mis \u00e0 part quelques exceptions. Parmi ces morceaux, l\u2019\u00e9pique \u00ab\u00a0Savior\u00a0\u00bb pr\u00e9sentait un son puissant, tandis que \u00ab\u00a0Holy Drug\u00a0\u00bb, qui lui figure bien sur l\u2019album, poss\u00e9dait un son plus atmosph\u00e9rique, et une excellente ligne de batterie. \u00ab\u00a0The Husk\u00a0\u00bb nous a invit\u00e9s \u00e0 r\u00eaver et je me suis surpris \u00e0 poser les yeux sur les \u00e9normes p\u00e9dales alors qu\u2019on \u00e9tait submerg\u00e9s par l\u2019intensit\u00e9 de \u00ab\u00a0All I Wanted\u00a0\u00bb, un morceau o\u00f9 le batteur a continu\u00e9 \u00e0 briller. Le groupe a termin\u00e9 avec sur la puissante \u00ab\u00a0Million Worlds\u00a0\u00bb.<\/span><\/p>\n<p><span style=\"font-family: georgia, palatino, serif; font-size: 12pt;\"><strong><img decoding=\"async\" class=\"aligncenter wp-image-49429\" src=\"https:\/\/elgarajedefrank.es\/wp-content\/uploads\/2022\/10\/GiveUpFailure_Liege-300x177.jpg\" alt=\"\" width=\"500\" height=\"294\" srcset=\"https:\/\/elgarajedefrank.es\/wp-content\/uploads\/2022\/10\/GiveUpFailure_Liege-300x177.jpg 300w, https:\/\/elgarajedefrank.es\/wp-content\/uploads\/2022\/10\/GiveUpFailure_Liege-1024x603.jpg 1024w, https:\/\/elgarajedefrank.es\/wp-content\/uploads\/2022\/10\/GiveUpFailure_Liege-768x452.jpg 768w, https:\/\/elgarajedefrank.es\/wp-content\/uploads\/2022\/10\/GiveUpFailure_Liege-1536x904.jpg 1536w, https:\/\/elgarajedefrank.es\/wp-content\/uploads\/2022\/10\/GiveUpFailure_Liege-2048x1205.jpg 2048w, https:\/\/elgarajedefrank.es\/wp-content\/uploads\/2022\/10\/GiveUpFailure_Liege-1920x1130.jpg 1920w, https:\/\/elgarajedefrank.es\/wp-content\/uploads\/2022\/10\/GiveUpFailure_Liege-1170x689.jpg 1170w, https:\/\/elgarajedefrank.es\/wp-content\/uploads\/2022\/10\/GiveUpFailure_Liege-585x344.jpg 585w\" sizes=\"(max-width: 500px) 100vw, 500px\" \/><\/strong><\/span><\/p>\n<p><span style=\"font-family: georgia, palatino, serif; font-size: 12pt;\"><strong>W\u00dcLF7<\/strong> est un duo d\u2019EBM form\u00e9 par Blondwolf et CyrbVII qui chantent en alternance. Le second s\u2019occupe aussi des claviers. \u00c0 cette occasion, ils ont jou\u00e9 avec Beno\u00eet Buyse aux percussions. Le groupe a auto\u00e9dit\u00e9 quelques CD, qu\u2019on aurait achet\u00e9s s\u2019ils n\u2019avaient pas disparu aussi vite du merch. Le percussionniste, \u00e9galement connu sous le nom de<strong> Dreadfool<\/strong> avait chant\u00e9 sur sc\u00e8ne avec <strong>Deleritas<\/strong> lors de l\u2019\u00e9dition de 2020 du festival. Apr\u00e8s une puissante intro, le groupe a d\u00e9marr\u00e9 \u00ab\u00a0Child Soldier\u00a0\u00bb de leur premier album.\u00a0Ils ont ensuite continu\u00e9 avec \u00ab\u00a0In What Name\u00a0\u00bb, sur lequel les deux chanteurs ont pr\u00eat\u00e9 leur voix. Apr\u00e8s nous avoir dit que c\u2019\u00e9tait l\u2019anniversaire de Dreadfool, ils ont jou\u00e9 avec \u00ab\u00a0Humanity\u00a0\u00bb, o\u00f9 l\u2019on retrouve une intro \u00e9poustouflante. Ensuite, ils ont encha\u00een\u00e9 avec la puissante et rapide \u00ab\u00a0W.A.W.W.A&#8221;. \u00c0 dire vrai, il n\u2019est pas difficile de d\u00e9crire un concert EBM\u00a0: le son doit \u00eatre puissant et agressif. Et c\u2019est justement ce que <strong>W\u00dcLF7<\/strong> nous a propos\u00e9. Ensuite, ils nous ont r\u00e9gal\u00e9s d\u2019\u00ab\u00a0Ephemeral Human\u00a0\u00bb, o\u00f9 le chanteur a termin\u00e9 \u00e0 genoux, ainsi que de \u00ab\u00a0Fight\u00a0\u00bb et de ses claviers agressifs. On a \u00e9galement eu droit \u00e0 la chanson titre de leur dernier CD, \u00ab\u00a0I Don&#8217;t Want (anymore)\u00a0\u00bb et \u00ab\u00a0Morbide\u00a0\u00bb, l\u2019une des meilleures compositions de ce travail.\u00a0<strong>Dreadfool <\/strong>\u00e9tait au chant pour \u00ab\u00a0Wolf\u00a0\u00bb aux c\u00f4t\u00e9s du chanteur principal. En rappel, ils sont revenus pour \u00ab\u00a0EBM Nation\u00a0\u00bb, un hymne \u00e0 la sc\u00e8ne, la parfaite conclusion \u00e0 ce concert.<\/span><\/p>\n<p><span style=\"font-family: georgia, palatino, serif; font-size: 12pt;\"><img decoding=\"async\" class=\"aligncenter wp-image-49434\" src=\"https:\/\/elgarajedefrank.es\/wp-content\/uploads\/2022\/10\/Wulf7_liege-300x176.jpg\" alt=\"\" width=\"500\" height=\"293\" srcset=\"https:\/\/elgarajedefrank.es\/wp-content\/uploads\/2022\/10\/Wulf7_liege-300x176.jpg 300w, https:\/\/elgarajedefrank.es\/wp-content\/uploads\/2022\/10\/Wulf7_liege-1024x599.jpg 1024w, https:\/\/elgarajedefrank.es\/wp-content\/uploads\/2022\/10\/Wulf7_liege-768x450.jpg 768w, https:\/\/elgarajedefrank.es\/wp-content\/uploads\/2022\/10\/Wulf7_liege-1536x899.jpg 1536w, https:\/\/elgarajedefrank.es\/wp-content\/uploads\/2022\/10\/Wulf7_liege-2048x1199.jpg 2048w, https:\/\/elgarajedefrank.es\/wp-content\/uploads\/2022\/10\/Wulf7_liege-1920x1124.jpg 1920w, https:\/\/elgarajedefrank.es\/wp-content\/uploads\/2022\/10\/Wulf7_liege-1170x685.jpg 1170w, https:\/\/elgarajedefrank.es\/wp-content\/uploads\/2022\/10\/Wulf7_liege-585x342.jpg 585w\" sizes=\"(max-width: 500px) 100vw, 500px\" \/>On \u00e9tait en train de manger quand on a entendu que <strong>Varsovie<\/strong> commen\u00e7ait \u00e0 jouer. On a donc d\u00fb laisser une partie des frites et notre hamburger pour se pr\u00e9cipiter dans la salle. Ils ont commenc\u00e9 avec l\u2019intense de \u00ab\u00a0Magnitizdat\u00a0\u00bb et ont continu\u00e9 sur leur lanc\u00e9e. On a ador\u00e9 \u00ab\u00a0Sunsiar\u00e9\u00a0\u00bb, un excellent \u00e9chantillon de post-punk nerveux \u00e0 la fin instrumentale, en raison de la puissance du chant et de la guitare. On tient \u00e9galement \u00e0 saluer l\u2019interpr\u00e9tation de \u00ab\u00a0L\u2019\u00c9claircie\u00a0\u00bb, une autre excellente chanson qui gagne au fur et \u00e0 mesure en intensit\u00e9. Le groupe a fait une v\u00e9ritable d\u00e9monstration de force sur la rapide \u00ab\u00a0Retour de Flammes\u00a0\u00bb et Gr\u00e9gory a chant\u00e9 \u00ab\u00a0Killing Anna\u00a0\u00bb, l\u2019un de leurs tubes, avec beaucoup de passion. Arnault a particuli\u00e8rement brill\u00e9 sur l\u2019un de leurs classiques, \u00ab\u00a0L\u2019Ombre et la nuit\u00a0\u00bb, avec son travail \u00e0 la batterie. \u00ab\u00a0S\u00e9rie Noire\u00a0\u00bb nous a tenus en haleine avec ses moments rapides et intenses caract\u00e9ristiques, tout comme la contondante \u00ab\u00a0Sur la nature du vide\u00a0\u00bb. Le groupe a de nouveau fait preuve d\u2019une incroyable intensit\u00e9 sur \u00ab\u00a0Coups et blessures\u00a0\u00bb, avec une batterie puissante comme base, des guitares tranchantes comme des rasoirs et le chant percutant de Gr\u00e9gory. Enfin, ils ont termin\u00e9 sur \u00ab\u00a0D\u00e9truire Carthage\u00a0\u00bb et \u00ab\u00a0Leningrand\u00a0\u00bb, qui a brill\u00e9 sur le plan instrumental comme un final d\u00e9vastateur. Tr\u00e8s bien.<\/span><\/p>\n<p><span style=\"font-family: georgia, palatino, serif; font-size: 12pt;\"><strong><img loading=\"lazy\" decoding=\"async\" class=\"aligncenter wp-image-49437\" src=\"https:\/\/elgarajedefrank.es\/wp-content\/uploads\/2022\/10\/Varsovie_Liege-2-300x295.jpg\" alt=\"\" width=\"500\" height=\"492\" srcset=\"https:\/\/elgarajedefrank.es\/wp-content\/uploads\/2022\/10\/Varsovie_Liege-2-300x295.jpg 300w, https:\/\/elgarajedefrank.es\/wp-content\/uploads\/2022\/10\/Varsovie_Liege-2-1024x1008.jpg 1024w, https:\/\/elgarajedefrank.es\/wp-content\/uploads\/2022\/10\/Varsovie_Liege-2-768x756.jpg 768w, https:\/\/elgarajedefrank.es\/wp-content\/uploads\/2022\/10\/Varsovie_Liege-2-1536x1513.jpg 1536w, https:\/\/elgarajedefrank.es\/wp-content\/uploads\/2022\/10\/Varsovie_Liege-2-2048x2017.jpg 2048w, https:\/\/elgarajedefrank.es\/wp-content\/uploads\/2022\/10\/Varsovie_Liege-2-1920x1891.jpg 1920w, https:\/\/elgarajedefrank.es\/wp-content\/uploads\/2022\/10\/Varsovie_Liege-2-1170x1152.jpg 1170w, https:\/\/elgarajedefrank.es\/wp-content\/uploads\/2022\/10\/Varsovie_Liege-2-585x576.jpg 585w\" sizes=\"(max-width: 500px) 100vw, 500px\" \/><\/strong><\/span><\/p>\n<p><span style=\"font-family: georgia, palatino, serif; font-size: 12pt;\"><strong>Ground Nero<\/strong> est un groupe de rock gothique belge bien connu qui compte d\u00e9sormais dans ses rangs Mark Sayle de <strong>Mark E Moon<\/strong> au chant. Nous les avons vus au Sinner\u2019s Day de l\u2019hiver dernier, sans leur premier chanteur. Il s\u2019agit d\u2019un trio compos\u00e9 de Mark, d\u2019un guitariste et d\u2019un bassiste. Ils ont commenc\u00e9 leur show avec \u00ab\u00a0They Knew\u00a0\u00bb. Nous avons eu droit \u00e0 une interpr\u00e9tation sinc\u00e8re de \u00ab\u00a0Heaven Sent\u00a0\u00bb, un morceau plus atmosph\u00e9rique de bon rock gothique. Ils ont continu\u00e9 avec \u00ab\u00a0Vendetta\u00a0\u00bb, le puissant \u00ab\u00a0The Risen\u00a0\u00bb et \u00ab\u00a0Litany\u00a0\u00bb o\u00f9 la voix de Mark a gagn\u00e9 en profondeur. Ce soir-l\u00e0, le groupe nous a r\u00e9gal\u00e9s de plusieurs nouvelles chansons, comme \u00ab\u00a0Mad House\u00a0\u00bb ou \u00ab\u00a0At Dawn\u00a0\u00bb. Mark semble se sentir plus \u00e0 l\u2019aise sur ces morceaux faits pour lui. On a particuli\u00e8rement admir\u00e9 la beaut\u00e9 des guitares sur \u00ab\u00a0Promise\u00a0\u00bb, ainsi que sur \u00ab\u00a0The Furnace\u00a0\u00bb, deux des avant-premi\u00e8res que nous avons d\u00e9j\u00e0 entendues avec Mark au chant. La lenteur des superbes atmosph\u00e8res de \u00ab\u00a0Dark Descent\u00a0\u00bb a laiss\u00e9 place \u00e0 \u00ab\u00a0Dead World\u00a0\u00bb ainsi qu\u2019\u00e0 la chanson titre du c\u00e9l\u00e8bre album du groupe, \u00ab\u00a0Divergent\u00a0\u00bb, au son puissant.\u00a0Avec \u00ab\u00a0In The Blood\u00a0\u00bb, un autre tube de rock gothique, on a vite compris pourquoi ils sont si c\u00e9l\u00e8bres en Belgique. Pour le rappel, comme ils n\u2019avaient plus de chansons, ils ont rejou\u00e9 \u00ab\u00a0The Furnace\u00a0\u00bb.\u00a0On a h\u00e2te de savoir ce que nous r\u00e9serve l\u2019autre groupe de Mark, qui a sorti de tr\u00e8s bonnes chansons derni\u00e8rement.<\/span><\/p>\n<p><span style=\"font-family: georgia, palatino, serif; font-size: 12pt;\"><img loading=\"lazy\" decoding=\"async\" class=\"aligncenter wp-image-49440\" src=\"https:\/\/elgarajedefrank.es\/wp-content\/uploads\/2022\/10\/Ground-Nero_Liege-300x229.jpg\" alt=\"\" width=\"500\" height=\"382\" srcset=\"https:\/\/elgarajedefrank.es\/wp-content\/uploads\/2022\/10\/Ground-Nero_Liege-300x229.jpg 300w, https:\/\/elgarajedefrank.es\/wp-content\/uploads\/2022\/10\/Ground-Nero_Liege-1024x782.jpg 1024w, https:\/\/elgarajedefrank.es\/wp-content\/uploads\/2022\/10\/Ground-Nero_Liege-768x586.jpg 768w, https:\/\/elgarajedefrank.es\/wp-content\/uploads\/2022\/10\/Ground-Nero_Liege-1536x1173.jpg 1536w, https:\/\/elgarajedefrank.es\/wp-content\/uploads\/2022\/10\/Ground-Nero_Liege-2048x1564.jpg 2048w, https:\/\/elgarajedefrank.es\/wp-content\/uploads\/2022\/10\/Ground-Nero_Liege-1920x1466.jpg 1920w, https:\/\/elgarajedefrank.es\/wp-content\/uploads\/2022\/10\/Ground-Nero_Liege-1170x893.jpg 1170w, https:\/\/elgarajedefrank.es\/wp-content\/uploads\/2022\/10\/Ground-Nero_Liege-585x447.jpg 585w\" sizes=\"(max-width: 500px) 100vw, 500px\" \/><\/span><\/p>\n<p><span style=\"font-family: georgia, palatino, serif; font-size: 12pt;\">\u00c0 la fin du concert, on a pu saluer <strong>Varsovie<\/strong> et voir Mark parler aux fans, pendant que DJ Gondrand jouait sa s\u00e9lection de classiques de musique dark.<\/span><\/p>\n<p>&nbsp;<\/p>\n","protected":false},"excerpt":{"rendered":"<p>Photos : Patrice Hoerner Lorsqu\u2019on a d\u00e9couvert en 2021 que Varsovie allait jouer au Li\u00e8ge&hellip;<\/p>\n","protected":false},"author":1,"featured_media":49421,"comment_status":"open","ping_status":"open","sticky":false,"template":"","format":"standard","meta":{"_lmt_disableupdate":"","_lmt_disable":"","footnotes":""},"categories":[39],"tags":[320,534,406,412],"class_list":["post-49457","post","type-post","status-publish","format-standard","has-post-thumbnail","hentry","category-chroniques","tag-ebm-2-fr","tag-electro-pop-fr","tag-rock-gothique","tag-shoegaze-fr"],"yoast_head":"<!-- This site is optimized with the Yoast SEO plugin v27.4 - https:\/\/yoast.com\/product\/yoast-seo-wordpress\/ -->\n<title>Li\u00e8ge New Wave Festival 2022 &#8212; El Garaje de Frank<\/title>\n<meta name=\"description\" content=\"&#8212; Chronique du festival d&#039;electro pop, rock gothique, EBM et shoegaze Li\u00e8ge New Wave Festival 2022.\" \/>\n<meta name=\"robots\" content=\"index, follow, max-snippet:-1, max-image-preview:large, max-video-preview:-1\" \/>\n<link rel=\"canonical\" href=\"https:\/\/elgarajedefrank.es\/fr\/liege-new-wave-festival-2022\/\" \/>\n<meta property=\"og:locale\" content=\"fr_FR\" \/>\n<meta property=\"og:type\" content=\"article\" \/>\n<meta property=\"og:title\" content=\"Li\u00e8ge New Wave Festival 2022 &#8212; El Garaje de Frank\" \/>\n<meta property=\"og:description\" content=\"&#8212; Chronique du festival d&#039;electro pop, rock gothique, EBM et shoegaze Li\u00e8ge New Wave Festival 2022.\" \/>\n<meta property=\"og:url\" content=\"https:\/\/elgarajedefrank.es\/fr\/liege-new-wave-festival-2022\/\" \/>\n<meta property=\"og:site_name\" content=\"El Garaje de Frank\" \/>\n<meta property=\"article:publisher\" content=\"https:\/\/www.facebook.com\/elgarajedefrank\/\" \/>\n<meta property=\"article:author\" content=\"https:\/\/www.facebook.com\/elgarajedefrank\/\" \/>\n<meta property=\"article:published_time\" content=\"2022-10-22T13:55:55+00:00\" \/>\n<meta property=\"article:modified_time\" content=\"2022-10-22T13:56:32+00:00\" \/>\n<meta property=\"og:image\" content=\"https:\/\/elgarajedefrank.es\/wp-content\/uploads\/2022\/10\/Varsovie_liege-scaled.jpg\" \/>\n\t<meta property=\"og:image:width\" content=\"2560\" \/>\n\t<meta property=\"og:image:height\" content=\"1707\" \/>\n\t<meta property=\"og:image:type\" content=\"image\/jpeg\" \/>\n<meta name=\"author\" content=\"Fran\u00e7ois Zappa\" \/>\n<meta name=\"twitter:card\" content=\"summary_large_image\" \/>\n<meta name=\"twitter:label1\" content=\"\u00c9crit par\" \/>\n\t<meta name=\"twitter:data1\" content=\"Fran\u00e7ois Zappa\" \/>\n\t<meta name=\"twitter:label2\" content=\"Dur\u00e9e de lecture estim\u00e9e\" \/>\n\t<meta name=\"twitter:data2\" content=\"8 minutes\" \/>\n<script type=\"application\/ld+json\" class=\"yoast-schema-graph\">{\"@context\":\"https:\\\/\\\/schema.org\",\"@graph\":[{\"@type\":\"Article\",\"@id\":\"https:\\\/\\\/elgarajedefrank.es\\\/fr\\\/liege-new-wave-festival-2022\\\/#article\",\"isPartOf\":{\"@id\":\"https:\\\/\\\/elgarajedefrank.es\\\/fr\\\/liege-new-wave-festival-2022\\\/\"},\"author\":{\"name\":\"Fran\u00e7ois Zappa\",\"@id\":\"https:\\\/\\\/elgarajedefrank.es\\\/fr\\\/#\\\/schema\\\/person\\\/d709c9c33f5f405d44c6c9397889ba15\"},\"headline\":\"Li\u00e8ge New Wave Festival 2022\",\"datePublished\":\"2022-10-22T13:55:55+00:00\",\"dateModified\":\"2022-10-22T13:56:32+00:00\",\"mainEntityOfPage\":{\"@id\":\"https:\\\/\\\/elgarajedefrank.es\\\/fr\\\/liege-new-wave-festival-2022\\\/\"},\"wordCount\":1470,\"commentCount\":0,\"publisher\":{\"@id\":\"https:\\\/\\\/elgarajedefrank.es\\\/fr\\\/#\\\/schema\\\/person\\\/d709c9c33f5f405d44c6c9397889ba15\"},\"image\":{\"@id\":\"https:\\\/\\\/elgarajedefrank.es\\\/fr\\\/liege-new-wave-festival-2022\\\/#primaryimage\"},\"thumbnailUrl\":\"https:\\\/\\\/elgarajedefrank.es\\\/wp-content\\\/uploads\\\/2022\\\/10\\\/Varsovie_liege-scaled.jpg\",\"keywords\":[\"EBM\",\"Electro pop\",\"Rock gothique\",\"Shoegaze\"],\"articleSection\":[\"Chroniques\"],\"inLanguage\":\"fr-FR\",\"potentialAction\":[{\"@type\":\"CommentAction\",\"name\":\"Comment\",\"target\":[\"https:\\\/\\\/elgarajedefrank.es\\\/fr\\\/liege-new-wave-festival-2022\\\/#respond\"]}]},{\"@type\":\"WebPage\",\"@id\":\"https:\\\/\\\/elgarajedefrank.es\\\/fr\\\/liege-new-wave-festival-2022\\\/\",\"url\":\"https:\\\/\\\/elgarajedefrank.es\\\/fr\\\/liege-new-wave-festival-2022\\\/\",\"name\":\"Li\u00e8ge New Wave Festival 2022 &#8212; El Garaje de Frank\",\"isPartOf\":{\"@id\":\"https:\\\/\\\/elgarajedefrank.es\\\/fr\\\/#website\"},\"primaryImageOfPage\":{\"@id\":\"https:\\\/\\\/elgarajedefrank.es\\\/fr\\\/liege-new-wave-festival-2022\\\/#primaryimage\"},\"image\":{\"@id\":\"https:\\\/\\\/elgarajedefrank.es\\\/fr\\\/liege-new-wave-festival-2022\\\/#primaryimage\"},\"thumbnailUrl\":\"https:\\\/\\\/elgarajedefrank.es\\\/wp-content\\\/uploads\\\/2022\\\/10\\\/Varsovie_liege-scaled.jpg\",\"datePublished\":\"2022-10-22T13:55:55+00:00\",\"dateModified\":\"2022-10-22T13:56:32+00:00\",\"description\":\"&#8212; Chronique du festival d'electro pop, rock gothique, EBM et shoegaze Li\u00e8ge New Wave Festival 2022.\",\"breadcrumb\":{\"@id\":\"https:\\\/\\\/elgarajedefrank.es\\\/fr\\\/liege-new-wave-festival-2022\\\/#breadcrumb\"},\"inLanguage\":\"fr-FR\",\"potentialAction\":[{\"@type\":\"ReadAction\",\"target\":[\"https:\\\/\\\/elgarajedefrank.es\\\/fr\\\/liege-new-wave-festival-2022\\\/\"]}]},{\"@type\":\"ImageObject\",\"inLanguage\":\"fr-FR\",\"@id\":\"https:\\\/\\\/elgarajedefrank.es\\\/fr\\\/liege-new-wave-festival-2022\\\/#primaryimage\",\"url\":\"https:\\\/\\\/elgarajedefrank.es\\\/wp-content\\\/uploads\\\/2022\\\/10\\\/Varsovie_liege-scaled.jpg\",\"contentUrl\":\"https:\\\/\\\/elgarajedefrank.es\\\/wp-content\\\/uploads\\\/2022\\\/10\\\/Varsovie_liege-scaled.jpg\",\"width\":2560,\"height\":1707},{\"@type\":\"BreadcrumbList\",\"@id\":\"https:\\\/\\\/elgarajedefrank.es\\\/fr\\\/liege-new-wave-festival-2022\\\/#breadcrumb\",\"itemListElement\":[{\"@type\":\"ListItem\",\"position\":1,\"name\":\"Inicio\",\"item\":\"https:\\\/\\\/elgarajedefrank.es\\\/fr\\\/\"},{\"@type\":\"ListItem\",\"position\":2,\"name\":\"Chroniques\",\"item\":\"https:\\\/\\\/elgarajedefrank.es\\\/fr\\\/category\\\/chroniques\\\/\"},{\"@type\":\"ListItem\",\"position\":3,\"name\":\"Li\u00e8ge New Wave Festival 2022\"}]},{\"@type\":\"WebSite\",\"@id\":\"https:\\\/\\\/elgarajedefrank.es\\\/fr\\\/#website\",\"url\":\"https:\\\/\\\/elgarajedefrank.es\\\/fr\\\/\",\"name\":\"El Garaje de Frank\",\"description\":\"Music magazine\",\"publisher\":{\"@id\":\"https:\\\/\\\/elgarajedefrank.es\\\/fr\\\/#\\\/schema\\\/person\\\/d709c9c33f5f405d44c6c9397889ba15\"},\"potentialAction\":[{\"@type\":\"SearchAction\",\"target\":{\"@type\":\"EntryPoint\",\"urlTemplate\":\"https:\\\/\\\/elgarajedefrank.es\\\/fr\\\/?s={search_term_string}\"},\"query-input\":{\"@type\":\"PropertyValueSpecification\",\"valueRequired\":true,\"valueName\":\"search_term_string\"}}],\"inLanguage\":\"fr-FR\"},{\"@type\":[\"Person\",\"Organization\"],\"@id\":\"https:\\\/\\\/elgarajedefrank.es\\\/fr\\\/#\\\/schema\\\/person\\\/d709c9c33f5f405d44c6c9397889ba15\",\"name\":\"Fran\u00e7ois Zappa\",\"image\":{\"@type\":\"ImageObject\",\"inLanguage\":\"fr-FR\",\"@id\":\"https:\\\/\\\/elgarajedefrank.es\\\/wp-content\\\/uploads\\\/2019\\\/10\\\/IMG_8278-150x150.jpg\",\"url\":\"https:\\\/\\\/elgarajedefrank.es\\\/wp-content\\\/uploads\\\/2019\\\/10\\\/IMG_8278-150x150.jpg\",\"contentUrl\":\"https:\\\/\\\/elgarajedefrank.es\\\/wp-content\\\/uploads\\\/2019\\\/10\\\/IMG_8278-150x150.jpg\",\"caption\":\"Fran\u00e7ois Zappa\"},\"logo\":{\"@id\":\"https:\\\/\\\/elgarajedefrank.es\\\/wp-content\\\/uploads\\\/2019\\\/10\\\/IMG_8278-150x150.jpg\"},\"sameAs\":[\"https:\\\/\\\/www.facebook.com\\\/elgarajedefrank\\\/\",\"https:\\\/\\\/www.instagram.com\\\/elgarajedefrank\\\/\"]}]}<\/script>\n<!-- \/ Yoast SEO plugin. -->","yoast_head_json":{"title":"Li\u00e8ge New Wave Festival 2022 &#8212; El Garaje de Frank","description":"&#8212; Chronique du festival d'electro pop, rock gothique, EBM et shoegaze Li\u00e8ge New Wave Festival 2022.","robots":{"index":"index","follow":"follow","max-snippet":"max-snippet:-1","max-image-preview":"max-image-preview:large","max-video-preview":"max-video-preview:-1"},"canonical":"https:\/\/elgarajedefrank.es\/fr\/liege-new-wave-festival-2022\/","og_locale":"fr_FR","og_type":"article","og_title":"Li\u00e8ge New Wave Festival 2022 &#8212; El Garaje de Frank","og_description":"&#8212; Chronique du festival d'electro pop, rock gothique, EBM et shoegaze Li\u00e8ge New Wave Festival 2022.","og_url":"https:\/\/elgarajedefrank.es\/fr\/liege-new-wave-festival-2022\/","og_site_name":"El Garaje de Frank","article_publisher":"https:\/\/www.facebook.com\/elgarajedefrank\/","article_author":"https:\/\/www.facebook.com\/elgarajedefrank\/","article_published_time":"2022-10-22T13:55:55+00:00","article_modified_time":"2022-10-22T13:56:32+00:00","og_image":[{"width":2560,"height":1707,"url":"https:\/\/elgarajedefrank.es\/wp-content\/uploads\/2022\/10\/Varsovie_liege-scaled.jpg","type":"image\/jpeg"}],"author":"Fran\u00e7ois Zappa","twitter_card":"summary_large_image","twitter_misc":{"\u00c9crit par":"Fran\u00e7ois Zappa","Dur\u00e9e de lecture estim\u00e9e":"8 minutes"},"schema":{"@context":"https:\/\/schema.org","@graph":[{"@type":"Article","@id":"https:\/\/elgarajedefrank.es\/fr\/liege-new-wave-festival-2022\/#article","isPartOf":{"@id":"https:\/\/elgarajedefrank.es\/fr\/liege-new-wave-festival-2022\/"},"author":{"name":"Fran\u00e7ois Zappa","@id":"https:\/\/elgarajedefrank.es\/fr\/#\/schema\/person\/d709c9c33f5f405d44c6c9397889ba15"},"headline":"Li\u00e8ge New Wave Festival 2022","datePublished":"2022-10-22T13:55:55+00:00","dateModified":"2022-10-22T13:56:32+00:00","mainEntityOfPage":{"@id":"https:\/\/elgarajedefrank.es\/fr\/liege-new-wave-festival-2022\/"},"wordCount":1470,"commentCount":0,"publisher":{"@id":"https:\/\/elgarajedefrank.es\/fr\/#\/schema\/person\/d709c9c33f5f405d44c6c9397889ba15"},"image":{"@id":"https:\/\/elgarajedefrank.es\/fr\/liege-new-wave-festival-2022\/#primaryimage"},"thumbnailUrl":"https:\/\/elgarajedefrank.es\/wp-content\/uploads\/2022\/10\/Varsovie_liege-scaled.jpg","keywords":["EBM","Electro pop","Rock gothique","Shoegaze"],"articleSection":["Chroniques"],"inLanguage":"fr-FR","potentialAction":[{"@type":"CommentAction","name":"Comment","target":["https:\/\/elgarajedefrank.es\/fr\/liege-new-wave-festival-2022\/#respond"]}]},{"@type":"WebPage","@id":"https:\/\/elgarajedefrank.es\/fr\/liege-new-wave-festival-2022\/","url":"https:\/\/elgarajedefrank.es\/fr\/liege-new-wave-festival-2022\/","name":"Li\u00e8ge New Wave Festival 2022 &#8212; El Garaje de Frank","isPartOf":{"@id":"https:\/\/elgarajedefrank.es\/fr\/#website"},"primaryImageOfPage":{"@id":"https:\/\/elgarajedefrank.es\/fr\/liege-new-wave-festival-2022\/#primaryimage"},"image":{"@id":"https:\/\/elgarajedefrank.es\/fr\/liege-new-wave-festival-2022\/#primaryimage"},"thumbnailUrl":"https:\/\/elgarajedefrank.es\/wp-content\/uploads\/2022\/10\/Varsovie_liege-scaled.jpg","datePublished":"2022-10-22T13:55:55+00:00","dateModified":"2022-10-22T13:56:32+00:00","description":"&#8212; Chronique du festival d'electro pop, rock gothique, EBM et shoegaze Li\u00e8ge New Wave Festival 2022.","breadcrumb":{"@id":"https:\/\/elgarajedefrank.es\/fr\/liege-new-wave-festival-2022\/#breadcrumb"},"inLanguage":"fr-FR","potentialAction":[{"@type":"ReadAction","target":["https:\/\/elgarajedefrank.es\/fr\/liege-new-wave-festival-2022\/"]}]},{"@type":"ImageObject","inLanguage":"fr-FR","@id":"https:\/\/elgarajedefrank.es\/fr\/liege-new-wave-festival-2022\/#primaryimage","url":"https:\/\/elgarajedefrank.es\/wp-content\/uploads\/2022\/10\/Varsovie_liege-scaled.jpg","contentUrl":"https:\/\/elgarajedefrank.es\/wp-content\/uploads\/2022\/10\/Varsovie_liege-scaled.jpg","width":2560,"height":1707},{"@type":"BreadcrumbList","@id":"https:\/\/elgarajedefrank.es\/fr\/liege-new-wave-festival-2022\/#breadcrumb","itemListElement":[{"@type":"ListItem","position":1,"name":"Inicio","item":"https:\/\/elgarajedefrank.es\/fr\/"},{"@type":"ListItem","position":2,"name":"Chroniques","item":"https:\/\/elgarajedefrank.es\/fr\/category\/chroniques\/"},{"@type":"ListItem","position":3,"name":"Li\u00e8ge New Wave Festival 2022"}]},{"@type":"WebSite","@id":"https:\/\/elgarajedefrank.es\/fr\/#website","url":"https:\/\/elgarajedefrank.es\/fr\/","name":"El Garaje de Frank","description":"Music magazine","publisher":{"@id":"https:\/\/elgarajedefrank.es\/fr\/#\/schema\/person\/d709c9c33f5f405d44c6c9397889ba15"},"potentialAction":[{"@type":"SearchAction","target":{"@type":"EntryPoint","urlTemplate":"https:\/\/elgarajedefrank.es\/fr\/?s={search_term_string}"},"query-input":{"@type":"PropertyValueSpecification","valueRequired":true,"valueName":"search_term_string"}}],"inLanguage":"fr-FR"},{"@type":["Person","Organization"],"@id":"https:\/\/elgarajedefrank.es\/fr\/#\/schema\/person\/d709c9c33f5f405d44c6c9397889ba15","name":"Fran\u00e7ois Zappa","image":{"@type":"ImageObject","inLanguage":"fr-FR","@id":"https:\/\/elgarajedefrank.es\/wp-content\/uploads\/2019\/10\/IMG_8278-150x150.jpg","url":"https:\/\/elgarajedefrank.es\/wp-content\/uploads\/2019\/10\/IMG_8278-150x150.jpg","contentUrl":"https:\/\/elgarajedefrank.es\/wp-content\/uploads\/2019\/10\/IMG_8278-150x150.jpg","caption":"Fran\u00e7ois Zappa"},"logo":{"@id":"https:\/\/elgarajedefrank.es\/wp-content\/uploads\/2019\/10\/IMG_8278-150x150.jpg"},"sameAs":["https:\/\/www.facebook.com\/elgarajedefrank\/","https:\/\/www.instagram.com\/elgarajedefrank\/"]}]}},"_links":{"self":[{"href":"https:\/\/elgarajedefrank.es\/fr\/wp-json\/wp\/v2\/posts\/49457","targetHints":{"allow":["GET"]}}],"collection":[{"href":"https:\/\/elgarajedefrank.es\/fr\/wp-json\/wp\/v2\/posts"}],"about":[{"href":"https:\/\/elgarajedefrank.es\/fr\/wp-json\/wp\/v2\/types\/post"}],"author":[{"embeddable":true,"href":"https:\/\/elgarajedefrank.es\/fr\/wp-json\/wp\/v2\/users\/1"}],"replies":[{"embeddable":true,"href":"https:\/\/elgarajedefrank.es\/fr\/wp-json\/wp\/v2\/comments?post=49457"}],"version-history":[{"count":2,"href":"https:\/\/elgarajedefrank.es\/fr\/wp-json\/wp\/v2\/posts\/49457\/revisions"}],"predecessor-version":[{"id":49461,"href":"https:\/\/elgarajedefrank.es\/fr\/wp-json\/wp\/v2\/posts\/49457\/revisions\/49461"}],"wp:featuredmedia":[{"embeddable":true,"href":"https:\/\/elgarajedefrank.es\/fr\/wp-json\/wp\/v2\/media\/49421"}],"wp:attachment":[{"href":"https:\/\/elgarajedefrank.es\/fr\/wp-json\/wp\/v2\/media?parent=49457"}],"wp:term":[{"taxonomy":"category","embeddable":true,"href":"https:\/\/elgarajedefrank.es\/fr\/wp-json\/wp\/v2\/categories?post=49457"},{"taxonomy":"post_tag","embeddable":true,"href":"https:\/\/elgarajedefrank.es\/fr\/wp-json\/wp\/v2\/tags?post=49457"}],"curies":[{"name":"wp","href":"https:\/\/api.w.org\/{rel}","templated":true}]}}