{"id":49228,"date":"2022-10-18T16:29:44","date_gmt":"2022-10-18T14:29:44","guid":{"rendered":"https:\/\/elgarajedefrank.es\/?p=49228"},"modified":"2022-10-18T16:47:49","modified_gmt":"2022-10-18T14:47:49","slug":"interview-maman-kusters","status":"publish","type":"post","link":"https:\/\/elgarajedefrank.es\/fr\/interview-maman-kusters\/","title":{"rendered":"Interview: Maman K\u00fcsters"},"content":{"rendered":"<p><span style=\"font-family: georgia, palatino, serif; font-size: 12pt;\"><strong>Maman K\u00fcsters, comme ils le prouvent dans cette interview, est l&#8217;un des groupes les plus personnels de la sc\u00e8ne EBM. Avec seulement deux albums sortis sur l&#8217;excellent label Unknown Pleasures, ils ont r\u00e9ussi \u00e0 am\u00e9liorer le style, parfois un peu conservateur, de l&#8217;Electronic Body Music. C&#8217;est l&#8217;un des groupes que nous avons le plus envie de voir \u00e0 l&#8217;Ombra Festival, qui aura lieu \u00e0 Barcelone du 24 au 27 novembre. Maman K\u00fcsters nous emm\u00e8nera au ciel.<\/strong><\/span><\/p>\n<p><span style=\"font-family: georgia, palatino, serif; font-size: 12pt;\"><strong><em><img fetchpriority=\"high\" decoding=\"async\" class=\"alignleft wp-image-49132\" src=\"https:\/\/elgarajedefrank.es\/wp-content\/uploads\/2022\/10\/mamamk2-215x300.jpg\" alt=\"\" width=\"470\" height=\"657\" srcset=\"https:\/\/elgarajedefrank.es\/wp-content\/uploads\/2022\/10\/mamamk2-215x300.jpg 215w, https:\/\/elgarajedefrank.es\/wp-content\/uploads\/2022\/10\/mamamk2-732x1024.jpg 732w, https:\/\/elgarajedefrank.es\/wp-content\/uploads\/2022\/10\/mamamk2-768x1074.jpg 768w, https:\/\/elgarajedefrank.es\/wp-content\/uploads\/2022\/10\/mamamk2-585x818.jpg 585w, https:\/\/elgarajedefrank.es\/wp-content\/uploads\/2022\/10\/mamamk2.jpg 776w\" sizes=\"(max-width: 470px) 100vw, 470px\" \/><\/em>\u2013 Le nom du groupe vient de \u00ab Maman K\u00fcsters s&#8217;en va au ciel \u00bb, un film de Fassbinder. Pourquoi avoir choisi ce nom ? Vous partagiez les valeurs du film ou bien vous en aimiez la sonorit\u00e9 ?<\/strong><\/span><\/p>\n<p><span style=\"font-family: georgia, palatino, serif; font-size: 12pt;\"><strong>-Cyril :<\/strong> La cha\u00eene Arte avait diffus\u00e9 \u00ab\u00a0Mother Kusters Goes to Heaven\u00a0\u00bb la veille. Si on avait regard\u00e9 France 3, on aurait choisi \u00ab\u00a0Le petit baigneur\u00a0\u00bb ou \u00ab\u00a0La panth\u00e8re rose\u00a0\u00bb&#8230; Inutile de chercher plus loin. Bien s\u00fbr, tout le monde s\u2019accordera \u00e0 dire que c\u2019est un super nom\u00a0!<\/span><\/p>\n<p><span style=\"font-family: georgia, palatino, serif; font-size: 12pt;\"><strong>\u2013\u00a0Ga\u00ebl, tu as organis\u00e9 les Douches \u00e9lectriques, des \u00e9v\u00e9nements pluri-artistiques o\u00f9 tu m\u00e9langeais \u00e9lectronique, danse et installations. Ont-ils influenc\u00e9 la cr\u00e9ation du groupe\u00a0?<\/strong><\/span><\/p>\n<p><span style=\"font-family: georgia, palatino, serif; font-size: 12pt;\"><strong>\u2013\u00a0Ga\u00ebl\u00a0:<\/strong> Oui, ces \u00e9v\u00e9nements \u00e9taient de grands terrains de jeu. On a mis en application beaucoup d\u2019id\u00e9es musicales \u00e0 cette \u00e9poque.<\/span><\/p>\n<p><span style=\"font-family: georgia, palatino, serif; font-size: 12pt;\"><strong>\u2013\u00a0Le groupe s\u2019est lanc\u00e9 en 2004, non\u00a0? Mais vous n\u2019avez rien publi\u00e9 avant 2011. Comment d\u00e9cririez-vous ces premi\u00e8res ann\u00e9es\u00a0?<\/strong><\/span><\/p>\n<p><span style=\"font-family: georgia, palatino, serif; font-size: 12pt;\"><strong>-Cyril :<\/strong><strong> Les ann\u00e9es \u00e9taient remplies de 365\u00a0jours, sauf s\u2019il y avait une ann\u00e9e bissextile\u00a0! C\u2019\u00e9tait de belles ann\u00e9es.<\/strong><\/span><\/p>\n<p><span style=\"font-family: georgia, palatino, serif; font-size: 12pt;\"><strong>\u2013\u00a0Ga\u00ebl\u00a0:<\/strong> On a essay\u00e9 de trouver un label, sans succ\u00e8s. On a continu\u00e9 \u00e0 enregistrer et on s\u2019est beaucoup amus\u00e9s \u00e0 composer des morceaux.<\/span><\/p>\n<p><span style=\"font-family: georgia, palatino, serif; font-size: 12pt;\"><strong>\u2013\u00a0Vous devez avoir une bonne relation avec Christophe Mevel puisque Cyril a travaill\u00e9 avec lui dans quelques projets et toi Ga\u00ebl dans deux autres, Dale Cooper Quartet et Tank. Comment est n\u00e9e cette collaboration\u00a0? Faisait-il partie du groupe au d\u00e9but\u00a0? Il a jou\u00e9 dans certaines chansons du premier album.<\/strong><\/span><\/p>\n<p><span style=\"font-family: georgia, palatino, serif; font-size: 12pt;\"><strong>\u2013\u00a0Ga\u00ebl\u00a0:<\/strong> Oui, on conna\u00eet Christophe depuis tr\u00e8s longtemps. Pour les premiers titres de <strong>MK<\/strong>, il chantait avec Cyril et moi j\u2019\u00e9tais aux machines.<\/span><\/p>\n<p><span style=\"font-family: georgia, palatino, serif; font-size: 12pt;\"><strong>\u2013\u00a0Pourquoi avoir choisi l\u2019EBM pour communiquer vos id\u00e9es\u00a0?<\/strong><\/span><\/p>\n<p><span style=\"font-family: georgia, palatino, serif; font-size: 12pt;\"><strong>-Cyril :<\/strong> <strong>Maman K\u00fcsters<\/strong> fait de l\u2019EBM.\u00a0 Tous les styles musicaux sont int\u00e9ressants.<\/span><\/p>\n<p><span style=\"font-family: georgia, palatino, serif; font-size: 12pt;\"><strong>\u2013\u00a0Ga\u00ebl\u00a0:<\/strong> Pour nous, c\u2019\u00e9tait naturel de composer de l\u2019EBM\u00a0; c\u2019\u00e9tait notre terrain d\u2019entente en mati\u00e8re de style musical.<\/span><\/p>\n<p><span style=\"font-family: georgia, palatino, serif; font-size: 12pt;\"><strong>\u2013\u00a0Quels artistes ont influenc\u00e9 votre son\u00a0? J\u2019ai retrouv\u00e9 des mentions \u00e0 D.A.F. et Liaisons dangereuses, ainsi qu\u2019\u00e0 la Neu Deutsch Welle.<\/strong><\/span><\/p>\n<p><span style=\"font-family: georgia, palatino, serif; font-size: 12pt;\"><strong>\u2013\u00a0Ga\u00ebl\u00a0:<\/strong> Oui, bien s\u00fbr, ce sont des influences tr\u00e8s importantes. Nous avons beaucoup de respect pour leur musique et la fa\u00e7on dont ils composaient, sans ordinateurs.<\/span><\/p>\n<p><span style=\"font-family: georgia, palatino, serif; font-size: 12pt;\"><strong>\u2013\u00a0Vous avez fait du studio pour la premi\u00e8re fois pour enregistrer votre premier EP, <em>L\u2019Alpiniste<\/em>. Comment avez-vous v\u00e9cu cette exp\u00e9rience\u00a0? Vous saviez d\u00e9j\u00e0 exactement quel son vous recherchiez pour Maman K\u00fcsters ?<img decoding=\"async\" class=\"alignright wp-image-49135\" src=\"https:\/\/elgarajedefrank.es\/wp-content\/uploads\/2022\/10\/mamamk3-300x300.jpg\" alt=\"\" width=\"470\" height=\"470\" srcset=\"https:\/\/elgarajedefrank.es\/wp-content\/uploads\/2022\/10\/mamamk3-300x300.jpg 300w, https:\/\/elgarajedefrank.es\/wp-content\/uploads\/2022\/10\/mamamk3-150x150.jpg 150w, https:\/\/elgarajedefrank.es\/wp-content\/uploads\/2022\/10\/mamamk3-585x585.jpg 585w, https:\/\/elgarajedefrank.es\/wp-content\/uploads\/2022\/10\/mamamk3.jpg 600w\" sizes=\"(max-width: 470px) 100vw, 470px\" \/><\/strong><\/span><\/p>\n<p><span style=\"font-family: georgia, palatino, serif; font-size: 12pt;\"><strong>-Cyril :<\/strong>On avait tous deux des piolets, des mousquetons, et des chaussures \u00e0 crampons. Ga\u00ebl avait un bonnet chaud et moi aussi. Impossible de choper froid. L\u2019\u00e9cho r\u00e9sonnait sur les parois des montagnes.<\/span><\/p>\n<p><span style=\"font-family: georgia, palatino, serif; font-size: 12pt;\"><strong>\u2013\u00a0Ga\u00ebl\u00a0:<\/strong> Cyril s\u2019occupe des paroles, et on regarde ce qu\u2019elles donnent sur des pistes que j\u2019ai compos\u00e9es. La plupart du temps on remplace la musique plus tard. Les paroles nous poussent vers de nouvelles voies musicales. On n\u2019a pas de plans ni d\u2019id\u00e9es claires au d\u00e9but.<\/span><\/p>\n<p><span style=\"font-family: georgia, palatino, serif; font-size: 12pt;\"><strong>\u2013\u00a0Comment avez-vous rencontr\u00e9 Pedro Pe\u00f1as Robles, de Unknown Pleasures\u00a0? En quoi a-t-il contribu\u00e9 \u00e0 la musique de Maman K\u00fcsters\u00a0? Il a \u00e9galement chant\u00e9 sur quelques-uns de vos titres, n\u2019est-ce pas\u00a0?<\/strong><\/span><\/p>\n<p><span style=\"font-family: georgia, palatino, serif; font-size: 12pt;\"><strong>\u2013\u00a0Ga\u00ebl\u00a0:<\/strong> Je suis fabricant de synth\u00e9tiseurs\/p\u00e9dales, et j\u2019ai d\u00fb r\u00e9parer un module pour le grand <strong>Terence Fixmer.<\/strong>Je lui ai envoy\u00e9 quelques-uns de nos morceaux et il les a transmis \u00e0 Pedro&#8230; Encore merci <strong>Terence<\/strong><strong>\u00a0<\/strong>! \ud83d\ude42 J\u2019ai eu le plaisir de rencontrer <strong>Terence<\/strong> IRL au printemps dernier.<\/span><\/p>\n<p><span style=\"font-family: georgia, palatino, serif; font-size: 12pt;\">Oui, Pedro chante parfois sur nos morceaux\u00a0! Et Franck Kartell nous donne aussi parfois un coup de main avec sa musique \u00e9lectro.<\/span><\/p>\n<p><span style=\"font-family: georgia, palatino, serif; font-size: 12pt;\"><strong>\u2013\u00a0Quelles sont vos sources d\u2019inspiration pour les paroles\u00a0? Dans une critique, on vous a compar\u00e9s avec Gainsbourg et Bashung. Pourriez-vous nous donner des noms d\u2019auteurs qui vous ont inspir\u00e9s\u00a0?<\/strong><\/span><\/p>\n<p><span style=\"font-family: georgia, palatino, serif; font-size: 12pt;\"><strong>-Cyril :<\/strong> Les textes viennent tout seul, je n\u2019y pense pas trop. Bien entendu, j\u2019ai mes sources d\u2019inspiration\u00a0: les films, la litt\u00e9rature, etc. De <strong>Gainsbourg<\/strong> et <strong>Bashung<\/strong> \u00e0 Richard Brautigan, tous les grands po\u00e8tes ou \u00e9crivains chinois et japonais)<\/span><\/p>\n<p><span style=\"font-family: georgia, palatino, serif; font-size: 12pt;\"><strong>\u2013\u00a0Cyril, tu as d\u00e9clar\u00e9 que l\u2019un des objectifs des textes est de faire rire. Utilises-tu l\u2019humour comme un moyen de fuir la difficult\u00e9 de la r\u00e9alit\u00e9\u00a0?<\/strong><\/span><\/p>\n<p><span style=\"font-family: georgia, palatino, serif; font-size: 12pt;\"><strong>-Cyril :<\/strong> Pourquoi fuir les difficult\u00e9s de la vie\u00a0?\u00a0 Pourquoi\u00a0? Il n\u2019y a rien \u00e0 fuir. La vie est difficile et la vie est belle, c\u2019est tout. Je ne suis pas nihiliste. Quant \u00e0 l\u2019humour, un proverbe japonais dit que \u00ab\u00a0La dur\u00e9e d\u2019une vie est toujours la m\u00eame, qu\u2019on passe \u00e0 pleurer ou \u00e0 rire.<\/span><\/p>\n<p><span style=\"font-family: georgia, palatino, serif; font-size: 12pt;\"><strong>\u2013\u00a0Le dada\u00efsme a \u00e9t\u00e9 assez populaire dans la musique pop, de Cabaret Voltaire \u00e0 Tom Waits. Selon vous, pourquoi ce mouvement artistique est-il toujours aussi pertinent aujourd\u2019hui\u00a0?<\/strong><\/span><\/p>\n<p><span style=\"font-family: georgia, palatino, serif; font-size: 12pt;\"><strong>-Cyril :<\/strong> Je n\u2019ai aucune id\u00e9e de ce qui est pertinent ou pas.<\/span><\/p>\n<p><span style=\"font-family: georgia, palatino, serif; font-size: 12pt;\"><strong><img decoding=\"async\" class=\"alignleft wp-image-49139\" src=\"https:\/\/elgarajedefrank.es\/wp-content\/uploads\/2022\/10\/mamamk4-300x300.jpg\" alt=\"\" width=\"490\" height=\"490\" srcset=\"https:\/\/elgarajedefrank.es\/wp-content\/uploads\/2022\/10\/mamamk4-300x300.jpg 300w, https:\/\/elgarajedefrank.es\/wp-content\/uploads\/2022\/10\/mamamk4-150x150.jpg 150w, https:\/\/elgarajedefrank.es\/wp-content\/uploads\/2022\/10\/mamamk4-585x585.jpg 585w, https:\/\/elgarajedefrank.es\/wp-content\/uploads\/2022\/10\/mamamk4.jpg 600w\" sizes=\"(max-width: 490px) 100vw, 490px\" \/>\u2013\u00a0Votre premier album, <em>Sous<\/em> <em>la Peau de Maman K\u00fcsters<\/em> (2016), a \u00e9t\u00e9 bien accueilli par la critique. On y retrouve de nouvelles et d\u2019anciennes chansons. A-t-il \u00e9t\u00e9 difficile de lui donner une certaine coh\u00e9sion\u00a0?<\/strong><\/span><\/p>\n<p><span style=\"font-family: georgia, palatino, serif; font-size: 12pt;\"><strong>\u2013\u00a0Ga\u00ebl\u00a0:<\/strong> Pas du tout, c\u2019est la voix et le d\u00e9bit de mots de Cyril qui assure toute sa coh\u00e9sion.<\/span><\/p>\n<p><span style=\"font-family: georgia, palatino, serif; font-size: 12pt;\"><strong>\u2013\u00a0Que pouvez-vous nous dire \u00e0 propos de <em>Cherche querelle<\/em>\u00a0? S\u2019agissait-il seulement d\u2019un album de remixes\u00a0?<\/strong><\/span><\/p>\n<p><span style=\"font-family: georgia, palatino, serif; font-size: 12pt;\"><strong>\u2013\u00a0Ga\u00ebl\u00a0:<\/strong> Il s\u2019agissait d\u2019une sorte de version vinyle LP de nos titres avec quelques titres \u00e9dit\u00e9s sur un label fran\u00e7ais (nos amis Christophe Mevel et Reno de Bad Seeds Recordings)<\/span><\/p>\n<p><span style=\"font-family: georgia, palatino, serif; font-size: 12pt;\"><strong>\u2013\u00a0Comme vous \u00eates brestois, est-ce que vous avez voulu faire blague avec le film\/livre de Jean Genet de Fassbinder\u00a0?<\/strong><\/span><\/p>\n<p><span style=\"font-family: georgia, palatino, serif; font-size: 12pt;\"><strong>-Cyril :<\/strong> Oui, c\u2019\u00e9tait une blague, rien de plus.<\/span><\/p>\n<p><span style=\"font-family: georgia, palatino, serif; font-size: 12pt;\"><strong>\u2013\u00a0Ga\u00ebl\u00a0:<\/strong> Oui, un grand r\u00e9alisateur, un grand film, une grande ville\u00a0!<\/span><\/p>\n<p><span style=\"font-family: georgia, palatino, serif; font-size: 12pt;\"><strong>\u2013\u00a0Vos albums comportent des chansons en fran\u00e7ais et en allemand. Comment choisissez-vous la langue selon la chanson\u00a0?<\/strong><\/span><\/p>\n<p><span style=\"font-family: georgia, palatino, serif; font-size: 12pt;\"><strong>-Cyril :<\/strong> Je ne sais pas. La langue s\u2019impose d\u2019elle-m\u00eame. Fran\u00e7ais, allemand, italien, japonais&#8230;<\/span><\/p>\n<p><span style=\"font-family: georgia, palatino, serif; font-size: 12pt;\"><strong>\u2013\u00a0Dans vos albums, on trouve toujours de nouvelles versions de vieilles chansons. Pr\u00e9f\u00e9rez-vous voir vos compositions comme un travail en cours plut\u00f4t que de les consid\u00e9rer comme termin\u00e9es\u00a0?<\/strong><\/span><\/p>\n<p><span style=\"font-family: georgia, palatino, serif; font-size: 12pt;\"><strong>-Cyril :<\/strong> Je pense surtout qu\u2019on se dit\u00a0: \u00ab\u00a0On va faire ceci ou cela, car on en a envie et que \u00e7a nous pla\u00eet\u00a0\u00bb. On ne pr\u00e9voit rien. On s\u2019amuse, c\u2019est tout.<\/span><\/p>\n<p><span style=\"font-family: georgia, palatino, serif; font-size: 12pt;\"><strong>\u2013\u00a0Ga\u00ebl\u00a0:<\/strong> Certaines compos sont termin\u00e9es, d\u2019autres \u00e9voluent en fonction de notre humeur du moment.<\/span><\/p>\n<p><span style=\"font-family: georgia, palatino, serif; font-size: 12pt;\"><strong>\u2013\u00a0Dans<em> L\u2019Extase Et La Terreur<\/em>, vous avez travaill\u00e9 avec Julia Bondar. Vous l\u2019avez choisie parce que vous \u00e9tiez sur le m\u00eame label\u00a0?<\/strong><\/span><\/p>\n<p><span style=\"font-family: georgia, palatino, serif; font-size: 12pt;\"><strong>\u2013\u00a0Ga\u00ebl\u00a0:<\/strong> Non, pas du tout, je connais <strong>Julia<\/strong> depuis longtemps, j\u2019ai mix\u00e9 et masteris\u00e9 son premier album (<em>In my neighbourhood<\/em>) et je le fais toujours. J\u2019ai envoy\u00e9 certains de ses morceaux \u00e0 Pedro et il voulait la signer pour un LP sur Unknown Pleasure Records.<\/span><\/p>\n<p><span style=\"font-family: georgia, palatino, serif; font-size: 12pt;\"><strong>\u2013\u00a0Nous allons \u00e9galement voir Chris Shape \u00e0 l\u2019Ombra. Que pensez-vous du remix qu\u2019il a fait pour l\u2019album\u00a0? Aimez-vous aussi son travail en solo\u00a0?<img loading=\"lazy\" decoding=\"async\" class=\"alignright wp-image-49143\" src=\"https:\/\/elgarajedefrank.es\/wp-content\/uploads\/2022\/10\/mamamk5-257x300.jpg\" alt=\"\" width=\"470\" height=\"549\" srcset=\"https:\/\/elgarajedefrank.es\/wp-content\/uploads\/2022\/10\/mamamk5-257x300.jpg 257w, https:\/\/elgarajedefrank.es\/wp-content\/uploads\/2022\/10\/mamamk5.jpg 514w\" sizes=\"(max-width: 470px) 100vw, 470px\" \/><\/strong><\/span><\/p>\n<p><span style=\"font-family: georgia, palatino, serif; font-size: 12pt;\"><strong>-Cyril :<\/strong> Le remix \u00e9tait sympa\u00a0; je ne connais pas son travail en solo.<\/span><\/p>\n<p><span style=\"font-family: georgia, palatino, serif; font-size: 12pt;\"><strong>\u2013\u00a0Ga\u00ebl\u00a0:<\/strong> Oui, on l\u2019adore\u00a0! C\u2019\u00e9tait un tr\u00e8s bon remix, j\u2019adore aussi son travail en solo.<\/span><\/p>\n<p><span style=\"font-family: georgia, palatino, serif; font-size: 12pt;\"><strong>\u2013\u00a0Cyril, avec ton projet HF90, tu as fait quelques reprises d\u2019\u00c9tienne Daho, qui est d\u2019ailleurs une influence pour votre duo. Qu\u2019ajoute-t-il \u00e0 votre son\u00a0? La partie chanson\u00a0?<\/strong><\/span><\/p>\n<p><span style=\"font-family: georgia, palatino, serif; font-size: 12pt;\"><strong>-Cyril :<\/strong> Christophe Mevel et moi appr\u00e9cions la musique et les paroles d\u2019<strong>\u00c9tienne Daho<\/strong>. <strong>HF90<\/strong> est un peu comme <strong>Maman K\u00fcsters.<\/strong> Certaines chansons remontent sont si vieilles que je ne sais pas quoi r\u00e9pondre \u00e0 certaines questions. Comme tu peux le voir, d\u2019ailleurs\u00a0!<\/span><\/p>\n<p><span style=\"font-family: georgia, palatino, serif; font-size: 12pt;\"><strong>\u2013\u00a0Ga\u00ebl, tu poss\u00e8des ta propre marque de p\u00e9dales, Touellskouarn. Tu peux nous en parler\u00a0? Tu cr\u00e9es tes propres p\u00e9dales, non\u00a0?<\/strong><\/span><\/p>\n<p><span style=\"font-family: georgia, palatino, serif; font-size: 12pt;\"><strong>\u2013\u00a0Ga\u00ebl\u00a0: <\/strong>Oui, je fabrique des synth\u00e9s modulaires et des p\u00e9dales, au d\u00e9but c\u2019\u00e9tait pour mon usage personnel, mais \u00e0 pr\u00e9sent, j\u2019aime \u00e9couter la musique que les autres artistes composent avec mes instruments.<\/span><\/p>\n<p><span style=\"font-family: georgia, palatino, serif; font-size: 12pt;\"><strong>\u2013\u00a0Nous avons parl\u00e9 des paroles, mais Cyril a \u00e9galement \u00e9crit un roman D\u00e9marre la jeep, et une compilation d\u2019\u00e9crits intitul\u00e9e BernaStrasse, Adoncques ainsi rouler skate. Tu peux en parler \u00e0 nos lecteurs\u00a0?<\/strong><\/span><\/p>\n<p><span style=\"font-family: georgia, palatino, serif; font-size: 12pt;\"><strong>-Cyril :<\/strong> \u00ab\u00a0D\u00e9marre la jeep\u00a0\u00bb sont des phrases qui se r\u00e9pondent jusqu\u2019\u00e0 former une histoire. On pourrait dire que c\u2019est sous influence de \u00ab\u00a0Tawara Machi \/ Richard Brautigan\u00a0\u00bb. \u00ab\u00a0Bernastrasse adoncques ainsi rouler skate\u00a0\u00bb est de la po\u00e9sie, comme des cartes postales de vacances. Ainsi que \u00ab\u00a0Vide Ador\u00e9 1&#8221; et \u00ab\u00a0Vide ador\u00e9 2&#8221; en guise de conclusion&#8230; un peu comme une trilogie po\u00e9tique&#8230; Tout cela se trouve aux \u00e9ditions Qazaq sur le site \u00ab\u00a0Les cosaques des fronti\u00e8res\u00a0\u00bb de Yan Kouton&#8230; Je n\u2019ai rien d\u2019autre de sp\u00e9cial \u00e0 ajouter. Si les gens lisent \u00e7a et qu\u2019ils aiment, si \u00e7a les fait sourire, c\u2019est tant mieux. Je ne me soucie pas vraiment de la musique et de l\u2019\u00e9criture, c\u2019est bien, mais c\u2019est pas le centre du monde.<\/span><\/p>\n<p><span style=\"font-family: georgia, palatino, serif; font-size: 12pt;\"><strong>\u2013\u00a0Cyril, avec ton AKA B Strasse 1, tu as sorti des travaux plus ambients, \u00e9galement avec Pan &amp; Me. Pourquoi aimes-tu l\u2019ambient\u00a0? Pour les personnes qui ne connaissent que la musique de Maman K\u00fcsters, il est assez \u00e9trange de vous imaginer tous les deux composer de l\u2019ambient.<\/strong><\/span><\/p>\n<p><span style=\"font-family: georgia, palatino, serif; font-size: 12pt;\"><strong>-Cyril :<\/strong> Ga\u00ebl et moi avons toujours appr\u00e9ci\u00e9 l\u2019ambient. De <strong>Brian Eno<\/strong> \u00e0 <strong>Hiroshi Yoshimura<\/strong>.<\/span><\/p>\n<p><span style=\"font-family: georgia, palatino, serif; font-size: 12pt;\"><strong>\u2013\u00a0Ga\u00ebl fait aussi de l\u2019ambient avec ses AKA Moregeometrico et Noroeste. Que peux-tu nous dire de ces deux projets\u00a0?<\/strong><\/span><\/p>\n<p><span style=\"font-family: georgia, palatino, serif; font-size: 12pt;\"><strong>\u2013\u00a0Ga\u00ebl\u00a0:<\/strong> Ce sont de vieux projets d\u2019exp\u00e9rimentation\/ambient solo. J\u2019aime toujours jouer et enregistrer de l\u2019ambient.<\/span><\/p>\n<p><span style=\"font-family: georgia, palatino, serif; font-size: 12pt;\"><strong>\u2013\u00a0Ga\u00ebl, tu fais \u00e9galement partie du Dale Cooper Quartet, un projet int\u00e9ressant qui m\u00eale drone, dark ambient, jazz. Comment d\u00e9crirais-tu ta contribution \u00e0 ce groupe\u00a0?<\/strong><\/span><\/p>\n<p><span style=\"font-family: georgia, palatino, serif; font-size: 12pt;\"><strong>\u2013\u00a0Ga\u00ebl\u00a0:<\/strong> En fait, ce quatuor (Christophe Level, Yannick Martin, Krystian Sarreau et moi-m\u00eame) est surtout l\u2019\u0153uvre de 3\u00a0personnes. Nous composons tous, nous jouons tous les instruments et on mixe ensemble.<\/span><\/p>\n<p><span style=\"font-family: georgia, palatino, serif; font-size: 12pt;\"><strong>\u2013\u00a0M\u00eame si j\u2019ai achet\u00e9 et appr\u00e9ci\u00e9 l\u2019album, je ne savais pas que MonoB vs NoroE \u00e9tait compos\u00e9 de toi, Ga\u00ebl, et du r\u00e9alisateur Marc Caro. Tu peux nous en dire plus\u00a0?<\/strong><\/span><\/p>\n<p><span style=\"font-family: georgia, palatino, serif; font-size: 12pt;\"><strong>\u2013\u00a0Ga\u00ebl\u00a0:<\/strong><strong> Marc et moi sommes passionn\u00e9s de musique exp\u00e9rimentale.<\/strong><\/span><\/p>\n<p><span style=\"font-family: georgia, palatino, serif; font-size: 12pt;\">On s\u2019est rencontr\u00e9s il y a quelques ann\u00e9es et on a d\u00e9cid\u00e9 presque instantan\u00e9ment de faire de la musique ensemble. On a donn\u00e9 plusieurs concerts, et on travaille sur un nouvel album. C\u2019est un incroyable r\u00e9alisateur de films et un cr\u00e9ateur de sons, je suis tr\u00e8s heureux de composer avec lui.<\/span><\/p>\n<p><span style=\"font-family: georgia, palatino, serif; font-size: 12pt;\"><strong>\u2013\u00a0Que peut-on attendre de Maman K\u00fcsters, \u00e0 l\u2019avenir\u00a0?<\/strong><\/span><\/p>\n<p><span style=\"font-family: georgia, palatino, serif; font-size: 12pt;\"><strong>-Cyril :<\/strong> Une recette de pain perdu&#8230; on n\u2019a jamais int\u00e9gr\u00e9 de recette dans les paroles de notre EBM, \u00e7a pourrait \u00eatre g\u00e9nial. \u00c0 quoi vous attendre\u00a0? \u00c0 des paroles idiotes sur une musique idiote&#8230; et \u00e0 sourire.<\/span><\/p>\n<p><span style=\"font-family: georgia, palatino, serif; font-size: 12pt;\"><strong>\u2013\u00a0Ga\u00ebl\u00a0:<\/strong> On adore composer de nouvelles chansons avec Cyril, et on continuera tant que \u00e7a nous plaira.<\/span><\/p>\n<p><span style=\"font-family: georgia, palatino, serif; font-size: 12pt;\"><strong>\u2013\u00a0Que peut-on attendre de votre concert \u00e0 l\u2019Ombra\u00a0? Pedro va chanter avec vous\u00a0?<\/strong><\/span><\/p>\n<p><span style=\"font-family: georgia, palatino, serif; font-size: 12pt;\"><strong>\u2013\u00a0Ga\u00ebl\u00a0: <\/strong>Le concert sera principalement instrumental car Cyril ne vient pas, Pedro me rejoindra sur sc\u00e8ne pour 2 ou 3\u00a0titres avec des paroles. On pr\u00e9sentera des titres in\u00e9dits ainsi que d\u2019anciens titres.<\/span><\/p>\n","protected":false},"excerpt":{"rendered":"<p>Maman K\u00fcsters, comme ils le prouvent dans cette interview, est l&#8217;un des groupes les plus&hellip;<\/p>\n","protected":false},"author":1,"featured_media":49128,"comment_status":"open","ping_status":"open","sticky":false,"template":"","format":"standard","meta":{"_lmt_disableupdate":"","_lmt_disable":"","footnotes":""},"categories":[35,827],"tags":[320,358],"class_list":["post-49228","post","type-post","status-publish","format-standard","has-post-thumbnail","hentry","category-interviews-fr","category-ombra-2022-fr","tag-ebm-2-fr","tag-musique-electronique"],"yoast_head":"<!-- This site is optimized with the Yoast SEO plugin v27.4 - https:\/\/yoast.com\/product\/yoast-seo-wordpress\/ -->\n<title>Interview: Maman K\u00fcsters &#8212; El Garaje de Frank<\/title>\n<meta name=\"description\" content=\"Interviews &#8212; Interview avec le groupe fran\u00e7ais d&#039;EBM Maman K\u00fcsters qui se produira \u00e0 l&#039;Ombra festival au mois de novembre.\" \/>\n<meta name=\"robots\" content=\"index, follow, max-snippet:-1, max-image-preview:large, max-video-preview:-1\" \/>\n<link rel=\"canonical\" href=\"https:\/\/elgarajedefrank.es\/fr\/interview-maman-kusters\/\" \/>\n<meta property=\"og:locale\" content=\"fr_FR\" \/>\n<meta property=\"og:type\" content=\"article\" \/>\n<meta property=\"og:title\" content=\"Interview: Maman K\u00fcsters &#8212; El Garaje de Frank\" \/>\n<meta property=\"og:description\" content=\"Interviews &#8212; Interview avec le groupe fran\u00e7ais d&#039;EBM Maman K\u00fcsters qui se produira \u00e0 l&#039;Ombra festival au mois de novembre.\" \/>\n<meta property=\"og:url\" content=\"https:\/\/elgarajedefrank.es\/fr\/interview-maman-kusters\/\" \/>\n<meta property=\"og:site_name\" content=\"El Garaje de Frank\" \/>\n<meta property=\"article:publisher\" content=\"https:\/\/www.facebook.com\/elgarajedefrank\/\" \/>\n<meta property=\"article:author\" content=\"https:\/\/www.facebook.com\/elgarajedefrank\/\" \/>\n<meta property=\"article:published_time\" content=\"2022-10-18T14:29:44+00:00\" \/>\n<meta property=\"article:modified_time\" content=\"2022-10-18T14:47:49+00:00\" \/>\n<meta property=\"og:image\" content=\"https:\/\/elgarajedefrank.es\/wp-content\/uploads\/2022\/10\/MamamK.-copia-scaled.jpg\" \/>\n\t<meta property=\"og:image:width\" content=\"2560\" \/>\n\t<meta property=\"og:image:height\" content=\"2033\" \/>\n\t<meta property=\"og:image:type\" content=\"image\/jpeg\" \/>\n<meta name=\"author\" content=\"Fran\u00e7ois Zappa\" \/>\n<meta name=\"twitter:card\" content=\"summary_large_image\" \/>\n<meta name=\"twitter:label1\" content=\"\u00c9crit par\" \/>\n\t<meta name=\"twitter:data1\" content=\"Fran\u00e7ois Zappa\" \/>\n\t<meta name=\"twitter:label2\" content=\"Dur\u00e9e de lecture estim\u00e9e\" \/>\n\t<meta name=\"twitter:data2\" content=\"10 minutes\" \/>\n<script type=\"application\/ld+json\" class=\"yoast-schema-graph\">{\"@context\":\"https:\\\/\\\/schema.org\",\"@graph\":[{\"@type\":\"Article\",\"@id\":\"https:\\\/\\\/elgarajedefrank.es\\\/fr\\\/interview-maman-kusters\\\/#article\",\"isPartOf\":{\"@id\":\"https:\\\/\\\/elgarajedefrank.es\\\/fr\\\/interview-maman-kusters\\\/\"},\"author\":{\"name\":\"Fran\u00e7ois Zappa\",\"@id\":\"https:\\\/\\\/elgarajedefrank.es\\\/fr\\\/#\\\/schema\\\/person\\\/d709c9c33f5f405d44c6c9397889ba15\"},\"headline\":\"Interview: Maman K\u00fcsters\",\"datePublished\":\"2022-10-18T14:29:44+00:00\",\"dateModified\":\"2022-10-18T14:47:49+00:00\",\"mainEntityOfPage\":{\"@id\":\"https:\\\/\\\/elgarajedefrank.es\\\/fr\\\/interview-maman-kusters\\\/\"},\"wordCount\":2012,\"commentCount\":0,\"publisher\":{\"@id\":\"https:\\\/\\\/elgarajedefrank.es\\\/fr\\\/#\\\/schema\\\/person\\\/d709c9c33f5f405d44c6c9397889ba15\"},\"image\":{\"@id\":\"https:\\\/\\\/elgarajedefrank.es\\\/fr\\\/interview-maman-kusters\\\/#primaryimage\"},\"thumbnailUrl\":\"https:\\\/\\\/elgarajedefrank.es\\\/wp-content\\\/uploads\\\/2022\\\/10\\\/MamamK.-copia-scaled.jpg\",\"keywords\":[\"EBM\",\"Musique \u00e9lectronique\"],\"articleSection\":[\"Interviews\",\"Ombra 2022\"],\"inLanguage\":\"fr-FR\",\"potentialAction\":[{\"@type\":\"CommentAction\",\"name\":\"Comment\",\"target\":[\"https:\\\/\\\/elgarajedefrank.es\\\/fr\\\/interview-maman-kusters\\\/#respond\"]}]},{\"@type\":\"WebPage\",\"@id\":\"https:\\\/\\\/elgarajedefrank.es\\\/fr\\\/interview-maman-kusters\\\/\",\"url\":\"https:\\\/\\\/elgarajedefrank.es\\\/fr\\\/interview-maman-kusters\\\/\",\"name\":\"Interview: Maman K\u00fcsters &#8212; El Garaje de Frank\",\"isPartOf\":{\"@id\":\"https:\\\/\\\/elgarajedefrank.es\\\/fr\\\/#website\"},\"primaryImageOfPage\":{\"@id\":\"https:\\\/\\\/elgarajedefrank.es\\\/fr\\\/interview-maman-kusters\\\/#primaryimage\"},\"image\":{\"@id\":\"https:\\\/\\\/elgarajedefrank.es\\\/fr\\\/interview-maman-kusters\\\/#primaryimage\"},\"thumbnailUrl\":\"https:\\\/\\\/elgarajedefrank.es\\\/wp-content\\\/uploads\\\/2022\\\/10\\\/MamamK.-copia-scaled.jpg\",\"datePublished\":\"2022-10-18T14:29:44+00:00\",\"dateModified\":\"2022-10-18T14:47:49+00:00\",\"description\":\"Interviews &#8212; Interview avec le groupe fran\u00e7ais d'EBM Maman K\u00fcsters qui se produira \u00e0 l'Ombra festival au mois de novembre.\",\"breadcrumb\":{\"@id\":\"https:\\\/\\\/elgarajedefrank.es\\\/fr\\\/interview-maman-kusters\\\/#breadcrumb\"},\"inLanguage\":\"fr-FR\",\"potentialAction\":[{\"@type\":\"ReadAction\",\"target\":[\"https:\\\/\\\/elgarajedefrank.es\\\/fr\\\/interview-maman-kusters\\\/\"]}]},{\"@type\":\"ImageObject\",\"inLanguage\":\"fr-FR\",\"@id\":\"https:\\\/\\\/elgarajedefrank.es\\\/fr\\\/interview-maman-kusters\\\/#primaryimage\",\"url\":\"https:\\\/\\\/elgarajedefrank.es\\\/wp-content\\\/uploads\\\/2022\\\/10\\\/MamamK.-copia-scaled.jpg\",\"contentUrl\":\"https:\\\/\\\/elgarajedefrank.es\\\/wp-content\\\/uploads\\\/2022\\\/10\\\/MamamK.-copia-scaled.jpg\",\"width\":2560,\"height\":2033},{\"@type\":\"BreadcrumbList\",\"@id\":\"https:\\\/\\\/elgarajedefrank.es\\\/fr\\\/interview-maman-kusters\\\/#breadcrumb\",\"itemListElement\":[{\"@type\":\"ListItem\",\"position\":1,\"name\":\"Inicio\",\"item\":\"https:\\\/\\\/elgarajedefrank.es\\\/fr\\\/\"},{\"@type\":\"ListItem\",\"position\":2,\"name\":\"Interviews\",\"item\":\"https:\\\/\\\/elgarajedefrank.es\\\/fr\\\/category\\\/interviews-fr\\\/\"},{\"@type\":\"ListItem\",\"position\":3,\"name\":\"Interview: Maman K\u00fcsters\"}]},{\"@type\":\"WebSite\",\"@id\":\"https:\\\/\\\/elgarajedefrank.es\\\/fr\\\/#website\",\"url\":\"https:\\\/\\\/elgarajedefrank.es\\\/fr\\\/\",\"name\":\"El Garaje de Frank\",\"description\":\"Music magazine\",\"publisher\":{\"@id\":\"https:\\\/\\\/elgarajedefrank.es\\\/fr\\\/#\\\/schema\\\/person\\\/d709c9c33f5f405d44c6c9397889ba15\"},\"potentialAction\":[{\"@type\":\"SearchAction\",\"target\":{\"@type\":\"EntryPoint\",\"urlTemplate\":\"https:\\\/\\\/elgarajedefrank.es\\\/fr\\\/?s={search_term_string}\"},\"query-input\":{\"@type\":\"PropertyValueSpecification\",\"valueRequired\":true,\"valueName\":\"search_term_string\"}}],\"inLanguage\":\"fr-FR\"},{\"@type\":[\"Person\",\"Organization\"],\"@id\":\"https:\\\/\\\/elgarajedefrank.es\\\/fr\\\/#\\\/schema\\\/person\\\/d709c9c33f5f405d44c6c9397889ba15\",\"name\":\"Fran\u00e7ois Zappa\",\"image\":{\"@type\":\"ImageObject\",\"inLanguage\":\"fr-FR\",\"@id\":\"https:\\\/\\\/elgarajedefrank.es\\\/wp-content\\\/uploads\\\/2019\\\/10\\\/IMG_8278-150x150.jpg\",\"url\":\"https:\\\/\\\/elgarajedefrank.es\\\/wp-content\\\/uploads\\\/2019\\\/10\\\/IMG_8278-150x150.jpg\",\"contentUrl\":\"https:\\\/\\\/elgarajedefrank.es\\\/wp-content\\\/uploads\\\/2019\\\/10\\\/IMG_8278-150x150.jpg\",\"caption\":\"Fran\u00e7ois Zappa\"},\"logo\":{\"@id\":\"https:\\\/\\\/elgarajedefrank.es\\\/wp-content\\\/uploads\\\/2019\\\/10\\\/IMG_8278-150x150.jpg\"},\"sameAs\":[\"https:\\\/\\\/www.facebook.com\\\/elgarajedefrank\\\/\",\"https:\\\/\\\/www.instagram.com\\\/elgarajedefrank\\\/\"]}]}<\/script>\n<!-- \/ Yoast SEO plugin. -->","yoast_head_json":{"title":"Interview: Maman K\u00fcsters &#8212; El Garaje de Frank","description":"Interviews &#8212; Interview avec le groupe fran\u00e7ais d'EBM Maman K\u00fcsters qui se produira \u00e0 l'Ombra festival au mois de novembre.","robots":{"index":"index","follow":"follow","max-snippet":"max-snippet:-1","max-image-preview":"max-image-preview:large","max-video-preview":"max-video-preview:-1"},"canonical":"https:\/\/elgarajedefrank.es\/fr\/interview-maman-kusters\/","og_locale":"fr_FR","og_type":"article","og_title":"Interview: Maman K\u00fcsters &#8212; El Garaje de Frank","og_description":"Interviews &#8212; Interview avec le groupe fran\u00e7ais d'EBM Maman K\u00fcsters qui se produira \u00e0 l'Ombra festival au mois de novembre.","og_url":"https:\/\/elgarajedefrank.es\/fr\/interview-maman-kusters\/","og_site_name":"El Garaje de Frank","article_publisher":"https:\/\/www.facebook.com\/elgarajedefrank\/","article_author":"https:\/\/www.facebook.com\/elgarajedefrank\/","article_published_time":"2022-10-18T14:29:44+00:00","article_modified_time":"2022-10-18T14:47:49+00:00","og_image":[{"width":2560,"height":2033,"url":"https:\/\/elgarajedefrank.es\/wp-content\/uploads\/2022\/10\/MamamK.-copia-scaled.jpg","type":"image\/jpeg"}],"author":"Fran\u00e7ois Zappa","twitter_card":"summary_large_image","twitter_misc":{"\u00c9crit par":"Fran\u00e7ois Zappa","Dur\u00e9e de lecture estim\u00e9e":"10 minutes"},"schema":{"@context":"https:\/\/schema.org","@graph":[{"@type":"Article","@id":"https:\/\/elgarajedefrank.es\/fr\/interview-maman-kusters\/#article","isPartOf":{"@id":"https:\/\/elgarajedefrank.es\/fr\/interview-maman-kusters\/"},"author":{"name":"Fran\u00e7ois Zappa","@id":"https:\/\/elgarajedefrank.es\/fr\/#\/schema\/person\/d709c9c33f5f405d44c6c9397889ba15"},"headline":"Interview: Maman K\u00fcsters","datePublished":"2022-10-18T14:29:44+00:00","dateModified":"2022-10-18T14:47:49+00:00","mainEntityOfPage":{"@id":"https:\/\/elgarajedefrank.es\/fr\/interview-maman-kusters\/"},"wordCount":2012,"commentCount":0,"publisher":{"@id":"https:\/\/elgarajedefrank.es\/fr\/#\/schema\/person\/d709c9c33f5f405d44c6c9397889ba15"},"image":{"@id":"https:\/\/elgarajedefrank.es\/fr\/interview-maman-kusters\/#primaryimage"},"thumbnailUrl":"https:\/\/elgarajedefrank.es\/wp-content\/uploads\/2022\/10\/MamamK.-copia-scaled.jpg","keywords":["EBM","Musique \u00e9lectronique"],"articleSection":["Interviews","Ombra 2022"],"inLanguage":"fr-FR","potentialAction":[{"@type":"CommentAction","name":"Comment","target":["https:\/\/elgarajedefrank.es\/fr\/interview-maman-kusters\/#respond"]}]},{"@type":"WebPage","@id":"https:\/\/elgarajedefrank.es\/fr\/interview-maman-kusters\/","url":"https:\/\/elgarajedefrank.es\/fr\/interview-maman-kusters\/","name":"Interview: Maman K\u00fcsters &#8212; El Garaje de Frank","isPartOf":{"@id":"https:\/\/elgarajedefrank.es\/fr\/#website"},"primaryImageOfPage":{"@id":"https:\/\/elgarajedefrank.es\/fr\/interview-maman-kusters\/#primaryimage"},"image":{"@id":"https:\/\/elgarajedefrank.es\/fr\/interview-maman-kusters\/#primaryimage"},"thumbnailUrl":"https:\/\/elgarajedefrank.es\/wp-content\/uploads\/2022\/10\/MamamK.-copia-scaled.jpg","datePublished":"2022-10-18T14:29:44+00:00","dateModified":"2022-10-18T14:47:49+00:00","description":"Interviews &#8212; Interview avec le groupe fran\u00e7ais d'EBM Maman K\u00fcsters qui se produira \u00e0 l'Ombra festival au mois de novembre.","breadcrumb":{"@id":"https:\/\/elgarajedefrank.es\/fr\/interview-maman-kusters\/#breadcrumb"},"inLanguage":"fr-FR","potentialAction":[{"@type":"ReadAction","target":["https:\/\/elgarajedefrank.es\/fr\/interview-maman-kusters\/"]}]},{"@type":"ImageObject","inLanguage":"fr-FR","@id":"https:\/\/elgarajedefrank.es\/fr\/interview-maman-kusters\/#primaryimage","url":"https:\/\/elgarajedefrank.es\/wp-content\/uploads\/2022\/10\/MamamK.-copia-scaled.jpg","contentUrl":"https:\/\/elgarajedefrank.es\/wp-content\/uploads\/2022\/10\/MamamK.-copia-scaled.jpg","width":2560,"height":2033},{"@type":"BreadcrumbList","@id":"https:\/\/elgarajedefrank.es\/fr\/interview-maman-kusters\/#breadcrumb","itemListElement":[{"@type":"ListItem","position":1,"name":"Inicio","item":"https:\/\/elgarajedefrank.es\/fr\/"},{"@type":"ListItem","position":2,"name":"Interviews","item":"https:\/\/elgarajedefrank.es\/fr\/category\/interviews-fr\/"},{"@type":"ListItem","position":3,"name":"Interview: Maman K\u00fcsters"}]},{"@type":"WebSite","@id":"https:\/\/elgarajedefrank.es\/fr\/#website","url":"https:\/\/elgarajedefrank.es\/fr\/","name":"El Garaje de Frank","description":"Music magazine","publisher":{"@id":"https:\/\/elgarajedefrank.es\/fr\/#\/schema\/person\/d709c9c33f5f405d44c6c9397889ba15"},"potentialAction":[{"@type":"SearchAction","target":{"@type":"EntryPoint","urlTemplate":"https:\/\/elgarajedefrank.es\/fr\/?s={search_term_string}"},"query-input":{"@type":"PropertyValueSpecification","valueRequired":true,"valueName":"search_term_string"}}],"inLanguage":"fr-FR"},{"@type":["Person","Organization"],"@id":"https:\/\/elgarajedefrank.es\/fr\/#\/schema\/person\/d709c9c33f5f405d44c6c9397889ba15","name":"Fran\u00e7ois Zappa","image":{"@type":"ImageObject","inLanguage":"fr-FR","@id":"https:\/\/elgarajedefrank.es\/wp-content\/uploads\/2019\/10\/IMG_8278-150x150.jpg","url":"https:\/\/elgarajedefrank.es\/wp-content\/uploads\/2019\/10\/IMG_8278-150x150.jpg","contentUrl":"https:\/\/elgarajedefrank.es\/wp-content\/uploads\/2019\/10\/IMG_8278-150x150.jpg","caption":"Fran\u00e7ois Zappa"},"logo":{"@id":"https:\/\/elgarajedefrank.es\/wp-content\/uploads\/2019\/10\/IMG_8278-150x150.jpg"},"sameAs":["https:\/\/www.facebook.com\/elgarajedefrank\/","https:\/\/www.instagram.com\/elgarajedefrank\/"]}]}},"_links":{"self":[{"href":"https:\/\/elgarajedefrank.es\/fr\/wp-json\/wp\/v2\/posts\/49228","targetHints":{"allow":["GET"]}}],"collection":[{"href":"https:\/\/elgarajedefrank.es\/fr\/wp-json\/wp\/v2\/posts"}],"about":[{"href":"https:\/\/elgarajedefrank.es\/fr\/wp-json\/wp\/v2\/types\/post"}],"author":[{"embeddable":true,"href":"https:\/\/elgarajedefrank.es\/fr\/wp-json\/wp\/v2\/users\/1"}],"replies":[{"embeddable":true,"href":"https:\/\/elgarajedefrank.es\/fr\/wp-json\/wp\/v2\/comments?post=49228"}],"version-history":[{"count":3,"href":"https:\/\/elgarajedefrank.es\/fr\/wp-json\/wp\/v2\/posts\/49228\/revisions"}],"predecessor-version":[{"id":49235,"href":"https:\/\/elgarajedefrank.es\/fr\/wp-json\/wp\/v2\/posts\/49228\/revisions\/49235"}],"wp:featuredmedia":[{"embeddable":true,"href":"https:\/\/elgarajedefrank.es\/fr\/wp-json\/wp\/v2\/media\/49128"}],"wp:attachment":[{"href":"https:\/\/elgarajedefrank.es\/fr\/wp-json\/wp\/v2\/media?parent=49228"}],"wp:term":[{"taxonomy":"category","embeddable":true,"href":"https:\/\/elgarajedefrank.es\/fr\/wp-json\/wp\/v2\/categories?post=49228"},{"taxonomy":"post_tag","embeddable":true,"href":"https:\/\/elgarajedefrank.es\/fr\/wp-json\/wp\/v2\/tags?post=49228"}],"curies":[{"name":"wp","href":"https:\/\/api.w.org\/{rel}","templated":true}]}}