{"id":46453,"date":"2022-07-14T14:47:13","date_gmt":"2022-07-14T12:47:13","guid":{"rendered":"https:\/\/elgarajedefrank.es\/?p=46453"},"modified":"2022-09-09T18:38:03","modified_gmt":"2022-09-09T16:38:03","slug":"el-garaje-de-frank-presenta-ed-warner-ombra-showcase-at-sinners-day","status":"publish","type":"post","link":"https:\/\/elgarajedefrank.es\/fr\/el-garaje-de-frank-presenta-ed-warner-ombra-showcase-at-sinners-day\/","title":{"rendered":"El Garaje de Frank pr\u00e9sente : Ed Warner (Ombra Showcase at Sinner&#8217;s Day)"},"content":{"rendered":"\t\t<div data-elementor-type=\"wp-post\" data-elementor-id=\"46453\" class=\"elementor elementor-46453\" data-elementor-post-type=\"post\">\n\t\t\t\t\t\t<section class=\"penci-section penci-disSticky penci-structure-10 elementor-section elementor-top-section elementor-element elementor-element-28bda25f elementor-section-boxed elementor-section-height-default elementor-section-height-default\" data-id=\"28bda25f\" data-element_type=\"section\" data-e-type=\"section\">\n\t\t\t\t\t\t<div class=\"elementor-container elementor-column-gap-default\">\n\t\t\t\t\t<div class=\"penci-ercol-100 penci-ercol-order-1 penci-sticky-ct    elementor-column elementor-col-100 elementor-top-column elementor-element elementor-element-ffd520a\" data-id=\"ffd520a\" data-element_type=\"column\" data-e-type=\"column\">\n\t\t\t<div class=\"elementor-widget-wrap elementor-element-populated\">\n\t\t\t\t\t\t<div class=\"elementor-element elementor-element-61152d73 elementor-widget elementor-widget-text-editor\" data-id=\"61152d73\" data-element_type=\"widget\" data-e-type=\"widget\" data-widget_type=\"text-editor.default\">\n\t\t\t\t<div class=\"elementor-widget-container\">\n\t\t\t\t\t\t\t\t\t<p><span style=\"color: #000000; font-family: georgia, palatino, serif; font-size: 12pt;\">Ed Warner est bien connu du public catalan pour avoir \u00e9t\u00e9 le promoteur de nombreux \u00e9v\u00e9nements \u00e0 Barcelone pendant de nombreuses ann\u00e9es et est le propri\u00e9taire du c\u00e9l\u00e8bre club 33|45|33. Sur son label M.U.S.A, il a sorti des \u0153uvres de <strong>Spoiled<\/strong> <strong>Drama<\/strong>, <strong>RNXRX,<\/strong> et a d\u00e9velopp\u00e9 la s\u00e9rie Raval Rave Breakers. Edu compl\u00e8te son portfolio en jouant de nouveaux sons beat m\u00e9lang\u00e9s \u00e0 de l&#8217;electro et de l&#8217;EBM, comme on peut le voir dans cette session enregistr\u00e9e en direct lors de sa performance au festival belge Sinner&#8217;s Day.<\/span><\/p>\t\t\t\t\t\t\t\t<\/div>\n\t\t\t\t<\/div>\n\t\t\t\t\t<\/div>\n\t\t<\/div>\n\t\t\t\t\t<\/div>\n\t\t<\/section>\n\t\t\t\t<section class=\"penci-section penci-disSticky penci-structure-34 elementor-section elementor-top-section elementor-element elementor-element-5faf32c elementor-section-boxed elementor-section-height-default elementor-section-height-default\" data-id=\"5faf32c\" data-element_type=\"section\" data-e-type=\"section\">\n\t\t\t\t\t\t<div class=\"elementor-container elementor-column-gap-default\">\n\t\t\t\t\t<div class=\"penci-ercol-16 penci-ercol-order-1 penci-sticky-ct    elementor-column elementor-col-16 elementor-top-column elementor-element elementor-element-d23eacc\" data-id=\"d23eacc\" data-element_type=\"column\" data-e-type=\"column\">\n\t\t\t<div class=\"elementor-widget-wrap\">\n\t\t\t\t\t\t\t<\/div>\n\t\t<\/div>\n\t\t\t\t<div class=\"penci-ercol-66 penci-ercol-order-2 penci-sticky-ct    elementor-column elementor-col-66 elementor-top-column elementor-element elementor-element-1d24cf2\" data-id=\"1d24cf2\" data-element_type=\"column\" data-e-type=\"column\">\n\t\t\t<div class=\"elementor-widget-wrap elementor-element-populated\">\n\t\t\t\t\t\t<div class=\"elementor-element elementor-element-0c2b039 elementor-widget elementor-widget-shortcode\" data-id=\"0c2b039\" data-element_type=\"widget\" data-e-type=\"widget\" data-widget_type=\"shortcode.default\">\n\t\t\t\t<div class=\"elementor-widget-container\">\n\t\t\t\t\t\t\t<div class=\"elementor-shortcode\"><iframe width=\"100%\" height=\"166\" scrolling=\"no\" frameborder=\"no\" allow=\"autoplay\" src=\"https:\/\/w.soundcloud.com\/player\/?url=https%3A\/\/api.soundcloud.com\/tracks\/1305040129&color=%23ff5500&auto_play=false&hide_related=false&show_comments=true&show_user=true&show_reposts=false&show_teaser=true\"><\/iframe><div style=\"font-size: 10px; color: #cccccc;line-break: anywhere;word-break: normal;overflow: hidden;white-space: nowrap;text-overflow: ellipsis; font-family: Interstate,Lucida Grande,Lucida Sans Unicode,Lucida Sans,Garuda,Verdana,Tahoma,sans-serif;font-weight: 100;\"><a href=\"https:\/\/soundcloud.com\/violeta_elgarajedefrank\" title=\"El Garaje de Frank\" target=\"_blank\" style=\"color: #cccccc; text-decoration: none;\">El Garaje de Frank<\/a> \u00b7 <a href=\"https:\/\/soundcloud.com\/violeta_elgarajedefrank\/egf-presents-ed-warner-at-sinners-day-ombra-showcase\" title=\"EGF presents: Ed Warner at Sinner&#x27;s Day (Ombra Showcase)\" target=\"_blank\" style=\"color: #cccccc; text-decoration: none;\">EGF presents: Ed Warner at Sinner&#x27;s Day (Ombra Showcase)<\/a><\/div><\/div>\n\t\t\t\t\t\t<\/div>\n\t\t\t\t<\/div>\n\t\t\t\t\t<\/div>\n\t\t<\/div>\n\t\t\t\t<div class=\"penci-ercol-16 penci-ercol-order-3 penci-sticky-ct    elementor-column elementor-col-16 elementor-top-column elementor-element elementor-element-9843b0a\" data-id=\"9843b0a\" data-element_type=\"column\" data-e-type=\"column\">\n\t\t\t<div class=\"elementor-widget-wrap\">\n\t\t\t\t\t\t\t<\/div>\n\t\t<\/div>\n\t\t\t\t\t<\/div>\n\t\t<\/section>\n\t\t\t\t<\/div>\n\t\t","protected":false},"excerpt":{"rendered":"<p>Ed Warner est bien connu du public catalan pour avoir \u00e9t\u00e9 le promoteur de nombreux&hellip;<\/p>\n","protected":false},"author":2,"featured_media":46452,"comment_status":"open","ping_status":"open","sticky":false,"template":"","format":"standard","meta":{"_lmt_disableupdate":"","_lmt_disable":"","footnotes":""},"categories":[673,827],"tags":[314,320],"class_list":["post-46453","post","type-post","status-publish","format-standard","has-post-thumbnail","hentry","category-mixes-fr","category-ombra-2022-fr","tag-darkwave-fr","tag-ebm-2-fr"],"yoast_head":"<!-- This site is optimized with the Yoast SEO plugin v27.4 - https:\/\/yoast.com\/product\/yoast-seo-wordpress\/ -->\n<title>El Garaje de Frank pr\u00e9sente : Ed Warner (Ombra Showcase at Sinner&#039;s Day) &#8212; El Garaje de Frank<\/title>\n<meta name=\"description\" content=\"Mixes &#8212; Session d&#039;Ed Warner au Sinner&#039;s Day (Ombra Festival Showcase).\" \/>\n<meta name=\"robots\" content=\"index, follow, max-snippet:-1, max-image-preview:large, max-video-preview:-1\" \/>\n<link rel=\"canonical\" href=\"https:\/\/elgarajedefrank.es\/fr\/el-garaje-de-frank-presenta-ed-warner-ombra-showcase-at-sinners-day\/\" \/>\n<meta property=\"og:locale\" content=\"fr_FR\" \/>\n<meta property=\"og:type\" content=\"article\" \/>\n<meta property=\"og:title\" content=\"El Garaje de Frank pr\u00e9sente : Ed Warner (Ombra Showcase at Sinner&#039;s Day) &#8212; El Garaje de Frank\" \/>\n<meta property=\"og:description\" content=\"Mixes &#8212; Session d&#039;Ed Warner au Sinner&#039;s Day (Ombra Festival Showcase).\" \/>\n<meta property=\"og:url\" content=\"https:\/\/elgarajedefrank.es\/fr\/el-garaje-de-frank-presenta-ed-warner-ombra-showcase-at-sinners-day\/\" \/>\n<meta property=\"og:site_name\" content=\"El Garaje de Frank\" \/>\n<meta property=\"article:publisher\" content=\"https:\/\/www.facebook.com\/elgarajedefrank\/\" \/>\n<meta property=\"article:published_time\" content=\"2022-07-14T12:47:13+00:00\" \/>\n<meta property=\"article:modified_time\" content=\"2022-09-09T16:38:03+00:00\" \/>\n<meta property=\"og:image\" content=\"https:\/\/elgarajedefrank.es\/wp-content\/uploads\/2022\/07\/P6260223-1024x768.jpg\" \/>\n\t<meta property=\"og:image:width\" content=\"1024\" \/>\n\t<meta property=\"og:image:height\" content=\"768\" \/>\n\t<meta property=\"og:image:type\" content=\"image\/jpeg\" \/>\n<meta name=\"author\" content=\"Violeta\" \/>\n<meta name=\"twitter:card\" content=\"summary_large_image\" \/>\n<meta name=\"twitter:label1\" content=\"\u00c9crit par\" \/>\n\t<meta name=\"twitter:data1\" content=\"Violeta\" \/>\n\t<meta name=\"twitter:label2\" content=\"Dur\u00e9e de lecture estim\u00e9e\" \/>\n\t<meta name=\"twitter:data2\" content=\"1 minute\" \/>\n<script type=\"application\/ld+json\" class=\"yoast-schema-graph\">{\"@context\":\"https:\\\/\\\/schema.org\",\"@graph\":[{\"@type\":\"Article\",\"@id\":\"https:\\\/\\\/elgarajedefrank.es\\\/fr\\\/el-garaje-de-frank-presenta-ed-warner-ombra-showcase-at-sinners-day\\\/#article\",\"isPartOf\":{\"@id\":\"https:\\\/\\\/elgarajedefrank.es\\\/fr\\\/el-garaje-de-frank-presenta-ed-warner-ombra-showcase-at-sinners-day\\\/\"},\"author\":{\"name\":\"Violeta\",\"@id\":\"https:\\\/\\\/elgarajedefrank.es\\\/fr\\\/#\\\/schema\\\/person\\\/35ec115bc6f8fb3d23238106dc7c1308\"},\"headline\":\"El Garaje de Frank pr\u00e9sente : Ed Warner (Ombra Showcase at Sinner&#8217;s Day)\",\"datePublished\":\"2022-07-14T12:47:13+00:00\",\"dateModified\":\"2022-09-09T16:38:03+00:00\",\"mainEntityOfPage\":{\"@id\":\"https:\\\/\\\/elgarajedefrank.es\\\/fr\\\/el-garaje-de-frank-presenta-ed-warner-ombra-showcase-at-sinners-day\\\/\"},\"wordCount\":130,\"commentCount\":0,\"publisher\":{\"@id\":\"https:\\\/\\\/elgarajedefrank.es\\\/fr\\\/#\\\/schema\\\/person\\\/d709c9c33f5f405d44c6c9397889ba15\"},\"image\":{\"@id\":\"https:\\\/\\\/elgarajedefrank.es\\\/fr\\\/el-garaje-de-frank-presenta-ed-warner-ombra-showcase-at-sinners-day\\\/#primaryimage\"},\"thumbnailUrl\":\"https:\\\/\\\/elgarajedefrank.es\\\/wp-content\\\/uploads\\\/2022\\\/07\\\/P6260223.jpg\",\"keywords\":[\"Darkwave\",\"EBM\"],\"articleSection\":[\"Mixes\",\"Ombra 2022\"],\"inLanguage\":\"fr-FR\",\"potentialAction\":[{\"@type\":\"CommentAction\",\"name\":\"Comment\",\"target\":[\"https:\\\/\\\/elgarajedefrank.es\\\/fr\\\/el-garaje-de-frank-presenta-ed-warner-ombra-showcase-at-sinners-day\\\/#respond\"]}]},{\"@type\":\"WebPage\",\"@id\":\"https:\\\/\\\/elgarajedefrank.es\\\/fr\\\/el-garaje-de-frank-presenta-ed-warner-ombra-showcase-at-sinners-day\\\/\",\"url\":\"https:\\\/\\\/elgarajedefrank.es\\\/fr\\\/el-garaje-de-frank-presenta-ed-warner-ombra-showcase-at-sinners-day\\\/\",\"name\":\"El Garaje de Frank pr\u00e9sente : Ed Warner (Ombra Showcase at Sinner's Day) &#8212; El Garaje de Frank\",\"isPartOf\":{\"@id\":\"https:\\\/\\\/elgarajedefrank.es\\\/fr\\\/#website\"},\"primaryImageOfPage\":{\"@id\":\"https:\\\/\\\/elgarajedefrank.es\\\/fr\\\/el-garaje-de-frank-presenta-ed-warner-ombra-showcase-at-sinners-day\\\/#primaryimage\"},\"image\":{\"@id\":\"https:\\\/\\\/elgarajedefrank.es\\\/fr\\\/el-garaje-de-frank-presenta-ed-warner-ombra-showcase-at-sinners-day\\\/#primaryimage\"},\"thumbnailUrl\":\"https:\\\/\\\/elgarajedefrank.es\\\/wp-content\\\/uploads\\\/2022\\\/07\\\/P6260223.jpg\",\"datePublished\":\"2022-07-14T12:47:13+00:00\",\"dateModified\":\"2022-09-09T16:38:03+00:00\",\"description\":\"Mixes &#8212; Session d'Ed Warner au Sinner's Day (Ombra Festival Showcase).\",\"breadcrumb\":{\"@id\":\"https:\\\/\\\/elgarajedefrank.es\\\/fr\\\/el-garaje-de-frank-presenta-ed-warner-ombra-showcase-at-sinners-day\\\/#breadcrumb\"},\"inLanguage\":\"fr-FR\",\"potentialAction\":[{\"@type\":\"ReadAction\",\"target\":[\"https:\\\/\\\/elgarajedefrank.es\\\/fr\\\/el-garaje-de-frank-presenta-ed-warner-ombra-showcase-at-sinners-day\\\/\"]}]},{\"@type\":\"ImageObject\",\"inLanguage\":\"fr-FR\",\"@id\":\"https:\\\/\\\/elgarajedefrank.es\\\/fr\\\/el-garaje-de-frank-presenta-ed-warner-ombra-showcase-at-sinners-day\\\/#primaryimage\",\"url\":\"https:\\\/\\\/elgarajedefrank.es\\\/wp-content\\\/uploads\\\/2022\\\/07\\\/P6260223.jpg\",\"contentUrl\":\"https:\\\/\\\/elgarajedefrank.es\\\/wp-content\\\/uploads\\\/2022\\\/07\\\/P6260223.jpg\",\"width\":2000,\"height\":1500,\"caption\":\"OLYMPUS DIGITAL CAMERA\"},{\"@type\":\"BreadcrumbList\",\"@id\":\"https:\\\/\\\/elgarajedefrank.es\\\/fr\\\/el-garaje-de-frank-presenta-ed-warner-ombra-showcase-at-sinners-day\\\/#breadcrumb\",\"itemListElement\":[{\"@type\":\"ListItem\",\"position\":1,\"name\":\"Inicio\",\"item\":\"https:\\\/\\\/elgarajedefrank.es\\\/fr\\\/\"},{\"@type\":\"ListItem\",\"position\":2,\"name\":\"Mixes\",\"item\":\"https:\\\/\\\/elgarajedefrank.es\\\/fr\\\/category\\\/mixes-fr\\\/\"},{\"@type\":\"ListItem\",\"position\":3,\"name\":\"El Garaje de Frank pr\u00e9sente : Ed Warner (Ombra Showcase at Sinner&#8217;s Day)\"}]},{\"@type\":\"WebSite\",\"@id\":\"https:\\\/\\\/elgarajedefrank.es\\\/fr\\\/#website\",\"url\":\"https:\\\/\\\/elgarajedefrank.es\\\/fr\\\/\",\"name\":\"El Garaje de Frank\",\"description\":\"Music magazine\",\"publisher\":{\"@id\":\"https:\\\/\\\/elgarajedefrank.es\\\/fr\\\/#\\\/schema\\\/person\\\/d709c9c33f5f405d44c6c9397889ba15\"},\"potentialAction\":[{\"@type\":\"SearchAction\",\"target\":{\"@type\":\"EntryPoint\",\"urlTemplate\":\"https:\\\/\\\/elgarajedefrank.es\\\/fr\\\/?s={search_term_string}\"},\"query-input\":{\"@type\":\"PropertyValueSpecification\",\"valueRequired\":true,\"valueName\":\"search_term_string\"}}],\"inLanguage\":\"fr-FR\"},{\"@type\":[\"Person\",\"Organization\"],\"@id\":\"https:\\\/\\\/elgarajedefrank.es\\\/fr\\\/#\\\/schema\\\/person\\\/d709c9c33f5f405d44c6c9397889ba15\",\"name\":\"Fran\u00e7ois Zappa\",\"image\":{\"@type\":\"ImageObject\",\"inLanguage\":\"fr-FR\",\"@id\":\"https:\\\/\\\/elgarajedefrank.es\\\/wp-content\\\/uploads\\\/2019\\\/10\\\/IMG_8278-150x150.jpg\",\"url\":\"https:\\\/\\\/elgarajedefrank.es\\\/wp-content\\\/uploads\\\/2019\\\/10\\\/IMG_8278-150x150.jpg\",\"contentUrl\":\"https:\\\/\\\/elgarajedefrank.es\\\/wp-content\\\/uploads\\\/2019\\\/10\\\/IMG_8278-150x150.jpg\",\"caption\":\"Fran\u00e7ois Zappa\"},\"logo\":{\"@id\":\"https:\\\/\\\/elgarajedefrank.es\\\/wp-content\\\/uploads\\\/2019\\\/10\\\/IMG_8278-150x150.jpg\"},\"sameAs\":[\"https:\\\/\\\/www.facebook.com\\\/elgarajedefrank\\\/\",\"https:\\\/\\\/www.instagram.com\\\/elgarajedefrank\\\/\"]},{\"@type\":\"Person\",\"@id\":\"https:\\\/\\\/elgarajedefrank.es\\\/fr\\\/#\\\/schema\\\/person\\\/35ec115bc6f8fb3d23238106dc7c1308\",\"name\":\"Violeta\",\"image\":{\"@type\":\"ImageObject\",\"inLanguage\":\"fr-FR\",\"@id\":\"https:\\\/\\\/elgarajedefrank.es\\\/wp-content\\\/uploads\\\/2019\\\/10\\\/IMG_0576-e1570432097945-150x150.jpg\",\"url\":\"https:\\\/\\\/elgarajedefrank.es\\\/wp-content\\\/uploads\\\/2019\\\/10\\\/IMG_0576-e1570432097945-150x150.jpg\",\"contentUrl\":\"https:\\\/\\\/elgarajedefrank.es\\\/wp-content\\\/uploads\\\/2019\\\/10\\\/IMG_0576-e1570432097945-150x150.jpg\",\"caption\":\"Violeta\"}}]}<\/script>\n<!-- \/ Yoast SEO plugin. -->","yoast_head_json":{"title":"El Garaje de Frank pr\u00e9sente : Ed Warner (Ombra Showcase at Sinner's Day) &#8212; El Garaje de Frank","description":"Mixes &#8212; Session d'Ed Warner au Sinner's Day (Ombra Festival Showcase).","robots":{"index":"index","follow":"follow","max-snippet":"max-snippet:-1","max-image-preview":"max-image-preview:large","max-video-preview":"max-video-preview:-1"},"canonical":"https:\/\/elgarajedefrank.es\/fr\/el-garaje-de-frank-presenta-ed-warner-ombra-showcase-at-sinners-day\/","og_locale":"fr_FR","og_type":"article","og_title":"El Garaje de Frank pr\u00e9sente : Ed Warner (Ombra Showcase at Sinner's Day) &#8212; El Garaje de Frank","og_description":"Mixes &#8212; Session d'Ed Warner au Sinner's Day (Ombra Festival Showcase).","og_url":"https:\/\/elgarajedefrank.es\/fr\/el-garaje-de-frank-presenta-ed-warner-ombra-showcase-at-sinners-day\/","og_site_name":"El Garaje de Frank","article_publisher":"https:\/\/www.facebook.com\/elgarajedefrank\/","article_published_time":"2022-07-14T12:47:13+00:00","article_modified_time":"2022-09-09T16:38:03+00:00","og_image":[{"width":1024,"height":768,"url":"https:\/\/elgarajedefrank.es\/wp-content\/uploads\/2022\/07\/P6260223-1024x768.jpg","type":"image\/jpeg"}],"author":"Violeta","twitter_card":"summary_large_image","twitter_misc":{"\u00c9crit par":"Violeta","Dur\u00e9e de lecture estim\u00e9e":"1 minute"},"schema":{"@context":"https:\/\/schema.org","@graph":[{"@type":"Article","@id":"https:\/\/elgarajedefrank.es\/fr\/el-garaje-de-frank-presenta-ed-warner-ombra-showcase-at-sinners-day\/#article","isPartOf":{"@id":"https:\/\/elgarajedefrank.es\/fr\/el-garaje-de-frank-presenta-ed-warner-ombra-showcase-at-sinners-day\/"},"author":{"name":"Violeta","@id":"https:\/\/elgarajedefrank.es\/fr\/#\/schema\/person\/35ec115bc6f8fb3d23238106dc7c1308"},"headline":"El Garaje de Frank pr\u00e9sente : Ed Warner (Ombra Showcase at Sinner&#8217;s Day)","datePublished":"2022-07-14T12:47:13+00:00","dateModified":"2022-09-09T16:38:03+00:00","mainEntityOfPage":{"@id":"https:\/\/elgarajedefrank.es\/fr\/el-garaje-de-frank-presenta-ed-warner-ombra-showcase-at-sinners-day\/"},"wordCount":130,"commentCount":0,"publisher":{"@id":"https:\/\/elgarajedefrank.es\/fr\/#\/schema\/person\/d709c9c33f5f405d44c6c9397889ba15"},"image":{"@id":"https:\/\/elgarajedefrank.es\/fr\/el-garaje-de-frank-presenta-ed-warner-ombra-showcase-at-sinners-day\/#primaryimage"},"thumbnailUrl":"https:\/\/elgarajedefrank.es\/wp-content\/uploads\/2022\/07\/P6260223.jpg","keywords":["Darkwave","EBM"],"articleSection":["Mixes","Ombra 2022"],"inLanguage":"fr-FR","potentialAction":[{"@type":"CommentAction","name":"Comment","target":["https:\/\/elgarajedefrank.es\/fr\/el-garaje-de-frank-presenta-ed-warner-ombra-showcase-at-sinners-day\/#respond"]}]},{"@type":"WebPage","@id":"https:\/\/elgarajedefrank.es\/fr\/el-garaje-de-frank-presenta-ed-warner-ombra-showcase-at-sinners-day\/","url":"https:\/\/elgarajedefrank.es\/fr\/el-garaje-de-frank-presenta-ed-warner-ombra-showcase-at-sinners-day\/","name":"El Garaje de Frank pr\u00e9sente : Ed Warner (Ombra Showcase at Sinner's Day) &#8212; El Garaje de Frank","isPartOf":{"@id":"https:\/\/elgarajedefrank.es\/fr\/#website"},"primaryImageOfPage":{"@id":"https:\/\/elgarajedefrank.es\/fr\/el-garaje-de-frank-presenta-ed-warner-ombra-showcase-at-sinners-day\/#primaryimage"},"image":{"@id":"https:\/\/elgarajedefrank.es\/fr\/el-garaje-de-frank-presenta-ed-warner-ombra-showcase-at-sinners-day\/#primaryimage"},"thumbnailUrl":"https:\/\/elgarajedefrank.es\/wp-content\/uploads\/2022\/07\/P6260223.jpg","datePublished":"2022-07-14T12:47:13+00:00","dateModified":"2022-09-09T16:38:03+00:00","description":"Mixes &#8212; Session d'Ed Warner au Sinner's Day (Ombra Festival Showcase).","breadcrumb":{"@id":"https:\/\/elgarajedefrank.es\/fr\/el-garaje-de-frank-presenta-ed-warner-ombra-showcase-at-sinners-day\/#breadcrumb"},"inLanguage":"fr-FR","potentialAction":[{"@type":"ReadAction","target":["https:\/\/elgarajedefrank.es\/fr\/el-garaje-de-frank-presenta-ed-warner-ombra-showcase-at-sinners-day\/"]}]},{"@type":"ImageObject","inLanguage":"fr-FR","@id":"https:\/\/elgarajedefrank.es\/fr\/el-garaje-de-frank-presenta-ed-warner-ombra-showcase-at-sinners-day\/#primaryimage","url":"https:\/\/elgarajedefrank.es\/wp-content\/uploads\/2022\/07\/P6260223.jpg","contentUrl":"https:\/\/elgarajedefrank.es\/wp-content\/uploads\/2022\/07\/P6260223.jpg","width":2000,"height":1500,"caption":"OLYMPUS DIGITAL CAMERA"},{"@type":"BreadcrumbList","@id":"https:\/\/elgarajedefrank.es\/fr\/el-garaje-de-frank-presenta-ed-warner-ombra-showcase-at-sinners-day\/#breadcrumb","itemListElement":[{"@type":"ListItem","position":1,"name":"Inicio","item":"https:\/\/elgarajedefrank.es\/fr\/"},{"@type":"ListItem","position":2,"name":"Mixes","item":"https:\/\/elgarajedefrank.es\/fr\/category\/mixes-fr\/"},{"@type":"ListItem","position":3,"name":"El Garaje de Frank pr\u00e9sente : Ed Warner (Ombra Showcase at Sinner&#8217;s Day)"}]},{"@type":"WebSite","@id":"https:\/\/elgarajedefrank.es\/fr\/#website","url":"https:\/\/elgarajedefrank.es\/fr\/","name":"El Garaje de Frank","description":"Music magazine","publisher":{"@id":"https:\/\/elgarajedefrank.es\/fr\/#\/schema\/person\/d709c9c33f5f405d44c6c9397889ba15"},"potentialAction":[{"@type":"SearchAction","target":{"@type":"EntryPoint","urlTemplate":"https:\/\/elgarajedefrank.es\/fr\/?s={search_term_string}"},"query-input":{"@type":"PropertyValueSpecification","valueRequired":true,"valueName":"search_term_string"}}],"inLanguage":"fr-FR"},{"@type":["Person","Organization"],"@id":"https:\/\/elgarajedefrank.es\/fr\/#\/schema\/person\/d709c9c33f5f405d44c6c9397889ba15","name":"Fran\u00e7ois Zappa","image":{"@type":"ImageObject","inLanguage":"fr-FR","@id":"https:\/\/elgarajedefrank.es\/wp-content\/uploads\/2019\/10\/IMG_8278-150x150.jpg","url":"https:\/\/elgarajedefrank.es\/wp-content\/uploads\/2019\/10\/IMG_8278-150x150.jpg","contentUrl":"https:\/\/elgarajedefrank.es\/wp-content\/uploads\/2019\/10\/IMG_8278-150x150.jpg","caption":"Fran\u00e7ois Zappa"},"logo":{"@id":"https:\/\/elgarajedefrank.es\/wp-content\/uploads\/2019\/10\/IMG_8278-150x150.jpg"},"sameAs":["https:\/\/www.facebook.com\/elgarajedefrank\/","https:\/\/www.instagram.com\/elgarajedefrank\/"]},{"@type":"Person","@id":"https:\/\/elgarajedefrank.es\/fr\/#\/schema\/person\/35ec115bc6f8fb3d23238106dc7c1308","name":"Violeta","image":{"@type":"ImageObject","inLanguage":"fr-FR","@id":"https:\/\/elgarajedefrank.es\/wp-content\/uploads\/2019\/10\/IMG_0576-e1570432097945-150x150.jpg","url":"https:\/\/elgarajedefrank.es\/wp-content\/uploads\/2019\/10\/IMG_0576-e1570432097945-150x150.jpg","contentUrl":"https:\/\/elgarajedefrank.es\/wp-content\/uploads\/2019\/10\/IMG_0576-e1570432097945-150x150.jpg","caption":"Violeta"}}]}},"_links":{"self":[{"href":"https:\/\/elgarajedefrank.es\/fr\/wp-json\/wp\/v2\/posts\/46453","targetHints":{"allow":["GET"]}}],"collection":[{"href":"https:\/\/elgarajedefrank.es\/fr\/wp-json\/wp\/v2\/posts"}],"about":[{"href":"https:\/\/elgarajedefrank.es\/fr\/wp-json\/wp\/v2\/types\/post"}],"author":[{"embeddable":true,"href":"https:\/\/elgarajedefrank.es\/fr\/wp-json\/wp\/v2\/users\/2"}],"replies":[{"embeddable":true,"href":"https:\/\/elgarajedefrank.es\/fr\/wp-json\/wp\/v2\/comments?post=46453"}],"version-history":[{"count":0,"href":"https:\/\/elgarajedefrank.es\/fr\/wp-json\/wp\/v2\/posts\/46453\/revisions"}],"wp:featuredmedia":[{"embeddable":true,"href":"https:\/\/elgarajedefrank.es\/fr\/wp-json\/wp\/v2\/media\/46452"}],"wp:attachment":[{"href":"https:\/\/elgarajedefrank.es\/fr\/wp-json\/wp\/v2\/media?parent=46453"}],"wp:term":[{"taxonomy":"category","embeddable":true,"href":"https:\/\/elgarajedefrank.es\/fr\/wp-json\/wp\/v2\/categories?post=46453"},{"taxonomy":"post_tag","embeddable":true,"href":"https:\/\/elgarajedefrank.es\/fr\/wp-json\/wp\/v2\/tags?post=46453"}],"curies":[{"name":"wp","href":"https:\/\/api.w.org\/{rel}","templated":true}]}}