{"id":46228,"date":"2022-07-04T14:54:53","date_gmt":"2022-07-04T12:54:53","guid":{"rendered":"https:\/\/elgarajedefrank.es\/?p=46228"},"modified":"2022-07-04T14:54:53","modified_gmt":"2022-07-04T12:54:53","slug":"interview-velvet-may","status":"publish","type":"post","link":"https:\/\/elgarajedefrank.es\/fr\/interview-velvet-may\/","title":{"rendered":"Interview : Velvet May"},"content":{"rendered":"<p><span style=\"font-family: georgia, palatino, serif; font-size: 12pt;\"><strong>Dans le romantisme aux accents sombres et m\u00e9lancoliques, o\u00f9 le plaisir rencontre la douleur, se trouve Velvet May, le projet d\u2019Andrea Davide. Textures d\u2019EBM profondes, nerveuses, introspectives et conceptuelles, avec une touche velout\u00e9e de nostalgie r\u00e9tro et post-punk.<\/strong><\/span><\/p>\n<p><span style=\"font-family: georgia, palatino, serif; font-size: 12pt;\"><strong>Originaire de Naples, Andrea vit d\u00e9sormais \u00e0 Berlin. Il a \u00e0 son actif trois disques \u00e9tonnants sous le nom de Velvet May et a fond\u00e9 son propre label (Tears on Waves). Son live au m\u00e9lange de Techno et d\u2019EBM nous r\u00e9galera les oreilles pour la premi\u00e8re fois en Espagne, lors du showcase 03 de DOMINANT, le 9 juillet au Garage of The Bass Valley (Barcelone).<\/strong><\/span><\/p>\n<p><span style=\"font-family: georgia, palatino, serif; font-size: 12pt;\"><strong>Bonjour Andrea, tout d\u2019abord, merci de bien vouloir r\u00e9pondre \u00e0 cette interview.<\/strong><\/span><\/p>\n<p><span style=\"font-family: georgia, palatino, serif; font-size: 12pt;\"><strong>\u2014J\u2019aimerais commencer par une question qui n\u2019a rien \u00e0 voir avec ta carri\u00e8re musicale, mais qui suscite toujours beaucoup de curiosit\u00e9 chez moi. De quoi r\u00eavais-tu quand tu \u00e9tais petit\u00a0? Que voulais-tu faire adulte\u00a0?<\/strong><\/span><\/p>\n<p><span style=\"font-family: georgia, palatino, serif; font-size: 12pt;\"><strong>\u2014<\/strong>Salut\u00a0! Merci de cette interview. Quand j\u2019\u00e9tais gosse, je voulais travailler dans l\u2019art ou devenir un sportif de haut niveau. Bien des choses me fascinaient, comme la botanique et l\u2019informatique, deux domaines oppos\u00e9s, mais qui m\u2019intriguaient \u00e9norm\u00e9ment.<\/span><\/p>\n<p><span style=\"font-family: georgia, palatino, serif; font-size: 12pt;\"><strong><img fetchpriority=\"high\" decoding=\"async\" class=\" wp-image-46016 alignleft\" src=\"https:\/\/elgarajedefrank.es\/wp-content\/uploads\/2022\/06\/Velvet-May-Foto-2-1-200x300.jpg\" alt=\"\" width=\"316\" height=\"474\" srcset=\"https:\/\/elgarajedefrank.es\/wp-content\/uploads\/2022\/06\/Velvet-May-Foto-2-1-200x300.jpg 200w, https:\/\/elgarajedefrank.es\/wp-content\/uploads\/2022\/06\/Velvet-May-Foto-2-1-683x1024.jpg 683w, https:\/\/elgarajedefrank.es\/wp-content\/uploads\/2022\/06\/Velvet-May-Foto-2-1-scaled.jpg 1280w\" sizes=\"(max-width: 316px) 100vw, 316px\" \/>\u2014Ton int\u00e9r\u00eat pour la musique est n\u00e9 \u00e0 ton plus jeune \u00e2ge. Tu es en contact avec la musique depuis que tu as 12 ans. Tu \u00e9coutes de nombreux genres, notamment du rock et de la musique \u00e9lectronique. Te souviens-tu d\u2019une chanson ou d\u2019un album qui t\u2019a particuli\u00e8rement marqu\u00e9, o\u00f9 tu t\u2019es dit\u00a0: \u00ab\u00a0la vache, c\u2019est ce que j\u2019aime\u00a0\u00bb\u00a0?<\/strong><\/span><\/p>\n<p><span style=\"font-family: georgia, palatino, serif; font-size: 12pt;\"><strong>\u2014<\/strong>Les deux premiers albums qui me viennent \u00e0 l\u2019esprit sont <em>Cubist Blues<\/em> d\u2019<strong>Alan Vega <\/strong>et le premier album de <strong>Black Sabbath<\/strong> de 1970.<\/span><\/p>\n<p><span style=\"font-family: georgia, palatino, serif; font-size: 12pt;\"><strong>\u2014\u00c0 15 ans, tu as commenc\u00e9 \u00e0 jouer dans des clubs de ta ville natale, Naples. Te souviens-tu du moment exact de l\u2019\u00e9piphanie, quand tu t\u2019es dit\u00a0: \u00ab\u00a0Je sais que je veux me consacrer \u00e0 \u00e7a le reste de ma vie\u00a0\u00bb\u00a0?<\/strong><\/span><\/p>\n<p><span style=\"font-family: georgia, palatino, serif; font-size: 12pt;\"><strong>\u2014<\/strong>Effectivement, \u00e7a s\u2019est produit quand j\u2019avais 15 ans. Jouer dans ma ville natale, \u00e0 une \u00e9poque o\u00f9 tout allait vers des r\u00e9alit\u00e9s plus exp\u00e9rimentales, a contribu\u00e9 \u00e0 mon parcours artistique. C\u2019est l\u00e0 que je me suis dit que je devais me consacrer \u00e0 la musique. Naples poss\u00e8de une sc\u00e8ne musicale tr\u00e8s active et color\u00e9e o\u00f9 de nouveaux groupes jouent chaque week-end. \u00c7a a d\u00e9clench\u00e9 quelque chose en moi.<\/span><\/p>\n<p><span style=\"font-family: georgia, palatino, serif; font-size: 12pt;\"><strong>\u2014Le projet Velvet May est-il n\u00e9 quand tu as d\u00e9m\u00e9nag\u00e9 \u00e0 Berlin ou Velvet May est-il n\u00e9 parce que tu as d\u00e9m\u00e9nag\u00e9 \u00e0 Berlin\u00a0?<\/strong><\/span><\/p>\n<p><span style=\"font-family: georgia, palatino, serif; font-size: 12pt;\"><strong>\u2014<\/strong>Le projet est n\u00e9 deux ans apr\u00e8s mon d\u00e9m\u00e9nagement \u00e0 Berlin. Mes exp\u00e9riences dans cette ville ont conduit en partie \u00e0 la cr\u00e9ation de ce projet.<\/span><\/p>\n<p><span style=\"font-family: georgia, palatino, serif; font-size: 12pt;\"><strong>\u2014Comment c\u2019est de vivre \u00e0 Berlin\u00a0? Cette ville est tr\u00e8s diff\u00e9rente de ta ville natale de Naples, que ce soit au niveau du climat, de l\u2019organisation, des gens, de la nourriture, des coutumes&#8230; Que t\u2019a apport\u00e9 le fait de vivre l\u00e0-bas\u00a0?<\/strong><\/span><\/p>\n<p><span style=\"font-family: georgia, palatino, serif; font-size: 12pt;\"><strong>\u2014<\/strong>Comme tu l\u2019as dit, Berlin est une ville \u00e0 l\u2019oppos\u00e9 de ma ville natale. Lors de mon arriv\u00e9e, j\u2019ai ressenti le besoin de d\u00e9couvrir et de faire miennes toutes les diff\u00e9rences entre elles. La ville m\u2019a permis d\u2019\u00eatre en contact avec une soci\u00e9t\u00e9 multiethnique, o\u00f9 l\u2019on retrouve l\u2019art partout. Gr\u00e2ce \u00e0 cette soci\u00e9t\u00e9 ouverte, j\u2019ai pu mieux me conna\u00eetre et aussi de vivre toutes les exp\u00e9riences avec un autre regard. \u00c7a contribue \u00e9videmment \u00e0 la cr\u00e9ativit\u00e9. Certes, ma ville me manque souvent et quand j\u2019y vais, je ch\u00e9ris la chaleur, les \u00e9motions, les gens, le soleil et enfin et surtout l\u2019aspect spirituel tr\u00e8s fort que Naples peut donner.<\/span><\/p>\n<p><span style=\"font-family: georgia, palatino, serif; font-size: 12pt;\"><strong>\u2014Tu peux nous expliquer d\u2019o\u00f9 vient ton aka\u00a0? Velvet signifie velours en fran\u00e7ais\u00a0; un rapport avec la texture velout\u00e9e de ta musique\u00a0?<\/strong><\/span><\/p>\n<p><span style=\"font-family: georgia, palatino, serif; font-size: 12pt;\"><strong>\u2014<\/strong>Tr\u00e8s pr\u00e9cis\u00e9ment, le mois de mai a \u00e9t\u00e9 tr\u00e8s important pour moi. Des choses qui ont d\u00e9clench\u00e9 quelque chose en moi se sont produites et j\u2019ai d\u00fb faire des choix. Le mot \u00ab\u00a0velvet\u00a0\u00bb fait r\u00e9f\u00e9rence \u00e0 la caract\u00e9ristique velout\u00e9e que j\u2019ai d\u00e9cid\u00e9 de donner au mois de mai. Il peut faire r\u00e9f\u00e9rence \u00e0 la fois au romantisme et \u00e0 la nostalgie, mais aussi \u00e0 la robustesse et \u00e0 la r\u00e9silience.<\/span><\/p>\n<p><span style=\"font-family: georgia, palatino, serif; font-size: 12pt;\"><strong>\u2014Pourquoi as-tu cr\u00e9\u00e9 ce projet\u00a0? Quelles sont tes inspirations, tant sur le plan musical que conceptuel\u00a0?<\/strong><\/span><\/p>\n<p><span style=\"font-family: georgia, palatino, serif; font-size: 12pt;\"><strong>\u2014<\/strong>J\u2019ai de tr\u00e8s nombreuses inspirations, r\u00e9sultats d\u2019un voyage qui a dur\u00e9 toute ma vie et qui continue d\u2019\u00e9voluer. Le livre qui m\u2019a le plus inspir\u00e9 sur le plan artistique, social et th\u00e9matique est le roman de Charles Baudelaire \u00ab\u00a0Les Fleurs Du Mal\u00a0\u00bb. Cette \u0153uvre magistrale est c\u00e9l\u00e8bre pour ses repr\u00e9sentations du sexe, de la mort, du pouvoir corrupteur et oppressant de la ville moderne et de l\u2019innocence perdue. Elle contient de nombreux aspects sur lesquels mon projet est bas\u00e9, et beaucoup de mes titres de morceaux y font \u00e9galement r\u00e9f\u00e9rence.<\/span><\/p>\n<p><span style=\"font-family: georgia, palatino, serif; font-size: 12pt;\"><strong>\u2014Le projet a \u00e9t\u00e9 tr\u00e8s prolifique en 2019 et 2020, tu as sorti 3 albums en moins d\u2019un an, avec des remixes d\u2019Autumns ou Years of Denial, mais depuis, tu as ralenti le rythme. \u00c7a a \u00e0 voir avec la pand\u00e9mie ou bien tu t\u2019es concentr\u00e9 sur d\u2019autres projets\u00a0?<\/strong><\/span><\/p>\n<p><span style=\"font-family: georgia, palatino, serif; font-size: 12pt;\"><strong>\u2014<\/strong>Merci pour la question. Mon projet a occup\u00e9 mes pens\u00e9es chaque jour pendant plus d\u2019un an. La pand\u00e9mie nous a affect\u00e9s et accabl\u00e9s, et surtout a nui \u00e0 la motivation qu\u2019un artiste doit constamment recevoir ou rechercher. Dans mon cas, pendant cette p\u00e9riode, j\u2019ai d\u00e9cid\u00e9 de prendre une nouvelle direction musicale, d\u2019\u00e9largir mes horizons gr\u00e2ce \u00e0 de nouveaux projets qui sont plus connect\u00e9s \u00e0 mon vrai moi, et d\u2019embrasser la musique \u00e0 360 degr\u00e9s. Je travaille sur le premier album avec mon groupe, mais je vais bient\u00f4t sortir de la musique en tant que <strong>Velvet<\/strong> <strong>May<\/strong>.<\/span><\/p>\n<p><span style=\"font-family: georgia, palatino, serif; font-size: 12pt;\"><strong>\u2014En parlant de la pand\u00e9mie, comment l\u2019interruption qui a eu lieu ces deux derni\u00e8res ann\u00e9es t\u2019a-t-elle affect\u00e9e\u00a0? Tant sur le plan artistique que personnel.<\/strong><\/span><\/p>\n<p><span style=\"font-family: georgia, palatino, serif; font-size: 12pt;\"><strong>\u2014<\/strong>La pand\u00e9mie a cr\u00e9\u00e9 \u00e9norm\u00e9ment d\u2019obstacles sur le plan \u00e9motionnel et donc artistique. On s\u2019est referm\u00e9s sur nous-m\u00eames, car on n\u2019\u00e9tait pas en contact avec le monde ext\u00e9rieur, on ne voyait personne, on s\u2019est retrouv\u00e9s sans concerts, sans voyages et sans activit\u00e9s de toute sorte qui permettent de motiver l\u2019esprit. Dans ces cas, produire peut devenir tr\u00e8s difficile. Parfois, c\u2019est important de se retrouver seul, mais il faut toujours toujours trouver un \u00e9quilibre pour que le processus cr\u00e9atif soit limpide.<\/span><\/p>\n<p><span style=\"font-family: georgia, palatino, serif; font-size: 12pt;\"><strong>\u2014Visiblement, on a retrouv\u00e9 la normalit\u00e9. Quels sont les avantages et les inconv\u00e9nients de la pand\u00e9mie, selon toi\u00a0?<\/strong><\/span><\/p>\n<p><span style=\"font-family: georgia, palatino, serif; font-size: 12pt;\"><strong>\u2014<\/strong>Malheureusement, les effets n\u00e9gatifs ont \u00e9t\u00e9 d\u00e9vastateurs. Au-del\u00e0 des personnes du monde entier, le secteur artistique a \u00e9t\u00e9 tr\u00e8s durement touch\u00e9, \u00e9conomiquement et aussi psychologiquement. Des artistes se sont referm\u00e9s sur eux-m\u00eames, perdant leur \u00e9nergie et leur motivation. Certains se retrouvent seulement maintenant. D\u2019autres avaient besoin de ce moment d\u2019arr\u00eat, afin de mieux comprendre la direction \u00e0 prendre et de s\u2019\u00e9claircir les id\u00e9es.<\/span><\/p>\n<p><span style=\"font-family: georgia, palatino, serif; font-size: 12pt;\"><strong><img decoding=\"async\" class=\" wp-image-46022 alignright\" src=\"https:\/\/elgarajedefrank.es\/wp-content\/uploads\/2022\/06\/a3004560878_10-300x300.jpg\" alt=\"\" width=\"415\" height=\"415\" srcset=\"https:\/\/elgarajedefrank.es\/wp-content\/uploads\/2022\/06\/a3004560878_10-300x300.jpg 300w, https:\/\/elgarajedefrank.es\/wp-content\/uploads\/2022\/06\/a3004560878_10-1024x1024.jpg 1024w, https:\/\/elgarajedefrank.es\/wp-content\/uploads\/2022\/06\/a3004560878_10-150x150.jpg 150w, https:\/\/elgarajedefrank.es\/wp-content\/uploads\/2022\/06\/a3004560878_10-768x768.jpg 768w, https:\/\/elgarajedefrank.es\/wp-content\/uploads\/2022\/06\/a3004560878_10-1170x1170.jpg 1170w, https:\/\/elgarajedefrank.es\/wp-content\/uploads\/2022\/06\/a3004560878_10-585x585.jpg 585w, https:\/\/elgarajedefrank.es\/wp-content\/uploads\/2022\/06\/a3004560878_10.jpg 1200w\" sizes=\"(max-width: 415px) 100vw, 415px\" \/>\u2014Comme toi, de nombreux producteurs d\u00e9cident de fonder leur propre label, non seulement pour sortir de la musique quand ils le souhaitent et \u00eatre musicalement ind\u00e9pendants, mais aussi pour publier la musique d\u2019autres artistes qu\u2019ils aiment. Tu es \u00e0 la t\u00eate de Tears On Waves depuis quelques ann\u00e9es, peux-tu nous dire quels sont les avantages et les inconv\u00e9nients de g\u00e9rer son propre label de disques\u00a0?<\/strong><\/span><\/p>\n<p><span style=\"font-family: georgia, palatino, serif; font-size: 12pt;\"><strong>\u2014<\/strong>Comme tu l\u2019as dit, je g\u00e8re mon label pour sortir ma musique et celle et que j\u2019aime de fa\u00e7on ind\u00e9pendante, chaque fois que j\u2019en ressens le besoin. Je n\u2019ai pas beaucoup d\u2019aspects n\u00e9gatifs \u00e0 mentionner puisque je sors ma musique lentement et que je m\u2019arrange pour que tout fonctionne. Le mieux est de cr\u00e9er depuis z\u00e9ro, de travailler sur le concept. Le pire, ce sont les ralentissements des usines de pressage.<\/span><\/p>\n<p><span style=\"font-family: georgia, palatino, serif; font-size: 12pt;\"><strong>\u2014Quel est le quotidien de Velvet May\u00a0? As-tu une routine, en fonction de la saison ou autre\u00a0? Dis-nous tout&#8230;<\/strong><\/span><\/p>\n<p><span style=\"font-family: georgia, palatino, serif; font-size: 12pt;\"><strong>\u2014<\/strong>Ma journ\u00e9e d\u00e9pend de mon \u00e9tat d\u2019esprit, je m\u2019\u00e9coute beaucoup. Je n\u2019aime pas me forcer \u00e0 aller au studio quand je n\u2019en ai pas envie. Le processus cr\u00e9atif doit \u00eatre aussi naturel que possible pour obtenir les r\u00e9sultats souhait\u00e9s. Dans tous les cas, j\u2019adore passer des journ\u00e9es en studio, m\u00eame si c\u2019est pour exp\u00e9rimenter, pour explorer des directions inconnues sans avoir de destination pr\u00e9cise, mais aussi pour \u00eatre l\u00e0, \u00e0 \u00e9couter et d\u00e9couvrir la musique toute la journ\u00e9e. En quelques mots, je suis compl\u00e8tement mes sentiments.<\/span><\/p>\n<p><span style=\"font-family: georgia, palatino, serif; font-size: 12pt;\"><strong>\u2014En parlant du studio, quels types d\u2019instruments et de supports utilises-tu pour produire\u00a0?<\/strong><\/span><\/p>\n<p><span style=\"font-family: georgia, palatino, serif; font-size: 12pt;\"><strong>\u2014<\/strong>J\u2019aime cr\u00e9er de la musique d\u2019autant de fa\u00e7ons que possible, en utilisant tout ce que le monde du son et de l\u2019audio peut nous offrir, de l\u2019instrument enti\u00e8rement num\u00e9rique \u00e0 l\u2019instrument enti\u00e8rement acoustique. Il est important de ne pas se fixer de limites, de toujours exp\u00e9rimenter et d\u2019avoir envie d\u2019apprendre. Il faut aussi se concentrer sur ses instruments pr\u00e9f\u00e9r\u00e9s, chercher son propre son et ne pas trop se perdre dans un millier de choses qui font perdre du temps.<\/span><\/p>\n<p><span style=\"font-family: georgia, palatino, serif; font-size: 12pt;\"><strong>\u2014Lorsque tu produis, penses-tu \u00e0 la piste de danse et au fait de rythmer ta musique pour la piste de danse\u00a0?<\/strong><\/span><\/p>\n<p><span style=\"font-family: georgia, palatino, serif; font-size: 12pt;\"><strong>\u2014<\/strong>Lorsque je compose, je suis uniquement ce que je ressens \u00e0 ce moment-l\u00e0, et ce que je veux ou dois exprimer, sans penser \u00e0 l\u2019endroit o\u00f9 ma musique sera jou\u00e9e.<\/span><\/p>\n<p><span style=\"font-family: georgia, palatino, serif; font-size: 12pt;\"><strong>\u2014O\u00f9 puises-tu ton inspiration pour les paroles de tes chansons\u00a0?<\/strong><\/span><\/p>\n<p><span style=\"font-family: georgia, palatino, serif; font-size: 12pt;\"><strong>\u2014<\/strong>J\u2019utilise plusieurs concepts lorsque j\u2019\u00e9cris des paroles. Ceux qui m\u2019inspirent le plus sont l\u2019amour, le temps, la luxure et le d\u00e9sir, la d\u00e9cadence, la dissolution et la beaut\u00e9 de la folie.<\/span><\/p>\n<p><span style=\"font-family: georgia, palatino, serif; font-size: 12pt;\"><strong>\u2014Quel mat\u00e9riel t\u2019accompagne g\u00e9n\u00e9ralement lors de tes performances live\u00a0?<\/strong><\/span><\/p>\n<p><span style=\"font-family: georgia, palatino, serif; font-size: 12pt;\"><strong>\u2014<\/strong>Je n\u2019ai pas d\u2019installation fixe, j\u2019aime int\u00e9grer et interchanger diff\u00e9rents instruments quand j\u2019en ressens le besoin. Habituellement, j\u2019ai un contr\u00f4leur et un s\u00e9quenceur g\u00e9n\u00e9ral, un Akai Force, un micro et quelques synth\u00e9s comme Dave Smith Mopho et Access Virus.<\/span><\/p>\n<p><span style=\"font-family: georgia, palatino, serif; font-size: 12pt;\"><strong>\u2014Pour tes concerts, te sens-tu plus \u00e0 l\u2019aise dans des clubs petits et intimes, ou aimes-tu les grandes salles avec beaucoup de public\u00a0?<\/strong><\/span><\/p>\n<p><span style=\"font-family: georgia, palatino, serif; font-size: 12pt;\"><strong>\u2014<\/strong>J\u2019aime les deux. \u00c7a d\u00e9pend aussi \u00e9norm\u00e9ment du type de situation et du type d\u2019intimit\u00e9 qu\u2019on ressent avec le public. Tr\u00e8s souvent, j\u2019aime les situations plus intimes pour faire du live, o\u00f9 je peux aussi parfois exp\u00e9rimenter, alors que lorsque je fais des DJ sets, je pr\u00e9f\u00e8re les grandes salles.<\/span><\/p>\n<p><span style=\"font-family: georgia, palatino, serif; font-size: 12pt;\"><strong>\u2014Un concert dont tu te souviens particuli\u00e8rement, qui t\u2019a marqu\u00e9\u00a0? Pourquoi\u00a0? S\u2019il est difficile pour toi de choisir, tu peux aussi en nommer plusieurs \ud83d\ude42<\/strong><\/span><\/p>\n<p><span style=\"font-family: georgia, palatino, serif; font-size: 12pt;\"><strong>\u2014<\/strong>Oui, absolument. Le concert qui m\u2019a le plus marqu\u00e9 est celui que j\u2019ai donn\u00e9 il y a deux ans \u00e0 l\u2019Urban Spree pour le Choke Fest, \u00e0 la fois parce que c\u2019\u00e9tait mes d\u00e9buts en live \u00e0 Berlin et parce que la chaleur des gens \u00e9tait vraiment enivrante. Il y a un mois, j\u2019ai donn\u00e9 l\u2019un de mes meilleurs concerts, au Link \u00e0 Bologne (Italie), un endroit incroyable, que je recommande vivement de visiter.<\/span><\/p>\n<p><span style=\"font-family: georgia, palatino, serif; font-size: 12pt;\"><strong><img decoding=\"async\" class=\" wp-image-45752 alignleft\" src=\"https:\/\/elgarajedefrank.es\/wp-content\/uploads\/2022\/06\/DOMINANT-Showcase-03-212x300.jpg\" alt=\"\" width=\"352\" height=\"498\" srcset=\"https:\/\/elgarajedefrank.es\/wp-content\/uploads\/2022\/06\/DOMINANT-Showcase-03-212x300.jpg 212w, https:\/\/elgarajedefrank.es\/wp-content\/uploads\/2022\/06\/DOMINANT-Showcase-03-724x1024.jpg 724w, https:\/\/elgarajedefrank.es\/wp-content\/uploads\/2022\/06\/DOMINANT-Showcase-03-768x1086.jpg 768w, https:\/\/elgarajedefrank.es\/wp-content\/uploads\/2022\/06\/DOMINANT-Showcase-03-585x827.jpg 585w, https:\/\/elgarajedefrank.es\/wp-content\/uploads\/2022\/06\/DOMINANT-Showcase-03.jpg 842w\" sizes=\"(max-width: 352px) 100vw, 352px\" \/>\u2014En parlant de DOMINANT, je pense que Velvet May est un choix parfait \ud83d\ude09 Je suis curieuse de savoir depuis quand tu connais le projet et ce qui a suscit\u00e9 ton int\u00e9r\u00eat pour lui.<\/strong><\/span><\/p>\n<p><span style=\"font-family: georgia, palatino, serif; font-size: 12pt;\"><strong>\u2014<\/strong>J\u2019ai rep\u00e9r\u00e9 Dominant il y a deux ans et j\u2019ai toujours \u00e9t\u00e9 intrigu\u00e9 et ravi par sa s\u00e9lection d\u2019artistes. J\u2019adore le message intrins\u00e8que au nom, et les affiches\u00a0! Je suis ravi de jouer pour la premi\u00e8re fois \u00e0 Barcelone \u00e0 cette occasion.<\/span><\/p>\n<p><span style=\"font-family: georgia, palatino, serif; font-size: 12pt;\"><strong>\u2014Ce sera la premi\u00e8re fois que tu te produiras en Espagne, que penses-tu de la sc\u00e8ne espagnole en particulier\u00a0? Est-elle tr\u00e8s diff\u00e9rente de la sc\u00e8ne italienne ou berlinoise\u00a0?<\/strong><\/span><\/p>\n<p><span style=\"font-family: georgia, palatino, serif; font-size: 12pt;\"><strong>\u2014<\/strong>Sur le plan musical, la sc\u00e8ne musicale espagnole est l\u2019une des sc\u00e8nes les plus incroyables, et elle a contribu\u00e9 \u00e0 l\u2019industrie musicale avec les artistes qu\u2019elle a fait na\u00eetre. Malheureusement, je n\u2019ai pas beaucoup fr\u00e9quent\u00e9 les clubs en Espagne, alors je ne peux te r\u00e9pondre avec exactitude. Je remarque beaucoup de similitudes culturelles avec nous, les Italiens, et notre chaleur, alors je m\u2019attends \u00e0 \u00eatre accueilli de la m\u00eame mani\u00e8re.<\/span><\/p>\n<p><span style=\"font-family: georgia, palatino, serif; font-size: 12pt;\"><strong>\u2014As-tu des projets pour l\u2019avenir que tu peux partager avec nous, que ce soit en solo ou en collaboration avec d\u2019autres artistes\u00a0?<\/strong><\/span><\/p>\n<p><span style=\"font-family: georgia, palatino, serif; font-size: 12pt;\"><strong>\u2014<\/strong>Dans les prochaines semaines, je vais me concentrer sur le projet avec notre groupe, avec lequel nous sortirons bient\u00f4t un album. J\u2019ai vraiment h\u00e2te. De plus, je suis impatient de sortir mon prochain et quatri\u00e8me EP sur Tears On Waves, un titre sur une compilation publi\u00e9e par Kablys (club \u00e0 Vilnius, Lituanie) et un remix sur She Lost Kontrol. C\u2019est tout, merci beaucoup pour ton temps et on se voit au The Garage of The Bass Valley, le 9 juillet \ud83d\ude09<\/span><\/p>\n","protected":false},"excerpt":{"rendered":"<p>Dans le romantisme aux accents sombres et m\u00e9lancoliques, o\u00f9 le plaisir rencontre la douleur, se&hellip;<\/p>\n","protected":false},"author":7,"featured_media":46015,"comment_status":"open","ping_status":"open","sticky":false,"template":"","format":"standard","meta":{"_lmt_disableupdate":"","_lmt_disable":"","footnotes":""},"categories":[35],"tags":[320],"class_list":["post-46228","post","type-post","status-publish","format-standard","has-post-thumbnail","hentry","category-interviews-fr","tag-ebm-2-fr"],"yoast_head":"<!-- This site is optimized with the Yoast SEO plugin v27.4 - https:\/\/yoast.com\/product\/yoast-seo-wordpress\/ -->\n<title>Interview : Velvet May &#8212; El Garaje de Frank<\/title>\n<meta name=\"description\" content=\"Interviews &#8212; Interview avec Andrea Davide, l&#039;homme derri\u00e8re Velvet May.\" \/>\n<meta name=\"robots\" content=\"index, follow, max-snippet:-1, max-image-preview:large, max-video-preview:-1\" \/>\n<link rel=\"canonical\" href=\"https:\/\/elgarajedefrank.es\/fr\/interview-velvet-may\/\" \/>\n<meta property=\"og:locale\" content=\"fr_FR\" \/>\n<meta property=\"og:type\" content=\"article\" \/>\n<meta property=\"og:title\" content=\"Interview : Velvet May &#8212; El Garaje de Frank\" \/>\n<meta property=\"og:description\" content=\"Interviews &#8212; Interview avec Andrea Davide, l&#039;homme derri\u00e8re Velvet May.\" \/>\n<meta property=\"og:url\" content=\"https:\/\/elgarajedefrank.es\/fr\/interview-velvet-may\/\" \/>\n<meta property=\"og:site_name\" content=\"El Garaje de Frank\" \/>\n<meta property=\"article:publisher\" content=\"https:\/\/www.facebook.com\/elgarajedefrank\/\" \/>\n<meta property=\"article:published_time\" content=\"2022-07-04T12:54:53+00:00\" \/>\n<meta property=\"og:image\" content=\"https:\/\/elgarajedefrank.es\/wp-content\/uploads\/2022\/06\/Velvet-May-Foto-1-1-scaled.jpg\" \/>\n\t<meta property=\"og:image:width\" content=\"1707\" \/>\n\t<meta property=\"og:image:height\" content=\"2560\" \/>\n\t<meta property=\"og:image:type\" content=\"image\/jpeg\" \/>\n<meta name=\"author\" content=\"Alba Aranda\" \/>\n<meta name=\"twitter:card\" content=\"summary_large_image\" \/>\n<meta name=\"twitter:label1\" content=\"\u00c9crit par\" \/>\n\t<meta name=\"twitter:data1\" content=\"Alba Aranda\" \/>\n\t<meta name=\"twitter:label2\" content=\"Dur\u00e9e de lecture estim\u00e9e\" \/>\n\t<meta name=\"twitter:data2\" content=\"11 minutes\" \/>\n<script type=\"application\/ld+json\" class=\"yoast-schema-graph\">{\"@context\":\"https:\\\/\\\/schema.org\",\"@graph\":[{\"@type\":\"Article\",\"@id\":\"https:\\\/\\\/elgarajedefrank.es\\\/fr\\\/interview-velvet-may\\\/#article\",\"isPartOf\":{\"@id\":\"https:\\\/\\\/elgarajedefrank.es\\\/fr\\\/interview-velvet-may\\\/\"},\"author\":{\"name\":\"Alba Aranda\",\"@id\":\"https:\\\/\\\/elgarajedefrank.es\\\/fr\\\/#\\\/schema\\\/person\\\/3c7b955125308974a49096ad71ac038f\"},\"headline\":\"Interview : Velvet May\",\"datePublished\":\"2022-07-04T12:54:53+00:00\",\"mainEntityOfPage\":{\"@id\":\"https:\\\/\\\/elgarajedefrank.es\\\/fr\\\/interview-velvet-may\\\/\"},\"wordCount\":2268,\"commentCount\":0,\"publisher\":{\"@id\":\"https:\\\/\\\/elgarajedefrank.es\\\/fr\\\/#\\\/schema\\\/person\\\/d709c9c33f5f405d44c6c9397889ba15\"},\"image\":{\"@id\":\"https:\\\/\\\/elgarajedefrank.es\\\/fr\\\/interview-velvet-may\\\/#primaryimage\"},\"thumbnailUrl\":\"https:\\\/\\\/elgarajedefrank.es\\\/wp-content\\\/uploads\\\/2022\\\/06\\\/Velvet-May-Foto-1-1-scaled.jpg\",\"keywords\":[\"EBM\"],\"articleSection\":[\"Interviews\"],\"inLanguage\":\"fr-FR\",\"potentialAction\":[{\"@type\":\"CommentAction\",\"name\":\"Comment\",\"target\":[\"https:\\\/\\\/elgarajedefrank.es\\\/fr\\\/interview-velvet-may\\\/#respond\"]}]},{\"@type\":\"WebPage\",\"@id\":\"https:\\\/\\\/elgarajedefrank.es\\\/fr\\\/interview-velvet-may\\\/\",\"url\":\"https:\\\/\\\/elgarajedefrank.es\\\/fr\\\/interview-velvet-may\\\/\",\"name\":\"Interview : Velvet May &#8212; El Garaje de Frank\",\"isPartOf\":{\"@id\":\"https:\\\/\\\/elgarajedefrank.es\\\/fr\\\/#website\"},\"primaryImageOfPage\":{\"@id\":\"https:\\\/\\\/elgarajedefrank.es\\\/fr\\\/interview-velvet-may\\\/#primaryimage\"},\"image\":{\"@id\":\"https:\\\/\\\/elgarajedefrank.es\\\/fr\\\/interview-velvet-may\\\/#primaryimage\"},\"thumbnailUrl\":\"https:\\\/\\\/elgarajedefrank.es\\\/wp-content\\\/uploads\\\/2022\\\/06\\\/Velvet-May-Foto-1-1-scaled.jpg\",\"datePublished\":\"2022-07-04T12:54:53+00:00\",\"description\":\"Interviews &#8212; Interview avec Andrea Davide, l'homme derri\u00e8re Velvet May.\",\"breadcrumb\":{\"@id\":\"https:\\\/\\\/elgarajedefrank.es\\\/fr\\\/interview-velvet-may\\\/#breadcrumb\"},\"inLanguage\":\"fr-FR\",\"potentialAction\":[{\"@type\":\"ReadAction\",\"target\":[\"https:\\\/\\\/elgarajedefrank.es\\\/fr\\\/interview-velvet-may\\\/\"]}]},{\"@type\":\"ImageObject\",\"inLanguage\":\"fr-FR\",\"@id\":\"https:\\\/\\\/elgarajedefrank.es\\\/fr\\\/interview-velvet-may\\\/#primaryimage\",\"url\":\"https:\\\/\\\/elgarajedefrank.es\\\/wp-content\\\/uploads\\\/2022\\\/06\\\/Velvet-May-Foto-1-1-scaled.jpg\",\"contentUrl\":\"https:\\\/\\\/elgarajedefrank.es\\\/wp-content\\\/uploads\\\/2022\\\/06\\\/Velvet-May-Foto-1-1-scaled.jpg\",\"width\":1707,\"height\":2560},{\"@type\":\"BreadcrumbList\",\"@id\":\"https:\\\/\\\/elgarajedefrank.es\\\/fr\\\/interview-velvet-may\\\/#breadcrumb\",\"itemListElement\":[{\"@type\":\"ListItem\",\"position\":1,\"name\":\"Inicio\",\"item\":\"https:\\\/\\\/elgarajedefrank.es\\\/fr\\\/\"},{\"@type\":\"ListItem\",\"position\":2,\"name\":\"Interviews\",\"item\":\"https:\\\/\\\/elgarajedefrank.es\\\/fr\\\/category\\\/interviews-fr\\\/\"},{\"@type\":\"ListItem\",\"position\":3,\"name\":\"Interview : Velvet May\"}]},{\"@type\":\"WebSite\",\"@id\":\"https:\\\/\\\/elgarajedefrank.es\\\/fr\\\/#website\",\"url\":\"https:\\\/\\\/elgarajedefrank.es\\\/fr\\\/\",\"name\":\"El Garaje de Frank\",\"description\":\"Music magazine\",\"publisher\":{\"@id\":\"https:\\\/\\\/elgarajedefrank.es\\\/fr\\\/#\\\/schema\\\/person\\\/d709c9c33f5f405d44c6c9397889ba15\"},\"potentialAction\":[{\"@type\":\"SearchAction\",\"target\":{\"@type\":\"EntryPoint\",\"urlTemplate\":\"https:\\\/\\\/elgarajedefrank.es\\\/fr\\\/?s={search_term_string}\"},\"query-input\":{\"@type\":\"PropertyValueSpecification\",\"valueRequired\":true,\"valueName\":\"search_term_string\"}}],\"inLanguage\":\"fr-FR\"},{\"@type\":[\"Person\",\"Organization\"],\"@id\":\"https:\\\/\\\/elgarajedefrank.es\\\/fr\\\/#\\\/schema\\\/person\\\/d709c9c33f5f405d44c6c9397889ba15\",\"name\":\"Fran\u00e7ois Zappa\",\"image\":{\"@type\":\"ImageObject\",\"inLanguage\":\"fr-FR\",\"@id\":\"https:\\\/\\\/elgarajedefrank.es\\\/wp-content\\\/uploads\\\/2019\\\/10\\\/IMG_8278-150x150.jpg\",\"url\":\"https:\\\/\\\/elgarajedefrank.es\\\/wp-content\\\/uploads\\\/2019\\\/10\\\/IMG_8278-150x150.jpg\",\"contentUrl\":\"https:\\\/\\\/elgarajedefrank.es\\\/wp-content\\\/uploads\\\/2019\\\/10\\\/IMG_8278-150x150.jpg\",\"caption\":\"Fran\u00e7ois Zappa\"},\"logo\":{\"@id\":\"https:\\\/\\\/elgarajedefrank.es\\\/wp-content\\\/uploads\\\/2019\\\/10\\\/IMG_8278-150x150.jpg\"},\"sameAs\":[\"https:\\\/\\\/www.facebook.com\\\/elgarajedefrank\\\/\",\"https:\\\/\\\/www.instagram.com\\\/elgarajedefrank\\\/\"]},{\"@type\":\"Person\",\"@id\":\"https:\\\/\\\/elgarajedefrank.es\\\/fr\\\/#\\\/schema\\\/person\\\/3c7b955125308974a49096ad71ac038f\",\"name\":\"Alba Aranda\",\"image\":{\"@type\":\"ImageObject\",\"inLanguage\":\"fr-FR\",\"@id\":\"https:\\\/\\\/elgarajedefrank.es\\\/wp-content\\\/uploads\\\/2021\\\/03\\\/0M6A9280-150x150.jpg\",\"url\":\"https:\\\/\\\/elgarajedefrank.es\\\/wp-content\\\/uploads\\\/2021\\\/03\\\/0M6A9280-150x150.jpg\",\"contentUrl\":\"https:\\\/\\\/elgarajedefrank.es\\\/wp-content\\\/uploads\\\/2021\\\/03\\\/0M6A9280-150x150.jpg\",\"caption\":\"Alba Aranda\"},\"sameAs\":[\"https:\\\/\\\/donna-festa.com\\\/\",\"dona_festa\",\"https:\\\/\\\/www.youtube.com\\\/c\\\/DominantEvents\",\"https:\\\/\\\/soundcloud.com\\\/dominantevents\"]}]}<\/script>\n<!-- \/ Yoast SEO plugin. -->","yoast_head_json":{"title":"Interview : Velvet May &#8212; El Garaje de Frank","description":"Interviews &#8212; Interview avec Andrea Davide, l'homme derri\u00e8re Velvet May.","robots":{"index":"index","follow":"follow","max-snippet":"max-snippet:-1","max-image-preview":"max-image-preview:large","max-video-preview":"max-video-preview:-1"},"canonical":"https:\/\/elgarajedefrank.es\/fr\/interview-velvet-may\/","og_locale":"fr_FR","og_type":"article","og_title":"Interview : Velvet May &#8212; El Garaje de Frank","og_description":"Interviews &#8212; Interview avec Andrea Davide, l'homme derri\u00e8re Velvet May.","og_url":"https:\/\/elgarajedefrank.es\/fr\/interview-velvet-may\/","og_site_name":"El Garaje de Frank","article_publisher":"https:\/\/www.facebook.com\/elgarajedefrank\/","article_published_time":"2022-07-04T12:54:53+00:00","og_image":[{"width":1707,"height":2560,"url":"https:\/\/elgarajedefrank.es\/wp-content\/uploads\/2022\/06\/Velvet-May-Foto-1-1-scaled.jpg","type":"image\/jpeg"}],"author":"Alba Aranda","twitter_card":"summary_large_image","twitter_misc":{"\u00c9crit par":"Alba Aranda","Dur\u00e9e de lecture estim\u00e9e":"11 minutes"},"schema":{"@context":"https:\/\/schema.org","@graph":[{"@type":"Article","@id":"https:\/\/elgarajedefrank.es\/fr\/interview-velvet-may\/#article","isPartOf":{"@id":"https:\/\/elgarajedefrank.es\/fr\/interview-velvet-may\/"},"author":{"name":"Alba Aranda","@id":"https:\/\/elgarajedefrank.es\/fr\/#\/schema\/person\/3c7b955125308974a49096ad71ac038f"},"headline":"Interview : Velvet May","datePublished":"2022-07-04T12:54:53+00:00","mainEntityOfPage":{"@id":"https:\/\/elgarajedefrank.es\/fr\/interview-velvet-may\/"},"wordCount":2268,"commentCount":0,"publisher":{"@id":"https:\/\/elgarajedefrank.es\/fr\/#\/schema\/person\/d709c9c33f5f405d44c6c9397889ba15"},"image":{"@id":"https:\/\/elgarajedefrank.es\/fr\/interview-velvet-may\/#primaryimage"},"thumbnailUrl":"https:\/\/elgarajedefrank.es\/wp-content\/uploads\/2022\/06\/Velvet-May-Foto-1-1-scaled.jpg","keywords":["EBM"],"articleSection":["Interviews"],"inLanguage":"fr-FR","potentialAction":[{"@type":"CommentAction","name":"Comment","target":["https:\/\/elgarajedefrank.es\/fr\/interview-velvet-may\/#respond"]}]},{"@type":"WebPage","@id":"https:\/\/elgarajedefrank.es\/fr\/interview-velvet-may\/","url":"https:\/\/elgarajedefrank.es\/fr\/interview-velvet-may\/","name":"Interview : Velvet May &#8212; El Garaje de Frank","isPartOf":{"@id":"https:\/\/elgarajedefrank.es\/fr\/#website"},"primaryImageOfPage":{"@id":"https:\/\/elgarajedefrank.es\/fr\/interview-velvet-may\/#primaryimage"},"image":{"@id":"https:\/\/elgarajedefrank.es\/fr\/interview-velvet-may\/#primaryimage"},"thumbnailUrl":"https:\/\/elgarajedefrank.es\/wp-content\/uploads\/2022\/06\/Velvet-May-Foto-1-1-scaled.jpg","datePublished":"2022-07-04T12:54:53+00:00","description":"Interviews &#8212; Interview avec Andrea Davide, l'homme derri\u00e8re Velvet May.","breadcrumb":{"@id":"https:\/\/elgarajedefrank.es\/fr\/interview-velvet-may\/#breadcrumb"},"inLanguage":"fr-FR","potentialAction":[{"@type":"ReadAction","target":["https:\/\/elgarajedefrank.es\/fr\/interview-velvet-may\/"]}]},{"@type":"ImageObject","inLanguage":"fr-FR","@id":"https:\/\/elgarajedefrank.es\/fr\/interview-velvet-may\/#primaryimage","url":"https:\/\/elgarajedefrank.es\/wp-content\/uploads\/2022\/06\/Velvet-May-Foto-1-1-scaled.jpg","contentUrl":"https:\/\/elgarajedefrank.es\/wp-content\/uploads\/2022\/06\/Velvet-May-Foto-1-1-scaled.jpg","width":1707,"height":2560},{"@type":"BreadcrumbList","@id":"https:\/\/elgarajedefrank.es\/fr\/interview-velvet-may\/#breadcrumb","itemListElement":[{"@type":"ListItem","position":1,"name":"Inicio","item":"https:\/\/elgarajedefrank.es\/fr\/"},{"@type":"ListItem","position":2,"name":"Interviews","item":"https:\/\/elgarajedefrank.es\/fr\/category\/interviews-fr\/"},{"@type":"ListItem","position":3,"name":"Interview : Velvet May"}]},{"@type":"WebSite","@id":"https:\/\/elgarajedefrank.es\/fr\/#website","url":"https:\/\/elgarajedefrank.es\/fr\/","name":"El Garaje de Frank","description":"Music magazine","publisher":{"@id":"https:\/\/elgarajedefrank.es\/fr\/#\/schema\/person\/d709c9c33f5f405d44c6c9397889ba15"},"potentialAction":[{"@type":"SearchAction","target":{"@type":"EntryPoint","urlTemplate":"https:\/\/elgarajedefrank.es\/fr\/?s={search_term_string}"},"query-input":{"@type":"PropertyValueSpecification","valueRequired":true,"valueName":"search_term_string"}}],"inLanguage":"fr-FR"},{"@type":["Person","Organization"],"@id":"https:\/\/elgarajedefrank.es\/fr\/#\/schema\/person\/d709c9c33f5f405d44c6c9397889ba15","name":"Fran\u00e7ois Zappa","image":{"@type":"ImageObject","inLanguage":"fr-FR","@id":"https:\/\/elgarajedefrank.es\/wp-content\/uploads\/2019\/10\/IMG_8278-150x150.jpg","url":"https:\/\/elgarajedefrank.es\/wp-content\/uploads\/2019\/10\/IMG_8278-150x150.jpg","contentUrl":"https:\/\/elgarajedefrank.es\/wp-content\/uploads\/2019\/10\/IMG_8278-150x150.jpg","caption":"Fran\u00e7ois Zappa"},"logo":{"@id":"https:\/\/elgarajedefrank.es\/wp-content\/uploads\/2019\/10\/IMG_8278-150x150.jpg"},"sameAs":["https:\/\/www.facebook.com\/elgarajedefrank\/","https:\/\/www.instagram.com\/elgarajedefrank\/"]},{"@type":"Person","@id":"https:\/\/elgarajedefrank.es\/fr\/#\/schema\/person\/3c7b955125308974a49096ad71ac038f","name":"Alba Aranda","image":{"@type":"ImageObject","inLanguage":"fr-FR","@id":"https:\/\/elgarajedefrank.es\/wp-content\/uploads\/2021\/03\/0M6A9280-150x150.jpg","url":"https:\/\/elgarajedefrank.es\/wp-content\/uploads\/2021\/03\/0M6A9280-150x150.jpg","contentUrl":"https:\/\/elgarajedefrank.es\/wp-content\/uploads\/2021\/03\/0M6A9280-150x150.jpg","caption":"Alba Aranda"},"sameAs":["https:\/\/donna-festa.com\/","dona_festa","https:\/\/www.youtube.com\/c\/DominantEvents","https:\/\/soundcloud.com\/dominantevents"]}]}},"_links":{"self":[{"href":"https:\/\/elgarajedefrank.es\/fr\/wp-json\/wp\/v2\/posts\/46228","targetHints":{"allow":["GET"]}}],"collection":[{"href":"https:\/\/elgarajedefrank.es\/fr\/wp-json\/wp\/v2\/posts"}],"about":[{"href":"https:\/\/elgarajedefrank.es\/fr\/wp-json\/wp\/v2\/types\/post"}],"author":[{"embeddable":true,"href":"https:\/\/elgarajedefrank.es\/fr\/wp-json\/wp\/v2\/users\/7"}],"replies":[{"embeddable":true,"href":"https:\/\/elgarajedefrank.es\/fr\/wp-json\/wp\/v2\/comments?post=46228"}],"version-history":[{"count":0,"href":"https:\/\/elgarajedefrank.es\/fr\/wp-json\/wp\/v2\/posts\/46228\/revisions"}],"wp:featuredmedia":[{"embeddable":true,"href":"https:\/\/elgarajedefrank.es\/fr\/wp-json\/wp\/v2\/media\/46015"}],"wp:attachment":[{"href":"https:\/\/elgarajedefrank.es\/fr\/wp-json\/wp\/v2\/media?parent=46228"}],"wp:term":[{"taxonomy":"category","embeddable":true,"href":"https:\/\/elgarajedefrank.es\/fr\/wp-json\/wp\/v2\/categories?post=46228"},{"taxonomy":"post_tag","embeddable":true,"href":"https:\/\/elgarajedefrank.es\/fr\/wp-json\/wp\/v2\/tags?post=46228"}],"curies":[{"name":"wp","href":"https:\/\/api.w.org\/{rel}","templated":true}]}}