{"id":45886,"date":"2022-06-29T15:20:31","date_gmt":"2022-06-29T13:20:31","guid":{"rendered":"https:\/\/elgarajedefrank.es\/?p=45886"},"modified":"2022-06-29T15:50:06","modified_gmt":"2022-06-29T13:50:06","slug":"interview-boytronic","status":"publish","type":"post","link":"https:\/\/elgarajedefrank.es\/fr\/interview-boytronic\/","title":{"rendered":"Interview : Boytronic"},"content":{"rendered":"<p><span style=\"font-family: georgia, palatino, serif; font-size: 12pt;\"><strong>Bien qu\u2019il ait plu pendant le concert de Boytronic lors du festival belge Sinner\u2019s Day, un grand nombre de fans sont rest\u00e9s \u00e0 danser sous la pluie pour assister \u00e0 leur performance. Heureusement, elle s\u2019est arr\u00eat\u00e9e avant la l\u00e9gendaire \u00ab\u00a0You\u00a0\u00bb. On a pu appr\u00e9cier ce classique des ann\u00e9es 80 tout en admirant un arc-en-ciel, qui ne pouvait pas mieux tomber, apparu derri\u00e8re nous. Nous avons parl\u00e9 avec James Knights, chanteur aux c\u00f4t\u00e9s de Holger Wobker du groupe de synthpop.<\/strong><\/span><\/p>\n<p><span style=\"font-family: georgia, palatino, serif; font-size: 12pt; color: #800080;\"><strong>Photo d&#8217;en-t\u00eate : Oliver Lindner<\/strong><\/span><\/p>\n<p><span style=\"font-family: georgia, palatino, serif; font-size: 12pt;\"><strong><img fetchpriority=\"high\" decoding=\"async\" class=\"wp-image-45900 alignleft\" src=\"https:\/\/elgarajedefrank.es\/wp-content\/uploads\/2022\/06\/P1011089-1-300x225.jpg\" alt=\"\" width=\"409\" height=\"307\" srcset=\"https:\/\/elgarajedefrank.es\/wp-content\/uploads\/2022\/06\/P1011089-1-300x225.jpg 300w, https:\/\/elgarajedefrank.es\/wp-content\/uploads\/2022\/06\/P1011089-1-1024x768.jpg 1024w, https:\/\/elgarajedefrank.es\/wp-content\/uploads\/2022\/06\/P1011089-1-768x576.jpg 768w, https:\/\/elgarajedefrank.es\/wp-content\/uploads\/2022\/06\/P1011089-1-1536x1152.jpg 1536w, https:\/\/elgarajedefrank.es\/wp-content\/uploads\/2022\/06\/P1011089-1.jpg 1920w, https:\/\/elgarajedefrank.es\/wp-content\/uploads\/2022\/06\/P1011089-1-1170x878.jpg 1170w, https:\/\/elgarajedefrank.es\/wp-content\/uploads\/2022\/06\/P1011089-1-585x439.jpg 585w\" sizes=\"(max-width: 409px) 100vw, 409px\" \/>\u2014<\/strong><strong>James, te souviens-tu du moment o\u00f9 tu as \u00e9cout\u00e9 Boytronic pour la premi\u00e8re fois\u00a0? \u00c9tais-tu fan de leur musique avant de faire partie du groupe\u00a0?<\/strong><\/span><\/p>\n<p><span style=\"font-family: georgia, palatino, serif; font-size: 12pt;\">\u2014Oui\u00a0! \u00c7a s\u2019est produit lors d\u2019une soir\u00e9e dans une bo\u00eete de nuit pas tr\u00e8s loin de Salzbourg. J\u2019avais donn\u00e9 un concert avec mon ancien groupe <strong>Scarlet Soho<\/strong> et le DJ a jou\u00e9 \u00ab\u00a0YOU\u00a0\u00bb. Tout le monde s\u2019est mis \u00e0 danser. J\u2019ai d\u00fb lui demander ce que c\u2019\u00e9tait\u00a0!<\/span><\/p>\n<p><span style=\"font-family: georgia, palatino, serif; font-size: 12pt;\"><strong>\u2014<\/strong><strong>\u00c9coutais-tu de la musique disco et du HI-NRG avant\u00a0? Quel genre de musique t\u2019int\u00e9resse en g\u00e9n\u00e9ral\u00a0?<\/strong><\/span><\/p>\n<p><span style=\"font-family: georgia, palatino, serif; font-size: 12pt;\"><strong>\u2014<\/strong>Au fil des ans, j\u2019ai pris go\u00fbt au disco et au HI-NRG. J\u2019aime les d\u00e9tails de la programmation, et je peux utiliser bien plus ma voix. Pendant des ann\u00e9es, j\u2019ai aim\u00e9 l\u2019EBM plus traditionnel et la synthpop britannique, mais j\u2019ai \u00e9t\u00e9 un peu d\u00e9sillusionn\u00e9 par ce son au fil du temps. C\u2019\u00e9tait une bonne id\u00e9e de m\u00e9langer un peu tout \u00e7a\u00a0!<\/span><\/p>\n<p><span style=\"font-family: georgia, palatino, serif; font-size: 12pt;\"><strong>\u2014<\/strong><strong>Lorsque tu \u00e9tais chanteur de Boytronic, quelle \u00e9tait ton approche des anciens titres\u00a0? Essayais-tu de chanter les chansons de la mani\u00e8re la plus similaire possible \u00e0 celle des originales\u00a0?<\/strong><\/span><\/p>\n<p><span style=\"font-family: georgia, palatino, serif; font-size: 12pt;\"><strong>\u2014<\/strong>Je chante toujours dans <strong>Boytronic<\/strong> avec Holger\u00a0! Mais oui, c\u2019est un peu difficile d\u2019expliquer l\u2019approche. On a une voix tr\u00e8s diff\u00e9rente, mais dans le contexte d\u2019un live, elles sont tout aussi \u00e9motives. Tant qu\u2019on joue les bonnes notes, c\u2019est bon.<\/span><\/p>\n<p><span style=\"font-family: georgia, palatino, serif; font-size: 12pt;\"><strong>\u2014Ton premier album avec \u00ab\u00a0Boytronic\u00a0\u00bb \u00e9tait <em>Jewel<\/em>. Tu peux nous parler un peu de cette exp\u00e9rience\u00a0?\u00a0<\/strong><\/span><\/p>\n<p><span style=\"font-family: georgia, palatino, serif; font-size: 12pt;\"><strong>\u2014<\/strong>La compo de mon premier album avec le groupe s\u2019est av\u00e9r\u00e9e int\u00e9ressante. Les chansons \u00e9taient d\u00e9j\u00e0 \u00e9crites, alors quand je suis arriv\u00e9, j\u2019ai fait de mon mieux avec l\u2019existant. Certains morceaux comme \u00ab\u00a0Mad Love\u00a0\u00bb et \u00ab\u00a0Time After Midnight\u00a0\u00bb m\u2019ont beaucoup plu, mais le reste n\u2019\u00e9tait pas dans le style de <strong>Boytonic<\/strong>. Pas terrible, donc.<\/span><\/p>\n<p><span style=\"font-family: georgia, palatino, serif; font-size: 12pt;\"><strong>\u2014<\/strong><strong>Pourquoi as-tu quitt\u00e9 l\u2019incarnation pr\u00e9c\u00e9dente du groupe\u00a0?<\/strong><\/span><\/p>\n<p><span style=\"font-family: georgia, palatino, serif; font-size: 12pt;\">\u2014L\u2019accord qui lui permettait d\u2019utiliser le nom du groupe avait expir\u00e9<strong>.<\/strong><\/span><\/p>\n<p><span style=\"font-family: georgia, palatino, serif; font-size: 12pt;\"><strong><img decoding=\"async\" class=\" wp-image-45906 alignright\" src=\"https:\/\/elgarajedefrank.es\/wp-content\/uploads\/2022\/06\/P1011025-300x225.jpg\" alt=\"\" width=\"455\" height=\"341\" srcset=\"https:\/\/elgarajedefrank.es\/wp-content\/uploads\/2022\/06\/P1011025-300x225.jpg 300w, https:\/\/elgarajedefrank.es\/wp-content\/uploads\/2022\/06\/P1011025-1024x768.jpg 1024w, https:\/\/elgarajedefrank.es\/wp-content\/uploads\/2022\/06\/P1011025-768x576.jpg 768w, https:\/\/elgarajedefrank.es\/wp-content\/uploads\/2022\/06\/P1011025-1536x1152.jpg 1536w, https:\/\/elgarajedefrank.es\/wp-content\/uploads\/2022\/06\/P1011025.jpg 1920w, https:\/\/elgarajedefrank.es\/wp-content\/uploads\/2022\/06\/P1011025-1170x878.jpg 1170w, https:\/\/elgarajedefrank.es\/wp-content\/uploads\/2022\/06\/P1011025-585x439.jpg 585w\" sizes=\"(max-width: 455px) 100vw, 455px\" \/>\u2014<\/strong><strong>Comment as-tu rencontr\u00e9 Holger\u00a0? <\/strong><\/span><\/p>\n<p><span style=\"font-family: georgia, palatino, serif; font-size: 12pt;\"><strong>\u2014<\/strong>Par Facebook\u00a0!<\/span><\/p>\n<p><span style=\"font-family: georgia, palatino, serif; font-size: 12pt;\"><strong>\u2014<\/strong><strong>Comment s\u2019est d\u00e9roul\u00e9e la composition de The <\/strong><em><strong>Robot Treatment<\/strong><\/em><strong>\u00a0? C\u2019\u00e9tait facile de collaborer\u00a0? <\/strong><\/span><\/p>\n<p><span style=\"font-family: georgia, palatino, serif; font-size: 12pt;\"><strong>\u2014<\/strong>Tout s\u2019est pass\u00e9 tr\u00e8s vite. Je programmais jour et nuit\u00a0! On voulait simplement pr\u00e9parer une version le plus rapidement possible, pour nous lancer sans d\u00e9lai. J\u2019en suis tr\u00e8s fier.<\/span><\/p>\n<p><span style=\"font-family: georgia, palatino, serif; font-size: 12pt;\"><strong>\u2014<\/strong><strong>Pledge Music a fait faillite quand tu cherchais \u00e0 obtenir de l\u2019argent pour financer <\/strong><em><strong>The Robot Treatment<\/strong><\/em><strong>. Tu as r\u00e9ussi \u00e0 obtenir l\u2019argent\u00a0? Est-ce que \u00e7a a pos\u00e9 probl\u00e8me pour la sortie de l\u2019album\u00a0? <\/strong><\/span><\/p>\n<p><span style=\"font-family: georgia, palatino, serif; font-size: 12pt;\">\u2014Malheureusement, Pledge a pris l\u2019argent et on en a pas vu la couleur. De nombreux autres artistes ont \u00e9galement eu des probl\u00e8mes. Au final, on a financ\u00e9 l\u2019album par nos propres moyens, ce qui nous a mis \u00e0 rude \u00e9preuve d\u2019un point de vue financier pendant un moment. Heureusement, nos fans ont compris la situation et ne nous ont pas bl\u00e2m\u00e9s pour la faillite de Pledge Music.<\/span><\/p>\n<p><span style=\"font-family: georgia, palatino, serif; font-size: 12pt;\"><strong>\u2014<\/strong><strong>Tu as utilis\u00e9 uniquement des synth\u00e9s analogiques pour cet album, pourquoi les pr\u00e9f\u00e8res-tu\u00a0? <\/strong><\/span><\/p>\n<p><span style=\"font-family: georgia, palatino, serif; font-size: 12pt;\">\u2014Ils sont r\u00e9els\u00a0! Tu peux les toucher\u00a0! C\u2019\u00e9tait agr\u00e9able de donner vie \u00e0 ces superbes chansons gr\u00e2ce aux machines. Parfois, ils \u00e9taient d\u00e9saccord\u00e9s en raison de leur \u00e2ge. Si \u00e7a sonnait bien, on gardait les sons.<\/span><\/p>\n<p><span style=\"font-family: georgia, palatino, serif; font-size: 12pt;\"><strong><img decoding=\"async\" class=\" wp-image-45909 alignleft\" src=\"https:\/\/elgarajedefrank.es\/wp-content\/uploads\/2022\/06\/a4199937930_16-300x300.jpg\" alt=\"\" width=\"410\" height=\"410\" srcset=\"https:\/\/elgarajedefrank.es\/wp-content\/uploads\/2022\/06\/a4199937930_16-300x300.jpg 300w, https:\/\/elgarajedefrank.es\/wp-content\/uploads\/2022\/06\/a4199937930_16-150x150.jpg 150w, https:\/\/elgarajedefrank.es\/wp-content\/uploads\/2022\/06\/a4199937930_16-585x585.jpg 585w, https:\/\/elgarajedefrank.es\/wp-content\/uploads\/2022\/06\/a4199937930_16.jpg 700w\" sizes=\"(max-width: 410px) 100vw, 410px\" \/>\u2014<\/strong><strong>En quoi <\/strong><em><strong>The Robot Treatment<\/strong><\/em><strong> est une continuation du deuxi\u00e8me album de Boytronic\u00a0? <\/strong><\/span><\/p>\n<p><span style=\"font-family: georgia, palatino, serif; font-size: 12pt;\">\u2014J\u2019ai l\u2019impression qu\u2019ils sont li\u00e9s d\u2019une certaine fa\u00e7on. L\u2019\u00e9criture est bas\u00e9e sur les chansons, et est moins pr\u00e9vue pour le dancefloor.<\/span><\/p>\n<p><span style=\"font-family: georgia, palatino, serif; font-size: 12pt;\"><strong>\u2014<\/strong><strong>Votre dernier album est un album de remix. De grands noms, comme The Invisible Spirit et Le\u00e6ther Strip, ont collabor\u00e9. Comment as-tu eu l\u2019id\u00e9e de l\u2019album et s\u00e9lectionn\u00e9 les artistes\u00a0?<\/strong><\/span><\/p>\n<p><span style=\"font-family: georgia, palatino, serif; font-size: 12pt;\"><strong>\u2014<\/strong>C\u2019\u00e9tait une id\u00e9e d\u00e9lib\u00e9r\u00e9e de faire en sorte que <em>The Robot Treatment<\/em> ait un son r\u00e9tro et vintage. On a pens\u00e9 que ce serait bien de cr\u00e9er des mixes\u00a0modernes des chansons. Ils devraient \u00eatre jou\u00e9s dans les clubs et sur le dancefloor\u00a0! On a fait appel \u00e0 quelques bons amis, qui nous ont donn\u00e9 un coup de main.<\/span><\/p>\n<p><span style=\"font-family: georgia, palatino, serif; font-size: 12pt;\"><strong>\u2014<\/strong><strong>C\u2019est l\u2019heure de nos questions sur les projets secondaires. James, ton autre groupe est KNIGHT$, et tu as sorti un album avec ce projet l\u2019ann\u00e9e derni\u00e8re. \u2014Que peux-tu nous en dire\u00a0?<\/strong><\/span><\/p>\n<p><span style=\"font-family: georgia, palatino, serif; font-size: 12pt;\"><strong>\u2014J\u2019ai cr\u00e9\u00e9<\/strong> <strong>KNIGHT$<\/strong> aux alentours de 2016. Je voulais cr\u00e9er un nouveau projet o\u00f9 je pourrais utiliser davantage l\u2019\u00e9tendue de ma voix, en chantant un peu plus haut et en travaillant avec des styles peu familiers comme le Hi-NRG et l\u2019Italo-Disco. J\u2019adore ce que je joue avec<strong>KNIGHT$<\/strong>. \u00c7a m\u2019a fait un v\u00e9ritable choc de d\u00e9couvrir que mon album <em>Dollars &amp; Cents<\/em> est aussi populaire en Am\u00e9rique latine. Je ne m\u2019y attendais pas du tout\u00a0!<\/span><\/p>\n<p><span style=\"font-family: georgia, palatino, serif; font-size: 12pt;\"><strong>\u2014<\/strong><strong>Tu fais aussi partie du groupe Demokratie, n\u2019est-ce pas\u00a0? Tu peux nous en parler\u00a0? Est-ce difficile de mener \u00e0 bien autant de projets en m\u00eame temps\u00a0?<\/strong><\/span><\/p>\n<p><span style=\"font-family: georgia, palatino, serif; font-size: 12pt;\"><strong>\u2014<\/strong>J\u2019aime collaborer et chanter pour d\u2019autres projets de temps en temps. \u00c7a me permet d\u2019entra\u00eener ma voix. Manfred de <strong>Demokratie<\/strong> est un bon ami, et je l\u2019aiderai toujours d\u00e8s que possible, car sa fa\u00e7on de composer n\u2019a rien \u00e0 voir avec la mienne.<\/span><\/p>\n<p><span style=\"font-family: georgia, palatino, serif; font-size: 12pt;\"><strong>\u2014<\/strong><strong>Et maintenant, retournons dans le pass\u00e9. Ton premier groupe \u00e9tait Scarlet Soho, non\u00a0? Quels sont tes souvenirs de cette \u00e9poque\u00a0? <\/strong><\/span><\/p>\n<p><span style=\"font-family: georgia, palatino, serif; font-size: 12pt;\">\u2014J\u2019\u00e9coutais <strong>Scarlet Soho<\/strong> quand j\u2019\u00e9tais ado. Le groupe a \u00e9t\u00e9 cr\u00e9\u00e9 dans la petite ville o\u00f9 j\u2019ai grandi. Ce groupe nous a appris, \u00e0 moi et \u00e0 mes amis, tellement de choses sur l\u2019enregistrement et les concerts. On a enregistr\u00e9 3\u00a0albums studio, au final\u00a0! De temps en temps, je r\u00e9\u00e9coute les chansons et c\u2019est agr\u00e9able d\u2019entendre comment nous avons progress\u00e9 au fil des ans. Certains des premiers enregistrements sont m\u00eame assez dr\u00f4les. On a pass\u00e9 de bons moments&#8230;<\/span><\/p>\n<p><span style=\"font-family: georgia, palatino, serif; font-size: 12pt;\"><strong>\u2014<\/strong><strong>Quels sont tes projets pour l\u2019avenir du groupe\u00a0? Un nouvel album\u00a0?<\/strong><\/span><\/p>\n<p><span style=\"font-family: georgia, palatino, serif; font-size: 12pt;\">\u2014On travaille sur un nouvel album en ce moment m\u00eame\u00a0! On prend notre temps car on ne veut pas se pr\u00e9cipiter, mais l\u2019album sonne bien et je suis s\u00fbr que les fans vont l\u2019adorer, tout comme nous.<\/span><\/p>\n","protected":false},"excerpt":{"rendered":"<p>Bien qu\u2019il ait plu pendant le concert de Boytronic lors du festival belge Sinner\u2019s Day,&hellip;<\/p>\n","protected":false},"author":2,"featured_media":45920,"comment_status":"open","ping_status":"open","sticky":false,"template":"","format":"standard","meta":{"_lmt_disableupdate":"","_lmt_disable":"","footnotes":""},"categories":[35],"tags":[416],"class_list":["post-45886","post","type-post","status-publish","format-standard","has-post-thumbnail","hentry","category-interviews-fr","tag-synthpop-2-fr"],"yoast_head":"<!-- This site is optimized with the Yoast SEO plugin v27.4 - https:\/\/yoast.com\/product\/yoast-seo-wordpress\/ -->\n<title>Interview : Boytronic &#8212; El Garaje de Frank<\/title>\n<meta name=\"description\" content=\"Interviews &#8212; Interview avec le groupe de synthpop allemand Boytronic.\" \/>\n<meta name=\"robots\" content=\"index, follow, max-snippet:-1, max-image-preview:large, max-video-preview:-1\" \/>\n<link rel=\"canonical\" href=\"https:\/\/elgarajedefrank.es\/fr\/interview-boytronic\/\" \/>\n<meta property=\"og:locale\" content=\"fr_FR\" \/>\n<meta property=\"og:type\" content=\"article\" \/>\n<meta property=\"og:title\" content=\"Interview : Boytronic &#8212; El Garaje de Frank\" \/>\n<meta property=\"og:description\" content=\"Interviews &#8212; Interview avec le groupe de synthpop allemand Boytronic.\" \/>\n<meta property=\"og:url\" content=\"https:\/\/elgarajedefrank.es\/fr\/interview-boytronic\/\" \/>\n<meta property=\"og:site_name\" content=\"El Garaje de Frank\" \/>\n<meta property=\"article:publisher\" content=\"https:\/\/www.facebook.com\/elgarajedefrank\/\" \/>\n<meta property=\"article:published_time\" content=\"2022-06-29T13:20:31+00:00\" \/>\n<meta property=\"article:modified_time\" content=\"2022-06-29T13:50:06+00:00\" \/>\n<meta property=\"og:image\" content=\"https:\/\/elgarajedefrank.es\/wp-content\/uploads\/2022\/06\/Oliver-Lindner-Boytronic-Sinners-Day-1.jpg\" \/>\n\t<meta property=\"og:image:width\" content=\"1386\" \/>\n\t<meta property=\"og:image:height\" content=\"640\" \/>\n\t<meta property=\"og:image:type\" content=\"image\/jpeg\" \/>\n<meta name=\"author\" content=\"Violeta\" \/>\n<meta name=\"twitter:card\" content=\"summary_large_image\" \/>\n<meta name=\"twitter:label1\" content=\"\u00c9crit par\" \/>\n\t<meta name=\"twitter:data1\" content=\"Violeta\" \/>\n\t<meta name=\"twitter:label2\" content=\"Dur\u00e9e de lecture estim\u00e9e\" \/>\n\t<meta name=\"twitter:data2\" content=\"6 minutes\" \/>\n<script type=\"application\/ld+json\" class=\"yoast-schema-graph\">{\"@context\":\"https:\\\/\\\/schema.org\",\"@graph\":[{\"@type\":\"Article\",\"@id\":\"https:\\\/\\\/elgarajedefrank.es\\\/fr\\\/interview-boytronic\\\/#article\",\"isPartOf\":{\"@id\":\"https:\\\/\\\/elgarajedefrank.es\\\/fr\\\/interview-boytronic\\\/\"},\"author\":{\"name\":\"Violeta\",\"@id\":\"https:\\\/\\\/elgarajedefrank.es\\\/fr\\\/#\\\/schema\\\/person\\\/35ec115bc6f8fb3d23238106dc7c1308\"},\"headline\":\"Interview : Boytronic\",\"datePublished\":\"2022-06-29T13:20:31+00:00\",\"dateModified\":\"2022-06-29T13:50:06+00:00\",\"mainEntityOfPage\":{\"@id\":\"https:\\\/\\\/elgarajedefrank.es\\\/fr\\\/interview-boytronic\\\/\"},\"wordCount\":1175,\"commentCount\":0,\"publisher\":{\"@id\":\"https:\\\/\\\/elgarajedefrank.es\\\/fr\\\/#\\\/schema\\\/person\\\/d709c9c33f5f405d44c6c9397889ba15\"},\"image\":{\"@id\":\"https:\\\/\\\/elgarajedefrank.es\\\/fr\\\/interview-boytronic\\\/#primaryimage\"},\"thumbnailUrl\":\"https:\\\/\\\/elgarajedefrank.es\\\/wp-content\\\/uploads\\\/2022\\\/06\\\/Oliver-Lindner-Boytronic-Sinners-Day-1.jpg\",\"keywords\":[\"Synthpop\"],\"articleSection\":[\"Interviews\"],\"inLanguage\":\"fr-FR\",\"potentialAction\":[{\"@type\":\"CommentAction\",\"name\":\"Comment\",\"target\":[\"https:\\\/\\\/elgarajedefrank.es\\\/fr\\\/interview-boytronic\\\/#respond\"]}]},{\"@type\":\"WebPage\",\"@id\":\"https:\\\/\\\/elgarajedefrank.es\\\/fr\\\/interview-boytronic\\\/\",\"url\":\"https:\\\/\\\/elgarajedefrank.es\\\/fr\\\/interview-boytronic\\\/\",\"name\":\"Interview : Boytronic &#8212; El Garaje de Frank\",\"isPartOf\":{\"@id\":\"https:\\\/\\\/elgarajedefrank.es\\\/fr\\\/#website\"},\"primaryImageOfPage\":{\"@id\":\"https:\\\/\\\/elgarajedefrank.es\\\/fr\\\/interview-boytronic\\\/#primaryimage\"},\"image\":{\"@id\":\"https:\\\/\\\/elgarajedefrank.es\\\/fr\\\/interview-boytronic\\\/#primaryimage\"},\"thumbnailUrl\":\"https:\\\/\\\/elgarajedefrank.es\\\/wp-content\\\/uploads\\\/2022\\\/06\\\/Oliver-Lindner-Boytronic-Sinners-Day-1.jpg\",\"datePublished\":\"2022-06-29T13:20:31+00:00\",\"dateModified\":\"2022-06-29T13:50:06+00:00\",\"description\":\"Interviews &#8212; Interview avec le groupe de synthpop allemand Boytronic.\",\"breadcrumb\":{\"@id\":\"https:\\\/\\\/elgarajedefrank.es\\\/fr\\\/interview-boytronic\\\/#breadcrumb\"},\"inLanguage\":\"fr-FR\",\"potentialAction\":[{\"@type\":\"ReadAction\",\"target\":[\"https:\\\/\\\/elgarajedefrank.es\\\/fr\\\/interview-boytronic\\\/\"]}]},{\"@type\":\"ImageObject\",\"inLanguage\":\"fr-FR\",\"@id\":\"https:\\\/\\\/elgarajedefrank.es\\\/fr\\\/interview-boytronic\\\/#primaryimage\",\"url\":\"https:\\\/\\\/elgarajedefrank.es\\\/wp-content\\\/uploads\\\/2022\\\/06\\\/Oliver-Lindner-Boytronic-Sinners-Day-1.jpg\",\"contentUrl\":\"https:\\\/\\\/elgarajedefrank.es\\\/wp-content\\\/uploads\\\/2022\\\/06\\\/Oliver-Lindner-Boytronic-Sinners-Day-1.jpg\",\"width\":1386,\"height\":640},{\"@type\":\"BreadcrumbList\",\"@id\":\"https:\\\/\\\/elgarajedefrank.es\\\/fr\\\/interview-boytronic\\\/#breadcrumb\",\"itemListElement\":[{\"@type\":\"ListItem\",\"position\":1,\"name\":\"Inicio\",\"item\":\"https:\\\/\\\/elgarajedefrank.es\\\/fr\\\/\"},{\"@type\":\"ListItem\",\"position\":2,\"name\":\"Interviews\",\"item\":\"https:\\\/\\\/elgarajedefrank.es\\\/fr\\\/category\\\/interviews-fr\\\/\"},{\"@type\":\"ListItem\",\"position\":3,\"name\":\"Interview : Boytronic\"}]},{\"@type\":\"WebSite\",\"@id\":\"https:\\\/\\\/elgarajedefrank.es\\\/fr\\\/#website\",\"url\":\"https:\\\/\\\/elgarajedefrank.es\\\/fr\\\/\",\"name\":\"El Garaje de Frank\",\"description\":\"Music magazine\",\"publisher\":{\"@id\":\"https:\\\/\\\/elgarajedefrank.es\\\/fr\\\/#\\\/schema\\\/person\\\/d709c9c33f5f405d44c6c9397889ba15\"},\"potentialAction\":[{\"@type\":\"SearchAction\",\"target\":{\"@type\":\"EntryPoint\",\"urlTemplate\":\"https:\\\/\\\/elgarajedefrank.es\\\/fr\\\/?s={search_term_string}\"},\"query-input\":{\"@type\":\"PropertyValueSpecification\",\"valueRequired\":true,\"valueName\":\"search_term_string\"}}],\"inLanguage\":\"fr-FR\"},{\"@type\":[\"Person\",\"Organization\"],\"@id\":\"https:\\\/\\\/elgarajedefrank.es\\\/fr\\\/#\\\/schema\\\/person\\\/d709c9c33f5f405d44c6c9397889ba15\",\"name\":\"Fran\u00e7ois Zappa\",\"image\":{\"@type\":\"ImageObject\",\"inLanguage\":\"fr-FR\",\"@id\":\"https:\\\/\\\/elgarajedefrank.es\\\/wp-content\\\/uploads\\\/2019\\\/10\\\/IMG_8278-150x150.jpg\",\"url\":\"https:\\\/\\\/elgarajedefrank.es\\\/wp-content\\\/uploads\\\/2019\\\/10\\\/IMG_8278-150x150.jpg\",\"contentUrl\":\"https:\\\/\\\/elgarajedefrank.es\\\/wp-content\\\/uploads\\\/2019\\\/10\\\/IMG_8278-150x150.jpg\",\"caption\":\"Fran\u00e7ois Zappa\"},\"logo\":{\"@id\":\"https:\\\/\\\/elgarajedefrank.es\\\/wp-content\\\/uploads\\\/2019\\\/10\\\/IMG_8278-150x150.jpg\"},\"sameAs\":[\"https:\\\/\\\/www.facebook.com\\\/elgarajedefrank\\\/\",\"https:\\\/\\\/www.instagram.com\\\/elgarajedefrank\\\/\"]},{\"@type\":\"Person\",\"@id\":\"https:\\\/\\\/elgarajedefrank.es\\\/fr\\\/#\\\/schema\\\/person\\\/35ec115bc6f8fb3d23238106dc7c1308\",\"name\":\"Violeta\",\"image\":{\"@type\":\"ImageObject\",\"inLanguage\":\"fr-FR\",\"@id\":\"https:\\\/\\\/elgarajedefrank.es\\\/wp-content\\\/uploads\\\/2019\\\/10\\\/IMG_0576-e1570432097945-150x150.jpg\",\"url\":\"https:\\\/\\\/elgarajedefrank.es\\\/wp-content\\\/uploads\\\/2019\\\/10\\\/IMG_0576-e1570432097945-150x150.jpg\",\"contentUrl\":\"https:\\\/\\\/elgarajedefrank.es\\\/wp-content\\\/uploads\\\/2019\\\/10\\\/IMG_0576-e1570432097945-150x150.jpg\",\"caption\":\"Violeta\"}}]}<\/script>\n<!-- \/ Yoast SEO plugin. -->","yoast_head_json":{"title":"Interview : Boytronic &#8212; El Garaje de Frank","description":"Interviews &#8212; Interview avec le groupe de synthpop allemand Boytronic.","robots":{"index":"index","follow":"follow","max-snippet":"max-snippet:-1","max-image-preview":"max-image-preview:large","max-video-preview":"max-video-preview:-1"},"canonical":"https:\/\/elgarajedefrank.es\/fr\/interview-boytronic\/","og_locale":"fr_FR","og_type":"article","og_title":"Interview : Boytronic &#8212; El Garaje de Frank","og_description":"Interviews &#8212; Interview avec le groupe de synthpop allemand Boytronic.","og_url":"https:\/\/elgarajedefrank.es\/fr\/interview-boytronic\/","og_site_name":"El Garaje de Frank","article_publisher":"https:\/\/www.facebook.com\/elgarajedefrank\/","article_published_time":"2022-06-29T13:20:31+00:00","article_modified_time":"2022-06-29T13:50:06+00:00","og_image":[{"width":1386,"height":640,"url":"https:\/\/elgarajedefrank.es\/wp-content\/uploads\/2022\/06\/Oliver-Lindner-Boytronic-Sinners-Day-1.jpg","type":"image\/jpeg"}],"author":"Violeta","twitter_card":"summary_large_image","twitter_misc":{"\u00c9crit par":"Violeta","Dur\u00e9e de lecture estim\u00e9e":"6 minutes"},"schema":{"@context":"https:\/\/schema.org","@graph":[{"@type":"Article","@id":"https:\/\/elgarajedefrank.es\/fr\/interview-boytronic\/#article","isPartOf":{"@id":"https:\/\/elgarajedefrank.es\/fr\/interview-boytronic\/"},"author":{"name":"Violeta","@id":"https:\/\/elgarajedefrank.es\/fr\/#\/schema\/person\/35ec115bc6f8fb3d23238106dc7c1308"},"headline":"Interview : Boytronic","datePublished":"2022-06-29T13:20:31+00:00","dateModified":"2022-06-29T13:50:06+00:00","mainEntityOfPage":{"@id":"https:\/\/elgarajedefrank.es\/fr\/interview-boytronic\/"},"wordCount":1175,"commentCount":0,"publisher":{"@id":"https:\/\/elgarajedefrank.es\/fr\/#\/schema\/person\/d709c9c33f5f405d44c6c9397889ba15"},"image":{"@id":"https:\/\/elgarajedefrank.es\/fr\/interview-boytronic\/#primaryimage"},"thumbnailUrl":"https:\/\/elgarajedefrank.es\/wp-content\/uploads\/2022\/06\/Oliver-Lindner-Boytronic-Sinners-Day-1.jpg","keywords":["Synthpop"],"articleSection":["Interviews"],"inLanguage":"fr-FR","potentialAction":[{"@type":"CommentAction","name":"Comment","target":["https:\/\/elgarajedefrank.es\/fr\/interview-boytronic\/#respond"]}]},{"@type":"WebPage","@id":"https:\/\/elgarajedefrank.es\/fr\/interview-boytronic\/","url":"https:\/\/elgarajedefrank.es\/fr\/interview-boytronic\/","name":"Interview : Boytronic &#8212; El Garaje de Frank","isPartOf":{"@id":"https:\/\/elgarajedefrank.es\/fr\/#website"},"primaryImageOfPage":{"@id":"https:\/\/elgarajedefrank.es\/fr\/interview-boytronic\/#primaryimage"},"image":{"@id":"https:\/\/elgarajedefrank.es\/fr\/interview-boytronic\/#primaryimage"},"thumbnailUrl":"https:\/\/elgarajedefrank.es\/wp-content\/uploads\/2022\/06\/Oliver-Lindner-Boytronic-Sinners-Day-1.jpg","datePublished":"2022-06-29T13:20:31+00:00","dateModified":"2022-06-29T13:50:06+00:00","description":"Interviews &#8212; Interview avec le groupe de synthpop allemand Boytronic.","breadcrumb":{"@id":"https:\/\/elgarajedefrank.es\/fr\/interview-boytronic\/#breadcrumb"},"inLanguage":"fr-FR","potentialAction":[{"@type":"ReadAction","target":["https:\/\/elgarajedefrank.es\/fr\/interview-boytronic\/"]}]},{"@type":"ImageObject","inLanguage":"fr-FR","@id":"https:\/\/elgarajedefrank.es\/fr\/interview-boytronic\/#primaryimage","url":"https:\/\/elgarajedefrank.es\/wp-content\/uploads\/2022\/06\/Oliver-Lindner-Boytronic-Sinners-Day-1.jpg","contentUrl":"https:\/\/elgarajedefrank.es\/wp-content\/uploads\/2022\/06\/Oliver-Lindner-Boytronic-Sinners-Day-1.jpg","width":1386,"height":640},{"@type":"BreadcrumbList","@id":"https:\/\/elgarajedefrank.es\/fr\/interview-boytronic\/#breadcrumb","itemListElement":[{"@type":"ListItem","position":1,"name":"Inicio","item":"https:\/\/elgarajedefrank.es\/fr\/"},{"@type":"ListItem","position":2,"name":"Interviews","item":"https:\/\/elgarajedefrank.es\/fr\/category\/interviews-fr\/"},{"@type":"ListItem","position":3,"name":"Interview : Boytronic"}]},{"@type":"WebSite","@id":"https:\/\/elgarajedefrank.es\/fr\/#website","url":"https:\/\/elgarajedefrank.es\/fr\/","name":"El Garaje de Frank","description":"Music magazine","publisher":{"@id":"https:\/\/elgarajedefrank.es\/fr\/#\/schema\/person\/d709c9c33f5f405d44c6c9397889ba15"},"potentialAction":[{"@type":"SearchAction","target":{"@type":"EntryPoint","urlTemplate":"https:\/\/elgarajedefrank.es\/fr\/?s={search_term_string}"},"query-input":{"@type":"PropertyValueSpecification","valueRequired":true,"valueName":"search_term_string"}}],"inLanguage":"fr-FR"},{"@type":["Person","Organization"],"@id":"https:\/\/elgarajedefrank.es\/fr\/#\/schema\/person\/d709c9c33f5f405d44c6c9397889ba15","name":"Fran\u00e7ois Zappa","image":{"@type":"ImageObject","inLanguage":"fr-FR","@id":"https:\/\/elgarajedefrank.es\/wp-content\/uploads\/2019\/10\/IMG_8278-150x150.jpg","url":"https:\/\/elgarajedefrank.es\/wp-content\/uploads\/2019\/10\/IMG_8278-150x150.jpg","contentUrl":"https:\/\/elgarajedefrank.es\/wp-content\/uploads\/2019\/10\/IMG_8278-150x150.jpg","caption":"Fran\u00e7ois Zappa"},"logo":{"@id":"https:\/\/elgarajedefrank.es\/wp-content\/uploads\/2019\/10\/IMG_8278-150x150.jpg"},"sameAs":["https:\/\/www.facebook.com\/elgarajedefrank\/","https:\/\/www.instagram.com\/elgarajedefrank\/"]},{"@type":"Person","@id":"https:\/\/elgarajedefrank.es\/fr\/#\/schema\/person\/35ec115bc6f8fb3d23238106dc7c1308","name":"Violeta","image":{"@type":"ImageObject","inLanguage":"fr-FR","@id":"https:\/\/elgarajedefrank.es\/wp-content\/uploads\/2019\/10\/IMG_0576-e1570432097945-150x150.jpg","url":"https:\/\/elgarajedefrank.es\/wp-content\/uploads\/2019\/10\/IMG_0576-e1570432097945-150x150.jpg","contentUrl":"https:\/\/elgarajedefrank.es\/wp-content\/uploads\/2019\/10\/IMG_0576-e1570432097945-150x150.jpg","caption":"Violeta"}}]}},"_links":{"self":[{"href":"https:\/\/elgarajedefrank.es\/fr\/wp-json\/wp\/v2\/posts\/45886","targetHints":{"allow":["GET"]}}],"collection":[{"href":"https:\/\/elgarajedefrank.es\/fr\/wp-json\/wp\/v2\/posts"}],"about":[{"href":"https:\/\/elgarajedefrank.es\/fr\/wp-json\/wp\/v2\/types\/post"}],"author":[{"embeddable":true,"href":"https:\/\/elgarajedefrank.es\/fr\/wp-json\/wp\/v2\/users\/2"}],"replies":[{"embeddable":true,"href":"https:\/\/elgarajedefrank.es\/fr\/wp-json\/wp\/v2\/comments?post=45886"}],"version-history":[{"count":0,"href":"https:\/\/elgarajedefrank.es\/fr\/wp-json\/wp\/v2\/posts\/45886\/revisions"}],"wp:featuredmedia":[{"embeddable":true,"href":"https:\/\/elgarajedefrank.es\/fr\/wp-json\/wp\/v2\/media\/45920"}],"wp:attachment":[{"href":"https:\/\/elgarajedefrank.es\/fr\/wp-json\/wp\/v2\/media?parent=45886"}],"wp:term":[{"taxonomy":"category","embeddable":true,"href":"https:\/\/elgarajedefrank.es\/fr\/wp-json\/wp\/v2\/categories?post=45886"},{"taxonomy":"post_tag","embeddable":true,"href":"https:\/\/elgarajedefrank.es\/fr\/wp-json\/wp\/v2\/tags?post=45886"}],"curies":[{"name":"wp","href":"https:\/\/api.w.org\/{rel}","templated":true}]}}