{"id":45571,"date":"2022-06-16T15:11:22","date_gmt":"2022-06-16T13:11:22","guid":{"rendered":"https:\/\/elgarajedefrank.es\/?p=45571"},"modified":"2022-06-16T15:39:15","modified_gmt":"2022-06-16T13:39:15","slug":"avale-s-t","status":"publish","type":"post","link":"https:\/\/elgarajedefrank.es\/fr\/avale-s-t\/","title":{"rendered":"Avale &#8211; s\/t"},"content":{"rendered":"\t\t<div data-elementor-type=\"wp-post\" data-elementor-id=\"45571\" class=\"elementor elementor-45571\" data-elementor-post-type=\"post\">\n\t\t\t\t\t\t<section class=\"penci-section penci-disSticky penci-structure-22 elementor-section elementor-top-section elementor-element elementor-element-a33995c elementor-section-boxed elementor-section-height-default elementor-section-height-default\" data-id=\"a33995c\" data-element_type=\"section\" data-e-type=\"section\">\n\t\t\t\t\t\t<div class=\"elementor-container elementor-column-gap-default\">\n\t\t\t\t\t<div class=\"penci-ercol-66 penci-ercol-order-1 penci-sticky-ct    elementor-column elementor-col-66 elementor-top-column elementor-element elementor-element-c552516\" data-id=\"c552516\" data-element_type=\"column\" data-e-type=\"column\">\n\t\t\t<div class=\"elementor-widget-wrap elementor-element-populated\">\n\t\t\t\t\t\t<div class=\"elementor-element elementor-element-0356d61 elementor-widget elementor-widget-text-editor\" data-id=\"0356d61\" data-element_type=\"widget\" data-e-type=\"widget\" data-widget_type=\"text-editor.default\">\n\t\t\t\t<div class=\"elementor-widget-container\">\n\t\t\t\t\t\t\t\t\t<p><span style=\"font-family: georgia, palatino, serif; font-size: 12pt; color: #000000;\">Le postpunk est aujourd\u2019hui \u00e0 l\u2019honneur avec <strong>Avale<\/strong>, un duo de musiciennes fran\u00e7aises qui propose un son brut de d\u00e9coffrage. <em>s\/t<\/em>, leur 4<sup>e<\/sup>\u00a0sortie, est disponible depuis le 1<sup>er<\/sup>\u00a0avril 2022 au format num\u00e9rique et cassette chez le label Neutral Records.<\/span><\/p><p><span style=\"font-family: georgia, palatino, serif; font-size: 12pt; color: #000000;\">Une chose certaine, le son de ce duo est vraiment atypique et peut se r\u00e9sumer ainsi : une batterie \u00e9pur\u00e9e sans grosse caisse, une basse \u00e9paisse et granuleuse ainsi que deux voix. Un son r\u00e9duit au strict minimum, mais qui fait le charme d\u2019<strong>Avale<\/strong> et son identit\u00e9 musicale avec ses rythmes, ses riffs incisifs, et ses paroles crues.<\/span><\/p><p><span style=\"font-family: georgia, palatino, serif; font-size: 12pt; color: #000000;\">Si la formule peut para\u00eetre redondante au premier abord, le format chanson des titres qui ne dure pas plus de 3 minutes 34 rend la recette musicale d\u2019<strong>Avale<\/strong> tout \u00e0 fait appropri\u00e9e. Les 6\u00a0titres de l\u2019EP sont un v\u00e9ritable condens\u00e9 d\u2019\u00e9nergie brute pens\u00e9e pour faire souffrir les baffles lors des concerts. De ce c\u00f4t\u00e9, le duo semble plut\u00f4t actif puisqu\u2019il a totalis\u00e9 9\u00a0prestations au mois d\u2019avril 2022.<\/span><\/p><p><span style=\"font-family: georgia, palatino, serif; font-size: 12pt; color: #000000;\"><strong>Avale<\/strong> est une bonne d\u00e9couverte qui ajoutera un peu de piquant \u00e0 vos journ\u00e9es. N\u2019h\u00e9sitez surtout pas \u00e0 suivre leur actualit\u00e9 sur leur page Facebook\u00a0: un concert pourrait se d\u00e9rouler non loin de chez vous\u2009!<\/span><\/p>\t\t\t\t\t\t\t\t<\/div>\n\t\t\t\t<\/div>\n\t\t\t\t\t<\/div>\n\t\t<\/div>\n\t\t\t\t<div class=\"penci-ercol-33 penci-ercol-order-2 penci-sticky-sb penci-sidebarSC   elementor-column elementor-col-33 elementor-top-column elementor-element elementor-element-0622eac\" data-id=\"0622eac\" data-element_type=\"column\" data-e-type=\"column\">\n\t\t\t<div class=\"elementor-widget-wrap elementor-element-populated\">\n\t\t\t\t\t\t<div class=\"elementor-element elementor-element-d3cf673 elementor-widget elementor-widget-shortcode\" data-id=\"d3cf673\" data-element_type=\"widget\" data-e-type=\"widget\" data-widget_type=\"shortcode.default\">\n\t\t\t\t<div class=\"elementor-widget-container\">\n\t\t\t\t\t\t\t<div class=\"elementor-shortcode\"><iframe style=\"border: 0; width: 350px; height: 470px;\" src=\"https:\/\/bandcamp.com\/EmbeddedPlayer\/album=1889971605\/size=large\/bgcol=ffffff\/linkcol=0687f5\/tracklist=false\/transparent=true\/\" seamless><a href=\"https:\/\/avale666.bandcamp.com\/album\/s-t\">s\/t by AVALE<\/a><\/iframe><\/div>\n\t\t\t\t\t\t<\/div>\n\t\t\t\t<\/div>\n\t\t\t\t\t<\/div>\n\t\t<\/div>\n\t\t\t\t\t<\/div>\n\t\t<\/section>\n\t\t\t\t<\/div>\n\t\t","protected":false},"excerpt":{"rendered":"<p>Le postpunk est aujourd\u2019hui \u00e0 l\u2019honneur avec Avale, un duo de musiciennes fran\u00e7aises qui propose&hellip;<\/p>\n","protected":false},"author":5,"featured_media":45586,"comment_status":"open","ping_status":"open","sticky":false,"template":"","format":"standard","meta":{"_lmt_disableupdate":"","_lmt_disable":"","footnotes":""},"categories":[43],"tags":[392],"class_list":["post-45571","post","type-post","status-publish","format-standard","has-post-thumbnail","hentry","category-critiques","tag-post-punk-fr"],"yoast_head":"<!-- This site is optimized with the Yoast SEO plugin v27.4 - https:\/\/yoast.com\/product\/yoast-seo-wordpress\/ -->\n<title>Avale - s\/t &#8212; El Garaje de Frank<\/title>\n<meta name=\"description\" content=\"Critiques &#8212; Critique du 4e EP du groupe de post-punk fran\u00e7ais Avale.\" \/>\n<meta name=\"robots\" content=\"index, follow, max-snippet:-1, max-image-preview:large, max-video-preview:-1\" \/>\n<link rel=\"canonical\" href=\"https:\/\/elgarajedefrank.es\/fr\/avale-s-t\/\" \/>\n<meta property=\"og:locale\" content=\"fr_FR\" \/>\n<meta property=\"og:type\" content=\"article\" \/>\n<meta property=\"og:title\" content=\"Avale - s\/t &#8212; El Garaje de Frank\" \/>\n<meta property=\"og:description\" content=\"Critiques &#8212; Critique du 4e EP du groupe de post-punk fran\u00e7ais Avale.\" \/>\n<meta property=\"og:url\" content=\"https:\/\/elgarajedefrank.es\/fr\/avale-s-t\/\" \/>\n<meta property=\"og:site_name\" content=\"El Garaje de Frank\" \/>\n<meta property=\"article:publisher\" content=\"https:\/\/www.facebook.com\/elgarajedefrank\/\" \/>\n<meta property=\"article:published_time\" content=\"2022-06-16T13:11:22+00:00\" \/>\n<meta property=\"article:modified_time\" content=\"2022-06-16T13:39:15+00:00\" \/>\n<meta property=\"og:image\" content=\"https:\/\/elgarajedefrank.es\/wp-content\/uploads\/2022\/06\/a1628828666_10.jpg\" \/>\n\t<meta property=\"og:image:width\" content=\"1200\" \/>\n\t<meta property=\"og:image:height\" content=\"1200\" \/>\n\t<meta property=\"og:image:type\" content=\"image\/jpeg\" \/>\n<meta name=\"author\" content=\"R\u00e9mi\" \/>\n<meta name=\"twitter:card\" content=\"summary_large_image\" \/>\n<meta name=\"twitter:label1\" content=\"\u00c9crit par\" \/>\n\t<meta name=\"twitter:data1\" content=\"R\u00e9mi\" \/>\n\t<meta name=\"twitter:label2\" content=\"Dur\u00e9e de lecture estim\u00e9e\" \/>\n\t<meta name=\"twitter:data2\" content=\"1 minute\" \/>\n<script type=\"application\/ld+json\" class=\"yoast-schema-graph\">{\"@context\":\"https:\\\/\\\/schema.org\",\"@graph\":[{\"@type\":\"Article\",\"@id\":\"https:\\\/\\\/elgarajedefrank.es\\\/fr\\\/avale-s-t\\\/#article\",\"isPartOf\":{\"@id\":\"https:\\\/\\\/elgarajedefrank.es\\\/fr\\\/avale-s-t\\\/\"},\"author\":{\"name\":\"R\u00e9mi\",\"@id\":\"https:\\\/\\\/elgarajedefrank.es\\\/fr\\\/#\\\/schema\\\/person\\\/932e7af0e10923e11c6df46dfb2c56fc\"},\"headline\":\"Avale &#8211; s\\\/t\",\"datePublished\":\"2022-06-16T13:11:22+00:00\",\"dateModified\":\"2022-06-16T13:39:15+00:00\",\"mainEntityOfPage\":{\"@id\":\"https:\\\/\\\/elgarajedefrank.es\\\/fr\\\/avale-s-t\\\/\"},\"wordCount\":226,\"commentCount\":0,\"publisher\":{\"@id\":\"https:\\\/\\\/elgarajedefrank.es\\\/fr\\\/#\\\/schema\\\/person\\\/d709c9c33f5f405d44c6c9397889ba15\"},\"image\":{\"@id\":\"https:\\\/\\\/elgarajedefrank.es\\\/fr\\\/avale-s-t\\\/#primaryimage\"},\"thumbnailUrl\":\"https:\\\/\\\/elgarajedefrank.es\\\/wp-content\\\/uploads\\\/2022\\\/06\\\/a1628828666_10.jpg\",\"keywords\":[\"Post-punk\"],\"articleSection\":[\"Critiques\"],\"inLanguage\":\"fr-FR\",\"potentialAction\":[{\"@type\":\"CommentAction\",\"name\":\"Comment\",\"target\":[\"https:\\\/\\\/elgarajedefrank.es\\\/fr\\\/avale-s-t\\\/#respond\"]}]},{\"@type\":\"WebPage\",\"@id\":\"https:\\\/\\\/elgarajedefrank.es\\\/fr\\\/avale-s-t\\\/\",\"url\":\"https:\\\/\\\/elgarajedefrank.es\\\/fr\\\/avale-s-t\\\/\",\"name\":\"Avale - s\\\/t &#8212; El Garaje de Frank\",\"isPartOf\":{\"@id\":\"https:\\\/\\\/elgarajedefrank.es\\\/fr\\\/#website\"},\"primaryImageOfPage\":{\"@id\":\"https:\\\/\\\/elgarajedefrank.es\\\/fr\\\/avale-s-t\\\/#primaryimage\"},\"image\":{\"@id\":\"https:\\\/\\\/elgarajedefrank.es\\\/fr\\\/avale-s-t\\\/#primaryimage\"},\"thumbnailUrl\":\"https:\\\/\\\/elgarajedefrank.es\\\/wp-content\\\/uploads\\\/2022\\\/06\\\/a1628828666_10.jpg\",\"datePublished\":\"2022-06-16T13:11:22+00:00\",\"dateModified\":\"2022-06-16T13:39:15+00:00\",\"description\":\"Critiques &#8212; Critique du 4e EP du groupe de post-punk fran\u00e7ais Avale.\",\"breadcrumb\":{\"@id\":\"https:\\\/\\\/elgarajedefrank.es\\\/fr\\\/avale-s-t\\\/#breadcrumb\"},\"inLanguage\":\"fr-FR\",\"potentialAction\":[{\"@type\":\"ReadAction\",\"target\":[\"https:\\\/\\\/elgarajedefrank.es\\\/fr\\\/avale-s-t\\\/\"]}]},{\"@type\":\"ImageObject\",\"inLanguage\":\"fr-FR\",\"@id\":\"https:\\\/\\\/elgarajedefrank.es\\\/fr\\\/avale-s-t\\\/#primaryimage\",\"url\":\"https:\\\/\\\/elgarajedefrank.es\\\/wp-content\\\/uploads\\\/2022\\\/06\\\/a1628828666_10.jpg\",\"contentUrl\":\"https:\\\/\\\/elgarajedefrank.es\\\/wp-content\\\/uploads\\\/2022\\\/06\\\/a1628828666_10.jpg\",\"width\":1200,\"height\":1200},{\"@type\":\"BreadcrumbList\",\"@id\":\"https:\\\/\\\/elgarajedefrank.es\\\/fr\\\/avale-s-t\\\/#breadcrumb\",\"itemListElement\":[{\"@type\":\"ListItem\",\"position\":1,\"name\":\"Inicio\",\"item\":\"https:\\\/\\\/elgarajedefrank.es\\\/fr\\\/\"},{\"@type\":\"ListItem\",\"position\":2,\"name\":\"Critiques\",\"item\":\"https:\\\/\\\/elgarajedefrank.es\\\/fr\\\/category\\\/critiques\\\/\"},{\"@type\":\"ListItem\",\"position\":3,\"name\":\"Avale &#8211; s\\\/t\"}]},{\"@type\":\"WebSite\",\"@id\":\"https:\\\/\\\/elgarajedefrank.es\\\/fr\\\/#website\",\"url\":\"https:\\\/\\\/elgarajedefrank.es\\\/fr\\\/\",\"name\":\"El Garaje de Frank\",\"description\":\"Music magazine\",\"publisher\":{\"@id\":\"https:\\\/\\\/elgarajedefrank.es\\\/fr\\\/#\\\/schema\\\/person\\\/d709c9c33f5f405d44c6c9397889ba15\"},\"potentialAction\":[{\"@type\":\"SearchAction\",\"target\":{\"@type\":\"EntryPoint\",\"urlTemplate\":\"https:\\\/\\\/elgarajedefrank.es\\\/fr\\\/?s={search_term_string}\"},\"query-input\":{\"@type\":\"PropertyValueSpecification\",\"valueRequired\":true,\"valueName\":\"search_term_string\"}}],\"inLanguage\":\"fr-FR\"},{\"@type\":[\"Person\",\"Organization\"],\"@id\":\"https:\\\/\\\/elgarajedefrank.es\\\/fr\\\/#\\\/schema\\\/person\\\/d709c9c33f5f405d44c6c9397889ba15\",\"name\":\"Fran\u00e7ois Zappa\",\"image\":{\"@type\":\"ImageObject\",\"inLanguage\":\"fr-FR\",\"@id\":\"https:\\\/\\\/elgarajedefrank.es\\\/wp-content\\\/uploads\\\/2019\\\/10\\\/IMG_8278-150x150.jpg\",\"url\":\"https:\\\/\\\/elgarajedefrank.es\\\/wp-content\\\/uploads\\\/2019\\\/10\\\/IMG_8278-150x150.jpg\",\"contentUrl\":\"https:\\\/\\\/elgarajedefrank.es\\\/wp-content\\\/uploads\\\/2019\\\/10\\\/IMG_8278-150x150.jpg\",\"caption\":\"Fran\u00e7ois Zappa\"},\"logo\":{\"@id\":\"https:\\\/\\\/elgarajedefrank.es\\\/wp-content\\\/uploads\\\/2019\\\/10\\\/IMG_8278-150x150.jpg\"},\"sameAs\":[\"https:\\\/\\\/www.facebook.com\\\/elgarajedefrank\\\/\",\"https:\\\/\\\/www.instagram.com\\\/elgarajedefrank\\\/\"]},{\"@type\":\"Person\",\"@id\":\"https:\\\/\\\/elgarajedefrank.es\\\/fr\\\/#\\\/schema\\\/person\\\/932e7af0e10923e11c6df46dfb2c56fc\",\"name\":\"R\u00e9mi\",\"image\":{\"@type\":\"ImageObject\",\"inLanguage\":\"fr-FR\",\"@id\":\"https:\\\/\\\/elgarajedefrank.es\\\/wp-content\\\/uploads\\\/2020\\\/09\\\/12647153_10206584667508022_8976155728383291449_n-150x150.jpg\",\"url\":\"https:\\\/\\\/elgarajedefrank.es\\\/wp-content\\\/uploads\\\/2020\\\/09\\\/12647153_10206584667508022_8976155728383291449_n-150x150.jpg\",\"contentUrl\":\"https:\\\/\\\/elgarajedefrank.es\\\/wp-content\\\/uploads\\\/2020\\\/09\\\/12647153_10206584667508022_8976155728383291449_n-150x150.jpg\",\"caption\":\"R\u00e9mi\"},\"sameAs\":[\"https:\\\/\\\/remi-sauze.fr\\\/\",\"https:\\\/\\\/www.youtube.com\\\/channel\\\/UCaORJH6J9ySylWnhNe3Z5PA\",\"https:\\\/\\\/soundcloud.com\\\/remi-sauze\"]}]}<\/script>\n<!-- \/ Yoast SEO plugin. -->","yoast_head_json":{"title":"Avale - s\/t &#8212; El Garaje de Frank","description":"Critiques &#8212; Critique du 4e EP du groupe de post-punk fran\u00e7ais Avale.","robots":{"index":"index","follow":"follow","max-snippet":"max-snippet:-1","max-image-preview":"max-image-preview:large","max-video-preview":"max-video-preview:-1"},"canonical":"https:\/\/elgarajedefrank.es\/fr\/avale-s-t\/","og_locale":"fr_FR","og_type":"article","og_title":"Avale - s\/t &#8212; El Garaje de Frank","og_description":"Critiques &#8212; Critique du 4e EP du groupe de post-punk fran\u00e7ais Avale.","og_url":"https:\/\/elgarajedefrank.es\/fr\/avale-s-t\/","og_site_name":"El Garaje de Frank","article_publisher":"https:\/\/www.facebook.com\/elgarajedefrank\/","article_published_time":"2022-06-16T13:11:22+00:00","article_modified_time":"2022-06-16T13:39:15+00:00","og_image":[{"width":1200,"height":1200,"url":"https:\/\/elgarajedefrank.es\/wp-content\/uploads\/2022\/06\/a1628828666_10.jpg","type":"image\/jpeg"}],"author":"R\u00e9mi","twitter_card":"summary_large_image","twitter_misc":{"\u00c9crit par":"R\u00e9mi","Dur\u00e9e de lecture estim\u00e9e":"1 minute"},"schema":{"@context":"https:\/\/schema.org","@graph":[{"@type":"Article","@id":"https:\/\/elgarajedefrank.es\/fr\/avale-s-t\/#article","isPartOf":{"@id":"https:\/\/elgarajedefrank.es\/fr\/avale-s-t\/"},"author":{"name":"R\u00e9mi","@id":"https:\/\/elgarajedefrank.es\/fr\/#\/schema\/person\/932e7af0e10923e11c6df46dfb2c56fc"},"headline":"Avale &#8211; s\/t","datePublished":"2022-06-16T13:11:22+00:00","dateModified":"2022-06-16T13:39:15+00:00","mainEntityOfPage":{"@id":"https:\/\/elgarajedefrank.es\/fr\/avale-s-t\/"},"wordCount":226,"commentCount":0,"publisher":{"@id":"https:\/\/elgarajedefrank.es\/fr\/#\/schema\/person\/d709c9c33f5f405d44c6c9397889ba15"},"image":{"@id":"https:\/\/elgarajedefrank.es\/fr\/avale-s-t\/#primaryimage"},"thumbnailUrl":"https:\/\/elgarajedefrank.es\/wp-content\/uploads\/2022\/06\/a1628828666_10.jpg","keywords":["Post-punk"],"articleSection":["Critiques"],"inLanguage":"fr-FR","potentialAction":[{"@type":"CommentAction","name":"Comment","target":["https:\/\/elgarajedefrank.es\/fr\/avale-s-t\/#respond"]}]},{"@type":"WebPage","@id":"https:\/\/elgarajedefrank.es\/fr\/avale-s-t\/","url":"https:\/\/elgarajedefrank.es\/fr\/avale-s-t\/","name":"Avale - s\/t &#8212; El Garaje de Frank","isPartOf":{"@id":"https:\/\/elgarajedefrank.es\/fr\/#website"},"primaryImageOfPage":{"@id":"https:\/\/elgarajedefrank.es\/fr\/avale-s-t\/#primaryimage"},"image":{"@id":"https:\/\/elgarajedefrank.es\/fr\/avale-s-t\/#primaryimage"},"thumbnailUrl":"https:\/\/elgarajedefrank.es\/wp-content\/uploads\/2022\/06\/a1628828666_10.jpg","datePublished":"2022-06-16T13:11:22+00:00","dateModified":"2022-06-16T13:39:15+00:00","description":"Critiques &#8212; Critique du 4e EP du groupe de post-punk fran\u00e7ais Avale.","breadcrumb":{"@id":"https:\/\/elgarajedefrank.es\/fr\/avale-s-t\/#breadcrumb"},"inLanguage":"fr-FR","potentialAction":[{"@type":"ReadAction","target":["https:\/\/elgarajedefrank.es\/fr\/avale-s-t\/"]}]},{"@type":"ImageObject","inLanguage":"fr-FR","@id":"https:\/\/elgarajedefrank.es\/fr\/avale-s-t\/#primaryimage","url":"https:\/\/elgarajedefrank.es\/wp-content\/uploads\/2022\/06\/a1628828666_10.jpg","contentUrl":"https:\/\/elgarajedefrank.es\/wp-content\/uploads\/2022\/06\/a1628828666_10.jpg","width":1200,"height":1200},{"@type":"BreadcrumbList","@id":"https:\/\/elgarajedefrank.es\/fr\/avale-s-t\/#breadcrumb","itemListElement":[{"@type":"ListItem","position":1,"name":"Inicio","item":"https:\/\/elgarajedefrank.es\/fr\/"},{"@type":"ListItem","position":2,"name":"Critiques","item":"https:\/\/elgarajedefrank.es\/fr\/category\/critiques\/"},{"@type":"ListItem","position":3,"name":"Avale &#8211; s\/t"}]},{"@type":"WebSite","@id":"https:\/\/elgarajedefrank.es\/fr\/#website","url":"https:\/\/elgarajedefrank.es\/fr\/","name":"El Garaje de Frank","description":"Music magazine","publisher":{"@id":"https:\/\/elgarajedefrank.es\/fr\/#\/schema\/person\/d709c9c33f5f405d44c6c9397889ba15"},"potentialAction":[{"@type":"SearchAction","target":{"@type":"EntryPoint","urlTemplate":"https:\/\/elgarajedefrank.es\/fr\/?s={search_term_string}"},"query-input":{"@type":"PropertyValueSpecification","valueRequired":true,"valueName":"search_term_string"}}],"inLanguage":"fr-FR"},{"@type":["Person","Organization"],"@id":"https:\/\/elgarajedefrank.es\/fr\/#\/schema\/person\/d709c9c33f5f405d44c6c9397889ba15","name":"Fran\u00e7ois Zappa","image":{"@type":"ImageObject","inLanguage":"fr-FR","@id":"https:\/\/elgarajedefrank.es\/wp-content\/uploads\/2019\/10\/IMG_8278-150x150.jpg","url":"https:\/\/elgarajedefrank.es\/wp-content\/uploads\/2019\/10\/IMG_8278-150x150.jpg","contentUrl":"https:\/\/elgarajedefrank.es\/wp-content\/uploads\/2019\/10\/IMG_8278-150x150.jpg","caption":"Fran\u00e7ois Zappa"},"logo":{"@id":"https:\/\/elgarajedefrank.es\/wp-content\/uploads\/2019\/10\/IMG_8278-150x150.jpg"},"sameAs":["https:\/\/www.facebook.com\/elgarajedefrank\/","https:\/\/www.instagram.com\/elgarajedefrank\/"]},{"@type":"Person","@id":"https:\/\/elgarajedefrank.es\/fr\/#\/schema\/person\/932e7af0e10923e11c6df46dfb2c56fc","name":"R\u00e9mi","image":{"@type":"ImageObject","inLanguage":"fr-FR","@id":"https:\/\/elgarajedefrank.es\/wp-content\/uploads\/2020\/09\/12647153_10206584667508022_8976155728383291449_n-150x150.jpg","url":"https:\/\/elgarajedefrank.es\/wp-content\/uploads\/2020\/09\/12647153_10206584667508022_8976155728383291449_n-150x150.jpg","contentUrl":"https:\/\/elgarajedefrank.es\/wp-content\/uploads\/2020\/09\/12647153_10206584667508022_8976155728383291449_n-150x150.jpg","caption":"R\u00e9mi"},"sameAs":["https:\/\/remi-sauze.fr\/","https:\/\/www.youtube.com\/channel\/UCaORJH6J9ySylWnhNe3Z5PA","https:\/\/soundcloud.com\/remi-sauze"]}]}},"_links":{"self":[{"href":"https:\/\/elgarajedefrank.es\/fr\/wp-json\/wp\/v2\/posts\/45571","targetHints":{"allow":["GET"]}}],"collection":[{"href":"https:\/\/elgarajedefrank.es\/fr\/wp-json\/wp\/v2\/posts"}],"about":[{"href":"https:\/\/elgarajedefrank.es\/fr\/wp-json\/wp\/v2\/types\/post"}],"author":[{"embeddable":true,"href":"https:\/\/elgarajedefrank.es\/fr\/wp-json\/wp\/v2\/users\/5"}],"replies":[{"embeddable":true,"href":"https:\/\/elgarajedefrank.es\/fr\/wp-json\/wp\/v2\/comments?post=45571"}],"version-history":[{"count":0,"href":"https:\/\/elgarajedefrank.es\/fr\/wp-json\/wp\/v2\/posts\/45571\/revisions"}],"wp:featuredmedia":[{"embeddable":true,"href":"https:\/\/elgarajedefrank.es\/fr\/wp-json\/wp\/v2\/media\/45586"}],"wp:attachment":[{"href":"https:\/\/elgarajedefrank.es\/fr\/wp-json\/wp\/v2\/media?parent=45571"}],"wp:term":[{"taxonomy":"category","embeddable":true,"href":"https:\/\/elgarajedefrank.es\/fr\/wp-json\/wp\/v2\/categories?post=45571"},{"taxonomy":"post_tag","embeddable":true,"href":"https:\/\/elgarajedefrank.es\/fr\/wp-json\/wp\/v2\/tags?post=45571"}],"curies":[{"name":"wp","href":"https:\/\/api.w.org\/{rel}","templated":true}]}}