{"id":44800,"date":"2022-05-13T15:51:55","date_gmt":"2022-05-13T13:51:55","guid":{"rendered":"https:\/\/elgarajedefrank.es\/?p=44800"},"modified":"2022-05-13T16:00:35","modified_gmt":"2022-05-13T14:00:35","slug":"el-garaje-de-frank-presente-j-rhythm","status":"publish","type":"post","link":"https:\/\/elgarajedefrank.es\/fr\/el-garaje-de-frank-presente-j-rhythm\/","title":{"rendered":"El Garaje de Frank pr\u00e9sente : J-RHYTHM"},"content":{"rendered":"\t\t<div data-elementor-type=\"wp-post\" data-elementor-id=\"44800\" class=\"elementor elementor-44800\" data-elementor-post-type=\"post\">\n\t\t\t\t\t\t<section class=\"penci-section penci-disSticky penci-structure-10 elementor-section elementor-top-section elementor-element elementor-element-4c8ce57c elementor-section-boxed elementor-section-height-default elementor-section-height-default\" data-id=\"4c8ce57c\" data-element_type=\"section\" data-e-type=\"section\">\n\t\t\t\t\t\t<div class=\"elementor-container elementor-column-gap-default\">\n\t\t\t\t\t<div class=\"penci-ercol-100 penci-ercol-order-1 penci-sticky-ct    elementor-column elementor-col-100 elementor-top-column elementor-element elementor-element-1e8b1cda\" data-id=\"1e8b1cda\" data-element_type=\"column\" data-e-type=\"column\">\n\t\t\t<div class=\"elementor-widget-wrap elementor-element-populated\">\n\t\t\t\t\t\t<div class=\"elementor-element elementor-element-27952ce4 elementor-widget elementor-widget-text-editor\" data-id=\"27952ce4\" data-element_type=\"widget\" data-e-type=\"widget\" data-widget_type=\"text-editor.default\">\n\t\t\t\t<div class=\"elementor-widget-container\">\n\t\t\t\t\t\t\t\t\t<p><span style=\"font-family: georgia, palatino, serif; font-size: 12pt; color: #000000;\">J-Rhythm d\u00e9couvre les platines en 2000, o\u00f9 il est influenc\u00e9 par les artistes les plus importants de l&#8217;\u00e9poque, tels que <b>Varela<\/b>, <b>Mulero<\/b>, <b>Ben Sims<\/b>, <b>Oliver Ho<\/b> et<b> Dylan Drazen<\/b>. Aujourd&#8217;hui, il a d\u00e9sormais plus de 15 ans d&#8217;exp\u00e9rience dans la musique \u00e9lectronique. Ses labels classiques pr\u00e9f\u00e9r\u00e9s sont Tsunami, Warm up, Hardgroove, Meta, R&amp;S et Blueprint, entre autres. Il a \u00e9galement soutenu quelques labels modernes, comme BSC Records, Hardtools, Ottar, Inducted waves, Mord ou Genesa pour le c\u00f4t\u00e9 plus industriel.<\/span><\/p><p><span style=\"font-family: georgia, palatino, serif; font-size: 12pt; color: #000000;\">Pr\u00e9sent sur la sc\u00e8ne underground du sud de Madrid, il a particip\u00e9 \u00e0 un grand nombre d&#8217;\u00e9v\u00e9nements de la ville, avec des artistes de diff\u00e9rents horizons. Il jouait souvent dans diff\u00e9rentes f\u00eates, clubs, \u00e9v\u00e9nements sociaux et a collabor\u00e9 avec des \u00e9missions de radio de sa r\u00e9gion, o\u00f9 il s&#8217;est \u00e9galement adonn\u00e9 \u00e0 la deep techno et \u00e0 la deep house.<\/span><\/p><p><span style=\"font-family: georgia, palatino, serif; font-size: 12pt; color: #000000;\">Depuis 2006 jusqu&#8217;\u00e0 maintenant, il s&#8217;est concentr\u00e9 sur l&#8217;\u00e9tude des percussions, de la th\u00e9orie musicale, de la technique et de la production, en allant \u00e0 beaucoup de cours diff\u00e9rents organis\u00e9s par des organisations artistiques et culturelles. Il a utilis\u00e9 ces nouvelles connaissances dans des \u0153uvres encore non publi\u00e9es, bien qu&#8217;elles puissent \u00eatre appr\u00e9ci\u00e9es dans ses mixes.<\/span><\/p><p><span style=\"font-family: georgia, palatino, serif; font-size: 12pt; color: #000000;\">Depuis 2010, il \u00e9tudie des m\u00e9thodes de reproduction plus automatis\u00e9es, comme les contr\u00f4leurs et les syst\u00e8mes de mixage num\u00e9riques. Il a \u00e9galement commenc\u00e9 \u00e0 organiser ses propres soir\u00e9es comme &#8220;ANALOG&#8221; ou S.A.P Techno club, et quelques autres projets connexes de courte dur\u00e9e.<\/span><\/p><p><span style=\"font-family: georgia, palatino, serif; font-size: 12pt; color: #000000;\">R\u00e9cemment, il a ajout\u00e9 une troisi\u00e8me platine \u00e0 son installation pour combiner num\u00e9rique et analogique, bien que son format pr\u00e9f\u00e9r\u00e9 soit le vinyle.<\/span><\/p>\t\t\t\t\t\t\t\t<\/div>\n\t\t\t\t<\/div>\n\t\t\t\t\t<\/div>\n\t\t<\/div>\n\t\t\t\t\t<\/div>\n\t\t<\/section>\n\t\t\t\t<section class=\"penci-section penci-disSticky penci-structure-10 elementor-section elementor-top-section elementor-element elementor-element-cec339b elementor-section-boxed elementor-section-height-default elementor-section-height-default\" data-id=\"cec339b\" data-element_type=\"section\" data-e-type=\"section\">\n\t\t\t\t\t\t<div class=\"elementor-container elementor-column-gap-default\">\n\t\t\t\t\t<div class=\"penci-ercol-100 penci-ercol-order-1 penci-sticky-ct    elementor-column elementor-col-100 elementor-top-column elementor-element elementor-element-a78db83\" data-id=\"a78db83\" data-element_type=\"column\" data-e-type=\"column\">\n\t\t\t<div class=\"elementor-widget-wrap elementor-element-populated\">\n\t\t\t\t\t\t<div class=\"elementor-element elementor-element-47eabae elementor-widget elementor-widget-shortcode\" data-id=\"47eabae\" data-element_type=\"widget\" data-e-type=\"widget\" data-widget_type=\"shortcode.default\">\n\t\t\t\t<div class=\"elementor-widget-container\">\n\t\t\t\t\t\t\t<div class=\"elementor-shortcode\"><iframe width=\"100%\" height=\"166\" scrolling=\"no\" frameborder=\"no\" allow=\"autoplay\" src=\"https:\/\/w.soundcloud.com\/player\/?url=https%3A\/\/api.soundcloud.com\/tracks\/1267598635%3Fsecret_token%3Ds-pdt2UjHN4Uu&color=%23ff5500&auto_play=false&hide_related=false&show_comments=true&show_user=true&show_reposts=false&show_teaser=true\"><\/iframe><div style=\"font-size: 10px; color: #cccccc;line-break: anywhere;word-break: normal;overflow: hidden;white-space: nowrap;text-overflow: ellipsis; font-family: Interstate,Lucida Grande,Lucida Sans Unicode,Lucida Sans,Garuda,Verdana,Tahoma,sans-serif;font-weight: 100;\"><a href=\"https:\/\/soundcloud.com\/violeta_elgarajedefrank\" title=\"El Garaje de Frank\" target=\"_blank\" style=\"color: #cccccc; text-decoration: none;\">El Garaje de Frank<\/a> \u00b7 <a href=\"https:\/\/soundcloud.com\/violeta_elgarajedefrank\/egf_presents_j-rhythm\/s-pdt2UjHN4Uu\" title=\"EGF presents: J-RHYTHM\" target=\"_blank\" style=\"color: #cccccc; text-decoration: none;\">EGF presents: J-RHYTHM<\/a><\/div><\/div>\n\t\t\t\t\t\t<\/div>\n\t\t\t\t<\/div>\n\t\t\t\t\t<\/div>\n\t\t<\/div>\n\t\t\t\t\t<\/div>\n\t\t<\/section>\n\t\t\t\t<\/div>\n\t\t","protected":false},"excerpt":{"rendered":"<p>J-Rhythm d\u00e9couvre les platines en 2000, o\u00f9 il est influenc\u00e9 par les artistes les plus&hellip;<\/p>\n","protected":false},"author":2,"featured_media":44785,"comment_status":"open","ping_status":"open","sticky":false,"template":"","format":"standard","meta":{"_lmt_disableupdate":"","_lmt_disable":"","footnotes":""},"categories":[673],"tags":[418],"class_list":["post-44800","post","type-post","status-publish","format-standard","has-post-thumbnail","hentry","category-mixes-fr","tag-techno-fr"],"yoast_head":"<!-- This site is optimized with the Yoast SEO plugin v27.4 - https:\/\/yoast.com\/product\/yoast-seo-wordpress\/ -->\n<title>El Garaje de Frank pr\u00e9sente : J-RHYTHM &#8212; El Garaje de Frank<\/title>\n<meta name=\"description\" content=\"Mixes &#8212; Session exclusive de techno de J-RHYTHM.\" \/>\n<meta name=\"robots\" content=\"index, follow, max-snippet:-1, max-image-preview:large, max-video-preview:-1\" \/>\n<link rel=\"canonical\" href=\"https:\/\/elgarajedefrank.es\/fr\/el-garaje-de-frank-presente-j-rhythm\/\" \/>\n<meta property=\"og:locale\" content=\"fr_FR\" \/>\n<meta property=\"og:type\" content=\"article\" \/>\n<meta property=\"og:title\" content=\"El Garaje de Frank pr\u00e9sente : J-RHYTHM &#8212; El Garaje de Frank\" \/>\n<meta property=\"og:description\" content=\"Mixes &#8212; Session exclusive de techno de J-RHYTHM.\" \/>\n<meta property=\"og:url\" content=\"https:\/\/elgarajedefrank.es\/fr\/el-garaje-de-frank-presente-j-rhythm\/\" \/>\n<meta property=\"og:site_name\" content=\"El Garaje de Frank\" \/>\n<meta property=\"article:publisher\" content=\"https:\/\/www.facebook.com\/elgarajedefrank\/\" \/>\n<meta property=\"article:published_time\" content=\"2022-05-13T13:51:55+00:00\" \/>\n<meta property=\"article:modified_time\" content=\"2022-05-13T14:00:35+00:00\" \/>\n<meta property=\"og:image\" content=\"https:\/\/elgarajedefrank.es\/wp-content\/uploads\/2022\/05\/IMG-20211031-WA0001.jpg\" \/>\n\t<meta property=\"og:image:width\" content=\"1920\" \/>\n\t<meta property=\"og:image:height\" content=\"1080\" \/>\n\t<meta property=\"og:image:type\" content=\"image\/jpeg\" \/>\n<meta name=\"author\" content=\"Violeta\" \/>\n<meta name=\"twitter:card\" content=\"summary_large_image\" \/>\n<meta name=\"twitter:label1\" content=\"\u00c9crit par\" \/>\n\t<meta name=\"twitter:data1\" content=\"Violeta\" \/>\n\t<meta name=\"twitter:label2\" content=\"Dur\u00e9e de lecture estim\u00e9e\" \/>\n\t<meta name=\"twitter:data2\" content=\"2 minutes\" \/>\n<script type=\"application\/ld+json\" class=\"yoast-schema-graph\">{\"@context\":\"https:\\\/\\\/schema.org\",\"@graph\":[{\"@type\":\"Article\",\"@id\":\"https:\\\/\\\/elgarajedefrank.es\\\/fr\\\/el-garaje-de-frank-presente-j-rhythm\\\/#article\",\"isPartOf\":{\"@id\":\"https:\\\/\\\/elgarajedefrank.es\\\/fr\\\/el-garaje-de-frank-presente-j-rhythm\\\/\"},\"author\":{\"name\":\"Violeta\",\"@id\":\"https:\\\/\\\/elgarajedefrank.es\\\/fr\\\/#\\\/schema\\\/person\\\/35ec115bc6f8fb3d23238106dc7c1308\"},\"headline\":\"El Garaje de Frank pr\u00e9sente : J-RHYTHM\",\"datePublished\":\"2022-05-13T13:51:55+00:00\",\"dateModified\":\"2022-05-13T14:00:35+00:00\",\"mainEntityOfPage\":{\"@id\":\"https:\\\/\\\/elgarajedefrank.es\\\/fr\\\/el-garaje-de-frank-presente-j-rhythm\\\/\"},\"wordCount\":309,\"commentCount\":0,\"publisher\":{\"@id\":\"https:\\\/\\\/elgarajedefrank.es\\\/fr\\\/#\\\/schema\\\/person\\\/d709c9c33f5f405d44c6c9397889ba15\"},\"image\":{\"@id\":\"https:\\\/\\\/elgarajedefrank.es\\\/fr\\\/el-garaje-de-frank-presente-j-rhythm\\\/#primaryimage\"},\"thumbnailUrl\":\"https:\\\/\\\/elgarajedefrank.es\\\/wp-content\\\/uploads\\\/2022\\\/05\\\/IMG-20211031-WA0001.jpg\",\"keywords\":[\"Techno\"],\"articleSection\":[\"Mixes\"],\"inLanguage\":\"fr-FR\",\"potentialAction\":[{\"@type\":\"CommentAction\",\"name\":\"Comment\",\"target\":[\"https:\\\/\\\/elgarajedefrank.es\\\/fr\\\/el-garaje-de-frank-presente-j-rhythm\\\/#respond\"]}]},{\"@type\":\"WebPage\",\"@id\":\"https:\\\/\\\/elgarajedefrank.es\\\/fr\\\/el-garaje-de-frank-presente-j-rhythm\\\/\",\"url\":\"https:\\\/\\\/elgarajedefrank.es\\\/fr\\\/el-garaje-de-frank-presente-j-rhythm\\\/\",\"name\":\"El Garaje de Frank pr\u00e9sente : J-RHYTHM &#8212; El Garaje de Frank\",\"isPartOf\":{\"@id\":\"https:\\\/\\\/elgarajedefrank.es\\\/fr\\\/#website\"},\"primaryImageOfPage\":{\"@id\":\"https:\\\/\\\/elgarajedefrank.es\\\/fr\\\/el-garaje-de-frank-presente-j-rhythm\\\/#primaryimage\"},\"image\":{\"@id\":\"https:\\\/\\\/elgarajedefrank.es\\\/fr\\\/el-garaje-de-frank-presente-j-rhythm\\\/#primaryimage\"},\"thumbnailUrl\":\"https:\\\/\\\/elgarajedefrank.es\\\/wp-content\\\/uploads\\\/2022\\\/05\\\/IMG-20211031-WA0001.jpg\",\"datePublished\":\"2022-05-13T13:51:55+00:00\",\"dateModified\":\"2022-05-13T14:00:35+00:00\",\"description\":\"Mixes &#8212; Session exclusive de techno de J-RHYTHM.\",\"breadcrumb\":{\"@id\":\"https:\\\/\\\/elgarajedefrank.es\\\/fr\\\/el-garaje-de-frank-presente-j-rhythm\\\/#breadcrumb\"},\"inLanguage\":\"fr-FR\",\"potentialAction\":[{\"@type\":\"ReadAction\",\"target\":[\"https:\\\/\\\/elgarajedefrank.es\\\/fr\\\/el-garaje-de-frank-presente-j-rhythm\\\/\"]}]},{\"@type\":\"ImageObject\",\"inLanguage\":\"fr-FR\",\"@id\":\"https:\\\/\\\/elgarajedefrank.es\\\/fr\\\/el-garaje-de-frank-presente-j-rhythm\\\/#primaryimage\",\"url\":\"https:\\\/\\\/elgarajedefrank.es\\\/wp-content\\\/uploads\\\/2022\\\/05\\\/IMG-20211031-WA0001.jpg\",\"contentUrl\":\"https:\\\/\\\/elgarajedefrank.es\\\/wp-content\\\/uploads\\\/2022\\\/05\\\/IMG-20211031-WA0001.jpg\",\"width\":1920,\"height\":1080},{\"@type\":\"BreadcrumbList\",\"@id\":\"https:\\\/\\\/elgarajedefrank.es\\\/fr\\\/el-garaje-de-frank-presente-j-rhythm\\\/#breadcrumb\",\"itemListElement\":[{\"@type\":\"ListItem\",\"position\":1,\"name\":\"Inicio\",\"item\":\"https:\\\/\\\/elgarajedefrank.es\\\/fr\\\/\"},{\"@type\":\"ListItem\",\"position\":2,\"name\":\"Mixes\",\"item\":\"https:\\\/\\\/elgarajedefrank.es\\\/fr\\\/category\\\/mixes-fr\\\/\"},{\"@type\":\"ListItem\",\"position\":3,\"name\":\"El Garaje de Frank pr\u00e9sente : J-RHYTHM\"}]},{\"@type\":\"WebSite\",\"@id\":\"https:\\\/\\\/elgarajedefrank.es\\\/fr\\\/#website\",\"url\":\"https:\\\/\\\/elgarajedefrank.es\\\/fr\\\/\",\"name\":\"El Garaje de Frank\",\"description\":\"Music magazine\",\"publisher\":{\"@id\":\"https:\\\/\\\/elgarajedefrank.es\\\/fr\\\/#\\\/schema\\\/person\\\/d709c9c33f5f405d44c6c9397889ba15\"},\"potentialAction\":[{\"@type\":\"SearchAction\",\"target\":{\"@type\":\"EntryPoint\",\"urlTemplate\":\"https:\\\/\\\/elgarajedefrank.es\\\/fr\\\/?s={search_term_string}\"},\"query-input\":{\"@type\":\"PropertyValueSpecification\",\"valueRequired\":true,\"valueName\":\"search_term_string\"}}],\"inLanguage\":\"fr-FR\"},{\"@type\":[\"Person\",\"Organization\"],\"@id\":\"https:\\\/\\\/elgarajedefrank.es\\\/fr\\\/#\\\/schema\\\/person\\\/d709c9c33f5f405d44c6c9397889ba15\",\"name\":\"Fran\u00e7ois Zappa\",\"image\":{\"@type\":\"ImageObject\",\"inLanguage\":\"fr-FR\",\"@id\":\"https:\\\/\\\/elgarajedefrank.es\\\/wp-content\\\/uploads\\\/2019\\\/10\\\/IMG_8278-150x150.jpg\",\"url\":\"https:\\\/\\\/elgarajedefrank.es\\\/wp-content\\\/uploads\\\/2019\\\/10\\\/IMG_8278-150x150.jpg\",\"contentUrl\":\"https:\\\/\\\/elgarajedefrank.es\\\/wp-content\\\/uploads\\\/2019\\\/10\\\/IMG_8278-150x150.jpg\",\"caption\":\"Fran\u00e7ois Zappa\"},\"logo\":{\"@id\":\"https:\\\/\\\/elgarajedefrank.es\\\/wp-content\\\/uploads\\\/2019\\\/10\\\/IMG_8278-150x150.jpg\"},\"sameAs\":[\"https:\\\/\\\/www.facebook.com\\\/elgarajedefrank\\\/\",\"https:\\\/\\\/www.instagram.com\\\/elgarajedefrank\\\/\"]},{\"@type\":\"Person\",\"@id\":\"https:\\\/\\\/elgarajedefrank.es\\\/fr\\\/#\\\/schema\\\/person\\\/35ec115bc6f8fb3d23238106dc7c1308\",\"name\":\"Violeta\",\"image\":{\"@type\":\"ImageObject\",\"inLanguage\":\"fr-FR\",\"@id\":\"https:\\\/\\\/elgarajedefrank.es\\\/wp-content\\\/uploads\\\/2019\\\/10\\\/IMG_0576-e1570432097945-150x150.jpg\",\"url\":\"https:\\\/\\\/elgarajedefrank.es\\\/wp-content\\\/uploads\\\/2019\\\/10\\\/IMG_0576-e1570432097945-150x150.jpg\",\"contentUrl\":\"https:\\\/\\\/elgarajedefrank.es\\\/wp-content\\\/uploads\\\/2019\\\/10\\\/IMG_0576-e1570432097945-150x150.jpg\",\"caption\":\"Violeta\"}}]}<\/script>\n<!-- \/ Yoast SEO plugin. -->","yoast_head_json":{"title":"El Garaje de Frank pr\u00e9sente : J-RHYTHM &#8212; El Garaje de Frank","description":"Mixes &#8212; Session exclusive de techno de J-RHYTHM.","robots":{"index":"index","follow":"follow","max-snippet":"max-snippet:-1","max-image-preview":"max-image-preview:large","max-video-preview":"max-video-preview:-1"},"canonical":"https:\/\/elgarajedefrank.es\/fr\/el-garaje-de-frank-presente-j-rhythm\/","og_locale":"fr_FR","og_type":"article","og_title":"El Garaje de Frank pr\u00e9sente : J-RHYTHM &#8212; El Garaje de Frank","og_description":"Mixes &#8212; Session exclusive de techno de J-RHYTHM.","og_url":"https:\/\/elgarajedefrank.es\/fr\/el-garaje-de-frank-presente-j-rhythm\/","og_site_name":"El Garaje de Frank","article_publisher":"https:\/\/www.facebook.com\/elgarajedefrank\/","article_published_time":"2022-05-13T13:51:55+00:00","article_modified_time":"2022-05-13T14:00:35+00:00","og_image":[{"width":1920,"height":1080,"url":"https:\/\/elgarajedefrank.es\/wp-content\/uploads\/2022\/05\/IMG-20211031-WA0001.jpg","type":"image\/jpeg"}],"author":"Violeta","twitter_card":"summary_large_image","twitter_misc":{"\u00c9crit par":"Violeta","Dur\u00e9e de lecture estim\u00e9e":"2 minutes"},"schema":{"@context":"https:\/\/schema.org","@graph":[{"@type":"Article","@id":"https:\/\/elgarajedefrank.es\/fr\/el-garaje-de-frank-presente-j-rhythm\/#article","isPartOf":{"@id":"https:\/\/elgarajedefrank.es\/fr\/el-garaje-de-frank-presente-j-rhythm\/"},"author":{"name":"Violeta","@id":"https:\/\/elgarajedefrank.es\/fr\/#\/schema\/person\/35ec115bc6f8fb3d23238106dc7c1308"},"headline":"El Garaje de Frank pr\u00e9sente : J-RHYTHM","datePublished":"2022-05-13T13:51:55+00:00","dateModified":"2022-05-13T14:00:35+00:00","mainEntityOfPage":{"@id":"https:\/\/elgarajedefrank.es\/fr\/el-garaje-de-frank-presente-j-rhythm\/"},"wordCount":309,"commentCount":0,"publisher":{"@id":"https:\/\/elgarajedefrank.es\/fr\/#\/schema\/person\/d709c9c33f5f405d44c6c9397889ba15"},"image":{"@id":"https:\/\/elgarajedefrank.es\/fr\/el-garaje-de-frank-presente-j-rhythm\/#primaryimage"},"thumbnailUrl":"https:\/\/elgarajedefrank.es\/wp-content\/uploads\/2022\/05\/IMG-20211031-WA0001.jpg","keywords":["Techno"],"articleSection":["Mixes"],"inLanguage":"fr-FR","potentialAction":[{"@type":"CommentAction","name":"Comment","target":["https:\/\/elgarajedefrank.es\/fr\/el-garaje-de-frank-presente-j-rhythm\/#respond"]}]},{"@type":"WebPage","@id":"https:\/\/elgarajedefrank.es\/fr\/el-garaje-de-frank-presente-j-rhythm\/","url":"https:\/\/elgarajedefrank.es\/fr\/el-garaje-de-frank-presente-j-rhythm\/","name":"El Garaje de Frank pr\u00e9sente : J-RHYTHM &#8212; El Garaje de Frank","isPartOf":{"@id":"https:\/\/elgarajedefrank.es\/fr\/#website"},"primaryImageOfPage":{"@id":"https:\/\/elgarajedefrank.es\/fr\/el-garaje-de-frank-presente-j-rhythm\/#primaryimage"},"image":{"@id":"https:\/\/elgarajedefrank.es\/fr\/el-garaje-de-frank-presente-j-rhythm\/#primaryimage"},"thumbnailUrl":"https:\/\/elgarajedefrank.es\/wp-content\/uploads\/2022\/05\/IMG-20211031-WA0001.jpg","datePublished":"2022-05-13T13:51:55+00:00","dateModified":"2022-05-13T14:00:35+00:00","description":"Mixes &#8212; Session exclusive de techno de J-RHYTHM.","breadcrumb":{"@id":"https:\/\/elgarajedefrank.es\/fr\/el-garaje-de-frank-presente-j-rhythm\/#breadcrumb"},"inLanguage":"fr-FR","potentialAction":[{"@type":"ReadAction","target":["https:\/\/elgarajedefrank.es\/fr\/el-garaje-de-frank-presente-j-rhythm\/"]}]},{"@type":"ImageObject","inLanguage":"fr-FR","@id":"https:\/\/elgarajedefrank.es\/fr\/el-garaje-de-frank-presente-j-rhythm\/#primaryimage","url":"https:\/\/elgarajedefrank.es\/wp-content\/uploads\/2022\/05\/IMG-20211031-WA0001.jpg","contentUrl":"https:\/\/elgarajedefrank.es\/wp-content\/uploads\/2022\/05\/IMG-20211031-WA0001.jpg","width":1920,"height":1080},{"@type":"BreadcrumbList","@id":"https:\/\/elgarajedefrank.es\/fr\/el-garaje-de-frank-presente-j-rhythm\/#breadcrumb","itemListElement":[{"@type":"ListItem","position":1,"name":"Inicio","item":"https:\/\/elgarajedefrank.es\/fr\/"},{"@type":"ListItem","position":2,"name":"Mixes","item":"https:\/\/elgarajedefrank.es\/fr\/category\/mixes-fr\/"},{"@type":"ListItem","position":3,"name":"El Garaje de Frank pr\u00e9sente : J-RHYTHM"}]},{"@type":"WebSite","@id":"https:\/\/elgarajedefrank.es\/fr\/#website","url":"https:\/\/elgarajedefrank.es\/fr\/","name":"El Garaje de Frank","description":"Music magazine","publisher":{"@id":"https:\/\/elgarajedefrank.es\/fr\/#\/schema\/person\/d709c9c33f5f405d44c6c9397889ba15"},"potentialAction":[{"@type":"SearchAction","target":{"@type":"EntryPoint","urlTemplate":"https:\/\/elgarajedefrank.es\/fr\/?s={search_term_string}"},"query-input":{"@type":"PropertyValueSpecification","valueRequired":true,"valueName":"search_term_string"}}],"inLanguage":"fr-FR"},{"@type":["Person","Organization"],"@id":"https:\/\/elgarajedefrank.es\/fr\/#\/schema\/person\/d709c9c33f5f405d44c6c9397889ba15","name":"Fran\u00e7ois Zappa","image":{"@type":"ImageObject","inLanguage":"fr-FR","@id":"https:\/\/elgarajedefrank.es\/wp-content\/uploads\/2019\/10\/IMG_8278-150x150.jpg","url":"https:\/\/elgarajedefrank.es\/wp-content\/uploads\/2019\/10\/IMG_8278-150x150.jpg","contentUrl":"https:\/\/elgarajedefrank.es\/wp-content\/uploads\/2019\/10\/IMG_8278-150x150.jpg","caption":"Fran\u00e7ois Zappa"},"logo":{"@id":"https:\/\/elgarajedefrank.es\/wp-content\/uploads\/2019\/10\/IMG_8278-150x150.jpg"},"sameAs":["https:\/\/www.facebook.com\/elgarajedefrank\/","https:\/\/www.instagram.com\/elgarajedefrank\/"]},{"@type":"Person","@id":"https:\/\/elgarajedefrank.es\/fr\/#\/schema\/person\/35ec115bc6f8fb3d23238106dc7c1308","name":"Violeta","image":{"@type":"ImageObject","inLanguage":"fr-FR","@id":"https:\/\/elgarajedefrank.es\/wp-content\/uploads\/2019\/10\/IMG_0576-e1570432097945-150x150.jpg","url":"https:\/\/elgarajedefrank.es\/wp-content\/uploads\/2019\/10\/IMG_0576-e1570432097945-150x150.jpg","contentUrl":"https:\/\/elgarajedefrank.es\/wp-content\/uploads\/2019\/10\/IMG_0576-e1570432097945-150x150.jpg","caption":"Violeta"}}]}},"_links":{"self":[{"href":"https:\/\/elgarajedefrank.es\/fr\/wp-json\/wp\/v2\/posts\/44800","targetHints":{"allow":["GET"]}}],"collection":[{"href":"https:\/\/elgarajedefrank.es\/fr\/wp-json\/wp\/v2\/posts"}],"about":[{"href":"https:\/\/elgarajedefrank.es\/fr\/wp-json\/wp\/v2\/types\/post"}],"author":[{"embeddable":true,"href":"https:\/\/elgarajedefrank.es\/fr\/wp-json\/wp\/v2\/users\/2"}],"replies":[{"embeddable":true,"href":"https:\/\/elgarajedefrank.es\/fr\/wp-json\/wp\/v2\/comments?post=44800"}],"version-history":[{"count":0,"href":"https:\/\/elgarajedefrank.es\/fr\/wp-json\/wp\/v2\/posts\/44800\/revisions"}],"wp:featuredmedia":[{"embeddable":true,"href":"https:\/\/elgarajedefrank.es\/fr\/wp-json\/wp\/v2\/media\/44785"}],"wp:attachment":[{"href":"https:\/\/elgarajedefrank.es\/fr\/wp-json\/wp\/v2\/media?parent=44800"}],"wp:term":[{"taxonomy":"category","embeddable":true,"href":"https:\/\/elgarajedefrank.es\/fr\/wp-json\/wp\/v2\/categories?post=44800"},{"taxonomy":"post_tag","embeddable":true,"href":"https:\/\/elgarajedefrank.es\/fr\/wp-json\/wp\/v2\/tags?post=44800"}],"curies":[{"name":"wp","href":"https:\/\/api.w.org\/{rel}","templated":true}]}}