{"id":44278,"date":"2022-04-27T16:06:32","date_gmt":"2022-04-27T14:06:32","guid":{"rendered":"https:\/\/elgarajedefrank.es\/?p=44278"},"modified":"2022-04-27T16:06:32","modified_gmt":"2022-04-27T14:06:32","slug":"interview-aroma-di-amore","status":"publish","type":"post","link":"https:\/\/elgarajedefrank.es\/fr\/interview-aroma-di-amore\/","title":{"rendered":"Interview : Aroma di Amore"},"content":{"rendered":"<p><span style=\"font-family: georgia, palatino, serif; font-size: 12pt;\"><strong>Les ann\u00e9es 80 et la Belgique ont \u00e9t\u00e9 le terreau id\u00e9al pour la naissance de groupes originaux comme Aroma di Amore, qui ont gentiment r\u00e9pondu \u00e0 nos questions \u00e0 l&#8217;occasion de leur concert de retrouvailles. Ce sera une occasion unique de voir le groupe \u00e9lectro-punk\/wave en live puisqu&#8217;il sera la t\u00eate d&#8217;affiche du dernier jour du Sinner&#8217;s Day Summer Festival, le 26 juin \u00e0 Ostende.<\/strong><\/span><\/p>\n<p><span style=\"font-family: georgia, palatino, serif; font-size: 12pt;\"><strong><img fetchpriority=\"high\" decoding=\"async\" class=\"alignleft wp-image-44256\" src=\"https:\/\/elgarajedefrank.es\/wp-content\/uploads\/2022\/04\/ada-rrfinale82-600x414-1-300x207.jpg\" alt=\"\" width=\"450\" height=\"311\" srcset=\"https:\/\/elgarajedefrank.es\/wp-content\/uploads\/2022\/04\/ada-rrfinale82-600x414-1-300x207.jpg 300w, https:\/\/elgarajedefrank.es\/wp-content\/uploads\/2022\/04\/ada-rrfinale82-600x414-1-585x404.jpg 585w, https:\/\/elgarajedefrank.es\/wp-content\/uploads\/2022\/04\/ada-rrfinale82-600x414-1.jpg 600w\" sizes=\"(max-width: 450px) 100vw, 450px\" \/><\/strong><\/span><\/p>\n<p><span style=\"font-family: georgia, palatino, serif; font-size: 12pt;\"><strong>\u2014Elvis et Fred, vous avez particip\u00e9 deux fois au Humo\u2019s Rock Rally. Le groupe a \u00e9t\u00e9 associ\u00e9 \u00e0 ce concours. En quoi consiste cet \u00e9v\u00e9nement\u00a0? Au W-Fest, on a vu certains groupes qui y avaient aussi particip\u00e9.<\/strong><\/span><\/p>\n<p><span style=\"font-family: georgia, palatino, serif; font-size: 12pt;\"><strong>\u2014Fred Angst :<\/strong>\u00a0Elvis Peeters et moi-m\u00eame sommes les membres originaux du groupe. On l\u2019a cr\u00e9\u00e9 en 1982, et l\u2019une de nos premi\u00e8res apparitions en public a eu lieu au concours Rock Rally de cette ann\u00e9e-l\u00e0. Le Rock Rally est un concours de deux ans pour les nouveaux groupes belges. Il existe toujours. Certains des groupes belges les plus connus y ont commenc\u00e9 leur carri\u00e8re, comme <strong>dEUS<\/strong>, <strong>Evil Superstars<\/strong>, <strong>Noordkaap<\/strong>, <strong>Whispering<\/strong> <strong>Sons<\/strong> et bien d\u2019autres.<\/span><\/p>\n<p><span style=\"font-family: georgia, palatino, serif; font-size: 12pt;\"><strong>\u2014En tant que Didi De\u00a0Paris et Les Poseurs de Minuit de No\u00ebl, avez-vous enregistr\u00e9 quelque chose ou avez-vous simplement cr\u00e9\u00e9 le groupe pour le Rock Rally\u00a0?<\/strong><\/span><\/p>\n<p><span style=\"font-family: georgia, palatino, serif; font-size: 12pt;\"><strong>\u2014Fred Angst : Didi de Paris et les Poseurs de Minuit de No\u00ebl <\/strong>\u00e9tait une collaboration ponctuelle avec le po\u00e8te punk Didi De\u00a0Paris, un ami commun, qui a r\u00e9uni Elvis, Andrea et moi-m\u00eame pour la premi\u00e8re fois. On n\u2019a rien enregistr\u00e9 avec ce groupe.<\/span><\/p>\n<p><span style=\"font-family: georgia, palatino, serif; font-size: 12pt;\"><strong>\u2014Quelles \u00e9taient vos influences \u00e0 l\u2019\u00e9poque\u00a0? TC Matic peut-\u00eatre\u00a0?<\/strong><\/span><\/p>\n<p><span style=\"font-family: georgia, palatino, serif; font-size: 12pt;\"><strong>\u2014Fred Angst :\u00a0<\/strong>Nous avons \u00e9t\u00e9 influenc\u00e9s par <strong>Wire<\/strong>, <strong>Public Image Ltd<\/strong>, et d\u2019autres groupes post-punk de l\u2019\u00e9poque, ainsi que par <strong>TC Matic<\/strong>. Mais on a aussi puis\u00e9 notre inspiration dans la Neue Deutsche Welle (<strong>Der Plan, Fehlfarben, Grauzone, Einst\u00fcrzende Neubauten<\/strong>).<\/span><\/p>\n<p><span style=\"font-family: georgia, palatino, serif; font-size: 12pt;\"><strong>\u2014Votre premier mini LP s\u2019appelait <em>Koude Oorlog<\/em> (guerre froide). Sa pochette \u00e9tait assez particuli\u00e8re. Pourquoi avoir fait ce choix\u00a0?<img decoding=\"async\" class=\"alignright wp-image-44253\" src=\"https:\/\/elgarajedefrank.es\/wp-content\/uploads\/2022\/04\/ada-gent1990-2-400x271-1-300x203.jpg\" alt=\"\" width=\"450\" height=\"305\" srcset=\"https:\/\/elgarajedefrank.es\/wp-content\/uploads\/2022\/04\/ada-gent1990-2-400x271-1-300x203.jpg 300w, https:\/\/elgarajedefrank.es\/wp-content\/uploads\/2022\/04\/ada-gent1990-2-400x271-1.jpg 400w\" sizes=\"(max-width: 450px) 100vw, 450px\" \/><\/strong><\/span><\/p>\n<p><span style=\"font-family: georgia, palatino, serif; font-size: 12pt;\"><strong>\u2014Fred Angst :\u00a0<\/strong>L\u2019illustration de la pochette a \u00e9t\u00e9 r\u00e9alis\u00e9e par Leo Racuszek, l\u2019un de nos amis. Elle peut \u00eatre interpr\u00e9t\u00e9e comme le visage tourment\u00e9 de la col\u00e8re.<\/span><\/p>\n<p><span style=\"font-family: georgia, palatino, serif; font-size: 12pt;\"><strong>\u2014Vous accordez \u00e9norm\u00e9ment d\u2019importances \u00e0 vos paroles. O\u00f9 trouvez-vous l\u2019inspiration\u00a0? Un auteur ou un parolier en particulier\u00a0?<\/strong><\/span><\/p>\n<p><span style=\"font-family: georgia, palatino, serif; font-size: 12pt;\"><strong>\u2014Elvis Peeters :<\/strong>\u00a0Tout d\u2019abord, nous avons d\u00e9cid\u00e9 d\u2019utiliser notre langue maternelle, et de ne pas choisir l\u2019approche anglo-saxonne qui \u00e9tait courante dans le rock \u00e0 cette \u00e9poque (et l\u2019est toujours). La chanson \u00ab\u00a0Dobberman\u00a0\u00bb (sur notre premier EP) est inspir\u00e9e par un roman du d\u00e9funt (auteur autrichien) Thomas Bernhard. En tant que parolier, je suis influenc\u00e9 et inspir\u00e9 par <strong>D.A.F., Wire<\/strong>, l\u2019auteur expressionniste flamand Paul van\u00a0Ostaijen, les situationnistes et l\u2019antimilitarisme.<\/span><\/p>\n<p><span style=\"font-family: georgia, palatino, serif; font-size: 12pt;\"><strong>\u2014<em>Harde Feiten <\/em>est votre premier v\u00e9ritable album. Comment s\u2019est d\u00e9roul\u00e9 son enregistrement\u00a0? Avez-vous r\u00e9ussi \u00e0 obtenir facilement le son que vous recherchiez\u00a0?<\/strong><\/span><\/p>\n<p><span style=\"font-family: georgia, palatino, serif; font-size: 12pt;\"><strong>\u2014Fred Angst :\u00a0<\/strong>Nous avons fait \u00e9quipe avec le producteur Ludo Camberlin. C\u2019est lui qui a fa\u00e7onn\u00e9 le son de l\u2019album. Il avait les comp\u00e9tences dont nous avions besoin pour transposer notre son live sur un enregistrement.<\/span><\/p>\n<p><span style=\"font-family: georgia, palatino, serif; font-size: 12pt;\"><strong>\u2014<\/strong>\u00ab\u00a0<strong>Zij Is Blij\u00a0\u00bb \u00e9tait assez populaire \u00e0 Valence \u00e0 l\u2019\u00e9poque. Vous y avez jou\u00e9 en 1987, quel souvenir avez-vous de ce concert\u00a0?<\/strong><\/span><\/p>\n<p><span style=\"font-family: georgia, palatino, serif; font-size: 12pt;\"><strong>\u2014Fred Angst :\u00a0<\/strong>Je me souviens qu\u2019il y avait beaucoup de monde. C\u2019\u00e9tait impressionnant.<\/span><\/p>\n<p><span style=\"font-family: georgia, palatino, serif; font-size: 12pt;\"><strong>\u2014L\u2019\u0153uvre suivante du groupe, <em>De Sfeer Van\u00a0Grote Dagen<\/em>, est l\u2019une des plus exp\u00e9rimentales. Avez-vous mis des limites \u00e0 votre musique \u00e0 un moment donn\u00e9\u00a0?<\/strong><\/span><\/p>\n<p><span style=\"font-family: georgia, palatino, serif; font-size: 12pt;\"><strong>\u2014Fred Angst :\u00a0<\/strong>Cet album a \u00e9t\u00e9 produit par le bassiste et producteur n\u00e9erlandais Theo Van\u00a0Eenbergen, qui \u00e9tait membre de <strong>Nasmak<\/strong>, un groupe n\u00e9erlandais de new wave exp\u00e9rimental. Il a ensuite collabor\u00e9 avec Henry Rollins. Au d\u00e9but, la production nous impressionnait pas du tout, car le son \u00e9tait diff\u00e9rent de ce \u00e0 quoi on s\u2019attendait. Apr\u00e8s coup, on a bien d\u00fb admettre que Theo avait fait un tr\u00e8s bon travail. Aujourd\u2019hui on consid\u00e8re que c\u2019est l\u2019un de nos meilleurs albums des ann\u00e9es\u00a080.<\/span><\/p>\n<p><span style=\"font-family: georgia, palatino, serif; font-size: 12pt;\"><strong><img decoding=\"async\" class=\"alignleft wp-image-44247\" src=\"https:\/\/elgarajedefrank.es\/wp-content\/uploads\/2022\/04\/1993-1076x737-1-300x205.jpg\" alt=\"\" width=\"450\" height=\"308\" srcset=\"https:\/\/elgarajedefrank.es\/wp-content\/uploads\/2022\/04\/1993-1076x737-1-300x205.jpg 300w, https:\/\/elgarajedefrank.es\/wp-content\/uploads\/2022\/04\/1993-1076x737-1-1024x701.jpg 1024w, https:\/\/elgarajedefrank.es\/wp-content\/uploads\/2022\/04\/1993-1076x737-1-768x526.jpg 768w, https:\/\/elgarajedefrank.es\/wp-content\/uploads\/2022\/04\/1993-1076x737-1-585x401.jpg 585w, https:\/\/elgarajedefrank.es\/wp-content\/uploads\/2022\/04\/1993-1076x737-1.jpg 1076w\" sizes=\"(max-width: 450px) 100vw, 450px\" \/>\u2014J\u2019ai lu dans la bio de votre web que Lo et Elvis sont all\u00e9s en Afrique \u00e0 cette \u00e9poque. Quels souvenirs gardez-vous de ce voyage\u00a0? Avez-vous rencontr\u00e9 des musiciens locaux\u00a0?<\/strong><\/span><\/p>\n<p><span style=\"font-family: georgia, palatino, serif; font-size: 12pt;\"><strong>\u2014Lo\u00a0Meulen\u00a0:<\/strong>\u00a0Elvis a \u00e9crit quelques paroles pendant ce voyage et nous sommes all\u00e9s voir des groupes locaux \u00e0 Nairobi et Dar es Salaam. On s\u2019est bien amus\u00e9s. J\u2019ai rencontr\u00e9 ma petite amie australienne lors de ce voyage et j\u2019ai ensuite d\u00e9m\u00e9nag\u00e9 \u00e0 Londres pour la rejoindre. C\u2019est alors que j\u2019ai quitt\u00e9 le groupe pour un certain temps.<\/span><\/p>\n<p><span style=\"font-family: georgia, palatino, serif; font-size: 12pt;\"><strong>\u2014Pour le deuxi\u00e8me album, avez-vous ressenti plus de pression\u00a0? Le single pr\u00e9c\u00e9dent ne s\u2019\u00e9tait pas bien vendu et PIAS avait arr\u00eat\u00e9 de travailler avec le groupe.<\/strong><\/span><\/p>\n<p><span style=\"font-family: georgia, palatino, serif; font-size: 12pt;\"><strong>\u2014Fred Angst :\u00a0<\/strong>Pas du tout. Tr\u00e8s vite, on a commenc\u00e9 une collaboration avec le label de Ludo, Anything But Records, qui continuait \u00e0 croire en nous.<\/span><\/p>\n<p><span style=\"font-family: georgia, palatino, serif; font-size: 12pt;\"><strong>\u2014Avez-vous eu des difficult\u00e9s \u00e0 continuer de jouer ensemble, malgr\u00e9 les changements de line-up\u00a0?<\/strong><\/span><\/p>\n<p><span style=\"font-family: georgia, palatino, serif; font-size: 12pt;\"><strong>\u2014Fred Angst :\u00a0<\/strong>Comme beaucoup de groupes, nous avons travers\u00e9 des p\u00e9riodes difficiles, mais lorsque Lo est parti en 1987, nous avons trouv\u00e9 un rempla\u00e7ant digne de ce nom en la personne de Wout Dockx. -Apr\u00e8s le d\u00e9part d\u2019Andrea, nous avons eu deux autres clavi\u00e9ristes, mais ils ne s\u2019int\u00e9graient pas au groupe. Du coup, on a commenc\u00e9 \u00e0 utiliser des s\u00e9quenceurs.<\/span><\/p>\n<p><span style=\"font-family: georgia, palatino, serif; font-size: 12pt;\"><strong>\u2014Vous consid\u00e9rez votre deuxi\u00e8me album, intitul\u00e9 <em>KoudvuuR<\/em> comme le plus abouti. Pourquoi\u00a0?<\/strong><\/span><\/p>\n<p><span style=\"font-family: georgia, palatino, serif; font-size: 12pt;\"><strong>\u2014Fred Angst :\u00a0<\/strong>Eh bien, on \u00e9tait devenus des musiciens et des producteurs bien plus exp\u00e9riment\u00e9s. L\u2019album a \u00e9t\u00e9 enregistr\u00e9 dans le studio de Ludo. Luc Van\u00a0Lieshout (de <strong>Tuxedomoon<\/strong>) et Herv\u00e9 Lomprez (de <strong>Trisomie 21<\/strong>) nous ont fil\u00e9 un coup de main. Ils \u00e9taient les ing\u00e9nieurs du studio \u00e0 l\u2019\u00e9poque. L\u2019album contient beaucoup de nos tubes, comme \u00ab\u00a0Een Taal Is Een Stripverhaal\u00a0\u00bb (une langue est une bande dessin\u00e9e), \u00ab\u00a0Naaldhak\u00a0\u00bb (talon aiguille), \u00ab\u00a0Meisje zijn\u00a0\u00bb (\u00eatre une fille) et \u00ab\u00a0Sporen Van Lisa\u00a0\u00bb (traces de Lisa). Sur la face A, Lo jouait de la basse\u00a0; sur la face B, c\u2019est Wout qui jouait les parties de basse.<\/span><\/p>\n<p><span style=\"font-family: georgia, palatino, serif; font-size: 12pt;\"><strong>\u2014Pourquoi le groupe s\u2019est s\u00e9par\u00e9 en 1988\u00a0?<img loading=\"lazy\" decoding=\"async\" class=\"alignright wp-image-44250\" src=\"https:\/\/elgarajedefrank.es\/wp-content\/uploads\/2022\/04\/adafx4-1076x718-1-300x200.jpg\" alt=\"\" width=\"450\" height=\"300\" srcset=\"https:\/\/elgarajedefrank.es\/wp-content\/uploads\/2022\/04\/adafx4-1076x718-1-300x200.jpg 300w, https:\/\/elgarajedefrank.es\/wp-content\/uploads\/2022\/04\/adafx4-1076x718-1-1024x683.jpg 1024w, https:\/\/elgarajedefrank.es\/wp-content\/uploads\/2022\/04\/adafx4-1076x718-1-768x512.jpg 768w, https:\/\/elgarajedefrank.es\/wp-content\/uploads\/2022\/04\/adafx4-1076x718-1-585x390.jpg 585w, https:\/\/elgarajedefrank.es\/wp-content\/uploads\/2022\/04\/adafx4-1076x718-1-263x175.jpg 263w, https:\/\/elgarajedefrank.es\/wp-content\/uploads\/2022\/04\/adafx4-1076x718-1.jpg 1076w\" sizes=\"(max-width: 450px) 100vw, 450px\" \/><\/strong><\/span><\/p>\n<p><span style=\"font-family: georgia, palatino, serif; font-size: 12pt;\"><strong>\u2014Fred Angst :\u00a0<\/strong>Apr\u00e8s la sortie de <em>KoudvuuR<\/em>\u00a0et le d\u00e9part de Lo, nous avons donn\u00e9 beaucoup de concerts \u00e0 l\u2019\u00e9tranger (Espagne, Suisse, France) mais les critiques de l\u2019album n\u2019\u00e9taient tr\u00e8s positives et les ventes ont \u00e9t\u00e9 inf\u00e9rieures \u00e0 nos attentes. On a donc d\u00e9cid\u00e9 de faire une pause pendant un certain temps, mais en 1990, nous avons recommenc\u00e9 \u00e0 tourner.<\/span><\/p>\n<p><span style=\"font-family: georgia, palatino, serif; font-size: 12pt;\"><strong>\u2014Qu\u2019est-il arriv\u00e9 a vos chansons des ann\u00e9es\u00a01990\u00a0? Est-ce le mat\u00e9riel qu\u2019on pouvait trouver dans <em>Ongehoord<\/em>\u00a0?<\/strong><\/span><\/p>\n<p><span style=\"font-family: georgia, palatino, serif; font-size: 12pt;\"><strong>\u2014Fred Angst :\u00a0<\/strong>Les morceaux sur <em>Ongehoord<\/em> sont des out-takes, des enregistrements en public et quelques nouveaux enregistrements (par exemple \u00ab\u00a0Hartslag\u00a0\u00bb, une reprise de \u00ab\u00a0Heartbeat\u00a0\u00bb de <strong>Wire<\/strong>).<\/span><\/p>\n<p><span style=\"font-family: georgia, palatino, serif; font-size: 12pt;\"><strong>\u2014Le groupe s\u2019est reform\u00e9 pour un concert au BIM, et est ensuite parti en tourn\u00e9e en 2005. Qu\u2019est-ce que \u00e7a vous a fait, de rejouer\u00a0? Est-il possible que ce concert au Sinner\u2019s Day vous incite \u00e0 repartir en tourn\u00e9e\u00a0?<\/strong><\/span><\/p>\n<p><span style=\"font-family: georgia, palatino, serif; font-size: 12pt;\"><strong>\u2014Fred Angst :\u00a0<\/strong>Apr\u00e8s une pause de 10\u00a0ans, on s\u2019est reform\u00e9s en trio (Elvis, Lo et Fred) et d\u00e9couvert qu\u2019entre-temps, la popularit\u00e9 d\u2019<strong>Aroma Di\u00a0Amore<\/strong> avait augment\u00e9 et que les gens \u00e9taient int\u00e9ress\u00e9s par nos premiers disques. Mais ils \u00e9taient tous \u00e9puis\u00e9s. On a donc d\u00e9cid\u00e9 de sortir le double cd-compilation <em>Onverdeeld<\/em>, qui a eu beaucoup de succ\u00e8s.<\/span><\/p>\n<p><span style=\"font-family: georgia, palatino, serif; font-size: 12pt;\"><strong>\u2014Et comment s\u2019est pass\u00e9e la composition de ce nouvel album 25\u00a0ans plus tard\u00a0? Vous travailliez avec de nouveaux musiciens, non\u00a0?<\/strong><\/span><\/p>\n<p><span style=\"font-family: georgia, palatino, serif; font-size: 12pt;\"><strong>\u2014Fred Angst :\u00a0<\/strong>Le succ\u00e8s de la compilation nous a donn\u00e9 envie de composer de nouvelles chansons et de sortir un nouvel album. Notre musique n\u2019avait plus rien \u00e0 voir avec ce qu\u2019on composait dans les ann\u00e9es\u00a080 et on a travaill\u00e9 avec d\u2019autres musiciens (comme Mauro Pawlowski) pour am\u00e9liorer le son. Onderstroom records a sorti <em>Samizdat<\/em> en 2012.<\/span><\/p>\n<p><span style=\"font-family: georgia, palatino, serif; font-size: 12pt;\"><strong><img loading=\"lazy\" decoding=\"async\" class=\"alignleft wp-image-44259\" src=\"https:\/\/elgarajedefrank.es\/wp-content\/uploads\/2022\/04\/aroma-2010-12-1076x704-1-300x196.jpg\" alt=\"\" width=\"450\" height=\"294\" srcset=\"https:\/\/elgarajedefrank.es\/wp-content\/uploads\/2022\/04\/aroma-2010-12-1076x704-1-300x196.jpg 300w, https:\/\/elgarajedefrank.es\/wp-content\/uploads\/2022\/04\/aroma-2010-12-1076x704-1-1024x670.jpg 1024w, https:\/\/elgarajedefrank.es\/wp-content\/uploads\/2022\/04\/aroma-2010-12-1076x704-1-768x502.jpg 768w, https:\/\/elgarajedefrank.es\/wp-content\/uploads\/2022\/04\/aroma-2010-12-1076x704-1-585x383.jpg 585w, https:\/\/elgarajedefrank.es\/wp-content\/uploads\/2022\/04\/aroma-2010-12-1076x704-1.jpg 1076w\" sizes=\"(max-width: 450px) 100vw, 450px\" \/>\u2014<em>Samizdat<\/em> parlait d\u2019\u00ab\u00a0un monde dur et implacable qui id\u00e9alise l\u2019individu\u00a0\u00bb. Avez-vous constat\u00e9 une \u00e9volution de la soci\u00e9t\u00e9 au cours des 25\u00a0ann\u00e9es qui se sont \u00e9coul\u00e9es entre vos disques\u00a0?<\/strong><\/span><\/p>\n<p><span style=\"font-family: georgia, palatino, serif; font-size: 12pt;\"><strong>\u2014Fred Angst :\u00a0<\/strong>Le monde a beaucoup chang\u00e9 depuis, avec le 11\u00a0septembre, les guerres en ex-Yougoslavie et en Irak. La fin de l\u2019URSS. Et on a tous eu des enfants !<\/span><\/p>\n<p><span style=\"font-family: georgia, palatino, serif; font-size: 12pt;\"><strong>\u2014L\u2019album <em>Zin e<\/em>st sorti en 2016. Comment votre musique a-t-elle \u00e9volu\u00e9 depuis \u00ab\u00a0Gorilla dans de samba\u00a0\u00bb jusqu\u2019\u00e0 ce dernier album\u00a0?<\/strong><\/span><\/p>\n<p><span style=\"font-family: georgia, palatino, serif; font-size: 12pt;\"><strong>\u2014Fred Angst :\u00a0<\/strong>On a toujours essay\u00e9 de se r\u00e9inventer en tant qu\u2019artistes, et ce que j\u2019ai dit pr\u00e9c\u00e9demment \u00e0 propos de <em>Samizdat<\/em> est devenu plus \u00e9vident sur <em>Zin<\/em>\u00a0: les deux albums \u00e9taient impr\u00e9gn\u00e9s d\u2019un nouveau son et \u00e9taient bien plus sophistiqu\u00e9s que ce que nous faisions dans les ann\u00e9es\u00a080.<\/span><\/p>\n<p><span style=\"font-family: georgia, palatino, serif; font-size: 12pt;\"><strong>\u2014Pourquoi le groupe s\u2019est-il une nouvelle fois s\u00e9par\u00e9\u00a0?<\/strong><\/span><\/p>\n<p><span style=\"font-family: georgia, palatino, serif; font-size: 12pt;\"><strong>\u2014Fred Angst :\u00a0<\/strong>D\u00e9but\u00a02017, on a d\u00e9cid\u00e9 d\u2019arr\u00eater car on avait \u00e9puis\u00e9 les possibilit\u00e9s pour <strong>Aroma<\/strong>. On aurait pu continuer, mais on n\u2019avait pas envie de copier nos anciennes chansons et albums.<\/span><\/p>\n<p><span style=\"font-family: georgia, palatino, serif; font-size: 12pt;\"><strong>\u2014Est-il difficile de parler de politique \u00e0 travers la musique\u00a0? Quels artistes vous ont servi de mod\u00e8le\u00a0?<\/strong><\/span><\/p>\n<p><span style=\"font-family: georgia, palatino, serif; font-size: 12pt;\"><strong>\u2014Elvis Peeters :<\/strong>\u00a0C\u2019est aussi difficile que de parler d\u2019amour.\u00a0Comme mod\u00e8le, on pourrait citer <strong>The Clash, The Jam<\/strong>, et m\u00eame <strong>Big Black<\/strong>.<\/span><\/p>\n<p><span style=\"font-family: georgia, palatino, serif; font-size: 12pt;\"><strong>\u2014Est-il difficile de r\u00e9ussir sur le march\u00e9 anglais quand on chante en flamand\u00a0?<\/strong><\/span><\/p>\n<p><span style=\"font-family: georgia, palatino, serif; font-size: 12pt;\"><strong>\u2014Elvis Peeters :\u00a0<\/strong>Pour le march\u00e9 anglais, c\u2019est aussi difficile que de chanter en allemand, en espagnol ou en fran\u00e7ais, je suppose. La grande diff\u00e9rence, c\u2019est la puissance des machines de marketing des grandes maisons de disques.<\/span><\/p>\n<p><span style=\"font-family: georgia, palatino, serif; font-size: 12pt;\"><strong>\u2014Elvis, tu es \u00e9galement \u00e9crivain, et tu as publi\u00e9 certains livres, comme <em>Wat alleen wij weten<\/em> et <em>Dinsdag<\/em>, ou <em>De wanbidder<\/em>. Tu peux nous en parler\u00a0? Y a-t-il un sujet que tu as abord\u00e9 \u00e0 la fois dans un livre et dans une chanson\u00a0?<\/strong><\/span><\/p>\n<p><span style=\"font-family: georgia, palatino, serif; font-size: 12pt;\"><strong>\u2014Elvis Peeters :\u00a0<\/strong><em>Wat alleen wij weten<\/em> (Ce que nous seuls savons) est une ode \u00e0 l\u2019imagination, \u00e9crite dans un langage d\u00e9pouill\u00e9 qui se situe quelque part entre la po\u00e9sie et la prose.<\/span><\/p>\n<p><span style=\"font-family: georgia, palatino, serif; font-size: 12pt;\"><em>Synopsis\u00a0:\u00a0Nour a sept ans et est atteinte d\u2019une maladie incurable. Sa peau devient plus p\u00e2le, elle suit un r\u00e9gime tr\u00e8s strict et la douleur s\u2019aggrave. Mais Nour continue de sourire et de jouer. Alors que ses parents sont obnubil\u00e9s par sa maladie, la jeune fille se rapproche de son grand fr\u00e8re. Il lui raconte des histoires pour essayer de lui faire oublier la douleur. Le fr\u00e8re et la s\u0153ur imaginent un univers \u00e0 part enti\u00e8re dans lequel ils sont en s\u00e9curit\u00e9 et connect\u00e9s \u00e0 jamais. Les histoires rendent leur adieu imminent plus supportable. Entre eux se trouve un oiseau qu\u2019eux seuls peuvent voir.<\/em><\/span><\/p>\n<p><span style=\"font-family: georgia, palatino, serif; font-size: 12pt;\">R\u00e9cemment, j\u2019ai traduit quatre-vingts po\u00e8mes de Miguel Hern\u00e1ndez en n\u00e9erlandais, publi\u00e9s en Flandre. Avec le groupe <strong>Wilderman<\/strong>, on a retravaill\u00e9 treize de ces po\u00e8mes en chansons, pas encore enregistr\u00e9es.<\/span><\/p>\n<p><span style=\"font-family: georgia, palatino, serif; font-size: 12pt;\"><strong>\u2014Tu as \u00e9galement fait partie d\u2019un groupe appel\u00e9 De Legende, non\u00a0?<img loading=\"lazy\" decoding=\"async\" class=\"alignright wp-image-44262\" src=\"https:\/\/elgarajedefrank.es\/wp-content\/uploads\/2022\/04\/aroma-di-amore-675-5628x3671-1-300x196.jpg\" alt=\"\" width=\"450\" height=\"294\" srcset=\"https:\/\/elgarajedefrank.es\/wp-content\/uploads\/2022\/04\/aroma-di-amore-675-5628x3671-1-300x196.jpg 300w, https:\/\/elgarajedefrank.es\/wp-content\/uploads\/2022\/04\/aroma-di-amore-675-5628x3671-1-1024x668.jpg 1024w, https:\/\/elgarajedefrank.es\/wp-content\/uploads\/2022\/04\/aroma-di-amore-675-5628x3671-1-768x501.jpg 768w, https:\/\/elgarajedefrank.es\/wp-content\/uploads\/2022\/04\/aroma-di-amore-675-5628x3671-1-1536x1002.jpg 1536w, https:\/\/elgarajedefrank.es\/wp-content\/uploads\/2022\/04\/aroma-di-amore-675-5628x3671-1-2048x1336.jpg 2048w, https:\/\/elgarajedefrank.es\/wp-content\/uploads\/2022\/04\/aroma-di-amore-675-5628x3671-1-scaled.jpg 1920w, https:\/\/elgarajedefrank.es\/wp-content\/uploads\/2022\/04\/aroma-di-amore-675-5628x3671-1-1170x763.jpg 1170w, https:\/\/elgarajedefrank.es\/wp-content\/uploads\/2022\/04\/aroma-di-amore-675-5628x3671-1-585x382.jpg 585w\" sizes=\"(max-width: 450px) 100vw, 450px\" \/><\/strong><\/span><\/p>\n<p><span style=\"font-family: georgia, palatino, serif; font-size: 12pt;\"><strong>\u2014Elvis Peeters : De Legende<\/strong> est n\u00e9 d\u2019une coop\u00e9ration avec le clavi\u00e9riste Geert Corbeels du groupe <strong>Men 2nd<\/strong>, bas\u00e9 \u00e0 Louvain.\u00a0<strong>De Legende<\/strong> a sorti trois mini-albums et deux albums complets entre 1992 et 2013. C\u2019\u00e9tait un groupe sans guitare, sans bo\u00eete \u00e0 rythmes ni basse \u00e9lectrique, compl\u00e8tement diff\u00e9rent d\u2019<strong>Aroma di\u00a0Amore<\/strong>. Il avait plus de choses en commun avec les <strong>Pogues<\/strong>, les <strong>Negresses Vertes<\/strong> ou <strong>Gavin Friday<\/strong> <strong>and the Man Seezer.<\/strong>\u00a0<strong>De Legende<\/strong> utilisait un piano, une contrebasse, une batterie, un violon, une mandoline et un saxophone.<\/span><\/p>\n<p><span style=\"font-family: georgia, palatino, serif; font-size: 12pt;\"><strong>\u2014Bange Konijnen, un groupe de new wave belge satirique, est l\u2019un des curieux projets d\u2019Elvis Peeters and de Fred Angst. Dans la partie francophone de la Belgique, il s\u2019appelait Lapin Lapin. Vous pouvez nous expliquer\u00a0?<\/strong><\/span><\/p>\n<p><span style=\"font-family: georgia, palatino, serif; font-size: 12pt;\"><strong>\u2014Fred Angst :\u00a0<\/strong>En 1986, la Belgique a remport\u00e9 le concours de l\u2019Eurovision (\u00ab\u00a0J\u2019aime la vie\u00a0\u00bb de<strong> Sandra Kim<\/strong>) et on voulait parodier ce morceau. On a donn\u00e9 quelques concerts avec des amis, mais comme il s\u2019agissait d\u2019une simple blague, on a laiss\u00e9 tomber le projet.<\/span><\/p>\n<p><span style=\"font-family: georgia, palatino, serif; font-size: 12pt;\"><strong><img loading=\"lazy\" decoding=\"async\" class=\"alignleft wp-image-44265\" src=\"https:\/\/elgarajedefrank.es\/wp-content\/uploads\/2022\/04\/elvislo2-501x400-1-300x240.jpg\" alt=\"\" width=\"450\" height=\"359\" srcset=\"https:\/\/elgarajedefrank.es\/wp-content\/uploads\/2022\/04\/elvislo2-501x400-1-300x240.jpg 300w, https:\/\/elgarajedefrank.es\/wp-content\/uploads\/2022\/04\/elvislo2-501x400-1.jpg 501w\" sizes=\"(max-width: 450px) 100vw, 450px\" \/>\u2014Fred, tu travailles actuellement sur Zool., dont l\u2019album est sorti l\u2019ann\u00e9e derni\u00e8re. Comment d\u00e9crirais-tu ce projet\u00a0? Derni\u00e8rement, tes anciens projets, (Nasca et Fred A.) ont \u00e9galement attir\u00e9 l\u2019attention. Tu nous en parles\u00a0?<\/strong><\/span><\/p>\n<p><span style=\"font-family: georgia, palatino, serif; font-size: 12pt;\"><strong>\u2014Fred Angst : Zool.<\/strong> est un concept dans lequel je cr\u00e9e de la musique instrumentale, quelque part entre l\u2019ambient, le post-rock, le dub et l\u2019electronica. Depuis 2003, <strong>Zool.<\/strong> a sorti cinq albums, le dernier en 2021, et cette ann\u00e9e un split avec <strong>Butsenzeller<\/strong> sortira sur Consouling Sounds.<\/span><br \/>\n<span style=\"font-family: georgia, palatino, serif; font-size: 12pt;\">Ces derni\u00e8res ann\u00e9es, des albums plus anciens de <strong>Nasca<\/strong> en <strong>Fred A<\/strong>. sont \u00e9galement sortis.<\/span><\/p>\n<p><span style=\"font-family: georgia, palatino, serif; font-size: 12pt;\"><strong>\u2014Sur Facebook, j\u2019ai vu que Lo\u00a0Meulen a \u00e9galement un projet solo.<\/strong><\/span><\/p>\n<p><span style=\"font-family: georgia, palatino, serif; font-size: 12pt;\"><strong>\u2014Lo\u00a0Meulen\u00a0:\u00a0<\/strong>J\u2019ai sorti quelques chansons depuis qu\u2019<strong>Aroma di\u00a0Amore<\/strong> a cess\u00e9 de sortir de la musique. Actuellement, je bosse avec Elvis sur un nouveau projet, <strong>Zeer Kleine Speeldoos <\/strong>(qui signifie \u00ab\u00a0tr\u00e8s petite bo\u00eete \u00e0 musique\u00a0\u00bb) ou <strong>ZKS<\/strong>, qui sortira un single et un EP en mai-juin 2022.<\/span><\/p>\n<p><span style=\"font-family: georgia, palatino, serif; font-size: 12pt;\"><strong>\u2014Que peut-on attendre de votre concert au Sinner\u2019s Day\u00a0?<\/strong><\/span><\/p>\n<p><span style=\"font-family: georgia, palatino, serif; font-size: 12pt;\"><strong>\u2014Fred Angst :\u00a0<\/strong>Nous allons jouer le best of d\u2019<strong>Aroma<\/strong> des ann\u00e9es\u00a080, avec un guitariste suppl\u00e9mentaire et un saxophoniste. Et Onderstroom va sortir un coffret de 7\u00a0albums, avec toute la musique d\u2019<strong>Aroma<\/strong> des ann\u00e9es\u00a080.<\/span><\/p>\n<p>&nbsp;<\/p>\n","protected":false},"excerpt":{"rendered":"<p>Les ann\u00e9es 80 et la Belgique ont \u00e9t\u00e9 le terreau id\u00e9al pour la naissance de&hellip;<\/p>\n","protected":false},"author":2,"featured_media":44270,"comment_status":"open","ping_status":"open","sticky":false,"template":"","format":"standard","meta":{"_lmt_disableupdate":"","_lmt_disable":"","footnotes":""},"categories":[35],"tags":[392,406],"class_list":["post-44278","post","type-post","status-publish","format-standard","has-post-thumbnail","hentry","category-interviews-fr","tag-post-punk-fr","tag-rock-gothique"],"yoast_head":"<!-- This site is optimized with the Yoast SEO plugin v27.4 - https:\/\/yoast.com\/product\/yoast-seo-wordpress\/ -->\n<title>Interview : Aroma di Amore &#8212; El Garaje de Frank<\/title>\n<meta name=\"description\" content=\"Interviews &#8212; Interview avec Aroma di Amore, projet post-punk belge qui jouera au Sinner&#039;s Day Summer cette ann\u00e9e.\" \/>\n<meta name=\"robots\" content=\"index, follow, max-snippet:-1, max-image-preview:large, max-video-preview:-1\" \/>\n<link rel=\"canonical\" href=\"https:\/\/elgarajedefrank.es\/fr\/interview-aroma-di-amore\/\" \/>\n<meta property=\"og:locale\" content=\"fr_FR\" \/>\n<meta property=\"og:type\" content=\"article\" \/>\n<meta property=\"og:title\" content=\"Interview : Aroma di Amore &#8212; El Garaje de Frank\" \/>\n<meta property=\"og:description\" content=\"Interviews &#8212; Interview avec Aroma di Amore, projet post-punk belge qui jouera au Sinner&#039;s Day Summer cette ann\u00e9e.\" \/>\n<meta property=\"og:url\" content=\"https:\/\/elgarajedefrank.es\/fr\/interview-aroma-di-amore\/\" \/>\n<meta property=\"og:site_name\" content=\"El Garaje de Frank\" \/>\n<meta property=\"article:publisher\" content=\"https:\/\/www.facebook.com\/elgarajedefrank\/\" \/>\n<meta property=\"article:published_time\" content=\"2022-04-27T14:06:32+00:00\" \/>\n<meta property=\"og:image\" content=\"https:\/\/elgarajedefrank.es\/wp-content\/uploads\/2022\/04\/elvis-retie-2-1076x1614-1.jpg\" \/>\n\t<meta property=\"og:image:width\" content=\"1076\" \/>\n\t<meta property=\"og:image:height\" content=\"1614\" \/>\n\t<meta property=\"og:image:type\" content=\"image\/jpeg\" \/>\n<meta name=\"author\" content=\"Violeta\" \/>\n<meta name=\"twitter:card\" content=\"summary_large_image\" \/>\n<meta name=\"twitter:label1\" content=\"\u00c9crit par\" \/>\n\t<meta name=\"twitter:data1\" content=\"Violeta\" \/>\n\t<meta name=\"twitter:label2\" content=\"Dur\u00e9e de lecture estim\u00e9e\" \/>\n\t<meta name=\"twitter:data2\" content=\"12 minutes\" \/>\n<script type=\"application\/ld+json\" class=\"yoast-schema-graph\">{\"@context\":\"https:\\\/\\\/schema.org\",\"@graph\":[{\"@type\":\"Article\",\"@id\":\"https:\\\/\\\/elgarajedefrank.es\\\/fr\\\/interview-aroma-di-amore\\\/#article\",\"isPartOf\":{\"@id\":\"https:\\\/\\\/elgarajedefrank.es\\\/fr\\\/interview-aroma-di-amore\\\/\"},\"author\":{\"name\":\"Violeta\",\"@id\":\"https:\\\/\\\/elgarajedefrank.es\\\/fr\\\/#\\\/schema\\\/person\\\/35ec115bc6f8fb3d23238106dc7c1308\"},\"headline\":\"Interview : Aroma di Amore\",\"datePublished\":\"2022-04-27T14:06:32+00:00\",\"mainEntityOfPage\":{\"@id\":\"https:\\\/\\\/elgarajedefrank.es\\\/fr\\\/interview-aroma-di-amore\\\/\"},\"wordCount\":2285,\"commentCount\":0,\"publisher\":{\"@id\":\"https:\\\/\\\/elgarajedefrank.es\\\/fr\\\/#\\\/schema\\\/person\\\/d709c9c33f5f405d44c6c9397889ba15\"},\"image\":{\"@id\":\"https:\\\/\\\/elgarajedefrank.es\\\/fr\\\/interview-aroma-di-amore\\\/#primaryimage\"},\"thumbnailUrl\":\"https:\\\/\\\/elgarajedefrank.es\\\/wp-content\\\/uploads\\\/2022\\\/04\\\/elvis-retie-2-1076x1614-1.jpg\",\"keywords\":[\"Post-punk\",\"Rock gothique\"],\"articleSection\":[\"Interviews\"],\"inLanguage\":\"fr-FR\",\"potentialAction\":[{\"@type\":\"CommentAction\",\"name\":\"Comment\",\"target\":[\"https:\\\/\\\/elgarajedefrank.es\\\/fr\\\/interview-aroma-di-amore\\\/#respond\"]}]},{\"@type\":\"WebPage\",\"@id\":\"https:\\\/\\\/elgarajedefrank.es\\\/fr\\\/interview-aroma-di-amore\\\/\",\"url\":\"https:\\\/\\\/elgarajedefrank.es\\\/fr\\\/interview-aroma-di-amore\\\/\",\"name\":\"Interview : Aroma di Amore &#8212; El Garaje de Frank\",\"isPartOf\":{\"@id\":\"https:\\\/\\\/elgarajedefrank.es\\\/fr\\\/#website\"},\"primaryImageOfPage\":{\"@id\":\"https:\\\/\\\/elgarajedefrank.es\\\/fr\\\/interview-aroma-di-amore\\\/#primaryimage\"},\"image\":{\"@id\":\"https:\\\/\\\/elgarajedefrank.es\\\/fr\\\/interview-aroma-di-amore\\\/#primaryimage\"},\"thumbnailUrl\":\"https:\\\/\\\/elgarajedefrank.es\\\/wp-content\\\/uploads\\\/2022\\\/04\\\/elvis-retie-2-1076x1614-1.jpg\",\"datePublished\":\"2022-04-27T14:06:32+00:00\",\"description\":\"Interviews &#8212; Interview avec Aroma di Amore, projet post-punk belge qui jouera au Sinner's Day Summer cette ann\u00e9e.\",\"breadcrumb\":{\"@id\":\"https:\\\/\\\/elgarajedefrank.es\\\/fr\\\/interview-aroma-di-amore\\\/#breadcrumb\"},\"inLanguage\":\"fr-FR\",\"potentialAction\":[{\"@type\":\"ReadAction\",\"target\":[\"https:\\\/\\\/elgarajedefrank.es\\\/fr\\\/interview-aroma-di-amore\\\/\"]}]},{\"@type\":\"ImageObject\",\"inLanguage\":\"fr-FR\",\"@id\":\"https:\\\/\\\/elgarajedefrank.es\\\/fr\\\/interview-aroma-di-amore\\\/#primaryimage\",\"url\":\"https:\\\/\\\/elgarajedefrank.es\\\/wp-content\\\/uploads\\\/2022\\\/04\\\/elvis-retie-2-1076x1614-1.jpg\",\"contentUrl\":\"https:\\\/\\\/elgarajedefrank.es\\\/wp-content\\\/uploads\\\/2022\\\/04\\\/elvis-retie-2-1076x1614-1.jpg\",\"width\":1076,\"height\":1614},{\"@type\":\"BreadcrumbList\",\"@id\":\"https:\\\/\\\/elgarajedefrank.es\\\/fr\\\/interview-aroma-di-amore\\\/#breadcrumb\",\"itemListElement\":[{\"@type\":\"ListItem\",\"position\":1,\"name\":\"Inicio\",\"item\":\"https:\\\/\\\/elgarajedefrank.es\\\/fr\\\/\"},{\"@type\":\"ListItem\",\"position\":2,\"name\":\"Interviews\",\"item\":\"https:\\\/\\\/elgarajedefrank.es\\\/fr\\\/category\\\/interviews-fr\\\/\"},{\"@type\":\"ListItem\",\"position\":3,\"name\":\"Interview : Aroma di Amore\"}]},{\"@type\":\"WebSite\",\"@id\":\"https:\\\/\\\/elgarajedefrank.es\\\/fr\\\/#website\",\"url\":\"https:\\\/\\\/elgarajedefrank.es\\\/fr\\\/\",\"name\":\"El Garaje de Frank\",\"description\":\"Music magazine\",\"publisher\":{\"@id\":\"https:\\\/\\\/elgarajedefrank.es\\\/fr\\\/#\\\/schema\\\/person\\\/d709c9c33f5f405d44c6c9397889ba15\"},\"potentialAction\":[{\"@type\":\"SearchAction\",\"target\":{\"@type\":\"EntryPoint\",\"urlTemplate\":\"https:\\\/\\\/elgarajedefrank.es\\\/fr\\\/?s={search_term_string}\"},\"query-input\":{\"@type\":\"PropertyValueSpecification\",\"valueRequired\":true,\"valueName\":\"search_term_string\"}}],\"inLanguage\":\"fr-FR\"},{\"@type\":[\"Person\",\"Organization\"],\"@id\":\"https:\\\/\\\/elgarajedefrank.es\\\/fr\\\/#\\\/schema\\\/person\\\/d709c9c33f5f405d44c6c9397889ba15\",\"name\":\"Fran\u00e7ois Zappa\",\"image\":{\"@type\":\"ImageObject\",\"inLanguage\":\"fr-FR\",\"@id\":\"https:\\\/\\\/elgarajedefrank.es\\\/wp-content\\\/uploads\\\/2019\\\/10\\\/IMG_8278-150x150.jpg\",\"url\":\"https:\\\/\\\/elgarajedefrank.es\\\/wp-content\\\/uploads\\\/2019\\\/10\\\/IMG_8278-150x150.jpg\",\"contentUrl\":\"https:\\\/\\\/elgarajedefrank.es\\\/wp-content\\\/uploads\\\/2019\\\/10\\\/IMG_8278-150x150.jpg\",\"caption\":\"Fran\u00e7ois Zappa\"},\"logo\":{\"@id\":\"https:\\\/\\\/elgarajedefrank.es\\\/wp-content\\\/uploads\\\/2019\\\/10\\\/IMG_8278-150x150.jpg\"},\"sameAs\":[\"https:\\\/\\\/www.facebook.com\\\/elgarajedefrank\\\/\",\"https:\\\/\\\/www.instagram.com\\\/elgarajedefrank\\\/\"]},{\"@type\":\"Person\",\"@id\":\"https:\\\/\\\/elgarajedefrank.es\\\/fr\\\/#\\\/schema\\\/person\\\/35ec115bc6f8fb3d23238106dc7c1308\",\"name\":\"Violeta\",\"image\":{\"@type\":\"ImageObject\",\"inLanguage\":\"fr-FR\",\"@id\":\"https:\\\/\\\/elgarajedefrank.es\\\/wp-content\\\/uploads\\\/2019\\\/10\\\/IMG_0576-e1570432097945-150x150.jpg\",\"url\":\"https:\\\/\\\/elgarajedefrank.es\\\/wp-content\\\/uploads\\\/2019\\\/10\\\/IMG_0576-e1570432097945-150x150.jpg\",\"contentUrl\":\"https:\\\/\\\/elgarajedefrank.es\\\/wp-content\\\/uploads\\\/2019\\\/10\\\/IMG_0576-e1570432097945-150x150.jpg\",\"caption\":\"Violeta\"}}]}<\/script>\n<!-- \/ Yoast SEO plugin. -->","yoast_head_json":{"title":"Interview : Aroma di Amore &#8212; El Garaje de Frank","description":"Interviews &#8212; Interview avec Aroma di Amore, projet post-punk belge qui jouera au Sinner's Day Summer cette ann\u00e9e.","robots":{"index":"index","follow":"follow","max-snippet":"max-snippet:-1","max-image-preview":"max-image-preview:large","max-video-preview":"max-video-preview:-1"},"canonical":"https:\/\/elgarajedefrank.es\/fr\/interview-aroma-di-amore\/","og_locale":"fr_FR","og_type":"article","og_title":"Interview : Aroma di Amore &#8212; El Garaje de Frank","og_description":"Interviews &#8212; Interview avec Aroma di Amore, projet post-punk belge qui jouera au Sinner's Day Summer cette ann\u00e9e.","og_url":"https:\/\/elgarajedefrank.es\/fr\/interview-aroma-di-amore\/","og_site_name":"El Garaje de Frank","article_publisher":"https:\/\/www.facebook.com\/elgarajedefrank\/","article_published_time":"2022-04-27T14:06:32+00:00","og_image":[{"width":1076,"height":1614,"url":"https:\/\/elgarajedefrank.es\/wp-content\/uploads\/2022\/04\/elvis-retie-2-1076x1614-1.jpg","type":"image\/jpeg"}],"author":"Violeta","twitter_card":"summary_large_image","twitter_misc":{"\u00c9crit par":"Violeta","Dur\u00e9e de lecture estim\u00e9e":"12 minutes"},"schema":{"@context":"https:\/\/schema.org","@graph":[{"@type":"Article","@id":"https:\/\/elgarajedefrank.es\/fr\/interview-aroma-di-amore\/#article","isPartOf":{"@id":"https:\/\/elgarajedefrank.es\/fr\/interview-aroma-di-amore\/"},"author":{"name":"Violeta","@id":"https:\/\/elgarajedefrank.es\/fr\/#\/schema\/person\/35ec115bc6f8fb3d23238106dc7c1308"},"headline":"Interview : Aroma di Amore","datePublished":"2022-04-27T14:06:32+00:00","mainEntityOfPage":{"@id":"https:\/\/elgarajedefrank.es\/fr\/interview-aroma-di-amore\/"},"wordCount":2285,"commentCount":0,"publisher":{"@id":"https:\/\/elgarajedefrank.es\/fr\/#\/schema\/person\/d709c9c33f5f405d44c6c9397889ba15"},"image":{"@id":"https:\/\/elgarajedefrank.es\/fr\/interview-aroma-di-amore\/#primaryimage"},"thumbnailUrl":"https:\/\/elgarajedefrank.es\/wp-content\/uploads\/2022\/04\/elvis-retie-2-1076x1614-1.jpg","keywords":["Post-punk","Rock gothique"],"articleSection":["Interviews"],"inLanguage":"fr-FR","potentialAction":[{"@type":"CommentAction","name":"Comment","target":["https:\/\/elgarajedefrank.es\/fr\/interview-aroma-di-amore\/#respond"]}]},{"@type":"WebPage","@id":"https:\/\/elgarajedefrank.es\/fr\/interview-aroma-di-amore\/","url":"https:\/\/elgarajedefrank.es\/fr\/interview-aroma-di-amore\/","name":"Interview : Aroma di Amore &#8212; El Garaje de Frank","isPartOf":{"@id":"https:\/\/elgarajedefrank.es\/fr\/#website"},"primaryImageOfPage":{"@id":"https:\/\/elgarajedefrank.es\/fr\/interview-aroma-di-amore\/#primaryimage"},"image":{"@id":"https:\/\/elgarajedefrank.es\/fr\/interview-aroma-di-amore\/#primaryimage"},"thumbnailUrl":"https:\/\/elgarajedefrank.es\/wp-content\/uploads\/2022\/04\/elvis-retie-2-1076x1614-1.jpg","datePublished":"2022-04-27T14:06:32+00:00","description":"Interviews &#8212; Interview avec Aroma di Amore, projet post-punk belge qui jouera au Sinner's Day Summer cette ann\u00e9e.","breadcrumb":{"@id":"https:\/\/elgarajedefrank.es\/fr\/interview-aroma-di-amore\/#breadcrumb"},"inLanguage":"fr-FR","potentialAction":[{"@type":"ReadAction","target":["https:\/\/elgarajedefrank.es\/fr\/interview-aroma-di-amore\/"]}]},{"@type":"ImageObject","inLanguage":"fr-FR","@id":"https:\/\/elgarajedefrank.es\/fr\/interview-aroma-di-amore\/#primaryimage","url":"https:\/\/elgarajedefrank.es\/wp-content\/uploads\/2022\/04\/elvis-retie-2-1076x1614-1.jpg","contentUrl":"https:\/\/elgarajedefrank.es\/wp-content\/uploads\/2022\/04\/elvis-retie-2-1076x1614-1.jpg","width":1076,"height":1614},{"@type":"BreadcrumbList","@id":"https:\/\/elgarajedefrank.es\/fr\/interview-aroma-di-amore\/#breadcrumb","itemListElement":[{"@type":"ListItem","position":1,"name":"Inicio","item":"https:\/\/elgarajedefrank.es\/fr\/"},{"@type":"ListItem","position":2,"name":"Interviews","item":"https:\/\/elgarajedefrank.es\/fr\/category\/interviews-fr\/"},{"@type":"ListItem","position":3,"name":"Interview : Aroma di Amore"}]},{"@type":"WebSite","@id":"https:\/\/elgarajedefrank.es\/fr\/#website","url":"https:\/\/elgarajedefrank.es\/fr\/","name":"El Garaje de Frank","description":"Music magazine","publisher":{"@id":"https:\/\/elgarajedefrank.es\/fr\/#\/schema\/person\/d709c9c33f5f405d44c6c9397889ba15"},"potentialAction":[{"@type":"SearchAction","target":{"@type":"EntryPoint","urlTemplate":"https:\/\/elgarajedefrank.es\/fr\/?s={search_term_string}"},"query-input":{"@type":"PropertyValueSpecification","valueRequired":true,"valueName":"search_term_string"}}],"inLanguage":"fr-FR"},{"@type":["Person","Organization"],"@id":"https:\/\/elgarajedefrank.es\/fr\/#\/schema\/person\/d709c9c33f5f405d44c6c9397889ba15","name":"Fran\u00e7ois Zappa","image":{"@type":"ImageObject","inLanguage":"fr-FR","@id":"https:\/\/elgarajedefrank.es\/wp-content\/uploads\/2019\/10\/IMG_8278-150x150.jpg","url":"https:\/\/elgarajedefrank.es\/wp-content\/uploads\/2019\/10\/IMG_8278-150x150.jpg","contentUrl":"https:\/\/elgarajedefrank.es\/wp-content\/uploads\/2019\/10\/IMG_8278-150x150.jpg","caption":"Fran\u00e7ois Zappa"},"logo":{"@id":"https:\/\/elgarajedefrank.es\/wp-content\/uploads\/2019\/10\/IMG_8278-150x150.jpg"},"sameAs":["https:\/\/www.facebook.com\/elgarajedefrank\/","https:\/\/www.instagram.com\/elgarajedefrank\/"]},{"@type":"Person","@id":"https:\/\/elgarajedefrank.es\/fr\/#\/schema\/person\/35ec115bc6f8fb3d23238106dc7c1308","name":"Violeta","image":{"@type":"ImageObject","inLanguage":"fr-FR","@id":"https:\/\/elgarajedefrank.es\/wp-content\/uploads\/2019\/10\/IMG_0576-e1570432097945-150x150.jpg","url":"https:\/\/elgarajedefrank.es\/wp-content\/uploads\/2019\/10\/IMG_0576-e1570432097945-150x150.jpg","contentUrl":"https:\/\/elgarajedefrank.es\/wp-content\/uploads\/2019\/10\/IMG_0576-e1570432097945-150x150.jpg","caption":"Violeta"}}]}},"_links":{"self":[{"href":"https:\/\/elgarajedefrank.es\/fr\/wp-json\/wp\/v2\/posts\/44278","targetHints":{"allow":["GET"]}}],"collection":[{"href":"https:\/\/elgarajedefrank.es\/fr\/wp-json\/wp\/v2\/posts"}],"about":[{"href":"https:\/\/elgarajedefrank.es\/fr\/wp-json\/wp\/v2\/types\/post"}],"author":[{"embeddable":true,"href":"https:\/\/elgarajedefrank.es\/fr\/wp-json\/wp\/v2\/users\/2"}],"replies":[{"embeddable":true,"href":"https:\/\/elgarajedefrank.es\/fr\/wp-json\/wp\/v2\/comments?post=44278"}],"version-history":[{"count":0,"href":"https:\/\/elgarajedefrank.es\/fr\/wp-json\/wp\/v2\/posts\/44278\/revisions"}],"wp:featuredmedia":[{"embeddable":true,"href":"https:\/\/elgarajedefrank.es\/fr\/wp-json\/wp\/v2\/media\/44270"}],"wp:attachment":[{"href":"https:\/\/elgarajedefrank.es\/fr\/wp-json\/wp\/v2\/media?parent=44278"}],"wp:term":[{"taxonomy":"category","embeddable":true,"href":"https:\/\/elgarajedefrank.es\/fr\/wp-json\/wp\/v2\/categories?post=44278"},{"taxonomy":"post_tag","embeddable":true,"href":"https:\/\/elgarajedefrank.es\/fr\/wp-json\/wp\/v2\/tags?post=44278"}],"curies":[{"name":"wp","href":"https:\/\/api.w.org\/{rel}","templated":true}]}}