{"id":40983,"date":"2022-02-11T15:14:59","date_gmt":"2022-02-11T14:14:59","guid":{"rendered":"https:\/\/elgarajedefrank.es\/?p=40983"},"modified":"2022-02-11T15:16:52","modified_gmt":"2022-02-11T14:16:52","slug":"el-garaje-de-frank-presenta-martina%f0%9f%91%bd","status":"publish","type":"post","link":"https:\/\/elgarajedefrank.es\/fr\/el-garaje-de-frank-presenta-martina%f0%9f%91%bd\/","title":{"rendered":"El Garaje de Frank pr\u00e9sente : Martina\ud83d\udc7d"},"content":{"rendered":"\t\t<div data-elementor-type=\"wp-post\" data-elementor-id=\"40983\" class=\"elementor elementor-40983\" data-elementor-post-type=\"post\">\n\t\t\t\t\t\t<section class=\"penci-section penci-disSticky penci-structure-10 elementor-section elementor-top-section elementor-element elementor-element-7dd3f39b elementor-section-boxed elementor-section-height-default elementor-section-height-default\" data-id=\"7dd3f39b\" data-element_type=\"section\" data-e-type=\"section\">\n\t\t\t\t\t\t<div class=\"elementor-container elementor-column-gap-default\">\n\t\t\t\t\t<div class=\"penci-ercol-100 penci-ercol-order-1 penci-sticky-ct    elementor-column elementor-col-100 elementor-top-column elementor-element elementor-element-634be022\" data-id=\"634be022\" data-element_type=\"column\" data-e-type=\"column\">\n\t\t\t<div class=\"elementor-widget-wrap elementor-element-populated\">\n\t\t\t\t\t\t<div class=\"elementor-element elementor-element-21291115 elementor-widget elementor-widget-text-editor\" data-id=\"21291115\" data-element_type=\"widget\" data-e-type=\"widget\" data-widget_type=\"text-editor.default\">\n\t\t\t\t<div class=\"elementor-widget-container\">\n\t\t\t\t\t\t\t\t\t<p><span style=\"font-family: georgia, palatino, serif; font-size: 12pt; color: #000000;\">N\u00e9e au d\u00e9but des ann\u00e9es 80, Martina a commenc\u00e9 tr\u00e8s t\u00f4t \u00e0 montrer une pr\u00e9f\u00e9rence inhabituelle pour les sons dark et abrupts de groupes tels que <strong>Sisters of Merc<\/strong>y, <strong>Front<\/strong>\u00a0<strong>242<\/strong>, <strong>DAF, Nitzer Ebb<\/strong> ou <strong>And<\/strong> <strong>One<\/strong>, des influences motiv\u00e9es par la musique jou\u00e9e dans les salles l\u00e9gendaires de Madrid comme le bar Elanuet 80s ou le l\u00e9gendaire Specka Club, ce qui l&#8217;a amen\u00e9e \u00e0 se plonger dans le post-punk, la darkwave ou l&#8217;EBM, des genres qui allaient jeter les bases de son identit\u00e9 en tant que selector. Dans ses sessions, d\u00e9finies par un instinct naturel pour \u00e9tablir des synergies insondables entre diff\u00e9rents styles, on trouve de l&#8217;\u00e9lectro, de la techno et de l&#8217;EBM, actuelle et ancienne ; des genres avec lesquels elle fa\u00e7onne un paysage sonore unique, personnel et absolument impr\u00e9visible.<\/span><\/p>\t\t\t\t\t\t\t\t<\/div>\n\t\t\t\t<\/div>\n\t\t\t\t\t<\/div>\n\t\t<\/div>\n\t\t\t\t\t<\/div>\n\t\t<\/section>\n\t\t\t\t<section class=\"penci-section penci-disSticky penci-structure-10 elementor-section elementor-top-section elementor-element elementor-element-149fd2f elementor-section-boxed elementor-section-height-default elementor-section-height-default\" data-id=\"149fd2f\" data-element_type=\"section\" data-e-type=\"section\">\n\t\t\t\t\t\t<div class=\"elementor-container elementor-column-gap-default\">\n\t\t\t\t\t<div class=\"penci-ercol-100 penci-ercol-order-1 penci-sticky-ct    elementor-column elementor-col-100 elementor-top-column elementor-element elementor-element-85e4198\" data-id=\"85e4198\" data-element_type=\"column\" data-e-type=\"column\">\n\t\t\t<div class=\"elementor-widget-wrap elementor-element-populated\">\n\t\t\t\t\t\t<div class=\"elementor-element elementor-element-4313193 elementor-widget elementor-widget-shortcode\" data-id=\"4313193\" data-element_type=\"widget\" data-e-type=\"widget\" data-widget_type=\"shortcode.default\">\n\t\t\t\t<div class=\"elementor-widget-container\">\n\t\t\t\t\t\t\t<div class=\"elementor-shortcode\"><iframe width=\"100%\" height=\"166\" scrolling=\"no\" frameborder=\"no\" allow=\"autoplay\" src=\"https:\/\/w.soundcloud.com\/player\/?url=https%3A\/\/api.soundcloud.com\/tracks\/1212227071%3Fsecret_token%3Ds-yt0jBZILmrE&color=%23ff5500&auto_play=false&hide_related=false&show_comments=true&show_user=true&show_reposts=false&show_teaser=true\"><\/iframe><div style=\"font-size: 10px; color: #cccccc;line-break: anywhere;word-break: normal;overflow: hidden;white-space: nowrap;text-overflow: ellipsis; font-family: Interstate,Lucida Grande,Lucida Sans Unicode,Lucida Sans,Garuda,Verdana,Tahoma,sans-serif;font-weight: 100;\"><a href=\"https:\/\/soundcloud.com\/violeta_elgarajedefrank\" title=\"El Garaje de Frank\" target=\"_blank\" style=\"color: #cccccc; text-decoration: none;\">El Garaje de Frank<\/a> \u00b7 <a href=\"https:\/\/soundcloud.com\/violeta_elgarajedefrank\/el-garaje-de-frank-presents-the-change-by-martina\/s-yt0jBZILmrE\" title=\"El Garaje de Frank presents: The Change, by Martina\ud83d\udc7d\" target=\"_blank\" style=\"color: #cccccc; text-decoration: none;\">El Garaje de Frank presents: The Change, by Martina\ud83d\udc7d<\/a><\/div><\/div>\n\t\t\t\t\t\t<\/div>\n\t\t\t\t<\/div>\n\t\t\t\t\t<\/div>\n\t\t<\/div>\n\t\t\t\t\t<\/div>\n\t\t<\/section>\n\t\t\t\t<\/div>\n\t\t","protected":false},"excerpt":{"rendered":"<p>N\u00e9e au d\u00e9but des ann\u00e9es 80, Martina a commenc\u00e9 tr\u00e8s t\u00f4t \u00e0 montrer une pr\u00e9f\u00e9rence&hellip;<\/p>\n","protected":false},"author":2,"featured_media":40987,"comment_status":"open","ping_status":"open","sticky":false,"template":"","format":"standard","meta":{"_lmt_disableupdate":"","_lmt_disable":"","footnotes":""},"categories":[673],"tags":[320,603],"class_list":["post-40983","post","type-post","status-publish","format-standard","has-post-thumbnail","hentry","category-mixes-fr","tag-ebm-2-fr","tag-electro-fr"],"yoast_head":"<!-- This site is optimized with the Yoast SEO plugin v27.4 - https:\/\/yoast.com\/product\/yoast-seo-wordpress\/ -->\n<title>El Garaje de Frank pr\u00e9sente : Martina\ud83d\udc7d &#8212; El Garaje de Frank<\/title>\n<meta name=\"description\" content=\"Mixes &#8212; Session exclusive d&#039;EBM et d&#039;electro de Martina.\" \/>\n<meta name=\"robots\" content=\"index, follow, max-snippet:-1, max-image-preview:large, max-video-preview:-1\" \/>\n<link rel=\"canonical\" href=\"https:\/\/elgarajedefrank.es\/fr\/el-garaje-de-frank-presenta-martina%f0%9f%91%bd\/\" \/>\n<meta property=\"og:locale\" content=\"fr_FR\" \/>\n<meta property=\"og:type\" content=\"article\" \/>\n<meta property=\"og:title\" content=\"El Garaje de Frank pr\u00e9sente : Martina\ud83d\udc7d &#8212; El Garaje de Frank\" \/>\n<meta property=\"og:description\" content=\"Mixes &#8212; Session exclusive d&#039;EBM et d&#039;electro de Martina.\" \/>\n<meta property=\"og:url\" content=\"https:\/\/elgarajedefrank.es\/fr\/el-garaje-de-frank-presenta-martina%f0%9f%91%bd\/\" \/>\n<meta property=\"og:site_name\" content=\"El Garaje de Frank\" \/>\n<meta property=\"article:publisher\" content=\"https:\/\/www.facebook.com\/elgarajedefrank\/\" \/>\n<meta property=\"article:published_time\" content=\"2022-02-11T14:14:59+00:00\" \/>\n<meta property=\"article:modified_time\" content=\"2022-02-11T14:16:52+00:00\" \/>\n<meta property=\"og:image\" content=\"https:\/\/elgarajedefrank.es\/wp-content\/uploads\/2022\/02\/070BB997-44FE-43FF-B188-AC9F70D3DA9B.jpg\" \/>\n\t<meta property=\"og:image:width\" content=\"750\" \/>\n\t<meta property=\"og:image:height\" content=\"938\" \/>\n\t<meta property=\"og:image:type\" content=\"image\/jpeg\" \/>\n<meta name=\"author\" content=\"Violeta\" \/>\n<meta name=\"twitter:card\" content=\"summary_large_image\" \/>\n<meta name=\"twitter:label1\" content=\"\u00c9crit par\" \/>\n\t<meta name=\"twitter:data1\" content=\"Violeta\" \/>\n\t<meta name=\"twitter:label2\" content=\"Dur\u00e9e de lecture estim\u00e9e\" \/>\n\t<meta name=\"twitter:data2\" content=\"1 minute\" \/>\n<script type=\"application\/ld+json\" class=\"yoast-schema-graph\">{\"@context\":\"https:\\\/\\\/schema.org\",\"@graph\":[{\"@type\":\"Article\",\"@id\":\"https:\\\/\\\/elgarajedefrank.es\\\/fr\\\/el-garaje-de-frank-presenta-martina%f0%9f%91%bd\\\/#article\",\"isPartOf\":{\"@id\":\"https:\\\/\\\/elgarajedefrank.es\\\/fr\\\/el-garaje-de-frank-presenta-martina%f0%9f%91%bd\\\/\"},\"author\":{\"name\":\"Violeta\",\"@id\":\"https:\\\/\\\/elgarajedefrank.es\\\/fr\\\/#\\\/schema\\\/person\\\/35ec115bc6f8fb3d23238106dc7c1308\"},\"headline\":\"El Garaje de Frank pr\u00e9sente : Martina\ud83d\udc7d\",\"datePublished\":\"2022-02-11T14:14:59+00:00\",\"dateModified\":\"2022-02-11T14:16:52+00:00\",\"mainEntityOfPage\":{\"@id\":\"https:\\\/\\\/elgarajedefrank.es\\\/fr\\\/el-garaje-de-frank-presenta-martina%f0%9f%91%bd\\\/\"},\"wordCount\":167,\"commentCount\":0,\"publisher\":{\"@id\":\"https:\\\/\\\/elgarajedefrank.es\\\/fr\\\/#\\\/schema\\\/person\\\/d709c9c33f5f405d44c6c9397889ba15\"},\"image\":{\"@id\":\"https:\\\/\\\/elgarajedefrank.es\\\/fr\\\/el-garaje-de-frank-presenta-martina%f0%9f%91%bd\\\/#primaryimage\"},\"thumbnailUrl\":\"https:\\\/\\\/elgarajedefrank.es\\\/wp-content\\\/uploads\\\/2022\\\/02\\\/070BB997-44FE-43FF-B188-AC9F70D3DA9B.jpg\",\"keywords\":[\"EBM\",\"Electro\"],\"articleSection\":[\"Mixes\"],\"inLanguage\":\"fr-FR\",\"potentialAction\":[{\"@type\":\"CommentAction\",\"name\":\"Comment\",\"target\":[\"https:\\\/\\\/elgarajedefrank.es\\\/fr\\\/el-garaje-de-frank-presenta-martina%f0%9f%91%bd\\\/#respond\"]}]},{\"@type\":\"WebPage\",\"@id\":\"https:\\\/\\\/elgarajedefrank.es\\\/fr\\\/el-garaje-de-frank-presenta-martina%f0%9f%91%bd\\\/\",\"url\":\"https:\\\/\\\/elgarajedefrank.es\\\/fr\\\/el-garaje-de-frank-presenta-martina%f0%9f%91%bd\\\/\",\"name\":\"El Garaje de Frank pr\u00e9sente : Martina\ud83d\udc7d &#8212; El Garaje de Frank\",\"isPartOf\":{\"@id\":\"https:\\\/\\\/elgarajedefrank.es\\\/fr\\\/#website\"},\"primaryImageOfPage\":{\"@id\":\"https:\\\/\\\/elgarajedefrank.es\\\/fr\\\/el-garaje-de-frank-presenta-martina%f0%9f%91%bd\\\/#primaryimage\"},\"image\":{\"@id\":\"https:\\\/\\\/elgarajedefrank.es\\\/fr\\\/el-garaje-de-frank-presenta-martina%f0%9f%91%bd\\\/#primaryimage\"},\"thumbnailUrl\":\"https:\\\/\\\/elgarajedefrank.es\\\/wp-content\\\/uploads\\\/2022\\\/02\\\/070BB997-44FE-43FF-B188-AC9F70D3DA9B.jpg\",\"datePublished\":\"2022-02-11T14:14:59+00:00\",\"dateModified\":\"2022-02-11T14:16:52+00:00\",\"description\":\"Mixes &#8212; Session exclusive d'EBM et d'electro de Martina.\",\"breadcrumb\":{\"@id\":\"https:\\\/\\\/elgarajedefrank.es\\\/fr\\\/el-garaje-de-frank-presenta-martina%f0%9f%91%bd\\\/#breadcrumb\"},\"inLanguage\":\"fr-FR\",\"potentialAction\":[{\"@type\":\"ReadAction\",\"target\":[\"https:\\\/\\\/elgarajedefrank.es\\\/fr\\\/el-garaje-de-frank-presenta-martina%f0%9f%91%bd\\\/\"]}]},{\"@type\":\"ImageObject\",\"inLanguage\":\"fr-FR\",\"@id\":\"https:\\\/\\\/elgarajedefrank.es\\\/fr\\\/el-garaje-de-frank-presenta-martina%f0%9f%91%bd\\\/#primaryimage\",\"url\":\"https:\\\/\\\/elgarajedefrank.es\\\/wp-content\\\/uploads\\\/2022\\\/02\\\/070BB997-44FE-43FF-B188-AC9F70D3DA9B.jpg\",\"contentUrl\":\"https:\\\/\\\/elgarajedefrank.es\\\/wp-content\\\/uploads\\\/2022\\\/02\\\/070BB997-44FE-43FF-B188-AC9F70D3DA9B.jpg\",\"width\":750,\"height\":938},{\"@type\":\"BreadcrumbList\",\"@id\":\"https:\\\/\\\/elgarajedefrank.es\\\/fr\\\/el-garaje-de-frank-presenta-martina%f0%9f%91%bd\\\/#breadcrumb\",\"itemListElement\":[{\"@type\":\"ListItem\",\"position\":1,\"name\":\"Inicio\",\"item\":\"https:\\\/\\\/elgarajedefrank.es\\\/fr\\\/\"},{\"@type\":\"ListItem\",\"position\":2,\"name\":\"Mixes\",\"item\":\"https:\\\/\\\/elgarajedefrank.es\\\/fr\\\/category\\\/mixes-fr\\\/\"},{\"@type\":\"ListItem\",\"position\":3,\"name\":\"El Garaje de Frank pr\u00e9sente : Martina\ud83d\udc7d\"}]},{\"@type\":\"WebSite\",\"@id\":\"https:\\\/\\\/elgarajedefrank.es\\\/fr\\\/#website\",\"url\":\"https:\\\/\\\/elgarajedefrank.es\\\/fr\\\/\",\"name\":\"El Garaje de Frank\",\"description\":\"Music magazine\",\"publisher\":{\"@id\":\"https:\\\/\\\/elgarajedefrank.es\\\/fr\\\/#\\\/schema\\\/person\\\/d709c9c33f5f405d44c6c9397889ba15\"},\"potentialAction\":[{\"@type\":\"SearchAction\",\"target\":{\"@type\":\"EntryPoint\",\"urlTemplate\":\"https:\\\/\\\/elgarajedefrank.es\\\/fr\\\/?s={search_term_string}\"},\"query-input\":{\"@type\":\"PropertyValueSpecification\",\"valueRequired\":true,\"valueName\":\"search_term_string\"}}],\"inLanguage\":\"fr-FR\"},{\"@type\":[\"Person\",\"Organization\"],\"@id\":\"https:\\\/\\\/elgarajedefrank.es\\\/fr\\\/#\\\/schema\\\/person\\\/d709c9c33f5f405d44c6c9397889ba15\",\"name\":\"Fran\u00e7ois Zappa\",\"image\":{\"@type\":\"ImageObject\",\"inLanguage\":\"fr-FR\",\"@id\":\"https:\\\/\\\/elgarajedefrank.es\\\/wp-content\\\/uploads\\\/2019\\\/10\\\/IMG_8278-150x150.jpg\",\"url\":\"https:\\\/\\\/elgarajedefrank.es\\\/wp-content\\\/uploads\\\/2019\\\/10\\\/IMG_8278-150x150.jpg\",\"contentUrl\":\"https:\\\/\\\/elgarajedefrank.es\\\/wp-content\\\/uploads\\\/2019\\\/10\\\/IMG_8278-150x150.jpg\",\"caption\":\"Fran\u00e7ois Zappa\"},\"logo\":{\"@id\":\"https:\\\/\\\/elgarajedefrank.es\\\/wp-content\\\/uploads\\\/2019\\\/10\\\/IMG_8278-150x150.jpg\"},\"sameAs\":[\"https:\\\/\\\/www.facebook.com\\\/elgarajedefrank\\\/\",\"https:\\\/\\\/www.instagram.com\\\/elgarajedefrank\\\/\"]},{\"@type\":\"Person\",\"@id\":\"https:\\\/\\\/elgarajedefrank.es\\\/fr\\\/#\\\/schema\\\/person\\\/35ec115bc6f8fb3d23238106dc7c1308\",\"name\":\"Violeta\",\"image\":{\"@type\":\"ImageObject\",\"inLanguage\":\"fr-FR\",\"@id\":\"https:\\\/\\\/elgarajedefrank.es\\\/wp-content\\\/uploads\\\/2019\\\/10\\\/IMG_0576-e1570432097945-150x150.jpg\",\"url\":\"https:\\\/\\\/elgarajedefrank.es\\\/wp-content\\\/uploads\\\/2019\\\/10\\\/IMG_0576-e1570432097945-150x150.jpg\",\"contentUrl\":\"https:\\\/\\\/elgarajedefrank.es\\\/wp-content\\\/uploads\\\/2019\\\/10\\\/IMG_0576-e1570432097945-150x150.jpg\",\"caption\":\"Violeta\"}}]}<\/script>\n<!-- \/ Yoast SEO plugin. -->","yoast_head_json":{"title":"El Garaje de Frank pr\u00e9sente : Martina\ud83d\udc7d &#8212; El Garaje de Frank","description":"Mixes &#8212; Session exclusive d'EBM et d'electro de Martina.","robots":{"index":"index","follow":"follow","max-snippet":"max-snippet:-1","max-image-preview":"max-image-preview:large","max-video-preview":"max-video-preview:-1"},"canonical":"https:\/\/elgarajedefrank.es\/fr\/el-garaje-de-frank-presenta-martina%f0%9f%91%bd\/","og_locale":"fr_FR","og_type":"article","og_title":"El Garaje de Frank pr\u00e9sente : Martina\ud83d\udc7d &#8212; El Garaje de Frank","og_description":"Mixes &#8212; Session exclusive d'EBM et d'electro de Martina.","og_url":"https:\/\/elgarajedefrank.es\/fr\/el-garaje-de-frank-presenta-martina%f0%9f%91%bd\/","og_site_name":"El Garaje de Frank","article_publisher":"https:\/\/www.facebook.com\/elgarajedefrank\/","article_published_time":"2022-02-11T14:14:59+00:00","article_modified_time":"2022-02-11T14:16:52+00:00","og_image":[{"width":750,"height":938,"url":"https:\/\/elgarajedefrank.es\/wp-content\/uploads\/2022\/02\/070BB997-44FE-43FF-B188-AC9F70D3DA9B.jpg","type":"image\/jpeg"}],"author":"Violeta","twitter_card":"summary_large_image","twitter_misc":{"\u00c9crit par":"Violeta","Dur\u00e9e de lecture estim\u00e9e":"1 minute"},"schema":{"@context":"https:\/\/schema.org","@graph":[{"@type":"Article","@id":"https:\/\/elgarajedefrank.es\/fr\/el-garaje-de-frank-presenta-martina%f0%9f%91%bd\/#article","isPartOf":{"@id":"https:\/\/elgarajedefrank.es\/fr\/el-garaje-de-frank-presenta-martina%f0%9f%91%bd\/"},"author":{"name":"Violeta","@id":"https:\/\/elgarajedefrank.es\/fr\/#\/schema\/person\/35ec115bc6f8fb3d23238106dc7c1308"},"headline":"El Garaje de Frank pr\u00e9sente : Martina\ud83d\udc7d","datePublished":"2022-02-11T14:14:59+00:00","dateModified":"2022-02-11T14:16:52+00:00","mainEntityOfPage":{"@id":"https:\/\/elgarajedefrank.es\/fr\/el-garaje-de-frank-presenta-martina%f0%9f%91%bd\/"},"wordCount":167,"commentCount":0,"publisher":{"@id":"https:\/\/elgarajedefrank.es\/fr\/#\/schema\/person\/d709c9c33f5f405d44c6c9397889ba15"},"image":{"@id":"https:\/\/elgarajedefrank.es\/fr\/el-garaje-de-frank-presenta-martina%f0%9f%91%bd\/#primaryimage"},"thumbnailUrl":"https:\/\/elgarajedefrank.es\/wp-content\/uploads\/2022\/02\/070BB997-44FE-43FF-B188-AC9F70D3DA9B.jpg","keywords":["EBM","Electro"],"articleSection":["Mixes"],"inLanguage":"fr-FR","potentialAction":[{"@type":"CommentAction","name":"Comment","target":["https:\/\/elgarajedefrank.es\/fr\/el-garaje-de-frank-presenta-martina%f0%9f%91%bd\/#respond"]}]},{"@type":"WebPage","@id":"https:\/\/elgarajedefrank.es\/fr\/el-garaje-de-frank-presenta-martina%f0%9f%91%bd\/","url":"https:\/\/elgarajedefrank.es\/fr\/el-garaje-de-frank-presenta-martina%f0%9f%91%bd\/","name":"El Garaje de Frank pr\u00e9sente : Martina\ud83d\udc7d &#8212; El Garaje de Frank","isPartOf":{"@id":"https:\/\/elgarajedefrank.es\/fr\/#website"},"primaryImageOfPage":{"@id":"https:\/\/elgarajedefrank.es\/fr\/el-garaje-de-frank-presenta-martina%f0%9f%91%bd\/#primaryimage"},"image":{"@id":"https:\/\/elgarajedefrank.es\/fr\/el-garaje-de-frank-presenta-martina%f0%9f%91%bd\/#primaryimage"},"thumbnailUrl":"https:\/\/elgarajedefrank.es\/wp-content\/uploads\/2022\/02\/070BB997-44FE-43FF-B188-AC9F70D3DA9B.jpg","datePublished":"2022-02-11T14:14:59+00:00","dateModified":"2022-02-11T14:16:52+00:00","description":"Mixes &#8212; Session exclusive d'EBM et d'electro de Martina.","breadcrumb":{"@id":"https:\/\/elgarajedefrank.es\/fr\/el-garaje-de-frank-presenta-martina%f0%9f%91%bd\/#breadcrumb"},"inLanguage":"fr-FR","potentialAction":[{"@type":"ReadAction","target":["https:\/\/elgarajedefrank.es\/fr\/el-garaje-de-frank-presenta-martina%f0%9f%91%bd\/"]}]},{"@type":"ImageObject","inLanguage":"fr-FR","@id":"https:\/\/elgarajedefrank.es\/fr\/el-garaje-de-frank-presenta-martina%f0%9f%91%bd\/#primaryimage","url":"https:\/\/elgarajedefrank.es\/wp-content\/uploads\/2022\/02\/070BB997-44FE-43FF-B188-AC9F70D3DA9B.jpg","contentUrl":"https:\/\/elgarajedefrank.es\/wp-content\/uploads\/2022\/02\/070BB997-44FE-43FF-B188-AC9F70D3DA9B.jpg","width":750,"height":938},{"@type":"BreadcrumbList","@id":"https:\/\/elgarajedefrank.es\/fr\/el-garaje-de-frank-presenta-martina%f0%9f%91%bd\/#breadcrumb","itemListElement":[{"@type":"ListItem","position":1,"name":"Inicio","item":"https:\/\/elgarajedefrank.es\/fr\/"},{"@type":"ListItem","position":2,"name":"Mixes","item":"https:\/\/elgarajedefrank.es\/fr\/category\/mixes-fr\/"},{"@type":"ListItem","position":3,"name":"El Garaje de Frank pr\u00e9sente : Martina\ud83d\udc7d"}]},{"@type":"WebSite","@id":"https:\/\/elgarajedefrank.es\/fr\/#website","url":"https:\/\/elgarajedefrank.es\/fr\/","name":"El Garaje de Frank","description":"Music magazine","publisher":{"@id":"https:\/\/elgarajedefrank.es\/fr\/#\/schema\/person\/d709c9c33f5f405d44c6c9397889ba15"},"potentialAction":[{"@type":"SearchAction","target":{"@type":"EntryPoint","urlTemplate":"https:\/\/elgarajedefrank.es\/fr\/?s={search_term_string}"},"query-input":{"@type":"PropertyValueSpecification","valueRequired":true,"valueName":"search_term_string"}}],"inLanguage":"fr-FR"},{"@type":["Person","Organization"],"@id":"https:\/\/elgarajedefrank.es\/fr\/#\/schema\/person\/d709c9c33f5f405d44c6c9397889ba15","name":"Fran\u00e7ois Zappa","image":{"@type":"ImageObject","inLanguage":"fr-FR","@id":"https:\/\/elgarajedefrank.es\/wp-content\/uploads\/2019\/10\/IMG_8278-150x150.jpg","url":"https:\/\/elgarajedefrank.es\/wp-content\/uploads\/2019\/10\/IMG_8278-150x150.jpg","contentUrl":"https:\/\/elgarajedefrank.es\/wp-content\/uploads\/2019\/10\/IMG_8278-150x150.jpg","caption":"Fran\u00e7ois Zappa"},"logo":{"@id":"https:\/\/elgarajedefrank.es\/wp-content\/uploads\/2019\/10\/IMG_8278-150x150.jpg"},"sameAs":["https:\/\/www.facebook.com\/elgarajedefrank\/","https:\/\/www.instagram.com\/elgarajedefrank\/"]},{"@type":"Person","@id":"https:\/\/elgarajedefrank.es\/fr\/#\/schema\/person\/35ec115bc6f8fb3d23238106dc7c1308","name":"Violeta","image":{"@type":"ImageObject","inLanguage":"fr-FR","@id":"https:\/\/elgarajedefrank.es\/wp-content\/uploads\/2019\/10\/IMG_0576-e1570432097945-150x150.jpg","url":"https:\/\/elgarajedefrank.es\/wp-content\/uploads\/2019\/10\/IMG_0576-e1570432097945-150x150.jpg","contentUrl":"https:\/\/elgarajedefrank.es\/wp-content\/uploads\/2019\/10\/IMG_0576-e1570432097945-150x150.jpg","caption":"Violeta"}}]}},"_links":{"self":[{"href":"https:\/\/elgarajedefrank.es\/fr\/wp-json\/wp\/v2\/posts\/40983","targetHints":{"allow":["GET"]}}],"collection":[{"href":"https:\/\/elgarajedefrank.es\/fr\/wp-json\/wp\/v2\/posts"}],"about":[{"href":"https:\/\/elgarajedefrank.es\/fr\/wp-json\/wp\/v2\/types\/post"}],"author":[{"embeddable":true,"href":"https:\/\/elgarajedefrank.es\/fr\/wp-json\/wp\/v2\/users\/2"}],"replies":[{"embeddable":true,"href":"https:\/\/elgarajedefrank.es\/fr\/wp-json\/wp\/v2\/comments?post=40983"}],"version-history":[{"count":0,"href":"https:\/\/elgarajedefrank.es\/fr\/wp-json\/wp\/v2\/posts\/40983\/revisions"}],"wp:featuredmedia":[{"embeddable":true,"href":"https:\/\/elgarajedefrank.es\/fr\/wp-json\/wp\/v2\/media\/40987"}],"wp:attachment":[{"href":"https:\/\/elgarajedefrank.es\/fr\/wp-json\/wp\/v2\/media?parent=40983"}],"wp:term":[{"taxonomy":"category","embeddable":true,"href":"https:\/\/elgarajedefrank.es\/fr\/wp-json\/wp\/v2\/categories?post=40983"},{"taxonomy":"post_tag","embeddable":true,"href":"https:\/\/elgarajedefrank.es\/fr\/wp-json\/wp\/v2\/tags?post=40983"}],"curies":[{"name":"wp","href":"https:\/\/api.w.org\/{rel}","templated":true}]}}