{"id":40814,"date":"2022-02-06T15:10:58","date_gmt":"2022-02-06T14:10:58","guid":{"rendered":"https:\/\/elgarajedefrank.es\/?p=40814"},"modified":"2022-02-06T15:13:20","modified_gmt":"2022-02-06T14:13:20","slug":"dark-winter-liege-festival-2022","status":"publish","type":"post","link":"https:\/\/elgarajedefrank.es\/fr\/dark-winter-liege-festival-2022\/","title":{"rendered":"Dark Winter Li\u00e8ge Festival 2022"},"content":{"rendered":"\t\t<div data-elementor-type=\"wp-post\" data-elementor-id=\"40814\" class=\"elementor elementor-40814\" data-elementor-post-type=\"post\">\n\t\t\t\t\t\t<section class=\"penci-section penci-disSticky penci-structure-10 elementor-section elementor-top-section elementor-element elementor-element-facd93a elementor-section-boxed elementor-section-height-default elementor-section-height-default\" data-id=\"facd93a\" data-element_type=\"section\" data-e-type=\"section\">\n\t\t\t\t\t\t<div class=\"elementor-container elementor-column-gap-default\">\n\t\t\t\t\t<div class=\"penci-ercol-100 penci-ercol-order-1 penci-sticky-ct    elementor-column elementor-col-100 elementor-top-column elementor-element elementor-element-c8c1468\" data-id=\"c8c1468\" data-element_type=\"column\" data-e-type=\"column\">\n\t\t\t<div class=\"elementor-widget-wrap elementor-element-populated\">\n\t\t\t\t\t\t<div class=\"elementor-element elementor-element-d5ba619 elementor-widget elementor-widget-penci-image-gallery\" data-id=\"d5ba619\" data-element_type=\"widget\" data-e-type=\"widget\" data-widget_type=\"penci-image-gallery.default\">\n\t\t\t\t<div class=\"elementor-widget-container\">\n\t\t\t\t\t        <div data-sliderid=\"43840\" id=\"penci-image_gallery_43840\"\n             class=\"penci-block-vc penci-image-gallery penci-image-gallery-single-slider\">\n\t\t\t            <div class=\"penci-block_content \">\n\t\t\t\t<div class=\"penci-post-gallery-container single-slider column-\" data-height=\"150\" data-margin=\"3\"><div class=\"penci-owl-carousel swiper penci-owl-carousel-slider penci-nav-visible\" data-dots=\"false\" data-nav=\"true\" data-seffect=\"creative\" data-auto=\"true\" data-autotime=\"4000\" data-speed=\"600\" data-loop=\"true\"><div class=\"swiper-wrapper\"><figure class=\"swiper-slide\"><a class=\"penci-gallery-ite item-gallery-single-slider item-link-relative\" href=\"https:\/\/elgarajedefrank.es\/wp-content\/uploads\/2022\/02\/6S1A9034-scaled.jpg\" data-rel=\"penci-gallery-image-content\" data-idwrap=\"penci-image_gallery_43840\"><span class=\"penci-isotope-padding\" style=\"padding-bottom:65.38461538%;\"><\/span><img decoding=\"async\" src=\"https:\/\/elgarajedefrank.es\/wp-content\/uploads\/2022\/02\/6S1A9034-1170x765.jpg\" alt=\"\" title=\"6S1A9034\"><\/a><\/figure><figure class=\"swiper-slide\"><a class=\"penci-gallery-ite item-gallery-single-slider item-link-relative\" href=\"https:\/\/elgarajedefrank.es\/wp-content\/uploads\/2022\/02\/6S1A9137-scaled.jpg\" data-rel=\"penci-gallery-image-content\" data-idwrap=\"penci-image_gallery_43840\"><span class=\"penci-isotope-padding\" style=\"padding-bottom:66.66666667%;\"><\/span><img decoding=\"async\" src=\"https:\/\/elgarajedefrank.es\/wp-content\/uploads\/2022\/02\/6S1A9137-1170x780.jpg\" alt=\"\" title=\"6S1A9137\"><\/a><\/figure><figure class=\"swiper-slide\"><a class=\"penci-gallery-ite item-gallery-single-slider item-link-relative\" href=\"https:\/\/elgarajedefrank.es\/wp-content\/uploads\/2022\/02\/6S1A8572-scaled.jpg\" data-rel=\"penci-gallery-image-content\" data-idwrap=\"penci-image_gallery_43840\"><span class=\"penci-isotope-padding\" style=\"padding-bottom:150.00000000%;\"><\/span><img decoding=\"async\" src=\"https:\/\/elgarajedefrank.es\/wp-content\/uploads\/2022\/02\/6S1A8572-1170x1755.jpg\" alt=\"\" title=\"6S1A8572\"><\/a><\/figure><figure class=\"swiper-slide\"><a class=\"penci-gallery-ite item-gallery-single-slider item-link-relative\" href=\"https:\/\/elgarajedefrank.es\/wp-content\/uploads\/2022\/02\/6S1A8607-scaled.jpg\" data-rel=\"penci-gallery-image-content\" data-idwrap=\"penci-image_gallery_43840\"><span class=\"penci-isotope-padding\" style=\"padding-bottom:51.19658120%;\"><\/span><img decoding=\"async\" src=\"https:\/\/elgarajedefrank.es\/wp-content\/uploads\/2022\/02\/6S1A8607-1170x599.jpg\" alt=\"\" title=\"6S1A8607\"><\/a><\/figure><figure class=\"swiper-slide\"><a class=\"penci-gallery-ite item-gallery-single-slider item-link-relative\" href=\"https:\/\/elgarajedefrank.es\/wp-content\/uploads\/2022\/02\/6S1A8614-scaled.jpg\" data-rel=\"penci-gallery-image-content\" data-idwrap=\"penci-image_gallery_43840\"><span class=\"penci-isotope-padding\" style=\"padding-bottom:105.64102564%;\"><\/span><img decoding=\"async\" src=\"https:\/\/elgarajedefrank.es\/wp-content\/uploads\/2022\/02\/6S1A8614-1170x1236.jpg\" alt=\"\" title=\"6S1A8614\"><\/a><\/figure><figure class=\"swiper-slide\"><a class=\"penci-gallery-ite item-gallery-single-slider item-link-relative\" href=\"https:\/\/elgarajedefrank.es\/wp-content\/uploads\/2022\/02\/6S1A8679-scaled.jpg\" data-rel=\"penci-gallery-image-content\" data-idwrap=\"penci-image_gallery_43840\"><span class=\"penci-isotope-padding\" style=\"padding-bottom:111.45299145%;\"><\/span><img decoding=\"async\" src=\"https:\/\/elgarajedefrank.es\/wp-content\/uploads\/2022\/02\/6S1A8679-1170x1304.jpg\" alt=\"\" title=\"6S1A8679\"><\/a><\/figure><figure class=\"swiper-slide\"><a class=\"penci-gallery-ite item-gallery-single-slider item-link-relative\" href=\"https:\/\/elgarajedefrank.es\/wp-content\/uploads\/2022\/02\/6S1A8684-scaled.jpg\" data-rel=\"penci-gallery-image-content\" data-idwrap=\"penci-image_gallery_43840\"><span class=\"penci-isotope-padding\" style=\"padding-bottom:150.00000000%;\"><\/span><img decoding=\"async\" src=\"https:\/\/elgarajedefrank.es\/wp-content\/uploads\/2022\/02\/6S1A8684-1170x1755.jpg\" alt=\"\" title=\"6S1A8684\"><\/a><\/figure><figure class=\"swiper-slide\"><a class=\"penci-gallery-ite item-gallery-single-slider item-link-relative\" href=\"https:\/\/elgarajedefrank.es\/wp-content\/uploads\/2022\/02\/6S1A8691-scaled.jpg\" data-rel=\"penci-gallery-image-content\" data-idwrap=\"penci-image_gallery_43840\"><span class=\"penci-isotope-padding\" style=\"padding-bottom:68.11965812%;\"><\/span><img decoding=\"async\" src=\"https:\/\/elgarajedefrank.es\/wp-content\/uploads\/2022\/02\/6S1A8691-1170x797.jpg\" alt=\"\" title=\"6S1A8691\"><\/a><\/figure><figure class=\"swiper-slide\"><a class=\"penci-gallery-ite item-gallery-single-slider item-link-relative\" href=\"https:\/\/elgarajedefrank.es\/wp-content\/uploads\/2022\/02\/6S1A8704-scaled.jpg\" data-rel=\"penci-gallery-image-content\" data-idwrap=\"penci-image_gallery_43840\"><span class=\"penci-isotope-padding\" style=\"padding-bottom:65.38461538%;\"><\/span><img decoding=\"async\" src=\"https:\/\/elgarajedefrank.es\/wp-content\/uploads\/2022\/02\/6S1A8704-1170x765.jpg\" alt=\"\" title=\"6S1A8704\"><\/a><\/figure><figure class=\"swiper-slide\"><a class=\"penci-gallery-ite item-gallery-single-slider item-link-relative\" href=\"https:\/\/elgarajedefrank.es\/wp-content\/uploads\/2022\/02\/6S1A8711-scaled.jpg\" data-rel=\"penci-gallery-image-content\" data-idwrap=\"penci-image_gallery_43840\"><span class=\"penci-isotope-padding\" style=\"padding-bottom:61.53846154%;\"><\/span><img decoding=\"async\" src=\"https:\/\/elgarajedefrank.es\/wp-content\/uploads\/2022\/02\/6S1A8711-1170x720.jpg\" alt=\"\" title=\"6S1A8711\"><\/a><\/figure><figure class=\"swiper-slide\"><a class=\"penci-gallery-ite item-gallery-single-slider item-link-relative\" href=\"https:\/\/elgarajedefrank.es\/wp-content\/uploads\/2022\/02\/6S1A8730-scaled.jpg\" data-rel=\"penci-gallery-image-content\" data-idwrap=\"penci-image_gallery_43840\"><span class=\"penci-isotope-padding\" style=\"padding-bottom:115.29914530%;\"><\/span><img decoding=\"async\" src=\"https:\/\/elgarajedefrank.es\/wp-content\/uploads\/2022\/02\/6S1A8730-1170x1349.jpg\" alt=\"\" title=\"6S1A8730\"><\/a><\/figure><figure class=\"swiper-slide\"><a class=\"penci-gallery-ite item-gallery-single-slider item-link-relative\" href=\"https:\/\/elgarajedefrank.es\/wp-content\/uploads\/2022\/02\/6S1A8740-scaled.jpg\" data-rel=\"penci-gallery-image-content\" data-idwrap=\"penci-image_gallery_43840\"><span class=\"penci-isotope-padding\" style=\"padding-bottom:66.66666667%;\"><\/span><img decoding=\"async\" src=\"https:\/\/elgarajedefrank.es\/wp-content\/uploads\/2022\/02\/6S1A8740-1170x780.jpg\" alt=\"\" title=\"6S1A8740\"><\/a><\/figure><figure class=\"swiper-slide\"><a class=\"penci-gallery-ite item-gallery-single-slider item-link-relative\" href=\"https:\/\/elgarajedefrank.es\/wp-content\/uploads\/2022\/02\/6S1A8746.jpg\" data-rel=\"penci-gallery-image-content\" data-idwrap=\"penci-image_gallery_43840\"><span class=\"penci-isotope-padding\" style=\"padding-bottom:73.33333333%;\"><\/span><img decoding=\"async\" src=\"https:\/\/elgarajedefrank.es\/wp-content\/uploads\/2022\/02\/6S1A8746-1170x858.jpg\" alt=\"\" title=\"6S1A8746\"><\/a><\/figure><figure class=\"swiper-slide\"><a class=\"penci-gallery-ite item-gallery-single-slider item-link-relative\" href=\"https:\/\/elgarajedefrank.es\/wp-content\/uploads\/2022\/02\/6S1A8771.jpg\" data-rel=\"penci-gallery-image-content\" data-idwrap=\"penci-image_gallery_43840\"><span class=\"penci-isotope-padding\" style=\"padding-bottom:105.89743590%;\"><\/span><img decoding=\"async\" src=\"https:\/\/elgarajedefrank.es\/wp-content\/uploads\/2022\/02\/6S1A8771-1170x1239.jpg\" alt=\"\" title=\"6S1A8771\"><\/a><\/figure><figure class=\"swiper-slide\"><a class=\"penci-gallery-ite item-gallery-single-slider item-link-relative\" href=\"https:\/\/elgarajedefrank.es\/wp-content\/uploads\/2022\/02\/6S1A8783-scaled.jpg\" data-rel=\"penci-gallery-image-content\" data-idwrap=\"penci-image_gallery_43840\"><span class=\"penci-isotope-padding\" style=\"padding-bottom:123.76068376%;\"><\/span><img decoding=\"async\" src=\"https:\/\/elgarajedefrank.es\/wp-content\/uploads\/2022\/02\/6S1A8783-1170x1448.jpg\" alt=\"\" title=\"6S1A8783\"><\/a><\/figure><figure class=\"swiper-slide\"><a class=\"penci-gallery-ite item-gallery-single-slider item-link-relative\" href=\"https:\/\/elgarajedefrank.es\/wp-content\/uploads\/2022\/02\/6S1A8799-scaled.jpg\" data-rel=\"penci-gallery-image-content\" data-idwrap=\"penci-image_gallery_43840\"><span class=\"penci-isotope-padding\" style=\"padding-bottom:80.59829060%;\"><\/span><img decoding=\"async\" src=\"https:\/\/elgarajedefrank.es\/wp-content\/uploads\/2022\/02\/6S1A8799-1170x943.jpg\" alt=\"\" title=\"6S1A8799\"><\/a><\/figure><figure class=\"swiper-slide\"><a class=\"penci-gallery-ite item-gallery-single-slider item-link-relative\" href=\"https:\/\/elgarajedefrank.es\/wp-content\/uploads\/2022\/02\/6S1A8807-scaled.jpg\" data-rel=\"penci-gallery-image-content\" data-idwrap=\"penci-image_gallery_43840\"><span class=\"penci-isotope-padding\" style=\"padding-bottom:64.27350427%;\"><\/span><img decoding=\"async\" src=\"https:\/\/elgarajedefrank.es\/wp-content\/uploads\/2022\/02\/6S1A8807-1170x752.jpg\" alt=\"\" title=\"6S1A8807\"><\/a><\/figure><figure class=\"swiper-slide\"><a class=\"penci-gallery-ite item-gallery-single-slider item-link-relative\" href=\"https:\/\/elgarajedefrank.es\/wp-content\/uploads\/2022\/02\/6S1A8813-scaled.jpg\" data-rel=\"penci-gallery-image-content\" data-idwrap=\"penci-image_gallery_43840\"><span class=\"penci-isotope-padding\" style=\"padding-bottom:66.66666667%;\"><\/span><img decoding=\"async\" src=\"https:\/\/elgarajedefrank.es\/wp-content\/uploads\/2022\/02\/6S1A8813-1170x780.jpg\" alt=\"\" title=\"6S1A8813\"><\/a><\/figure><figure class=\"swiper-slide\"><a class=\"penci-gallery-ite item-gallery-single-slider item-link-relative\" href=\"https:\/\/elgarajedefrank.es\/wp-content\/uploads\/2022\/02\/6S1A8819-scaled.jpg\" data-rel=\"penci-gallery-image-content\" data-idwrap=\"penci-image_gallery_43840\"><span class=\"penci-isotope-padding\" style=\"padding-bottom:68.88888889%;\"><\/span><img decoding=\"async\" src=\"https:\/\/elgarajedefrank.es\/wp-content\/uploads\/2022\/02\/6S1A8819-1170x806.jpg\" alt=\"\" title=\"6S1A8819\"><\/a><\/figure><figure class=\"swiper-slide\"><a class=\"penci-gallery-ite item-gallery-single-slider item-link-relative\" href=\"https:\/\/elgarajedefrank.es\/wp-content\/uploads\/2022\/02\/6S1A8832-scaled.jpg\" data-rel=\"penci-gallery-image-content\" data-idwrap=\"penci-image_gallery_43840\"><span class=\"penci-isotope-padding\" style=\"padding-bottom:66.66666667%;\"><\/span><img decoding=\"async\" src=\"https:\/\/elgarajedefrank.es\/wp-content\/uploads\/2022\/02\/6S1A8832-1170x780.jpg\" alt=\"\" title=\"6S1A8832\"><\/a><\/figure><figure class=\"swiper-slide\"><a class=\"penci-gallery-ite item-gallery-single-slider item-link-relative\" href=\"https:\/\/elgarajedefrank.es\/wp-content\/uploads\/2022\/02\/6S1A8839-scaled.jpg\" data-rel=\"penci-gallery-image-content\" data-idwrap=\"penci-image_gallery_43840\"><span class=\"penci-isotope-padding\" style=\"padding-bottom:73.76068376%;\"><\/span><img decoding=\"async\" src=\"https:\/\/elgarajedefrank.es\/wp-content\/uploads\/2022\/02\/6S1A8839-1170x863.jpg\" alt=\"\" title=\"6S1A8839\"><\/a><\/figure><figure class=\"swiper-slide\"><a class=\"penci-gallery-ite item-gallery-single-slider item-link-relative\" href=\"https:\/\/elgarajedefrank.es\/wp-content\/uploads\/2022\/02\/6S1A8847-scaled.jpg\" data-rel=\"penci-gallery-image-content\" data-idwrap=\"penci-image_gallery_43840\"><span class=\"penci-isotope-padding\" style=\"padding-bottom:76.15384615%;\"><\/span><img decoding=\"async\" src=\"https:\/\/elgarajedefrank.es\/wp-content\/uploads\/2022\/02\/6S1A8847-1170x891.jpg\" alt=\"\" title=\"6S1A8847\"><\/a><\/figure><figure class=\"swiper-slide\"><a class=\"penci-gallery-ite item-gallery-single-slider item-link-relative\" href=\"https:\/\/elgarajedefrank.es\/wp-content\/uploads\/2022\/02\/6S1A8863-scaled.jpg\" data-rel=\"penci-gallery-image-content\" data-idwrap=\"penci-image_gallery_43840\"><span class=\"penci-isotope-padding\" style=\"padding-bottom:123.58974359%;\"><\/span><img decoding=\"async\" src=\"https:\/\/elgarajedefrank.es\/wp-content\/uploads\/2022\/02\/6S1A8863-1170x1446.jpg\" alt=\"\" title=\"6S1A8863\"><\/a><\/figure><figure class=\"swiper-slide\"><a class=\"penci-gallery-ite item-gallery-single-slider item-link-relative\" href=\"https:\/\/elgarajedefrank.es\/wp-content\/uploads\/2022\/02\/6S1A8871.jpg\" data-rel=\"penci-gallery-image-content\" data-idwrap=\"penci-image_gallery_43840\"><span class=\"penci-isotope-padding\" style=\"padding-bottom:104.61538462%;\"><\/span><img decoding=\"async\" src=\"https:\/\/elgarajedefrank.es\/wp-content\/uploads\/2022\/02\/6S1A8871-1170x1224.jpg\" alt=\"\" title=\"6S1A8871\"><\/a><\/figure><figure class=\"swiper-slide\"><a class=\"penci-gallery-ite item-gallery-single-slider item-link-relative\" href=\"https:\/\/elgarajedefrank.es\/wp-content\/uploads\/2022\/02\/6S1A8897-scaled.jpg\" data-rel=\"penci-gallery-image-content\" data-idwrap=\"penci-image_gallery_43840\"><span class=\"penci-isotope-padding\" style=\"padding-bottom:63.93162393%;\"><\/span><img decoding=\"async\" src=\"https:\/\/elgarajedefrank.es\/wp-content\/uploads\/2022\/02\/6S1A8897-1170x748.jpg\" alt=\"\" title=\"6S1A8897\"><\/a><\/figure><figure class=\"swiper-slide\"><a class=\"penci-gallery-ite item-gallery-single-slider item-link-relative\" href=\"https:\/\/elgarajedefrank.es\/wp-content\/uploads\/2022\/02\/6S1A8904-scaled.jpg\" data-rel=\"penci-gallery-image-content\" data-idwrap=\"penci-image_gallery_43840\"><span class=\"penci-isotope-padding\" style=\"padding-bottom:76.23931624%;\"><\/span><img decoding=\"async\" src=\"https:\/\/elgarajedefrank.es\/wp-content\/uploads\/2022\/02\/6S1A8904-1170x892.jpg\" alt=\"\" title=\"6S1A8904\"><\/a><\/figure><figure class=\"swiper-slide\"><a class=\"penci-gallery-ite item-gallery-single-slider item-link-relative\" href=\"https:\/\/elgarajedefrank.es\/wp-content\/uploads\/2022\/02\/6S1A8906-scaled.jpg\" data-rel=\"penci-gallery-image-content\" data-idwrap=\"penci-image_gallery_43840\"><span class=\"penci-isotope-padding\" style=\"padding-bottom:57.94871795%;\"><\/span><img decoding=\"async\" src=\"https:\/\/elgarajedefrank.es\/wp-content\/uploads\/2022\/02\/6S1A8906-1170x678.jpg\" alt=\"\" title=\"6S1A8906\"><\/a><\/figure><figure class=\"swiper-slide\"><a class=\"penci-gallery-ite item-gallery-single-slider item-link-relative\" href=\"https:\/\/elgarajedefrank.es\/wp-content\/uploads\/2022\/02\/6S1A8915-scaled.jpg\" data-rel=\"penci-gallery-image-content\" data-idwrap=\"penci-image_gallery_43840\"><span class=\"penci-isotope-padding\" style=\"padding-bottom:98.46153846%;\"><\/span><img decoding=\"async\" src=\"https:\/\/elgarajedefrank.es\/wp-content\/uploads\/2022\/02\/6S1A8915-1170x1152.jpg\" alt=\"\" title=\"6S1A8915\"><\/a><\/figure><figure class=\"swiper-slide\"><a class=\"penci-gallery-ite item-gallery-single-slider item-link-relative\" href=\"https:\/\/elgarajedefrank.es\/wp-content\/uploads\/2022\/02\/6S1A8937-scaled.jpg\" data-rel=\"penci-gallery-image-content\" data-idwrap=\"penci-image_gallery_43840\"><span class=\"penci-isotope-padding\" style=\"padding-bottom:68.63247863%;\"><\/span><img decoding=\"async\" src=\"https:\/\/elgarajedefrank.es\/wp-content\/uploads\/2022\/02\/6S1A8937-1170x803.jpg\" alt=\"\" title=\"6S1A8937\"><\/a><\/figure><figure class=\"swiper-slide\"><a class=\"penci-gallery-ite item-gallery-single-slider item-link-relative\" href=\"https:\/\/elgarajedefrank.es\/wp-content\/uploads\/2022\/02\/6S1A8940-scaled.jpg\" data-rel=\"penci-gallery-image-content\" data-idwrap=\"penci-image_gallery_43840\"><span class=\"penci-isotope-padding\" style=\"padding-bottom:64.01709402%;\"><\/span><img decoding=\"async\" src=\"https:\/\/elgarajedefrank.es\/wp-content\/uploads\/2022\/02\/6S1A8940-1170x749.jpg\" alt=\"\" title=\"6S1A8940\"><\/a><\/figure><figure class=\"swiper-slide\"><a class=\"penci-gallery-ite item-gallery-single-slider item-link-relative\" href=\"https:\/\/elgarajedefrank.es\/wp-content\/uploads\/2022\/02\/6S1A8960-scaled.jpg\" data-rel=\"penci-gallery-image-content\" data-idwrap=\"penci-image_gallery_43840\"><span class=\"penci-isotope-padding\" style=\"padding-bottom:66.66666667%;\"><\/span><img decoding=\"async\" src=\"https:\/\/elgarajedefrank.es\/wp-content\/uploads\/2022\/02\/6S1A8960-1170x780.jpg\" alt=\"\" title=\"6S1A8960\"><\/a><\/figure><\/div><\/div><\/div>            <\/div>\n        <\/div>\n\t\t\t\t\t\t<\/div>\n\t\t\t\t<\/div>\n\t\t\t\t\t<\/div>\n\t\t<\/div>\n\t\t\t\t\t<\/div>\n\t\t<\/section>\n\t\t\t\t<section class=\"penci-section penci-disSticky penci-structure-10 elementor-section elementor-top-section elementor-element elementor-element-1a464a8 elementor-section-boxed elementor-section-height-default elementor-section-height-default\" data-id=\"1a464a8\" data-element_type=\"section\" data-e-type=\"section\">\n\t\t\t\t\t\t<div class=\"elementor-container elementor-column-gap-default\">\n\t\t\t\t\t<div class=\"penci-ercol-100 penci-ercol-order-1 penci-sticky-ct    elementor-column elementor-col-100 elementor-top-column elementor-element elementor-element-31fc9e2\" data-id=\"31fc9e2\" data-element_type=\"column\" data-e-type=\"column\">\n\t\t\t<div class=\"elementor-widget-wrap elementor-element-populated\">\n\t\t\t\t\t\t<div class=\"elementor-element elementor-element-24e2219 elementor-widget elementor-widget-text-editor\" data-id=\"24e2219\" data-element_type=\"widget\" data-e-type=\"widget\" data-widget_type=\"text-editor.default\">\n\t\t\t\t<div class=\"elementor-widget-container\">\n\t\t\t\t\t\t\t\t\t<p style=\"text-align: center;\"><strong><span style=\"font-family: georgia, palatino, serif; font-size: 12pt; color: #800080;\">Photos : Patrice Hoerner. Tous droits r\u00e9serv\u00e9s.<\/span><\/strong><\/p>\t\t\t\t\t\t\t\t<\/div>\n\t\t\t\t<\/div>\n\t\t\t\t\t<\/div>\n\t\t<\/div>\n\t\t\t\t\t<\/div>\n\t\t<\/section>\n\t\t\t\t<\/div>\n\t\t","protected":false},"excerpt":{"rendered":"<p>Photos : Patrice Hoerner. Tous droits r\u00e9serv\u00e9s.<\/p>\n","protected":false},"author":2,"featured_media":40710,"comment_status":"open","ping_status":"open","sticky":false,"template":"","format":"standard","meta":{"_lmt_disableupdate":"","_lmt_disable":"","footnotes":""},"categories":[433],"tags":[306,314,406],"class_list":["post-40814","post","type-post","status-publish","format-standard","has-post-thumbnail","hentry","category-galeries","tag-coldwave-fr","tag-darkwave-fr","tag-rock-gothique"],"yoast_head":"<!-- This site is optimized with the Yoast SEO plugin v27.4 - https:\/\/yoast.com\/product\/yoast-seo-wordpress\/ -->\n<title>Dark Winter Li\u00e8ge Festival 2022 &#8212; El Garaje de Frank<\/title>\n<meta name=\"description\" content=\"Galeries &#8212; Photos du Dark Winter Li\u00e8ge Festival 2022.\" \/>\n<meta name=\"robots\" content=\"index, follow, max-snippet:-1, max-image-preview:large, max-video-preview:-1\" \/>\n<link rel=\"canonical\" href=\"https:\/\/elgarajedefrank.es\/fr\/dark-winter-liege-festival-2022\/\" \/>\n<meta property=\"og:locale\" content=\"fr_FR\" \/>\n<meta property=\"og:type\" content=\"article\" \/>\n<meta property=\"og:title\" content=\"Dark Winter Li\u00e8ge Festival 2022 &#8212; El Garaje de Frank\" \/>\n<meta property=\"og:description\" content=\"Galeries &#8212; Photos du Dark Winter Li\u00e8ge Festival 2022.\" \/>\n<meta property=\"og:url\" content=\"https:\/\/elgarajedefrank.es\/fr\/dark-winter-liege-festival-2022\/\" \/>\n<meta property=\"og:site_name\" content=\"El Garaje de Frank\" \/>\n<meta property=\"article:publisher\" content=\"https:\/\/www.facebook.com\/elgarajedefrank\/\" \/>\n<meta property=\"article:published_time\" content=\"2022-02-06T14:10:58+00:00\" \/>\n<meta property=\"article:modified_time\" content=\"2022-02-06T14:13:20+00:00\" \/>\n<meta property=\"og:image\" content=\"https:\/\/elgarajedefrank.es\/wp-content\/uploads\/2022\/02\/6S1A9034-scaled.jpg\" \/>\n\t<meta property=\"og:image:width\" content=\"2560\" \/>\n\t<meta property=\"og:image:height\" content=\"1674\" \/>\n\t<meta property=\"og:image:type\" content=\"image\/jpeg\" \/>\n<meta name=\"author\" content=\"Violeta\" \/>\n<meta name=\"twitter:card\" content=\"summary_large_image\" \/>\n<meta name=\"twitter:label1\" content=\"\u00c9crit par\" \/>\n\t<meta name=\"twitter:data1\" content=\"Violeta\" \/>\n\t<meta name=\"twitter:label2\" content=\"Dur\u00e9e de lecture estim\u00e9e\" \/>\n\t<meta name=\"twitter:data2\" content=\"13 minutes\" \/>\n<script type=\"application\/ld+json\" class=\"yoast-schema-graph\">{\"@context\":\"https:\\\/\\\/schema.org\",\"@graph\":[{\"@type\":\"Article\",\"@id\":\"https:\\\/\\\/elgarajedefrank.es\\\/fr\\\/dark-winter-liege-festival-2022\\\/#article\",\"isPartOf\":{\"@id\":\"https:\\\/\\\/elgarajedefrank.es\\\/fr\\\/dark-winter-liege-festival-2022\\\/\"},\"author\":{\"name\":\"Violeta\",\"@id\":\"https:\\\/\\\/elgarajedefrank.es\\\/fr\\\/#\\\/schema\\\/person\\\/35ec115bc6f8fb3d23238106dc7c1308\"},\"headline\":\"Dark Winter Li\u00e8ge Festival 2022\",\"datePublished\":\"2022-02-06T14:10:58+00:00\",\"dateModified\":\"2022-02-06T14:13:20+00:00\",\"mainEntityOfPage\":{\"@id\":\"https:\\\/\\\/elgarajedefrank.es\\\/fr\\\/dark-winter-liege-festival-2022\\\/\"},\"wordCount\":13,\"commentCount\":0,\"publisher\":{\"@id\":\"https:\\\/\\\/elgarajedefrank.es\\\/fr\\\/#\\\/schema\\\/person\\\/d709c9c33f5f405d44c6c9397889ba15\"},\"image\":{\"@id\":\"https:\\\/\\\/elgarajedefrank.es\\\/fr\\\/dark-winter-liege-festival-2022\\\/#primaryimage\"},\"thumbnailUrl\":\"https:\\\/\\\/elgarajedefrank.es\\\/wp-content\\\/uploads\\\/2022\\\/02\\\/6S1A9034-scaled.jpg\",\"keywords\":[\"Coldwave\",\"Darkwave\",\"Rock gothique\"],\"articleSection\":[\"Galeries\"],\"inLanguage\":\"fr-FR\",\"potentialAction\":[{\"@type\":\"CommentAction\",\"name\":\"Comment\",\"target\":[\"https:\\\/\\\/elgarajedefrank.es\\\/fr\\\/dark-winter-liege-festival-2022\\\/#respond\"]}]},{\"@type\":\"WebPage\",\"@id\":\"https:\\\/\\\/elgarajedefrank.es\\\/fr\\\/dark-winter-liege-festival-2022\\\/\",\"url\":\"https:\\\/\\\/elgarajedefrank.es\\\/fr\\\/dark-winter-liege-festival-2022\\\/\",\"name\":\"Dark Winter Li\u00e8ge Festival 2022 &#8212; El Garaje de Frank\",\"isPartOf\":{\"@id\":\"https:\\\/\\\/elgarajedefrank.es\\\/fr\\\/#website\"},\"primaryImageOfPage\":{\"@id\":\"https:\\\/\\\/elgarajedefrank.es\\\/fr\\\/dark-winter-liege-festival-2022\\\/#primaryimage\"},\"image\":{\"@id\":\"https:\\\/\\\/elgarajedefrank.es\\\/fr\\\/dark-winter-liege-festival-2022\\\/#primaryimage\"},\"thumbnailUrl\":\"https:\\\/\\\/elgarajedefrank.es\\\/wp-content\\\/uploads\\\/2022\\\/02\\\/6S1A9034-scaled.jpg\",\"datePublished\":\"2022-02-06T14:10:58+00:00\",\"dateModified\":\"2022-02-06T14:13:20+00:00\",\"description\":\"Galeries &#8212; Photos du Dark Winter Li\u00e8ge Festival 2022.\",\"breadcrumb\":{\"@id\":\"https:\\\/\\\/elgarajedefrank.es\\\/fr\\\/dark-winter-liege-festival-2022\\\/#breadcrumb\"},\"inLanguage\":\"fr-FR\",\"potentialAction\":[{\"@type\":\"ReadAction\",\"target\":[\"https:\\\/\\\/elgarajedefrank.es\\\/fr\\\/dark-winter-liege-festival-2022\\\/\"]}]},{\"@type\":\"ImageObject\",\"inLanguage\":\"fr-FR\",\"@id\":\"https:\\\/\\\/elgarajedefrank.es\\\/fr\\\/dark-winter-liege-festival-2022\\\/#primaryimage\",\"url\":\"https:\\\/\\\/elgarajedefrank.es\\\/wp-content\\\/uploads\\\/2022\\\/02\\\/6S1A9034-scaled.jpg\",\"contentUrl\":\"https:\\\/\\\/elgarajedefrank.es\\\/wp-content\\\/uploads\\\/2022\\\/02\\\/6S1A9034-scaled.jpg\",\"width\":2560,\"height\":1674},{\"@type\":\"BreadcrumbList\",\"@id\":\"https:\\\/\\\/elgarajedefrank.es\\\/fr\\\/dark-winter-liege-festival-2022\\\/#breadcrumb\",\"itemListElement\":[{\"@type\":\"ListItem\",\"position\":1,\"name\":\"Inicio\",\"item\":\"https:\\\/\\\/elgarajedefrank.es\\\/fr\\\/\"},{\"@type\":\"ListItem\",\"position\":2,\"name\":\"Galeries\",\"item\":\"https:\\\/\\\/elgarajedefrank.es\\\/fr\\\/category\\\/galeries\\\/\"},{\"@type\":\"ListItem\",\"position\":3,\"name\":\"Dark Winter Li\u00e8ge Festival 2022\"}]},{\"@type\":\"WebSite\",\"@id\":\"https:\\\/\\\/elgarajedefrank.es\\\/fr\\\/#website\",\"url\":\"https:\\\/\\\/elgarajedefrank.es\\\/fr\\\/\",\"name\":\"El Garaje de Frank\",\"description\":\"Music magazine\",\"publisher\":{\"@id\":\"https:\\\/\\\/elgarajedefrank.es\\\/fr\\\/#\\\/schema\\\/person\\\/d709c9c33f5f405d44c6c9397889ba15\"},\"potentialAction\":[{\"@type\":\"SearchAction\",\"target\":{\"@type\":\"EntryPoint\",\"urlTemplate\":\"https:\\\/\\\/elgarajedefrank.es\\\/fr\\\/?s={search_term_string}\"},\"query-input\":{\"@type\":\"PropertyValueSpecification\",\"valueRequired\":true,\"valueName\":\"search_term_string\"}}],\"inLanguage\":\"fr-FR\"},{\"@type\":[\"Person\",\"Organization\"],\"@id\":\"https:\\\/\\\/elgarajedefrank.es\\\/fr\\\/#\\\/schema\\\/person\\\/d709c9c33f5f405d44c6c9397889ba15\",\"name\":\"Fran\u00e7ois Zappa\",\"image\":{\"@type\":\"ImageObject\",\"inLanguage\":\"fr-FR\",\"@id\":\"https:\\\/\\\/elgarajedefrank.es\\\/wp-content\\\/uploads\\\/2019\\\/10\\\/IMG_8278-150x150.jpg\",\"url\":\"https:\\\/\\\/elgarajedefrank.es\\\/wp-content\\\/uploads\\\/2019\\\/10\\\/IMG_8278-150x150.jpg\",\"contentUrl\":\"https:\\\/\\\/elgarajedefrank.es\\\/wp-content\\\/uploads\\\/2019\\\/10\\\/IMG_8278-150x150.jpg\",\"caption\":\"Fran\u00e7ois Zappa\"},\"logo\":{\"@id\":\"https:\\\/\\\/elgarajedefrank.es\\\/wp-content\\\/uploads\\\/2019\\\/10\\\/IMG_8278-150x150.jpg\"},\"sameAs\":[\"https:\\\/\\\/www.facebook.com\\\/elgarajedefrank\\\/\",\"https:\\\/\\\/www.instagram.com\\\/elgarajedefrank\\\/\"]},{\"@type\":\"Person\",\"@id\":\"https:\\\/\\\/elgarajedefrank.es\\\/fr\\\/#\\\/schema\\\/person\\\/35ec115bc6f8fb3d23238106dc7c1308\",\"name\":\"Violeta\",\"image\":{\"@type\":\"ImageObject\",\"inLanguage\":\"fr-FR\",\"@id\":\"https:\\\/\\\/elgarajedefrank.es\\\/wp-content\\\/uploads\\\/2019\\\/10\\\/IMG_0576-e1570432097945-150x150.jpg\",\"url\":\"https:\\\/\\\/elgarajedefrank.es\\\/wp-content\\\/uploads\\\/2019\\\/10\\\/IMG_0576-e1570432097945-150x150.jpg\",\"contentUrl\":\"https:\\\/\\\/elgarajedefrank.es\\\/wp-content\\\/uploads\\\/2019\\\/10\\\/IMG_0576-e1570432097945-150x150.jpg\",\"caption\":\"Violeta\"}}]}<\/script>\n<!-- \/ Yoast SEO plugin. -->","yoast_head_json":{"title":"Dark Winter Li\u00e8ge Festival 2022 &#8212; El Garaje de Frank","description":"Galeries &#8212; Photos du Dark Winter Li\u00e8ge Festival 2022.","robots":{"index":"index","follow":"follow","max-snippet":"max-snippet:-1","max-image-preview":"max-image-preview:large","max-video-preview":"max-video-preview:-1"},"canonical":"https:\/\/elgarajedefrank.es\/fr\/dark-winter-liege-festival-2022\/","og_locale":"fr_FR","og_type":"article","og_title":"Dark Winter Li\u00e8ge Festival 2022 &#8212; El Garaje de Frank","og_description":"Galeries &#8212; Photos du Dark Winter Li\u00e8ge Festival 2022.","og_url":"https:\/\/elgarajedefrank.es\/fr\/dark-winter-liege-festival-2022\/","og_site_name":"El Garaje de Frank","article_publisher":"https:\/\/www.facebook.com\/elgarajedefrank\/","article_published_time":"2022-02-06T14:10:58+00:00","article_modified_time":"2022-02-06T14:13:20+00:00","og_image":[{"width":2560,"height":1674,"url":"https:\/\/elgarajedefrank.es\/wp-content\/uploads\/2022\/02\/6S1A9034-scaled.jpg","type":"image\/jpeg"}],"author":"Violeta","twitter_card":"summary_large_image","twitter_misc":{"\u00c9crit par":"Violeta","Dur\u00e9e de lecture estim\u00e9e":"13 minutes"},"schema":{"@context":"https:\/\/schema.org","@graph":[{"@type":"Article","@id":"https:\/\/elgarajedefrank.es\/fr\/dark-winter-liege-festival-2022\/#article","isPartOf":{"@id":"https:\/\/elgarajedefrank.es\/fr\/dark-winter-liege-festival-2022\/"},"author":{"name":"Violeta","@id":"https:\/\/elgarajedefrank.es\/fr\/#\/schema\/person\/35ec115bc6f8fb3d23238106dc7c1308"},"headline":"Dark Winter Li\u00e8ge Festival 2022","datePublished":"2022-02-06T14:10:58+00:00","dateModified":"2022-02-06T14:13:20+00:00","mainEntityOfPage":{"@id":"https:\/\/elgarajedefrank.es\/fr\/dark-winter-liege-festival-2022\/"},"wordCount":13,"commentCount":0,"publisher":{"@id":"https:\/\/elgarajedefrank.es\/fr\/#\/schema\/person\/d709c9c33f5f405d44c6c9397889ba15"},"image":{"@id":"https:\/\/elgarajedefrank.es\/fr\/dark-winter-liege-festival-2022\/#primaryimage"},"thumbnailUrl":"https:\/\/elgarajedefrank.es\/wp-content\/uploads\/2022\/02\/6S1A9034-scaled.jpg","keywords":["Coldwave","Darkwave","Rock gothique"],"articleSection":["Galeries"],"inLanguage":"fr-FR","potentialAction":[{"@type":"CommentAction","name":"Comment","target":["https:\/\/elgarajedefrank.es\/fr\/dark-winter-liege-festival-2022\/#respond"]}]},{"@type":"WebPage","@id":"https:\/\/elgarajedefrank.es\/fr\/dark-winter-liege-festival-2022\/","url":"https:\/\/elgarajedefrank.es\/fr\/dark-winter-liege-festival-2022\/","name":"Dark Winter Li\u00e8ge Festival 2022 &#8212; El Garaje de Frank","isPartOf":{"@id":"https:\/\/elgarajedefrank.es\/fr\/#website"},"primaryImageOfPage":{"@id":"https:\/\/elgarajedefrank.es\/fr\/dark-winter-liege-festival-2022\/#primaryimage"},"image":{"@id":"https:\/\/elgarajedefrank.es\/fr\/dark-winter-liege-festival-2022\/#primaryimage"},"thumbnailUrl":"https:\/\/elgarajedefrank.es\/wp-content\/uploads\/2022\/02\/6S1A9034-scaled.jpg","datePublished":"2022-02-06T14:10:58+00:00","dateModified":"2022-02-06T14:13:20+00:00","description":"Galeries &#8212; Photos du Dark Winter Li\u00e8ge Festival 2022.","breadcrumb":{"@id":"https:\/\/elgarajedefrank.es\/fr\/dark-winter-liege-festival-2022\/#breadcrumb"},"inLanguage":"fr-FR","potentialAction":[{"@type":"ReadAction","target":["https:\/\/elgarajedefrank.es\/fr\/dark-winter-liege-festival-2022\/"]}]},{"@type":"ImageObject","inLanguage":"fr-FR","@id":"https:\/\/elgarajedefrank.es\/fr\/dark-winter-liege-festival-2022\/#primaryimage","url":"https:\/\/elgarajedefrank.es\/wp-content\/uploads\/2022\/02\/6S1A9034-scaled.jpg","contentUrl":"https:\/\/elgarajedefrank.es\/wp-content\/uploads\/2022\/02\/6S1A9034-scaled.jpg","width":2560,"height":1674},{"@type":"BreadcrumbList","@id":"https:\/\/elgarajedefrank.es\/fr\/dark-winter-liege-festival-2022\/#breadcrumb","itemListElement":[{"@type":"ListItem","position":1,"name":"Inicio","item":"https:\/\/elgarajedefrank.es\/fr\/"},{"@type":"ListItem","position":2,"name":"Galeries","item":"https:\/\/elgarajedefrank.es\/fr\/category\/galeries\/"},{"@type":"ListItem","position":3,"name":"Dark Winter Li\u00e8ge Festival 2022"}]},{"@type":"WebSite","@id":"https:\/\/elgarajedefrank.es\/fr\/#website","url":"https:\/\/elgarajedefrank.es\/fr\/","name":"El Garaje de Frank","description":"Music magazine","publisher":{"@id":"https:\/\/elgarajedefrank.es\/fr\/#\/schema\/person\/d709c9c33f5f405d44c6c9397889ba15"},"potentialAction":[{"@type":"SearchAction","target":{"@type":"EntryPoint","urlTemplate":"https:\/\/elgarajedefrank.es\/fr\/?s={search_term_string}"},"query-input":{"@type":"PropertyValueSpecification","valueRequired":true,"valueName":"search_term_string"}}],"inLanguage":"fr-FR"},{"@type":["Person","Organization"],"@id":"https:\/\/elgarajedefrank.es\/fr\/#\/schema\/person\/d709c9c33f5f405d44c6c9397889ba15","name":"Fran\u00e7ois Zappa","image":{"@type":"ImageObject","inLanguage":"fr-FR","@id":"https:\/\/elgarajedefrank.es\/wp-content\/uploads\/2019\/10\/IMG_8278-150x150.jpg","url":"https:\/\/elgarajedefrank.es\/wp-content\/uploads\/2019\/10\/IMG_8278-150x150.jpg","contentUrl":"https:\/\/elgarajedefrank.es\/wp-content\/uploads\/2019\/10\/IMG_8278-150x150.jpg","caption":"Fran\u00e7ois Zappa"},"logo":{"@id":"https:\/\/elgarajedefrank.es\/wp-content\/uploads\/2019\/10\/IMG_8278-150x150.jpg"},"sameAs":["https:\/\/www.facebook.com\/elgarajedefrank\/","https:\/\/www.instagram.com\/elgarajedefrank\/"]},{"@type":"Person","@id":"https:\/\/elgarajedefrank.es\/fr\/#\/schema\/person\/35ec115bc6f8fb3d23238106dc7c1308","name":"Violeta","image":{"@type":"ImageObject","inLanguage":"fr-FR","@id":"https:\/\/elgarajedefrank.es\/wp-content\/uploads\/2019\/10\/IMG_0576-e1570432097945-150x150.jpg","url":"https:\/\/elgarajedefrank.es\/wp-content\/uploads\/2019\/10\/IMG_0576-e1570432097945-150x150.jpg","contentUrl":"https:\/\/elgarajedefrank.es\/wp-content\/uploads\/2019\/10\/IMG_0576-e1570432097945-150x150.jpg","caption":"Violeta"}}]}},"_links":{"self":[{"href":"https:\/\/elgarajedefrank.es\/fr\/wp-json\/wp\/v2\/posts\/40814","targetHints":{"allow":["GET"]}}],"collection":[{"href":"https:\/\/elgarajedefrank.es\/fr\/wp-json\/wp\/v2\/posts"}],"about":[{"href":"https:\/\/elgarajedefrank.es\/fr\/wp-json\/wp\/v2\/types\/post"}],"author":[{"embeddable":true,"href":"https:\/\/elgarajedefrank.es\/fr\/wp-json\/wp\/v2\/users\/2"}],"replies":[{"embeddable":true,"href":"https:\/\/elgarajedefrank.es\/fr\/wp-json\/wp\/v2\/comments?post=40814"}],"version-history":[{"count":0,"href":"https:\/\/elgarajedefrank.es\/fr\/wp-json\/wp\/v2\/posts\/40814\/revisions"}],"wp:featuredmedia":[{"embeddable":true,"href":"https:\/\/elgarajedefrank.es\/fr\/wp-json\/wp\/v2\/media\/40710"}],"wp:attachment":[{"href":"https:\/\/elgarajedefrank.es\/fr\/wp-json\/wp\/v2\/media?parent=40814"}],"wp:term":[{"taxonomy":"category","embeddable":true,"href":"https:\/\/elgarajedefrank.es\/fr\/wp-json\/wp\/v2\/categories?post=40814"},{"taxonomy":"post_tag","embeddable":true,"href":"https:\/\/elgarajedefrank.es\/fr\/wp-json\/wp\/v2\/tags?post=40814"}],"curies":[{"name":"wp","href":"https:\/\/api.w.org\/{rel}","templated":true}]}}