{"id":40218,"date":"2022-01-21T15:21:33","date_gmt":"2022-01-21T14:21:33","guid":{"rendered":"https:\/\/elgarajedefrank.es\/?p=40218"},"modified":"2022-01-21T15:35:55","modified_gmt":"2022-01-21T14:35:55","slug":"interview-wisborg","status":"publish","type":"post","link":"https:\/\/elgarajedefrank.es\/fr\/interview-wisborg\/","title":{"rendered":"Interview: Wisborg"},"content":{"rendered":"<p><strong><span style=\"font-family: georgia, palatino, serif; font-size: 12pt;\">Wisborg est le nom de la ville proche du ch\u00e2teau du comte Orlock dans le film muet Nosferatu, mais aussi le nom d&#8217;un groupe de Goth Rock qui a enregistr\u00e9 trois albums aussi hypnotiques que les yeux du c\u00e9l\u00e8bre vampire. Nous avons discut\u00e9 avec Nikolas et Konstantin, les deux fondateurs du groupe allemand. Demain, ils joueront au Dark Winter Festival de Li\u00e8ge aux c\u00f4t\u00e9s de La Lune Noire, Ductape et Joy\/Disaster.<\/span><\/strong><\/p>\n<p><span style=\"font-family: georgia, palatino, serif; font-size: 12pt;\"><strong><b><img fetchpriority=\"high\" decoding=\"async\" class=\"alignleft wp-image-40146\" src=\"https:\/\/elgarajedefrank.es\/wp-content\/uploads\/2022\/01\/WISBORG-Promo-2-Credit-Juli.Krahe_-300x200.jpg\" alt=\"\" width=\"450\" height=\"300\" srcset=\"https:\/\/elgarajedefrank.es\/wp-content\/uploads\/2022\/01\/WISBORG-Promo-2-Credit-Juli.Krahe_-300x200.jpg 300w, https:\/\/elgarajedefrank.es\/wp-content\/uploads\/2022\/01\/WISBORG-Promo-2-Credit-Juli.Krahe_-1024x683.jpg 1024w, https:\/\/elgarajedefrank.es\/wp-content\/uploads\/2022\/01\/WISBORG-Promo-2-Credit-Juli.Krahe_-768x512.jpg 768w, https:\/\/elgarajedefrank.es\/wp-content\/uploads\/2022\/01\/WISBORG-Promo-2-Credit-Juli.Krahe_-1536x1024.jpg 1536w\" sizes=\"(max-width: 450px) 100vw, 450px\" \/><\/b><\/strong><\/span><\/p>\n<p><span style=\"font-family: georgia, palatino, serif; font-size: 12pt;\"><strong>\u2014Le groupe a d\u00e9but\u00e9 en 2017, comment vous est venue l\u2019id\u00e9e de cr\u00e9er Wisborg ?<\/strong><\/span><\/p>\n<p><span style=\"font-family: georgia, palatino, serif; font-size: 12pt;\"><strong>\u2014Nikolas :<\/strong> On \u00e9tait fatigu\u00e9s des processus de travail inutilement longs de nos anciens projets. Konstantin et moi n\u2019avions jamais compos\u00e9 ensemble auparavant et cela a tr\u00e8s bien fonctionn\u00e9, donc une chose en a entra\u00een\u00e9 une autre.<\/span><\/p>\n<p><span style=\"font-family: georgia, palatino, serif; font-size: 12pt;\"><strong>\u2014Wisborg est le nom d\u2019une ville du film muet Nosferatu. Dans votre premier album, vous avez \u00e9galement fait r\u00e9f\u00e9rence au Dr Caligari. Que trouvez-vous d\u2019int\u00e9ressant dans le cin\u00e9ma expressionniste allemand ?<\/strong><\/span><\/p>\n<p><span style=\"font-family: georgia, palatino, serif; font-size: 12pt;\"><strong>\u2014Konstantin :<\/strong>Il constitue une approche beaucoup plus artistique du cin\u00e9ma. L\u2019absence de dialogue met l\u2019accent sur les images.<\/span><\/p>\n<p><span style=\"font-family: georgia, palatino, serif; font-size: 12pt;\"><strong>\u2014Comment avez-vous commenc\u00e9 \u00e0 vous int\u00e9resser au goth rock ? Vous avez nomm\u00e9 Sisters of Mercy et Type-O Negative comme influences, n\u2019est-ce pas ?<\/strong><\/span><\/p>\n<p><span style=\"font-family: georgia, palatino, serif; font-size: 12pt;\"><strong>\u2014Nikolas :<\/strong>Le goth rock n\u2019est qu\u2019une de nos nombreuses influences. Le son des premi\u00e8res chansons de<strong> Wisborg<\/strong> \u00e9tait un peu gothique en raison de nos diverses influences.<\/span><\/p>\n<p><span style=\"font-family: georgia, palatino, serif; font-size: 12pt;\"><strong>\u2014Votre exp\u00e9rience de musicien dans des groupes de m\u00e9tal a-t-elle influenc\u00e9 le son de Wisborg ? Vous \u00e9coutez toujours du m\u00e9tal selon les listes de lecture Spotify que vous publiez sur Facebook chaque mois. Pourriez-vous nommer un groupe qui a attir\u00e9 votre attention derni\u00e8rement ?<\/strong><\/span><\/p>\n<p><span style=\"font-family: georgia, palatino, serif; font-size: 12pt;\"><strong>\u2014Nikolas :<\/strong>On l\u2019entend dans les guitares satur\u00e9es et l\u2019\u00e9criture m\u00eame des chansons. On met souvent l\u2019accent sur les riffs de guitare au lieu de m\u00e9lodies sur une ligne de basse comme on l\u2019attend traditionnellement du goth rock.<\/span><\/p>\n<p><span style=\"font-family: georgia, palatino, serif; font-size: 12pt;\"><strong>\u2014Comment s\u2019est d\u00e9roul\u00e9 l\u2019enregistrement de votre premier album <em>The Tragedy Of Seconds Gone<\/em> ? A-t-il \u00e9t\u00e9 facile d\u2019obtenir en studio votre son ?<\/strong><\/span><\/p>\n<p><span style=\"font-family: georgia, palatino, serif; font-size: 12pt;\"><strong>\u2014Nikolas :<\/strong>On a eu la chance de travailler avec Achim Dre\u00dfler de Wellencocktail Tonstudio \u00e0 Hanovre, qui a<img decoding=\"async\" class=\"alignright wp-image-40204\" src=\"https:\/\/elgarajedefrank.es\/wp-content\/uploads\/2022\/01\/a3904569902_10-300x300.jpg\" alt=\"\" width=\"450\" height=\"450\" srcset=\"https:\/\/elgarajedefrank.es\/wp-content\/uploads\/2022\/01\/a3904569902_10-300x300.jpg 300w, https:\/\/elgarajedefrank.es\/wp-content\/uploads\/2022\/01\/a3904569902_10-1024x1024.jpg 1024w, https:\/\/elgarajedefrank.es\/wp-content\/uploads\/2022\/01\/a3904569902_10-150x150.jpg 150w, https:\/\/elgarajedefrank.es\/wp-content\/uploads\/2022\/01\/a3904569902_10-768x768.jpg 768w, https:\/\/elgarajedefrank.es\/wp-content\/uploads\/2022\/01\/a3904569902_10-1170x1170.jpg 1170w, https:\/\/elgarajedefrank.es\/wp-content\/uploads\/2022\/01\/a3904569902_10-585x585.jpg 585w, https:\/\/elgarajedefrank.es\/wp-content\/uploads\/2022\/01\/a3904569902_10-50x50.jpg 50w, https:\/\/elgarajedefrank.es\/wp-content\/uploads\/2022\/01\/a3904569902_10.jpg 1200w\" sizes=\"(max-width: 450px) 100vw, 450px\" \/> imm\u00e9diatement eu la m\u00eame vision du disque que nous. Avec lui, nous avons pu donner vie au son caract\u00e9ristique de nos d\u00e9mos <em>The Tragedy Of Seconds Gone<\/em>.<\/span><\/p>\n<p><span style=\"font-family: georgia, palatino, serif; font-size: 12pt;\"><strong>\u2014On pourrait dire que la vie se d\u00e9roule <em>From The Cradle To The Coffin<\/em>. Quelle est votre fa\u00e7on id\u00e9ale de passer ces moments entre le berceau et le cercueil ?<\/strong><\/span><\/p>\n<p><span style=\"font-family: georgia, palatino, serif; font-size: 12pt;\"><strong>\u2014Nikolas :<\/strong>J\u2019essaie de vivre dans l&#8217;instant pr\u00e9sent et de faire tout ce qui me donne un sentiment d\u2019utilit\u00e9, comme la musique, et passer du temps avec les personnes que j\u2019aime.<\/span><\/p>\n<p><span style=\"font-family: georgia, palatino, serif; font-size: 12pt;\"><strong>\u2014Selon l\u2019une de vos interviews, tous vos albums sont existentialistes. Pensez-vous que cette philosophie de pens\u00e9e est plus n\u00e9cessaire aujourd\u2019hui ?<\/strong><\/span><\/p>\n<p><span style=\"font-family: georgia, palatino, serif; font-size: 12pt;\"><strong>\u2014Konstantin :<\/strong>Le \u00ab\u00a0-isme\u00a0\u00bb n\u00e9cessaire d\u00e9pend enti\u00e8rement de vous en tant que personne. Je ne suis pas en position de d\u00e9cider ce qui est le mieux pour le monde.<\/span><\/p>\n<p><span style=\"font-family: georgia, palatino, serif; font-size: 12pt;\"><strong>\u2014Votre deuxi\u00e8me album \u00e9tait plus nihiliste mais <em>Into the <\/em>Void est plein de vie et sexuel. Comment s\u2019est produite cette \u00e9volution ?<\/strong><\/span><\/p>\n<p><span style=\"font-family: georgia, palatino, serif; font-size: 12pt;\"><strong>\u2014Konstantin :<\/strong>L\u2019amour, le sexe, la mort et l\u2019\u00e9ph\u00e9m\u00e8re ont \u00e9t\u00e9 mes th\u00e8mes lyriques d\u00e8s le d\u00e9but. Le deuxi\u00e8me album manquait un peu de sex-appeal par rapport \u00e0 notre premier album, j\u2019ai compens\u00e9 avec <em>Into The Void<\/em>(rires).<\/span><\/p>\n<p><span style=\"font-family: georgia, palatino, serif; font-size: 12pt;\"><strong>\u2014Luc Lacroix a rejoint le groupe en tant que batteur live en 2019. Je suppose qu\u2019il est d\u00e9sormais membre \u00e0 part enti\u00e8re de Wisborg. Selon vous, qu\u2019a-t-il apport\u00e9 au son du groupe ?<\/strong><\/span><\/p>\n<p><span style=\"font-family: georgia, palatino, serif; font-size: 12pt;\"><strong>\u2014Nikolas :<\/strong>Luc joue uniquement de la batterie en live et n\u2019est pas impliqu\u00e9 dans le processus d\u2019\u00e9criture des chansons, mais \u00e0 nos yeux, il est membre de <strong>Wisborg<\/strong>.<\/span><\/p>\n<p><span style=\"font-family: georgia, palatino, serif; font-size: 12pt;\"><strong>-Le groupe a r\u00e9alis\u00e9 des remixes pour Chelsea Wolfe, NIN, Then Comes Silence et Agent Side Grinder, entre autres. Qu\u2019essayez-vous d\u2019exprimer avec vos remixes ?<\/strong><\/span><\/p>\n<p><span style=\"font-family: georgia, palatino, serif; font-size: 12pt;\"><strong>\u2014Nikolas :<\/strong>Remixer est tout simplement amusant et permet de d\u00e9couvrir de nouvelles fa\u00e7ons de d\u00e9velopper sa cr\u00e9ativit\u00e9. On adore les artistes avec lesquels on a travaill\u00e9, alors quoi de plus logique que de se demander : \u00ab\u00a0H\u00e9, comment sonnerait la chanson si on ajoutait si ou \u00e7a ?\u00a0\u00bb ou \u00ab\u00a0Comment l\u2019ambiance des voix changerait-elle si les accords du refrain n\u2019\u00e9taient plus du tout les m\u00eames ?\u00a0\u00bb C\u2019est comme \u00eatre enferm\u00e9 dans un magasin de jouets.<\/span><\/p>\n<p><span style=\"font-family: georgia, palatino, serif; font-size: 12pt;\"><strong><b><img decoding=\"async\" class=\"alignleft wp-image-40207\" src=\"https:\/\/elgarajedefrank.es\/wp-content\/uploads\/2022\/01\/a0787613488_10-300x298.jpg\" alt=\"\" width=\"450\" height=\"446\" srcset=\"https:\/\/elgarajedefrank.es\/wp-content\/uploads\/2022\/01\/a0787613488_10-300x298.jpg 300w, https:\/\/elgarajedefrank.es\/wp-content\/uploads\/2022\/01\/a0787613488_10-1024x1015.jpg 1024w, https:\/\/elgarajedefrank.es\/wp-content\/uploads\/2022\/01\/a0787613488_10-150x150.jpg 150w, https:\/\/elgarajedefrank.es\/wp-content\/uploads\/2022\/01\/a0787613488_10-768x762.jpg 768w, https:\/\/elgarajedefrank.es\/wp-content\/uploads\/2022\/01\/a0787613488_10-1170x1160.jpg 1170w, https:\/\/elgarajedefrank.es\/wp-content\/uploads\/2022\/01\/a0787613488_10-585x580.jpg 585w, https:\/\/elgarajedefrank.es\/wp-content\/uploads\/2022\/01\/a0787613488_10-50x50.jpg 50w, https:\/\/elgarajedefrank.es\/wp-content\/uploads\/2022\/01\/a0787613488_10.jpg 1200w\" sizes=\"(max-width: 450px) 100vw, 450px\" \/><\/b>\u2014Dans votre dernier album, on retrouve aussi des remixes inclus dans la version CD (pas vraiment dans la version CD mais sous forme de code de t\u00e9l\u00e9chargement). Comment avez-vous choisi les artistes qui vous ont remix\u00e9s\u00a0? Quel est votre remix pr\u00e9f\u00e9r\u00e9 ?<\/strong><\/span><\/p>\n<p><span style=\"font-family: georgia, palatino, serif; font-size: 12pt;\"><strong>\u2014Konstantin :<\/strong>On a demand\u00e9 \u00e0 des amis musiciens, des personnes que nous avons rencontr\u00e9es au cours de notre voyage musical. C\u2019est toujours cool d\u2019entendre d\u2019autres versions de vos chansons. Ce ne serait pas juste d\u2019en choisir une pr\u00e9f\u00e9r\u00e9e.<\/span><\/p>\n<p><span style=\"font-family: georgia, palatino, serif; font-size: 12pt;\"><strong>\u2014Comment d\u00e9cririez-vous l\u2019\u00e9volution du groupe entre le premier album et <em>Into The Void<\/em>?<\/strong><\/span><\/p>\n<p><span style=\"font-family: georgia, palatino, serif; font-size: 12pt;\"><strong>\u2014Konstantin :<\/strong>\u00c9norme\u00a0!<\/span><\/p>\n<p><span style=\"font-family: georgia, palatino, serif; font-size: 12pt;\"><strong>\u2014<\/strong><strong>Dans cet album, vous avez collabor\u00e9 avec J\u00f8rgen Munkeby et Dani Divine. Pourquoi ? Avez-vous appr\u00e9ci\u00e9 de travailler avec d\u2019autres musiciens ?<\/strong><\/span><\/p>\n<p><span style=\"font-family: georgia, palatino, serif; font-size: 12pt;\"><strong>\u2014Konstantin :<\/strong>On les a choisis car on a estim\u00e9 que leur contribution pouvait am\u00e9liorer les morceaux. C\u2019est le cas \u00e0 mon avis\u00a0! On s\u2019est bien amus\u00e9s, on collaborera s\u00fbrement avec d\u2019autres artistes \u00e0 l\u2019avenir.<\/span><\/p>\n<p><span style=\"font-family: georgia, palatino, serif; font-size: 12pt;\"><strong>\u2014Comment se passe votre service d\u2019abonnement Patreon ? Il vous aide \u00e0 vous rapprocher de vos fans ?<\/strong><\/span><\/p>\n<p><span style=\"font-family: georgia, palatino, serif; font-size: 12pt;\"><strong>\u2014Konstantin :<\/strong>C\u2019est g\u00e9nial d\u2019entrer en contact avec nos fans \u00e0 un niveau plus personnel et leur soutien financier a beaucoup aid\u00e9 \u00e0 la production de <em>Into The Void<\/em>. On vous aime\u00a0!<\/span><\/p>\n<p><span style=\"font-family: georgia, palatino, serif; font-size: 12pt;\"><strong>\u2014<\/strong><strong>Le groupe a r\u00e9cemment re\u00e7u le soutien de la soci\u00e9t\u00e9 su\u00e9doise Hagstrom Guitars. Pouvez-vous nous en dire plus \u00e0 ce sujet\u00a0? Est-ce la guitare que vous avez utilis\u00e9e dans la plupart de vos albums ?<\/strong><\/span><\/p>\n<p><span style=\"font-family: georgia, palatino, serif; font-size: 12pt;\"><strong>-Nikolas :<\/strong>On utilise des guitares Hagstrom depuis le d\u00e9but, que ce soit en studio ou sur sc\u00e8ne. La Super Swede Tremar est mon instrument id\u00e9al, je trouve difficile de jouer avec d\u2019autres guitares. On la voit dans tous les vid\u00e9o-clips. (rires)<\/span><\/p>\n<p><span style=\"font-family: georgia, palatino, serif; font-size: 12pt;\"><strong>\u2014<\/strong><strong>Konstantin, tu joues \u00e9galement dans Morgue Poetry et Kryptotype, que peux-tu nous dire sur ces projets ? J\u2019ai lu dans une interview que vous alliez peut-\u00eatre sortir de nouveaux titres avec Morgue Poetry cette ann\u00e9e, non ?<\/strong><\/span><\/p>\n<p><span style=\"font-family: georgia, palatino, serif; font-size: 12pt;\"><strong>\u2014Konstantin :<\/strong> <strong>Kryptotype<\/strong> est inactif depuis fin 2016, pour diverses raisons. Je n\u2019ai pas l\u2019intention de relancer ce projet. <strong>Morgue Poetry<\/strong> d\u2019autre part, est juste endormi, pas mort. On verra si j\u2019arrive \u00e0 enregistrer de la musique pour ce projet cette ann\u00e9e. On est d\u00e9j\u00e0 bien occup\u00e9s.<\/span><\/p>\n<p><span style=\"font-family: georgia, palatino, serif; font-size: 12pt;\"><strong>\u2014<\/strong><strong>Konstantin et Luc, vous \u00eates \u00e9galement dans DEATH CULT 69. Que pouvez-vous nous dire \u00e0 ce sujet ? C\u2019est plus du doom metal, non ?<\/strong><\/span><\/p>\n<p><span style=\"font-family: georgia, palatino, serif; font-size: 12pt;\"><strong>\u2014Konstantin :<\/strong>J\u2019ai commenc\u00e9 \u00e0 \u00e9crire des riffs de doom pendant la pand\u00e9mie et j\u2019ai eu envie d\u2019en faire des chansons. Une chose menant \u00e0 une autre, notre premier EP <em>Join The Cult<\/em>\u00a0est sorti en num\u00e9rique et en cassette (presque \u00e9puis\u00e9). Si vous voulez toujours vous procurer une copie physique, faites vite : jointhedeathcult.bandcamp.com<\/span><\/p>\n<p><span style=\"font-family: georgia, palatino, serif; font-size: 12pt;\"><strong>\u2014<\/strong><strong>Un nouveau groupe de goth rock que vous aimez ?<\/strong><\/span><\/p>\n<p><span style=\"font-family: georgia, palatino, serif; font-size: 12pt;\"><strong>-Nikolas :<\/strong>Pas vraiment, je suis plus dans le Post Punk en ce moment. Je suis d\u2019autant plus heureux de partager la sc\u00e8ne avec <strong>Then Comes Silence<\/strong>, <strong>Joy\/Disaster<\/strong> et <strong>Ductape<\/strong>.<\/span><\/p>\n<p><span style=\"font-family: georgia, palatino, serif; font-size: 12pt;\"><strong>\u2014<\/strong><strong>Comment avez-vous v\u00e9cu la pand\u00e9mie ?<\/strong><\/span><\/p>\n<p><span style=\"font-family: georgia, palatino, serif; font-size: 12pt;\"><strong>-Nikolas :<\/strong>On a eu la chance de pouvoir donner quelques concerts. Mais on s\u2019est \u00e9galement occup\u00e9s de l\u2019enregistrement du troisi\u00e8me disque. On a fait beaucoup de r\u00e9p\u00e9titions pour adapter les chansons \u00e0 la sc\u00e8ne.<\/span><\/p>\n<p><span style=\"font-family: georgia, palatino, serif; font-size: 12pt;\"><strong>\u2014Que peut-on attendre de votre concert au Dark Winter Festival Li\u00e8ge\u00a0?<\/strong><\/span><\/p>\n<p><span style=\"font-family: georgia, palatino, serif; font-size: 12pt;\"><strong>-Nikolas :<\/strong>Un m\u00e9lange d\u00e9ment de titres des trois albums, empreint de passion et de souffrance.<\/span><\/p>\n","protected":false},"excerpt":{"rendered":"<p>Wisborg est le nom de la ville proche du ch\u00e2teau du comte Orlock dans le&hellip;<\/p>\n","protected":false},"author":2,"featured_media":40148,"comment_status":"open","ping_status":"open","sticky":false,"template":"","format":"standard","meta":{"_lmt_disableupdate":"","_lmt_disable":"","footnotes":""},"categories":[35],"tags":[406],"class_list":["post-40218","post","type-post","status-publish","format-standard","has-post-thumbnail","hentry","category-interviews-fr","tag-rock-gothique"],"yoast_head":"<!-- This site is optimized with the Yoast SEO plugin v27.4 - https:\/\/yoast.com\/product\/yoast-seo-wordpress\/ -->\n<title>Interview: Wisborg &#8212; El Garaje de Frank<\/title>\n<meta name=\"description\" content=\"Interviews &#8212; Interview avec le groupe de goth rock Wisborg.\" \/>\n<meta name=\"robots\" content=\"index, follow, max-snippet:-1, max-image-preview:large, max-video-preview:-1\" \/>\n<link rel=\"canonical\" href=\"https:\/\/elgarajedefrank.es\/fr\/interview-wisborg\/\" \/>\n<meta property=\"og:locale\" content=\"fr_FR\" \/>\n<meta property=\"og:type\" content=\"article\" \/>\n<meta property=\"og:title\" content=\"Interview: Wisborg &#8212; El Garaje de Frank\" \/>\n<meta property=\"og:description\" content=\"Interviews &#8212; Interview avec le groupe de goth rock Wisborg.\" \/>\n<meta property=\"og:url\" content=\"https:\/\/elgarajedefrank.es\/fr\/interview-wisborg\/\" \/>\n<meta property=\"og:site_name\" content=\"El Garaje de Frank\" \/>\n<meta property=\"article:publisher\" content=\"https:\/\/www.facebook.com\/elgarajedefrank\/\" \/>\n<meta property=\"article:published_time\" content=\"2022-01-21T14:21:33+00:00\" \/>\n<meta property=\"article:modified_time\" content=\"2022-01-21T14:35:55+00:00\" \/>\n<meta property=\"og:image\" content=\"https:\/\/elgarajedefrank.es\/wp-content\/uploads\/2022\/01\/WISBORG-Promo-1-Credit-Juli.Krahe_-scaled.jpg\" \/>\n\t<meta property=\"og:image:width\" content=\"1\" \/>\n\t<meta property=\"og:image:height\" content=\"1\" \/>\n\t<meta property=\"og:image:type\" content=\"image\/jpeg\" \/>\n<meta name=\"author\" content=\"Violeta\" \/>\n<meta name=\"twitter:card\" content=\"summary_large_image\" \/>\n<meta name=\"twitter:label1\" content=\"\u00c9crit par\" \/>\n\t<meta name=\"twitter:data1\" content=\"Violeta\" \/>\n\t<meta name=\"twitter:label2\" content=\"Dur\u00e9e de lecture estim\u00e9e\" \/>\n\t<meta name=\"twitter:data2\" content=\"6 minutes\" \/>\n<script type=\"application\/ld+json\" class=\"yoast-schema-graph\">{\"@context\":\"https:\\\/\\\/schema.org\",\"@graph\":[{\"@type\":\"Article\",\"@id\":\"https:\\\/\\\/elgarajedefrank.es\\\/fr\\\/interview-wisborg\\\/#article\",\"isPartOf\":{\"@id\":\"https:\\\/\\\/elgarajedefrank.es\\\/fr\\\/interview-wisborg\\\/\"},\"author\":{\"name\":\"Violeta\",\"@id\":\"https:\\\/\\\/elgarajedefrank.es\\\/fr\\\/#\\\/schema\\\/person\\\/35ec115bc6f8fb3d23238106dc7c1308\"},\"headline\":\"Interview: Wisborg\",\"datePublished\":\"2022-01-21T14:21:33+00:00\",\"dateModified\":\"2022-01-21T14:35:55+00:00\",\"mainEntityOfPage\":{\"@id\":\"https:\\\/\\\/elgarajedefrank.es\\\/fr\\\/interview-wisborg\\\/\"},\"wordCount\":1362,\"commentCount\":0,\"publisher\":{\"@id\":\"https:\\\/\\\/elgarajedefrank.es\\\/fr\\\/#\\\/schema\\\/person\\\/d709c9c33f5f405d44c6c9397889ba15\"},\"image\":{\"@id\":\"https:\\\/\\\/elgarajedefrank.es\\\/fr\\\/interview-wisborg\\\/#primaryimage\"},\"thumbnailUrl\":\"https:\\\/\\\/elgarajedefrank.es\\\/wp-content\\\/uploads\\\/2022\\\/01\\\/WISBORG-Promo-1-Credit-Juli.Krahe_-scaled.jpg\",\"keywords\":[\"Rock gothique\"],\"articleSection\":[\"Interviews\"],\"inLanguage\":\"fr-FR\",\"potentialAction\":[{\"@type\":\"CommentAction\",\"name\":\"Comment\",\"target\":[\"https:\\\/\\\/elgarajedefrank.es\\\/fr\\\/interview-wisborg\\\/#respond\"]}]},{\"@type\":\"WebPage\",\"@id\":\"https:\\\/\\\/elgarajedefrank.es\\\/fr\\\/interview-wisborg\\\/\",\"url\":\"https:\\\/\\\/elgarajedefrank.es\\\/fr\\\/interview-wisborg\\\/\",\"name\":\"Interview: Wisborg &#8212; El Garaje de Frank\",\"isPartOf\":{\"@id\":\"https:\\\/\\\/elgarajedefrank.es\\\/fr\\\/#website\"},\"primaryImageOfPage\":{\"@id\":\"https:\\\/\\\/elgarajedefrank.es\\\/fr\\\/interview-wisborg\\\/#primaryimage\"},\"image\":{\"@id\":\"https:\\\/\\\/elgarajedefrank.es\\\/fr\\\/interview-wisborg\\\/#primaryimage\"},\"thumbnailUrl\":\"https:\\\/\\\/elgarajedefrank.es\\\/wp-content\\\/uploads\\\/2022\\\/01\\\/WISBORG-Promo-1-Credit-Juli.Krahe_-scaled.jpg\",\"datePublished\":\"2022-01-21T14:21:33+00:00\",\"dateModified\":\"2022-01-21T14:35:55+00:00\",\"description\":\"Interviews &#8212; Interview avec le groupe de goth rock Wisborg.\",\"breadcrumb\":{\"@id\":\"https:\\\/\\\/elgarajedefrank.es\\\/fr\\\/interview-wisborg\\\/#breadcrumb\"},\"inLanguage\":\"fr-FR\",\"potentialAction\":[{\"@type\":\"ReadAction\",\"target\":[\"https:\\\/\\\/elgarajedefrank.es\\\/fr\\\/interview-wisborg\\\/\"]}]},{\"@type\":\"ImageObject\",\"inLanguage\":\"fr-FR\",\"@id\":\"https:\\\/\\\/elgarajedefrank.es\\\/fr\\\/interview-wisborg\\\/#primaryimage\",\"url\":\"https:\\\/\\\/elgarajedefrank.es\\\/wp-content\\\/uploads\\\/2022\\\/01\\\/WISBORG-Promo-1-Credit-Juli.Krahe_-scaled.jpg\",\"contentUrl\":\"https:\\\/\\\/elgarajedefrank.es\\\/wp-content\\\/uploads\\\/2022\\\/01\\\/WISBORG-Promo-1-Credit-Juli.Krahe_-scaled.jpg\"},{\"@type\":\"BreadcrumbList\",\"@id\":\"https:\\\/\\\/elgarajedefrank.es\\\/fr\\\/interview-wisborg\\\/#breadcrumb\",\"itemListElement\":[{\"@type\":\"ListItem\",\"position\":1,\"name\":\"Inicio\",\"item\":\"https:\\\/\\\/elgarajedefrank.es\\\/fr\\\/\"},{\"@type\":\"ListItem\",\"position\":2,\"name\":\"Interviews\",\"item\":\"https:\\\/\\\/elgarajedefrank.es\\\/fr\\\/category\\\/interviews-fr\\\/\"},{\"@type\":\"ListItem\",\"position\":3,\"name\":\"Interview: Wisborg\"}]},{\"@type\":\"WebSite\",\"@id\":\"https:\\\/\\\/elgarajedefrank.es\\\/fr\\\/#website\",\"url\":\"https:\\\/\\\/elgarajedefrank.es\\\/fr\\\/\",\"name\":\"El Garaje de Frank\",\"description\":\"Music magazine\",\"publisher\":{\"@id\":\"https:\\\/\\\/elgarajedefrank.es\\\/fr\\\/#\\\/schema\\\/person\\\/d709c9c33f5f405d44c6c9397889ba15\"},\"potentialAction\":[{\"@type\":\"SearchAction\",\"target\":{\"@type\":\"EntryPoint\",\"urlTemplate\":\"https:\\\/\\\/elgarajedefrank.es\\\/fr\\\/?s={search_term_string}\"},\"query-input\":{\"@type\":\"PropertyValueSpecification\",\"valueRequired\":true,\"valueName\":\"search_term_string\"}}],\"inLanguage\":\"fr-FR\"},{\"@type\":[\"Person\",\"Organization\"],\"@id\":\"https:\\\/\\\/elgarajedefrank.es\\\/fr\\\/#\\\/schema\\\/person\\\/d709c9c33f5f405d44c6c9397889ba15\",\"name\":\"Fran\u00e7ois Zappa\",\"image\":{\"@type\":\"ImageObject\",\"inLanguage\":\"fr-FR\",\"@id\":\"https:\\\/\\\/elgarajedefrank.es\\\/wp-content\\\/uploads\\\/2019\\\/10\\\/IMG_8278-150x150.jpg\",\"url\":\"https:\\\/\\\/elgarajedefrank.es\\\/wp-content\\\/uploads\\\/2019\\\/10\\\/IMG_8278-150x150.jpg\",\"contentUrl\":\"https:\\\/\\\/elgarajedefrank.es\\\/wp-content\\\/uploads\\\/2019\\\/10\\\/IMG_8278-150x150.jpg\",\"caption\":\"Fran\u00e7ois Zappa\"},\"logo\":{\"@id\":\"https:\\\/\\\/elgarajedefrank.es\\\/wp-content\\\/uploads\\\/2019\\\/10\\\/IMG_8278-150x150.jpg\"},\"sameAs\":[\"https:\\\/\\\/www.facebook.com\\\/elgarajedefrank\\\/\",\"https:\\\/\\\/www.instagram.com\\\/elgarajedefrank\\\/\"]},{\"@type\":\"Person\",\"@id\":\"https:\\\/\\\/elgarajedefrank.es\\\/fr\\\/#\\\/schema\\\/person\\\/35ec115bc6f8fb3d23238106dc7c1308\",\"name\":\"Violeta\",\"image\":{\"@type\":\"ImageObject\",\"inLanguage\":\"fr-FR\",\"@id\":\"https:\\\/\\\/elgarajedefrank.es\\\/wp-content\\\/uploads\\\/2019\\\/10\\\/IMG_0576-e1570432097945-150x150.jpg\",\"url\":\"https:\\\/\\\/elgarajedefrank.es\\\/wp-content\\\/uploads\\\/2019\\\/10\\\/IMG_0576-e1570432097945-150x150.jpg\",\"contentUrl\":\"https:\\\/\\\/elgarajedefrank.es\\\/wp-content\\\/uploads\\\/2019\\\/10\\\/IMG_0576-e1570432097945-150x150.jpg\",\"caption\":\"Violeta\"}}]}<\/script>\n<!-- \/ Yoast SEO plugin. -->","yoast_head_json":{"title":"Interview: Wisborg &#8212; El Garaje de Frank","description":"Interviews &#8212; Interview avec le groupe de goth rock Wisborg.","robots":{"index":"index","follow":"follow","max-snippet":"max-snippet:-1","max-image-preview":"max-image-preview:large","max-video-preview":"max-video-preview:-1"},"canonical":"https:\/\/elgarajedefrank.es\/fr\/interview-wisborg\/","og_locale":"fr_FR","og_type":"article","og_title":"Interview: Wisborg &#8212; El Garaje de Frank","og_description":"Interviews &#8212; Interview avec le groupe de goth rock Wisborg.","og_url":"https:\/\/elgarajedefrank.es\/fr\/interview-wisborg\/","og_site_name":"El Garaje de Frank","article_publisher":"https:\/\/www.facebook.com\/elgarajedefrank\/","article_published_time":"2022-01-21T14:21:33+00:00","article_modified_time":"2022-01-21T14:35:55+00:00","og_image":[{"url":"https:\/\/elgarajedefrank.es\/wp-content\/uploads\/2022\/01\/WISBORG-Promo-1-Credit-Juli.Krahe_-scaled.jpg","width":1,"height":1,"type":"image\/jpeg"}],"author":"Violeta","twitter_card":"summary_large_image","twitter_misc":{"\u00c9crit par":"Violeta","Dur\u00e9e de lecture estim\u00e9e":"6 minutes"},"schema":{"@context":"https:\/\/schema.org","@graph":[{"@type":"Article","@id":"https:\/\/elgarajedefrank.es\/fr\/interview-wisborg\/#article","isPartOf":{"@id":"https:\/\/elgarajedefrank.es\/fr\/interview-wisborg\/"},"author":{"name":"Violeta","@id":"https:\/\/elgarajedefrank.es\/fr\/#\/schema\/person\/35ec115bc6f8fb3d23238106dc7c1308"},"headline":"Interview: Wisborg","datePublished":"2022-01-21T14:21:33+00:00","dateModified":"2022-01-21T14:35:55+00:00","mainEntityOfPage":{"@id":"https:\/\/elgarajedefrank.es\/fr\/interview-wisborg\/"},"wordCount":1362,"commentCount":0,"publisher":{"@id":"https:\/\/elgarajedefrank.es\/fr\/#\/schema\/person\/d709c9c33f5f405d44c6c9397889ba15"},"image":{"@id":"https:\/\/elgarajedefrank.es\/fr\/interview-wisborg\/#primaryimage"},"thumbnailUrl":"https:\/\/elgarajedefrank.es\/wp-content\/uploads\/2022\/01\/WISBORG-Promo-1-Credit-Juli.Krahe_-scaled.jpg","keywords":["Rock gothique"],"articleSection":["Interviews"],"inLanguage":"fr-FR","potentialAction":[{"@type":"CommentAction","name":"Comment","target":["https:\/\/elgarajedefrank.es\/fr\/interview-wisborg\/#respond"]}]},{"@type":"WebPage","@id":"https:\/\/elgarajedefrank.es\/fr\/interview-wisborg\/","url":"https:\/\/elgarajedefrank.es\/fr\/interview-wisborg\/","name":"Interview: Wisborg &#8212; El Garaje de Frank","isPartOf":{"@id":"https:\/\/elgarajedefrank.es\/fr\/#website"},"primaryImageOfPage":{"@id":"https:\/\/elgarajedefrank.es\/fr\/interview-wisborg\/#primaryimage"},"image":{"@id":"https:\/\/elgarajedefrank.es\/fr\/interview-wisborg\/#primaryimage"},"thumbnailUrl":"https:\/\/elgarajedefrank.es\/wp-content\/uploads\/2022\/01\/WISBORG-Promo-1-Credit-Juli.Krahe_-scaled.jpg","datePublished":"2022-01-21T14:21:33+00:00","dateModified":"2022-01-21T14:35:55+00:00","description":"Interviews &#8212; Interview avec le groupe de goth rock Wisborg.","breadcrumb":{"@id":"https:\/\/elgarajedefrank.es\/fr\/interview-wisborg\/#breadcrumb"},"inLanguage":"fr-FR","potentialAction":[{"@type":"ReadAction","target":["https:\/\/elgarajedefrank.es\/fr\/interview-wisborg\/"]}]},{"@type":"ImageObject","inLanguage":"fr-FR","@id":"https:\/\/elgarajedefrank.es\/fr\/interview-wisborg\/#primaryimage","url":"https:\/\/elgarajedefrank.es\/wp-content\/uploads\/2022\/01\/WISBORG-Promo-1-Credit-Juli.Krahe_-scaled.jpg","contentUrl":"https:\/\/elgarajedefrank.es\/wp-content\/uploads\/2022\/01\/WISBORG-Promo-1-Credit-Juli.Krahe_-scaled.jpg"},{"@type":"BreadcrumbList","@id":"https:\/\/elgarajedefrank.es\/fr\/interview-wisborg\/#breadcrumb","itemListElement":[{"@type":"ListItem","position":1,"name":"Inicio","item":"https:\/\/elgarajedefrank.es\/fr\/"},{"@type":"ListItem","position":2,"name":"Interviews","item":"https:\/\/elgarajedefrank.es\/fr\/category\/interviews-fr\/"},{"@type":"ListItem","position":3,"name":"Interview: Wisborg"}]},{"@type":"WebSite","@id":"https:\/\/elgarajedefrank.es\/fr\/#website","url":"https:\/\/elgarajedefrank.es\/fr\/","name":"El Garaje de Frank","description":"Music magazine","publisher":{"@id":"https:\/\/elgarajedefrank.es\/fr\/#\/schema\/person\/d709c9c33f5f405d44c6c9397889ba15"},"potentialAction":[{"@type":"SearchAction","target":{"@type":"EntryPoint","urlTemplate":"https:\/\/elgarajedefrank.es\/fr\/?s={search_term_string}"},"query-input":{"@type":"PropertyValueSpecification","valueRequired":true,"valueName":"search_term_string"}}],"inLanguage":"fr-FR"},{"@type":["Person","Organization"],"@id":"https:\/\/elgarajedefrank.es\/fr\/#\/schema\/person\/d709c9c33f5f405d44c6c9397889ba15","name":"Fran\u00e7ois Zappa","image":{"@type":"ImageObject","inLanguage":"fr-FR","@id":"https:\/\/elgarajedefrank.es\/wp-content\/uploads\/2019\/10\/IMG_8278-150x150.jpg","url":"https:\/\/elgarajedefrank.es\/wp-content\/uploads\/2019\/10\/IMG_8278-150x150.jpg","contentUrl":"https:\/\/elgarajedefrank.es\/wp-content\/uploads\/2019\/10\/IMG_8278-150x150.jpg","caption":"Fran\u00e7ois Zappa"},"logo":{"@id":"https:\/\/elgarajedefrank.es\/wp-content\/uploads\/2019\/10\/IMG_8278-150x150.jpg"},"sameAs":["https:\/\/www.facebook.com\/elgarajedefrank\/","https:\/\/www.instagram.com\/elgarajedefrank\/"]},{"@type":"Person","@id":"https:\/\/elgarajedefrank.es\/fr\/#\/schema\/person\/35ec115bc6f8fb3d23238106dc7c1308","name":"Violeta","image":{"@type":"ImageObject","inLanguage":"fr-FR","@id":"https:\/\/elgarajedefrank.es\/wp-content\/uploads\/2019\/10\/IMG_0576-e1570432097945-150x150.jpg","url":"https:\/\/elgarajedefrank.es\/wp-content\/uploads\/2019\/10\/IMG_0576-e1570432097945-150x150.jpg","contentUrl":"https:\/\/elgarajedefrank.es\/wp-content\/uploads\/2019\/10\/IMG_0576-e1570432097945-150x150.jpg","caption":"Violeta"}}]}},"_links":{"self":[{"href":"https:\/\/elgarajedefrank.es\/fr\/wp-json\/wp\/v2\/posts\/40218","targetHints":{"allow":["GET"]}}],"collection":[{"href":"https:\/\/elgarajedefrank.es\/fr\/wp-json\/wp\/v2\/posts"}],"about":[{"href":"https:\/\/elgarajedefrank.es\/fr\/wp-json\/wp\/v2\/types\/post"}],"author":[{"embeddable":true,"href":"https:\/\/elgarajedefrank.es\/fr\/wp-json\/wp\/v2\/users\/2"}],"replies":[{"embeddable":true,"href":"https:\/\/elgarajedefrank.es\/fr\/wp-json\/wp\/v2\/comments?post=40218"}],"version-history":[{"count":0,"href":"https:\/\/elgarajedefrank.es\/fr\/wp-json\/wp\/v2\/posts\/40218\/revisions"}],"wp:featuredmedia":[{"embeddable":true,"href":"https:\/\/elgarajedefrank.es\/fr\/wp-json\/wp\/v2\/media\/40148"}],"wp:attachment":[{"href":"https:\/\/elgarajedefrank.es\/fr\/wp-json\/wp\/v2\/media?parent=40218"}],"wp:term":[{"taxonomy":"category","embeddable":true,"href":"https:\/\/elgarajedefrank.es\/fr\/wp-json\/wp\/v2\/categories?post=40218"},{"taxonomy":"post_tag","embeddable":true,"href":"https:\/\/elgarajedefrank.es\/fr\/wp-json\/wp\/v2\/tags?post=40218"}],"curies":[{"name":"wp","href":"https:\/\/api.w.org\/{rel}","templated":true}]}}