{"id":40187,"date":"2022-01-20T15:30:04","date_gmt":"2022-01-20T14:30:04","guid":{"rendered":"https:\/\/elgarajedefrank.es\/?p=40187"},"modified":"2022-01-20T15:31:11","modified_gmt":"2022-01-20T14:31:11","slug":"el-garaje-de-frank-presente-ruben-cruz","status":"publish","type":"post","link":"https:\/\/elgarajedefrank.es\/fr\/el-garaje-de-frank-presente-ruben-cruz\/","title":{"rendered":"El Garaje de Frank pr\u00e9sente : Rub\u00e9n Cruz"},"content":{"rendered":"\t\t<div data-elementor-type=\"wp-post\" data-elementor-id=\"40187\" class=\"elementor elementor-40187\" data-elementor-post-type=\"post\">\n\t\t\t\t\t\t<section class=\"penci-section penci-disSticky penci-structure-10 elementor-section elementor-top-section elementor-element elementor-element-7fb50613 elementor-section-boxed elementor-section-height-default elementor-section-height-default\" data-id=\"7fb50613\" data-element_type=\"section\" data-e-type=\"section\">\n\t\t\t\t\t\t<div class=\"elementor-container elementor-column-gap-default\">\n\t\t\t\t\t<div class=\"penci-ercol-100 penci-ercol-order-1 penci-sticky-ct    elementor-column elementor-col-100 elementor-top-column elementor-element elementor-element-63967436\" data-id=\"63967436\" data-element_type=\"column\" data-e-type=\"column\">\n\t\t\t<div class=\"elementor-widget-wrap elementor-element-populated\">\n\t\t\t\t\t\t<div class=\"elementor-element elementor-element-1fb76e2f elementor-widget elementor-widget-text-editor\" data-id=\"1fb76e2f\" data-element_type=\"widget\" data-e-type=\"widget\" data-widget_type=\"text-editor.default\">\n\t\t\t\t<div class=\"elementor-widget-container\">\n\t\t\t\t\t\t\t\t\t<div class=\"ns4p8fja j83agx80 cbu4d94t a6sixzi8 bkfpd7mw d2edcug0 kb5gq1qc nred35xi jy3qco62 dflh9lhu\" role=\"none\"><div class=\"pfnyh3mw ciadx1gn mudddibn aovydwv3 j83agx80\"><div class=\"ns4p8fja j83agx80 cbu4d94t a6sixzi8 bkfpd7mw d2edcug0 kb5gq1qc nred35xi jy3qco62 dflh9lhu\" role=\"none\"><div class=\"pfnyh3mw ciadx1gn mudddibn aovydwv3 j83agx80\"><p><span style=\"font-family: georgia, palatino, serif; font-size: 12pt; color: #800080;\"><strong>Photo : Cristina del Barco<\/strong><\/span><\/p><p><span style=\"font-family: georgia, palatino, serif; font-size: 12pt; color: #000000;\">Ses sessions House, Disco et Techno, m\u00e9lang\u00e9es avec fra\u00eecheur, force et humour, incitent \u00e0 s\u2019amuser et \u00e0 danser sans retenue d\u00e8s le premier instant.<\/span><\/p><p><span style=\"font-family: georgia, palatino, serif; font-size: 12pt; color: #000000;\">D\u00e8s l\u2019\u00e2ge de 14 ans, il a montr\u00e9 son int\u00e9r\u00eat pour la culture des clubs. Il commence \u00e0 fr\u00e9quenter les sessions de l\u2019apr\u00e8s-midi des clubs de Madrid, o\u00f9 il s\u2019impr\u00e8gne des mix, des sons et des f\u00eates authentiques de la techno, de l\u2019industriel et du funk, pour plus tard exp\u00e9rimenter ses propres sessions influenc\u00e9es par diverses branches de la musique \u00e9lectronique, comme l\u2019EBM, la house et la techno. \u00c0 l\u2019\u00e2ge de 16 ans, il obtient sa premi\u00e8re r\u00e9sidence dans un club du sud de la capitale appel\u00e9 Sibemol, o\u00f9 il mixait de la techno et de la pop industrielle.<\/span><\/p><p><span style=\"font-family: georgia, palatino, serif; font-size: 12pt; color: #000000;\">Sa carri\u00e8re de DJ a commenc\u00e9 \u00e0 prendre forme dans des lieux tels que In, Hook ou Voltereta After dans les Pol\u00edgonos de Urtinsa (Alcorc\u00f3n) o\u00f9 il commen\u00e7ait ses sessions avec une s\u00e9lection soign\u00e9e de House, pour conclure avec la Techno la plus \u00e9lectrisante. Puis vint le Rockola \u00e0 Benidorm pendant l\u2019\u00e9t\u00e9 2001, un club culte pour les amateurs de musique disco, et ensuite Fabrik Madrid, Sojho Malaga, Exodos Valencia, Liquid Aranjuez, Long Play Madrid, Rivers 59 Madrid, Underground Madrid, Warhol Malaga&#8230;<\/span><\/p><\/div><\/div><\/div><\/div>\t\t\t\t\t\t\t\t<\/div>\n\t\t\t\t<\/div>\n\t\t\t\t\t<\/div>\n\t\t<\/div>\n\t\t\t\t\t<\/div>\n\t\t<\/section>\n\t\t\t\t<section class=\"penci-section penci-disSticky penci-structure-10 elementor-section elementor-top-section elementor-element elementor-element-8cdfa0b elementor-section-boxed elementor-section-height-default elementor-section-height-default\" data-id=\"8cdfa0b\" data-element_type=\"section\" data-e-type=\"section\">\n\t\t\t\t\t\t<div class=\"elementor-container elementor-column-gap-default\">\n\t\t\t\t\t<div class=\"penci-ercol-100 penci-ercol-order-1 penci-sticky-ct    elementor-column elementor-col-100 elementor-top-column elementor-element elementor-element-d3d62f9\" data-id=\"d3d62f9\" data-element_type=\"column\" data-e-type=\"column\">\n\t\t\t<div class=\"elementor-widget-wrap elementor-element-populated\">\n\t\t\t\t\t\t<div class=\"elementor-element elementor-element-55f5968 elementor-widget elementor-widget-shortcode\" data-id=\"55f5968\" data-element_type=\"widget\" data-e-type=\"widget\" data-widget_type=\"shortcode.default\">\n\t\t\t\t<div class=\"elementor-widget-container\">\n\t\t\t\t\t\t\t<div class=\"elementor-shortcode\"><iframe width=\"100%\" height=\"166\" scrolling=\"no\" frameborder=\"no\" allow=\"autoplay\" src=\"https:\/\/w.soundcloud.com\/player\/?url=https%3A\/\/api.soundcloud.com\/tracks\/1200015397&color=%23ff5500&auto_play=false&hide_related=false&show_comments=true&show_user=true&show_reposts=false&show_teaser=true\"><\/iframe><div style=\"font-size: 10px; color: #cccccc;line-break: anywhere;word-break: normal;overflow: hidden;white-space: nowrap;text-overflow: ellipsis; font-family: Interstate,Lucida Grande,Lucida Sans Unicode,Lucida Sans,Garuda,Verdana,Tahoma,sans-serif;font-weight: 100;\"><a href=\"https:\/\/soundcloud.com\/violeta_elgarajedefrank\" title=\"Dead Violets Night (El Garaje de Frank)\" target=\"_blank\" style=\"color: #cccccc; text-decoration: none;\">Dead Violets Night (El Garaje de Frank)<\/a> \u00b7 <a href=\"https:\/\/soundcloud.com\/violeta_elgarajedefrank\/el-garage-de-frank-presents-ruben-cruz\" title=\"El Garage de Frank presents: Rub\u00e9n Cruz\" target=\"_blank\" style=\"color: #cccccc; text-decoration: none;\">El Garage de Frank presents: Rub\u00e9n Cruz<\/a><\/div><\/div>\n\t\t\t\t\t\t<\/div>\n\t\t\t\t<\/div>\n\t\t\t\t\t<\/div>\n\t\t<\/div>\n\t\t\t\t\t<\/div>\n\t\t<\/section>\n\t\t\t\t<\/div>\n\t\t","protected":false},"excerpt":{"rendered":"<p>Photo : Cristina del Barco Ses sessions House, Disco et Techno, m\u00e9lang\u00e9es avec fra\u00eecheur, force&hellip;<\/p>\n","protected":false},"author":2,"featured_media":40190,"comment_status":"open","ping_status":"open","sticky":false,"template":"","format":"standard","meta":{"_lmt_disableupdate":"","_lmt_disable":"","footnotes":""},"categories":[673],"tags":[320,368],"class_list":["post-40187","post","type-post","status-publish","format-standard","has-post-thumbnail","hentry","category-mixes-fr","tag-ebm-2-fr","tag-musique-industrielle"],"yoast_head":"<!-- This site is optimized with the Yoast SEO plugin v27.4 - https:\/\/yoast.com\/product\/yoast-seo-wordpress\/ -->\n<title>El Garaje de Frank pr\u00e9sente : Rub\u00e9n Cruz &#8212; El Garaje de Frank<\/title>\n<meta name=\"description\" content=\"Mixes &#8212; Session exclusive d&#039;EBM et d&#039;indus de Rub\u00e9n Cruz.\" \/>\n<meta name=\"robots\" content=\"index, follow, max-snippet:-1, max-image-preview:large, max-video-preview:-1\" \/>\n<link rel=\"canonical\" href=\"https:\/\/elgarajedefrank.es\/fr\/el-garaje-de-frank-presente-ruben-cruz\/\" \/>\n<meta property=\"og:locale\" content=\"fr_FR\" \/>\n<meta property=\"og:type\" content=\"article\" \/>\n<meta property=\"og:title\" content=\"El Garaje de Frank pr\u00e9sente : Rub\u00e9n Cruz &#8212; El Garaje de Frank\" \/>\n<meta property=\"og:description\" content=\"Mixes &#8212; Session exclusive d&#039;EBM et d&#039;indus de Rub\u00e9n Cruz.\" \/>\n<meta property=\"og:url\" content=\"https:\/\/elgarajedefrank.es\/fr\/el-garaje-de-frank-presente-ruben-cruz\/\" \/>\n<meta property=\"og:site_name\" content=\"El Garaje de Frank\" \/>\n<meta property=\"article:publisher\" content=\"https:\/\/www.facebook.com\/elgarajedefrank\/\" \/>\n<meta property=\"article:published_time\" content=\"2022-01-20T14:30:04+00:00\" \/>\n<meta property=\"article:modified_time\" content=\"2022-01-20T14:31:11+00:00\" \/>\n<meta property=\"og:image\" content=\"https:\/\/elgarajedefrank.es\/wp-content\/uploads\/2022\/01\/b9d7f9fb-f03b-438e-8ffa-ceca6ed313f7.jpg\" \/>\n\t<meta property=\"og:image:width\" content=\"2048\" \/>\n\t<meta property=\"og:image:height\" content=\"2018\" \/>\n\t<meta property=\"og:image:type\" content=\"image\/jpeg\" \/>\n<meta name=\"author\" content=\"Violeta\" \/>\n<meta name=\"twitter:card\" content=\"summary_large_image\" \/>\n<meta name=\"twitter:label1\" content=\"\u00c9crit par\" \/>\n\t<meta name=\"twitter:data1\" content=\"Violeta\" \/>\n\t<meta name=\"twitter:label2\" content=\"Dur\u00e9e de lecture estim\u00e9e\" \/>\n\t<meta name=\"twitter:data2\" content=\"2 minutes\" \/>\n<script type=\"application\/ld+json\" class=\"yoast-schema-graph\">{\"@context\":\"https:\\\/\\\/schema.org\",\"@graph\":[{\"@type\":\"Article\",\"@id\":\"https:\\\/\\\/elgarajedefrank.es\\\/fr\\\/el-garaje-de-frank-presente-ruben-cruz\\\/#article\",\"isPartOf\":{\"@id\":\"https:\\\/\\\/elgarajedefrank.es\\\/fr\\\/el-garaje-de-frank-presente-ruben-cruz\\\/\"},\"author\":{\"name\":\"Violeta\",\"@id\":\"https:\\\/\\\/elgarajedefrank.es\\\/fr\\\/#\\\/schema\\\/person\\\/35ec115bc6f8fb3d23238106dc7c1308\"},\"headline\":\"El Garaje de Frank pr\u00e9sente : Rub\u00e9n Cruz\",\"datePublished\":\"2022-01-20T14:30:04+00:00\",\"dateModified\":\"2022-01-20T14:31:11+00:00\",\"mainEntityOfPage\":{\"@id\":\"https:\\\/\\\/elgarajedefrank.es\\\/fr\\\/el-garaje-de-frank-presente-ruben-cruz\\\/\"},\"wordCount\":252,\"commentCount\":0,\"publisher\":{\"@id\":\"https:\\\/\\\/elgarajedefrank.es\\\/fr\\\/#\\\/schema\\\/person\\\/d709c9c33f5f405d44c6c9397889ba15\"},\"image\":{\"@id\":\"https:\\\/\\\/elgarajedefrank.es\\\/fr\\\/el-garaje-de-frank-presente-ruben-cruz\\\/#primaryimage\"},\"thumbnailUrl\":\"https:\\\/\\\/elgarajedefrank.es\\\/wp-content\\\/uploads\\\/2022\\\/01\\\/b9d7f9fb-f03b-438e-8ffa-ceca6ed313f7.jpg\",\"keywords\":[\"EBM\",\"Musique industrielle\"],\"articleSection\":[\"Mixes\"],\"inLanguage\":\"fr-FR\",\"potentialAction\":[{\"@type\":\"CommentAction\",\"name\":\"Comment\",\"target\":[\"https:\\\/\\\/elgarajedefrank.es\\\/fr\\\/el-garaje-de-frank-presente-ruben-cruz\\\/#respond\"]}]},{\"@type\":\"WebPage\",\"@id\":\"https:\\\/\\\/elgarajedefrank.es\\\/fr\\\/el-garaje-de-frank-presente-ruben-cruz\\\/\",\"url\":\"https:\\\/\\\/elgarajedefrank.es\\\/fr\\\/el-garaje-de-frank-presente-ruben-cruz\\\/\",\"name\":\"El Garaje de Frank pr\u00e9sente : Rub\u00e9n Cruz &#8212; El Garaje de Frank\",\"isPartOf\":{\"@id\":\"https:\\\/\\\/elgarajedefrank.es\\\/fr\\\/#website\"},\"primaryImageOfPage\":{\"@id\":\"https:\\\/\\\/elgarajedefrank.es\\\/fr\\\/el-garaje-de-frank-presente-ruben-cruz\\\/#primaryimage\"},\"image\":{\"@id\":\"https:\\\/\\\/elgarajedefrank.es\\\/fr\\\/el-garaje-de-frank-presente-ruben-cruz\\\/#primaryimage\"},\"thumbnailUrl\":\"https:\\\/\\\/elgarajedefrank.es\\\/wp-content\\\/uploads\\\/2022\\\/01\\\/b9d7f9fb-f03b-438e-8ffa-ceca6ed313f7.jpg\",\"datePublished\":\"2022-01-20T14:30:04+00:00\",\"dateModified\":\"2022-01-20T14:31:11+00:00\",\"description\":\"Mixes &#8212; Session exclusive d'EBM et d'indus de Rub\u00e9n Cruz.\",\"breadcrumb\":{\"@id\":\"https:\\\/\\\/elgarajedefrank.es\\\/fr\\\/el-garaje-de-frank-presente-ruben-cruz\\\/#breadcrumb\"},\"inLanguage\":\"fr-FR\",\"potentialAction\":[{\"@type\":\"ReadAction\",\"target\":[\"https:\\\/\\\/elgarajedefrank.es\\\/fr\\\/el-garaje-de-frank-presente-ruben-cruz\\\/\"]}]},{\"@type\":\"ImageObject\",\"inLanguage\":\"fr-FR\",\"@id\":\"https:\\\/\\\/elgarajedefrank.es\\\/fr\\\/el-garaje-de-frank-presente-ruben-cruz\\\/#primaryimage\",\"url\":\"https:\\\/\\\/elgarajedefrank.es\\\/wp-content\\\/uploads\\\/2022\\\/01\\\/b9d7f9fb-f03b-438e-8ffa-ceca6ed313f7.jpg\",\"contentUrl\":\"https:\\\/\\\/elgarajedefrank.es\\\/wp-content\\\/uploads\\\/2022\\\/01\\\/b9d7f9fb-f03b-438e-8ffa-ceca6ed313f7.jpg\",\"width\":2048,\"height\":2018},{\"@type\":\"BreadcrumbList\",\"@id\":\"https:\\\/\\\/elgarajedefrank.es\\\/fr\\\/el-garaje-de-frank-presente-ruben-cruz\\\/#breadcrumb\",\"itemListElement\":[{\"@type\":\"ListItem\",\"position\":1,\"name\":\"Inicio\",\"item\":\"https:\\\/\\\/elgarajedefrank.es\\\/fr\\\/\"},{\"@type\":\"ListItem\",\"position\":2,\"name\":\"Mixes\",\"item\":\"https:\\\/\\\/elgarajedefrank.es\\\/fr\\\/category\\\/mixes-fr\\\/\"},{\"@type\":\"ListItem\",\"position\":3,\"name\":\"El Garaje de Frank pr\u00e9sente : Rub\u00e9n Cruz\"}]},{\"@type\":\"WebSite\",\"@id\":\"https:\\\/\\\/elgarajedefrank.es\\\/fr\\\/#website\",\"url\":\"https:\\\/\\\/elgarajedefrank.es\\\/fr\\\/\",\"name\":\"El Garaje de Frank\",\"description\":\"Music magazine\",\"publisher\":{\"@id\":\"https:\\\/\\\/elgarajedefrank.es\\\/fr\\\/#\\\/schema\\\/person\\\/d709c9c33f5f405d44c6c9397889ba15\"},\"potentialAction\":[{\"@type\":\"SearchAction\",\"target\":{\"@type\":\"EntryPoint\",\"urlTemplate\":\"https:\\\/\\\/elgarajedefrank.es\\\/fr\\\/?s={search_term_string}\"},\"query-input\":{\"@type\":\"PropertyValueSpecification\",\"valueRequired\":true,\"valueName\":\"search_term_string\"}}],\"inLanguage\":\"fr-FR\"},{\"@type\":[\"Person\",\"Organization\"],\"@id\":\"https:\\\/\\\/elgarajedefrank.es\\\/fr\\\/#\\\/schema\\\/person\\\/d709c9c33f5f405d44c6c9397889ba15\",\"name\":\"Fran\u00e7ois Zappa\",\"image\":{\"@type\":\"ImageObject\",\"inLanguage\":\"fr-FR\",\"@id\":\"https:\\\/\\\/elgarajedefrank.es\\\/wp-content\\\/uploads\\\/2019\\\/10\\\/IMG_8278-150x150.jpg\",\"url\":\"https:\\\/\\\/elgarajedefrank.es\\\/wp-content\\\/uploads\\\/2019\\\/10\\\/IMG_8278-150x150.jpg\",\"contentUrl\":\"https:\\\/\\\/elgarajedefrank.es\\\/wp-content\\\/uploads\\\/2019\\\/10\\\/IMG_8278-150x150.jpg\",\"caption\":\"Fran\u00e7ois Zappa\"},\"logo\":{\"@id\":\"https:\\\/\\\/elgarajedefrank.es\\\/wp-content\\\/uploads\\\/2019\\\/10\\\/IMG_8278-150x150.jpg\"},\"sameAs\":[\"https:\\\/\\\/www.facebook.com\\\/elgarajedefrank\\\/\",\"https:\\\/\\\/www.instagram.com\\\/elgarajedefrank\\\/\"]},{\"@type\":\"Person\",\"@id\":\"https:\\\/\\\/elgarajedefrank.es\\\/fr\\\/#\\\/schema\\\/person\\\/35ec115bc6f8fb3d23238106dc7c1308\",\"name\":\"Violeta\",\"image\":{\"@type\":\"ImageObject\",\"inLanguage\":\"fr-FR\",\"@id\":\"https:\\\/\\\/elgarajedefrank.es\\\/wp-content\\\/uploads\\\/2019\\\/10\\\/IMG_0576-e1570432097945-150x150.jpg\",\"url\":\"https:\\\/\\\/elgarajedefrank.es\\\/wp-content\\\/uploads\\\/2019\\\/10\\\/IMG_0576-e1570432097945-150x150.jpg\",\"contentUrl\":\"https:\\\/\\\/elgarajedefrank.es\\\/wp-content\\\/uploads\\\/2019\\\/10\\\/IMG_0576-e1570432097945-150x150.jpg\",\"caption\":\"Violeta\"}}]}<\/script>\n<!-- \/ Yoast SEO plugin. -->","yoast_head_json":{"title":"El Garaje de Frank pr\u00e9sente : Rub\u00e9n Cruz &#8212; El Garaje de Frank","description":"Mixes &#8212; Session exclusive d'EBM et d'indus de Rub\u00e9n Cruz.","robots":{"index":"index","follow":"follow","max-snippet":"max-snippet:-1","max-image-preview":"max-image-preview:large","max-video-preview":"max-video-preview:-1"},"canonical":"https:\/\/elgarajedefrank.es\/fr\/el-garaje-de-frank-presente-ruben-cruz\/","og_locale":"fr_FR","og_type":"article","og_title":"El Garaje de Frank pr\u00e9sente : Rub\u00e9n Cruz &#8212; El Garaje de Frank","og_description":"Mixes &#8212; Session exclusive d'EBM et d'indus de Rub\u00e9n Cruz.","og_url":"https:\/\/elgarajedefrank.es\/fr\/el-garaje-de-frank-presente-ruben-cruz\/","og_site_name":"El Garaje de Frank","article_publisher":"https:\/\/www.facebook.com\/elgarajedefrank\/","article_published_time":"2022-01-20T14:30:04+00:00","article_modified_time":"2022-01-20T14:31:11+00:00","og_image":[{"width":2048,"height":2018,"url":"https:\/\/elgarajedefrank.es\/wp-content\/uploads\/2022\/01\/b9d7f9fb-f03b-438e-8ffa-ceca6ed313f7.jpg","type":"image\/jpeg"}],"author":"Violeta","twitter_card":"summary_large_image","twitter_misc":{"\u00c9crit par":"Violeta","Dur\u00e9e de lecture estim\u00e9e":"2 minutes"},"schema":{"@context":"https:\/\/schema.org","@graph":[{"@type":"Article","@id":"https:\/\/elgarajedefrank.es\/fr\/el-garaje-de-frank-presente-ruben-cruz\/#article","isPartOf":{"@id":"https:\/\/elgarajedefrank.es\/fr\/el-garaje-de-frank-presente-ruben-cruz\/"},"author":{"name":"Violeta","@id":"https:\/\/elgarajedefrank.es\/fr\/#\/schema\/person\/35ec115bc6f8fb3d23238106dc7c1308"},"headline":"El Garaje de Frank pr\u00e9sente : Rub\u00e9n Cruz","datePublished":"2022-01-20T14:30:04+00:00","dateModified":"2022-01-20T14:31:11+00:00","mainEntityOfPage":{"@id":"https:\/\/elgarajedefrank.es\/fr\/el-garaje-de-frank-presente-ruben-cruz\/"},"wordCount":252,"commentCount":0,"publisher":{"@id":"https:\/\/elgarajedefrank.es\/fr\/#\/schema\/person\/d709c9c33f5f405d44c6c9397889ba15"},"image":{"@id":"https:\/\/elgarajedefrank.es\/fr\/el-garaje-de-frank-presente-ruben-cruz\/#primaryimage"},"thumbnailUrl":"https:\/\/elgarajedefrank.es\/wp-content\/uploads\/2022\/01\/b9d7f9fb-f03b-438e-8ffa-ceca6ed313f7.jpg","keywords":["EBM","Musique industrielle"],"articleSection":["Mixes"],"inLanguage":"fr-FR","potentialAction":[{"@type":"CommentAction","name":"Comment","target":["https:\/\/elgarajedefrank.es\/fr\/el-garaje-de-frank-presente-ruben-cruz\/#respond"]}]},{"@type":"WebPage","@id":"https:\/\/elgarajedefrank.es\/fr\/el-garaje-de-frank-presente-ruben-cruz\/","url":"https:\/\/elgarajedefrank.es\/fr\/el-garaje-de-frank-presente-ruben-cruz\/","name":"El Garaje de Frank pr\u00e9sente : Rub\u00e9n Cruz &#8212; El Garaje de Frank","isPartOf":{"@id":"https:\/\/elgarajedefrank.es\/fr\/#website"},"primaryImageOfPage":{"@id":"https:\/\/elgarajedefrank.es\/fr\/el-garaje-de-frank-presente-ruben-cruz\/#primaryimage"},"image":{"@id":"https:\/\/elgarajedefrank.es\/fr\/el-garaje-de-frank-presente-ruben-cruz\/#primaryimage"},"thumbnailUrl":"https:\/\/elgarajedefrank.es\/wp-content\/uploads\/2022\/01\/b9d7f9fb-f03b-438e-8ffa-ceca6ed313f7.jpg","datePublished":"2022-01-20T14:30:04+00:00","dateModified":"2022-01-20T14:31:11+00:00","description":"Mixes &#8212; Session exclusive d'EBM et d'indus de Rub\u00e9n Cruz.","breadcrumb":{"@id":"https:\/\/elgarajedefrank.es\/fr\/el-garaje-de-frank-presente-ruben-cruz\/#breadcrumb"},"inLanguage":"fr-FR","potentialAction":[{"@type":"ReadAction","target":["https:\/\/elgarajedefrank.es\/fr\/el-garaje-de-frank-presente-ruben-cruz\/"]}]},{"@type":"ImageObject","inLanguage":"fr-FR","@id":"https:\/\/elgarajedefrank.es\/fr\/el-garaje-de-frank-presente-ruben-cruz\/#primaryimage","url":"https:\/\/elgarajedefrank.es\/wp-content\/uploads\/2022\/01\/b9d7f9fb-f03b-438e-8ffa-ceca6ed313f7.jpg","contentUrl":"https:\/\/elgarajedefrank.es\/wp-content\/uploads\/2022\/01\/b9d7f9fb-f03b-438e-8ffa-ceca6ed313f7.jpg","width":2048,"height":2018},{"@type":"BreadcrumbList","@id":"https:\/\/elgarajedefrank.es\/fr\/el-garaje-de-frank-presente-ruben-cruz\/#breadcrumb","itemListElement":[{"@type":"ListItem","position":1,"name":"Inicio","item":"https:\/\/elgarajedefrank.es\/fr\/"},{"@type":"ListItem","position":2,"name":"Mixes","item":"https:\/\/elgarajedefrank.es\/fr\/category\/mixes-fr\/"},{"@type":"ListItem","position":3,"name":"El Garaje de Frank pr\u00e9sente : Rub\u00e9n Cruz"}]},{"@type":"WebSite","@id":"https:\/\/elgarajedefrank.es\/fr\/#website","url":"https:\/\/elgarajedefrank.es\/fr\/","name":"El Garaje de Frank","description":"Music magazine","publisher":{"@id":"https:\/\/elgarajedefrank.es\/fr\/#\/schema\/person\/d709c9c33f5f405d44c6c9397889ba15"},"potentialAction":[{"@type":"SearchAction","target":{"@type":"EntryPoint","urlTemplate":"https:\/\/elgarajedefrank.es\/fr\/?s={search_term_string}"},"query-input":{"@type":"PropertyValueSpecification","valueRequired":true,"valueName":"search_term_string"}}],"inLanguage":"fr-FR"},{"@type":["Person","Organization"],"@id":"https:\/\/elgarajedefrank.es\/fr\/#\/schema\/person\/d709c9c33f5f405d44c6c9397889ba15","name":"Fran\u00e7ois Zappa","image":{"@type":"ImageObject","inLanguage":"fr-FR","@id":"https:\/\/elgarajedefrank.es\/wp-content\/uploads\/2019\/10\/IMG_8278-150x150.jpg","url":"https:\/\/elgarajedefrank.es\/wp-content\/uploads\/2019\/10\/IMG_8278-150x150.jpg","contentUrl":"https:\/\/elgarajedefrank.es\/wp-content\/uploads\/2019\/10\/IMG_8278-150x150.jpg","caption":"Fran\u00e7ois Zappa"},"logo":{"@id":"https:\/\/elgarajedefrank.es\/wp-content\/uploads\/2019\/10\/IMG_8278-150x150.jpg"},"sameAs":["https:\/\/www.facebook.com\/elgarajedefrank\/","https:\/\/www.instagram.com\/elgarajedefrank\/"]},{"@type":"Person","@id":"https:\/\/elgarajedefrank.es\/fr\/#\/schema\/person\/35ec115bc6f8fb3d23238106dc7c1308","name":"Violeta","image":{"@type":"ImageObject","inLanguage":"fr-FR","@id":"https:\/\/elgarajedefrank.es\/wp-content\/uploads\/2019\/10\/IMG_0576-e1570432097945-150x150.jpg","url":"https:\/\/elgarajedefrank.es\/wp-content\/uploads\/2019\/10\/IMG_0576-e1570432097945-150x150.jpg","contentUrl":"https:\/\/elgarajedefrank.es\/wp-content\/uploads\/2019\/10\/IMG_0576-e1570432097945-150x150.jpg","caption":"Violeta"}}]}},"_links":{"self":[{"href":"https:\/\/elgarajedefrank.es\/fr\/wp-json\/wp\/v2\/posts\/40187","targetHints":{"allow":["GET"]}}],"collection":[{"href":"https:\/\/elgarajedefrank.es\/fr\/wp-json\/wp\/v2\/posts"}],"about":[{"href":"https:\/\/elgarajedefrank.es\/fr\/wp-json\/wp\/v2\/types\/post"}],"author":[{"embeddable":true,"href":"https:\/\/elgarajedefrank.es\/fr\/wp-json\/wp\/v2\/users\/2"}],"replies":[{"embeddable":true,"href":"https:\/\/elgarajedefrank.es\/fr\/wp-json\/wp\/v2\/comments?post=40187"}],"version-history":[{"count":0,"href":"https:\/\/elgarajedefrank.es\/fr\/wp-json\/wp\/v2\/posts\/40187\/revisions"}],"wp:featuredmedia":[{"embeddable":true,"href":"https:\/\/elgarajedefrank.es\/fr\/wp-json\/wp\/v2\/media\/40190"}],"wp:attachment":[{"href":"https:\/\/elgarajedefrank.es\/fr\/wp-json\/wp\/v2\/media?parent=40187"}],"wp:term":[{"taxonomy":"category","embeddable":true,"href":"https:\/\/elgarajedefrank.es\/fr\/wp-json\/wp\/v2\/categories?post=40187"},{"taxonomy":"post_tag","embeddable":true,"href":"https:\/\/elgarajedefrank.es\/fr\/wp-json\/wp\/v2\/tags?post=40187"}],"curies":[{"name":"wp","href":"https:\/\/api.w.org\/{rel}","templated":true}]}}