{"id":39221,"date":"2021-12-23T11:23:22","date_gmt":"2021-12-23T10:23:22","guid":{"rendered":"https:\/\/elgarajedefrank.es\/?p=39221"},"modified":"2022-04-11T15:24:38","modified_gmt":"2022-04-11T13:24:38","slug":"philippe-laurent-nocturnes","status":"publish","type":"post","link":"https:\/\/elgarajedefrank.es\/fr\/philippe-laurent-nocturnes\/","title":{"rendered":"Philippe Laurent &#8211; Nocturnes"},"content":{"rendered":"\t\t<div data-elementor-type=\"wp-post\" data-elementor-id=\"39221\" class=\"elementor elementor-39221\" data-elementor-post-type=\"post\">\n\t\t\t\t\t\t<section class=\"penci-section penci-disSticky penci-structure-22 elementor-section elementor-top-section elementor-element elementor-element-ffabf0f elementor-section-boxed elementor-section-height-default elementor-section-height-default\" data-id=\"ffabf0f\" data-element_type=\"section\" data-e-type=\"section\">\n\t\t\t\t\t\t<div class=\"elementor-container elementor-column-gap-default\">\n\t\t\t\t\t<div class=\"penci-ercol-66 penci-ercol-order-1 penci-sticky-ct    elementor-column elementor-col-66 elementor-top-column elementor-element elementor-element-12bca8d\" data-id=\"12bca8d\" data-element_type=\"column\" data-e-type=\"column\">\n\t\t\t<div class=\"elementor-widget-wrap elementor-element-populated\">\n\t\t\t\t\t\t<div class=\"elementor-element elementor-element-0a3dd1f elementor-widget elementor-widget-text-editor\" data-id=\"0a3dd1f\" data-element_type=\"widget\" data-e-type=\"widget\" data-widget_type=\"text-editor.default\">\n\t\t\t\t<div class=\"elementor-widget-container\">\n\t\t\t\t\t\t\t\t\t<p><span style=\"font-family: georgia, palatino, serif; font-size: 12pt; color: #000000;\">Le pionnier fran\u00e7ais de la musique \u00e9lectronique <strong>Philippe Laurent<\/strong> vient de sortir un nouvel album de neuf titres enregistr\u00e9s entre 2018 et 2020, intitul\u00e9 <em>Nocturnes<\/em>. Il s\u2019agit de sa nouvelle \u0153uvre apr\u00e8s la s\u00e9rie d\u2019improvisations qu\u2019on vous a d\u00e9j\u00e0 pr\u00e9sent\u00e9e et de son premier album complet apr\u00e8s <em>Consid\u00e9rations inactuelles<\/em>, publi\u00e9 avec <strong>Airworld<\/strong>. On vous rappelle que le producteur, alias <strong>Hot Bip<\/strong>, s\u2019est fait conna\u00eetre dans les ann\u00e9es 80 et a enregistr\u00e9 plusieurs cassettes de minimal wave, compil\u00e9es par le label Minimal Synth en 2011. L\u2019album est masteris\u00e9 par<strong> In Aeternam Vale<\/strong>, autre artiste qu\u2019on adore et qui a sorti une r\u00e9f\u00e9rence sur CD sur Schwerkraft Records.<\/span><\/p><p><span style=\"font-family: georgia, palatino, serif; font-size: 12pt; color: #000000;\">L\u2019album s\u2019inscrit dans une veine plus ambient que les \u0153uvres pr\u00e9c\u00e9dentes de l\u2019auteur. Le premier titre a un c\u00f4t\u00e9 r\u00e9tro futuriste (que l\u2019on retrouve dans pratiquement tout l\u2019album) qui nous pla\u00eet beaucoup, avec de belles m\u00e9lodies enjou\u00e9es. Le deuxi\u00e8me, rehauss\u00e9 par la guitare du compositeur fran\u00e7ais, nous invite \u00e0 la r\u00eaverie. Le troisi\u00e8me, avec le dernier, est l\u2019un des plus longs. Pour notre plus grand plaisir, il se d\u00e9veloppe lentement, en prenant son temps. Les morceaux plus courts, comme \u00ab\u00a0Nocturne 4\u00a0\u00bb, qui pr\u00e9sente la d\u00e9licatesse d\u2019un <strong>Isao Tomita<\/strong> moderne, sont tout aussi beaux. L\u2019\u00e9vocateur morceau 5 est l\u2019un des plus r\u00e9ussis. Le titre 6, et sa partie centrale \u00e9voquant certaines de ses improvisations, est \u00e9galement captivant. \u00ab Nocturne 7\u00a0\u00bb et \u00ab Nocturne 8 \u00bb sont deux morceaux courts, magnifiques et d\u00e9licats. Pour la fin, l\u2019artiste nous r\u00e9serve le meilleur : les quinze minutes inspir\u00e9es de \u00ab Nocturne 9 \u00bb, une musique spatiale et r\u00eaveuse, l\u2019une des meilleures que nous ayons entendues cette ann\u00e9e. Avec <em>Nocturnes<\/em>, <strong>Philippe Laurent<\/strong> nous pr\u00e9sente la bande-son de longues nuits d\u2019hiver, une musique parfaite pour continuer \u00e0 r\u00eaver.<\/span><\/p>\t\t\t\t\t\t\t\t<\/div>\n\t\t\t\t<\/div>\n\t\t\t\t\t<\/div>\n\t\t<\/div>\n\t\t\t\t<div class=\"penci-ercol-33 penci-ercol-order-2 penci-sticky-sb penci-sidebarSC   elementor-column elementor-col-33 elementor-top-column elementor-element elementor-element-a979288\" data-id=\"a979288\" data-element_type=\"column\" data-e-type=\"column\">\n\t\t\t<div class=\"elementor-widget-wrap elementor-element-populated\">\n\t\t\t\t\t\t<div class=\"elementor-element elementor-element-c9333a3 elementor-widget elementor-widget-shortcode\" data-id=\"c9333a3\" data-element_type=\"widget\" data-e-type=\"widget\" data-widget_type=\"shortcode.default\">\n\t\t\t\t<div class=\"elementor-widget-container\">\n\t\t\t\t\t\t\t<div class=\"elementor-shortcode\"><iframe style=\"border: 0; width: 350px; height: 753px;\" src=\"https:\/\/bandcamp.com\/EmbeddedPlayer\/album=399061553\/size=large\/bgcol=ffffff\/linkcol=0687f5\/transparent=true\/\" seamless><a href=\"https:\/\/schwerkraftrecords.bandcamp.com\/album\/nocturnes\">Nocturnes by Philippe Laurent<\/a><\/iframe><\/div>\n\t\t\t\t\t\t<\/div>\n\t\t\t\t<\/div>\n\t\t\t\t\t<\/div>\n\t\t<\/div>\n\t\t\t\t\t<\/div>\n\t\t<\/section>\n\t\t\t\t<\/div>\n\t\t","protected":false},"excerpt":{"rendered":"<p>Le pionnier fran\u00e7ais de la musique \u00e9lectronique Philippe Laurent vient de sortir un nouvel album&hellip;<\/p>\n","protected":false},"author":1,"featured_media":39126,"comment_status":"open","ping_status":"open","sticky":false,"template":"","format":"standard","meta":{"_lmt_disableupdate":"","_lmt_disable":"","footnotes":""},"categories":[43],"tags":[611,797,358],"class_list":["post-39221","post","type-post","status-publish","format-standard","has-post-thumbnail","hentry","category-critiques","tag-ambient-fr","tag-musica-electronica-fr","tag-musique-electronique"],"yoast_head":"<!-- This site is optimized with the Yoast SEO plugin v27.4 - https:\/\/yoast.com\/product\/yoast-seo-wordpress\/ -->\n<title>Philippe Laurent - Nocturnes &#8212; El Garaje de Frank<\/title>\n<meta name=\"description\" content=\"Critiques &#8212; Pr\u00e9sentation du nouvel album de Philippe Laurent, Nocturnes.\" \/>\n<meta name=\"robots\" content=\"index, follow, max-snippet:-1, max-image-preview:large, max-video-preview:-1\" \/>\n<link rel=\"canonical\" href=\"https:\/\/elgarajedefrank.es\/fr\/philippe-laurent-nocturnes\/\" \/>\n<meta property=\"og:locale\" content=\"fr_FR\" \/>\n<meta property=\"og:type\" content=\"article\" \/>\n<meta property=\"og:title\" content=\"Philippe Laurent - Nocturnes &#8212; El Garaje de Frank\" \/>\n<meta property=\"og:description\" content=\"Critiques &#8212; Pr\u00e9sentation du nouvel album de Philippe Laurent, Nocturnes.\" \/>\n<meta property=\"og:url\" content=\"https:\/\/elgarajedefrank.es\/fr\/philippe-laurent-nocturnes\/\" \/>\n<meta property=\"og:site_name\" content=\"El Garaje de Frank\" \/>\n<meta property=\"article:publisher\" content=\"https:\/\/www.facebook.com\/elgarajedefrank\/\" \/>\n<meta property=\"article:author\" content=\"https:\/\/www.facebook.com\/elgarajedefrank\/\" \/>\n<meta property=\"article:published_time\" content=\"2021-12-23T10:23:22+00:00\" \/>\n<meta property=\"article:modified_time\" content=\"2022-04-11T13:24:38+00:00\" \/>\n<meta property=\"og:image\" content=\"https:\/\/elgarajedefrank.es\/wp-content\/uploads\/2021\/12\/R-20994712-1637015172-7569.jpeg.jpg\" \/>\n\t<meta property=\"og:image:width\" content=\"599\" \/>\n\t<meta property=\"og:image:height\" content=\"535\" \/>\n\t<meta property=\"og:image:type\" content=\"image\/jpeg\" \/>\n<meta name=\"author\" content=\"Fran\u00e7ois Zappa\" \/>\n<meta name=\"twitter:card\" content=\"summary_large_image\" \/>\n<meta name=\"twitter:label1\" content=\"\u00c9crit par\" \/>\n\t<meta name=\"twitter:data1\" content=\"Fran\u00e7ois Zappa\" \/>\n\t<meta name=\"twitter:label2\" content=\"Dur\u00e9e de lecture estim\u00e9e\" \/>\n\t<meta name=\"twitter:data2\" content=\"2 minutes\" \/>\n<script type=\"application\/ld+json\" class=\"yoast-schema-graph\">{\"@context\":\"https:\\\/\\\/schema.org\",\"@graph\":[{\"@type\":\"Article\",\"@id\":\"https:\\\/\\\/elgarajedefrank.es\\\/fr\\\/philippe-laurent-nocturnes\\\/#article\",\"isPartOf\":{\"@id\":\"https:\\\/\\\/elgarajedefrank.es\\\/fr\\\/philippe-laurent-nocturnes\\\/\"},\"author\":{\"name\":\"Fran\u00e7ois Zappa\",\"@id\":\"https:\\\/\\\/elgarajedefrank.es\\\/fr\\\/#\\\/schema\\\/person\\\/d709c9c33f5f405d44c6c9397889ba15\"},\"headline\":\"Philippe Laurent &#8211; Nocturnes\",\"datePublished\":\"2021-12-23T10:23:22+00:00\",\"dateModified\":\"2022-04-11T13:24:38+00:00\",\"mainEntityOfPage\":{\"@id\":\"https:\\\/\\\/elgarajedefrank.es\\\/fr\\\/philippe-laurent-nocturnes\\\/\"},\"wordCount\":332,\"commentCount\":0,\"publisher\":{\"@id\":\"https:\\\/\\\/elgarajedefrank.es\\\/fr\\\/#\\\/schema\\\/person\\\/d709c9c33f5f405d44c6c9397889ba15\"},\"image\":{\"@id\":\"https:\\\/\\\/elgarajedefrank.es\\\/fr\\\/philippe-laurent-nocturnes\\\/#primaryimage\"},\"thumbnailUrl\":\"https:\\\/\\\/elgarajedefrank.es\\\/wp-content\\\/uploads\\\/2021\\\/12\\\/R-20994712-1637015172-7569.jpeg.jpg\",\"keywords\":[\"Ambient\",\"M\u00fasica electr\u00f3nica\",\"Musique \u00e9lectronique\"],\"articleSection\":[\"Critiques\"],\"inLanguage\":\"fr-FR\",\"potentialAction\":[{\"@type\":\"CommentAction\",\"name\":\"Comment\",\"target\":[\"https:\\\/\\\/elgarajedefrank.es\\\/fr\\\/philippe-laurent-nocturnes\\\/#respond\"]}]},{\"@type\":\"WebPage\",\"@id\":\"https:\\\/\\\/elgarajedefrank.es\\\/fr\\\/philippe-laurent-nocturnes\\\/\",\"url\":\"https:\\\/\\\/elgarajedefrank.es\\\/fr\\\/philippe-laurent-nocturnes\\\/\",\"name\":\"Philippe Laurent - Nocturnes &#8212; El Garaje de Frank\",\"isPartOf\":{\"@id\":\"https:\\\/\\\/elgarajedefrank.es\\\/fr\\\/#website\"},\"primaryImageOfPage\":{\"@id\":\"https:\\\/\\\/elgarajedefrank.es\\\/fr\\\/philippe-laurent-nocturnes\\\/#primaryimage\"},\"image\":{\"@id\":\"https:\\\/\\\/elgarajedefrank.es\\\/fr\\\/philippe-laurent-nocturnes\\\/#primaryimage\"},\"thumbnailUrl\":\"https:\\\/\\\/elgarajedefrank.es\\\/wp-content\\\/uploads\\\/2021\\\/12\\\/R-20994712-1637015172-7569.jpeg.jpg\",\"datePublished\":\"2021-12-23T10:23:22+00:00\",\"dateModified\":\"2022-04-11T13:24:38+00:00\",\"description\":\"Critiques &#8212; Pr\u00e9sentation du nouvel album de Philippe Laurent, Nocturnes.\",\"breadcrumb\":{\"@id\":\"https:\\\/\\\/elgarajedefrank.es\\\/fr\\\/philippe-laurent-nocturnes\\\/#breadcrumb\"},\"inLanguage\":\"fr-FR\",\"potentialAction\":[{\"@type\":\"ReadAction\",\"target\":[\"https:\\\/\\\/elgarajedefrank.es\\\/fr\\\/philippe-laurent-nocturnes\\\/\"]}]},{\"@type\":\"ImageObject\",\"inLanguage\":\"fr-FR\",\"@id\":\"https:\\\/\\\/elgarajedefrank.es\\\/fr\\\/philippe-laurent-nocturnes\\\/#primaryimage\",\"url\":\"https:\\\/\\\/elgarajedefrank.es\\\/wp-content\\\/uploads\\\/2021\\\/12\\\/R-20994712-1637015172-7569.jpeg.jpg\",\"contentUrl\":\"https:\\\/\\\/elgarajedefrank.es\\\/wp-content\\\/uploads\\\/2021\\\/12\\\/R-20994712-1637015172-7569.jpeg.jpg\",\"width\":599,\"height\":535},{\"@type\":\"BreadcrumbList\",\"@id\":\"https:\\\/\\\/elgarajedefrank.es\\\/fr\\\/philippe-laurent-nocturnes\\\/#breadcrumb\",\"itemListElement\":[{\"@type\":\"ListItem\",\"position\":1,\"name\":\"Inicio\",\"item\":\"https:\\\/\\\/elgarajedefrank.es\\\/fr\\\/\"},{\"@type\":\"ListItem\",\"position\":2,\"name\":\"Critiques\",\"item\":\"https:\\\/\\\/elgarajedefrank.es\\\/fr\\\/category\\\/critiques\\\/\"},{\"@type\":\"ListItem\",\"position\":3,\"name\":\"Philippe Laurent &#8211; Nocturnes\"}]},{\"@type\":\"WebSite\",\"@id\":\"https:\\\/\\\/elgarajedefrank.es\\\/fr\\\/#website\",\"url\":\"https:\\\/\\\/elgarajedefrank.es\\\/fr\\\/\",\"name\":\"El Garaje de Frank\",\"description\":\"Music magazine\",\"publisher\":{\"@id\":\"https:\\\/\\\/elgarajedefrank.es\\\/fr\\\/#\\\/schema\\\/person\\\/d709c9c33f5f405d44c6c9397889ba15\"},\"potentialAction\":[{\"@type\":\"SearchAction\",\"target\":{\"@type\":\"EntryPoint\",\"urlTemplate\":\"https:\\\/\\\/elgarajedefrank.es\\\/fr\\\/?s={search_term_string}\"},\"query-input\":{\"@type\":\"PropertyValueSpecification\",\"valueRequired\":true,\"valueName\":\"search_term_string\"}}],\"inLanguage\":\"fr-FR\"},{\"@type\":[\"Person\",\"Organization\"],\"@id\":\"https:\\\/\\\/elgarajedefrank.es\\\/fr\\\/#\\\/schema\\\/person\\\/d709c9c33f5f405d44c6c9397889ba15\",\"name\":\"Fran\u00e7ois Zappa\",\"image\":{\"@type\":\"ImageObject\",\"inLanguage\":\"fr-FR\",\"@id\":\"https:\\\/\\\/elgarajedefrank.es\\\/wp-content\\\/uploads\\\/2019\\\/10\\\/IMG_8278-150x150.jpg\",\"url\":\"https:\\\/\\\/elgarajedefrank.es\\\/wp-content\\\/uploads\\\/2019\\\/10\\\/IMG_8278-150x150.jpg\",\"contentUrl\":\"https:\\\/\\\/elgarajedefrank.es\\\/wp-content\\\/uploads\\\/2019\\\/10\\\/IMG_8278-150x150.jpg\",\"caption\":\"Fran\u00e7ois Zappa\"},\"logo\":{\"@id\":\"https:\\\/\\\/elgarajedefrank.es\\\/wp-content\\\/uploads\\\/2019\\\/10\\\/IMG_8278-150x150.jpg\"},\"sameAs\":[\"https:\\\/\\\/www.facebook.com\\\/elgarajedefrank\\\/\",\"https:\\\/\\\/www.instagram.com\\\/elgarajedefrank\\\/\"]}]}<\/script>\n<!-- \/ Yoast SEO plugin. -->","yoast_head_json":{"title":"Philippe Laurent - Nocturnes &#8212; El Garaje de Frank","description":"Critiques &#8212; Pr\u00e9sentation du nouvel album de Philippe Laurent, Nocturnes.","robots":{"index":"index","follow":"follow","max-snippet":"max-snippet:-1","max-image-preview":"max-image-preview:large","max-video-preview":"max-video-preview:-1"},"canonical":"https:\/\/elgarajedefrank.es\/fr\/philippe-laurent-nocturnes\/","og_locale":"fr_FR","og_type":"article","og_title":"Philippe Laurent - Nocturnes &#8212; El Garaje de Frank","og_description":"Critiques &#8212; Pr\u00e9sentation du nouvel album de Philippe Laurent, Nocturnes.","og_url":"https:\/\/elgarajedefrank.es\/fr\/philippe-laurent-nocturnes\/","og_site_name":"El Garaje de Frank","article_publisher":"https:\/\/www.facebook.com\/elgarajedefrank\/","article_author":"https:\/\/www.facebook.com\/elgarajedefrank\/","article_published_time":"2021-12-23T10:23:22+00:00","article_modified_time":"2022-04-11T13:24:38+00:00","og_image":[{"width":599,"height":535,"url":"https:\/\/elgarajedefrank.es\/wp-content\/uploads\/2021\/12\/R-20994712-1637015172-7569.jpeg.jpg","type":"image\/jpeg"}],"author":"Fran\u00e7ois Zappa","twitter_card":"summary_large_image","twitter_misc":{"\u00c9crit par":"Fran\u00e7ois Zappa","Dur\u00e9e de lecture estim\u00e9e":"2 minutes"},"schema":{"@context":"https:\/\/schema.org","@graph":[{"@type":"Article","@id":"https:\/\/elgarajedefrank.es\/fr\/philippe-laurent-nocturnes\/#article","isPartOf":{"@id":"https:\/\/elgarajedefrank.es\/fr\/philippe-laurent-nocturnes\/"},"author":{"name":"Fran\u00e7ois Zappa","@id":"https:\/\/elgarajedefrank.es\/fr\/#\/schema\/person\/d709c9c33f5f405d44c6c9397889ba15"},"headline":"Philippe Laurent &#8211; Nocturnes","datePublished":"2021-12-23T10:23:22+00:00","dateModified":"2022-04-11T13:24:38+00:00","mainEntityOfPage":{"@id":"https:\/\/elgarajedefrank.es\/fr\/philippe-laurent-nocturnes\/"},"wordCount":332,"commentCount":0,"publisher":{"@id":"https:\/\/elgarajedefrank.es\/fr\/#\/schema\/person\/d709c9c33f5f405d44c6c9397889ba15"},"image":{"@id":"https:\/\/elgarajedefrank.es\/fr\/philippe-laurent-nocturnes\/#primaryimage"},"thumbnailUrl":"https:\/\/elgarajedefrank.es\/wp-content\/uploads\/2021\/12\/R-20994712-1637015172-7569.jpeg.jpg","keywords":["Ambient","M\u00fasica electr\u00f3nica","Musique \u00e9lectronique"],"articleSection":["Critiques"],"inLanguage":"fr-FR","potentialAction":[{"@type":"CommentAction","name":"Comment","target":["https:\/\/elgarajedefrank.es\/fr\/philippe-laurent-nocturnes\/#respond"]}]},{"@type":"WebPage","@id":"https:\/\/elgarajedefrank.es\/fr\/philippe-laurent-nocturnes\/","url":"https:\/\/elgarajedefrank.es\/fr\/philippe-laurent-nocturnes\/","name":"Philippe Laurent - Nocturnes &#8212; El Garaje de Frank","isPartOf":{"@id":"https:\/\/elgarajedefrank.es\/fr\/#website"},"primaryImageOfPage":{"@id":"https:\/\/elgarajedefrank.es\/fr\/philippe-laurent-nocturnes\/#primaryimage"},"image":{"@id":"https:\/\/elgarajedefrank.es\/fr\/philippe-laurent-nocturnes\/#primaryimage"},"thumbnailUrl":"https:\/\/elgarajedefrank.es\/wp-content\/uploads\/2021\/12\/R-20994712-1637015172-7569.jpeg.jpg","datePublished":"2021-12-23T10:23:22+00:00","dateModified":"2022-04-11T13:24:38+00:00","description":"Critiques &#8212; Pr\u00e9sentation du nouvel album de Philippe Laurent, Nocturnes.","breadcrumb":{"@id":"https:\/\/elgarajedefrank.es\/fr\/philippe-laurent-nocturnes\/#breadcrumb"},"inLanguage":"fr-FR","potentialAction":[{"@type":"ReadAction","target":["https:\/\/elgarajedefrank.es\/fr\/philippe-laurent-nocturnes\/"]}]},{"@type":"ImageObject","inLanguage":"fr-FR","@id":"https:\/\/elgarajedefrank.es\/fr\/philippe-laurent-nocturnes\/#primaryimage","url":"https:\/\/elgarajedefrank.es\/wp-content\/uploads\/2021\/12\/R-20994712-1637015172-7569.jpeg.jpg","contentUrl":"https:\/\/elgarajedefrank.es\/wp-content\/uploads\/2021\/12\/R-20994712-1637015172-7569.jpeg.jpg","width":599,"height":535},{"@type":"BreadcrumbList","@id":"https:\/\/elgarajedefrank.es\/fr\/philippe-laurent-nocturnes\/#breadcrumb","itemListElement":[{"@type":"ListItem","position":1,"name":"Inicio","item":"https:\/\/elgarajedefrank.es\/fr\/"},{"@type":"ListItem","position":2,"name":"Critiques","item":"https:\/\/elgarajedefrank.es\/fr\/category\/critiques\/"},{"@type":"ListItem","position":3,"name":"Philippe Laurent &#8211; Nocturnes"}]},{"@type":"WebSite","@id":"https:\/\/elgarajedefrank.es\/fr\/#website","url":"https:\/\/elgarajedefrank.es\/fr\/","name":"El Garaje de Frank","description":"Music magazine","publisher":{"@id":"https:\/\/elgarajedefrank.es\/fr\/#\/schema\/person\/d709c9c33f5f405d44c6c9397889ba15"},"potentialAction":[{"@type":"SearchAction","target":{"@type":"EntryPoint","urlTemplate":"https:\/\/elgarajedefrank.es\/fr\/?s={search_term_string}"},"query-input":{"@type":"PropertyValueSpecification","valueRequired":true,"valueName":"search_term_string"}}],"inLanguage":"fr-FR"},{"@type":["Person","Organization"],"@id":"https:\/\/elgarajedefrank.es\/fr\/#\/schema\/person\/d709c9c33f5f405d44c6c9397889ba15","name":"Fran\u00e7ois Zappa","image":{"@type":"ImageObject","inLanguage":"fr-FR","@id":"https:\/\/elgarajedefrank.es\/wp-content\/uploads\/2019\/10\/IMG_8278-150x150.jpg","url":"https:\/\/elgarajedefrank.es\/wp-content\/uploads\/2019\/10\/IMG_8278-150x150.jpg","contentUrl":"https:\/\/elgarajedefrank.es\/wp-content\/uploads\/2019\/10\/IMG_8278-150x150.jpg","caption":"Fran\u00e7ois Zappa"},"logo":{"@id":"https:\/\/elgarajedefrank.es\/wp-content\/uploads\/2019\/10\/IMG_8278-150x150.jpg"},"sameAs":["https:\/\/www.facebook.com\/elgarajedefrank\/","https:\/\/www.instagram.com\/elgarajedefrank\/"]}]}},"_links":{"self":[{"href":"https:\/\/elgarajedefrank.es\/fr\/wp-json\/wp\/v2\/posts\/39221","targetHints":{"allow":["GET"]}}],"collection":[{"href":"https:\/\/elgarajedefrank.es\/fr\/wp-json\/wp\/v2\/posts"}],"about":[{"href":"https:\/\/elgarajedefrank.es\/fr\/wp-json\/wp\/v2\/types\/post"}],"author":[{"embeddable":true,"href":"https:\/\/elgarajedefrank.es\/fr\/wp-json\/wp\/v2\/users\/1"}],"replies":[{"embeddable":true,"href":"https:\/\/elgarajedefrank.es\/fr\/wp-json\/wp\/v2\/comments?post=39221"}],"version-history":[{"count":0,"href":"https:\/\/elgarajedefrank.es\/fr\/wp-json\/wp\/v2\/posts\/39221\/revisions"}],"wp:featuredmedia":[{"embeddable":true,"href":"https:\/\/elgarajedefrank.es\/fr\/wp-json\/wp\/v2\/media\/39126"}],"wp:attachment":[{"href":"https:\/\/elgarajedefrank.es\/fr\/wp-json\/wp\/v2\/media?parent=39221"}],"wp:term":[{"taxonomy":"category","embeddable":true,"href":"https:\/\/elgarajedefrank.es\/fr\/wp-json\/wp\/v2\/categories?post=39221"},{"taxonomy":"post_tag","embeddable":true,"href":"https:\/\/elgarajedefrank.es\/fr\/wp-json\/wp\/v2\/tags?post=39221"}],"curies":[{"name":"wp","href":"https:\/\/api.w.org\/{rel}","templated":true}]}}