{"id":38620,"date":"2021-12-13T16:38:59","date_gmt":"2021-12-13T15:38:59","guid":{"rendered":"https:\/\/elgarajedefrank.es\/?p=38620"},"modified":"2022-04-11T15:29:25","modified_gmt":"2022-04-11T13:29:25","slug":"wisborg-into-the-void","status":"publish","type":"post","link":"https:\/\/elgarajedefrank.es\/fr\/wisborg-into-the-void\/","title":{"rendered":"Wisborg &#8211; Into The Void"},"content":{"rendered":"\t\t<div data-elementor-type=\"wp-post\" data-elementor-id=\"38620\" class=\"elementor elementor-38620\" data-elementor-post-type=\"post\">\n\t\t\t\t\t\t<section class=\"penci-section penci-disSticky penci-structure-22 elementor-section elementor-top-section elementor-element elementor-element-a46e577 elementor-section-boxed elementor-section-height-default elementor-section-height-default\" data-id=\"a46e577\" data-element_type=\"section\" data-e-type=\"section\">\n\t\t\t\t\t\t<div class=\"elementor-container elementor-column-gap-default\">\n\t\t\t\t\t<div class=\"penci-ercol-66 penci-ercol-order-1 penci-sticky-ct    elementor-column elementor-col-66 elementor-top-column elementor-element elementor-element-0884c84\" data-id=\"0884c84\" data-element_type=\"column\" data-e-type=\"column\">\n\t\t\t<div class=\"elementor-widget-wrap elementor-element-populated\">\n\t\t\t\t\t\t<div class=\"elementor-element elementor-element-b039123 elementor-widget elementor-widget-text-editor\" data-id=\"b039123\" data-element_type=\"widget\" data-e-type=\"widget\" data-widget_type=\"text-editor.default\">\n\t\t\t\t<div class=\"elementor-widget-container\">\n\t\t\t\t\t\t\t\t\t<p><span style=\"font-family: georgia, palatino, serif; font-size: 12pt; color: #000000;\">Apr\u00e8s leurs deux premiers albums<em>, The Tragedy of Gone<\/em> (2018) et <em>From The Cradle To The Coffin<\/em> (2019), le groupe de goth rock germanique <strong>Wisborg<\/strong> revient en force avec <em>Into The Void<\/em>, leur derni\u00e8re sortie. Paru le 19\u00a0mars 2021, l\u2019album est disponible aux formats disque compact, vinyle et num\u00e9rique.<\/span><\/p><p><span style=\"font-family: georgia, palatino, serif; font-size: 12pt; color: #000000;\">Plut\u00f4t exp\u00e9rimental dans son ensemble, <em>Into The Void <\/em>est pourvu de belles qualit\u00e9s qui font de lui le plus int\u00e9ressant des albums de <strong>Wisborg. <\/strong>Vari\u00e9 dans ses sonorit\u00e9s, ses ambiances et ses \u00e9nergies, il entra\u00eene l\u2019auditeur d\u00e8s les premi\u00e8res secondes \u00e0 travers un univers musical sombre et po\u00e9tique. Le mixage l\u00e9ch\u00e9 met parfaitement en valeur la voix nimb\u00e9e de lyrisme ainsi que la batterie incisive, les synth\u00e9tiseurs granuleux, les basses et les guitares bourdonnantes. Un m\u00e9lange d\u00e9tonnant aux harmonies bien pleines et r\u00e9verb\u00e9r\u00e9es qui ravira certainement les fans de <strong>New Order <\/strong>ou de <strong>The Sisters of Mercy<\/strong>.<\/span><\/p><p><span style=\"font-family: georgia, palatino, serif; font-size: 12pt; color: #000000;\">Parmi les neuf pistes qui composent cet album, nous avons particuli\u00e8rement aim\u00e9 les belles m\u00e9lodies ondoyantes de \u00ab\u2009Perfume &amp; Cigarettes\u2009\u00bb, soulign\u00e9es avec efficacit\u00e9 par des guitares dont le r\u00f4le oscille entre rythmique et contrechant. Tr\u00e8s organique, \u00ab\u2009L\u2019Amour Fait Mal\u2009\u00bb r\u00e9gale avec ses parties de synth\u00e9tiseurs qui font tout le cachet du titre et la voix langoureuse de <strong>Dani Divine. <\/strong>\u00ab\u2009Vampyre\u2009\u00bb intrigue avec sa rupture centrale vers 02:24 qui casse le rythme tr\u00e9pidant du titre. Enfin, \u00ab\u2009Oblivion\u2009\u00bb offre un final des plus sombre qui exacerbe la puissance de l\u2019album en prenant le temps de se d\u00e9velopper avec ses 9\u00a0minutes de musique.<\/span><\/p><p><span style=\"font-family: georgia, palatino, serif; font-size: 12pt; color: #000000;\">Des chansons bien \u00e9crites, un univers po\u00e9tique et de tr\u00e8s beaux th\u00e8mes musicaux. Voici trois bonnes raisons d\u2019\u00e9couter <em>Into The Void<\/em> et de (re) d\u00e9couvrir les talentueux Allemands de <strong>Wisborg<\/strong>.<\/span><\/p>\t\t\t\t\t\t\t\t<\/div>\n\t\t\t\t<\/div>\n\t\t\t\t\t<\/div>\n\t\t<\/div>\n\t\t\t\t<div class=\"penci-ercol-33 penci-ercol-order-2 penci-sticky-sb penci-sidebarSC   elementor-column elementor-col-33 elementor-top-column elementor-element elementor-element-a4df441\" data-id=\"a4df441\" data-element_type=\"column\" data-e-type=\"column\">\n\t\t\t<div class=\"elementor-widget-wrap elementor-element-populated\">\n\t\t\t\t\t\t<div class=\"elementor-element elementor-element-4ed4013 elementor-widget elementor-widget-shortcode\" data-id=\"4ed4013\" data-element_type=\"widget\" data-e-type=\"widget\" data-widget_type=\"shortcode.default\">\n\t\t\t\t<div class=\"elementor-widget-container\">\n\t\t\t\t\t\t\t<div class=\"elementor-shortcode\"><iframe style=\"border: 0; width: 350px; height: 753px;\" src=\"https:\/\/bandcamp.com\/EmbeddedPlayer\/album=291441071\/size=large\/bgcol=ffffff\/linkcol=0687f5\/transparent=true\/\" seamless><a href=\"https:\/\/wisborg.bandcamp.com\/album\/into-the-void\">Into The Void by WISBORG<\/a><\/iframe><\/div>\n\t\t\t\t\t\t<\/div>\n\t\t\t\t<\/div>\n\t\t\t\t\t<\/div>\n\t\t<\/div>\n\t\t\t\t\t<\/div>\n\t\t<\/section>\n\t\t\t\t<\/div>\n\t\t","protected":false},"excerpt":{"rendered":"<p>Apr\u00e8s leurs deux premiers albums, The Tragedy of Gone (2018) et From The Cradle To&hellip;<\/p>\n","protected":false},"author":5,"featured_media":38641,"comment_status":"open","ping_status":"open","sticky":false,"template":"","format":"standard","meta":{"_lmt_disableupdate":"","_lmt_disable":"","footnotes":""},"categories":[43],"tags":[541,541,334,406],"class_list":{"0":"post-38620","1":"post","2":"type-post","3":"status-publish","4":"format-standard","5":"has-post-thumbnail","6":"hentry","7":"category-critiques","8":"tag-dark-rock-fr","10":"tag-gothique","11":"tag-rock-gothique"},"yoast_head":"<!-- This site is optimized with the Yoast SEO plugin v27.4 - https:\/\/yoast.com\/product\/yoast-seo-wordpress\/ -->\n<title>Wisborg - Into The Void &#8212; El Garaje de Frank<\/title>\n<meta name=\"description\" content=\"Critiques &#8212; Pr\u00e9sentation du dernier album du groupe de rock gothique Wisborg, Into the Void.\" \/>\n<meta name=\"robots\" content=\"index, follow, max-snippet:-1, max-image-preview:large, max-video-preview:-1\" \/>\n<link rel=\"canonical\" href=\"https:\/\/elgarajedefrank.es\/fr\/wisborg-into-the-void\/\" \/>\n<meta property=\"og:locale\" content=\"fr_FR\" \/>\n<meta property=\"og:type\" content=\"article\" \/>\n<meta property=\"og:title\" content=\"Wisborg - Into The Void &#8212; El Garaje de Frank\" \/>\n<meta property=\"og:description\" content=\"Critiques &#8212; Pr\u00e9sentation du dernier album du groupe de rock gothique Wisborg, Into the Void.\" \/>\n<meta property=\"og:url\" content=\"https:\/\/elgarajedefrank.es\/fr\/wisborg-into-the-void\/\" \/>\n<meta property=\"og:site_name\" content=\"El Garaje de Frank\" \/>\n<meta property=\"article:publisher\" content=\"https:\/\/www.facebook.com\/elgarajedefrank\/\" \/>\n<meta property=\"article:published_time\" content=\"2021-12-13T15:38:59+00:00\" \/>\n<meta property=\"article:modified_time\" content=\"2022-04-11T13:29:25+00:00\" \/>\n<meta property=\"og:image\" content=\"https:\/\/elgarajedefrank.es\/wp-content\/uploads\/2021\/12\/a0787613488_10.jpg\" \/>\n\t<meta property=\"og:image:width\" content=\"1200\" \/>\n\t<meta property=\"og:image:height\" content=\"1190\" \/>\n\t<meta property=\"og:image:type\" content=\"image\/jpeg\" \/>\n<meta name=\"author\" content=\"R\u00e9mi\" \/>\n<meta name=\"twitter:card\" content=\"summary_large_image\" \/>\n<meta name=\"twitter:label1\" content=\"\u00c9crit par\" \/>\n\t<meta name=\"twitter:data1\" content=\"R\u00e9mi\" \/>\n\t<meta name=\"twitter:label2\" content=\"Dur\u00e9e de lecture estim\u00e9e\" \/>\n\t<meta name=\"twitter:data2\" content=\"2 minutes\" \/>\n<script type=\"application\/ld+json\" class=\"yoast-schema-graph\">{\"@context\":\"https:\\\/\\\/schema.org\",\"@graph\":[{\"@type\":\"Article\",\"@id\":\"https:\\\/\\\/elgarajedefrank.es\\\/fr\\\/wisborg-into-the-void\\\/#article\",\"isPartOf\":{\"@id\":\"https:\\\/\\\/elgarajedefrank.es\\\/fr\\\/wisborg-into-the-void\\\/\"},\"author\":{\"name\":\"R\u00e9mi\",\"@id\":\"https:\\\/\\\/elgarajedefrank.es\\\/fr\\\/#\\\/schema\\\/person\\\/932e7af0e10923e11c6df46dfb2c56fc\"},\"headline\":\"Wisborg &#8211; Into The Void\",\"datePublished\":\"2021-12-13T15:38:59+00:00\",\"dateModified\":\"2022-04-11T13:29:25+00:00\",\"mainEntityOfPage\":{\"@id\":\"https:\\\/\\\/elgarajedefrank.es\\\/fr\\\/wisborg-into-the-void\\\/\"},\"wordCount\":319,\"commentCount\":0,\"publisher\":{\"@id\":\"https:\\\/\\\/elgarajedefrank.es\\\/fr\\\/#\\\/schema\\\/person\\\/d709c9c33f5f405d44c6c9397889ba15\"},\"image\":{\"@id\":\"https:\\\/\\\/elgarajedefrank.es\\\/fr\\\/wisborg-into-the-void\\\/#primaryimage\"},\"thumbnailUrl\":\"https:\\\/\\\/elgarajedefrank.es\\\/wp-content\\\/uploads\\\/2021\\\/12\\\/a0787613488_10.jpg\",\"keywords\":[\"Dark rock\",\"Dark rock\",\"Gothique\",\"Rock gothique\"],\"articleSection\":[\"Critiques\"],\"inLanguage\":\"fr-FR\",\"potentialAction\":[{\"@type\":\"CommentAction\",\"name\":\"Comment\",\"target\":[\"https:\\\/\\\/elgarajedefrank.es\\\/fr\\\/wisborg-into-the-void\\\/#respond\"]}]},{\"@type\":\"WebPage\",\"@id\":\"https:\\\/\\\/elgarajedefrank.es\\\/fr\\\/wisborg-into-the-void\\\/\",\"url\":\"https:\\\/\\\/elgarajedefrank.es\\\/fr\\\/wisborg-into-the-void\\\/\",\"name\":\"Wisborg - Into The Void &#8212; El Garaje de Frank\",\"isPartOf\":{\"@id\":\"https:\\\/\\\/elgarajedefrank.es\\\/fr\\\/#website\"},\"primaryImageOfPage\":{\"@id\":\"https:\\\/\\\/elgarajedefrank.es\\\/fr\\\/wisborg-into-the-void\\\/#primaryimage\"},\"image\":{\"@id\":\"https:\\\/\\\/elgarajedefrank.es\\\/fr\\\/wisborg-into-the-void\\\/#primaryimage\"},\"thumbnailUrl\":\"https:\\\/\\\/elgarajedefrank.es\\\/wp-content\\\/uploads\\\/2021\\\/12\\\/a0787613488_10.jpg\",\"datePublished\":\"2021-12-13T15:38:59+00:00\",\"dateModified\":\"2022-04-11T13:29:25+00:00\",\"description\":\"Critiques &#8212; Pr\u00e9sentation du dernier album du groupe de rock gothique Wisborg, Into the Void.\",\"breadcrumb\":{\"@id\":\"https:\\\/\\\/elgarajedefrank.es\\\/fr\\\/wisborg-into-the-void\\\/#breadcrumb\"},\"inLanguage\":\"fr-FR\",\"potentialAction\":[{\"@type\":\"ReadAction\",\"target\":[\"https:\\\/\\\/elgarajedefrank.es\\\/fr\\\/wisborg-into-the-void\\\/\"]}]},{\"@type\":\"ImageObject\",\"inLanguage\":\"fr-FR\",\"@id\":\"https:\\\/\\\/elgarajedefrank.es\\\/fr\\\/wisborg-into-the-void\\\/#primaryimage\",\"url\":\"https:\\\/\\\/elgarajedefrank.es\\\/wp-content\\\/uploads\\\/2021\\\/12\\\/a0787613488_10.jpg\",\"contentUrl\":\"https:\\\/\\\/elgarajedefrank.es\\\/wp-content\\\/uploads\\\/2021\\\/12\\\/a0787613488_10.jpg\",\"width\":1200,\"height\":1190},{\"@type\":\"BreadcrumbList\",\"@id\":\"https:\\\/\\\/elgarajedefrank.es\\\/fr\\\/wisborg-into-the-void\\\/#breadcrumb\",\"itemListElement\":[{\"@type\":\"ListItem\",\"position\":1,\"name\":\"Inicio\",\"item\":\"https:\\\/\\\/elgarajedefrank.es\\\/fr\\\/\"},{\"@type\":\"ListItem\",\"position\":2,\"name\":\"Critiques\",\"item\":\"https:\\\/\\\/elgarajedefrank.es\\\/fr\\\/category\\\/critiques\\\/\"},{\"@type\":\"ListItem\",\"position\":3,\"name\":\"Wisborg &#8211; Into The Void\"}]},{\"@type\":\"WebSite\",\"@id\":\"https:\\\/\\\/elgarajedefrank.es\\\/fr\\\/#website\",\"url\":\"https:\\\/\\\/elgarajedefrank.es\\\/fr\\\/\",\"name\":\"El Garaje de Frank\",\"description\":\"Music magazine\",\"publisher\":{\"@id\":\"https:\\\/\\\/elgarajedefrank.es\\\/fr\\\/#\\\/schema\\\/person\\\/d709c9c33f5f405d44c6c9397889ba15\"},\"potentialAction\":[{\"@type\":\"SearchAction\",\"target\":{\"@type\":\"EntryPoint\",\"urlTemplate\":\"https:\\\/\\\/elgarajedefrank.es\\\/fr\\\/?s={search_term_string}\"},\"query-input\":{\"@type\":\"PropertyValueSpecification\",\"valueRequired\":true,\"valueName\":\"search_term_string\"}}],\"inLanguage\":\"fr-FR\"},{\"@type\":[\"Person\",\"Organization\"],\"@id\":\"https:\\\/\\\/elgarajedefrank.es\\\/fr\\\/#\\\/schema\\\/person\\\/d709c9c33f5f405d44c6c9397889ba15\",\"name\":\"Fran\u00e7ois Zappa\",\"image\":{\"@type\":\"ImageObject\",\"inLanguage\":\"fr-FR\",\"@id\":\"https:\\\/\\\/elgarajedefrank.es\\\/wp-content\\\/uploads\\\/2019\\\/10\\\/IMG_8278-150x150.jpg\",\"url\":\"https:\\\/\\\/elgarajedefrank.es\\\/wp-content\\\/uploads\\\/2019\\\/10\\\/IMG_8278-150x150.jpg\",\"contentUrl\":\"https:\\\/\\\/elgarajedefrank.es\\\/wp-content\\\/uploads\\\/2019\\\/10\\\/IMG_8278-150x150.jpg\",\"caption\":\"Fran\u00e7ois Zappa\"},\"logo\":{\"@id\":\"https:\\\/\\\/elgarajedefrank.es\\\/wp-content\\\/uploads\\\/2019\\\/10\\\/IMG_8278-150x150.jpg\"},\"sameAs\":[\"https:\\\/\\\/www.facebook.com\\\/elgarajedefrank\\\/\",\"https:\\\/\\\/www.instagram.com\\\/elgarajedefrank\\\/\"]},{\"@type\":\"Person\",\"@id\":\"https:\\\/\\\/elgarajedefrank.es\\\/fr\\\/#\\\/schema\\\/person\\\/932e7af0e10923e11c6df46dfb2c56fc\",\"name\":\"R\u00e9mi\",\"image\":{\"@type\":\"ImageObject\",\"inLanguage\":\"fr-FR\",\"@id\":\"https:\\\/\\\/elgarajedefrank.es\\\/wp-content\\\/uploads\\\/2020\\\/09\\\/12647153_10206584667508022_8976155728383291449_n-150x150.jpg\",\"url\":\"https:\\\/\\\/elgarajedefrank.es\\\/wp-content\\\/uploads\\\/2020\\\/09\\\/12647153_10206584667508022_8976155728383291449_n-150x150.jpg\",\"contentUrl\":\"https:\\\/\\\/elgarajedefrank.es\\\/wp-content\\\/uploads\\\/2020\\\/09\\\/12647153_10206584667508022_8976155728383291449_n-150x150.jpg\",\"caption\":\"R\u00e9mi\"},\"sameAs\":[\"https:\\\/\\\/remi-sauze.fr\\\/\",\"https:\\\/\\\/www.youtube.com\\\/channel\\\/UCaORJH6J9ySylWnhNe3Z5PA\",\"https:\\\/\\\/soundcloud.com\\\/remi-sauze\"]}]}<\/script>\n<!-- \/ Yoast SEO plugin. -->","yoast_head_json":{"title":"Wisborg - Into The Void &#8212; El Garaje de Frank","description":"Critiques &#8212; Pr\u00e9sentation du dernier album du groupe de rock gothique Wisborg, Into the Void.","robots":{"index":"index","follow":"follow","max-snippet":"max-snippet:-1","max-image-preview":"max-image-preview:large","max-video-preview":"max-video-preview:-1"},"canonical":"https:\/\/elgarajedefrank.es\/fr\/wisborg-into-the-void\/","og_locale":"fr_FR","og_type":"article","og_title":"Wisborg - Into The Void &#8212; El Garaje de Frank","og_description":"Critiques &#8212; Pr\u00e9sentation du dernier album du groupe de rock gothique Wisborg, Into the Void.","og_url":"https:\/\/elgarajedefrank.es\/fr\/wisborg-into-the-void\/","og_site_name":"El Garaje de Frank","article_publisher":"https:\/\/www.facebook.com\/elgarajedefrank\/","article_published_time":"2021-12-13T15:38:59+00:00","article_modified_time":"2022-04-11T13:29:25+00:00","og_image":[{"width":1200,"height":1190,"url":"https:\/\/elgarajedefrank.es\/wp-content\/uploads\/2021\/12\/a0787613488_10.jpg","type":"image\/jpeg"}],"author":"R\u00e9mi","twitter_card":"summary_large_image","twitter_misc":{"\u00c9crit par":"R\u00e9mi","Dur\u00e9e de lecture estim\u00e9e":"2 minutes"},"schema":{"@context":"https:\/\/schema.org","@graph":[{"@type":"Article","@id":"https:\/\/elgarajedefrank.es\/fr\/wisborg-into-the-void\/#article","isPartOf":{"@id":"https:\/\/elgarajedefrank.es\/fr\/wisborg-into-the-void\/"},"author":{"name":"R\u00e9mi","@id":"https:\/\/elgarajedefrank.es\/fr\/#\/schema\/person\/932e7af0e10923e11c6df46dfb2c56fc"},"headline":"Wisborg &#8211; Into The Void","datePublished":"2021-12-13T15:38:59+00:00","dateModified":"2022-04-11T13:29:25+00:00","mainEntityOfPage":{"@id":"https:\/\/elgarajedefrank.es\/fr\/wisborg-into-the-void\/"},"wordCount":319,"commentCount":0,"publisher":{"@id":"https:\/\/elgarajedefrank.es\/fr\/#\/schema\/person\/d709c9c33f5f405d44c6c9397889ba15"},"image":{"@id":"https:\/\/elgarajedefrank.es\/fr\/wisborg-into-the-void\/#primaryimage"},"thumbnailUrl":"https:\/\/elgarajedefrank.es\/wp-content\/uploads\/2021\/12\/a0787613488_10.jpg","keywords":["Dark rock","Dark rock","Gothique","Rock gothique"],"articleSection":["Critiques"],"inLanguage":"fr-FR","potentialAction":[{"@type":"CommentAction","name":"Comment","target":["https:\/\/elgarajedefrank.es\/fr\/wisborg-into-the-void\/#respond"]}]},{"@type":"WebPage","@id":"https:\/\/elgarajedefrank.es\/fr\/wisborg-into-the-void\/","url":"https:\/\/elgarajedefrank.es\/fr\/wisborg-into-the-void\/","name":"Wisborg - Into The Void &#8212; El Garaje de Frank","isPartOf":{"@id":"https:\/\/elgarajedefrank.es\/fr\/#website"},"primaryImageOfPage":{"@id":"https:\/\/elgarajedefrank.es\/fr\/wisborg-into-the-void\/#primaryimage"},"image":{"@id":"https:\/\/elgarajedefrank.es\/fr\/wisborg-into-the-void\/#primaryimage"},"thumbnailUrl":"https:\/\/elgarajedefrank.es\/wp-content\/uploads\/2021\/12\/a0787613488_10.jpg","datePublished":"2021-12-13T15:38:59+00:00","dateModified":"2022-04-11T13:29:25+00:00","description":"Critiques &#8212; Pr\u00e9sentation du dernier album du groupe de rock gothique Wisborg, Into the Void.","breadcrumb":{"@id":"https:\/\/elgarajedefrank.es\/fr\/wisborg-into-the-void\/#breadcrumb"},"inLanguage":"fr-FR","potentialAction":[{"@type":"ReadAction","target":["https:\/\/elgarajedefrank.es\/fr\/wisborg-into-the-void\/"]}]},{"@type":"ImageObject","inLanguage":"fr-FR","@id":"https:\/\/elgarajedefrank.es\/fr\/wisborg-into-the-void\/#primaryimage","url":"https:\/\/elgarajedefrank.es\/wp-content\/uploads\/2021\/12\/a0787613488_10.jpg","contentUrl":"https:\/\/elgarajedefrank.es\/wp-content\/uploads\/2021\/12\/a0787613488_10.jpg","width":1200,"height":1190},{"@type":"BreadcrumbList","@id":"https:\/\/elgarajedefrank.es\/fr\/wisborg-into-the-void\/#breadcrumb","itemListElement":[{"@type":"ListItem","position":1,"name":"Inicio","item":"https:\/\/elgarajedefrank.es\/fr\/"},{"@type":"ListItem","position":2,"name":"Critiques","item":"https:\/\/elgarajedefrank.es\/fr\/category\/critiques\/"},{"@type":"ListItem","position":3,"name":"Wisborg &#8211; Into The Void"}]},{"@type":"WebSite","@id":"https:\/\/elgarajedefrank.es\/fr\/#website","url":"https:\/\/elgarajedefrank.es\/fr\/","name":"El Garaje de Frank","description":"Music magazine","publisher":{"@id":"https:\/\/elgarajedefrank.es\/fr\/#\/schema\/person\/d709c9c33f5f405d44c6c9397889ba15"},"potentialAction":[{"@type":"SearchAction","target":{"@type":"EntryPoint","urlTemplate":"https:\/\/elgarajedefrank.es\/fr\/?s={search_term_string}"},"query-input":{"@type":"PropertyValueSpecification","valueRequired":true,"valueName":"search_term_string"}}],"inLanguage":"fr-FR"},{"@type":["Person","Organization"],"@id":"https:\/\/elgarajedefrank.es\/fr\/#\/schema\/person\/d709c9c33f5f405d44c6c9397889ba15","name":"Fran\u00e7ois Zappa","image":{"@type":"ImageObject","inLanguage":"fr-FR","@id":"https:\/\/elgarajedefrank.es\/wp-content\/uploads\/2019\/10\/IMG_8278-150x150.jpg","url":"https:\/\/elgarajedefrank.es\/wp-content\/uploads\/2019\/10\/IMG_8278-150x150.jpg","contentUrl":"https:\/\/elgarajedefrank.es\/wp-content\/uploads\/2019\/10\/IMG_8278-150x150.jpg","caption":"Fran\u00e7ois Zappa"},"logo":{"@id":"https:\/\/elgarajedefrank.es\/wp-content\/uploads\/2019\/10\/IMG_8278-150x150.jpg"},"sameAs":["https:\/\/www.facebook.com\/elgarajedefrank\/","https:\/\/www.instagram.com\/elgarajedefrank\/"]},{"@type":"Person","@id":"https:\/\/elgarajedefrank.es\/fr\/#\/schema\/person\/932e7af0e10923e11c6df46dfb2c56fc","name":"R\u00e9mi","image":{"@type":"ImageObject","inLanguage":"fr-FR","@id":"https:\/\/elgarajedefrank.es\/wp-content\/uploads\/2020\/09\/12647153_10206584667508022_8976155728383291449_n-150x150.jpg","url":"https:\/\/elgarajedefrank.es\/wp-content\/uploads\/2020\/09\/12647153_10206584667508022_8976155728383291449_n-150x150.jpg","contentUrl":"https:\/\/elgarajedefrank.es\/wp-content\/uploads\/2020\/09\/12647153_10206584667508022_8976155728383291449_n-150x150.jpg","caption":"R\u00e9mi"},"sameAs":["https:\/\/remi-sauze.fr\/","https:\/\/www.youtube.com\/channel\/UCaORJH6J9ySylWnhNe3Z5PA","https:\/\/soundcloud.com\/remi-sauze"]}]}},"_links":{"self":[{"href":"https:\/\/elgarajedefrank.es\/fr\/wp-json\/wp\/v2\/posts\/38620","targetHints":{"allow":["GET"]}}],"collection":[{"href":"https:\/\/elgarajedefrank.es\/fr\/wp-json\/wp\/v2\/posts"}],"about":[{"href":"https:\/\/elgarajedefrank.es\/fr\/wp-json\/wp\/v2\/types\/post"}],"author":[{"embeddable":true,"href":"https:\/\/elgarajedefrank.es\/fr\/wp-json\/wp\/v2\/users\/5"}],"replies":[{"embeddable":true,"href":"https:\/\/elgarajedefrank.es\/fr\/wp-json\/wp\/v2\/comments?post=38620"}],"version-history":[{"count":0,"href":"https:\/\/elgarajedefrank.es\/fr\/wp-json\/wp\/v2\/posts\/38620\/revisions"}],"wp:featuredmedia":[{"embeddable":true,"href":"https:\/\/elgarajedefrank.es\/fr\/wp-json\/wp\/v2\/media\/38641"}],"wp:attachment":[{"href":"https:\/\/elgarajedefrank.es\/fr\/wp-json\/wp\/v2\/media?parent=38620"}],"wp:term":[{"taxonomy":"category","embeddable":true,"href":"https:\/\/elgarajedefrank.es\/fr\/wp-json\/wp\/v2\/categories?post=38620"},{"taxonomy":"post_tag","embeddable":true,"href":"https:\/\/elgarajedefrank.es\/fr\/wp-json\/wp\/v2\/tags?post=38620"}],"curies":[{"name":"wp","href":"https:\/\/api.w.org\/{rel}","templated":true}]}}