{"id":37094,"date":"2021-11-08T16:31:29","date_gmt":"2021-11-08T15:31:29","guid":{"rendered":"https:\/\/elgarajedefrank.es\/?p=37094"},"modified":"2022-01-05T11:49:48","modified_gmt":"2022-01-05T10:49:48","slug":"interview-haujobb","status":"publish","type":"post","link":"https:\/\/elgarajedefrank.es\/fr\/interview-haujobb\/","title":{"rendered":"Haujobb : &#8220;Je suis un maniaque du contr\u00f4le, surtout sur sc\u00e8ne&#8221;"},"content":{"rendered":"<p><span style=\"font-family: georgia, palatino, serif; font-size: 12pt;\"><strong>Si on devait r\u00e9sumer l\u2019\u00e9lectronique des ann\u00e9es 90 en quelques disques, la discographie des Allemands Haujobb serait parfaite. Le duo a r\u00e9ussi \u00e0 naviguer entre les diff\u00e9rents genres de l\u2019\u00e9lectronique tout en menant \u00e0 flot son label. On a parl\u00e9 avec <\/strong><strong>Daniel Myer et Dejan Samardzic quelques jours avant leur \u00e9poustouflante performance au Sinner\u2019s Day.<\/strong><\/span><\/p>\n<p><span style=\"font-family: georgia, palatino, serif; font-size: 12pt;\"><strong><img fetchpriority=\"high\" decoding=\"async\" class=\"alignleft wp-image-37288\" src=\"https:\/\/elgarajedefrank.es\/wp-content\/uploads\/2021\/11\/IMG_1039-205x300.jpeg\" alt=\"\" width=\"455\" height=\"665\" srcset=\"https:\/\/elgarajedefrank.es\/wp-content\/uploads\/2021\/11\/IMG_1039-205x300.jpeg 205w, https:\/\/elgarajedefrank.es\/wp-content\/uploads\/2021\/11\/IMG_1039-585x855.jpeg 585w, https:\/\/elgarajedefrank.es\/wp-content\/uploads\/2021\/11\/IMG_1039.jpeg 701w\" sizes=\"(max-width: 455px) 100vw, 455px\" \/>\u2014Quand avez-vous cr\u00e9\u00e9 <\/strong><strong>Haujobb, <\/strong><strong>pourquoi avez-vous choisi un nom en rapport avec Blade Runner\u00a0?<\/strong><\/span><\/p>\n<p><span style=\"font-family: georgia, palatino, serif; font-size: 12pt;\">\u2014On \u00e9tait tout simplement fascin\u00e9s par le th\u00e8me du film et par la signification du terme \u00ab\u00a0Haujobb\u00a0\u00bb. En r\u00e9alit\u00e9, on a mal compris le terme \u00ab\u00a0Hautjob\u00a0\u00bb, qui signifie \u00ab\u00a0humano\u00efde\u00a0\u00bb. \u00c0 nos yeux, haujob avait une signification similaire (Pr\u00fcgeljob- Beatjob) et on aimait que ce terme p\u00e9joratif qualifie quelque chose qui n\u2019existait pas encore.<\/span><\/p>\n<p><span style=\"font-family: georgia, palatino, serif; font-size: 12pt;\"><strong>\u2014Dans une interview, vous avez r\u00e9v\u00e9l\u00e9 que vos albums pr\u00e9f\u00e9r\u00e9s \u00e9taient <em>A shocking hobby<\/em> de <\/strong><strong>Speedy J<\/strong><strong>, <em>Violator<\/em> de <\/strong><strong>Depeche Mode<\/strong><strong>et <em>Too Dark Park<\/em> de <\/strong><strong>Skinny Puppy<\/strong><strong>.<\/strong> <strong>Que trouvez-vous de remarquable dans ces \u0153uvres\u00a0?<\/strong> <strong>Pensez-vous que ces albums ont influenc\u00e9 votre travail\u00a0?<\/strong><\/span><\/p>\n<p><span style=\"font-family: georgia, palatino, serif; font-size: 12pt;\"><strong>\u2014DS :<\/strong> Au fil des ans, les go\u00fbts et les couleurs changent. Je suis certain que Daniel a d\u2019autres albums pr\u00e9f\u00e9r\u00e9s \u00e0 pr\u00e9sent. Par exemple, l\u2019un de mes pr\u00e9f\u00e9r\u00e9s \u00e9tait aussi <em>Violator<\/em>, mais apr\u00e8s toutes ces ann\u00e9es, j\u2019ai chang\u00e9 d\u2019avis. Aujourd\u2019hui, je dirais qu\u2019il s\u2019agit de <em>Black Celebration<\/em> suivi de <em>Music For The Masses<\/em>.<\/span><\/p>\n<p><span style=\"font-family: georgia, palatino, serif; font-size: 12pt;\"><strong>\u2014DM\u00a0:<\/strong> Je dirais que ce sont probablement les plus influents de notre histoire musicale. En tout cas, en ce qui me concerne. Et aussi les premi\u00e8res sorties de <strong>Photek<\/strong>, bien s\u00fbr. J\u2019aime toujours <strong>Speedy J<\/strong> et <strong>Skinny Puppy,<\/strong> par exemple. Mais \u00e0 l\u2019\u00e9poque, on \u00e9tait surtout des consommateurs, des fans de musique et de musique \u00e9lectronique en g\u00e9n\u00e9ral.<\/span><\/p>\n<p><span style=\"font-family: georgia, palatino, serif; font-size: 12pt;\"><strong>\u2014<em>Homes<\/em> <em>and Gardens<\/em>, votre premier album d\u2019EBM, est sorti en 1993.<\/strong> <strong>Je suppose que l\u2019EBM occupait une place importante en Allemagne \u00e0 l\u2019\u00e9poque\u00a0?<\/strong> <strong>De quoi vous \u00eates-vous inspir\u00e9s pour la compo de cet album\u00a0?<\/strong> <strong>Les critiques et vous-m\u00eame avez toujours fait r\u00e9f\u00e9rence \u00e0 Skinny Puppy.<\/strong><\/span><\/p>\n<p><span style=\"font-family: georgia, palatino, serif; font-size: 12pt;\"><strong>\u2014DS :<\/strong> <strong>Skinny Puppy<\/strong> a grandement influ\u00e9 la cr\u00e9ation du groupe en g\u00e9n\u00e9ral. Et c\u2019est l\u00e0 que <em>Too Dark Park<\/em> a jou\u00e9 un r\u00f4le \u00e9norme. J\u2019avais \u00e0 peu pr\u00e8s 18\u00a0ans quand je l\u2019ai \u00e9cout\u00e9 pour la premi\u00e8re fois. J\u2019avais encore jamais rien entendu de tel.<\/span><\/p>\n<p><span style=\"font-family: georgia, palatino, serif; font-size: 12pt;\"><strong>\u2014DM\u00a0:<\/strong> Idem. J\u2019ai ador\u00e9 la duret\u00e9 et la complexit\u00e9 de <strong>Skinny Puppy<\/strong>, mais aussi des groupes plus dansants comme <strong>Leatherstrip<\/strong> ou <strong>Front Line Assembly<\/strong>. Tout \u00e7a \u00e9tait assez nouveau pour nous. Seul Bj\u00f6rn a \u00e9cout\u00e9 cette musique plus longtemps que Dejan et moi-m\u00eame. Pour nous, c\u2019\u00e9tait un nouveau monde de sons et de th\u00e8mes.<\/span><\/p>\n<p><span style=\"font-family: georgia, palatino, serif; font-size: 12pt;\"><strong><img decoding=\"async\" class=\"alignright wp-image-37321\" src=\"https:\/\/elgarajedefrank.es\/wp-content\/uploads\/2021\/11\/IMG_1025-300x181.jpeg\" alt=\"\" width=\"450\" height=\"272\" srcset=\"https:\/\/elgarajedefrank.es\/wp-content\/uploads\/2021\/11\/IMG_1025-300x181.jpeg 300w, https:\/\/elgarajedefrank.es\/wp-content\/uploads\/2021\/11\/IMG_1025-768x464.jpeg 768w, https:\/\/elgarajedefrank.es\/wp-content\/uploads\/2021\/11\/IMG_1025-585x354.jpeg 585w, https:\/\/elgarajedefrank.es\/wp-content\/uploads\/2021\/11\/IMG_1025.jpeg 1024w\" sizes=\"(max-width: 450px) 100vw, 450px\" \/>\u2014En dehors de l\u2019inclusion de guitares, dans <\/strong><strong><em>Freeze Frame Reality<\/em><\/strong><strong>, on retrouve cette influence de l\u2019IDM qui vous a aid\u00e9s \u00e0 cr\u00e9er le son du groupe.<\/strong> <strong>Quand avez-vous commenc\u00e9 \u00e0 \u00e9couter de l\u2019IDM\u00a0?<\/strong> <strong>Ce genre \u00e9tait-il consid\u00e9r\u00e9 comme appartenant \u00e0 la sc\u00e8ne EBM\u00a0?<\/strong><\/span><\/p>\n<p><span style=\"font-family: georgia, palatino, serif; font-size: 12pt;\"><strong>\u2014DS :<\/strong> Dans les ann\u00e9es\u00a090, il existait une tonne de genres de musiques que certains appellent IDM. L\u2019IDM \u00e9tait partout. C\u2019\u00e9tait une tendance. Une grande partie de la musique n\u2019a pas bien vieilli, je pense. \u00c9tonnamment, les ann\u00e9es\u00a080 semblent vieillir beaucoup mieux.<\/span><\/p>\n<p><span style=\"font-family: georgia, palatino, serif; font-size: 12pt;\"><strong>\u2014DM\u00a0:<\/strong> Je ne suis pas d\u2019accord, car <strong>Aphex Twin <\/strong>et <strong>Autechre<\/strong> ont tr\u00e8s bien vieilli, du moins \u00e0 mes oreilles. Nous avons commenc\u00e9 cet album en 93 et WARP venait d\u2019atteindre son apog\u00e9e, je pense, du moins pour nous. \u00c0 l\u2019\u00e9poque, on se lassait tr\u00e8s vite d\u2019un style de musique. C\u2019est toujours valable aujourd\u2019hui, je suppose que c\u2019est pour cette raisons que tous nos disques ont un son diff\u00e9rent. En fait, j\u2019\u00e9tais d\u00e9j\u00e0 DJ et je d\u00e9couvrais beaucoup de nouvelles musiques chaque semaine, en explorant les magasins de disques de notre ville. On a \u00e9galement ouvert notre propre club techno avec des amis \u00e0 Bielefeld, appel\u00e9 Neuroserve, \u00e0 cette \u00e9poque&#8230;<\/span><\/p>\n<p><span style=\"font-family: georgia, palatino, serif; font-size: 12pt;\"><strong>\u2014Dans la critique d\u2019Allmusic de <\/strong><strong><em>Solutions for a Small Planet<\/em><\/strong><strong>, l\u2019auteur pense que certains \u00e9l\u00e9ments de l\u2019album rappellent peut-\u00eatre le remixage que vous avez effectu\u00e9 entre cet album et votre deuxi\u00e8me.<\/strong> <strong>\u00cates-vous d\u2019accord ou pensez-vous que c\u2019\u00e9tait la suite logique apr\u00e8s <\/strong><strong><em>Freeze Frame Reality<\/em><\/strong><strong>\u00a0?<\/strong><\/span><\/p>\n<p><span style=\"font-family: georgia, palatino, serif; font-size: 12pt;\"><strong>\u2014DS :<\/strong> Bien s\u00fbr. Tout en faisant quelques remixes, on travaillait sur l\u2019album. Notre travail sur l\u2019album a influenc\u00e9 les remixes, et non l\u2019inverse.<\/span><\/p>\n<p><span style=\"font-family: georgia, palatino, serif; font-size: 12pt;\"><strong>\u2014DM\u00a0:<\/strong> Je dois ajouter qu\u2019on a \u00e9galement chang\u00e9 presque tout notre \u00e9quipement de Freeze Frame \u00e0 Solutions avec le d\u00e9part de Bj\u00f6rn, qui poss\u00e9dait le sampler ARS10 et l\u2019EmaxII, les principales sources sonores de nos deux premiers albums. Donc oui, la critique est plut\u00f4t bien r\u00e9dig\u00e9e. \u00c0 partir de <em>Solutions<\/em>, on a utilis\u00e9 un Akai S3000XL pour la manipulation du son.<\/span><\/p>\n<p><span style=\"font-family: georgia, palatino, serif; font-size: 12pt;\"><strong><img decoding=\"async\" class=\"alignleft wp-image-37306\" src=\"https:\/\/elgarajedefrank.es\/wp-content\/uploads\/2021\/11\/IMG_1031-300x179.jpeg\" alt=\"\" width=\"450\" height=\"269\" srcset=\"https:\/\/elgarajedefrank.es\/wp-content\/uploads\/2021\/11\/IMG_1031-300x179.jpeg 300w, https:\/\/elgarajedefrank.es\/wp-content\/uploads\/2021\/11\/IMG_1031-768x459.jpeg 768w, https:\/\/elgarajedefrank.es\/wp-content\/uploads\/2021\/11\/IMG_1031-585x350.jpeg 585w, https:\/\/elgarajedefrank.es\/wp-content\/uploads\/2021\/11\/IMG_1031.jpeg 1024w\" sizes=\"(max-width: 450px) 100vw, 450px\" \/>\u2014En 1997, vous avez sorti <\/strong><strong><em>Matrix<\/em><\/strong><strong> un album de remixes de <\/strong><strong><em>Solutions for a Small Planet <\/em><\/strong><strong>avec un deuxi\u00e8me album de samples, loops, kick drums, snares.<\/strong> <strong>Quel \u00e9tait le but de ce disque\u00a0?<\/strong> <strong>Montrer le mat\u00e9riel utilis\u00e9 ou simplement aider d\u2019autres producteurs\u00a0?<\/strong><\/span><\/p>\n<p><span style=\"font-family: georgia, palatino, serif; font-size: 12pt;\"><strong>\u2014DS :<\/strong> Je pense que c\u2019\u00e9tait les deux. <strong>\u2014DM\u00a0:<\/strong> Oui, je suis d\u2019accord.<\/span><\/p>\n<p><span style=\"font-family: georgia, palatino, serif; font-size: 12pt;\"><strong>\u2014J\u2019ai \u00e9t\u00e9 vraiment surpris de lire\u00a0:<\/strong> <strong>\u00ab\u00a0On a p\u00e9t\u00e9 les plombs avec notre quatri\u00e8me album <\/strong><strong><em>Ninetynine<\/em><\/strong><strong>.<\/strong> <strong>On a m\u00e9lang\u00e9 Ambient, Trip-Hop, Jungle et on a perdu tous nos fans.<\/strong> <strong>Les sites de fans ont ferm\u00e9 \u00e0 cause de l\u2019album, dans une interview, on disait m\u00eame nous d\u00e9tester.\u00a0\u00bb<\/strong> <strong>J\u2019ai toujours pens\u00e9 que les fans de musique \u00e9lectronique avaient l\u2019esprit ouvert.<\/strong> <strong>Comment s\u2019est d\u00e9roul\u00e9e la cr\u00e9ation de cet album pol\u00e9mique\u00a0?<\/strong> <strong>De quoi vous \u00eates-vous inspir\u00e9s\u00a0?<\/strong> <strong>Qu\u2019est-ce que les fans ont le plus d\u00e9test\u00e9, l\u2019Ambient ou les \u00e9l\u00e9ments du Jungle\u00a0?<\/strong><\/span><\/p>\n<p><span style=\"font-family: georgia, palatino, serif; font-size: 12pt;\"><strong>\u2014DS :<\/strong> Avec le recul, cet album a eu des cons\u00e9quences positives. Cela a pris du temps, mais on nous respecte d\u00e9sormais, car on a fait ce que bon nous semblait. On a fait sortir les gens de leur bulle. On les a r\u00e9veill\u00e9s. On a d\u00e9sormais une fanbase de grande \u00ab\u00a0qualit\u00e9\u00a0\u00bb, des gens qui r\u00e9fl\u00e9chissent, et pas seulement des amateurs de discoth\u00e8ques, qui veulent juste danser toute la nuit, quelle que soit la musique diffus\u00e9e. Donc, je dirais que l\u2019album \u00e9tait important \u00e0 long terme.<\/span><\/p>\n<p><span style=\"font-family: georgia, palatino, serif; font-size: 12pt;\"><strong>\u2014Avec <\/strong><strong><em>Polarity<\/em><\/strong><strong>, on constate un retour \u00e0 votre son original.<\/strong> <strong>Vouliez-vous retrouver vos fans ou vous \u00eates-vous fatigu\u00e9s de la drum n\u2019 bass et de l\u2019ambient\u00a0?<\/strong> <strong>Que pensez-vous de la sc\u00e8ne drum n bass actuelle\u00a0?<\/strong><\/span><\/p>\n<p><span style=\"font-family: georgia, palatino, serif; font-size: 12pt;\"><strong>\u2014DS :<\/strong> <em>Polarity<\/em> a plus de drum &amp; bass que <em>Ninetynine<\/em>. Je pense qu\u2019on a tout simplement eu une envie de changement, comme toujours. On est pas faits pour refaire le m\u00eame album, encore et encore.<\/span><\/p>\n<p><span style=\"font-family: georgia, palatino, serif; font-size: 12pt;\">\u00a0<em>Polarity<\/em> est beaucoup plus ax\u00e9 sur les chansons que les albums pr\u00e9c\u00e9dents.<\/span><\/p>\n<p><span style=\"font-family: georgia, palatino, serif; font-size: 12pt;\"><strong>\u2014DM\u00a0:<\/strong> Je compose toujours un morceau de Drum &amp; Bass de temps en temps. J\u2019aime bien, d\u2019une certaine mani\u00e8re, que le tempo soit si limit\u00e9, mais on peut \u00eatre tr\u00e8s cr\u00e9atif&#8230; J\u2019adorerais composer un autre album de Dots &amp; Dashes avec Dejan. J\u2019adore son travail pour ce projet.<\/span><\/p>\n<p><span style=\"font-family: georgia, palatino, serif; font-size: 12pt;\"><strong><span style=\"font-family: georgia, palatino, serif;\"><span style=\"font-size: 12pt;\"><b><img loading=\"lazy\" decoding=\"async\" class=\"alignright wp-image-37258\" src=\"https:\/\/elgarajedefrank.es\/wp-content\/uploads\/2021\/11\/IMG_1022-300x181.jpeg\" alt=\"\" width=\"450\" height=\"272\" srcset=\"https:\/\/elgarajedefrank.es\/wp-content\/uploads\/2021\/11\/IMG_1022-300x181.jpeg 300w, https:\/\/elgarajedefrank.es\/wp-content\/uploads\/2021\/11\/IMG_1022-768x464.jpeg 768w, https:\/\/elgarajedefrank.es\/wp-content\/uploads\/2021\/11\/IMG_1022-585x354.jpeg 585w, https:\/\/elgarajedefrank.es\/wp-content\/uploads\/2021\/11\/IMG_1022.jpeg 1024w\" sizes=\"(max-width: 450px) 100vw, 450px\" \/><\/b><\/span><\/span>\u2014<em>Vertical Theory <\/em>est presque un \u00ab\u00a0disque pour piste de danse selon Haujobb\u00a0\u00bb<\/strong> <strong>Tu es DJ depuis longtemps, avant m\u00eame que le groupe soit cr\u00e9\u00e9, non\u00a0?<\/strong> <strong>Cette exp\u00e9rience t\u2019a-t-elle influenc\u00e9 lors de la compo de l\u2019album\u00a0?<\/strong> <strong>As-tu souvent jou\u00e9 tes morceaux lors de tes sessions\u00a0?<\/strong><\/span><\/p>\n<p><span style=\"font-family: georgia, palatino, serif; font-size: 12pt;\"><strong>\u2014DM\u00a0:<\/strong> Je pense que cet album a constitu\u00e9 un gros changement, car c\u2019\u00e9tait le premier album que j\u2019ai entrepris seul. Dejan \u00e9tait un peu fatigu\u00e9 de moi et de Haujobb, je pense. Au final, il a aim\u00e9 les premi\u00e8res d\u00e9mos et depuis toutes ces ann\u00e9es, ce lien nous unit en quelque sorte. C\u2019\u00e9tait notre premier album sur laptop. C\u2019est peut-\u00eatre pour cela qu\u2019il est un peu plus \u00ab\u00a0simple\u00a0\u00bb et \u00ab\u00a0dansant\u00a0\u00bb que les pr\u00e9c\u00e9dents&#8230;<\/span><\/p>\n<p><span style=\"font-family: georgia, palatino, serif; font-size: 12pt;\"><strong>\u2014Comment s\u2019est pass\u00e9e la collaboration avec d\u2019autres musiciens dans <\/strong><strong><em>New World March<\/em><\/strong><strong>\u00a0?<\/strong> <strong>On retrouve Manuel G. Richter, Andreas Meyer and Achim F\u00e4rber, entre autres, sur certains morceaux.<\/strong><\/span><\/p>\n<p><span style=\"font-family: georgia, palatino, serif; font-size: 12pt;\"><strong>\u2014DS :<\/strong> C\u2019est toujours agr\u00e9able de travailler avec des gens talentueux et bons. C\u2019est pourquoi l\u2019album a \u00e9t\u00e9 ressenti comme un \u00ab\u00a0grand projet\u00a0\u00bb. C\u2019est mon pr\u00e9f\u00e9r\u00e9 jusqu\u2019\u00e0 pr\u00e9sent.<\/span><\/p>\n<p><span style=\"font-family: georgia, palatino, serif; font-size: 12pt;\"><strong>\u2014DM\u00a0:<\/strong> Pour moi, il est de plus en plus important d\u2019obtenir des avis et des contributions ext\u00e9rieurs au processus. J\u2019aime montrer \u00e0 mes amis ce sur quoi je bosse pour avoir leur avis. Ou de travailler avec certaines personnes sur certains projets.<\/span><\/p>\n<p><span style=\"font-family: georgia, palatino, serif; font-size: 12pt;\"><strong><img loading=\"lazy\" decoding=\"async\" class=\"alignleft wp-image-37252\" src=\"https:\/\/elgarajedefrank.es\/wp-content\/uploads\/2021\/11\/IMG_1024-300x183.jpeg\" alt=\"\" width=\"450\" height=\"275\" srcset=\"https:\/\/elgarajedefrank.es\/wp-content\/uploads\/2021\/11\/IMG_1024-300x183.jpeg 300w, https:\/\/elgarajedefrank.es\/wp-content\/uploads\/2021\/11\/IMG_1024-768x469.jpeg 768w, https:\/\/elgarajedefrank.es\/wp-content\/uploads\/2021\/11\/IMG_1024-585x357.jpeg 585w, https:\/\/elgarajedefrank.es\/wp-content\/uploads\/2021\/11\/IMG_1024.jpeg 1024w\" sizes=\"(max-width: 450px) 100vw, 450px\" \/>\u2014Dans <\/strong><strong><em>Blendwerk<\/em><\/strong><strong>, on retrouve beaucoup de col\u00e8re. Comme tu l\u2019as expliqu\u00e9, Daniel, elle a \u00e9t\u00e9 provoqu\u00e9e par ton ex-femme.<\/strong> <strong>Lorsque vous composez, pensez-vous \u00e0 l\u2019ambiance du morceau avant, ou est-ce qu\u2019elle se d\u00e9veloppe petit \u00e0 petit\u00a0?<\/strong> <strong>Et quand ajoutez-vous\/faites-vous les voix\u00a0?<\/strong><\/span><\/p>\n<p><span style=\"font-family: georgia, palatino, serif; font-size: 12pt;\"><strong>\u2014DS :<\/strong> J\u2019adore ajouter les voix au plus vite. La chanson prend tout son sens quand on peut la construire autour d\u2019elles.<\/span><\/p>\n<p><span style=\"font-family: georgia, palatino, serif; font-size: 12pt;\"><strong>\u2014DM\u00a0:<\/strong> La col\u00e8re concernait essentiellement les femmes dans ma vie, \u00e0 cette \u00e9poque. Tout est arriv\u00e9 si vite et j\u2019ai compl\u00e8tement chang\u00e9 de vie en l\u2019espace d\u2019un an environ&#8230; la vie, c\u2019est de la merde\u00a0! Hahaha.<\/span><\/p>\n<p><span style=\"font-family: georgia, palatino, serif; font-size: 12pt;\"><strong>\u2014Depuis <\/strong><strong><em>Blendwerk, <\/em><\/strong><strong>vous n\u2019avez plus rien sorti.<\/strong> <strong>Qu\u2019en est-il de l\u2019album \u00e0 base de samples qui serait en cours de r\u00e9alisation\u00a0?<\/strong><\/span><\/p>\n<p><span style=\"font-family: georgia, palatino, serif; font-size: 12pt;\"><strong>\u2014DS :<\/strong> On y arrive. <strong>\u2014DM\u00a0:<\/strong> Oui, il est en cours.<\/span><\/p>\n<p><span style=\"font-family: georgia, palatino, serif; font-size: 12pt;\"><strong>\u2014Avec Dejan Samardzic, vous avez \u00e9galement enregistr\u00e9 un album et quelques EP sous le nom de Dots+Dashes en 1997-98.<\/strong> <strong>C\u2019\u00e9tait votre projet Drum n Bass\u00a0?<\/strong><\/span><\/p>\n<p><span style=\"font-family: georgia, palatino, serif; font-size: 12pt;\"><strong>\u2014DM\u00a0: <\/strong>C\u2019\u00e9tait notre projet et comme je l\u2019ai dit plus t\u00f4t, j\u2019aimerais qu\u2019on le continue. Je sors \u00e9galement sous l\u2019aka de <strong>Hexer<\/strong> de temps en temps&#8230;<\/span><\/p>\n<p><span style=\"font-family: georgia, palatino, serif; font-size: 12pt;\"><strong>\u2014Daniel, tu as compos\u00e9 une bande-son pour un jeu vid\u00e9o, <\/strong><strong><em>Tao Feng\u00a0:<\/em><\/strong><em> <strong>Fist of the Lotu<\/strong><\/em><strong>s.<\/strong> <strong>Comment s\u2019est d\u00e9roul\u00e9 le projet\u00a0?<\/strong> <strong>As-tu travaill\u00e9 diff\u00e9remment\u00a0?<\/strong><\/span><\/p>\n<p><span style=\"font-family: georgia, palatino, serif; font-size: 12pt;\"><strong>\u2014DM\u00a0:<\/strong> Carr\u00e9ment. Ils m\u2019ont engag\u00e9 \u00e0 cause de ma musique et au final, ils voulaient un r\u00e9sultat qui n\u2019avait rien \u00e0 voir. \u00c7a ne me d\u00e9rangeait pas. J\u2019\u00e9tais tr\u00e8s bien pay\u00e9.<\/span><\/p>\n<p><span style=\"font-family: georgia, palatino, serif; font-size: 12pt;\"><strong>\u2014Que peux-tu nous dire sur ton festival Planet Myer Day\u00a0?<\/strong> <strong>Vas-tu \u00e0 nouveau l\u2019organiser apr\u00e8s la pand\u00e9mie\u00a0?<\/strong><\/span><\/p>\n<p><span style=\"font-family: georgia, palatino, serif; font-size: 12pt;\"><strong>\u2014DM\u00a0:<\/strong> Oui, la prochaine \u00e9dition aura lieu le 28\u00a0janvier 2022.<\/span><\/p>\n<p><span style=\"font-family: georgia, palatino, serif; font-size: 12pt;\"><strong>\u2014Continuons avec les questions sur les projets secondaires.<\/strong> <strong>Peux-tu nous parler de Cleaner\/Cleen\u00a0?<\/strong> <strong>J\u2019ai achet\u00e9 ces albums pendant la pand\u00e9mie, je suis plut\u00f4t curieux \u00e0 leur sujet.<\/strong><\/span><\/p>\n<p><span style=\"font-family: georgia, palatino, serif; font-size: 12pt;\"><strong>\u2014DM\u00a0:<\/strong> C\u2019\u00e9tait essentiellement des restes de <strong>Haujobb<\/strong>. J\u2019\u00e9tais le seul \u00e0 travailler sur la musique \u00e0 plein temps et j\u2019avais besoin d\u2019un exutoire. Je ne suis pas tr\u00e8s satisfait de certaines sorties, mais d\u2019autres sont quand m\u00eame assez cool.<\/span><\/p>\n<p><span style=\"font-family: georgia, palatino, serif; font-size: 12pt;\"><strong><img loading=\"lazy\" decoding=\"async\" class=\"alignright wp-image-37285\" src=\"https:\/\/elgarajedefrank.es\/wp-content\/uploads\/2021\/11\/IMG_1040-300x187.jpeg\" alt=\"\" width=\"450\" height=\"280\" srcset=\"https:\/\/elgarajedefrank.es\/wp-content\/uploads\/2021\/11\/IMG_1040-300x187.jpeg 300w, https:\/\/elgarajedefrank.es\/wp-content\/uploads\/2021\/11\/IMG_1040-768x478.jpeg 768w, https:\/\/elgarajedefrank.es\/wp-content\/uploads\/2021\/11\/IMG_1040-585x364.jpeg 585w, https:\/\/elgarajedefrank.es\/wp-content\/uploads\/2021\/11\/IMG_1040.jpeg 1024w\" sizes=\"(max-width: 450px) 100vw, 450px\" \/>\u2014Nous aimerions \u00e9galement parler de ton travail en tant qu\u2019Architect.<\/strong> <strong>Sous ce nom, tu as sorti quelques albums.<\/strong> <strong>Comment choisis-tu la musique \u00e0 publier sous <\/strong><strong>Architect<\/strong><strong>\u00a0?<\/strong><\/span><\/p>\n<p><span style=\"font-family: georgia, palatino, serif; font-size: 12pt;\"><strong>\u2014DM\u00a0:<\/strong> C\u2019est simple. Je fais ce que je veux.<\/span><\/p>\n<p><span style=\"font-family: georgia, palatino, serif; font-size: 12pt;\"><strong>\u2014Je t\u2019ai vu il y a quelques ann\u00e9es avec<\/strong><strong>ton <\/strong><strong>projet <\/strong><strong>Liebknecht <\/strong><strong>en premi\u00e8re partie de <\/strong><strong>Nitzer Ebb. J\u2019ai ador\u00e9 ta musique.<\/strong> <strong>Je suppose que c\u2019est l\u2019un de tes principaux centres d\u2019int\u00e9r\u00eat maintenant.<\/strong> <strong>Tu peux nous en dire un peu plus\u00a0?<\/strong> <strong>Au d\u00e9but, tu ne voulais pas sortir d\u2019albums sous ce nom, n\u2019est-ce pas\u00a0?<\/strong><\/span><\/p>\n<p><span style=\"font-family: georgia, palatino, serif; font-size: 12pt;\"><strong>\u2014DM\u00a0:<\/strong> <strong>Liebknecht<\/strong> est cens\u00e9 \u00eatre mon projet de dance music. Je voulais juste faire une chanson par-ci par-l\u00e0, mais \u00e7a a fini par \u00eatre tr\u00e8s amusant. J\u2019ai \u00e9galement appr\u00e9ci\u00e9 de travailler avec Rinaldo. Il m\u2019envoyait toujours des sons et \u00e0 la fin, je lui ai simplement demand\u00e9 de me rejoindre sur sc\u00e8ne. Pour l\u2019avenir, on a pr\u00e9vu beaucoup de choses qui suscitent beaucoup d\u2019attention, pas seulement sur \u00ab\u00a0notre\u00a0\u00bb sc\u00e8ne.<\/span><\/p>\n<p><span style=\"font-family: georgia, palatino, serif; font-size: 12pt;\"><strong>\u2014Daniel, tu fais \u00e0 nouveau partie de Covenant, n\u2019est-ce pas\u00a0?<\/strong> <strong>\u00c7a te fait quoi, de faire partie d\u2019un groupe\u00a0?<\/strong><\/span><\/p>\n<p><span style=\"font-family: georgia, palatino, serif; font-size: 12pt;\"><strong>\u2014DM\u00a0:<\/strong> C\u2019est parfois la meilleure chose au monde, parfois la pire. Je suis un maniaque du contr\u00f4le, surtout sur sc\u00e8ne. Et en studio. Je travaille sans cesse sur un morceau, avant de penser qu\u2019il est termin\u00e9. Avec <strong>Covenant<\/strong>, je suis oblig\u00e9 de l\u00e2cher prise. C\u2019est agr\u00e9able d\u2019une certaine mani\u00e8re, mais parfois c\u2019est aussi frustrant, parce que proc\u00e9derais d\u2019une mani\u00e8re radicalement diff\u00e9rente pour beaucoup de choses.<\/span><\/p>\n<p><span style=\"font-family: georgia, palatino, serif; font-size: 12pt;\"><strong>\u2014Comment se porte votre label Basic Unit Production\u00a0?<\/strong><\/span><\/p>\n<p><span style=\"font-family: georgia, palatino, serif; font-size: 12pt;\"><strong>\u2014DS :<\/strong> Il n\u2019est plus tr\u00e8s actif. Nous avons eu l\u2019impression de ne pas avoir r\u00e9ussi \u00e0 aider les groupes de mani\u00e8re significative, \u00e0 l\u2019exception de <strong>Black Nail Cabaret <\/strong>qui se d\u00e9brouille bien et dont je suis fier.<\/span><\/p>\n<p><span style=\"font-family: georgia, palatino, serif; font-size: 12pt;\"><strong>\u2014Que peut-on attendre de votre concert au Sinner\u2019s Day\u00a0?<\/strong> <strong>Vous avez dit que vous alliez arr\u00eater de jouer en live en tant que <\/strong><strong>Haujobb<\/strong><strong>, ce concert sera-t-il une exception\u00a0?<\/strong> <strong>Vous avez jou\u00e9 au festival E-Only r\u00e9cemment.<\/strong><\/span><\/p>\n<p><span style=\"font-family: georgia, palatino, serif; font-size: 12pt;\"><strong>\u2014DM\u00a0:<\/strong> On ne peut pas s\u2019arr\u00eater. On parle beaucoup dans le feu de l\u2019action. On continuera&#8230; Ce set sera tr\u00e8s court, mais intense. Je vais DJ quelques nuits avant \u00e0 Berlin pour un public super branch\u00e9, et j\u2019ai h\u00e2te de transmettre ce niveau d\u2019\u00e9nergie sur sc\u00e8ne en Belgique&#8230;<\/span><\/p>\n<p><iframe title=\"HAUJOBB | Dead Market [official video]\" width=\"1170\" height=\"658\" src=\"https:\/\/www.youtube.com\/embed\/KUOeibCly70?feature=oembed\" frameborder=\"0\" allow=\"accelerometer; autoplay; clipboard-write; encrypted-media; gyroscope; picture-in-picture\" allowfullscreen><\/iframe><\/p>\n","protected":false},"excerpt":{"rendered":"<p>Si on devait r\u00e9sumer l\u2019\u00e9lectronique des ann\u00e9es 90 en quelques disques, la discographie des Allemands&hellip;<\/p>\n","protected":false},"author":2,"featured_media":37275,"comment_status":"open","ping_status":"open","sticky":false,"template":"","format":"standard","meta":{"_lmt_disableupdate":"","_lmt_disable":"","footnotes":""},"categories":[35],"tags":[320,562,358],"class_list":["post-37094","post","type-post","status-publish","format-standard","has-post-thumbnail","hentry","category-interviews-fr","tag-ebm-2-fr","tag-electronique-industrielle","tag-musique-electronique"],"yoast_head":"<!-- This site is optimized with the Yoast SEO plugin v27.4 - https:\/\/yoast.com\/product\/yoast-seo-wordpress\/ -->\n<title>Haujobb : &quot;Je suis un maniaque du contr\u00f4le, surtout sur sc\u00e8ne&quot; &#8212; El Garaje de Frank<\/title>\n<meta name=\"description\" content=\"Interviews &#8212; Interview avec le groupe allemand de musique \u00e9lectronique Haujobb \u00e0 l&#039;occasion du Sinner&#039;s Day.\" \/>\n<meta name=\"robots\" content=\"index, follow, max-snippet:-1, max-image-preview:large, max-video-preview:-1\" \/>\n<link rel=\"canonical\" href=\"https:\/\/elgarajedefrank.es\/fr\/interview-haujobb\/\" \/>\n<meta property=\"og:locale\" content=\"fr_FR\" \/>\n<meta property=\"og:type\" content=\"article\" \/>\n<meta property=\"og:title\" content=\"Haujobb : &quot;Je suis un maniaque du contr\u00f4le, surtout sur sc\u00e8ne&quot; &#8212; El Garaje de Frank\" \/>\n<meta property=\"og:description\" content=\"Interviews &#8212; Interview avec le groupe allemand de musique \u00e9lectronique Haujobb \u00e0 l&#039;occasion du Sinner&#039;s Day.\" \/>\n<meta property=\"og:url\" content=\"https:\/\/elgarajedefrank.es\/fr\/interview-haujobb\/\" \/>\n<meta property=\"og:site_name\" content=\"El Garaje de Frank\" \/>\n<meta property=\"article:publisher\" content=\"https:\/\/www.facebook.com\/elgarajedefrank\/\" \/>\n<meta property=\"article:published_time\" content=\"2021-11-08T15:31:29+00:00\" \/>\n<meta property=\"article:modified_time\" content=\"2022-01-05T10:49:48+00:00\" \/>\n<meta property=\"og:image\" content=\"https:\/\/elgarajedefrank.es\/wp-content\/uploads\/2021\/11\/IMG_1044.jpeg\" \/>\n\t<meta property=\"og:image:width\" content=\"1024\" \/>\n\t<meta property=\"og:image:height\" content=\"633\" \/>\n\t<meta property=\"og:image:type\" content=\"image\/jpeg\" \/>\n<meta name=\"author\" content=\"Violeta\" \/>\n<meta name=\"twitter:card\" content=\"summary_large_image\" \/>\n<meta name=\"twitter:label1\" content=\"\u00c9crit par\" \/>\n\t<meta name=\"twitter:data1\" content=\"Violeta\" \/>\n\t<meta name=\"twitter:label2\" content=\"Dur\u00e9e de lecture estim\u00e9e\" \/>\n\t<meta name=\"twitter:data2\" content=\"9 minutes\" \/>\n<script type=\"application\/ld+json\" class=\"yoast-schema-graph\">{\"@context\":\"https:\\\/\\\/schema.org\",\"@graph\":[{\"@type\":\"Article\",\"@id\":\"https:\\\/\\\/elgarajedefrank.es\\\/fr\\\/interview-haujobb\\\/#article\",\"isPartOf\":{\"@id\":\"https:\\\/\\\/elgarajedefrank.es\\\/fr\\\/interview-haujobb\\\/\"},\"author\":{\"name\":\"Violeta\",\"@id\":\"https:\\\/\\\/elgarajedefrank.es\\\/fr\\\/#\\\/schema\\\/person\\\/35ec115bc6f8fb3d23238106dc7c1308\"},\"headline\":\"Haujobb : &#8220;Je suis un maniaque du contr\u00f4le, surtout sur sc\u00e8ne&#8221;\",\"datePublished\":\"2021-11-08T15:31:29+00:00\",\"dateModified\":\"2022-01-05T10:49:48+00:00\",\"mainEntityOfPage\":{\"@id\":\"https:\\\/\\\/elgarajedefrank.es\\\/fr\\\/interview-haujobb\\\/\"},\"wordCount\":2286,\"commentCount\":0,\"publisher\":{\"@id\":\"https:\\\/\\\/elgarajedefrank.es\\\/fr\\\/#\\\/schema\\\/person\\\/d709c9c33f5f405d44c6c9397889ba15\"},\"image\":{\"@id\":\"https:\\\/\\\/elgarajedefrank.es\\\/fr\\\/interview-haujobb\\\/#primaryimage\"},\"thumbnailUrl\":\"https:\\\/\\\/elgarajedefrank.es\\\/wp-content\\\/uploads\\\/2021\\\/11\\\/IMG_1044.jpeg\",\"keywords\":[\"EBM\",\"\u00c9lectronique industrielle\",\"Musique \u00e9lectronique\"],\"articleSection\":[\"Interviews\"],\"inLanguage\":\"fr-FR\",\"potentialAction\":[{\"@type\":\"CommentAction\",\"name\":\"Comment\",\"target\":[\"https:\\\/\\\/elgarajedefrank.es\\\/fr\\\/interview-haujobb\\\/#respond\"]}]},{\"@type\":\"WebPage\",\"@id\":\"https:\\\/\\\/elgarajedefrank.es\\\/fr\\\/interview-haujobb\\\/\",\"url\":\"https:\\\/\\\/elgarajedefrank.es\\\/fr\\\/interview-haujobb\\\/\",\"name\":\"Haujobb : \\\"Je suis un maniaque du contr\u00f4le, surtout sur sc\u00e8ne\\\" &#8212; El Garaje de Frank\",\"isPartOf\":{\"@id\":\"https:\\\/\\\/elgarajedefrank.es\\\/fr\\\/#website\"},\"primaryImageOfPage\":{\"@id\":\"https:\\\/\\\/elgarajedefrank.es\\\/fr\\\/interview-haujobb\\\/#primaryimage\"},\"image\":{\"@id\":\"https:\\\/\\\/elgarajedefrank.es\\\/fr\\\/interview-haujobb\\\/#primaryimage\"},\"thumbnailUrl\":\"https:\\\/\\\/elgarajedefrank.es\\\/wp-content\\\/uploads\\\/2021\\\/11\\\/IMG_1044.jpeg\",\"datePublished\":\"2021-11-08T15:31:29+00:00\",\"dateModified\":\"2022-01-05T10:49:48+00:00\",\"description\":\"Interviews &#8212; Interview avec le groupe allemand de musique \u00e9lectronique Haujobb \u00e0 l'occasion du Sinner's Day.\",\"breadcrumb\":{\"@id\":\"https:\\\/\\\/elgarajedefrank.es\\\/fr\\\/interview-haujobb\\\/#breadcrumb\"},\"inLanguage\":\"fr-FR\",\"potentialAction\":[{\"@type\":\"ReadAction\",\"target\":[\"https:\\\/\\\/elgarajedefrank.es\\\/fr\\\/interview-haujobb\\\/\"]}]},{\"@type\":\"ImageObject\",\"inLanguage\":\"fr-FR\",\"@id\":\"https:\\\/\\\/elgarajedefrank.es\\\/fr\\\/interview-haujobb\\\/#primaryimage\",\"url\":\"https:\\\/\\\/elgarajedefrank.es\\\/wp-content\\\/uploads\\\/2021\\\/11\\\/IMG_1044.jpeg\",\"contentUrl\":\"https:\\\/\\\/elgarajedefrank.es\\\/wp-content\\\/uploads\\\/2021\\\/11\\\/IMG_1044.jpeg\",\"width\":1024,\"height\":633},{\"@type\":\"BreadcrumbList\",\"@id\":\"https:\\\/\\\/elgarajedefrank.es\\\/fr\\\/interview-haujobb\\\/#breadcrumb\",\"itemListElement\":[{\"@type\":\"ListItem\",\"position\":1,\"name\":\"Inicio\",\"item\":\"https:\\\/\\\/elgarajedefrank.es\\\/fr\\\/\"},{\"@type\":\"ListItem\",\"position\":2,\"name\":\"Interviews\",\"item\":\"https:\\\/\\\/elgarajedefrank.es\\\/fr\\\/category\\\/interviews-fr\\\/\"},{\"@type\":\"ListItem\",\"position\":3,\"name\":\"Haujobb : \u00abJe suis un maniaque du contr\u00f4le, surtout sur sc\u00e8ne\u00bb\"}]},{\"@type\":\"WebSite\",\"@id\":\"https:\\\/\\\/elgarajedefrank.es\\\/fr\\\/#website\",\"url\":\"https:\\\/\\\/elgarajedefrank.es\\\/fr\\\/\",\"name\":\"El Garaje de Frank\",\"description\":\"Music magazine\",\"publisher\":{\"@id\":\"https:\\\/\\\/elgarajedefrank.es\\\/fr\\\/#\\\/schema\\\/person\\\/d709c9c33f5f405d44c6c9397889ba15\"},\"potentialAction\":[{\"@type\":\"SearchAction\",\"target\":{\"@type\":\"EntryPoint\",\"urlTemplate\":\"https:\\\/\\\/elgarajedefrank.es\\\/fr\\\/?s={search_term_string}\"},\"query-input\":{\"@type\":\"PropertyValueSpecification\",\"valueRequired\":true,\"valueName\":\"search_term_string\"}}],\"inLanguage\":\"fr-FR\"},{\"@type\":[\"Person\",\"Organization\"],\"@id\":\"https:\\\/\\\/elgarajedefrank.es\\\/fr\\\/#\\\/schema\\\/person\\\/d709c9c33f5f405d44c6c9397889ba15\",\"name\":\"Fran\u00e7ois Zappa\",\"image\":{\"@type\":\"ImageObject\",\"inLanguage\":\"fr-FR\",\"@id\":\"https:\\\/\\\/elgarajedefrank.es\\\/wp-content\\\/uploads\\\/2019\\\/10\\\/IMG_8278-150x150.jpg\",\"url\":\"https:\\\/\\\/elgarajedefrank.es\\\/wp-content\\\/uploads\\\/2019\\\/10\\\/IMG_8278-150x150.jpg\",\"contentUrl\":\"https:\\\/\\\/elgarajedefrank.es\\\/wp-content\\\/uploads\\\/2019\\\/10\\\/IMG_8278-150x150.jpg\",\"caption\":\"Fran\u00e7ois Zappa\"},\"logo\":{\"@id\":\"https:\\\/\\\/elgarajedefrank.es\\\/wp-content\\\/uploads\\\/2019\\\/10\\\/IMG_8278-150x150.jpg\"},\"sameAs\":[\"https:\\\/\\\/www.facebook.com\\\/elgarajedefrank\\\/\",\"https:\\\/\\\/www.instagram.com\\\/elgarajedefrank\\\/\"]},{\"@type\":\"Person\",\"@id\":\"https:\\\/\\\/elgarajedefrank.es\\\/fr\\\/#\\\/schema\\\/person\\\/35ec115bc6f8fb3d23238106dc7c1308\",\"name\":\"Violeta\",\"image\":{\"@type\":\"ImageObject\",\"inLanguage\":\"fr-FR\",\"@id\":\"https:\\\/\\\/elgarajedefrank.es\\\/wp-content\\\/uploads\\\/2019\\\/10\\\/IMG_0576-e1570432097945-150x150.jpg\",\"url\":\"https:\\\/\\\/elgarajedefrank.es\\\/wp-content\\\/uploads\\\/2019\\\/10\\\/IMG_0576-e1570432097945-150x150.jpg\",\"contentUrl\":\"https:\\\/\\\/elgarajedefrank.es\\\/wp-content\\\/uploads\\\/2019\\\/10\\\/IMG_0576-e1570432097945-150x150.jpg\",\"caption\":\"Violeta\"}}]}<\/script>\n<!-- \/ Yoast SEO plugin. -->","yoast_head_json":{"title":"Haujobb : \"Je suis un maniaque du contr\u00f4le, surtout sur sc\u00e8ne\" &#8212; El Garaje de Frank","description":"Interviews &#8212; Interview avec le groupe allemand de musique \u00e9lectronique Haujobb \u00e0 l'occasion du Sinner's Day.","robots":{"index":"index","follow":"follow","max-snippet":"max-snippet:-1","max-image-preview":"max-image-preview:large","max-video-preview":"max-video-preview:-1"},"canonical":"https:\/\/elgarajedefrank.es\/fr\/interview-haujobb\/","og_locale":"fr_FR","og_type":"article","og_title":"Haujobb : \"Je suis un maniaque du contr\u00f4le, surtout sur sc\u00e8ne\" &#8212; El Garaje de Frank","og_description":"Interviews &#8212; Interview avec le groupe allemand de musique \u00e9lectronique Haujobb \u00e0 l'occasion du Sinner's Day.","og_url":"https:\/\/elgarajedefrank.es\/fr\/interview-haujobb\/","og_site_name":"El Garaje de Frank","article_publisher":"https:\/\/www.facebook.com\/elgarajedefrank\/","article_published_time":"2021-11-08T15:31:29+00:00","article_modified_time":"2022-01-05T10:49:48+00:00","og_image":[{"width":1024,"height":633,"url":"https:\/\/elgarajedefrank.es\/wp-content\/uploads\/2021\/11\/IMG_1044.jpeg","type":"image\/jpeg"}],"author":"Violeta","twitter_card":"summary_large_image","twitter_misc":{"\u00c9crit par":"Violeta","Dur\u00e9e de lecture estim\u00e9e":"9 minutes"},"schema":{"@context":"https:\/\/schema.org","@graph":[{"@type":"Article","@id":"https:\/\/elgarajedefrank.es\/fr\/interview-haujobb\/#article","isPartOf":{"@id":"https:\/\/elgarajedefrank.es\/fr\/interview-haujobb\/"},"author":{"name":"Violeta","@id":"https:\/\/elgarajedefrank.es\/fr\/#\/schema\/person\/35ec115bc6f8fb3d23238106dc7c1308"},"headline":"Haujobb : &#8220;Je suis un maniaque du contr\u00f4le, surtout sur sc\u00e8ne&#8221;","datePublished":"2021-11-08T15:31:29+00:00","dateModified":"2022-01-05T10:49:48+00:00","mainEntityOfPage":{"@id":"https:\/\/elgarajedefrank.es\/fr\/interview-haujobb\/"},"wordCount":2286,"commentCount":0,"publisher":{"@id":"https:\/\/elgarajedefrank.es\/fr\/#\/schema\/person\/d709c9c33f5f405d44c6c9397889ba15"},"image":{"@id":"https:\/\/elgarajedefrank.es\/fr\/interview-haujobb\/#primaryimage"},"thumbnailUrl":"https:\/\/elgarajedefrank.es\/wp-content\/uploads\/2021\/11\/IMG_1044.jpeg","keywords":["EBM","\u00c9lectronique industrielle","Musique \u00e9lectronique"],"articleSection":["Interviews"],"inLanguage":"fr-FR","potentialAction":[{"@type":"CommentAction","name":"Comment","target":["https:\/\/elgarajedefrank.es\/fr\/interview-haujobb\/#respond"]}]},{"@type":"WebPage","@id":"https:\/\/elgarajedefrank.es\/fr\/interview-haujobb\/","url":"https:\/\/elgarajedefrank.es\/fr\/interview-haujobb\/","name":"Haujobb : \"Je suis un maniaque du contr\u00f4le, surtout sur sc\u00e8ne\" &#8212; El Garaje de Frank","isPartOf":{"@id":"https:\/\/elgarajedefrank.es\/fr\/#website"},"primaryImageOfPage":{"@id":"https:\/\/elgarajedefrank.es\/fr\/interview-haujobb\/#primaryimage"},"image":{"@id":"https:\/\/elgarajedefrank.es\/fr\/interview-haujobb\/#primaryimage"},"thumbnailUrl":"https:\/\/elgarajedefrank.es\/wp-content\/uploads\/2021\/11\/IMG_1044.jpeg","datePublished":"2021-11-08T15:31:29+00:00","dateModified":"2022-01-05T10:49:48+00:00","description":"Interviews &#8212; Interview avec le groupe allemand de musique \u00e9lectronique Haujobb \u00e0 l'occasion du Sinner's Day.","breadcrumb":{"@id":"https:\/\/elgarajedefrank.es\/fr\/interview-haujobb\/#breadcrumb"},"inLanguage":"fr-FR","potentialAction":[{"@type":"ReadAction","target":["https:\/\/elgarajedefrank.es\/fr\/interview-haujobb\/"]}]},{"@type":"ImageObject","inLanguage":"fr-FR","@id":"https:\/\/elgarajedefrank.es\/fr\/interview-haujobb\/#primaryimage","url":"https:\/\/elgarajedefrank.es\/wp-content\/uploads\/2021\/11\/IMG_1044.jpeg","contentUrl":"https:\/\/elgarajedefrank.es\/wp-content\/uploads\/2021\/11\/IMG_1044.jpeg","width":1024,"height":633},{"@type":"BreadcrumbList","@id":"https:\/\/elgarajedefrank.es\/fr\/interview-haujobb\/#breadcrumb","itemListElement":[{"@type":"ListItem","position":1,"name":"Inicio","item":"https:\/\/elgarajedefrank.es\/fr\/"},{"@type":"ListItem","position":2,"name":"Interviews","item":"https:\/\/elgarajedefrank.es\/fr\/category\/interviews-fr\/"},{"@type":"ListItem","position":3,"name":"Haujobb : \u00abJe suis un maniaque du contr\u00f4le, surtout sur sc\u00e8ne\u00bb"}]},{"@type":"WebSite","@id":"https:\/\/elgarajedefrank.es\/fr\/#website","url":"https:\/\/elgarajedefrank.es\/fr\/","name":"El Garaje de Frank","description":"Music magazine","publisher":{"@id":"https:\/\/elgarajedefrank.es\/fr\/#\/schema\/person\/d709c9c33f5f405d44c6c9397889ba15"},"potentialAction":[{"@type":"SearchAction","target":{"@type":"EntryPoint","urlTemplate":"https:\/\/elgarajedefrank.es\/fr\/?s={search_term_string}"},"query-input":{"@type":"PropertyValueSpecification","valueRequired":true,"valueName":"search_term_string"}}],"inLanguage":"fr-FR"},{"@type":["Person","Organization"],"@id":"https:\/\/elgarajedefrank.es\/fr\/#\/schema\/person\/d709c9c33f5f405d44c6c9397889ba15","name":"Fran\u00e7ois Zappa","image":{"@type":"ImageObject","inLanguage":"fr-FR","@id":"https:\/\/elgarajedefrank.es\/wp-content\/uploads\/2019\/10\/IMG_8278-150x150.jpg","url":"https:\/\/elgarajedefrank.es\/wp-content\/uploads\/2019\/10\/IMG_8278-150x150.jpg","contentUrl":"https:\/\/elgarajedefrank.es\/wp-content\/uploads\/2019\/10\/IMG_8278-150x150.jpg","caption":"Fran\u00e7ois Zappa"},"logo":{"@id":"https:\/\/elgarajedefrank.es\/wp-content\/uploads\/2019\/10\/IMG_8278-150x150.jpg"},"sameAs":["https:\/\/www.facebook.com\/elgarajedefrank\/","https:\/\/www.instagram.com\/elgarajedefrank\/"]},{"@type":"Person","@id":"https:\/\/elgarajedefrank.es\/fr\/#\/schema\/person\/35ec115bc6f8fb3d23238106dc7c1308","name":"Violeta","image":{"@type":"ImageObject","inLanguage":"fr-FR","@id":"https:\/\/elgarajedefrank.es\/wp-content\/uploads\/2019\/10\/IMG_0576-e1570432097945-150x150.jpg","url":"https:\/\/elgarajedefrank.es\/wp-content\/uploads\/2019\/10\/IMG_0576-e1570432097945-150x150.jpg","contentUrl":"https:\/\/elgarajedefrank.es\/wp-content\/uploads\/2019\/10\/IMG_0576-e1570432097945-150x150.jpg","caption":"Violeta"}}]}},"_links":{"self":[{"href":"https:\/\/elgarajedefrank.es\/fr\/wp-json\/wp\/v2\/posts\/37094","targetHints":{"allow":["GET"]}}],"collection":[{"href":"https:\/\/elgarajedefrank.es\/fr\/wp-json\/wp\/v2\/posts"}],"about":[{"href":"https:\/\/elgarajedefrank.es\/fr\/wp-json\/wp\/v2\/types\/post"}],"author":[{"embeddable":true,"href":"https:\/\/elgarajedefrank.es\/fr\/wp-json\/wp\/v2\/users\/2"}],"replies":[{"embeddable":true,"href":"https:\/\/elgarajedefrank.es\/fr\/wp-json\/wp\/v2\/comments?post=37094"}],"version-history":[{"count":0,"href":"https:\/\/elgarajedefrank.es\/fr\/wp-json\/wp\/v2\/posts\/37094\/revisions"}],"wp:featuredmedia":[{"embeddable":true,"href":"https:\/\/elgarajedefrank.es\/fr\/wp-json\/wp\/v2\/media\/37275"}],"wp:attachment":[{"href":"https:\/\/elgarajedefrank.es\/fr\/wp-json\/wp\/v2\/media?parent=37094"}],"wp:term":[{"taxonomy":"category","embeddable":true,"href":"https:\/\/elgarajedefrank.es\/fr\/wp-json\/wp\/v2\/categories?post=37094"},{"taxonomy":"post_tag","embeddable":true,"href":"https:\/\/elgarajedefrank.es\/fr\/wp-json\/wp\/v2\/tags?post=37094"}],"curies":[{"name":"wp","href":"https:\/\/api.w.org\/{rel}","templated":true}]}}