{"id":36195,"date":"2021-10-04T17:57:57","date_gmt":"2021-10-04T15:57:57","guid":{"rendered":"https:\/\/elgarajedefrank.es\/?p=36195"},"modified":"2021-10-05T11:16:43","modified_gmt":"2021-10-05T09:16:43","slug":"interview-das-ding","status":"publish","type":"post","link":"https:\/\/elgarajedefrank.es\/fr\/interview-das-ding\/","title":{"rendered":"Interview : Das Ding"},"content":{"rendered":"<p class=\"p1\"><span style=\"font-family: georgia, palatino, serif; font-size: 12pt;\"><b>Le retour des cassettes des ann\u00e9es 80 nous a apport\u00e9 beaucoup de joie, dont la d\u00e9couverte de la musique de Das Ding. Le producteur hollandais a fait son grand retour gr\u00e2ce \u00e0 une compil publi\u00e9e par Minimal Waves en 2009, et depuis, il n\u2019a pas cess\u00e9 de publier du mat\u00e9riel tr\u00e8s int\u00e9ressant. Il jouera \u00e0 l\u2019Ombra le 28 novembre, dans ce qui sera certainement son dernier concert.<\/b><\/span><\/p>\n<p class=\"p1\"><span style=\"font-family: georgia, palatino, serif; font-size: 12pt;\"><b><img fetchpriority=\"high\" decoding=\"async\" class=\"alignleft wp-image-36266\" src=\"https:\/\/elgarajedefrank.es\/wp-content\/uploads\/2021\/10\/DasDing11-200x300.jpg\" alt=\"\" width=\"450\" height=\"675\" srcset=\"https:\/\/elgarajedefrank.es\/wp-content\/uploads\/2021\/10\/DasDing11-200x300.jpg 200w, https:\/\/elgarajedefrank.es\/wp-content\/uploads\/2021\/10\/DasDing11.jpg 500w\" sizes=\"(max-width: 450px) 100vw, 450px\" \/>\u2014Tu as commenc\u00e9 ta carri\u00e8re musicale dans un groupe punk appel\u00e9 Spastix. As-tu conserv\u00e9 cet esprit punk dans ta musique ? Tu as toujours \u00e9t\u00e9 tr\u00e8s DIY et tu as toujours essay\u00e9 de composer la musique la plus simple possible.<\/b><\/span><\/p>\n<p class=\"p1\"><span style=\"font-family: georgia, palatino, serif; font-size: 12pt;\">\u2014Je dirais que c\u2019est l\u2019esprit post-punk, mais l\u2019aspect DIY est surtout punk, c\u2019est vrai. Ou c\u2019est peut-\u00eatre plus une question d\u2019aspects pratiques qu\u2019on apprend de l\u2019esprit punk.<\/span><\/p>\n<p class=\"p1\"><span style=\"font-family: georgia, palatino, serif; font-size: 12pt;\"><b>\u2014Le nom de ton projet principal, Das Ding, signifie La Chose, en r\u00e9f\u00e9rence au classique de Christian Nyby et Howard Hawk, La Chose d\u2019un autre monde. As-tu regard\u00e9 le film La Chose de Carpenter \u00e0 l\u2019\u00e9poque ? Aimes-tu ce remake ?<\/b><\/span><\/p>\n<p class=\"p1\"><span style=\"font-family: georgia, palatino, serif; font-size: 12pt;\">\u2014J\u2019\u00e9tais et je suis toujours un gros geek de SF. J\u2019adore tout ce que fait Carpenter, y compris sa musique. J\u2019ai vu La Chose sur la t\u00e9l\u00e9 allemande alors que je cherchais un nom. Das Ding m\u2019a tout de suite sembl\u00e9 parfait. Tout comme le remake !<\/span><\/p>\n<p class=\"p1\"><span style=\"font-family: georgia, palatino, serif; font-size: 12pt;\"><b>\u2014La plupart de ton matos d\u2019origine provient du groupe dissous de ton fr\u00e8re. Comme il s\u2019agissait principalement de synth\u00e9s et de s\u00e9quenceurs, je me demande quel type de musique il jouait ? T\u2019a-t-il influenc\u00e9 ? T\u2019a-t-il aid\u00e9 \u00e0 utiliser ces machines au d\u00e9but ?<\/b><\/span><\/p>\n<p class=\"p1\"><span style=\"font-family: georgia, palatino, serif; font-size: 12pt;\">\u2014C\u2019\u00e9tait un groupe de rock appel\u00e9 Link. Ils utilisaient un peu des synth\u00e9s et des s\u00e9quenceurs \u00e0 la fin, j\u2019ai eu de la chance ! EN musique, on t\u00e2tonne tous un peu, mais c\u2019est vraiment un excellent guitariste. Pour ce qui est de l\u2019\u00e9quipement, je me suis d\u00e9brouill\u00e9 tout seul.<\/span><\/p>\n<p class=\"p1\"><span style=\"font-family: georgia, palatino, serif; font-size: 12pt;\"><b>\u2014Fad Gadget fait partie de tes influences. Au Garaje, on adore parler de lui. Qu\u2019aimes-tu de lui et comment sa musique t\u2019a-t-elle influenc\u00e9 ?<\/b><\/span><\/p>\n<p class=\"p1\"><span style=\"font-family: georgia, palatino, serif; font-size: 12pt;\">\u2014C\u2019est surtout la simplicit\u00e9 de ses chansons et la clart\u00e9 de son expression, comme dans \u00ab Back to Nature \u00bb. Je l\u2019ai vu \u00e0 la t\u00e9l\u00e9 et j\u2019ai pens\u00e9 que je pourrais faire la m\u00eame chose !<\/span><\/p>\n<p class=\"p1\"><span style=\"font-family: georgia, palatino, serif; font-size: 12pt;\"><b>\u2014Que peux-tu nous dire de la cr\u00e9ation de Highly Sophisticated Technological Achievement en 1982 ? Pourquoi la r\u00e9\u00e9dition sur Minimal Wave pr\u00e9sente diff\u00e9rents morceaux ? Pourquoi garder le m\u00eame nom alors que l\u2019album \u00e9tait diff\u00e9rent ?<\/b><\/span><\/p>\n<p class=\"p1\"><span style=\"font-family: georgia, palatino, serif; font-size: 12pt;\">\u2014Quand j\u2019ai enregistr\u00e9 ces pistes, je passais mon temps \u00e0 taper des s\u00e9quences dans les machines jusqu\u2019\u00e0 ce que j\u2019aie de la chance et obtienne un truc qui me plaisait, auquel j\u2019ajoutais des tonnes de delay. J\u2019en \u00e9tais vraiment content. L\u2019album \u00e9tait plus un genre de compil r\u00e9alis\u00e9e par Veronica, alors la d\u00e9cision lui revenait. Cependant, on a quand m\u00eame discut\u00e9 des morceaux \u00e0 inclure.<\/span><\/p>\n<p class=\"p1\"><span style=\"font-family: georgia, palatino, serif; font-size: 12pt;\"><b><strong><img decoding=\"async\" class=\"alignright wp-image-36269\" src=\"https:\/\/elgarajedefrank.es\/wp-content\/uploads\/2021\/10\/ddee-300x229.jpg\" alt=\"\" width=\"450\" height=\"344\" srcset=\"https:\/\/elgarajedefrank.es\/wp-content\/uploads\/2021\/10\/ddee-300x229.jpg 300w, https:\/\/elgarajedefrank.es\/wp-content\/uploads\/2021\/10\/ddee-585x447.jpg 585w, https:\/\/elgarajedefrank.es\/wp-content\/uploads\/2021\/10\/ddee.jpg 689w\" sizes=\"(max-width: 450px) 100vw, 450px\" \/><\/strong>\u2014Je sais que tu \u00e9tais squatteur, tu peux nous en dire plus ? Tu as v\u00e9cu avec un groupe de squatteur ? Comment \u00e9tait l\u2019atmosph\u00e8re ? Connais-tu le groupe de punk l\u00e9gendaire The Ex ? <\/b><\/span><\/p>\n<p class=\"p1\"><span style=\"font-family: georgia, palatino, serif; font-size: 12pt;\">\u2014Oui, j\u2019ai \u00e9t\u00e9 squatteur pendant de nombreuses ann\u00e9es. C\u2019\u00e9tait parfois sinistre, on devait prot\u00e9ger notre maison contre la police ou contre des propri\u00e9taires furieux qui envoyaient leurs hommes de main nous menacer. On tra\u00eenait pr\u00e8s de l\u2019Emma, une salle de punk l\u00e9gendaire \u00e0 Amsterdam, avec <span class=\"s1\"><b>The Ex<\/b><\/span> et beaucoup d\u2019autres, comme <span class=\"s1\"><b>BGK<\/b><\/span> et <span class=\"s1\"><b>Kift,<\/b><\/span> alors oui, je connais tous ces gens. Notre groupe, <span class=\"s1\"><b>The Cherry Orchard,<\/b><\/span> a donn\u00e9 son dernier concert dans une garden-party qu\u2019organisait chaque ann\u00e9e <span class=\"s1\"><b>The Ex.<\/b><\/span><\/span><\/p>\n<p class=\"p1\"><span style=\"font-family: georgia, palatino, serif; font-size: 12pt;\"><b>\u2014\u00c0 la m\u00eame \u00e9poque, tu faisais aussi partie du collectif artistique STORT. Quels genres d\u2019\u00e9v\u00e9nements organisiez-vous ?<\/b><\/span><\/p>\n<p class=\"p1\"><span style=\"font-family: georgia, palatino, serif; font-size: 12pt;\">\u2014C\u2019\u00e9tait le chaos total. On organisait g\u00e9n\u00e9ralement des parodies des rallyes politiques, on faisait des installations bizarres&#8230; J\u2019\u00e9crivais les dialogues, m\u2019occupait des sons et de la musique, et aussi de l\u2019\u00e9mission radio qu\u2019on r\u00e9alisait deux fois par semaine sur Patapoe et Radio 100 \u00e0 Amsterdam.<\/span><\/p>\n<p class=\"p1\"><span style=\"font-family: georgia, palatino, serif; font-size: 12pt;\"><b>\u2014Pendant cette pause de 30 ans, tu as jou\u00e9 dans diff\u00e9rents groupes, jusqu\u2019\u00e0 ce que Minimal Wave sorte tes chansons. Tu peux nous en dire plus ?<\/b><\/span><\/p>\n<p class=\"p1\"><span style=\"font-family: georgia, palatino, serif; font-size: 12pt;\">\u2014Je jouais toute sorte de trucs, tout ce que j\u2019aimais, en fait. Beaucoup de guitare et d\u2019industrial noise, et tout ce qui se trouvait entre. L\u2019\u00e9mergence d\u2019un nouveau <span class=\"s1\"><b>Das Ding<\/b><\/span> m\u2019a donn\u00e9 une clart\u00e9 de concept satisfaisante.<\/span><\/p>\n<p class=\"p1\"><span style=\"font-family: georgia, palatino, serif; font-size: 12pt;\"><b>\u2014Souvent, tu as qualifi\u00e9 ton travail de robot music. Est-ce en raison de la vibe futuriste de ta musique, ou veux-tu aussi parler de la perte d\u2019humanit\u00e9 de la soci\u00e9t\u00e9 ?<\/b><\/span><\/p>\n<p class=\"p1\"><span style=\"font-family: georgia, palatino, serif; font-size: 12pt;\">\u2014C\u2019est surtout en raison de cette vibe futuriste, dans le sens o\u00f9 les machines s\u2019expriment d\u2019elles-m\u00eames, parfois par un heureux accident ou parfois par des bizarreries de connectivit\u00e9, des trucs du genre. Toutefois, c\u2019est toujours un humain qui appuie sur le bouton D\u00e9marrer.<\/span><\/p>\n<p class=\"p1\"><span style=\"font-family: georgia, palatino, serif; font-size: 12pt;\"><b>\u2014En D\u00e9cembre 2007, Frans de Waard a cr\u00e9\u00e9 une publication sur toi sur son blog No Longer Forgotten Music, ce qui a sign\u00e9 ton comeback. Le savais-tu ? Selon toi, existe-t-il d\u2019autres artistes de l\u2019\u00e9poque qui m\u00e9riteraient d\u2019\u00eatre red\u00e9couverts ?<\/b><\/span><\/p>\n<p class=\"p1\"><span style=\"font-family: georgia, palatino, serif; font-size: 12pt;\">\u2014Je n\u2019\u00e9tais pas conscient de la r\u00e9surgence de l\u2019int\u00e9r\u00eat dans la musique des ann\u00e9es 80, jusqu\u2019\u00e0 ce que Veronica me contacte. Je n\u2019avais pas vu la publication sur le blog avant \u00e7a. J\u2019\u00e9tais compl\u00e8tement pass\u00e9 \u00e0 c\u00f4t\u00e9. C\u2019est dr\u00f4le.<\/span><\/p>\n<p class=\"p1\"><span style=\"font-family: georgia, palatino, serif; font-size: 12pt;\"><b><strong><img decoding=\"async\" class=\"wp-image-36272 alignleft\" src=\"https:\/\/elgarajedefrank.es\/wp-content\/uploads\/2021\/10\/R-6326246-1416528386-5700.jpeg-300x300.jpg\" alt=\"\" width=\"450\" height=\"450\" srcset=\"https:\/\/elgarajedefrank.es\/wp-content\/uploads\/2021\/10\/R-6326246-1416528386-5700.jpeg-300x300.jpg 300w, https:\/\/elgarajedefrank.es\/wp-content\/uploads\/2021\/10\/R-6326246-1416528386-5700.jpeg-150x150.jpg 150w, https:\/\/elgarajedefrank.es\/wp-content\/uploads\/2021\/10\/R-6326246-1416528386-5700.jpeg-585x585.jpg 585w, https:\/\/elgarajedefrank.es\/wp-content\/uploads\/2021\/10\/R-6326246-1416528386-5700.jpeg-50x50.jpg 50w, https:\/\/elgarajedefrank.es\/wp-content\/uploads\/2021\/10\/R-6326246-1416528386-5700.jpeg.jpg 600w\" sizes=\"(max-width: 450px) 100vw, 450px\" \/><\/strong>\u2014Comment consid\u00e8res-tu <em>Why Is My Life So Boring<\/em>? ton premier nouvel album en tant que Das Ding ? Voulais-tu s\u00e9parer ton travail moderne de ce que tu as fait par le pass\u00e9, et ce qui \u00e9tait \u00e0 nouveau publi\u00e9 ?<\/b><\/span><\/p>\n<p class=\"p1\"><span style=\"font-family: georgia, palatino, serif; font-size: 12pt;\">\u2014Je pense que mon travail n\u2019\u00e9tait pas si diff\u00e9rent, peut-\u00eatre un peu plus raffin\u00e9. Apr\u00e8s tout, j\u2019avais du meilleur matos. Je suis toujours tr\u00e8s content de cet album, surtout des derni\u00e8res pistes de chaque face. Elles repr\u00e9sentent vraiment une r\u00e9f\u00e9rence \u00e0 mes yeux.<\/span><\/p>\n<p class=\"p1\"><span style=\"font-family: georgia, palatino, serif; font-size: 12pt;\"><b>\u2014Tu as enregistr\u00e9 pour des labels comme Pinkman ou Mechatronica. Essaies-tu d\u2019adapter ta musique au style g\u00e9n\u00e9ral du label, ou est-ce que \u00e7a n\u2019a pas d\u2019importance pour toi ? Je sais que ton live \u00e0 l\u2019Ombra va principalement se centrer sur ton 12&#8243; pour Mechatronica, mais que peux-tu nous dire de ces deux sorties ?<\/b><\/span><\/p>\n<p class=\"p1\"><span style=\"font-family: georgia, palatino, serif; font-size: 12pt;\">\u2014Je n\u2019ai jamais adopt\u00e9 cette approche, comme ils m\u2019ont demand\u00e9, j\u2019ai pens\u00e9 qu\u2019ils aimaient ma musique. Je re\u00e7ois toujours des demandes pratiques, comme une intro ou outro plus longues pour les DJ, ou alors de faire que le tout soit unifi\u00e9 en tant qu\u2019EP, mais c\u2019est tout. J\u2019adore vraiment l\u2019EP que j\u2019ai compos\u00e9 pour Mechatronica, c\u2019est l\u2019un de ces labels qui donne un feed-back pr\u00e9cis et excellents de tes morceaux.<\/span><\/p>\n<p class=\"p1\"><span style=\"font-family: georgia, palatino, serif; font-size: 12pt;\"><b>\u2014Apr\u00e8s Missing Tapes, peut-on s\u2019attendre \u00e0 d\u2019autres compilations de matos que tu n\u2019avais pas encore sorti ?<\/b><\/span><\/p>\n<p class=\"p1\"><span style=\"font-family: georgia, palatino, serif; font-size: 12pt;\">\u2014Je n\u2019ai plus rien qui soit digne d\u2019une compil, mais qui sait ! Peut-\u00eatre que je trouverai une vieille cassette quelque part (j\u2019en ai une centaine).<\/span><\/p>\n<p class=\"p1\"><span style=\"font-family: georgia, palatino, serif; font-size: 12pt;\"><b>\u2014Dans une interview, tu as dit que tu voulais faire un album avec des chansons enti\u00e8rement termin\u00e9es, avec des paroles, couplets, refrains, etc. Veux-tu toujours prendre cette direction ? Penses-tu r\u00e9aliser un album plus synthpop ? Ou plus pop ?<\/b><\/span><\/p>\n<p class=\"p1\"><span style=\"font-family: georgia, palatino, serif; font-size: 12pt;\">\u2014Je le fais pour Electronic Emergencies qui sortira en 2022, j\u2019esp\u00e8re. Cependant, je ne pense pas que toutes les chansons auront ce format.<\/span><\/p>\n<p class=\"p1\"><span style=\"font-family: georgia, palatino, serif; font-size: 12pt;\"><b>\u2014Cet \u00e9t\u00e9, on a fait un concours o\u00f9 les fans pouvaient gagner le dernier album de HIV+. L\u2019un des gagnants \u00e9tait Dmitry Distant, qui a sorti un album sur ton label, Tear Apart Tapes. Le monde est petit. Comment s\u00e9lectionnes-tu les artistes qui sortent sur ton label ? Que peut-on attendre \u00e0 l\u2019avenir ?<\/b><\/span><\/p>\n<p class=\"p1\"><span style=\"font-family: georgia, palatino, serif; font-size: 12pt;\">\u2014Je rencontre les gens dans la vraie vie, et on travaille \u00e0 partir de \u00e7a. Le label produit principalement des modules eurorack, et c\u2019est presque un job \u00e0 temps plein ! Les ventes sur Internet ont explos\u00e9 pendant le confinement, tout fonctionne comme sur des roulettes, c\u2019est dingue. Pour le moment, je vais me concentrer l\u00e0-dessus. J\u2019aimerais enregistrer d\u2019autres disques et cassettes, mais c\u2019est cher et il faut prendre un v\u00e9ritable pari. Les cassettes ne sont pas aussi ch\u00e8res bien s\u00fbr, c\u2019est leur c\u00f4t\u00e9 DIY qui fait \u00e7a.<\/span><\/p>\n<p class=\"p1\"><span style=\"font-family: georgia, palatino, serif; font-size: 12pt;\"><b><strong><img loading=\"lazy\" decoding=\"async\" class=\"wp-image-36275 alignright\" src=\"https:\/\/elgarajedefrank.es\/wp-content\/uploads\/2021\/10\/das_ding_perfil-619x266-1-300x129.jpg\" alt=\"\" width=\"450\" height=\"193\" srcset=\"https:\/\/elgarajedefrank.es\/wp-content\/uploads\/2021\/10\/das_ding_perfil-619x266-1-300x129.jpg 300w, https:\/\/elgarajedefrank.es\/wp-content\/uploads\/2021\/10\/das_ding_perfil-619x266-1-585x251.jpg 585w, https:\/\/elgarajedefrank.es\/wp-content\/uploads\/2021\/10\/das_ding_perfil-619x266-1.jpg 619w\" sizes=\"(max-width: 450px) 100vw, 450px\" \/><\/strong>\u2014Dans ta deuxi\u00e8me r\u00e9f\u00e9rence, une compil appel\u00e9e <\/b><span class=\"s1\"><b><i>Kalkulator<\/i><\/b><\/span><b>, on retrouve des groupes en lien avec Spastix, mais aussi un morceau de Jad Fair. Est-ce l\u2019un des fr\u00e8res de Half Japanese ? Si la r\u00e9ponse est oui, comment l\u2019as-tu contact\u00e9 ?<\/b><\/span><\/p>\n<p class=\"p1\"><span style=\"font-family: georgia, palatino, serif; font-size: 12pt;\">\u2014Oui, c\u2019est lui. On lui a \u00e9crit pour lui demander de participer. J\u2019ai toujours la cassette originale quelque part, de la marque Woolworth, une cha\u00eene am\u00e9ricaine d\u2019entrep\u00f4ts !<\/span><\/p>\n<p class=\"p1\"><span style=\"font-family: georgia, palatino, serif; font-size: 12pt;\"><b>\u2014Avec ton AKA exp\u00e9rimental, Schedelvreter, tu as sorti une cassette en 1985 (publi\u00e9e \u00e0 nouveau en 2012). Quelles \u00e9taient tes influences sur cet album ? Vas-tu sortir un album avec du nouveau mat\u00e9riel de Schedelvreter ?<\/b><\/span><\/p>\n<p class=\"p1\"><span style=\"font-family: georgia, palatino, serif; font-size: 12pt;\">\u2014C\u2019est en cours, pour Futura Resistenza Records. J\u2019ai d\u00e9j\u00e0 enregistr\u00e9 quelques trucs. Je veux cr\u00e9er un album conceptuel \u00e0 propos du nihilisme cosmique ! Schedelvreter a \u00e9t\u00e9 con\u00e7u pour me permettre de faire une pause du format \u00ab rigide \u00bb de <span class=\"s1\"><b>Das<\/b><\/span> <span class=\"s1\"><b>Ding<\/b><\/span>. Ce projet n\u2019est pas enti\u00e8rement bas\u00e9 sur les patterns ou s\u00e9quenc\u00e9, les sons du synth\u00e9 sont jou\u00e9s \u00e0 la main sur un collage de fonds sonores. \u00c0 l\u2019\u00e9poque, j\u2019avais un synth\u00e9 Crumar qui tombait en morceaux, et qui cr\u00e9ait sporadiquement des sons ressemblant \u00e0 des voix humaines. J\u2019ai cr\u00e9\u00e9 de gros sons de batterie en ajoutant des couches de bruit, en utilisant des ajouts enregistr\u00e9s sur 4 pistes \u00e0 l\u2019envers ainsi que des enregistrements live de batterie de mon fr\u00e8re. Le r\u00e9sultat final semble narratif et filmographique, comme la bande-son d\u2019un film apocalyptique imaginaire, sombre et d\u00e9sol\u00e9. J\u2019ai \u00e9t\u00e9 fortement influenc\u00e9 par les atmosph\u00e8res t\u00e9n\u00e9breuses du film Frankestein d\u2019origine, et par les \u00e9tranges histoires d\u2019aliens datant du XVIe si\u00e8cle des missionnaires partis au Nouveau-Monde.<\/span><\/p>\n<p class=\"p1\"><span style=\"font-family: georgia, palatino, serif; font-size: 12pt;\">Un \u00e9trange clip sorti sur YouTube pour \u00ab Cibola \u00bb, une chanson accompagn\u00e9e par une vid\u00e9o d\u2019un tank sovi\u00e9tique, en Afghanistan (du moins, je crois) en r\u00e9sume parfaitement l\u2019ambiance :<\/span><\/p>\n<p><iframe title=\"CIBOLA\" width=\"1170\" height=\"658\" src=\"https:\/\/www.youtube.com\/embed\/z9JOaXpgzJw?feature=oembed\" frameborder=\"0\" allow=\"accelerometer; autoplay; clipboard-write; encrypted-media; gyroscope; picture-in-picture\" allowfullscreen><\/iframe><\/p>\n<p class=\"p1\"><span style=\"font-family: georgia, palatino, serif; font-size: 12pt;\"><b>\u2014Tu as compos\u00e9 la musique du court-m\u00e9trage Cat Soup pour un \u00e9v\u00e9nement. Aimerais-tu composer de la musique pour des films ?<\/b><\/span><\/p>\n<p class=\"p1\"><span style=\"font-family: georgia, palatino, serif; font-size: 12pt;\">\u2014J\u2019adore ce dessin anim\u00e9, l\u2019histoire triste de ses cr\u00e9ateurs. \u00c7a repr\u00e9sente beaucoup de travail.<\/span><\/p>\n<p class=\"p1\"><span style=\"font-family: georgia, palatino, serif; font-size: 12pt;\"><b>\u2014Dans une interview, tu as d\u00e9clar\u00e9 vouloir \u00e9crire un roman. C\u2019est vrai ?<\/b><\/span><\/p>\n<p class=\"p1\"><span style=\"font-family: georgia, palatino, serif; font-size: 12pt;\">\u2014J\u2019\u00e9cris beaucoup, mais ce n\u2019est pas mon hobbie principal pour le moment. Je n\u2019ai pas assez de temps pour faire tout ce que je voudrais, donc il vaut mieux que je me concentre sur certains points.<\/span><\/p>\n<p class=\"p1\"><span style=\"font-family: georgia, palatino, serif; font-size: 12pt;\"><b>\u2014Tu construis \u00e9galement ta propre gamme de s\u00e9quenceurs, Baby 8. Tu peux nous en parler un peu plus ?<\/b><\/span><\/p>\n<p class=\"p1\"><span style=\"font-family: georgia, palatino, serif; font-size: 12pt;\">\u2014Comme je l\u2019ai dit, le label se concentre sur \u00e7a. J\u2019ai vendu tout un tas de s\u00e9quenceurs, des centaines. \u00c7a me permet de m\u2019\u00e9chapper de toute cette folie. Sans \u00e7a, je deviendrai fou \u00e0 cause de l\u2019\u00e9tat de la plan\u00e8te et des gens.<\/span><\/p>\n<p class=\"p1\"><span style=\"font-family: georgia, palatino, serif; font-size: 12pt;\"><b>\u2014Que peut-on attendre de ton concert \u00e0 l\u2019Ombra ? Tu vas le concentrer sur tes sorties chez Mechatronica ?<\/b><\/span><\/p>\n<p class=\"p1\"><span style=\"font-family: georgia, palatino, serif; font-size: 12pt;\">\u2014Oui, mais j\u2019inclurai aussi de nouveaux morceaux, et quelques classiques.<\/span><\/p>\n<p class=\"p1\"><span style=\"font-family: georgia, palatino, serif; font-size: 12pt;\"><b>\u2014On a lu que tu penses te retirer. Vas-tu donner ton dernier concert \u00e0 l\u2019Ombra ?<\/b><\/span><\/p>\n<p class=\"p1\"><span style=\"font-family: georgia, palatino, serif; font-size: 12pt;\">\u2014Pour le moment, j\u2019en ai bien l\u2019impression. Apr\u00e8s 18 mois de pause en raison du Covid, \u00e7a me semble fou de d\u00e9monter mon home studio, de l\u2019empaqueter, de l\u2019emmener \u00e0 travers le monde, \u00e0 la merci de ceux qui manipulent les bagages, de le rassembler dans une pi\u00e8ce sombre, avec ces machines \u00e0 fum\u00e9e, ces lumi\u00e8res et tout ce bruit, haha. Parfois je compare \u00e7a \u00e0 l\u2019entra\u00eenement des astronautes ou de la police \u00e0 cheval. Mais bon, un bon concert en vaut la peine. J\u2019ignore si j\u2019en donnerai d\u2019autres apr\u00e8s \u00e7a, honn\u00eatement. Je ferai toujours de la musique, mais la performance, c\u2019est autre chose.<\/span><\/p>\n<p class=\"p1\"><span style=\"font-family: georgia, palatino, serif; font-size: 12pt;\">En mars 202, juste avant la pand\u00e9mie, j\u2019\u00e9tais sans le sou, inquiet de ne pas avoir suffisamment de concerts. J\u2019ai donc commenc\u00e9 \u00e0 travailler \u00e0 la poste n\u00e9erlandaise, le jour o\u00f9 la distanciation physique et toutes les mesures contre le covid ont \u00e9t\u00e9 prises aux Pays-Bas. Ensuite, la vie nocturne s\u2019est arr\u00eat\u00e9e ! Tous mes amis avaient perdu leur travail, et recevaient des aides. Pas moi. Quelle co\u00efncidence ! J\u2019ai ouvert un Etsy, et gagn\u00e9 plus d\u2019argent que pendant une ann\u00e9e enti\u00e8re de concerts !<\/span><\/p>\n","protected":false},"excerpt":{"rendered":"<p>Le retour des cassettes des ann\u00e9es 80 nous a apport\u00e9 beaucoup de joie, dont la&hellip;<\/p>\n","protected":false},"author":1,"featured_media":36265,"comment_status":"open","ping_status":"open","sticky":false,"template":"","format":"standard","meta":{"_lmt_disableupdate":"","_lmt_disable":"","footnotes":""},"categories":[35],"tags":[603,358,362,416],"class_list":["post-36195","post","type-post","status-publish","format-standard","has-post-thumbnail","hentry","category-interviews-fr","tag-electro-fr","tag-musique-electronique","tag-musique-experimentale","tag-synthpop-2-fr"],"yoast_head":"<!-- This site is optimized with the Yoast SEO plugin v27.4 - https:\/\/yoast.com\/product\/yoast-seo-wordpress\/ -->\n<title>Interview : Das Ding &#8212; El Garaje de Frank<\/title>\n<meta name=\"description\" content=\"Interviews &#8212; Interview avec Das Ding, qui jouera \u00e0 l&#039;Ombra Festival.\" \/>\n<meta name=\"robots\" content=\"index, follow, max-snippet:-1, max-image-preview:large, max-video-preview:-1\" \/>\n<link rel=\"canonical\" href=\"https:\/\/elgarajedefrank.es\/fr\/interview-das-ding\/\" \/>\n<meta property=\"og:locale\" content=\"fr_FR\" \/>\n<meta property=\"og:type\" content=\"article\" \/>\n<meta property=\"og:title\" content=\"Interview : Das Ding &#8212; El Garaje de Frank\" \/>\n<meta property=\"og:description\" content=\"Interviews &#8212; Interview avec Das Ding, qui jouera \u00e0 l&#039;Ombra Festival.\" \/>\n<meta property=\"og:url\" content=\"https:\/\/elgarajedefrank.es\/fr\/interview-das-ding\/\" \/>\n<meta property=\"og:site_name\" content=\"El Garaje de Frank\" \/>\n<meta property=\"article:publisher\" content=\"https:\/\/www.facebook.com\/elgarajedefrank\/\" \/>\n<meta property=\"article:author\" content=\"https:\/\/www.facebook.com\/elgarajedefrank\/\" \/>\n<meta property=\"article:published_time\" content=\"2021-10-04T15:57:57+00:00\" \/>\n<meta property=\"article:modified_time\" content=\"2021-10-05T09:16:43+00:00\" \/>\n<meta property=\"og:image\" content=\"https:\/\/elgarajedefrank.es\/wp-content\/uploads\/2021\/10\/shanghai.jpg\" \/>\n\t<meta property=\"og:image:width\" content=\"1559\" \/>\n\t<meta property=\"og:image:height\" content=\"1146\" \/>\n\t<meta property=\"og:image:type\" content=\"image\/jpeg\" \/>\n<meta name=\"author\" content=\"Fran\u00e7ois Zappa\" \/>\n<meta name=\"twitter:card\" content=\"summary_large_image\" \/>\n<meta name=\"twitter:label1\" content=\"\u00c9crit par\" \/>\n\t<meta name=\"twitter:data1\" content=\"Fran\u00e7ois Zappa\" \/>\n\t<meta name=\"twitter:label2\" content=\"Dur\u00e9e de lecture estim\u00e9e\" \/>\n\t<meta name=\"twitter:data2\" content=\"10 minutes\" \/>\n<script type=\"application\/ld+json\" class=\"yoast-schema-graph\">{\"@context\":\"https:\\\/\\\/schema.org\",\"@graph\":[{\"@type\":\"Article\",\"@id\":\"https:\\\/\\\/elgarajedefrank.es\\\/fr\\\/interview-das-ding\\\/#article\",\"isPartOf\":{\"@id\":\"https:\\\/\\\/elgarajedefrank.es\\\/fr\\\/interview-das-ding\\\/\"},\"author\":{\"name\":\"Fran\u00e7ois Zappa\",\"@id\":\"https:\\\/\\\/elgarajedefrank.es\\\/fr\\\/#\\\/schema\\\/person\\\/d709c9c33f5f405d44c6c9397889ba15\"},\"headline\":\"Interview : Das Ding\",\"datePublished\":\"2021-10-04T15:57:57+00:00\",\"dateModified\":\"2021-10-05T09:16:43+00:00\",\"mainEntityOfPage\":{\"@id\":\"https:\\\/\\\/elgarajedefrank.es\\\/fr\\\/interview-das-ding\\\/\"},\"wordCount\":2197,\"commentCount\":0,\"publisher\":{\"@id\":\"https:\\\/\\\/elgarajedefrank.es\\\/fr\\\/#\\\/schema\\\/person\\\/d709c9c33f5f405d44c6c9397889ba15\"},\"image\":{\"@id\":\"https:\\\/\\\/elgarajedefrank.es\\\/fr\\\/interview-das-ding\\\/#primaryimage\"},\"thumbnailUrl\":\"https:\\\/\\\/elgarajedefrank.es\\\/wp-content\\\/uploads\\\/2021\\\/10\\\/shanghai.jpg\",\"keywords\":[\"Electro\",\"Musique \u00e9lectronique\",\"Musique exp\u00e9rimentale\",\"Synthpop\"],\"articleSection\":[\"Interviews\"],\"inLanguage\":\"fr-FR\",\"potentialAction\":[{\"@type\":\"CommentAction\",\"name\":\"Comment\",\"target\":[\"https:\\\/\\\/elgarajedefrank.es\\\/fr\\\/interview-das-ding\\\/#respond\"]}]},{\"@type\":\"WebPage\",\"@id\":\"https:\\\/\\\/elgarajedefrank.es\\\/fr\\\/interview-das-ding\\\/\",\"url\":\"https:\\\/\\\/elgarajedefrank.es\\\/fr\\\/interview-das-ding\\\/\",\"name\":\"Interview : Das Ding &#8212; El Garaje de Frank\",\"isPartOf\":{\"@id\":\"https:\\\/\\\/elgarajedefrank.es\\\/fr\\\/#website\"},\"primaryImageOfPage\":{\"@id\":\"https:\\\/\\\/elgarajedefrank.es\\\/fr\\\/interview-das-ding\\\/#primaryimage\"},\"image\":{\"@id\":\"https:\\\/\\\/elgarajedefrank.es\\\/fr\\\/interview-das-ding\\\/#primaryimage\"},\"thumbnailUrl\":\"https:\\\/\\\/elgarajedefrank.es\\\/wp-content\\\/uploads\\\/2021\\\/10\\\/shanghai.jpg\",\"datePublished\":\"2021-10-04T15:57:57+00:00\",\"dateModified\":\"2021-10-05T09:16:43+00:00\",\"description\":\"Interviews &#8212; Interview avec Das Ding, qui jouera \u00e0 l'Ombra Festival.\",\"breadcrumb\":{\"@id\":\"https:\\\/\\\/elgarajedefrank.es\\\/fr\\\/interview-das-ding\\\/#breadcrumb\"},\"inLanguage\":\"fr-FR\",\"potentialAction\":[{\"@type\":\"ReadAction\",\"target\":[\"https:\\\/\\\/elgarajedefrank.es\\\/fr\\\/interview-das-ding\\\/\"]}]},{\"@type\":\"ImageObject\",\"inLanguage\":\"fr-FR\",\"@id\":\"https:\\\/\\\/elgarajedefrank.es\\\/fr\\\/interview-das-ding\\\/#primaryimage\",\"url\":\"https:\\\/\\\/elgarajedefrank.es\\\/wp-content\\\/uploads\\\/2021\\\/10\\\/shanghai.jpg\",\"contentUrl\":\"https:\\\/\\\/elgarajedefrank.es\\\/wp-content\\\/uploads\\\/2021\\\/10\\\/shanghai.jpg\",\"width\":1559,\"height\":1146},{\"@type\":\"BreadcrumbList\",\"@id\":\"https:\\\/\\\/elgarajedefrank.es\\\/fr\\\/interview-das-ding\\\/#breadcrumb\",\"itemListElement\":[{\"@type\":\"ListItem\",\"position\":1,\"name\":\"Inicio\",\"item\":\"https:\\\/\\\/elgarajedefrank.es\\\/fr\\\/\"},{\"@type\":\"ListItem\",\"position\":2,\"name\":\"Interviews\",\"item\":\"https:\\\/\\\/elgarajedefrank.es\\\/fr\\\/category\\\/interviews-fr\\\/\"},{\"@type\":\"ListItem\",\"position\":3,\"name\":\"Interview : Das Ding\"}]},{\"@type\":\"WebSite\",\"@id\":\"https:\\\/\\\/elgarajedefrank.es\\\/fr\\\/#website\",\"url\":\"https:\\\/\\\/elgarajedefrank.es\\\/fr\\\/\",\"name\":\"El Garaje de Frank\",\"description\":\"Music magazine\",\"publisher\":{\"@id\":\"https:\\\/\\\/elgarajedefrank.es\\\/fr\\\/#\\\/schema\\\/person\\\/d709c9c33f5f405d44c6c9397889ba15\"},\"potentialAction\":[{\"@type\":\"SearchAction\",\"target\":{\"@type\":\"EntryPoint\",\"urlTemplate\":\"https:\\\/\\\/elgarajedefrank.es\\\/fr\\\/?s={search_term_string}\"},\"query-input\":{\"@type\":\"PropertyValueSpecification\",\"valueRequired\":true,\"valueName\":\"search_term_string\"}}],\"inLanguage\":\"fr-FR\"},{\"@type\":[\"Person\",\"Organization\"],\"@id\":\"https:\\\/\\\/elgarajedefrank.es\\\/fr\\\/#\\\/schema\\\/person\\\/d709c9c33f5f405d44c6c9397889ba15\",\"name\":\"Fran\u00e7ois Zappa\",\"image\":{\"@type\":\"ImageObject\",\"inLanguage\":\"fr-FR\",\"@id\":\"https:\\\/\\\/elgarajedefrank.es\\\/wp-content\\\/uploads\\\/2019\\\/10\\\/IMG_8278-150x150.jpg\",\"url\":\"https:\\\/\\\/elgarajedefrank.es\\\/wp-content\\\/uploads\\\/2019\\\/10\\\/IMG_8278-150x150.jpg\",\"contentUrl\":\"https:\\\/\\\/elgarajedefrank.es\\\/wp-content\\\/uploads\\\/2019\\\/10\\\/IMG_8278-150x150.jpg\",\"caption\":\"Fran\u00e7ois Zappa\"},\"logo\":{\"@id\":\"https:\\\/\\\/elgarajedefrank.es\\\/wp-content\\\/uploads\\\/2019\\\/10\\\/IMG_8278-150x150.jpg\"},\"sameAs\":[\"https:\\\/\\\/www.facebook.com\\\/elgarajedefrank\\\/\",\"https:\\\/\\\/www.instagram.com\\\/elgarajedefrank\\\/\"]}]}<\/script>\n<!-- \/ Yoast SEO plugin. -->","yoast_head_json":{"title":"Interview : Das Ding &#8212; El Garaje de Frank","description":"Interviews &#8212; Interview avec Das Ding, qui jouera \u00e0 l'Ombra Festival.","robots":{"index":"index","follow":"follow","max-snippet":"max-snippet:-1","max-image-preview":"max-image-preview:large","max-video-preview":"max-video-preview:-1"},"canonical":"https:\/\/elgarajedefrank.es\/fr\/interview-das-ding\/","og_locale":"fr_FR","og_type":"article","og_title":"Interview : Das Ding &#8212; El Garaje de Frank","og_description":"Interviews &#8212; Interview avec Das Ding, qui jouera \u00e0 l'Ombra Festival.","og_url":"https:\/\/elgarajedefrank.es\/fr\/interview-das-ding\/","og_site_name":"El Garaje de Frank","article_publisher":"https:\/\/www.facebook.com\/elgarajedefrank\/","article_author":"https:\/\/www.facebook.com\/elgarajedefrank\/","article_published_time":"2021-10-04T15:57:57+00:00","article_modified_time":"2021-10-05T09:16:43+00:00","og_image":[{"width":1559,"height":1146,"url":"https:\/\/elgarajedefrank.es\/wp-content\/uploads\/2021\/10\/shanghai.jpg","type":"image\/jpeg"}],"author":"Fran\u00e7ois Zappa","twitter_card":"summary_large_image","twitter_misc":{"\u00c9crit par":"Fran\u00e7ois Zappa","Dur\u00e9e de lecture estim\u00e9e":"10 minutes"},"schema":{"@context":"https:\/\/schema.org","@graph":[{"@type":"Article","@id":"https:\/\/elgarajedefrank.es\/fr\/interview-das-ding\/#article","isPartOf":{"@id":"https:\/\/elgarajedefrank.es\/fr\/interview-das-ding\/"},"author":{"name":"Fran\u00e7ois Zappa","@id":"https:\/\/elgarajedefrank.es\/fr\/#\/schema\/person\/d709c9c33f5f405d44c6c9397889ba15"},"headline":"Interview : Das Ding","datePublished":"2021-10-04T15:57:57+00:00","dateModified":"2021-10-05T09:16:43+00:00","mainEntityOfPage":{"@id":"https:\/\/elgarajedefrank.es\/fr\/interview-das-ding\/"},"wordCount":2197,"commentCount":0,"publisher":{"@id":"https:\/\/elgarajedefrank.es\/fr\/#\/schema\/person\/d709c9c33f5f405d44c6c9397889ba15"},"image":{"@id":"https:\/\/elgarajedefrank.es\/fr\/interview-das-ding\/#primaryimage"},"thumbnailUrl":"https:\/\/elgarajedefrank.es\/wp-content\/uploads\/2021\/10\/shanghai.jpg","keywords":["Electro","Musique \u00e9lectronique","Musique exp\u00e9rimentale","Synthpop"],"articleSection":["Interviews"],"inLanguage":"fr-FR","potentialAction":[{"@type":"CommentAction","name":"Comment","target":["https:\/\/elgarajedefrank.es\/fr\/interview-das-ding\/#respond"]}]},{"@type":"WebPage","@id":"https:\/\/elgarajedefrank.es\/fr\/interview-das-ding\/","url":"https:\/\/elgarajedefrank.es\/fr\/interview-das-ding\/","name":"Interview : Das Ding &#8212; El Garaje de Frank","isPartOf":{"@id":"https:\/\/elgarajedefrank.es\/fr\/#website"},"primaryImageOfPage":{"@id":"https:\/\/elgarajedefrank.es\/fr\/interview-das-ding\/#primaryimage"},"image":{"@id":"https:\/\/elgarajedefrank.es\/fr\/interview-das-ding\/#primaryimage"},"thumbnailUrl":"https:\/\/elgarajedefrank.es\/wp-content\/uploads\/2021\/10\/shanghai.jpg","datePublished":"2021-10-04T15:57:57+00:00","dateModified":"2021-10-05T09:16:43+00:00","description":"Interviews &#8212; Interview avec Das Ding, qui jouera \u00e0 l'Ombra Festival.","breadcrumb":{"@id":"https:\/\/elgarajedefrank.es\/fr\/interview-das-ding\/#breadcrumb"},"inLanguage":"fr-FR","potentialAction":[{"@type":"ReadAction","target":["https:\/\/elgarajedefrank.es\/fr\/interview-das-ding\/"]}]},{"@type":"ImageObject","inLanguage":"fr-FR","@id":"https:\/\/elgarajedefrank.es\/fr\/interview-das-ding\/#primaryimage","url":"https:\/\/elgarajedefrank.es\/wp-content\/uploads\/2021\/10\/shanghai.jpg","contentUrl":"https:\/\/elgarajedefrank.es\/wp-content\/uploads\/2021\/10\/shanghai.jpg","width":1559,"height":1146},{"@type":"BreadcrumbList","@id":"https:\/\/elgarajedefrank.es\/fr\/interview-das-ding\/#breadcrumb","itemListElement":[{"@type":"ListItem","position":1,"name":"Inicio","item":"https:\/\/elgarajedefrank.es\/fr\/"},{"@type":"ListItem","position":2,"name":"Interviews","item":"https:\/\/elgarajedefrank.es\/fr\/category\/interviews-fr\/"},{"@type":"ListItem","position":3,"name":"Interview : Das Ding"}]},{"@type":"WebSite","@id":"https:\/\/elgarajedefrank.es\/fr\/#website","url":"https:\/\/elgarajedefrank.es\/fr\/","name":"El Garaje de Frank","description":"Music magazine","publisher":{"@id":"https:\/\/elgarajedefrank.es\/fr\/#\/schema\/person\/d709c9c33f5f405d44c6c9397889ba15"},"potentialAction":[{"@type":"SearchAction","target":{"@type":"EntryPoint","urlTemplate":"https:\/\/elgarajedefrank.es\/fr\/?s={search_term_string}"},"query-input":{"@type":"PropertyValueSpecification","valueRequired":true,"valueName":"search_term_string"}}],"inLanguage":"fr-FR"},{"@type":["Person","Organization"],"@id":"https:\/\/elgarajedefrank.es\/fr\/#\/schema\/person\/d709c9c33f5f405d44c6c9397889ba15","name":"Fran\u00e7ois Zappa","image":{"@type":"ImageObject","inLanguage":"fr-FR","@id":"https:\/\/elgarajedefrank.es\/wp-content\/uploads\/2019\/10\/IMG_8278-150x150.jpg","url":"https:\/\/elgarajedefrank.es\/wp-content\/uploads\/2019\/10\/IMG_8278-150x150.jpg","contentUrl":"https:\/\/elgarajedefrank.es\/wp-content\/uploads\/2019\/10\/IMG_8278-150x150.jpg","caption":"Fran\u00e7ois Zappa"},"logo":{"@id":"https:\/\/elgarajedefrank.es\/wp-content\/uploads\/2019\/10\/IMG_8278-150x150.jpg"},"sameAs":["https:\/\/www.facebook.com\/elgarajedefrank\/","https:\/\/www.instagram.com\/elgarajedefrank\/"]}]}},"_links":{"self":[{"href":"https:\/\/elgarajedefrank.es\/fr\/wp-json\/wp\/v2\/posts\/36195","targetHints":{"allow":["GET"]}}],"collection":[{"href":"https:\/\/elgarajedefrank.es\/fr\/wp-json\/wp\/v2\/posts"}],"about":[{"href":"https:\/\/elgarajedefrank.es\/fr\/wp-json\/wp\/v2\/types\/post"}],"author":[{"embeddable":true,"href":"https:\/\/elgarajedefrank.es\/fr\/wp-json\/wp\/v2\/users\/1"}],"replies":[{"embeddable":true,"href":"https:\/\/elgarajedefrank.es\/fr\/wp-json\/wp\/v2\/comments?post=36195"}],"version-history":[{"count":0,"href":"https:\/\/elgarajedefrank.es\/fr\/wp-json\/wp\/v2\/posts\/36195\/revisions"}],"wp:featuredmedia":[{"embeddable":true,"href":"https:\/\/elgarajedefrank.es\/fr\/wp-json\/wp\/v2\/media\/36265"}],"wp:attachment":[{"href":"https:\/\/elgarajedefrank.es\/fr\/wp-json\/wp\/v2\/media?parent=36195"}],"wp:term":[{"taxonomy":"category","embeddable":true,"href":"https:\/\/elgarajedefrank.es\/fr\/wp-json\/wp\/v2\/categories?post=36195"},{"taxonomy":"post_tag","embeddable":true,"href":"https:\/\/elgarajedefrank.es\/fr\/wp-json\/wp\/v2\/tags?post=36195"}],"curies":[{"name":"wp","href":"https:\/\/api.w.org\/{rel}","templated":true}]}}