{"id":36165,"date":"2021-10-03T14:45:26","date_gmt":"2021-10-03T12:45:26","guid":{"rendered":"https:\/\/elgarajedefrank.es\/?p=36165"},"modified":"2021-10-03T14:45:26","modified_gmt":"2021-10-03T12:45:26","slug":"interview-the-mission-ii","status":"publish","type":"post","link":"https:\/\/elgarajedefrank.es\/fr\/interview-the-mission-ii\/","title":{"rendered":"Interview : The Mission (II)"},"content":{"rendered":"<p class=\"p1\"><span style=\"font-family: georgia, palatino, serif; font-size: 12pt;\"><strong>Aujourd\u2019hui nous vous pr\u00e9sentons la deuxi\u00e8me partie de l\u2019interview avec Wayne Hussey, chanteur mythique de The Mission, qui allait jouer avec son groupe au Sinner\u2019s Day Special, c\u00e9l\u00e9br\u00e9 du 30 octobre au 1er novembre. Malheureusement, le groupe a d\u00fb annuler son concert, mais nous ne souhaitions pas retarder plus la publication de la suite de l\u2019interview. Finalement, The Mission sera l\u2019une des t\u00eates d\u2019affiche du Sinner\u2019s Day Special, qui aura lieu sur la plage d\u2019Ostende le 24 et 25 juin de l\u2019ann\u00e9e prochaine.<\/strong><\/span><\/p>\n<p class=\"p1\"><span style=\"font-family: georgia, palatino, serif; font-size: 12pt;\"><b><strong><img fetchpriority=\"high\" decoding=\"async\" class=\"alignleft wp-image-36205\" src=\"https:\/\/elgarajedefrank.es\/wp-content\/uploads\/2021\/10\/R-965140-1252848614.jpeg-300x300.jpg\" alt=\"\" width=\"450\" height=\"450\" srcset=\"https:\/\/elgarajedefrank.es\/wp-content\/uploads\/2021\/10\/R-965140-1252848614.jpeg-300x300.jpg 300w, https:\/\/elgarajedefrank.es\/wp-content\/uploads\/2021\/10\/R-965140-1252848614.jpeg-150x150.jpg 150w, https:\/\/elgarajedefrank.es\/wp-content\/uploads\/2021\/10\/R-965140-1252848614.jpeg-50x50.jpg 50w, https:\/\/elgarajedefrank.es\/wp-content\/uploads\/2021\/10\/R-965140-1252848614.jpeg.jpg 450w\" sizes=\"(max-width: 450px) 100vw, 450px\" \/><\/strong>\u2014Tout semblait parfait dans votre album Aura de 2001. Comment les choses avaient-elles \u00e9volu\u00e9 pendant ces 5 ans entre cet album et le pr\u00e9c\u00e9dent ?<\/b><\/span><\/p>\n<p class=\"p2\"><span style=\"font-family: georgia, palatino, serif; font-size: 12pt;\">\u2014J\u2019ai dissous le groupe en 1996 et on s\u2019est \u00e0 nouveau r\u00e9unis en 1999. On a tourn\u00e9 en Am\u00e9rique, donn\u00e9 quelques concerts o\u00f9 on s\u2019est plut\u00f4t bien amus\u00e9s. En continuant, on s\u2019est rendu compte qu\u2019on avait besoin de nouvelles chansons. On voulait enregistrer un nouvel album. Je trouve l\u2019\u00e9coute d\u2019<span class=\"s1\"><i>Aura<\/i><\/span> difficile, en raison de la technologie de l\u2019\u00e9poque. \u00c0 mes yeux, c\u2019est un album num\u00e9rique. En gros, on a utilis\u00e9 de la nouvelle technologie et \u00e7a s\u2019entend. Aujourd\u2019hui, l\u2019enregistrement num\u00e9rique est bien meilleur. Je pense que cet album \u00e9tait, par ma faute, presque pr\u00e9vu pour correspondre au son de <span class=\"s1\"><b>The Mission.<\/b><\/span> Je pensais que <span class=\"s1\"><b>The Mission<\/b><\/span> avait un certain son, et non pas un son qui \u00e9voluait naturellement. L\u2019album comporte de bonnes chansons, et tout n\u2019est pas \u00e0 jeter, mais j\u2019ai du mal \u00e0 l\u2019\u00e9couter.<\/span><\/p>\n<p class=\"p1\"><span style=\"font-family: georgia, palatino, serif; font-size: 12pt;\"><b>\u2014Mais le public l\u2019a aim\u00e9.<\/b><\/span><\/p>\n<p class=\"p2\"><span style=\"font-family: georgia, palatino, serif; font-size: 12pt;\">\u2014Il remplissait les crit\u00e8res qu\u2019attendaient les fans d\u2019un album de <span class=\"s1\"><b>The Mission <\/b><\/span>pour notre comeback. \u00c0 la diff\u00e9rence de <span class=\"s1\"><i>Mask<\/i><\/span> ou de <span class=\"s1\"><i>Neverland<\/i><\/span> ou <span class=\"s1\"><i>Blue<\/i><\/span>, <span class=\"s1\"><i>Aura<\/i><\/span> ressemble \u00e0 un album de <span class=\"s1\"><b>The Mission.<\/b><\/span> Il nous a permis de faire notre retour.<\/span><\/p>\n<p class=\"p1\"><span style=\"font-family: georgia, palatino, serif; font-size: 12pt;\"><b>\u2014The Mission s\u2019est s\u00e9par\u00e9 et s\u2019est reform\u00e9 deux fois. Est-ce difficile d\u2019imaginer une vie sans The Mission ?<\/b><\/span><\/p>\n<p class=\"p2\"><span style=\"font-family: georgia, palatino, serif; font-size: 12pt;\">\u2014J\u2019essaie constamment d\u2019imaginer ma vie sans <span class=\"s1\"><b>The Mission.<\/b><\/span> Tout serait plus simple. C\u2019est comme une addiction. L\u2019ann\u00e9e derni\u00e8re, j\u2019ai pass\u00e9 la majeure partie de mon temps \u00e0 la maison et honn\u00eatement, le groupe ne me manque pas vraiment. Mais d\u00e8s qu\u2019on se retrouve pour r\u00e9p\u00e9ter, et qu\u2019on commence \u00e0 nouveau \u00e0 faire ce bruit ensemble, je me dis : c\u2019est cool. On s\u2019amuse vraiment bien. Pour le moment en tout cas, \u00e7a ne me manque pas. <span class=\"s1\"><b>The Mission<\/b><\/span> a occup\u00e9 la plus grande partie de ma vie d\u2019adulte, le groupe fait partie de moi, je ne l\u2019aime pas toujours, mais je l\u2019adore.<\/span><\/p>\n<p class=\"p1\"><span style=\"font-family: georgia, palatino, serif; font-size: 12pt;\"><b>\u2014Qu\u2019as-tu ressenti apr\u00e8s la r\u00e9union des trois membres d\u2019origine du groupe, apr\u00e8s toutes ces ann\u00e9es pass\u00e9es \u00e0 enregistrer avec des personnes diff\u00e9rentes ?<strong><img decoding=\"async\" class=\"alignright wp-image-36211\" src=\"https:\/\/elgarajedefrank.es\/wp-content\/uploads\/2021\/10\/R-4936465-1379943727-7659.jpeg-300x300.jpg\" alt=\"\" width=\"450\" height=\"449\" srcset=\"https:\/\/elgarajedefrank.es\/wp-content\/uploads\/2021\/10\/R-4936465-1379943727-7659.jpeg-300x300.jpg 300w, https:\/\/elgarajedefrank.es\/wp-content\/uploads\/2021\/10\/R-4936465-1379943727-7659.jpeg-150x150.jpg 150w, https:\/\/elgarajedefrank.es\/wp-content\/uploads\/2021\/10\/R-4936465-1379943727-7659.jpeg-585x585.jpg 585w, https:\/\/elgarajedefrank.es\/wp-content\/uploads\/2021\/10\/R-4936465-1379943727-7659.jpeg-50x50.jpg 50w, https:\/\/elgarajedefrank.es\/wp-content\/uploads\/2021\/10\/R-4936465-1379943727-7659.jpeg.jpg 600w\" sizes=\"(max-width: 450px) 100vw, 450px\" \/><\/strong><\/b><\/span><\/p>\n<p class=\"p2\"><span style=\"font-family: georgia, palatino, serif; font-size: 12pt;\">\u2014La premi\u00e8re fois, c\u2019\u00e9tait en 2011. On donnait les shows du 25e anniversaire. Je dois bien admettre que je ne voulais pas faire ces shows. \u00c0 un moment, j\u2019ai m\u00eame dit que j\u2019en avais assez, que <span class=\"s1\"><b>The Mission,<\/b><\/span> c\u2019\u00e9tait fini. Ensuite, on m\u2019a persuad\u00e9 de remonter le groupe avec Craig et Simon. J\u2019ai \u00e9t\u00e9 voir Mick, le batteur d\u2019origine, pour voir s\u2019il \u00e9tait partant. Malheureusement, ce n\u2019\u00e9tait pas le cas, on a donc d\u00e9cid\u00e9 d\u2019aller de l\u2019avant avec un autre batteur. C\u2019\u00e9tait bizarre, car depuis le d\u00e9part de Craig et Simon, j\u2019ai jou\u00e9 avec tout un tas de musiciens et j\u2019avais toujours l\u2019impression qu\u2019on avait un son \u00e0 la <span class=\"s1\"><b>Mission.<\/b><\/span> D\u00e8s qu\u2019on s\u2019est mis \u00e0 jouer tous les trois, il s\u2019est produit une sorte d\u2019alchimie. Le groupe avait le son qu\u2019il \u00e9tait cens\u00e9 avoir. \u00c7a a \u00e9t\u00e9 instantan\u00e9. On avait m\u00fbri, il \u00e9tait donc plus facile de continuer \u00e0 jouer ensemble. R\u00e9cemment, Craig a f\u00eat\u00e9 son anniversaire, je lui ai envoy\u00e9 un message. Il vit aux \u00c9tats-Unis, Simon au Royaume-Uni, et moi au Br\u00e9sil. Je n\u2019irais pas jusqu\u2019\u00e0 dire qu\u2019on est les meilleurs amis du monde, on garde contact, on s\u2019adore et on se respecte. On s\u2019entend vraiment bien ensemble ces jours-ci, mais on n\u2019a pas besoin l\u2019un de l\u2019autre. En tout cas, pas au m\u00eame sens qu\u2019au d\u00e9part.<\/span><\/p>\n<p class=\"p1\"><span style=\"font-family: georgia, palatino, serif; font-size: 12pt;\"><b>\u2014Dans <i>God in a Bullet<\/i>, \u00ab Draped in Red \u00bb parle de la victoire de Liverpool FC dans la Champions League Final de 2005. Avec \u00ab World in Motion \u00bb, c\u2019est sans doute l\u2019une des chansons sur le th\u00e8me du foot les plus c\u00e9l\u00e8bres. Honn\u00eatement, je ne suis pas un grand fan, mais \u00e0 ton avis, qu\u2019ont le foot et le rock en commun ?<\/b><\/span><\/p>\n<p class=\"p2\"><span style=\"font-family: georgia, palatino, serif; font-size: 12pt;\"><span class=\"s1\"><b>\u2014<\/b><\/span>Les fans de rock sont plus des genres de partisans et sont tout aussi bruyants que les fans de foot. J\u2019ai grandi avec le foot. Je soutiens Liverpool depuis la finale de la FA Cup de 1965. Un match de foot peut repr\u00e9senter toute une vie. Beaucoup de matchs sont vraiment ennuyeux, mais le foot poss\u00e8de une certaine po\u00e9sie qui m\u2019attire. Je suppose que c\u2019est le cas de millions de personnes, et que tout le monde n\u2019est pas attir\u00e9 de la m\u00eame mani\u00e8re, cependant, les r\u00e9actions au foot sont les m\u00eames. Beaucoup de musiciens aiment le foot, mais beaucoup d\u2019autres le d\u00e9testent. Des gens qui n\u2019aiment pas le foot ont fait partie du groupe. En tout cas, on ne jouera jamais avec un fan du Manchester United.<\/span><\/p>\n<p class=\"p1\"><span style=\"font-family: georgia, palatino, serif; font-size: 12pt;\"><b><strong><img decoding=\"async\" class=\"wp-image-36214 alignleft\" src=\"https:\/\/elgarajedefrank.es\/wp-content\/uploads\/2021\/10\/R-950000-1222946151.jpeg-300x293.jpg\" alt=\"\" width=\"450\" height=\"439\" \/><\/strong>\u2014Demain, ils jouent contre Liverpool. Tu penses qu\u2019ils peuvent gagner ?<\/b><\/span><\/p>\n<p class=\"p2\"><span style=\"font-family: georgia, palatino, serif; font-size: 12pt;\"><span class=\"s1\"><b>\u2014<\/b><\/span>On conna\u00eet vraiment une saison horrible et je ne m\u2019attends pas \u00e0 gagner demain, dommage. Au final, le foot n\u2019est que du foot, et on vient de vivre une pand\u00e9mie. \u00c7a n\u2019a pas d\u2019importance. C\u2019est la vie&#8230;<\/span><\/p>\n<p class=\"p1\"><span style=\"font-family: georgia, palatino, serif; font-size: 12pt;\"><b>\u2014Dans certains albums, tu joues de la guitare \u00e0 12 cordes. D\u2019apr\u00e8s toi, cela vient de ton amour pour les Beatles. As-tu commenc\u00e9 \u00e0 \u00e9couter de la guitare avec \u00ab A Hard Days Night \u00bb ?<\/b><\/span><\/p>\n<p class=\"p2\"><span style=\"font-family: georgia, palatino, serif; font-size: 12pt;\">\u2014J\u2019ai cinq ou six guitares \u00e0 12 cordes, quelques acoustiques et cinq \u00e9lectriques. J\u2019aime les <span class=\"s1\"><b>Beatles,<\/b><\/span> mais ils n\u2019utilisaient que rarement la 12 cordes. J\u2019aime le son de cet instrument, quand j\u2019\u00e9tais dans <span class=\"s1\"><b>Dead or Alive<\/b><\/span> ou les <span class=\"s1\"><b>Sisters,<\/b><\/span> j\u2019aimais en jouer. Il existe une raison pratique \u00e0 \u00e7a : si tu as 12 cordes et que tu en casses une, il t\u2019en reste 11. Si tu joues sur une guitare \u00e0 six cordes, tu dois arr\u00eater et remettre une corde. En plus, il faut penser diff\u00e9remment. Je ne sais pas si tu sais jouer de la guitare, mais avec une six cordes, on peut certes faire des bends, mais on finit par avoir le m\u00eame son que n\u2019importe quel autre guitariste. Tous les guitaristes aiment faire des solos, mais c\u2019est difficile sur une douze cordes. C\u2019est pour \u00e7a qu\u2019il faut jouer diff\u00e9remment. Quand j\u2019\u00e9tais plus jeune, je cherchais \u00e0 avoir un son diff\u00e9rent. Quand je jouais de la douze cordes avec la fuzz box avec les <span class=\"s1\"><b>Sisters,<\/b><\/span> j\u2019obtenais un excellent son noise, qui \u00e9tait quelque peu in\u00e9dit \u00e0 l\u2019\u00e9poque. D\u00e9sormais, c\u2019est une seconde nature chez moi. J\u2019utilise probablement la six cordes plus souvent que la douze cordes en studio, mais je pr\u00e9f\u00e8re la douze cordes en concert.<\/span><\/p>\n<p class=\"p1\"><span style=\"font-family: georgia, palatino, serif; font-size: 12pt;\"><b>\u2014Led Zeppelin a \u00e9galement enregistr\u00e9 des chansons avec cette guitare, tout comme les Byrds.<\/b><\/span><\/p>\n<p class=\"p2\"><span style=\"font-family: georgia, palatino, serif; font-size: 12pt;\"><span class=\"s1\"><b>\u2014<\/b><\/span>Je ne suis pas le premier \u00e0 avoir utilis\u00e9 une 12 cordes, mais dans les ann\u00e9es 80, on n\u2019\u00e9tait pas beaucoup \u00e0 en utiliser. C\u2019\u00e9tait un bon moyen de trouver mon propre son.<\/span><\/p>\n<p class=\"p1\"><span style=\"font-family: georgia, palatino, serif; font-size: 12pt;\"><b>\u2014Dans <i>Another<\/i> <i>Fall From Grace, <\/i>tu as collabor\u00e9 avec de nombreux musiciens, de Gary Numan \u00e0 Martin Gore. Comment ces collaborations sont-elles n\u00e9es ? Tu voulais qu\u2019ils apparaissent sur le disque, ou bien \u00e9taient-ils dans les parages lors de l\u2019enregistrement ?<\/b><\/span><\/p>\n<p class=\"p2\"><span style=\"font-family: georgia, palatino, serif; font-size: 12pt;\"><span class=\"s1\"><b>\u2014<\/b><\/span>C\u2019\u00e9tait tous mes amis. Comme pour <span class=\"s1\"><i>Aura,<\/i><\/span> l\u2019album \u00e9tait con\u00e7u pour attirer l\u2019audience de <span class=\"s1\"><b>The Mission.<\/b><\/span> J\u2019ai compos\u00e9 des chansons dont le son rappelait <span class=\"s1\"><b>The Mission.<\/b><\/span> Je souhaitais cr\u00e9er un lien avec nos premiers disques. Une partie de moi a \u00e9galement senti que <span class=\"s1\"><i>Another Fall From Grace<\/i><\/span> pourrait bien \u00eatre le dernier album de <span class=\"s1\"><b>The Mission<\/b><\/span> et que si c\u2019\u00e9tait vraiment le cas, cet album devait vraiment \u00eatre typique et ne pas avoir l\u2019air d\u2019\u00eatre un album de Wayne Hussey, ni un album de blues, comme <span class=\"s1\"><i>The Brightest Light. <\/i><\/span>On a compos\u00e9 cet album de fa\u00e7on diff\u00e9rente. \u00c0 aucun moment, on ne s\u2019est retrouv\u00e9s \u00e0 quatre dans la m\u00eame pi\u00e8ce. J\u2019ai \u00e9galement pens\u00e9 \u00e0 demander \u00e0 des amis de chanter sur l\u2019album, au lieu que Craig ou Simon fassent les ch\u0153urs. Je ne sais pas si tu les as entendus chanter, ce n\u2019est pas toujours agr\u00e9able \u00e0 entendre. Du coup, j\u2019ai demand\u00e9 \u00e0 des amis de le faire.<\/span><\/p>\n<p class=\"p1\"><span style=\"font-family: georgia, palatino, serif; font-size: 12pt;\"><b>\u2014Parlons un peu de deux de tes albums solos. Irm\u00e3s Siamesas \u00e9tait la bande-son d\u2019une pi\u00e8ce de th\u00e9\u00e2tre, c\u2019est \u00e7a ? \u00c9tait-ce difficile de composer de la musique qui allait se trouver plus en arri\u00e8re-plan ?<strong><img loading=\"lazy\" decoding=\"async\" class=\"wp-image-36223 alignright\" src=\"https:\/\/elgarajedefrank.es\/wp-content\/uploads\/2021\/10\/R-12968635-1545533713-8153.jpeg-300x300.jpg\" alt=\"\" width=\"450\" height=\"449\" srcset=\"https:\/\/elgarajedefrank.es\/wp-content\/uploads\/2021\/10\/R-12968635-1545533713-8153.jpeg-300x300.jpg 300w, https:\/\/elgarajedefrank.es\/wp-content\/uploads\/2021\/10\/R-12968635-1545533713-8153.jpeg-150x150.jpg 150w, https:\/\/elgarajedefrank.es\/wp-content\/uploads\/2021\/10\/R-12968635-1545533713-8153.jpeg-585x585.jpg 585w, https:\/\/elgarajedefrank.es\/wp-content\/uploads\/2021\/10\/R-12968635-1545533713-8153.jpeg-50x50.jpg 50w, https:\/\/elgarajedefrank.es\/wp-content\/uploads\/2021\/10\/R-12968635-1545533713-8153.jpeg.jpg 600w\" sizes=\"(max-width: 450px) 100vw, 450px\" \/><\/strong><\/b><\/span><\/p>\n<p class=\"p2\"><span style=\"font-family: georgia, palatino, serif; font-size: 12pt;\"><span class=\"s1\"><b>\u2014<\/b><\/span>Oui, une pi\u00e8ce de th\u00e9\u00e2tre produite \u00e0 Sao Paulo. Ma femme participait \u00e0 cette pi\u00e8ce, et c\u2019est l\u2019un de mes amis, qui travaille dans un th\u00e9\u00e2tre \u00e0 Paris, qui est venu la produire. Il m\u2019a demand\u00e9 si j\u2019\u00e9tais int\u00e9ress\u00e9 pour composer la musique. On en a parl\u00e9, puis j\u2019ai d\u00e9cid\u00e9 de ne pas me limiter dans la gamme d\u2019instruments que j\u2019allais utiliser. Rien \u00e0 voir avec la composition de musique pour un film. Dans un film, on a une sc\u00e8ne de d\u00e9part et une sc\u00e8ne de fin, et la musique pour cette derni\u00e8re doit vraiment avoir un air de fin. Dans une pi\u00e8ce de th\u00e9\u00e2tre jou\u00e9e sur plusieurs mois tous les soirs, les acteurs ont un rythme diff\u00e9rent chaque jour. La musique doit donc \u00eatre flexible. Les acteurs devaient avoir la possibilit\u00e9 de changer le tempo de leur sc\u00e8ne. C\u2019\u00e9tait un exercice tr\u00e8s int\u00e9ressant, et j\u2019ai vraiment ador\u00e9 m\u2019y pr\u00eater. Comme je l\u2019ai dit, j\u2019ai un studio ici, et je l\u2019utilise d\u00e8s que j\u2019ai une nouvelle chanson. Des possibilit\u00e9s infinies s\u2019offrent \u00e0 moi. Ce n\u2019\u00e9tait cependant pas le cas pour la pi\u00e8ce de th\u00e9\u00e2tre, je devais pr\u00e9parer quelque chose de vraiment sp\u00e9cifique, avec des instruments donn\u00e9s, comme le piano, une guitare acoustique et un violon.<\/span><\/p>\n<p class=\"p1\"><span style=\"font-family: georgia, palatino, serif; font-size: 12pt;\"><b>\u2014Tu as \u00e9galement fait un album de reprises avec Julianne Regan d\u2019All About Eve. Tu peux nous en dire un peu plus ?<\/b><\/span><\/p>\n<p class=\"p2\"><span style=\"font-family: georgia, palatino, serif; font-size: 12pt;\">\u2014Julianne et moi avons toujours \u00e9t\u00e9 tr\u00e8s bons amis, on est toujours rest\u00e9s en contact. On ressent beaucoup de respect et d\u2019admiration l\u2019un envers l\u2019autre. Elle a une voix sublime, et j\u2019ai toujours ador\u00e9 l\u2019association de sa voix et de la mienne. Elle enregistrait une reprise de la chanson \u00ab Where The Wild Roses Grow \u00bb de <span class=\"s1\"><b>Nick Cave<\/b><\/span> et <span class=\"s1\"><b>Kylie Minogue,<\/b><\/span> et elle m\u2019a demand\u00e9 de chanter la partie de <span class=\"s1\"><b>Nick Cave.<\/b><\/span> Apr\u00e8s cette chanson, on a trouv\u00e9 que le r\u00e9sultat \u00e9tait plut\u00f4t bon, et on a d\u00e9cid\u00e9 de continuer. Au final, on a enregistr\u00e9 un album complet. Je pense qu\u2019on a mis \u00e0 peu pr\u00e8s 18 mois pour l\u2019enregistrer, car on s\u2019y consacrait uniquement quand on sentait que c\u2019\u00e9tait le bon moment. C\u2019\u00e9tait amusant, rien \u00e0 voir avec <span class=\"s1\"><b>The Mission.<\/b><\/span> J\u2019aimais bien composer diff\u00e9rentes sortes de musiques, compl\u00e8tement \u00e9loign\u00e9es de mon travail avec le groupe.<\/span><\/p>\n<p class=\"p1\"><span style=\"font-family: georgia, palatino, serif; font-size: 12pt;\"><b><strong><img loading=\"lazy\" decoding=\"async\" class=\"wp-image-36226 alignleft\" src=\"https:\/\/elgarajedefrank.es\/wp-content\/uploads\/2021\/10\/R-3123450-1475992068-9415.jpeg-300x300.jpg\" alt=\"\" width=\"450\" height=\"448\" srcset=\"https:\/\/elgarajedefrank.es\/wp-content\/uploads\/2021\/10\/R-3123450-1475992068-9415.jpeg-300x300.jpg 300w, https:\/\/elgarajedefrank.es\/wp-content\/uploads\/2021\/10\/R-3123450-1475992068-9415.jpeg-150x150.jpg 150w, https:\/\/elgarajedefrank.es\/wp-content\/uploads\/2021\/10\/R-3123450-1475992068-9415.jpeg-585x583.jpg 585w, https:\/\/elgarajedefrank.es\/wp-content\/uploads\/2021\/10\/R-3123450-1475992068-9415.jpeg-50x50.jpg 50w, https:\/\/elgarajedefrank.es\/wp-content\/uploads\/2021\/10\/R-3123450-1475992068-9415.jpeg.jpg 599w\" sizes=\"(max-width: 450px) 100vw, 450px\" \/><\/strong>\u2014Vu qu\u2019on parle d\u2019All About Eve, certains membres ont \u00e9galement fait partie de The Mission. \u00c9tait-ce parce que vous \u00e9tiez sur le m\u00eame label ou parce que vous \u00e9tiez tous amis ? <\/b><\/span><\/p>\n<p class=\"p2\"><span style=\"font-family: georgia, palatino, serif; font-size: 12pt;\"><span class=\"s1\"><b>\u2014<\/b><\/span>La premi\u00e8re fois que j\u2019ai vu <span class=\"s1\"><b>All About Eve,<\/b><\/span> ils jouaient dans un petit pub de Londres appel\u00e9 le Hammersmith Clarendon. Ils jouaient en premi\u00e8re partie de <span class=\"s1\"><b>The Lebanon. <\/b><\/span>J\u2019ai vraiment ador\u00e9 la voix de Julianne ce jour-l\u00e0. On \u00e9tait sur le point d\u2019enregistrer <span class=\"s1\"><i>God\u2019s Own Medicine<\/i><\/span>, and j\u2019ai pens\u00e9 \u00e0 l\u2019inviter sur notre disque. Je suis all\u00e9e la voir apr\u00e8s le concert pour lui en parler et on est devenus amis. Elle m\u2019a fil\u00e9 des cassettes que j\u2019ai ensuite donn\u00e9es \u00e0 notre manager, qui a \u00e9galement commenc\u00e9 \u00e0 travailler avec eux. J\u2019ai \u00e9galement pass\u00e9 des cassettes \u00e0 notre label, qui les a sign\u00e9s, puis \u00e0 nos \u00e9diteurs, qui les ont \u00e9galement sign\u00e9s. Ensuite, notre agent s\u2019est occup\u00e9 du groupe. En tourn\u00e9e, on les prenait en premi\u00e8re partie. Quand on a eu besoin d\u2019un guitariste, il \u00e9tait tout naturel de demander \u00e0 Tim, idem quand on a eu besoin d\u2019un bassiste, Andrew semblait \u00eatre le choix le plus naturel. Ils jouaient tr\u00e8s bien et on les connaissait. Le probl\u00e8me, quand on joue avec de nouvelles personnes, c\u2019est qu\u2019on risque de perdre l\u2019alchimie qui existe entre les membres du groupe. Comme pour Mike, qui \u00e9tait notre batteur. Quand on s\u2019est r\u00e9unis avec Craig et Simon, Mike ne pouvait pas, du coup on a \u00e9t\u00e9 oblig\u00e9s de trouver un autre batteur.<\/span><\/p>\n<p class=\"p1\"><span style=\"font-family: georgia, palatino, serif; font-size: 12pt;\"><b>\u2014Aura-t-on droit \u00e0 de nouveaux albums de The Mission \u00e0 l\u2019avenir ? Ou peut-\u00eatre un album de Wayne Hussey ?<\/b><\/span><\/p>\n<p class=\"p2\"><span style=\"font-family: georgia, palatino, serif; font-size: 12pt;\"><span class=\"s1\"><b>\u2014<\/b><\/span>Je l\u2019ignore. Je travaille sur un nouvel album, mais pour ma femme. Elle \u00e9crit ses propres chansons, j\u2019y mets la guitare et la basse, les claviers et la batterie. J\u2019appr\u00e9cie le fait de n\u2019avoir aucune pression. \u00c0 l\u2019inverse, toute la pression repose sur elle, car ce sont ses chansons. C\u2019est un bon moyen de passer du temps \u00e0 la maison avec elle. Comme je l\u2019ai dit, avant la pand\u00e9mie, on \u00e9tait toujours tr\u00e8s occup\u00e9s et on \u00e9tait rarement \u00e0 la maison. Je pense qu\u2019\u00e0 un moment, je composerai de nouvelles chansons, je le sens. J\u2019ignore s\u2019il s\u2019agira d\u2019un nouvel album pour <span class=\"s1\"><b>The Mission<\/b><\/span> ou d\u2019un album solo, d\u2019un album d\u2019\u00e9lectronique ou de jazz. Pour le moment, je peux juste affirmer que je ne vois pas de nouvel album de <span class=\"s1\"><b>The Mission<\/b><\/span> de si t\u00f4t.<\/span><\/p>\n<p class=\"p1\"><span style=\"font-family: georgia, palatino, serif; font-size: 12pt;\"><b>\u2014Tu as parl\u00e9 plusieurs fois de ton home studio, tu peux nous en dire plus ?<\/b><\/span><\/p>\n<p class=\"p2\"><span style=\"font-family: georgia, palatino, serif; font-size: 12pt;\"><span class=\"s1\"><b>\u2014<\/b><\/span>J\u2019ai mon studio ici, au Br\u00e9sil. Il se trouve dans un b\u00e2timent s\u00e9par\u00e9 de notre maison. On a du terrain, du coup j\u2019ai pu construire un studio et un bureau. C\u2019est un bon studio, qui r\u00e9pond parfaitement \u00e0 mes besoins. Il a une petite pi\u00e8ce, o\u00f9 je peux chanter les paroles et placer des amplis guitare. Cependant, elle n\u2019est pas assez grande pour que j\u2019y installe une batterie, ou alors, il faut que ce soit un kit de batterie. Mais bon, qui a besoin de \u00e7a aujourd\u2019hui, quand on voit tous les softwares de batterie qui existent. Il est possible de voir mon studio sur YouTube, j\u2019ai enregistr\u00e9 quelques vid\u00e9os r\u00e9cemment pour Viva Le Rock au Royaume-Uni, pour une \u0153uvre caritative.<\/span><\/p>\n<p class=\"p1\"><span style=\"font-family: georgia, palatino, serif; font-size: 12pt;\"><b>\u2014As-tu trouv\u00e9 difficile d\u2019\u00e9crire ton autobiographie, Salad Days ? Tu as mis un an, environ, c\u2019est \u00e7a ?<\/b><\/span><\/p>\n<p class=\"p2\"><span style=\"font-family: georgia, palatino, serif; font-size: 12pt;\">\u2014Non, pas du tout. J\u2019ai mis beaucoup de temps, car \u00e7a prend du temps d\u2019\u00e9crire un livre. Il faut faire des recherches, puis trouver le bon moment et le bon ton. J\u2019ai commenc\u00e9 \u00e0 travailler sur le deuxi\u00e8me livre, j\u2019en ai r\u00e9dig\u00e9 environ huit ou neuf chapitres. C\u2019\u00e9tait tr\u00e8s amusant de me rappeler ses souvenirs, et aussi de parler de ces souvenirs \u00e0 des personnes qui s\u2019en souvenaient diff\u00e9remment. La m\u00e9moire est \u00e9trange. Craig, Simon et moi, on se mettait parfois \u00e0 parler d\u2019un certain \u00e9pisode qui s\u2019\u00e9tait produit \u00e0 un moment donn\u00e9, et on en avait tous des souvenirs diff\u00e9rents.<\/span><\/p>\n<p class=\"p1\"><span style=\"font-family: georgia, palatino, serif; font-size: 12pt;\"><b>\u2014Comment as-tu choisi les souvenirs \u00e0 inclure dans ton autobiographie ?<\/b><\/span><\/p>\n<p class=\"p2\"><span style=\"font-family: georgia, palatino, serif; font-size: 12pt;\">\u2014Je vais toujours me baser sur mes propres souvenirs. Ce n\u2019est pas forc\u00e9ment la v\u00e9rit\u00e9, mais c\u2019est ma v\u00e9rit\u00e9. Je ne peux pas \u00e9crire sur les souvenirs d\u2019un autre. Par contre, j\u2019ai vraiment ador\u00e9 ce processus d\u2019\u00e9criture. L\u2019ann\u00e9e derni\u00e8re, j\u2019ai \u00e9crit le deuxi\u00e8me livre \u00e0 cause de la pand\u00e9mie. Je pense qu\u2019elle a vraiment affect\u00e9 mon \u00e9tat d\u2019esprit, et j\u2019ai du mal \u00e0 trouver le bon ton d\u2019\u00e9criture. Par contre, une fois que je suis dans l\u2019ambiance, je trouve que c\u2019est vraiment amusant.<\/span><\/p>\n<p class=\"p1\"><span style=\"font-family: georgia, palatino, serif; font-size: 12pt;\"><b>\u2014Quand sera-t-elle pr\u00eate ?<\/b><\/span><\/p>\n<p class=\"p2\"><span style=\"font-family: georgia, palatino, serif; font-size: 12pt;\"><span class=\"s1\"><b>\u2014<\/b><\/span>Elle est cens\u00e9e \u00eatre termin\u00e9e pour le milieu de l\u2019ann\u00e9e prochaine, je suppose qu\u2019elle sortira \u00e0 la fin de l\u2019ann\u00e9e. Dans un monde id\u00e9al, j\u2019aurais essay\u00e9 de la terminer pour la fin de cette ann\u00e9e. \u00c7a d\u00e9pend de beaucoup de facteurs. En gros, je narre l\u2019histoire de <span class=\"s1\"><b>The Mission<\/b><\/span> de ces 30 derni\u00e8res ann\u00e9es, en opposition aux 30 premi\u00e8res ann\u00e9es. J\u2019ai 63 ans, et beaucoup de choses se sont pass\u00e9es. J\u2019ai vraiment de la chance d\u2019avoir eu une telle vie.<\/span><\/p>\n<p class=\"p1\"><span style=\"font-family: georgia, palatino, serif; font-size: 12pt;\"><b>\u2014&#8221;Tower of Strenght&#8221; a \u00e9t\u00e9 r\u00e9-enregistr\u00e9 avec de nombreux musiciens derni\u00e8rement, car il a \u00e9t\u00e9 adopt\u00e9 en tant qu\u2019hymne par les travailleurs du National Health Service. Tu peux nous en dire plus ?<strong><img loading=\"lazy\" decoding=\"async\" class=\"wp-image-36229 alignright\" src=\"https:\/\/elgarajedefrank.es\/wp-content\/uploads\/2021\/10\/Remission_LP_3Dvisual1000-300x300.png\" alt=\"\" width=\"450\" height=\"450\" \/><\/strong><\/b><\/span><\/p>\n<p class=\"p2\"><span style=\"font-family: georgia, palatino, serif; font-size: 12pt;\"><span class=\"s1\"><b>\u2014<\/b><\/span>L\u2019ann\u00e9e derni\u00e8re, notre tourn\u00e9e devait se terminer en mai, mais on a d\u00fb rentrer mi-mars, \u00e0 cause de la pand\u00e9mie. Je regardais les infos, la pand\u00e9mie se d\u00e9rouler sous mes yeux, c\u2019\u00e9tait horrible. Tous ces gens qui luttaient contre la maladie, toutes ces r\u00e9percussions \u00e0 cause du confinement&#8230; Je me suis dit qu\u2019il fallait agir. On m\u2019a demand\u00e9 de chanter sur un disque de charit\u00e9, mais j\u2019avais mes doutes sur ce qui motivait sa cr\u00e9ation. J\u2019ai donc pr\u00e9f\u00e9r\u00e9 tout faire moi-m\u00eame afin de pouvoir tout contr\u00f4ler, pour m\u2019assurer que l\u2019argent allait \u00eatre vers\u00e9 aux bonnes personnes. Avec un de mes amis, Michael Ciravolo de <span class=\"s1\"><b>Beauty in Chaos<\/b><\/span>, on a eu l\u2019id\u00e9e de r\u00e9-enregistrer \u00ab Tower of Strenght \u00bb, et j\u2019ai demand\u00e9 \u00e0 beaucoup de gens de jouer dessus. J\u2019ai envoy\u00e9 des mails \u00e0 tire-larigot, certains ont r\u00e9pondu qu\u2019ils \u00e9taient partants, d\u2019autres n\u2019ont jamais r\u00e9pondu, et d\u2019autres ont r\u00e9pondu qu\u2019ils \u00e9taient occup\u00e9s. Certains voulaient participer, mais n\u2019avaient pas de mat\u00e9riel d\u2019enregistrement chez eux. Par exemple, <span class=\"s1\"><b>Billy Duffy<\/b><\/span> ne savait pas comment enregistrer sur un ordinateur, alors il l\u2019a fait sur son t\u00e9l\u00e9phone. Tout le monde avait la possibilit\u00e9 de choisir sa propre \u0153uvre caritative. Pour ma part, j\u2019en avais choisi trois de ma ville natale. On a r\u00e9ussi \u00e0 gagner 55 000 livres, juste avant No\u00ebl, et la m\u00eame chose en \u00e9t\u00e9. C\u2019est incroyable. Ce n\u2019est sans doute qu\u2019une goutte dans l\u2019oc\u00e9an, mais cet oc\u00e9an est compos\u00e9 d\u2019un milliard de gouttes.<\/span><\/p>\n<p class=\"p1\"><span style=\"font-family: georgia, palatino, serif; font-size: 12pt;\"><b>\u2014Comment as-tu v\u00e9cu la pand\u00e9mie ? La derni\u00e8re tourn\u00e9e de The Mission a \u00e9t\u00e9 l\u2019un des premiers concerts \u00e0 \u00eatre annul\u00e9s, ici, \u00e0 Madrid.<\/b><\/span><\/p>\n<p class=\"p2\"><span style=\"font-family: georgia, palatino, serif; font-size: 12pt;\"><span class=\"s1\"><b>\u2014<\/b><\/span>Comme tout le monde, j\u2019ai souffert de certaines mani\u00e8res, j\u2019ai perdu des amis. Voyager me manque. Parfois, j\u2019ai l\u2019impression que \u00e7a n\u2019en finira jamais. Puis je regarde autour de moi, et je me dis que j\u2019ai de la chance, je vis avec ma femme dans un endroit merveilleux. Je peux travailler, enregistrer, faire de la musique. Je suis ind\u00e9pendant et en bien meilleure position que beaucoup de monde. Je ne peux pas vraiment me plaindre. Parfois, je me sens un peu d\u00e9prim\u00e9, comme tout le monde, et m\u00e9lancolique. J\u2019ai alors des difficult\u00e9s \u00e0 me motiver, mais j\u2019essaie de le faire tout de m\u00eame. Je sais que \u00e7a aide.<\/span><\/p>\n<p class=\"p1\"><span style=\"font-family: georgia, palatino, serif; font-size: 12pt;\"><b>\u2014Que peut-on attendre de votre concert au Sinner\u2019s Day ? <\/b><\/span><\/p>\n<p class=\"p2\"><span style=\"font-family: georgia, palatino, serif; font-size: 12pt;\"><span class=\"s1\"><b>\u2014<\/b><\/span>On \u00e9tait cens\u00e9s jouer au W-Fest en Belgique cet \u00e9t\u00e9, et ils voulaient qu\u2019on pr\u00e9pare deux sets diff\u00e9rents. J\u2019ignore si on aura la possibilit\u00e9 de le faire, mais je l\u2019esp\u00e8re de tout c\u0153ur. Je prie pour pouvoir jouer avec les autres, les retrouver. On s\u2019amusera, c\u2019est certain. J\u2019ai vraiment h\u00e2te de me retrouver au festival, le W-Fest a vraiment une affiche int\u00e9ressante. Quand je pense qu\u2019on sera sur la m\u00eame sc\u00e8ne que<strong> The Human League<\/strong> !<\/span><\/p>\n<p>[vc_row][vc_column][vc_video link=&#8221;https:\/\/www.youtube.com\/watch?v=VE1I6q-s6Vo&#8221; el_width=&#8221;70&#8243; align=&#8221;center&#8221;][\/vc_column][\/vc_row]<\/p>\n","protected":false},"excerpt":{"rendered":"<p>Aujourd\u2019hui nous vous pr\u00e9sentons la deuxi\u00e8me partie de l\u2019interview avec Wayne Hussey, chanteur mythique de&hellip;<\/p>\n","protected":false},"author":1,"featured_media":36234,"comment_status":"open","ping_status":"open","sticky":false,"template":"","format":"standard","meta":{"_lmt_disableupdate":"","_lmt_disable":"","footnotes":""},"categories":[35],"tags":[406],"class_list":["post-36165","post","type-post","status-publish","format-standard","has-post-thumbnail","hentry","category-interviews-fr","tag-rock-gothique"],"yoast_head":"<!-- This site is optimized with the Yoast SEO plugin v27.4 - https:\/\/yoast.com\/product\/yoast-seo-wordpress\/ -->\n<title>Interview : The Mission (II) &#8212; El Garaje de Frank<\/title>\n<meta name=\"description\" content=\"Interviews &#8212; Deuxi\u00e8me partie de notre interview avec le groupe de rock gothique The Mission.\" \/>\n<meta name=\"robots\" content=\"index, follow, max-snippet:-1, max-image-preview:large, max-video-preview:-1\" \/>\n<link rel=\"canonical\" href=\"https:\/\/elgarajedefrank.es\/fr\/interview-the-mission-ii\/\" \/>\n<meta property=\"og:locale\" content=\"fr_FR\" \/>\n<meta property=\"og:type\" content=\"article\" \/>\n<meta property=\"og:title\" content=\"Interview : The Mission (II) &#8212; El Garaje de Frank\" \/>\n<meta property=\"og:description\" content=\"Interviews &#8212; Deuxi\u00e8me partie de notre interview avec le groupe de rock gothique The Mission.\" \/>\n<meta property=\"og:url\" content=\"https:\/\/elgarajedefrank.es\/fr\/interview-the-mission-ii\/\" \/>\n<meta property=\"og:site_name\" content=\"El Garaje de Frank\" \/>\n<meta property=\"article:publisher\" content=\"https:\/\/www.facebook.com\/elgarajedefrank\/\" \/>\n<meta property=\"article:author\" content=\"https:\/\/www.facebook.com\/elgarajedefrank\/\" \/>\n<meta property=\"article:published_time\" content=\"2021-10-03T12:45:26+00:00\" \/>\n<meta property=\"og:image\" content=\"https:\/\/elgarajedefrank.es\/wp-content\/uploads\/2021\/10\/the-mission-scaled.jpg\" \/>\n\t<meta property=\"og:image:width\" content=\"2113\" \/>\n\t<meta property=\"og:image:height\" content=\"2560\" \/>\n\t<meta property=\"og:image:type\" content=\"image\/jpeg\" \/>\n<meta name=\"author\" content=\"Fran\u00e7ois Zappa\" \/>\n<meta name=\"twitter:card\" content=\"summary_large_image\" \/>\n<meta name=\"twitter:label1\" content=\"\u00c9crit par\" \/>\n\t<meta name=\"twitter:data1\" content=\"Fran\u00e7ois Zappa\" \/>\n\t<meta name=\"twitter:label2\" content=\"Dur\u00e9e de lecture estim\u00e9e\" \/>\n\t<meta name=\"twitter:data2\" content=\"14 minutes\" \/>\n<script type=\"application\/ld+json\" class=\"yoast-schema-graph\">{\"@context\":\"https:\\\/\\\/schema.org\",\"@graph\":[{\"@type\":\"Article\",\"@id\":\"https:\\\/\\\/elgarajedefrank.es\\\/fr\\\/interview-the-mission-ii\\\/#article\",\"isPartOf\":{\"@id\":\"https:\\\/\\\/elgarajedefrank.es\\\/fr\\\/interview-the-mission-ii\\\/\"},\"author\":{\"name\":\"Fran\u00e7ois Zappa\",\"@id\":\"https:\\\/\\\/elgarajedefrank.es\\\/fr\\\/#\\\/schema\\\/person\\\/d709c9c33f5f405d44c6c9397889ba15\"},\"headline\":\"Interview : The Mission (II)\",\"datePublished\":\"2021-10-03T12:45:26+00:00\",\"mainEntityOfPage\":{\"@id\":\"https:\\\/\\\/elgarajedefrank.es\\\/fr\\\/interview-the-mission-ii\\\/\"},\"wordCount\":3509,\"commentCount\":0,\"publisher\":{\"@id\":\"https:\\\/\\\/elgarajedefrank.es\\\/fr\\\/#\\\/schema\\\/person\\\/d709c9c33f5f405d44c6c9397889ba15\"},\"image\":{\"@id\":\"https:\\\/\\\/elgarajedefrank.es\\\/fr\\\/interview-the-mission-ii\\\/#primaryimage\"},\"thumbnailUrl\":\"https:\\\/\\\/elgarajedefrank.es\\\/wp-content\\\/uploads\\\/2021\\\/10\\\/the-mission-scaled.jpg\",\"keywords\":[\"Rock gothique\"],\"articleSection\":[\"Interviews\"],\"inLanguage\":\"fr-FR\",\"potentialAction\":[{\"@type\":\"CommentAction\",\"name\":\"Comment\",\"target\":[\"https:\\\/\\\/elgarajedefrank.es\\\/fr\\\/interview-the-mission-ii\\\/#respond\"]}]},{\"@type\":\"WebPage\",\"@id\":\"https:\\\/\\\/elgarajedefrank.es\\\/fr\\\/interview-the-mission-ii\\\/\",\"url\":\"https:\\\/\\\/elgarajedefrank.es\\\/fr\\\/interview-the-mission-ii\\\/\",\"name\":\"Interview : The Mission (II) &#8212; El Garaje de Frank\",\"isPartOf\":{\"@id\":\"https:\\\/\\\/elgarajedefrank.es\\\/fr\\\/#website\"},\"primaryImageOfPage\":{\"@id\":\"https:\\\/\\\/elgarajedefrank.es\\\/fr\\\/interview-the-mission-ii\\\/#primaryimage\"},\"image\":{\"@id\":\"https:\\\/\\\/elgarajedefrank.es\\\/fr\\\/interview-the-mission-ii\\\/#primaryimage\"},\"thumbnailUrl\":\"https:\\\/\\\/elgarajedefrank.es\\\/wp-content\\\/uploads\\\/2021\\\/10\\\/the-mission-scaled.jpg\",\"datePublished\":\"2021-10-03T12:45:26+00:00\",\"description\":\"Interviews &#8212; Deuxi\u00e8me partie de notre interview avec le groupe de rock gothique The Mission.\",\"breadcrumb\":{\"@id\":\"https:\\\/\\\/elgarajedefrank.es\\\/fr\\\/interview-the-mission-ii\\\/#breadcrumb\"},\"inLanguage\":\"fr-FR\",\"potentialAction\":[{\"@type\":\"ReadAction\",\"target\":[\"https:\\\/\\\/elgarajedefrank.es\\\/fr\\\/interview-the-mission-ii\\\/\"]}]},{\"@type\":\"ImageObject\",\"inLanguage\":\"fr-FR\",\"@id\":\"https:\\\/\\\/elgarajedefrank.es\\\/fr\\\/interview-the-mission-ii\\\/#primaryimage\",\"url\":\"https:\\\/\\\/elgarajedefrank.es\\\/wp-content\\\/uploads\\\/2021\\\/10\\\/the-mission-scaled.jpg\",\"contentUrl\":\"https:\\\/\\\/elgarajedefrank.es\\\/wp-content\\\/uploads\\\/2021\\\/10\\\/the-mission-scaled.jpg\",\"width\":2113,\"height\":2560},{\"@type\":\"BreadcrumbList\",\"@id\":\"https:\\\/\\\/elgarajedefrank.es\\\/fr\\\/interview-the-mission-ii\\\/#breadcrumb\",\"itemListElement\":[{\"@type\":\"ListItem\",\"position\":1,\"name\":\"Inicio\",\"item\":\"https:\\\/\\\/elgarajedefrank.es\\\/fr\\\/\"},{\"@type\":\"ListItem\",\"position\":2,\"name\":\"Interviews\",\"item\":\"https:\\\/\\\/elgarajedefrank.es\\\/fr\\\/category\\\/interviews-fr\\\/\"},{\"@type\":\"ListItem\",\"position\":3,\"name\":\"Interview : The Mission (II)\"}]},{\"@type\":\"WebSite\",\"@id\":\"https:\\\/\\\/elgarajedefrank.es\\\/fr\\\/#website\",\"url\":\"https:\\\/\\\/elgarajedefrank.es\\\/fr\\\/\",\"name\":\"El Garaje de Frank\",\"description\":\"Music magazine\",\"publisher\":{\"@id\":\"https:\\\/\\\/elgarajedefrank.es\\\/fr\\\/#\\\/schema\\\/person\\\/d709c9c33f5f405d44c6c9397889ba15\"},\"potentialAction\":[{\"@type\":\"SearchAction\",\"target\":{\"@type\":\"EntryPoint\",\"urlTemplate\":\"https:\\\/\\\/elgarajedefrank.es\\\/fr\\\/?s={search_term_string}\"},\"query-input\":{\"@type\":\"PropertyValueSpecification\",\"valueRequired\":true,\"valueName\":\"search_term_string\"}}],\"inLanguage\":\"fr-FR\"},{\"@type\":[\"Person\",\"Organization\"],\"@id\":\"https:\\\/\\\/elgarajedefrank.es\\\/fr\\\/#\\\/schema\\\/person\\\/d709c9c33f5f405d44c6c9397889ba15\",\"name\":\"Fran\u00e7ois Zappa\",\"image\":{\"@type\":\"ImageObject\",\"inLanguage\":\"fr-FR\",\"@id\":\"https:\\\/\\\/elgarajedefrank.es\\\/wp-content\\\/uploads\\\/2019\\\/10\\\/IMG_8278-150x150.jpg\",\"url\":\"https:\\\/\\\/elgarajedefrank.es\\\/wp-content\\\/uploads\\\/2019\\\/10\\\/IMG_8278-150x150.jpg\",\"contentUrl\":\"https:\\\/\\\/elgarajedefrank.es\\\/wp-content\\\/uploads\\\/2019\\\/10\\\/IMG_8278-150x150.jpg\",\"caption\":\"Fran\u00e7ois Zappa\"},\"logo\":{\"@id\":\"https:\\\/\\\/elgarajedefrank.es\\\/wp-content\\\/uploads\\\/2019\\\/10\\\/IMG_8278-150x150.jpg\"},\"sameAs\":[\"https:\\\/\\\/www.facebook.com\\\/elgarajedefrank\\\/\",\"https:\\\/\\\/www.instagram.com\\\/elgarajedefrank\\\/\"]}]}<\/script>\n<!-- \/ Yoast SEO plugin. -->","yoast_head_json":{"title":"Interview : The Mission (II) &#8212; El Garaje de Frank","description":"Interviews &#8212; Deuxi\u00e8me partie de notre interview avec le groupe de rock gothique The Mission.","robots":{"index":"index","follow":"follow","max-snippet":"max-snippet:-1","max-image-preview":"max-image-preview:large","max-video-preview":"max-video-preview:-1"},"canonical":"https:\/\/elgarajedefrank.es\/fr\/interview-the-mission-ii\/","og_locale":"fr_FR","og_type":"article","og_title":"Interview : The Mission (II) &#8212; El Garaje de Frank","og_description":"Interviews &#8212; Deuxi\u00e8me partie de notre interview avec le groupe de rock gothique The Mission.","og_url":"https:\/\/elgarajedefrank.es\/fr\/interview-the-mission-ii\/","og_site_name":"El Garaje de Frank","article_publisher":"https:\/\/www.facebook.com\/elgarajedefrank\/","article_author":"https:\/\/www.facebook.com\/elgarajedefrank\/","article_published_time":"2021-10-03T12:45:26+00:00","og_image":[{"width":2113,"height":2560,"url":"https:\/\/elgarajedefrank.es\/wp-content\/uploads\/2021\/10\/the-mission-scaled.jpg","type":"image\/jpeg"}],"author":"Fran\u00e7ois Zappa","twitter_card":"summary_large_image","twitter_misc":{"\u00c9crit par":"Fran\u00e7ois Zappa","Dur\u00e9e de lecture estim\u00e9e":"14 minutes"},"schema":{"@context":"https:\/\/schema.org","@graph":[{"@type":"Article","@id":"https:\/\/elgarajedefrank.es\/fr\/interview-the-mission-ii\/#article","isPartOf":{"@id":"https:\/\/elgarajedefrank.es\/fr\/interview-the-mission-ii\/"},"author":{"name":"Fran\u00e7ois Zappa","@id":"https:\/\/elgarajedefrank.es\/fr\/#\/schema\/person\/d709c9c33f5f405d44c6c9397889ba15"},"headline":"Interview : The Mission (II)","datePublished":"2021-10-03T12:45:26+00:00","mainEntityOfPage":{"@id":"https:\/\/elgarajedefrank.es\/fr\/interview-the-mission-ii\/"},"wordCount":3509,"commentCount":0,"publisher":{"@id":"https:\/\/elgarajedefrank.es\/fr\/#\/schema\/person\/d709c9c33f5f405d44c6c9397889ba15"},"image":{"@id":"https:\/\/elgarajedefrank.es\/fr\/interview-the-mission-ii\/#primaryimage"},"thumbnailUrl":"https:\/\/elgarajedefrank.es\/wp-content\/uploads\/2021\/10\/the-mission-scaled.jpg","keywords":["Rock gothique"],"articleSection":["Interviews"],"inLanguage":"fr-FR","potentialAction":[{"@type":"CommentAction","name":"Comment","target":["https:\/\/elgarajedefrank.es\/fr\/interview-the-mission-ii\/#respond"]}]},{"@type":"WebPage","@id":"https:\/\/elgarajedefrank.es\/fr\/interview-the-mission-ii\/","url":"https:\/\/elgarajedefrank.es\/fr\/interview-the-mission-ii\/","name":"Interview : The Mission (II) &#8212; El Garaje de Frank","isPartOf":{"@id":"https:\/\/elgarajedefrank.es\/fr\/#website"},"primaryImageOfPage":{"@id":"https:\/\/elgarajedefrank.es\/fr\/interview-the-mission-ii\/#primaryimage"},"image":{"@id":"https:\/\/elgarajedefrank.es\/fr\/interview-the-mission-ii\/#primaryimage"},"thumbnailUrl":"https:\/\/elgarajedefrank.es\/wp-content\/uploads\/2021\/10\/the-mission-scaled.jpg","datePublished":"2021-10-03T12:45:26+00:00","description":"Interviews &#8212; Deuxi\u00e8me partie de notre interview avec le groupe de rock gothique The Mission.","breadcrumb":{"@id":"https:\/\/elgarajedefrank.es\/fr\/interview-the-mission-ii\/#breadcrumb"},"inLanguage":"fr-FR","potentialAction":[{"@type":"ReadAction","target":["https:\/\/elgarajedefrank.es\/fr\/interview-the-mission-ii\/"]}]},{"@type":"ImageObject","inLanguage":"fr-FR","@id":"https:\/\/elgarajedefrank.es\/fr\/interview-the-mission-ii\/#primaryimage","url":"https:\/\/elgarajedefrank.es\/wp-content\/uploads\/2021\/10\/the-mission-scaled.jpg","contentUrl":"https:\/\/elgarajedefrank.es\/wp-content\/uploads\/2021\/10\/the-mission-scaled.jpg","width":2113,"height":2560},{"@type":"BreadcrumbList","@id":"https:\/\/elgarajedefrank.es\/fr\/interview-the-mission-ii\/#breadcrumb","itemListElement":[{"@type":"ListItem","position":1,"name":"Inicio","item":"https:\/\/elgarajedefrank.es\/fr\/"},{"@type":"ListItem","position":2,"name":"Interviews","item":"https:\/\/elgarajedefrank.es\/fr\/category\/interviews-fr\/"},{"@type":"ListItem","position":3,"name":"Interview : The Mission (II)"}]},{"@type":"WebSite","@id":"https:\/\/elgarajedefrank.es\/fr\/#website","url":"https:\/\/elgarajedefrank.es\/fr\/","name":"El Garaje de Frank","description":"Music magazine","publisher":{"@id":"https:\/\/elgarajedefrank.es\/fr\/#\/schema\/person\/d709c9c33f5f405d44c6c9397889ba15"},"potentialAction":[{"@type":"SearchAction","target":{"@type":"EntryPoint","urlTemplate":"https:\/\/elgarajedefrank.es\/fr\/?s={search_term_string}"},"query-input":{"@type":"PropertyValueSpecification","valueRequired":true,"valueName":"search_term_string"}}],"inLanguage":"fr-FR"},{"@type":["Person","Organization"],"@id":"https:\/\/elgarajedefrank.es\/fr\/#\/schema\/person\/d709c9c33f5f405d44c6c9397889ba15","name":"Fran\u00e7ois Zappa","image":{"@type":"ImageObject","inLanguage":"fr-FR","@id":"https:\/\/elgarajedefrank.es\/wp-content\/uploads\/2019\/10\/IMG_8278-150x150.jpg","url":"https:\/\/elgarajedefrank.es\/wp-content\/uploads\/2019\/10\/IMG_8278-150x150.jpg","contentUrl":"https:\/\/elgarajedefrank.es\/wp-content\/uploads\/2019\/10\/IMG_8278-150x150.jpg","caption":"Fran\u00e7ois Zappa"},"logo":{"@id":"https:\/\/elgarajedefrank.es\/wp-content\/uploads\/2019\/10\/IMG_8278-150x150.jpg"},"sameAs":["https:\/\/www.facebook.com\/elgarajedefrank\/","https:\/\/www.instagram.com\/elgarajedefrank\/"]}]}},"_links":{"self":[{"href":"https:\/\/elgarajedefrank.es\/fr\/wp-json\/wp\/v2\/posts\/36165","targetHints":{"allow":["GET"]}}],"collection":[{"href":"https:\/\/elgarajedefrank.es\/fr\/wp-json\/wp\/v2\/posts"}],"about":[{"href":"https:\/\/elgarajedefrank.es\/fr\/wp-json\/wp\/v2\/types\/post"}],"author":[{"embeddable":true,"href":"https:\/\/elgarajedefrank.es\/fr\/wp-json\/wp\/v2\/users\/1"}],"replies":[{"embeddable":true,"href":"https:\/\/elgarajedefrank.es\/fr\/wp-json\/wp\/v2\/comments?post=36165"}],"version-history":[{"count":0,"href":"https:\/\/elgarajedefrank.es\/fr\/wp-json\/wp\/v2\/posts\/36165\/revisions"}],"wp:featuredmedia":[{"embeddable":true,"href":"https:\/\/elgarajedefrank.es\/fr\/wp-json\/wp\/v2\/media\/36234"}],"wp:attachment":[{"href":"https:\/\/elgarajedefrank.es\/fr\/wp-json\/wp\/v2\/media?parent=36165"}],"wp:term":[{"taxonomy":"category","embeddable":true,"href":"https:\/\/elgarajedefrank.es\/fr\/wp-json\/wp\/v2\/categories?post=36165"},{"taxonomy":"post_tag","embeddable":true,"href":"https:\/\/elgarajedefrank.es\/fr\/wp-json\/wp\/v2\/tags?post=36165"}],"curies":[{"name":"wp","href":"https:\/\/api.w.org\/{rel}","templated":true}]}}