{"id":35903,"date":"2021-09-24T14:15:38","date_gmt":"2021-09-24T12:15:38","guid":{"rendered":"https:\/\/elgarajedefrank.es\/?p=35903"},"modified":"2024-01-31T20:53:39","modified_gmt":"2024-01-31T19:53:39","slug":"interview-vexillary","status":"publish","type":"post","link":"https:\/\/elgarajedefrank.es\/fr\/interview-vexillary\/","title":{"rendered":"Interview : Vexillary"},"content":{"rendered":"<p><span style=\"font-family: georgia, palatino, serif; font-size: 12pt;\"><strong>Nous avons pu suivre l\u2019\u00e9volution musicale du projet de musique \u00e9lectronique Vexillary au bout de ses 6 EP, au cours de laquelle il a embrass\u00e9 sa part d\u2019ombre. Apr\u00e8s avoir r\u00e9dig\u00e9 la critique de ses derniers travaux, aujourd\u2019hui c\u2019est Reza Seirafi en personne qui, dans cette longue interview, nous explique la composition, la structure et les propri\u00e9t\u00e9s de la mati\u00e8re formant sa musique. Le 31 octobre, on aura l\u2019occasion d\u2019\u00e9couter son premier disque tant attendu, <\/strong><strong><em>Full Frontal Lunacy,\u00a0<\/em>au format num\u00e9rique et cassette.<\/strong><\/span><\/p>\n<p><span style=\"font-family: georgia, palatino, serif; font-size: 12pt;\"><span style=\"color: #800080;\"><strong>Cover Photo<\/strong><\/span>:<span style=\"color: #993366;\"> Tuek<\/span><\/span><\/p>\n<div id=\"attachment_35846\" style=\"width: 460px\" class=\"wp-caption alignleft\"><img fetchpriority=\"high\" decoding=\"async\" aria-describedby=\"caption-attachment-35846\" class=\"wp-image-35846\" src=\"https:\/\/elgarajedefrank.es\/wp-content\/uploads\/2021\/09\/1-300x200.jpg\" alt=\"\" width=\"450\" height=\"300\" srcset=\"https:\/\/elgarajedefrank.es\/wp-content\/uploads\/2021\/09\/1-300x200.jpg 300w, https:\/\/elgarajedefrank.es\/wp-content\/uploads\/2021\/09\/1-1024x683.jpg 1024w, https:\/\/elgarajedefrank.es\/wp-content\/uploads\/2021\/09\/1-768x512.jpg 768w, https:\/\/elgarajedefrank.es\/wp-content\/uploads\/2021\/09\/1-1536x1024.jpg 1536w, https:\/\/elgarajedefrank.es\/wp-content\/uploads\/2021\/09\/1-2048x1365.jpg 2048w, https:\/\/elgarajedefrank.es\/wp-content\/uploads\/2021\/09\/1.jpg 1920w, https:\/\/elgarajedefrank.es\/wp-content\/uploads\/2021\/09\/1-1170x780.jpg 1170w, https:\/\/elgarajedefrank.es\/wp-content\/uploads\/2021\/09\/1-585x390.jpg 585w, https:\/\/elgarajedefrank.es\/wp-content\/uploads\/2021\/09\/1-263x175.jpg 263w\" sizes=\"(max-width: 450px) 100vw, 450px\" \/><p id=\"caption-attachment-35846\" class=\"wp-caption-text\">Photo: Nick Starichenko, effects by Tuek<\/p><\/div>\n<p><span style=\"font-family: georgia, palatino, serif; font-size: 12pt;\"><strong>\u2014Quand as-tu commenc\u00e9 \u00e0 t\u2019int\u00e9resser \u00e0 la musique \u00e9lectronique\u2009?<\/strong><\/span><\/p>\n<p><span style=\"font-family: georgia, palatino, serif; font-size: 12pt;\">\u2014J\u2019ai toujours plus ou moins aim\u00e9 la musique \u00e9lectronique, mais j\u2019ai vraiment \u00e9t\u00e9 dingue de \u00e7a avec l\u2019arriv\u00e9e des sons de <strong>Warp Records. <\/strong>Vers la fin des ann\u00e9es\u00a090, <strong>Aphex Twin, Autechre<\/strong> et d\u2019autres membres de ce label, \u00e9taient en avance sur leur temps en mati\u00e8re de technicit\u00e9 et de futurisme. Ils m\u2019ont donc pouss\u00e9 \u00e0 m\u2019int\u00e9resser aux rouages qui se cachent derri\u00e8re la cr\u00e9ation de ce genre de musique.<\/span><\/p>\n<p><span style=\"font-family: georgia, palatino, serif; font-size: 12pt;\">Par chance, il y avait un p\u00f4le de musique \u00e9lectronique dans ma fac o\u00f9 j\u2019ai int\u00e9gr\u00e9 un cours sur les bases de l\u2019enregistrement pour lequel on a d\u00fb composer une petite chanson \u00e9lectronique sur une cassette en guise d\u2019examen final. Je n\u2019ai pas eu \u00e0 passer beaucoup de temps au milieu des synth\u00e9s et des s\u00e9quenceurs pour prendre conscience que \u00e7a me passionnait.<\/span><\/p>\n<p><span style=\"font-family: georgia, palatino, serif; font-size: 12pt;\">J\u2019ai termin\u00e9 la fac avec quelques exploits \u00e0 mon actif, mais c\u2019est cette cassette avec cette chanson bizarre \u00e0 l\u2019ambiance sombre que j\u2019avais compos\u00e9e qui m\u2019a le plus profond\u00e9ment marqu\u00e9. Apr\u00e8s, \u00e7a n\u2019a \u00e9t\u00e9 qu\u2019une question de temps avant que j\u2019assemble du mat\u00e9riel de studio. Depuis, je suis all\u00e9 de l\u2019avant.<\/span><\/p>\n<p><span style=\"font-family: georgia, palatino, serif; font-size: 12pt;\"><strong>\u2014Pourquoi as-tu choisi de t\u2019appeler Vexillary\u00a0? Te consid\u00e9rais-tu comme le porte-\u00e9tendard de la musique \u00e9lectronique\u2009?<\/strong><\/span><\/p>\n<p><span style=\"font-family: georgia, palatino, serif; font-size: 12pt;\">\u2014J\u2019ai commenc\u00e9 avec un autre surnom au d\u00e9but, mais juste avant la sortie de mon premier EP, j\u2019ai paniqu\u00e9 et je me suis dit que je devrais trouver un nom cr\u00e9dible avant de me retrouver coinc\u00e9 avec. Je me souviens avoir eu un rhume carabin\u00e9 quelques jours avant la finalisation de la pochette. J\u2019ai attrap\u00e9 un dictionnaire dans lequel j\u2019ai lu presque tous les mots. J\u2019en ai trouv\u00e9 des bons ainsi que des jeux de mots int\u00e9ressants, mais tout ce qui \u00e9tait amusant \u00e9tait d\u00e9j\u00e0 utilis\u00e9 d\u2019une fa\u00e7on ou d\u2019une autre. Ensuite, je suis tomb\u00e9 sur \u00ab\u2009Vexillary\u2009\u00bb et sa signification (porte-drapeau, en latin\u00a0: vexillum). Je me fichais de la signification, mais j\u2019aimais beaucoup l\u2019apparence de ce mot. Il sonnait et ressemblait vraiment \u00e0 un truc de sorcellerie. En plus, il n\u2019avait pas encore \u00e9t\u00e9 utilis\u00e9\u00a0! Le mot a aussi une signification math\u00e9matique et une application qui m\u2019ont beaucoup intrigu\u00e9 \u00e9tant donn\u00e9 qu\u2019\u00e0 l\u2019\u00e9poque j\u2019\u00e9tais \u00e0 fond dans l\u2019IDM. J\u2019ai partag\u00e9 \u00e7a avec le label juste \u00e0 temps pour la finalisation du design et me voil\u00e0 dix ans plus tard, toujours en train de l\u2019utiliser.<\/span><\/p>\n<p><span style=\"font-family: georgia, palatino, serif; font-size: 12pt;\"><strong>\u2014Dans ton premier EP, <em>Taste Masking<\/em>, on entend quelques influences drum n bass, en particulier dans \u00ab\u2009Extinct Genus Mammuthus\u2009\u00bb. Est-ce que ce style de musique t\u2019int\u00e9ressait\u2009? Quelle \u00e9tait l\u2019ampleur de la drum n bass en Am\u00e9rique\u2009? Comme tu le sais, en Europe on avait principalement de la d n b du Royaume-Uni et on ne sait pas grand-chose de celle qui est produite en Am\u00e9rique.<\/strong><\/span><\/p>\n<div id=\"attachment_35858\" style=\"width: 460px\" class=\"wp-caption alignright\"><img decoding=\"async\" aria-describedby=\"caption-attachment-35858\" class=\"wp-image-35858\" src=\"https:\/\/elgarajedefrank.es\/wp-content\/uploads\/2021\/09\/5-300x200.jpg\" alt=\"\" width=\"450\" height=\"300\" srcset=\"https:\/\/elgarajedefrank.es\/wp-content\/uploads\/2021\/09\/5-300x200.jpg 300w, https:\/\/elgarajedefrank.es\/wp-content\/uploads\/2021\/09\/5-1024x683.jpg 1024w, https:\/\/elgarajedefrank.es\/wp-content\/uploads\/2021\/09\/5-768x512.jpg 768w, https:\/\/elgarajedefrank.es\/wp-content\/uploads\/2021\/09\/5-1536x1024.jpg 1536w, https:\/\/elgarajedefrank.es\/wp-content\/uploads\/2021\/09\/5-2048x1365.jpg 2048w, https:\/\/elgarajedefrank.es\/wp-content\/uploads\/2021\/09\/5-1920x1280.jpg 1920w, https:\/\/elgarajedefrank.es\/wp-content\/uploads\/2021\/09\/5-1170x780.jpg 1170w, https:\/\/elgarajedefrank.es\/wp-content\/uploads\/2021\/09\/5-585x390.jpg 585w, https:\/\/elgarajedefrank.es\/wp-content\/uploads\/2021\/09\/5-263x175.jpg 263w\" sizes=\"(max-width: 450px) 100vw, 450px\" \/><p id=\"caption-attachment-35858\" class=\"wp-caption-text\">Photo: Nick Starichenko<\/p><\/div>\n<p><span style=\"font-family: georgia, palatino, serif; font-size: 12pt;\">\u2014Assur\u00e9ment, je dirais que de mani\u00e8re g\u00e9n\u00e9rale la bass music a eu et continue d\u2019avoir de l\u2019influence sur moi. J\u2019ai toujours aim\u00e9 les groupes live et les concerts, mais apr\u00e8s les spectacles, je voulais continuer \u00e0 \u00e9couter de la musique et sortir \u00e0 des soir\u00e9es Techno ou drum n bass, \u00e7a d\u00e9pendait de la nuit.<\/span><\/p>\n<p><span style=\"font-family: georgia, palatino, serif; font-size: 12pt;\">Vers 2010, la bass music a connu un v\u00e9ritable essor. \u00c0 New York, de nombreuses f\u00eates de dnb \u00e9taient organis\u00e9es d\u00e8s le d\u00e9but de la semaine, et se d\u00e9roulaient assez tardivement. Parfait pour mon train de vie de l\u2019\u00e9poque\u00a0! Je pr\u00e9f\u00e9rais la Dub War Party du vendredi. J\u2019en ai rarement manqu\u00e9 pendant toute la dur\u00e9e de l\u2019\u00e9v\u00e8nement et j\u2019ai vu presque tous les pionniers britanniques venir y jouer. J\u2019allais m\u00eame en coulisse pour observer la sono\u00a0afin d\u2019essayer de d\u00e9terminer combien de couches de basse comportait chaque morceau.<\/span><\/p>\n<p><span style=\"font-family: georgia, palatino, serif; font-size: 12pt;\">M\u00eame si les \u00c9tats-Unis ne manquent pas de labels et de producteurs de bass music, j\u2019\u00e9coutais surtout les sons britanniques que tu as mentionn\u00e9s. Du c\u00f4t\u00e9 DnB, tout ce qui vient des labels Metalheadz\u2009; Renegade Hardware faisait l\u2019affaire aussi ainsi que les premiers morceaux de dubby d\u2019Hyperdub, mes favoris.<\/span><\/p>\n<p><span style=\"font-family: georgia, palatino, serif; font-size: 12pt;\">En fin de compte, je n\u2019ai compos\u00e9 que deux chansons de DnB pour me frotter au genre, dont\u00ab\u2009Extinct Genus Mammuthus\u2009\u00bb. J\u2019exp\u00e9rimente toujours avec des beats \u00e0 mi-chemin de la DnB avec \u00ab\u2009Annihilation\u2009\u00bb, un exemple parfait qui se trouve dans le dernier EP. L\u2019influence du dub est bien plus fr\u00e9quente sur mes sorties, mais j\u2019ai mis tout \u00e7a en pause pour le prochain album. Je sens qu\u2019\u00e0 l\u2019avenir j\u2019y reviendrai quand m\u00eame, on verra bien.<\/span><\/p>\n<p><span style=\"font-family: georgia, palatino, serif; font-size: 12pt;\"><strong>\u2014Pourquoi as-tu mis autant de temps \u00e0 sortir le deuxi\u00e8me EP\u2009? C\u2019\u00e9tait cens\u00e9 \u00eatre un album int\u00e9gral, n\u2019est-ce pas\u2009? Que s\u2019est-il pass\u00e9\u2009?<\/strong><\/span><\/p>\n<p><span style=\"font-family: georgia, palatino, serif; font-size: 12pt;\">\u2014C\u2019est une histoire int\u00e9ressante, frustrante pour moi \u00e0 l\u2019\u00e9poque, mais tr\u00e8s p\u00e9dagogique. Juste apr\u00e8s le premier EP, j\u2019ai invent\u00e9 le concept de <em>Chemica Divina<\/em>, un qui portait sur la mani\u00e8re dont la chimie influence nos vies. C\u2019\u00e9tait une direction tr\u00e8s inspirante qui se pr\u00eate bien aux pistes vari\u00e9es. Je me suis tr\u00e8s vite aper\u00e7u que j\u2019avais de quoi en faire un album.<\/span><\/p>\n<p><span style=\"font-family: georgia, palatino, serif; font-size: 12pt;\">Bien que les morceaux soient unifi\u00e9s par ce th\u00e8me, ce projet comportait trop de tempos et de styles diff\u00e9rents. On peut dire qu\u2019il souffrait d\u2019un manque d\u2019unit\u00e9 musicale, ce qui me semble \u00e9vident maintenant. Finalement, Blaq Records a choisi de le sortir comme un EP avec seulement 2 des chansons d\u2019origine et quelques remixes.<\/span><\/p>\n<p><span style=\"font-family: georgia, palatino, serif; font-size: 12pt;\">Je pense que c\u2019\u00e9tait le bon choix, mais \u00e7a a fini par me renvoyer quelques ann\u00e9es en arri\u00e8re avec des pistes in\u00e9dites qui me sont rest\u00e9es sur les mains (quelques-unes sont encore sur ma page SoundCloud remontant au d\u00e9but du milieu de 2010).<\/span><\/p>\n<p><span style=\"font-family: georgia, palatino, serif; font-size: 12pt;\">Cette exp\u00e9rience a toutefois eu un c\u00f4t\u00e9 positif \u00a0: elle m\u2019a permis de mieux appr\u00e9hender le processus de cr\u00e9ation d\u2019un album et la fa\u00e7on dont les pistes doivent fonctionner ensemble, agir les unes avec les autres lorsqu\u2019elles sont group\u00e9es en vue d\u2019une sortie int\u00e9grale. \u00c0 pr\u00e9sent, mon premier album, <em>Full Frontal Lunacy<\/em>, sortira dans quelques mois. Je suis heureux de vous dire qu\u2019il sera beaucoup plus solide gr\u00e2ce \u00e0 ce que j\u2019ai appris de l\u2019\u00e8re <em>Chemica Divina<\/em>.<\/span><\/p>\n<p><span style=\"font-family: georgia, palatino, serif; font-size: 12pt;\">Les morceaux originaux con\u00e7us pour cet EP ont vraiment bien fonctionn\u00e9 ensemble. Ils ont \u00e9t\u00e9 compos\u00e9s les uns apr\u00e8s les autres, avec beaucoup de sons identiques. L\u2019un des sons principaux poss\u00e9dait une touche ambient aust\u00e8re qui n\u2019est pas sans rappeler certains sons <strong>d\u2019Autechre<\/strong>.<\/span><\/p>\n<p><span style=\"font-family: georgia, palatino, serif; font-size: 12pt;\"><strong><img decoding=\"async\" class=\"alignleft wp-image-35885\" src=\"https:\/\/elgarajedefrank.es\/wp-content\/uploads\/2021\/09\/a1752178485_10-300x300.jpg\" alt=\"\" width=\"450\" height=\"450\" srcset=\"https:\/\/elgarajedefrank.es\/wp-content\/uploads\/2021\/09\/a1752178485_10-300x300.jpg 300w, https:\/\/elgarajedefrank.es\/wp-content\/uploads\/2021\/09\/a1752178485_10-1024x1024.jpg 1024w, https:\/\/elgarajedefrank.es\/wp-content\/uploads\/2021\/09\/a1752178485_10-150x150.jpg 150w, https:\/\/elgarajedefrank.es\/wp-content\/uploads\/2021\/09\/a1752178485_10-768x768.jpg 768w, https:\/\/elgarajedefrank.es\/wp-content\/uploads\/2021\/09\/a1752178485_10-1170x1170.jpg 1170w, https:\/\/elgarajedefrank.es\/wp-content\/uploads\/2021\/09\/a1752178485_10-585x585.jpg 585w, https:\/\/elgarajedefrank.es\/wp-content\/uploads\/2021\/09\/a1752178485_10-50x50.jpg 50w, https:\/\/elgarajedefrank.es\/wp-content\/uploads\/2021\/09\/a1752178485_10.jpg 1200w\" sizes=\"(max-width: 450px) 100vw, 450px\" \/>\u2014Dans <em>Chemica Divina<\/em>, je vois plus d\u2019influences d\u2019IDM, j\u2019ai aussi lu qu\u2019Autechre \u00e9tait l\u2019une de tes influences. Comment est-ce que cela a influenc\u00e9 ton travail\u2009?<\/strong><\/span><\/p>\n<p><span style=\"font-family: georgia, palatino, serif; font-size: 12pt;\">\u2014Pour moi, <strong>Autechre <\/strong>tient une place tr\u00e8s importante dans ma liste d\u2019influences. Tout d\u2019abord, ils ont toujours eu un c\u00f4t\u00e9 techno dans la trame de leurs beats (bien que fortement trait\u00e9s et mut\u00e9s de sorte qu\u2019ils soient difficilement identifiables, mais toujours l\u00e0). Ils \u00e9taient\/sont aussi les rois de l\u2019abstraction, comme une version \u00e9lectronique de Rothko ou Pollock, o\u00f9 peu importe \u00e0 quel point les sujets qu\u2019ils abordent paraissent abstraits, ils ne perdent jamais de leur sens. Enfin, ils semblent repr\u00e9senter l\u2019avenir de la musique classique sombre. <strong>Coil<\/strong><em>, <\/em>les pr\u00e9sente \u00e9galement comme une vision moderne de ce qu\u2019ils faisaient.<\/span><\/p>\n<p><span style=\"font-family: georgia, palatino, serif; font-size: 12pt;\"><strong>\u2014\u00c0 l\u2019\u00e9vidence, ta musique s\u2019est assombrie avec <em>CrossFire<\/em>. Tu as aussi nomm\u00e9 Coil et Skinny Puppy dans tes r\u00e9f\u00e9rences \u00ab\u00a0dark\u00a0<\/strong><strong>\u00bb. Ces groupes avaient-ils de l\u2019importance pour toi durant cette partie de ta vie\u2009? Qu\u2019as-tu aim\u00e9 chez eux\u2009?<\/strong><\/span><\/p>\n<p><span style=\"font-family: georgia, palatino, serif; font-size: 12pt;\">\u2014Les groupes de dark electronic comme <strong>Coil<\/strong>, <strong>Skinny Puppy<\/strong> et d\u2019autres venus du m\u00eame moule ou du m\u00eame pedigree industriel ont \u00e9t\u00e9 la premi\u00e8re et principale de mes influences musicales. En fait, l\u2019une de mes premi\u00e8res chansons est une sorte de rejeton du son dark ambiant du milieu des ann\u00e9es\u00a090 de <strong>Coil<\/strong>. En v\u00e9rit\u00e9, lorsque j\u2019ai commenc\u00e9 \u00e0 prendre la musique au s\u00e9rieux, il m\u2019a sembl\u00e9 crucial que je m\u2019\u00e9loigne des sons que j\u2019aimais le plus. Je pensais avoir quelque chose de nouveau \u00e0 offrir au d\u00e9but dans d\u2019autres directions, c\u2019est pour cela que les 2\u00a0premiers EP sont si diff\u00e9rents de <em>CrossFire<\/em> et des suivants. Je respectais trop ces artistes pour tenter de voler leurs id\u00e9es avec de p\u00e2les imitations, alors je suis rest\u00e9 \u00e0 l\u2019\u00e9cart. Mais mon \u00e2me sombre a finalement trouv\u00e9 un moyen d\u2019exploiter ce genre de son. Avec l\u2019EP <em>CrossFire<\/em>, j\u2019ai ajout\u00e9 certaines des influences de la bass music, de la techno et de l\u2019IDM \u00e0 ce style dark, un r\u00e9sultat qui a apport\u00e9 une certaine fra\u00eecheur et qui ressemblait \u00e0 ma vision de ce genre. On peut dire que j\u2019ai commenc\u00e9 \u00e0 trouver mon propre son avec cet EP et depuis, j\u2019ai continu\u00e9 \u00e0 \u00e9voluer dans cette direction.<\/span><\/p>\n<p><span style=\"font-family: georgia, palatino, serif; font-size: 12pt;\"><strong>\u2014C\u2019est la premi\u00e8re fois que tu commences \u00e0 travailler avec des voix. Comment \u00e7a a chang\u00e9 ta fa\u00e7on d\u2019aborder la musique\u00a0<\/strong><strong>?<\/strong><\/span><\/p>\n<p><span style=\"font-family: georgia, palatino, serif; font-size: 12pt;\">\u2014L\u2019EP <em>CrossFire <\/em>m\u2019a donn\u00e9 une voix \u00e0 plus d\u2019un sens. La voix est venue naturellement, car j\u2019avais besoin de m\u2019exprimer davantage. \u00c7a a commenc\u00e9 avec quelques parties vocales sur le dernier morceau de cet EP, mais c\u2019\u00e9tait suffisant pour m\u2019inciter \u00e0 en faire plus. Je ne me consid\u00e8re pas comme un \u00ab\u2009vocaliste\u2009\u00bb au sens propre du terme, mais avec le temps, j\u2019ai appris \u00e0 utiliser ma voix pour certaines chansons comme un \u00e9l\u00e9ment musical \u00e0 part enti\u00e8re. Avoir <strong>Dictatress<\/strong> sur \u00ab\u2009Heart Attack\u2009\u00bb a boost\u00e9 ma production vocale. Se trouver dans la m\u00eame pi\u00e8ce qu\u2019une vraie chanteuse et lui faire jouer des parties est une sensation vraiment sp\u00e9ciale. Cette collaboration a jet\u00e9 les bases pour que plus de chanteurs participent au prochain album. Outre <strong>Warteraum, <\/strong>pr\u00e9sente sur le single \u00ab\u2009Scent of Torture\u2009\u00bb, l\u2019Italienne Angela La Strange, a \u00e9galement chant\u00e9 sur une chanson intitul\u00e9e \u00ab\u2009The Descent\u2009\u00bb. Les sessions de <em>Full Frontal Lunacy<\/em> sont tr\u00e8s inspirantes sous bien des aspects, aussi bien vocaux que pour les paroles. Au total, ce sont 5 des 8\u00a0titres de l\u2019album qui comportent des voix et des mots, ce qui donne \u00e0 chaque titre un caract\u00e8re unique.<\/span><\/p>\n<div id=\"attachment_35861\" style=\"width: 460px\" class=\"wp-caption alignright\"><img loading=\"lazy\" decoding=\"async\" aria-describedby=\"caption-attachment-35861\" class=\"wp-image-35861\" src=\"https:\/\/elgarajedefrank.es\/wp-content\/uploads\/2021\/09\/6-300x300.jpg\" alt=\"\" width=\"450\" height=\"450\" srcset=\"https:\/\/elgarajedefrank.es\/wp-content\/uploads\/2021\/09\/6-300x300.jpg 300w, https:\/\/elgarajedefrank.es\/wp-content\/uploads\/2021\/09\/6-1024x1024.jpg 1024w, https:\/\/elgarajedefrank.es\/wp-content\/uploads\/2021\/09\/6-150x150.jpg 150w, https:\/\/elgarajedefrank.es\/wp-content\/uploads\/2021\/09\/6-768x768.jpg 768w, https:\/\/elgarajedefrank.es\/wp-content\/uploads\/2021\/09\/6-1170x1170.jpg 1170w, https:\/\/elgarajedefrank.es\/wp-content\/uploads\/2021\/09\/6-585x585.jpg 585w, https:\/\/elgarajedefrank.es\/wp-content\/uploads\/2021\/09\/6-50x50.jpg 50w, https:\/\/elgarajedefrank.es\/wp-content\/uploads\/2021\/09\/6.jpg 1500w\" sizes=\"(max-width: 450px) 100vw, 450px\" \/><p id=\"caption-attachment-35861\" class=\"wp-caption-text\">Photo: Nick Starichenko<\/p><\/div>\n<p><span style=\"font-family: georgia, palatino, serif; font-size: 12pt;\"><strong>\u2014J\u2019ai lu que tu aimais Foetus. Malheureusement, je n\u2019ai pas souvent l\u2019occasion de parler de lui. Comment as-tu commenc\u00e9 \u00e0 t\u2019int\u00e9resser \u00e0 sa musique\u2009?<\/strong><\/span><\/p>\n<p><span style=\"font-family: georgia, palatino, serif; font-size: 12pt;\">\u2014<strong>Jim Thirlwell <\/strong>est l\u2019un des artistes les plus sous-estim\u00e9s de notre temps. De pr\u00e9curseur de la musique industrielle \u00e0 la composition de partitions, il a tout fait et reste extr\u00eamement humble \u00e0 ce sujet. J\u2019ai eu la chance de pouvoir le rencontrer au fil des ans lors de concerts ou chez des disquaires \u00e0 New York, et il s\u2019est toujours montr\u00e9 disponible pour parler musique. On finit toujours par parler de rock prog, mais on devrait garder ce sujet de conversation pour une autre fois. Je me suis int\u00e9ress\u00e9 \u00e0 son travail lorsque j\u2019ai mis les pieds dans la musique industrielle, ainsi qu\u2019\u00e0 ses albums qui se d\u00e9marquent dans le genre. Il est dou\u00e9 pour apporter des styles diff\u00e9rents de fa\u00e7on inattendue et \u00e7a m\u2019a toujours marqu\u00e9. Bien entendu, sa musique est radicalement diff\u00e9rente de la mienne, mais l\u2019\u00e2me de ses disques m\u2019a toujours beaucoup inspir\u00e9. Il a compos\u00e9 ses albums seul \u00e0 une \u00e9poque o\u00f9 le mat\u00e9riel de studio \u00e9tait beaucoup plus difficile \u00e0 utiliser que les outils dont nous disposons aujourd\u2019hui. C\u2019est ce qui m\u2019a d\u00e9finitivement convaincu d\u2019essayer mes propres recettes. En outre, \u00e0 partir du moment o\u00f9 j\u2019ai su ce qu\u2019il avait accompli tout seul, je n\u2019ai plus tol\u00e9r\u00e9 aucune excuse.<\/span><\/p>\n<p><span style=\"font-family: georgia, palatino, serif; font-size: 12pt;\"><strong>\u2014J\u2019ai constat\u00e9 de grands progr\u00e8s dans la composition de \u00ab\u2009The Brutalist\u2009\u00bb. \u00c9tais-tu davantage int\u00e9ress\u00e9 par l\u2019\u00e9criture de chansons dans cet EP\u2009?<\/strong><\/span><\/p>\n<p><span style=\"font-family: georgia, palatino, serif; font-size: 12pt;\">\u2014C\u2019est int\u00e9ressant que tu l\u2019aies remarqu\u00e9. Sans vouloir para\u00eetre ringard en mati\u00e8re de th\u00e9orie musicale, ce disque est le premier o\u00f9 j\u2019ai commenc\u00e9 \u00e0 travailler avec des gammes musicales pr\u00e9d\u00e9finies. En gros, toutes les notes appartenaient \u00e0 la m\u00eame tonalit\u00e9. On retrouve encore quelques surprises sur la piste titre, mais tout est plus m\u00e9thodique. Jusqu\u2019\u00e0 ce que tout le reste soit enregistr\u00e9 avant que tout ne soit compil\u00e9 par l\u2019\u00e9coute. \u00c7a me semble dingue d\u2019avoir continu\u00e9 pendant si longtemps \u00e0 \u00e9crire des riffs sans lien les uns par rapport aux autres alors que \u00e7a prend beaucoup de temps de travailler de cette fa\u00e7on. Mais avec\u00a0\u00ab\u2009The Brutalist\u2009\u00bb, j\u2019ai plus \u00e9tudi\u00e9 la musique et \u00e7a se voit dans le r\u00e9sultat. Mon esprit fonctionne d\u00e9j\u00e0 d\u2019une mani\u00e8re tr\u00e8s chaotique, alors l\u2019associer \u00e0 un groupe de notes plus petit par chanson est une limite vraiment salutaire. Et depuis, c\u2019est devenu un \u00e9l\u00e9ment cl\u00e9 de ma technique d\u2019\u00e9criture, une technique qui m\u2019a \u00e9norm\u00e9ment aid\u00e9 \u00e0 composer les chansons du projet.<\/span><\/p>\n<p><span style=\"font-family: georgia, palatino, serif; font-size: 12pt;\"><strong>\u2014<\/strong><em><strong>SurViolence<\/strong><\/em><strong> \u00e9tait bas\u00e9 sur ce qui est arriv\u00e9 \u00e0 Snowden. Que souhaites-tu transmettre gr\u00e2ce \u00e0 ta musique\u00a0? \u00c0 ton avis, la musique peut-elle changer la soci\u00e9t\u00e9 ou au moins faire r\u00e9fl\u00e9chir les gens\u00a0?<\/strong><\/span><\/p>\n<p><span style=\"font-family: georgia, palatino, serif; font-size: 12pt;\">\u2014Je pense qu\u2019il est parfaitement possible de cr\u00e9er de la musique qui ne\u00a0 pas d\u2019histoire ou de concept pr\u00e9cis, mais pour moi, c\u2019est insuffisant. La phase de conception de l\u2019album per<\/span><span style=\"font-family: georgia, palatino, serif; font-size: 16px;\">poss\u00e8de<\/span><span style=\"font-family: georgia, palatino, serif; font-size: 12pt;\">met de donner un but et un \u00e9lan au projet. Chaque chanson se transforme en un personnage de l\u2019histoire qu\u2019on raconte. Le concept qui sous-tendait <\/span><em style=\"font-family: georgia, palatino, serif; font-size: 12pt;\">SurViolence<\/em><span style=\"font-family: georgia, palatino, serif; font-size: 12pt;\"> portait sur ce contre quoi Snowden nous mettait ou nous met encore en garde.<\/span><\/p>\n<p><span style=\"font-family: georgia, palatino, serif; font-size: 12pt;\">Je connais des gens qui ne sont pas conspirationnistes, mais qui recouvrent quand m\u00eame les cam\u00e9ras de leurs appareils parce qu\u2019ils pensent \u00eatre surveill\u00e9s en permanence. La parano\u00efa et les implications sociales de la culture de la surveillance sont in\u00e9luctables, c\u2019est pourquoi elles sont d\u00e9sormais la force motrice de cet album.<\/span><\/p>\n<p><span style=\"font-family: georgia, palatino, serif; font-size: 12pt;\">Je ne suis pas s\u00fbr que la musique ait le pouvoir d\u2019inspirer le changement comme autrefois, mais elle peut certainement faire r\u00e9fl\u00e9chir les gens. L\u2019art en g\u00e9n\u00e9ral peut nous aider \u00e0 avoir une vision diff\u00e9rente, en nous permettant de nous regarder dans un miroir. Curieusement, il n\u2019est pas n\u00e9cessaire de faire beaucoup de recherches pour trouver et s\u2019inspirer de concepts compl\u00e8tement d\u00e9ments. Des trucs compl\u00e8tement dingues se produisent juste sous nos yeux, nous avons juste tendance \u00e0 d\u00e9tourner le regard. Ma musique les place sous un microscope.<\/span><\/p>\n<div id=\"attachment_35852\" style=\"width: 460px\" class=\"wp-caption alignleft\"><img loading=\"lazy\" decoding=\"async\" aria-describedby=\"caption-attachment-35852\" class=\"wp-image-35852\" src=\"https:\/\/elgarajedefrank.es\/wp-content\/uploads\/2021\/09\/3-300x169.jpg\" alt=\"\" width=\"450\" height=\"253\" srcset=\"https:\/\/elgarajedefrank.es\/wp-content\/uploads\/2021\/09\/3-300x169.jpg 300w, https:\/\/elgarajedefrank.es\/wp-content\/uploads\/2021\/09\/3-1024x576.jpg 1024w, https:\/\/elgarajedefrank.es\/wp-content\/uploads\/2021\/09\/3-768x432.jpg 768w, https:\/\/elgarajedefrank.es\/wp-content\/uploads\/2021\/09\/3-1536x864.jpg 1536w, https:\/\/elgarajedefrank.es\/wp-content\/uploads\/2021\/09\/3-2048x1152.jpg 2048w, https:\/\/elgarajedefrank.es\/wp-content\/uploads\/2021\/09\/3-scaled.jpg 1920w, https:\/\/elgarajedefrank.es\/wp-content\/uploads\/2021\/09\/3-1170x658.jpg 1170w, https:\/\/elgarajedefrank.es\/wp-content\/uploads\/2021\/09\/3-585x329.jpg 585w\" sizes=\"(max-width: 450px) 100vw, 450px\" \/><p id=\"caption-attachment-35852\" class=\"wp-caption-text\">Photo: Andrii Didyk<\/p><\/div>\n<p><span style=\"font-family: georgia, palatino, serif; font-size: 12pt;\"><strong>\u2014J\u2019ai lu quelque part que tu voulais faire seulement cinq EP. Pourquoi\u00a0?<\/strong><\/span><\/p>\n<p><span style=\"font-family: georgia, palatino, serif; font-size: 12pt;\"><strong>\u2014<\/strong>Apr\u00e8s avoir sorti mon premier EP, j\u2019avais la sensation que 5 serait un nombre largement suffisant. Mais j\u2019ai atteint ce stade assez vite et c\u2019est alors que j\u2019ai r\u00e9alis\u00e9 que je ne faisais que commencer. Je viens de terminer mon premier album et, \u00e0 ce stade, j\u2019ai l\u2019impression que trois seront suffisants, mais je suis certain que j\u2019en composerai plus.<\/span><\/p>\n<p><span style=\"font-family: georgia, palatino, serif; font-size: 12pt;\">En g\u00e9n\u00e9ral, la consommation rapide de musique de ces derni\u00e8res ann\u00e9es pousse les artistes \u00e0 sortir de plus en plus de mat\u00e9riel. Aujourd\u2019hui, les gens sortent 5\u00a0EPs en moins de 2\u00a0ans. Je pense que cela en dit plus sur l\u2019\u00e9cole de pens\u00e9e actuelle et celle d\u2019il y a dix ans en arri\u00e8re.<\/span><\/p>\n<p><span style=\"font-family: georgia, palatino, serif; font-size: 12pt;\">Le d\u00e9fi est de s\u2019\u00e9diter soi-m\u00eame et de mettre en avant les meilleurs morceaux les plus marquants.<\/span><\/p>\n<p><span style=\"font-family: georgia, palatino, serif; font-size: 12pt;\"><strong>\u2014Le premier single du nouvel album est plus darkwave. Est-ce un genre qui t\u2019int\u00e9resse en ce moment\u00a0?<\/strong><\/span><\/p>\n<p><span style=\"font-family: georgia, palatino, serif; font-size: 12pt;\"><strong>\u2014<\/strong>Je me suis mis \u00e0 la darkwave ces derni\u00e8res ann\u00e9es, mais je ne consid\u00e9rais pas mon projet comme tel avant la sortie du single \u00ab\u00a0The Geneticist\u00a0\u00bb et de ses remixes. La presse a commenc\u00e9 \u00e0 m\u2019\u00e9tiqueter comme un artiste de darkwave, ce qui m\u2019a surpris, car je pensais m\u2019adonner \u00e0 un autre style.<\/span><\/p>\n<p><span style=\"font-family: georgia, palatino, serif; font-size: 12pt;\">Toutefois, \u00ab\u00a0Scent of Torture\u00a0\u00bb est bien inspir\u00e9 de la darkwave et d\u2019une touche de techno. Je me souviens avoir regard\u00e9 le set d\u2019Ellen Alien pour HOR Berlin l\u2019ann\u00e9e derni\u00e8re. Elle a mix\u00e9 un titre de Figure Study datant de 8\u00a0ans avec un rythme techno. Le r\u00e9sultat \u00e9tait g\u00e9nial. D\u00e8s que j\u2019ai entendu \u00e7a, j\u2019ai voulu faire un morceau similaire et j\u2019ai commenc\u00e9 \u00e0 travailler sur \u00ab\u00a0Scent of Torture\u00a0\u00bb. Cela en dit long sur la position d\u2019influence qu\u2019occupent les DJ, qui, comme tous les bons artistes, nous aident \u00e0 adopter un angle d\u2019observation diff\u00e9rent. Bien s\u00fbr, BPitch Control et ses productions originales poss\u00e8dent une position influente depuis un certain temps d\u00e9j\u00e0, mais c\u2019est incroyable quand les DJs ne se contentent pas de mixer uniquement les derni\u00e8res tendances et insufflent une nouvelle vie \u00e0 diff\u00e9rents styles musicaux.<\/span><\/p>\n<p><span style=\"font-family: georgia, palatino, serif; font-size: 12pt;\">La touche darkwave, je la dois \u00e0 <strong>WARTERAUM<\/strong> qui a pos\u00e9 de magnifiques lignes vocales sur ma compo. \u00c0 la base, j\u2019ai \u00e9crit cette chanson pour une voix f\u00e9minine, en pensant qu\u2019elle serait plus provocante d\u2019un point de vue f\u00e9minin. Ayant travaill\u00e9 avec Dictatress dans le pass\u00e9, j\u2019ai \u00e9galement voulu la faire figurer sur le morceau. Cependant, je n\u2019ai pas r\u00e9ussi \u00e0 la contacter apr\u00e8s avoir compos\u00e9 la chanson. Assez vite, j\u2019ai pens\u00e9\u00a0: \u00ab\u00a0Bon sang, qui va bien pouvoir chanter\u00a0?\u00a0\u00bb Je ne suis pas le genre de producteur qui a une liste de chanteurs longue comme le bras \u00e0 contacter. Heureusement, j\u2019avais rencontr\u00e9 Misha alias <strong>WARTERAUM<\/strong> sur un forum de producteurs. Je lui ai \u00e9crit un message d\u00e9sesp\u00e9r\u00e9 et elle a accept\u00e9 avant m\u00eame d\u2019avoir entendu la chanson. Je suis vraiment heureux du r\u00e9sultat. Un grand merci \u00e0 elle. J\u2019encourage vos lecteurs \u00e0 \u00e9couter ses compos, s\u2019ils veulent d\u00e9couvrir de la bonne synthpop.<\/span><\/p>\n<p><span style=\"font-family: georgia, palatino, serif; font-size: 12pt;\"><strong>\u2014Cette chanson t\u2019a \u00e9t\u00e9 inspir\u00e9e par ton travail dans l\u2019industrie du parfum et par tes \u00e9tudes de chimie. Tu peux nous en dire plus\u00a0?<\/strong><\/span><\/p>\n<div id=\"attachment_35849\" style=\"width: 460px\" class=\"wp-caption alignright\"><img loading=\"lazy\" decoding=\"async\" aria-describedby=\"caption-attachment-35849\" class=\"wp-image-35849\" src=\"https:\/\/elgarajedefrank.es\/wp-content\/uploads\/2021\/09\/2-300x203.jpg\" alt=\"\" width=\"450\" height=\"304\" srcset=\"https:\/\/elgarajedefrank.es\/wp-content\/uploads\/2021\/09\/2-300x203.jpg 300w, https:\/\/elgarajedefrank.es\/wp-content\/uploads\/2021\/09\/2-1024x692.jpg 1024w, https:\/\/elgarajedefrank.es\/wp-content\/uploads\/2021\/09\/2-768x519.jpg 768w, https:\/\/elgarajedefrank.es\/wp-content\/uploads\/2021\/09\/2-585x395.jpg 585w, https:\/\/elgarajedefrank.es\/wp-content\/uploads\/2021\/09\/2.jpg 1080w\" sizes=\"(max-width: 450px) 100vw, 450px\" \/><p id=\"caption-attachment-35849\" class=\"wp-caption-text\">Photo: Nick Starichenko, effects by Tuek<\/p><\/div>\n<p><span style=\"font-family: georgia, palatino, serif; font-size: 12pt;\">\u2014Le travail en laboratoire et les \u00e9tudes scientifiques ont fa\u00e7onn\u00e9 la mani\u00e8re dont j\u2019aborde chaque projet dans la vie. Mon \u00e9tat d\u2019esprit scientifique ne me quittera jamais. Je commence par conceptualiser (th\u00e9oriser), exp\u00e9rimenter et analyser le r\u00e9sultat encore et encore jusqu\u2019\u00e0 ce que je sois pr\u00eat \u00e0 arriver \u00e0 une conclusion. Mon processus de cr\u00e9ation musicale est identique.<\/span><\/p>\n<p><span style=\"font-family: georgia, palatino, serif; font-size: 12pt;\">La structure de conception des parfums et la production musicale partagent \u00e9galement de nombreux aspects. La musique et les parfums sont deux langages tr\u00e8s sensibles au temps, et qui exigent un bon \u00e9quilibre afin de fonctionner. Les ingr\u00e9dients des parfums soient commun\u00e9ment appel\u00e9s \u00ab\u00a0notes\u00a0\u00bb. Les basses et les fr\u00e9quences inf\u00e9rieures sont similaires aux notes de fond d\u2019un parfum, les m\u00e9diums et les rythmes occupent un espace similaire \u00e0 celui des notes de c\u0153ur. Quant aux fr\u00e9quences sup\u00e9rieures, elles sont similaires aux notes de t\u00eate du parfum, et correspondent \u00e0 ce qui attire l\u2019attention d\u00e8s le d\u00e9part, comme les voix et les parties principales, sur fond de fr\u00e9quences\/ingr\u00e9dients.<\/span><\/p>\n<p><span style=\"font-family: georgia, palatino, serif; font-size: 12pt;\"><strong>\u2014Je retrouve un nouvel \u00e9l\u00e9ment dans ta musique, surtout dans le premier mix. Nous, Europ\u00e9ens, l\u2019appellerions New Beat, mais j\u2019ai aussi lu que tu t\u2019int\u00e9ressais \u00e0 \u00ab\u00a0l\u2019app\u00e9tit r\u00e9cent de la culture club pour des BPM plus rapides\u00a0\u00bb. Alors, comment appelles-tu ce nouvel \u00e9l\u00e9ment\u00a0?<\/strong><\/span><\/p>\n<p><span style=\"font-family: georgia, palatino, serif; font-size: 12pt;\">\u2014Je pense qu\u2019il y a deux \u00e9l\u00e9ments en jeu ici, l\u2019un est le BPM et le rythme de la chanson, et l\u2019autre est le m\u00e9lange des styles. En termes de BPM, on a l\u2019impression que tout est un peu plus rapide ces derni\u00e8res ann\u00e9es. Ce ph\u00e9nom\u00e8ne est probablement plus \u00e9vident dans la techno en ce moment, o\u00f9 certains \u00e9l\u00e9ments sont virtuellement indiscernables de la trance des ann\u00e9es\u00a090 ou m\u00eame du hardcore.<\/span><\/p>\n<p><span style=\"font-family: georgia, palatino, serif; font-size: 12pt;\">La d\u00e9mence \u00e9tant un th\u00e8me commun de l\u2019album, il \u00e9tait logique de cr\u00e9er une sensation d\u2019hyst\u00e9rie et d\u2019agression \u00e0 travers le rythme plus rapide des chansons. \u00c0 mon sens, le style techno \u00e0 140\u00a0BPM \u00e9tait le meilleur moyen de transmettre cette sensation d\u2019agression, c\u2019est pourquoi je l\u2019ai utilis\u00e9 comme un ingr\u00e9dient.<\/span><\/p>\n<p><span style=\"font-family: georgia, palatino, serif; font-size: 12pt;\">C\u2019est int\u00e9ressant de voir que tu as aussi remarqu\u00e9 la touche de New Beat. Elle rel\u00e8ve plus d\u2019une co\u00efncidence. Si je ne me trompe pas, les d\u00e9finitions traditionnelles du New Beat comportaient un m\u00e9lange de house et d\u2019EBM. On peut certainement le v\u00e9rifier sur le mix original de \u00ab\u00a0Scent of Torture\u00a0\u00bb, avec son m\u00e9lange de lignes de basse de type EBM et de rythmes dance traditionnels.<\/span><\/p>\n<p><span style=\"font-family: georgia, palatino, serif; font-size: 12pt;\"><strong>\u2014Le deuxi\u00e8me single du prochain album s\u2019appelle<\/strong><em><strong> Burnt Leather<\/strong><\/em><strong>. On retrouve un remix avec la piste originale. Comme pour la chanson pr\u00e9c\u00e9dente, je pr\u00e9f\u00e8re le remix. Tu es \u00e9galement en train de r\u00e9aliser une vid\u00e9o pour le remix. Comment abordes tu les remixes de tes propres chansons\u00a0?<\/strong><\/span><\/p>\n<p><span style=\"font-family: georgia, palatino, serif; font-size: 12pt;\"><strong><img loading=\"lazy\" decoding=\"async\" class=\"alignleft wp-image-35888\" src=\"https:\/\/elgarajedefrank.es\/wp-content\/uploads\/2021\/09\/a1147041519_10-300x300.jpg\" alt=\"\" width=\"450\" height=\"450\" srcset=\"https:\/\/elgarajedefrank.es\/wp-content\/uploads\/2021\/09\/a1147041519_10-300x300.jpg 300w, https:\/\/elgarajedefrank.es\/wp-content\/uploads\/2021\/09\/a1147041519_10-1024x1024.jpg 1024w, https:\/\/elgarajedefrank.es\/wp-content\/uploads\/2021\/09\/a1147041519_10-150x150.jpg 150w, https:\/\/elgarajedefrank.es\/wp-content\/uploads\/2021\/09\/a1147041519_10-768x768.jpg 768w, https:\/\/elgarajedefrank.es\/wp-content\/uploads\/2021\/09\/a1147041519_10-1170x1170.jpg 1170w, https:\/\/elgarajedefrank.es\/wp-content\/uploads\/2021\/09\/a1147041519_10-585x585.jpg 585w, https:\/\/elgarajedefrank.es\/wp-content\/uploads\/2021\/09\/a1147041519_10-50x50.jpg 50w, https:\/\/elgarajedefrank.es\/wp-content\/uploads\/2021\/09\/a1147041519_10.jpg 1200w\" sizes=\"(max-width: 450px) 100vw, 450px\" \/><\/strong>\u2014Je suis probablement l\u2019un des rares artistes \u00e9lectroniques qui ont \u00e9t\u00e9 remix\u00e9s plusieurs fois (7 fois pour \u00eatre exact), mais qui n\u2019avait jamais fait de remix lui-m\u00eame\u00a0? Jusqu\u2019\u00e0 ce que je remixe \u00ab\u00a0Scent of Torture\u00a0\u00bb et \u00ab\u00a0Burnt Leather\u00a0\u00bb. Je savais qu\u2019il s\u2019agirait des premiers singles de l\u2019album, mais je ne voulais pas les sortir en tant que tel. J\u2019ai donc pens\u00e9 qu\u2019un remix unique leur conf\u00e9rerait une certaine unicit\u00e9, et pousserait les auditeurs \u00e0 \u00e9couter le reste de ma musique.<\/span><\/p>\n<p><span style=\"font-family: georgia, palatino, serif; font-size: 12pt;\">J\u2019\u00e9tais vraiment anxieux quand j\u2019ai approch\u00e9 ces singles et je manquais de temps. J\u2019ai commenc\u00e9 par \u00ab\u00a0Scent of Torture\u00a0\u00bb\u00a0: j\u2019ai baiss\u00e9 le tempo, enlev\u00e9 les parties principales, ajout\u00e9 un accord moteur et de nouvelles lignes principales pour un effet beaucoup plus sombre. J\u2019ai \u00e9t\u00e9 surpris de constater que quelques changements suffisaient \u00e0 cr\u00e9er une ambiance totalement diff\u00e9rente. J\u2019ai tellement aim\u00e9 le r\u00e9sultat que j\u2019ai choisi de r\u00e9aliser le clip de cette version remix\u00e9e.<\/span><\/p>\n<p><span style=\"font-family: georgia, palatino, serif; font-size: 12pt;\">Le jour suivant, j\u2019ai continu\u00e9 avec \u00ab\u00a0Burnt Leather\u00a0\u00bb, o\u00f9 j\u2019ai remplac\u00e9 la ligne de basse par une basse beaucoup plus simple, mis le chant principal en boucle et ajout\u00e9 une progression d\u2019accords simples et quelques nouvelles lignes de chant pour avoir une version plus \u00e9nergique. Et encore une fois, le r\u00e9sultat \u00e9tait totalement diff\u00e9rent, m\u00eame si le remix partageait le m\u00eame ch\u00e2ssis que l\u2019original. J\u2019ai tellement aim\u00e9 cette version qu\u2019en fait elle figure sur l\u2019album \u00e0 la place de l\u2019original et, une fois de plus, je r\u00e9alise le clip de la version remix\u00e9e.<\/span><\/p>\n<p><span style=\"font-family: georgia, palatino, serif; font-size: 12pt;\">J\u2019adorerais faire plus de remixes, pour mon travail et celui des autres, car le r\u00e9sultat obtenu d\u00e9passait mes esp\u00e9rances. Pour mon prochain remix, je compte bien obtenir un r\u00e9sultat radicalement diff\u00e9rent du morceau original, pour voir o\u00f9 cela me m\u00e8ne.<\/span><\/p>\n<p><span style=\"font-family: georgia, palatino, serif; font-size: 12pt;\"><strong>\u2014Pour l\u2019aspect visuel de ton travail, tu as travaill\u00e9 avec Luqman Ashaari et Svitlana Zhytnia. Comment \u00ab\u00a0vois-tu\u00a0\u00bb ta musique\u00a0?<\/strong><\/span><\/p>\n<p><span style=\"font-family: georgia, palatino, serif; font-size: 12pt;\"><strong>\u2014<\/strong>Ma musique poss\u00e8de un fort c\u00f4t\u00e9 visuel, qui a \u00e9t\u00e9 en partie inspir\u00e9 par les bandes-son. Pendant longtemps, il a demand\u00e9 \u00e0 \u00eatre associ\u00e9 \u00e0 des images. Apr\u00e8s quelques rat\u00e9s du c\u00f4t\u00e9 de la cr\u00e9ation vid\u00e9o, j\u2019ai finalement pu souffler lorsque Luqman a propos\u00e9 son art num\u00e9rique original comme ingr\u00e9dient du clip \u00ab\u00a0Maritime Panic\u00a0\u00bb. \u00c0 la m\u00eame \u00e9poque, j\u2019ai d\u00e9couvert par hasard le travail de Svitlana en tant que cr\u00e9atrice vid\u00e9o, et nous avons boss\u00e9 ensemble pour monter cette premi\u00e8re vid\u00e9o.<\/span><\/p>\n<p><span style=\"font-family: georgia, palatino, serif; font-size: 12pt;\">Depuis \u00ab\u00a0Maritime Panic\u00a0\u00bb, un souffle nouveau a \u00e9t\u00e9 insuffl\u00e9 \u00e0 mon projet. J\u2019ai produit dix vid\u00e9os en un peu plus d\u2019un an (les vid\u00e9os de \u00ab\u00a0Burnt Leather\u00a0\u00bb et \u00ab\u00a0Full Frontal Lunacy\u00a0\u00bb sortiront tr\u00e8s bient\u00f4t). Je consid\u00e8re d\u00e9sormais l\u2019aspect visuel du projet comme un \u00e9l\u00e9ment cl\u00e9 de mon travail et j\u2019esp\u00e8re continuer \u00e0 \u00e9voluer et \u00e0 pousser le c\u00f4t\u00e9 visuel au fur et \u00e0 mesure que la musique progresse. Je tiens \u00e9galement \u00e0 remercier dith_idsgn qui est un cr\u00e9ateur de vid\u00e9os vers lequel je me tourne pour mes vid\u00e9os plus aust\u00e8res.<\/span><\/p>\n<p><span style=\"font-family: georgia, palatino, serif; font-size: 12pt;\">C\u2019est formidable d\u2019\u00eatre en mesure de proposer des id\u00e9es et de les voir prendre vie entre les mains du bon expert. Je pense que, tout comme les diff\u00e9rents styles musicaux de mon son, j\u2019aime exp\u00e9rimenter diff\u00e9rents styles de vid\u00e9o pour raconter une histoire unique avec chaque single\/vid\u00e9o.<\/span><\/p>\n<p><span style=\"font-family: georgia, palatino, serif; font-size: 12pt;\"><strong>\u2014Que peux-tu nous dire de ton futur album, <\/strong><em><strong>Full Frontal Lunacy<\/strong><\/em><strong>\u00a0?<\/strong><\/span><\/p>\n<p><span style=\"font-family: georgia, palatino, serif; font-size: 12pt;\">\u2014J\u2019avais le titre en t\u00eate depuis un moment. J\u2019\u00e9tais persuad\u00e9 qu\u2019il s\u2019agirait seulement d\u2019un titre de chanson. La premi\u00e8re chanson que j\u2019ai compos\u00e9e apr\u00e8s l\u2019EP <em>SurViolence<\/em> s\u2019appelait \u00ab\u00a0Burnt Leather\u00a0\u00bb. Elle correspondait au th\u00e8me g\u00e9n\u00e9ral de la folie. J\u2019ai ensuite compos\u00e9 une chanson intitul\u00e9e \u00ab\u00a0Absinthe Minded\u00a0\u00bb qui explorait la m\u00eame direction. Tr\u00e8s vite, je me suis rendu compte que je composais un album sans vraiment le planifier.<\/span><\/p>\n<p><span style=\"font-family: georgia, palatino, serif; font-size: 12pt;\">\u00c0 l\u2019approche de l\u2019hiver 2020\/2021, il n\u2019y avait pas beaucoup de changement en termes de restrictions pand\u00e9miques et je commen\u00e7ais \u00e0 ressentir la fi\u00e8vre de la cabine due \u00e0 l\u2019isolement croissant. Inutile de dire que j\u2019avais la toile de fond parfaite pour cr\u00e9er un album qui explore la mort mentale.<\/span><\/p>\n<p><span style=\"font-family: georgia, palatino, serif; font-size: 12pt;\">Quelques mois d\u2019enregistrement intensifs ont suivi. J\u2019ai travaill\u00e9 24\u00a0heures sur 24, souvent en absorbant de fortes doses de caf\u00e9ine, pour rester dans l\u2019\u00e9tat d\u2019hyst\u00e9rie n\u00e9cessaire afin d\u2019atteindre l\u2019intensit\u00e9 sugg\u00e9r\u00e9e par le titre du disque. C\u2019\u00e9tait de loin la p\u00e9riode d\u2019enregistrement la plus efficace que j\u2019ai jamais eue. En outre, Fort de mon exp\u00e9rience de l\u2019\u00e9poque de <em>Chemica Divina<\/em>, je savais comment composer un album de la bonne mani\u00e8re.<\/span><\/p>\n<p><span style=\"font-family: georgia, palatino, serif; font-size: 12pt;\">Les huit titres qui en r\u00e9sultent documentent le d\u00e9clin d\u2019un protagoniste, depuis son flirt avec la folie jusqu\u2019\u00e0 son effondrement total. Il y a aussi des clins d\u2019\u0153il \u00e0 la folie g\u00e9n\u00e9rale de la soci\u00e9t\u00e9, donc il y a plusieurs couches de signification, comme toujours. Je suis tr\u00e8s heureux de partager avec vous cet ensemble. C\u2019est sans doute la meilleure musique que j\u2019aie jamais cr\u00e9\u00e9e, et elle annonce une nouvelle \u00e9tape du projet.<\/span><\/p>\n<div id=\"attachment_35909\" style=\"width: 460px\" class=\"wp-caption alignright\"><img loading=\"lazy\" decoding=\"async\" aria-describedby=\"caption-attachment-35909\" class=\"wp-image-35909\" src=\"https:\/\/elgarajedefrank.es\/wp-content\/uploads\/2021\/09\/3-1-300x300.jpg\" alt=\"\" width=\"450\" height=\"450\" srcset=\"https:\/\/elgarajedefrank.es\/wp-content\/uploads\/2021\/09\/3-1-300x300.jpg 300w, https:\/\/elgarajedefrank.es\/wp-content\/uploads\/2021\/09\/3-1-1024x1024.jpg 1024w, https:\/\/elgarajedefrank.es\/wp-content\/uploads\/2021\/09\/3-1-150x150.jpg 150w, https:\/\/elgarajedefrank.es\/wp-content\/uploads\/2021\/09\/3-1-768x768.jpg 768w, https:\/\/elgarajedefrank.es\/wp-content\/uploads\/2021\/09\/3-1-1170x1170.jpg 1170w, https:\/\/elgarajedefrank.es\/wp-content\/uploads\/2021\/09\/3-1-585x585.jpg 585w, https:\/\/elgarajedefrank.es\/wp-content\/uploads\/2021\/09\/3-1-50x50.jpg 50w, https:\/\/elgarajedefrank.es\/wp-content\/uploads\/2021\/09\/3-1.jpg 1500w\" sizes=\"(max-width: 450px) 100vw, 450px\" \/><p id=\"caption-attachment-35909\" class=\"wp-caption-text\">Photo: Andrii Didyk<\/p><\/div>\n<p><span style=\"font-family: georgia, palatino, serif; font-size: 12pt;\"><strong>\u2014Apr\u00e8s avoir enregistr\u00e9 six EP, est-ce un grand d\u00e9fi que de devoir enregistrer un album\u00a0?<\/strong><\/span><\/p>\n<p><span style=\"font-family: georgia, palatino, serif; font-size: 12pt;\">\u2014C\u2019est une entreprise \u00e9norme \u00e0 laquelle j\u2019ai d\u00fb m\u2019habituer. Le plus grand d\u00e9fi a \u00e9t\u00e9 de rester concentr\u00e9 et d\u2019\u00e9couter o\u00f9 la musique voulait aller plut\u00f4t que de la forcer. Heureusement, le concept du disque se pr\u00eate \u00e0 de nombreuses id\u00e9es, approches et sons.<\/span><\/p>\n<p><span style=\"font-family: georgia, palatino, serif; font-size: 12pt;\">C\u2019\u00e9tait une p\u00e9riode \u00e9tonnamment inspir\u00e9e, m\u00eame si je ne travaillais pas de mani\u00e8re saine et que je suis devenu obs\u00e9d\u00e9 par l\u2019album et son processus de cr\u00e9ation. J\u2019\u00e9tais tellement obs\u00e9d\u00e9 par ce disque que j\u2019ai fini par cr\u00e9er mon propre label (con:trace) pour le mener \u00e0 bien jusqu\u2019\u00e0 sa sortie sans aucune interf\u00e9rence.<\/span><\/p>\n<p><span style=\"font-family: georgia, palatino, serif; font-size: 12pt;\">J\u2019ai aussi d\u00fb apprendre \u00e0 ne pas trop m\u2019enthousiasmer pour ce travail et \u00e0 \u00e9viter la tentation de m\u2019arr\u00eater \u00e0 mi-chemin pour en faire un EP. Je pr\u00e9voirai certainement d\u2019autres EP apr\u00e8s cet album, mais je r\u00e9serve les id\u00e9es les plus importantes au format complet.<\/span><\/p>\n<p><span style=\"font-family: georgia, palatino, serif; font-size: 12pt;\"><strong>\u2014\u00c0 ton avis, quelle a \u00e9t\u00e9 l\u2019\u00e9volution de ta musique jusqu\u2019\u00e0 cet album\u00a0?<\/strong><\/span><\/p>\n<p><span style=\"font-family: georgia, palatino, serif; font-size: 12pt;\">\u2014Cet album est sans aucun doute l\u2019apog\u00e9e du projet <strong>Vexillary<\/strong> jusqu\u2019\u00e0 ce jour. J\u2019ai appris de mes erreurs, et j\u2019ai emprunt\u00e9 le chemin le plus difficile pour m\u2019assurer que cet album soit le meilleur possible.<\/span><\/p>\n<p><span style=\"font-family: georgia, palatino, serif; font-size: 12pt;\">Sur le plan sonore, je m\u2019appuie un peu plus sur le mat\u00e9riel analogique, ce qui donne \u00e0 l\u2019album un aspect chaleureux et parfois bruyant. Je m\u2019en tiens ici aux m\u00eames outils et reste dans des genres et des tempos tr\u00e8s similaires pour plus de continuit\u00e9. L\u2019album est un m\u00e9lange sain de darkwave, de techno et d\u2019industriel. Il penche plut\u00f4t d\u2019un c\u00f4t\u00e9 ou de l\u2019autre selon les besoins de la chanson.<\/span><\/p>\n<p><span style=\"font-family: georgia, palatino, serif; font-size: 12pt;\">Par exemple, les aspects les plus agressifs de l\u2019histoire sont racont\u00e9s dans des chansons techno comme le morceau-titre et \u00ab\u00a0Maniac\u00a0\u00bb. Pour transmettre un sentiment de perte, quelle meilleure approche que les sons industriels plus froids utilis\u00e9s sur des chansons comme \u00ab\u00a0The Descent\u00a0\u00bb.<\/span><\/p>\n<p><span style=\"font-family: georgia, palatino, serif; font-size: 12pt;\">Si j\u2019analyse aujourd\u2019hui le processus d\u2019enregistrement, je dirais que toutes les d\u00e9cisions ont \u00e9t\u00e9 m\u00e9thodiquement r\u00e9fl\u00e9chies pour transmettre l\u2019histoire la plus forte possible. J\u2019ai finalement abouti \u00e0 une version \u00e9volu\u00e9e du son plus sombre que j\u2019ai d\u2019abord exploit\u00e9 avec l\u2019EP <em>CrossFire<\/em>, il y a quelques ann\u00e9es.<\/span><\/p>\n<p><span style=\"font-family: georgia, palatino, serif; font-size: 12pt;\"><strong>\u2014Aura-t-on la possibilit\u00e9 de te voir jouer en live dans le futur\u00a0?<\/strong><\/span><\/p>\n<p><span style=\"font-family: georgia, palatino, serif; font-size: 12pt;\">\u2014Oui\u00a0!<\/span><\/p>\n<p><iframe title=\"Vexillary - Burnt Leather (Scorched Mix) [Official Video]\" width=\"1170\" height=\"658\" src=\"https:\/\/www.youtube.com\/embed\/YZ4AL-r7rbA?feature=oembed\" frameborder=\"0\" allow=\"accelerometer; autoplay; clipboard-write; encrypted-media; gyroscope; picture-in-picture; web-share\" allowfullscreen><\/iframe><\/p>\n","protected":false},"excerpt":{"rendered":"<p>Nous avons pu suivre l\u2019\u00e9volution musicale du projet de musique \u00e9lectronique Vexillary au bout de&hellip;<\/p>\n","protected":false},"author":2,"featured_media":35856,"comment_status":"open","ping_status":"open","sticky":false,"template":"","format":"standard","meta":{"_lmt_disableupdate":"","_lmt_disable":"","footnotes":""},"categories":[35],"tags":[314,320,358],"class_list":["post-35903","post","type-post","status-publish","format-standard","has-post-thumbnail","hentry","category-interviews-fr","tag-darkwave-fr","tag-ebm-2-fr","tag-musique-electronique"],"yoast_head":"<!-- This site is optimized with the Yoast SEO plugin v27.4 - https:\/\/yoast.com\/product\/yoast-seo-wordpress\/ -->\n<title>Interview : Vexillary &#8212; El Garaje de Frank<\/title>\n<meta name=\"description\" content=\"Interviews &#8212; Interview avec l&#039;artiste de musique \u00e9lectronique Vexillary.\" \/>\n<meta name=\"robots\" content=\"index, follow, max-snippet:-1, max-image-preview:large, max-video-preview:-1\" \/>\n<link rel=\"canonical\" href=\"https:\/\/elgarajedefrank.es\/fr\/interview-vexillary\/\" \/>\n<meta property=\"og:locale\" content=\"fr_FR\" \/>\n<meta property=\"og:type\" content=\"article\" \/>\n<meta property=\"og:title\" content=\"Interview : Vexillary &#8212; El Garaje de Frank\" \/>\n<meta property=\"og:description\" content=\"Interviews &#8212; Interview avec l&#039;artiste de musique \u00e9lectronique Vexillary.\" \/>\n<meta property=\"og:url\" content=\"https:\/\/elgarajedefrank.es\/fr\/interview-vexillary\/\" \/>\n<meta property=\"og:site_name\" content=\"El Garaje de Frank\" \/>\n<meta property=\"article:publisher\" content=\"https:\/\/www.facebook.com\/elgarajedefrank\/\" \/>\n<meta property=\"article:published_time\" content=\"2021-09-24T12:15:38+00:00\" \/>\n<meta property=\"article:modified_time\" content=\"2024-01-31T19:53:39+00:00\" \/>\n<meta property=\"og:image\" content=\"https:\/\/elgarajedefrank.es\/wp-content\/uploads\/2021\/09\/4-scaled.jpg\" \/>\n\t<meta property=\"og:image:width\" content=\"1845\" \/>\n\t<meta property=\"og:image:height\" content=\"2560\" \/>\n\t<meta property=\"og:image:type\" content=\"image\/jpeg\" \/>\n<meta name=\"author\" content=\"Violeta\" \/>\n<meta name=\"twitter:card\" content=\"summary_large_image\" \/>\n<meta name=\"twitter:label1\" content=\"\u00c9crit par\" \/>\n\t<meta name=\"twitter:data1\" content=\"Violeta\" \/>\n\t<meta name=\"twitter:label2\" content=\"Dur\u00e9e de lecture estim\u00e9e\" \/>\n\t<meta name=\"twitter:data2\" content=\"23 minutes\" \/>\n<script type=\"application\/ld+json\" class=\"yoast-schema-graph\">{\"@context\":\"https:\\\/\\\/schema.org\",\"@graph\":[{\"@type\":\"Article\",\"@id\":\"https:\\\/\\\/elgarajedefrank.es\\\/fr\\\/interview-vexillary\\\/#article\",\"isPartOf\":{\"@id\":\"https:\\\/\\\/elgarajedefrank.es\\\/fr\\\/interview-vexillary\\\/\"},\"author\":{\"name\":\"Violeta\",\"@id\":\"https:\\\/\\\/elgarajedefrank.es\\\/fr\\\/#\\\/schema\\\/person\\\/35ec115bc6f8fb3d23238106dc7c1308\"},\"headline\":\"Interview : Vexillary\",\"datePublished\":\"2021-09-24T12:15:38+00:00\",\"dateModified\":\"2024-01-31T19:53:39+00:00\",\"mainEntityOfPage\":{\"@id\":\"https:\\\/\\\/elgarajedefrank.es\\\/fr\\\/interview-vexillary\\\/\"},\"wordCount\":5162,\"commentCount\":0,\"publisher\":{\"@id\":\"https:\\\/\\\/elgarajedefrank.es\\\/fr\\\/#\\\/schema\\\/person\\\/d709c9c33f5f405d44c6c9397889ba15\"},\"image\":{\"@id\":\"https:\\\/\\\/elgarajedefrank.es\\\/fr\\\/interview-vexillary\\\/#primaryimage\"},\"thumbnailUrl\":\"https:\\\/\\\/elgarajedefrank.es\\\/wp-content\\\/uploads\\\/2021\\\/09\\\/4-scaled.jpg\",\"keywords\":[\"Darkwave\",\"EBM\",\"Musique \u00e9lectronique\"],\"articleSection\":[\"Interviews\"],\"inLanguage\":\"fr-FR\",\"potentialAction\":[{\"@type\":\"CommentAction\",\"name\":\"Comment\",\"target\":[\"https:\\\/\\\/elgarajedefrank.es\\\/fr\\\/interview-vexillary\\\/#respond\"]}]},{\"@type\":\"WebPage\",\"@id\":\"https:\\\/\\\/elgarajedefrank.es\\\/fr\\\/interview-vexillary\\\/\",\"url\":\"https:\\\/\\\/elgarajedefrank.es\\\/fr\\\/interview-vexillary\\\/\",\"name\":\"Interview : Vexillary &#8212; El Garaje de Frank\",\"isPartOf\":{\"@id\":\"https:\\\/\\\/elgarajedefrank.es\\\/fr\\\/#website\"},\"primaryImageOfPage\":{\"@id\":\"https:\\\/\\\/elgarajedefrank.es\\\/fr\\\/interview-vexillary\\\/#primaryimage\"},\"image\":{\"@id\":\"https:\\\/\\\/elgarajedefrank.es\\\/fr\\\/interview-vexillary\\\/#primaryimage\"},\"thumbnailUrl\":\"https:\\\/\\\/elgarajedefrank.es\\\/wp-content\\\/uploads\\\/2021\\\/09\\\/4-scaled.jpg\",\"datePublished\":\"2021-09-24T12:15:38+00:00\",\"dateModified\":\"2024-01-31T19:53:39+00:00\",\"description\":\"Interviews &#8212; Interview avec l'artiste de musique \u00e9lectronique Vexillary.\",\"breadcrumb\":{\"@id\":\"https:\\\/\\\/elgarajedefrank.es\\\/fr\\\/interview-vexillary\\\/#breadcrumb\"},\"inLanguage\":\"fr-FR\",\"potentialAction\":[{\"@type\":\"ReadAction\",\"target\":[\"https:\\\/\\\/elgarajedefrank.es\\\/fr\\\/interview-vexillary\\\/\"]}]},{\"@type\":\"ImageObject\",\"inLanguage\":\"fr-FR\",\"@id\":\"https:\\\/\\\/elgarajedefrank.es\\\/fr\\\/interview-vexillary\\\/#primaryimage\",\"url\":\"https:\\\/\\\/elgarajedefrank.es\\\/wp-content\\\/uploads\\\/2021\\\/09\\\/4-scaled.jpg\",\"contentUrl\":\"https:\\\/\\\/elgarajedefrank.es\\\/wp-content\\\/uploads\\\/2021\\\/09\\\/4-scaled.jpg\",\"width\":1845,\"height\":2560},{\"@type\":\"BreadcrumbList\",\"@id\":\"https:\\\/\\\/elgarajedefrank.es\\\/fr\\\/interview-vexillary\\\/#breadcrumb\",\"itemListElement\":[{\"@type\":\"ListItem\",\"position\":1,\"name\":\"Inicio\",\"item\":\"https:\\\/\\\/elgarajedefrank.es\\\/fr\\\/\"},{\"@type\":\"ListItem\",\"position\":2,\"name\":\"Interviews\",\"item\":\"https:\\\/\\\/elgarajedefrank.es\\\/fr\\\/category\\\/interviews-fr\\\/\"},{\"@type\":\"ListItem\",\"position\":3,\"name\":\"Interview : Vexillary\"}]},{\"@type\":\"WebSite\",\"@id\":\"https:\\\/\\\/elgarajedefrank.es\\\/fr\\\/#website\",\"url\":\"https:\\\/\\\/elgarajedefrank.es\\\/fr\\\/\",\"name\":\"El Garaje de Frank\",\"description\":\"Music magazine\",\"publisher\":{\"@id\":\"https:\\\/\\\/elgarajedefrank.es\\\/fr\\\/#\\\/schema\\\/person\\\/d709c9c33f5f405d44c6c9397889ba15\"},\"potentialAction\":[{\"@type\":\"SearchAction\",\"target\":{\"@type\":\"EntryPoint\",\"urlTemplate\":\"https:\\\/\\\/elgarajedefrank.es\\\/fr\\\/?s={search_term_string}\"},\"query-input\":{\"@type\":\"PropertyValueSpecification\",\"valueRequired\":true,\"valueName\":\"search_term_string\"}}],\"inLanguage\":\"fr-FR\"},{\"@type\":[\"Person\",\"Organization\"],\"@id\":\"https:\\\/\\\/elgarajedefrank.es\\\/fr\\\/#\\\/schema\\\/person\\\/d709c9c33f5f405d44c6c9397889ba15\",\"name\":\"Fran\u00e7ois Zappa\",\"image\":{\"@type\":\"ImageObject\",\"inLanguage\":\"fr-FR\",\"@id\":\"https:\\\/\\\/elgarajedefrank.es\\\/wp-content\\\/uploads\\\/2019\\\/10\\\/IMG_8278-150x150.jpg\",\"url\":\"https:\\\/\\\/elgarajedefrank.es\\\/wp-content\\\/uploads\\\/2019\\\/10\\\/IMG_8278-150x150.jpg\",\"contentUrl\":\"https:\\\/\\\/elgarajedefrank.es\\\/wp-content\\\/uploads\\\/2019\\\/10\\\/IMG_8278-150x150.jpg\",\"caption\":\"Fran\u00e7ois Zappa\"},\"logo\":{\"@id\":\"https:\\\/\\\/elgarajedefrank.es\\\/wp-content\\\/uploads\\\/2019\\\/10\\\/IMG_8278-150x150.jpg\"},\"sameAs\":[\"https:\\\/\\\/www.facebook.com\\\/elgarajedefrank\\\/\",\"https:\\\/\\\/www.instagram.com\\\/elgarajedefrank\\\/\"]},{\"@type\":\"Person\",\"@id\":\"https:\\\/\\\/elgarajedefrank.es\\\/fr\\\/#\\\/schema\\\/person\\\/35ec115bc6f8fb3d23238106dc7c1308\",\"name\":\"Violeta\",\"image\":{\"@type\":\"ImageObject\",\"inLanguage\":\"fr-FR\",\"@id\":\"https:\\\/\\\/elgarajedefrank.es\\\/wp-content\\\/uploads\\\/2019\\\/10\\\/IMG_0576-e1570432097945-150x150.jpg\",\"url\":\"https:\\\/\\\/elgarajedefrank.es\\\/wp-content\\\/uploads\\\/2019\\\/10\\\/IMG_0576-e1570432097945-150x150.jpg\",\"contentUrl\":\"https:\\\/\\\/elgarajedefrank.es\\\/wp-content\\\/uploads\\\/2019\\\/10\\\/IMG_0576-e1570432097945-150x150.jpg\",\"caption\":\"Violeta\"}}]}<\/script>\n<!-- \/ Yoast SEO plugin. -->","yoast_head_json":{"title":"Interview : Vexillary &#8212; El Garaje de Frank","description":"Interviews &#8212; Interview avec l'artiste de musique \u00e9lectronique Vexillary.","robots":{"index":"index","follow":"follow","max-snippet":"max-snippet:-1","max-image-preview":"max-image-preview:large","max-video-preview":"max-video-preview:-1"},"canonical":"https:\/\/elgarajedefrank.es\/fr\/interview-vexillary\/","og_locale":"fr_FR","og_type":"article","og_title":"Interview : Vexillary &#8212; El Garaje de Frank","og_description":"Interviews &#8212; Interview avec l'artiste de musique \u00e9lectronique Vexillary.","og_url":"https:\/\/elgarajedefrank.es\/fr\/interview-vexillary\/","og_site_name":"El Garaje de Frank","article_publisher":"https:\/\/www.facebook.com\/elgarajedefrank\/","article_published_time":"2021-09-24T12:15:38+00:00","article_modified_time":"2024-01-31T19:53:39+00:00","og_image":[{"width":1845,"height":2560,"url":"https:\/\/elgarajedefrank.es\/wp-content\/uploads\/2021\/09\/4-scaled.jpg","type":"image\/jpeg"}],"author":"Violeta","twitter_card":"summary_large_image","twitter_misc":{"\u00c9crit par":"Violeta","Dur\u00e9e de lecture estim\u00e9e":"23 minutes"},"schema":{"@context":"https:\/\/schema.org","@graph":[{"@type":"Article","@id":"https:\/\/elgarajedefrank.es\/fr\/interview-vexillary\/#article","isPartOf":{"@id":"https:\/\/elgarajedefrank.es\/fr\/interview-vexillary\/"},"author":{"name":"Violeta","@id":"https:\/\/elgarajedefrank.es\/fr\/#\/schema\/person\/35ec115bc6f8fb3d23238106dc7c1308"},"headline":"Interview : Vexillary","datePublished":"2021-09-24T12:15:38+00:00","dateModified":"2024-01-31T19:53:39+00:00","mainEntityOfPage":{"@id":"https:\/\/elgarajedefrank.es\/fr\/interview-vexillary\/"},"wordCount":5162,"commentCount":0,"publisher":{"@id":"https:\/\/elgarajedefrank.es\/fr\/#\/schema\/person\/d709c9c33f5f405d44c6c9397889ba15"},"image":{"@id":"https:\/\/elgarajedefrank.es\/fr\/interview-vexillary\/#primaryimage"},"thumbnailUrl":"https:\/\/elgarajedefrank.es\/wp-content\/uploads\/2021\/09\/4-scaled.jpg","keywords":["Darkwave","EBM","Musique \u00e9lectronique"],"articleSection":["Interviews"],"inLanguage":"fr-FR","potentialAction":[{"@type":"CommentAction","name":"Comment","target":["https:\/\/elgarajedefrank.es\/fr\/interview-vexillary\/#respond"]}]},{"@type":"WebPage","@id":"https:\/\/elgarajedefrank.es\/fr\/interview-vexillary\/","url":"https:\/\/elgarajedefrank.es\/fr\/interview-vexillary\/","name":"Interview : Vexillary &#8212; El Garaje de Frank","isPartOf":{"@id":"https:\/\/elgarajedefrank.es\/fr\/#website"},"primaryImageOfPage":{"@id":"https:\/\/elgarajedefrank.es\/fr\/interview-vexillary\/#primaryimage"},"image":{"@id":"https:\/\/elgarajedefrank.es\/fr\/interview-vexillary\/#primaryimage"},"thumbnailUrl":"https:\/\/elgarajedefrank.es\/wp-content\/uploads\/2021\/09\/4-scaled.jpg","datePublished":"2021-09-24T12:15:38+00:00","dateModified":"2024-01-31T19:53:39+00:00","description":"Interviews &#8212; Interview avec l'artiste de musique \u00e9lectronique Vexillary.","breadcrumb":{"@id":"https:\/\/elgarajedefrank.es\/fr\/interview-vexillary\/#breadcrumb"},"inLanguage":"fr-FR","potentialAction":[{"@type":"ReadAction","target":["https:\/\/elgarajedefrank.es\/fr\/interview-vexillary\/"]}]},{"@type":"ImageObject","inLanguage":"fr-FR","@id":"https:\/\/elgarajedefrank.es\/fr\/interview-vexillary\/#primaryimage","url":"https:\/\/elgarajedefrank.es\/wp-content\/uploads\/2021\/09\/4-scaled.jpg","contentUrl":"https:\/\/elgarajedefrank.es\/wp-content\/uploads\/2021\/09\/4-scaled.jpg","width":1845,"height":2560},{"@type":"BreadcrumbList","@id":"https:\/\/elgarajedefrank.es\/fr\/interview-vexillary\/#breadcrumb","itemListElement":[{"@type":"ListItem","position":1,"name":"Inicio","item":"https:\/\/elgarajedefrank.es\/fr\/"},{"@type":"ListItem","position":2,"name":"Interviews","item":"https:\/\/elgarajedefrank.es\/fr\/category\/interviews-fr\/"},{"@type":"ListItem","position":3,"name":"Interview : Vexillary"}]},{"@type":"WebSite","@id":"https:\/\/elgarajedefrank.es\/fr\/#website","url":"https:\/\/elgarajedefrank.es\/fr\/","name":"El Garaje de Frank","description":"Music magazine","publisher":{"@id":"https:\/\/elgarajedefrank.es\/fr\/#\/schema\/person\/d709c9c33f5f405d44c6c9397889ba15"},"potentialAction":[{"@type":"SearchAction","target":{"@type":"EntryPoint","urlTemplate":"https:\/\/elgarajedefrank.es\/fr\/?s={search_term_string}"},"query-input":{"@type":"PropertyValueSpecification","valueRequired":true,"valueName":"search_term_string"}}],"inLanguage":"fr-FR"},{"@type":["Person","Organization"],"@id":"https:\/\/elgarajedefrank.es\/fr\/#\/schema\/person\/d709c9c33f5f405d44c6c9397889ba15","name":"Fran\u00e7ois Zappa","image":{"@type":"ImageObject","inLanguage":"fr-FR","@id":"https:\/\/elgarajedefrank.es\/wp-content\/uploads\/2019\/10\/IMG_8278-150x150.jpg","url":"https:\/\/elgarajedefrank.es\/wp-content\/uploads\/2019\/10\/IMG_8278-150x150.jpg","contentUrl":"https:\/\/elgarajedefrank.es\/wp-content\/uploads\/2019\/10\/IMG_8278-150x150.jpg","caption":"Fran\u00e7ois Zappa"},"logo":{"@id":"https:\/\/elgarajedefrank.es\/wp-content\/uploads\/2019\/10\/IMG_8278-150x150.jpg"},"sameAs":["https:\/\/www.facebook.com\/elgarajedefrank\/","https:\/\/www.instagram.com\/elgarajedefrank\/"]},{"@type":"Person","@id":"https:\/\/elgarajedefrank.es\/fr\/#\/schema\/person\/35ec115bc6f8fb3d23238106dc7c1308","name":"Violeta","image":{"@type":"ImageObject","inLanguage":"fr-FR","@id":"https:\/\/elgarajedefrank.es\/wp-content\/uploads\/2019\/10\/IMG_0576-e1570432097945-150x150.jpg","url":"https:\/\/elgarajedefrank.es\/wp-content\/uploads\/2019\/10\/IMG_0576-e1570432097945-150x150.jpg","contentUrl":"https:\/\/elgarajedefrank.es\/wp-content\/uploads\/2019\/10\/IMG_0576-e1570432097945-150x150.jpg","caption":"Violeta"}}]}},"_links":{"self":[{"href":"https:\/\/elgarajedefrank.es\/fr\/wp-json\/wp\/v2\/posts\/35903","targetHints":{"allow":["GET"]}}],"collection":[{"href":"https:\/\/elgarajedefrank.es\/fr\/wp-json\/wp\/v2\/posts"}],"about":[{"href":"https:\/\/elgarajedefrank.es\/fr\/wp-json\/wp\/v2\/types\/post"}],"author":[{"embeddable":true,"href":"https:\/\/elgarajedefrank.es\/fr\/wp-json\/wp\/v2\/users\/2"}],"replies":[{"embeddable":true,"href":"https:\/\/elgarajedefrank.es\/fr\/wp-json\/wp\/v2\/comments?post=35903"}],"version-history":[{"count":1,"href":"https:\/\/elgarajedefrank.es\/fr\/wp-json\/wp\/v2\/posts\/35903\/revisions"}],"predecessor-version":[{"id":60036,"href":"https:\/\/elgarajedefrank.es\/fr\/wp-json\/wp\/v2\/posts\/35903\/revisions\/60036"}],"wp:featuredmedia":[{"embeddable":true,"href":"https:\/\/elgarajedefrank.es\/fr\/wp-json\/wp\/v2\/media\/35856"}],"wp:attachment":[{"href":"https:\/\/elgarajedefrank.es\/fr\/wp-json\/wp\/v2\/media?parent=35903"}],"wp:term":[{"taxonomy":"category","embeddable":true,"href":"https:\/\/elgarajedefrank.es\/fr\/wp-json\/wp\/v2\/categories?post=35903"},{"taxonomy":"post_tag","embeddable":true,"href":"https:\/\/elgarajedefrank.es\/fr\/wp-json\/wp\/v2\/tags?post=35903"}],"curies":[{"name":"wp","href":"https:\/\/api.w.org\/{rel}","templated":true}]}}