{"id":35177,"date":"2021-09-11T15:41:33","date_gmt":"2021-09-11T13:41:33","guid":{"rendered":"https:\/\/elgarajedefrank.es\/?p=35177"},"modified":"2022-04-11T15:42:45","modified_gmt":"2022-04-11T13:42:45","slug":"verneblung-ready-to-drown","status":"publish","type":"post","link":"https:\/\/elgarajedefrank.es\/fr\/verneblung-ready-to-drown\/","title":{"rendered":"Verneblung &#8211; Ready to Drown"},"content":{"rendered":"\t\t<div data-elementor-type=\"wp-post\" data-elementor-id=\"35177\" class=\"elementor elementor-35177\" data-elementor-post-type=\"post\">\n\t\t\t\t\t\t<section class=\"penci-section penci-disSticky penci-structure-22 elementor-section elementor-top-section elementor-element elementor-element-b7cbc36 elementor-section-boxed elementor-section-height-default elementor-section-height-default\" data-id=\"b7cbc36\" data-element_type=\"section\" data-e-type=\"section\">\n\t\t\t\t\t\t<div class=\"elementor-container elementor-column-gap-default\">\n\t\t\t\t\t<div class=\"penci-ercol-66 penci-ercol-order-1 penci-sticky-ct    elementor-column elementor-col-66 elementor-top-column elementor-element elementor-element-ba255b9\" data-id=\"ba255b9\" data-element_type=\"column\" data-e-type=\"column\">\n\t\t\t<div class=\"elementor-widget-wrap elementor-element-populated\">\n\t\t\t\t\t\t<div class=\"elementor-element elementor-element-a420fb7 elementor-widget elementor-widget-text-editor\" data-id=\"a420fb7\" data-element_type=\"widget\" data-e-type=\"widget\" data-widget_type=\"text-editor.default\">\n\t\t\t\t<div class=\"elementor-widget-container\">\n\t\t\t\t\t\t\t\t\t<p><span style=\"font-family: georgia, palatino, serif; font-size: 12pt; color: #000000;\">Originaire des environs de Cologne, <strong>Verneblung<\/strong> a sorti un nouvel album. Avec <em>Ready to Drown<\/em>, le duo nous offre un univers d\u2019une grande richesse entre musique pop et industrielle. Paru le 25\u00a0juin 2021, l\u2019album est disponible au format num\u00e9rique, disque compact et cassette (en \u00e9dition limit\u00e9e seulement).<\/span><\/p><p><span style=\"font-family: georgia, palatino, serif; font-size: 12pt; color: #000000;\"><em>Ready to Drown<\/em> est d\u2019une grande sensualit\u00e9. L\u2019une des principales raisons vient de la voix hypnotique de <strong>Nadin Klein<\/strong>. D\u00e9licate, elle flotte, tel un voile \u00e9th\u00e9r\u00e9. Parfois seule ou accompagn\u00e9e par des ch\u0153urs puissants, elle sublime des parties vocales chant\u00e9es en langue allemande et anglaise dans un esprit r\u00e9solument pop. Rien n\u2019est de trop. Tout est parfaitement mesur\u00e9 et sobre. Cette sobri\u00e9t\u00e9 elle-m\u00eame semble d\u00e9finir la po\u00e9sie subtile de l\u2019univers musical du duo.<\/span><\/p><p><span style=\"font-family: georgia, palatino, serif; font-size: 12pt; color: #000000;\">Les synth\u00e9tiseurs d\u2019<strong>Adnan Abbas <\/strong>tissent la toile d\u2019un monde sonore qui tire <em>Ready to Drown<\/em> dans le giron de la musique industrielle. Ces nappes faites de textures froides et mouvantes temporisent la sensualit\u00e9 du chant. Avec des rythmiques tout aussi d\u00e9pouill\u00e9es, mais terriblement efficaces, l\u2019esth\u00e9tique de <strong>Verneblung <\/strong>hypnotise par la lenteur de ses rythmes aux basses pesantes. Le m\u00e9lange de tous ces \u00e9l\u00e9ments cr\u00e9e une esth\u00e9tique assez surprenante.<\/span><\/p><p><span style=\"font-family: georgia, palatino, serif; font-size: 12pt; color: #000000;\"><em>Ready to Down <\/em>est une v\u00e9ritable perle musicale n\u00e9e de la fusion de sons industriels, de rythmes de downtempo et de la passion de <strong>Verneblung<\/strong> pour des chanteurs tels que <strong>Jim Morisson<\/strong> ou <strong>Janis Joplin.<\/strong> L\u2019auditeur est emport\u00e9 d\u00e8s les premi\u00e8res secondes de \u00ab\u2009Ich sehe nichts\u2009\u00bb jusqu\u2019\u00e0 la derni\u00e8re r\u00e9sonance de \u00ab\u2009Free me\u2009\u00bb \u00e0 travers des paysages sonores d\u2019une grande sensibilit\u00e9.<\/span><\/p>\t\t\t\t\t\t\t\t<\/div>\n\t\t\t\t<\/div>\n\t\t\t\t\t<\/div>\n\t\t<\/div>\n\t\t\t\t<div class=\"penci-ercol-33 penci-ercol-order-2 penci-sticky-sb penci-sidebarSC   elementor-column elementor-col-33 elementor-top-column elementor-element elementor-element-d4755fb\" data-id=\"d4755fb\" data-element_type=\"column\" data-e-type=\"column\">\n\t\t\t<div class=\"elementor-widget-wrap elementor-element-populated\">\n\t\t\t\t\t\t<div class=\"elementor-element elementor-element-120a4de elementor-widget elementor-widget-shortcode\" data-id=\"120a4de\" data-element_type=\"widget\" data-e-type=\"widget\" data-widget_type=\"shortcode.default\">\n\t\t\t\t<div class=\"elementor-widget-container\">\n\t\t\t\t\t\t\t<div class=\"elementor-shortcode\"><iframe style=\"border: 0; width: 350px; height: 720px;\" src=\"https:\/\/bandcamp.com\/EmbeddedPlayer\/album=1222634557\/size=large\/bgcol=ffffff\/linkcol=0687f5\/transparent=true\/\" seamless><a href=\"https:\/\/blackjackilluministrecords.bandcamp.com\/album\/ready-to-drown\">Ready To Drown by Verneblung<\/a><\/iframe><\/div>\n\t\t\t\t\t\t<\/div>\n\t\t\t\t<\/div>\n\t\t\t\t\t<\/div>\n\t\t<\/div>\n\t\t\t\t\t<\/div>\n\t\t<\/section>\n\t\t\t\t<\/div>\n\t\t","protected":false},"excerpt":{"rendered":"<p>Originaire des environs de Cologne, Verneblung a sorti un nouvel album. Avec Ready to Drown,&hellip;<\/p>\n","protected":false},"author":5,"featured_media":35537,"comment_status":"open","ping_status":"open","sticky":false,"template":"","format":"standard","meta":{"_lmt_disableupdate":"","_lmt_disable":"","footnotes":""},"categories":[43],"tags":[497,314,368],"class_list":["post-35177","post","type-post","status-publish","format-standard","has-post-thumbnail","hentry","category-critiques","tag-dark-pop-fr","tag-darkwave-fr","tag-musique-industrielle"],"yoast_head":"<!-- This site is optimized with the Yoast SEO plugin v27.4 - https:\/\/yoast.com\/product\/yoast-seo-wordpress\/ -->\n<title>Verneblung - Ready to Drown &#8212; El Garaje de Frank<\/title>\n<meta name=\"description\" content=\"Critiques &#8212; Pr\u00e9sentation de l&#039;album Ready to Drown du duo Verneblung.\" \/>\n<meta name=\"robots\" content=\"index, follow, max-snippet:-1, max-image-preview:large, max-video-preview:-1\" \/>\n<link rel=\"canonical\" href=\"https:\/\/elgarajedefrank.es\/fr\/verneblung-ready-to-drown\/\" \/>\n<meta property=\"og:locale\" content=\"fr_FR\" \/>\n<meta property=\"og:type\" content=\"article\" \/>\n<meta property=\"og:title\" content=\"Verneblung - Ready to Drown &#8212; El Garaje de Frank\" \/>\n<meta property=\"og:description\" content=\"Critiques &#8212; Pr\u00e9sentation de l&#039;album Ready to Drown du duo Verneblung.\" \/>\n<meta property=\"og:url\" content=\"https:\/\/elgarajedefrank.es\/fr\/verneblung-ready-to-drown\/\" \/>\n<meta property=\"og:site_name\" content=\"El Garaje de Frank\" \/>\n<meta property=\"article:publisher\" content=\"https:\/\/www.facebook.com\/elgarajedefrank\/\" \/>\n<meta property=\"article:published_time\" content=\"2021-09-11T13:41:33+00:00\" \/>\n<meta property=\"article:modified_time\" content=\"2022-04-11T13:42:45+00:00\" \/>\n<meta property=\"og:image\" content=\"https:\/\/elgarajedefrank.es\/wp-content\/uploads\/2021\/09\/a1548981815_10.jpg\" \/>\n\t<meta property=\"og:image:width\" content=\"1200\" \/>\n\t<meta property=\"og:image:height\" content=\"1200\" \/>\n\t<meta property=\"og:image:type\" content=\"image\/jpeg\" \/>\n<meta name=\"author\" content=\"R\u00e9mi\" \/>\n<meta name=\"twitter:card\" content=\"summary_large_image\" \/>\n<meta name=\"twitter:label1\" content=\"\u00c9crit par\" \/>\n\t<meta name=\"twitter:data1\" content=\"R\u00e9mi\" \/>\n\t<meta name=\"twitter:label2\" content=\"Dur\u00e9e de lecture estim\u00e9e\" \/>\n\t<meta name=\"twitter:data2\" content=\"2 minutes\" \/>\n<script type=\"application\/ld+json\" class=\"yoast-schema-graph\">{\"@context\":\"https:\\\/\\\/schema.org\",\"@graph\":[{\"@type\":\"Article\",\"@id\":\"https:\\\/\\\/elgarajedefrank.es\\\/fr\\\/verneblung-ready-to-drown\\\/#article\",\"isPartOf\":{\"@id\":\"https:\\\/\\\/elgarajedefrank.es\\\/fr\\\/verneblung-ready-to-drown\\\/\"},\"author\":{\"name\":\"R\u00e9mi\",\"@id\":\"https:\\\/\\\/elgarajedefrank.es\\\/fr\\\/#\\\/schema\\\/person\\\/932e7af0e10923e11c6df46dfb2c56fc\"},\"headline\":\"Verneblung &#8211; Ready to Drown\",\"datePublished\":\"2021-09-11T13:41:33+00:00\",\"dateModified\":\"2022-04-11T13:42:45+00:00\",\"mainEntityOfPage\":{\"@id\":\"https:\\\/\\\/elgarajedefrank.es\\\/fr\\\/verneblung-ready-to-drown\\\/\"},\"wordCount\":294,\"commentCount\":0,\"publisher\":{\"@id\":\"https:\\\/\\\/elgarajedefrank.es\\\/fr\\\/#\\\/schema\\\/person\\\/d709c9c33f5f405d44c6c9397889ba15\"},\"image\":{\"@id\":\"https:\\\/\\\/elgarajedefrank.es\\\/fr\\\/verneblung-ready-to-drown\\\/#primaryimage\"},\"thumbnailUrl\":\"https:\\\/\\\/elgarajedefrank.es\\\/wp-content\\\/uploads\\\/2021\\\/09\\\/a1548981815_10.jpg\",\"keywords\":[\"Dark pop\",\"Darkwave\",\"Musique industrielle\"],\"articleSection\":[\"Critiques\"],\"inLanguage\":\"fr-FR\",\"potentialAction\":[{\"@type\":\"CommentAction\",\"name\":\"Comment\",\"target\":[\"https:\\\/\\\/elgarajedefrank.es\\\/fr\\\/verneblung-ready-to-drown\\\/#respond\"]}]},{\"@type\":\"WebPage\",\"@id\":\"https:\\\/\\\/elgarajedefrank.es\\\/fr\\\/verneblung-ready-to-drown\\\/\",\"url\":\"https:\\\/\\\/elgarajedefrank.es\\\/fr\\\/verneblung-ready-to-drown\\\/\",\"name\":\"Verneblung - Ready to Drown &#8212; El Garaje de Frank\",\"isPartOf\":{\"@id\":\"https:\\\/\\\/elgarajedefrank.es\\\/fr\\\/#website\"},\"primaryImageOfPage\":{\"@id\":\"https:\\\/\\\/elgarajedefrank.es\\\/fr\\\/verneblung-ready-to-drown\\\/#primaryimage\"},\"image\":{\"@id\":\"https:\\\/\\\/elgarajedefrank.es\\\/fr\\\/verneblung-ready-to-drown\\\/#primaryimage\"},\"thumbnailUrl\":\"https:\\\/\\\/elgarajedefrank.es\\\/wp-content\\\/uploads\\\/2021\\\/09\\\/a1548981815_10.jpg\",\"datePublished\":\"2021-09-11T13:41:33+00:00\",\"dateModified\":\"2022-04-11T13:42:45+00:00\",\"description\":\"Critiques &#8212; Pr\u00e9sentation de l'album Ready to Drown du duo Verneblung.\",\"breadcrumb\":{\"@id\":\"https:\\\/\\\/elgarajedefrank.es\\\/fr\\\/verneblung-ready-to-drown\\\/#breadcrumb\"},\"inLanguage\":\"fr-FR\",\"potentialAction\":[{\"@type\":\"ReadAction\",\"target\":[\"https:\\\/\\\/elgarajedefrank.es\\\/fr\\\/verneblung-ready-to-drown\\\/\"]}]},{\"@type\":\"ImageObject\",\"inLanguage\":\"fr-FR\",\"@id\":\"https:\\\/\\\/elgarajedefrank.es\\\/fr\\\/verneblung-ready-to-drown\\\/#primaryimage\",\"url\":\"https:\\\/\\\/elgarajedefrank.es\\\/wp-content\\\/uploads\\\/2021\\\/09\\\/a1548981815_10.jpg\",\"contentUrl\":\"https:\\\/\\\/elgarajedefrank.es\\\/wp-content\\\/uploads\\\/2021\\\/09\\\/a1548981815_10.jpg\",\"width\":1200,\"height\":1200},{\"@type\":\"BreadcrumbList\",\"@id\":\"https:\\\/\\\/elgarajedefrank.es\\\/fr\\\/verneblung-ready-to-drown\\\/#breadcrumb\",\"itemListElement\":[{\"@type\":\"ListItem\",\"position\":1,\"name\":\"Inicio\",\"item\":\"https:\\\/\\\/elgarajedefrank.es\\\/fr\\\/\"},{\"@type\":\"ListItem\",\"position\":2,\"name\":\"Critiques\",\"item\":\"https:\\\/\\\/elgarajedefrank.es\\\/fr\\\/category\\\/critiques\\\/\"},{\"@type\":\"ListItem\",\"position\":3,\"name\":\"Verneblung &#8211; Ready to Drown\"}]},{\"@type\":\"WebSite\",\"@id\":\"https:\\\/\\\/elgarajedefrank.es\\\/fr\\\/#website\",\"url\":\"https:\\\/\\\/elgarajedefrank.es\\\/fr\\\/\",\"name\":\"El Garaje de Frank\",\"description\":\"Music magazine\",\"publisher\":{\"@id\":\"https:\\\/\\\/elgarajedefrank.es\\\/fr\\\/#\\\/schema\\\/person\\\/d709c9c33f5f405d44c6c9397889ba15\"},\"potentialAction\":[{\"@type\":\"SearchAction\",\"target\":{\"@type\":\"EntryPoint\",\"urlTemplate\":\"https:\\\/\\\/elgarajedefrank.es\\\/fr\\\/?s={search_term_string}\"},\"query-input\":{\"@type\":\"PropertyValueSpecification\",\"valueRequired\":true,\"valueName\":\"search_term_string\"}}],\"inLanguage\":\"fr-FR\"},{\"@type\":[\"Person\",\"Organization\"],\"@id\":\"https:\\\/\\\/elgarajedefrank.es\\\/fr\\\/#\\\/schema\\\/person\\\/d709c9c33f5f405d44c6c9397889ba15\",\"name\":\"Fran\u00e7ois Zappa\",\"image\":{\"@type\":\"ImageObject\",\"inLanguage\":\"fr-FR\",\"@id\":\"https:\\\/\\\/elgarajedefrank.es\\\/wp-content\\\/uploads\\\/2019\\\/10\\\/IMG_8278-150x150.jpg\",\"url\":\"https:\\\/\\\/elgarajedefrank.es\\\/wp-content\\\/uploads\\\/2019\\\/10\\\/IMG_8278-150x150.jpg\",\"contentUrl\":\"https:\\\/\\\/elgarajedefrank.es\\\/wp-content\\\/uploads\\\/2019\\\/10\\\/IMG_8278-150x150.jpg\",\"caption\":\"Fran\u00e7ois Zappa\"},\"logo\":{\"@id\":\"https:\\\/\\\/elgarajedefrank.es\\\/wp-content\\\/uploads\\\/2019\\\/10\\\/IMG_8278-150x150.jpg\"},\"sameAs\":[\"https:\\\/\\\/www.facebook.com\\\/elgarajedefrank\\\/\",\"https:\\\/\\\/www.instagram.com\\\/elgarajedefrank\\\/\"]},{\"@type\":\"Person\",\"@id\":\"https:\\\/\\\/elgarajedefrank.es\\\/fr\\\/#\\\/schema\\\/person\\\/932e7af0e10923e11c6df46dfb2c56fc\",\"name\":\"R\u00e9mi\",\"image\":{\"@type\":\"ImageObject\",\"inLanguage\":\"fr-FR\",\"@id\":\"https:\\\/\\\/elgarajedefrank.es\\\/wp-content\\\/uploads\\\/2020\\\/09\\\/12647153_10206584667508022_8976155728383291449_n-150x150.jpg\",\"url\":\"https:\\\/\\\/elgarajedefrank.es\\\/wp-content\\\/uploads\\\/2020\\\/09\\\/12647153_10206584667508022_8976155728383291449_n-150x150.jpg\",\"contentUrl\":\"https:\\\/\\\/elgarajedefrank.es\\\/wp-content\\\/uploads\\\/2020\\\/09\\\/12647153_10206584667508022_8976155728383291449_n-150x150.jpg\",\"caption\":\"R\u00e9mi\"},\"sameAs\":[\"https:\\\/\\\/remi-sauze.fr\\\/\",\"https:\\\/\\\/www.youtube.com\\\/channel\\\/UCaORJH6J9ySylWnhNe3Z5PA\",\"https:\\\/\\\/soundcloud.com\\\/remi-sauze\"]}]}<\/script>\n<!-- \/ Yoast SEO plugin. -->","yoast_head_json":{"title":"Verneblung - Ready to Drown &#8212; El Garaje de Frank","description":"Critiques &#8212; Pr\u00e9sentation de l'album Ready to Drown du duo Verneblung.","robots":{"index":"index","follow":"follow","max-snippet":"max-snippet:-1","max-image-preview":"max-image-preview:large","max-video-preview":"max-video-preview:-1"},"canonical":"https:\/\/elgarajedefrank.es\/fr\/verneblung-ready-to-drown\/","og_locale":"fr_FR","og_type":"article","og_title":"Verneblung - Ready to Drown &#8212; El Garaje de Frank","og_description":"Critiques &#8212; Pr\u00e9sentation de l'album Ready to Drown du duo Verneblung.","og_url":"https:\/\/elgarajedefrank.es\/fr\/verneblung-ready-to-drown\/","og_site_name":"El Garaje de Frank","article_publisher":"https:\/\/www.facebook.com\/elgarajedefrank\/","article_published_time":"2021-09-11T13:41:33+00:00","article_modified_time":"2022-04-11T13:42:45+00:00","og_image":[{"width":1200,"height":1200,"url":"https:\/\/elgarajedefrank.es\/wp-content\/uploads\/2021\/09\/a1548981815_10.jpg","type":"image\/jpeg"}],"author":"R\u00e9mi","twitter_card":"summary_large_image","twitter_misc":{"\u00c9crit par":"R\u00e9mi","Dur\u00e9e de lecture estim\u00e9e":"2 minutes"},"schema":{"@context":"https:\/\/schema.org","@graph":[{"@type":"Article","@id":"https:\/\/elgarajedefrank.es\/fr\/verneblung-ready-to-drown\/#article","isPartOf":{"@id":"https:\/\/elgarajedefrank.es\/fr\/verneblung-ready-to-drown\/"},"author":{"name":"R\u00e9mi","@id":"https:\/\/elgarajedefrank.es\/fr\/#\/schema\/person\/932e7af0e10923e11c6df46dfb2c56fc"},"headline":"Verneblung &#8211; Ready to Drown","datePublished":"2021-09-11T13:41:33+00:00","dateModified":"2022-04-11T13:42:45+00:00","mainEntityOfPage":{"@id":"https:\/\/elgarajedefrank.es\/fr\/verneblung-ready-to-drown\/"},"wordCount":294,"commentCount":0,"publisher":{"@id":"https:\/\/elgarajedefrank.es\/fr\/#\/schema\/person\/d709c9c33f5f405d44c6c9397889ba15"},"image":{"@id":"https:\/\/elgarajedefrank.es\/fr\/verneblung-ready-to-drown\/#primaryimage"},"thumbnailUrl":"https:\/\/elgarajedefrank.es\/wp-content\/uploads\/2021\/09\/a1548981815_10.jpg","keywords":["Dark pop","Darkwave","Musique industrielle"],"articleSection":["Critiques"],"inLanguage":"fr-FR","potentialAction":[{"@type":"CommentAction","name":"Comment","target":["https:\/\/elgarajedefrank.es\/fr\/verneblung-ready-to-drown\/#respond"]}]},{"@type":"WebPage","@id":"https:\/\/elgarajedefrank.es\/fr\/verneblung-ready-to-drown\/","url":"https:\/\/elgarajedefrank.es\/fr\/verneblung-ready-to-drown\/","name":"Verneblung - Ready to Drown &#8212; El Garaje de Frank","isPartOf":{"@id":"https:\/\/elgarajedefrank.es\/fr\/#website"},"primaryImageOfPage":{"@id":"https:\/\/elgarajedefrank.es\/fr\/verneblung-ready-to-drown\/#primaryimage"},"image":{"@id":"https:\/\/elgarajedefrank.es\/fr\/verneblung-ready-to-drown\/#primaryimage"},"thumbnailUrl":"https:\/\/elgarajedefrank.es\/wp-content\/uploads\/2021\/09\/a1548981815_10.jpg","datePublished":"2021-09-11T13:41:33+00:00","dateModified":"2022-04-11T13:42:45+00:00","description":"Critiques &#8212; Pr\u00e9sentation de l'album Ready to Drown du duo Verneblung.","breadcrumb":{"@id":"https:\/\/elgarajedefrank.es\/fr\/verneblung-ready-to-drown\/#breadcrumb"},"inLanguage":"fr-FR","potentialAction":[{"@type":"ReadAction","target":["https:\/\/elgarajedefrank.es\/fr\/verneblung-ready-to-drown\/"]}]},{"@type":"ImageObject","inLanguage":"fr-FR","@id":"https:\/\/elgarajedefrank.es\/fr\/verneblung-ready-to-drown\/#primaryimage","url":"https:\/\/elgarajedefrank.es\/wp-content\/uploads\/2021\/09\/a1548981815_10.jpg","contentUrl":"https:\/\/elgarajedefrank.es\/wp-content\/uploads\/2021\/09\/a1548981815_10.jpg","width":1200,"height":1200},{"@type":"BreadcrumbList","@id":"https:\/\/elgarajedefrank.es\/fr\/verneblung-ready-to-drown\/#breadcrumb","itemListElement":[{"@type":"ListItem","position":1,"name":"Inicio","item":"https:\/\/elgarajedefrank.es\/fr\/"},{"@type":"ListItem","position":2,"name":"Critiques","item":"https:\/\/elgarajedefrank.es\/fr\/category\/critiques\/"},{"@type":"ListItem","position":3,"name":"Verneblung &#8211; Ready to Drown"}]},{"@type":"WebSite","@id":"https:\/\/elgarajedefrank.es\/fr\/#website","url":"https:\/\/elgarajedefrank.es\/fr\/","name":"El Garaje de Frank","description":"Music magazine","publisher":{"@id":"https:\/\/elgarajedefrank.es\/fr\/#\/schema\/person\/d709c9c33f5f405d44c6c9397889ba15"},"potentialAction":[{"@type":"SearchAction","target":{"@type":"EntryPoint","urlTemplate":"https:\/\/elgarajedefrank.es\/fr\/?s={search_term_string}"},"query-input":{"@type":"PropertyValueSpecification","valueRequired":true,"valueName":"search_term_string"}}],"inLanguage":"fr-FR"},{"@type":["Person","Organization"],"@id":"https:\/\/elgarajedefrank.es\/fr\/#\/schema\/person\/d709c9c33f5f405d44c6c9397889ba15","name":"Fran\u00e7ois Zappa","image":{"@type":"ImageObject","inLanguage":"fr-FR","@id":"https:\/\/elgarajedefrank.es\/wp-content\/uploads\/2019\/10\/IMG_8278-150x150.jpg","url":"https:\/\/elgarajedefrank.es\/wp-content\/uploads\/2019\/10\/IMG_8278-150x150.jpg","contentUrl":"https:\/\/elgarajedefrank.es\/wp-content\/uploads\/2019\/10\/IMG_8278-150x150.jpg","caption":"Fran\u00e7ois Zappa"},"logo":{"@id":"https:\/\/elgarajedefrank.es\/wp-content\/uploads\/2019\/10\/IMG_8278-150x150.jpg"},"sameAs":["https:\/\/www.facebook.com\/elgarajedefrank\/","https:\/\/www.instagram.com\/elgarajedefrank\/"]},{"@type":"Person","@id":"https:\/\/elgarajedefrank.es\/fr\/#\/schema\/person\/932e7af0e10923e11c6df46dfb2c56fc","name":"R\u00e9mi","image":{"@type":"ImageObject","inLanguage":"fr-FR","@id":"https:\/\/elgarajedefrank.es\/wp-content\/uploads\/2020\/09\/12647153_10206584667508022_8976155728383291449_n-150x150.jpg","url":"https:\/\/elgarajedefrank.es\/wp-content\/uploads\/2020\/09\/12647153_10206584667508022_8976155728383291449_n-150x150.jpg","contentUrl":"https:\/\/elgarajedefrank.es\/wp-content\/uploads\/2020\/09\/12647153_10206584667508022_8976155728383291449_n-150x150.jpg","caption":"R\u00e9mi"},"sameAs":["https:\/\/remi-sauze.fr\/","https:\/\/www.youtube.com\/channel\/UCaORJH6J9ySylWnhNe3Z5PA","https:\/\/soundcloud.com\/remi-sauze"]}]}},"_links":{"self":[{"href":"https:\/\/elgarajedefrank.es\/fr\/wp-json\/wp\/v2\/posts\/35177","targetHints":{"allow":["GET"]}}],"collection":[{"href":"https:\/\/elgarajedefrank.es\/fr\/wp-json\/wp\/v2\/posts"}],"about":[{"href":"https:\/\/elgarajedefrank.es\/fr\/wp-json\/wp\/v2\/types\/post"}],"author":[{"embeddable":true,"href":"https:\/\/elgarajedefrank.es\/fr\/wp-json\/wp\/v2\/users\/5"}],"replies":[{"embeddable":true,"href":"https:\/\/elgarajedefrank.es\/fr\/wp-json\/wp\/v2\/comments?post=35177"}],"version-history":[{"count":0,"href":"https:\/\/elgarajedefrank.es\/fr\/wp-json\/wp\/v2\/posts\/35177\/revisions"}],"wp:featuredmedia":[{"embeddable":true,"href":"https:\/\/elgarajedefrank.es\/fr\/wp-json\/wp\/v2\/media\/35537"}],"wp:attachment":[{"href":"https:\/\/elgarajedefrank.es\/fr\/wp-json\/wp\/v2\/media?parent=35177"}],"wp:term":[{"taxonomy":"category","embeddable":true,"href":"https:\/\/elgarajedefrank.es\/fr\/wp-json\/wp\/v2\/categories?post=35177"},{"taxonomy":"post_tag","embeddable":true,"href":"https:\/\/elgarajedefrank.es\/fr\/wp-json\/wp\/v2\/tags?post=35177"}],"curies":[{"name":"wp","href":"https:\/\/api.w.org\/{rel}","templated":true}]}}