{"id":32184,"date":"2021-05-20T15:45:16","date_gmt":"2021-05-20T13:45:16","guid":{"rendered":"https:\/\/elgarajedefrank.es\/?p=32184"},"modified":"2022-04-13T22:10:33","modified_gmt":"2022-04-13T20:10:33","slug":"a-stick-and-a-stone-versatile","status":"publish","type":"post","link":"https:\/\/elgarajedefrank.es\/fr\/a-stick-and-a-stone-versatile\/","title":{"rendered":"A Stick And A Stone &#8211; Versatile"},"content":{"rendered":"\t\t<div data-elementor-type=\"wp-post\" data-elementor-id=\"32184\" class=\"elementor elementor-32184\" data-elementor-post-type=\"post\">\n\t\t\t\t\t\t<section class=\"penci-section penci-disSticky penci-structure-22 elementor-section elementor-top-section elementor-element elementor-element-6c63f32 elementor-section-boxed elementor-section-height-default elementor-section-height-default\" data-id=\"6c63f32\" data-element_type=\"section\" data-e-type=\"section\">\n\t\t\t\t\t\t<div class=\"elementor-container elementor-column-gap-default\">\n\t\t\t\t\t<div class=\"penci-ercol-66 penci-ercol-order-1 penci-sticky-ct    elementor-column elementor-col-66 elementor-top-column elementor-element elementor-element-f97a954\" data-id=\"f97a954\" data-element_type=\"column\" data-e-type=\"column\">\n\t\t\t<div class=\"elementor-widget-wrap elementor-element-populated\">\n\t\t\t\t\t\t<div class=\"elementor-element elementor-element-49dd86b elementor-widget elementor-widget-text-editor\" data-id=\"49dd86b\" data-element_type=\"widget\" data-e-type=\"widget\" data-widget_type=\"text-editor.default\">\n\t\t\t\t<div class=\"elementor-widget-container\">\n\t\t\t\t\t\t\t\t\t<p><span style=\"font-family: georgia, palatino, serif; font-size: 12pt; color: #000000;\">Quatri\u00e8me album de <strong>A Stick And A Stone<\/strong>, <em>Versatile<\/em> explore un univers avant-gardiste peu commun, entre folk psych\u00e9d\u00e9lique, darkwave et musique de ch\u0153ur. Paru le 15 janvier 2021, Versatile est disponible au format cassette et num\u00e9rique.<\/span><\/p><p><span style=\"color: #000000;\"><span style=\"font-family: georgia, palatino, serif; font-size: 12pt;\"><strong>A Stick And A Stone<\/strong> est n\u00e9 de l\u2019esprit d\u2019Elliott Miskovicz, artiste transgenre de grand talent. L\u2019univers de <em>Versatile<\/em> est un v\u00e9ritable voyage onirique et intimiste, o\u00f9 la chaleur des instruments acoustiques se m\u00e9lange \u00e0 quelques effets sonores subtils et \u00e0 un chant extr\u00eamement expressif. Les intervalles de notes, les ostinatos et bourdons r\u00e9currents colorent l\u2019album de sonorit\u00e9s archa\u00efques, parfois m\u00e9di\u00e9vales et celtiques. Ce sont pr\u00e8s d\u2019une quinzaine d\u2019instruments qui vivent et \u00e9voluent au fil des onze titres que comporte cet album, des cordes frott\u00e9es comme le violon ou le violoncelle, aux percussions et des verres en cristal. La pr\u00e9dominance des instruments \u00e0 cordes, frott\u00e9es ou pinc\u00e9es, est \u00e9vidente.<\/span> <span style=\"font-family: georgia, palatino, serif; font-size: 12pt;\"><em>Versatile<\/em> est une musique des \u00e9l\u00e9ments. La voix, a\u00e9rienne, glisse au-dessus de l\u2019instrumentation et s\u2019enflamme quand elle est renforc\u00e9e par les voix interm\u00e9diaires du ch\u0153ur. Les cordes, bois\u00e9es, tapissent ou \u00e9gr\u00e8nent leurs notes. Les percussions \u00e0 peaux ancrent la musique \u00e0 la terre tandis que les percussions \u00e0 hauteurs d\u00e9termin\u00e9es, marimba et kalimba, sont plus aquatiques.<\/span> <span style=\"font-family: georgia, palatino, serif; font-size: 12pt;\">L\u2019utilisation d\u2019\u00e9l\u00e9ments de sound design en tant que mati\u00e8re sonore musicale dans certains titres donnent du contexte, une sorte de narration qui apporte une touche suppl\u00e9mentaire d\u2019originalit\u00e9 : les hurlements lugubres des loups dans \u00ab\u2009Hunter\u2009\u00bb, la main qui \u00e9crit nerveusement sur du papier dans \u00ab\u2009Meridians\u2009\u00bb ou le chant des oiseaux dans \u00ab\u2009Oslo in Snow\u2009\u00bb. En \u00e9coutant ce titre, bien que les genres soient totalement diff\u00e9rents, je n\u2019ai pu m\u2019emp\u00eacher de penser \u00e0 l\u2019\u0153uvre du compositeur finlandais Einojuhani Rautavaara, \u201cCantus Arcticus, Op.61 concerto for birds and Orchestra\u201d, o\u00f9 l\u2019on entend le chant des oiseaux du cercle arctique se m\u00eale \u00e0 l\u2019orchestre symphonique.<\/span><\/span><\/p><p><span style=\"font-family: georgia, palatino, serif; font-size: 12pt; color: #000000;\"><em>Versatile<\/em> est un album surprenant \u00e0 bien des \u00e9gards. Il brille par sa qualit\u00e9 d\u2019\u00e9criture tant musicale que litt\u00e9raire. Po\u00e9tiques, riches en sonorit\u00e9s, notamment gr\u00e2ce aux diff\u00e9rentes techniques de jeu des instruments et \u00e0 la grande vari\u00e9t\u00e9 de ces derniers, les onze pistes de l\u2019album invitent l\u2019auditeur \u00e0 effectuer un voyage int\u00e9rieur o\u00f9 r\u00eaves et \u00e9motions, naissent, croissent et s\u2019\u00e9panouissent.<\/span><\/p>\t\t\t\t\t\t\t\t<\/div>\n\t\t\t\t<\/div>\n\t\t\t\t\t<\/div>\n\t\t<\/div>\n\t\t\t\t<div class=\"penci-ercol-33 penci-ercol-order-2 penci-sticky-sb penci-sidebarSC   elementor-column elementor-col-33 elementor-top-column elementor-element elementor-element-edfc02f\" data-id=\"edfc02f\" data-element_type=\"column\" data-e-type=\"column\">\n\t\t\t<div class=\"elementor-widget-wrap elementor-element-populated\">\n\t\t\t\t\t\t<div class=\"elementor-element elementor-element-cecf52c elementor-widget elementor-widget-shortcode\" data-id=\"cecf52c\" data-element_type=\"widget\" data-e-type=\"widget\" data-widget_type=\"shortcode.default\">\n\t\t\t\t<div class=\"elementor-widget-container\">\n\t\t\t\t\t\t\t<div class=\"elementor-shortcode\"><iframe style=\"border: 0; width: 350px; height: 786px;\" src=\"https:\/\/bandcamp.com\/EmbeddedPlayer\/album=2961165558\/size=large\/bgcol=ffffff\/linkcol=0687f5\/transparent=true\/\" seamless><a href=\"https:\/\/astickandastone.bandcamp.com\/album\/versatile\">versatile by a stick and a stone<\/a><\/iframe><\/div>\n\t\t\t\t\t\t<\/div>\n\t\t\t\t<\/div>\n\t\t\t\t\t<\/div>\n\t\t<\/div>\n\t\t\t\t\t<\/div>\n\t\t<\/section>\n\t\t\t\t<\/div>\n\t\t","protected":false},"excerpt":{"rendered":"<p>Quatri\u00e8me album de A Stick And A Stone, Versatile explore un univers avant-gardiste peu commun,&hellip;<\/p>\n","protected":false},"author":5,"featured_media":32198,"comment_status":"open","ping_status":"open","sticky":false,"template":"","format":"standard","meta":{"_lmt_disableupdate":"","_lmt_disable":"","footnotes":""},"categories":[43,583],"tags":[620,362],"class_list":["post-32184","post","type-post","status-publish","format-standard","has-post-thumbnail","hentry","category-critiques","category-reviews","tag-dark-folk-fr","tag-musique-experimentale"],"yoast_head":"<!-- This site is optimized with the Yoast SEO plugin v27.4 - https:\/\/yoast.com\/product\/yoast-seo-wordpress\/ -->\n<title>A Stick And A Stone - Versatile &#8212; El Garaje de Frank<\/title>\n<meta name=\"robots\" content=\"index, follow, max-snippet:-1, max-image-preview:large, max-video-preview:-1\" \/>\n<link rel=\"canonical\" href=\"https:\/\/elgarajedefrank.es\/fr\/a-stick-and-a-stone-versatile\/\" \/>\n<meta property=\"og:locale\" content=\"fr_FR\" \/>\n<meta property=\"og:type\" content=\"article\" \/>\n<meta property=\"og:title\" content=\"A Stick And A Stone - Versatile &#8212; El Garaje de Frank\" \/>\n<meta property=\"og:description\" content=\"Quatri\u00e8me album de A Stick And A Stone, Versatile explore un univers avant-gardiste peu commun,&hellip;\" \/>\n<meta property=\"og:url\" content=\"https:\/\/elgarajedefrank.es\/fr\/a-stick-and-a-stone-versatile\/\" \/>\n<meta property=\"og:site_name\" content=\"El Garaje de Frank\" \/>\n<meta property=\"article:publisher\" content=\"https:\/\/www.facebook.com\/elgarajedefrank\/\" \/>\n<meta property=\"article:published_time\" content=\"2021-05-20T13:45:16+00:00\" \/>\n<meta property=\"article:modified_time\" content=\"2022-04-13T20:10:33+00:00\" \/>\n<meta property=\"og:image\" content=\"https:\/\/elgarajedefrank.es\/wp-content\/uploads\/2021\/05\/a1736631835_10.jpg\" \/>\n\t<meta property=\"og:image:width\" content=\"1200\" \/>\n\t<meta property=\"og:image:height\" content=\"1200\" \/>\n\t<meta property=\"og:image:type\" content=\"image\/jpeg\" \/>\n<meta name=\"author\" content=\"R\u00e9mi\" \/>\n<meta name=\"twitter:card\" content=\"summary_large_image\" \/>\n<meta name=\"twitter:label1\" content=\"\u00c9crit par\" \/>\n\t<meta name=\"twitter:data1\" content=\"R\u00e9mi\" \/>\n\t<meta name=\"twitter:label2\" content=\"Dur\u00e9e de lecture estim\u00e9e\" \/>\n\t<meta name=\"twitter:data2\" content=\"2 minutes\" \/>\n<script type=\"application\/ld+json\" class=\"yoast-schema-graph\">{\"@context\":\"https:\\\/\\\/schema.org\",\"@graph\":[{\"@type\":\"Article\",\"@id\":\"https:\\\/\\\/elgarajedefrank.es\\\/fr\\\/a-stick-and-a-stone-versatile\\\/#article\",\"isPartOf\":{\"@id\":\"https:\\\/\\\/elgarajedefrank.es\\\/fr\\\/a-stick-and-a-stone-versatile\\\/\"},\"author\":{\"name\":\"R\u00e9mi\",\"@id\":\"https:\\\/\\\/elgarajedefrank.es\\\/fr\\\/#\\\/schema\\\/person\\\/932e7af0e10923e11c6df46dfb2c56fc\"},\"headline\":\"A Stick And A Stone &#8211; Versatile\",\"datePublished\":\"2021-05-20T13:45:16+00:00\",\"dateModified\":\"2022-04-13T20:10:33+00:00\",\"mainEntityOfPage\":{\"@id\":\"https:\\\/\\\/elgarajedefrank.es\\\/fr\\\/a-stick-and-a-stone-versatile\\\/\"},\"wordCount\":423,\"commentCount\":0,\"publisher\":{\"@id\":\"https:\\\/\\\/elgarajedefrank.es\\\/fr\\\/#\\\/schema\\\/person\\\/d709c9c33f5f405d44c6c9397889ba15\"},\"image\":{\"@id\":\"https:\\\/\\\/elgarajedefrank.es\\\/fr\\\/a-stick-and-a-stone-versatile\\\/#primaryimage\"},\"thumbnailUrl\":\"https:\\\/\\\/elgarajedefrank.es\\\/wp-content\\\/uploads\\\/2021\\\/05\\\/a1736631835_10.jpg\",\"keywords\":[\"Dark Folk\",\"Musique exp\u00e9rimentale\"],\"articleSection\":[\"Critiques\",\"Reviews\"],\"inLanguage\":\"fr-FR\",\"potentialAction\":[{\"@type\":\"CommentAction\",\"name\":\"Comment\",\"target\":[\"https:\\\/\\\/elgarajedefrank.es\\\/fr\\\/a-stick-and-a-stone-versatile\\\/#respond\"]}]},{\"@type\":\"WebPage\",\"@id\":\"https:\\\/\\\/elgarajedefrank.es\\\/fr\\\/a-stick-and-a-stone-versatile\\\/\",\"url\":\"https:\\\/\\\/elgarajedefrank.es\\\/fr\\\/a-stick-and-a-stone-versatile\\\/\",\"name\":\"A Stick And A Stone - Versatile &#8212; El Garaje de Frank\",\"isPartOf\":{\"@id\":\"https:\\\/\\\/elgarajedefrank.es\\\/fr\\\/#website\"},\"primaryImageOfPage\":{\"@id\":\"https:\\\/\\\/elgarajedefrank.es\\\/fr\\\/a-stick-and-a-stone-versatile\\\/#primaryimage\"},\"image\":{\"@id\":\"https:\\\/\\\/elgarajedefrank.es\\\/fr\\\/a-stick-and-a-stone-versatile\\\/#primaryimage\"},\"thumbnailUrl\":\"https:\\\/\\\/elgarajedefrank.es\\\/wp-content\\\/uploads\\\/2021\\\/05\\\/a1736631835_10.jpg\",\"datePublished\":\"2021-05-20T13:45:16+00:00\",\"dateModified\":\"2022-04-13T20:10:33+00:00\",\"breadcrumb\":{\"@id\":\"https:\\\/\\\/elgarajedefrank.es\\\/fr\\\/a-stick-and-a-stone-versatile\\\/#breadcrumb\"},\"inLanguage\":\"fr-FR\",\"potentialAction\":[{\"@type\":\"ReadAction\",\"target\":[\"https:\\\/\\\/elgarajedefrank.es\\\/fr\\\/a-stick-and-a-stone-versatile\\\/\"]}]},{\"@type\":\"ImageObject\",\"inLanguage\":\"fr-FR\",\"@id\":\"https:\\\/\\\/elgarajedefrank.es\\\/fr\\\/a-stick-and-a-stone-versatile\\\/#primaryimage\",\"url\":\"https:\\\/\\\/elgarajedefrank.es\\\/wp-content\\\/uploads\\\/2021\\\/05\\\/a1736631835_10.jpg\",\"contentUrl\":\"https:\\\/\\\/elgarajedefrank.es\\\/wp-content\\\/uploads\\\/2021\\\/05\\\/a1736631835_10.jpg\",\"width\":1200,\"height\":1200},{\"@type\":\"BreadcrumbList\",\"@id\":\"https:\\\/\\\/elgarajedefrank.es\\\/fr\\\/a-stick-and-a-stone-versatile\\\/#breadcrumb\",\"itemListElement\":[{\"@type\":\"ListItem\",\"position\":1,\"name\":\"Inicio\",\"item\":\"https:\\\/\\\/elgarajedefrank.es\\\/fr\\\/\"},{\"@type\":\"ListItem\",\"position\":2,\"name\":\"Critiques\",\"item\":\"https:\\\/\\\/elgarajedefrank.es\\\/fr\\\/category\\\/critiques\\\/\"},{\"@type\":\"ListItem\",\"position\":3,\"name\":\"A Stick And A Stone &#8211; Versatile\"}]},{\"@type\":\"WebSite\",\"@id\":\"https:\\\/\\\/elgarajedefrank.es\\\/fr\\\/#website\",\"url\":\"https:\\\/\\\/elgarajedefrank.es\\\/fr\\\/\",\"name\":\"El Garaje de Frank\",\"description\":\"Music magazine\",\"publisher\":{\"@id\":\"https:\\\/\\\/elgarajedefrank.es\\\/fr\\\/#\\\/schema\\\/person\\\/d709c9c33f5f405d44c6c9397889ba15\"},\"potentialAction\":[{\"@type\":\"SearchAction\",\"target\":{\"@type\":\"EntryPoint\",\"urlTemplate\":\"https:\\\/\\\/elgarajedefrank.es\\\/fr\\\/?s={search_term_string}\"},\"query-input\":{\"@type\":\"PropertyValueSpecification\",\"valueRequired\":true,\"valueName\":\"search_term_string\"}}],\"inLanguage\":\"fr-FR\"},{\"@type\":[\"Person\",\"Organization\"],\"@id\":\"https:\\\/\\\/elgarajedefrank.es\\\/fr\\\/#\\\/schema\\\/person\\\/d709c9c33f5f405d44c6c9397889ba15\",\"name\":\"Fran\u00e7ois Zappa\",\"image\":{\"@type\":\"ImageObject\",\"inLanguage\":\"fr-FR\",\"@id\":\"https:\\\/\\\/elgarajedefrank.es\\\/wp-content\\\/uploads\\\/2019\\\/10\\\/IMG_8278-150x150.jpg\",\"url\":\"https:\\\/\\\/elgarajedefrank.es\\\/wp-content\\\/uploads\\\/2019\\\/10\\\/IMG_8278-150x150.jpg\",\"contentUrl\":\"https:\\\/\\\/elgarajedefrank.es\\\/wp-content\\\/uploads\\\/2019\\\/10\\\/IMG_8278-150x150.jpg\",\"caption\":\"Fran\u00e7ois Zappa\"},\"logo\":{\"@id\":\"https:\\\/\\\/elgarajedefrank.es\\\/wp-content\\\/uploads\\\/2019\\\/10\\\/IMG_8278-150x150.jpg\"},\"sameAs\":[\"https:\\\/\\\/www.facebook.com\\\/elgarajedefrank\\\/\",\"https:\\\/\\\/www.instagram.com\\\/elgarajedefrank\\\/\"]},{\"@type\":\"Person\",\"@id\":\"https:\\\/\\\/elgarajedefrank.es\\\/fr\\\/#\\\/schema\\\/person\\\/932e7af0e10923e11c6df46dfb2c56fc\",\"name\":\"R\u00e9mi\",\"image\":{\"@type\":\"ImageObject\",\"inLanguage\":\"fr-FR\",\"@id\":\"https:\\\/\\\/elgarajedefrank.es\\\/wp-content\\\/uploads\\\/2020\\\/09\\\/12647153_10206584667508022_8976155728383291449_n-150x150.jpg\",\"url\":\"https:\\\/\\\/elgarajedefrank.es\\\/wp-content\\\/uploads\\\/2020\\\/09\\\/12647153_10206584667508022_8976155728383291449_n-150x150.jpg\",\"contentUrl\":\"https:\\\/\\\/elgarajedefrank.es\\\/wp-content\\\/uploads\\\/2020\\\/09\\\/12647153_10206584667508022_8976155728383291449_n-150x150.jpg\",\"caption\":\"R\u00e9mi\"},\"sameAs\":[\"https:\\\/\\\/remi-sauze.fr\\\/\",\"https:\\\/\\\/www.youtube.com\\\/channel\\\/UCaORJH6J9ySylWnhNe3Z5PA\",\"https:\\\/\\\/soundcloud.com\\\/remi-sauze\"]}]}<\/script>\n<!-- \/ Yoast SEO plugin. -->","yoast_head_json":{"title":"A Stick And A Stone - Versatile &#8212; El Garaje de Frank","robots":{"index":"index","follow":"follow","max-snippet":"max-snippet:-1","max-image-preview":"max-image-preview:large","max-video-preview":"max-video-preview:-1"},"canonical":"https:\/\/elgarajedefrank.es\/fr\/a-stick-and-a-stone-versatile\/","og_locale":"fr_FR","og_type":"article","og_title":"A Stick And A Stone - Versatile &#8212; El Garaje de Frank","og_description":"Quatri\u00e8me album de A Stick And A Stone, Versatile explore un univers avant-gardiste peu commun,&hellip;","og_url":"https:\/\/elgarajedefrank.es\/fr\/a-stick-and-a-stone-versatile\/","og_site_name":"El Garaje de Frank","article_publisher":"https:\/\/www.facebook.com\/elgarajedefrank\/","article_published_time":"2021-05-20T13:45:16+00:00","article_modified_time":"2022-04-13T20:10:33+00:00","og_image":[{"width":1200,"height":1200,"url":"https:\/\/elgarajedefrank.es\/wp-content\/uploads\/2021\/05\/a1736631835_10.jpg","type":"image\/jpeg"}],"author":"R\u00e9mi","twitter_card":"summary_large_image","twitter_misc":{"\u00c9crit par":"R\u00e9mi","Dur\u00e9e de lecture estim\u00e9e":"2 minutes"},"schema":{"@context":"https:\/\/schema.org","@graph":[{"@type":"Article","@id":"https:\/\/elgarajedefrank.es\/fr\/a-stick-and-a-stone-versatile\/#article","isPartOf":{"@id":"https:\/\/elgarajedefrank.es\/fr\/a-stick-and-a-stone-versatile\/"},"author":{"name":"R\u00e9mi","@id":"https:\/\/elgarajedefrank.es\/fr\/#\/schema\/person\/932e7af0e10923e11c6df46dfb2c56fc"},"headline":"A Stick And A Stone &#8211; Versatile","datePublished":"2021-05-20T13:45:16+00:00","dateModified":"2022-04-13T20:10:33+00:00","mainEntityOfPage":{"@id":"https:\/\/elgarajedefrank.es\/fr\/a-stick-and-a-stone-versatile\/"},"wordCount":423,"commentCount":0,"publisher":{"@id":"https:\/\/elgarajedefrank.es\/fr\/#\/schema\/person\/d709c9c33f5f405d44c6c9397889ba15"},"image":{"@id":"https:\/\/elgarajedefrank.es\/fr\/a-stick-and-a-stone-versatile\/#primaryimage"},"thumbnailUrl":"https:\/\/elgarajedefrank.es\/wp-content\/uploads\/2021\/05\/a1736631835_10.jpg","keywords":["Dark Folk","Musique exp\u00e9rimentale"],"articleSection":["Critiques","Reviews"],"inLanguage":"fr-FR","potentialAction":[{"@type":"CommentAction","name":"Comment","target":["https:\/\/elgarajedefrank.es\/fr\/a-stick-and-a-stone-versatile\/#respond"]}]},{"@type":"WebPage","@id":"https:\/\/elgarajedefrank.es\/fr\/a-stick-and-a-stone-versatile\/","url":"https:\/\/elgarajedefrank.es\/fr\/a-stick-and-a-stone-versatile\/","name":"A Stick And A Stone - Versatile &#8212; El Garaje de Frank","isPartOf":{"@id":"https:\/\/elgarajedefrank.es\/fr\/#website"},"primaryImageOfPage":{"@id":"https:\/\/elgarajedefrank.es\/fr\/a-stick-and-a-stone-versatile\/#primaryimage"},"image":{"@id":"https:\/\/elgarajedefrank.es\/fr\/a-stick-and-a-stone-versatile\/#primaryimage"},"thumbnailUrl":"https:\/\/elgarajedefrank.es\/wp-content\/uploads\/2021\/05\/a1736631835_10.jpg","datePublished":"2021-05-20T13:45:16+00:00","dateModified":"2022-04-13T20:10:33+00:00","breadcrumb":{"@id":"https:\/\/elgarajedefrank.es\/fr\/a-stick-and-a-stone-versatile\/#breadcrumb"},"inLanguage":"fr-FR","potentialAction":[{"@type":"ReadAction","target":["https:\/\/elgarajedefrank.es\/fr\/a-stick-and-a-stone-versatile\/"]}]},{"@type":"ImageObject","inLanguage":"fr-FR","@id":"https:\/\/elgarajedefrank.es\/fr\/a-stick-and-a-stone-versatile\/#primaryimage","url":"https:\/\/elgarajedefrank.es\/wp-content\/uploads\/2021\/05\/a1736631835_10.jpg","contentUrl":"https:\/\/elgarajedefrank.es\/wp-content\/uploads\/2021\/05\/a1736631835_10.jpg","width":1200,"height":1200},{"@type":"BreadcrumbList","@id":"https:\/\/elgarajedefrank.es\/fr\/a-stick-and-a-stone-versatile\/#breadcrumb","itemListElement":[{"@type":"ListItem","position":1,"name":"Inicio","item":"https:\/\/elgarajedefrank.es\/fr\/"},{"@type":"ListItem","position":2,"name":"Critiques","item":"https:\/\/elgarajedefrank.es\/fr\/category\/critiques\/"},{"@type":"ListItem","position":3,"name":"A Stick And A Stone &#8211; Versatile"}]},{"@type":"WebSite","@id":"https:\/\/elgarajedefrank.es\/fr\/#website","url":"https:\/\/elgarajedefrank.es\/fr\/","name":"El Garaje de Frank","description":"Music magazine","publisher":{"@id":"https:\/\/elgarajedefrank.es\/fr\/#\/schema\/person\/d709c9c33f5f405d44c6c9397889ba15"},"potentialAction":[{"@type":"SearchAction","target":{"@type":"EntryPoint","urlTemplate":"https:\/\/elgarajedefrank.es\/fr\/?s={search_term_string}"},"query-input":{"@type":"PropertyValueSpecification","valueRequired":true,"valueName":"search_term_string"}}],"inLanguage":"fr-FR"},{"@type":["Person","Organization"],"@id":"https:\/\/elgarajedefrank.es\/fr\/#\/schema\/person\/d709c9c33f5f405d44c6c9397889ba15","name":"Fran\u00e7ois Zappa","image":{"@type":"ImageObject","inLanguage":"fr-FR","@id":"https:\/\/elgarajedefrank.es\/wp-content\/uploads\/2019\/10\/IMG_8278-150x150.jpg","url":"https:\/\/elgarajedefrank.es\/wp-content\/uploads\/2019\/10\/IMG_8278-150x150.jpg","contentUrl":"https:\/\/elgarajedefrank.es\/wp-content\/uploads\/2019\/10\/IMG_8278-150x150.jpg","caption":"Fran\u00e7ois Zappa"},"logo":{"@id":"https:\/\/elgarajedefrank.es\/wp-content\/uploads\/2019\/10\/IMG_8278-150x150.jpg"},"sameAs":["https:\/\/www.facebook.com\/elgarajedefrank\/","https:\/\/www.instagram.com\/elgarajedefrank\/"]},{"@type":"Person","@id":"https:\/\/elgarajedefrank.es\/fr\/#\/schema\/person\/932e7af0e10923e11c6df46dfb2c56fc","name":"R\u00e9mi","image":{"@type":"ImageObject","inLanguage":"fr-FR","@id":"https:\/\/elgarajedefrank.es\/wp-content\/uploads\/2020\/09\/12647153_10206584667508022_8976155728383291449_n-150x150.jpg","url":"https:\/\/elgarajedefrank.es\/wp-content\/uploads\/2020\/09\/12647153_10206584667508022_8976155728383291449_n-150x150.jpg","contentUrl":"https:\/\/elgarajedefrank.es\/wp-content\/uploads\/2020\/09\/12647153_10206584667508022_8976155728383291449_n-150x150.jpg","caption":"R\u00e9mi"},"sameAs":["https:\/\/remi-sauze.fr\/","https:\/\/www.youtube.com\/channel\/UCaORJH6J9ySylWnhNe3Z5PA","https:\/\/soundcloud.com\/remi-sauze"]}]}},"_links":{"self":[{"href":"https:\/\/elgarajedefrank.es\/fr\/wp-json\/wp\/v2\/posts\/32184","targetHints":{"allow":["GET"]}}],"collection":[{"href":"https:\/\/elgarajedefrank.es\/fr\/wp-json\/wp\/v2\/posts"}],"about":[{"href":"https:\/\/elgarajedefrank.es\/fr\/wp-json\/wp\/v2\/types\/post"}],"author":[{"embeddable":true,"href":"https:\/\/elgarajedefrank.es\/fr\/wp-json\/wp\/v2\/users\/5"}],"replies":[{"embeddable":true,"href":"https:\/\/elgarajedefrank.es\/fr\/wp-json\/wp\/v2\/comments?post=32184"}],"version-history":[{"count":0,"href":"https:\/\/elgarajedefrank.es\/fr\/wp-json\/wp\/v2\/posts\/32184\/revisions"}],"wp:featuredmedia":[{"embeddable":true,"href":"https:\/\/elgarajedefrank.es\/fr\/wp-json\/wp\/v2\/media\/32198"}],"wp:attachment":[{"href":"https:\/\/elgarajedefrank.es\/fr\/wp-json\/wp\/v2\/media?parent=32184"}],"wp:term":[{"taxonomy":"category","embeddable":true,"href":"https:\/\/elgarajedefrank.es\/fr\/wp-json\/wp\/v2\/categories?post=32184"},{"taxonomy":"post_tag","embeddable":true,"href":"https:\/\/elgarajedefrank.es\/fr\/wp-json\/wp\/v2\/tags?post=32184"}],"curies":[{"name":"wp","href":"https:\/\/api.w.org\/{rel}","templated":true}]}}