{"id":3196,"date":"2019-02-22T12:19:50","date_gmt":"2019-02-22T11:19:50","guid":{"rendered":"http:\/\/elgarajedefrank.es\/?p=3196"},"modified":"2023-08-17T18:58:19","modified_gmt":"2023-08-17T16:58:19","slug":"interview-lebanon-hanover","status":"publish","type":"post","link":"https:\/\/elgarajedefrank.es\/fr\/interview-lebanon-hanover\/","title":{"rendered":"Interview : Lebanon Hanover"},"content":{"rendered":"<p><span style=\"font-family: georgia, palatino, serif; font-size: 12pt;\"><strong><b>Lebanon Hanover est, sans aucun doute possible, l&#8217;un des groupes les plus importants de la sc\u00e8ne gothique actuelle. Le duo a revitalis\u00e9 la coldwave en 5 albums regorgeant de beaut\u00e9 et de froideur qu&#8217;ils r\u00e9ussissent \u00e0 transmettre m\u00eame dans l&#8217;interview. Ils joueront au W Festival le vendredi 16 ao\u00fbt. Au diable le r\u00e9chauffement climatique, gr\u00e2ce \u00e0 eux, le monde refroidit.<\/b><\/strong><\/span><\/p>\n<p><span style=\"font-family: georgia, palatino, serif; font-size: 12pt;\"><strong><img fetchpriority=\"high\" decoding=\"async\" class=\"size-medium wp-image-3275 alignleft\" src=\"http:\/\/elgarajedefrank.es\/wp-content\/uploads\/2019\/02\/Photo-polar-noire-300x284.jpg\" alt=\"\" width=\"300\" height=\"284\" srcset=\"https:\/\/elgarajedefrank.es\/wp-content\/uploads\/2019\/02\/Photo-polar-noire-300x284.jpg 300w, https:\/\/elgarajedefrank.es\/wp-content\/uploads\/2019\/02\/Photo-polar-noire-768x728.jpg 768w, https:\/\/elgarajedefrank.es\/wp-content\/uploads\/2019\/02\/Photo-polar-noire-585x554.jpg 585w, https:\/\/elgarajedefrank.es\/wp-content\/uploads\/2019\/02\/Photo-polar-noire.jpg 952w\" sizes=\"(max-width: 300px) 100vw, 300px\" \/>\u2014Lebanon Hanover est un lieu aux \u00c9tats-Unis. Pourquoi avoir choisi ce nom pour votre groupe ? \u00cates-vous all\u00e9s l\u00e0-bas ?<\/strong><\/span><\/p>\n<p><span style=\"font-family: georgia, palatino, serif; font-size: 12pt;\">\u2014<strong>Larissa :<\/strong> Je suis pass\u00e9e par cet endroit en voiture en 2010 et j\u2019ai aim\u00e9 son c\u00f4t\u00e9 abstrait.<\/span><\/p>\n<p><span style=\"font-family: georgia, palatino, serif; font-size: 12pt;\"><strong>\u2014Comment vous \u00eates-vous rencontr\u00e9 la premi\u00e8re fois ?<\/strong><\/span><\/p>\n<p><span style=\"font-family: georgia, palatino, serif; font-size: 12pt;\">\u2014<strong>William :<\/strong> On \u00e9tait des voisins de Last.fm et on s\u2019est rencontr\u00e9s quelques semaines plus tard \u00e0 Sunderland.<\/span><\/p>\n<p><span style=\"font-family: georgia, palatino, serif; font-size: 12pt;\"><strong>\u2014Vous avez enregistr\u00e9 vos chansons \u00e0 c\u00f4t\u00e9 de Newcastle. Larissa, vous avez dit que vous trouviez cet endroit \u00ab sans vie \u00bb. Selon vous, de quelle fa\u00e7on l\u2019endroit o\u00f9 vous vivez influence la musique que vous composez ? Maintenant, vous vivez en Allemagne, mais avant vous viviez au Royaume-Uni. Pensez-vous que cela a chang\u00e9 votre fa\u00e7on de composer ?<\/strong><\/span><\/p>\n<p><span style=\"font-family: georgia, palatino, serif; font-size: 12pt;\">\u2014<strong>L :<\/strong> Sunderland et Newcastle ont une atmosph\u00e8re rude. \u00c7a nous a beaucoup affect\u00e9s. Parfois, on se sentait menac\u00e9s dans la rue et on avait peur de sortir de chez nous. Alors derni\u00e8rement, on restait \u00e0 l\u2019int\u00e9rieur, on buvait du th\u00e9 et on composait, ce qui nous a men\u00e9s \u00e0 une p\u00e9riode plut\u00f4t productive.<\/span><\/p>\n<p><span style=\"font-family: georgia, palatino, serif; font-size: 12pt;\"><strong>\u2014Lorsque vous \u00e9crivez vos chansons, canalisez-vous une certaine humeur ou pensez-vous qu\u2019elles sont le reflet de ce que vous ressentez en g\u00e9n\u00e9ral ?<\/strong><\/span><\/p>\n<p><span style=\"font-family: georgia, palatino, serif; font-size: 12pt;\">\u2014<strong>L :<\/strong> Normalement, je ressens exactement ce qui est mentionn\u00e9 dans la musique.<\/span><\/p>\n<p><span style=\"font-family: georgia, palatino, serif; font-size: 12pt;\"><strong>\u2014Je n\u2019ai rien trouv\u00e9 de Lebanon Hanover sur Allmusic, \u00e7a m\u2019a vraiment surpris, peut-\u00eatre parce que votre label est grec ?<\/strong><\/span><\/p>\n<p><span style=\"font-family: georgia, palatino, serif; font-size: 12pt;\">\u2014<strong>W :<\/strong> Je n\u2019ai jamais entendu parler de Allmusic.<\/span><\/p>\n<p><span style=\"font-family: georgia, palatino, serif; font-size: 12pt;\"><strong>\u2014Lorsqu\u2019on parle de votre musique, la coldwave fran\u00e7aise est toujours mentionn\u00e9e. Aimez-vous Asylum Party, Marquis de Sade, Martin Dupont ou Charles de Goal ?<\/strong><\/span><\/p>\n<p><span style=\"font-family: georgia, palatino, serif; font-size: 12pt;\">\u2014<strong>L :<\/strong> J\u2019aime ces groupes, mais <strong>Trop Tard<\/strong>, <strong>Guerre Froide<\/strong> et <strong>Trisomie 21<\/strong> sont mes pr\u00e9f\u00e9r\u00e9s.<\/span><\/p>\n<p><span style=\"font-family: georgia, palatino, serif; font-size: 12pt;\"><strong>\u2014Surtout au d\u00e9but (et dans le dernier album), on peut entendre une forte influence de The Cure, principalement \u00e0 cause du son de la basse. Simon Gallup vous a-t-il influenc\u00e9s ?<\/strong><\/span><\/p>\n<p><span style=\"font-family: georgia, palatino, serif; font-size: 12pt;\">\u2014<strong>W :<\/strong> Peut-\u00eatre que oui, quelque part au fond de nous.<\/span><\/p>\n<p><span style=\"font-family: georgia, palatino, serif; font-size: 12pt;\"><strong>\u2014Comment choisissez-vous de chanter en anglais ou en allemand dans des chansons comme \u00ab Hall of Ice \u00bb ou \u00ab Gallowdance \u00bb ?<\/strong><\/span><\/p>\n<p><span style=\"font-family: georgia, palatino, serif; font-size: 12pt;\">\u2014<strong>L :<\/strong> Dans \u00ab Gallowdance \u00bb, j\u2019ai ressenti le besoin d\u2019utiliser ma langue maternelle. De cette mani\u00e8re, les Allemands ressentent la chanson au plus profond d\u2019eux-m\u00eames. G\u00e9n\u00e9ralement, je suis une esth\u00e8te des mots. Je suis toujours \u00e0 la recherche de beaux mots. Certains sont plus jolis en allemand ou en anglais. Par exemple,\u00a0<em>Eiskunstlaufen<\/em> est beaucoup plus beau que <em>ice skating<\/em>.<\/span><\/p>\n<p><span style=\"font-family: georgia, palatino, serif; font-size: 12pt;\"><strong>\u2014Le groupe a commenc\u00e9 avec un split avec La F\u00eate Triste, sorti uniquement sur cassette, une \u00e9dition limit\u00e9e \u00e0 55 exemplaires. Pouvez-vous nous en dire plus ? J\u2019ai lu que vous n\u2019\u00e9tiez pas sp\u00e9cialement des amis de La F\u00eate Triste. Pensez-vous ressortir ce split ?<img decoding=\"async\" class=\"size-medium wp-image-3281 alignright\" src=\"http:\/\/elgarajedefrank.es\/wp-content\/uploads\/2019\/02\/marquispiX-300x197.jpg\" alt=\"\" width=\"300\" height=\"197\" srcset=\"https:\/\/elgarajedefrank.es\/wp-content\/uploads\/2019\/02\/marquispiX-300x197.jpg 300w, https:\/\/elgarajedefrank.es\/wp-content\/uploads\/2019\/02\/marquispiX-585x385.jpg 585w, https:\/\/elgarajedefrank.es\/wp-content\/uploads\/2019\/02\/marquispiX.jpg 632w\" sizes=\"(max-width: 300px) 100vw, 300px\" \/><\/strong><\/span><\/p>\n<p><span style=\"font-family: georgia, palatino, serif; font-size: 12pt;\">\u2014<strong>L :<\/strong> C\u2019\u00e9tait la premi\u00e8re offre de publication qu\u2019on a eue. Je ne referai probablement pas de split, mais \u00e0 l\u2019\u00e9poque, notre groupe \u00e9tait si petit, et on avait tellement envie de sortir une chanson sur un support physique.<\/span><\/p>\n<p><span style=\"font-family: georgia, palatino, serif; font-size: 12pt;\"><strong>\u2014Dans votre premier split, on peut d\u00e9tecter une certaine touche d\u2019humour dans le titre de certaines de vos chansons, comme\u00a0\u00ab Schwarzenegger Tears. \u00bb Est-ce \u00e9galement le cas de \u00ab Fuck 2010, Fuck the Future, Fuck Everybody \u00bb, ou vous \u00e9tiez juste en col\u00e8re ?<\/strong><\/span><\/p>\n<p><span style=\"font-family: georgia, palatino, serif; font-size: 12pt;\">\u2014<strong>L :<\/strong> \u00c0 22 ans, je devais vraiment \u00eatre en col\u00e8re.<\/span><\/p>\n<p><span style=\"font-family: georgia, palatino, serif; font-size: 12pt;\"><strong>\u2014Apr\u00e8s 5 albums, que pensez-vous maintenant de<em>\u00a0The World is Getting Colder<\/em>, l\u2019\u00e9coutez-vous toujours ?<\/strong><\/span><\/p>\n<p><span style=\"font-family: georgia, palatino, serif; font-size: 12pt;\">\u2014<strong>W :<\/strong> C\u2019est une grande encapsulation d\u2019une p\u00e9riode o\u00f9 tout \u00e9tait nouveau. Pour nous, il aura toujours une certaine \u00e9nergie, mais c\u2019est vrai que je ne l\u2019\u00e9coute plus.<\/span><\/p>\n<p><span style=\"font-family: georgia, palatino, serif; font-size: 12pt;\">\u2014<strong>L :<\/strong> Je ne l\u2019\u00e9coute plus non plus.<\/span><\/p>\n<p><span style=\"font-family: georgia, palatino, serif; font-size: 12pt;\"><strong>\u2014Je vois que\u00a0<em>Why Not Just Be Solo<\/em>, sorti en 2012, repr\u00e9sente un grand pas en avant. Pouvez-vous nous en dire plus sur l\u2019enregistrement de l\u2019album ? Vous jouez toujours beaucoup de ses chansons.<\/strong><\/span><\/p>\n<p><span style=\"font-family: georgia, palatino, serif; font-size: 12pt;\">\u2014<strong>L :<\/strong> Tout comme nos trois premiers albums, c\u2019est un enregistrement classique maison de <strong>Lebanon Hanover<\/strong>. Cet album, ses paroles honn\u00eates et son atmosph\u00e8re plus sombre me parlent toujours.<\/span><\/p>\n<p><span style=\"font-family: georgia, palatino, serif; font-size: 12pt;\"><strong><img decoding=\"async\" class=\"size-medium wp-image-3295 alignleft\" src=\"http:\/\/elgarajedefrank.es\/wp-content\/uploads\/2019\/02\/a2748463575_10-300x300.jpg\" alt=\"\" width=\"300\" height=\"300\" srcset=\"https:\/\/elgarajedefrank.es\/wp-content\/uploads\/2019\/02\/a2748463575_10-300x300.jpg 300w, https:\/\/elgarajedefrank.es\/wp-content\/uploads\/2019\/02\/a2748463575_10-150x150.jpg 150w, https:\/\/elgarajedefrank.es\/wp-content\/uploads\/2019\/02\/a2748463575_10-768x768.jpg 768w, https:\/\/elgarajedefrank.es\/wp-content\/uploads\/2019\/02\/a2748463575_10-1024x1024.jpg 1024w, https:\/\/elgarajedefrank.es\/wp-content\/uploads\/2019\/02\/a2748463575_10-1170x1170.jpg 1170w, https:\/\/elgarajedefrank.es\/wp-content\/uploads\/2019\/02\/a2748463575_10-585x585.jpg 585w, https:\/\/elgarajedefrank.es\/wp-content\/uploads\/2019\/02\/a2748463575_10.jpg 1200w\" sizes=\"(max-width: 300px) 100vw, 300px\" \/>\u2014<em>Tomb for Two<\/em> est sorti un an plus tard. Pensez-vous que les chansons sont plus accrocheuses ? \u00bb Hall of Ice&#8221; est l\u2019une des chansons les plus accrocheuses que vous ayez jamais enregistr\u00e9es.<\/strong><\/span><\/p>\n<p><span style=\"font-family: georgia, palatino, serif; font-size: 12pt;\">\u2014<strong>L :<\/strong> Les morceaux sont paisibles, plus courts et combin\u00e9s \u00e0 des sons de synth\u00e9s m\u00e9lodiques. Ils sont plus accrocheurs que <em>Solo<\/em> et <em>Abyss.<\/em><\/span><\/p>\n<p><span style=\"font-family: georgia, palatino, serif; font-size: 12pt;\"><strong>\u2014Vous avez enregistr\u00e9 <em>Besides the Abyss<\/em>, sorti en 2015, dans un studio professionnel. Pensez-vous avoir \u00e9t\u00e9 plus libre au cours de l\u2019\u00e9criture des chansons, gr\u00e2ce au fait de savoir que l\u2019enregistrement allait \u00eatre plus facile, parce que vous aviez plus de ressources ?<\/strong><\/span><\/p>\n<p><span style=\"font-family: georgia, palatino, serif; font-size: 12pt;\">\u2014<strong>L :<\/strong> \u00c7a nous a vraiment aid\u00e9s d\u2019avoir acc\u00e8s aux ressources du studio comme le saxophone, la semi-acoustique et les synth\u00e9s auxquels on n\u2019avait pas acc\u00e8s jusqu\u2019alors. Le processus d\u2019\u00e9criture n\u2019a pas \u00e9t\u00e9 si diff\u00e9rent des autres albums, car William et moi avons produit et construit l\u2019album ainsi que ses structures comme d\u2019habitude.<\/span><\/p>\n<p><span style=\"font-family: georgia, palatino, serif; font-size: 12pt;\"><strong>\u2014Dans votre EP <em>Babes of the 80s<\/em>, sorti en 2016, la pochette et la musique ont l\u2019air moins sombres. \u00c9tait-ce un projet con\u00e7u pour la piste de danse ? Il existe quelques remix, l\u2019un de She Past Away et un autre de l\u2019artiste italien Tobias Bernstrup. Je crois avoir lu que les remix ne vous int\u00e9ressent pas vraiment, n\u2019est-ce pas ?<\/strong><\/span><\/p>\n<p><span style=\"font-family: georgia, palatino, serif; font-size: 12pt;\">\u2014<strong>L :<\/strong> L\u2019italo des ann\u00e9es 80 est extraordinaire ! Les remix nous int\u00e9ressent, mais \u00e7a d\u00e9pend de qui en est l\u2019auteur et de leur style.<\/span><\/p>\n<p><span style=\"font-family: georgia, palatino, serif; font-size: 12pt;\"><strong>\u2014<em>Let Them Be Alien<\/em>, votre dernier album, sort en 2018. Votre EP de 2016 \u00e9tait-il une influence pour ce disque ? Je crois qu\u2019il est plus lumineux que vos albums pr\u00e9c\u00e9dents, et certains rythmes sont moins minimaux.<\/strong><\/span><\/p>\n<p><span style=\"font-family: georgia, palatino, serif; font-size: 12pt;\">\u2014<strong>L :<\/strong> En fait, on voulait composer un album compl\u00e8tement old school typique de <strong>Lebanon Hanover<\/strong> pour r\u00e9sumer notre travail de 2010 \u00e0 2018.<\/span><\/p>\n<p><span style=\"font-family: georgia, palatino, serif; font-size: 12pt;\"><strong>\u2014L\u2019ann\u00e9e derni\u00e8re, vous avez jou\u00e9 au\u00a0Montreux Jazz Festival. Comment avez-vous v\u00e9cu cette exp\u00e9rience, o\u00f9 vous avez jou\u00e9 dans un festival plus mainstream ? \u00c9tait-ce l\u2019occasion d\u2019atteindre un public diff\u00e9rent ?<\/strong><\/span><\/p>\n<p><span style=\"font-family: georgia, palatino, serif; font-size: 12pt;\">\u2014<strong>L :<\/strong> J\u2019ai ador\u00e9, mais je ne suis pas s\u00fbre qu\u2019on ait atteint un public diff\u00e9rent. Tout le monde se trouvait \u00e0 la grosse sc\u00e8ne ext\u00e9rieure tandis que la n\u00f4tre \u00e9tait plus intime et se trouvait \u00e0 l\u2019int\u00e9rieur.<\/span><\/p>\n<p><span style=\"font-family: georgia, palatino, serif; font-size: 12pt;\"><strong>\u2014Vous avez tourn\u00e9 dans le monde entier, derni\u00e8rement. Une anecdote amusante \u00e0 nous raconter ?<\/strong><\/span><\/p>\n<p><span style=\"font-family: georgia, palatino, serif; font-size: 12pt;\">\u2014<strong>L :<\/strong> \u00c0 Moscou, le r\u00e9ceptionniste d\u2019un h\u00f4tel nous a reconnus, a pr\u00e9par\u00e9 un rideau pour se faire prendre en photo avec nous. Le jour suivant, il nous a apport\u00e9 un vinyle de Kino. Une exp\u00e9rience m\u00e9morable !<\/span><\/p>\n<p><span style=\"font-family: georgia, palatino, serif; font-size: 12pt;\"><strong>\u2014De quelles chansons vous sentez-vous les plus fiers ?<\/strong><\/span><\/p>\n<p><span style=\"font-family: georgia, palatino, serif; font-size: 12pt;\">\u2014<strong>W :<\/strong> \u00ab Petals \u00bb, \u00ab True Romantics \u00bb<\/span><\/p>\n<p><span style=\"font-family: georgia, palatino, serif; font-size: 12pt;\">\u2014<strong>L :<\/strong> \u00ab Saddest smile \u00bb<\/span><\/p>\n<p><span style=\"font-family: georgia, palatino, serif; font-size: 12pt;\"><strong>\u2014Vous tournez vos propres vid\u00e9os. O\u00f9 trouvez-vous vos id\u00e9es et comment les filmez-vous ?<\/strong><\/span><\/p>\n<p><span style=\"font-family: georgia, palatino, serif; font-size: 12pt;\">\u2014<strong>L :<\/strong> Je m\u2019inspire de lieux de la vie de tous les jours. Parfois, je visualise une vid\u00e9o juste apr\u00e8s avoir compos\u00e9 un morceau. Par contre, on n\u2019utilise pas toutes ces id\u00e9es pour les vid\u00e9os. Les vid\u00e9os ont \u00e9t\u00e9 film\u00e9es avec un tr\u00e8s petit budget. Des amis utilisant des VHS ou de simples cam\u00e9ras de poche nous ont aid\u00e9s.<\/span><\/p>\n<p><span style=\"font-family: georgia, palatino, serif; font-size: 12pt;\"><b>\u2014Comment d\u00e9cririez-vous votre relation avec Fabrika Records ? Ils ont aussi sorti les \u0153uvres\u00a0de Die Selektion, et nous allons bient\u00f4t les interviewer. Mais vous sortez vos CD avec Dead Scarlet Records. Est-ce difficile de travailler avec deux labels diff\u00e9rents ?<\/b><\/span><\/p>\n<p><span style=\"font-family: georgia, palatino, serif; font-size: 12pt;\">\u2014<strong>L :<\/strong> Ce sont plus que des amis. On a \u00e9tabli un puissant lien. Fabrika Records est un label pour vinyles. Mais \u00e9tant donn\u00e9 la forte demande en CD, les m\u00eames personnes s\u2019occupent \u00e9galement de Dead Scarlet, qui se sp\u00e9cialise dans les CD.<\/span><\/p>\n<p><span style=\"font-family: georgia, palatino, serif; font-size: 12pt;\"><strong>\u2014 Vous avez sorti une version sur cassette de votre dernier album. Est-ce une id\u00e9e romantique ou nostalgique ?<img loading=\"lazy\" decoding=\"async\" class=\"size-medium wp-image-3298 alignright\" src=\"http:\/\/elgarajedefrank.es\/wp-content\/uploads\/2019\/02\/a4170177634_10-300x300.jpg\" alt=\"\" width=\"300\" height=\"300\" srcset=\"https:\/\/elgarajedefrank.es\/wp-content\/uploads\/2019\/02\/a4170177634_10-300x300.jpg 300w, https:\/\/elgarajedefrank.es\/wp-content\/uploads\/2019\/02\/a4170177634_10-150x150.jpg 150w, https:\/\/elgarajedefrank.es\/wp-content\/uploads\/2019\/02\/a4170177634_10-768x768.jpg 768w, https:\/\/elgarajedefrank.es\/wp-content\/uploads\/2019\/02\/a4170177634_10-1024x1024.jpg 1024w, https:\/\/elgarajedefrank.es\/wp-content\/uploads\/2019\/02\/a4170177634_10-1170x1170.jpg 1170w, https:\/\/elgarajedefrank.es\/wp-content\/uploads\/2019\/02\/a4170177634_10-585x585.jpg 585w, https:\/\/elgarajedefrank.es\/wp-content\/uploads\/2019\/02\/a4170177634_10.jpg 1200w\" sizes=\"(max-width: 300px) 100vw, 300px\" \/><\/strong><\/span><\/p>\n<p><span style=\"font-family: georgia, palatino, serif; font-size: 12pt;\">\u2014<strong>L :<\/strong> On a tous les deux des lecteurs cassette.<\/span><\/p>\n<p><span style=\"font-family: georgia, palatino, serif; font-size: 12pt;\"><strong>\u2014Qual est l\u2019autre projet de William. Vous avez sorti un deuxi\u00e8me album l\u2019ann\u00e9e derni\u00e8re, c\u2019est \u00e7a ? Comment choisissez-vous de sortir une chanson sous le nom de Lebanon Hanover ou de Qual ?<\/strong><\/span><\/p>\n<p><span style=\"font-family: georgia, palatino, serif; font-size: 12pt;\">\u2014<strong>W :<\/strong> On sort les morceaux en temps voulu, le plus t\u00f4t possible. Ces deux projets sont s\u00e9par\u00e9s. Alors il est possible de sortir un morceau avec l\u2019un des deux.<\/span><\/p>\n<p><span style=\"font-family: georgia, palatino, serif; font-size: 12pt;\"><strong>\u2014Qu\u2019est-ce qu\u2019\u00eatre gothique au XXIe si\u00e8cle ?<\/strong><\/span><\/p>\n<p><span style=\"font-family: georgia, palatino, serif; font-size: 12pt;\">\u2014<strong>L :<\/strong> Je ne suis pas gothique, et \u00e7a serait beaucoup trop facile.<\/span><\/p>\n<p><span style=\"font-family: georgia, palatino, serif; font-size: 12pt;\">\u2014<strong>W :<\/strong> Je suis gothique par nature.<\/span><\/p>\n<p><span style=\"font-family: georgia, palatino, serif; font-size: 12pt;\"><strong>\u2014Que peut-on attendre de vous au W Festival ?<\/strong><\/span><\/p>\n<p><span style=\"font-family: georgia, palatino, serif; font-size: 12pt;\">\u2014<strong>W :<\/strong> Notre c\u0153ur.<\/span><\/p>\n<p><span style=\"font-family: georgia, palatino, serif; font-size: 12pt;\">Photos (dans l\u2019ordre) : \u00a9 Caroline Bonarde, Polar Noire, marquis(pi)X<\/span><\/p>\n<p><iframe title=\"Lebanon Hanover -- Gallowdance [official]\" width=\"1170\" height=\"878\" src=\"https:\/\/www.youtube.com\/embed\/WPw7nlluRdc?feature=oembed\" frameborder=\"0\" allow=\"accelerometer; autoplay; clipboard-write; encrypted-media; gyroscope; picture-in-picture; web-share\" allowfullscreen><\/iframe><\/p>\n","protected":false},"excerpt":{"rendered":"<p>Lebanon Hanover est, sans aucun doute possible, l&#8217;un des groupes les plus importants de la&hellip;<\/p>\n","protected":false},"author":1,"featured_media":3326,"comment_status":"open","ping_status":"open","sticky":false,"template":"","format":"standard","meta":{"_lmt_disableupdate":"","_lmt_disable":"","footnotes":""},"categories":[35],"tags":[306,420],"class_list":["post-3196","post","type-post","status-publish","format-standard","has-post-thumbnail","hentry","category-interviews-fr","tag-coldwave-fr","tag-w-fest-fr"],"yoast_head":"<!-- This site is optimized with the Yoast SEO plugin v27.4 - https:\/\/yoast.com\/product\/yoast-seo-wordpress\/ -->\n<title>Interview : Lebanon Hanover &#8212; El Garaje de Frank<\/title>\n<meta name=\"description\" content=\"Interview : Lebanon Hanover &#8212; Interview du duo de dark wave Lebanon Hanover qui jouera le vendredi au W Festival.\" \/>\n<meta name=\"robots\" content=\"index, follow, max-snippet:-1, max-image-preview:large, max-video-preview:-1\" \/>\n<link rel=\"canonical\" href=\"https:\/\/elgarajedefrank.es\/fr\/interview-lebanon-hanover\/\" \/>\n<meta property=\"og:locale\" content=\"fr_FR\" \/>\n<meta property=\"og:type\" content=\"article\" \/>\n<meta property=\"og:title\" content=\"Interview : Lebanon Hanover &#8212; El Garaje de Frank\" \/>\n<meta property=\"og:description\" content=\"Interview : Lebanon Hanover &#8212; Interview du duo de dark wave Lebanon Hanover qui jouera le vendredi au W Festival.\" \/>\n<meta property=\"og:url\" content=\"https:\/\/elgarajedefrank.es\/fr\/interview-lebanon-hanover\/\" \/>\n<meta property=\"og:site_name\" content=\"El Garaje de Frank\" \/>\n<meta property=\"article:publisher\" content=\"https:\/\/www.facebook.com\/elgarajedefrank\/\" \/>\n<meta property=\"article:author\" content=\"https:\/\/www.facebook.com\/elgarajedefrank\/\" \/>\n<meta property=\"article:published_time\" content=\"2019-02-22T11:19:50+00:00\" \/>\n<meta property=\"article:modified_time\" content=\"2023-08-17T16:58:19+00:00\" \/>\n<meta property=\"og:image\" content=\"https:\/\/elgarajedefrank.es\/wp-content\/uploads\/2019\/02\/lebanonhanover_pola3borderless-1-e1551012672251.jpg\" \/>\n\t<meta property=\"og:image:width\" content=\"650\" \/>\n\t<meta property=\"og:image:height\" content=\"663\" \/>\n\t<meta property=\"og:image:type\" content=\"image\/jpeg\" \/>\n<meta name=\"author\" content=\"Fran\u00e7ois Zappa\" \/>\n<meta name=\"twitter:card\" content=\"summary_large_image\" \/>\n<meta name=\"twitter:label1\" content=\"\u00c9crit par\" \/>\n\t<meta name=\"twitter:data1\" content=\"Fran\u00e7ois Zappa\" \/>\n\t<meta name=\"twitter:label2\" content=\"Dur\u00e9e de lecture estim\u00e9e\" \/>\n\t<meta name=\"twitter:data2\" content=\"8 minutes\" \/>\n<script type=\"application\/ld+json\" class=\"yoast-schema-graph\">{\"@context\":\"https:\\\/\\\/schema.org\",\"@graph\":[{\"@type\":\"Article\",\"@id\":\"https:\\\/\\\/elgarajedefrank.es\\\/fr\\\/interview-lebanon-hanover\\\/#article\",\"isPartOf\":{\"@id\":\"https:\\\/\\\/elgarajedefrank.es\\\/fr\\\/interview-lebanon-hanover\\\/\"},\"author\":{\"name\":\"Fran\u00e7ois Zappa\",\"@id\":\"https:\\\/\\\/elgarajedefrank.es\\\/fr\\\/#\\\/schema\\\/person\\\/d709c9c33f5f405d44c6c9397889ba15\"},\"headline\":\"Interview : Lebanon Hanover\",\"datePublished\":\"2019-02-22T11:19:50+00:00\",\"dateModified\":\"2023-08-17T16:58:19+00:00\",\"mainEntityOfPage\":{\"@id\":\"https:\\\/\\\/elgarajedefrank.es\\\/fr\\\/interview-lebanon-hanover\\\/\"},\"wordCount\":1543,\"commentCount\":0,\"publisher\":{\"@id\":\"https:\\\/\\\/elgarajedefrank.es\\\/fr\\\/#\\\/schema\\\/person\\\/d709c9c33f5f405d44c6c9397889ba15\"},\"image\":{\"@id\":\"https:\\\/\\\/elgarajedefrank.es\\\/fr\\\/interview-lebanon-hanover\\\/#primaryimage\"},\"thumbnailUrl\":\"https:\\\/\\\/elgarajedefrank.es\\\/wp-content\\\/uploads\\\/2019\\\/02\\\/lebanonhanover_pola3borderless-1-e1551012672251.jpg\",\"keywords\":[\"Coldwave\",\"W-Fest\"],\"articleSection\":[\"Interviews\"],\"inLanguage\":\"fr-FR\",\"potentialAction\":[{\"@type\":\"CommentAction\",\"name\":\"Comment\",\"target\":[\"https:\\\/\\\/elgarajedefrank.es\\\/fr\\\/interview-lebanon-hanover\\\/#respond\"]}]},{\"@type\":\"WebPage\",\"@id\":\"https:\\\/\\\/elgarajedefrank.es\\\/fr\\\/interview-lebanon-hanover\\\/\",\"url\":\"https:\\\/\\\/elgarajedefrank.es\\\/fr\\\/interview-lebanon-hanover\\\/\",\"name\":\"Interview : Lebanon Hanover &#8212; El Garaje de Frank\",\"isPartOf\":{\"@id\":\"https:\\\/\\\/elgarajedefrank.es\\\/fr\\\/#website\"},\"primaryImageOfPage\":{\"@id\":\"https:\\\/\\\/elgarajedefrank.es\\\/fr\\\/interview-lebanon-hanover\\\/#primaryimage\"},\"image\":{\"@id\":\"https:\\\/\\\/elgarajedefrank.es\\\/fr\\\/interview-lebanon-hanover\\\/#primaryimage\"},\"thumbnailUrl\":\"https:\\\/\\\/elgarajedefrank.es\\\/wp-content\\\/uploads\\\/2019\\\/02\\\/lebanonhanover_pola3borderless-1-e1551012672251.jpg\",\"datePublished\":\"2019-02-22T11:19:50+00:00\",\"dateModified\":\"2023-08-17T16:58:19+00:00\",\"description\":\"Interview : Lebanon Hanover &#8212; Interview du duo de dark wave Lebanon Hanover qui jouera le vendredi au W Festival.\",\"breadcrumb\":{\"@id\":\"https:\\\/\\\/elgarajedefrank.es\\\/fr\\\/interview-lebanon-hanover\\\/#breadcrumb\"},\"inLanguage\":\"fr-FR\",\"potentialAction\":[{\"@type\":\"ReadAction\",\"target\":[\"https:\\\/\\\/elgarajedefrank.es\\\/fr\\\/interview-lebanon-hanover\\\/\"]}]},{\"@type\":\"ImageObject\",\"inLanguage\":\"fr-FR\",\"@id\":\"https:\\\/\\\/elgarajedefrank.es\\\/fr\\\/interview-lebanon-hanover\\\/#primaryimage\",\"url\":\"https:\\\/\\\/elgarajedefrank.es\\\/wp-content\\\/uploads\\\/2019\\\/02\\\/lebanonhanover_pola3borderless-1-e1551012672251.jpg\",\"contentUrl\":\"https:\\\/\\\/elgarajedefrank.es\\\/wp-content\\\/uploads\\\/2019\\\/02\\\/lebanonhanover_pola3borderless-1-e1551012672251.jpg\",\"width\":650,\"height\":663},{\"@type\":\"BreadcrumbList\",\"@id\":\"https:\\\/\\\/elgarajedefrank.es\\\/fr\\\/interview-lebanon-hanover\\\/#breadcrumb\",\"itemListElement\":[{\"@type\":\"ListItem\",\"position\":1,\"name\":\"Inicio\",\"item\":\"https:\\\/\\\/elgarajedefrank.es\\\/fr\\\/\"},{\"@type\":\"ListItem\",\"position\":2,\"name\":\"Interviews\",\"item\":\"https:\\\/\\\/elgarajedefrank.es\\\/fr\\\/category\\\/interviews-fr\\\/\"},{\"@type\":\"ListItem\",\"position\":3,\"name\":\"Interview : Lebanon Hanover\"}]},{\"@type\":\"WebSite\",\"@id\":\"https:\\\/\\\/elgarajedefrank.es\\\/fr\\\/#website\",\"url\":\"https:\\\/\\\/elgarajedefrank.es\\\/fr\\\/\",\"name\":\"El Garaje de Frank\",\"description\":\"Music magazine\",\"publisher\":{\"@id\":\"https:\\\/\\\/elgarajedefrank.es\\\/fr\\\/#\\\/schema\\\/person\\\/d709c9c33f5f405d44c6c9397889ba15\"},\"potentialAction\":[{\"@type\":\"SearchAction\",\"target\":{\"@type\":\"EntryPoint\",\"urlTemplate\":\"https:\\\/\\\/elgarajedefrank.es\\\/fr\\\/?s={search_term_string}\"},\"query-input\":{\"@type\":\"PropertyValueSpecification\",\"valueRequired\":true,\"valueName\":\"search_term_string\"}}],\"inLanguage\":\"fr-FR\"},{\"@type\":[\"Person\",\"Organization\"],\"@id\":\"https:\\\/\\\/elgarajedefrank.es\\\/fr\\\/#\\\/schema\\\/person\\\/d709c9c33f5f405d44c6c9397889ba15\",\"name\":\"Fran\u00e7ois Zappa\",\"image\":{\"@type\":\"ImageObject\",\"inLanguage\":\"fr-FR\",\"@id\":\"https:\\\/\\\/elgarajedefrank.es\\\/wp-content\\\/uploads\\\/2019\\\/10\\\/IMG_8278-150x150.jpg\",\"url\":\"https:\\\/\\\/elgarajedefrank.es\\\/wp-content\\\/uploads\\\/2019\\\/10\\\/IMG_8278-150x150.jpg\",\"contentUrl\":\"https:\\\/\\\/elgarajedefrank.es\\\/wp-content\\\/uploads\\\/2019\\\/10\\\/IMG_8278-150x150.jpg\",\"caption\":\"Fran\u00e7ois Zappa\"},\"logo\":{\"@id\":\"https:\\\/\\\/elgarajedefrank.es\\\/wp-content\\\/uploads\\\/2019\\\/10\\\/IMG_8278-150x150.jpg\"},\"sameAs\":[\"https:\\\/\\\/www.facebook.com\\\/elgarajedefrank\\\/\",\"https:\\\/\\\/www.instagram.com\\\/elgarajedefrank\\\/\"]}]}<\/script>\n<!-- \/ Yoast SEO plugin. -->","yoast_head_json":{"title":"Interview : Lebanon Hanover &#8212; El Garaje de Frank","description":"Interview : Lebanon Hanover &#8212; Interview du duo de dark wave Lebanon Hanover qui jouera le vendredi au W Festival.","robots":{"index":"index","follow":"follow","max-snippet":"max-snippet:-1","max-image-preview":"max-image-preview:large","max-video-preview":"max-video-preview:-1"},"canonical":"https:\/\/elgarajedefrank.es\/fr\/interview-lebanon-hanover\/","og_locale":"fr_FR","og_type":"article","og_title":"Interview : Lebanon Hanover &#8212; El Garaje de Frank","og_description":"Interview : Lebanon Hanover &#8212; Interview du duo de dark wave Lebanon Hanover qui jouera le vendredi au W Festival.","og_url":"https:\/\/elgarajedefrank.es\/fr\/interview-lebanon-hanover\/","og_site_name":"El Garaje de Frank","article_publisher":"https:\/\/www.facebook.com\/elgarajedefrank\/","article_author":"https:\/\/www.facebook.com\/elgarajedefrank\/","article_published_time":"2019-02-22T11:19:50+00:00","article_modified_time":"2023-08-17T16:58:19+00:00","og_image":[{"width":650,"height":663,"url":"https:\/\/elgarajedefrank.es\/wp-content\/uploads\/2019\/02\/lebanonhanover_pola3borderless-1-e1551012672251.jpg","type":"image\/jpeg"}],"author":"Fran\u00e7ois Zappa","twitter_card":"summary_large_image","twitter_misc":{"\u00c9crit par":"Fran\u00e7ois Zappa","Dur\u00e9e de lecture estim\u00e9e":"8 minutes"},"schema":{"@context":"https:\/\/schema.org","@graph":[{"@type":"Article","@id":"https:\/\/elgarajedefrank.es\/fr\/interview-lebanon-hanover\/#article","isPartOf":{"@id":"https:\/\/elgarajedefrank.es\/fr\/interview-lebanon-hanover\/"},"author":{"name":"Fran\u00e7ois Zappa","@id":"https:\/\/elgarajedefrank.es\/fr\/#\/schema\/person\/d709c9c33f5f405d44c6c9397889ba15"},"headline":"Interview : Lebanon Hanover","datePublished":"2019-02-22T11:19:50+00:00","dateModified":"2023-08-17T16:58:19+00:00","mainEntityOfPage":{"@id":"https:\/\/elgarajedefrank.es\/fr\/interview-lebanon-hanover\/"},"wordCount":1543,"commentCount":0,"publisher":{"@id":"https:\/\/elgarajedefrank.es\/fr\/#\/schema\/person\/d709c9c33f5f405d44c6c9397889ba15"},"image":{"@id":"https:\/\/elgarajedefrank.es\/fr\/interview-lebanon-hanover\/#primaryimage"},"thumbnailUrl":"https:\/\/elgarajedefrank.es\/wp-content\/uploads\/2019\/02\/lebanonhanover_pola3borderless-1-e1551012672251.jpg","keywords":["Coldwave","W-Fest"],"articleSection":["Interviews"],"inLanguage":"fr-FR","potentialAction":[{"@type":"CommentAction","name":"Comment","target":["https:\/\/elgarajedefrank.es\/fr\/interview-lebanon-hanover\/#respond"]}]},{"@type":"WebPage","@id":"https:\/\/elgarajedefrank.es\/fr\/interview-lebanon-hanover\/","url":"https:\/\/elgarajedefrank.es\/fr\/interview-lebanon-hanover\/","name":"Interview : Lebanon Hanover &#8212; El Garaje de Frank","isPartOf":{"@id":"https:\/\/elgarajedefrank.es\/fr\/#website"},"primaryImageOfPage":{"@id":"https:\/\/elgarajedefrank.es\/fr\/interview-lebanon-hanover\/#primaryimage"},"image":{"@id":"https:\/\/elgarajedefrank.es\/fr\/interview-lebanon-hanover\/#primaryimage"},"thumbnailUrl":"https:\/\/elgarajedefrank.es\/wp-content\/uploads\/2019\/02\/lebanonhanover_pola3borderless-1-e1551012672251.jpg","datePublished":"2019-02-22T11:19:50+00:00","dateModified":"2023-08-17T16:58:19+00:00","description":"Interview : Lebanon Hanover &#8212; Interview du duo de dark wave Lebanon Hanover qui jouera le vendredi au W Festival.","breadcrumb":{"@id":"https:\/\/elgarajedefrank.es\/fr\/interview-lebanon-hanover\/#breadcrumb"},"inLanguage":"fr-FR","potentialAction":[{"@type":"ReadAction","target":["https:\/\/elgarajedefrank.es\/fr\/interview-lebanon-hanover\/"]}]},{"@type":"ImageObject","inLanguage":"fr-FR","@id":"https:\/\/elgarajedefrank.es\/fr\/interview-lebanon-hanover\/#primaryimage","url":"https:\/\/elgarajedefrank.es\/wp-content\/uploads\/2019\/02\/lebanonhanover_pola3borderless-1-e1551012672251.jpg","contentUrl":"https:\/\/elgarajedefrank.es\/wp-content\/uploads\/2019\/02\/lebanonhanover_pola3borderless-1-e1551012672251.jpg","width":650,"height":663},{"@type":"BreadcrumbList","@id":"https:\/\/elgarajedefrank.es\/fr\/interview-lebanon-hanover\/#breadcrumb","itemListElement":[{"@type":"ListItem","position":1,"name":"Inicio","item":"https:\/\/elgarajedefrank.es\/fr\/"},{"@type":"ListItem","position":2,"name":"Interviews","item":"https:\/\/elgarajedefrank.es\/fr\/category\/interviews-fr\/"},{"@type":"ListItem","position":3,"name":"Interview : Lebanon Hanover"}]},{"@type":"WebSite","@id":"https:\/\/elgarajedefrank.es\/fr\/#website","url":"https:\/\/elgarajedefrank.es\/fr\/","name":"El Garaje de Frank","description":"Music magazine","publisher":{"@id":"https:\/\/elgarajedefrank.es\/fr\/#\/schema\/person\/d709c9c33f5f405d44c6c9397889ba15"},"potentialAction":[{"@type":"SearchAction","target":{"@type":"EntryPoint","urlTemplate":"https:\/\/elgarajedefrank.es\/fr\/?s={search_term_string}"},"query-input":{"@type":"PropertyValueSpecification","valueRequired":true,"valueName":"search_term_string"}}],"inLanguage":"fr-FR"},{"@type":["Person","Organization"],"@id":"https:\/\/elgarajedefrank.es\/fr\/#\/schema\/person\/d709c9c33f5f405d44c6c9397889ba15","name":"Fran\u00e7ois Zappa","image":{"@type":"ImageObject","inLanguage":"fr-FR","@id":"https:\/\/elgarajedefrank.es\/wp-content\/uploads\/2019\/10\/IMG_8278-150x150.jpg","url":"https:\/\/elgarajedefrank.es\/wp-content\/uploads\/2019\/10\/IMG_8278-150x150.jpg","contentUrl":"https:\/\/elgarajedefrank.es\/wp-content\/uploads\/2019\/10\/IMG_8278-150x150.jpg","caption":"Fran\u00e7ois Zappa"},"logo":{"@id":"https:\/\/elgarajedefrank.es\/wp-content\/uploads\/2019\/10\/IMG_8278-150x150.jpg"},"sameAs":["https:\/\/www.facebook.com\/elgarajedefrank\/","https:\/\/www.instagram.com\/elgarajedefrank\/"]}]}},"_links":{"self":[{"href":"https:\/\/elgarajedefrank.es\/fr\/wp-json\/wp\/v2\/posts\/3196","targetHints":{"allow":["GET"]}}],"collection":[{"href":"https:\/\/elgarajedefrank.es\/fr\/wp-json\/wp\/v2\/posts"}],"about":[{"href":"https:\/\/elgarajedefrank.es\/fr\/wp-json\/wp\/v2\/types\/post"}],"author":[{"embeddable":true,"href":"https:\/\/elgarajedefrank.es\/fr\/wp-json\/wp\/v2\/users\/1"}],"replies":[{"embeddable":true,"href":"https:\/\/elgarajedefrank.es\/fr\/wp-json\/wp\/v2\/comments?post=3196"}],"version-history":[{"count":1,"href":"https:\/\/elgarajedefrank.es\/fr\/wp-json\/wp\/v2\/posts\/3196\/revisions"}],"predecessor-version":[{"id":56247,"href":"https:\/\/elgarajedefrank.es\/fr\/wp-json\/wp\/v2\/posts\/3196\/revisions\/56247"}],"wp:featuredmedia":[{"embeddable":true,"href":"https:\/\/elgarajedefrank.es\/fr\/wp-json\/wp\/v2\/media\/3326"}],"wp:attachment":[{"href":"https:\/\/elgarajedefrank.es\/fr\/wp-json\/wp\/v2\/media?parent=3196"}],"wp:term":[{"taxonomy":"category","embeddable":true,"href":"https:\/\/elgarajedefrank.es\/fr\/wp-json\/wp\/v2\/categories?post=3196"},{"taxonomy":"post_tag","embeddable":true,"href":"https:\/\/elgarajedefrank.es\/fr\/wp-json\/wp\/v2\/tags?post=3196"}],"curies":[{"name":"wp","href":"https:\/\/api.w.org\/{rel}","templated":true}]}}