{"id":30301,"date":"2021-03-26T15:09:09","date_gmt":"2021-03-26T14:09:09","guid":{"rendered":"https:\/\/elgarajedefrank.es\/?p=30301"},"modified":"2021-03-26T15:13:09","modified_gmt":"2021-03-26T14:13:09","slug":"violeta-presents-dark-wings-from-madrid-part-i-vinyl-set","status":"publish","type":"post","link":"https:\/\/elgarajedefrank.es\/fr\/violeta-presents-dark-wings-from-madrid-part-i-vinyl-set\/","title":{"rendered":"Violeta presents: Dark Wings From Madrid &#8211; Part I (Vinyl set)"},"content":{"rendered":"\t\t<div data-elementor-type=\"wp-post\" data-elementor-id=\"30301\" class=\"elementor elementor-30301\" data-elementor-post-type=\"post\">\n\t\t\t\t\t\t<section class=\"penci-section penci-disSticky penci-structure-10 elementor-section elementor-top-section elementor-element elementor-element-16b1db8a elementor-section-boxed elementor-section-height-default elementor-section-height-default\" data-id=\"16b1db8a\" data-element_type=\"section\" data-e-type=\"section\">\n\t\t\t\t\t\t<div class=\"elementor-container elementor-column-gap-default\">\n\t\t\t\t\t<div class=\"penci-ercol-100 penci-ercol-order-1 penci-sticky-ct    elementor-column elementor-col-100 elementor-top-column elementor-element elementor-element-7844366d\" data-id=\"7844366d\" data-element_type=\"column\" data-e-type=\"column\">\n\t\t\t<div class=\"elementor-widget-wrap elementor-element-populated\">\n\t\t\t\t\t\t<div class=\"elementor-element elementor-element-407bc5e7 elementor-widget elementor-widget-text-editor\" data-id=\"407bc5e7\" data-element_type=\"widget\" data-e-type=\"widget\" data-widget_type=\"text-editor.default\">\n\t\t\t\t<div class=\"elementor-widget-container\">\n\t\t\t\t\t\t\t\t\t<p><span style=\"color: #000000; font-family: georgia, palatino, serif; font-size: 12pt;\">Notre DJ r\u00e9sidente revient avec un set rempli de classiques et de nouvelle musique.<\/span><\/p>\t\t\t\t\t\t\t\t<\/div>\n\t\t\t\t<\/div>\n\t\t\t\t\t<\/div>\n\t\t<\/div>\n\t\t\t\t\t<\/div>\n\t\t<\/section>\n\t\t\t\t<section class=\"penci-section penci-disSticky penci-structure-10 elementor-section elementor-top-section elementor-element elementor-element-b783f43 elementor-section-boxed elementor-section-height-default elementor-section-height-default\" data-id=\"b783f43\" data-element_type=\"section\" data-e-type=\"section\">\n\t\t\t\t\t\t<div class=\"elementor-container elementor-column-gap-default\">\n\t\t\t\t\t<div class=\"penci-ercol-100 penci-ercol-order-1 penci-sticky-ct    elementor-column elementor-col-100 elementor-top-column elementor-element elementor-element-a8f3d68\" data-id=\"a8f3d68\" data-element_type=\"column\" data-e-type=\"column\">\n\t\t\t<div class=\"elementor-widget-wrap elementor-element-populated\">\n\t\t\t\t\t\t<div class=\"elementor-element elementor-element-0b02e22 elementor-widget elementor-widget-shortcode\" data-id=\"0b02e22\" data-element_type=\"widget\" data-e-type=\"widget\" data-widget_type=\"shortcode.default\">\n\t\t\t\t<div class=\"elementor-widget-container\">\n\t\t\t\t\t\t\t<div class=\"elementor-shortcode\"><iframe width=\"100%\" height=\"166\" scrolling=\"no\" frameborder=\"no\" allow=\"autoplay\" src=\"https:\/\/w.soundcloud.com\/player\/?url=https%3A\/\/api.soundcloud.com\/tracks\/1014739414&color=%23ff5500&auto_play=false&hide_related=false&show_comments=true&show_user=true&show_reposts=false&show_teaser=true\"><\/iframe><div style=\"font-size: 10px; color: #cccccc;line-break: anywhere;word-break: normal;overflow: hidden;white-space: nowrap;text-overflow: ellipsis; font-family: Interstate,Lucida Grande,Lucida Sans Unicode,Lucida Sans,Garuda,Verdana,Tahoma,sans-serif;font-weight: 100;\"><a href=\"https:\/\/soundcloud.com\/violeta_elgarajedefrank\" title=\"Violeta (El Garaje de Frank)\" target=\"_blank\" style=\"color: #cccccc; text-decoration: none;\">Violeta (El Garaje de Frank)<\/a> \u00b7 <a href=\"https:\/\/soundcloud.com\/violeta_elgarajedefrank\/part-i-vinyl-set\" title=\"Dark Wings From Madrid - Part I (Vinyl set)\" target=\"_blank\" style=\"color: #cccccc; text-decoration: none;\">Dark Wings From Madrid - Part I (Vinyl set)<\/a><\/div><\/div>\n\t\t\t\t\t\t<\/div>\n\t\t\t\t<\/div>\n\t\t\t\t\t<\/div>\n\t\t<\/div>\n\t\t\t\t\t<\/div>\n\t\t<\/section>\n\t\t\t\t<section class=\"penci-section penci-disSticky penci-structure-10 elementor-section elementor-top-section elementor-element elementor-element-6c1854d elementor-section-boxed elementor-section-height-default elementor-section-height-default\" data-id=\"6c1854d\" data-element_type=\"section\" data-e-type=\"section\">\n\t\t\t\t\t\t<div class=\"elementor-container elementor-column-gap-default\">\n\t\t\t\t\t<div class=\"penci-ercol-100 penci-ercol-order-1 penci-sticky-ct    elementor-column elementor-col-100 elementor-top-column elementor-element elementor-element-fc90c5f\" data-id=\"fc90c5f\" data-element_type=\"column\" data-e-type=\"column\">\n\t\t\t<div class=\"elementor-widget-wrap elementor-element-populated\">\n\t\t\t\t\t\t<div class=\"elementor-element elementor-element-19247b1 elementor-widget elementor-widget-text-editor\" data-id=\"19247b1\" data-element_type=\"widget\" data-e-type=\"widget\" data-widget_type=\"text-editor.default\">\n\t\t\t\t<div class=\"elementor-widget-container\">\n\t\t\t\t\t\t\t\t\t<div class=\"truncatedAudioInfo__wrapper\">\n<div class=\"truncatedAudioInfo__content\">\n<div class=\"sc-type-small\">\n<div>\n<p><span style=\"font-family: georgia, palatino, serif; font-size: 12pt; color: #000000;\">1 &#8211; Blind Delon &amp; HIV+ &#8211; Aldous Huxley (Alexey Volkov Mix) (Tripalium Records)<\/span><br><span style=\"font-family: georgia, palatino, serif; font-size: 12pt; color: #000000;\">2 &#8211; Gamma Intel &#8211; Eigenwereld (Pinkman Records)<\/span><br><span style=\"font-family: georgia, palatino, serif; font-size: 12pt; color: #000000;\">3 &#8211; Lokier &#8211; Fighting The Past (Pinkman Records)<\/span><br><span style=\"font-family: georgia, palatino, serif; font-size: 12pt; color: #000000;\">4 &#8211; Grey People &#8211; Bruxism (Frigio Records)<\/span><br><span style=\"font-family: georgia, palatino, serif; font-size: 12pt; color: #000000;\">5 &#8211; DMX Krew &#8211; Diaspora (Cultivated Electronics)<\/span><br><span style=\"font-family: georgia, palatino, serif; font-size: 12pt; color: #000000;\">6 &#8211; Years of Denial &#8211; Human You Scare Me (Silent Servant Remix) (VEYL)<\/span><br><span style=\"font-family: georgia, palatino, serif; font-size: 12pt; color: #000000;\">7 &#8211; The Sixteen Steps &#8211; Montgat (Cititrax Records)<\/span><br><span style=\"font-family: georgia, palatino, serif; font-size: 12pt; color: #000000;\">8 &#8211; Hardfloor &#8211; Prot (ProForms Series)<\/span><br><span style=\"font-family: georgia, palatino, serif; font-size: 12pt; color: #000000;\">9 &#8211; In Aeternam Vale + Anneq &#8211; Je Ai Dissous (Minimal Wave Records)<\/span><br><span style=\"font-family: georgia, palatino, serif; font-size: 12pt; color: #000000;\">10 &#8211; An-i &#8211; Gutz (Cititrax Records)<\/span><br><span style=\"font-family: georgia, palatino, serif; font-size: 12pt; color: #000000;\">11 &#8211; Maedon &#8211; Limited Hangout (Sonic Groove)<\/span><br><span style=\"font-family: georgia, palatino, serif; font-size: 12pt; color: #000000;\">12 &#8211; Zeta Reticula &#8211; Digital Card (Monotone)<\/span><br><span style=\"font-family: georgia, palatino, serif; font-size: 12pt; color: #000000;\">13 &#8211; Im Kellar &#8211; Kings Valley (Moustache Records)<\/span><br><span style=\"font-family: georgia, palatino, serif; font-size: 12pt; color: #000000;\">14 &#8211; Verset Zero &#8211; Grex Perditus (Violet Poison Remix)&nbsp;<\/span><font color=\"#000000\" face=\"georgia, palatino, serif\">(Tripalium Records)<\/font><br><span style=\"font-family: georgia, palatino, serif; font-size: 12pt; color: #000000;\">15 &#8211; The Hacker &#8211; The Brutalist (Different)<\/span><br><span style=\"font-family: georgia, palatino, serif; font-size: 12pt; color: #000000;\">16 &#8211; Rhys Fulber &#8211; 12 Steppes (Sonic Groove)<\/span><br><span style=\"font-family: georgia, palatino, serif; font-size: 12pt; color: #000000;\">17 &#8211; VTSS &#8211; Toxic Bleach (VEYL)<\/span><br><span style=\"font-family: georgia, palatino, serif; font-size: 12pt; color: #000000;\">18 &#8211; Komando Terrorismo S\u00f3nico &#8211; Metal Archetype (Tensal)<\/span><br><span style=\"font-family: georgia, palatino, serif; font-size: 12pt; color: #000000;\">19 &#8211; Do or Die &#8211; Come True (Feat Ruben Montesco Rework) (Industrias Mekanikas)<\/span><br><span style=\"font-family: georgia, palatino, serif; font-size: 12pt; color: #000000;\">20 &#8211; Tracid &amp; Zenker &#8211; Nobita (Acid Files)<\/span><\/p>\n<\/div>\n<\/div>\n<div class=\"truncatedAudioInfo__license\">\n<div class=\"license sc-type-light\">&nbsp;<\/div>\n<\/div>\n<\/div>\n<\/div>\t\t\t\t\t\t\t\t<\/div>\n\t\t\t\t<\/div>\n\t\t\t\t\t<\/div>\n\t\t<\/div>\n\t\t\t\t\t<\/div>\n\t\t<\/section>\n\t\t\t\t<\/div>\n\t\t","protected":false},"excerpt":{"rendered":"<p>Notre DJ r\u00e9sidente revient avec un set rempli de classiques et de nouvelle musique. Violeta&hellip;<\/p>\n","protected":false},"author":2,"featured_media":30295,"comment_status":"open","ping_status":"open","sticky":false,"template":"","format":"standard","meta":{"_lmt_disableupdate":"","_lmt_disable":"","footnotes":""},"categories":[673],"tags":[648,559],"class_list":["post-30301","post","type-post","status-publish","format-standard","has-post-thumbnail","hentry","category-mixes-fr","tag-acid-fr","tag-minimal-synth-fr"],"yoast_head":"<!-- This site is optimized with the Yoast SEO plugin v27.4 - https:\/\/yoast.com\/product\/yoast-seo-wordpress\/ -->\n<title>Violeta presents: Dark Wings From Madrid - Part I (Vinyl set) &#8212; El Garaje de Frank<\/title>\n<meta name=\"robots\" content=\"index, follow, max-snippet:-1, max-image-preview:large, max-video-preview:-1\" \/>\n<link rel=\"canonical\" href=\"https:\/\/elgarajedefrank.es\/fr\/violeta-presents-dark-wings-from-madrid-part-i-vinyl-set\/\" \/>\n<meta property=\"og:locale\" content=\"fr_FR\" \/>\n<meta property=\"og:type\" content=\"article\" \/>\n<meta property=\"og:title\" content=\"Violeta presents: Dark Wings From Madrid - Part I (Vinyl set) &#8212; El Garaje de Frank\" \/>\n<meta property=\"og:description\" content=\"Notre DJ r\u00e9sidente revient avec un set rempli de classiques et de nouvelle musique. Violeta&hellip;\" \/>\n<meta property=\"og:url\" content=\"https:\/\/elgarajedefrank.es\/fr\/violeta-presents-dark-wings-from-madrid-part-i-vinyl-set\/\" \/>\n<meta property=\"og:site_name\" content=\"El Garaje de Frank\" \/>\n<meta property=\"article:publisher\" content=\"https:\/\/www.facebook.com\/elgarajedefrank\/\" \/>\n<meta property=\"article:published_time\" content=\"2021-03-26T14:09:09+00:00\" \/>\n<meta property=\"article:modified_time\" content=\"2021-03-26T14:13:09+00:00\" \/>\n<meta property=\"og:image\" content=\"https:\/\/elgarajedefrank.es\/wp-content\/uploads\/2021\/03\/shutterstock_569530480-1024x683.jpg\" \/>\n\t<meta property=\"og:image:width\" content=\"1024\" \/>\n\t<meta property=\"og:image:height\" content=\"683\" \/>\n\t<meta property=\"og:image:type\" content=\"image\/jpeg\" \/>\n<meta name=\"author\" content=\"Violeta\" \/>\n<meta name=\"twitter:card\" content=\"summary_large_image\" \/>\n<meta name=\"twitter:label1\" content=\"\u00c9crit par\" \/>\n\t<meta name=\"twitter:data1\" content=\"Violeta\" \/>\n\t<meta name=\"twitter:label2\" content=\"Dur\u00e9e de lecture estim\u00e9e\" \/>\n\t<meta name=\"twitter:data2\" content=\"1 minute\" \/>\n<script type=\"application\/ld+json\" class=\"yoast-schema-graph\">{\"@context\":\"https:\\\/\\\/schema.org\",\"@graph\":[{\"@type\":\"Article\",\"@id\":\"https:\\\/\\\/elgarajedefrank.es\\\/fr\\\/violeta-presents-dark-wings-from-madrid-part-i-vinyl-set\\\/#article\",\"isPartOf\":{\"@id\":\"https:\\\/\\\/elgarajedefrank.es\\\/fr\\\/violeta-presents-dark-wings-from-madrid-part-i-vinyl-set\\\/\"},\"author\":{\"name\":\"Violeta\",\"@id\":\"https:\\\/\\\/elgarajedefrank.es\\\/fr\\\/#\\\/schema\\\/person\\\/35ec115bc6f8fb3d23238106dc7c1308\"},\"headline\":\"Violeta presents: Dark Wings From Madrid &#8211; Part I (Vinyl set)\",\"datePublished\":\"2021-03-26T14:09:09+00:00\",\"dateModified\":\"2021-03-26T14:13:09+00:00\",\"mainEntityOfPage\":{\"@id\":\"https:\\\/\\\/elgarajedefrank.es\\\/fr\\\/violeta-presents-dark-wings-from-madrid-part-i-vinyl-set\\\/\"},\"wordCount\":212,\"commentCount\":0,\"publisher\":{\"@id\":\"https:\\\/\\\/elgarajedefrank.es\\\/fr\\\/#\\\/schema\\\/person\\\/d709c9c33f5f405d44c6c9397889ba15\"},\"image\":{\"@id\":\"https:\\\/\\\/elgarajedefrank.es\\\/fr\\\/violeta-presents-dark-wings-from-madrid-part-i-vinyl-set\\\/#primaryimage\"},\"thumbnailUrl\":\"https:\\\/\\\/elgarajedefrank.es\\\/wp-content\\\/uploads\\\/2021\\\/03\\\/shutterstock_569530480.jpg\",\"keywords\":[\"Acid\",\"Minimal Synth\"],\"articleSection\":[\"Mixes\"],\"inLanguage\":\"fr-FR\",\"potentialAction\":[{\"@type\":\"CommentAction\",\"name\":\"Comment\",\"target\":[\"https:\\\/\\\/elgarajedefrank.es\\\/fr\\\/violeta-presents-dark-wings-from-madrid-part-i-vinyl-set\\\/#respond\"]}]},{\"@type\":\"WebPage\",\"@id\":\"https:\\\/\\\/elgarajedefrank.es\\\/fr\\\/violeta-presents-dark-wings-from-madrid-part-i-vinyl-set\\\/\",\"url\":\"https:\\\/\\\/elgarajedefrank.es\\\/fr\\\/violeta-presents-dark-wings-from-madrid-part-i-vinyl-set\\\/\",\"name\":\"Violeta presents: Dark Wings From Madrid - Part I (Vinyl set) &#8212; El Garaje de Frank\",\"isPartOf\":{\"@id\":\"https:\\\/\\\/elgarajedefrank.es\\\/fr\\\/#website\"},\"primaryImageOfPage\":{\"@id\":\"https:\\\/\\\/elgarajedefrank.es\\\/fr\\\/violeta-presents-dark-wings-from-madrid-part-i-vinyl-set\\\/#primaryimage\"},\"image\":{\"@id\":\"https:\\\/\\\/elgarajedefrank.es\\\/fr\\\/violeta-presents-dark-wings-from-madrid-part-i-vinyl-set\\\/#primaryimage\"},\"thumbnailUrl\":\"https:\\\/\\\/elgarajedefrank.es\\\/wp-content\\\/uploads\\\/2021\\\/03\\\/shutterstock_569530480.jpg\",\"datePublished\":\"2021-03-26T14:09:09+00:00\",\"dateModified\":\"2021-03-26T14:13:09+00:00\",\"breadcrumb\":{\"@id\":\"https:\\\/\\\/elgarajedefrank.es\\\/fr\\\/violeta-presents-dark-wings-from-madrid-part-i-vinyl-set\\\/#breadcrumb\"},\"inLanguage\":\"fr-FR\",\"potentialAction\":[{\"@type\":\"ReadAction\",\"target\":[\"https:\\\/\\\/elgarajedefrank.es\\\/fr\\\/violeta-presents-dark-wings-from-madrid-part-i-vinyl-set\\\/\"]}]},{\"@type\":\"ImageObject\",\"inLanguage\":\"fr-FR\",\"@id\":\"https:\\\/\\\/elgarajedefrank.es\\\/fr\\\/violeta-presents-dark-wings-from-madrid-part-i-vinyl-set\\\/#primaryimage\",\"url\":\"https:\\\/\\\/elgarajedefrank.es\\\/wp-content\\\/uploads\\\/2021\\\/03\\\/shutterstock_569530480.jpg\",\"contentUrl\":\"https:\\\/\\\/elgarajedefrank.es\\\/wp-content\\\/uploads\\\/2021\\\/03\\\/shutterstock_569530480.jpg\",\"width\":2560,\"height\":1709},{\"@type\":\"BreadcrumbList\",\"@id\":\"https:\\\/\\\/elgarajedefrank.es\\\/fr\\\/violeta-presents-dark-wings-from-madrid-part-i-vinyl-set\\\/#breadcrumb\",\"itemListElement\":[{\"@type\":\"ListItem\",\"position\":1,\"name\":\"Inicio\",\"item\":\"https:\\\/\\\/elgarajedefrank.es\\\/fr\\\/\"},{\"@type\":\"ListItem\",\"position\":2,\"name\":\"Mixes\",\"item\":\"https:\\\/\\\/elgarajedefrank.es\\\/fr\\\/category\\\/mixes-fr\\\/\"},{\"@type\":\"ListItem\",\"position\":3,\"name\":\"Violeta presents: Dark Wings From Madrid &#8211; Part I (Vinyl set)\"}]},{\"@type\":\"WebSite\",\"@id\":\"https:\\\/\\\/elgarajedefrank.es\\\/fr\\\/#website\",\"url\":\"https:\\\/\\\/elgarajedefrank.es\\\/fr\\\/\",\"name\":\"El Garaje de Frank\",\"description\":\"Music magazine\",\"publisher\":{\"@id\":\"https:\\\/\\\/elgarajedefrank.es\\\/fr\\\/#\\\/schema\\\/person\\\/d709c9c33f5f405d44c6c9397889ba15\"},\"potentialAction\":[{\"@type\":\"SearchAction\",\"target\":{\"@type\":\"EntryPoint\",\"urlTemplate\":\"https:\\\/\\\/elgarajedefrank.es\\\/fr\\\/?s={search_term_string}\"},\"query-input\":{\"@type\":\"PropertyValueSpecification\",\"valueRequired\":true,\"valueName\":\"search_term_string\"}}],\"inLanguage\":\"fr-FR\"},{\"@type\":[\"Person\",\"Organization\"],\"@id\":\"https:\\\/\\\/elgarajedefrank.es\\\/fr\\\/#\\\/schema\\\/person\\\/d709c9c33f5f405d44c6c9397889ba15\",\"name\":\"Fran\u00e7ois Zappa\",\"image\":{\"@type\":\"ImageObject\",\"inLanguage\":\"fr-FR\",\"@id\":\"https:\\\/\\\/elgarajedefrank.es\\\/wp-content\\\/uploads\\\/2019\\\/10\\\/IMG_8278-150x150.jpg\",\"url\":\"https:\\\/\\\/elgarajedefrank.es\\\/wp-content\\\/uploads\\\/2019\\\/10\\\/IMG_8278-150x150.jpg\",\"contentUrl\":\"https:\\\/\\\/elgarajedefrank.es\\\/wp-content\\\/uploads\\\/2019\\\/10\\\/IMG_8278-150x150.jpg\",\"caption\":\"Fran\u00e7ois Zappa\"},\"logo\":{\"@id\":\"https:\\\/\\\/elgarajedefrank.es\\\/wp-content\\\/uploads\\\/2019\\\/10\\\/IMG_8278-150x150.jpg\"},\"sameAs\":[\"https:\\\/\\\/www.facebook.com\\\/elgarajedefrank\\\/\",\"https:\\\/\\\/www.instagram.com\\\/elgarajedefrank\\\/\"]},{\"@type\":\"Person\",\"@id\":\"https:\\\/\\\/elgarajedefrank.es\\\/fr\\\/#\\\/schema\\\/person\\\/35ec115bc6f8fb3d23238106dc7c1308\",\"name\":\"Violeta\",\"image\":{\"@type\":\"ImageObject\",\"inLanguage\":\"fr-FR\",\"@id\":\"https:\\\/\\\/elgarajedefrank.es\\\/wp-content\\\/uploads\\\/2019\\\/10\\\/IMG_0576-e1570432097945-150x150.jpg\",\"url\":\"https:\\\/\\\/elgarajedefrank.es\\\/wp-content\\\/uploads\\\/2019\\\/10\\\/IMG_0576-e1570432097945-150x150.jpg\",\"contentUrl\":\"https:\\\/\\\/elgarajedefrank.es\\\/wp-content\\\/uploads\\\/2019\\\/10\\\/IMG_0576-e1570432097945-150x150.jpg\",\"caption\":\"Violeta\"}}]}<\/script>\n<!-- \/ Yoast SEO plugin. -->","yoast_head_json":{"title":"Violeta presents: Dark Wings From Madrid - Part I (Vinyl set) &#8212; El Garaje de Frank","robots":{"index":"index","follow":"follow","max-snippet":"max-snippet:-1","max-image-preview":"max-image-preview:large","max-video-preview":"max-video-preview:-1"},"canonical":"https:\/\/elgarajedefrank.es\/fr\/violeta-presents-dark-wings-from-madrid-part-i-vinyl-set\/","og_locale":"fr_FR","og_type":"article","og_title":"Violeta presents: Dark Wings From Madrid - Part I (Vinyl set) &#8212; El Garaje de Frank","og_description":"Notre DJ r\u00e9sidente revient avec un set rempli de classiques et de nouvelle musique. Violeta&hellip;","og_url":"https:\/\/elgarajedefrank.es\/fr\/violeta-presents-dark-wings-from-madrid-part-i-vinyl-set\/","og_site_name":"El Garaje de Frank","article_publisher":"https:\/\/www.facebook.com\/elgarajedefrank\/","article_published_time":"2021-03-26T14:09:09+00:00","article_modified_time":"2021-03-26T14:13:09+00:00","og_image":[{"width":1024,"height":683,"url":"https:\/\/elgarajedefrank.es\/wp-content\/uploads\/2021\/03\/shutterstock_569530480-1024x683.jpg","type":"image\/jpeg"}],"author":"Violeta","twitter_card":"summary_large_image","twitter_misc":{"\u00c9crit par":"Violeta","Dur\u00e9e de lecture estim\u00e9e":"1 minute"},"schema":{"@context":"https:\/\/schema.org","@graph":[{"@type":"Article","@id":"https:\/\/elgarajedefrank.es\/fr\/violeta-presents-dark-wings-from-madrid-part-i-vinyl-set\/#article","isPartOf":{"@id":"https:\/\/elgarajedefrank.es\/fr\/violeta-presents-dark-wings-from-madrid-part-i-vinyl-set\/"},"author":{"name":"Violeta","@id":"https:\/\/elgarajedefrank.es\/fr\/#\/schema\/person\/35ec115bc6f8fb3d23238106dc7c1308"},"headline":"Violeta presents: Dark Wings From Madrid &#8211; Part I (Vinyl set)","datePublished":"2021-03-26T14:09:09+00:00","dateModified":"2021-03-26T14:13:09+00:00","mainEntityOfPage":{"@id":"https:\/\/elgarajedefrank.es\/fr\/violeta-presents-dark-wings-from-madrid-part-i-vinyl-set\/"},"wordCount":212,"commentCount":0,"publisher":{"@id":"https:\/\/elgarajedefrank.es\/fr\/#\/schema\/person\/d709c9c33f5f405d44c6c9397889ba15"},"image":{"@id":"https:\/\/elgarajedefrank.es\/fr\/violeta-presents-dark-wings-from-madrid-part-i-vinyl-set\/#primaryimage"},"thumbnailUrl":"https:\/\/elgarajedefrank.es\/wp-content\/uploads\/2021\/03\/shutterstock_569530480.jpg","keywords":["Acid","Minimal Synth"],"articleSection":["Mixes"],"inLanguage":"fr-FR","potentialAction":[{"@type":"CommentAction","name":"Comment","target":["https:\/\/elgarajedefrank.es\/fr\/violeta-presents-dark-wings-from-madrid-part-i-vinyl-set\/#respond"]}]},{"@type":"WebPage","@id":"https:\/\/elgarajedefrank.es\/fr\/violeta-presents-dark-wings-from-madrid-part-i-vinyl-set\/","url":"https:\/\/elgarajedefrank.es\/fr\/violeta-presents-dark-wings-from-madrid-part-i-vinyl-set\/","name":"Violeta presents: Dark Wings From Madrid - Part I (Vinyl set) &#8212; El Garaje de Frank","isPartOf":{"@id":"https:\/\/elgarajedefrank.es\/fr\/#website"},"primaryImageOfPage":{"@id":"https:\/\/elgarajedefrank.es\/fr\/violeta-presents-dark-wings-from-madrid-part-i-vinyl-set\/#primaryimage"},"image":{"@id":"https:\/\/elgarajedefrank.es\/fr\/violeta-presents-dark-wings-from-madrid-part-i-vinyl-set\/#primaryimage"},"thumbnailUrl":"https:\/\/elgarajedefrank.es\/wp-content\/uploads\/2021\/03\/shutterstock_569530480.jpg","datePublished":"2021-03-26T14:09:09+00:00","dateModified":"2021-03-26T14:13:09+00:00","breadcrumb":{"@id":"https:\/\/elgarajedefrank.es\/fr\/violeta-presents-dark-wings-from-madrid-part-i-vinyl-set\/#breadcrumb"},"inLanguage":"fr-FR","potentialAction":[{"@type":"ReadAction","target":["https:\/\/elgarajedefrank.es\/fr\/violeta-presents-dark-wings-from-madrid-part-i-vinyl-set\/"]}]},{"@type":"ImageObject","inLanguage":"fr-FR","@id":"https:\/\/elgarajedefrank.es\/fr\/violeta-presents-dark-wings-from-madrid-part-i-vinyl-set\/#primaryimage","url":"https:\/\/elgarajedefrank.es\/wp-content\/uploads\/2021\/03\/shutterstock_569530480.jpg","contentUrl":"https:\/\/elgarajedefrank.es\/wp-content\/uploads\/2021\/03\/shutterstock_569530480.jpg","width":2560,"height":1709},{"@type":"BreadcrumbList","@id":"https:\/\/elgarajedefrank.es\/fr\/violeta-presents-dark-wings-from-madrid-part-i-vinyl-set\/#breadcrumb","itemListElement":[{"@type":"ListItem","position":1,"name":"Inicio","item":"https:\/\/elgarajedefrank.es\/fr\/"},{"@type":"ListItem","position":2,"name":"Mixes","item":"https:\/\/elgarajedefrank.es\/fr\/category\/mixes-fr\/"},{"@type":"ListItem","position":3,"name":"Violeta presents: Dark Wings From Madrid &#8211; Part I (Vinyl set)"}]},{"@type":"WebSite","@id":"https:\/\/elgarajedefrank.es\/fr\/#website","url":"https:\/\/elgarajedefrank.es\/fr\/","name":"El Garaje de Frank","description":"Music magazine","publisher":{"@id":"https:\/\/elgarajedefrank.es\/fr\/#\/schema\/person\/d709c9c33f5f405d44c6c9397889ba15"},"potentialAction":[{"@type":"SearchAction","target":{"@type":"EntryPoint","urlTemplate":"https:\/\/elgarajedefrank.es\/fr\/?s={search_term_string}"},"query-input":{"@type":"PropertyValueSpecification","valueRequired":true,"valueName":"search_term_string"}}],"inLanguage":"fr-FR"},{"@type":["Person","Organization"],"@id":"https:\/\/elgarajedefrank.es\/fr\/#\/schema\/person\/d709c9c33f5f405d44c6c9397889ba15","name":"Fran\u00e7ois Zappa","image":{"@type":"ImageObject","inLanguage":"fr-FR","@id":"https:\/\/elgarajedefrank.es\/wp-content\/uploads\/2019\/10\/IMG_8278-150x150.jpg","url":"https:\/\/elgarajedefrank.es\/wp-content\/uploads\/2019\/10\/IMG_8278-150x150.jpg","contentUrl":"https:\/\/elgarajedefrank.es\/wp-content\/uploads\/2019\/10\/IMG_8278-150x150.jpg","caption":"Fran\u00e7ois Zappa"},"logo":{"@id":"https:\/\/elgarajedefrank.es\/wp-content\/uploads\/2019\/10\/IMG_8278-150x150.jpg"},"sameAs":["https:\/\/www.facebook.com\/elgarajedefrank\/","https:\/\/www.instagram.com\/elgarajedefrank\/"]},{"@type":"Person","@id":"https:\/\/elgarajedefrank.es\/fr\/#\/schema\/person\/35ec115bc6f8fb3d23238106dc7c1308","name":"Violeta","image":{"@type":"ImageObject","inLanguage":"fr-FR","@id":"https:\/\/elgarajedefrank.es\/wp-content\/uploads\/2019\/10\/IMG_0576-e1570432097945-150x150.jpg","url":"https:\/\/elgarajedefrank.es\/wp-content\/uploads\/2019\/10\/IMG_0576-e1570432097945-150x150.jpg","contentUrl":"https:\/\/elgarajedefrank.es\/wp-content\/uploads\/2019\/10\/IMG_0576-e1570432097945-150x150.jpg","caption":"Violeta"}}]}},"_links":{"self":[{"href":"https:\/\/elgarajedefrank.es\/fr\/wp-json\/wp\/v2\/posts\/30301","targetHints":{"allow":["GET"]}}],"collection":[{"href":"https:\/\/elgarajedefrank.es\/fr\/wp-json\/wp\/v2\/posts"}],"about":[{"href":"https:\/\/elgarajedefrank.es\/fr\/wp-json\/wp\/v2\/types\/post"}],"author":[{"embeddable":true,"href":"https:\/\/elgarajedefrank.es\/fr\/wp-json\/wp\/v2\/users\/2"}],"replies":[{"embeddable":true,"href":"https:\/\/elgarajedefrank.es\/fr\/wp-json\/wp\/v2\/comments?post=30301"}],"version-history":[{"count":0,"href":"https:\/\/elgarajedefrank.es\/fr\/wp-json\/wp\/v2\/posts\/30301\/revisions"}],"wp:featuredmedia":[{"embeddable":true,"href":"https:\/\/elgarajedefrank.es\/fr\/wp-json\/wp\/v2\/media\/30295"}],"wp:attachment":[{"href":"https:\/\/elgarajedefrank.es\/fr\/wp-json\/wp\/v2\/media?parent=30301"}],"wp:term":[{"taxonomy":"category","embeddable":true,"href":"https:\/\/elgarajedefrank.es\/fr\/wp-json\/wp\/v2\/categories?post=30301"},{"taxonomy":"post_tag","embeddable":true,"href":"https:\/\/elgarajedefrank.es\/fr\/wp-json\/wp\/v2\/tags?post=30301"}],"curies":[{"name":"wp","href":"https:\/\/api.w.org\/{rel}","templated":true}]}}