{"id":30213,"date":"2021-03-23T15:26:10","date_gmt":"2021-03-23T14:26:10","guid":{"rendered":"https:\/\/elgarajedefrank.es\/?p=30213"},"modified":"2022-04-14T19:58:00","modified_gmt":"2022-04-14T17:58:00","slug":"pro-patria-godless","status":"publish","type":"post","link":"https:\/\/elgarajedefrank.es\/fr\/pro-patria-godless\/","title":{"rendered":"Pro Patria &#8211; Godless"},"content":{"rendered":"\t\t<div data-elementor-type=\"wp-post\" data-elementor-id=\"30213\" class=\"elementor elementor-30213\" data-elementor-post-type=\"post\">\n\t\t\t\t\t\t<section class=\"penci-section penci-disSticky penci-structure-22 elementor-section elementor-top-section elementor-element elementor-element-b9ffeba elementor-section-boxed elementor-section-height-default elementor-section-height-default\" data-id=\"b9ffeba\" data-element_type=\"section\" data-e-type=\"section\">\n\t\t\t\t\t\t<div class=\"elementor-container elementor-column-gap-default\">\n\t\t\t\t\t<div class=\"penci-ercol-66 penci-ercol-order-1 penci-sticky-ct    elementor-column elementor-col-66 elementor-top-column elementor-element elementor-element-fed5079\" data-id=\"fed5079\" data-element_type=\"column\" data-e-type=\"column\">\n\t\t\t<div class=\"elementor-widget-wrap elementor-element-populated\">\n\t\t\t\t\t\t<div class=\"elementor-element elementor-element-b86532a elementor-widget elementor-widget-text-editor\" data-id=\"b86532a\" data-element_type=\"widget\" data-e-type=\"widget\" data-widget_type=\"text-editor.default\">\n\t\t\t\t<div class=\"elementor-widget-container\">\n\t\t\t\t\t\t\t\t\t<p><span style=\"font-family: georgia, palatino, serif; font-size: 12pt; color: #000000;\">On avait bien besoin d\u2019un disque de <strong>Pro Patria<\/strong>. Et pas qu\u2019un peu. \u00c7a faisait longtemps qu\u2019on n\u2019avait pas eu droit \u00e0 un album d\u2019EBM qui nous fasse vibrer. Tous nos espoirs \u00e9taient plac\u00e9s dans le nouveau joyau du musicien belge vivant en Italie. Les morceaux auxquels on avait eu droit en guise d\u2019ap\u00e9ritif \u00e9taient prometteurs, mais l\u2019ensemble nous a laiss\u00e9s sans voix. <em>Godless<\/em>, la quatri\u00e8me \u0153uvre de <strong>Pro Patria,<\/strong> sorti deux ans seulement apr\u00e8s <em>Executioner,<\/em> est un disque aussi affil\u00e9 que le scalpel qui figure sur la pochette. L\u2019album qui brille par son intensit\u00e9 ne compte pas moins de 13 morceaux, au son vari\u00e9, \u00e0 la production soign\u00e9e, o\u00f9 Peter Vercauteren donne tout ce qu\u2019il a, et plus encore.<\/span><\/p><p><span style=\"font-family: georgia, palatino, serif; font-size: 12pt; color: #000000;\">On commence sur une oraison \u00e9trange, avant d\u2019\u00eatre pris par surprise par les rythmes hyper rapides de la puissante \u00ab Razorblade \u00bb. La puissance de la production nous \u00e9craserait presque sur notre si\u00e8ge. De la dark electro de qualit\u00e9 pour un d\u00e9but dont les sons rappellent le premier morceau d\u2019<em>Executioner<\/em>. Dans \u00ab Tomorrow \u00bb, les BMP diminuent pour arriver \u00e0 une vitesse plus semblable \u00e0 celle de l\u2019EBM. Accompagn\u00e9e par des synth\u00e9s, la voix oscille entre mena\u00e7ante et profonde. \u00ab War! (Till the Day We Die) \u00bb est un morceau d\u2019EBM aux sons classiques qui plaira \u00e0 n\u2019importe quelle personne s\u2019int\u00e9ressant de pr\u00e8s ou de loin au genre. Le morceau intitul\u00e9 \u00ab Godless \u00bb continue sur la m\u00eame lanc\u00e9e, avec des sons agressifs et une production peaufin\u00e9e. \u00ab The Power is Mine \u00bb commence plus tranquillement, mais son interpr\u00e9tation est incroyable. \u00ab One More Time \u00bb contraste entre les voix harsh, les paroles combatives et les rythmes joueurs et dansants. \u00ab Dignity Under Attack \u00bb est un autre morceau puissant avec une touche d\u2019indus. \u00ab Limits to Madness \u00bb n\u2019est pas en reste en mati\u00e8re de puissance et d\u2019intensit\u00e9. On revient \u00e0 des rythmes d\u2019EBM plus classiques avec \u00ab Ride \u00bb, le morceau le plus long de l\u2019album, pr\u00e9sentant un d\u00e9veloppement int\u00e9ressant dans la deuxi\u00e8me partie. Autre morceau prenant, \u00ab Landside \u00bb comporte une jolie m\u00e9lodie aux synth\u00e9s. \u00ab Angel \u00bb, au contraire, est plus rock et me rappelle parfois <strong>Rage<\/strong> <strong>Agains<\/strong>t The Machine. Intense, avec des rythmes rapides comme l\u2019\u00e9clair, \u00ab The End \u00bb me rappelle, j\u2019ignore pourquoi, la drum n\u2019 bass. Enfin, on finit sur un autre morceau \u00e9crasant, \u00ab Fearless \u00bb, le premier single de l\u2019album, sorti fin 2019. Ce n\u2019est sans doute pas demain la veille qu\u2019on se retrouvera propuls\u00e9 par un disque pr\u00e9sentant la m\u00eame intensit\u00e9 que ce <em>Godless<\/em> de <strong>Pro<\/strong> <strong>Patria<\/strong>.<\/span><\/p>\t\t\t\t\t\t\t\t<\/div>\n\t\t\t\t<\/div>\n\t\t\t\t\t<\/div>\n\t\t<\/div>\n\t\t\t\t<div class=\"penci-ercol-33 penci-ercol-order-2 penci-sticky-sb penci-sidebarSC   elementor-column elementor-col-33 elementor-top-column elementor-element elementor-element-13548ca\" data-id=\"13548ca\" data-element_type=\"column\" data-e-type=\"column\">\n\t\t\t<div class=\"elementor-widget-wrap elementor-element-populated\">\n\t\t\t\t\t\t<div class=\"elementor-element elementor-element-2985a61 elementor-widget elementor-widget-shortcode\" data-id=\"2985a61\" data-element_type=\"widget\" data-e-type=\"widget\" data-widget_type=\"shortcode.default\">\n\t\t\t\t<div class=\"elementor-widget-container\">\n\t\t\t\t\t\t\t<div class=\"elementor-shortcode\"><iframe style=\"border: 0; width: 350px; height: 786px;\" src=\"https:\/\/bandcamp.com\/EmbeddedPlayer\/album=1976778409\/size=large\/bgcol=ffffff\/linkcol=0687f5\/transparent=true\/\" seamless><a href=\"https:\/\/propatria.bandcamp.com\/album\/godless\">Godless by Pro Patria<\/a><\/iframe><\/div>\n\t\t\t\t\t\t<\/div>\n\t\t\t\t<\/div>\n\t\t\t\t\t<\/div>\n\t\t<\/div>\n\t\t\t\t\t<\/div>\n\t\t<\/section>\n\t\t\t\t<\/div>\n\t\t","protected":false},"excerpt":{"rendered":"<p>On avait bien besoin d\u2019un disque de Pro Patria. Et pas qu\u2019un peu. \u00c7a faisait&hellip;<\/p>\n","protected":false},"author":1,"featured_media":29573,"comment_status":"open","ping_status":"open","sticky":false,"template":"","format":"standard","meta":{"_lmt_disableupdate":"","_lmt_disable":"","footnotes":""},"categories":[43],"tags":[500,320,603],"class_list":["post-30213","post","type-post","status-publish","format-standard","has-post-thumbnail","hentry","category-critiques","tag-dark-electro-fr","tag-ebm-2-fr","tag-electro-fr"],"yoast_head":"<!-- This site is optimized with the Yoast SEO plugin v27.4 - https:\/\/yoast.com\/product\/yoast-seo-wordpress\/ -->\n<title>Pro Patria - Godless &#8212; El Garaje de Frank<\/title>\n<meta name=\"description\" content=\"Critiques &#8212; Critique du nouvel album de Pro Patria, Godless.\" \/>\n<meta name=\"robots\" content=\"index, follow, max-snippet:-1, max-image-preview:large, max-video-preview:-1\" \/>\n<link rel=\"canonical\" href=\"https:\/\/elgarajedefrank.es\/fr\/pro-patria-godless\/\" \/>\n<meta property=\"og:locale\" content=\"fr_FR\" \/>\n<meta property=\"og:type\" content=\"article\" \/>\n<meta property=\"og:title\" content=\"Pro Patria - Godless &#8212; El Garaje de Frank\" \/>\n<meta property=\"og:description\" content=\"Critiques &#8212; Critique du nouvel album de Pro Patria, Godless.\" \/>\n<meta property=\"og:url\" content=\"https:\/\/elgarajedefrank.es\/fr\/pro-patria-godless\/\" \/>\n<meta property=\"og:site_name\" content=\"El Garaje de Frank\" \/>\n<meta property=\"article:publisher\" content=\"https:\/\/www.facebook.com\/elgarajedefrank\/\" \/>\n<meta property=\"article:author\" content=\"https:\/\/www.facebook.com\/elgarajedefrank\/\" \/>\n<meta property=\"article:published_time\" content=\"2021-03-23T14:26:10+00:00\" \/>\n<meta property=\"article:modified_time\" content=\"2022-04-14T17:58:00+00:00\" \/>\n<meta property=\"og:image\" content=\"https:\/\/elgarajedefrank.es\/wp-content\/uploads\/2021\/03\/a3932066069_10.jpg\" \/>\n\t<meta property=\"og:image:width\" content=\"1200\" \/>\n\t<meta property=\"og:image:height\" content=\"1200\" \/>\n\t<meta property=\"og:image:type\" content=\"image\/jpeg\" \/>\n<meta name=\"author\" content=\"Fran\u00e7ois Zappa\" \/>\n<meta name=\"twitter:card\" content=\"summary_large_image\" \/>\n<meta name=\"twitter:label1\" content=\"\u00c9crit par\" \/>\n\t<meta name=\"twitter:data1\" content=\"Fran\u00e7ois Zappa\" \/>\n\t<meta name=\"twitter:label2\" content=\"Dur\u00e9e de lecture estim\u00e9e\" \/>\n\t<meta name=\"twitter:data2\" content=\"2 minutes\" \/>\n<script type=\"application\/ld+json\" class=\"yoast-schema-graph\">{\"@context\":\"https:\\\/\\\/schema.org\",\"@graph\":[{\"@type\":\"Article\",\"@id\":\"https:\\\/\\\/elgarajedefrank.es\\\/fr\\\/pro-patria-godless\\\/#article\",\"isPartOf\":{\"@id\":\"https:\\\/\\\/elgarajedefrank.es\\\/fr\\\/pro-patria-godless\\\/\"},\"author\":{\"name\":\"Fran\u00e7ois Zappa\",\"@id\":\"https:\\\/\\\/elgarajedefrank.es\\\/fr\\\/#\\\/schema\\\/person\\\/d709c9c33f5f405d44c6c9397889ba15\"},\"headline\":\"Pro Patria &#8211; Godless\",\"datePublished\":\"2021-03-23T14:26:10+00:00\",\"dateModified\":\"2022-04-14T17:58:00+00:00\",\"mainEntityOfPage\":{\"@id\":\"https:\\\/\\\/elgarajedefrank.es\\\/fr\\\/pro-patria-godless\\\/\"},\"wordCount\":452,\"commentCount\":0,\"publisher\":{\"@id\":\"https:\\\/\\\/elgarajedefrank.es\\\/fr\\\/#\\\/schema\\\/person\\\/d709c9c33f5f405d44c6c9397889ba15\"},\"image\":{\"@id\":\"https:\\\/\\\/elgarajedefrank.es\\\/fr\\\/pro-patria-godless\\\/#primaryimage\"},\"thumbnailUrl\":\"https:\\\/\\\/elgarajedefrank.es\\\/wp-content\\\/uploads\\\/2021\\\/03\\\/a3932066069_10.jpg\",\"keywords\":[\"Dark electro\",\"EBM\",\"Electro\"],\"articleSection\":[\"Critiques\"],\"inLanguage\":\"fr-FR\",\"potentialAction\":[{\"@type\":\"CommentAction\",\"name\":\"Comment\",\"target\":[\"https:\\\/\\\/elgarajedefrank.es\\\/fr\\\/pro-patria-godless\\\/#respond\"]}]},{\"@type\":\"WebPage\",\"@id\":\"https:\\\/\\\/elgarajedefrank.es\\\/fr\\\/pro-patria-godless\\\/\",\"url\":\"https:\\\/\\\/elgarajedefrank.es\\\/fr\\\/pro-patria-godless\\\/\",\"name\":\"Pro Patria - Godless &#8212; El Garaje de Frank\",\"isPartOf\":{\"@id\":\"https:\\\/\\\/elgarajedefrank.es\\\/fr\\\/#website\"},\"primaryImageOfPage\":{\"@id\":\"https:\\\/\\\/elgarajedefrank.es\\\/fr\\\/pro-patria-godless\\\/#primaryimage\"},\"image\":{\"@id\":\"https:\\\/\\\/elgarajedefrank.es\\\/fr\\\/pro-patria-godless\\\/#primaryimage\"},\"thumbnailUrl\":\"https:\\\/\\\/elgarajedefrank.es\\\/wp-content\\\/uploads\\\/2021\\\/03\\\/a3932066069_10.jpg\",\"datePublished\":\"2021-03-23T14:26:10+00:00\",\"dateModified\":\"2022-04-14T17:58:00+00:00\",\"description\":\"Critiques &#8212; Critique du nouvel album de Pro Patria, Godless.\",\"breadcrumb\":{\"@id\":\"https:\\\/\\\/elgarajedefrank.es\\\/fr\\\/pro-patria-godless\\\/#breadcrumb\"},\"inLanguage\":\"fr-FR\",\"potentialAction\":[{\"@type\":\"ReadAction\",\"target\":[\"https:\\\/\\\/elgarajedefrank.es\\\/fr\\\/pro-patria-godless\\\/\"]}]},{\"@type\":\"ImageObject\",\"inLanguage\":\"fr-FR\",\"@id\":\"https:\\\/\\\/elgarajedefrank.es\\\/fr\\\/pro-patria-godless\\\/#primaryimage\",\"url\":\"https:\\\/\\\/elgarajedefrank.es\\\/wp-content\\\/uploads\\\/2021\\\/03\\\/a3932066069_10.jpg\",\"contentUrl\":\"https:\\\/\\\/elgarajedefrank.es\\\/wp-content\\\/uploads\\\/2021\\\/03\\\/a3932066069_10.jpg\",\"width\":1200,\"height\":1200},{\"@type\":\"BreadcrumbList\",\"@id\":\"https:\\\/\\\/elgarajedefrank.es\\\/fr\\\/pro-patria-godless\\\/#breadcrumb\",\"itemListElement\":[{\"@type\":\"ListItem\",\"position\":1,\"name\":\"Inicio\",\"item\":\"https:\\\/\\\/elgarajedefrank.es\\\/fr\\\/\"},{\"@type\":\"ListItem\",\"position\":2,\"name\":\"Critiques\",\"item\":\"https:\\\/\\\/elgarajedefrank.es\\\/fr\\\/category\\\/critiques\\\/\"},{\"@type\":\"ListItem\",\"position\":3,\"name\":\"Pro Patria &#8211; Godless\"}]},{\"@type\":\"WebSite\",\"@id\":\"https:\\\/\\\/elgarajedefrank.es\\\/fr\\\/#website\",\"url\":\"https:\\\/\\\/elgarajedefrank.es\\\/fr\\\/\",\"name\":\"El Garaje de Frank\",\"description\":\"Music magazine\",\"publisher\":{\"@id\":\"https:\\\/\\\/elgarajedefrank.es\\\/fr\\\/#\\\/schema\\\/person\\\/d709c9c33f5f405d44c6c9397889ba15\"},\"potentialAction\":[{\"@type\":\"SearchAction\",\"target\":{\"@type\":\"EntryPoint\",\"urlTemplate\":\"https:\\\/\\\/elgarajedefrank.es\\\/fr\\\/?s={search_term_string}\"},\"query-input\":{\"@type\":\"PropertyValueSpecification\",\"valueRequired\":true,\"valueName\":\"search_term_string\"}}],\"inLanguage\":\"fr-FR\"},{\"@type\":[\"Person\",\"Organization\"],\"@id\":\"https:\\\/\\\/elgarajedefrank.es\\\/fr\\\/#\\\/schema\\\/person\\\/d709c9c33f5f405d44c6c9397889ba15\",\"name\":\"Fran\u00e7ois Zappa\",\"image\":{\"@type\":\"ImageObject\",\"inLanguage\":\"fr-FR\",\"@id\":\"https:\\\/\\\/elgarajedefrank.es\\\/wp-content\\\/uploads\\\/2019\\\/10\\\/IMG_8278-150x150.jpg\",\"url\":\"https:\\\/\\\/elgarajedefrank.es\\\/wp-content\\\/uploads\\\/2019\\\/10\\\/IMG_8278-150x150.jpg\",\"contentUrl\":\"https:\\\/\\\/elgarajedefrank.es\\\/wp-content\\\/uploads\\\/2019\\\/10\\\/IMG_8278-150x150.jpg\",\"caption\":\"Fran\u00e7ois Zappa\"},\"logo\":{\"@id\":\"https:\\\/\\\/elgarajedefrank.es\\\/wp-content\\\/uploads\\\/2019\\\/10\\\/IMG_8278-150x150.jpg\"},\"sameAs\":[\"https:\\\/\\\/www.facebook.com\\\/elgarajedefrank\\\/\",\"https:\\\/\\\/www.instagram.com\\\/elgarajedefrank\\\/\"]}]}<\/script>\n<!-- \/ Yoast SEO plugin. -->","yoast_head_json":{"title":"Pro Patria - Godless &#8212; El Garaje de Frank","description":"Critiques &#8212; Critique du nouvel album de Pro Patria, Godless.","robots":{"index":"index","follow":"follow","max-snippet":"max-snippet:-1","max-image-preview":"max-image-preview:large","max-video-preview":"max-video-preview:-1"},"canonical":"https:\/\/elgarajedefrank.es\/fr\/pro-patria-godless\/","og_locale":"fr_FR","og_type":"article","og_title":"Pro Patria - Godless &#8212; El Garaje de Frank","og_description":"Critiques &#8212; Critique du nouvel album de Pro Patria, Godless.","og_url":"https:\/\/elgarajedefrank.es\/fr\/pro-patria-godless\/","og_site_name":"El Garaje de Frank","article_publisher":"https:\/\/www.facebook.com\/elgarajedefrank\/","article_author":"https:\/\/www.facebook.com\/elgarajedefrank\/","article_published_time":"2021-03-23T14:26:10+00:00","article_modified_time":"2022-04-14T17:58:00+00:00","og_image":[{"width":1200,"height":1200,"url":"https:\/\/elgarajedefrank.es\/wp-content\/uploads\/2021\/03\/a3932066069_10.jpg","type":"image\/jpeg"}],"author":"Fran\u00e7ois Zappa","twitter_card":"summary_large_image","twitter_misc":{"\u00c9crit par":"Fran\u00e7ois Zappa","Dur\u00e9e de lecture estim\u00e9e":"2 minutes"},"schema":{"@context":"https:\/\/schema.org","@graph":[{"@type":"Article","@id":"https:\/\/elgarajedefrank.es\/fr\/pro-patria-godless\/#article","isPartOf":{"@id":"https:\/\/elgarajedefrank.es\/fr\/pro-patria-godless\/"},"author":{"name":"Fran\u00e7ois Zappa","@id":"https:\/\/elgarajedefrank.es\/fr\/#\/schema\/person\/d709c9c33f5f405d44c6c9397889ba15"},"headline":"Pro Patria &#8211; Godless","datePublished":"2021-03-23T14:26:10+00:00","dateModified":"2022-04-14T17:58:00+00:00","mainEntityOfPage":{"@id":"https:\/\/elgarajedefrank.es\/fr\/pro-patria-godless\/"},"wordCount":452,"commentCount":0,"publisher":{"@id":"https:\/\/elgarajedefrank.es\/fr\/#\/schema\/person\/d709c9c33f5f405d44c6c9397889ba15"},"image":{"@id":"https:\/\/elgarajedefrank.es\/fr\/pro-patria-godless\/#primaryimage"},"thumbnailUrl":"https:\/\/elgarajedefrank.es\/wp-content\/uploads\/2021\/03\/a3932066069_10.jpg","keywords":["Dark electro","EBM","Electro"],"articleSection":["Critiques"],"inLanguage":"fr-FR","potentialAction":[{"@type":"CommentAction","name":"Comment","target":["https:\/\/elgarajedefrank.es\/fr\/pro-patria-godless\/#respond"]}]},{"@type":"WebPage","@id":"https:\/\/elgarajedefrank.es\/fr\/pro-patria-godless\/","url":"https:\/\/elgarajedefrank.es\/fr\/pro-patria-godless\/","name":"Pro Patria - Godless &#8212; El Garaje de Frank","isPartOf":{"@id":"https:\/\/elgarajedefrank.es\/fr\/#website"},"primaryImageOfPage":{"@id":"https:\/\/elgarajedefrank.es\/fr\/pro-patria-godless\/#primaryimage"},"image":{"@id":"https:\/\/elgarajedefrank.es\/fr\/pro-patria-godless\/#primaryimage"},"thumbnailUrl":"https:\/\/elgarajedefrank.es\/wp-content\/uploads\/2021\/03\/a3932066069_10.jpg","datePublished":"2021-03-23T14:26:10+00:00","dateModified":"2022-04-14T17:58:00+00:00","description":"Critiques &#8212; Critique du nouvel album de Pro Patria, Godless.","breadcrumb":{"@id":"https:\/\/elgarajedefrank.es\/fr\/pro-patria-godless\/#breadcrumb"},"inLanguage":"fr-FR","potentialAction":[{"@type":"ReadAction","target":["https:\/\/elgarajedefrank.es\/fr\/pro-patria-godless\/"]}]},{"@type":"ImageObject","inLanguage":"fr-FR","@id":"https:\/\/elgarajedefrank.es\/fr\/pro-patria-godless\/#primaryimage","url":"https:\/\/elgarajedefrank.es\/wp-content\/uploads\/2021\/03\/a3932066069_10.jpg","contentUrl":"https:\/\/elgarajedefrank.es\/wp-content\/uploads\/2021\/03\/a3932066069_10.jpg","width":1200,"height":1200},{"@type":"BreadcrumbList","@id":"https:\/\/elgarajedefrank.es\/fr\/pro-patria-godless\/#breadcrumb","itemListElement":[{"@type":"ListItem","position":1,"name":"Inicio","item":"https:\/\/elgarajedefrank.es\/fr\/"},{"@type":"ListItem","position":2,"name":"Critiques","item":"https:\/\/elgarajedefrank.es\/fr\/category\/critiques\/"},{"@type":"ListItem","position":3,"name":"Pro Patria &#8211; Godless"}]},{"@type":"WebSite","@id":"https:\/\/elgarajedefrank.es\/fr\/#website","url":"https:\/\/elgarajedefrank.es\/fr\/","name":"El Garaje de Frank","description":"Music magazine","publisher":{"@id":"https:\/\/elgarajedefrank.es\/fr\/#\/schema\/person\/d709c9c33f5f405d44c6c9397889ba15"},"potentialAction":[{"@type":"SearchAction","target":{"@type":"EntryPoint","urlTemplate":"https:\/\/elgarajedefrank.es\/fr\/?s={search_term_string}"},"query-input":{"@type":"PropertyValueSpecification","valueRequired":true,"valueName":"search_term_string"}}],"inLanguage":"fr-FR"},{"@type":["Person","Organization"],"@id":"https:\/\/elgarajedefrank.es\/fr\/#\/schema\/person\/d709c9c33f5f405d44c6c9397889ba15","name":"Fran\u00e7ois Zappa","image":{"@type":"ImageObject","inLanguage":"fr-FR","@id":"https:\/\/elgarajedefrank.es\/wp-content\/uploads\/2019\/10\/IMG_8278-150x150.jpg","url":"https:\/\/elgarajedefrank.es\/wp-content\/uploads\/2019\/10\/IMG_8278-150x150.jpg","contentUrl":"https:\/\/elgarajedefrank.es\/wp-content\/uploads\/2019\/10\/IMG_8278-150x150.jpg","caption":"Fran\u00e7ois Zappa"},"logo":{"@id":"https:\/\/elgarajedefrank.es\/wp-content\/uploads\/2019\/10\/IMG_8278-150x150.jpg"},"sameAs":["https:\/\/www.facebook.com\/elgarajedefrank\/","https:\/\/www.instagram.com\/elgarajedefrank\/"]}]}},"_links":{"self":[{"href":"https:\/\/elgarajedefrank.es\/fr\/wp-json\/wp\/v2\/posts\/30213","targetHints":{"allow":["GET"]}}],"collection":[{"href":"https:\/\/elgarajedefrank.es\/fr\/wp-json\/wp\/v2\/posts"}],"about":[{"href":"https:\/\/elgarajedefrank.es\/fr\/wp-json\/wp\/v2\/types\/post"}],"author":[{"embeddable":true,"href":"https:\/\/elgarajedefrank.es\/fr\/wp-json\/wp\/v2\/users\/1"}],"replies":[{"embeddable":true,"href":"https:\/\/elgarajedefrank.es\/fr\/wp-json\/wp\/v2\/comments?post=30213"}],"version-history":[{"count":0,"href":"https:\/\/elgarajedefrank.es\/fr\/wp-json\/wp\/v2\/posts\/30213\/revisions"}],"wp:featuredmedia":[{"embeddable":true,"href":"https:\/\/elgarajedefrank.es\/fr\/wp-json\/wp\/v2\/media\/29573"}],"wp:attachment":[{"href":"https:\/\/elgarajedefrank.es\/fr\/wp-json\/wp\/v2\/media?parent=30213"}],"wp:term":[{"taxonomy":"category","embeddable":true,"href":"https:\/\/elgarajedefrank.es\/fr\/wp-json\/wp\/v2\/categories?post=30213"},{"taxonomy":"post_tag","embeddable":true,"href":"https:\/\/elgarajedefrank.es\/fr\/wp-json\/wp\/v2\/tags?post=30213"}],"curies":[{"name":"wp","href":"https:\/\/api.w.org\/{rel}","templated":true}]}}