{"id":28871,"date":"2021-02-07T17:23:29","date_gmt":"2021-02-07T16:23:29","guid":{"rendered":"https:\/\/elgarajedefrank.es\/?p=28871"},"modified":"2022-04-15T19:24:38","modified_gmt":"2022-04-15T17:24:38","slug":"enzo-kreft-different-world","status":"publish","type":"post","link":"https:\/\/elgarajedefrank.es\/fr\/enzo-kreft-different-world\/","title":{"rendered":"Enzo Kreft &#8211; Different World"},"content":{"rendered":"\t\t<div data-elementor-type=\"wp-post\" data-elementor-id=\"28871\" class=\"elementor elementor-28871\" data-elementor-post-type=\"post\">\n\t\t\t\t\t\t<section class=\"penci-section penci-disSticky penci-structure-22 elementor-section elementor-top-section elementor-element elementor-element-bd96e6e elementor-section-boxed elementor-section-height-default elementor-section-height-default\" data-id=\"bd96e6e\" data-element_type=\"section\" data-e-type=\"section\">\n\t\t\t\t\t\t<div class=\"elementor-container elementor-column-gap-default\">\n\t\t\t\t\t<div class=\"penci-ercol-66 penci-ercol-order-1 penci-sticky-ct    elementor-column elementor-col-66 elementor-top-column elementor-element elementor-element-678cfb7\" data-id=\"678cfb7\" data-element_type=\"column\" data-e-type=\"column\">\n\t\t\t<div class=\"elementor-widget-wrap elementor-element-populated\">\n\t\t\t\t\t\t<div class=\"elementor-element elementor-element-467daf0 elementor-widget elementor-widget-text-editor\" data-id=\"467daf0\" data-element_type=\"widget\" data-e-type=\"widget\" data-widget_type=\"text-editor.default\">\n\t\t\t\t<div class=\"elementor-widget-container\">\n\t\t\t\t\t\t\t\t\t<p><span style=\"color: #000000; font-family: georgia, palatino, serif; font-size: 12pt;\">Les musiciens doivent-ils exprimer le reflet de la r\u00e9alit\u00e9 ou essayer de nous faire voyager dans des mondes diff\u00e9rents\u2009? Jusqu\u2019\u00e0 pr\u00e9sent, <strong>Enzo<\/strong> <strong>Kreft<\/strong> a choisi la seconde option, mais apr\u00e8s avoir vu que la r\u00e9alit\u00e9 \u00e9tait plus \u00e9trange que la fiction, il a d\u00e9cid\u00e9 de d\u00e9crire un monde diff\u00e9rent, qui, malheureusement, est le n\u00f4tre. <em>Different World<\/em> rassemble plusieurs aspects de ce cauchemar que nous avons appel\u00e9 2020, des th\u00e9ories du complot \u00e0 la peur suscit\u00e9e par cette nouvelle pand\u00e9mie. L\u2019album a \u00e9t\u00e9 enregistr\u00e9 par <strong>Enzo<\/strong> <strong>Kreft<\/strong> de chez lui avec des r\u00e9sultats remarquables. Le prestigieux label Wool-E Discs (l\u2019un de nos pr\u00e9f\u00e9r\u00e9s) l\u2019a sorti sur CD et au format digital.<\/span><\/p><p><span style=\"color: #000000; font-family: georgia, palatino, serif; font-size: 12pt;\">Dans <em>Different World<\/em>, on retrouve 12\u00a0titres o\u00f9 se m\u00e9langent synthpop, \u00e9lectro et darkwave, ce qui cr\u00e9e un album aux inspirations diverses. Comme dans tout grand album, on retrouve une intro intitul\u00e9e \u00ab\u2009Day Zero\u2009\u00bb qui nous donne un premier aper\u00e7u de l\u2019inspiration d\u2019Enzo dans cet album. \u00ab\u2009Woke up this morning\u2009\u00bb, l\u2019un des meilleurs morceaux de l\u2019album, pr\u00e9sente une inspiration synth-pop post-apocalyptique, et pourrait \u00eatre un single parfait. \u00ab\u2009Viral Paranoia\u2009\u00bb est une chanson plus \u00e9lectro sur le nombre impressionnant de th\u00e9ories et de conspirations qui ont fleuri dans le sillage de la pand\u00e9mie. La suivante, \u00ab\u2009Breathtaking Beast\u2009\u00bb peut aussi \u00eatre consid\u00e9r\u00e9e comme un single \u00e0 part enti\u00e8re. Avec un d\u00e9but qui me rappelle fortement <strong>Vangelis<\/strong>, elle repr\u00e9sente l\u2019un des autres meilleurs moments de l\u2019album. \u00ab\u2009Nature Isn\u2019t Bound By Brothers\u2009\u00bb a un l\u00e9ger air \u00e9voquant les albums classiques de <strong>Gary<\/strong> <strong>Numan<\/strong>, tandis que \u00ab\u2009Zoonotic Transfer\u2009\u00bb comporte un rythme dynamique et quelques voix robotis\u00e9es. Quant \u00e0 \u00ab\u2009Pandora Box in Permafrost\u2009\u00bb, il s\u2019agit d\u2019un morceau presque instrumental qui nous rappelle que nous sommes au milieu de l\u2019album.<\/span><\/p><p><span style=\"color: #000000; font-family: georgia, palatino, serif; font-size: 12pt;\">\u00ab\u2009Far Beyond Our Means\u2009\u00bb aurait sans aucun doute pu \u00eatre un hit dans les ann\u00e9es\u00a080, car c\u2019est un titre formidablement commercial (dans le bon sens du terme), accrocheur et avec un rythme g\u00e9nial. \u00c0 l\u2019inverse, \u00ab\u2009Ostrich Politics\u2009\u00bb est une chanson sombre, inqui\u00e9tante et bien plus lente, une critique accablante envers les politiciens. \u00ab\u2009The Legacy\u2009\u00bb est un titre sombre, \u00e0 l\u2019image de notre futur. On approche de la fin avec \u00ab\u2009It\u2019s going on and on\u2009\u00bb, premier single incroyable de dar synthpop. Enfin, \u00ab\u2009Anthroposcene end\u2009\u00bb, v\u00e9ritable chef-d\u2019\u0153uvre apocalyptique qui ravira tous les amateurs de synth, cl\u00f4t l\u2019album. Une fin parfaite pour un album tout aussi merveilleux.<\/span><\/p><p><span style=\"color: #800080;\"><strong><span style=\"font-family: georgia, palatino, serif; font-size: 12pt;\">Traduction: R\u00e9mi<\/span><\/strong><\/span><\/p>\t\t\t\t\t\t\t\t<\/div>\n\t\t\t\t<\/div>\n\t\t\t\t\t<\/div>\n\t\t<\/div>\n\t\t\t\t<div class=\"penci-ercol-33 penci-ercol-order-2 penci-sticky-sb penci-sidebarSC   elementor-column elementor-col-33 elementor-top-column elementor-element elementor-element-a7ef1ef\" data-id=\"a7ef1ef\" data-element_type=\"column\" data-e-type=\"column\">\n\t\t\t<div class=\"elementor-widget-wrap elementor-element-populated\">\n\t\t\t\t\t\t<div class=\"elementor-element elementor-element-dbca4e9 elementor-widget elementor-widget-shortcode\" data-id=\"dbca4e9\" data-element_type=\"widget\" data-e-type=\"widget\" data-widget_type=\"shortcode.default\">\n\t\t\t\t<div class=\"elementor-widget-container\">\n\t\t\t\t\t\t\t<div class=\"elementor-shortcode\"><iframe style=\"border: 0; width: 350px; height: 786px;\" src=\"https:\/\/bandcamp.com\/EmbeddedPlayer\/album=3062490499\/size=large\/bgcol=ffffff\/linkcol=0687f5\/transparent=true\/\" seamless><a href=\"https:\/\/enzokreft.bandcamp.com\/album\/different-world\">Different World by Enzo Kreft<\/a><\/iframe><\/div>\n\t\t\t\t\t\t<\/div>\n\t\t\t\t<\/div>\n\t\t\t\t\t<\/div>\n\t\t<\/div>\n\t\t\t\t\t<\/div>\n\t\t<\/section>\n\t\t\t\t<\/div>\n\t\t","protected":false},"excerpt":{"rendered":"<p>Les musiciens doivent-ils exprimer le reflet de la r\u00e9alit\u00e9 ou essayer de nous faire voyager&hellip;<\/p>\n","protected":false},"author":1,"featured_media":28863,"comment_status":"open","ping_status":"open","sticky":false,"template":"","format":"standard","meta":{"_lmt_disableupdate":"","_lmt_disable":"","footnotes":""},"categories":[43],"tags":[314,603,416],"class_list":["post-28871","post","type-post","status-publish","format-standard","has-post-thumbnail","hentry","category-critiques","tag-darkwave-fr","tag-electro-fr","tag-synthpop-2-fr"],"yoast_head":"<!-- This site is optimized with the Yoast SEO plugin v27.4 - https:\/\/yoast.com\/product\/yoast-seo-wordpress\/ -->\n<title>Enzo Kreft - Different World &#8212; El Garaje de Frank<\/title>\n<meta name=\"description\" content=\"Critiques &#8212; Critique du nouvel album d&#039;Enzo Kreft, &quot;Different World&quot;.\" \/>\n<meta name=\"robots\" content=\"index, follow, max-snippet:-1, max-image-preview:large, max-video-preview:-1\" \/>\n<link rel=\"canonical\" href=\"https:\/\/elgarajedefrank.es\/fr\/enzo-kreft-different-world\/\" \/>\n<meta property=\"og:locale\" content=\"fr_FR\" \/>\n<meta property=\"og:type\" content=\"article\" \/>\n<meta property=\"og:title\" content=\"Enzo Kreft - Different World &#8212; El Garaje de Frank\" \/>\n<meta property=\"og:description\" content=\"Critiques &#8212; Critique du nouvel album d&#039;Enzo Kreft, &quot;Different World&quot;.\" \/>\n<meta property=\"og:url\" content=\"https:\/\/elgarajedefrank.es\/fr\/enzo-kreft-different-world\/\" \/>\n<meta property=\"og:site_name\" content=\"El Garaje de Frank\" \/>\n<meta property=\"article:publisher\" content=\"https:\/\/www.facebook.com\/elgarajedefrank\/\" \/>\n<meta property=\"article:author\" content=\"https:\/\/www.facebook.com\/elgarajedefrank\/\" \/>\n<meta property=\"article:published_time\" content=\"2021-02-07T16:23:29+00:00\" \/>\n<meta property=\"article:modified_time\" content=\"2022-04-15T17:24:38+00:00\" \/>\n<meta property=\"og:image\" content=\"https:\/\/elgarajedefrank.es\/wp-content\/uploads\/2021\/02\/a3257556881_10.jpg\" \/>\n\t<meta property=\"og:image:width\" content=\"1200\" \/>\n\t<meta property=\"og:image:height\" content=\"1200\" \/>\n\t<meta property=\"og:image:type\" content=\"image\/jpeg\" \/>\n<meta name=\"author\" content=\"Fran\u00e7ois Zappa\" \/>\n<meta name=\"twitter:card\" content=\"summary_large_image\" \/>\n<meta name=\"twitter:label1\" content=\"\u00c9crit par\" \/>\n\t<meta name=\"twitter:data1\" content=\"Fran\u00e7ois Zappa\" \/>\n\t<meta name=\"twitter:label2\" content=\"Dur\u00e9e de lecture estim\u00e9e\" \/>\n\t<meta name=\"twitter:data2\" content=\"2 minutes\" \/>\n<script type=\"application\/ld+json\" class=\"yoast-schema-graph\">{\"@context\":\"https:\\\/\\\/schema.org\",\"@graph\":[{\"@type\":\"Article\",\"@id\":\"https:\\\/\\\/elgarajedefrank.es\\\/fr\\\/enzo-kreft-different-world\\\/#article\",\"isPartOf\":{\"@id\":\"https:\\\/\\\/elgarajedefrank.es\\\/fr\\\/enzo-kreft-different-world\\\/\"},\"author\":{\"name\":\"Fran\u00e7ois Zappa\",\"@id\":\"https:\\\/\\\/elgarajedefrank.es\\\/fr\\\/#\\\/schema\\\/person\\\/d709c9c33f5f405d44c6c9397889ba15\"},\"headline\":\"Enzo Kreft &#8211; Different World\",\"datePublished\":\"2021-02-07T16:23:29+00:00\",\"dateModified\":\"2022-04-15T17:24:38+00:00\",\"mainEntityOfPage\":{\"@id\":\"https:\\\/\\\/elgarajedefrank.es\\\/fr\\\/enzo-kreft-different-world\\\/\"},\"wordCount\":447,\"commentCount\":0,\"publisher\":{\"@id\":\"https:\\\/\\\/elgarajedefrank.es\\\/fr\\\/#\\\/schema\\\/person\\\/d709c9c33f5f405d44c6c9397889ba15\"},\"image\":{\"@id\":\"https:\\\/\\\/elgarajedefrank.es\\\/fr\\\/enzo-kreft-different-world\\\/#primaryimage\"},\"thumbnailUrl\":\"https:\\\/\\\/elgarajedefrank.es\\\/wp-content\\\/uploads\\\/2021\\\/02\\\/a3257556881_10.jpg\",\"keywords\":[\"Darkwave\",\"Electro\",\"Synthpop\"],\"articleSection\":[\"Critiques\"],\"inLanguage\":\"fr-FR\",\"potentialAction\":[{\"@type\":\"CommentAction\",\"name\":\"Comment\",\"target\":[\"https:\\\/\\\/elgarajedefrank.es\\\/fr\\\/enzo-kreft-different-world\\\/#respond\"]}]},{\"@type\":\"WebPage\",\"@id\":\"https:\\\/\\\/elgarajedefrank.es\\\/fr\\\/enzo-kreft-different-world\\\/\",\"url\":\"https:\\\/\\\/elgarajedefrank.es\\\/fr\\\/enzo-kreft-different-world\\\/\",\"name\":\"Enzo Kreft - Different World &#8212; El Garaje de Frank\",\"isPartOf\":{\"@id\":\"https:\\\/\\\/elgarajedefrank.es\\\/fr\\\/#website\"},\"primaryImageOfPage\":{\"@id\":\"https:\\\/\\\/elgarajedefrank.es\\\/fr\\\/enzo-kreft-different-world\\\/#primaryimage\"},\"image\":{\"@id\":\"https:\\\/\\\/elgarajedefrank.es\\\/fr\\\/enzo-kreft-different-world\\\/#primaryimage\"},\"thumbnailUrl\":\"https:\\\/\\\/elgarajedefrank.es\\\/wp-content\\\/uploads\\\/2021\\\/02\\\/a3257556881_10.jpg\",\"datePublished\":\"2021-02-07T16:23:29+00:00\",\"dateModified\":\"2022-04-15T17:24:38+00:00\",\"description\":\"Critiques &#8212; Critique du nouvel album d'Enzo Kreft, \\\"Different World\\\".\",\"breadcrumb\":{\"@id\":\"https:\\\/\\\/elgarajedefrank.es\\\/fr\\\/enzo-kreft-different-world\\\/#breadcrumb\"},\"inLanguage\":\"fr-FR\",\"potentialAction\":[{\"@type\":\"ReadAction\",\"target\":[\"https:\\\/\\\/elgarajedefrank.es\\\/fr\\\/enzo-kreft-different-world\\\/\"]}]},{\"@type\":\"ImageObject\",\"inLanguage\":\"fr-FR\",\"@id\":\"https:\\\/\\\/elgarajedefrank.es\\\/fr\\\/enzo-kreft-different-world\\\/#primaryimage\",\"url\":\"https:\\\/\\\/elgarajedefrank.es\\\/wp-content\\\/uploads\\\/2021\\\/02\\\/a3257556881_10.jpg\",\"contentUrl\":\"https:\\\/\\\/elgarajedefrank.es\\\/wp-content\\\/uploads\\\/2021\\\/02\\\/a3257556881_10.jpg\",\"width\":1200,\"height\":1200},{\"@type\":\"BreadcrumbList\",\"@id\":\"https:\\\/\\\/elgarajedefrank.es\\\/fr\\\/enzo-kreft-different-world\\\/#breadcrumb\",\"itemListElement\":[{\"@type\":\"ListItem\",\"position\":1,\"name\":\"Inicio\",\"item\":\"https:\\\/\\\/elgarajedefrank.es\\\/fr\\\/\"},{\"@type\":\"ListItem\",\"position\":2,\"name\":\"Critiques\",\"item\":\"https:\\\/\\\/elgarajedefrank.es\\\/fr\\\/category\\\/critiques\\\/\"},{\"@type\":\"ListItem\",\"position\":3,\"name\":\"Enzo Kreft &#8211; Different World\"}]},{\"@type\":\"WebSite\",\"@id\":\"https:\\\/\\\/elgarajedefrank.es\\\/fr\\\/#website\",\"url\":\"https:\\\/\\\/elgarajedefrank.es\\\/fr\\\/\",\"name\":\"El Garaje de Frank\",\"description\":\"Music magazine\",\"publisher\":{\"@id\":\"https:\\\/\\\/elgarajedefrank.es\\\/fr\\\/#\\\/schema\\\/person\\\/d709c9c33f5f405d44c6c9397889ba15\"},\"potentialAction\":[{\"@type\":\"SearchAction\",\"target\":{\"@type\":\"EntryPoint\",\"urlTemplate\":\"https:\\\/\\\/elgarajedefrank.es\\\/fr\\\/?s={search_term_string}\"},\"query-input\":{\"@type\":\"PropertyValueSpecification\",\"valueRequired\":true,\"valueName\":\"search_term_string\"}}],\"inLanguage\":\"fr-FR\"},{\"@type\":[\"Person\",\"Organization\"],\"@id\":\"https:\\\/\\\/elgarajedefrank.es\\\/fr\\\/#\\\/schema\\\/person\\\/d709c9c33f5f405d44c6c9397889ba15\",\"name\":\"Fran\u00e7ois Zappa\",\"image\":{\"@type\":\"ImageObject\",\"inLanguage\":\"fr-FR\",\"@id\":\"https:\\\/\\\/elgarajedefrank.es\\\/wp-content\\\/uploads\\\/2019\\\/10\\\/IMG_8278-150x150.jpg\",\"url\":\"https:\\\/\\\/elgarajedefrank.es\\\/wp-content\\\/uploads\\\/2019\\\/10\\\/IMG_8278-150x150.jpg\",\"contentUrl\":\"https:\\\/\\\/elgarajedefrank.es\\\/wp-content\\\/uploads\\\/2019\\\/10\\\/IMG_8278-150x150.jpg\",\"caption\":\"Fran\u00e7ois Zappa\"},\"logo\":{\"@id\":\"https:\\\/\\\/elgarajedefrank.es\\\/wp-content\\\/uploads\\\/2019\\\/10\\\/IMG_8278-150x150.jpg\"},\"sameAs\":[\"https:\\\/\\\/www.facebook.com\\\/elgarajedefrank\\\/\",\"https:\\\/\\\/www.instagram.com\\\/elgarajedefrank\\\/\"]}]}<\/script>\n<!-- \/ Yoast SEO plugin. -->","yoast_head_json":{"title":"Enzo Kreft - Different World &#8212; El Garaje de Frank","description":"Critiques &#8212; Critique du nouvel album d'Enzo Kreft, \"Different World\".","robots":{"index":"index","follow":"follow","max-snippet":"max-snippet:-1","max-image-preview":"max-image-preview:large","max-video-preview":"max-video-preview:-1"},"canonical":"https:\/\/elgarajedefrank.es\/fr\/enzo-kreft-different-world\/","og_locale":"fr_FR","og_type":"article","og_title":"Enzo Kreft - Different World &#8212; El Garaje de Frank","og_description":"Critiques &#8212; Critique du nouvel album d'Enzo Kreft, \"Different World\".","og_url":"https:\/\/elgarajedefrank.es\/fr\/enzo-kreft-different-world\/","og_site_name":"El Garaje de Frank","article_publisher":"https:\/\/www.facebook.com\/elgarajedefrank\/","article_author":"https:\/\/www.facebook.com\/elgarajedefrank\/","article_published_time":"2021-02-07T16:23:29+00:00","article_modified_time":"2022-04-15T17:24:38+00:00","og_image":[{"width":1200,"height":1200,"url":"https:\/\/elgarajedefrank.es\/wp-content\/uploads\/2021\/02\/a3257556881_10.jpg","type":"image\/jpeg"}],"author":"Fran\u00e7ois Zappa","twitter_card":"summary_large_image","twitter_misc":{"\u00c9crit par":"Fran\u00e7ois Zappa","Dur\u00e9e de lecture estim\u00e9e":"2 minutes"},"schema":{"@context":"https:\/\/schema.org","@graph":[{"@type":"Article","@id":"https:\/\/elgarajedefrank.es\/fr\/enzo-kreft-different-world\/#article","isPartOf":{"@id":"https:\/\/elgarajedefrank.es\/fr\/enzo-kreft-different-world\/"},"author":{"name":"Fran\u00e7ois Zappa","@id":"https:\/\/elgarajedefrank.es\/fr\/#\/schema\/person\/d709c9c33f5f405d44c6c9397889ba15"},"headline":"Enzo Kreft &#8211; Different World","datePublished":"2021-02-07T16:23:29+00:00","dateModified":"2022-04-15T17:24:38+00:00","mainEntityOfPage":{"@id":"https:\/\/elgarajedefrank.es\/fr\/enzo-kreft-different-world\/"},"wordCount":447,"commentCount":0,"publisher":{"@id":"https:\/\/elgarajedefrank.es\/fr\/#\/schema\/person\/d709c9c33f5f405d44c6c9397889ba15"},"image":{"@id":"https:\/\/elgarajedefrank.es\/fr\/enzo-kreft-different-world\/#primaryimage"},"thumbnailUrl":"https:\/\/elgarajedefrank.es\/wp-content\/uploads\/2021\/02\/a3257556881_10.jpg","keywords":["Darkwave","Electro","Synthpop"],"articleSection":["Critiques"],"inLanguage":"fr-FR","potentialAction":[{"@type":"CommentAction","name":"Comment","target":["https:\/\/elgarajedefrank.es\/fr\/enzo-kreft-different-world\/#respond"]}]},{"@type":"WebPage","@id":"https:\/\/elgarajedefrank.es\/fr\/enzo-kreft-different-world\/","url":"https:\/\/elgarajedefrank.es\/fr\/enzo-kreft-different-world\/","name":"Enzo Kreft - Different World &#8212; El Garaje de Frank","isPartOf":{"@id":"https:\/\/elgarajedefrank.es\/fr\/#website"},"primaryImageOfPage":{"@id":"https:\/\/elgarajedefrank.es\/fr\/enzo-kreft-different-world\/#primaryimage"},"image":{"@id":"https:\/\/elgarajedefrank.es\/fr\/enzo-kreft-different-world\/#primaryimage"},"thumbnailUrl":"https:\/\/elgarajedefrank.es\/wp-content\/uploads\/2021\/02\/a3257556881_10.jpg","datePublished":"2021-02-07T16:23:29+00:00","dateModified":"2022-04-15T17:24:38+00:00","description":"Critiques &#8212; Critique du nouvel album d'Enzo Kreft, \"Different World\".","breadcrumb":{"@id":"https:\/\/elgarajedefrank.es\/fr\/enzo-kreft-different-world\/#breadcrumb"},"inLanguage":"fr-FR","potentialAction":[{"@type":"ReadAction","target":["https:\/\/elgarajedefrank.es\/fr\/enzo-kreft-different-world\/"]}]},{"@type":"ImageObject","inLanguage":"fr-FR","@id":"https:\/\/elgarajedefrank.es\/fr\/enzo-kreft-different-world\/#primaryimage","url":"https:\/\/elgarajedefrank.es\/wp-content\/uploads\/2021\/02\/a3257556881_10.jpg","contentUrl":"https:\/\/elgarajedefrank.es\/wp-content\/uploads\/2021\/02\/a3257556881_10.jpg","width":1200,"height":1200},{"@type":"BreadcrumbList","@id":"https:\/\/elgarajedefrank.es\/fr\/enzo-kreft-different-world\/#breadcrumb","itemListElement":[{"@type":"ListItem","position":1,"name":"Inicio","item":"https:\/\/elgarajedefrank.es\/fr\/"},{"@type":"ListItem","position":2,"name":"Critiques","item":"https:\/\/elgarajedefrank.es\/fr\/category\/critiques\/"},{"@type":"ListItem","position":3,"name":"Enzo Kreft &#8211; Different World"}]},{"@type":"WebSite","@id":"https:\/\/elgarajedefrank.es\/fr\/#website","url":"https:\/\/elgarajedefrank.es\/fr\/","name":"El Garaje de Frank","description":"Music magazine","publisher":{"@id":"https:\/\/elgarajedefrank.es\/fr\/#\/schema\/person\/d709c9c33f5f405d44c6c9397889ba15"},"potentialAction":[{"@type":"SearchAction","target":{"@type":"EntryPoint","urlTemplate":"https:\/\/elgarajedefrank.es\/fr\/?s={search_term_string}"},"query-input":{"@type":"PropertyValueSpecification","valueRequired":true,"valueName":"search_term_string"}}],"inLanguage":"fr-FR"},{"@type":["Person","Organization"],"@id":"https:\/\/elgarajedefrank.es\/fr\/#\/schema\/person\/d709c9c33f5f405d44c6c9397889ba15","name":"Fran\u00e7ois Zappa","image":{"@type":"ImageObject","inLanguage":"fr-FR","@id":"https:\/\/elgarajedefrank.es\/wp-content\/uploads\/2019\/10\/IMG_8278-150x150.jpg","url":"https:\/\/elgarajedefrank.es\/wp-content\/uploads\/2019\/10\/IMG_8278-150x150.jpg","contentUrl":"https:\/\/elgarajedefrank.es\/wp-content\/uploads\/2019\/10\/IMG_8278-150x150.jpg","caption":"Fran\u00e7ois Zappa"},"logo":{"@id":"https:\/\/elgarajedefrank.es\/wp-content\/uploads\/2019\/10\/IMG_8278-150x150.jpg"},"sameAs":["https:\/\/www.facebook.com\/elgarajedefrank\/","https:\/\/www.instagram.com\/elgarajedefrank\/"]}]}},"_links":{"self":[{"href":"https:\/\/elgarajedefrank.es\/fr\/wp-json\/wp\/v2\/posts\/28871","targetHints":{"allow":["GET"]}}],"collection":[{"href":"https:\/\/elgarajedefrank.es\/fr\/wp-json\/wp\/v2\/posts"}],"about":[{"href":"https:\/\/elgarajedefrank.es\/fr\/wp-json\/wp\/v2\/types\/post"}],"author":[{"embeddable":true,"href":"https:\/\/elgarajedefrank.es\/fr\/wp-json\/wp\/v2\/users\/1"}],"replies":[{"embeddable":true,"href":"https:\/\/elgarajedefrank.es\/fr\/wp-json\/wp\/v2\/comments?post=28871"}],"version-history":[{"count":0,"href":"https:\/\/elgarajedefrank.es\/fr\/wp-json\/wp\/v2\/posts\/28871\/revisions"}],"wp:featuredmedia":[{"embeddable":true,"href":"https:\/\/elgarajedefrank.es\/fr\/wp-json\/wp\/v2\/media\/28863"}],"wp:attachment":[{"href":"https:\/\/elgarajedefrank.es\/fr\/wp-json\/wp\/v2\/media?parent=28871"}],"wp:term":[{"taxonomy":"category","embeddable":true,"href":"https:\/\/elgarajedefrank.es\/fr\/wp-json\/wp\/v2\/categories?post=28871"},{"taxonomy":"post_tag","embeddable":true,"href":"https:\/\/elgarajedefrank.es\/fr\/wp-json\/wp\/v2\/tags?post=28871"}],"curies":[{"name":"wp","href":"https:\/\/api.w.org\/{rel}","templated":true}]}}