{"id":28073,"date":"2020-12-29T14:44:58","date_gmt":"2020-12-29T13:44:58","guid":{"rendered":"https:\/\/elgarajedefrank.es\/?p=28073"},"modified":"2020-12-29T15:15:19","modified_gmt":"2020-12-29T14:15:19","slug":"le-meilleur-de-2020","status":"publish","type":"post","link":"https:\/\/elgarajedefrank.es\/fr\/le-meilleur-de-2020\/","title":{"rendered":"Le meilleur de 2020"},"content":{"rendered":"<p><span style=\"font-family: georgia, palatino, serif; font-size: 12pt;\">On se rappellera 2020 comme une ann\u00e9e horrible : beaucoup de gens ont perdu des \u00eatres proches, d\u2019autres ont perdu leur travail ou leur commerce, et tout le monde a perdu presque un an de sa vie. Beaucoup de promoteurs ont d\u00fb d\u00e9caler une, deux, voire trois fois leurs concerts, et aucun festival ou presque n\u2019a \u00e9t\u00e9 organis\u00e9. L\u2019hallucinante affiche du Darkmad devra attendre 2021, le W-Fest n\u2019a pas eu lieu, tout comme le Sinners Day, l\u2019Ombra ou encore le\u00a0Wroclaw Industrial Festival annul\u00e9 une semaine avant sa date. On avait m\u00eame des billets pour aller voir les<strong>\u00a0Misfits<\/strong> au Mexique, mais on a rat\u00e9 cette occasion unique. On a seulement pu se rendre au Li\u00e8ge New Wave Festival ainsi qu\u2019aux concerts organis\u00e9s par Andr\u00e9s Noarbe \u00e0 La Casa Encendida, qui nous ont apport\u00e9 un peu de joie. Dans mon cas, \u00e7a a \u00e9galement \u00e9t\u00e9 l\u2019ann\u00e9e o\u00f9 j\u2019ai achet\u00e9 le plus de CD et \u00e9cout\u00e9 le plus de musique. Mes compagnons du Garaje ont fait la critique de certains, mais 24 heures ne suffisent pas dans une journ\u00e9e. Voici notre r\u00e9trospective de l\u2019ann\u00e9e :<\/span><\/p>\n<p><span style=\"font-size: 12pt; font-family: georgia, palatino, serif;\"><strong>Classiques.<\/strong><\/span><\/p>\n<p><span style=\"font-family: georgia, palatino, serif; font-size: 12pt;\"><img fetchpriority=\"high\" decoding=\"async\" class=\"alignleft wp-image-28049\" src=\"https:\/\/elgarajedefrank.es\/wp-content\/uploads\/2020\/12\/descarga.jpeg\" alt=\"\" width=\"417\" height=\"373\" \/><\/span><\/p>\n<p><span style=\"font-family: georgia, palatino, serif; font-size: 12pt;\">On n\u2019a pas eu l\u2019occasion de parler d\u2019eux, mais deux groupes classiques ont d\u00e9montr\u00e9 que l\u2019exp\u00e9rience est un grade. Apr\u00e8s 40 ans de carri\u00e8re, <strong>Einst\u00fcrzende Neubauten<\/strong> se sont de nouveau r\u00e9invent\u00e9s dans leur dernier disque, \u00e9motif et transgresseur, tandis qu\u2019<strong>Esple<\/strong><strong>ndor Geom\u00e9trico\u00a0<\/strong>ont d\u00e9montr\u00e9 \u00e0 nouveau qu\u2019ils sont les rois de l\u2019indus en sortant une autre \u0153uvre incroyable.\u00a0<strong>Dirk Da Davo<\/strong> nous a apport\u00e9 un \u00e9norme EP compos\u00e9 avec le mexicain <strong>Sanchez<\/strong> sous le nom de <strong>DD Sanchez<\/strong>. <strong>The Breath of Life <\/strong>nous ont de nouveau surpris avec 11 morceaux irr\u00e9sistibles.<\/span><\/p>\n<p><span style=\"font-family: georgia, palatino, serif; font-size: 12pt;\"><strong>Jean-Marc Lederman<\/strong>, pr\u00e9c\u00e9demment dans <strong>The Weathermen<\/strong>, a sorti trois disques en 2020, dont <em>Letters To Gods (and Fallen Angels)<\/em>, qui fait sans aucun doute partie de notre top 10. Les autres disques instrumentaux qu\u2019il a sorti sont \u00e9galement r\u00e9alis\u00e9s d\u2019une main de ma\u00eetre. Je reconnais \u00e9galement que je n\u2019ai pas pu \u00e9couter le dernier disque de <strong>Dive, <\/strong>mais \u00e9tant donn\u00e9 qu\u2019il existe une \u00e9dition sp\u00e9ciale dans laquelle figurent les magnifiques photos de notre cher Patrice Hoerner, je pense que je ne tarderai pas longtemps avant de me l\u2019approprier.<\/span><\/p>\n<p><span style=\"font-family: georgia, palatino, serif; font-size: 12pt;\">On ne se lasse pas non plus de parler de <strong>Philippe Laurent<\/strong> et d\u2019<strong>Enzo Kreft<\/strong>. Le premier nous a propos\u00e9 deux morceaux d\u2019improvisation tandis que le second a sorti deux tubes, hors d\u2019\u0153uvres de son prochain album.<\/span><\/p>\n<p><span style=\"font-size: 12pt; font-family: georgia, palatino, serif;\"><strong>Modern Classics<\/strong><\/span><\/p>\n<p><span style=\"font-family: georgia, palatino, serif; font-size: 12pt;\">L\u2019une des grosses surprises de l\u2019ann\u00e9e nous vient de <strong>Then Comes Silence<\/strong> et de leur extraordinaire <em>Machine<\/em>, un pas de g\u00e9ant pour leur carri\u00e8re. En parlant de machines, il faut \u00e9galement qu\u2019on s\u2019arr\u00eate sur l\u2019EP de <strong>Minuit Machine<\/strong> que nous avons \u00e9galement ador\u00e9. <strong>Fatal Casualties, <\/strong>avec leur <em>Lullaby for Helsinki\u00a0<\/em>ont \u00e9galement sorti l\u2019un de nos albums pr\u00e9f\u00e9r\u00e9s de l\u2019ann\u00e9e, tout comme <strong>Black Needle Noise\u00a0<\/strong>et leur album de reprises\u00a0<em>This Mortal Cover.<\/em><\/span><\/p>\n<p><span style=\"font-size: 12pt; font-family: georgia, palatino, serif;\"><strong>La nouvelle obscurit\u00e9.<\/strong><\/span><\/p>\n<p><span style=\"font-family: georgia, palatino, serif; font-size: 12pt;\"><img decoding=\"async\" class=\"alignright wp-image-27163\" src=\"https:\/\/elgarajedefrank.es\/wp-content\/uploads\/2020\/12\/a3477524601_10-300x300.jpg\" alt=\"\" width=\"390\" height=\"390\" srcset=\"https:\/\/elgarajedefrank.es\/wp-content\/uploads\/2020\/12\/a3477524601_10-300x300.jpg 300w, https:\/\/elgarajedefrank.es\/wp-content\/uploads\/2020\/12\/a3477524601_10-1024x1024.jpg 1024w, https:\/\/elgarajedefrank.es\/wp-content\/uploads\/2020\/12\/a3477524601_10-150x150.jpg 150w, https:\/\/elgarajedefrank.es\/wp-content\/uploads\/2020\/12\/a3477524601_10-768x768.jpg 768w, https:\/\/elgarajedefrank.es\/wp-content\/uploads\/2020\/12\/a3477524601_10-1170x1170.jpg 1170w, https:\/\/elgarajedefrank.es\/wp-content\/uploads\/2020\/12\/a3477524601_10-585x585.jpg 585w, https:\/\/elgarajedefrank.es\/wp-content\/uploads\/2020\/12\/a3477524601_10-50x50.jpg 50w, https:\/\/elgarajedefrank.es\/wp-content\/uploads\/2020\/12\/a3477524601_10.jpg 1200w\" sizes=\"(max-width: 390px) 100vw, 390px\" \/>Deux groupes nous ont permis de mieux supporter les durs mois de la pand\u00e9mie : <strong>The Sea At Midnight<\/strong> qui a sign\u00e9 ma chanson pr\u00e9f\u00e9r\u00e9e de 2020, \u00ab Edge of the World \u00bb, et <strong>Scenius<\/strong> qui ont compos\u00e9 un autre superbe album rempli de romantisme. N\u2019oublions pas non plus <strong>Dover Lights<\/strong> qui m\u2019ont conquis avec seulement deux singles.<\/span><\/p>\n<p><span style=\"font-family: georgia, palatino, serif; font-size: 12pt;\">\u00c0 noter que nous avons \u00e9galement ador\u00e9 l\u2019EP <em>Lockdown<\/em> d\u2019<strong>OCD <\/strong>et le\u00a0<em>Nowhere<\/em> de <strong>Des \u00c2mes Libres. <\/strong>Le disque qui m\u2019a le plus surpris est sans aucun doute celui des polonais <strong>xDZVONx, <\/strong>sans oublier les montagnes russes sign\u00e9es par <strong>Controversial<\/strong> avec leur <em>Second Genesis<\/em>.<\/span><\/p>\n<p><span style=\"font-family: georgia, palatino, serif; font-size: 12pt;\">On a \u00e9galement d\u00e9couvert des groupes comme <strong>Painted Romans<\/strong> qui, \u00e0 part leur magnifique EP, comptent \u00e9galement \u00e0 leur actif une longue discographique qui vaut la peine d\u2019\u00eatre \u00e9cout\u00e9e. Pendant un mois, nous avons \u00e9galement parl\u00e9 de la saga de <strong>Factheory<\/strong>\/<strong>Unsaid<\/strong>\/<strong>Amazing Games<\/strong> et de <strong>Metaphysical Machinery,<\/strong> qui, entre r\u00e9\u00e9ditions, morceaux inconnus, singles et EPs, nous ont offert une bonne poign\u00e9e de chansons.<\/span><\/p>\n<p><span style=\"font-family: georgia, palatino, serif; font-size: 12pt;\">Passons au terrain plus \u00e9lectronique, dans lequel nous devons parler de\u00a0<strong>NNHMN<\/strong> et de leurs deux EPs ahurissants, du dernier album de <strong>True Zebra, <\/strong>ainsi que des deux puissants EP de nos amis de <strong>Zwaremachine. <\/strong><strong>Hexadiode<\/strong>, que ce soit avec leur disque ou leurs remix (que nous devons encore critiquer) ont \u00e9galement \u00e9t\u00e9 un v\u00e9ritable rayon de soleil dans l\u2019obscurit\u00e9. Autre habitu\u00e9 du Garaje, le musicien fran\u00e7ais\u00a0<strong>Spiryt <\/strong>nous a offert deux fantastiques disques instrumentaux. Bien qu\u2019il fut publi\u00e9 en d\u00e9cembre 2019, l\u2019<em>Animal Shadows<\/em> de <strong>Echoic Memory\u00a0<\/strong>a \u00e9galement sa place ici.<\/span><\/p>\n<p><span style=\"font-family: georgia, palatino, serif; font-size: 12pt;\">Le meilleur disque en live, et certainement le meilleur concert qu\u2019on a vu cette ann\u00e9e, revient au <em>We Can Play In A Living Room<\/em> de <strong>Dear Deer<\/strong>.<\/span><\/p>\n<p><span style=\"font-family: georgia, palatino, serif; font-size: 12pt;\">J\u2019ajoute \u00e9galement <strong>Seven Federations <\/strong>pour ses int\u00e9ressants singles d\u2019un album dont on vous parlera bient\u00f4t.<\/span><\/p>\n<p><span style=\"font-size: 12pt; font-family: georgia, palatino, serif;\"><strong><img decoding=\"async\" class=\"wp-image-24774 alignleft\" src=\"https:\/\/elgarajedefrank.es\/wp-content\/uploads\/2020\/08\/dddd-300x300.jpg\" alt=\"\" width=\"398\" height=\"398\" srcset=\"https:\/\/elgarajedefrank.es\/wp-content\/uploads\/2020\/08\/dddd-300x300.jpg 300w, https:\/\/elgarajedefrank.es\/wp-content\/uploads\/2020\/08\/dddd-1024x1024.jpg 1024w, https:\/\/elgarajedefrank.es\/wp-content\/uploads\/2020\/08\/dddd-150x150.jpg 150w, https:\/\/elgarajedefrank.es\/wp-content\/uploads\/2020\/08\/dddd-768x768.jpg 768w, https:\/\/elgarajedefrank.es\/wp-content\/uploads\/2020\/08\/dddd-1536x1536.jpg 1536w, https:\/\/elgarajedefrank.es\/wp-content\/uploads\/2020\/08\/dddd-2048x2048.jpg 2048w, https:\/\/elgarajedefrank.es\/wp-content\/uploads\/2020\/08\/dddd-scaled.jpg 1920w, https:\/\/elgarajedefrank.es\/wp-content\/uploads\/2020\/08\/dddd-1170x1170.jpg 1170w, https:\/\/elgarajedefrank.es\/wp-content\/uploads\/2020\/08\/dddd-585x585.jpg 585w\" sizes=\"(max-width: 398px) 100vw, 398px\" \/>Nos paris pour 2021.<\/strong><\/span><\/p>\n<p><span style=\"font-family: georgia, palatino, serif; font-size: 12pt;\">Il y a tellement d\u2019artistes qui ont publi\u00e9 de bon matos cette ann\u00e9e qu\u2019il nous a \u00e9t\u00e9 difficile de tout suivre. Voici donc une liste de ceux qu\u2019on aimerait mettre en avant :\u00a0<strong>\u2013ii\u2013<\/strong>, <strong>In A Darkened Room<\/strong>, <strong>Elle Noir<\/strong>, <strong>Julien Shah-Taylor<\/strong>, <strong>Black Angel<\/strong>, <strong>Handsome Abomination<\/strong>, <strong>[needle]<\/strong>, Poisoned Hestia, <strong>Thrillsville<\/strong> y <strong>Lefki Symphonia<\/strong>.<\/span><\/p>\n<p><span style=\"font-size: 12pt; font-family: georgia, palatino, serif;\"><strong>Nos labels.<\/strong><\/span><\/p>\n<p><span style=\"font-family: georgia, palatino, serif; font-size: 12pt;\">Deux labels ont \u00e9t\u00e9 tr\u00e8s pr\u00e9sents dans el Garaje et sur nos reproducteurs : Unknown Pleasures (et son sous-label +Closer2) et Other Voice Records. Le premier a sorti du mat\u00e9riel tr\u00e8s int\u00e9ressant comme <em>Vanishing Smile<\/em> de <strong>Follow Me Not<\/strong>, le nouvel album de <strong>Chris Shape<\/strong>, de <strong>La Main <\/strong>et le merveilleux disque en hommage \u00e0\u00a0<strong>Death In June<\/strong>. En outre, <strong>Chemical Waves<\/strong> a sorti pas moins de deux disques cette ann\u00e9e, dont le ph\u00e9nom\u00e9nal <em>Even When We Fall Apart. <\/em>Quant au label russe, il a publi\u00e9 <strong>Fritch<\/strong>, <em>Colossalist<\/em> de <strong>Vukovar<\/strong>, et du matos qu\u2019on a ador\u00e9, comme <strong>They\/Live<\/strong>, <strong>Tristan B <\/strong>ou <strong>Korine<\/strong>.<\/span><\/p>\n<p><span style=\"font-size: 12pt; font-family: georgia, palatino, serif;\"><strong>D\u00e9lices turcs.<\/strong><\/span><\/p>\n<p><span style=\"font-family: georgia, palatino, serif; font-size: 12pt;\">L\u2019un de nos lecteurs nous commentait qu\u2019il \u00e9tait surpris par la quantit\u00e9 de groupes en provenance de Turquie. Il est vrai qu\u2019on leur a d\u00e9di\u00e9 un espace particulier, mais il est vrai que des artistes comme <strong>Aux Animaux <\/strong>(r\u00e9sidente en Su\u00e8de) nous a conquis depuis le d\u00e9but et son EP <em>Stockolm Syndrome <\/em>nous a enchant\u00e9s. On a m\u00eame inaugur\u00e9 notre section de vid\u00e9os avec elle. En outre, gr\u00e2ce \u00e0 son interview, nous avons connu <strong>A<\/strong><strong>ffet Robot, <\/strong>qui nous a apport\u00e9 un magnifique EP, et <strong>Rain To Dust,\u00a0<\/strong>l\u2019un des favoris de nos lecteurs.<\/span><\/p>\n<p><span style=\"font-size: 12pt; font-family: georgia, palatino, serif;\"><strong>Pendant ce temps, en Espagne&#8230;<\/strong><\/span><\/p>\n<p><span style=\"font-family: georgia, palatino, serif; font-size: 12pt;\"><img loading=\"lazy\" decoding=\"async\" class=\"wp-image-21911 alignright\" src=\"https:\/\/elgarajedefrank.es\/wp-content\/uploads\/2020\/07\/a3527433386_10-300x300.jpg\" alt=\"\" width=\"395\" height=\"395\" srcset=\"https:\/\/elgarajedefrank.es\/wp-content\/uploads\/2020\/07\/a3527433386_10-300x300.jpg 300w, https:\/\/elgarajedefrank.es\/wp-content\/uploads\/2020\/07\/a3527433386_10-1024x1024.jpg 1024w, https:\/\/elgarajedefrank.es\/wp-content\/uploads\/2020\/07\/a3527433386_10-150x150.jpg 150w, https:\/\/elgarajedefrank.es\/wp-content\/uploads\/2020\/07\/a3527433386_10-768x768.jpg 768w, https:\/\/elgarajedefrank.es\/wp-content\/uploads\/2020\/07\/a3527433386_10-1170x1170.jpg 1170w, https:\/\/elgarajedefrank.es\/wp-content\/uploads\/2020\/07\/a3527433386_10-585x585.jpg 585w, https:\/\/elgarajedefrank.es\/wp-content\/uploads\/2020\/07\/a3527433386_10.jpg 1200w\" sizes=\"(max-width: 395px) 100vw, 395px\" \/>Nous avons comment\u00e9 en long en large et en travers le fabuleux disque de <strong>Paranormales<\/strong>, autre chef-d\u2019\u0153uvre de l\u2019ann\u00e9e. En outre, deux groupes que nous avons vus en live cette ann\u00e9e,\u00a0<strong>Dilk<\/strong> et <strong>Sindicato Vertical,<\/strong> ont publi\u00e9 de tr\u00e8s bons albums. On a \u00e9galement ador\u00e9 <em>Es u<\/em><em>na Bestia<\/em> de <strong>Wladyslaw Trejo<\/strong> qu\u2019on va acheter en vinyle.\u00a0On a \u00e9galement ador\u00e9 le travail <strong>Mandelbrot<\/strong> et on attend son deuxi\u00e8me album avec impatience. Sans oublier <strong>SERCH, <\/strong>qui ont sorti un album, des singles, des remix, des EP, des collaborations&#8230; D\u2019autre part, les singles de\u00a0<strong>Ramos Dual y Yul Navarro<\/strong> nous ont conquis. Pour les fans de la dark electro, <strong>Vein Cramp <\/strong>ont \u00e9galement sorti un EP.<\/span><\/p>\n<p><span style=\"font-family: georgia, palatino, serif; font-size: 12pt;\">Mention sp\u00e9ciale pour le disque de <strong>Lume, <\/strong>sorti \u00e0 la fin de l\u2019ann\u00e9e derni\u00e8re et qui nous a accompagn\u00e9s pendant les premiers mois de l\u2019ann\u00e9e.<\/span><\/p>\n<p><span style=\"font-size: 12pt; font-family: georgia, palatino, serif;\"><strong>Dansez, dansez.<\/strong><\/span><\/p>\n<p><span style=\"font-family: georgia, palatino, serif; font-size: 12pt;\">\u00c0 notre retour \u00e0 Madrid nous avons \u00e9t\u00e9 surpris de la quantit\u00e9 de labels de musique \u00e9lectronique qu\u2019on a connus et qui sortent du mat\u00e9riel de qualit\u00e9 :\u00a0Industrias Mekanicas (ph\u00e9nom\u00e9nal mini LP de<strong> Mova <\/strong>et\u00a0<em>Antikhrist Visions Vol. 2<\/em>,), Femur (<strong>Cold Color<\/strong>), Frigio Records (<em>All Stars Vol.3<\/em>) et Barro (<em>Amato 2 in 1 + remixes<\/em>) ont sonn\u00e9 sur nos platines et rendu moins tristes nos danses dans le salon.<\/span><\/p>\n<p><span style=\"font-family: georgia, palatino, serif; font-size: 12pt;\">Voici enfin une petite liste d\u2019EP hautement recommand\u00e9s : <em>The Way of the Penitent<\/em> d\u2019<strong>Arabian Panther\u00a0<\/strong>vous fera voyager un peu avec ses sonorit\u00e9s arabisantes. C<em>ause of Chaos<\/em> de <strong>Unhuman et Petra Flurr <\/strong>r\u00e9unit indus, EBM et dark electro, tout ce qu\u2019on aime au Garaje. L\u2019acid de l\u2019<em>Insurrecci\u00f3n<\/em> de <strong>Komando Terrorismo S\u00f3nico<\/strong>, une collaboration de <strong>Tensal<\/strong> et <strong>Reeko,<\/strong> apportera un peu de folie pour votre r\u00e9veillon du Nouvel An. Enfin, la beaut\u00e9 de <em>Morning For Loss <\/em>de <strong>Depressor <\/strong>fera ressurgir des larmes refoul\u00e9es depuis trop longtemps, v\u00e9ritable th\u00e9rapie pour la fin tant attendue de cette horrible ann\u00e9e.<\/span><\/p>\n","protected":false},"excerpt":{"rendered":"<p>On se rappellera 2020 comme une ann\u00e9e horrible : beaucoup de gens ont perdu des&hellip;<\/p>\n","protected":false},"author":1,"featured_media":28083,"comment_status":"open","ping_status":"open","sticky":false,"template":"","format":"standard","meta":{"_lmt_disableupdate":"","_lmt_disable":"","footnotes":""},"categories":[440],"tags":[500,314,320,368,392,416],"class_list":["post-28073","post","type-post","status-publish","format-standard","has-post-thumbnail","hentry","category-infos","tag-dark-electro-fr","tag-darkwave-fr","tag-ebm-2-fr","tag-musique-industrielle","tag-post-punk-fr","tag-synthpop-2-fr"],"yoast_head":"<!-- This site is optimized with the Yoast SEO plugin v27.4 - https:\/\/yoast.com\/product\/yoast-seo-wordpress\/ -->\n<title>Le meilleur de 2020 &#8212; El Garaje de Frank<\/title>\n<meta name=\"description\" content=\"&#8212; Notre s\u00e9lection pour cette ann\u00e9e 2020.\" \/>\n<meta name=\"robots\" content=\"index, follow, max-snippet:-1, max-image-preview:large, max-video-preview:-1\" \/>\n<link rel=\"canonical\" href=\"https:\/\/elgarajedefrank.es\/fr\/le-meilleur-de-2020\/\" \/>\n<meta property=\"og:locale\" content=\"fr_FR\" \/>\n<meta property=\"og:type\" content=\"article\" \/>\n<meta property=\"og:title\" content=\"Le meilleur de 2020 &#8212; El Garaje de Frank\" \/>\n<meta property=\"og:description\" content=\"&#8212; Notre s\u00e9lection pour cette ann\u00e9e 2020.\" \/>\n<meta property=\"og:url\" content=\"https:\/\/elgarajedefrank.es\/fr\/le-meilleur-de-2020\/\" \/>\n<meta property=\"og:site_name\" content=\"El Garaje de Frank\" \/>\n<meta property=\"article:publisher\" content=\"https:\/\/www.facebook.com\/elgarajedefrank\/\" \/>\n<meta property=\"article:author\" content=\"https:\/\/www.facebook.com\/elgarajedefrank\/\" \/>\n<meta property=\"article:published_time\" content=\"2020-12-29T13:44:58+00:00\" \/>\n<meta property=\"article:modified_time\" content=\"2020-12-29T14:15:19+00:00\" \/>\n<meta property=\"og:image\" content=\"https:\/\/elgarajedefrank.es\/wp-content\/uploads\/2020\/12\/Portada-2020_fr.png\" \/>\n\t<meta property=\"og:image:width\" content=\"1750\" \/>\n\t<meta property=\"og:image:height\" content=\"1009\" \/>\n\t<meta property=\"og:image:type\" content=\"image\/png\" \/>\n<meta name=\"author\" content=\"Fran\u00e7ois Zappa\" \/>\n<meta name=\"twitter:card\" content=\"summary_large_image\" \/>\n<meta name=\"twitter:label1\" content=\"\u00c9crit par\" \/>\n\t<meta name=\"twitter:data1\" content=\"Fran\u00e7ois Zappa\" \/>\n\t<meta name=\"twitter:label2\" content=\"Dur\u00e9e de lecture estim\u00e9e\" \/>\n\t<meta name=\"twitter:data2\" content=\"7 minutes\" \/>\n<script type=\"application\/ld+json\" class=\"yoast-schema-graph\">{\"@context\":\"https:\\\/\\\/schema.org\",\"@graph\":[{\"@type\":\"Article\",\"@id\":\"https:\\\/\\\/elgarajedefrank.es\\\/fr\\\/le-meilleur-de-2020\\\/#article\",\"isPartOf\":{\"@id\":\"https:\\\/\\\/elgarajedefrank.es\\\/fr\\\/le-meilleur-de-2020\\\/\"},\"author\":{\"name\":\"Fran\u00e7ois Zappa\",\"@id\":\"https:\\\/\\\/elgarajedefrank.es\\\/fr\\\/#\\\/schema\\\/person\\\/d709c9c33f5f405d44c6c9397889ba15\"},\"headline\":\"Le meilleur de 2020\",\"datePublished\":\"2020-12-29T13:44:58+00:00\",\"dateModified\":\"2020-12-29T14:15:19+00:00\",\"mainEntityOfPage\":{\"@id\":\"https:\\\/\\\/elgarajedefrank.es\\\/fr\\\/le-meilleur-de-2020\\\/\"},\"wordCount\":1473,\"commentCount\":0,\"publisher\":{\"@id\":\"https:\\\/\\\/elgarajedefrank.es\\\/fr\\\/#\\\/schema\\\/person\\\/d709c9c33f5f405d44c6c9397889ba15\"},\"image\":{\"@id\":\"https:\\\/\\\/elgarajedefrank.es\\\/fr\\\/le-meilleur-de-2020\\\/#primaryimage\"},\"thumbnailUrl\":\"https:\\\/\\\/elgarajedefrank.es\\\/wp-content\\\/uploads\\\/2020\\\/12\\\/Portada-2020_fr.png\",\"keywords\":[\"Dark electro\",\"Darkwave\",\"EBM\",\"Musique industrielle\",\"Post-punk\",\"Synthpop\"],\"articleSection\":[\"Infos\"],\"inLanguage\":\"fr-FR\",\"potentialAction\":[{\"@type\":\"CommentAction\",\"name\":\"Comment\",\"target\":[\"https:\\\/\\\/elgarajedefrank.es\\\/fr\\\/le-meilleur-de-2020\\\/#respond\"]}]},{\"@type\":\"WebPage\",\"@id\":\"https:\\\/\\\/elgarajedefrank.es\\\/fr\\\/le-meilleur-de-2020\\\/\",\"url\":\"https:\\\/\\\/elgarajedefrank.es\\\/fr\\\/le-meilleur-de-2020\\\/\",\"name\":\"Le meilleur de 2020 &#8212; El Garaje de Frank\",\"isPartOf\":{\"@id\":\"https:\\\/\\\/elgarajedefrank.es\\\/fr\\\/#website\"},\"primaryImageOfPage\":{\"@id\":\"https:\\\/\\\/elgarajedefrank.es\\\/fr\\\/le-meilleur-de-2020\\\/#primaryimage\"},\"image\":{\"@id\":\"https:\\\/\\\/elgarajedefrank.es\\\/fr\\\/le-meilleur-de-2020\\\/#primaryimage\"},\"thumbnailUrl\":\"https:\\\/\\\/elgarajedefrank.es\\\/wp-content\\\/uploads\\\/2020\\\/12\\\/Portada-2020_fr.png\",\"datePublished\":\"2020-12-29T13:44:58+00:00\",\"dateModified\":\"2020-12-29T14:15:19+00:00\",\"description\":\"&#8212; Notre s\u00e9lection pour cette ann\u00e9e 2020.\",\"breadcrumb\":{\"@id\":\"https:\\\/\\\/elgarajedefrank.es\\\/fr\\\/le-meilleur-de-2020\\\/#breadcrumb\"},\"inLanguage\":\"fr-FR\",\"potentialAction\":[{\"@type\":\"ReadAction\",\"target\":[\"https:\\\/\\\/elgarajedefrank.es\\\/fr\\\/le-meilleur-de-2020\\\/\"]}]},{\"@type\":\"ImageObject\",\"inLanguage\":\"fr-FR\",\"@id\":\"https:\\\/\\\/elgarajedefrank.es\\\/fr\\\/le-meilleur-de-2020\\\/#primaryimage\",\"url\":\"https:\\\/\\\/elgarajedefrank.es\\\/wp-content\\\/uploads\\\/2020\\\/12\\\/Portada-2020_fr.png\",\"contentUrl\":\"https:\\\/\\\/elgarajedefrank.es\\\/wp-content\\\/uploads\\\/2020\\\/12\\\/Portada-2020_fr.png\",\"width\":1750,\"height\":1009},{\"@type\":\"BreadcrumbList\",\"@id\":\"https:\\\/\\\/elgarajedefrank.es\\\/fr\\\/le-meilleur-de-2020\\\/#breadcrumb\",\"itemListElement\":[{\"@type\":\"ListItem\",\"position\":1,\"name\":\"Inicio\",\"item\":\"https:\\\/\\\/elgarajedefrank.es\\\/fr\\\/\"},{\"@type\":\"ListItem\",\"position\":2,\"name\":\"Infos\",\"item\":\"https:\\\/\\\/elgarajedefrank.es\\\/fr\\\/category\\\/infos\\\/\"},{\"@type\":\"ListItem\",\"position\":3,\"name\":\"Le meilleur de 2020\"}]},{\"@type\":\"WebSite\",\"@id\":\"https:\\\/\\\/elgarajedefrank.es\\\/fr\\\/#website\",\"url\":\"https:\\\/\\\/elgarajedefrank.es\\\/fr\\\/\",\"name\":\"El Garaje de Frank\",\"description\":\"Music magazine\",\"publisher\":{\"@id\":\"https:\\\/\\\/elgarajedefrank.es\\\/fr\\\/#\\\/schema\\\/person\\\/d709c9c33f5f405d44c6c9397889ba15\"},\"potentialAction\":[{\"@type\":\"SearchAction\",\"target\":{\"@type\":\"EntryPoint\",\"urlTemplate\":\"https:\\\/\\\/elgarajedefrank.es\\\/fr\\\/?s={search_term_string}\"},\"query-input\":{\"@type\":\"PropertyValueSpecification\",\"valueRequired\":true,\"valueName\":\"search_term_string\"}}],\"inLanguage\":\"fr-FR\"},{\"@type\":[\"Person\",\"Organization\"],\"@id\":\"https:\\\/\\\/elgarajedefrank.es\\\/fr\\\/#\\\/schema\\\/person\\\/d709c9c33f5f405d44c6c9397889ba15\",\"name\":\"Fran\u00e7ois Zappa\",\"image\":{\"@type\":\"ImageObject\",\"inLanguage\":\"fr-FR\",\"@id\":\"https:\\\/\\\/elgarajedefrank.es\\\/wp-content\\\/uploads\\\/2019\\\/10\\\/IMG_8278-150x150.jpg\",\"url\":\"https:\\\/\\\/elgarajedefrank.es\\\/wp-content\\\/uploads\\\/2019\\\/10\\\/IMG_8278-150x150.jpg\",\"contentUrl\":\"https:\\\/\\\/elgarajedefrank.es\\\/wp-content\\\/uploads\\\/2019\\\/10\\\/IMG_8278-150x150.jpg\",\"caption\":\"Fran\u00e7ois Zappa\"},\"logo\":{\"@id\":\"https:\\\/\\\/elgarajedefrank.es\\\/wp-content\\\/uploads\\\/2019\\\/10\\\/IMG_8278-150x150.jpg\"},\"sameAs\":[\"https:\\\/\\\/www.facebook.com\\\/elgarajedefrank\\\/\",\"https:\\\/\\\/www.instagram.com\\\/elgarajedefrank\\\/\"]}]}<\/script>\n<!-- \/ Yoast SEO plugin. -->","yoast_head_json":{"title":"Le meilleur de 2020 &#8212; El Garaje de Frank","description":"&#8212; Notre s\u00e9lection pour cette ann\u00e9e 2020.","robots":{"index":"index","follow":"follow","max-snippet":"max-snippet:-1","max-image-preview":"max-image-preview:large","max-video-preview":"max-video-preview:-1"},"canonical":"https:\/\/elgarajedefrank.es\/fr\/le-meilleur-de-2020\/","og_locale":"fr_FR","og_type":"article","og_title":"Le meilleur de 2020 &#8212; El Garaje de Frank","og_description":"&#8212; Notre s\u00e9lection pour cette ann\u00e9e 2020.","og_url":"https:\/\/elgarajedefrank.es\/fr\/le-meilleur-de-2020\/","og_site_name":"El Garaje de Frank","article_publisher":"https:\/\/www.facebook.com\/elgarajedefrank\/","article_author":"https:\/\/www.facebook.com\/elgarajedefrank\/","article_published_time":"2020-12-29T13:44:58+00:00","article_modified_time":"2020-12-29T14:15:19+00:00","og_image":[{"width":1750,"height":1009,"url":"https:\/\/elgarajedefrank.es\/wp-content\/uploads\/2020\/12\/Portada-2020_fr.png","type":"image\/png"}],"author":"Fran\u00e7ois Zappa","twitter_card":"summary_large_image","twitter_misc":{"\u00c9crit par":"Fran\u00e7ois Zappa","Dur\u00e9e de lecture estim\u00e9e":"7 minutes"},"schema":{"@context":"https:\/\/schema.org","@graph":[{"@type":"Article","@id":"https:\/\/elgarajedefrank.es\/fr\/le-meilleur-de-2020\/#article","isPartOf":{"@id":"https:\/\/elgarajedefrank.es\/fr\/le-meilleur-de-2020\/"},"author":{"name":"Fran\u00e7ois Zappa","@id":"https:\/\/elgarajedefrank.es\/fr\/#\/schema\/person\/d709c9c33f5f405d44c6c9397889ba15"},"headline":"Le meilleur de 2020","datePublished":"2020-12-29T13:44:58+00:00","dateModified":"2020-12-29T14:15:19+00:00","mainEntityOfPage":{"@id":"https:\/\/elgarajedefrank.es\/fr\/le-meilleur-de-2020\/"},"wordCount":1473,"commentCount":0,"publisher":{"@id":"https:\/\/elgarajedefrank.es\/fr\/#\/schema\/person\/d709c9c33f5f405d44c6c9397889ba15"},"image":{"@id":"https:\/\/elgarajedefrank.es\/fr\/le-meilleur-de-2020\/#primaryimage"},"thumbnailUrl":"https:\/\/elgarajedefrank.es\/wp-content\/uploads\/2020\/12\/Portada-2020_fr.png","keywords":["Dark electro","Darkwave","EBM","Musique industrielle","Post-punk","Synthpop"],"articleSection":["Infos"],"inLanguage":"fr-FR","potentialAction":[{"@type":"CommentAction","name":"Comment","target":["https:\/\/elgarajedefrank.es\/fr\/le-meilleur-de-2020\/#respond"]}]},{"@type":"WebPage","@id":"https:\/\/elgarajedefrank.es\/fr\/le-meilleur-de-2020\/","url":"https:\/\/elgarajedefrank.es\/fr\/le-meilleur-de-2020\/","name":"Le meilleur de 2020 &#8212; El Garaje de Frank","isPartOf":{"@id":"https:\/\/elgarajedefrank.es\/fr\/#website"},"primaryImageOfPage":{"@id":"https:\/\/elgarajedefrank.es\/fr\/le-meilleur-de-2020\/#primaryimage"},"image":{"@id":"https:\/\/elgarajedefrank.es\/fr\/le-meilleur-de-2020\/#primaryimage"},"thumbnailUrl":"https:\/\/elgarajedefrank.es\/wp-content\/uploads\/2020\/12\/Portada-2020_fr.png","datePublished":"2020-12-29T13:44:58+00:00","dateModified":"2020-12-29T14:15:19+00:00","description":"&#8212; Notre s\u00e9lection pour cette ann\u00e9e 2020.","breadcrumb":{"@id":"https:\/\/elgarajedefrank.es\/fr\/le-meilleur-de-2020\/#breadcrumb"},"inLanguage":"fr-FR","potentialAction":[{"@type":"ReadAction","target":["https:\/\/elgarajedefrank.es\/fr\/le-meilleur-de-2020\/"]}]},{"@type":"ImageObject","inLanguage":"fr-FR","@id":"https:\/\/elgarajedefrank.es\/fr\/le-meilleur-de-2020\/#primaryimage","url":"https:\/\/elgarajedefrank.es\/wp-content\/uploads\/2020\/12\/Portada-2020_fr.png","contentUrl":"https:\/\/elgarajedefrank.es\/wp-content\/uploads\/2020\/12\/Portada-2020_fr.png","width":1750,"height":1009},{"@type":"BreadcrumbList","@id":"https:\/\/elgarajedefrank.es\/fr\/le-meilleur-de-2020\/#breadcrumb","itemListElement":[{"@type":"ListItem","position":1,"name":"Inicio","item":"https:\/\/elgarajedefrank.es\/fr\/"},{"@type":"ListItem","position":2,"name":"Infos","item":"https:\/\/elgarajedefrank.es\/fr\/category\/infos\/"},{"@type":"ListItem","position":3,"name":"Le meilleur de 2020"}]},{"@type":"WebSite","@id":"https:\/\/elgarajedefrank.es\/fr\/#website","url":"https:\/\/elgarajedefrank.es\/fr\/","name":"El Garaje de Frank","description":"Music magazine","publisher":{"@id":"https:\/\/elgarajedefrank.es\/fr\/#\/schema\/person\/d709c9c33f5f405d44c6c9397889ba15"},"potentialAction":[{"@type":"SearchAction","target":{"@type":"EntryPoint","urlTemplate":"https:\/\/elgarajedefrank.es\/fr\/?s={search_term_string}"},"query-input":{"@type":"PropertyValueSpecification","valueRequired":true,"valueName":"search_term_string"}}],"inLanguage":"fr-FR"},{"@type":["Person","Organization"],"@id":"https:\/\/elgarajedefrank.es\/fr\/#\/schema\/person\/d709c9c33f5f405d44c6c9397889ba15","name":"Fran\u00e7ois Zappa","image":{"@type":"ImageObject","inLanguage":"fr-FR","@id":"https:\/\/elgarajedefrank.es\/wp-content\/uploads\/2019\/10\/IMG_8278-150x150.jpg","url":"https:\/\/elgarajedefrank.es\/wp-content\/uploads\/2019\/10\/IMG_8278-150x150.jpg","contentUrl":"https:\/\/elgarajedefrank.es\/wp-content\/uploads\/2019\/10\/IMG_8278-150x150.jpg","caption":"Fran\u00e7ois Zappa"},"logo":{"@id":"https:\/\/elgarajedefrank.es\/wp-content\/uploads\/2019\/10\/IMG_8278-150x150.jpg"},"sameAs":["https:\/\/www.facebook.com\/elgarajedefrank\/","https:\/\/www.instagram.com\/elgarajedefrank\/"]}]}},"_links":{"self":[{"href":"https:\/\/elgarajedefrank.es\/fr\/wp-json\/wp\/v2\/posts\/28073","targetHints":{"allow":["GET"]}}],"collection":[{"href":"https:\/\/elgarajedefrank.es\/fr\/wp-json\/wp\/v2\/posts"}],"about":[{"href":"https:\/\/elgarajedefrank.es\/fr\/wp-json\/wp\/v2\/types\/post"}],"author":[{"embeddable":true,"href":"https:\/\/elgarajedefrank.es\/fr\/wp-json\/wp\/v2\/users\/1"}],"replies":[{"embeddable":true,"href":"https:\/\/elgarajedefrank.es\/fr\/wp-json\/wp\/v2\/comments?post=28073"}],"version-history":[{"count":0,"href":"https:\/\/elgarajedefrank.es\/fr\/wp-json\/wp\/v2\/posts\/28073\/revisions"}],"wp:featuredmedia":[{"embeddable":true,"href":"https:\/\/elgarajedefrank.es\/fr\/wp-json\/wp\/v2\/media\/28083"}],"wp:attachment":[{"href":"https:\/\/elgarajedefrank.es\/fr\/wp-json\/wp\/v2\/media?parent=28073"}],"wp:term":[{"taxonomy":"category","embeddable":true,"href":"https:\/\/elgarajedefrank.es\/fr\/wp-json\/wp\/v2\/categories?post=28073"},{"taxonomy":"post_tag","embeddable":true,"href":"https:\/\/elgarajedefrank.es\/fr\/wp-json\/wp\/v2\/tags?post=28073"}],"curies":[{"name":"wp","href":"https:\/\/api.w.org\/{rel}","templated":true}]}}