{"id":27406,"date":"2021-11-30T10:20:39","date_gmt":"2021-11-30T09:20:39","guid":{"rendered":"https:\/\/elgarajedefrank.es\/?p=27406"},"modified":"2023-04-21T16:42:29","modified_gmt":"2023-04-21T14:42:29","slug":"interview-nnhmn","status":"publish","type":"post","link":"https:\/\/elgarajedefrank.es\/fr\/interview-nnhmn\/","title":{"rendered":"Interview : NNHMN"},"content":{"rendered":"\t\t<div data-elementor-type=\"wp-post\" data-elementor-id=\"27406\" class=\"elementor elementor-27406\" data-elementor-post-type=\"post\">\n\t\t\t\t\t\t<section class=\"penci-section penci-disSticky penci-structure-10 elementor-section elementor-top-section elementor-element elementor-element-5b4d8d6 elementor-section-boxed elementor-section-height-default elementor-section-height-default\" data-id=\"5b4d8d6\" data-element_type=\"section\" data-e-type=\"section\">\n\t\t\t\t\t\t<div class=\"elementor-container elementor-column-gap-default\">\n\t\t\t\t\t<div class=\"penci-ercol-100 penci-ercol-order-1 penci-sticky-ct    elementor-column elementor-col-100 elementor-top-column elementor-element elementor-element-4677836\" data-id=\"4677836\" data-element_type=\"column\" data-e-type=\"column\">\n\t\t\t<div class=\"elementor-widget-wrap elementor-element-populated\">\n\t\t\t\t\t\t<div class=\"elementor-element elementor-element-50309c9 elementor-widget elementor-widget-text-editor\" data-id=\"50309c9\" data-element_type=\"widget\" data-e-type=\"widget\" data-widget_type=\"text-editor.default\">\n\t\t\t\t<div class=\"elementor-widget-container\">\n\t\t\t\t\t\t\t\t\t<p style=\"text-align: justify;\"><span style=\"color: #000000; font-family: georgia, palatino, serif;\"><b>Il ne faudra pas attendre longtemps avant que NNHMN atteigne le sommet de la sc\u00e8ne darkwave. Gr\u00e2ce \u00e0 leurs incroyables sorties et \u00e0 un calendrier charg\u00e9 qui les emm\u00e8ne dans les plus grands festivals du monde, le duo ne cesse de gagner des fans. Si vous ne les avez pas encore vus en concert, ils se produiront \u00e0 Toulouse le 9 d\u00e9cembre dans le cadre du festival Setmana Santa.<\/b><\/span><\/p>\t\t\t\t\t\t\t\t<\/div>\n\t\t\t\t<\/div>\n\t\t\t\t\t<\/div>\n\t\t<\/div>\n\t\t\t\t\t<\/div>\n\t\t<\/section>\n\t\t\t\t<section class=\"penci-section penci-disSticky penci-structure-10 elementor-section elementor-top-section elementor-element elementor-element-10e02750 elementor-section-boxed elementor-section-height-default elementor-section-height-default\" data-id=\"10e02750\" data-element_type=\"section\" data-e-type=\"section\">\n\t\t\t\t\t\t<div class=\"elementor-container elementor-column-gap-default\">\n\t\t\t\t\t<div class=\"penci-ercol-100 penci-ercol-order-1 penci-sticky-ct    elementor-column elementor-col-100 elementor-top-column elementor-element elementor-element-20ad0c8\" data-id=\"20ad0c8\" data-element_type=\"column\" data-e-type=\"column\">\n\t\t\t<div class=\"elementor-widget-wrap elementor-element-populated\">\n\t\t\t\t\t\t<div class=\"elementor-element elementor-element-1e7cbdff elementor-widget elementor-widget-text-editor\" data-id=\"1e7cbdff\" data-element_type=\"widget\" data-e-type=\"widget\" data-widget_type=\"text-editor.default\">\n\t\t\t\t<div class=\"elementor-widget-container\">\n\t\t\t\t\t\t\t\t\t<p><span style=\"color: #000000;\"><b style=\"font-family: var( --e-global-typography-text-font-family ), Sans-serif; text-align: justify;\"><span lang=\"FR\" style=\"font-family: Georgia, serif;\"><b><img fetchpriority=\"high\" decoding=\"async\" class=\"alignleft\" src=\"https:\/\/elgarajedefrank.es\/wp-content\/uploads\/2020\/11\/archivetempObraz-403-300x200.jpg\" alt=\"\" width=\"422\" height=\"281\" \/><\/b><span style=\"font-size: 12pt; font-family: georgia, palatino, serif;\">\u2014<\/span><\/span><\/b><span style=\"font-size: 12pt; font-family: georgia, palatino, serif;\"><b style=\"text-align: justify;\"><span lang=\"FR\">Au d\u00e9part vous vous appeliez \u00ab\u2009Non-Human Persons\u2009\u00bb, n\u2019est-ce pas\u2009? Pourquoi avoir chang\u00e9 de nom\u2009? Vous avez sorti un album, <i>No Fear<\/i> ainsi que plusieurs singles et EP.<\/span><\/b><\/span><\/span><\/p><p><span style=\"color: #000000; font-size: 12pt; font-family: georgia, palatino, serif;\"><strong>\u2014<\/strong><strong>Lee\u00a0: <\/strong>Merci de nous recevoir, Violaine. Nous n\u2019avons pas eu l\u2019impression de changer de nom, seulement de le synth\u00e9tiser. Symboliquement, <strong>NonHuman<\/strong> exprime de mani\u00e8re compacte ce que nous sommes ou peut-\u00eatre ce que nous sentons que nous sommes.<\/span><\/p><p><span style=\"color: #000000; font-size: 12pt; font-family: georgia, palatino, serif;\"><strong>\u2014<\/strong><strong>Lee, comme tu viens de le dire, NNHMN signifie NonHuman. Pourquoi\u2009? Penses-tu que nous avons perdu notre humanit\u00e9\u2009? \u00c0 moins que vous ne vous consid\u00e9riez vous-m\u00eames comme des marginaux\u2009?<\/strong><\/span><\/p><p><span style=\"color: #000000; font-size: 12pt; font-family: georgia, palatino, serif;\"><strong>\u2014<\/strong><strong>Lee\u00a0:<\/strong> <strong>NNHMN<\/strong> est l\u2019abr\u00e9viation de <strong>NonHuman<\/strong>. Selon moi, <strong>NonHuman<\/strong> c\u2019est comme l\u2019observation du monde sans hypocrisie. \u00catre nu. Une mise \u00e0 nue de l\u2019humanit\u00e9.<\/span><\/p><p><span style=\"color: #000000; font-size: 12pt; font-family: georgia, palatino, serif;\"><strong>\u2014<\/strong><strong>Michal\u00a0: <\/strong>Le nom a surtout \u00e0 voir avec la connexion au monde non humain, aux d\u00e9buts de la culture synth\u00e9tique ainsi qu\u2019\u00e0 la connexion entre l\u2019esprit et la nature.<\/span><\/p><p><span style=\"color: #000000; font-size: 12pt; font-family: georgia, palatino, serif;\"><strong>\u2014<\/strong><strong>Vous \u00eates originaires de Pologne. Nous connaissons assez bien la sc\u00e8ne metal de l\u00e0-bas, en tant qu\u2019habitu\u00e9s de l\u2019OFF-Festival. Pouvez-vous nous d\u00e9crire la sc\u00e8ne gothique de votre pays\u2009?<\/strong><\/span><\/p><p><span style=\"color: #000000; font-size: 12pt; font-family: georgia, palatino, serif;\"><strong>\u2014<\/strong><strong>Lee\u00a0: <\/strong>Je parle et je lis dans 3\u00a0langues diff\u00e9rentes, peut-\u00eatre pas parfaitement, mais j\u2019ai v\u00e9cu \u00e0 l\u2019\u00e9tranger pendant 7\u00a0ans, tu sais\u2026 Je ne sais m\u00eame pas quel est mon pays, surtout de nos jours avec la mont\u00e9e g\u00e9n\u00e9ralis\u00e9e du nationalisme. Je me sens Europ\u00e9enne ou peut-\u00eatre Berlinoise pour le moment. En fonction du pays o\u00f9 l\u2019on vient, chacun a ses sp\u00e9cificit\u00e9s, des caract\u00e9ristiques subtiles, une langue qui est plus naturelle\u2026 Honn\u00eatement, je ne sais plus. \u00c7a commence \u00e0 devenir tr\u00e8s ambigu pour moi. Je m\u2019int\u00e9resse autant aux informations du monde* entier, que celles d\u2019Allemagne ou de Pologne. Mais je suis plut\u00f4t une patriote locale, je garde un \u0153il sur ma ville natale, j\u2019en suis parfois fi\u00e8re, parfois terrifi\u00e9e. La m\u00e9moire d\u2019un enfant est tr\u00e8s \u00e9motionnelle.<\/span><\/p><p><span style=\"color: #000000; font-size: 12pt; font-family: georgia, palatino, serif;\">(*) Nous avons jou\u00e9 deux fois \u00e0 l\u2019OFF-Festival, de tr\u00e8s bons souvenirs.<\/span><\/p><p><span style=\"color: #000000; font-size: 12pt; font-family: georgia, palatino, serif;\">(*) Nous avons jou\u00e9 au Castle Party Festival, un genre d\u2019\u00e9quivalent au WGT en Pologne. Le concert a eu lieu dans une vieille cath\u00e9drale gothique, \u00e7a a \u00e9t\u00e9 une exp\u00e9rience extraordinaire. Le public est fantastique l\u00e0-bas et l\u2019accueil est excellent. C\u2019est le plus important festival gothique\/industriel polonais. En plus du Wroclaw Industrial Festival, bien s\u00fbr. Il se d\u00e9roule dans un vieux ch\u00e2teau entour\u00e9 du magnifique paysage de la Basse Sil\u00e9sie. Mais malheureusement, nous avons quitt\u00e9 le pays il y a quelque temps, et je n\u2019en sais pas plus sur la sc\u00e8ne gothique polonaise.<\/span><\/p><p><span style=\"color: #000000; font-size: 12pt; font-family: georgia, palatino, serif;\"><strong>\u2014<\/strong><strong>\u00c0 pr\u00e9sent, vous vivez \u00e0 Berlin. De nombreux artistes que nous avons interview\u00e9s vivent l\u00e0-bas. Pensez-vous que cette ville poss\u00e8de quelque chose de sp\u00e9cial qui attire les artistes\u2009?<\/strong><\/span><\/p><p><span style=\"color: #000000; font-size: 12pt; font-family: georgia, palatino, serif;\"><strong>\u2014<\/strong><strong>Lee\u00a0: <\/strong>Berlin est vraiment un lieu particulier rempli de cr\u00e9atures cr\u00e9atives, d\u2019architecture et de quartiers stup\u00e9fiants. Je ne peux pas m\u2019emp\u00eacher de l\u2019aimer lorsque je fais du v\u00e9lo ou du footing \u00e0 travers le Kiez\u2019es (c\u2019est ainsi qu\u2019on appelle notre quartier en allemand). Mais j\u2019aurais pr\u00e9f\u00e9r\u00e9 vivre \u00e0 la fronti\u00e8re de Berlin et de la nature environnante parce qu\u2019elle me manque.<\/span><\/p><p><span style=\"color: #000000; font-size: 12pt; font-family: georgia, palatino, serif;\">Je pense que c\u2019est important, pas seulement pour un artiste, mais aussi pour l\u2019animal humain de trouver sa tribu, une seconde famille, des individus qui pensent et se sentent semblables. \u00c0 Berlin, on peut facilement trouver des cr\u00e9atures cr\u00e9atives. Cependant, pas mal de gens se sentent extr\u00eamement seuls ici. Donc c\u2019est \u00e9galement une ville trompeuse.<\/span><\/p><p><span style=\"color: #000000; font-size: 12pt; font-family: georgia, palatino, serif;\">La ville de Berlin aide aussi les artistes et beaucoup de cr\u00e9ateurs sont dans le besoin, car dans cet environnement capitaliste dans lequel nous sommes coinc\u00e9s, quelqu\u2019un peut travailler tr\u00e8s dur et \u00eatre dans l\u2019incapacit\u00e9 de payer ses factures. Je connais des artistes talentueux qui arrivent \u00e0 peine \u00e0 joindre les deux bouts, surtout maintenant, en cette p\u00e9riode de pand\u00e9mie.<\/span><\/p><p><span style=\"color: #000000; font-size: 12pt; font-family: georgia, palatino, serif;\"><strong>\u2014<\/strong><strong>Michal\u00a0: <\/strong>Berlin est une ville o\u00f9 il fait bon vivre. Ni trop grande comme Londres ou New York et remplie de gens cr\u00e9atifs. Je sens aussi que c\u2019est une ville tr\u00e8s orient\u00e9e sur la culture et le social\u2026 Et nous avons beaucoup de lapins en ville. H\u00e9h\u00e9. C\u2019est une histoire dr\u00f4le. \u00c0 l\u2019\u00e9poque o\u00f9 Berlin \u00e9tait divis\u00e9e par le mur (en r\u00e9alit\u00e9 deux murs en raison de la zone interdite situ\u00e9e entre les deux), les lapins avaient \u00e0 disposition un endroit s\u00fbr o\u00f9 se reproduire entre les murs (pas de renards, pas d\u2019ennemis, seulement les soldats de la DDR). Quand le mur a \u00e9t\u00e9 abattu, toute la population de lapins a \u00e9t\u00e9 lib\u00e9r\u00e9e et a colonis\u00e9 la ville enti\u00e8re. Maintenant, les lapins sont partout, tu peux en voir dans les parcs et le voisinage, les aires de jeux, etc. c\u2019est tr\u00e8s mignon (il y a un super documentaire sur \u00e7a actuellement).<\/span><\/p><p><span style=\"color: #000000; font-size: 12pt; font-family: georgia, palatino, serif;\"><strong>\u2014<\/strong><strong>Quels groupes vous ont influenc\u00e9s\u2009?<\/strong><\/span><\/p><p><span style=\"color: #000000; font-size: 12pt; font-family: georgia, palatino, serif;\"><strong>\u2014<\/strong><strong>Lee\u00a0:<\/strong> Beaucoup trop\u2026 C\u2019est pourquoi j\u2019essayerai de diffuser quelques playlists sur Spotify pour en pr\u00e9senter une partie. J\u2019ai trouv\u00e9 \u00e7a amusant, j\u2019ai d\u00e9j\u00e0 fait une playlist. Elle s\u2019appelle COLD SHINING en raison de l\u2019atmosph\u00e8re, de la lune et de sa lumi\u00e8re qui recouvre toutes les pistes de cette playlist.<\/span><\/p><p><span style=\"color: #000000; font-size: 12pt; font-family: georgia, palatino, serif;\"><strong>\u2014<\/strong><strong>Michal\u00a0: <\/strong>Ouais, beaucoup trop. Nos influences s\u2019\u00e9tendent du punk aux groupes de metal, puis aux groupes de rock, \u00e0 la techno avant-gardiste, \u00e0 la dark disco. On n\u2019a aucune limite, juste un vaste champ commun de sons bruts minimalistes, parfois \u00e0 l\u2019approche psych\u00e9d\u00e9lique. Derni\u00e8rement, je suis revenu aux sources et la semaine derni\u00e8re, nous avons pass\u00e9 toute une soir\u00e9e \u00e0 \u00e9couter des groupes de punk polonais des ann\u00e9es 80\/90. Je suis toujours aussi impressionn\u00e9 par le groupe <strong>Siekiera<\/strong> et le son tellement parfait de leur album <em>Nowa Aleksandria<\/em>.<\/span><\/p>\t\t\t\t\t\t\t\t<\/div>\n\t\t\t\t<\/div>\n\t\t\t\t\t<\/div>\n\t\t<\/div>\n\t\t\t\t\t<\/div>\n\t\t<\/section>\n\t\t\t\t<section class=\"penci-section penci-disSticky penci-structure-10 elementor-section elementor-top-section elementor-element elementor-element-3eb9844 elementor-section-boxed elementor-section-height-default elementor-section-height-default\" data-id=\"3eb9844\" data-element_type=\"section\" data-e-type=\"section\">\n\t\t\t\t\t\t<div class=\"elementor-container elementor-column-gap-default\">\n\t\t\t\t\t<div class=\"penci-ercol-100 penci-ercol-order-1 penci-sticky-ct    elementor-column elementor-col-100 elementor-top-column elementor-element elementor-element-49b37de\" data-id=\"49b37de\" data-element_type=\"column\" data-e-type=\"column\">\n\t\t\t<div class=\"elementor-widget-wrap elementor-element-populated\">\n\t\t\t\t\t\t\t<\/div>\n\t\t<\/div>\n\t\t\t\t\t<\/div>\n\t\t<\/section>\n\t\t\t\t<section class=\"penci-section penci-disSticky penci-structure-20 elementor-section elementor-top-section elementor-element elementor-element-cf63d92 elementor-section-boxed elementor-section-height-default elementor-section-height-default\" data-id=\"cf63d92\" data-element_type=\"section\" data-e-type=\"section\">\n\t\t\t\t\t\t<div class=\"elementor-container elementor-column-gap-default\">\n\t\t\t\t\t<div class=\"penci-ercol-50 penci-ercol-order-1 penci-sticky-ct    elementor-column elementor-col-50 elementor-top-column elementor-element elementor-element-40efffe\" data-id=\"40efffe\" data-element_type=\"column\" data-e-type=\"column\">\n\t\t\t<div class=\"elementor-widget-wrap elementor-element-populated\">\n\t\t\t\t\t\t<div class=\"elementor-element elementor-element-32a062d elementor-widget elementor-widget-shortcode\" data-id=\"32a062d\" data-element_type=\"widget\" data-e-type=\"widget\" data-widget_type=\"shortcode.default\">\n\t\t\t\t<div class=\"elementor-widget-container\">\n\t\t\t\t\t\t\t<div class=\"elementor-shortcode\"><iframe src=\"https:\/\/open.spotify.com\/embed\/album\/62v7oPeDe6HnoZUt6M71pp\" width=\"300\" height=\"380\" frameborder=\"0\" allowtransparency=\"true\" allow=\"encrypted-media\"><\/iframe><\/div>\n\t\t\t\t\t\t<\/div>\n\t\t\t\t<\/div>\n\t\t\t\t\t<\/div>\n\t\t<\/div>\n\t\t\t\t<div class=\"penci-ercol-50 penci-ercol-order-2 penci-sticky-ct    elementor-column elementor-col-50 elementor-top-column elementor-element elementor-element-206d795\" data-id=\"206d795\" data-element_type=\"column\" data-e-type=\"column\">\n\t\t\t<div class=\"elementor-widget-wrap elementor-element-populated\">\n\t\t\t\t\t\t<div class=\"elementor-element elementor-element-d7cd2b2 elementor-widget elementor-widget-shortcode\" data-id=\"d7cd2b2\" data-element_type=\"widget\" data-e-type=\"widget\" data-widget_type=\"shortcode.default\">\n\t\t\t\t<div class=\"elementor-widget-container\">\n\t\t\t\t\t\t\t<div class=\"elementor-shortcode\"><iframe src=\"https:\/\/open.spotify.com\/embed\/playlist\/0rVHhbfyZUzSpO2OAGehNy\" width=\"300\" height=\"380\" frameborder=\"0\" allowtransparency=\"true\" allow=\"encrypted-media\"><\/iframe><\/div>\n\t\t\t\t\t\t<\/div>\n\t\t\t\t<\/div>\n\t\t\t\t\t<\/div>\n\t\t<\/div>\n\t\t\t\t\t<\/div>\n\t\t<\/section>\n\t\t\t\t<section class=\"penci-section penci-disSticky penci-structure-10 elementor-section elementor-top-section elementor-element elementor-element-bc61274 elementor-section-boxed elementor-section-height-default elementor-section-height-default\" data-id=\"bc61274\" data-element_type=\"section\" data-e-type=\"section\">\n\t\t\t\t\t\t<div class=\"elementor-container elementor-column-gap-default\">\n\t\t\t\t\t<div class=\"penci-ercol-100 penci-ercol-order-1 penci-sticky-ct    elementor-column elementor-col-100 elementor-top-column elementor-element elementor-element-fca25dd\" data-id=\"fca25dd\" data-element_type=\"column\" data-e-type=\"column\">\n\t\t\t<div class=\"elementor-widget-wrap elementor-element-populated\">\n\t\t\t\t\t\t<div class=\"elementor-element elementor-element-a54da9c elementor-widget elementor-widget-text-editor\" data-id=\"a54da9c\" data-element_type=\"widget\" data-e-type=\"widget\" data-widget_type=\"text-editor.default\">\n\t\t\t\t<div class=\"elementor-widget-container\">\n\t\t\t\t\t\t\t\t\t<p><span style=\"font-family: georgia, palatino, serif; font-size: 12pt; color: #000000;\"><strong>\u2014<\/strong><strong>La description du groupe sur Discogs indique que votre but est de r\u00e9aliser beaucoup avec peu. Voulez-vous dire musicalement\u2009? Pensez-vous qu\u2019il existe une surutilisation des instruments, etc. dans la musique de nos jours\u2009?<\/strong><\/span><\/p>\n<p><span style=\"font-family: georgia, palatino, serif; font-size: 12pt; color: #000000;\"><strong>\u2014<\/strong><strong>Lee&nbsp;:<\/strong> Ah\u2026 On veut simplement dire que nous n\u2019utilisons pas un monceau d\u2019instruments et que nos moyens de production sont pr\u00e9cis, propres et parfaitement dos\u00e9s. Je veux un son qui soit minimaliste et communicatif, mais psych\u00e9d\u00e9lique, profond et spatialis\u00e9 en m\u00eame temps.<\/span><\/p>\n<p><span style=\"font-family: georgia, palatino, serif; font-size: 12pt; color: #000000;\"><strong>\u2014<\/strong><strong>Michal&nbsp;: <\/strong>Je pense que nous avons une approche minimaliste de la composition et du design sonore. C\u2019est \u00e0 \u00e7a qu\u2019on fait r\u00e9f\u00e9rence.<\/span><\/p>\n<p><span style=\"font-family: georgia, palatino, serif; font-size: 12pt; color: #000000;\"><strong>\u2014<\/strong><strong>Lee, tu as dit une fois que la mort \u00e9tait ta plus grande source d\u2019inspiration. Souhaites-tu nous en dire plus\u2009?<\/strong><\/span><\/p>\n<p><span style=\"font-family: georgia, palatino, serif; font-size: 12pt; color: #000000;\"><strong>\u2014<\/strong><strong>Lee&nbsp;:<\/strong> J\u2019ai dit \u00e7a\u2009? Je ne me rappelle plus les circonstances. Peut-\u00eatre, c\u2019est tout moi. Mon opinion est que l\u2019esprit est une particule \u00e9lectrique pr\u00e9sente dans le v\u00e9hicule biom\u00e9canique. Le temps pour le rituel de la vie est limit\u00e9, donc j\u2019essaie seulement d\u2019utiliser \u00e7a comme le font les dauphins (la vie, pas la mort).<\/span><\/p>\n<p><span style=\"font-family: georgia, palatino, serif; font-size: 12pt; color: #000000;\"><strong>\u2014<\/strong><strong>Lee, je vois que tu es fan d\u2019artistes comme Throbbing Gristle, Sonic Youth ou Alessandro Cortini. Qu\u2019est-ce que tu aimes chez ces artistes\u2009? Qu\u2019ont-ils en commun que tu appr\u00e9cies\u2009?<\/strong><\/span><\/p>\n<p><span style=\"font-family: georgia, palatino, serif; font-size: 12pt; color: #000000;\"><strong>\u2014<\/strong><strong>Lee&nbsp;: <\/strong>Pour moi, ce qui les relie est la libert\u00e9 de cr\u00e9er et d\u2019exp\u00e9rimenter tout ce qu\u2019ils veulent. C\u2019est un mod\u00e8le que je veux cultiver dans nos travaux. Bien entendu, l\u2019ombre de la new wave que l\u2019on appelle volontiers de nos jours le genre darkwave, plane au-dessus de nous. Cependant, j\u2019ai le sentiment que nous \u00e9tions\/sommes capables d\u2019\u00e9laborer notre propre formule sonore et mythologique.<\/span><\/p>\n<p><span style=\"font-family: georgia, palatino, serif; font-size: 12pt; color: #000000;\">Ces projets sont tr\u00e8s individuels, j\u2019aime les artistes radicaux, j\u2019aime les anticonformistes. La musique alternative me suit depuis toujours et je suis rarement capable d\u2019\u00e9couter de la musique pour le grand public. J\u2019aime la po\u00e9sie dans les arts, mais la pop, d\u2019une quelconque mani\u00e8re ne s\u2019int\u00e9resse pas \u00e0 la po\u00e9sie (du moins pas la pop moderne qui brasse pas mal d\u2019argent).<\/span><\/p>\n<p><span style=\"font-family: georgia, palatino, serif; font-size: 12pt; color: #000000;\">J\u2019aime particuli\u00e8rement <strong>Kim<\/strong> <strong>Gordon<\/strong>. J\u2019admire sa puissance et sa douce voix qu\u2019on peut entendre sur l\u2019enregistrement de \u00ab\u2009Black Sun\u2009\u00bb, en particulier \u00ab\u2009Little Trouble Girl\u2009\u00bb, sa chanson.<\/span><\/p>\n<p><span style=\"font-family: georgia, palatino, serif; font-size: 12pt; color: #000000;\"><strong>Throbbing<\/strong> <strong>Gristle<\/strong> allait dans l\u2019inconnu ou plut\u00f4t nous allons dans l\u2019inconnu avec leur musique, en prenant part \u00e0 une sorte de rituel. Une performance ritualiste.<\/span><\/p>\n<p><span style=\"font-family: georgia, palatino, serif; font-size: 12pt; color: #000000;\">J\u2019appr\u00e9cie \u00e9galement le travail de Larissa Iceglass, de Camella Lobo et de <strong>Nico<\/strong>\u2009; ces 3&nbsp;dames ont quelque chose en commun, peut-\u00eatre une puret\u00e9 sp\u00e9ciale, peut-\u00eatre une \u00e9glise en leur for int\u00e9rieur. J\u2019adore ce genre de choses.<\/span><\/p>\n<p><span style=\"font-family: georgia, palatino, serif; font-size: 12pt; color: #000000;\"><strong>\u2014<\/strong><strong>Michal, je vois que tu aimes \u00d3scar Mulero. Nous sommes de grands fans de son travail au Garage. A-t-il une influence sur votre son\u2009?<\/strong><\/span><\/p>\n<p><span style=\"font-family: georgia, palatino, serif; font-size: 12pt; color: #000000;\"><strong><img decoding=\"async\" src=\"https:\/\/elgarajedefrank.es\/wp-content\/uploads\/2020\/11\/NNHMN-live-300x189.png\" alt=\"\" width=\"450\" height=\"283\">\u2014<\/strong><strong>Michal&nbsp;: <\/strong>J\u2019adore la mani\u00e8re dont il est capable de parvenir \u00e0 un tr\u00e8s haut niveau d\u2019\u00e9nergie avec des compositions tr\u00e8s sobres, de simples outils et des r\u00e9sonnances brillantes qui vont droit au but. C\u2019est s\u00fbr qu\u2019il inspire mes productions<strong><em>. <\/em><\/strong>En fait, si une partie de \u00e7a entre dans notre musique, ce serait une tr\u00e8s bonne chose. Ses \u0153uvres sont brillantes.<\/span><\/p>\n<p><span style=\"font-family: georgia, palatino, serif; font-size: 12pt; color: #000000;\"><strong>\u2014<\/strong><strong>Gebr\u00fcder Teichmann ont remix\u00e9 votre titre \u00ab\u2009Saturn Melancholia\u2009\u00bb. Pourquoi avez-vous choisi ce groupe pour remixer votre chanson\u2009? Projetez-vous de faire d\u2019autres remixes\u2009?<\/strong><\/span><\/p>\n<p><span style=\"font-family: georgia, palatino, serif; font-size: 12pt; color: #000000;\"><strong>\u2014<\/strong><strong>Lee&nbsp;: <\/strong>On ne les a pas choisis. Nous d\u00eenions ensemble en \u00e9coutant de la musique et nous avons jou\u00e9 cette piste pour eux et ils ont dit&nbsp;: \u00ab\u2009oh, ouah, c\u2019est comme si <strong>Nico<\/strong> avait pris de la MDMA\u2009\u00bb. Ils ont donc voulu le remixer et \u00e0 mon avis, c\u2019est une r\u00e9ussite Le vinyle est grav\u00e9 \u00e0 la main par la femme d\u2019Andi, Brenda. Et croyez-moi, je n\u2019ai jamais vu un si beau vinyle.<\/span><\/p>\n<p><span style=\"font-family: georgia, palatino, serif; font-size: 12pt; color: #000000;\"><strong>\u2014<\/strong><strong>Vous avez dit que votre chanson \u00ab\u2009Love is Dead\u2009\u00bb, de l\u2019album <em>Second Castle<\/em> (2019), est une berceuse funeste sur la perte et sur le fait de dire adieu pour toujours. Quelle est l\u2019histoire derri\u00e8re cette chanson\u2009?<\/strong><\/span><\/p>\n<p><span style=\"font-family: georgia, palatino, serif; font-size: 12pt; color: #000000;\"><strong>\u2014<\/strong><strong>Lee&nbsp;:<\/strong> L\u2019histoire sous-jacente est qu\u2019il y a quelque temps, je pensais et me sentais comme si l\u2019amour ainsi que la lumi\u00e8re en moi et pour moi \u00e9taient morts. Le sombre moment de ma vie, la fronti\u00e8re entre \u00eatre une fille et devenir une femme. Cette \u00e9trange prise de conscience, comme si vous saviez que vous ne recevriez plus aucun amour au cours de votre vie.<\/span><\/p>\n<p><span style=\"font-family: georgia, palatino, serif; font-size: 12pt; color: #000000;\">Un jour, j\u2019ai jou\u00e9 sur le synth\u00e9tiseur Persian Xenophone en utilisant beaucoup de s\u00e9quences de delay. J\u2019ai jou\u00e9 jusqu\u2019\u00e0 ce que j\u2019entende un oc\u00e9an de vagues semblable \u00e0 ce que produit <strong>Cortini<\/strong>. Ensuite, j\u2019ai allum\u00e9 mon micro \u00e0 condensateur et j\u2019ai imagin\u00e9 que j\u2019\u00e9tais <strong>Nico<\/strong>. Le texte&nbsp;\u00ab\u2009Love is Dead\u2009\u00bb est n\u00e9 tout de suite, comme s\u2019il vivait en moi \u00e0 ce moment pr\u00e9cis. Je l\u2019ai chant\u00e9 et c\u2019est la fin de l\u2019histoire. Plus tard, Michal a ajout\u00e9 ce beat assez lent et quelques petites \u00e9ditions de fr\u00e9quences sur la piste, mais en gros, c\u2019est surtout une improvisation solo de mon cru. Un moment de purification organique. J\u2019aimerais le jouer en live un jour.<\/span><\/p>\n<p><span style=\"font-family: georgia, palatino, serif; font-size: 12pt; color: #000000;\"><strong>\u2014<\/strong><strong>Vous avez dit que \u00ab\u2009Church of No Religion (2019) est un recueil de po\u00e8mes et de lamentations du purgatoire. Selon vous, c\u2019est aussi une sorte d\u2019exp\u00e9rience avec de l\u2019ambient techno et des voix. Pensez-vous que cette ambient techno est la musique id\u00e9ale pour le purgatoire\u2009?<\/strong><\/span><\/p>\n<p><span style=\"font-family: georgia, palatino, serif; font-size: 12pt; color: #000000;\"><strong>\u2014<\/strong><strong>Lee&nbsp;:<\/strong> Honn\u00eatement, je n\u2019en ai pas la moindre id\u00e9e. Cette techno pr\u00e9tendument hypnotique \u00e9tait pour moi tr\u00e8s m\u00e9ditative et ritualiste. Elle a \u00e9t\u00e9 pr\u00e9sente vraiment peu de temps en tant que sous-genre, mais je l\u2019ai ador\u00e9e\u2009; quelque chose s\u2019est produit dans mon subconscient. Ce genre est tr\u00e8s narcotique et onirique, comme je l\u2019aime. Il y a quelques ann\u00e9es, nous avons beaucoup \u00e9cout\u00e9 les propositions du label Hypnus, celles d\u2019artistes comme <strong>Dino<\/strong> <strong>Sabatini<\/strong> (\u00ab&nbsp;Shaman\u2019s Path&nbsp;\u00bb), des \u0153uvres de <strong>Donato<\/strong> <strong>Dozzy<\/strong> et celle que je pr\u00e9f\u00e8re, \u00ab&nbsp;Planet Ut\u00e9rus&nbsp;\u00bb de <strong>Prince<\/strong> <strong>of<\/strong> <strong>Denmark<\/strong>.<\/span><\/p>\n<p><span style=\"font-family: georgia, palatino, serif; font-size: 12pt; color: #000000;\"><strong>\u2014<\/strong><strong>Dans l\u2019\u00e9dition vinyle de \u00ab&nbsp;Shadow in the Dark&nbsp;\u00bb (2019), une peinture d\u2019Aleksandra Waliszewska figure sur la pochette. Selon vous, dans quelle mesure son travail correspond-il \u00e0 votre musique\u2009?<\/strong><\/span><\/p>\n<p><span style=\"font-size: 12pt; font-family: georgia, palatino, serif; font-weight: 400; color: #000000;\"><span style=\"font-weight: 400;\"><b><i><strong><img decoding=\"async\" src=\"https:\/\/elgarajedefrank.es\/wp-content\/uploads\/2020\/11\/DSC_8945-300x200.jpg\" alt=\"\" width=\"450\" height=\"299\"><\/strong><\/i><\/b><\/span><\/span><\/p>\n<p><span style=\"font-family: georgia, palatino, serif; font-size: 12pt; color: #000000;\"><strong>\u2014<\/strong><strong>Lee&nbsp;:<\/strong> J\u2019ai \u00e9t\u00e9 fan du travail d\u2019Aleksandra aussi longtemps que je me souvienne. J\u2019ai toujours r\u00eav\u00e9 de collaborer avec elle, ce fut donc un honneur pour moi quand elle a accept\u00e9.<b><\/b><\/span><\/p>\n<p><span style=\"font-family: georgia, palatino, serif; font-size: 12pt; color: #000000;\">Ce que j\u2019aime dans son travail, c\u2019est la puret\u00e9 m\u00eal\u00e9e \u00e0 une imagination cruellement perverse. Elle a une incroyable capacit\u00e9 \u00e0 dire beaucoup en utilisant des m\u00e9thodes simples ce qui est \u00e9galement n\u00f4tre\/mon mode d\u2019expression.<\/span><\/p>\n<p><span style=\"font-family: georgia, palatino, serif; font-size: 12pt; color: #000000;\"><strong>\u2014<\/strong><strong>Pour votre vid\u00e9o de \u00ab&nbsp;Special&nbsp;\u00bb, le personnage principal est inspir\u00e9 de Nico, du film de Philippe Garrel, La cicatrice int\u00e9rieure. Vous avez fait la vid\u00e9o vous-m\u00eames, non\u2009? Le cin\u00e9ma est-il aussi une influence pour vous\u2009? Aimeriez-vous r\u00e9aliser la bande sonore d\u2019un film\u2009?<\/strong><\/span><\/p>\n<p><span style=\"font-family: georgia, palatino, serif; font-size: 12pt; color: #000000;\"><strong>\u2014<\/strong><strong>Lee&nbsp;: <\/strong>Nous avons tourn\u00e9 et produit le film nous-m\u00eames, nous adorons le travail du vid\u00e9oclip et nous sommes cin\u00e9philes\u2009; il ne se passe pas un jour sans que l\u2019on regarde un film. Je prendrais volontiers un vid\u00e9oclip ou une bande sonore comme commande.<\/span><\/p>\n<p><span style=\"font-family: georgia, palatino, serif; font-size: 12pt; color: #000000;\"><strong>\u2014<\/strong><strong>Michal&nbsp;:<\/strong> C\u2019est vrai que nous sommes accros au cin\u00e9ma. J\u2019adore les films n\u00e9o-noirs et leurs bandes-son. L\u2019une de nos pr\u00e9f\u00e9r\u00e9es est la musique de \u00ab&nbsp;Thief&nbsp;\u00bb de Michael Mann, enregistr\u00e9e par <strong>Tangerine<\/strong> <strong>Dream<\/strong>. Elle est vraiment parfaite. En fait, je n\u2019ai jamais pens\u00e9 \u00e0 \u00e9crire une bande-son, mais avoir la possibilit\u00e9 de travailler en \u00e9troite collaboration avec un r\u00e9alisateur qui comprend votre vision de la musique et la fa\u00e7on dont elle pourrait influencer le film, oui, \u00e7a pourrait \u00eatre une grande aventure.<\/span><\/p>\n<p><span style=\"font-family: georgia, palatino, serif; font-size: 12pt; color: #000000;\"><strong>\u2014<\/strong><strong>Je suis carr\u00e9ment fan de votre nouveau disque <\/strong><strong>\u00ab&nbsp;Deception Island Part 1&nbsp;\u00bb. Le changement de son est vraiment impressionnant. Comment le d\u00e9finiriez-vous\u2009?<\/strong><\/span><\/p>\n<p><span style=\"font-family: georgia, palatino, serif; font-size: 12pt; color: #000000;\"><strong>\u2014<\/strong><strong>Lee&nbsp;: <\/strong>Je dirai que c\u2019est une musique \u00e9lectronique sombre et ondul\u00e9e, techno-dansante avec un synth\u00e9 onirique.<\/span><\/p>\n<p><span style=\"font-family: georgia, palatino, serif; font-size: 12pt; color: #000000;\"><strong>\u2014<\/strong><strong>Michal&nbsp;: <\/strong>J\u2019aimerais ajouter : minimaliste et psych\u00e9d\u00e9lique.<\/span><\/p>\n<p><span style=\"font-family: georgia, palatino, serif; font-size: 12pt; color: #000000;\"><strong>\u2014<\/strong><strong>J\u2019ai \u00e9galement remarqu\u00e9 que la fa\u00e7on dont vous chantez est bien plus sensuelle et moins froide qu\u2019avant. Dans&nbsp;\u00ab&nbsp;The River of Fire&nbsp;\u00bb, la voix et la musique sont parfois presque disco. Je peux m\u00eame entendre la pr\u00e9sence d\u2019une partie qui flirte presque avec l\u2019acid, \u00e0 moins que ce ne soit moi qui entende de l\u2019acid partout. Pourquoi avoir d\u00e9cid\u00e9 de prendre cette direction et de composer de la musique plus dansante\u2009?<\/strong><\/span><\/p>\n<p><span style=\"font-family: georgia, palatino, serif; font-size: 12pt; color: #000000;\"><strong>\u2014<\/strong><strong>Michal&nbsp;:<\/strong> Pour moi, c\u2019est une direction int\u00e9ressante et appr\u00e9ci\u00e9e. J\u2019ai \u00e9t\u00e9 DJ pendant des ann\u00e9es et j\u2019adore particuli\u00e8rement quand les gens dansent sur notre musique. Je pense que nous allons davantage explorer cette direction pour nos prochains morceaux.<\/span><\/p>\n<p><span style=\"font-family: georgia, palatino, serif; font-size: 12pt; color: #000000;\"><strong>\u2014<\/strong><strong>Lee&nbsp;: <\/strong>Dans ce titre particulier, je chante avec douceur, car la personne pour qui j\u2019ai \u00e9crit et chant\u00e9 cette chanson se sentait vraiment d\u00e9prim\u00e9e. C\u2019est pour \u00e7a que la chanson pr\u00e9sente cette \u00e9tiquette de fragilit\u00e9, car le moment l\u2019exigeait.<\/span><\/p>\n<p><span style=\"font-family: georgia, palatino, serif; font-size: 12pt; color: #000000;\"><strong>\u2014<\/strong><strong>Lee, o\u00f9 trouves-tu l\u2019inspiration pour les paroles\u2009? J\u2019ai lu que vous aviez mis en musique un vieux conte islandais, l\u2019Edda dans&nbsp;\u00ab&nbsp;Der Unweise&nbsp;\u00bb. Pourquoi avoir choisi ce conte en particulier\u2009? Tu aimes la mythologie nordique\u2009?<\/strong><\/span><\/p>\n<p><span style=\"font-family: georgia, palatino, serif; font-size: 12pt; color: #000000;\"><strong>\u2014<\/strong><strong>Lee&nbsp;: <\/strong>J\u2019aime lire et la mythologie nordique impr\u00e8gne une grande partie de la culture et des traditions europ\u00e9ennes, mais ce n\u2019est pas le sujet ici. Parfois, nous commen\u00e7ons \u00e0 improviser et je commence \u00e0 \u00eatre obs\u00e9d\u00e9e par des mots simples comme \u201ch\u00e9ros, h\u00e9ros\u201d par exemple, mais je n\u2019ai pas les phrases en moi. Alors je fais des recherches en ligne et je trouve beaucoup de choses, stupides, sentimentales ou inappropri\u00e9es\u2026 Et puis je trouve ce que je cherche, et je suis pr\u00eate.<\/span><\/p>\n<p><span style=\"font-family: georgia, palatino, serif; font-size: 12pt; color: #000000;\"><strong>\u2014<\/strong><strong>Dans cette chanson et dans \u00ab&nbsp;Nachtang&nbsp;\u00bb, vous semblez chanter en allemand. Comment d\u00e9cidez-vous dans quelle langue une chanson sera \u00e9crite\u2009?<\/strong><b><img loading=\"lazy\" decoding=\"async\" src=\"https:\/\/elgarajedefrank.es\/wp-content\/uploads\/2020\/11\/NNHMN-Special-Hi-res-pic-Custom-300x169.jpg\" alt=\"\" width=\"450\" height=\"253\"><\/b><\/span><\/p>\n<p><span style=\"font-family: georgia, palatino, serif; font-size: 12pt; color: #000000;\"><strong>\u2014<\/strong><strong>Lee&nbsp;: <\/strong>Je ne d\u00e9cide pas, c\u2019est la d\u00e9cision qui m\u2019attend l\u00e0-bas. J\u2019aime les deux langues. Je pourrais chanter dans toutes les langues ou sans une en particulier comme dans \u00ab&nbsp;Church of no Religion&nbsp;\u00bb \u00e0 la fa\u00e7on de la glossolalie. J\u2019adore les langues et je trouve la fa\u00e7on dont elles changent et s\u2019influencent l\u2019une l\u2019autre int\u00e9ressante.<\/span><\/p>\n<p><span style=\"font-family: georgia, palatino, serif; font-size: 12pt; color: #000000;\"><strong>\u2014<\/strong><strong>Vous avez votre propre label, K-Dream Records. L\u2019avez-vous cr\u00e9\u00e9 car vous ne trouviez pas de label pour sortir votre musique ou pour obtenir une ind\u00e9pendance totale\u2009? Pr\u00e9voyez-vous de promouvoir d\u2019autres groupes que le v\u00f4tre avec votre label\u2009?<\/strong><\/span><\/p>\n<p><span style=\"font-family: georgia, palatino, serif; font-size: 12pt; color: #000000;\"><strong>\u2014<\/strong><strong>Lee&nbsp;: <\/strong>C\u2019est notre label pour nos sorties num\u00e9riques et nos cassettes. On adore ce format. Pour les vinyles, nous coop\u00e9rons avec le fantastique Or\u00e1culo Records et pour les CD, nous coop\u00e9rons avec l\u2019exp\u00e9rimental Zoharum. Ce mod\u00e8le est tr\u00e8s flexible et confortable et les parties sont heureuses (je l\u2019esp\u00e8re\u2009!).<\/span><\/p>\n<p><span style=\"font-family: georgia, palatino, serif; font-size: 12pt; color: #000000;\"><strong>\u2014<\/strong><strong>Michal&nbsp;: <\/strong>Nous avons cr\u00e9\u00e9 ce label pour sortir uniquement notre musique et on ne pr\u00e9voyait pas de sortir la musique d\u2019autres artistes. Pour l\u2019instant, \u00e7a nous convient \u00e0 merveille, mais peut-\u00eatre \u00e0 l\u2019avenir\u2009? Qui sait\u2026<\/span><\/p>\n<p><span style=\"font-family: georgia, palatino, serif; font-size: 12pt; color: #000000;\"><strong>\u2014<\/strong><strong>J\u2019ai vu que vous avez jou\u00e9 dans un festival \u00e0 S\u00e9oul, en Cor\u00e9e du Sud (Zandari Festa, 2014). Quelles exp\u00e9riences avez-vous v\u00e9cues l\u00e0-bas\u2009?<\/strong><\/span><\/p>\n<p><span style=\"font-family: georgia, palatino, serif; font-size: 12pt; color: #000000;\"><strong>\u2014<\/strong><strong>Michal&nbsp;:<\/strong> S\u00e9oul \u00e9tait une belle ville, et c\u2019\u00e9tait sympa d\u2019avoir la chance de pr\u00e9senter notre musique \u00e0 un nouveau public. Je dois aussi ajouter que manger des insectes au lieu de chips \u00e9tait une exp\u00e9rience tr\u00e8s cool.<\/span><\/p>\n<p><span style=\"font-family: georgia, palatino, serif; font-size: 12pt; color: #000000;\"><strong>\u2014<\/strong><strong>Lee&nbsp;:<\/strong> C\u2019\u00e9tait vraiment exotique\u2009; l\u2019Asie et la sc\u00e8ne immense\u2009; un sentiment assez \u00e9trange, pour nous qui sommes un groupe underground. Mais les gens \u00e9taient extr\u00eamement sympathiques et la lumi\u00e8re asiatique \u00e9tait si diff\u00e9rente, vraiment magique.<\/span><\/p>\n<p><span style=\"font-size: 12pt; color: #000000; font-family: georgia, palatino, serif;\"><b><img loading=\"lazy\" decoding=\"async\" src=\"https:\/\/elgarajedefrank.es\/wp-content\/uploads\/2020\/11\/NNHMN9-1-222x300.jpg\" alt=\"\" width=\"350\" height=\"472\"><\/b><\/span><\/p>\n<p><span style=\"font-family: georgia, palatino, serif; font-size: 12pt; color: #000000;\"><strong>\u2014<\/strong><strong>J\u2019ai lu qu\u2019Instagram avait censur\u00e9 une photo de vous deux o\u00f9 vous tenez un livre sur lequel on distingue la photo d\u2019une femme nue. Qu\u2019en pensez-vous&nbsp;? \u00c9tait-ce la premi\u00e8re fois que vous avez \u00e9t\u00e9 censur\u00e9s\u2009?<\/strong><strong>&nbsp;<\/strong><b><\/b><\/span><\/p>\n<p><span style=\"font-family: georgia, palatino, serif; font-size: 12pt; color: #000000;\"><strong>\u2014<\/strong><strong>Lee&nbsp;:<\/strong> C\u2019est des conneries, bien s\u00fbr. On est environn\u00e9 par des discours haineux, la pornographie et soudain, un mamelon appara\u00eet et on en fait tout un plat. Tout le monde sait de quoi je parle ici, c\u2019est juste de l\u2019hypocrisie pure (et de la pruderie). C\u2019est le syst\u00e8me qui ressemble de plus en plus au <em>Ch\u00e2teau<\/em> de F.&nbsp;Kafka.<\/span><\/p>\n<p><span style=\"font-family: georgia, palatino, serif; font-size: 12pt; color: #000000;\"><strong>\u2014<\/strong><strong>Trouvez-vous l\u2019immortalit\u00e9 attirante\u2009? Pourquoi\u2009?<\/strong><\/span><\/p>\n<p><span style=\"font-family: georgia, palatino, serif; font-size: 12pt; color: #000000;\"><strong>\u2014<\/strong><strong>Michal&nbsp;:<\/strong> Le monde serait diff\u00e9rent si nous \u00e9tions tous \u00e9ternels comme des vampires. Je pense que la mortalit\u00e9 d\u00e9termine notre \u00eatre. Elle nous d\u00e9finit et nous pousse \u00e0 \u00eatre plus rapides. Enfin, je dirais qu\u2019\u00eatre plus rapide est un effet secondaire, ha.<\/span><\/p>\n<p><span style=\"font-family: georgia, palatino, serif; font-size: 12pt; color: #000000;\"><strong>\u2014<\/strong><strong>Lee&nbsp;:<\/strong> Je la trouve attirante. Parfois j\u2019ai l\u2019impression\u2026 que tout ce que je fais est inutile parce que je suis sur le point de mourir.<\/span><\/p>\n<p><span style=\"font-family: georgia, palatino, serif; font-size: 12pt; color: #000000;\"><strong>\u2014<\/strong><strong>La COVID-19 a rendu l\u2019avenir tr\u00e8s incertain.<\/strong> <strong>Comment la pand\u00e9mie a-t-elle affect\u00e9 votre vie\u2009? Avez-vous des plans dont vous aimeriez nous faire part\u2009?<\/strong><\/span><\/p>\n<p><span style=\"font-family: georgia, palatino, serif; font-size: 12pt; color: #000000;\"><strong>\u2014<\/strong><strong>Lee&nbsp;:<\/strong> J&#8217;ai \u00e9t\u00e9 tr\u00e8s d\u00e9prim\u00e9e. Apr\u00e8s presque 2&nbsp;ans pass\u00e9s \u00e0 repenser et \u00e0 reconstruire notre studio, apr\u00e8s 2&nbsp;ans d\u2019enregistrement, de sortie de musique et de vid\u00e9os, nous \u00e9tions pr\u00eats \u00e0 faire une tourn\u00e9e europ\u00e9enne, une dizaine de concerts dans les capitales europ\u00e9ennes. Tout a \u00e9t\u00e9 annul\u00e9. Nous avions \u00e9galement entam\u00e9 des n\u00e9gociations pour des tourn\u00e9es aux \u00c9tats-Unis et au Royaume-Uni, mais bien s\u00fbr, tout avait \u00e9t\u00e9 annul\u00e9 \u00e9galement. Alors oui, j&#8217;ai \u00e9t\u00e9 grandement attrist\u00e9e. Mais au moins, nous avions notre musique et une rivi\u00e8re d\u2019id\u00e9es infinie. J\u2019ajouterais aussi que la relation avec notre public, tr\u00e8s, tr\u00e8s chaleureuse, a permis d&#8217;ajouter beaucoup de positivit\u00e9 \u00e0 ce qui se passait.<\/span><\/p>\n<p><span style=\"font-family: georgia, palatino, serif; font-size: 12pt; color: #000000;\"><strong>\u2014<\/strong><strong>Michal&nbsp;: <\/strong>C&#8217;est fantastique de pouvoir&nbsp;\u00e0 nouveau en live, mais \u00e0 la place, on avait pris l\u2019habitude de voir nos shows annul\u00e9s. Je ne compte pas le nombre. Le sentiment qu\u2019on \u00e9prouve en transmettant l\u2019\u00e9nergie en live avec le public est pr\u00e9cieux. Nous devons attendre des jours meilleurs, mais au moins, nous pouvons composer et enregistrer de nouvelles musiques.<\/span><\/p>\n<p><strong style=\"color: rgb(0, 0, 0); font-family: georgia, palatino, serif;\">\u2014<\/strong><font color=\"#000000\" face=\"georgia, palatino, serif\"><b>&#8220;Maserati&#8221;, la derni\u00e8re chanson de votre EP <i>Tomorrow&#8217;s Heroin<\/i> tire son inspiration de DAF, comme vous l&#8217;avez comment\u00e9 sur Facebook. Depuis la mort de Gabi Delgado, en guise d&#8217;hommage, nous avons demand\u00e9 \u00e0 quelques artistes comment ce duo les avait influenc\u00e9s. Alors, quand avez-vous commenc\u00e9 \u00e0 \u00e9couter DAF et en quoi leur travail a-t-il influenc\u00e9 votre musique ?<\/b><\/font><\/p>\n<p><strong style=\"color: rgb(0, 0, 0); font-family: georgia, palatino, serif;\">\u2014<\/strong><font color=\"#000000\" face=\"georgia, palatino, serif\"><b>Michal <\/b>: Oui, <b>DAF <\/b>\u00e9tait \u00e0 l&#8217;\u00e9poque un pionnier de la musique \u00e9lectronique new wave. Avec leur approche punk ils repr\u00e9sentaient la f\u00e9rocit\u00e9 et la libert\u00e9 mais aussi le progr\u00e8s.<\/font><\/p>\n<p><font color=\"#000000\" face=\"georgia, palatino, serif\">La premi\u00e8re chanson de <b>DAF <\/b>que j&#8217;ai entendue \u00e9tait &#8220;Der Mussolini&#8221;. Au d\u00e9but, elle m&#8217;a fait penser \u00e0 <b>Suicide<\/b>, mais le chant \u00e9tait radicalement diff\u00e9rent, et la musique si claire&#8230; rien \u00e0 avoir avec l&#8217;approche de <b>Suicide<\/b>. &#8220;Maserati&#8221; a \u00e9t\u00e9 construit sur ce sch\u00e9ma : section new wave classique puls\u00e9e, texte relativement simple, beaucoup de plaisir \u00e8 l&#8217;\u00e9tat pur et une pinc\u00e9e de r\u00e9bellion.&nbsp;<\/font><\/p>\n<p><span style=\"font-family: georgia, palatino, serif; font-size: 12pt; color: #800000;\"><strong>Traduction : R\u00e9mi Sauze<\/strong><\/span><\/p>\t\t\t\t\t\t\t\t<\/div>\n\t\t\t\t<\/div>\n\t\t\t\t\t<\/div>\n\t\t<\/div>\n\t\t\t\t\t<\/div>\n\t\t<\/section>\n\t\t\t\t<section class=\"penci-section penci-disSticky penci-structure-33 elementor-section elementor-top-section elementor-element elementor-element-db59baf elementor-section-boxed elementor-section-height-default elementor-section-height-default\" data-id=\"db59baf\" data-element_type=\"section\" data-e-type=\"section\">\n\t\t\t\t\t\t<div class=\"elementor-container elementor-column-gap-default\">\n\t\t\t\t\t<div class=\"penci-ercol-25 penci-ercol-order-1 penci-sticky-sb penci-sidebarSC   elementor-column elementor-col-25 elementor-top-column elementor-element elementor-element-c0fd619\" data-id=\"c0fd619\" data-element_type=\"column\" data-e-type=\"column\">\n\t\t\t<div class=\"elementor-widget-wrap\">\n\t\t\t\t\t\t\t<\/div>\n\t\t<\/div>\n\t\t\t\t<div class=\"penci-ercol-50 penci-ercol-order-2 penci-sticky-ct    elementor-column elementor-col-50 elementor-top-column elementor-element elementor-element-17065a1\" data-id=\"17065a1\" data-element_type=\"column\" data-e-type=\"column\">\n\t\t\t<div class=\"elementor-widget-wrap elementor-element-populated\">\n\t\t\t\t\t\t<div class=\"elementor-element elementor-element-4ed552f elementor-widget elementor-widget-shortcode\" data-id=\"4ed552f\" data-element_type=\"widget\" data-e-type=\"widget\" data-widget_type=\"shortcode.default\">\n\t\t\t\t<div class=\"elementor-widget-container\">\n\t\t\t\t\t\t\t<div class=\"elementor-shortcode\"><iframe src=\"https:\/\/open.spotify.com\/embed\/album\/0HL1hPcF1QgT8j55A5MM5B\" width=\"300\" height=\"380\" frameborder=\"0\" allowtransparency=\"true\" allow=\"encrypted-media\"><\/iframe><\/div>\n\t\t\t\t\t\t<\/div>\n\t\t\t\t<\/div>\n\t\t\t\t\t<\/div>\n\t\t<\/div>\n\t\t\t\t<div class=\"penci-ercol-25 penci-ercol-order-3 penci-sticky-sb penci-sidebarSC   elementor-column elementor-col-25 elementor-top-column elementor-element elementor-element-23b93fe\" data-id=\"23b93fe\" data-element_type=\"column\" data-e-type=\"column\">\n\t\t\t<div class=\"elementor-widget-wrap\">\n\t\t\t\t\t\t\t<\/div>\n\t\t<\/div>\n\t\t\t\t\t<\/div>\n\t\t<\/section>\n\t\t\t\t<section class=\"penci-section penci-disSticky penci-structure-34 elementor-section elementor-top-section elementor-element elementor-element-c65b5d5 elementor-section-boxed elementor-section-height-default elementor-section-height-default\" data-id=\"c65b5d5\" data-element_type=\"section\" data-e-type=\"section\">\n\t\t\t\t\t\t<div class=\"elementor-container elementor-column-gap-default\">\n\t\t\t\t\t<div class=\"penci-ercol-16 penci-ercol-order-1 penci-sticky-ct    elementor-column elementor-col-16 elementor-top-column elementor-element elementor-element-e8307ec\" data-id=\"e8307ec\" data-element_type=\"column\" data-e-type=\"column\">\n\t\t\t<div class=\"elementor-widget-wrap\">\n\t\t\t\t\t\t\t<\/div>\n\t\t<\/div>\n\t\t\t\t<div class=\"penci-ercol-66 penci-ercol-order-2 penci-sticky-ct    elementor-column elementor-col-66 elementor-top-column elementor-element elementor-element-63d1ee9\" data-id=\"63d1ee9\" data-element_type=\"column\" data-e-type=\"column\">\n\t\t\t<div class=\"elementor-widget-wrap elementor-element-populated\">\n\t\t\t\t\t\t<div class=\"elementor-element elementor-element-85d377b elementor-widget elementor-widget-video\" data-id=\"85d377b\" data-element_type=\"widget\" data-e-type=\"widget\" data-settings=\"{&quot;youtube_url&quot;:&quot;https:\\\/\\\/www.youtube.com\\\/watch?v=uHQ8yMc9FLk&amp;feature=youtu.be&quot;,&quot;video_type&quot;:&quot;youtube&quot;,&quot;controls&quot;:&quot;yes&quot;}\" data-widget_type=\"video.default\">\n\t\t\t\t<div class=\"elementor-widget-container\">\n\t\t\t\t\t\t\t<div class=\"elementor-wrapper elementor-open-inline\">\n\t\t\t<div class=\"elementor-video\"><\/div>\t\t<\/div>\n\t\t\t\t\t\t<\/div>\n\t\t\t\t<\/div>\n\t\t\t\t\t<\/div>\n\t\t<\/div>\n\t\t\t\t<div class=\"penci-ercol-16 penci-ercol-order-3 penci-sticky-ct    elementor-column elementor-col-16 elementor-top-column elementor-element elementor-element-72f0ebf\" data-id=\"72f0ebf\" data-element_type=\"column\" data-e-type=\"column\">\n\t\t\t<div class=\"elementor-widget-wrap\">\n\t\t\t\t\t\t\t<\/div>\n\t\t<\/div>\n\t\t\t\t\t<\/div>\n\t\t<\/section>\n\t\t\t\t<section class=\"penci-section penci-disSticky penci-structure-34 elementor-section elementor-top-section elementor-element elementor-element-1de9411 elementor-section-boxed elementor-section-height-default elementor-section-height-default\" data-id=\"1de9411\" data-element_type=\"section\" data-e-type=\"section\">\n\t\t\t\t\t\t<div class=\"elementor-container elementor-column-gap-default\">\n\t\t\t\t\t<div class=\"penci-ercol-16 penci-ercol-order-1 penci-sticky-ct    elementor-column elementor-col-16 elementor-top-column elementor-element elementor-element-2a840f6\" data-id=\"2a840f6\" data-element_type=\"column\" data-e-type=\"column\">\n\t\t\t<div class=\"elementor-widget-wrap\">\n\t\t\t\t\t\t\t<\/div>\n\t\t<\/div>\n\t\t\t\t<div class=\"penci-ercol-66 penci-ercol-order-2 penci-sticky-ct    elementor-column elementor-col-66 elementor-top-column elementor-element elementor-element-3cbeee1\" data-id=\"3cbeee1\" data-element_type=\"column\" data-e-type=\"column\">\n\t\t\t<div class=\"elementor-widget-wrap elementor-element-populated\">\n\t\t\t\t\t\t<div class=\"elementor-element elementor-element-0300efd elementor-widget elementor-widget-video\" data-id=\"0300efd\" data-element_type=\"widget\" data-e-type=\"widget\" data-settings=\"{&quot;youtube_url&quot;:&quot;https:\\\/\\\/www.youtube.com\\\/watch?v=DJkpPb9a1sw&amp;feature=youtu.be&quot;,&quot;video_type&quot;:&quot;youtube&quot;,&quot;controls&quot;:&quot;yes&quot;}\" data-widget_type=\"video.default\">\n\t\t\t\t<div class=\"elementor-widget-container\">\n\t\t\t\t\t\t\t<div class=\"elementor-wrapper elementor-open-inline\">\n\t\t\t<div class=\"elementor-video\"><\/div>\t\t<\/div>\n\t\t\t\t\t\t<\/div>\n\t\t\t\t<\/div>\n\t\t\t\t\t<\/div>\n\t\t<\/div>\n\t\t\t\t<div class=\"penci-ercol-16 penci-ercol-order-3 penci-sticky-ct    elementor-column elementor-col-16 elementor-top-column elementor-element elementor-element-d733e18\" data-id=\"d733e18\" data-element_type=\"column\" data-e-type=\"column\">\n\t\t\t<div class=\"elementor-widget-wrap\">\n\t\t\t\t\t\t\t<\/div>\n\t\t<\/div>\n\t\t\t\t\t<\/div>\n\t\t<\/section>\n\t\t\t\t<\/div>\n\t\t","protected":false},"excerpt":{"rendered":"<p>Il ne faudra pas attendre longtemps avant que NNHMN atteigne le sommet de la sc\u00e8ne&hellip;<\/p>\n","protected":false},"author":2,"featured_media":26747,"comment_status":"open","ping_status":"open","sticky":false,"template":"","format":"standard","meta":{"_lmt_disableupdate":"","_lmt_disable":"","footnotes":""},"categories":[841,35],"tags":[314,624],"class_list":["post-27406","post","type-post","status-publish","format-standard","has-post-thumbnail","hentry","category-darkmad-2023-fr","category-interviews-fr","tag-darkwave-fr","tag-wave-fr"],"yoast_head":"<!-- This site is optimized with the Yoast SEO plugin v27.4 - https:\/\/yoast.com\/product\/yoast-seo-wordpress\/ -->\n<title>Interview : NNHMN &#8212; El Garaje de Frank<\/title>\n<meta name=\"description\" content=\"Interviews &#8212; Interview avec le groupe de darkwave NNHMN.\" \/>\n<meta name=\"robots\" content=\"index, follow, max-snippet:-1, max-image-preview:large, max-video-preview:-1\" \/>\n<link rel=\"canonical\" href=\"https:\/\/elgarajedefrank.es\/fr\/interview-nnhmn\/\" \/>\n<meta property=\"og:locale\" content=\"fr_FR\" \/>\n<meta property=\"og:type\" content=\"article\" \/>\n<meta property=\"og:title\" content=\"Interview : NNHMN &#8212; El Garaje de Frank\" \/>\n<meta property=\"og:description\" content=\"Interviews &#8212; Interview avec le groupe de darkwave NNHMN.\" \/>\n<meta property=\"og:url\" content=\"https:\/\/elgarajedefrank.es\/fr\/interview-nnhmn\/\" \/>\n<meta property=\"og:site_name\" content=\"El Garaje de Frank\" \/>\n<meta property=\"article:publisher\" content=\"https:\/\/www.facebook.com\/elgarajedefrank\/\" \/>\n<meta property=\"article:published_time\" content=\"2021-11-30T09:20:39+00:00\" \/>\n<meta property=\"article:modified_time\" content=\"2023-04-21T14:42:29+00:00\" \/>\n<meta property=\"og:image\" content=\"https:\/\/elgarajedefrank.es\/wp-content\/uploads\/2020\/11\/nnhmn-portret_6602734.jpg\" \/>\n\t<meta property=\"og:image:width\" content=\"900\" \/>\n\t<meta property=\"og:image:height\" content=\"592\" \/>\n\t<meta property=\"og:image:type\" content=\"image\/jpeg\" \/>\n<meta name=\"author\" content=\"Violeta\" \/>\n<meta name=\"twitter:card\" content=\"summary_large_image\" \/>\n<meta name=\"twitter:label1\" content=\"\u00c9crit par\" \/>\n\t<meta name=\"twitter:data1\" content=\"Violeta\" \/>\n\t<meta name=\"twitter:label2\" content=\"Dur\u00e9e de lecture estim\u00e9e\" \/>\n\t<meta name=\"twitter:data2\" content=\"17 minutes\" \/>\n<script type=\"application\/ld+json\" class=\"yoast-schema-graph\">{\"@context\":\"https:\\\/\\\/schema.org\",\"@graph\":[{\"@type\":\"Article\",\"@id\":\"https:\\\/\\\/elgarajedefrank.es\\\/fr\\\/interview-nnhmn\\\/#article\",\"isPartOf\":{\"@id\":\"https:\\\/\\\/elgarajedefrank.es\\\/fr\\\/interview-nnhmn\\\/\"},\"author\":{\"name\":\"Violeta\",\"@id\":\"https:\\\/\\\/elgarajedefrank.es\\\/fr\\\/#\\\/schema\\\/person\\\/35ec115bc6f8fb3d23238106dc7c1308\"},\"headline\":\"Interview : NNHMN\",\"datePublished\":\"2021-11-30T09:20:39+00:00\",\"dateModified\":\"2023-04-21T14:42:29+00:00\",\"mainEntityOfPage\":{\"@id\":\"https:\\\/\\\/elgarajedefrank.es\\\/fr\\\/interview-nnhmn\\\/\"},\"wordCount\":3783,\"commentCount\":0,\"publisher\":{\"@id\":\"https:\\\/\\\/elgarajedefrank.es\\\/fr\\\/#\\\/schema\\\/person\\\/d709c9c33f5f405d44c6c9397889ba15\"},\"image\":{\"@id\":\"https:\\\/\\\/elgarajedefrank.es\\\/fr\\\/interview-nnhmn\\\/#primaryimage\"},\"thumbnailUrl\":\"https:\\\/\\\/elgarajedefrank.es\\\/wp-content\\\/uploads\\\/2020\\\/11\\\/nnhmn-portret_6602734.jpg\",\"keywords\":[\"Darkwave\",\"Wave\"],\"articleSection\":[\"DarkMad 2023\",\"Interviews\"],\"inLanguage\":\"fr-FR\",\"potentialAction\":[{\"@type\":\"CommentAction\",\"name\":\"Comment\",\"target\":[\"https:\\\/\\\/elgarajedefrank.es\\\/fr\\\/interview-nnhmn\\\/#respond\"]}]},{\"@type\":\"WebPage\",\"@id\":\"https:\\\/\\\/elgarajedefrank.es\\\/fr\\\/interview-nnhmn\\\/\",\"url\":\"https:\\\/\\\/elgarajedefrank.es\\\/fr\\\/interview-nnhmn\\\/\",\"name\":\"Interview : NNHMN &#8212; El Garaje de Frank\",\"isPartOf\":{\"@id\":\"https:\\\/\\\/elgarajedefrank.es\\\/fr\\\/#website\"},\"primaryImageOfPage\":{\"@id\":\"https:\\\/\\\/elgarajedefrank.es\\\/fr\\\/interview-nnhmn\\\/#primaryimage\"},\"image\":{\"@id\":\"https:\\\/\\\/elgarajedefrank.es\\\/fr\\\/interview-nnhmn\\\/#primaryimage\"},\"thumbnailUrl\":\"https:\\\/\\\/elgarajedefrank.es\\\/wp-content\\\/uploads\\\/2020\\\/11\\\/nnhmn-portret_6602734.jpg\",\"datePublished\":\"2021-11-30T09:20:39+00:00\",\"dateModified\":\"2023-04-21T14:42:29+00:00\",\"description\":\"Interviews &#8212; Interview avec le groupe de darkwave NNHMN.\",\"breadcrumb\":{\"@id\":\"https:\\\/\\\/elgarajedefrank.es\\\/fr\\\/interview-nnhmn\\\/#breadcrumb\"},\"inLanguage\":\"fr-FR\",\"potentialAction\":[{\"@type\":\"ReadAction\",\"target\":[\"https:\\\/\\\/elgarajedefrank.es\\\/fr\\\/interview-nnhmn\\\/\"]}]},{\"@type\":\"ImageObject\",\"inLanguage\":\"fr-FR\",\"@id\":\"https:\\\/\\\/elgarajedefrank.es\\\/fr\\\/interview-nnhmn\\\/#primaryimage\",\"url\":\"https:\\\/\\\/elgarajedefrank.es\\\/wp-content\\\/uploads\\\/2020\\\/11\\\/nnhmn-portret_6602734.jpg\",\"contentUrl\":\"https:\\\/\\\/elgarajedefrank.es\\\/wp-content\\\/uploads\\\/2020\\\/11\\\/nnhmn-portret_6602734.jpg\",\"width\":900,\"height\":592},{\"@type\":\"BreadcrumbList\",\"@id\":\"https:\\\/\\\/elgarajedefrank.es\\\/fr\\\/interview-nnhmn\\\/#breadcrumb\",\"itemListElement\":[{\"@type\":\"ListItem\",\"position\":1,\"name\":\"Inicio\",\"item\":\"https:\\\/\\\/elgarajedefrank.es\\\/fr\\\/\"},{\"@type\":\"ListItem\",\"position\":2,\"name\":\"Interviews\",\"item\":\"https:\\\/\\\/elgarajedefrank.es\\\/fr\\\/category\\\/interviews-fr\\\/\"},{\"@type\":\"ListItem\",\"position\":3,\"name\":\"Interview : NNHMN\"}]},{\"@type\":\"WebSite\",\"@id\":\"https:\\\/\\\/elgarajedefrank.es\\\/fr\\\/#website\",\"url\":\"https:\\\/\\\/elgarajedefrank.es\\\/fr\\\/\",\"name\":\"El Garaje de Frank\",\"description\":\"Music magazine\",\"publisher\":{\"@id\":\"https:\\\/\\\/elgarajedefrank.es\\\/fr\\\/#\\\/schema\\\/person\\\/d709c9c33f5f405d44c6c9397889ba15\"},\"potentialAction\":[{\"@type\":\"SearchAction\",\"target\":{\"@type\":\"EntryPoint\",\"urlTemplate\":\"https:\\\/\\\/elgarajedefrank.es\\\/fr\\\/?s={search_term_string}\"},\"query-input\":{\"@type\":\"PropertyValueSpecification\",\"valueRequired\":true,\"valueName\":\"search_term_string\"}}],\"inLanguage\":\"fr-FR\"},{\"@type\":[\"Person\",\"Organization\"],\"@id\":\"https:\\\/\\\/elgarajedefrank.es\\\/fr\\\/#\\\/schema\\\/person\\\/d709c9c33f5f405d44c6c9397889ba15\",\"name\":\"Fran\u00e7ois Zappa\",\"image\":{\"@type\":\"ImageObject\",\"inLanguage\":\"fr-FR\",\"@id\":\"https:\\\/\\\/elgarajedefrank.es\\\/wp-content\\\/uploads\\\/2019\\\/10\\\/IMG_8278-150x150.jpg\",\"url\":\"https:\\\/\\\/elgarajedefrank.es\\\/wp-content\\\/uploads\\\/2019\\\/10\\\/IMG_8278-150x150.jpg\",\"contentUrl\":\"https:\\\/\\\/elgarajedefrank.es\\\/wp-content\\\/uploads\\\/2019\\\/10\\\/IMG_8278-150x150.jpg\",\"caption\":\"Fran\u00e7ois Zappa\"},\"logo\":{\"@id\":\"https:\\\/\\\/elgarajedefrank.es\\\/wp-content\\\/uploads\\\/2019\\\/10\\\/IMG_8278-150x150.jpg\"},\"sameAs\":[\"https:\\\/\\\/www.facebook.com\\\/elgarajedefrank\\\/\",\"https:\\\/\\\/www.instagram.com\\\/elgarajedefrank\\\/\"]},{\"@type\":\"Person\",\"@id\":\"https:\\\/\\\/elgarajedefrank.es\\\/fr\\\/#\\\/schema\\\/person\\\/35ec115bc6f8fb3d23238106dc7c1308\",\"name\":\"Violeta\",\"image\":{\"@type\":\"ImageObject\",\"inLanguage\":\"fr-FR\",\"@id\":\"https:\\\/\\\/elgarajedefrank.es\\\/wp-content\\\/uploads\\\/2019\\\/10\\\/IMG_0576-e1570432097945-150x150.jpg\",\"url\":\"https:\\\/\\\/elgarajedefrank.es\\\/wp-content\\\/uploads\\\/2019\\\/10\\\/IMG_0576-e1570432097945-150x150.jpg\",\"contentUrl\":\"https:\\\/\\\/elgarajedefrank.es\\\/wp-content\\\/uploads\\\/2019\\\/10\\\/IMG_0576-e1570432097945-150x150.jpg\",\"caption\":\"Violeta\"}}]}<\/script>\n<!-- \/ Yoast SEO plugin. -->","yoast_head_json":{"title":"Interview : NNHMN &#8212; El Garaje de Frank","description":"Interviews &#8212; Interview avec le groupe de darkwave NNHMN.","robots":{"index":"index","follow":"follow","max-snippet":"max-snippet:-1","max-image-preview":"max-image-preview:large","max-video-preview":"max-video-preview:-1"},"canonical":"https:\/\/elgarajedefrank.es\/fr\/interview-nnhmn\/","og_locale":"fr_FR","og_type":"article","og_title":"Interview : NNHMN &#8212; El Garaje de Frank","og_description":"Interviews &#8212; Interview avec le groupe de darkwave NNHMN.","og_url":"https:\/\/elgarajedefrank.es\/fr\/interview-nnhmn\/","og_site_name":"El Garaje de Frank","article_publisher":"https:\/\/www.facebook.com\/elgarajedefrank\/","article_published_time":"2021-11-30T09:20:39+00:00","article_modified_time":"2023-04-21T14:42:29+00:00","og_image":[{"width":900,"height":592,"url":"https:\/\/elgarajedefrank.es\/wp-content\/uploads\/2020\/11\/nnhmn-portret_6602734.jpg","type":"image\/jpeg"}],"author":"Violeta","twitter_card":"summary_large_image","twitter_misc":{"\u00c9crit par":"Violeta","Dur\u00e9e de lecture estim\u00e9e":"17 minutes"},"schema":{"@context":"https:\/\/schema.org","@graph":[{"@type":"Article","@id":"https:\/\/elgarajedefrank.es\/fr\/interview-nnhmn\/#article","isPartOf":{"@id":"https:\/\/elgarajedefrank.es\/fr\/interview-nnhmn\/"},"author":{"name":"Violeta","@id":"https:\/\/elgarajedefrank.es\/fr\/#\/schema\/person\/35ec115bc6f8fb3d23238106dc7c1308"},"headline":"Interview : NNHMN","datePublished":"2021-11-30T09:20:39+00:00","dateModified":"2023-04-21T14:42:29+00:00","mainEntityOfPage":{"@id":"https:\/\/elgarajedefrank.es\/fr\/interview-nnhmn\/"},"wordCount":3783,"commentCount":0,"publisher":{"@id":"https:\/\/elgarajedefrank.es\/fr\/#\/schema\/person\/d709c9c33f5f405d44c6c9397889ba15"},"image":{"@id":"https:\/\/elgarajedefrank.es\/fr\/interview-nnhmn\/#primaryimage"},"thumbnailUrl":"https:\/\/elgarajedefrank.es\/wp-content\/uploads\/2020\/11\/nnhmn-portret_6602734.jpg","keywords":["Darkwave","Wave"],"articleSection":["DarkMad 2023","Interviews"],"inLanguage":"fr-FR","potentialAction":[{"@type":"CommentAction","name":"Comment","target":["https:\/\/elgarajedefrank.es\/fr\/interview-nnhmn\/#respond"]}]},{"@type":"WebPage","@id":"https:\/\/elgarajedefrank.es\/fr\/interview-nnhmn\/","url":"https:\/\/elgarajedefrank.es\/fr\/interview-nnhmn\/","name":"Interview : NNHMN &#8212; El Garaje de Frank","isPartOf":{"@id":"https:\/\/elgarajedefrank.es\/fr\/#website"},"primaryImageOfPage":{"@id":"https:\/\/elgarajedefrank.es\/fr\/interview-nnhmn\/#primaryimage"},"image":{"@id":"https:\/\/elgarajedefrank.es\/fr\/interview-nnhmn\/#primaryimage"},"thumbnailUrl":"https:\/\/elgarajedefrank.es\/wp-content\/uploads\/2020\/11\/nnhmn-portret_6602734.jpg","datePublished":"2021-11-30T09:20:39+00:00","dateModified":"2023-04-21T14:42:29+00:00","description":"Interviews &#8212; Interview avec le groupe de darkwave NNHMN.","breadcrumb":{"@id":"https:\/\/elgarajedefrank.es\/fr\/interview-nnhmn\/#breadcrumb"},"inLanguage":"fr-FR","potentialAction":[{"@type":"ReadAction","target":["https:\/\/elgarajedefrank.es\/fr\/interview-nnhmn\/"]}]},{"@type":"ImageObject","inLanguage":"fr-FR","@id":"https:\/\/elgarajedefrank.es\/fr\/interview-nnhmn\/#primaryimage","url":"https:\/\/elgarajedefrank.es\/wp-content\/uploads\/2020\/11\/nnhmn-portret_6602734.jpg","contentUrl":"https:\/\/elgarajedefrank.es\/wp-content\/uploads\/2020\/11\/nnhmn-portret_6602734.jpg","width":900,"height":592},{"@type":"BreadcrumbList","@id":"https:\/\/elgarajedefrank.es\/fr\/interview-nnhmn\/#breadcrumb","itemListElement":[{"@type":"ListItem","position":1,"name":"Inicio","item":"https:\/\/elgarajedefrank.es\/fr\/"},{"@type":"ListItem","position":2,"name":"Interviews","item":"https:\/\/elgarajedefrank.es\/fr\/category\/interviews-fr\/"},{"@type":"ListItem","position":3,"name":"Interview : NNHMN"}]},{"@type":"WebSite","@id":"https:\/\/elgarajedefrank.es\/fr\/#website","url":"https:\/\/elgarajedefrank.es\/fr\/","name":"El Garaje de Frank","description":"Music magazine","publisher":{"@id":"https:\/\/elgarajedefrank.es\/fr\/#\/schema\/person\/d709c9c33f5f405d44c6c9397889ba15"},"potentialAction":[{"@type":"SearchAction","target":{"@type":"EntryPoint","urlTemplate":"https:\/\/elgarajedefrank.es\/fr\/?s={search_term_string}"},"query-input":{"@type":"PropertyValueSpecification","valueRequired":true,"valueName":"search_term_string"}}],"inLanguage":"fr-FR"},{"@type":["Person","Organization"],"@id":"https:\/\/elgarajedefrank.es\/fr\/#\/schema\/person\/d709c9c33f5f405d44c6c9397889ba15","name":"Fran\u00e7ois Zappa","image":{"@type":"ImageObject","inLanguage":"fr-FR","@id":"https:\/\/elgarajedefrank.es\/wp-content\/uploads\/2019\/10\/IMG_8278-150x150.jpg","url":"https:\/\/elgarajedefrank.es\/wp-content\/uploads\/2019\/10\/IMG_8278-150x150.jpg","contentUrl":"https:\/\/elgarajedefrank.es\/wp-content\/uploads\/2019\/10\/IMG_8278-150x150.jpg","caption":"Fran\u00e7ois Zappa"},"logo":{"@id":"https:\/\/elgarajedefrank.es\/wp-content\/uploads\/2019\/10\/IMG_8278-150x150.jpg"},"sameAs":["https:\/\/www.facebook.com\/elgarajedefrank\/","https:\/\/www.instagram.com\/elgarajedefrank\/"]},{"@type":"Person","@id":"https:\/\/elgarajedefrank.es\/fr\/#\/schema\/person\/35ec115bc6f8fb3d23238106dc7c1308","name":"Violeta","image":{"@type":"ImageObject","inLanguage":"fr-FR","@id":"https:\/\/elgarajedefrank.es\/wp-content\/uploads\/2019\/10\/IMG_0576-e1570432097945-150x150.jpg","url":"https:\/\/elgarajedefrank.es\/wp-content\/uploads\/2019\/10\/IMG_0576-e1570432097945-150x150.jpg","contentUrl":"https:\/\/elgarajedefrank.es\/wp-content\/uploads\/2019\/10\/IMG_0576-e1570432097945-150x150.jpg","caption":"Violeta"}}]}},"_links":{"self":[{"href":"https:\/\/elgarajedefrank.es\/fr\/wp-json\/wp\/v2\/posts\/27406","targetHints":{"allow":["GET"]}}],"collection":[{"href":"https:\/\/elgarajedefrank.es\/fr\/wp-json\/wp\/v2\/posts"}],"about":[{"href":"https:\/\/elgarajedefrank.es\/fr\/wp-json\/wp\/v2\/types\/post"}],"author":[{"embeddable":true,"href":"https:\/\/elgarajedefrank.es\/fr\/wp-json\/wp\/v2\/users\/2"}],"replies":[{"embeddable":true,"href":"https:\/\/elgarajedefrank.es\/fr\/wp-json\/wp\/v2\/comments?post=27406"}],"version-history":[{"count":3,"href":"https:\/\/elgarajedefrank.es\/fr\/wp-json\/wp\/v2\/posts\/27406\/revisions"}],"predecessor-version":[{"id":54221,"href":"https:\/\/elgarajedefrank.es\/fr\/wp-json\/wp\/v2\/posts\/27406\/revisions\/54221"}],"wp:featuredmedia":[{"embeddable":true,"href":"https:\/\/elgarajedefrank.es\/fr\/wp-json\/wp\/v2\/media\/26747"}],"wp:attachment":[{"href":"https:\/\/elgarajedefrank.es\/fr\/wp-json\/wp\/v2\/media?parent=27406"}],"wp:term":[{"taxonomy":"category","embeddable":true,"href":"https:\/\/elgarajedefrank.es\/fr\/wp-json\/wp\/v2\/categories?post=27406"},{"taxonomy":"post_tag","embeddable":true,"href":"https:\/\/elgarajedefrank.es\/fr\/wp-json\/wp\/v2\/tags?post=27406"}],"curies":[{"name":"wp","href":"https:\/\/api.w.org\/{rel}","templated":true}]}}