{"id":26322,"date":"2020-10-19T15:28:16","date_gmt":"2020-10-19T13:28:16","guid":{"rendered":"https:\/\/elgarajedefrank.es\/?p=26322"},"modified":"2024-01-24T19:04:50","modified_gmt":"2024-01-24T18:04:50","slug":"interview-hante","status":"publish","type":"post","link":"https:\/\/elgarajedefrank.es\/fr\/interview-hante\/","title":{"rendered":"Interview : Hante."},"content":{"rendered":"<p><span style=\"font-family: georgia, palatino, serif; font-size: 12pt;\"><strong>L\u2019ann\u00e9e derni\u00e8re, on avait d\u00e9j\u00e0 discut\u00e9 avec H\u00e9l\u00e8ne de Thoury, mais \u00e0 cette occasion, on s\u2019\u00e9tait focalis\u00e9 sur Minuit Machine, son projet avec Amandine Stioui. Aujourd\u2019hui, c\u2019est au tour de parler de sa chute et de son ascension dans une interview qui tente de compl\u00e9ter la pr\u00e9c\u00e9dente. N\u2019oubliez pas : elle va nous \u00e9mouvoir avec sa darkwave au DarkMad qui aura lieu les 15 et 16 d&#8217;octobre.<\/strong><\/span><\/p>\n<p><span style=\"font-family: georgia, palatino, serif; font-size: 12pt;\"><strong><img fetchpriority=\"high\" decoding=\"async\" class=\"alignleft wp-image-26279\" src=\"https:\/\/elgarajedefrank.es\/wp-content\/uploads\/2020\/10\/Hante_promo-pic-1-300x225.jpg\" alt=\"\" width=\"450\" height=\"337\" srcset=\"https:\/\/elgarajedefrank.es\/wp-content\/uploads\/2020\/10\/Hante_promo-pic-1-300x225.jpg 300w, https:\/\/elgarajedefrank.es\/wp-content\/uploads\/2020\/10\/Hante_promo-pic-1-1024x767.jpg 1024w, https:\/\/elgarajedefrank.es\/wp-content\/uploads\/2020\/10\/Hante_promo-pic-1-768x576.jpg 768w, https:\/\/elgarajedefrank.es\/wp-content\/uploads\/2020\/10\/Hante_promo-pic-1-1536x1151.jpg 1536w, https:\/\/elgarajedefrank.es\/wp-content\/uploads\/2020\/10\/Hante_promo-pic-1-2048x1535.jpg 2048w, https:\/\/elgarajedefrank.es\/wp-content\/uploads\/2020\/10\/Hante_promo-pic-1-scaled.jpg 1920w, https:\/\/elgarajedefrank.es\/wp-content\/uploads\/2020\/10\/Hante_promo-pic-1-1170x877.jpg 1170w, https:\/\/elgarajedefrank.es\/wp-content\/uploads\/2020\/10\/Hante_promo-pic-1-585x438.jpg 585w\" sizes=\"(max-width: 450px) 100vw, 450px\" \/><\/strong><\/span><\/p>\n<p><span style=\"font-family: georgia, palatino, serif; font-size: 12pt;\"><strong>\u2014Ta carri\u00e8re musicale a commenc\u00e9 apr\u00e8s ton d\u00e9m\u00e9nagement \u00e0 Londres. Es-tu all\u00e9e au Royaume-Uni simplement parce que tu pensais qu\u2019il \u00e9tait plus facile de faire de la musique et d\u2019obtenir une certaine reconnaissance l\u00e0-bas qu\u2019en France ? Comment \u00e9tait ta vie \u00ab anglaise \u00bb ? Curieusement, on a un ami commun de cette \u00e9poque.<\/strong><\/span><\/p>\n<p><span style=\"font-family: georgia, palatino, serif; font-size: 12pt;\"><strong>\u2014<\/strong>J\u2019ai d\u00e9m\u00e9nag\u00e9 au Royaume-Uni parce que mon niveau d\u2019anglais \u00e9tait nul et que je voulais apprendre la langue. J\u2019\u00e9tais aussi fatigu\u00e9e de mon travail et j\u2019ai pens\u00e9 que c\u2019\u00e9tait le moment id\u00e9al pour me lancer ! Une fois sur place, j\u2019ai pens\u00e9 que ce serait g\u00e9nial de trouver un groupe anglais avec qui jouer et j\u2019ai mis une annonce en ligne. J\u2019ai eu \u00e9norm\u00e9ment de chance que Nathalie et Jake de <strong>Phosphor<\/strong> me r\u00e9pondent ! Pour moi, c\u2019\u00e9tait le d\u00e9but d\u2019une nouvelle vie, \u00e7a m\u2019a ouvert tant de portes. J\u2019ai aim\u00e9 ma vie \u00ab anglaise \u00bb. Je travaillais comme testeuse de localisation dans une entreprise de jeux vid\u00e9o (o\u00f9 j\u2019ai rencontr\u00e9 notre ami commun \ud83d\ude00, je r\u00e9p\u00e9tais chaque semaine avec <strong>Phosphor<\/strong>, je donnais des concerts de temps en temps, et j\u2019allais beaucoup au pub lol. Mais Londres est une ville immense, et il est tr\u00e8s facile de se sentir seul et isol\u00e9.<\/span><\/p>\n<p><span style=\"font-family: georgia, palatino, serif; font-size: 12pt;\"><strong>\u2014Que s\u2019est-il pass\u00e9 avec Phosphor ? Le groupe s\u2019est s\u00e9par\u00e9 en novembre 2013, juste six mois apr\u00e8s la sortie de Y<em>outh and Immortality<\/em>, leur seul album. Est-ce parce que tu as cr\u00e9\u00e9 Minuit Machine ?<\/strong><\/span><\/p>\n<p><span style=\"font-family: georgia, palatino, serif; font-size: 12pt;\">\u2014Comme mes amis et ma famille me manquaient \u00e9norm\u00e9ment quand j\u2019\u00e9tais \u00e0 Londres, j\u2019ai d\u00e9cid\u00e9 de retourner \u00e0 Paris d\u00e9but 2013. Cependant, on a quand m\u00eame d\u00e9cid\u00e9 de continuer le groupe. J\u2019allais \u00e0 Londres pour r\u00e9p\u00e9ter avant de partir en tourn\u00e9e, c\u2019\u00e9tait plut\u00f4t sympa. J\u2019ai cr\u00e9\u00e9 <strong>Minuit Machine<\/strong> pendant l\u2019\u00e9t\u00e9 de cette ann\u00e9e pour avoir un autre projet \u00e0 Paris. Mais quelques mois plus tard, Jake a annonc\u00e9 qu\u2019il voulait quitter <strong>Phosphor.<\/strong> On a d\u00e9cid\u00e9 que sans lui, ce ne serait plus pareil, alors on s\u2019est s\u00e9par\u00e9s.<\/span><\/p>\n<p><span style=\"font-family: georgia, palatino, serif; font-size: 12pt;\"><strong>\u2014Et en 2014, tu as cr\u00e9\u00e9 Hante. en tant que projet parall\u00e8le. As-tu d\u00e9j\u00e0 ressenti le besoin de jouer avec une autre personne ?<\/strong><\/span><\/p>\n<p><span style=\"font-family: georgia, palatino, serif; font-size: 12pt;\"><strong>\u2014<\/strong>J\u2019ai pens\u00e9 \u00e0 plusieurs reprises \u00e0 jouer avec quelqu\u2019un sur sc\u00e8ne, c\u2019est difficile de ne pas pouvoir partager son exp\u00e9rience avec quelqu\u2019un. Mais ce projet est tellement personnel que je n\u2019ai jamais trouv\u00e9 la bonne personne. En outre, pendant un certain temps, c\u2019\u00e9tait plus pratique, financi\u00e8rement parlant, d\u2019\u00eatre seule. D\u00e9sormais, je peux avoir quelqu\u2019un avec moi pour voyager, pour s\u2019occuper du merch mais surtout quelqu\u2019un avec qui partager ces folles aventures.<\/span><\/p>\n<p><span style=\"font-family: georgia, palatino, serif; font-size: 12pt;\"><strong>\u2014Je voulais te poser une question sur ton premier album. La chute et l\u2019ascension dont tu parles sont celles de quelqu\u2019un en particulier ? Consid\u00e8res-tu cet album comme une histoire ?<\/strong><\/span><\/p>\n<p><span style=\"font-family: georgia, palatino, serif; font-size: 12pt;\"><strong>\u2014<\/strong>Je parle de moi ! De ma chute et de mon ascension. C\u2019est ce que je ressens constamment, comme si je tombais, mais je trouve toujours la force de me relever. L\u2019ensemble de l\u2019album n\u2019est pas une histoire, mais chaque morceau est une petite histoire en soi. Mes paroles sont g\u00e9n\u00e9ralement assez cin\u00e9matographiques, surtout dans ce premier album.<\/span><\/p>\n<p><span style=\"font-family: georgia, palatino, serif; font-size: 12pt;\"><strong>\u2014Tes paroles semblent tr\u00e8s personnelles, proches et r\u00e9elles. Tu as \u00e9crit sur un jour de novembre, je pense que la date n\u2019est pas fortuite : quelque chose t\u2019est vraiment arriv\u00e9 un jour comme celui-l\u00e0. Dans quelle mesure tes paroles sont-elles autobiographiques ?<\/strong><\/span><\/p>\n<p><span style=\"font-family: georgia, palatino, serif; font-size: 12pt;\"><strong><img decoding=\"async\" class=\"alignright wp-image-26282\" src=\"https:\/\/elgarajedefrank.es\/wp-content\/uploads\/2020\/10\/Hante_promo-pic-2020_2-200x300.jpg\" alt=\"\" width=\"450\" height=\"675\" srcset=\"https:\/\/elgarajedefrank.es\/wp-content\/uploads\/2020\/10\/Hante_promo-pic-2020_2-200x300.jpg 200w, https:\/\/elgarajedefrank.es\/wp-content\/uploads\/2020\/10\/Hante_promo-pic-2020_2-683x1024.jpg 683w, https:\/\/elgarajedefrank.es\/wp-content\/uploads\/2020\/10\/Hante_promo-pic-2020_2-768x1152.jpg 768w, https:\/\/elgarajedefrank.es\/wp-content\/uploads\/2020\/10\/Hante_promo-pic-2020_2-1024x1536.jpg 1024w, https:\/\/elgarajedefrank.es\/wp-content\/uploads\/2020\/10\/Hante_promo-pic-2020_2-1365x2048.jpg 1365w, https:\/\/elgarajedefrank.es\/wp-content\/uploads\/2020\/10\/Hante_promo-pic-2020_2-1170x1755.jpg 1170w, https:\/\/elgarajedefrank.es\/wp-content\/uploads\/2020\/10\/Hante_promo-pic-2020_2-585x878.jpg 585w, https:\/\/elgarajedefrank.es\/wp-content\/uploads\/2020\/10\/Hante_promo-pic-2020_2.jpg 1600w\" sizes=\"(max-width: 450px) 100vw, 450px\" \/><\/strong><strong>\u2014<\/strong>Je raconte des histoires, certaines se sont r\u00e9ellement produites, d\u2019autres non, mais elles font toutes partie de mon fantasme. J\u2019aime raconter des histoires qui <\/span><span style=\"font-family: georgia, palatino, serif; font-size: 12pt;\">m\u2019ont \u00e9mue. Beaucoup de chansons d\u00e9crivent \u00e9galement m\u00e9taphoriquement ce que je ressens. Je partage beaucoup de ma personne dans la musique et les paroles. Je suppose que la chanson dont tu parles est \u00ab This Morning of September \u00bb. En fait, j\u2019ai eu l\u2019id\u00e9e des paroles en rentrant \u00e0 Paris, apr\u00e8s de belles vacances d\u2019\u00e9t\u00e9. J\u2019\u00e9tais sur cette route droite bord\u00e9e d\u2019arbres, le genre de route o\u00f9 ce sont certainement produits des accidents mortels, et j\u2019ai eu peur. D\u2019un c\u00f4t\u00e9 de la route, j\u2019ai vu une fleur rouge. Et j\u2019ai pens\u00e9 que quelque chose s\u2019\u00e9tait peut-\u00eatre pass\u00e9 l\u00e0-bas. La m\u00e9taphore \u00e9tait si belle (malheureusement morbide, je l\u2019admets) que j\u2019ai ressenti le besoin d\u2019\u00e9crire \u00e0 ce sujet. Donc non, il ne s\u2019est rien pass\u00e9 ce matin, mais c\u2019est le genre d\u2019histoires qui me viennent \u00e0 l\u2019esprit tout le temps.<\/span><\/p>\n<p><span style=\"font-family: georgia, palatino, serif; font-size: 12pt;\"><strong>\u2014Dans ton EP suivant, on retrouve un morceau intitul\u00e9 \u00ab Living in a French Movie \u00bb. Comme tu es fran\u00e7aise et connaissant ton amour pour le cin\u00e9ma, dans quel film fran\u00e7ais aimerais-tu vivre ?<\/strong><\/span><\/p>\n<p><span style=\"font-family: georgia, palatino, serif; font-size: 12pt;\"><strong>\u2014<\/strong>Haha, en fait c\u2019est tout le contraire. Je chante \u00ab Je ne veux pas vivre dans un film fran\u00e7ais \u00bb et \u00ab Rien ne va se passer, je ne supporte pas la r\u00e9alit\u00e9 \u00bb. Je n\u2019aime pas les films fran\u00e7ais, ils me semblent trop r\u00e9els, trop proches de ma r\u00e9alit\u00e9. Quand je regarde un film, je veux r\u00eaver, je veux \u00eatre ailleurs. Je viens de r\u00e9aliser que mes films pr\u00e9f\u00e9r\u00e9s ont des r\u00e9alisateurs fran\u00e7ais, comme Le Grand Bleu de Luc Besson et Eternal Sunshine of The Spotless Mind de Michel Gondry, mais la production est am\u00e9ricaine et m\u00eame une partie de la distribution voire toute la distribution est am\u00e9ricaine\u2026<\/span><\/p>\n<p><span style=\"font-family: georgia, palatino, serif; font-size: 12pt;\"><strong>\u2014Dans tous tes albums, on retrouve un \u00e9quilibre entre les chansons en fran\u00e7ais et en anglais. Comment choisis-tu la langue de chaque chanson ? As-tu d\u00e9j\u00e0 chang\u00e9 la langue de l\u2019une de tes chansons parce qu\u2019elle comportait des mots que tu ne voulais pas utiliser ou dont tu n\u2019aimais pas le son ?<\/strong><\/span><\/p>\n<p><span style=\"font-family: georgia, palatino, serif; font-size: 12pt;\"><strong>\u2014<\/strong>Je pense que c\u2019est vraiment difficile d\u2019\u00e9crire de bonnes paroles en fran\u00e7ais, et le r\u00e9sultat semble toujours un peu stupide. Je dirais que la plupart du temps, il est plus facile d\u2019\u00e9crire et de chanter des paroles en anglais. Avec des id\u00e9es simples, elles peuvent para\u00eetre tr\u00e8s puissantes. De temps en temps, si j\u2019ai une bonne id\u00e9e, j\u2019essaie d\u2019\u00e9crire en fran\u00e7ais parce que \u00e7a fait partie de qui je suis et que \u00e7a devrait faire partie de Hante.<\/span><\/p>\n<p><span style=\"font-family: georgia, palatino, serif; font-size: 12pt;\"><strong>\u2014Dans tes deux albums suivants, <em>This Fog that Never Ends<\/em> et <em>Between Hope and Danger<\/em>, tu continues \u00e0 ouvrir ton \u00e2me au monde. Selon toi, lequel a \u00e9t\u00e9 le plus difficile \u00e0 composer \/ enregistrer ?<\/strong><\/span><\/p>\n<p><span style=\"font-family: georgia, palatino, serif; font-size: 12pt;\"><strong>\u2014<\/strong>Je ne suis pas s\u00fbre. Je ne me souviens pas avoir eu de difficult\u00e9s pour leur composition. Mais j\u2019ai compos\u00e9 <em>Between Hope &amp; Danger<\/em> \u00e0 un moment tr\u00e8s particulier de ma vie, o\u00f9 tout changeait autour de moi. Il occupera donc toujours une place ch\u00e8re dans mon c\u0153ur.<\/span><\/p>\n<p><span style=\"font-family: georgia, palatino, serif; font-size: 12pt;\"><strong>\u2014Dans <em>Fierce<\/em>, en g\u00e9n\u00e9ral, tu sembles plus heureuse ou en paix avec toi-m\u00eame. Vivais-tu une p\u00e9riode plus agr\u00e9able ? Est-il plus difficile d\u2019\u00e9crire des paroles personnelles quand quelqu\u2019un d\u2019autre va les chanter ?<\/strong><\/span><\/p>\n<p><span style=\"font-family: georgia, palatino, serif; font-size: 12pt;\"><strong>\u2014<\/strong>Je ne sais pas, je pense que \u00ab Serre-moi Encore \u00bb et \u00ab Waiting For A Hurricane \u00bb sont deux de mes chansons les plus tristes. Peut-\u00eatre que le m\u00e9lange entre les \u00e9motions est plus \u00e9quilibr\u00e9 ! De plus, comme tu l\u2019as dit, j\u2019ai beaucoup collabor\u00e9 sur <em>Fierce<\/em> alors \u00e7a donne peut-\u00eatre un sentiment diff\u00e9rent \u00e0 l\u2019album. Je n\u2019ai pas \u00e9crit les paroles des chansons o\u00f9 j\u2019avais invit\u00e9 d\u2019autres artistes. Je leur ai demand\u00e9 de chanter et d\u2019\u00e9crire sur mes compositions. \u00c7a aurait \u00e9t\u00e9 tellement bizarre de leur donner des paroles personnelles. Ces chansons sont leurs histoires, j\u2019ai invit\u00e9 des artistes et amis que j\u2019admire \u00e0 partager leurs visions avec moi.<\/span><\/p>\n<p><span style=\"font-family: georgia, palatino, serif; font-size: 12pt;\"><strong><img decoding=\"async\" class=\"alignleft wp-image-26285\" src=\"https:\/\/elgarajedefrank.es\/wp-content\/uploads\/2020\/10\/Hante-In-Raptures_2020-300x168.png\" alt=\"\" width=\"450\" height=\"253\" srcset=\"https:\/\/elgarajedefrank.es\/wp-content\/uploads\/2020\/10\/Hante-In-Raptures_2020-300x168.png 300w, https:\/\/elgarajedefrank.es\/wp-content\/uploads\/2020\/10\/Hante-In-Raptures_2020-1024x575.png 1024w, https:\/\/elgarajedefrank.es\/wp-content\/uploads\/2020\/10\/Hante-In-Raptures_2020-768x431.png 768w, https:\/\/elgarajedefrank.es\/wp-content\/uploads\/2020\/10\/Hante-In-Raptures_2020-1536x862.png 1536w, https:\/\/elgarajedefrank.es\/wp-content\/uploads\/2020\/10\/Hante-In-Raptures_2020-2048x1150.png 2048w, https:\/\/elgarajedefrank.es\/wp-content\/uploads\/2020\/10\/Hante-In-Raptures_2020.png 1920w, https:\/\/elgarajedefrank.es\/wp-content\/uploads\/2020\/10\/Hante-In-Raptures_2020-1170x657.png 1170w, https:\/\/elgarajedefrank.es\/wp-content\/uploads\/2020\/10\/Hante-In-Raptures_2020-585x328.png 585w\" sizes=\"(max-width: 450px) 100vw, 450px\" \/><\/strong><\/span><\/p>\n<p><span style=\"font-family: georgia, palatino, serif; font-size: 12pt;\"><strong>\u2014Comme tu viens de le dire, <em>Fierce<\/em> comporte beaucoup de collaborations. Comment joues-tu ces chansons en live ? C\u2019est toi qui chantes ?<\/strong><\/span><\/p>\n<p><span style=\"font-family: georgia, palatino, serif; font-size: 12pt;\"><strong>\u2014<\/strong>C\u2019est simple, je ne joue pas ces chansons en live ! \u00c0 part quand j\u2019ai tourn\u00e9 avec <strong>S\u00f3lveig Matthildur<\/strong> l\u2019ann\u00e9e derni\u00e8re, je l\u2019ai invit\u00e9e \u00e0 chanter la chanson avec moi \ud83d\ude00\u00a0 C\u2019\u00e9tait vraiment sympa de pouvoir jouer cette chanson sur sc\u00e8ne, car c\u2019est l\u2019une de mes pr\u00e9f\u00e9r\u00e9es de Fierce !<\/span><\/p>\n<p><span style=\"font-family: georgia, palatino, serif; font-size: 12pt;\"><strong>\u2014Je me souviens de cette tourn\u00e9e avec S\u00f3lveig Matthildur, qui n\u2019est malheureusement pas venue \u00e0 Madrid. Comment l\u2019as-tu rencontr\u00e9e et comment avez-vous eu l\u2019id\u00e9e de collaborer ?<\/strong><\/span><\/p>\n<p><span style=\"font-family: georgia, palatino, serif; font-size: 12pt;\">\u2014Je jouais en premi\u00e8re partie de <strong>K\u00e6lan Mikla<\/strong> en septembre 2017 \u00e0 Paris. S\u00f3lveig est venue me voir et m\u2019a dit qu\u2019elle adorait ma musique, ce \u00e0 quoi j\u2019ai r\u00e9pondu : \u00ab j\u2019aime aussi la tienne \u00bb ! J\u2019ai ador\u00e9 ses deux projets, son projet solo et K\u00e6lan Mikla. Quand j\u2019ai commenc\u00e9 \u00e0 composer <em>Fierce<\/em> d\u00e9but 2018, je savais que je voulais faire des collaborations et j\u2019ai tout de suite pens\u00e9 \u00e0 elle.<\/span><\/p>\n<p><span style=\"font-family: georgia, palatino, serif; font-size: 12pt;\"><strong>\u2014Cette ann\u00e9e, tu as sorti Fierce (Remixes &amp; More) avec quelques remixes et quelques nouveaux morceaux. Que peux-tu nous dire \u00e0 ce sujet ?<\/strong><\/span><\/p>\n<p><span style=\"font-family: georgia, palatino, serif; font-size: 12pt;\"><strong>\u2014<\/strong>J\u2019ai eu l\u2019id\u00e9e de remixer \u00ab Respect \u00bb. Je ne sais pas ce qui se passe avec cette chanson, mais j\u2019ai tellement eu du mal \u00e0 la composer ! Il en existe environ 20 versions diff\u00e9rentes. Les paroles sont tr\u00e8s importantes pour moi, je voulais \u00e9crire une tr\u00e8s bonne chanson, mais je n&#8217;\u00e9tais jamais satisfaite. Et cette nouvelle version que j\u2019essayais de cr\u00e9er s\u2019est transform\u00e9e en \u00ab In Raptures \u00bb haha. Et puis, j\u2019ai \u00e9crit une autre version de \u00ab Respect \u00bb que j\u2019ai ador\u00e9e, et j\u2019ai commenc\u00e9 \u00e0 penser que ce serait une id\u00e9e g\u00e9niale d\u2019\u00eatre remix\u00e9e par d\u2019autres artistes. C\u2019\u00e9tait comme le compl\u00e9ment parfait de <em>Fierce.<\/em><\/span><\/p>\n<p><span style=\"font-family: georgia, palatino, serif; font-size: 12pt;\"><strong>\u2014Pour cet album, on est curieux de conna\u00eetre ton choix pour deux artistes : on \u00e9tait cens\u00e9s voir H\u00f8rd \u00e0 Prague, mais on n\u2019a pas pu y aller \u00e0 cause des restrictions impos\u00e9es aux voyageurs espagnols. Et des amis nous ont recommand\u00e9 la musique de Kontravoid. Pourquoi les avoir choisis pour les remix de ta musique ?<\/strong><\/span><\/p>\n<p><span style=\"font-family: georgia, palatino, serif; font-size: 12pt;\">\u2014J\u2019ai jou\u00e9 plusieurs fois avec S\u00e9bastien \/ <strong>H\u00f8rd<\/strong>, on a commenc\u00e9 nos projets en m\u00eame temps et j\u2019ai toujours eu l\u2019impression qu\u2019il \u00e9tait ma version masculine en tant qu\u2019artiste. J\u2019adore sa musique et nos \u00e9motions semblent assez proches. Je ne comprends vraiment pas pourquoi il n\u2019attire pas plus l\u2019attention, si vous ne connaissez pas sa musique, allez l\u2019\u00e9couter maintenant !<\/span><\/p>\n<p><span style=\"font-family: georgia, palatino, serif; font-size: 12pt;\">J\u2019ai rencontr\u00e9 Cameron de <strong>Kontravoid<\/strong> la nuit o\u00f9 j\u2019ai donn\u00e9 mon tout premier spectacle aux \u00c9tats-Unis en ao\u00fbt 2018. Il jouait juste avant moi, alors j\u2019\u00e9coutais sa musique tout en me pr\u00e9parant \u00e0 monter sur sc\u00e8ne et \u00e0 vivre l\u2019un de mes r\u00eaves absolus. De plus, la deuxi\u00e8me fois qu\u2019on s\u2019est vus, c\u2019\u00e9tait une nuit o\u00f9 il a jou\u00e9 \u00e0 Paris en premi\u00e8re partie de <strong>Boy<\/strong> <strong>Harsher<\/strong>. Je l\u2019ai tagu\u00e9 dans une story Instagram et apr\u00e8s l\u2019\u00e9mission, il a r\u00e9pondu quelque chose comme \u00ab Je ne savais pas que tu \u00e9tais l\u00e0 \u00bb et j\u2019ai rencontr\u00e9 <strong>Boy Hasher<\/strong> gr\u00e2ce \u00e0 lui. C\u2019est ce qui m\u2019a amen\u00e9e \u00e0 tourner avec eux en novembre 2019, un autre r\u00eave devenu r\u00e9alit\u00e9. Bref, j\u2019adore sa musique et je l\u2019\u00e9coute beaucoup en voyage. C\u2019est pour \u00e7a que je voulais l\u2019inclure dans l\u2019album <em>Fierce Remixes &amp; More<\/em> lol.<\/span><\/p>\n<p><span style=\"font-family: georgia, palatino, serif; font-size: 12pt;\"><strong><img loading=\"lazy\" decoding=\"async\" class=\"alignright wp-image-26288\" src=\"https:\/\/elgarajedefrank.es\/wp-content\/uploads\/2020\/10\/a4202621733_10-300x300.jpg\" alt=\"\" width=\"450\" height=\"450\" srcset=\"https:\/\/elgarajedefrank.es\/wp-content\/uploads\/2020\/10\/a4202621733_10-300x300.jpg 300w, https:\/\/elgarajedefrank.es\/wp-content\/uploads\/2020\/10\/a4202621733_10-1024x1024.jpg 1024w, https:\/\/elgarajedefrank.es\/wp-content\/uploads\/2020\/10\/a4202621733_10-150x150.jpg 150w, https:\/\/elgarajedefrank.es\/wp-content\/uploads\/2020\/10\/a4202621733_10-768x768.jpg 768w, https:\/\/elgarajedefrank.es\/wp-content\/uploads\/2020\/10\/a4202621733_10-1170x1170.jpg 1170w, https:\/\/elgarajedefrank.es\/wp-content\/uploads\/2020\/10\/a4202621733_10-585x585.jpg 585w, https:\/\/elgarajedefrank.es\/wp-content\/uploads\/2020\/10\/a4202621733_10-50x50.jpg 50w, https:\/\/elgarajedefrank.es\/wp-content\/uploads\/2020\/10\/a4202621733_10.jpg 1200w\" sizes=\"(max-width: 450px) 100vw, 450px\" \/>\u2014Tu vas jouer au Roadburn pour un public plus \u00ab rock \u00bb. Est-ce difficile de jouer pour un public qui pourrait ne pas \u00eatre habitu\u00e9 \u00e0 ton style de musique ?<\/strong><\/span><\/p>\n<p><span style=\"font-family: georgia, palatino, serif; font-size: 12pt;\"><strong>\u2014<\/strong>En fait, je pense qu\u2019ils ont cr\u00e9\u00e9 une sc\u00e8ne plus sp\u00e9cialis\u00e9e dans la musique \u00e9lectronique, donc je ne sais pas s\u2019ils veulent attirer un autre type de public ou si le public y est super ouvert d\u2019esprit et aime d\u00e9couvrir de nouvelles musiques. Peut-\u00eatre les deux. Ce sera tr\u00e8s int\u00e9ressant de toute fa\u00e7on \ud83d\ude00<\/span><\/p>\n<p><span style=\"font-family: georgia, palatino, serif; font-size: 12pt;\"><strong>\u2014Tu cr\u00e9es \u00e9galement les illustrations de certains de tes albums, n\u2019est-ce pas ? Un artiste dans ce domaine qui t\u2019a influenc\u00e9e ?<\/strong><\/span><\/p>\n<p><span style=\"font-family: georgia, palatino, serif; font-size: 12pt;\">\u2014J\u2019ai cr\u00e9\u00e9 toutes les illustrations d\u2019albums sauf celle de <em>Her Fall And Rise, <\/em>mais je n\u2019ai aucune r\u00e9f\u00e9rence pour \u00eatre honn\u00eate\u2026 C\u2019est un peu comme les chansons, j\u2019essaie des trucs sur Photoshop avec des images et des textures que j\u2019aime et \u00e7a devient mes pochettes lol.<\/span><\/p>\n<p><span style=\"font-family: georgia, palatino, serif; font-size: 12pt;\"><strong>\u2014Dans notre interview avec Minuit Machine, on t\u2019a pos\u00e9 une question sur Hante. Il est maintenant temps de te poser une question sur Minuit Machine. Vous allez sortir un nouvel EP, non ?<\/strong><\/span><\/p>\n<p><span style=\"font-family: georgia, palatino, serif; font-size: 12pt;\"><strong>\u2014<\/strong>Oui, on sort un nouvel EP le 16 octobre. Il s\u2019appelle<em> Don&#8217;t Run From The Fire<\/em>. On est absolument ravies de le partager ! Parce qu\u2019on adore \u00e7a bien s\u00fbr, mais aussi parce que \u00e7a fait du bien d\u2019avoir des nouveaut\u00e9s en ces temps difficiles. En tant qu\u2019artiste, sans tourn\u00e9e, on a un peu l\u2019impression de dispara\u00eetre\u2026<\/span><\/p>\n<p><span style=\"font-family: georgia, palatino, serif; font-size: 12pt;\"><strong>\u2014Au Garaje, on est de grands fans du label Unknown Pleasures et on sait que tu as chant\u00e9 sur l\u2019un de leurs disques, <em>Damage<\/em> by Kill Shelter. Comment est n\u00e9e cette collaboration ?<\/strong><\/span><\/p>\n<p><span style=\"font-family: georgia, palatino, serif; font-size: 12pt;\">\u2014Pete m\u2019a envoy\u00e9 un e-mail et j\u2019ai vraiment aim\u00e9 la chanson. J\u2019ai eu quelques id\u00e9es pour les paroles tout de suite alors j\u2019ai dit oui et le tour \u00e9tait jou\u00e9 !<\/span><\/p>\n<p><span style=\"font-family: georgia, palatino, serif; font-size: 12pt;\"><strong>\u2014Tu dis souvent que ton album pr\u00e9f\u00e9r\u00e9 <em>OK computer<\/em> est ton album pr\u00e9f\u00e9r\u00e9. Aimes-tu les autres albums de Radiohead qui ont suivi ? Que penses-tu de la musique \u00e9lectronique de Thom York ?<\/strong><\/span><\/p>\n<p><span style=\"font-family: georgia, palatino, serif; font-size: 12pt;\"><strong>\u2014<\/strong>Pour \u00eatre honn\u00eate, ils m\u2019ont perdue juste apr\u00e8s <em>OK Computer<\/em>. Je n\u2019ai pas aim\u00e9 les albums qui ont suivi, mais <em>OK Computer<\/em> est toujours l\u2019un de mes albums pr\u00e9f\u00e9r\u00e9s. J\u2019aime quelques chansons du projet Thom Yorke, les plus \u00e9mouvantes comme \u00ab Dawn Chorus \u00bb ou \u00ab Suspirium \u00bb. J\u2019adore sa voix, elle me fait ressentir des \u00e9motions tr\u00e8s profondes.<\/span><\/p>\n<p><span style=\"font-family: georgia, palatino, serif; font-size: 12pt;\"><strong><img loading=\"lazy\" decoding=\"async\" class=\"wp-image-26291 alignleft\" src=\"https:\/\/elgarajedefrank.es\/wp-content\/uploads\/2020\/10\/Hante_promo-pic-2020_1-295x300.jpg\" alt=\"\" width=\"455\" height=\"463\" srcset=\"https:\/\/elgarajedefrank.es\/wp-content\/uploads\/2020\/10\/Hante_promo-pic-2020_1-295x300.jpg 295w, https:\/\/elgarajedefrank.es\/wp-content\/uploads\/2020\/10\/Hante_promo-pic-2020_1-1007x1024.jpg 1007w, https:\/\/elgarajedefrank.es\/wp-content\/uploads\/2020\/10\/Hante_promo-pic-2020_1-768x781.jpg 768w, https:\/\/elgarajedefrank.es\/wp-content\/uploads\/2020\/10\/Hante_promo-pic-2020_1-1510x1536.jpg 1510w, https:\/\/elgarajedefrank.es\/wp-content\/uploads\/2020\/10\/Hante_promo-pic-2020_1-2014x2048.jpg 2014w, https:\/\/elgarajedefrank.es\/wp-content\/uploads\/2020\/10\/Hante_promo-pic-2020_1-1920x1953.jpg 1920w, https:\/\/elgarajedefrank.es\/wp-content\/uploads\/2020\/10\/Hante_promo-pic-2020_1-1170x1190.jpg 1170w, https:\/\/elgarajedefrank.es\/wp-content\/uploads\/2020\/10\/Hante_promo-pic-2020_1-585x595.jpg 585w, https:\/\/elgarajedefrank.es\/wp-content\/uploads\/2020\/10\/Hante_promo-pic-2020_1-50x50.jpg 50w, https:\/\/elgarajedefrank.es\/wp-content\/uploads\/2020\/10\/Hante_promo-pic-2020_1-scaled.jpg 1888w\" sizes=\"(max-width: 455px) 100vw, 455px\" \/><\/strong><strong>\u2014Dans notre derni\u00e8re interview, on a d\u00e9j\u00e0 parl\u00e9 de ton label, Synth Religion. As-tu sign\u00e9 un nouveau groupe ? Je suppose que tu dois recevoir une quantit\u00e9 consid\u00e9rable de demandes.<\/strong><\/span><\/p>\n<p><span style=\"font-family: georgia, palatino, serif; font-size: 12pt;\"><strong>\u2014<\/strong>Depuis un certain temps, le label comporte uniquement <strong>Hante., Minuit Machine, Box and the Twins, Fragrance.<\/strong> et <strong>Marble Slave. <\/strong>Mais \u00e7a va bient\u00f4t changer, on serait ravis de sortir de nouveaux projets. Pour l\u2019instant, rien n\u2019est sign\u00e9, mais on en parle avec les artistes qui nous int\u00e9ressent. On re\u00e7oit beaucoup de d\u00e9mos oui et on n\u2019a pas toujours le temps de r\u00e9pondre \u00e0 toutes les demandes. On s\u2019en excuse\u2026 Mais les gens peuvent bien s\u00fbr continuer \u00e0 nous envoyer leur musique \ud83d\ude42 Cette ann\u00e9e a un peu chang\u00e9 notre perspective. On a compris qu\u2019on devait se concentrer davantage sur le label.<\/span><\/p>\n<p><span style=\"font-family: georgia, palatino, serif; font-size: 12pt;\"><strong>\u2014On voulait te parler de l\u2019un des groupes du label : tu as fait une tourn\u00e9e avec Box and the Twins et sorti leurs albums, le dernier d\u2019entre eux, l\u2019ann\u00e9e derni\u00e8re. Que peux-tu nous en dire ?<\/strong><\/span><\/p>\n<p><span style=\"font-family: georgia, palatino, serif; font-size: 12pt;\"><strong>\u2014<\/strong>Ils sont extraordinaires. Ils sont gentils, super talentueux, on ne peut pas souhaiter de meilleurs amis. Je les consid\u00e8re comme ma famille, j\u2019aimerais qu\u2019ils vivent dans la m\u00eame ville. On a v\u00e9cu tellement d\u2019aventures folles ensemble. Quand on a tourn\u00e9 aux \u00c9tats-Unis, \u00e7a a \u00e9t\u00e9 deux des meilleures semaines de ma vie. On s\u2019est rencontr\u00e9s lors de notre premi\u00e8re tourn\u00e9e europ\u00e9enne avec <strong>Phosphor<\/strong> en 2013. Mike s\u2019occupait de la promo et on a dormi chez eux. Ils sont \u00e0 nos c\u00f4t\u00e9s depuis le d\u00e9but, ils ont \u00e9t\u00e9 t\u00e9moins de tout. Quand j\u2019ai entendu leur musique, j\u2019arrivais pas \u00e0 croire \u00e0 quel point elle \u00e9tait g\u00e9niale et tellement \u00e9mouvante ! D\u00e8s qu\u2019on a pu voyager apr\u00e8s le confinement, mon premier r\u00e9flexe a \u00e9t\u00e9 d\u2019aller les voir \u00e0 Cologne \ud83d\ude00<\/span><\/p>\n<p><span style=\"font-family: georgia, palatino, serif; font-size: 12pt;\"><strong>\u2014Comment la pand\u00e9mie a-t-elle affect\u00e9 ta carri\u00e8re ? Je sais que beaucoup de concerts ont \u00e9t\u00e9 annul\u00e9s.<\/strong><\/span><\/p>\n<p><span style=\"font-family: georgia, palatino, serif; font-size: 12pt;\"><strong>\u2014<\/strong>C\u2019est difficile. Et \u00e7a l\u2019est toujours. Beaucoup de d\u00e9ceptions et de frustrations. L\u2019ann\u00e9e derni\u00e8re a \u00e9t\u00e9 une ann\u00e9e formidable pour moi, j\u2019ai beaucoup tourn\u00e9, j\u2019avais l\u2019impression de commencer un nouveau chapitre de ma carri\u00e8re musicale cette ann\u00e9e et bim, tout s\u2019est arr\u00eat\u00e9. Financi\u00e8rement, c\u2019est compliqu\u00e9, car je ne vis que de la musique. Comme beaucoup d\u2019entre nous, j\u2019attends juste, j\u2019essaie de me concentrer sur la musique, sur la promotion, le label. On n\u2019a aucune perspective, on attend\u00a0juste que quelqu\u2019un nous dise que c\u2019est fini. Reviendra-t-on \u00e0 la normale apr\u00e8s tout \u00e7a ? Aucune id\u00e9e.<\/span><\/p>\n<p><span style=\"font-family: georgia, palatino, serif; font-size: 12pt;\"><strong>\u2014Que peux-tu nous dire de ton futur concert \u00e0 DarkMad ?<\/strong><\/span><\/p>\n<p><span style=\"font-family: georgia, palatino, serif; font-size: 12pt;\"><strong>\u2014<\/strong>J\u2019AI TROP H\u00c2TE D\u2019Y \u00caTRE ! J\u2019appr\u00e9cierai chaque minute. J\u2019esp\u00e8re que vous aussi \ud83d\ude00<\/span><\/p>\n<p><iframe title=\"Hante. - In Raptures (Official Lyrics Video)\" width=\"1170\" height=\"658\" src=\"https:\/\/www.youtube.com\/embed\/_6ZczHGT2wQ?feature=oembed\" frameborder=\"0\" allow=\"accelerometer; autoplay; clipboard-write; encrypted-media; gyroscope; picture-in-picture; web-share\" allowfullscreen><\/iframe><\/p>\n","protected":false},"excerpt":{"rendered":"<p>L\u2019ann\u00e9e derni\u00e8re, on avait d\u00e9j\u00e0 discut\u00e9 avec H\u00e9l\u00e8ne de Thoury, mais \u00e0 cette occasion, on&hellip;<\/p>\n","protected":false},"author":1,"featured_media":26278,"comment_status":"open","ping_status":"open","sticky":false,"template":"","format":"standard","meta":{"_lmt_disableupdate":"","_lmt_disable":"","footnotes":""},"categories":[35],"tags":[314,559],"class_list":["post-26322","post","type-post","status-publish","format-standard","has-post-thumbnail","hentry","category-interviews-fr","tag-darkwave-fr","tag-minimal-synth-fr"],"yoast_head":"<!-- This site is optimized with the Yoast SEO plugin v27.4 - https:\/\/yoast.com\/product\/yoast-seo-wordpress\/ -->\n<title>Interview : Hante. &#8212; El Garaje de Frank<\/title>\n<meta name=\"description\" content=\"Interviews &#8212; Interview avec l&#039;artiste fran\u00e7aise Hante. \u00e0 l&#039;occasion de son futur concert au DarkMad festival 2021.\" \/>\n<meta name=\"robots\" content=\"index, follow, max-snippet:-1, max-image-preview:large, max-video-preview:-1\" \/>\n<link rel=\"canonical\" href=\"https:\/\/elgarajedefrank.es\/fr\/interview-hante\/\" \/>\n<meta property=\"og:locale\" content=\"fr_FR\" \/>\n<meta property=\"og:type\" content=\"article\" \/>\n<meta property=\"og:title\" content=\"Interview : Hante. &#8212; El Garaje de Frank\" \/>\n<meta property=\"og:description\" content=\"Interviews &#8212; Interview avec l&#039;artiste fran\u00e7aise Hante. \u00e0 l&#039;occasion de son futur concert au DarkMad festival 2021.\" \/>\n<meta property=\"og:url\" content=\"https:\/\/elgarajedefrank.es\/fr\/interview-hante\/\" \/>\n<meta property=\"og:site_name\" content=\"El Garaje de Frank\" \/>\n<meta property=\"article:publisher\" content=\"https:\/\/www.facebook.com\/elgarajedefrank\/\" \/>\n<meta property=\"article:author\" content=\"https:\/\/www.facebook.com\/elgarajedefrank\/\" \/>\n<meta property=\"article:published_time\" content=\"2020-10-19T13:28:16+00:00\" \/>\n<meta property=\"article:modified_time\" content=\"2024-01-24T18:04:50+00:00\" \/>\n<meta property=\"og:image\" content=\"https:\/\/elgarajedefrank.es\/wp-content\/uploads\/2020\/10\/Hante_promo-pic-3-819x1024.jpg\" \/>\n\t<meta property=\"og:image:width\" content=\"819\" \/>\n\t<meta property=\"og:image:height\" content=\"1024\" \/>\n\t<meta property=\"og:image:type\" content=\"image\/jpeg\" \/>\n<meta name=\"author\" content=\"Fran\u00e7ois Zappa\" \/>\n<meta name=\"twitter:card\" content=\"summary_large_image\" \/>\n<meta name=\"twitter:label1\" content=\"\u00c9crit par\" \/>\n\t<meta name=\"twitter:data1\" content=\"Fran\u00e7ois Zappa\" \/>\n\t<meta name=\"twitter:label2\" content=\"Dur\u00e9e de lecture estim\u00e9e\" \/>\n\t<meta name=\"twitter:data2\" content=\"14 minutes\" \/>\n<script type=\"application\/ld+json\" class=\"yoast-schema-graph\">{\"@context\":\"https:\\\/\\\/schema.org\",\"@graph\":[{\"@type\":\"Article\",\"@id\":\"https:\\\/\\\/elgarajedefrank.es\\\/fr\\\/interview-hante\\\/#article\",\"isPartOf\":{\"@id\":\"https:\\\/\\\/elgarajedefrank.es\\\/fr\\\/interview-hante\\\/\"},\"author\":{\"name\":\"Fran\u00e7ois Zappa\",\"@id\":\"https:\\\/\\\/elgarajedefrank.es\\\/fr\\\/#\\\/schema\\\/person\\\/d709c9c33f5f405d44c6c9397889ba15\"},\"headline\":\"Interview : Hante.\",\"datePublished\":\"2020-10-19T13:28:16+00:00\",\"dateModified\":\"2024-01-24T18:04:50+00:00\",\"mainEntityOfPage\":{\"@id\":\"https:\\\/\\\/elgarajedefrank.es\\\/fr\\\/interview-hante\\\/\"},\"wordCount\":2989,\"commentCount\":0,\"publisher\":{\"@id\":\"https:\\\/\\\/elgarajedefrank.es\\\/fr\\\/#\\\/schema\\\/person\\\/d709c9c33f5f405d44c6c9397889ba15\"},\"image\":{\"@id\":\"https:\\\/\\\/elgarajedefrank.es\\\/fr\\\/interview-hante\\\/#primaryimage\"},\"thumbnailUrl\":\"https:\\\/\\\/elgarajedefrank.es\\\/wp-content\\\/uploads\\\/2020\\\/10\\\/Hante_promo-pic-3.jpg\",\"keywords\":[\"Darkwave\",\"Minimal Synth\"],\"articleSection\":[\"Interviews\"],\"inLanguage\":\"fr-FR\",\"potentialAction\":[{\"@type\":\"CommentAction\",\"name\":\"Comment\",\"target\":[\"https:\\\/\\\/elgarajedefrank.es\\\/fr\\\/interview-hante\\\/#respond\"]}]},{\"@type\":\"WebPage\",\"@id\":\"https:\\\/\\\/elgarajedefrank.es\\\/fr\\\/interview-hante\\\/\",\"url\":\"https:\\\/\\\/elgarajedefrank.es\\\/fr\\\/interview-hante\\\/\",\"name\":\"Interview : Hante. &#8212; El Garaje de Frank\",\"isPartOf\":{\"@id\":\"https:\\\/\\\/elgarajedefrank.es\\\/fr\\\/#website\"},\"primaryImageOfPage\":{\"@id\":\"https:\\\/\\\/elgarajedefrank.es\\\/fr\\\/interview-hante\\\/#primaryimage\"},\"image\":{\"@id\":\"https:\\\/\\\/elgarajedefrank.es\\\/fr\\\/interview-hante\\\/#primaryimage\"},\"thumbnailUrl\":\"https:\\\/\\\/elgarajedefrank.es\\\/wp-content\\\/uploads\\\/2020\\\/10\\\/Hante_promo-pic-3.jpg\",\"datePublished\":\"2020-10-19T13:28:16+00:00\",\"dateModified\":\"2024-01-24T18:04:50+00:00\",\"description\":\"Interviews &#8212; Interview avec l'artiste fran\u00e7aise Hante. \u00e0 l'occasion de son futur concert au DarkMad festival 2021.\",\"breadcrumb\":{\"@id\":\"https:\\\/\\\/elgarajedefrank.es\\\/fr\\\/interview-hante\\\/#breadcrumb\"},\"inLanguage\":\"fr-FR\",\"potentialAction\":[{\"@type\":\"ReadAction\",\"target\":[\"https:\\\/\\\/elgarajedefrank.es\\\/fr\\\/interview-hante\\\/\"]}]},{\"@type\":\"ImageObject\",\"inLanguage\":\"fr-FR\",\"@id\":\"https:\\\/\\\/elgarajedefrank.es\\\/fr\\\/interview-hante\\\/#primaryimage\",\"url\":\"https:\\\/\\\/elgarajedefrank.es\\\/wp-content\\\/uploads\\\/2020\\\/10\\\/Hante_promo-pic-3.jpg\",\"contentUrl\":\"https:\\\/\\\/elgarajedefrank.es\\\/wp-content\\\/uploads\\\/2020\\\/10\\\/Hante_promo-pic-3.jpg\",\"width\":2048,\"height\":2560},{\"@type\":\"BreadcrumbList\",\"@id\":\"https:\\\/\\\/elgarajedefrank.es\\\/fr\\\/interview-hante\\\/#breadcrumb\",\"itemListElement\":[{\"@type\":\"ListItem\",\"position\":1,\"name\":\"Inicio\",\"item\":\"https:\\\/\\\/elgarajedefrank.es\\\/fr\\\/\"},{\"@type\":\"ListItem\",\"position\":2,\"name\":\"Interviews\",\"item\":\"https:\\\/\\\/elgarajedefrank.es\\\/fr\\\/category\\\/interviews-fr\\\/\"},{\"@type\":\"ListItem\",\"position\":3,\"name\":\"Interview : Hante.\"}]},{\"@type\":\"WebSite\",\"@id\":\"https:\\\/\\\/elgarajedefrank.es\\\/fr\\\/#website\",\"url\":\"https:\\\/\\\/elgarajedefrank.es\\\/fr\\\/\",\"name\":\"El Garaje de Frank\",\"description\":\"Music magazine\",\"publisher\":{\"@id\":\"https:\\\/\\\/elgarajedefrank.es\\\/fr\\\/#\\\/schema\\\/person\\\/d709c9c33f5f405d44c6c9397889ba15\"},\"potentialAction\":[{\"@type\":\"SearchAction\",\"target\":{\"@type\":\"EntryPoint\",\"urlTemplate\":\"https:\\\/\\\/elgarajedefrank.es\\\/fr\\\/?s={search_term_string}\"},\"query-input\":{\"@type\":\"PropertyValueSpecification\",\"valueRequired\":true,\"valueName\":\"search_term_string\"}}],\"inLanguage\":\"fr-FR\"},{\"@type\":[\"Person\",\"Organization\"],\"@id\":\"https:\\\/\\\/elgarajedefrank.es\\\/fr\\\/#\\\/schema\\\/person\\\/d709c9c33f5f405d44c6c9397889ba15\",\"name\":\"Fran\u00e7ois Zappa\",\"image\":{\"@type\":\"ImageObject\",\"inLanguage\":\"fr-FR\",\"@id\":\"https:\\\/\\\/elgarajedefrank.es\\\/wp-content\\\/uploads\\\/2019\\\/10\\\/IMG_8278-150x150.jpg\",\"url\":\"https:\\\/\\\/elgarajedefrank.es\\\/wp-content\\\/uploads\\\/2019\\\/10\\\/IMG_8278-150x150.jpg\",\"contentUrl\":\"https:\\\/\\\/elgarajedefrank.es\\\/wp-content\\\/uploads\\\/2019\\\/10\\\/IMG_8278-150x150.jpg\",\"caption\":\"Fran\u00e7ois Zappa\"},\"logo\":{\"@id\":\"https:\\\/\\\/elgarajedefrank.es\\\/wp-content\\\/uploads\\\/2019\\\/10\\\/IMG_8278-150x150.jpg\"},\"sameAs\":[\"https:\\\/\\\/www.facebook.com\\\/elgarajedefrank\\\/\",\"https:\\\/\\\/www.instagram.com\\\/elgarajedefrank\\\/\"]}]}<\/script>\n<!-- \/ Yoast SEO plugin. -->","yoast_head_json":{"title":"Interview : Hante. &#8212; El Garaje de Frank","description":"Interviews &#8212; Interview avec l'artiste fran\u00e7aise Hante. \u00e0 l'occasion de son futur concert au DarkMad festival 2021.","robots":{"index":"index","follow":"follow","max-snippet":"max-snippet:-1","max-image-preview":"max-image-preview:large","max-video-preview":"max-video-preview:-1"},"canonical":"https:\/\/elgarajedefrank.es\/fr\/interview-hante\/","og_locale":"fr_FR","og_type":"article","og_title":"Interview : Hante. &#8212; El Garaje de Frank","og_description":"Interviews &#8212; Interview avec l'artiste fran\u00e7aise Hante. \u00e0 l'occasion de son futur concert au DarkMad festival 2021.","og_url":"https:\/\/elgarajedefrank.es\/fr\/interview-hante\/","og_site_name":"El Garaje de Frank","article_publisher":"https:\/\/www.facebook.com\/elgarajedefrank\/","article_author":"https:\/\/www.facebook.com\/elgarajedefrank\/","article_published_time":"2020-10-19T13:28:16+00:00","article_modified_time":"2024-01-24T18:04:50+00:00","og_image":[{"width":819,"height":1024,"url":"https:\/\/elgarajedefrank.es\/wp-content\/uploads\/2020\/10\/Hante_promo-pic-3-819x1024.jpg","type":"image\/jpeg"}],"author":"Fran\u00e7ois Zappa","twitter_card":"summary_large_image","twitter_misc":{"\u00c9crit par":"Fran\u00e7ois Zappa","Dur\u00e9e de lecture estim\u00e9e":"14 minutes"},"schema":{"@context":"https:\/\/schema.org","@graph":[{"@type":"Article","@id":"https:\/\/elgarajedefrank.es\/fr\/interview-hante\/#article","isPartOf":{"@id":"https:\/\/elgarajedefrank.es\/fr\/interview-hante\/"},"author":{"name":"Fran\u00e7ois Zappa","@id":"https:\/\/elgarajedefrank.es\/fr\/#\/schema\/person\/d709c9c33f5f405d44c6c9397889ba15"},"headline":"Interview : Hante.","datePublished":"2020-10-19T13:28:16+00:00","dateModified":"2024-01-24T18:04:50+00:00","mainEntityOfPage":{"@id":"https:\/\/elgarajedefrank.es\/fr\/interview-hante\/"},"wordCount":2989,"commentCount":0,"publisher":{"@id":"https:\/\/elgarajedefrank.es\/fr\/#\/schema\/person\/d709c9c33f5f405d44c6c9397889ba15"},"image":{"@id":"https:\/\/elgarajedefrank.es\/fr\/interview-hante\/#primaryimage"},"thumbnailUrl":"https:\/\/elgarajedefrank.es\/wp-content\/uploads\/2020\/10\/Hante_promo-pic-3.jpg","keywords":["Darkwave","Minimal Synth"],"articleSection":["Interviews"],"inLanguage":"fr-FR","potentialAction":[{"@type":"CommentAction","name":"Comment","target":["https:\/\/elgarajedefrank.es\/fr\/interview-hante\/#respond"]}]},{"@type":"WebPage","@id":"https:\/\/elgarajedefrank.es\/fr\/interview-hante\/","url":"https:\/\/elgarajedefrank.es\/fr\/interview-hante\/","name":"Interview : Hante. &#8212; El Garaje de Frank","isPartOf":{"@id":"https:\/\/elgarajedefrank.es\/fr\/#website"},"primaryImageOfPage":{"@id":"https:\/\/elgarajedefrank.es\/fr\/interview-hante\/#primaryimage"},"image":{"@id":"https:\/\/elgarajedefrank.es\/fr\/interview-hante\/#primaryimage"},"thumbnailUrl":"https:\/\/elgarajedefrank.es\/wp-content\/uploads\/2020\/10\/Hante_promo-pic-3.jpg","datePublished":"2020-10-19T13:28:16+00:00","dateModified":"2024-01-24T18:04:50+00:00","description":"Interviews &#8212; Interview avec l'artiste fran\u00e7aise Hante. \u00e0 l'occasion de son futur concert au DarkMad festival 2021.","breadcrumb":{"@id":"https:\/\/elgarajedefrank.es\/fr\/interview-hante\/#breadcrumb"},"inLanguage":"fr-FR","potentialAction":[{"@type":"ReadAction","target":["https:\/\/elgarajedefrank.es\/fr\/interview-hante\/"]}]},{"@type":"ImageObject","inLanguage":"fr-FR","@id":"https:\/\/elgarajedefrank.es\/fr\/interview-hante\/#primaryimage","url":"https:\/\/elgarajedefrank.es\/wp-content\/uploads\/2020\/10\/Hante_promo-pic-3.jpg","contentUrl":"https:\/\/elgarajedefrank.es\/wp-content\/uploads\/2020\/10\/Hante_promo-pic-3.jpg","width":2048,"height":2560},{"@type":"BreadcrumbList","@id":"https:\/\/elgarajedefrank.es\/fr\/interview-hante\/#breadcrumb","itemListElement":[{"@type":"ListItem","position":1,"name":"Inicio","item":"https:\/\/elgarajedefrank.es\/fr\/"},{"@type":"ListItem","position":2,"name":"Interviews","item":"https:\/\/elgarajedefrank.es\/fr\/category\/interviews-fr\/"},{"@type":"ListItem","position":3,"name":"Interview : Hante."}]},{"@type":"WebSite","@id":"https:\/\/elgarajedefrank.es\/fr\/#website","url":"https:\/\/elgarajedefrank.es\/fr\/","name":"El Garaje de Frank","description":"Music magazine","publisher":{"@id":"https:\/\/elgarajedefrank.es\/fr\/#\/schema\/person\/d709c9c33f5f405d44c6c9397889ba15"},"potentialAction":[{"@type":"SearchAction","target":{"@type":"EntryPoint","urlTemplate":"https:\/\/elgarajedefrank.es\/fr\/?s={search_term_string}"},"query-input":{"@type":"PropertyValueSpecification","valueRequired":true,"valueName":"search_term_string"}}],"inLanguage":"fr-FR"},{"@type":["Person","Organization"],"@id":"https:\/\/elgarajedefrank.es\/fr\/#\/schema\/person\/d709c9c33f5f405d44c6c9397889ba15","name":"Fran\u00e7ois Zappa","image":{"@type":"ImageObject","inLanguage":"fr-FR","@id":"https:\/\/elgarajedefrank.es\/wp-content\/uploads\/2019\/10\/IMG_8278-150x150.jpg","url":"https:\/\/elgarajedefrank.es\/wp-content\/uploads\/2019\/10\/IMG_8278-150x150.jpg","contentUrl":"https:\/\/elgarajedefrank.es\/wp-content\/uploads\/2019\/10\/IMG_8278-150x150.jpg","caption":"Fran\u00e7ois Zappa"},"logo":{"@id":"https:\/\/elgarajedefrank.es\/wp-content\/uploads\/2019\/10\/IMG_8278-150x150.jpg"},"sameAs":["https:\/\/www.facebook.com\/elgarajedefrank\/","https:\/\/www.instagram.com\/elgarajedefrank\/"]}]}},"_links":{"self":[{"href":"https:\/\/elgarajedefrank.es\/fr\/wp-json\/wp\/v2\/posts\/26322","targetHints":{"allow":["GET"]}}],"collection":[{"href":"https:\/\/elgarajedefrank.es\/fr\/wp-json\/wp\/v2\/posts"}],"about":[{"href":"https:\/\/elgarajedefrank.es\/fr\/wp-json\/wp\/v2\/types\/post"}],"author":[{"embeddable":true,"href":"https:\/\/elgarajedefrank.es\/fr\/wp-json\/wp\/v2\/users\/1"}],"replies":[{"embeddable":true,"href":"https:\/\/elgarajedefrank.es\/fr\/wp-json\/wp\/v2\/comments?post=26322"}],"version-history":[{"count":1,"href":"https:\/\/elgarajedefrank.es\/fr\/wp-json\/wp\/v2\/posts\/26322\/revisions"}],"predecessor-version":[{"id":59899,"href":"https:\/\/elgarajedefrank.es\/fr\/wp-json\/wp\/v2\/posts\/26322\/revisions\/59899"}],"wp:featuredmedia":[{"embeddable":true,"href":"https:\/\/elgarajedefrank.es\/fr\/wp-json\/wp\/v2\/media\/26278"}],"wp:attachment":[{"href":"https:\/\/elgarajedefrank.es\/fr\/wp-json\/wp\/v2\/media?parent=26322"}],"wp:term":[{"taxonomy":"category","embeddable":true,"href":"https:\/\/elgarajedefrank.es\/fr\/wp-json\/wp\/v2\/categories?post=26322"},{"taxonomy":"post_tag","embeddable":true,"href":"https:\/\/elgarajedefrank.es\/fr\/wp-json\/wp\/v2\/tags?post=26322"}],"curies":[{"name":"wp","href":"https:\/\/api.w.org\/{rel}","templated":true}]}}