{"id":2593,"date":"2019-01-09T12:49:17","date_gmt":"2019-01-09T11:49:17","guid":{"rendered":"http:\/\/elgarajedefrank.es\/?p=2593"},"modified":"2020-01-05T18:09:25","modified_gmt":"2020-01-05T17:09:25","slug":"zwaremachine","status":"publish","type":"post","link":"https:\/\/elgarajedefrank.es\/fr\/zwaremachine\/","title":{"rendered":"Zwaremachine"},"content":{"rendered":"<p><span style=\"font-family: georgia, palatino, serif; font-size: 12pt;\"><strong><img fetchpriority=\"high\" decoding=\"async\" class=\"size-medium wp-image-2596 alignleft\" src=\"http:\/\/elgarajedefrank.es\/wp-content\/uploads\/2019\/01\/zwaremachine1-296x300.jpg\" alt=\"\" width=\"296\" height=\"300\" srcset=\"https:\/\/elgarajedefrank.es\/wp-content\/uploads\/2019\/01\/zwaremachine1-296x300.jpg 296w, https:\/\/elgarajedefrank.es\/wp-content\/uploads\/2019\/01\/zwaremachine1-768x780.jpg 768w, https:\/\/elgarajedefrank.es\/wp-content\/uploads\/2019\/01\/zwaremachine1-1009x1024.jpg 1009w, https:\/\/elgarajedefrank.es\/wp-content\/uploads\/2019\/01\/zwaremachine1-1170x1188.jpg 1170w, https:\/\/elgarajedefrank.es\/wp-content\/uploads\/2019\/01\/zwaremachine1-585x594.jpg 585w, https:\/\/elgarajedefrank.es\/wp-content\/uploads\/2019\/01\/zwaremachine1.jpg 1182w\" sizes=\"(max-width: 296px) 100vw, 296px\" \/>Le premier disque de Zwaremachine, intitul\u00e9\u00a0<em>Be a Light<\/em>, qui est sorti l\u2019ann\u00e9e derni\u00e8re, est parvenu jusqu\u2019\u00e0 nos oreilles.\u00a0Zwaremachine est le projet de l\u2019artiste visuel Mach FoX qui d\u00e9crit son style comme de la \u00ab <span style=\"cursor: text; text-decoration: none; font-variant: normal; white-space: normal; word-spacing: 0px; text-transform: none; float: none; color: #333333; font-style: normal; text-align: left; orphans: 2; letter-spacing: normal; background-color: transparent; text-indent: 0px; -webkit-text-stroke-width: 0px; display: inline !important;\">Minimal Hypnotic Industrial Body Music \u00bb. En janvier, le groupe sera en tourn\u00e9e, avec un concert \u00e0 Eindhoven le 19 et un autre le 24 \u00e0 Hambourg. Enfin, le 26, il jouera avec Portion Control, suivi d&#8217;un DJ-set de Dirk Ivens \u00e0 Heerlen, aux Pays-Bas.<\/span><\/strong><\/span><\/p>\n<p><span style=\"font-family: georgia, palatino, serif; font-size: 12pt;\"><strong>Mach FoX<\/strong> ne vient pas de faire son entr\u00e9e dans le monde de la musique. Cela fait plusieurs ann\u00e9es qu\u2019il en fait partie, d\u2019abord sous son propre nom, sous lequel il a sorti plusieurs r\u00e9f\u00e9rences comme l\u2019EP <em>The Inquiry<\/em>\u00a0et <em>The Sky is falling. <\/em>Maintenant, il revient avec cette nouvelle incarnation dont le style nous enchante.<\/span><\/p>\n<p><span style=\"font-family: georgia, palatino, serif; font-size: 12pt;\"><em>Be a Ligh<\/em>t, publi\u00e9 par le label Phage Tapes nous pr\u00e9sente sept chansons originales, parmi lesquelles il convient de souligner \u00ab Another Way \u00bb, \u00ab Be a Light \u00bb et \u00ab Person to Person \u00bb,\u00a0ainsi que sept remix, r\u00e9alis\u00e9s par des artistes comme <strong>Timmy the Tapeworm<\/strong>, <strong>Audiocentesis<\/strong> ou\u00a0<strong>Thosquanta<\/strong>. Aux influences de groupes comme <strong>Skinny Puppy<\/strong> et <strong>Dive<\/strong>, ce disque plaira aux fans de l\u2019EBM classique et de sons industriels. Voix mena\u00e7antes, ambiances oppressantes et lignes de synth\u00e9s fr\u00e9missantes vous donneront l\u2019envie de danser tout en cr\u00e9ant l\u2019un des meilleurs disques du genre que nous avons \u00e9cout\u00e9s r\u00e9cemment.<\/span><\/p>\n<p><span style=\"font-family: georgia, palatino, serif; font-size: 12pt;\">En d\u00e9cembre, une nouvelle chanson gratuite est sortie : \u00ab Remain Unseen \u00bb. Vous pouvez l\u2019\u00e9couter sur <a href=\"https:\/\/zwaremachine.bandcamp.com\/\">Bandcamp<\/a>. En outre, vous pouvez acheter\u00a0<em>Be a Light<\/em> <a href=\"https:\/\/zwaremachine.bandcamp.com\/album\/be-a-light\">ici<\/a>.<\/span><\/p>\n<p><span style=\"font-family: georgia, palatino, serif; font-size: 12pt;\">Nous avons profit\u00e9 de l\u2019occasion pour \u00e9changer quelques mots avec lui.<\/span><\/p>\n<p><span style=\"font-family: georgia, palatino, serif; font-size: 12pt;\"><strong><span class=\"s1\"><b><img decoding=\"async\" class=\"size-medium wp-image-2506 alignright\" src=\"http:\/\/elgarajedefrank.es\/wp-content\/uploads\/2018\/12\/Zwaremachine_Mach-Fox-LIVE-pic-by-Caleb-Timmerman-300x200.jpg\" alt=\"\" width=\"300\" height=\"200\" srcset=\"https:\/\/elgarajedefrank.es\/wp-content\/uploads\/2018\/12\/Zwaremachine_Mach-Fox-LIVE-pic-by-Caleb-Timmerman-300x200.jpg 300w, https:\/\/elgarajedefrank.es\/wp-content\/uploads\/2018\/12\/Zwaremachine_Mach-Fox-LIVE-pic-by-Caleb-Timmerman-768x512.jpg 768w, https:\/\/elgarajedefrank.es\/wp-content\/uploads\/2018\/12\/Zwaremachine_Mach-Fox-LIVE-pic-by-Caleb-Timmerman-1024x683.jpg 1024w, https:\/\/elgarajedefrank.es\/wp-content\/uploads\/2018\/12\/Zwaremachine_Mach-Fox-LIVE-pic-by-Caleb-Timmerman-1170x780.jpg 1170w, https:\/\/elgarajedefrank.es\/wp-content\/uploads\/2018\/12\/Zwaremachine_Mach-Fox-LIVE-pic-by-Caleb-Timmerman-1920x1280.jpg 1920w, https:\/\/elgarajedefrank.es\/wp-content\/uploads\/2018\/12\/Zwaremachine_Mach-Fox-LIVE-pic-by-Caleb-Timmerman-585x390.jpg 585w, https:\/\/elgarajedefrank.es\/wp-content\/uploads\/2018\/12\/Zwaremachine_Mach-Fox-LIVE-pic-by-Caleb-Timmerman-263x175.jpg 263w\" sizes=\"(max-width: 300px) 100vw, 300px\" \/>\u2014Comment avez-vous commenc\u00e9 comme\u00a0<\/b><\/span>Mach FoX ? Sur Discogs, je vois que vous \u00eates r\u00e9f\u00e9renc\u00e9 depuis 2006.<\/strong><\/span><\/p>\n<p><span style=\"font-family: georgia, palatino, serif; font-size: 12pt;\"><span class=\"s1\"><b>\u2014<\/b>J\u2019ai commenc\u00e9 le projet\u00a0<\/span><strong>Mach FoX <\/strong>en\u00a02005. Ce projet devait faire partie de la sc\u00e8ne electropunk des villes jumelles du Minnesota. J\u2019ai pu inclure des membres d\u2019autres groupes de la sc\u00e8ne. J\u2019ai donn\u00e9 des concerts et enregistr\u00e9 jusqu\u2019en 2010. Je publie toujours de la musique, des vid\u00e9os et je donne toujours des concerts sous le nom de\u00a0<strong>Mach FoX<\/strong>.<\/span><\/p>\n<p><span style=\"font-family: georgia, palatino, serif; font-size: 12pt;\"><span class=\"s1\"><b>\u2014Que pouvez-vous me dire sur\u00a0<\/b><\/span><strong>Satan Starship ? C\u2019est aussi votre projet ?<\/strong><\/span><\/p>\n<p><span style=\"font-family: georgia, palatino, serif; font-size: 12pt;\"><span class=\"s1\"><b>\u2014<\/b><\/span>Oui, <strong>Satan Starship<\/strong> est le projet qui a donn\u00e9 naissance \u00e0\u00a0<strong>Zwaremachine<\/strong>. Au d\u00e9but, je voulais avoir une collaboration bas\u00e9e sur un s\u00e9quenceur central avec un ou deux musiciens avec des midis pour les concerts. Nous l\u2019avons fait plusieurs fois, et nous avons sorti un disque.<img decoding=\"async\" class=\"size-medium wp-image-2583 alignleft\" src=\"http:\/\/elgarajedefrank.es\/wp-content\/uploads\/2019\/01\/k1DYvnEa.jpeg-300x250.jpg\" alt=\"\" width=\"300\" height=\"250\" \/><\/span><\/p>\n<p><span style=\"font-family: georgia, palatino, serif; font-size: 12pt;\"><span class=\"s1\"><b>\u2014L\u2019<\/b><\/span><strong>EP <em>Raumschiff<\/em> est votre premier disque sous le nom de Zwaremachine. Quel est le lien avec Satan Starship ?<\/strong><\/span><\/p>\n<p><span style=\"font-family: georgia, palatino, serif; font-size: 12pt;\"><span class=\"s1\"><b>\u2014<\/b><\/span>Le premier EP utilisait beaucoup de samples et de loops provenant du disque de\u00a0<strong>Satan Starhip<\/strong>. Avec mon ami DJ Joe \u00ab Jobot \u00bb Bartuski, on s\u2019est occup\u00e9 de l\u2019\u00e9dition et de la production de l\u2019EP<em> Raumschif<\/em>f. Nous avons continu\u00e9 \u00e0 jouer ces chansons en concert en tant que groupe \u00e0 partir de 2012. On avait un son plus \u00e9lectro-industriel dans ce premier EP. Je crois que, en beaucoup de fa\u00e7ons, la musique de <strong>Zwaremachine <\/strong>que je compose maintenant contient toujours l\u2019esprit du premier EP et se concentre sur la partie \u00ab Minimal Hipnotic Industrial \u00bb, de \u00e0 quoi j\u2019ajoute \u00ab Body Music \u00bb comme r\u00e9f\u00e9rence \u00e0 l\u2019EBM. Je crois qu\u2019Industrial Body Music pourrait aussi \u00eatre un style.<\/span><\/p>\n<p><span style=\"font-family: georgia, palatino, serif; font-size: 12pt;\"><span class=\"s1\"><b>\u2014<\/b><\/span><strong>Vous \u00eates un artiste visuel r\u00e9put\u00e9. Comment sera la partie visuelle de vos concerts ?<\/strong><\/span><\/p>\n<p><span style=\"font-family: georgia, palatino, serif; font-size: 12pt;\"><span class=\"s1\"><b>\u2014<\/b><\/span>Je souhaite pr\u00e9senter le groupe comme un \u00e9l\u00e9ment de visuels et de lumi\u00e8res, avec une sc\u00e8ne pr\u00e9par\u00e9e pour cr\u00e9er l\u2019atmosph\u00e8re et l\u2019\u00e9tat d\u2019esprit de la musique en direct. Aux \u00c9tats-Unis, je peux voyager avec des \u00e9clairages personnalis\u00e9s, des t\u00e9l\u00e9viseurs CRT, un \u00e9quipement pr\u00e9vu pour la sc\u00e8ne afin de donner une vision plus compl\u00e8te au public. \u00c0 l\u2019\u00e9tranger, mon \u00e9quipement sera malheureusement limit\u00e9, mais je pourrais utiliser des projections et autres effets personnalis\u00e9s. En pr\u00e9parant des visuels personnalis\u00e9s, j\u2019ai aussi la possibilit\u00e9 de mettre au point les projections qui seront utilis\u00e9es comme source d\u2019\u00e9clairage.<\/span><\/p>\n<p><span style=\"font-family: georgia, palatino, serif; font-size: 12pt;\"><strong><span class=\"s1\">\u2014Pourquoi \u00eates-vous pass\u00e9 de l\u2019electropunk \u00e0 l\u2019EBM ?<\/span><\/strong><\/span><\/p>\n<p><span style=\"font-family: georgia, palatino, serif; font-size: 12pt;\"><span class=\"s1\">\u2014Je crois que l\u2019electropunk est plus une question d\u2019attitude que de style ou de genre. J\u2019ai jou\u00e9 de la guitare dans des groupes de punk o\u00f9 l\u2019on faisait tout nous-m\u00eame et je consid\u00e8re toujours<\/span>\u00a0<strong>Zwaremachine<\/strong> comme un groupe d\u2019electropunk. Je voulais juste \u00e9tendre la description et ajouter des \u00e9l\u00e9ments bas\u00e9s sur le genre. L\u2019EBM est aussi un genre large qui \u00e9volue. Par cons\u00e9quent, je ne consid\u00e8re pas que nous soyons uniquement un groupe d\u2019EBM. Je voulais me d\u00e9barrasser d\u2019\u00e9l\u00e9ments pop et ajouter mes propres techniques pour cr\u00e9er l\u2019Industrial Body Music, qui allie les sons classiques et une ambiance actuelle.<\/span><\/p>\n","protected":false},"excerpt":{"rendered":"<p>Le premier disque de Zwaremachine, intitul\u00e9\u00a0Be a Light, qui est sorti l\u2019ann\u00e9e derni\u00e8re, est parvenu&hellip;<\/p>\n","protected":false},"author":1,"featured_media":2503,"comment_status":"open","ping_status":"open","sticky":false,"template":"","format":"standard","meta":{"_lmt_disableupdate":"","_lmt_disable":"","footnotes":""},"categories":[35],"tags":[368],"class_list":["post-2593","post","type-post","status-publish","format-standard","has-post-thumbnail","hentry","category-interviews-fr","tag-musique-industrielle"],"yoast_head":"<!-- This site is optimized with the Yoast SEO plugin v27.4 - https:\/\/yoast.com\/product\/yoast-seo-wordpress\/ -->\n<title>Zwaremachine &#8212; El Garaje de Frank<\/title>\n<meta name=\"description\" content=\"Zwaremachine &#8212; Interview \u00e0 Zwaremachine et critique de son dernier disque. De l&#039;EBM avec une pointe de musique industrielle pour un prjet tr\u00e8s int\u00e9ressant.\" \/>\n<meta name=\"robots\" content=\"index, follow, max-snippet:-1, max-image-preview:large, max-video-preview:-1\" \/>\n<link rel=\"canonical\" href=\"https:\/\/elgarajedefrank.es\/fr\/zwaremachine\/\" \/>\n<meta property=\"og:locale\" content=\"fr_FR\" \/>\n<meta property=\"og:type\" content=\"article\" \/>\n<meta property=\"og:title\" content=\"Zwaremachine &#8212; El Garaje de Frank\" \/>\n<meta property=\"og:description\" content=\"Zwaremachine &#8212; Interview \u00e0 Zwaremachine et critique de son dernier disque. De l&#039;EBM avec une pointe de musique industrielle pour un prjet tr\u00e8s int\u00e9ressant.\" \/>\n<meta property=\"og:url\" content=\"https:\/\/elgarajedefrank.es\/fr\/zwaremachine\/\" \/>\n<meta property=\"og:site_name\" content=\"El Garaje de Frank\" \/>\n<meta property=\"article:publisher\" content=\"https:\/\/www.facebook.com\/elgarajedefrank\/\" \/>\n<meta property=\"article:author\" content=\"https:\/\/www.facebook.com\/elgarajedefrank\/\" \/>\n<meta property=\"article:published_time\" content=\"2019-01-09T11:49:17+00:00\" \/>\n<meta property=\"article:modified_time\" content=\"2020-01-05T17:09:25+00:00\" \/>\n<meta property=\"og:image\" content=\"https:\/\/elgarajedefrank.es\/wp-content\/uploads\/2018\/12\/Zwaremachine-skull-LOGO-HI-RES.jpg\" \/>\n\t<meta property=\"og:image:width\" content=\"1275\" \/>\n\t<meta property=\"og:image:height\" content=\"1275\" \/>\n\t<meta property=\"og:image:type\" content=\"image\/jpeg\" \/>\n<meta name=\"author\" content=\"Fran\u00e7ois Zappa\" \/>\n<meta name=\"twitter:card\" content=\"summary_large_image\" \/>\n<meta name=\"twitter:label1\" content=\"\u00c9crit par\" \/>\n\t<meta name=\"twitter:data1\" content=\"Fran\u00e7ois Zappa\" \/>\n\t<meta name=\"twitter:label2\" content=\"Dur\u00e9e de lecture estim\u00e9e\" \/>\n\t<meta name=\"twitter:data2\" content=\"4 minutes\" \/>\n<script type=\"application\/ld+json\" class=\"yoast-schema-graph\">{\"@context\":\"https:\\\/\\\/schema.org\",\"@graph\":[{\"@type\":\"Article\",\"@id\":\"https:\\\/\\\/elgarajedefrank.es\\\/fr\\\/zwaremachine\\\/#article\",\"isPartOf\":{\"@id\":\"https:\\\/\\\/elgarajedefrank.es\\\/fr\\\/zwaremachine\\\/\"},\"author\":{\"name\":\"Fran\u00e7ois Zappa\",\"@id\":\"https:\\\/\\\/elgarajedefrank.es\\\/fr\\\/#\\\/schema\\\/person\\\/d709c9c33f5f405d44c6c9397889ba15\"},\"headline\":\"Zwaremachine\",\"datePublished\":\"2019-01-09T11:49:17+00:00\",\"dateModified\":\"2020-01-05T17:09:25+00:00\",\"mainEntityOfPage\":{\"@id\":\"https:\\\/\\\/elgarajedefrank.es\\\/fr\\\/zwaremachine\\\/\"},\"wordCount\":823,\"commentCount\":0,\"publisher\":{\"@id\":\"https:\\\/\\\/elgarajedefrank.es\\\/fr\\\/#\\\/schema\\\/person\\\/d709c9c33f5f405d44c6c9397889ba15\"},\"image\":{\"@id\":\"https:\\\/\\\/elgarajedefrank.es\\\/fr\\\/zwaremachine\\\/#primaryimage\"},\"thumbnailUrl\":\"https:\\\/\\\/elgarajedefrank.es\\\/wp-content\\\/uploads\\\/2018\\\/12\\\/Zwaremachine-skull-LOGO-HI-RES.jpg\",\"keywords\":[\"Musique industrielle\"],\"articleSection\":[\"Interviews\"],\"inLanguage\":\"fr-FR\",\"potentialAction\":[{\"@type\":\"CommentAction\",\"name\":\"Comment\",\"target\":[\"https:\\\/\\\/elgarajedefrank.es\\\/fr\\\/zwaremachine\\\/#respond\"]}]},{\"@type\":\"WebPage\",\"@id\":\"https:\\\/\\\/elgarajedefrank.es\\\/fr\\\/zwaremachine\\\/\",\"url\":\"https:\\\/\\\/elgarajedefrank.es\\\/fr\\\/zwaremachine\\\/\",\"name\":\"Zwaremachine &#8212; El Garaje de Frank\",\"isPartOf\":{\"@id\":\"https:\\\/\\\/elgarajedefrank.es\\\/fr\\\/#website\"},\"primaryImageOfPage\":{\"@id\":\"https:\\\/\\\/elgarajedefrank.es\\\/fr\\\/zwaremachine\\\/#primaryimage\"},\"image\":{\"@id\":\"https:\\\/\\\/elgarajedefrank.es\\\/fr\\\/zwaremachine\\\/#primaryimage\"},\"thumbnailUrl\":\"https:\\\/\\\/elgarajedefrank.es\\\/wp-content\\\/uploads\\\/2018\\\/12\\\/Zwaremachine-skull-LOGO-HI-RES.jpg\",\"datePublished\":\"2019-01-09T11:49:17+00:00\",\"dateModified\":\"2020-01-05T17:09:25+00:00\",\"description\":\"Zwaremachine &#8212; Interview \u00e0 Zwaremachine et critique de son dernier disque. De l'EBM avec une pointe de musique industrielle pour un prjet tr\u00e8s int\u00e9ressant.\",\"breadcrumb\":{\"@id\":\"https:\\\/\\\/elgarajedefrank.es\\\/fr\\\/zwaremachine\\\/#breadcrumb\"},\"inLanguage\":\"fr-FR\",\"potentialAction\":[{\"@type\":\"ReadAction\",\"target\":[\"https:\\\/\\\/elgarajedefrank.es\\\/fr\\\/zwaremachine\\\/\"]}]},{\"@type\":\"ImageObject\",\"inLanguage\":\"fr-FR\",\"@id\":\"https:\\\/\\\/elgarajedefrank.es\\\/fr\\\/zwaremachine\\\/#primaryimage\",\"url\":\"https:\\\/\\\/elgarajedefrank.es\\\/wp-content\\\/uploads\\\/2018\\\/12\\\/Zwaremachine-skull-LOGO-HI-RES.jpg\",\"contentUrl\":\"https:\\\/\\\/elgarajedefrank.es\\\/wp-content\\\/uploads\\\/2018\\\/12\\\/Zwaremachine-skull-LOGO-HI-RES.jpg\",\"width\":1275,\"height\":1275},{\"@type\":\"BreadcrumbList\",\"@id\":\"https:\\\/\\\/elgarajedefrank.es\\\/fr\\\/zwaremachine\\\/#breadcrumb\",\"itemListElement\":[{\"@type\":\"ListItem\",\"position\":1,\"name\":\"Inicio\",\"item\":\"https:\\\/\\\/elgarajedefrank.es\\\/fr\\\/\"},{\"@type\":\"ListItem\",\"position\":2,\"name\":\"Interviews\",\"item\":\"https:\\\/\\\/elgarajedefrank.es\\\/fr\\\/category\\\/interviews-fr\\\/\"},{\"@type\":\"ListItem\",\"position\":3,\"name\":\"Zwaremachine\"}]},{\"@type\":\"WebSite\",\"@id\":\"https:\\\/\\\/elgarajedefrank.es\\\/fr\\\/#website\",\"url\":\"https:\\\/\\\/elgarajedefrank.es\\\/fr\\\/\",\"name\":\"El Garaje de Frank\",\"description\":\"Music magazine\",\"publisher\":{\"@id\":\"https:\\\/\\\/elgarajedefrank.es\\\/fr\\\/#\\\/schema\\\/person\\\/d709c9c33f5f405d44c6c9397889ba15\"},\"potentialAction\":[{\"@type\":\"SearchAction\",\"target\":{\"@type\":\"EntryPoint\",\"urlTemplate\":\"https:\\\/\\\/elgarajedefrank.es\\\/fr\\\/?s={search_term_string}\"},\"query-input\":{\"@type\":\"PropertyValueSpecification\",\"valueRequired\":true,\"valueName\":\"search_term_string\"}}],\"inLanguage\":\"fr-FR\"},{\"@type\":[\"Person\",\"Organization\"],\"@id\":\"https:\\\/\\\/elgarajedefrank.es\\\/fr\\\/#\\\/schema\\\/person\\\/d709c9c33f5f405d44c6c9397889ba15\",\"name\":\"Fran\u00e7ois Zappa\",\"image\":{\"@type\":\"ImageObject\",\"inLanguage\":\"fr-FR\",\"@id\":\"https:\\\/\\\/elgarajedefrank.es\\\/wp-content\\\/uploads\\\/2019\\\/10\\\/IMG_8278-150x150.jpg\",\"url\":\"https:\\\/\\\/elgarajedefrank.es\\\/wp-content\\\/uploads\\\/2019\\\/10\\\/IMG_8278-150x150.jpg\",\"contentUrl\":\"https:\\\/\\\/elgarajedefrank.es\\\/wp-content\\\/uploads\\\/2019\\\/10\\\/IMG_8278-150x150.jpg\",\"caption\":\"Fran\u00e7ois Zappa\"},\"logo\":{\"@id\":\"https:\\\/\\\/elgarajedefrank.es\\\/wp-content\\\/uploads\\\/2019\\\/10\\\/IMG_8278-150x150.jpg\"},\"sameAs\":[\"https:\\\/\\\/www.facebook.com\\\/elgarajedefrank\\\/\",\"https:\\\/\\\/www.instagram.com\\\/elgarajedefrank\\\/\"]}]}<\/script>\n<!-- \/ Yoast SEO plugin. -->","yoast_head_json":{"title":"Zwaremachine &#8212; El Garaje de Frank","description":"Zwaremachine &#8212; Interview \u00e0 Zwaremachine et critique de son dernier disque. De l'EBM avec une pointe de musique industrielle pour un prjet tr\u00e8s int\u00e9ressant.","robots":{"index":"index","follow":"follow","max-snippet":"max-snippet:-1","max-image-preview":"max-image-preview:large","max-video-preview":"max-video-preview:-1"},"canonical":"https:\/\/elgarajedefrank.es\/fr\/zwaremachine\/","og_locale":"fr_FR","og_type":"article","og_title":"Zwaremachine &#8212; El Garaje de Frank","og_description":"Zwaremachine &#8212; Interview \u00e0 Zwaremachine et critique de son dernier disque. De l'EBM avec une pointe de musique industrielle pour un prjet tr\u00e8s int\u00e9ressant.","og_url":"https:\/\/elgarajedefrank.es\/fr\/zwaremachine\/","og_site_name":"El Garaje de Frank","article_publisher":"https:\/\/www.facebook.com\/elgarajedefrank\/","article_author":"https:\/\/www.facebook.com\/elgarajedefrank\/","article_published_time":"2019-01-09T11:49:17+00:00","article_modified_time":"2020-01-05T17:09:25+00:00","og_image":[{"width":1275,"height":1275,"url":"https:\/\/elgarajedefrank.es\/wp-content\/uploads\/2018\/12\/Zwaremachine-skull-LOGO-HI-RES.jpg","type":"image\/jpeg"}],"author":"Fran\u00e7ois Zappa","twitter_card":"summary_large_image","twitter_misc":{"\u00c9crit par":"Fran\u00e7ois Zappa","Dur\u00e9e de lecture estim\u00e9e":"4 minutes"},"schema":{"@context":"https:\/\/schema.org","@graph":[{"@type":"Article","@id":"https:\/\/elgarajedefrank.es\/fr\/zwaremachine\/#article","isPartOf":{"@id":"https:\/\/elgarajedefrank.es\/fr\/zwaremachine\/"},"author":{"name":"Fran\u00e7ois Zappa","@id":"https:\/\/elgarajedefrank.es\/fr\/#\/schema\/person\/d709c9c33f5f405d44c6c9397889ba15"},"headline":"Zwaremachine","datePublished":"2019-01-09T11:49:17+00:00","dateModified":"2020-01-05T17:09:25+00:00","mainEntityOfPage":{"@id":"https:\/\/elgarajedefrank.es\/fr\/zwaremachine\/"},"wordCount":823,"commentCount":0,"publisher":{"@id":"https:\/\/elgarajedefrank.es\/fr\/#\/schema\/person\/d709c9c33f5f405d44c6c9397889ba15"},"image":{"@id":"https:\/\/elgarajedefrank.es\/fr\/zwaremachine\/#primaryimage"},"thumbnailUrl":"https:\/\/elgarajedefrank.es\/wp-content\/uploads\/2018\/12\/Zwaremachine-skull-LOGO-HI-RES.jpg","keywords":["Musique industrielle"],"articleSection":["Interviews"],"inLanguage":"fr-FR","potentialAction":[{"@type":"CommentAction","name":"Comment","target":["https:\/\/elgarajedefrank.es\/fr\/zwaremachine\/#respond"]}]},{"@type":"WebPage","@id":"https:\/\/elgarajedefrank.es\/fr\/zwaremachine\/","url":"https:\/\/elgarajedefrank.es\/fr\/zwaremachine\/","name":"Zwaremachine &#8212; El Garaje de Frank","isPartOf":{"@id":"https:\/\/elgarajedefrank.es\/fr\/#website"},"primaryImageOfPage":{"@id":"https:\/\/elgarajedefrank.es\/fr\/zwaremachine\/#primaryimage"},"image":{"@id":"https:\/\/elgarajedefrank.es\/fr\/zwaremachine\/#primaryimage"},"thumbnailUrl":"https:\/\/elgarajedefrank.es\/wp-content\/uploads\/2018\/12\/Zwaremachine-skull-LOGO-HI-RES.jpg","datePublished":"2019-01-09T11:49:17+00:00","dateModified":"2020-01-05T17:09:25+00:00","description":"Zwaremachine &#8212; Interview \u00e0 Zwaremachine et critique de son dernier disque. De l'EBM avec une pointe de musique industrielle pour un prjet tr\u00e8s int\u00e9ressant.","breadcrumb":{"@id":"https:\/\/elgarajedefrank.es\/fr\/zwaremachine\/#breadcrumb"},"inLanguage":"fr-FR","potentialAction":[{"@type":"ReadAction","target":["https:\/\/elgarajedefrank.es\/fr\/zwaremachine\/"]}]},{"@type":"ImageObject","inLanguage":"fr-FR","@id":"https:\/\/elgarajedefrank.es\/fr\/zwaremachine\/#primaryimage","url":"https:\/\/elgarajedefrank.es\/wp-content\/uploads\/2018\/12\/Zwaremachine-skull-LOGO-HI-RES.jpg","contentUrl":"https:\/\/elgarajedefrank.es\/wp-content\/uploads\/2018\/12\/Zwaremachine-skull-LOGO-HI-RES.jpg","width":1275,"height":1275},{"@type":"BreadcrumbList","@id":"https:\/\/elgarajedefrank.es\/fr\/zwaremachine\/#breadcrumb","itemListElement":[{"@type":"ListItem","position":1,"name":"Inicio","item":"https:\/\/elgarajedefrank.es\/fr\/"},{"@type":"ListItem","position":2,"name":"Interviews","item":"https:\/\/elgarajedefrank.es\/fr\/category\/interviews-fr\/"},{"@type":"ListItem","position":3,"name":"Zwaremachine"}]},{"@type":"WebSite","@id":"https:\/\/elgarajedefrank.es\/fr\/#website","url":"https:\/\/elgarajedefrank.es\/fr\/","name":"El Garaje de Frank","description":"Music magazine","publisher":{"@id":"https:\/\/elgarajedefrank.es\/fr\/#\/schema\/person\/d709c9c33f5f405d44c6c9397889ba15"},"potentialAction":[{"@type":"SearchAction","target":{"@type":"EntryPoint","urlTemplate":"https:\/\/elgarajedefrank.es\/fr\/?s={search_term_string}"},"query-input":{"@type":"PropertyValueSpecification","valueRequired":true,"valueName":"search_term_string"}}],"inLanguage":"fr-FR"},{"@type":["Person","Organization"],"@id":"https:\/\/elgarajedefrank.es\/fr\/#\/schema\/person\/d709c9c33f5f405d44c6c9397889ba15","name":"Fran\u00e7ois Zappa","image":{"@type":"ImageObject","inLanguage":"fr-FR","@id":"https:\/\/elgarajedefrank.es\/wp-content\/uploads\/2019\/10\/IMG_8278-150x150.jpg","url":"https:\/\/elgarajedefrank.es\/wp-content\/uploads\/2019\/10\/IMG_8278-150x150.jpg","contentUrl":"https:\/\/elgarajedefrank.es\/wp-content\/uploads\/2019\/10\/IMG_8278-150x150.jpg","caption":"Fran\u00e7ois Zappa"},"logo":{"@id":"https:\/\/elgarajedefrank.es\/wp-content\/uploads\/2019\/10\/IMG_8278-150x150.jpg"},"sameAs":["https:\/\/www.facebook.com\/elgarajedefrank\/","https:\/\/www.instagram.com\/elgarajedefrank\/"]}]}},"_links":{"self":[{"href":"https:\/\/elgarajedefrank.es\/fr\/wp-json\/wp\/v2\/posts\/2593","targetHints":{"allow":["GET"]}}],"collection":[{"href":"https:\/\/elgarajedefrank.es\/fr\/wp-json\/wp\/v2\/posts"}],"about":[{"href":"https:\/\/elgarajedefrank.es\/fr\/wp-json\/wp\/v2\/types\/post"}],"author":[{"embeddable":true,"href":"https:\/\/elgarajedefrank.es\/fr\/wp-json\/wp\/v2\/users\/1"}],"replies":[{"embeddable":true,"href":"https:\/\/elgarajedefrank.es\/fr\/wp-json\/wp\/v2\/comments?post=2593"}],"version-history":[{"count":0,"href":"https:\/\/elgarajedefrank.es\/fr\/wp-json\/wp\/v2\/posts\/2593\/revisions"}],"wp:featuredmedia":[{"embeddable":true,"href":"https:\/\/elgarajedefrank.es\/fr\/wp-json\/wp\/v2\/media\/2503"}],"wp:attachment":[{"href":"https:\/\/elgarajedefrank.es\/fr\/wp-json\/wp\/v2\/media?parent=2593"}],"wp:term":[{"taxonomy":"category","embeddable":true,"href":"https:\/\/elgarajedefrank.es\/fr\/wp-json\/wp\/v2\/categories?post=2593"},{"taxonomy":"post_tag","embeddable":true,"href":"https:\/\/elgarajedefrank.es\/fr\/wp-json\/wp\/v2\/tags?post=2593"}],"curies":[{"name":"wp","href":"https:\/\/api.w.org\/{rel}","templated":true}]}}