{"id":24686,"date":"2020-08-17T18:31:31","date_gmt":"2020-08-17T16:31:31","guid":{"rendered":"https:\/\/elgarajedefrank.es\/?p=24686"},"modified":"2024-05-29T13:26:22","modified_gmt":"2024-05-29T11:26:22","slug":"la-main-la-melodie-du-sombre","status":"publish","type":"post","link":"https:\/\/elgarajedefrank.es\/fr\/la-main-la-melodie-du-sombre\/","title":{"rendered":"La Main &#8211; La m\u00e9lodie du sombre"},"content":{"rendered":"<p><span style=\"font-family: georgia, palatino, serif; font-size: 12pt;\">On a d\u00e9couvert <strong>La Main<\/strong> d\u2019une mani\u00e8re assez originale : sur un forum de musique, un ami a utilis\u00e9 la pochette de <em>L\u2019heure De Salir<\/em> comme avatar, et quelques jours plus tard, en jetant un \u0153il au catalogue d\u2019Unknown Pleasures Records, on s\u2019est aper\u00e7u que c\u2019\u00e9tait la pochette d\u2019un disque qu\u2019on a achet\u00e9 sans autre forme d\u2019h\u00e9sitation. Comme on a aim\u00e9 l\u2019album, d\u00e8s qu\u2019on en a eu le temps, on a r\u00e9dig\u00e9 la critique de nouvelle \u0153uvre,<em> La m\u00e9lodie du sombre<\/em>. <strong>La Main<\/strong> est le projet de Joann Guyonnet, qui, influenc\u00e9 par la nouvelle vague fran\u00e7aise, a commenc\u00e9 sa carri\u00e8re avec<em> Ton Nom<\/em>, un album qu\u2019il a sorti lui-m\u00eame en 2012. Quelques ann\u00e9es plus tard, il a sorti un EP de reprises, et en 2015 <em>Nous Ne Serons Plus Rien<\/em> qui compl\u00e8tent sa discographie, avec l\u2019album mentionn\u00e9 pr\u00e9c\u00e9demment et un album acoustique. Vous pouvez l\u2019\u00e9couter et l\u2019acheter <a href=\"https:\/\/hivmusic1.bandcamp.com\/album\/uprgold-12-la-m-lodie-du-sombre-synth-wave-cd\">ici<\/a>.<\/span><\/p>\n<p><span style=\"font-family: georgia, palatino, serif; font-size: 12pt;\">Il faut \u00eatre courageux \u00eatre <strong>La<\/strong>\u00a0<strong>Main : <\/strong>non seulement ils chantent en fran\u00e7ais dans un monde domin\u00e9 par l\u2019anglais, mais ils jouent une synth wave\/minimal synth gracieuse d\u2019une densit\u00e9 qui semble impossible \u00e0 contenir dans un seul CD. Et m\u00eame ainsi, ils parviennent \u00e0 enregistrer l\u2019un des meilleurs albums de l\u2019ann\u00e9e.<\/span><\/p>\n<p><span style=\"font-family: georgia, palatino, serif; font-size: 12pt;\">Quand j\u2019ai commenc\u00e9 \u00e0 \u00e9crire ce texte, le 11 ao\u00fbt \u00e0 Madrid, le ciel est devenu noir et il s\u2019est mis \u00e0 pleuvoir. On aurait dit que le temps s\u2019\u00e9tait adapt\u00e9 \u00e0 l\u2019atmosph\u00e8re sombre et sombre de cet album. On commence par \u00ab Un Festin \u00bb avec des cadences lentes dans une intro relativement conviviale, mais aussi froide que de la glace. L\u2019album s\u2019acc\u00e9l\u00e8re avec \u00ab Et J\u2019ai hurl\u00e9 \u00bb au rythme martial qui nous invite au mouvement m\u00e9canique, m\u00eame si on ne pourrait \u00eatre plus loin des discoth\u00e8ques. On retrouve des rythmes lourds, presque industriels dans \u00ab La M\u00e9lodie du sombre \u00bb, une chanson sombre qui v\u00e9hicule un sentiment de solitude et d\u2019abandon rarement ressenti. Elle figure parmi les meilleures chansons de l\u2019album. \u00ab Silence \u00bb continue le m\u00eame chemin triste et dramatique, m\u00eame si la chanson acc\u00e9l\u00e8re un peu \u00e0 la fin avec un travail de synth\u00e9 incroyable. \u00ab Dans Le Coin \u00bb avec ses changements de rythme a l\u2019\u00e9nergie du post-punk, mais continue de nous refroidir le sang.<\/span><\/p>\n<p><span style=\"font-family: georgia, palatino, serif; font-size: 12pt;\">On arrive sur ce que l\u2019on pourrait consid\u00e9rer comme la Face-B avec \u00ab Le Go\u00fbt Du Sang \u00bb dont la belle m\u00e9lodie atteint un tout autre sommet dans l\u2019art de la m\u00e9lancolie. Dans \u00ab Cach\u00e9 Sous le Draps \u00bb, on retrouve des claviers sombres qui retentissent comme le grand orgue d\u2019une \u00e9glise. L\u2019album touche bient\u00f4t \u00e0 sa fin malgr\u00e9 l\u2019acc\u00e9l\u00e9ration dans \u00ab Vif \u00bb o\u00f9 il semble que la rage r\u00e8gne au lieu de l\u2019apathie. Dans \u00ab Plus Le temps \u00bb, le refrain distille un sentiment dramatique, notamment gr\u00e2ce aux synth\u00e9tiseurs. Rien que par son nom, \u00ab Cet Hiver \u00bb indique qu\u2019on se retrouve dans un disque froid, hivernal, si jamais on ne s\u2019en \u00e9tait pas encore rendu compte, malgr\u00e9 les neuf morceaux de glace qui composent l\u2019album. Pour un Espagnol, le morceau est enivrant, tout particuli\u00e8rement en raison de cette passion brute qui semble venir de la chanson, apr\u00e8s avoir surv\u00e9cu pendant des d\u00e9cennies dans les glaces.<strong> La Main<\/strong> nous propose un album \u00e0 \u00e9couter sereinement, o\u00f9 il faut s\u2019immerger, un album dont on se souviendra comme l\u2019un des temps forts de cette maudite ann\u00e9e 2020.<\/span><\/p>\n<p><iframe title=\"LA MAIN - La M\u00e9lodie Du Sombre\" width=\"1170\" height=\"658\" src=\"https:\/\/www.youtube.com\/embed\/86BJL9Q0rxI?feature=oembed\" frameborder=\"0\" allow=\"accelerometer; autoplay; clipboard-write; encrypted-media; gyroscope; picture-in-picture; web-share\" referrerpolicy=\"strict-origin-when-cross-origin\" allowfullscreen><\/iframe><\/p>\n<p>&nbsp;<\/p>\n","protected":false},"excerpt":{"rendered":"<p>On a d\u00e9couvert La Main d\u2019une mani\u00e8re assez originale : sur un forum de musique,&hellip;<\/p>\n","protected":false},"author":1,"featured_media":24683,"comment_status":"open","ping_status":"open","sticky":false,"template":"","format":"standard","meta":{"_lmt_disableupdate":"no","_lmt_disable":"","footnotes":""},"categories":[43],"tags":[559,518],"class_list":["post-24686","post","type-post","status-publish","format-standard","has-post-thumbnail","hentry","category-critiques","tag-minimal-synth-fr","tag-synthwave-fr"],"yoast_head":"<!-- This site is optimized with the Yoast SEO plugin v27.4 - https:\/\/yoast.com\/product\/yoast-seo-wordpress\/ -->\n<title>La Main - La m\u00e9lodie du sombre &#8212; El Garaje de Frank<\/title>\n<meta name=\"description\" content=\"Critiques &#8212; Pr\u00e9sentation du nouveau disque de La Main, La m\u00e9lodie du sombre.\" \/>\n<meta name=\"robots\" content=\"index, follow, max-snippet:-1, max-image-preview:large, max-video-preview:-1\" \/>\n<link rel=\"canonical\" href=\"https:\/\/elgarajedefrank.es\/fr\/la-main-la-melodie-du-sombre\/\" \/>\n<meta property=\"og:locale\" content=\"fr_FR\" \/>\n<meta property=\"og:type\" content=\"article\" \/>\n<meta property=\"og:title\" content=\"La Main - La m\u00e9lodie du sombre &#8212; El Garaje de Frank\" \/>\n<meta property=\"og:description\" content=\"Critiques &#8212; Pr\u00e9sentation du nouveau disque de La Main, La m\u00e9lodie du sombre.\" \/>\n<meta property=\"og:url\" content=\"https:\/\/elgarajedefrank.es\/fr\/la-main-la-melodie-du-sombre\/\" \/>\n<meta property=\"og:site_name\" content=\"El Garaje de Frank\" \/>\n<meta property=\"article:publisher\" content=\"https:\/\/www.facebook.com\/elgarajedefrank\/\" \/>\n<meta property=\"article:author\" content=\"https:\/\/www.facebook.com\/elgarajedefrank\/\" \/>\n<meta property=\"article:published_time\" content=\"2020-08-17T16:31:31+00:00\" \/>\n<meta property=\"article:modified_time\" content=\"2024-05-29T11:26:22+00:00\" \/>\n<meta property=\"og:image\" content=\"https:\/\/elgarajedefrank.es\/wp-content\/uploads\/2020\/08\/a0202477313_10.jpg\" \/>\n\t<meta property=\"og:image:width\" content=\"1200\" \/>\n\t<meta property=\"og:image:height\" content=\"1200\" \/>\n\t<meta property=\"og:image:type\" content=\"image\/jpeg\" \/>\n<meta name=\"author\" content=\"Fran\u00e7ois Zappa\" \/>\n<meta name=\"twitter:card\" content=\"summary_large_image\" \/>\n<meta name=\"twitter:label1\" content=\"\u00c9crit par\" \/>\n\t<meta name=\"twitter:data1\" content=\"Fran\u00e7ois Zappa\" \/>\n\t<meta name=\"twitter:label2\" content=\"Dur\u00e9e de lecture estim\u00e9e\" \/>\n\t<meta name=\"twitter:data2\" content=\"3 minutes\" \/>\n<script type=\"application\/ld+json\" class=\"yoast-schema-graph\">{\"@context\":\"https:\\\/\\\/schema.org\",\"@graph\":[{\"@type\":\"Article\",\"@id\":\"https:\\\/\\\/elgarajedefrank.es\\\/fr\\\/la-main-la-melodie-du-sombre\\\/#article\",\"isPartOf\":{\"@id\":\"https:\\\/\\\/elgarajedefrank.es\\\/fr\\\/la-main-la-melodie-du-sombre\\\/\"},\"author\":{\"name\":\"Fran\u00e7ois Zappa\",\"@id\":\"https:\\\/\\\/elgarajedefrank.es\\\/fr\\\/#\\\/schema\\\/person\\\/d709c9c33f5f405d44c6c9397889ba15\"},\"headline\":\"La Main &#8211; La m\u00e9lodie du sombre\",\"datePublished\":\"2020-08-17T16:31:31+00:00\",\"dateModified\":\"2024-05-29T11:26:22+00:00\",\"mainEntityOfPage\":{\"@id\":\"https:\\\/\\\/elgarajedefrank.es\\\/fr\\\/la-main-la-melodie-du-sombre\\\/\"},\"wordCount\":626,\"commentCount\":0,\"publisher\":{\"@id\":\"https:\\\/\\\/elgarajedefrank.es\\\/fr\\\/#\\\/schema\\\/person\\\/d709c9c33f5f405d44c6c9397889ba15\"},\"image\":{\"@id\":\"https:\\\/\\\/elgarajedefrank.es\\\/fr\\\/la-main-la-melodie-du-sombre\\\/#primaryimage\"},\"thumbnailUrl\":\"https:\\\/\\\/elgarajedefrank.es\\\/wp-content\\\/uploads\\\/2020\\\/08\\\/a0202477313_10.jpg\",\"keywords\":[\"Minimal Synth\",\"Synthwave\"],\"articleSection\":[\"Critiques\"],\"inLanguage\":\"fr-FR\",\"potentialAction\":[{\"@type\":\"CommentAction\",\"name\":\"Comment\",\"target\":[\"https:\\\/\\\/elgarajedefrank.es\\\/fr\\\/la-main-la-melodie-du-sombre\\\/#respond\"]}]},{\"@type\":\"WebPage\",\"@id\":\"https:\\\/\\\/elgarajedefrank.es\\\/fr\\\/la-main-la-melodie-du-sombre\\\/\",\"url\":\"https:\\\/\\\/elgarajedefrank.es\\\/fr\\\/la-main-la-melodie-du-sombre\\\/\",\"name\":\"La Main - La m\u00e9lodie du sombre &#8212; El Garaje de Frank\",\"isPartOf\":{\"@id\":\"https:\\\/\\\/elgarajedefrank.es\\\/fr\\\/#website\"},\"primaryImageOfPage\":{\"@id\":\"https:\\\/\\\/elgarajedefrank.es\\\/fr\\\/la-main-la-melodie-du-sombre\\\/#primaryimage\"},\"image\":{\"@id\":\"https:\\\/\\\/elgarajedefrank.es\\\/fr\\\/la-main-la-melodie-du-sombre\\\/#primaryimage\"},\"thumbnailUrl\":\"https:\\\/\\\/elgarajedefrank.es\\\/wp-content\\\/uploads\\\/2020\\\/08\\\/a0202477313_10.jpg\",\"datePublished\":\"2020-08-17T16:31:31+00:00\",\"dateModified\":\"2024-05-29T11:26:22+00:00\",\"description\":\"Critiques &#8212; Pr\u00e9sentation du nouveau disque de La Main, La m\u00e9lodie du sombre.\",\"breadcrumb\":{\"@id\":\"https:\\\/\\\/elgarajedefrank.es\\\/fr\\\/la-main-la-melodie-du-sombre\\\/#breadcrumb\"},\"inLanguage\":\"fr-FR\",\"potentialAction\":[{\"@type\":\"ReadAction\",\"target\":[\"https:\\\/\\\/elgarajedefrank.es\\\/fr\\\/la-main-la-melodie-du-sombre\\\/\"]}]},{\"@type\":\"ImageObject\",\"inLanguage\":\"fr-FR\",\"@id\":\"https:\\\/\\\/elgarajedefrank.es\\\/fr\\\/la-main-la-melodie-du-sombre\\\/#primaryimage\",\"url\":\"https:\\\/\\\/elgarajedefrank.es\\\/wp-content\\\/uploads\\\/2020\\\/08\\\/a0202477313_10.jpg\",\"contentUrl\":\"https:\\\/\\\/elgarajedefrank.es\\\/wp-content\\\/uploads\\\/2020\\\/08\\\/a0202477313_10.jpg\",\"width\":1200,\"height\":1200},{\"@type\":\"BreadcrumbList\",\"@id\":\"https:\\\/\\\/elgarajedefrank.es\\\/fr\\\/la-main-la-melodie-du-sombre\\\/#breadcrumb\",\"itemListElement\":[{\"@type\":\"ListItem\",\"position\":1,\"name\":\"Inicio\",\"item\":\"https:\\\/\\\/elgarajedefrank.es\\\/fr\\\/\"},{\"@type\":\"ListItem\",\"position\":2,\"name\":\"Critiques\",\"item\":\"https:\\\/\\\/elgarajedefrank.es\\\/fr\\\/category\\\/critiques\\\/\"},{\"@type\":\"ListItem\",\"position\":3,\"name\":\"La Main &#8211; La m\u00e9lodie du sombre\"}]},{\"@type\":\"WebSite\",\"@id\":\"https:\\\/\\\/elgarajedefrank.es\\\/fr\\\/#website\",\"url\":\"https:\\\/\\\/elgarajedefrank.es\\\/fr\\\/\",\"name\":\"El Garaje de Frank\",\"description\":\"Music magazine\",\"publisher\":{\"@id\":\"https:\\\/\\\/elgarajedefrank.es\\\/fr\\\/#\\\/schema\\\/person\\\/d709c9c33f5f405d44c6c9397889ba15\"},\"potentialAction\":[{\"@type\":\"SearchAction\",\"target\":{\"@type\":\"EntryPoint\",\"urlTemplate\":\"https:\\\/\\\/elgarajedefrank.es\\\/fr\\\/?s={search_term_string}\"},\"query-input\":{\"@type\":\"PropertyValueSpecification\",\"valueRequired\":true,\"valueName\":\"search_term_string\"}}],\"inLanguage\":\"fr-FR\"},{\"@type\":[\"Person\",\"Organization\"],\"@id\":\"https:\\\/\\\/elgarajedefrank.es\\\/fr\\\/#\\\/schema\\\/person\\\/d709c9c33f5f405d44c6c9397889ba15\",\"name\":\"Fran\u00e7ois Zappa\",\"image\":{\"@type\":\"ImageObject\",\"inLanguage\":\"fr-FR\",\"@id\":\"https:\\\/\\\/elgarajedefrank.es\\\/wp-content\\\/uploads\\\/2019\\\/10\\\/IMG_8278-150x150.jpg\",\"url\":\"https:\\\/\\\/elgarajedefrank.es\\\/wp-content\\\/uploads\\\/2019\\\/10\\\/IMG_8278-150x150.jpg\",\"contentUrl\":\"https:\\\/\\\/elgarajedefrank.es\\\/wp-content\\\/uploads\\\/2019\\\/10\\\/IMG_8278-150x150.jpg\",\"caption\":\"Fran\u00e7ois Zappa\"},\"logo\":{\"@id\":\"https:\\\/\\\/elgarajedefrank.es\\\/wp-content\\\/uploads\\\/2019\\\/10\\\/IMG_8278-150x150.jpg\"},\"sameAs\":[\"https:\\\/\\\/www.facebook.com\\\/elgarajedefrank\\\/\",\"https:\\\/\\\/www.instagram.com\\\/elgarajedefrank\\\/\"]}]}<\/script>\n<!-- \/ Yoast SEO plugin. -->","yoast_head_json":{"title":"La Main - La m\u00e9lodie du sombre &#8212; El Garaje de Frank","description":"Critiques &#8212; Pr\u00e9sentation du nouveau disque de La Main, La m\u00e9lodie du sombre.","robots":{"index":"index","follow":"follow","max-snippet":"max-snippet:-1","max-image-preview":"max-image-preview:large","max-video-preview":"max-video-preview:-1"},"canonical":"https:\/\/elgarajedefrank.es\/fr\/la-main-la-melodie-du-sombre\/","og_locale":"fr_FR","og_type":"article","og_title":"La Main - La m\u00e9lodie du sombre &#8212; El Garaje de Frank","og_description":"Critiques &#8212; Pr\u00e9sentation du nouveau disque de La Main, La m\u00e9lodie du sombre.","og_url":"https:\/\/elgarajedefrank.es\/fr\/la-main-la-melodie-du-sombre\/","og_site_name":"El Garaje de Frank","article_publisher":"https:\/\/www.facebook.com\/elgarajedefrank\/","article_author":"https:\/\/www.facebook.com\/elgarajedefrank\/","article_published_time":"2020-08-17T16:31:31+00:00","article_modified_time":"2024-05-29T11:26:22+00:00","og_image":[{"width":1200,"height":1200,"url":"https:\/\/elgarajedefrank.es\/wp-content\/uploads\/2020\/08\/a0202477313_10.jpg","type":"image\/jpeg"}],"author":"Fran\u00e7ois Zappa","twitter_card":"summary_large_image","twitter_misc":{"\u00c9crit par":"Fran\u00e7ois Zappa","Dur\u00e9e de lecture estim\u00e9e":"3 minutes"},"schema":{"@context":"https:\/\/schema.org","@graph":[{"@type":"Article","@id":"https:\/\/elgarajedefrank.es\/fr\/la-main-la-melodie-du-sombre\/#article","isPartOf":{"@id":"https:\/\/elgarajedefrank.es\/fr\/la-main-la-melodie-du-sombre\/"},"author":{"name":"Fran\u00e7ois Zappa","@id":"https:\/\/elgarajedefrank.es\/fr\/#\/schema\/person\/d709c9c33f5f405d44c6c9397889ba15"},"headline":"La Main &#8211; La m\u00e9lodie du sombre","datePublished":"2020-08-17T16:31:31+00:00","dateModified":"2024-05-29T11:26:22+00:00","mainEntityOfPage":{"@id":"https:\/\/elgarajedefrank.es\/fr\/la-main-la-melodie-du-sombre\/"},"wordCount":626,"commentCount":0,"publisher":{"@id":"https:\/\/elgarajedefrank.es\/fr\/#\/schema\/person\/d709c9c33f5f405d44c6c9397889ba15"},"image":{"@id":"https:\/\/elgarajedefrank.es\/fr\/la-main-la-melodie-du-sombre\/#primaryimage"},"thumbnailUrl":"https:\/\/elgarajedefrank.es\/wp-content\/uploads\/2020\/08\/a0202477313_10.jpg","keywords":["Minimal Synth","Synthwave"],"articleSection":["Critiques"],"inLanguage":"fr-FR","potentialAction":[{"@type":"CommentAction","name":"Comment","target":["https:\/\/elgarajedefrank.es\/fr\/la-main-la-melodie-du-sombre\/#respond"]}]},{"@type":"WebPage","@id":"https:\/\/elgarajedefrank.es\/fr\/la-main-la-melodie-du-sombre\/","url":"https:\/\/elgarajedefrank.es\/fr\/la-main-la-melodie-du-sombre\/","name":"La Main - La m\u00e9lodie du sombre &#8212; El Garaje de Frank","isPartOf":{"@id":"https:\/\/elgarajedefrank.es\/fr\/#website"},"primaryImageOfPage":{"@id":"https:\/\/elgarajedefrank.es\/fr\/la-main-la-melodie-du-sombre\/#primaryimage"},"image":{"@id":"https:\/\/elgarajedefrank.es\/fr\/la-main-la-melodie-du-sombre\/#primaryimage"},"thumbnailUrl":"https:\/\/elgarajedefrank.es\/wp-content\/uploads\/2020\/08\/a0202477313_10.jpg","datePublished":"2020-08-17T16:31:31+00:00","dateModified":"2024-05-29T11:26:22+00:00","description":"Critiques &#8212; Pr\u00e9sentation du nouveau disque de La Main, La m\u00e9lodie du sombre.","breadcrumb":{"@id":"https:\/\/elgarajedefrank.es\/fr\/la-main-la-melodie-du-sombre\/#breadcrumb"},"inLanguage":"fr-FR","potentialAction":[{"@type":"ReadAction","target":["https:\/\/elgarajedefrank.es\/fr\/la-main-la-melodie-du-sombre\/"]}]},{"@type":"ImageObject","inLanguage":"fr-FR","@id":"https:\/\/elgarajedefrank.es\/fr\/la-main-la-melodie-du-sombre\/#primaryimage","url":"https:\/\/elgarajedefrank.es\/wp-content\/uploads\/2020\/08\/a0202477313_10.jpg","contentUrl":"https:\/\/elgarajedefrank.es\/wp-content\/uploads\/2020\/08\/a0202477313_10.jpg","width":1200,"height":1200},{"@type":"BreadcrumbList","@id":"https:\/\/elgarajedefrank.es\/fr\/la-main-la-melodie-du-sombre\/#breadcrumb","itemListElement":[{"@type":"ListItem","position":1,"name":"Inicio","item":"https:\/\/elgarajedefrank.es\/fr\/"},{"@type":"ListItem","position":2,"name":"Critiques","item":"https:\/\/elgarajedefrank.es\/fr\/category\/critiques\/"},{"@type":"ListItem","position":3,"name":"La Main &#8211; La m\u00e9lodie du sombre"}]},{"@type":"WebSite","@id":"https:\/\/elgarajedefrank.es\/fr\/#website","url":"https:\/\/elgarajedefrank.es\/fr\/","name":"El Garaje de Frank","description":"Music magazine","publisher":{"@id":"https:\/\/elgarajedefrank.es\/fr\/#\/schema\/person\/d709c9c33f5f405d44c6c9397889ba15"},"potentialAction":[{"@type":"SearchAction","target":{"@type":"EntryPoint","urlTemplate":"https:\/\/elgarajedefrank.es\/fr\/?s={search_term_string}"},"query-input":{"@type":"PropertyValueSpecification","valueRequired":true,"valueName":"search_term_string"}}],"inLanguage":"fr-FR"},{"@type":["Person","Organization"],"@id":"https:\/\/elgarajedefrank.es\/fr\/#\/schema\/person\/d709c9c33f5f405d44c6c9397889ba15","name":"Fran\u00e7ois Zappa","image":{"@type":"ImageObject","inLanguage":"fr-FR","@id":"https:\/\/elgarajedefrank.es\/wp-content\/uploads\/2019\/10\/IMG_8278-150x150.jpg","url":"https:\/\/elgarajedefrank.es\/wp-content\/uploads\/2019\/10\/IMG_8278-150x150.jpg","contentUrl":"https:\/\/elgarajedefrank.es\/wp-content\/uploads\/2019\/10\/IMG_8278-150x150.jpg","caption":"Fran\u00e7ois Zappa"},"logo":{"@id":"https:\/\/elgarajedefrank.es\/wp-content\/uploads\/2019\/10\/IMG_8278-150x150.jpg"},"sameAs":["https:\/\/www.facebook.com\/elgarajedefrank\/","https:\/\/www.instagram.com\/elgarajedefrank\/"]}]}},"_links":{"self":[{"href":"https:\/\/elgarajedefrank.es\/fr\/wp-json\/wp\/v2\/posts\/24686","targetHints":{"allow":["GET"]}}],"collection":[{"href":"https:\/\/elgarajedefrank.es\/fr\/wp-json\/wp\/v2\/posts"}],"about":[{"href":"https:\/\/elgarajedefrank.es\/fr\/wp-json\/wp\/v2\/types\/post"}],"author":[{"embeddable":true,"href":"https:\/\/elgarajedefrank.es\/fr\/wp-json\/wp\/v2\/users\/1"}],"replies":[{"embeddable":true,"href":"https:\/\/elgarajedefrank.es\/fr\/wp-json\/wp\/v2\/comments?post=24686"}],"version-history":[{"count":1,"href":"https:\/\/elgarajedefrank.es\/fr\/wp-json\/wp\/v2\/posts\/24686\/revisions"}],"predecessor-version":[{"id":62563,"href":"https:\/\/elgarajedefrank.es\/fr\/wp-json\/wp\/v2\/posts\/24686\/revisions\/62563"}],"wp:featuredmedia":[{"embeddable":true,"href":"https:\/\/elgarajedefrank.es\/fr\/wp-json\/wp\/v2\/media\/24683"}],"wp:attachment":[{"href":"https:\/\/elgarajedefrank.es\/fr\/wp-json\/wp\/v2\/media?parent=24686"}],"wp:term":[{"taxonomy":"category","embeddable":true,"href":"https:\/\/elgarajedefrank.es\/fr\/wp-json\/wp\/v2\/categories?post=24686"},{"taxonomy":"post_tag","embeddable":true,"href":"https:\/\/elgarajedefrank.es\/fr\/wp-json\/wp\/v2\/tags?post=24686"}],"curies":[{"name":"wp","href":"https:\/\/api.w.org\/{rel}","templated":true}]}}