{"id":2231,"date":"2018-11-26T16:30:31","date_gmt":"2018-11-26T15:30:31","guid":{"rendered":"http:\/\/elgarajedefrank.es\/?p=2231"},"modified":"2020-01-05T18:46:26","modified_gmt":"2020-01-05T17:46:26","slug":"el-tubo-elastico","status":"publish","type":"post","link":"https:\/\/elgarajedefrank.es\/fr\/el-tubo-elastico\/","title":{"rendered":"el tubo el\u00e1stico"},"content":{"rendered":"<p><span style=\"font-family: georgia, palatino, serif; font-size: 12pt;\"><img fetchpriority=\"high\" decoding=\"async\" class=\"size-medium wp-image-2199 alignleft\" src=\"http:\/\/elgarajedefrank.es\/wp-content\/uploads\/2018\/11\/28279824_1671020369624175_6858582854687408711_n-300x300.jpg\" alt=\"\" width=\"300\" height=\"300\" \/>Nous sommes entr\u00e9s en possession du deuxi\u00e8me disque du groupe <strong>el tubo el\u00e1stico<\/strong> de Jerez de la Frontera. Apr\u00e8s avoir jou\u00e9 dans plusieurs groupes, les membres de ce quartet se sont r\u00e9unis en 2012 pour cr\u00e9er ce groupe de\u00a0rock progressif instrumental avec une touche de symphonique, math, space et post-rock. Leur nouveau disque,\u00a0<i>Impala<\/i>, a re\u00e7u de bonnes critiques de m\u00e9dias internationaux comme Progressive Rock Fanaticics ou Rockzeit, et confirme que le rock du sud de l\u2019Espagne est en tr\u00e8s bonne sant\u00e9.<\/span><\/p>\n<p><span style=\"font-family: georgia, palatino, serif; font-size: 12pt;\">La richesse de leurs influences, classiques comme <strong>Frank Zappa<\/strong>,<strong> Genesis <\/strong>ou<b> King Crimson<\/b>, du rock andalou d\u2019<strong>Im\u00e1n Califato Independiente<\/strong> ou de choses modernes comme\u00a0<strong>Porcupine Tree<\/strong> ou\u00a0<strong>The Mars Volta <\/strong>se per\u00e7oit dans la vari\u00e9t\u00e9 et la complexit\u00e9 des six chansons qui composent\u00a0<em>Impala<\/em>. Il faut sans aucun doute souligner l\u2019incroyable travail des guitares, ainsi que celui du clavier qui est admirable. Le disque commence avec \u00ab Ingr\u00e1vido \u00bb, poss\u00e8de une partie centrale absolument superbe compos\u00e9e de \u00ab Antih\u00e9roes \u00bb, \u00ab Turritopsis nutricula \u00bb (seule chanson qui n\u2019atteint pas les six minutes), le \u00ab tour de force \u00bb de 12 minutes de \u00ab El acelerador de picotas \u00bb et le space-rock de \u00ab La avispoteca \u00bb. \u00ab Impala formidable \u00bb sonne la fin du disque de fa\u00e7on magistrale, nous laissant l\u2019impression d\u2019avoir \u00e9cout\u00e9 l\u2019un des disques de l\u2019ann\u00e9e.<\/span><\/p>\n<p><span style=\"font-family: georgia, palatino, serif; font-size: 12pt;\">Sur YouTube, le groupe a t\u00e9l\u00e9charg\u00e9 une vid\u00e9o int\u00e9ressante o\u00f9 l\u2019on peut voir comment ils ont enregistr\u00e9\u00a0<em>Impala :<\/em> \u00ab pour nous, l\u2019enregistrement fait partie du processus de cr\u00e9ation. Comme nous faisons tout nous m\u00eame, cela nous permet d\u2019essayer des choses avant de d\u00e9finir ce que va \u00eatre la chanson finale. Nous travaillons sur les maquettes que nous avons du travail pr\u00e9liminaire \u00bb. Le disque a \u00e9t\u00e9 enregistr\u00e9 dans la salle de r\u00e9p\u00e9tition de Musicalworkshop qu\u2019ils ont eux-m\u00eames convertie en studio : \u00ab ces derni\u00e8res ann\u00e9es, nous avons investi dans du mat\u00e9riel pour monter notre propre studio afin de pouvoir travailler et de prendre tout notre temps. Ainsi, pas besoin d\u2019enregistrer et mixer en une semaine, comme le font la plupart des groupes aujourd\u2019hui. \u00bb<\/span><\/p>\n<p><span style=\"font-family: georgia, palatino, serif; font-size: 12pt;\">Il y a trois ans, ils ont sorti leur premier disque homonyme avec Alfonso Romero comme producteur, bassiste et charg\u00e9 des synth\u00e9s. Pendant la tourn\u00e9e du disque, ils ont partag\u00e9 la sc\u00e8ne avec\u00a0<strong>Orzic Tentacles<\/strong>, l\u2019un de leurs groupes pr\u00e9f\u00e9r\u00e9s, et avec\u00a0<strong>Screaming Headless Torsos<\/strong>.<\/span><\/p>\n<p><span style=\"font-family: georgia, palatino, serif; font-size: 12pt;\">Parmi les festivals o\u00f9 ils ont jou\u00e9, il convient de mettre en avant le mythique 2Days Prog +1 de Veruno (\u00ab Dani, l\u2019un de nos guitaristes, travaille \u00e0 Ispra. Il a contact\u00e9 l\u2019organisation, le disque leur a plu et ils nous ont invit\u00e9s. Une exp\u00e9rience inoubliable. C\u2019est un tr\u00e8s bon festival. \u00bb), o\u00f9 nous sommes all\u00e9s il y a peu. Ils ont jou\u00e9 le vendredi et le samedi, les jours o\u00f9\u00a0<strong>Uriah Heep<\/strong>\u00a0et\u00a0<strong>Saga<\/strong> assuraient la t\u00eate d\u2019affiche. Ils ont \u00e9galement jou\u00e9 dans des festivals nationaux, comme le Monkey Week et le Sonicarte.<\/span><\/p>\n<p><span style=\"color: #001000; font-family: georgia, palatino, serif; font-size: 12pt;\"><em>Impala<\/em> est disponible en CD Digisleeve et en vinyle en \u00e9dition de luxe gatefold translucide d<span style=\"text-decoration: none; font-variant: normal; white-space: normal; word-spacing: 0px; text-transform: none; float: none; font-weight: 400; color: #15173e; font-style: normal; text-align: left; orphans: 2; letter-spacing: normal; background-color: transparent; text-indent: 0px; overflow-wrap: break-word; -webkit-text-stroke-width: 0px; display: inline !important;\">e 180 gr + CD, en contactant le groupe par Facebook ou par e-mail \u00e0 <a href=\"mailto:eltuboelastico@gmail.com\">eltuboelastico@gmail.com<\/a>.<\/span><\/span><\/p>\n","protected":false},"excerpt":{"rendered":"<p>Nous sommes entr\u00e9s en possession du deuxi\u00e8me disque du groupe el tubo el\u00e1stico de Jerez&hellip;<\/p>\n","protected":false},"author":1,"featured_media":2228,"comment_status":"open","ping_status":"open","sticky":false,"template":"","format":"standard","meta":{"_lmt_disableupdate":"","_lmt_disable":"","footnotes":""},"categories":[43],"tags":[],"class_list":["post-2231","post","type-post","status-publish","format-standard","has-post-thumbnail","hentry","category-critiques"],"yoast_head":"<!-- This site is optimized with the Yoast SEO plugin v27.4 - https:\/\/yoast.com\/product\/yoast-seo-wordpress\/ -->\n<title>el tubo el\u00e1stico &#8212; El Garaje de Frank<\/title>\n<meta name=\"description\" content=\"Critiques &#8212; Critique du deuxi\u00e8me album d&#039;el tubo el\u00e1stico.\" \/>\n<meta name=\"robots\" content=\"index, follow, max-snippet:-1, max-image-preview:large, max-video-preview:-1\" \/>\n<link rel=\"canonical\" href=\"https:\/\/elgarajedefrank.es\/fr\/el-tubo-elastico\/\" \/>\n<meta property=\"og:locale\" content=\"fr_FR\" \/>\n<meta property=\"og:type\" content=\"article\" \/>\n<meta property=\"og:title\" content=\"el tubo el\u00e1stico &#8212; El Garaje de Frank\" \/>\n<meta property=\"og:description\" content=\"Critiques &#8212; Critique du deuxi\u00e8me album d&#039;el tubo el\u00e1stico.\" \/>\n<meta property=\"og:url\" content=\"https:\/\/elgarajedefrank.es\/fr\/el-tubo-elastico\/\" \/>\n<meta property=\"og:site_name\" content=\"El Garaje de Frank\" \/>\n<meta property=\"article:publisher\" content=\"https:\/\/www.facebook.com\/elgarajedefrank\/\" \/>\n<meta property=\"article:author\" content=\"https:\/\/www.facebook.com\/elgarajedefrank\/\" \/>\n<meta property=\"article:published_time\" content=\"2018-11-26T15:30:31+00:00\" \/>\n<meta property=\"article:modified_time\" content=\"2020-01-05T17:46:26+00:00\" \/>\n<meta property=\"og:image\" content=\"https:\/\/elgarajedefrank.es\/wp-content\/uploads\/2018\/11\/el-tubo-elastico-banda-845x484.jpg\" \/>\n\t<meta property=\"og:image:width\" content=\"845\" \/>\n\t<meta property=\"og:image:height\" content=\"484\" \/>\n\t<meta property=\"og:image:type\" content=\"image\/jpeg\" \/>\n<meta name=\"author\" content=\"Fran\u00e7ois Zappa\" \/>\n<meta name=\"twitter:card\" content=\"summary_large_image\" \/>\n<meta name=\"twitter:label1\" content=\"\u00c9crit par\" \/>\n\t<meta name=\"twitter:data1\" content=\"Fran\u00e7ois Zappa\" \/>\n\t<meta name=\"twitter:label2\" content=\"Dur\u00e9e de lecture estim\u00e9e\" \/>\n\t<meta name=\"twitter:data2\" content=\"3 minutes\" \/>\n<script type=\"application\/ld+json\" class=\"yoast-schema-graph\">{\"@context\":\"https:\\\/\\\/schema.org\",\"@graph\":[{\"@type\":\"Article\",\"@id\":\"https:\\\/\\\/elgarajedefrank.es\\\/fr\\\/el-tubo-elastico\\\/#article\",\"isPartOf\":{\"@id\":\"https:\\\/\\\/elgarajedefrank.es\\\/fr\\\/el-tubo-elastico\\\/\"},\"author\":{\"name\":\"Fran\u00e7ois Zappa\",\"@id\":\"https:\\\/\\\/elgarajedefrank.es\\\/fr\\\/#\\\/schema\\\/person\\\/d709c9c33f5f405d44c6c9397889ba15\"},\"headline\":\"el tubo el\u00e1stico\",\"datePublished\":\"2018-11-26T15:30:31+00:00\",\"dateModified\":\"2020-01-05T17:46:26+00:00\",\"mainEntityOfPage\":{\"@id\":\"https:\\\/\\\/elgarajedefrank.es\\\/fr\\\/el-tubo-elastico\\\/\"},\"wordCount\":555,\"commentCount\":0,\"publisher\":{\"@id\":\"https:\\\/\\\/elgarajedefrank.es\\\/fr\\\/#\\\/schema\\\/person\\\/d709c9c33f5f405d44c6c9397889ba15\"},\"image\":{\"@id\":\"https:\\\/\\\/elgarajedefrank.es\\\/fr\\\/el-tubo-elastico\\\/#primaryimage\"},\"thumbnailUrl\":\"https:\\\/\\\/elgarajedefrank.es\\\/wp-content\\\/uploads\\\/2018\\\/11\\\/el-tubo-elastico-banda-845x484.jpg\",\"articleSection\":[\"Critiques\"],\"inLanguage\":\"fr-FR\",\"potentialAction\":[{\"@type\":\"CommentAction\",\"name\":\"Comment\",\"target\":[\"https:\\\/\\\/elgarajedefrank.es\\\/fr\\\/el-tubo-elastico\\\/#respond\"]}]},{\"@type\":\"WebPage\",\"@id\":\"https:\\\/\\\/elgarajedefrank.es\\\/fr\\\/el-tubo-elastico\\\/\",\"url\":\"https:\\\/\\\/elgarajedefrank.es\\\/fr\\\/el-tubo-elastico\\\/\",\"name\":\"el tubo el\u00e1stico &#8212; El Garaje de Frank\",\"isPartOf\":{\"@id\":\"https:\\\/\\\/elgarajedefrank.es\\\/fr\\\/#website\"},\"primaryImageOfPage\":{\"@id\":\"https:\\\/\\\/elgarajedefrank.es\\\/fr\\\/el-tubo-elastico\\\/#primaryimage\"},\"image\":{\"@id\":\"https:\\\/\\\/elgarajedefrank.es\\\/fr\\\/el-tubo-elastico\\\/#primaryimage\"},\"thumbnailUrl\":\"https:\\\/\\\/elgarajedefrank.es\\\/wp-content\\\/uploads\\\/2018\\\/11\\\/el-tubo-elastico-banda-845x484.jpg\",\"datePublished\":\"2018-11-26T15:30:31+00:00\",\"dateModified\":\"2020-01-05T17:46:26+00:00\",\"description\":\"Critiques &#8212; Critique du deuxi\u00e8me album d'el tubo el\u00e1stico.\",\"breadcrumb\":{\"@id\":\"https:\\\/\\\/elgarajedefrank.es\\\/fr\\\/el-tubo-elastico\\\/#breadcrumb\"},\"inLanguage\":\"fr-FR\",\"potentialAction\":[{\"@type\":\"ReadAction\",\"target\":[\"https:\\\/\\\/elgarajedefrank.es\\\/fr\\\/el-tubo-elastico\\\/\"]}]},{\"@type\":\"ImageObject\",\"inLanguage\":\"fr-FR\",\"@id\":\"https:\\\/\\\/elgarajedefrank.es\\\/fr\\\/el-tubo-elastico\\\/#primaryimage\",\"url\":\"https:\\\/\\\/elgarajedefrank.es\\\/wp-content\\\/uploads\\\/2018\\\/11\\\/el-tubo-elastico-banda-845x484.jpg\",\"contentUrl\":\"https:\\\/\\\/elgarajedefrank.es\\\/wp-content\\\/uploads\\\/2018\\\/11\\\/el-tubo-elastico-banda-845x484.jpg\",\"width\":845,\"height\":484},{\"@type\":\"BreadcrumbList\",\"@id\":\"https:\\\/\\\/elgarajedefrank.es\\\/fr\\\/el-tubo-elastico\\\/#breadcrumb\",\"itemListElement\":[{\"@type\":\"ListItem\",\"position\":1,\"name\":\"Inicio\",\"item\":\"https:\\\/\\\/elgarajedefrank.es\\\/fr\\\/\"},{\"@type\":\"ListItem\",\"position\":2,\"name\":\"Critiques\",\"item\":\"https:\\\/\\\/elgarajedefrank.es\\\/fr\\\/category\\\/critiques\\\/\"},{\"@type\":\"ListItem\",\"position\":3,\"name\":\"el tubo el\u00e1stico\"}]},{\"@type\":\"WebSite\",\"@id\":\"https:\\\/\\\/elgarajedefrank.es\\\/fr\\\/#website\",\"url\":\"https:\\\/\\\/elgarajedefrank.es\\\/fr\\\/\",\"name\":\"El Garaje de Frank\",\"description\":\"Music magazine\",\"publisher\":{\"@id\":\"https:\\\/\\\/elgarajedefrank.es\\\/fr\\\/#\\\/schema\\\/person\\\/d709c9c33f5f405d44c6c9397889ba15\"},\"potentialAction\":[{\"@type\":\"SearchAction\",\"target\":{\"@type\":\"EntryPoint\",\"urlTemplate\":\"https:\\\/\\\/elgarajedefrank.es\\\/fr\\\/?s={search_term_string}\"},\"query-input\":{\"@type\":\"PropertyValueSpecification\",\"valueRequired\":true,\"valueName\":\"search_term_string\"}}],\"inLanguage\":\"fr-FR\"},{\"@type\":[\"Person\",\"Organization\"],\"@id\":\"https:\\\/\\\/elgarajedefrank.es\\\/fr\\\/#\\\/schema\\\/person\\\/d709c9c33f5f405d44c6c9397889ba15\",\"name\":\"Fran\u00e7ois Zappa\",\"image\":{\"@type\":\"ImageObject\",\"inLanguage\":\"fr-FR\",\"@id\":\"https:\\\/\\\/elgarajedefrank.es\\\/wp-content\\\/uploads\\\/2019\\\/10\\\/IMG_8278-150x150.jpg\",\"url\":\"https:\\\/\\\/elgarajedefrank.es\\\/wp-content\\\/uploads\\\/2019\\\/10\\\/IMG_8278-150x150.jpg\",\"contentUrl\":\"https:\\\/\\\/elgarajedefrank.es\\\/wp-content\\\/uploads\\\/2019\\\/10\\\/IMG_8278-150x150.jpg\",\"caption\":\"Fran\u00e7ois Zappa\"},\"logo\":{\"@id\":\"https:\\\/\\\/elgarajedefrank.es\\\/wp-content\\\/uploads\\\/2019\\\/10\\\/IMG_8278-150x150.jpg\"},\"sameAs\":[\"https:\\\/\\\/www.facebook.com\\\/elgarajedefrank\\\/\",\"https:\\\/\\\/www.instagram.com\\\/elgarajedefrank\\\/\"]}]}<\/script>\n<!-- \/ Yoast SEO plugin. -->","yoast_head_json":{"title":"el tubo el\u00e1stico &#8212; El Garaje de Frank","description":"Critiques &#8212; Critique du deuxi\u00e8me album d'el tubo el\u00e1stico.","robots":{"index":"index","follow":"follow","max-snippet":"max-snippet:-1","max-image-preview":"max-image-preview:large","max-video-preview":"max-video-preview:-1"},"canonical":"https:\/\/elgarajedefrank.es\/fr\/el-tubo-elastico\/","og_locale":"fr_FR","og_type":"article","og_title":"el tubo el\u00e1stico &#8212; El Garaje de Frank","og_description":"Critiques &#8212; Critique du deuxi\u00e8me album d'el tubo el\u00e1stico.","og_url":"https:\/\/elgarajedefrank.es\/fr\/el-tubo-elastico\/","og_site_name":"El Garaje de Frank","article_publisher":"https:\/\/www.facebook.com\/elgarajedefrank\/","article_author":"https:\/\/www.facebook.com\/elgarajedefrank\/","article_published_time":"2018-11-26T15:30:31+00:00","article_modified_time":"2020-01-05T17:46:26+00:00","og_image":[{"width":845,"height":484,"url":"https:\/\/elgarajedefrank.es\/wp-content\/uploads\/2018\/11\/el-tubo-elastico-banda-845x484.jpg","type":"image\/jpeg"}],"author":"Fran\u00e7ois Zappa","twitter_card":"summary_large_image","twitter_misc":{"\u00c9crit par":"Fran\u00e7ois Zappa","Dur\u00e9e de lecture estim\u00e9e":"3 minutes"},"schema":{"@context":"https:\/\/schema.org","@graph":[{"@type":"Article","@id":"https:\/\/elgarajedefrank.es\/fr\/el-tubo-elastico\/#article","isPartOf":{"@id":"https:\/\/elgarajedefrank.es\/fr\/el-tubo-elastico\/"},"author":{"name":"Fran\u00e7ois Zappa","@id":"https:\/\/elgarajedefrank.es\/fr\/#\/schema\/person\/d709c9c33f5f405d44c6c9397889ba15"},"headline":"el tubo el\u00e1stico","datePublished":"2018-11-26T15:30:31+00:00","dateModified":"2020-01-05T17:46:26+00:00","mainEntityOfPage":{"@id":"https:\/\/elgarajedefrank.es\/fr\/el-tubo-elastico\/"},"wordCount":555,"commentCount":0,"publisher":{"@id":"https:\/\/elgarajedefrank.es\/fr\/#\/schema\/person\/d709c9c33f5f405d44c6c9397889ba15"},"image":{"@id":"https:\/\/elgarajedefrank.es\/fr\/el-tubo-elastico\/#primaryimage"},"thumbnailUrl":"https:\/\/elgarajedefrank.es\/wp-content\/uploads\/2018\/11\/el-tubo-elastico-banda-845x484.jpg","articleSection":["Critiques"],"inLanguage":"fr-FR","potentialAction":[{"@type":"CommentAction","name":"Comment","target":["https:\/\/elgarajedefrank.es\/fr\/el-tubo-elastico\/#respond"]}]},{"@type":"WebPage","@id":"https:\/\/elgarajedefrank.es\/fr\/el-tubo-elastico\/","url":"https:\/\/elgarajedefrank.es\/fr\/el-tubo-elastico\/","name":"el tubo el\u00e1stico &#8212; El Garaje de Frank","isPartOf":{"@id":"https:\/\/elgarajedefrank.es\/fr\/#website"},"primaryImageOfPage":{"@id":"https:\/\/elgarajedefrank.es\/fr\/el-tubo-elastico\/#primaryimage"},"image":{"@id":"https:\/\/elgarajedefrank.es\/fr\/el-tubo-elastico\/#primaryimage"},"thumbnailUrl":"https:\/\/elgarajedefrank.es\/wp-content\/uploads\/2018\/11\/el-tubo-elastico-banda-845x484.jpg","datePublished":"2018-11-26T15:30:31+00:00","dateModified":"2020-01-05T17:46:26+00:00","description":"Critiques &#8212; Critique du deuxi\u00e8me album d'el tubo el\u00e1stico.","breadcrumb":{"@id":"https:\/\/elgarajedefrank.es\/fr\/el-tubo-elastico\/#breadcrumb"},"inLanguage":"fr-FR","potentialAction":[{"@type":"ReadAction","target":["https:\/\/elgarajedefrank.es\/fr\/el-tubo-elastico\/"]}]},{"@type":"ImageObject","inLanguage":"fr-FR","@id":"https:\/\/elgarajedefrank.es\/fr\/el-tubo-elastico\/#primaryimage","url":"https:\/\/elgarajedefrank.es\/wp-content\/uploads\/2018\/11\/el-tubo-elastico-banda-845x484.jpg","contentUrl":"https:\/\/elgarajedefrank.es\/wp-content\/uploads\/2018\/11\/el-tubo-elastico-banda-845x484.jpg","width":845,"height":484},{"@type":"BreadcrumbList","@id":"https:\/\/elgarajedefrank.es\/fr\/el-tubo-elastico\/#breadcrumb","itemListElement":[{"@type":"ListItem","position":1,"name":"Inicio","item":"https:\/\/elgarajedefrank.es\/fr\/"},{"@type":"ListItem","position":2,"name":"Critiques","item":"https:\/\/elgarajedefrank.es\/fr\/category\/critiques\/"},{"@type":"ListItem","position":3,"name":"el tubo el\u00e1stico"}]},{"@type":"WebSite","@id":"https:\/\/elgarajedefrank.es\/fr\/#website","url":"https:\/\/elgarajedefrank.es\/fr\/","name":"El Garaje de Frank","description":"Music magazine","publisher":{"@id":"https:\/\/elgarajedefrank.es\/fr\/#\/schema\/person\/d709c9c33f5f405d44c6c9397889ba15"},"potentialAction":[{"@type":"SearchAction","target":{"@type":"EntryPoint","urlTemplate":"https:\/\/elgarajedefrank.es\/fr\/?s={search_term_string}"},"query-input":{"@type":"PropertyValueSpecification","valueRequired":true,"valueName":"search_term_string"}}],"inLanguage":"fr-FR"},{"@type":["Person","Organization"],"@id":"https:\/\/elgarajedefrank.es\/fr\/#\/schema\/person\/d709c9c33f5f405d44c6c9397889ba15","name":"Fran\u00e7ois Zappa","image":{"@type":"ImageObject","inLanguage":"fr-FR","@id":"https:\/\/elgarajedefrank.es\/wp-content\/uploads\/2019\/10\/IMG_8278-150x150.jpg","url":"https:\/\/elgarajedefrank.es\/wp-content\/uploads\/2019\/10\/IMG_8278-150x150.jpg","contentUrl":"https:\/\/elgarajedefrank.es\/wp-content\/uploads\/2019\/10\/IMG_8278-150x150.jpg","caption":"Fran\u00e7ois Zappa"},"logo":{"@id":"https:\/\/elgarajedefrank.es\/wp-content\/uploads\/2019\/10\/IMG_8278-150x150.jpg"},"sameAs":["https:\/\/www.facebook.com\/elgarajedefrank\/","https:\/\/www.instagram.com\/elgarajedefrank\/"]}]}},"_links":{"self":[{"href":"https:\/\/elgarajedefrank.es\/fr\/wp-json\/wp\/v2\/posts\/2231","targetHints":{"allow":["GET"]}}],"collection":[{"href":"https:\/\/elgarajedefrank.es\/fr\/wp-json\/wp\/v2\/posts"}],"about":[{"href":"https:\/\/elgarajedefrank.es\/fr\/wp-json\/wp\/v2\/types\/post"}],"author":[{"embeddable":true,"href":"https:\/\/elgarajedefrank.es\/fr\/wp-json\/wp\/v2\/users\/1"}],"replies":[{"embeddable":true,"href":"https:\/\/elgarajedefrank.es\/fr\/wp-json\/wp\/v2\/comments?post=2231"}],"version-history":[{"count":0,"href":"https:\/\/elgarajedefrank.es\/fr\/wp-json\/wp\/v2\/posts\/2231\/revisions"}],"wp:featuredmedia":[{"embeddable":true,"href":"https:\/\/elgarajedefrank.es\/fr\/wp-json\/wp\/v2\/media\/2228"}],"wp:attachment":[{"href":"https:\/\/elgarajedefrank.es\/fr\/wp-json\/wp\/v2\/media?parent=2231"}],"wp:term":[{"taxonomy":"category","embeddable":true,"href":"https:\/\/elgarajedefrank.es\/fr\/wp-json\/wp\/v2\/categories?post=2231"},{"taxonomy":"post_tag","embeddable":true,"href":"https:\/\/elgarajedefrank.es\/fr\/wp-json\/wp\/v2\/tags?post=2231"}],"curies":[{"name":"wp","href":"https:\/\/api.w.org\/{rel}","templated":true}]}}