{"id":2211,"date":"2018-11-13T09:15:38","date_gmt":"2018-11-13T08:15:38","guid":{"rendered":"http:\/\/elgarajedefrank.es\/?p=2211"},"modified":"2020-01-05T18:35:57","modified_gmt":"2020-01-05T17:35:57","slug":"primavera-sound-2017-mon-palmares","status":"publish","type":"post","link":"https:\/\/elgarajedefrank.es\/fr\/primavera-sound-2017-mon-palmares\/","title":{"rendered":"Primavera Sound 2017 : mon palmar\u00e8s"},"content":{"rendered":"<p><span style=\"font-size: 12pt; font-family: georgia, palatino, serif;\">En octobre, on nous a racont\u00e9 que le Primavera Sound n\u00e9gociait avec\u00a0<b>The Dream Syndicate<\/b> pour que la tourn\u00e9e de pr\u00e9sentation du nouveau disque commence \u00e0 Barcelone. Le groupe de\u00a0<b>Steve Wynn<\/b> pr\u00e9pare un nouvel album qui doit sortir l\u2019ann\u00e9e prochaine. J\u2019ai donc \u00e9t\u00e9 surpris de ne pas le voir sur l\u2019affiche. Ensuite, je me suis dit que si <b>Lush<\/b> est all\u00e9 au Hidden Stage, \u00e7a pourrait aussi \u00eatre le cas de\u00a0<b>The Dream Syndicate<\/b>. Bon, selon moi, c\u2019est un groupe trop important pour cette sc\u00e8ne et leurs concerts ont tendance \u00e0 \u00eatre long (comme celui qu\u2019ils ont donn\u00e9 \u00e0 la salle El Sol il y a quelques ann\u00e9es).<\/span><\/p>\n<p><span style=\"font-size: 12pt; font-family: georgia, palatino, serif;\">Pour une fois que je suis au courant de quelque chose avant le reste des gens, je voulais le commenter ici. Maintenant, comme l\u2019indique le titre, je vais commenter les groupes que j\u2019ai d\u00e9j\u00e0 vus et si je vais en profiter pour les voir de nouveau.<\/span><\/p>\n<p><span style=\"font-size: 12pt; font-family: georgia, palatino, serif;\"><b>\u2013 Van Morrison <\/b>(Brighton, 2007)<b><img decoding=\"async\" class=\"size-medium wp-image-576 alignleft\" src=\"http:\/\/elgarajedefrank.es\/wp-content\/uploads\/2018\/07\/primavera-300x157.jpg\" alt=\"\" width=\"300\" height=\"157\" srcset=\"https:\/\/elgarajedefrank.es\/wp-content\/uploads\/2018\/07\/primavera-300x157.jpg 300w, https:\/\/elgarajedefrank.es\/wp-content\/uploads\/2018\/07\/primavera-768x402.jpg 768w, https:\/\/elgarajedefrank.es\/wp-content\/uploads\/2018\/07\/primavera-1024x536.jpg 1024w, https:\/\/elgarajedefrank.es\/wp-content\/uploads\/2018\/07\/primavera-1170x612.jpg 1170w, https:\/\/elgarajedefrank.es\/wp-content\/uploads\/2018\/07\/primavera-585x306.jpg 585w, https:\/\/elgarajedefrank.es\/wp-content\/uploads\/2018\/07\/primavera.jpg 1200w\" sizes=\"(max-width: 300px) 100vw, 300px\" \/><\/b><\/span><\/p>\n<p><span style=\"font-size: 12pt; font-family: georgia, palatino, serif;\">Soyons sinc\u00e8res : selon setlist fm, il a jou\u00e9 \u00ab Moondance \u00bb, l\u2019une de mes chansons pr\u00e9f\u00e9r\u00e9es, mais ou je ne m\u2019en souviens pas, ou je ne l\u2019ai pas reconnue. En g\u00e9n\u00e9ral, il m\u2019a sembl\u00e9 qu\u2019il jouait sans en avoir vraiment envie, avec un r\u00e9pertoire peu certain et qu\u2019il \u00e9tait entour\u00e9 de simples mercenaires. Mais, quand j\u2019ai vu <b>Lou Reed<\/b> lors de ce fameux concert au Xacobeo, le concert ne m\u2019a pas plu non plus, et ensuite j\u2019ai toujours regrett\u00e9 de ne pas lui avoir laiss\u00e9 d\u2019autre chance. J\u2019ai grandi avec\u00a0<i>Astral Weeks<\/i>, <i>Moondance<\/i>, et voyant les incroyables prix de ses concerts et le haut taux de mortalit\u00e9 parmi les artistes de sa g\u00e9n\u00e9ration, il est possible que le Primavera soit la derni\u00e8re occasion que j\u2019ai de le voir.\u00a0Incontournable.<\/span><\/p>\n<p><span style=\"font-size: 12pt; font-family: georgia, palatino, serif;\">\u2013 <b>Annette Peacock<\/b> (Utretch, 2015)<\/span><\/p>\n<p><span style=\"font-size: 12pt; font-family: georgia, palatino, serif;\">Je crois que je n\u2019ai pleur\u00e9 que deux fois en concert, et l\u2019une d\u2019elles avec cette femme. Je n\u2019avais pas \u00e9cout\u00e9 ses disques en entier, je ne savais pas \u00e0 quoi m\u2019attendre, mais elle m\u2019a fascin\u00e9 d\u00e8s la premi\u00e8re note. Quand elle a fini (je ne vais pas vous faire de spoiler), je suis rest\u00e9 compl\u00e8tement bouche b\u00e9e.\u00a0Incontournable.<\/span><\/p>\n<p><span style=\"font-size: 12pt; font-family: georgia, palatino, serif;\">&#8211;<b>Aphex Twin <\/b>(Madrid, 2011)<\/span><\/p>\n<p><span style=\"font-size: 12pt; font-family: georgia, palatino, serif;\">Dans mon jeune temps, j\u2019ai commenc\u00e9 \u00e0 fr\u00e9quenter la Fabrik de Madrid. Je l\u2019ai vu avec\u00a0<b>Mulero<\/b>\u00a0et\u00a0<b>Surgeon<\/b>, et c\u2019est lui que j\u2019ai le moins aim\u00e9. Peut-\u00eatre que mes attentes \u00e9taient trop \u00e9lev\u00e9es, que j\u2019attendais qu\u2019il me surprenne comme la premi\u00e8re fois que j\u2019ai \u00e9cout\u00e9<i>\u00a0\u00ab <\/i>Come to Daddy \u00bb ou \u00ab Windowlicker \u00bb<i> <\/i>ou <i>Selected Ambient Works<\/i>. On verra bien ce qu\u2019il fait au Primavera. Incontournable.<\/span><\/p>\n<p><span style=\"font-size: 12pt; font-family: georgia, palatino, serif;\">&#8211;<b>Slayer <\/b>(Madrid, 2010 &#8211; Mil\u00e1n, 2015)<\/span><\/p>\n<p><span style=\"font-size: 12pt; font-family: georgia, palatino, serif;\">Je n\u2019ai pas connu ceux d\u2019Araya par la Rockdelux, j\u2019\u00e9tais heavy dans mes jeunes ann\u00e9es. Mais heavy de pacotille, j\u2019\u00e9coutais <b>M\u00f6tley Cr\u00fce<\/b>, les ballades de\u00a0<b>Scorpions. <\/b>Pour r\u00e9sumer, <b>Slayer <\/b>\u00e9taient trop violents pour moi. Mais en vieillissant, je me suis devenu plus r\u00e9sistant. Les deux fois o\u00f9 je les ai vus, ils ont \u00e9t\u00e9 g\u00e9niaux, c\u2019est toujours un bon pari \u00e0 prendre. C\u2019est vrai qu\u2019ils tournent beaucoup, et que dans un festival comme le Primavera, il y aura s\u00fbrement un groupe que je n\u2019aurai pas vu \u00e0 la m\u00eame heure. Par contre, si cette ann\u00e9e je choisis de passer un bon moment au lieu de d\u00e9couvrir des groupes, ils seront sur ma liste de groupes \u00e0 voir.\u00a0Int\u00e9ressant.<\/span><\/p>\n<p><span style=\"font-size: 12pt; font-family: georgia, palatino, serif;\">\u2013 <b>Iosonouncane <\/b>(dos veces, Mil\u00e1n, 2016)<\/span><\/p>\n<p><span style=\"font-size: 12pt; font-family: georgia, palatino, serif;\">Je crois avoir d\u00e9j\u00e0 dit que, bien que vivant en Italie, je n\u2019arrive pas \u00e0 me faire \u00e0 la musique italienne. Mais avec eux, oui, j\u2019ai senti une v\u00e9ritable connexion se faire. Leurs deux concerts, l\u2019un dans le cadre du festival Mi Ami et l\u2019autre en solo m\u2019ont enchant\u00e9. Je suis content de voir qu\u2019ils jouent au Primavera, je pense qu\u2019ils peuvent \u00e9norm\u00e9ment plaire au spectateur moyen du festival. Si je peux, j\u2019irai les voir.\u00a0Int\u00e9ressant.<\/span><\/p>\n<p><span style=\"font-size: 12pt; font-family: georgia, palatino, serif;\">&#8211;<b>The Wedding Present<\/b>\u00a0(Madrid, 2010 ?)<img fetchpriority=\"high\" decoding=\"async\" class=\"size-medium wp-image-578 alignright\" src=\"http:\/\/elgarajedefrank.es\/wp-content\/uploads\/2018\/07\/IMG-20150531-WA0001-300x225.jpg\" alt=\"\" width=\"300\" height=\"225\" srcset=\"https:\/\/elgarajedefrank.es\/wp-content\/uploads\/2018\/07\/IMG-20150531-WA0001-300x225.jpg 300w, https:\/\/elgarajedefrank.es\/wp-content\/uploads\/2018\/07\/IMG-20150531-WA0001-585x439.jpg 585w, https:\/\/elgarajedefrank.es\/wp-content\/uploads\/2018\/07\/IMG-20150531-WA0001.jpg 640w\" sizes=\"(max-width: 300px) 100vw, 300px\" \/><\/span><\/p>\n<p><span style=\"font-size: 12pt; font-family: georgia, palatino, serif;\">Je ne me souviens plus quand je les ai vus, ils m\u2019ont plu, mais sans plu. Mais avec les ann\u00e9es, j\u2019a commenc\u00e9 \u00e0 appr\u00e9cier de plus en plus leur musique. Ils jouent un mercredi, les concerts ne se chevaucheront pas autant. J\u2019ai beaucoup envie de les revoir.\u00a0Int\u00e9ressant.<\/span><\/p>\n<p><span style=\"font-size: 12pt; font-family: georgia, palatino, serif;\">&#8211;<b>The Damned\u00a0<\/b>(Brighton, 2007)<\/span><\/p>\n<p><span style=\"font-size: 12pt; font-family: georgia, palatino, serif;\">Autre concert auquel j\u2019ai assist\u00e9 quand je vivais \u00e0 Brighton. Je connaissais un gars \u00e0 Ceuta, qu\u2019on surnommait \u00ab el Chiqui \u00bb, qui faisait toujours l\u2019\u00e9loge du <i>Machine Gun Etiquette. <\/i>Le concert a \u00e9t\u00e9 tr\u00e8s divertissant, leur son \u00e9tait toujours aussi puissant. Ils ont mille bonnes chansons et entre chaque pogo, il est toujours possible d\u2019aller boire une bi\u00e8re quand ils jouent leur horrible reprise de \u00ab Eloise \u00bb. Int\u00e9ressant.<\/span><\/p>\n<p><span style=\"font-size: 12pt; font-family: georgia, palatino, serif;\">&#8211;<b>Swans\u00a0<\/b>(Primavera Sound, 2012 &#8211; Primavera Club, 2012 &#8211; Milan, 2014 &#8211; Turin 2016)<\/span><\/p>\n<p><span style=\"font-size: 12pt; font-family: georgia, palatino, serif;\">La premi\u00e8re et la derni\u00e8re fois que je les ai vus, ils m\u2019ont fait halluciner. La premi\u00e8re fois, nous \u00e9tions peu nombreux devant la sc\u00e8ne Ray-ban. La derni\u00e8re fois que je les ai vus, j\u2019ai de nouveau hallucin\u00e9. Ils disent qu\u2019ils vont de nouveau se s\u00e9parer, j\u2019aimerais bien les revoir pour la derni\u00e8re fois.\u00a0Int\u00e9ressant.<\/span><\/p>\n<p><span style=\"font-size: 12pt; font-family: georgia, palatino, serif;\"><b>-Shellac\u00a0<\/b>(Madrid, 2008)<b>\u00a0<\/b><\/span><\/p>\n<p><span style=\"font-size: 12pt; font-family: georgia, palatino, serif;\">Je les ai vus Moby Dick avec\u00a0<b>Mission of Burma<\/b>\u00a0et les deux concerts m\u2019ont \u00e9norm\u00e9ment plu. Aussi bizarre que cela puisse para\u00eetre, je ne les ai jamais vus au Primavera, et comme ils jouent le dimanche, ce sera plus facile.\u00a0Int\u00e9ressant.<\/span><\/p>\n<p><span style=\"font-size: 12pt; font-family: georgia, palatino, serif;\">\u2013 <b>Front 242\u00a0<\/b>(Madrid, 2010)<\/span><\/p>\n<p><span style=\"font-size: 12pt; font-family: georgia, palatino, serif;\">J\u2019avais demand\u00e9 de l\u2019EBM sur le forum du Primavera, et je suis content de voir que vient l\u2019un des groupes les plus importants du genre. Quand ils ont jou\u00e9 dans la salle Arena, ils ont donn\u00e9 un bon concert, tr\u00e8s divertissant. Quel dommage que la f\u00eate EBM qu\u2019ils ont organis\u00e9e \u00e0 la Riviera n\u2019ait pas de nouveau eu lieu.\u00a0<span style=\"color: #e69138;\" data-blogger-escaped-style=\"color: #e69138;\">Int\u00e9ressant<\/span>.<\/span><\/p>\n<p><span style=\"font-size: 12pt; font-family: georgia, palatino, serif;\">&#8211;<b>!!! (Chk Chk Chk)<\/b>\u00a0(Madrid, 2008)<\/span><\/p>\n<p><span style=\"font-size: 12pt; font-family: georgia, palatino, serif;\">Je les ai vus \u00e0 la Riviera, et je me souviens que le concert a \u00e9t\u00e9 tr\u00e8s divertissant. J\u2019aurais aim\u00e9 les voir quand ils ont sorti <i>Louden Up Now<\/i>, mais je n\u2019ai pas pu me rendre au concert. Parfaits pour danser \u00e0 la fin de la journ\u00e9e.\u00a0<span style=\"color: #741b47;\" data-blogger-escaped-style=\"color: #741b47;\">S\u2019il n\u2019y a rien de mieux<\/span>.<\/span><\/p>\n<p><span style=\"font-size: 12pt; font-family: georgia, palatino, serif;\">&#8211;<b>The Zombies\u00a0<\/b>(Madrid, 2010)<b>\u00a0<\/b><\/span><\/p>\n<p><span style=\"font-size: 12pt; font-family: georgia, palatino, serif;\">Concert assez digne, et ils \u00e9taient en assez bonne forme. Le bassiste \u00e9tait le gars qui leur avait lou\u00e9 leur premier local.\u00a0S\u2019il n\u2019y a rien de mieux.<\/span><\/p>\n<p><span style=\"font-size: 12pt; font-family: georgia, palatino, serif;\">\u2013 <b>The Magnetic Fields\u00a0<\/b>(Madrid, 2008)\u00a0<i>Get Lost <\/i>m\u2019a plut\u00f4t plu pendant pas mal de temps, mais j\u2019ai mis quelques ann\u00e9es \u00e0 reconna\u00eetre que\u00a0<i>69 Love Songs<\/i>\u00a0repr\u00e9sente un sacr\u00e9 travail d\u2019\u00e9criture<i>.\u00a0<\/i>La critique du concert du Rockedelux explique que Stephen Merrit avait plut\u00f4t l\u2019air flemmard, mais moi je voyais un artiste jouant un r\u00f4le de grognon. Ils jouent deux fois dans l\u2019Auditori, et de nouvelles chansons on dirait.\u00a0Probl\u00e9matique.<\/span><\/p>\n<p><span style=\"font-size: 12pt; font-family: georgia, palatino, serif;\">\u2013 <b>Afghan Whigs<\/b> (Primavera Sound, 2012 &#8211; Mil\u00e1n, 2014)<\/span><\/p>\n<p><span style=\"font-size: 12pt; font-family: georgia, palatino, serif;\">J\u2019adore\u00a0<b>Greg Dulli,<\/b>\u00a0je l\u2019ai vu deux fois avec<b>\u00a0Afghan<\/b>, en solo et en acoustique, avec\u00a0<b>Mark Lanegan<\/b>, et j\u2019adore\u00a0<i>Gentlemen<\/i>. Mais il y a beaucoup de choses qui m\u2019int\u00e9ressent \u00e0 l\u2019affiche et que je n\u2019ai pas vues. Je crois que cette fois, j\u2019irai voir un autre groupe. Pas cette fois<span style=\"color: #0b5394;\" data-blogger-escaped-style=\"color: #0b5394;\">.<\/span><\/span><\/p>\n<p><span style=\"font-size: 12pt; font-family: georgia, palatino, serif;\"><img decoding=\"async\" class=\"size-medium wp-image-579 alignleft\" src=\"http:\/\/elgarajedefrank.es\/wp-content\/uploads\/2018\/07\/IMG-20151106-WA0023-300x169.jpg\" alt=\"\" width=\"300\" height=\"169\" srcset=\"https:\/\/elgarajedefrank.es\/wp-content\/uploads\/2018\/07\/IMG-20151106-WA0023-300x169.jpg 300w, https:\/\/elgarajedefrank.es\/wp-content\/uploads\/2018\/07\/IMG-20151106-WA0023-768x432.jpg 768w, https:\/\/elgarajedefrank.es\/wp-content\/uploads\/2018\/07\/IMG-20151106-WA0023-1024x577.jpg 1024w, https:\/\/elgarajedefrank.es\/wp-content\/uploads\/2018\/07\/IMG-20151106-WA0023-1170x663.jpg 1170w, https:\/\/elgarajedefrank.es\/wp-content\/uploads\/2018\/07\/IMG-20151106-WA0023-585x329.jpg 585w, https:\/\/elgarajedefrank.es\/wp-content\/uploads\/2018\/07\/IMG-20151106-WA0023.jpg 1600w\" sizes=\"(max-width: 300px) 100vw, 300px\" \/>\u2013 <b>Phurpa<\/b>: (Utretch, 2016)<\/span><\/p>\n<p><span style=\"font-size: 12pt; font-family: georgia, palatino, serif;\">Leur concert ne m\u2019a pas plu, peut-\u00eatre parce que c\u2019\u00e9tait le premier concert du jour, peut-\u00eatre parce que je n\u2019avais pas assez bu pour pouvoir me connecter avec leur drone. J\u2019avais d\u00e9j\u00e0 vu\u00a0<b>Huun-Huur-Tu<\/b> qui fait un truc du m\u00eame genre, mais avec moins de th\u00e9\u00e2tralit\u00e9, et on ne peut pas dire que j\u2019en sois fou non plus.\u00a0<span style=\"color: #0b5394;\" data-blogger-escaped-style=\"color: #0b5394;\">Pas cette fois<\/span>.<\/span><\/p>\n<p><span style=\"font-size: 12pt; font-family: georgia, palatino, serif;\">\u2013 <b>Skepta<\/b>: (Mil\u00e1n, 2015)<\/span><\/p>\n<p><span style=\"font-size: 12pt; font-family: georgia, palatino, serif;\">\u00c0 dire vrai, ce n\u2019est pas mon genre. Je l\u2019ai vu gratuitement avec en prime un cocktail gratuit lors d\u2019une f\u00eate de Vice, mais m\u00eame comme \u00e7a&#8230;\u00a0Pas cette fois.<\/span><\/p>\n<p><span style=\"font-size: 12pt; font-family: georgia, palatino, serif;\">\u2013 <b>Angel Olsen :<\/b> (Primavera Sound, 2014)<\/span><\/p>\n<p><span style=\"font-size: 12pt; font-family: georgia, palatino, serif;\">Je l\u2019ai vue dans la salle Barts, et elle m\u2019a laiss\u00e9 indiff\u00e9rent. Si je m\u2019en souviens bien, je voulais entrer dans l\u2019Apolo, mais en voyant la file qu\u2019il y avait, j\u2019ai opt\u00e9 pour la facilit\u00e9. J\u2019\u00e9couterai son disque tant acclam\u00e9, mais je n\u2019irai s\u00fbrement pas la voir.\u00a0Pas cette fois.<\/span><\/p>\n<p><span style=\"font-size: 12pt; font-family: georgia, palatino, serif;\">\u2013 <b>The XX: <\/b>(Madrid, 2010)<\/span><\/p>\n<p><span style=\"font-size: 12pt; font-family: georgia, palatino, serif;\">Ils ont jou\u00e9 gratuitement lors d\u2019une f\u00eate de la musique. Il suffisait de s\u2019enregistrer pour un concours pour gagner le billet. Je l\u2019ai fait avec des amis, mais personne n\u2019a gagn\u00e9. Par contre, en faisant la file \u00e0 la porte, nous avons r\u00e9ussi \u00e0 entrer et m\u00eame \u00e0 avoir une bonne place dans le Circo Price. Le concert m\u2019a sembl\u00e9 court, et m\u2019a vraiment plu. Quelques ann\u00e9es plus tard j\u2019ai essay\u00e9 de les revoir \u00e0 Turin, mais je suis arriv\u00e9 tard et je n\u2019ai pu voir que la session soporifique de <b>James Blake<\/b>. Comme ils jouent \u00e0 Milan, dans un endroit pas trop grand, je crois que je les verrai l\u00e0-bas. Si j\u2019arrive \u00e0 avoir un billet, parce qu\u2019ici, ils plaisent. Pas cette fois.<\/span><\/p>\n<p><span style=\"font-size: 12pt; font-family: georgia, palatino, serif;\">\u2013 <b>\u00c9lectro :<\/b>\u00a0pour passer rapidement en revue.<\/span><\/p>\n<p><span style=\"font-size: 12pt; font-family: georgia, palatino, serif;\"><b>\u00c2me :<\/b> bien, plut\u00f4t \u00e9l\u00e9gant, et si c\u2019est un live, c\u2019est un plus. \u00c0 la premi\u00e8re heure du Beach Club, et je pleure de joie. Int\u00e9ressant.<\/span><\/p>\n<p><span style=\"font-size: 12pt; font-family: georgia, palatino, serif;\"><b>Michael Mayer:\u00a0<\/b>pass\u00e9 un temps, il jouait beaucoup dans la salle Mondo de Madrid, et \u00e0 cette \u00e9poque, j\u2019\u00e9tais un assidu. J\u2019aimerais de nouveau le voir. <span style=\"color: #e69138;\" data-blogger-escaped-style=\"color: #e69138;\">Int\u00e9ressant<\/span>.<\/span><\/p>\n<p><span style=\"font-size: 12pt; font-family: georgia, palatino, serif;\"><b>Recondite<\/b>: j\u2019ai appr\u00e9ci\u00e9 quand je l\u2019ai vu avec\u00a0<b>Richie Hawkins<\/b>\u00a0\u00e0 Milan. L\u2019ann\u00e9e pass\u00e9e, je me suis bien amus\u00e9 au Beach Club. Int\u00e9ressant.<\/span><\/p>\n<p><span style=\"font-size: 12pt; font-family: georgia, palatino, serif;\"><b>John Talabot : <\/b>je l\u2019ai vu deux fois cette ann\u00e9e. Peu de changement dans ma vie.<span style=\"color: #0b5394;\" data-blogger-escaped-style=\"color: #0b5394;\"><span style=\"color: #000000;\" data-blogger-escaped-style=\"color: black;\"><span style=\"color: #741b47;\" data-blogger-escaped-style=\"color: #741b47;\"> S\u2019il n\u2019y a rien de mieux.<\/span><\/span><\/span><\/span><\/p>\n<p><span style=\"font-size: 12pt; font-family: georgia, palatino, serif;\"><b>Dixon :<\/b> bien, sans plus. S\u2019il n\u2019y a rien de mieux.<\/span><\/p>\n<p><span style=\"font-size: 12pt; font-family: georgia, palatino, serif;\"><b>Tycho : <\/b>ils ont le m\u00eame son en concert qu\u2019en disque. J\u2019ai aim\u00e9 mais\u00a0Pas cette fois.<\/span><\/p>\n<p><span style=\"font-size: 12pt; font-family: georgia, palatino, serif;\"><b>Fatimas Yamaha :<\/b> bien mais sans plus, je l\u2019ai vu au Club to Club. Pas cette fois.<\/span><\/p>\n<p><span style=\"font-size: 12pt; font-family: georgia, palatino, serif;\"><b>Don&#8217;t DJ :<\/b>\u00a0je l\u2019ai vu il y a quelques semaines, c\u2019\u00e9tait pas mal, tr\u00e8s hypnotiquemais je choisirais s\u00fbrement de voir quelque chose que je n\u2019ai pas vu. Pas cette fois.<\/span><\/p>\n<p><span style=\"font-size: 12pt; font-family: georgia, palatino, serif;\"><b>DJ Tennis : <\/b>je crois que je l\u2019ai vu lors d\u2019un Elita Festival \u00e0 Milan, mais soit lui soit\u00a0<b>Daphne <\/b>ont annul\u00e9, et aujourd\u2019hui je ne me rappelle plus qui l\u2019a fait.<\/span><\/p>\n","protected":false},"excerpt":{"rendered":"<p>En octobre, on nous a racont\u00e9 que le Primavera Sound n\u00e9gociait avec\u00a0The Dream Syndicate pour&hellip;<\/p>\n","protected":false},"author":1,"featured_media":2215,"comment_status":"open","ping_status":"open","sticky":false,"template":"","format":"standard","meta":{"_lmt_disableupdate":"","_lmt_disable":"","footnotes":""},"categories":[440],"tags":[312,396],"class_list":["post-2211","post","type-post","status-publish","format-standard","has-post-thumbnail","hentry","category-infos","tag-chronique","tag-primavera-sound-fr"],"yoast_head":"<!-- This site is optimized with the Yoast SEO plugin v27.4 - https:\/\/yoast.com\/product\/yoast-seo-wordpress\/ -->\n<title>Primavera Sound 2017 : mon palmar\u00e8s &#8212; El Garaje de Frank<\/title>\n<meta name=\"description\" content=\"&#8212; Reportage sur Primavera Sound 2017.\" \/>\n<meta name=\"robots\" content=\"index, follow, max-snippet:-1, max-image-preview:large, max-video-preview:-1\" \/>\n<link rel=\"canonical\" href=\"https:\/\/elgarajedefrank.es\/fr\/primavera-sound-2017-mon-palmares\/\" \/>\n<meta property=\"og:locale\" content=\"fr_FR\" \/>\n<meta property=\"og:type\" content=\"article\" \/>\n<meta property=\"og:title\" content=\"Primavera Sound 2017 : mon palmar\u00e8s &#8212; El Garaje de Frank\" \/>\n<meta property=\"og:description\" content=\"&#8212; Reportage sur Primavera Sound 2017.\" \/>\n<meta property=\"og:url\" content=\"https:\/\/elgarajedefrank.es\/fr\/primavera-sound-2017-mon-palmares\/\" \/>\n<meta property=\"og:site_name\" content=\"El Garaje de Frank\" \/>\n<meta property=\"article:publisher\" content=\"https:\/\/www.facebook.com\/elgarajedefrank\/\" \/>\n<meta property=\"article:author\" content=\"https:\/\/www.facebook.com\/elgarajedefrank\/\" \/>\n<meta property=\"article:published_time\" content=\"2018-11-13T08:15:38+00:00\" \/>\n<meta property=\"article:modified_time\" content=\"2020-01-05T17:35:57+00:00\" \/>\n<meta property=\"og:image\" content=\"https:\/\/elgarajedefrank.es\/wp-content\/uploads\/2018\/07\/PS17.png\" \/>\n\t<meta property=\"og:image:width\" content=\"769\" \/>\n\t<meta property=\"og:image:height\" content=\"410\" \/>\n\t<meta property=\"og:image:type\" content=\"image\/png\" \/>\n<meta name=\"author\" content=\"Fran\u00e7ois Zappa\" \/>\n<meta name=\"twitter:card\" content=\"summary_large_image\" \/>\n<meta name=\"twitter:label1\" content=\"\u00c9crit par\" \/>\n\t<meta name=\"twitter:data1\" content=\"Fran\u00e7ois Zappa\" \/>\n\t<meta name=\"twitter:label2\" content=\"Dur\u00e9e de lecture estim\u00e9e\" \/>\n\t<meta name=\"twitter:data2\" content=\"9 minutes\" \/>\n<script type=\"application\/ld+json\" class=\"yoast-schema-graph\">{\"@context\":\"https:\\\/\\\/schema.org\",\"@graph\":[{\"@type\":\"Article\",\"@id\":\"https:\\\/\\\/elgarajedefrank.es\\\/fr\\\/primavera-sound-2017-mon-palmares\\\/#article\",\"isPartOf\":{\"@id\":\"https:\\\/\\\/elgarajedefrank.es\\\/fr\\\/primavera-sound-2017-mon-palmares\\\/\"},\"author\":{\"name\":\"Fran\u00e7ois Zappa\",\"@id\":\"https:\\\/\\\/elgarajedefrank.es\\\/fr\\\/#\\\/schema\\\/person\\\/d709c9c33f5f405d44c6c9397889ba15\"},\"headline\":\"Primavera Sound 2017 : mon palmar\u00e8s\",\"datePublished\":\"2018-11-13T08:15:38+00:00\",\"dateModified\":\"2020-01-05T17:35:57+00:00\",\"mainEntityOfPage\":{\"@id\":\"https:\\\/\\\/elgarajedefrank.es\\\/fr\\\/primavera-sound-2017-mon-palmares\\\/\"},\"wordCount\":1814,\"commentCount\":0,\"publisher\":{\"@id\":\"https:\\\/\\\/elgarajedefrank.es\\\/fr\\\/#\\\/schema\\\/person\\\/d709c9c33f5f405d44c6c9397889ba15\"},\"image\":{\"@id\":\"https:\\\/\\\/elgarajedefrank.es\\\/fr\\\/primavera-sound-2017-mon-palmares\\\/#primaryimage\"},\"thumbnailUrl\":\"https:\\\/\\\/elgarajedefrank.es\\\/wp-content\\\/uploads\\\/2018\\\/07\\\/PS17.png\",\"keywords\":[\"Chronique\",\"Primavera Sound\"],\"articleSection\":[\"Infos\"],\"inLanguage\":\"fr-FR\",\"potentialAction\":[{\"@type\":\"CommentAction\",\"name\":\"Comment\",\"target\":[\"https:\\\/\\\/elgarajedefrank.es\\\/fr\\\/primavera-sound-2017-mon-palmares\\\/#respond\"]}]},{\"@type\":\"WebPage\",\"@id\":\"https:\\\/\\\/elgarajedefrank.es\\\/fr\\\/primavera-sound-2017-mon-palmares\\\/\",\"url\":\"https:\\\/\\\/elgarajedefrank.es\\\/fr\\\/primavera-sound-2017-mon-palmares\\\/\",\"name\":\"Primavera Sound 2017 : mon palmar\u00e8s &#8212; El Garaje de Frank\",\"isPartOf\":{\"@id\":\"https:\\\/\\\/elgarajedefrank.es\\\/fr\\\/#website\"},\"primaryImageOfPage\":{\"@id\":\"https:\\\/\\\/elgarajedefrank.es\\\/fr\\\/primavera-sound-2017-mon-palmares\\\/#primaryimage\"},\"image\":{\"@id\":\"https:\\\/\\\/elgarajedefrank.es\\\/fr\\\/primavera-sound-2017-mon-palmares\\\/#primaryimage\"},\"thumbnailUrl\":\"https:\\\/\\\/elgarajedefrank.es\\\/wp-content\\\/uploads\\\/2018\\\/07\\\/PS17.png\",\"datePublished\":\"2018-11-13T08:15:38+00:00\",\"dateModified\":\"2020-01-05T17:35:57+00:00\",\"description\":\"&#8212; Reportage sur Primavera Sound 2017.\",\"breadcrumb\":{\"@id\":\"https:\\\/\\\/elgarajedefrank.es\\\/fr\\\/primavera-sound-2017-mon-palmares\\\/#breadcrumb\"},\"inLanguage\":\"fr-FR\",\"potentialAction\":[{\"@type\":\"ReadAction\",\"target\":[\"https:\\\/\\\/elgarajedefrank.es\\\/fr\\\/primavera-sound-2017-mon-palmares\\\/\"]}]},{\"@type\":\"ImageObject\",\"inLanguage\":\"fr-FR\",\"@id\":\"https:\\\/\\\/elgarajedefrank.es\\\/fr\\\/primavera-sound-2017-mon-palmares\\\/#primaryimage\",\"url\":\"https:\\\/\\\/elgarajedefrank.es\\\/wp-content\\\/uploads\\\/2018\\\/07\\\/PS17.png\",\"contentUrl\":\"https:\\\/\\\/elgarajedefrank.es\\\/wp-content\\\/uploads\\\/2018\\\/07\\\/PS17.png\",\"width\":769,\"height\":410},{\"@type\":\"BreadcrumbList\",\"@id\":\"https:\\\/\\\/elgarajedefrank.es\\\/fr\\\/primavera-sound-2017-mon-palmares\\\/#breadcrumb\",\"itemListElement\":[{\"@type\":\"ListItem\",\"position\":1,\"name\":\"Inicio\",\"item\":\"https:\\\/\\\/elgarajedefrank.es\\\/fr\\\/\"},{\"@type\":\"ListItem\",\"position\":2,\"name\":\"Infos\",\"item\":\"https:\\\/\\\/elgarajedefrank.es\\\/fr\\\/category\\\/infos\\\/\"},{\"@type\":\"ListItem\",\"position\":3,\"name\":\"Primavera Sound 2017 : mon palmar\u00e8s\"}]},{\"@type\":\"WebSite\",\"@id\":\"https:\\\/\\\/elgarajedefrank.es\\\/fr\\\/#website\",\"url\":\"https:\\\/\\\/elgarajedefrank.es\\\/fr\\\/\",\"name\":\"El Garaje de Frank\",\"description\":\"Music magazine\",\"publisher\":{\"@id\":\"https:\\\/\\\/elgarajedefrank.es\\\/fr\\\/#\\\/schema\\\/person\\\/d709c9c33f5f405d44c6c9397889ba15\"},\"potentialAction\":[{\"@type\":\"SearchAction\",\"target\":{\"@type\":\"EntryPoint\",\"urlTemplate\":\"https:\\\/\\\/elgarajedefrank.es\\\/fr\\\/?s={search_term_string}\"},\"query-input\":{\"@type\":\"PropertyValueSpecification\",\"valueRequired\":true,\"valueName\":\"search_term_string\"}}],\"inLanguage\":\"fr-FR\"},{\"@type\":[\"Person\",\"Organization\"],\"@id\":\"https:\\\/\\\/elgarajedefrank.es\\\/fr\\\/#\\\/schema\\\/person\\\/d709c9c33f5f405d44c6c9397889ba15\",\"name\":\"Fran\u00e7ois Zappa\",\"image\":{\"@type\":\"ImageObject\",\"inLanguage\":\"fr-FR\",\"@id\":\"https:\\\/\\\/elgarajedefrank.es\\\/wp-content\\\/uploads\\\/2019\\\/10\\\/IMG_8278-150x150.jpg\",\"url\":\"https:\\\/\\\/elgarajedefrank.es\\\/wp-content\\\/uploads\\\/2019\\\/10\\\/IMG_8278-150x150.jpg\",\"contentUrl\":\"https:\\\/\\\/elgarajedefrank.es\\\/wp-content\\\/uploads\\\/2019\\\/10\\\/IMG_8278-150x150.jpg\",\"caption\":\"Fran\u00e7ois Zappa\"},\"logo\":{\"@id\":\"https:\\\/\\\/elgarajedefrank.es\\\/wp-content\\\/uploads\\\/2019\\\/10\\\/IMG_8278-150x150.jpg\"},\"sameAs\":[\"https:\\\/\\\/www.facebook.com\\\/elgarajedefrank\\\/\",\"https:\\\/\\\/www.instagram.com\\\/elgarajedefrank\\\/\"]}]}<\/script>\n<!-- \/ Yoast SEO plugin. -->","yoast_head_json":{"title":"Primavera Sound 2017 : mon palmar\u00e8s &#8212; El Garaje de Frank","description":"&#8212; Reportage sur Primavera Sound 2017.","robots":{"index":"index","follow":"follow","max-snippet":"max-snippet:-1","max-image-preview":"max-image-preview:large","max-video-preview":"max-video-preview:-1"},"canonical":"https:\/\/elgarajedefrank.es\/fr\/primavera-sound-2017-mon-palmares\/","og_locale":"fr_FR","og_type":"article","og_title":"Primavera Sound 2017 : mon palmar\u00e8s &#8212; El Garaje de Frank","og_description":"&#8212; Reportage sur Primavera Sound 2017.","og_url":"https:\/\/elgarajedefrank.es\/fr\/primavera-sound-2017-mon-palmares\/","og_site_name":"El Garaje de Frank","article_publisher":"https:\/\/www.facebook.com\/elgarajedefrank\/","article_author":"https:\/\/www.facebook.com\/elgarajedefrank\/","article_published_time":"2018-11-13T08:15:38+00:00","article_modified_time":"2020-01-05T17:35:57+00:00","og_image":[{"width":769,"height":410,"url":"https:\/\/elgarajedefrank.es\/wp-content\/uploads\/2018\/07\/PS17.png","type":"image\/png"}],"author":"Fran\u00e7ois Zappa","twitter_card":"summary_large_image","twitter_misc":{"\u00c9crit par":"Fran\u00e7ois Zappa","Dur\u00e9e de lecture estim\u00e9e":"9 minutes"},"schema":{"@context":"https:\/\/schema.org","@graph":[{"@type":"Article","@id":"https:\/\/elgarajedefrank.es\/fr\/primavera-sound-2017-mon-palmares\/#article","isPartOf":{"@id":"https:\/\/elgarajedefrank.es\/fr\/primavera-sound-2017-mon-palmares\/"},"author":{"name":"Fran\u00e7ois Zappa","@id":"https:\/\/elgarajedefrank.es\/fr\/#\/schema\/person\/d709c9c33f5f405d44c6c9397889ba15"},"headline":"Primavera Sound 2017 : mon palmar\u00e8s","datePublished":"2018-11-13T08:15:38+00:00","dateModified":"2020-01-05T17:35:57+00:00","mainEntityOfPage":{"@id":"https:\/\/elgarajedefrank.es\/fr\/primavera-sound-2017-mon-palmares\/"},"wordCount":1814,"commentCount":0,"publisher":{"@id":"https:\/\/elgarajedefrank.es\/fr\/#\/schema\/person\/d709c9c33f5f405d44c6c9397889ba15"},"image":{"@id":"https:\/\/elgarajedefrank.es\/fr\/primavera-sound-2017-mon-palmares\/#primaryimage"},"thumbnailUrl":"https:\/\/elgarajedefrank.es\/wp-content\/uploads\/2018\/07\/PS17.png","keywords":["Chronique","Primavera Sound"],"articleSection":["Infos"],"inLanguage":"fr-FR","potentialAction":[{"@type":"CommentAction","name":"Comment","target":["https:\/\/elgarajedefrank.es\/fr\/primavera-sound-2017-mon-palmares\/#respond"]}]},{"@type":"WebPage","@id":"https:\/\/elgarajedefrank.es\/fr\/primavera-sound-2017-mon-palmares\/","url":"https:\/\/elgarajedefrank.es\/fr\/primavera-sound-2017-mon-palmares\/","name":"Primavera Sound 2017 : mon palmar\u00e8s &#8212; El Garaje de Frank","isPartOf":{"@id":"https:\/\/elgarajedefrank.es\/fr\/#website"},"primaryImageOfPage":{"@id":"https:\/\/elgarajedefrank.es\/fr\/primavera-sound-2017-mon-palmares\/#primaryimage"},"image":{"@id":"https:\/\/elgarajedefrank.es\/fr\/primavera-sound-2017-mon-palmares\/#primaryimage"},"thumbnailUrl":"https:\/\/elgarajedefrank.es\/wp-content\/uploads\/2018\/07\/PS17.png","datePublished":"2018-11-13T08:15:38+00:00","dateModified":"2020-01-05T17:35:57+00:00","description":"&#8212; Reportage sur Primavera Sound 2017.","breadcrumb":{"@id":"https:\/\/elgarajedefrank.es\/fr\/primavera-sound-2017-mon-palmares\/#breadcrumb"},"inLanguage":"fr-FR","potentialAction":[{"@type":"ReadAction","target":["https:\/\/elgarajedefrank.es\/fr\/primavera-sound-2017-mon-palmares\/"]}]},{"@type":"ImageObject","inLanguage":"fr-FR","@id":"https:\/\/elgarajedefrank.es\/fr\/primavera-sound-2017-mon-palmares\/#primaryimage","url":"https:\/\/elgarajedefrank.es\/wp-content\/uploads\/2018\/07\/PS17.png","contentUrl":"https:\/\/elgarajedefrank.es\/wp-content\/uploads\/2018\/07\/PS17.png","width":769,"height":410},{"@type":"BreadcrumbList","@id":"https:\/\/elgarajedefrank.es\/fr\/primavera-sound-2017-mon-palmares\/#breadcrumb","itemListElement":[{"@type":"ListItem","position":1,"name":"Inicio","item":"https:\/\/elgarajedefrank.es\/fr\/"},{"@type":"ListItem","position":2,"name":"Infos","item":"https:\/\/elgarajedefrank.es\/fr\/category\/infos\/"},{"@type":"ListItem","position":3,"name":"Primavera Sound 2017 : mon palmar\u00e8s"}]},{"@type":"WebSite","@id":"https:\/\/elgarajedefrank.es\/fr\/#website","url":"https:\/\/elgarajedefrank.es\/fr\/","name":"El Garaje de Frank","description":"Music magazine","publisher":{"@id":"https:\/\/elgarajedefrank.es\/fr\/#\/schema\/person\/d709c9c33f5f405d44c6c9397889ba15"},"potentialAction":[{"@type":"SearchAction","target":{"@type":"EntryPoint","urlTemplate":"https:\/\/elgarajedefrank.es\/fr\/?s={search_term_string}"},"query-input":{"@type":"PropertyValueSpecification","valueRequired":true,"valueName":"search_term_string"}}],"inLanguage":"fr-FR"},{"@type":["Person","Organization"],"@id":"https:\/\/elgarajedefrank.es\/fr\/#\/schema\/person\/d709c9c33f5f405d44c6c9397889ba15","name":"Fran\u00e7ois Zappa","image":{"@type":"ImageObject","inLanguage":"fr-FR","@id":"https:\/\/elgarajedefrank.es\/wp-content\/uploads\/2019\/10\/IMG_8278-150x150.jpg","url":"https:\/\/elgarajedefrank.es\/wp-content\/uploads\/2019\/10\/IMG_8278-150x150.jpg","contentUrl":"https:\/\/elgarajedefrank.es\/wp-content\/uploads\/2019\/10\/IMG_8278-150x150.jpg","caption":"Fran\u00e7ois Zappa"},"logo":{"@id":"https:\/\/elgarajedefrank.es\/wp-content\/uploads\/2019\/10\/IMG_8278-150x150.jpg"},"sameAs":["https:\/\/www.facebook.com\/elgarajedefrank\/","https:\/\/www.instagram.com\/elgarajedefrank\/"]}]}},"_links":{"self":[{"href":"https:\/\/elgarajedefrank.es\/fr\/wp-json\/wp\/v2\/posts\/2211","targetHints":{"allow":["GET"]}}],"collection":[{"href":"https:\/\/elgarajedefrank.es\/fr\/wp-json\/wp\/v2\/posts"}],"about":[{"href":"https:\/\/elgarajedefrank.es\/fr\/wp-json\/wp\/v2\/types\/post"}],"author":[{"embeddable":true,"href":"https:\/\/elgarajedefrank.es\/fr\/wp-json\/wp\/v2\/users\/1"}],"replies":[{"embeddable":true,"href":"https:\/\/elgarajedefrank.es\/fr\/wp-json\/wp\/v2\/comments?post=2211"}],"version-history":[{"count":0,"href":"https:\/\/elgarajedefrank.es\/fr\/wp-json\/wp\/v2\/posts\/2211\/revisions"}],"wp:featuredmedia":[{"embeddable":true,"href":"https:\/\/elgarajedefrank.es\/fr\/wp-json\/wp\/v2\/media\/2215"}],"wp:attachment":[{"href":"https:\/\/elgarajedefrank.es\/fr\/wp-json\/wp\/v2\/media?parent=2211"}],"wp:term":[{"taxonomy":"category","embeddable":true,"href":"https:\/\/elgarajedefrank.es\/fr\/wp-json\/wp\/v2\/categories?post=2211"},{"taxonomy":"post_tag","embeddable":true,"href":"https:\/\/elgarajedefrank.es\/fr\/wp-json\/wp\/v2\/tags?post=2211"}],"curies":[{"name":"wp","href":"https:\/\/api.w.org\/{rel}","templated":true}]}}