{"id":21186,"date":"2020-06-04T13:21:03","date_gmt":"2020-06-04T11:21:03","guid":{"rendered":"https:\/\/elgarajedefrank.es\/?p=21186"},"modified":"2022-10-17T21:43:16","modified_gmt":"2022-10-17T19:43:16","slug":"interview-isolated-youth","status":"publish","type":"post","link":"https:\/\/elgarajedefrank.es\/fr\/interview-isolated-youth\/","title":{"rendered":"Interview : Isolated Youth"},"content":{"rendered":"<p><span style=\"font-family: georgia, palatino, serif; font-size: 12pt;\"><strong>Avec seulement deux EP distribu\u00e9s dans le monde, Isolated Youth est devenu l\u2019une des promesses de la sc\u00e8ne post-punk. On devait les voir en live au W-Fest, mais \u00e0 cause de la crise du Covid-19, on a uniquement pu assister \u00e0 un streaming<\/strong><\/span><span style=\"font-family: georgia, palatino, serif; font-size: 12pt;\"><strong>. On a parl\u00e9 avec les quatre membres du groupe :<\/strong><strong> William et Axel M\u00e5rdberg, Egon Westberg Larsson and Andreas Geidemar, qui font partie d\u2019une jeunesse qui n\u2019a jamais \u00e9t\u00e9 aussi isol\u00e9e.<\/strong><\/span><\/p>\n<p><span style=\"font-size: 12pt; font-family: georgia, palatino, serif;\"><strong><img fetchpriority=\"high\" decoding=\"async\" class=\"size-medium wp-image-21289 alignleft\" src=\"https:\/\/elgarajedefrank.es\/wp-content\/uploads\/2020\/06\/IMG_0512-300x291.jpeg\" alt=\"\" width=\"300\" height=\"291\" srcset=\"https:\/\/elgarajedefrank.es\/wp-content\/uploads\/2020\/06\/IMG_0512-300x291.jpeg 300w, https:\/\/elgarajedefrank.es\/wp-content\/uploads\/2020\/06\/IMG_0512-585x568.jpeg 585w, https:\/\/elgarajedefrank.es\/wp-content\/uploads\/2020\/06\/IMG_0512.jpeg 750w\" sizes=\"(max-width: 300px) 100vw, 300px\" \/>\u2014D\u2019o\u00f9 vient le nom du groupe ? C\u2019est devenu quelque chose de trop r\u00e9el, vous ne croyez pas ?<\/strong><\/span><\/p>\n<p><span style=\"font-size: 12pt; font-family: georgia, palatino, serif;\">\u2014<strong>William <\/strong>: Il pourrait \u00eatre encore plus int\u00e9ressant de savoir \u00e0 quoi ressemblera le nom \u00e0 l\u2019avenir. L\u2019impact de notre nom s\u2019est certainement intensifi\u00e9 juste au cours de ces trois ann\u00e9es. Et m\u00eame s\u2019il est tr\u00e8s pertinent pour le moment, il l\u2019\u00e9tait tout autant avant, m\u00eame si c\u2019\u00e9tait moins \u00e9vident, si vous voulez mon avis. Le sens de \u00abIsolated Youth\u00bb (jeunesse isol\u00e9e) est clair, les raisons sous-jacentes sont nombreuses et plus complexes.<\/span><\/p>\n<p><span style=\"font-size: 12pt; font-family: georgia, palatino, serif;\"><strong>\u2014Le groupe a d\u00e9but\u00e9 en 2017, comment se sont pass\u00e9es les premi\u00e8res ann\u00e9es d\u2019Isolated Youth jusqu\u2019\u00e0 l\u2019enregistrement du premier EP ?<\/strong><\/span><\/p>\n<p><span style=\"font-size: 12pt; font-family: georgia, palatino, serif;\"><strong>\u2014Egon :<\/strong> Pendant les premi\u00e8res ann\u00e9es du groupe, on a juste essay\u00e9 de donner autant de concerts que possible. Surtout \u00e0 Stockholm et ailleurs en Su\u00e8de. Je pense que notre son s\u2019est am\u00e9lior\u00e9 gr\u00e2ce \u00e0 \u00e7a. C\u2019\u00e9tait aussi un bon moyen d\u2019\u00e9tablir des contacts.<\/span><\/p>\n<p><span style=\"font-size: 12pt; font-family: georgia, palatino, serif;\"><strong><img decoding=\"async\" class=\"size-medium wp-image-21292 alignright\" src=\"https:\/\/elgarajedefrank.es\/wp-content\/uploads\/2020\/06\/R-12986955-1545944102-4942.png-193x300.jpg\" alt=\"\" width=\"193\" height=\"300\" srcset=\"https:\/\/elgarajedefrank.es\/wp-content\/uploads\/2020\/06\/R-12986955-1545944102-4942.png-193x300.jpg 193w, https:\/\/elgarajedefrank.es\/wp-content\/uploads\/2020\/06\/R-12986955-1545944102-4942.png.jpg 492w\" sizes=\"(max-width: 193px) 100vw, 193px\" \/>\u2014La premi\u00e8re ann\u00e9e, vous avez sorti une \u00e9dition sur cassette tr\u00e8s limit\u00e9e appel\u00e9e <em>Isolated Youth.<\/em> Que pouvez-vous nous dire de la composition et de l\u2019enregistrement de ce mat\u00e9riel ?<\/strong><\/span><\/p>\n<p><span style=\"font-size: 12pt; font-family: georgia, palatino, serif;\"><strong>\u2014Andreas <\/strong>: La cassette est notre premi\u00e8re r\u00e9f\u00e9rence, avant qu\u2019on signe chez Fabrika. Elle se composait de trois chansons originales enregistr\u00e9es dans le m\u00eame b\u00e2timent o\u00f9 on r\u00e9p\u00e8te. Elle nous a permis de nous faire un nom.<\/span><\/p>\n<p><span style=\"font-size: 12pt; font-family: georgia, palatino, serif;\"><strong>\u2014Vous \u00eates tous amis depuis longtemps. Pensez-vous que cette amiti\u00e9 vous aide \u00e0 mieux comprendre le groupe, qu\u2019elle facilite le travail en commun ?<\/strong><\/span><\/p>\n<p><span style=\"font-size: 12pt; font-family: georgia, palatino, serif;\"><strong>\u2014Axel <\/strong>: Oui, contrairement \u00e0 tant d\u2019autres groupes, on s\u2019adore vraiment, on a vraiment de la chance de s\u2019\u00eatre rencontr\u00e9s. Tout devient plus facile lorsque tu appr\u00e9cies la compagnie de chacun.<\/span><\/p>\n<p><span style=\"font-size: 12pt; font-family: georgia, palatino, serif;\"><strong>\u2014Vous citez toujours Arvo P\u00e4rt comme influence. Selon vous, comment la musique du compositeur classique a influenc\u00e9 votre fa\u00e7on de faire de la musique ? Qu\u2019aimez-vous de lui ?<\/strong><\/span><\/p>\n<p><span style=\"font-size: 12pt; font-family: georgia, palatino, serif;\"><strong>\u2014William :<\/strong> Pour moi, Arvo P\u00e4rt a d\u00e9pass\u00e9 le simple fait d\u2019influencer ma musique, il a influenc\u00e9 la fa\u00e7on dont je per\u00e7ois mon environnement. La musique r\u00e9sonne au-del\u00e0 de la musique ordinaire et devient quelque chose de spirituel. Vous n\u2019avez peut-\u00eatre pas encore ressenti \u00e0 quel point il nous influence, mais sa fa\u00e7on de composer et sa relation entre les notes joueront un r\u00f4le important plus tard.<\/span><\/p>\n<p><span style=\"font-size: 12pt; font-family: georgia, palatino, serif;\"><strong>\u2014Axel :<\/strong> On adore sa fa\u00e7on de traiter le son et de ne dire que l\u2019essence absolue, et par l\u00e0, laisser l\u2019auditeur trouver des indices et d\u00e9couvrir le reste lui-m\u00eame. On essaie de faire de m\u00eame, de toujours laisser de l\u2019espace dans la chanson, en nourrissant uniquement le c\u0153ur de la chanson. C\u2019est de cette fa\u00e7on qu\u2019Arvo P\u00e4rt peut transmettre une vie d\u2019\u00e9motions en cinq minutes.<\/span><\/p>\n<p><span style=\"font-size: 12pt; font-family: georgia, palatino, serif;\"><strong>\u2014Le groupe a \u00e9galement cit\u00e9 David Bowie comme influence. Quelle \u00e9poque du duc blanc vous int\u00e9resse ?<\/strong><\/span><\/p>\n<p><span style=\"font-size: 12pt; font-family: georgia, palatino, serif;\">\u2014<strong>Axel :<\/strong> Je suis int\u00e9ress\u00e9 par tout ce qu\u2019il a fait, mais presque tout ce qu\u2019il a r\u00e9alis\u00e9 vers le milieu des ann\u00e9es 70 est compl\u00e8tement \u00e9poustouflant. Je me souviens d\u2019avoir \u00e9cout\u00e9 <em>Low<\/em> quand j\u2019\u00e9tais seul \u00e0 la maison quand j\u2019\u00e9tais enfant et que je me sentais compl\u00e8tement d\u00e9sorient\u00e9. C\u2019\u00e9tait comme si j\u2019avais perdu contact avec le monde. C\u2019est toujours mon album pr\u00e9f\u00e9r\u00e9 de <strong>Bowie.<\/strong><\/span><\/p>\n<p><span style=\"font-size: 12pt; font-family: georgia, palatino, serif;\"><strong>\u2014Gr\u00e2ce \u00e0 Lebanon Hanover, vous avez sign\u00e9 chez Fabrika Records, pouvez-vous nous en dire plus ? William (sous son surnom Qual) a \u00e9galement fait un remix de votre chanson \u00abSafety\u00bb, non ?<\/strong><\/span><\/p>\n<p><span style=\"font-size: 12pt; font-family: georgia, palatino, serif;\"><strong>\u2014Egon :<\/strong> On a fait la connaissance de <strong>LH<\/strong> lorsqu\u2019on a jou\u00e9 avec eux \u00e0 Stockholm en 2017. Ils ont aim\u00e9 notre son et on s\u2019est bien entendu, ce qui les a amen\u00e9s \u00e0 nous recommander \u00e0 Fabrika. C\u2019\u00e9tait tr\u00e8s t\u00f4t dans notre carri\u00e8re, donc c\u2019\u00e9tait super pour nous. Depuis, on a donn\u00e9 d\u2019autres concerts ensemble en Allemagne et au Danemark. On les adore vraiment et on est devenus de bons amis. William a fait le remix de \u00ab Safety \u00bb quand il \u00e9tait \u00e0 Stockholm pour y jouer en tant que Qual.<\/span><\/p>\n<p><span style=\"font-size: 12pt; font-family: georgia, palatino, serif;\"><strong><img decoding=\"async\" class=\"size-medium wp-image-21295 alignleft\" src=\"https:\/\/elgarajedefrank.es\/wp-content\/uploads\/2020\/06\/R-13167694-1549217615-5424.jpeg-300x300.jpg\" alt=\"\" width=\"300\" height=\"300\" srcset=\"https:\/\/elgarajedefrank.es\/wp-content\/uploads\/2020\/06\/R-13167694-1549217615-5424.jpeg-300x300.jpg 300w, https:\/\/elgarajedefrank.es\/wp-content\/uploads\/2020\/06\/R-13167694-1549217615-5424.jpeg-150x150.jpg 150w, https:\/\/elgarajedefrank.es\/wp-content\/uploads\/2020\/06\/R-13167694-1549217615-5424.jpeg-585x585.jpg 585w, https:\/\/elgarajedefrank.es\/wp-content\/uploads\/2020\/06\/R-13167694-1549217615-5424.jpeg.jpg 600w\" sizes=\"(max-width: 300px) 100vw, 300px\" \/>\u2014Le premier EP s\u2019appelait <em>Warfare.<\/em> Vous avez dit qu\u2019il s\u2019agissait \u00ab d\u2019un appel spirituel aux armes \u00bb. Que vouliez-vous dire par l\u00e0 ?<\/strong><\/span><\/p>\n<p><span style=\"font-size: 12pt; font-family: georgia, palatino, serif;\"><strong>\u2014William :<\/strong> Kafka a d\u00e9clar\u00e9 : \u00abCar nous sommes comme les troncs d\u2019arbres dans la neige. On dirait qu\u2019ils reposent bien \u00e0 plat et que d\u2019une petite pouss\u00e9e on devrait pouvoir les faire bouger de l\u00e0. Et non, on n\u2019y arrive pas, car ils sont solidement arrim\u00e9s au sol. Mais voil\u00e0, m\u00eame \u00e7a n\u2019est qu\u2019une apparence. \u00bb. Bref, j\u2019essaie de faire bouger les choses.<\/span><\/p>\n<p><span style=\"font-size: 12pt; font-family: georgia, palatino, serif;\"><strong>\u2014Axel, certains journalistes disent que ta voix est tr\u00e8s f\u00e9minine. Elle rappelle parfois Brian Molko, aimes-tu sa fa\u00e7on de chanter ? Et aussi celle de Gordon Gano de Violent Femmes. Par contre, Fenne, de Whispering Sons, a une voix qui sonne vraiment masculine. Aimes-tu leur musique ?<\/strong><\/span><\/p>\n<p><span style=\"font-size: 12pt; font-family: georgia, palatino, serif;\"><strong>\u2014Axel <\/strong>: Je n\u2019ai d\u2019opinion sur aucune de ces personnes, car je n\u2019ai jamais \u00e9cout\u00e9 leur musique.<\/span><\/p>\n<p><span style=\"font-size: 12pt; font-family: georgia, palatino, serif;\"><strong>\u2014Votre nouvel EP, Iris, a \u00e9t\u00e9 enregistr\u00e9 \u00e0 Ath\u00e8nes, non ? Comment s\u2019est pass\u00e9e l\u2019exp\u00e9rience ?<\/strong><\/span><\/p>\n<p><span style=\"font-size: 12pt; font-family: georgia, palatino, serif;\"><strong>\u2014Egon :<\/strong>\u00a0\u00c7a a vraiment \u00e9t\u00e9 une super exp\u00e9rience d\u2019enregistrer le nouvel EP \u00e0 Ath\u00e8nes. On a \u00e9t\u00e9 invit\u00e9s par Fabrika pour enregistrer l\u2019EP et donner un concert. On a fini par y rester pendant pr\u00e8s de deux semaines. L\u2019enregistrement s\u2019est tr\u00e8s bien d\u00e9roul\u00e9. Doruk de <strong>She Past Away<\/strong> nous a aid\u00e9s dans le studio qui a produit nos deux EP. On a ador\u00e9 Ath\u00e8nes et on aimerait y retourner. On a aussi pu rencontrer les personnes travaillant pour Fabrika pour la premi\u00e8re fois pendant notre s\u00e9jour.<\/span><\/p>\n<p><span style=\"font-size: 12pt; font-family: georgia, palatino, serif;\"><strong>\u2014La pochette repr\u00e9sente une photo d\u2019un membre de la famille d\u2019Axel et de William M\u00e5rdberg, pourquoi avez-vous choisi cette photo ? Pensez-vous qu\u2019elle correspond \u00e0 votre musique ?<\/strong><\/span><\/p>\n<p><span style=\"font-size: 12pt; font-family: georgia, palatino, serif;\"><strong>\u2014William :<\/strong> Je l\u2019ai trouv\u00e9e en nettoyant l\u2019appartement de ma grand-m\u00e8re. Et l\u2019aura du portrait m\u2019a fait forte impression, j\u2019ai aussi vu qu\u2019elle avait les m\u00eames cercles bleus que moi autour des yeux. Fondamentalement, l\u2019ambiance g\u00e9n\u00e9rale et l\u2019aura correspondaient bien \u00e0 la musique, et j\u2019ai toujours aim\u00e9 quand un portrait ou une photographie, ou une personne peut incarner la musique et devenir quelque chose de plus, quelque chose d\u2019autre.<\/span><\/p>\n<p><span style=\"font-size: 12pt; font-family: georgia, palatino, serif;\"><strong>\u2014Dans vos interviews, vous parlez d\u2019\u00eatre honn\u00eate avec votre chant et votre musique. Pensez-vous que l\u2019honn\u00eatet\u00e9 est une valeur commune dans la musique moderne ?<\/strong><\/span><\/p>\n<p><span style=\"font-size: 12pt; font-family: georgia, palatino, serif;\"><strong>\u2014Andreas <\/strong>: Je ne suis pas s\u00fbr que l\u2019honn\u00eatet\u00e9 soit quelque chose de sp\u00e9cifique \u00e0 la musique moderne mais \u00e0 l\u2019art en g\u00e9n\u00e9ral. Je pense que la plupart des gens, en particulier les d\u00e9butants, souhaitent exprimer autant d\u2019honn\u00eatet\u00e9 que possible dans leur travail.<\/span><\/p>\n<p><span style=\"font-size: 12pt; font-family: georgia, palatino, serif;\"><strong>\u2014William :<\/strong> L\u2019honn\u00eatet\u00e9 n\u2019est peut-\u00eatre pas si courante dans la musique commerciale r\u00e9pandue.<\/span><\/p>\n<p><span style=\"font-size: 12pt; font-family: georgia, palatino, serif;\"><strong><img loading=\"lazy\" decoding=\"async\" class=\"size-medium wp-image-21298 alignright\" src=\"https:\/\/elgarajedefrank.es\/wp-content\/uploads\/2020\/06\/R-14985634-1585127616-3536.jpeg-300x300.jpg\" alt=\"\" width=\"300\" height=\"300\" srcset=\"https:\/\/elgarajedefrank.es\/wp-content\/uploads\/2020\/06\/R-14985634-1585127616-3536.jpeg-300x300.jpg 300w, https:\/\/elgarajedefrank.es\/wp-content\/uploads\/2020\/06\/R-14985634-1585127616-3536.jpeg-150x150.jpg 150w, https:\/\/elgarajedefrank.es\/wp-content\/uploads\/2020\/06\/R-14985634-1585127616-3536.jpeg-585x585.jpg 585w, https:\/\/elgarajedefrank.es\/wp-content\/uploads\/2020\/06\/R-14985634-1585127616-3536.jpeg.jpg 600w\" sizes=\"(max-width: 300px) 100vw, 300px\" \/>\u2014La chanson \u00ab 1984 \u00bb fait r\u00e9f\u00e9rence au livre classique de George Orwell. Pensez-vous que notre soci\u00e9t\u00e9 \u00e9volue vers ce qui est d\u00e9crit dans ce livre ? Quels autres livres ont inspir\u00e9 vos paroles ?<\/strong><\/span><\/p>\n<p><span style=\"font-size: 12pt; font-family: georgia, palatino, serif;\"><strong>\u2014William <\/strong>: Eh bien, les \u00e9v\u00e9nements du livre se sont produit certaines parties du monde il y a des ann\u00e9es. Cependant, en g\u00e9n\u00e9ral, les structures soci\u00e9tales orwelliennes, o\u00f9 les mots et les phrases sont tordus et modifi\u00e9s pour manipuler et asservir, sont pr\u00e9sentes partout. La v\u00e9rit\u00e9 est liquide et la surveillance est ferme. Alors oui, non seulement on s\u2019en approche, mais dans une certaine mesure, \u00ab1984\u00bb a vu juste. Mais bien s\u00fbr, il y a encore beaucoup de rayons de lumi\u00e8re dans notre soci\u00e9t\u00e9. \u00c9videmment, beaucoup de livres m\u2019ont fa\u00e7onn\u00e9, donc je ne peux pas tous les nommer. Mais certains livres que je pourrais recommander seraient : Tomas Transtr\u00f6mer &#8211; Complete Works, Roberto Bola\u00f1o &#8211; 2666, Jack Kerouac &#8211; On the Road.<\/span><\/p>\n<p><span style=\"font-family: georgia, palatino, serif; font-size: 12pt;\"><strong>\u2014Pourquoi \u00ab Voodoo \u00bb n\u2019\u00e9tait pas incluse dans le dernier EP ?<\/strong><\/span><\/p>\n<p><span style=\"font-size: 12pt; font-family: georgia, palatino, serif;\"><strong>\u2014Andreas :<\/strong> On a choisi d\u2019enregistrer plus de chansons \u00e0 Ath\u00e8nes qu\u2019on en avait l\u2019intention sur l\u2019EP. On a estim\u00e9 que cette chanson \u00e9tait plus appropri\u00e9e en tant que single num\u00e9rique seul.<\/span><\/p>\n<p><span style=\"font-family: georgia, palatino, serif; font-size: 12pt;\"><strong>\u2014Je sais qu\u2019il semble difficile pr\u00e9voir l\u2019avenir de nos jours, mais que pouvons-nous attendre d\u2019Isolated Youth \u00e0 l\u2019avenir ?<\/strong><\/span><\/p>\n<p><span style=\"font-size: 12pt; font-family: georgia, palatino, serif;\"><strong>\u2014Andreas <\/strong>: On continuera \u00e0 travailler sur de nouvelles musiques comme on le fait habituellement, \u00e0 essayer d\u2019atteindre nos auditeurs par d\u2019autres moyens maintenant que nous ne pouvons pas les voir en personne &#8230;<\/span><\/p>\n<p><span style=\"font-family: georgia, palatino, serif; font-size: 12pt;\"><strong>\u2014Comment le Coronavirus affecte-t-il le groupe ?<\/strong><\/span><\/p>\n<p><span style=\"font-size: 12pt; font-family: georgia, palatino, serif;\"><strong>\u2014Egon <\/strong>: Le virus nous a beaucoup affect\u00e9s depuis que nous avons annul\u00e9 notre tourn\u00e9e europ\u00e9enne pour la promotion d\u2019Iris. On essaie de faire autant que possible avec le temps dont nous disposons maintenant, comme r\u00e9p\u00e9ter et travailler sur du nouveau mat\u00e9riel. Tout le monde est touch\u00e9, on n\u2019a pas d\u2019autre choix que d\u2019essayer de continuer. J\u2019esp\u00e8re que quelque chose de g\u00e9nial en sortira.<\/span><\/p>\n","protected":false},"excerpt":{"rendered":"<p>Avec seulement deux EP distribu\u00e9s dans le monde, Isolated Youth est devenu l\u2019une des promesses&hellip;<\/p>\n","protected":false},"author":1,"featured_media":21287,"comment_status":"open","ping_status":"open","sticky":false,"template":"","format":"standard","meta":{"_lmt_disableupdate":"","_lmt_disable":"","footnotes":""},"categories":[35],"tags":[392],"class_list":["post-21186","post","type-post","status-publish","format-standard","has-post-thumbnail","hentry","category-interviews-fr","tag-post-punk-fr"],"yoast_head":"<!-- This site is optimized with the Yoast SEO plugin v27.4 - https:\/\/yoast.com\/product\/yoast-seo-wordpress\/ -->\n<title>Interview : Isolated Youth &#8212; El Garaje de Frank<\/title>\n<meta name=\"description\" content=\"Interviews &#8212; Interview avec le groupe de post-punk Isolated Youth.\" \/>\n<meta name=\"robots\" content=\"index, follow, max-snippet:-1, max-image-preview:large, max-video-preview:-1\" \/>\n<link rel=\"canonical\" href=\"https:\/\/elgarajedefrank.es\/fr\/interview-isolated-youth\/\" \/>\n<meta property=\"og:locale\" content=\"fr_FR\" \/>\n<meta property=\"og:type\" content=\"article\" \/>\n<meta property=\"og:title\" content=\"Interview : Isolated Youth &#8212; El Garaje de Frank\" \/>\n<meta property=\"og:description\" content=\"Interviews &#8212; Interview avec le groupe de post-punk Isolated Youth.\" \/>\n<meta property=\"og:url\" content=\"https:\/\/elgarajedefrank.es\/fr\/interview-isolated-youth\/\" \/>\n<meta property=\"og:site_name\" content=\"El Garaje de Frank\" \/>\n<meta property=\"article:publisher\" content=\"https:\/\/www.facebook.com\/elgarajedefrank\/\" \/>\n<meta property=\"article:author\" content=\"https:\/\/www.facebook.com\/elgarajedefrank\/\" \/>\n<meta property=\"article:published_time\" content=\"2020-06-04T11:21:03+00:00\" \/>\n<meta property=\"article:modified_time\" content=\"2022-10-17T19:43:16+00:00\" \/>\n<meta property=\"og:image\" content=\"https:\/\/elgarajedefrank.es\/wp-content\/uploads\/2020\/06\/IMG_0450-1.jpeg\" \/>\n\t<meta property=\"og:image:width\" content=\"711\" \/>\n\t<meta property=\"og:image:height\" content=\"678\" \/>\n\t<meta property=\"og:image:type\" content=\"image\/jpeg\" \/>\n<meta name=\"author\" content=\"Fran\u00e7ois Zappa\" \/>\n<meta name=\"twitter:card\" content=\"summary_large_image\" \/>\n<meta name=\"twitter:label1\" content=\"\u00c9crit par\" \/>\n\t<meta name=\"twitter:data1\" content=\"Fran\u00e7ois Zappa\" \/>\n\t<meta name=\"twitter:label2\" content=\"Dur\u00e9e de lecture estim\u00e9e\" \/>\n\t<meta name=\"twitter:data2\" content=\"8 minutes\" \/>\n<script type=\"application\/ld+json\" class=\"yoast-schema-graph\">{\"@context\":\"https:\\\/\\\/schema.org\",\"@graph\":[{\"@type\":\"Article\",\"@id\":\"https:\\\/\\\/elgarajedefrank.es\\\/fr\\\/interview-isolated-youth\\\/#article\",\"isPartOf\":{\"@id\":\"https:\\\/\\\/elgarajedefrank.es\\\/fr\\\/interview-isolated-youth\\\/\"},\"author\":{\"name\":\"Fran\u00e7ois Zappa\",\"@id\":\"https:\\\/\\\/elgarajedefrank.es\\\/fr\\\/#\\\/schema\\\/person\\\/d709c9c33f5f405d44c6c9397889ba15\"},\"headline\":\"Interview : Isolated Youth\",\"datePublished\":\"2020-06-04T11:21:03+00:00\",\"dateModified\":\"2022-10-17T19:43:16+00:00\",\"mainEntityOfPage\":{\"@id\":\"https:\\\/\\\/elgarajedefrank.es\\\/fr\\\/interview-isolated-youth\\\/\"},\"wordCount\":1632,\"commentCount\":0,\"publisher\":{\"@id\":\"https:\\\/\\\/elgarajedefrank.es\\\/fr\\\/#\\\/schema\\\/person\\\/d709c9c33f5f405d44c6c9397889ba15\"},\"image\":{\"@id\":\"https:\\\/\\\/elgarajedefrank.es\\\/fr\\\/interview-isolated-youth\\\/#primaryimage\"},\"thumbnailUrl\":\"https:\\\/\\\/elgarajedefrank.es\\\/wp-content\\\/uploads\\\/2020\\\/06\\\/IMG_0450-1.jpeg\",\"keywords\":[\"Post-punk\"],\"articleSection\":[\"Interviews\"],\"inLanguage\":\"fr-FR\",\"potentialAction\":[{\"@type\":\"CommentAction\",\"name\":\"Comment\",\"target\":[\"https:\\\/\\\/elgarajedefrank.es\\\/fr\\\/interview-isolated-youth\\\/#respond\"]}]},{\"@type\":\"WebPage\",\"@id\":\"https:\\\/\\\/elgarajedefrank.es\\\/fr\\\/interview-isolated-youth\\\/\",\"url\":\"https:\\\/\\\/elgarajedefrank.es\\\/fr\\\/interview-isolated-youth\\\/\",\"name\":\"Interview : Isolated Youth &#8212; El Garaje de Frank\",\"isPartOf\":{\"@id\":\"https:\\\/\\\/elgarajedefrank.es\\\/fr\\\/#website\"},\"primaryImageOfPage\":{\"@id\":\"https:\\\/\\\/elgarajedefrank.es\\\/fr\\\/interview-isolated-youth\\\/#primaryimage\"},\"image\":{\"@id\":\"https:\\\/\\\/elgarajedefrank.es\\\/fr\\\/interview-isolated-youth\\\/#primaryimage\"},\"thumbnailUrl\":\"https:\\\/\\\/elgarajedefrank.es\\\/wp-content\\\/uploads\\\/2020\\\/06\\\/IMG_0450-1.jpeg\",\"datePublished\":\"2020-06-04T11:21:03+00:00\",\"dateModified\":\"2022-10-17T19:43:16+00:00\",\"description\":\"Interviews &#8212; Interview avec le groupe de post-punk Isolated Youth.\",\"breadcrumb\":{\"@id\":\"https:\\\/\\\/elgarajedefrank.es\\\/fr\\\/interview-isolated-youth\\\/#breadcrumb\"},\"inLanguage\":\"fr-FR\",\"potentialAction\":[{\"@type\":\"ReadAction\",\"target\":[\"https:\\\/\\\/elgarajedefrank.es\\\/fr\\\/interview-isolated-youth\\\/\"]}]},{\"@type\":\"ImageObject\",\"inLanguage\":\"fr-FR\",\"@id\":\"https:\\\/\\\/elgarajedefrank.es\\\/fr\\\/interview-isolated-youth\\\/#primaryimage\",\"url\":\"https:\\\/\\\/elgarajedefrank.es\\\/wp-content\\\/uploads\\\/2020\\\/06\\\/IMG_0450-1.jpeg\",\"contentUrl\":\"https:\\\/\\\/elgarajedefrank.es\\\/wp-content\\\/uploads\\\/2020\\\/06\\\/IMG_0450-1.jpeg\",\"width\":711,\"height\":678},{\"@type\":\"BreadcrumbList\",\"@id\":\"https:\\\/\\\/elgarajedefrank.es\\\/fr\\\/interview-isolated-youth\\\/#breadcrumb\",\"itemListElement\":[{\"@type\":\"ListItem\",\"position\":1,\"name\":\"Inicio\",\"item\":\"https:\\\/\\\/elgarajedefrank.es\\\/fr\\\/\"},{\"@type\":\"ListItem\",\"position\":2,\"name\":\"Interviews\",\"item\":\"https:\\\/\\\/elgarajedefrank.es\\\/fr\\\/category\\\/interviews-fr\\\/\"},{\"@type\":\"ListItem\",\"position\":3,\"name\":\"Interview : Isolated Youth\"}]},{\"@type\":\"WebSite\",\"@id\":\"https:\\\/\\\/elgarajedefrank.es\\\/fr\\\/#website\",\"url\":\"https:\\\/\\\/elgarajedefrank.es\\\/fr\\\/\",\"name\":\"El Garaje de Frank\",\"description\":\"Music magazine\",\"publisher\":{\"@id\":\"https:\\\/\\\/elgarajedefrank.es\\\/fr\\\/#\\\/schema\\\/person\\\/d709c9c33f5f405d44c6c9397889ba15\"},\"potentialAction\":[{\"@type\":\"SearchAction\",\"target\":{\"@type\":\"EntryPoint\",\"urlTemplate\":\"https:\\\/\\\/elgarajedefrank.es\\\/fr\\\/?s={search_term_string}\"},\"query-input\":{\"@type\":\"PropertyValueSpecification\",\"valueRequired\":true,\"valueName\":\"search_term_string\"}}],\"inLanguage\":\"fr-FR\"},{\"@type\":[\"Person\",\"Organization\"],\"@id\":\"https:\\\/\\\/elgarajedefrank.es\\\/fr\\\/#\\\/schema\\\/person\\\/d709c9c33f5f405d44c6c9397889ba15\",\"name\":\"Fran\u00e7ois Zappa\",\"image\":{\"@type\":\"ImageObject\",\"inLanguage\":\"fr-FR\",\"@id\":\"https:\\\/\\\/elgarajedefrank.es\\\/wp-content\\\/uploads\\\/2019\\\/10\\\/IMG_8278-150x150.jpg\",\"url\":\"https:\\\/\\\/elgarajedefrank.es\\\/wp-content\\\/uploads\\\/2019\\\/10\\\/IMG_8278-150x150.jpg\",\"contentUrl\":\"https:\\\/\\\/elgarajedefrank.es\\\/wp-content\\\/uploads\\\/2019\\\/10\\\/IMG_8278-150x150.jpg\",\"caption\":\"Fran\u00e7ois Zappa\"},\"logo\":{\"@id\":\"https:\\\/\\\/elgarajedefrank.es\\\/wp-content\\\/uploads\\\/2019\\\/10\\\/IMG_8278-150x150.jpg\"},\"sameAs\":[\"https:\\\/\\\/www.facebook.com\\\/elgarajedefrank\\\/\",\"https:\\\/\\\/www.instagram.com\\\/elgarajedefrank\\\/\"]}]}<\/script>\n<!-- \/ Yoast SEO plugin. -->","yoast_head_json":{"title":"Interview : Isolated Youth &#8212; El Garaje de Frank","description":"Interviews &#8212; Interview avec le groupe de post-punk Isolated Youth.","robots":{"index":"index","follow":"follow","max-snippet":"max-snippet:-1","max-image-preview":"max-image-preview:large","max-video-preview":"max-video-preview:-1"},"canonical":"https:\/\/elgarajedefrank.es\/fr\/interview-isolated-youth\/","og_locale":"fr_FR","og_type":"article","og_title":"Interview : Isolated Youth &#8212; El Garaje de Frank","og_description":"Interviews &#8212; Interview avec le groupe de post-punk Isolated Youth.","og_url":"https:\/\/elgarajedefrank.es\/fr\/interview-isolated-youth\/","og_site_name":"El Garaje de Frank","article_publisher":"https:\/\/www.facebook.com\/elgarajedefrank\/","article_author":"https:\/\/www.facebook.com\/elgarajedefrank\/","article_published_time":"2020-06-04T11:21:03+00:00","article_modified_time":"2022-10-17T19:43:16+00:00","og_image":[{"width":711,"height":678,"url":"https:\/\/elgarajedefrank.es\/wp-content\/uploads\/2020\/06\/IMG_0450-1.jpeg","type":"image\/jpeg"}],"author":"Fran\u00e7ois Zappa","twitter_card":"summary_large_image","twitter_misc":{"\u00c9crit par":"Fran\u00e7ois Zappa","Dur\u00e9e de lecture estim\u00e9e":"8 minutes"},"schema":{"@context":"https:\/\/schema.org","@graph":[{"@type":"Article","@id":"https:\/\/elgarajedefrank.es\/fr\/interview-isolated-youth\/#article","isPartOf":{"@id":"https:\/\/elgarajedefrank.es\/fr\/interview-isolated-youth\/"},"author":{"name":"Fran\u00e7ois Zappa","@id":"https:\/\/elgarajedefrank.es\/fr\/#\/schema\/person\/d709c9c33f5f405d44c6c9397889ba15"},"headline":"Interview : Isolated Youth","datePublished":"2020-06-04T11:21:03+00:00","dateModified":"2022-10-17T19:43:16+00:00","mainEntityOfPage":{"@id":"https:\/\/elgarajedefrank.es\/fr\/interview-isolated-youth\/"},"wordCount":1632,"commentCount":0,"publisher":{"@id":"https:\/\/elgarajedefrank.es\/fr\/#\/schema\/person\/d709c9c33f5f405d44c6c9397889ba15"},"image":{"@id":"https:\/\/elgarajedefrank.es\/fr\/interview-isolated-youth\/#primaryimage"},"thumbnailUrl":"https:\/\/elgarajedefrank.es\/wp-content\/uploads\/2020\/06\/IMG_0450-1.jpeg","keywords":["Post-punk"],"articleSection":["Interviews"],"inLanguage":"fr-FR","potentialAction":[{"@type":"CommentAction","name":"Comment","target":["https:\/\/elgarajedefrank.es\/fr\/interview-isolated-youth\/#respond"]}]},{"@type":"WebPage","@id":"https:\/\/elgarajedefrank.es\/fr\/interview-isolated-youth\/","url":"https:\/\/elgarajedefrank.es\/fr\/interview-isolated-youth\/","name":"Interview : Isolated Youth &#8212; El Garaje de Frank","isPartOf":{"@id":"https:\/\/elgarajedefrank.es\/fr\/#website"},"primaryImageOfPage":{"@id":"https:\/\/elgarajedefrank.es\/fr\/interview-isolated-youth\/#primaryimage"},"image":{"@id":"https:\/\/elgarajedefrank.es\/fr\/interview-isolated-youth\/#primaryimage"},"thumbnailUrl":"https:\/\/elgarajedefrank.es\/wp-content\/uploads\/2020\/06\/IMG_0450-1.jpeg","datePublished":"2020-06-04T11:21:03+00:00","dateModified":"2022-10-17T19:43:16+00:00","description":"Interviews &#8212; Interview avec le groupe de post-punk Isolated Youth.","breadcrumb":{"@id":"https:\/\/elgarajedefrank.es\/fr\/interview-isolated-youth\/#breadcrumb"},"inLanguage":"fr-FR","potentialAction":[{"@type":"ReadAction","target":["https:\/\/elgarajedefrank.es\/fr\/interview-isolated-youth\/"]}]},{"@type":"ImageObject","inLanguage":"fr-FR","@id":"https:\/\/elgarajedefrank.es\/fr\/interview-isolated-youth\/#primaryimage","url":"https:\/\/elgarajedefrank.es\/wp-content\/uploads\/2020\/06\/IMG_0450-1.jpeg","contentUrl":"https:\/\/elgarajedefrank.es\/wp-content\/uploads\/2020\/06\/IMG_0450-1.jpeg","width":711,"height":678},{"@type":"BreadcrumbList","@id":"https:\/\/elgarajedefrank.es\/fr\/interview-isolated-youth\/#breadcrumb","itemListElement":[{"@type":"ListItem","position":1,"name":"Inicio","item":"https:\/\/elgarajedefrank.es\/fr\/"},{"@type":"ListItem","position":2,"name":"Interviews","item":"https:\/\/elgarajedefrank.es\/fr\/category\/interviews-fr\/"},{"@type":"ListItem","position":3,"name":"Interview : Isolated Youth"}]},{"@type":"WebSite","@id":"https:\/\/elgarajedefrank.es\/fr\/#website","url":"https:\/\/elgarajedefrank.es\/fr\/","name":"El Garaje de Frank","description":"Music magazine","publisher":{"@id":"https:\/\/elgarajedefrank.es\/fr\/#\/schema\/person\/d709c9c33f5f405d44c6c9397889ba15"},"potentialAction":[{"@type":"SearchAction","target":{"@type":"EntryPoint","urlTemplate":"https:\/\/elgarajedefrank.es\/fr\/?s={search_term_string}"},"query-input":{"@type":"PropertyValueSpecification","valueRequired":true,"valueName":"search_term_string"}}],"inLanguage":"fr-FR"},{"@type":["Person","Organization"],"@id":"https:\/\/elgarajedefrank.es\/fr\/#\/schema\/person\/d709c9c33f5f405d44c6c9397889ba15","name":"Fran\u00e7ois Zappa","image":{"@type":"ImageObject","inLanguage":"fr-FR","@id":"https:\/\/elgarajedefrank.es\/wp-content\/uploads\/2019\/10\/IMG_8278-150x150.jpg","url":"https:\/\/elgarajedefrank.es\/wp-content\/uploads\/2019\/10\/IMG_8278-150x150.jpg","contentUrl":"https:\/\/elgarajedefrank.es\/wp-content\/uploads\/2019\/10\/IMG_8278-150x150.jpg","caption":"Fran\u00e7ois Zappa"},"logo":{"@id":"https:\/\/elgarajedefrank.es\/wp-content\/uploads\/2019\/10\/IMG_8278-150x150.jpg"},"sameAs":["https:\/\/www.facebook.com\/elgarajedefrank\/","https:\/\/www.instagram.com\/elgarajedefrank\/"]}]}},"_links":{"self":[{"href":"https:\/\/elgarajedefrank.es\/fr\/wp-json\/wp\/v2\/posts\/21186","targetHints":{"allow":["GET"]}}],"collection":[{"href":"https:\/\/elgarajedefrank.es\/fr\/wp-json\/wp\/v2\/posts"}],"about":[{"href":"https:\/\/elgarajedefrank.es\/fr\/wp-json\/wp\/v2\/types\/post"}],"author":[{"embeddable":true,"href":"https:\/\/elgarajedefrank.es\/fr\/wp-json\/wp\/v2\/users\/1"}],"replies":[{"embeddable":true,"href":"https:\/\/elgarajedefrank.es\/fr\/wp-json\/wp\/v2\/comments?post=21186"}],"version-history":[{"count":1,"href":"https:\/\/elgarajedefrank.es\/fr\/wp-json\/wp\/v2\/posts\/21186\/revisions"}],"predecessor-version":[{"id":49204,"href":"https:\/\/elgarajedefrank.es\/fr\/wp-json\/wp\/v2\/posts\/21186\/revisions\/49204"}],"wp:featuredmedia":[{"embeddable":true,"href":"https:\/\/elgarajedefrank.es\/fr\/wp-json\/wp\/v2\/media\/21287"}],"wp:attachment":[{"href":"https:\/\/elgarajedefrank.es\/fr\/wp-json\/wp\/v2\/media?parent=21186"}],"wp:term":[{"taxonomy":"category","embeddable":true,"href":"https:\/\/elgarajedefrank.es\/fr\/wp-json\/wp\/v2\/categories?post=21186"},{"taxonomy":"post_tag","embeddable":true,"href":"https:\/\/elgarajedefrank.es\/fr\/wp-json\/wp\/v2\/tags?post=21186"}],"curies":[{"name":"wp","href":"https:\/\/api.w.org\/{rel}","templated":true}]}}