{"id":20895,"date":"2020-05-23T12:44:41","date_gmt":"2020-05-23T10:44:41","guid":{"rendered":"https:\/\/elgarajedefrank.es\/?p=20895"},"modified":"2023-11-03T22:22:27","modified_gmt":"2023-11-03T21:22:27","slug":"interview-we-are-waves","status":"publish","type":"post","link":"https:\/\/elgarajedefrank.es\/fr\/interview-we-are-waves\/","title":{"rendered":"Interview : We Are Waves"},"content":{"rendered":"<p><span style=\"font-size: 12pt; font-family: georgia, palatino, serif;\"><strong>L\u2019un des autres groupes qu\u2019on esp\u00e9rait voir au W-Fest r\u00e9pond au po\u00e9tique nom de\u00a0We Are Waves et nous vient tout droit d\u2019Italie. M\u00eame si le festival n\u2019aura tristement pas lieu, on n\u2019a pas voulu rater l\u2019occasion de parler avec Fabio Viassone, \u00ab Viax \u00bb chanteur de la formation qui associe new wave et touche d\u2019\u00e9lectronique moderne.<\/strong><\/span><\/p>\n<p><span style=\"font-size: 12pt; font-family: georgia, palatino, serif;\"><strong><img fetchpriority=\"high\" decoding=\"async\" class=\"size-medium wp-image-20984 alignleft\" src=\"https:\/\/elgarajedefrank.es\/wp-content\/uploads\/2020\/05\/IMG_0775-300x200.jpg\" alt=\"\" width=\"300\" height=\"200\" srcset=\"https:\/\/elgarajedefrank.es\/wp-content\/uploads\/2020\/05\/IMG_0775-300x200.jpg 300w, https:\/\/elgarajedefrank.es\/wp-content\/uploads\/2020\/05\/IMG_0775-1024x683.jpg 1024w, https:\/\/elgarajedefrank.es\/wp-content\/uploads\/2020\/05\/IMG_0775-768x512.jpg 768w, https:\/\/elgarajedefrank.es\/wp-content\/uploads\/2020\/05\/IMG_0775-1536x1024.jpg 1536w, https:\/\/elgarajedefrank.es\/wp-content\/uploads\/2020\/05\/IMG_0775-2048x1365.jpg 2048w, https:\/\/elgarajedefrank.es\/wp-content\/uploads\/2020\/05\/IMG_0775-scaled.jpg 1920w, https:\/\/elgarajedefrank.es\/wp-content\/uploads\/2020\/05\/IMG_0775-1170x780.jpg 1170w, https:\/\/elgarajedefrank.es\/wp-content\/uploads\/2020\/05\/IMG_0775-585x390.jpg 585w, https:\/\/elgarajedefrank.es\/wp-content\/uploads\/2020\/05\/IMG_0775-263x175.jpg 263w\" sizes=\"(max-width: 300px) 100vw, 300px\" \/>\u2014Avant, le groupe portait un autre nom et faisait du rock\/crossover. Tu peux nous en dire plus \u00e0 ce sujet ?<\/strong><\/span><\/p>\n<p><span style=\"font-family: georgia, palatino, serif; font-size: 12pt;\">\u2014Oui, certains des membres \u00e9taient impliqu\u00e9s dans plusieurs projets musicaux avant WAW. Quand j\u2019\u00e9tais ado, j\u2019\u00e9tais influenc\u00e9 par les groupes comme <strong>Korn<\/strong>, <strong>System Of A Down<\/strong> et <strong>Deftones\u00a0<\/strong>(qui me plaisent toujours). C\u2019\u00e9tait notre r\u00eave post-adolescent et notre nom \u00e9tait moche <strong>(Overock).<\/strong> Mais j\u2019ai de bons souvenirs de cette p\u00e9riode.<\/span><\/p>\n<p><span style=\"font-size: 12pt; font-family: georgia, palatino, serif;\"><strong>\u2014Pourquoi avoir choisi We Are Waves ?<\/strong><\/span><\/p>\n<p><span style=\"font-family: georgia, palatino, serif; font-size: 12pt;\">\u2014J\u2019\u00e9tais en tourn\u00e9e dans le sud de l\u2019Italie comme bassiste pour un autre groupe italien. Je cherchais quelque chose d\u2019\u00e9mouvant et imaginatif. Le nom m\u2019est venu en t\u00eate alors que je regardais la mer. J\u2019admirais les vagues, en pensant combien elles nous ressemblent. Tout comme les gens, les vagues choquent constamment contre quelque chose, se l\u00e8vent de fa\u00e7on majestueuse pendant une seconde, choquent \u00e0 nouveau contre autre chose, durement. Pendant toute sa vie.<\/span><\/p>\n<p><span style=\"font-size: 12pt; font-family: georgia, palatino, serif;\"><strong>\u00a0\u2014On a une question qu\u2019on aime bien faire aux groupes italiens : les groupes des ann\u00e9es 80 de ton pays, comme Neon, Diaframma ou Kirlian Camera t\u2019ont-ils influenc\u00e9 ?<\/strong><\/span><\/p>\n<p><span style=\"font-family: georgia, palatino, serif; font-size: 12pt;\">\u2014Je vais \u00eatre honn\u00eate : pas vraiment. On pr\u00e9f\u00e8re d\u2019autres artistes italiens. Des noms que tu as mentionn\u00e9s, <strong>Diaframma\u00a0<\/strong>est celui qu\u2019on pr\u00e9f\u00e8re. Leur premier album de 1985, <em>Siberia,<\/em> est une \u0153uvre magistrale de new wave et de composition italienne.<\/span><\/p>\n<p><span style=\"font-family: georgia, palatino, serif; font-size: 12pt;\"><b><strong><img decoding=\"async\" class=\"size-medium wp-image-20996 alignright\" src=\"https:\/\/elgarajedefrank.es\/wp-content\/uploads\/2020\/05\/We-Are-Waves-9-300x270.jpg\" alt=\"\" width=\"300\" height=\"270\" srcset=\"https:\/\/elgarajedefrank.es\/wp-content\/uploads\/2020\/05\/We-Are-Waves-9-300x270.jpg 300w, https:\/\/elgarajedefrank.es\/wp-content\/uploads\/2020\/05\/We-Are-Waves-9-1024x921.jpg 1024w, https:\/\/elgarajedefrank.es\/wp-content\/uploads\/2020\/05\/We-Are-Waves-9-768x691.jpg 768w, https:\/\/elgarajedefrank.es\/wp-content\/uploads\/2020\/05\/We-Are-Waves-9-1536x1382.jpg 1536w, https:\/\/elgarajedefrank.es\/wp-content\/uploads\/2020\/05\/We-Are-Waves-9-2048x1843.jpg 2048w, https:\/\/elgarajedefrank.es\/wp-content\/uploads\/2020\/05\/We-Are-Waves-9-scaled.jpg 1920w, https:\/\/elgarajedefrank.es\/wp-content\/uploads\/2020\/05\/We-Are-Waves-9-1170x1053.jpg 1170w, https:\/\/elgarajedefrank.es\/wp-content\/uploads\/2020\/05\/We-Are-Waves-9-585x526.jpg 585w\" sizes=\"(max-width: 300px) 100vw, 300px\" \/><\/strong>\u2014Vous \u00eates le premier groupe italien qu\u2019on interviewe pour le W-Fest. Pourtant, derni\u00e8rement, on a parl\u00e9 de <\/b><b>beaucoup<\/b><b> de groupes de ton pays :<\/b><strong> Hapax, Der Himmel \u00fcber Berlin, et on a m\u00eame vu certains en concert. Tu crois que c\u2019est un bon moment pour la sc\u00e8ne gothique\/wave italienne ?<\/strong><\/span><\/p>\n<p><span style=\"font-size: 12pt; font-family: georgia, palatino, serif;\">\u2014L\u2019Italie a une tr\u00e8s bonne sc\u00e8ne underground, bien qu\u2019elle ne soit pas tr\u00e8s c\u00e9l\u00e8bre au-del\u00e0 de ses fronti\u00e8res.\u00a0De nombreux artistes ouvrent la voie avec passion avec leurs projets et font le tour du monde. En ce qui concerne la sc\u00e8ne gothique\/wave, je pense honn\u00eatement que ce n\u2019est pas un bon moment, m\u00eame s\u2019il y a des r\u00e9alit\u00e9s int\u00e9ressantes, des promoteurs et des \u00e9v\u00e9nements d\u00e9di\u00e9s.<\/span><\/p>\n<p><span style=\"font-family: georgia, palatino, serif; font-size: 12pt;\"><strong>\u2014Dans une interview, tu disais que <em>Labile<\/em>, votre premier album, parle de ce moment o\u00f9 ta vie prend une direction que tu n\u2019aurais jamais imagin\u00e9e. Quels \u00e9v\u00e9nements importants se sont produits lors de la cr\u00e9ation de l\u2019album ?<\/strong><\/span><\/p>\n<p><span style=\"font-family: georgia, palatino, serif; font-size: 12pt;\">\u2014Cette p\u00e9riode a \u00e9t\u00e9 tr\u00e8s intense pour moi. J\u2019ai travaill\u00e9 sur <em>Labile<\/em> avec ma copine de l\u2019\u00e9poque. Elle \u00e9tait photographe d\u2019art et travaillait sur un projet tr\u00e8s proche du concept de l\u2019album que nous faisions. Elle a invent\u00e9 le nom \u00ab Labile \u00bb. Nous avons d\u00e9cid\u00e9 de combiner des id\u00e9es et de travailler ensemble sur le projet, m\u00ealant photographie, mots et musique. Sur la couverture de l\u2019album, elle et moi nous hurlons dessus. \u00c0 l\u2019int\u00e9rieur, on retrouve le reste des photos de la s\u00e9rie.<\/span><\/p>\n<p><span style=\"font-family: georgia, palatino, serif; font-size: 12pt;\"><strong>\u2014Tu viens de Turin, une ville que j\u2019ai visit\u00e9e plusieurs fois, notamment pour assister \u00e0 des festivals de musique \u00e9lectronique. Dans l\u2019un d\u2019eux, Club to Club, nous avons entendu parler du mouvement appel\u00e9 \u00ab La nouvelle vague italienne \u00bb, avec des artistes, principalement, de cette ville italienne. Aimes-tu la musique de Not Waving ou Ninos do Brasil, deux exemples du mouvement ? Les connais-tu personnellement ?<\/strong><\/span><\/p>\n<p><span style=\"font-size: 12pt; font-family: georgia, palatino, serif;\"><strong>\u2014<\/strong>Je les connais parfaitement, m\u00eame s\u2019ils n\u2019ont aucun lien avec notre concept de \u00ab nouvelle vague \u00bb. Pour eux, c\u2019est \u00ab la nouvelle g\u00e9n\u00e9ration d\u2019artistes \u00e9lectroniques \u00bb et c\u2019est tr\u00e8s int\u00e9ressant. On n\u2019a pas de relations avec les artistes que tu mentionnes, on les conna\u00eet et on les a vus en concert, en particulier <strong>Ninos Du Brasil<\/strong> qui sont fantastiques.<\/span><\/p>\n<p><span style=\"font-family: georgia, palatino, serif; font-size: 12pt;\"><strong><img decoding=\"async\" class=\"size-medium wp-image-20993 alignleft\" src=\"https:\/\/elgarajedefrank.es\/wp-content\/uploads\/2020\/05\/WaWGoppinghen-19-300x200.jpg\" alt=\"\" width=\"300\" height=\"200\" srcset=\"https:\/\/elgarajedefrank.es\/wp-content\/uploads\/2020\/05\/WaWGoppinghen-19-300x200.jpg 300w, https:\/\/elgarajedefrank.es\/wp-content\/uploads\/2020\/05\/WaWGoppinghen-19-1024x683.jpg 1024w, https:\/\/elgarajedefrank.es\/wp-content\/uploads\/2020\/05\/WaWGoppinghen-19-768x512.jpg 768w, https:\/\/elgarajedefrank.es\/wp-content\/uploads\/2020\/05\/WaWGoppinghen-19-1536x1024.jpg 1536w, https:\/\/elgarajedefrank.es\/wp-content\/uploads\/2020\/05\/WaWGoppinghen-19-2048x1365.jpg 2048w, https:\/\/elgarajedefrank.es\/wp-content\/uploads\/2020\/05\/WaWGoppinghen-19-scaled.jpg 1920w, https:\/\/elgarajedefrank.es\/wp-content\/uploads\/2020\/05\/WaWGoppinghen-19-1170x780.jpg 1170w, https:\/\/elgarajedefrank.es\/wp-content\/uploads\/2020\/05\/WaWGoppinghen-19-585x390.jpg 585w, https:\/\/elgarajedefrank.es\/wp-content\/uploads\/2020\/05\/WaWGoppinghen-19-263x175.jpg 263w\" sizes=\"(max-width: 300px) 100vw, 300px\" \/>\u2014J\u2019ai \u00e9galement lu que tu es vraiment int\u00e9ress\u00e9 par l\u2019\u00e9lectronique d\u2019artistes tels que Nero, Crystal Castles, Trentemoller, DeadMau5 et le nouveau mouvement afrobeat qui se produit dans la techno. Penses-tu que toutes ces influences marquent la musique de We Are Waves ?<\/strong><\/span><\/p>\n<p><span style=\"font-size: 12pt; font-family: georgia, palatino, serif;\"><strong>\u2014<\/strong>On est toujours \u00e0 la recherche de nouvelles inspirations. On ne veut pas \u00eatre nostalgiques, mais je pense que le risque \u00e9loigne la nouvelle g\u00e9n\u00e9ration de ce genre de musique. On utilise la \u00ab nouvelle vague\/post-punk \u00bb comme palette de couleurs pour faire quelque chose d\u2019actuel et de personnel. La musique \u00e9lectronique est actuellement l\u2019un des domaines les plus cr\u00e9atifs et on aime \u00eatre influenc\u00e9s par diff\u00e9rents types de musique.<\/span><\/p>\n<p><span style=\"font-family: georgia, palatino, serif; font-size: 12pt;\"><strong>\u2014Peux-tu nous expliquer la raison de cet int\u00e9r\u00eat pour la musique des ann\u00e9es 80 chez des gens aussi jeunes que toi ?<\/strong><\/span><\/p>\n<p><span style=\"font-size: 12pt; font-family: georgia, palatino, serif;\"><strong>\u2014<\/strong>On a d\u00e9couvert un monde dans lequel on se situe, non seulement musicalement, mais aussi personnellement. J\u2019ai toujours \u00e9t\u00e9 introverti et d\u00e9couvrir des groupes comme <strong>Cure, Interpol<\/strong> ou <strong>The Smiths<\/strong> a \u00e9t\u00e9 une r\u00e9v\u00e9lation. J\u2019ai compris que je ne suis pas le seul \u00e0 ressentir ces sentiments.<\/span><\/p>\n<p><span style=\"font-family: georgia, palatino, serif; font-size: 12pt;\"><strong>\u2014Dans <em>Promises,<\/em> on retrouve une chanson intitul\u00e9e \u00ab 1982 \u00bb. Pourquoi avoir choisi cette ann\u00e9e ? Est-ce une date importante pour toi ?<\/strong><\/span><\/p>\n<p><span style=\"font-size: 12pt; font-family: georgia, palatino, serif;\"><strong>\u2014<\/strong>C\u2019est l\u2019ann\u00e9e de ma naissance. C\u2019est une chanson qui \u00e9value ma vie, et c\u2019est le d\u00e9but parfait pour un album comme <em>Promises,<\/em> qui parle de la transition de la jeunesse \u00e0 l\u2019\u00e2ge adulte et de sa charge de faiblesses.<\/span><\/p>\n<p><span style=\"font-family: georgia, palatino, serif; font-size: 12pt;\"><strong><img loading=\"lazy\" decoding=\"async\" class=\"size-medium wp-image-20981 alignright\" src=\"https:\/\/elgarajedefrank.es\/wp-content\/uploads\/2020\/05\/IMG_0727-300x200.jpg\" alt=\"\" width=\"300\" height=\"200\" srcset=\"https:\/\/elgarajedefrank.es\/wp-content\/uploads\/2020\/05\/IMG_0727-300x200.jpg 300w, https:\/\/elgarajedefrank.es\/wp-content\/uploads\/2020\/05\/IMG_0727-1024x683.jpg 1024w, https:\/\/elgarajedefrank.es\/wp-content\/uploads\/2020\/05\/IMG_0727-768x512.jpg 768w, https:\/\/elgarajedefrank.es\/wp-content\/uploads\/2020\/05\/IMG_0727-1536x1024.jpg 1536w, https:\/\/elgarajedefrank.es\/wp-content\/uploads\/2020\/05\/IMG_0727-2048x1365.jpg 2048w, https:\/\/elgarajedefrank.es\/wp-content\/uploads\/2020\/05\/IMG_0727-scaled.jpg 1920w, https:\/\/elgarajedefrank.es\/wp-content\/uploads\/2020\/05\/IMG_0727-1170x780.jpg 1170w, https:\/\/elgarajedefrank.es\/wp-content\/uploads\/2020\/05\/IMG_0727-585x390.jpg 585w, https:\/\/elgarajedefrank.es\/wp-content\/uploads\/2020\/05\/IMG_0727-263x175.jpg 263w\" sizes=\"(max-width: 300px) 100vw, 300px\" \/>\u2014Dirais-tu que tes morceaux sont essentiellement m\u00e9lancoliques ? Ou choisirais-tu un autre sentiment pour les d\u00e9crire ?<\/strong><\/span><\/p>\n<p><span style=\"font-size: 12pt; font-family: georgia, palatino, serif;\"><strong>\u2014<\/strong>On se concentre davantage sur l\u2019empathie. On veut reproduire le sentiment de faire partie de quelque chose, partager des \u00e9motions avec des gens qui viennent \u00e0 nos concerts ou \u00e9coutent notre musique. C\u2019est la chose la plus importante qu\u2019on essaie de r\u00e9aliser avec les illustrations de nos albums et clips vid\u00e9o.<\/span><\/p>\n<p><span style=\"font-family: georgia, palatino, serif; font-size: 12pt;\"><strong>\u2014Tu peux nous raconter comment est n\u00e9e l\u2019id\u00e9e de l\u2019EP <em>Promixes?<\/em> Si j\u2019ai bien compris, l\u2019origine \u00e9tait une tourn\u00e9e de Viax et Cisa en 2015 dans laquelle tu as fait un set plus \u00e9lectronique, non ?<\/strong><\/span><\/p>\n<p><span style=\"font-size: 12pt; font-family: georgia, palatino, serif;\"><strong>\u2014<\/strong>Comme dans la plupart des cas, c\u2019est arriv\u00e9 par hasard. On devait jouer sur une \u00e9mission de radio et il n\u2019y avait pas de place pour tout le groupe. On a donc arrang\u00e9 quelques chansons de mani\u00e8re plus synth\u00e9tique. On a aim\u00e9 le r\u00e9sultat et on pr\u00e9voit de cr\u00e9er un set distinct, qui ressemblait \u00e0 une sorte de version n\u00e9gative de Promises, qui est plut\u00f4t tr\u00e8s chaleureuse et empathique. On a fait plusieurs tourn\u00e9es de cette fa\u00e7on, en jouant avec des artistes comme<strong> The Toxic Avenger<\/strong> ou <strong>Aucan.<\/strong><\/span><\/p>\n<p><span style=\"font-family: georgia, palatino, serif; font-size: 12pt;\"><strong>\u2014Deux des membres fondateurs ont quitt\u00e9 le groupe il y a quelque temps. Qu\u2019est-il arriv\u00e9 ?<\/strong><\/span><\/p>\n<p><span style=\"font-family: georgia, palatino, serif; font-size: 12pt;\">\u2014Notre ancien batteur est parti vivre \u00e0 Berlin. Notre ancienne bassiste avait une fille et a commenc\u00e9 \u00e0 se concentrer sur sa carri\u00e8re m\u00e9dicale, qui est assez exigeante, surtout en ces temps dramatiques. Mais on est toujours de grands amis. Comme toute relation longue, les gens changent leurs priorit\u00e9s et doivent faire de nouvelles choses par eux-m\u00eames. <strong>WAW<\/strong> n\u2019est pas seulement un groupe, c\u2019est une famille ; les familles laissent les gens s\u2019exprimer.<\/span><\/p>\n<p><span style=\"font-family: georgia, palatino, serif; font-size: 12pt;\"><strong><img loading=\"lazy\" decoding=\"async\" class=\"size-medium wp-image-20990 alignleft\" src=\"https:\/\/elgarajedefrank.es\/wp-content\/uploads\/2020\/05\/WaWGoppinghen-17-300x200.jpg\" alt=\"\" width=\"300\" height=\"200\" srcset=\"https:\/\/elgarajedefrank.es\/wp-content\/uploads\/2020\/05\/WaWGoppinghen-17-300x200.jpg 300w, https:\/\/elgarajedefrank.es\/wp-content\/uploads\/2020\/05\/WaWGoppinghen-17-1024x683.jpg 1024w, https:\/\/elgarajedefrank.es\/wp-content\/uploads\/2020\/05\/WaWGoppinghen-17-768x512.jpg 768w, https:\/\/elgarajedefrank.es\/wp-content\/uploads\/2020\/05\/WaWGoppinghen-17-1536x1024.jpg 1536w, https:\/\/elgarajedefrank.es\/wp-content\/uploads\/2020\/05\/WaWGoppinghen-17-2048x1365.jpg 2048w, https:\/\/elgarajedefrank.es\/wp-content\/uploads\/2020\/05\/WaWGoppinghen-17-scaled.jpg 1920w, https:\/\/elgarajedefrank.es\/wp-content\/uploads\/2020\/05\/WaWGoppinghen-17-1170x780.jpg 1170w, https:\/\/elgarajedefrank.es\/wp-content\/uploads\/2020\/05\/WaWGoppinghen-17-585x390.jpg 585w, https:\/\/elgarajedefrank.es\/wp-content\/uploads\/2020\/05\/WaWGoppinghen-17-263x175.jpg 263w\" sizes=\"(max-width: 300px) 100vw, 300px\" \/>\u2014Passons \u00e0 ton dernier album, <em>Hold <\/em>(2018) tu as dit que tu voulais\u00a0un son plus personnel. Selon toi, comment le son de We Are Waves a \u00e9volu\u00e9 sur ces trois albums ?<\/strong><\/span><\/p>\n<p><span style=\"font-family: georgia, palatino, serif; font-size: 12pt;\">\u2014Le son de <strong>WAW<\/strong> est en constante \u00e9volution. Avec Labile, on a commenc\u00e9 \u00e0 construire notre style musical, en essayant d\u2019\u00eatre reconnaissable. Avec Promises, on le d\u00e9finit, sachant que notre label (MeatBeat Records) nous a permis une meilleure production. Avec <em>Hold,<\/em> on voulait \u00e9tendre les choses, exp\u00e9rimenter l\u2019\u00e9lectronique et \u00e9crire des chansons un peu plus \u00ab vides \u00bb (sans 40 couches d\u2019instruments jouant simultan\u00e9ment, mais un peu plus minimalistes). Maintenant, on \u00e9crit du nouveau mat\u00e9riel, encore diff\u00e9rent.<\/span><\/p>\n<p><span style=\"font-family: georgia, palatino, serif; font-size: 12pt;\"><strong>\u2014Dans une autre de tes interviews, tu parles du nouveau ph\u00e9nom\u00e8ne d\u2019itPop. Tu peux nous dire en quoi il consiste?<\/strong><\/span><\/p>\n<p><span style=\"font-family: georgia, palatino, serif; font-size: 12pt;\">\u2014ItPop est un pseudonyme de \u00absc\u00e8ne ind\u00e9 italienne inspir\u00e9e des c\u00e9l\u00e8bres auteurs-compositeurs-interpr\u00e8tes italiens des ann\u00e9es 70 et 80\u00bb.<\/span><\/p>\n<p><span style=\"font-family: georgia, palatino, serif; font-size: 12pt;\"><strong>\u2014As-tu \u00e9t\u00e9 tent\u00e9 de chanter en italien ? Serait-il plus facile pour le groupe d\u2019atteindre une certaine renomm\u00e9e en Italie ?<\/strong><\/span><\/p>\n<p><span style=\"font-size: 12pt; font-family: georgia, palatino, serif;\"><strong>\u2014<\/strong>Peut-\u00eatre. Beaucoup de gens me posent la m\u00eame question. Mais je ne suis pas dou\u00e9 pour \u00e9crire et chanter en italien. Cela ne correspond pas \u00e0 ma fa\u00e7on de faire de la musique. On a donc d\u00e9cid\u00e9 d\u2019\u00eatre moins connus en Italie (un pays tr\u00e8s concentr\u00e9 sur les artistes qui chantent dans leur langue maternelle) et un peu plus \u00ab international \u00bb. Au cours de ces ann\u00e9es, on a beaucoup voyag\u00e9 et jou\u00e9 au Royaume-Uni, en France, en Belgique, en Allemagne, en Suisse, en Russie. Ce serait impossible si on chantait en italien.<\/span><\/p>\n<p><span style=\"font-family: georgia, palatino, serif; font-size: 12pt;\"><strong>\u2014<img loading=\"lazy\" decoding=\"async\" class=\"size-medium wp-image-20987 alignright\" src=\"https:\/\/elgarajedefrank.es\/wp-content\/uploads\/2020\/05\/IMG_0868-200x300.jpg\" alt=\"\" width=\"200\" height=\"300\" srcset=\"https:\/\/elgarajedefrank.es\/wp-content\/uploads\/2020\/05\/IMG_0868-200x300.jpg 200w, https:\/\/elgarajedefrank.es\/wp-content\/uploads\/2020\/05\/IMG_0868-683x1024.jpg 683w, https:\/\/elgarajedefrank.es\/wp-content\/uploads\/2020\/05\/IMG_0868-768x1152.jpg 768w, https:\/\/elgarajedefrank.es\/wp-content\/uploads\/2020\/05\/IMG_0868-1024x1536.jpg 1024w, https:\/\/elgarajedefrank.es\/wp-content\/uploads\/2020\/05\/IMG_0868-1365x2048.jpg 1365w, https:\/\/elgarajedefrank.es\/wp-content\/uploads\/2020\/05\/IMG_0868-1920x2880.jpg 1920w, https:\/\/elgarajedefrank.es\/wp-content\/uploads\/2020\/05\/IMG_0868-1170x1755.jpg 1170w, https:\/\/elgarajedefrank.es\/wp-content\/uploads\/2020\/05\/IMG_0868-585x877.jpg 585w, https:\/\/elgarajedefrank.es\/wp-content\/uploads\/2020\/05\/IMG_0868-scaled.jpg 1280w\" sizes=\"(max-width: 200px) 100vw, 200px\" \/>Comment le groupe vit-il ces temps de quarantaine ? J\u2019ai vu que tu as donn\u00e9 un concert de chez toi.<\/strong><\/span><\/p>\n<p><span style=\"font-size: 12pt; font-family: georgia, palatino, serif;\"><strong>\u2014<\/strong>Le pire, c\u2019est que tous les concerts de 2020 ont \u00e9t\u00e9 annul\u00e9s. On ne peut pas se voir et on est pi\u00e9g\u00e9s par nos probl\u00e8mes personnels. On se parle occasionnellement, mais pas tr\u00e8s souvent. C\u2019est une p\u00e9riode tr\u00e8s \u00e9trange et lourde. Oui, j\u2019ai fait un petit concert acoustique de chez moi, c\u2019\u00e9tait bien de pouvoir entrer en contact avec nos fans. Je le referai probablement si je suis de bonne humeur.<\/span><\/p>\n<p><span style=\"font-family: georgia, palatino, serif; font-size: 12pt;\"><strong>\u2014Que\u00a0peut-on attendre de We Are Waves \u00e0 l\u2019avenir ?<\/strong><\/span><\/p>\n<p><span style=\"font-family: georgia, palatino, serif; font-size: 12pt;\">\u2014Avant cette pand\u00e9mie, on travaillait sur du nouveau mat\u00e9riel et on avait pr\u00e9vu quelques concerts, comme celui du W-Fest 2020. Maintenant, on doit trouver de nouvelles dates pour tout. Mais on a une petite surprise qu\u2019on sera heureux de partager avec tous nos fans bient\u00f4t.<\/span><\/p>\n<p><iframe title=\"We Are Waves - Healing Dance (Official Videoclip)\" width=\"1170\" height=\"658\" src=\"https:\/\/www.youtube.com\/embed\/m2Ug595OOnA?feature=oembed\" frameborder=\"0\" allow=\"accelerometer; autoplay; clipboard-write; encrypted-media; gyroscope; picture-in-picture; web-share\" allowfullscreen><\/iframe><\/p>\n","protected":false},"excerpt":{"rendered":"<p>L\u2019un des autres groupes qu\u2019on esp\u00e9rait voir au W-Fest r\u00e9pond au po\u00e9tique nom de\u00a0We Are&hellip;<\/p>\n","protected":false},"author":2,"featured_media":21001,"comment_status":"open","ping_status":"open","sticky":false,"template":"","format":"standard","meta":{"_lmt_disableupdate":"","_lmt_disable":"","footnotes":""},"categories":[35],"tags":[358,624],"class_list":["post-20895","post","type-post","status-publish","format-standard","has-post-thumbnail","hentry","category-interviews-fr","tag-musique-electronique","tag-wave-fr"],"yoast_head":"<!-- This site is optimized with the Yoast SEO plugin v27.4 - https:\/\/yoast.com\/product\/yoast-seo-wordpress\/ -->\n<title>Interview : We Are Waves &#8212; El Garaje de Frank<\/title>\n<meta name=\"description\" content=\"Interviews &#8212; Interview avec Fabio, du groupe italien We are Waves.\" \/>\n<meta name=\"robots\" content=\"index, follow, max-snippet:-1, max-image-preview:large, max-video-preview:-1\" \/>\n<link rel=\"canonical\" href=\"https:\/\/elgarajedefrank.es\/fr\/interview-we-are-waves\/\" \/>\n<meta property=\"og:locale\" content=\"fr_FR\" \/>\n<meta property=\"og:type\" content=\"article\" \/>\n<meta property=\"og:title\" content=\"Interview : We Are Waves &#8212; El Garaje de Frank\" \/>\n<meta property=\"og:description\" content=\"Interviews &#8212; Interview avec Fabio, du groupe italien We are Waves.\" \/>\n<meta property=\"og:url\" content=\"https:\/\/elgarajedefrank.es\/fr\/interview-we-are-waves\/\" \/>\n<meta property=\"og:site_name\" content=\"El Garaje de Frank\" \/>\n<meta property=\"article:publisher\" content=\"https:\/\/www.facebook.com\/elgarajedefrank\/\" \/>\n<meta property=\"article:published_time\" content=\"2020-05-23T10:44:41+00:00\" \/>\n<meta property=\"article:modified_time\" content=\"2023-11-03T21:22:27+00:00\" \/>\n<meta property=\"og:image\" content=\"https:\/\/elgarajedefrank.es\/wp-content\/uploads\/2020\/05\/We-Are-Waves-21-1024x987.jpg\" \/>\n\t<meta property=\"og:image:width\" content=\"1024\" \/>\n\t<meta property=\"og:image:height\" content=\"987\" \/>\n\t<meta property=\"og:image:type\" content=\"image\/jpeg\" \/>\n<meta name=\"author\" content=\"Violeta\" \/>\n<meta name=\"twitter:card\" content=\"summary_large_image\" \/>\n<meta name=\"twitter:label1\" content=\"\u00c9crit par\" \/>\n\t<meta name=\"twitter:data1\" content=\"Violeta\" \/>\n\t<meta name=\"twitter:label2\" content=\"Dur\u00e9e de lecture estim\u00e9e\" \/>\n\t<meta name=\"twitter:data2\" content=\"9 minutes\" \/>\n<script type=\"application\/ld+json\" class=\"yoast-schema-graph\">{\"@context\":\"https:\\\/\\\/schema.org\",\"@graph\":[{\"@type\":\"Article\",\"@id\":\"https:\\\/\\\/elgarajedefrank.es\\\/fr\\\/interview-we-are-waves\\\/#article\",\"isPartOf\":{\"@id\":\"https:\\\/\\\/elgarajedefrank.es\\\/fr\\\/interview-we-are-waves\\\/\"},\"author\":{\"name\":\"Violeta\",\"@id\":\"https:\\\/\\\/elgarajedefrank.es\\\/fr\\\/#\\\/schema\\\/person\\\/35ec115bc6f8fb3d23238106dc7c1308\"},\"headline\":\"Interview : We Are Waves\",\"datePublished\":\"2020-05-23T10:44:41+00:00\",\"dateModified\":\"2023-11-03T21:22:27+00:00\",\"mainEntityOfPage\":{\"@id\":\"https:\\\/\\\/elgarajedefrank.es\\\/fr\\\/interview-we-are-waves\\\/\"},\"wordCount\":1725,\"commentCount\":0,\"publisher\":{\"@id\":\"https:\\\/\\\/elgarajedefrank.es\\\/fr\\\/#\\\/schema\\\/person\\\/d709c9c33f5f405d44c6c9397889ba15\"},\"image\":{\"@id\":\"https:\\\/\\\/elgarajedefrank.es\\\/fr\\\/interview-we-are-waves\\\/#primaryimage\"},\"thumbnailUrl\":\"https:\\\/\\\/elgarajedefrank.es\\\/wp-content\\\/uploads\\\/2020\\\/05\\\/We-Are-Waves-21.jpg\",\"keywords\":[\"Musique \u00e9lectronique\",\"Wave\"],\"articleSection\":[\"Interviews\"],\"inLanguage\":\"fr-FR\",\"potentialAction\":[{\"@type\":\"CommentAction\",\"name\":\"Comment\",\"target\":[\"https:\\\/\\\/elgarajedefrank.es\\\/fr\\\/interview-we-are-waves\\\/#respond\"]}]},{\"@type\":\"WebPage\",\"@id\":\"https:\\\/\\\/elgarajedefrank.es\\\/fr\\\/interview-we-are-waves\\\/\",\"url\":\"https:\\\/\\\/elgarajedefrank.es\\\/fr\\\/interview-we-are-waves\\\/\",\"name\":\"Interview : We Are Waves &#8212; El Garaje de Frank\",\"isPartOf\":{\"@id\":\"https:\\\/\\\/elgarajedefrank.es\\\/fr\\\/#website\"},\"primaryImageOfPage\":{\"@id\":\"https:\\\/\\\/elgarajedefrank.es\\\/fr\\\/interview-we-are-waves\\\/#primaryimage\"},\"image\":{\"@id\":\"https:\\\/\\\/elgarajedefrank.es\\\/fr\\\/interview-we-are-waves\\\/#primaryimage\"},\"thumbnailUrl\":\"https:\\\/\\\/elgarajedefrank.es\\\/wp-content\\\/uploads\\\/2020\\\/05\\\/We-Are-Waves-21.jpg\",\"datePublished\":\"2020-05-23T10:44:41+00:00\",\"dateModified\":\"2023-11-03T21:22:27+00:00\",\"description\":\"Interviews &#8212; Interview avec Fabio, du groupe italien We are Waves.\",\"breadcrumb\":{\"@id\":\"https:\\\/\\\/elgarajedefrank.es\\\/fr\\\/interview-we-are-waves\\\/#breadcrumb\"},\"inLanguage\":\"fr-FR\",\"potentialAction\":[{\"@type\":\"ReadAction\",\"target\":[\"https:\\\/\\\/elgarajedefrank.es\\\/fr\\\/interview-we-are-waves\\\/\"]}]},{\"@type\":\"ImageObject\",\"inLanguage\":\"fr-FR\",\"@id\":\"https:\\\/\\\/elgarajedefrank.es\\\/fr\\\/interview-we-are-waves\\\/#primaryimage\",\"url\":\"https:\\\/\\\/elgarajedefrank.es\\\/wp-content\\\/uploads\\\/2020\\\/05\\\/We-Are-Waves-21.jpg\",\"contentUrl\":\"https:\\\/\\\/elgarajedefrank.es\\\/wp-content\\\/uploads\\\/2020\\\/05\\\/We-Are-Waves-21.jpg\",\"width\":2560,\"height\":2469},{\"@type\":\"BreadcrumbList\",\"@id\":\"https:\\\/\\\/elgarajedefrank.es\\\/fr\\\/interview-we-are-waves\\\/#breadcrumb\",\"itemListElement\":[{\"@type\":\"ListItem\",\"position\":1,\"name\":\"Inicio\",\"item\":\"https:\\\/\\\/elgarajedefrank.es\\\/fr\\\/\"},{\"@type\":\"ListItem\",\"position\":2,\"name\":\"Interviews\",\"item\":\"https:\\\/\\\/elgarajedefrank.es\\\/fr\\\/category\\\/interviews-fr\\\/\"},{\"@type\":\"ListItem\",\"position\":3,\"name\":\"Interview : We Are Waves\"}]},{\"@type\":\"WebSite\",\"@id\":\"https:\\\/\\\/elgarajedefrank.es\\\/fr\\\/#website\",\"url\":\"https:\\\/\\\/elgarajedefrank.es\\\/fr\\\/\",\"name\":\"El Garaje de Frank\",\"description\":\"Music magazine\",\"publisher\":{\"@id\":\"https:\\\/\\\/elgarajedefrank.es\\\/fr\\\/#\\\/schema\\\/person\\\/d709c9c33f5f405d44c6c9397889ba15\"},\"potentialAction\":[{\"@type\":\"SearchAction\",\"target\":{\"@type\":\"EntryPoint\",\"urlTemplate\":\"https:\\\/\\\/elgarajedefrank.es\\\/fr\\\/?s={search_term_string}\"},\"query-input\":{\"@type\":\"PropertyValueSpecification\",\"valueRequired\":true,\"valueName\":\"search_term_string\"}}],\"inLanguage\":\"fr-FR\"},{\"@type\":[\"Person\",\"Organization\"],\"@id\":\"https:\\\/\\\/elgarajedefrank.es\\\/fr\\\/#\\\/schema\\\/person\\\/d709c9c33f5f405d44c6c9397889ba15\",\"name\":\"Fran\u00e7ois Zappa\",\"image\":{\"@type\":\"ImageObject\",\"inLanguage\":\"fr-FR\",\"@id\":\"https:\\\/\\\/elgarajedefrank.es\\\/wp-content\\\/uploads\\\/2019\\\/10\\\/IMG_8278-150x150.jpg\",\"url\":\"https:\\\/\\\/elgarajedefrank.es\\\/wp-content\\\/uploads\\\/2019\\\/10\\\/IMG_8278-150x150.jpg\",\"contentUrl\":\"https:\\\/\\\/elgarajedefrank.es\\\/wp-content\\\/uploads\\\/2019\\\/10\\\/IMG_8278-150x150.jpg\",\"caption\":\"Fran\u00e7ois Zappa\"},\"logo\":{\"@id\":\"https:\\\/\\\/elgarajedefrank.es\\\/wp-content\\\/uploads\\\/2019\\\/10\\\/IMG_8278-150x150.jpg\"},\"sameAs\":[\"https:\\\/\\\/www.facebook.com\\\/elgarajedefrank\\\/\",\"https:\\\/\\\/www.instagram.com\\\/elgarajedefrank\\\/\"]},{\"@type\":\"Person\",\"@id\":\"https:\\\/\\\/elgarajedefrank.es\\\/fr\\\/#\\\/schema\\\/person\\\/35ec115bc6f8fb3d23238106dc7c1308\",\"name\":\"Violeta\",\"image\":{\"@type\":\"ImageObject\",\"inLanguage\":\"fr-FR\",\"@id\":\"https:\\\/\\\/elgarajedefrank.es\\\/wp-content\\\/uploads\\\/2019\\\/10\\\/IMG_0576-e1570432097945-150x150.jpg\",\"url\":\"https:\\\/\\\/elgarajedefrank.es\\\/wp-content\\\/uploads\\\/2019\\\/10\\\/IMG_0576-e1570432097945-150x150.jpg\",\"contentUrl\":\"https:\\\/\\\/elgarajedefrank.es\\\/wp-content\\\/uploads\\\/2019\\\/10\\\/IMG_0576-e1570432097945-150x150.jpg\",\"caption\":\"Violeta\"}}]}<\/script>\n<!-- \/ Yoast SEO plugin. -->","yoast_head_json":{"title":"Interview : We Are Waves &#8212; El Garaje de Frank","description":"Interviews &#8212; Interview avec Fabio, du groupe italien We are Waves.","robots":{"index":"index","follow":"follow","max-snippet":"max-snippet:-1","max-image-preview":"max-image-preview:large","max-video-preview":"max-video-preview:-1"},"canonical":"https:\/\/elgarajedefrank.es\/fr\/interview-we-are-waves\/","og_locale":"fr_FR","og_type":"article","og_title":"Interview : We Are Waves &#8212; El Garaje de Frank","og_description":"Interviews &#8212; Interview avec Fabio, du groupe italien We are Waves.","og_url":"https:\/\/elgarajedefrank.es\/fr\/interview-we-are-waves\/","og_site_name":"El Garaje de Frank","article_publisher":"https:\/\/www.facebook.com\/elgarajedefrank\/","article_published_time":"2020-05-23T10:44:41+00:00","article_modified_time":"2023-11-03T21:22:27+00:00","og_image":[{"width":1024,"height":987,"url":"https:\/\/elgarajedefrank.es\/wp-content\/uploads\/2020\/05\/We-Are-Waves-21-1024x987.jpg","type":"image\/jpeg"}],"author":"Violeta","twitter_card":"summary_large_image","twitter_misc":{"\u00c9crit par":"Violeta","Dur\u00e9e de lecture estim\u00e9e":"9 minutes"},"schema":{"@context":"https:\/\/schema.org","@graph":[{"@type":"Article","@id":"https:\/\/elgarajedefrank.es\/fr\/interview-we-are-waves\/#article","isPartOf":{"@id":"https:\/\/elgarajedefrank.es\/fr\/interview-we-are-waves\/"},"author":{"name":"Violeta","@id":"https:\/\/elgarajedefrank.es\/fr\/#\/schema\/person\/35ec115bc6f8fb3d23238106dc7c1308"},"headline":"Interview : We Are Waves","datePublished":"2020-05-23T10:44:41+00:00","dateModified":"2023-11-03T21:22:27+00:00","mainEntityOfPage":{"@id":"https:\/\/elgarajedefrank.es\/fr\/interview-we-are-waves\/"},"wordCount":1725,"commentCount":0,"publisher":{"@id":"https:\/\/elgarajedefrank.es\/fr\/#\/schema\/person\/d709c9c33f5f405d44c6c9397889ba15"},"image":{"@id":"https:\/\/elgarajedefrank.es\/fr\/interview-we-are-waves\/#primaryimage"},"thumbnailUrl":"https:\/\/elgarajedefrank.es\/wp-content\/uploads\/2020\/05\/We-Are-Waves-21.jpg","keywords":["Musique \u00e9lectronique","Wave"],"articleSection":["Interviews"],"inLanguage":"fr-FR","potentialAction":[{"@type":"CommentAction","name":"Comment","target":["https:\/\/elgarajedefrank.es\/fr\/interview-we-are-waves\/#respond"]}]},{"@type":"WebPage","@id":"https:\/\/elgarajedefrank.es\/fr\/interview-we-are-waves\/","url":"https:\/\/elgarajedefrank.es\/fr\/interview-we-are-waves\/","name":"Interview : We Are Waves &#8212; El Garaje de Frank","isPartOf":{"@id":"https:\/\/elgarajedefrank.es\/fr\/#website"},"primaryImageOfPage":{"@id":"https:\/\/elgarajedefrank.es\/fr\/interview-we-are-waves\/#primaryimage"},"image":{"@id":"https:\/\/elgarajedefrank.es\/fr\/interview-we-are-waves\/#primaryimage"},"thumbnailUrl":"https:\/\/elgarajedefrank.es\/wp-content\/uploads\/2020\/05\/We-Are-Waves-21.jpg","datePublished":"2020-05-23T10:44:41+00:00","dateModified":"2023-11-03T21:22:27+00:00","description":"Interviews &#8212; Interview avec Fabio, du groupe italien We are Waves.","breadcrumb":{"@id":"https:\/\/elgarajedefrank.es\/fr\/interview-we-are-waves\/#breadcrumb"},"inLanguage":"fr-FR","potentialAction":[{"@type":"ReadAction","target":["https:\/\/elgarajedefrank.es\/fr\/interview-we-are-waves\/"]}]},{"@type":"ImageObject","inLanguage":"fr-FR","@id":"https:\/\/elgarajedefrank.es\/fr\/interview-we-are-waves\/#primaryimage","url":"https:\/\/elgarajedefrank.es\/wp-content\/uploads\/2020\/05\/We-Are-Waves-21.jpg","contentUrl":"https:\/\/elgarajedefrank.es\/wp-content\/uploads\/2020\/05\/We-Are-Waves-21.jpg","width":2560,"height":2469},{"@type":"BreadcrumbList","@id":"https:\/\/elgarajedefrank.es\/fr\/interview-we-are-waves\/#breadcrumb","itemListElement":[{"@type":"ListItem","position":1,"name":"Inicio","item":"https:\/\/elgarajedefrank.es\/fr\/"},{"@type":"ListItem","position":2,"name":"Interviews","item":"https:\/\/elgarajedefrank.es\/fr\/category\/interviews-fr\/"},{"@type":"ListItem","position":3,"name":"Interview : We Are Waves"}]},{"@type":"WebSite","@id":"https:\/\/elgarajedefrank.es\/fr\/#website","url":"https:\/\/elgarajedefrank.es\/fr\/","name":"El Garaje de Frank","description":"Music magazine","publisher":{"@id":"https:\/\/elgarajedefrank.es\/fr\/#\/schema\/person\/d709c9c33f5f405d44c6c9397889ba15"},"potentialAction":[{"@type":"SearchAction","target":{"@type":"EntryPoint","urlTemplate":"https:\/\/elgarajedefrank.es\/fr\/?s={search_term_string}"},"query-input":{"@type":"PropertyValueSpecification","valueRequired":true,"valueName":"search_term_string"}}],"inLanguage":"fr-FR"},{"@type":["Person","Organization"],"@id":"https:\/\/elgarajedefrank.es\/fr\/#\/schema\/person\/d709c9c33f5f405d44c6c9397889ba15","name":"Fran\u00e7ois Zappa","image":{"@type":"ImageObject","inLanguage":"fr-FR","@id":"https:\/\/elgarajedefrank.es\/wp-content\/uploads\/2019\/10\/IMG_8278-150x150.jpg","url":"https:\/\/elgarajedefrank.es\/wp-content\/uploads\/2019\/10\/IMG_8278-150x150.jpg","contentUrl":"https:\/\/elgarajedefrank.es\/wp-content\/uploads\/2019\/10\/IMG_8278-150x150.jpg","caption":"Fran\u00e7ois Zappa"},"logo":{"@id":"https:\/\/elgarajedefrank.es\/wp-content\/uploads\/2019\/10\/IMG_8278-150x150.jpg"},"sameAs":["https:\/\/www.facebook.com\/elgarajedefrank\/","https:\/\/www.instagram.com\/elgarajedefrank\/"]},{"@type":"Person","@id":"https:\/\/elgarajedefrank.es\/fr\/#\/schema\/person\/35ec115bc6f8fb3d23238106dc7c1308","name":"Violeta","image":{"@type":"ImageObject","inLanguage":"fr-FR","@id":"https:\/\/elgarajedefrank.es\/wp-content\/uploads\/2019\/10\/IMG_0576-e1570432097945-150x150.jpg","url":"https:\/\/elgarajedefrank.es\/wp-content\/uploads\/2019\/10\/IMG_0576-e1570432097945-150x150.jpg","contentUrl":"https:\/\/elgarajedefrank.es\/wp-content\/uploads\/2019\/10\/IMG_0576-e1570432097945-150x150.jpg","caption":"Violeta"}}]}},"_links":{"self":[{"href":"https:\/\/elgarajedefrank.es\/fr\/wp-json\/wp\/v2\/posts\/20895","targetHints":{"allow":["GET"]}}],"collection":[{"href":"https:\/\/elgarajedefrank.es\/fr\/wp-json\/wp\/v2\/posts"}],"about":[{"href":"https:\/\/elgarajedefrank.es\/fr\/wp-json\/wp\/v2\/types\/post"}],"author":[{"embeddable":true,"href":"https:\/\/elgarajedefrank.es\/fr\/wp-json\/wp\/v2\/users\/2"}],"replies":[{"embeddable":true,"href":"https:\/\/elgarajedefrank.es\/fr\/wp-json\/wp\/v2\/comments?post=20895"}],"version-history":[{"count":1,"href":"https:\/\/elgarajedefrank.es\/fr\/wp-json\/wp\/v2\/posts\/20895\/revisions"}],"predecessor-version":[{"id":58228,"href":"https:\/\/elgarajedefrank.es\/fr\/wp-json\/wp\/v2\/posts\/20895\/revisions\/58228"}],"wp:featuredmedia":[{"embeddable":true,"href":"https:\/\/elgarajedefrank.es\/fr\/wp-json\/wp\/v2\/media\/21001"}],"wp:attachment":[{"href":"https:\/\/elgarajedefrank.es\/fr\/wp-json\/wp\/v2\/media?parent=20895"}],"wp:term":[{"taxonomy":"category","embeddable":true,"href":"https:\/\/elgarajedefrank.es\/fr\/wp-json\/wp\/v2\/categories?post=20895"},{"taxonomy":"post_tag","embeddable":true,"href":"https:\/\/elgarajedefrank.es\/fr\/wp-json\/wp\/v2\/tags?post=20895"}],"curies":[{"name":"wp","href":"https:\/\/api.w.org\/{rel}","templated":true}]}}