{"id":20659,"date":"2020-05-12T15:39:10","date_gmt":"2020-05-12T13:39:10","guid":{"rendered":"https:\/\/elgarajedefrank.es\/?p=20659"},"modified":"2023-11-03T22:20:11","modified_gmt":"2023-11-03T21:20:11","slug":"interview-elm","status":"publish","type":"post","link":"https:\/\/elgarajedefrank.es\/fr\/interview-elm\/","title":{"rendered":"Interview : ELM"},"content":{"rendered":"<p><span style=\"font-family: georgia, palatino, serif; font-size: 12pt;\"><strong><em>Extreme Unspoken Tension, <\/em>la derni\u00e8re \u0153uvre d\u2019ELM\u2019s last work, est l\u2019un des albums que l\u2019on passe r\u00e9guli\u00e8rement sur notre contr\u00f4leur. Les 13 morceaux sont parfaits pour n\u2019importe quel set \u00e9nergique. On voulait en savoir plus sur ces morceaux, et on a donc interview\u00e9 Peter Elm, musicien su\u00e9dois qui vit d\u00e9sormais \u00e0 Bruxelles, qui, d\u2019abord avec Restricted Area et maintenant avec ELM, a r\u00e9ussi \u00e0 ravir les oreilles des amoureux de l\u2019EBM.<\/strong><\/span><\/p>\n<p><span style=\"font-family: georgia, palatino, serif; font-size: 12pt;\"><strong><img fetchpriority=\"high\" decoding=\"async\" class=\"size-medium wp-image-20692 alignleft\" src=\"https:\/\/elgarajedefrank.es\/wp-content\/uploads\/2020\/05\/Sans-titre-248x300.png\" alt=\"\" width=\"248\" height=\"300\" srcset=\"https:\/\/elgarajedefrank.es\/wp-content\/uploads\/2020\/05\/Sans-titre-248x300.png 248w, https:\/\/elgarajedefrank.es\/wp-content\/uploads\/2020\/05\/Sans-titre-585x707.png 585w, https:\/\/elgarajedefrank.es\/wp-content\/uploads\/2020\/05\/Sans-titre.png 672w\" sizes=\"(max-width: 248px) 100vw, 248px\" \/>\u2014Avec Restricted Area, tu as sorti 4 albums et un EP. Le premier single date de 1994. Tu peux nous en dire plus sur ton premier groupe ? Pourquoi avoir arr\u00eat\u00e9 de faire de la musique sous ce nom ?<\/strong><\/span><\/p>\n<p><span style=\"font-family: georgia, palatino, serif; font-size: 12pt;\">\u2014Eh bien, je faisais de la musique depuis le d\u00e9but de mon adolescence, et <strong>Restricted Area <\/strong>est le premier projet qui a sorti des publications. Le line-up a chang\u00e9 au fil des ans, mais je suis rest\u00e9 le compositeur et le moteur du projet. Au final, j\u2019ai ressenti le besoin de changer, d\u2019avoir un projet au son plus agressif en permanence et \u00e0 la meilleure production.<\/span><\/p>\n<p><span style=\"font-family: georgia, palatino, serif; font-size: 12pt;\"><strong>\u00a0<\/strong><strong>\u2014La musique de Restricted Area passait de la synthpop \u00e0 l\u2019EBM. Quand as-tu commenc\u00e9 \u00e0 t\u2019int\u00e9resser \u00e0 l\u2019EBM ?<\/strong><\/span><\/p>\n<p><span style=\"font-family: georgia, palatino, serif; font-size: 12pt;\"><strong>\u2014<\/strong>Au milieu de mon adolescence, apr\u00e8s avoir vu <strong>Front 242<\/strong> en premi\u00e8re partie de <strong>Depeche Mode<\/strong> en 1987, \u00e0 Paris.<\/span><\/p>\n<p><span style=\"font-family: georgia, palatino, serif; font-size: 12pt;\"><strong>\u2014Que s\u2019est-il pass\u00e9 apr\u00e8s la fin de Restricted Area jusqu\u2019\u00e0 la cr\u00e9ation d\u2019ELM ? Tu composais toujours ?<\/strong><\/span><\/p>\n<p><span style=\"font-family: georgia, palatino, serif; font-size: 12pt;\">\u2014Oui. Diff\u00e9rentes choses se sont produites dans ma vie&#8230; J\u2019ai d\u00e9m\u00e9nag\u00e9 \u00e0 Paris, puis \u00e0 Bruxelles. Mais je n\u2019ai jamais arr\u00eat\u00e9 de faire de la musique.<\/span><\/p>\n<p><span style=\"font-family: georgia, palatino, serif; font-size: 12pt;\"><strong>\u2014Penses-tu que la Belgique est l\u2019endroit id\u00e9al pour ta musique ?<\/strong><\/span><\/p>\n<p><span style=\"font-family: georgia, palatino, serif; font-size: 12pt;\">\u2014Je ne crois pas que l\u2019endroit o\u00f9 on vit ait vraiment d\u2019importance, du moment qu\u2019on y est heureux. Pour l\u2019instant, vivre \u00e0 Bruxelles me convient.<\/span><\/p>\n<p><span style=\"font-family: georgia, palatino, serif; font-size: 12pt;\"><strong>\u2014Tu as tourn\u00e9 avec Gabi Delgado et tu le connaissais. Que peux-tu nous dire sur ta relation avec lui ? Comment l\u2019as-tu rencontr\u00e9 ?<img decoding=\"async\" class=\"size-medium wp-image-20680 alignright\" src=\"https:\/\/elgarajedefrank.es\/wp-content\/uploads\/2020\/05\/95690133_1167679326912037_4548486459430010880_n-300x225.jpg\" alt=\"\" width=\"300\" height=\"225\" srcset=\"https:\/\/elgarajedefrank.es\/wp-content\/uploads\/2020\/05\/95690133_1167679326912037_4548486459430010880_n-300x225.jpg 300w, https:\/\/elgarajedefrank.es\/wp-content\/uploads\/2020\/05\/95690133_1167679326912037_4548486459430010880_n-1024x768.jpg 1024w, https:\/\/elgarajedefrank.es\/wp-content\/uploads\/2020\/05\/95690133_1167679326912037_4548486459430010880_n-768x576.jpg 768w, https:\/\/elgarajedefrank.es\/wp-content\/uploads\/2020\/05\/95690133_1167679326912037_4548486459430010880_n-1170x878.jpg 1170w, https:\/\/elgarajedefrank.es\/wp-content\/uploads\/2020\/05\/95690133_1167679326912037_4548486459430010880_n-585x439.jpg 585w, https:\/\/elgarajedefrank.es\/wp-content\/uploads\/2020\/05\/95690133_1167679326912037_4548486459430010880_n.jpg 1280w\" sizes=\"(max-width: 300px) 100vw, 300px\" \/><\/strong><\/span><\/p>\n<p><span style=\"font-family: georgia, palatino, serif; font-size: 12pt;\">\u2014La rencontre a \u00e9t\u00e9 organis\u00e9e par notre label de l\u2019\u00e9poque. On est partis en mini tourn\u00e9e en Scandinavie avec le projet <strong>DAF DOS<\/strong> en 1997. <strong>DAF DOS<\/strong> \u00e9tait compos\u00e9 de Gabi et de Wotan Wilke M\u00f6hring. On \u00e9tait jeunes et impressionnables. Gabi et Wotan \u00e9taient comme nos grands fr\u00e8res, ou un truc du genre. On a pass\u00e9 de bons moments dans le minivan et lors de nos s\u00e9jours dans de petits h\u00f4tels. J\u2019ai des vinyles plut\u00f4t rares que Gabi et Wotan nous ont donn\u00e9s, qui datent de cette p\u00e9riode. Apr\u00e8s la mini tourn\u00e9e, je suis rest\u00e9 en contact avec Gabi et je lui ai rendu visite plusieurs fois \u00e0 Berlin. M\u00eame si on n\u2019\u00e9tait pas des amis proches, on avait toujours des conversations int\u00e9ressantes. J\u2019adorais son attitude envers la vie : vis intens\u00e9ment et fais ce que tu veux ! Il mettait en pratique ce qu\u2019il pr\u00eachait. Il me manque.<\/span><\/p>\n<p><span style=\"font-family: georgia, palatino, serif; font-size: 12pt;\"><strong>\u2014ELM pourrait \u00eatre un acronyme, par exemple : \u00ab Electronic Lust Music \u00bb ou&#8230; Quel acronyme choisirais-tu pour ton nom de groupe ?<\/strong><\/span><\/p>\n<p><span style=\"font-family: georgia, palatino, serif; font-size: 12pt;\">\u2014Ha ha, bonne question. Je ne sais pas vraiment. Je trouve que la musique est tr\u00e8s sensuelle et sexuelle. Du coup, \u00ab Electronic Lust Music \u00bb, c\u2019est parfait.<\/span><\/p>\n<p><span style=\"font-family: georgia, palatino, serif; font-size: 12pt;\"><strong>\u2014In 2016, tu as sorti l\u2019EP <em>Edge,<\/em> avec des remixes d\u2019autres artistes d\u2019EBM comme <\/strong><strong>Autodaf, Hardwire ou Poupp\u00e9e Fabrikk. Tu pr\u00e9f\u00e8res \u00eatre remix\u00e9 par des artistes issus de la m\u00eame sc\u00e8ne ou des artistes issus de sc\u00e8nes diff\u00e9rentes ?<\/strong><\/span><\/p>\n<p><span style=\"font-family: georgia, palatino, serif; font-size: 12pt;\">\u2014J\u2019aime que ce soit des artistes que j\u2019aime et respecte qui remixent mes chansons. Le genre m\u00a1importe peu. En g\u00e9n\u00e9ral, je pr\u00e9f\u00e8re lorsque les groupes font leur propre remix.<\/span><\/p>\n<p><span style=\"font-family: georgia, palatino, serif; font-size: 12pt;\"><strong>\u2014La m\u00eame ann\u00e9e, tu as sorti ton premier album, <em>Hardline.\u00a0<\/em>Il comporte des chansons \u00e9crites <img decoding=\"async\" class=\"size-medium wp-image-20695 alignleft\" src=\"https:\/\/elgarajedefrank.es\/wp-content\/uploads\/2020\/05\/R-8589658-1464634278-7051.jpeg-214x300.jpg\" alt=\"\" width=\"214\" height=\"300\" srcset=\"https:\/\/elgarajedefrank.es\/wp-content\/uploads\/2020\/05\/R-8589658-1464634278-7051.jpeg-214x300.jpg 214w, https:\/\/elgarajedefrank.es\/wp-content\/uploads\/2020\/05\/R-8589658-1464634278-7051.jpeg-585x819.jpg 585w, https:\/\/elgarajedefrank.es\/wp-content\/uploads\/2020\/05\/R-8589658-1464634278-7051.jpeg.jpg 599w\" sizes=\"(max-width: 214px) 100vw, 214px\" \/>\u00e0 diff\u00e9rents moments de ta carri\u00e8re. Uniformiser l\u2019album n\u2019a pas \u00e9t\u00e9 trop difficile ?<\/strong><\/span><\/p>\n<p><span style=\"font-family: georgia, palatino, serif; font-size: 12pt;\"><strong>\u2014<\/strong>Non, pas vraiment, chaque chose a trouv\u00e9 sa place, je crois.<\/span><\/p>\n<p><span style=\"font-family: georgia, palatino, serif; font-size: 12pt;\"><strong>\u2014L\u2019\u00e9dition sp\u00e9ciale inclut 4 nouveaux morceaux et quelques remix. As-tu \u00e9crit ces chansons sp\u00e9cialement cet album ?<\/strong><\/span><\/p>\n<p><span style=\"font-family: georgia, palatino, serif; font-size: 12pt;\">\u2014Oui, cependant, j\u2019ai pass\u00e9 moins de temps sur ces morceaux que sur ceux de l\u2019album.<\/span><\/p>\n<p><span style=\"font-family: georgia, palatino, serif; font-size: 12pt;\"><strong>\u2014Pour cet album, tu as travaill\u00e9 avec Pontus St\u00e5lberg (SPETSNAZ). Selon toi, qu\u2019a-t-il apport\u00e9 au son du groupe ?<\/strong><\/span><\/p>\n<p><span style=\"font-family: georgia, palatino, serif; font-size: 12pt;\">\u2014Pontus n\u2019a pas du tout particip\u00e9 \u00e0 la production et n\u2019a eu aucune influence sur le son. Cependant, il s\u2019est occup\u00e9 du mastering et a fait un travail d\u2019enfer. J\u2019ai toujours \u00e9t\u00e9 un grand fan de <strong>SPETSNAZ <\/strong>et Pontus, et on a des go\u00fbts similaires en mati\u00e8re de musique.<\/span><\/p>\n<p><span style=\"font-family: georgia, palatino, serif; font-size: 12pt;\"><strong>\u2014Dans <em>Hardline,\u00a0<\/em>tu chantes dans trois langues diff\u00e9rentes, non ? Choisis-tu les langues lors du processus d\u2019\u00e9criture des paroles ?<\/strong><\/span><\/p>\n<p><span style=\"font-family: georgia, palatino, serif; font-size: 12pt;\"><strong>\u2014<\/strong>Oui. Ensuite, les paroles doivent avoir le bon son et trouver la bonne chanson. C\u2019est un processus naturel.<\/span><\/p>\n<p><span style=\"font-family: georgia, palatino, serif; font-size: 12pt;\"><strong>\u2014Tu as dit que la plupart des groupes d\u2019EBM contemporains ne sont pas old school. Comment d\u00e9crirais-tu ce son d\u2019EBM oldschool ?<\/strong><\/span><\/p>\n<p><span style=\"font-family: georgia, palatino, serif; font-size: 12pt;\">\u00a0\u2014Eh bien, techniquement, utiliser un ordinateur et des plug-ins pour faire la production, ce n\u2019est carr\u00e9ment pas oldschool. Un son \u00ab oldschool \u00bb impliquerait l\u2019utilisation d\u2019un s\u00e9quenceur ou d\u2019un ordinateur pour contr\u00f4ler des synth\u00e9s. Mais il faudrait utiliser uniquement du matos \u00ab physique \u00bb. Parfois, je me perds un peu lorsque toute la production est faite \u00e0 100% sur ordinateur.<\/span><\/p>\n<p><span style=\"font-family: georgia, palatino, serif; font-size: 12pt;\"><strong>\u2014Dans l\u2019E.P.<em> Wapenrustning<\/em>, on retrouve un remix de Spiritual Front. Qu\u2019aimes-tu dans la musique de ce groupe italien si diff\u00e9rent de ce que tu fais ? Tu as choisi l\u2019un de ses albums comme l\u2019un des meilleurs LP, c\u2019est bien \u00e7a ?<\/strong><\/span><\/p>\n<p><span style=\"font-family: georgia, palatino, serif; font-size: 12pt;\">\u2014Oui, j\u2019adore l\u2019album <em>Black Hearts in Black Suits,\u00a0<\/em>o\u00f9 la musique est compos\u00e9e par Stefano Puri. Il existe \u00e9galement des vid\u00e9oclips incroyables de <strong>Spiritual Front,<\/strong> et Simone Salvatori est vraiment sympa. On s\u2019est rencontr\u00e9s quelques fois au fil du temps, et je lui ai demand\u00e9 de retravailler Wapenrustning, car je sais qu\u2019il est fan d\u2019EBM.<\/span><\/p>\n<p><span style=\"font-family: georgia, palatino, serif; font-size: 12pt;\"><strong>\u2014Tu as expliqu\u00e9 qu\u2019<em>Extreme Unspoken Tension<\/em> est bas\u00e9 sur l\u2019atmosph\u00e8re \u00e9touffante qui r\u00e8gne en Europe. Penses-tu que la crise du coronavirus a empir\u00e9 la situation entre les pays europ\u00e9ens ?<img loading=\"lazy\" decoding=\"async\" class=\"size-medium wp-image-20698 alignright\" src=\"https:\/\/elgarajedefrank.es\/wp-content\/uploads\/2020\/05\/R-15178596-1587727177-2666.jpeg-300x289.jpg\" alt=\"\" width=\"300\" height=\"289\" srcset=\"https:\/\/elgarajedefrank.es\/wp-content\/uploads\/2020\/05\/R-15178596-1587727177-2666.jpeg-300x289.jpg 300w, https:\/\/elgarajedefrank.es\/wp-content\/uploads\/2020\/05\/R-15178596-1587727177-2666.jpeg-585x564.jpg 585w, https:\/\/elgarajedefrank.es\/wp-content\/uploads\/2020\/05\/R-15178596-1587727177-2666.jpeg.jpg 599w\" sizes=\"(max-width: 300px) 100vw, 300px\" \/><\/strong><\/span><\/p>\n<p><span style=\"font-family: georgia, palatino, serif; font-size: 12pt;\">\u2014Aucune id\u00e9e. J\u2019esp\u00e8re qu\u2019on tirera des le\u00e7ons de cette crise, et que quelque chose de positif en r\u00e9sultera. Le mot cl\u00e9 ici, c\u2019est la \u00ab consid\u00e9ration \u00bb. J\u2019esp\u00e8re que les gens apprendront des routines d\u2019hygi\u00e8ne de base et commenceront \u00e0 montrer plus de consid\u00e9ration les uns envers les autres.<\/span><\/p>\n<p><span style=\"font-family: georgia, palatino, serif; font-size: 12pt;\"><strong>\u2014Penses-tu que le son d\u2019ELM a \u00e9volu\u00e9 dans cet album ?<\/strong><\/span><\/p>\n<p><span style=\"font-family: georgia, palatino, serif; font-size: 12pt;\">\u00a0\u2014J\u2019esp\u00e8re que l\u2019exp\u00e9rience d\u2019\u00e9coute sera meilleure. \u00c7a se voit au niveau de la prod. Beaucoup plus de travail et d\u2019efforts ont \u00e9t\u00e9 faits sur les voix.<\/span><\/p>\n<p><span style=\"font-family: georgia, palatino, serif; font-size: 12pt;\"><strong>\u2014Tu as dit \u00ab J\u2019aime travailler avec des machines fiables qui ont un bon son ind\u00e9modable \u00bb. Tu peux nous dire quel matos tu utilises pour enregistrer tes albums ? Qu\u2019est-ce que tu recherches dans un synth\u00e9 ?<\/strong><\/span><\/p>\n<p><span style=\"font-family: georgia, palatino, serif; font-size: 12pt;\">\u00a0\u2014J\u2019utilise beaucoup de logiciels, mais aussi pas mal de matos. J\u2019adore le son du Pro One, de l\u2019Arp Odyssey et du Yamaha TX81z. Ce que je recherche dans un synth\u00e9 ? La capacit\u00e9 \u00e0 g\u00e9n\u00e9rer des sons de basse agressifs, simples et bruts !<\/span><\/p>\n<p><span style=\"font-family: georgia, palatino, serif; font-size: 12pt;\"><strong>\u2014Pour l\u2019album de remix, tu as collabor\u00e9 avec Rummelsnuff pour la chanson \u00ab Zerfahren \u00bb. Comment l\u2019as-tu rencontr\u00e9 ? Aimes-tu son travail ?<\/strong><\/span><\/p>\n<p><span style=\"font-family: georgia, palatino, serif; font-size: 12pt;\">\u2014Je l\u2019ai rencontr\u00e9 lors d\u2019un concert \u00e0 Bruxelles, et on a beaucoup parl\u00e9. J\u2019adore ses chansons, c\u2019est un genre de vagabond, de po\u00e8te \u00e9tranger. Il a sorti une double compil sur vinyle il y a peu, je l\u2019\u00e9coute souvent.<\/span><\/p>\n<p><span style=\"font-family: georgia, palatino, serif; font-size: 12pt;\"><strong><img loading=\"lazy\" decoding=\"async\" class=\"size-medium wp-image-20686 alignleft\" src=\"https:\/\/elgarajedefrank.es\/wp-content\/uploads\/2020\/05\/87385132_239200857088306_3155931021229162496_n-300x225.jpg\" alt=\"\" width=\"300\" height=\"225\" srcset=\"https:\/\/elgarajedefrank.es\/wp-content\/uploads\/2020\/05\/87385132_239200857088306_3155931021229162496_n-300x225.jpg 300w, https:\/\/elgarajedefrank.es\/wp-content\/uploads\/2020\/05\/87385132_239200857088306_3155931021229162496_n-1024x768.jpg 1024w, https:\/\/elgarajedefrank.es\/wp-content\/uploads\/2020\/05\/87385132_239200857088306_3155931021229162496_n-768x576.jpg 768w, https:\/\/elgarajedefrank.es\/wp-content\/uploads\/2020\/05\/87385132_239200857088306_3155931021229162496_n-1170x878.jpg 1170w, https:\/\/elgarajedefrank.es\/wp-content\/uploads\/2020\/05\/87385132_239200857088306_3155931021229162496_n-585x439.jpg 585w, https:\/\/elgarajedefrank.es\/wp-content\/uploads\/2020\/05\/87385132_239200857088306_3155931021229162496_n.jpg 1280w\" sizes=\"(max-width: 300px) 100vw, 300px\" \/>\u2014Dans les notes de ton premier album, on peut lire \u00ab With a strict \u2018less is more\u2019 sound architectural approach. \u00bb Dirais-tu que tu as un son minimal ?<\/strong><\/span><\/p>\n<p><span style=\"font-family: georgia, palatino, serif; font-size: 12pt;\">\u2014Hmm. Une approche simple et honn\u00eate est la meilleure pour tous les aspects de la vie. Quand on parle de la production de la musique \u00e9lectronique, il y a tant d\u2019options et de possibilit\u00e9s, que parfois, les choses peuvent \u00eatre trop compliqu\u00e9es et surproduites. Faire les choses simplement ne signifie pas pour autant utiliser la fa\u00e7on la plus simple et la plus clich\u00e9, mais penser, ressentir puis ex\u00e9cuter d\u2019une fa\u00e7on honn\u00eate et directe.<\/span><\/p>\n<p><span style=\"font-family: georgia, palatino, serif; font-size: 12pt;\"><strong>\u2014Dans cet album, tu remixes tes propres chansons. Est-ce difficile d\u2019imaginer son propre travail d\u2019une autre fa\u00e7on ? Qu\u2019essaies-tu d\u2019accomplir quand tu te remixes ?<\/strong><\/span><\/p>\n<p><span style=\"font-family: georgia, palatino, serif; font-size: 12pt;\">\u2014Comme je l\u2019ai dit, je pr\u00e9f\u00e8re quand les groupes font leurs propres remixes. Il suffit d\u2019\u00e9couter les 12&#8243; de remix des ann\u00e9es 80, comme ceux de\u00a0<strong>Depeche Mode<\/strong> ou <strong>Nitzer Ebb<\/strong>. Aujourd\u2019hui, tout le monde remixe tout le monde, et en g\u00e9n\u00e9ral, le r\u00e9sultat est merdique.<\/span><\/p>\n<p><span style=\"font-family: georgia, palatino, serif; font-size: 12pt;\"><strong>\u2014J\u2019ai lu que le batteur de Nitzer Ebb, Duc Nhan Nguyen, fait maintenant partie d\u2019ELM. Il va jouer de la batterie sur sc\u00e8ne ? Tu peux nous en dire plus ?<\/strong><\/span><\/p>\n<p><span style=\"font-family: georgia, palatino, serif; font-size: 12pt;\">\u00a0\u2014Oui, c\u2019est le cas. Il allait jouer avec moi pour la premi\u00e8re partie du concert de <strong>Front 242<\/strong> le 13 mars, mais \u00e0 cause du coronavirus, le concert a \u00e9t\u00e9 annul\u00e9. Mais on va remettre \u00e7a, vous pouvez en \u00eatre certains. Nhan est vraiment quelqu\u2019un de super, et on verra comment vont les choses pour les futurs lives.<\/span><\/p>\n<p><span style=\"font-family: georgia, palatino, serif; font-size: 12pt;\"><strong>\u00a0<\/strong><strong>\u2014Tu aimes les arts martiaux. Penses-tu que les pratiquer t\u2019aide \u00e0 avoir cette \u00e9nergie requise pour jouer les chansons d\u2019ELM ?<img loading=\"lazy\" decoding=\"async\" class=\"size-medium wp-image-20674 alignright\" src=\"https:\/\/elgarajedefrank.es\/wp-content\/uploads\/2020\/05\/95608403_3059654027437693_942312440308170752_n-300x225.jpg\" alt=\"\" width=\"300\" height=\"225\" srcset=\"https:\/\/elgarajedefrank.es\/wp-content\/uploads\/2020\/05\/95608403_3059654027437693_942312440308170752_n-300x225.jpg 300w, https:\/\/elgarajedefrank.es\/wp-content\/uploads\/2020\/05\/95608403_3059654027437693_942312440308170752_n-1024x768.jpg 1024w, https:\/\/elgarajedefrank.es\/wp-content\/uploads\/2020\/05\/95608403_3059654027437693_942312440308170752_n-768x576.jpg 768w, https:\/\/elgarajedefrank.es\/wp-content\/uploads\/2020\/05\/95608403_3059654027437693_942312440308170752_n-1170x878.jpg 1170w, https:\/\/elgarajedefrank.es\/wp-content\/uploads\/2020\/05\/95608403_3059654027437693_942312440308170752_n-585x439.jpg 585w, https:\/\/elgarajedefrank.es\/wp-content\/uploads\/2020\/05\/95608403_3059654027437693_942312440308170752_n.jpg 1280w\" sizes=\"(max-width: 300px) 100vw, 300px\" \/><\/strong><\/span><\/p>\n<p><span style=\"font-family: georgia, palatino, serif; font-size: 12pt;\">\u2014Je pense que la musique et les arts martiaux sont similaires. Tu t\u2019exprimes, et il faut le faire avec honn\u00eatet\u00e9. L\u2019agressivit\u00e9 et le d\u00e9sir sont li\u00e9s. Il faut de la pr\u00e9sence et de l\u2019\u00e9nergie pour les deux !<\/span><\/p>\n<p><span style=\"font-family: georgia, palatino, serif; font-size: 12pt;\"><strong>\u2014J\u2019ai lu que, selon toi, la sc\u00e8ne su\u00e9doise n\u2019a jamais appr\u00e9ci\u00e9 ta musique autant qu\u2019elle le devrait. Tu peux nous expliquer ?<\/strong><\/span><\/p>\n<p><span style=\"font-family: georgia, palatino, serif; font-size: 12pt;\">\u00a0\u2014Je ne trouve jamais ma place, je ne sais pas pourquoi. Je pense que c\u2019est principalement d\u00fb au consensus.<\/span><\/p>\n<p><span style=\"font-family: georgia, palatino, serif; font-size: 12pt;\"><strong>\u2014Comment vis-tu ces journ\u00e9es de confinement ? Tu composes ?<\/strong><\/span><\/p>\n<p><span style=\"font-family: georgia, palatino, serif; font-size: 12pt;\">\u2014Mis \u00e0 part le fait que c\u2019est difficile d\u2019un point de vue financier, \u00e7a ne me pose pas de probl\u00e8me d\u2019\u00eatre confin\u00e9. \u00c7a ne change pas vraiment les choses pour moi. Voyons quelles seront les cons\u00e9quences mondiales \u00e0 long terme. Sinon, oui, j\u2019ai \u00e9t\u00e9 tr\u00e8s productif et j\u2019ai eu la chance de pouvoir organiser mes diff\u00e9rents projets.<\/span><\/p>\n<p><span style=\"font-family: georgia, palatino, serif; font-size: 12pt;\"><strong>\u2014Je sais qu\u2019aujourd\u2019hui, c\u2019est difficile de penser \u00e0 l\u2019avenir, mais que peut-on attendre d\u2019ELM ?<\/strong><\/span><\/p>\n<p><span style=\"font-family: georgia, palatino, serif; font-size: 12pt;\"><b>\u2014<\/b>Un nouvel album d\u2019<strong>ELM<\/strong> pour bient\u00f4t, ainsi que de la musique compos\u00e9e sous le nom de Peter Elm. J\u2019ai toute une s\u00e9lection d\u2019instrus que je veux sortir.<\/span><\/p>\n<p><span style=\"font-family: georgia, palatino, serif; font-size: 12pt;\"><strong>\u2014Tu as d\u00e9j\u00e0 jou\u00e9 en Espagne ? Comment d\u00e9crirais-tu tes concerts ?<\/strong><\/span><\/p>\n<p><span style=\"font-family: georgia, palatino, serif; font-size: 12pt;\">\u2014Non, je n\u2019ai jamais jou\u00e9 en Espagne, mais j\u2019adorerais. Mes concerts sont g\u00e9n\u00e9ralement \u00e9nergiques et \u00e0 un rythme soutenu. J\u2019ai toujours aim\u00e9 monter sur sc\u00e8ne !<\/span><\/p>\n<p><iframe title=\"Redemption\" width=\"1170\" height=\"878\" src=\"https:\/\/www.youtube.com\/embed\/cG4yiXKqJ4E?list=OLAK5uy_n8nhWw4ecNKixHLh4tWowgYdDWINlizf4\" frameborder=\"0\" allow=\"accelerometer; autoplay; clipboard-write; encrypted-media; gyroscope; picture-in-picture; web-share\" allowfullscreen><\/iframe><\/p>\n","protected":false},"excerpt":{"rendered":"<p>Extreme Unspoken Tension, la derni\u00e8re \u0153uvre d\u2019ELM\u2019s last work, est l\u2019un des albums que l\u2019on&hellip;<\/p>\n","protected":false},"author":2,"featured_media":20670,"comment_status":"open","ping_status":"open","sticky":false,"template":"","format":"standard","meta":{"_lmt_disableupdate":"","_lmt_disable":"","footnotes":""},"categories":[35],"tags":[320],"class_list":["post-20659","post","type-post","status-publish","format-standard","has-post-thumbnail","hentry","category-interviews-fr","tag-ebm-2-fr"],"yoast_head":"<!-- This site is optimized with the Yoast SEO plugin v27.4 - https:\/\/yoast.com\/product\/yoast-seo-wordpress\/ -->\n<title>Interview : ELM &#8212; El Garaje de Frank<\/title>\n<meta name=\"description\" content=\"Interviews &#8212; Interview avec l&#039;artiste d&#039;EBM, ELM.\" \/>\n<meta name=\"robots\" content=\"index, follow, max-snippet:-1, max-image-preview:large, max-video-preview:-1\" \/>\n<link rel=\"canonical\" href=\"https:\/\/elgarajedefrank.es\/fr\/interview-elm\/\" \/>\n<meta property=\"og:locale\" content=\"fr_FR\" \/>\n<meta property=\"og:type\" content=\"article\" \/>\n<meta property=\"og:title\" content=\"Interview : ELM &#8212; El Garaje de Frank\" \/>\n<meta property=\"og:description\" content=\"Interviews &#8212; Interview avec l&#039;artiste d&#039;EBM, ELM.\" \/>\n<meta property=\"og:url\" content=\"https:\/\/elgarajedefrank.es\/fr\/interview-elm\/\" \/>\n<meta property=\"og:site_name\" content=\"El Garaje de Frank\" \/>\n<meta property=\"article:publisher\" content=\"https:\/\/www.facebook.com\/elgarajedefrank\/\" \/>\n<meta property=\"article:published_time\" content=\"2020-05-12T13:39:10+00:00\" \/>\n<meta property=\"article:modified_time\" content=\"2023-11-03T21:20:11+00:00\" \/>\n<meta property=\"og:image\" content=\"https:\/\/elgarajedefrank.es\/wp-content\/uploads\/2020\/05\/94711564_277894623220867_3366348315238072320_n.jpg\" \/>\n\t<meta property=\"og:image:width\" content=\"1280\" \/>\n\t<meta property=\"og:image:height\" content=\"960\" \/>\n\t<meta property=\"og:image:type\" content=\"image\/jpeg\" \/>\n<meta name=\"author\" content=\"Violeta\" \/>\n<meta name=\"twitter:card\" content=\"summary_large_image\" \/>\n<meta name=\"twitter:label1\" content=\"\u00c9crit par\" \/>\n\t<meta name=\"twitter:data1\" content=\"Violeta\" \/>\n\t<meta name=\"twitter:label2\" content=\"Dur\u00e9e de lecture estim\u00e9e\" \/>\n\t<meta name=\"twitter:data2\" content=\"9 minutes\" \/>\n<script type=\"application\/ld+json\" class=\"yoast-schema-graph\">{\"@context\":\"https:\\\/\\\/schema.org\",\"@graph\":[{\"@type\":\"Article\",\"@id\":\"https:\\\/\\\/elgarajedefrank.es\\\/fr\\\/interview-elm\\\/#article\",\"isPartOf\":{\"@id\":\"https:\\\/\\\/elgarajedefrank.es\\\/fr\\\/interview-elm\\\/\"},\"author\":{\"name\":\"Violeta\",\"@id\":\"https:\\\/\\\/elgarajedefrank.es\\\/fr\\\/#\\\/schema\\\/person\\\/35ec115bc6f8fb3d23238106dc7c1308\"},\"headline\":\"Interview : ELM\",\"datePublished\":\"2020-05-12T13:39:10+00:00\",\"dateModified\":\"2023-11-03T21:20:11+00:00\",\"mainEntityOfPage\":{\"@id\":\"https:\\\/\\\/elgarajedefrank.es\\\/fr\\\/interview-elm\\\/\"},\"wordCount\":1884,\"commentCount\":0,\"publisher\":{\"@id\":\"https:\\\/\\\/elgarajedefrank.es\\\/fr\\\/#\\\/schema\\\/person\\\/d709c9c33f5f405d44c6c9397889ba15\"},\"image\":{\"@id\":\"https:\\\/\\\/elgarajedefrank.es\\\/fr\\\/interview-elm\\\/#primaryimage\"},\"thumbnailUrl\":\"https:\\\/\\\/elgarajedefrank.es\\\/wp-content\\\/uploads\\\/2020\\\/05\\\/94711564_277894623220867_3366348315238072320_n.jpg\",\"keywords\":[\"EBM\"],\"articleSection\":[\"Interviews\"],\"inLanguage\":\"fr-FR\",\"potentialAction\":[{\"@type\":\"CommentAction\",\"name\":\"Comment\",\"target\":[\"https:\\\/\\\/elgarajedefrank.es\\\/fr\\\/interview-elm\\\/#respond\"]}]},{\"@type\":\"WebPage\",\"@id\":\"https:\\\/\\\/elgarajedefrank.es\\\/fr\\\/interview-elm\\\/\",\"url\":\"https:\\\/\\\/elgarajedefrank.es\\\/fr\\\/interview-elm\\\/\",\"name\":\"Interview : ELM &#8212; El Garaje de Frank\",\"isPartOf\":{\"@id\":\"https:\\\/\\\/elgarajedefrank.es\\\/fr\\\/#website\"},\"primaryImageOfPage\":{\"@id\":\"https:\\\/\\\/elgarajedefrank.es\\\/fr\\\/interview-elm\\\/#primaryimage\"},\"image\":{\"@id\":\"https:\\\/\\\/elgarajedefrank.es\\\/fr\\\/interview-elm\\\/#primaryimage\"},\"thumbnailUrl\":\"https:\\\/\\\/elgarajedefrank.es\\\/wp-content\\\/uploads\\\/2020\\\/05\\\/94711564_277894623220867_3366348315238072320_n.jpg\",\"datePublished\":\"2020-05-12T13:39:10+00:00\",\"dateModified\":\"2023-11-03T21:20:11+00:00\",\"description\":\"Interviews &#8212; Interview avec l'artiste d'EBM, ELM.\",\"breadcrumb\":{\"@id\":\"https:\\\/\\\/elgarajedefrank.es\\\/fr\\\/interview-elm\\\/#breadcrumb\"},\"inLanguage\":\"fr-FR\",\"potentialAction\":[{\"@type\":\"ReadAction\",\"target\":[\"https:\\\/\\\/elgarajedefrank.es\\\/fr\\\/interview-elm\\\/\"]}]},{\"@type\":\"ImageObject\",\"inLanguage\":\"fr-FR\",\"@id\":\"https:\\\/\\\/elgarajedefrank.es\\\/fr\\\/interview-elm\\\/#primaryimage\",\"url\":\"https:\\\/\\\/elgarajedefrank.es\\\/wp-content\\\/uploads\\\/2020\\\/05\\\/94711564_277894623220867_3366348315238072320_n.jpg\",\"contentUrl\":\"https:\\\/\\\/elgarajedefrank.es\\\/wp-content\\\/uploads\\\/2020\\\/05\\\/94711564_277894623220867_3366348315238072320_n.jpg\",\"width\":1280,\"height\":960},{\"@type\":\"BreadcrumbList\",\"@id\":\"https:\\\/\\\/elgarajedefrank.es\\\/fr\\\/interview-elm\\\/#breadcrumb\",\"itemListElement\":[{\"@type\":\"ListItem\",\"position\":1,\"name\":\"Inicio\",\"item\":\"https:\\\/\\\/elgarajedefrank.es\\\/fr\\\/\"},{\"@type\":\"ListItem\",\"position\":2,\"name\":\"Interviews\",\"item\":\"https:\\\/\\\/elgarajedefrank.es\\\/fr\\\/category\\\/interviews-fr\\\/\"},{\"@type\":\"ListItem\",\"position\":3,\"name\":\"Interview : ELM\"}]},{\"@type\":\"WebSite\",\"@id\":\"https:\\\/\\\/elgarajedefrank.es\\\/fr\\\/#website\",\"url\":\"https:\\\/\\\/elgarajedefrank.es\\\/fr\\\/\",\"name\":\"El Garaje de Frank\",\"description\":\"Music magazine\",\"publisher\":{\"@id\":\"https:\\\/\\\/elgarajedefrank.es\\\/fr\\\/#\\\/schema\\\/person\\\/d709c9c33f5f405d44c6c9397889ba15\"},\"potentialAction\":[{\"@type\":\"SearchAction\",\"target\":{\"@type\":\"EntryPoint\",\"urlTemplate\":\"https:\\\/\\\/elgarajedefrank.es\\\/fr\\\/?s={search_term_string}\"},\"query-input\":{\"@type\":\"PropertyValueSpecification\",\"valueRequired\":true,\"valueName\":\"search_term_string\"}}],\"inLanguage\":\"fr-FR\"},{\"@type\":[\"Person\",\"Organization\"],\"@id\":\"https:\\\/\\\/elgarajedefrank.es\\\/fr\\\/#\\\/schema\\\/person\\\/d709c9c33f5f405d44c6c9397889ba15\",\"name\":\"Fran\u00e7ois Zappa\",\"image\":{\"@type\":\"ImageObject\",\"inLanguage\":\"fr-FR\",\"@id\":\"https:\\\/\\\/elgarajedefrank.es\\\/wp-content\\\/uploads\\\/2019\\\/10\\\/IMG_8278-150x150.jpg\",\"url\":\"https:\\\/\\\/elgarajedefrank.es\\\/wp-content\\\/uploads\\\/2019\\\/10\\\/IMG_8278-150x150.jpg\",\"contentUrl\":\"https:\\\/\\\/elgarajedefrank.es\\\/wp-content\\\/uploads\\\/2019\\\/10\\\/IMG_8278-150x150.jpg\",\"caption\":\"Fran\u00e7ois Zappa\"},\"logo\":{\"@id\":\"https:\\\/\\\/elgarajedefrank.es\\\/wp-content\\\/uploads\\\/2019\\\/10\\\/IMG_8278-150x150.jpg\"},\"sameAs\":[\"https:\\\/\\\/www.facebook.com\\\/elgarajedefrank\\\/\",\"https:\\\/\\\/www.instagram.com\\\/elgarajedefrank\\\/\"]},{\"@type\":\"Person\",\"@id\":\"https:\\\/\\\/elgarajedefrank.es\\\/fr\\\/#\\\/schema\\\/person\\\/35ec115bc6f8fb3d23238106dc7c1308\",\"name\":\"Violeta\",\"image\":{\"@type\":\"ImageObject\",\"inLanguage\":\"fr-FR\",\"@id\":\"https:\\\/\\\/elgarajedefrank.es\\\/wp-content\\\/uploads\\\/2019\\\/10\\\/IMG_0576-e1570432097945-150x150.jpg\",\"url\":\"https:\\\/\\\/elgarajedefrank.es\\\/wp-content\\\/uploads\\\/2019\\\/10\\\/IMG_0576-e1570432097945-150x150.jpg\",\"contentUrl\":\"https:\\\/\\\/elgarajedefrank.es\\\/wp-content\\\/uploads\\\/2019\\\/10\\\/IMG_0576-e1570432097945-150x150.jpg\",\"caption\":\"Violeta\"}}]}<\/script>\n<!-- \/ Yoast SEO plugin. -->","yoast_head_json":{"title":"Interview : ELM &#8212; El Garaje de Frank","description":"Interviews &#8212; Interview avec l'artiste d'EBM, ELM.","robots":{"index":"index","follow":"follow","max-snippet":"max-snippet:-1","max-image-preview":"max-image-preview:large","max-video-preview":"max-video-preview:-1"},"canonical":"https:\/\/elgarajedefrank.es\/fr\/interview-elm\/","og_locale":"fr_FR","og_type":"article","og_title":"Interview : ELM &#8212; El Garaje de Frank","og_description":"Interviews &#8212; Interview avec l'artiste d'EBM, ELM.","og_url":"https:\/\/elgarajedefrank.es\/fr\/interview-elm\/","og_site_name":"El Garaje de Frank","article_publisher":"https:\/\/www.facebook.com\/elgarajedefrank\/","article_published_time":"2020-05-12T13:39:10+00:00","article_modified_time":"2023-11-03T21:20:11+00:00","og_image":[{"width":1280,"height":960,"url":"https:\/\/elgarajedefrank.es\/wp-content\/uploads\/2020\/05\/94711564_277894623220867_3366348315238072320_n.jpg","type":"image\/jpeg"}],"author":"Violeta","twitter_card":"summary_large_image","twitter_misc":{"\u00c9crit par":"Violeta","Dur\u00e9e de lecture estim\u00e9e":"9 minutes"},"schema":{"@context":"https:\/\/schema.org","@graph":[{"@type":"Article","@id":"https:\/\/elgarajedefrank.es\/fr\/interview-elm\/#article","isPartOf":{"@id":"https:\/\/elgarajedefrank.es\/fr\/interview-elm\/"},"author":{"name":"Violeta","@id":"https:\/\/elgarajedefrank.es\/fr\/#\/schema\/person\/35ec115bc6f8fb3d23238106dc7c1308"},"headline":"Interview : ELM","datePublished":"2020-05-12T13:39:10+00:00","dateModified":"2023-11-03T21:20:11+00:00","mainEntityOfPage":{"@id":"https:\/\/elgarajedefrank.es\/fr\/interview-elm\/"},"wordCount":1884,"commentCount":0,"publisher":{"@id":"https:\/\/elgarajedefrank.es\/fr\/#\/schema\/person\/d709c9c33f5f405d44c6c9397889ba15"},"image":{"@id":"https:\/\/elgarajedefrank.es\/fr\/interview-elm\/#primaryimage"},"thumbnailUrl":"https:\/\/elgarajedefrank.es\/wp-content\/uploads\/2020\/05\/94711564_277894623220867_3366348315238072320_n.jpg","keywords":["EBM"],"articleSection":["Interviews"],"inLanguage":"fr-FR","potentialAction":[{"@type":"CommentAction","name":"Comment","target":["https:\/\/elgarajedefrank.es\/fr\/interview-elm\/#respond"]}]},{"@type":"WebPage","@id":"https:\/\/elgarajedefrank.es\/fr\/interview-elm\/","url":"https:\/\/elgarajedefrank.es\/fr\/interview-elm\/","name":"Interview : ELM &#8212; El Garaje de Frank","isPartOf":{"@id":"https:\/\/elgarajedefrank.es\/fr\/#website"},"primaryImageOfPage":{"@id":"https:\/\/elgarajedefrank.es\/fr\/interview-elm\/#primaryimage"},"image":{"@id":"https:\/\/elgarajedefrank.es\/fr\/interview-elm\/#primaryimage"},"thumbnailUrl":"https:\/\/elgarajedefrank.es\/wp-content\/uploads\/2020\/05\/94711564_277894623220867_3366348315238072320_n.jpg","datePublished":"2020-05-12T13:39:10+00:00","dateModified":"2023-11-03T21:20:11+00:00","description":"Interviews &#8212; Interview avec l'artiste d'EBM, ELM.","breadcrumb":{"@id":"https:\/\/elgarajedefrank.es\/fr\/interview-elm\/#breadcrumb"},"inLanguage":"fr-FR","potentialAction":[{"@type":"ReadAction","target":["https:\/\/elgarajedefrank.es\/fr\/interview-elm\/"]}]},{"@type":"ImageObject","inLanguage":"fr-FR","@id":"https:\/\/elgarajedefrank.es\/fr\/interview-elm\/#primaryimage","url":"https:\/\/elgarajedefrank.es\/wp-content\/uploads\/2020\/05\/94711564_277894623220867_3366348315238072320_n.jpg","contentUrl":"https:\/\/elgarajedefrank.es\/wp-content\/uploads\/2020\/05\/94711564_277894623220867_3366348315238072320_n.jpg","width":1280,"height":960},{"@type":"BreadcrumbList","@id":"https:\/\/elgarajedefrank.es\/fr\/interview-elm\/#breadcrumb","itemListElement":[{"@type":"ListItem","position":1,"name":"Inicio","item":"https:\/\/elgarajedefrank.es\/fr\/"},{"@type":"ListItem","position":2,"name":"Interviews","item":"https:\/\/elgarajedefrank.es\/fr\/category\/interviews-fr\/"},{"@type":"ListItem","position":3,"name":"Interview : ELM"}]},{"@type":"WebSite","@id":"https:\/\/elgarajedefrank.es\/fr\/#website","url":"https:\/\/elgarajedefrank.es\/fr\/","name":"El Garaje de Frank","description":"Music magazine","publisher":{"@id":"https:\/\/elgarajedefrank.es\/fr\/#\/schema\/person\/d709c9c33f5f405d44c6c9397889ba15"},"potentialAction":[{"@type":"SearchAction","target":{"@type":"EntryPoint","urlTemplate":"https:\/\/elgarajedefrank.es\/fr\/?s={search_term_string}"},"query-input":{"@type":"PropertyValueSpecification","valueRequired":true,"valueName":"search_term_string"}}],"inLanguage":"fr-FR"},{"@type":["Person","Organization"],"@id":"https:\/\/elgarajedefrank.es\/fr\/#\/schema\/person\/d709c9c33f5f405d44c6c9397889ba15","name":"Fran\u00e7ois Zappa","image":{"@type":"ImageObject","inLanguage":"fr-FR","@id":"https:\/\/elgarajedefrank.es\/wp-content\/uploads\/2019\/10\/IMG_8278-150x150.jpg","url":"https:\/\/elgarajedefrank.es\/wp-content\/uploads\/2019\/10\/IMG_8278-150x150.jpg","contentUrl":"https:\/\/elgarajedefrank.es\/wp-content\/uploads\/2019\/10\/IMG_8278-150x150.jpg","caption":"Fran\u00e7ois Zappa"},"logo":{"@id":"https:\/\/elgarajedefrank.es\/wp-content\/uploads\/2019\/10\/IMG_8278-150x150.jpg"},"sameAs":["https:\/\/www.facebook.com\/elgarajedefrank\/","https:\/\/www.instagram.com\/elgarajedefrank\/"]},{"@type":"Person","@id":"https:\/\/elgarajedefrank.es\/fr\/#\/schema\/person\/35ec115bc6f8fb3d23238106dc7c1308","name":"Violeta","image":{"@type":"ImageObject","inLanguage":"fr-FR","@id":"https:\/\/elgarajedefrank.es\/wp-content\/uploads\/2019\/10\/IMG_0576-e1570432097945-150x150.jpg","url":"https:\/\/elgarajedefrank.es\/wp-content\/uploads\/2019\/10\/IMG_0576-e1570432097945-150x150.jpg","contentUrl":"https:\/\/elgarajedefrank.es\/wp-content\/uploads\/2019\/10\/IMG_0576-e1570432097945-150x150.jpg","caption":"Violeta"}}]}},"_links":{"self":[{"href":"https:\/\/elgarajedefrank.es\/fr\/wp-json\/wp\/v2\/posts\/20659","targetHints":{"allow":["GET"]}}],"collection":[{"href":"https:\/\/elgarajedefrank.es\/fr\/wp-json\/wp\/v2\/posts"}],"about":[{"href":"https:\/\/elgarajedefrank.es\/fr\/wp-json\/wp\/v2\/types\/post"}],"author":[{"embeddable":true,"href":"https:\/\/elgarajedefrank.es\/fr\/wp-json\/wp\/v2\/users\/2"}],"replies":[{"embeddable":true,"href":"https:\/\/elgarajedefrank.es\/fr\/wp-json\/wp\/v2\/comments?post=20659"}],"version-history":[{"count":1,"href":"https:\/\/elgarajedefrank.es\/fr\/wp-json\/wp\/v2\/posts\/20659\/revisions"}],"predecessor-version":[{"id":58218,"href":"https:\/\/elgarajedefrank.es\/fr\/wp-json\/wp\/v2\/posts\/20659\/revisions\/58218"}],"wp:featuredmedia":[{"embeddable":true,"href":"https:\/\/elgarajedefrank.es\/fr\/wp-json\/wp\/v2\/media\/20670"}],"wp:attachment":[{"href":"https:\/\/elgarajedefrank.es\/fr\/wp-json\/wp\/v2\/media?parent=20659"}],"wp:term":[{"taxonomy":"category","embeddable":true,"href":"https:\/\/elgarajedefrank.es\/fr\/wp-json\/wp\/v2\/categories?post=20659"},{"taxonomy":"post_tag","embeddable":true,"href":"https:\/\/elgarajedefrank.es\/fr\/wp-json\/wp\/v2\/tags?post=20659"}],"curies":[{"name":"wp","href":"https:\/\/api.w.org\/{rel}","templated":true}]}}