{"id":16624,"date":"2020-02-22T13:17:46","date_gmt":"2020-02-22T12:17:46","guid":{"rendered":"https:\/\/elgarajedefrank.es\/?p=16624"},"modified":"2023-10-19T22:03:01","modified_gmt":"2023-10-19T20:03:01","slug":"interview-antipole","status":"publish","type":"post","link":"https:\/\/elgarajedefrank.es\/fr\/interview-antipole\/","title":{"rendered":"Interview : Antipole"},"content":{"rendered":"<p class=\"p1\"><span class=\"s1\" style=\"font-family: georgia, palatino, serif; font-size: 12pt;\"><b>Antipole est le nom du projet de post-punk\/darkwave de Karl Morten Dahl, Paris Alexander et Eirene. Apr\u00e8s un premier album sorti chez le label Unknown Pleasures, ils nous ont offert l\u2019ann\u00e9e derni\u00e8re l\u2019album <i>Radial Glare<\/i> acclam\u00e9 par la critique. On a eu l\u2019opportunit\u00e9 de les voir en live pendant leur concert au W-Fest 2018. Karl nous d\u00e9voile l\u2019histoire d\u2019un projet n\u00e9 pour impressionner sa petit-amie, et qui a fini par impressionner tout le monde.<\/b><\/span><\/p>\n<p><span style=\"font-family: georgia, palatino, serif; font-size: 12pt;\"><span class=\"s1\">\u2014<\/span><strong>De 2003 \u00e0 2006, tu as jou\u00e9 avec AqPop, un groupe de pop psych\u00e9, et enregistr\u00e9 Beautifully Smart avec eux, si je ne me trompe pas ? Que peux-tu nous dire sur cette p\u00e9riode de ta vie ?<\/strong><\/span><\/p>\n<p class=\"p1\"><span style=\"font-family: georgia, palatino, serif; font-size: 12pt;\"><span class=\"s1\"><strong><img fetchpriority=\"high\" decoding=\"async\" class=\"size-medium wp-image-17585 alignleft\" src=\"https:\/\/elgarajedefrank.es\/wp-content\/uploads\/2020\/02\/jzNpwZDw-300x200.jpeg\" alt=\"\" width=\"300\" height=\"200\" srcset=\"https:\/\/elgarajedefrank.es\/wp-content\/uploads\/2020\/02\/jzNpwZDw-300x200.jpeg 300w, https:\/\/elgarajedefrank.es\/wp-content\/uploads\/2020\/02\/jzNpwZDw-1024x683.jpeg 1024w, https:\/\/elgarajedefrank.es\/wp-content\/uploads\/2020\/02\/jzNpwZDw-768x512.jpeg 768w, https:\/\/elgarajedefrank.es\/wp-content\/uploads\/2020\/02\/jzNpwZDw-1536x1024.jpeg 1536w, https:\/\/elgarajedefrank.es\/wp-content\/uploads\/2020\/02\/jzNpwZDw-1170x780.jpeg 1170w, https:\/\/elgarajedefrank.es\/wp-content\/uploads\/2020\/02\/jzNpwZDw.jpeg 1920w, https:\/\/elgarajedefrank.es\/wp-content\/uploads\/2020\/02\/jzNpwZDw-585x390.jpeg 585w, https:\/\/elgarajedefrank.es\/wp-content\/uploads\/2020\/02\/jzNpwZDw-263x175.jpeg 263w\" sizes=\"(max-width: 300px) 100vw, 300px\" \/><\/strong>\u2014<\/span>Merci de m\u2019avoir contact\u00e9\u00a0! Entre 2000 et 2005, j\u2019\u00e9tais \u00e0 fond dans la musique psych\u00e9 et folk (The Byrds, <strong>Steeleye Span<\/strong> et les <strong>Dipsomaniacs,<\/strong> etc.). Quelques-unes des chansons que j\u2019ai \u00e9crites avec cette influence apparaissent sur l\u2019album d\u2019AqPop, <em>Beautifully Smart<\/em> (2004), sorti en CD par 35g Records. On a fait environ 15 prestas en live. \u00c0 Oslo, Liverpool, mais principalement dans notre ville natale, Trondheim. J\u2019avais fini mes \u00e9tudes \u00e0 l\u2019universit\u00e9, commenc\u00e9 \u00e0 travailler et eu des enfants, du coup \u00e7a s\u2019est arr\u00eat\u00e9 naturellement. Je pense toujours qu\u2019on avait sorti des chansons pop \u00e9normes\u00a0! <strong>AqPop<\/strong> est toujours actif, mais sans moi.<\/span><\/p>\n<p class=\"p1\"><span style=\"font-family: georgia, palatino, serif; font-size: 12pt;\"><strong><span class=\"s1\">\u2014<\/span>Tu \u00e9tais branch\u00e9 rock ind\u00e9 avant de cr\u00e9er Antipole, et tu \u00e9coutais des groupes comme Guided by Voices. Tu crois que certaines de tes premi\u00e8res influences s\u2019entendent toujours dans ta musique\u00a0?<\/strong><\/span><\/p>\n<p class=\"p1\"><span style=\"font-family: georgia, palatino, serif; font-size: 12pt;\"><span class=\"s1\">\u2014<\/span>Pas de mani\u00e8re trop \u00e9vidente du moins, mais je dirais que certaines chansons comme &#8220;La Vie Apr\u00e8s&#8221; et &#8220;Le Moment&#8221; ont pu \u00eatre arrang\u00e9es et enregistr\u00e9es avec une approche ind\u00e9 oui. Je suis quasiment s\u00fbr que la tristesse, la m\u00e9lancolie des ann\u00e9es de musique folk ont compt\u00e9 dans la composition de mes chansons, et que c\u2019est toujours le cas. J\u2019\u00e9coutais beaucoup l\u2019album <em>Shimmering, Warm and Bright<\/em> de <strong>Bel Canto<\/strong>, et je pense qu\u2019au moins une partie du c\u00f4t\u00e9 \u00e9th\u00e9r\u00e9 d\u2019<strong>Antipole<\/strong> provient de l\u2019\u00e9coute de <strong>Bel Canto<\/strong> dans les ann\u00e9es 90.<\/span><\/p>\n<p><span style=\"font-family: georgia, palatino, serif; font-size: 12pt;\"><strong><span class=\"s1\"><img decoding=\"async\" class=\"size-full wp-image-17588 alignright\" src=\"https:\/\/elgarajedefrank.es\/wp-content\/uploads\/2020\/02\/t\u00e9l\u00e9chargement.jpg\" alt=\"\" width=\"225\" height=\"225\" srcset=\"https:\/\/elgarajedefrank.es\/wp-content\/uploads\/2020\/02\/t\u00e9l\u00e9chargement.jpg 225w, https:\/\/elgarajedefrank.es\/wp-content\/uploads\/2020\/02\/t\u00e9l\u00e9chargement-150x150.jpg 150w\" sizes=\"(max-width: 225px) 100vw, 225px\" \/>\u2014<\/span>L\u2019EP instrumental des d\u00e9buts du groupe (2014) s\u2019appelle <i>Panoply: Songs for AC<\/i>. D\u2019apr\u00e8s ce que tu as dit, c\u2019est un EP de \u00ab lofi post-punk instrumental \u00bb. AC sont les initiales du nom de ta petite amie. Quand tu l\u2019as enregistr\u00e9, est-ce que tu le voyais comme un cadeau, ou simplement comme le d\u00e9but d\u2019une nouvelle aventure musicale ?<\/strong><\/span><\/p>\n<p class=\"p1\"><span style=\"font-family: georgia, palatino, serif; font-size: 12pt;\"><span class=\"s1\">\u2014<\/span>Non, j\u2019ai enregistr\u00e9 ces 8 chansons\/\u00e9bauches une par une et je les ai pr\u00e9sent\u00e9es \u00e0 ma copine Anne-Christel. J\u2019essayais juste de l\u2019impressionner. Je n\u2019imaginais rien de plus \u00e0 ce moment-l\u00e0.<\/span><\/p>\n<p><span style=\"font-family: georgia, palatino, serif; font-size: 12pt;\"><strong><span class=\"s1\">\u2014<\/span>Tu as d\u00e9clar\u00e9 vouloir des chansons qui aient l\u2019air d\u2019avoir \u00e9t\u00e9 \u00e9crites en 1983, inspir\u00e9es par The Cure et Joy Division. \u00c7a me donne l\u2019opportunit\u00e9 de pouvoir te poser une de mes questions pr\u00e9f\u00e9r\u00e9es. Que trouves-tu de si sp\u00e9cial, si int\u00e9ressant dans cette p\u00e9riode ?<\/strong><\/span><\/p>\n<p class=\"p1\"><span style=\"font-family: georgia, palatino, serif; font-size: 12pt;\"><span class=\"s1\">\u2014<\/span>Ce n\u2019est pas facile \u00e0 identifier. Je suppose qu\u2019on y trouve beaucoup de nostalgie. J\u2019\u00e9tais trop jeune au d\u00e9but des ann\u00e9es 80 pour bien rentrer dans le style de <strong>The Chameleons, The Sound, Joy Division<\/strong> et dans les premiers trucs de <strong>New Order<\/strong>. Du coup j\u2019ai d\u00fb me faire ma propre culture de cette p\u00e9riode, principalement \u00e0 partir de vieilles photos, de clips vid\u00e9os et de musique sortis \u00e0 ce moment-l\u00e0. Il y a un truc particulier avec les t\u00e9l\u00e9s et les cassettes VHS old school. Mon enfance peut-\u00eatre. Ceci dit, toute l\u2019\u00e8re pr\u00e9-Internet semble plut\u00f4t romantique et nostalgique de nos jours.<\/span><\/p>\n<p><span style=\"font-family: georgia, palatino, serif; font-size: 12pt;\"><strong><span class=\"s1\">\u2014<\/span>Dans ton premier EP, <em>Getting Frequent Now<\/em>, il y a une chanson chant\u00e9e par Mats Davidsen et le reste l\u2019est par Paris Alexander. Quand as-tu pens\u00e9 avoir besoin d\u2019un chanteur (ou deux) ? Si Antipole avait d\u00e9but\u00e9 \u00e0 la fin des ann\u00e9es 70, qui, pour toi, aurait \u00e9t\u00e9 le chanteur parfait pour le groupe ?<\/strong><\/span><\/p>\n<p class=\"p1\"><span style=\"font-family: georgia, palatino, serif; font-size: 12pt;\"><span class=\"s1\">\u2014<\/span>Apr\u00e8s <em>Panoply: Songs for AC<\/em>, j\u2019ai sorti quelques singles num\u00e9riques (<em>Someday 45, Narcissus<\/em>). J\u2019\u00e9tais vraiment emball\u00e9 par les chansons et j\u2019ai commenc\u00e9 \u00e0 me dire qu\u2019elles auraient \u00e9t\u00e9 encore meilleures avec du chant et la production appropri\u00e9e. J\u2019imagine que c\u2019est arriv\u00e9 quand j\u2019ai pens\u00e9 \u00e0 ne pas me contenter d\u2019impressionner Anne-Christel avec le projet <strong>Antipole<\/strong> ! J\u2019ai contact\u00e9 Mats Davidsen (il habite aussi \u00e0 Trondheim). Avec <strong>AqPop,<\/strong> on avait donn\u00e9 un concert avec son groupe Wallpaper Silhouettes en 2003, je crois. Wallpaper Silhouettes avait une petite touche ann\u00e9es 80, et il a une super voix. Il \u00e9tait au chant pour <strong>Deco Blue,<\/strong> que j\u2019adorais. J\u2019aurais voulu travailler plus avec lui, mais il ne voulait pas \u00e0 ce moment-l\u00e0. Du coup j\u2019ai continu\u00e9 \u00e0 chercher, et j\u2019ai fini par entrer en contact avec Paris Alexander. Le chanteur parfait de cette p\u00e9riode\u00a0? Peut-\u00eatre un jeune Mark Burgess, un Adrian Borland ou un Ian Curtis.<\/span><\/p>\n<p><span style=\"font-family: georgia, palatino, serif; font-size: 12pt;\"><strong><span class=\"s1\"><img decoding=\"async\" class=\"size-medium wp-image-17591 alignleft\" src=\"https:\/\/elgarajedefrank.es\/wp-content\/uploads\/2020\/02\/9GbhLGGQ-268x300.jpeg\" alt=\"\" width=\"268\" height=\"300\" srcset=\"https:\/\/elgarajedefrank.es\/wp-content\/uploads\/2020\/02\/9GbhLGGQ-268x300.jpeg 268w, https:\/\/elgarajedefrank.es\/wp-content\/uploads\/2020\/02\/9GbhLGGQ-914x1024.jpeg 914w, https:\/\/elgarajedefrank.es\/wp-content\/uploads\/2020\/02\/9GbhLGGQ-768x860.jpeg 768w, https:\/\/elgarajedefrank.es\/wp-content\/uploads\/2020\/02\/9GbhLGGQ-1371x1536.jpeg 1371w, https:\/\/elgarajedefrank.es\/wp-content\/uploads\/2020\/02\/9GbhLGGQ-1170x1311.jpeg 1170w, https:\/\/elgarajedefrank.es\/wp-content\/uploads\/2020\/02\/9GbhLGGQ-585x655.jpeg 585w, https:\/\/elgarajedefrank.es\/wp-content\/uploads\/2020\/02\/9GbhLGGQ.jpeg 1669w\" sizes=\"(max-width: 268px) 100vw, 268px\" \/>\u2014<\/span>Paris Alexander et Eirene sont tes collaborateurs principaux. Que peux-tu nous dire sur eux ? Comment les as-tu rencontr\u00e9s ?<\/strong><\/span><\/p>\n<p class=\"p1\"><span style=\"font-family: georgia, palatino, serif; font-size: 12pt;\"><span class=\"s1\">\u2014<\/span>Paris Alexander et Eirene sont des artistes qui vivent \u00e0 Brighton, au Royaume-Uni. J\u2019ai contact\u00e9 Paris Alexander par Internet courant janvier 2017, quand j\u2019ai commenc\u00e9 \u00e0 chercher un producteur\/chanteur qui pouvait am\u00e9liorer mes chansons. Il a remix\u00e9 &#8220;Narcissus&#8221; et ajout\u00e9 du chant. J\u2019ai vraiment ador\u00e9, et on a continu\u00e9 \u00e0 travailler ensemble de la m\u00eame fa\u00e7on depuis. Sa petite amie Eirene nous a rejoints plus tard et a ajout\u00e9 du chant sur beaucoup de chansons. Paris Alexander dirige les Studios Blue Door et sort donc sa propre musique \u00e9galement. Et il a Simon, Martin (qui ont tous jou\u00e9 en live avec <strong>Antipole).<\/strong> Eirene aussi a sorti son propre album (l\u2019EP <em>Jhana<\/em> en 2019). Vous devriez l\u2019\u00e9couter ! Ce sont vraiment des gens adorables avec qui travailler.<\/span><\/p>\n<p><span style=\"font-family: georgia, palatino, serif; font-size: 12pt;\"><strong><span class=\"s1\">\u2014<\/span>Ils font \u00e9galement les live avec toi, c\u2019est difficile de r\u00e9p\u00e9ter et de partir en tourn\u00e9e quand on vit dans des pays diff\u00e9rents ?<\/strong><\/span><\/p>\n<p class=\"p1\"><span style=\"font-family: georgia, palatino, serif; font-size: 12pt;\"><span class=\"s1\">\u2014<\/span>C\u2019est \u00e9vident que ce n\u2019est pas simple \u00e0 g\u00e9rer. On a deux concerts programm\u00e9s pour 2020. Brighton en mai (avec The Snake Corps) et le Young &amp; Cold Festival \u00e0 Augsbourg, en Allemagne, en septembre. On r\u00e9p\u00e8te s\u00e9par\u00e9ment, on a rarement l\u2019occasion de le faire ensemble. Mais on est en train de se pr\u00e9voir au moins une r\u00e9p\u00e9tition g\u00e9n\u00e9rale avant le concert de Brighton.<\/span><\/p>\n<p><span style=\"font-family: georgia, palatino, serif; font-size: 12pt;\"><strong><span class=\"s1\">\u2014<\/span>Ils composent \u00e9galement les chansons avec toi. Comment tu d\u00e9crirais le processus cr\u00e9atif au sein d\u2019Antipole ?<\/strong><\/span><\/p>\n<p class=\"p1\"><span style=\"font-family: georgia, palatino, serif; font-size: 12pt;\"><span class=\"s1\">\u2014<\/span>Ils \u00e9crivent les paroles, les lignes m\u00e9lodiques de chant, les lignes de synth\u00e9s et de percus\/batterie. Le processus cr\u00e9atif commence par moi : j\u2019\u00e9cris une chanson instrumentale avec une basse, plusieurs guitares et des percussions de base. Ensuite, Paris Alexander utilise ces pistes de guitare et de basse pour d\u00e9velopper une structure solide en ajoutant des percus, de la batterie et du synth\u00e9 \u00e9lectroniques, et fait l\u2019arrangement. Puis Paris Alexander et\/ou Eirene \u00e9crivent les paroles et ajoutent les chants. Certaines de ces pistes sont parfaites d\u00e8s le d\u00e9but alors que d\u2019autres sont un peu \u00e9dit\u00e9es\/retravaill\u00e9es \u00e0 plusieurs reprises. Ils me les renvoient jusqu\u2019\u00e0 ce qu\u2019elles sonnent comme je les avais imagin\u00e9es, voire mieux. Je travaille aussi avec <strong>IAMTHESHADOW, Kill Shelter,<\/strong> <strong>L\u2019Ordre d\u2019H\u00e9lo\u00efse, <\/strong>Camilla Sombrio\/Lory Fayer et, bien s\u00fbr, Mats Davidsen. Je ne suis ni chanteur ni producteur, donc travailler avec d\u2019autres gens est \u00e0 la fois un plaisir et une n\u00e9cessit\u00e9 pour moi. Les instrus Lo-fi perdent de leur int\u00e9r\u00eat \u00e0 la longue (rires).<\/span><\/p>\n<p><span style=\"font-family: georgia, palatino, serif; font-size: 12pt;\"><strong><span class=\"s1\"><img loading=\"lazy\" decoding=\"async\" class=\"size-medium wp-image-17594 alignright\" src=\"https:\/\/elgarajedefrank.es\/wp-content\/uploads\/2020\/02\/a2412241050_10-300x300.jpg\" alt=\"\" width=\"300\" height=\"300\" srcset=\"https:\/\/elgarajedefrank.es\/wp-content\/uploads\/2020\/02\/a2412241050_10-300x300.jpg 300w, https:\/\/elgarajedefrank.es\/wp-content\/uploads\/2020\/02\/a2412241050_10-1022x1024.jpg 1022w, https:\/\/elgarajedefrank.es\/wp-content\/uploads\/2020\/02\/a2412241050_10-150x150.jpg 150w, https:\/\/elgarajedefrank.es\/wp-content\/uploads\/2020\/02\/a2412241050_10-768x769.jpg 768w, https:\/\/elgarajedefrank.es\/wp-content\/uploads\/2020\/02\/a2412241050_10-1170x1172.jpg 1170w, https:\/\/elgarajedefrank.es\/wp-content\/uploads\/2020\/02\/a2412241050_10-585x585.jpg 585w, https:\/\/elgarajedefrank.es\/wp-content\/uploads\/2020\/02\/a2412241050_10.jpg 1198w\" sizes=\"(max-width: 300px) 100vw, 300px\" \/>\u2014<\/span>Le premier album du groupe, Northern Flux (2017), contenait des chansons hypnotiques g\u00e9niales. Comment tu fais pour que l\u2019album reste int\u00e9ressant malgr\u00e9 le nombre \u00e9lev\u00e9 de r\u00e9p\u00e9titions et le son similaire sur tout l\u2019album ?<\/strong><\/span><\/p>\n<p class=\"p1\"><span style=\"font-family: georgia, palatino, serif; font-size: 12pt;\"><span class=\"s1\">\u2014<\/span>Merci\u00a0! Ce n\u2019est pas facile \u00e0 expliquer. J\u2019aime \u00e0 penser que c\u2019est gr\u00e2ce aux bonnes chansons, mais c\u2019est aux autres de d\u00e9cider. Les chansons doivent avoir une bonne accroche, une \u00e9motion ou autre chose. Une \u00e9motion \u00e9th\u00e9r\u00e9e et de la tristesse, de la m\u00e9lancolie, voil\u00e0 la part centrale que les chansons d\u2019<strong>Antipole<\/strong> doivent avoir, selon moi.<\/span><\/p>\n<p><span style=\"font-family: georgia, palatino, serif; font-size: 12pt;\"><strong><span class=\"s1\">\u2014<\/span>Pourquoi as-tu choisi de terminer ton premier album avec une reprise de Joy Division ?Sais-tu pourquoi elle a \u00e9t\u00e9 retir\u00e9e de la version Spotify ?<\/strong><\/span><\/p>\n<p class=\"p1\"><span style=\"font-family: georgia, palatino, serif; font-size: 12pt;\"><span class=\"s1\">\u2014<\/span>C\u2019\u00e9tait ma chanson pr\u00e9f\u00e9r\u00e9e de <strong>Joy Division<\/strong> \u00e0 ce moment-l\u00e0, et je m\u2019en inspirais quand je n\u2019\u00e9tais pas encore s\u00fbr de ce qu\u2019<strong>Antipole<\/strong> devait \u00eatre. \u00c7a fait un bail que j\u2019ai enregistr\u00e9 cette reprise. Septembre 2016, je crois. C\u2019\u00e9tait un an avant la sortie de <em>Northern Flux<\/em> et<span class=\"s1\"> plus tard<\/span>, lors des discussions avec Unknown Pleasures Records, l&#8217;id\u00e9e incluant l&#8217;instrumentale est venue. Une suggestion g\u00e9niale de la part de Pedro, d\u2019UPR. Le label s\u2019est occup\u00e9 des droits d\u2019auteur n\u00e9cessaires pour la version CD. Je ne savais pas comment faire \u00e7a pour la distribution num\u00e9rique, alors par facilit\u00e9, j\u2019ai choisi de ne pas inclure la reprise. Du coup, la version CD a une piste bonus.<\/span><\/p>\n<p><span style=\"font-family: georgia, palatino, serif; font-size: 12pt;\"><strong><span class=\"s1\">\u2014<\/span>En 2018, tu as publi\u00e9 <em>Perspectives,<\/em> un album de remix, comment t\u2019es venue cette id\u00e9e ? La plupart des artistes ont l\u00e0 aussi collabor\u00e9 avec toi, non ?<\/strong><\/span><\/p>\n<p class=\"p1\"><span style=\"font-family: georgia, palatino, serif; font-size: 12pt;\"><span class=\"s1\">\u2014<\/span>Tout a commenc\u00e9 fin 2017, quand Paris Alexander et moi, on remixait <strong>IAMTHESHADOW<\/strong> et juste apr\u00e8s <strong>Hante.<\/strong> J\u2019ai vraiment aim\u00e9 faire \u00e7a. Puis j\u2019ai contact\u00e9 des amis et\/ou des artistes que j\u2019aimais beaucoup pour remixer les chansons d\u2019<strong>Antipole<\/strong>. Quand on en a eu 5-6 de faites, j\u2019ai commenc\u00e9 \u00e0 me dire que \u00e7a serait g\u00e9nial de les compiler toutes ensembles. C\u2019est ainsi qu\u2019est n\u00e9 <em>Perspectives.<\/em> C\u2019\u00e9tait passionnant d\u2019avoir le point de vue et la version d\u2019autres artistes pour les chansons d\u2019<strong>Antipole<\/strong>. Beaucoup des remix ajoutent un petit quelque chose qui n\u2019est pas forc\u00e9ment \u00e9vident ou qui est absent de l\u2019original. On sort un autre album de remix au printemps. 12 chansons et 12 nouveaux \u00ab\u00a0remixeurs\u00a0\u00bb. Aucun d\u2019entre eux n\u2019\u00e9tait sur <em>Perspectives.<\/em> On en est \u00e0 10 de finies pour le moment. Je suis r\u00e9ellement ravi de la plupart de ces remix\u00a0!<\/span><\/p>\n<p><span style=\"font-family: georgia, palatino, serif; font-size: 12pt;\"><strong><span class=\"s1\">\u2014<\/span>Tu as \u00e9galement remix\u00e9 (avec Paris Alexander) d&#8217;autres artistes (Hante., Agent Side Grinder, Clan of Xymox, Geometric Vision). Quel remix as-tu le plus aim\u00e9 ? Qu\u2019essaies-tu d&#8217;ajouter \u00e0 l&#8217;original lorsque tu remixes une chanson ?<\/strong><\/span><\/p>\n<p class=\"p1\"><span style=\"font-family: georgia, palatino, serif; font-size: 12pt;\"><span class=\"s1\">\u2014<\/span>J\u2019essaie d\u2019ajouter une touche ou une ambiance \u00e0 la <strong>Antipole,<\/strong> m\u00eame si je n&#8217;arrive pas trop \u00e0 d\u00e9finir ce que c&#8217;est.<span class=\"Apple-converted-space\">\u00a0<\/span>J\u2019approche un remix de la m\u00eame mani\u00e8re que je travaille sur mes autres chansons, en essayant d\u2019ajouter des guitares int\u00e9ressantes, avec une certaine ambiance, une certaine accroche. Puis Paris Alexander r\u00e9cup\u00e8re mes lignes et celles de la version originale et ajoute les synth\u00e9s, arrange et produit jusqu\u2019\u00e0 ce qu\u2019on soit satisfait du r\u00e9sultat. Eirene a ajout\u00e9 de magnifiques ch\u0153urs sur certains remix (<strong>Buzz Kul<\/strong>l, <strong>Clan of Xymox<\/strong> et d\u2019autres encore). Je ne remixe que les chansons que j\u2019adore. \u00c7a ne serait int\u00e9ressant ni pour moi ni pour les auditeurs sinon. Et bien s\u00fbr, je n\u2019ai pas beaucoup de temps pour le faire. Impossible de dire quel \u00e9tait mon remix pr\u00e9f\u00e9r\u00e9, mais celui de <strong>Hante.<\/strong> occupe une place particuli\u00e8re. C\u2019\u00e9tait l\u2019un des premiers que j\u2019ai faits avec Paris Alexander. Je continue d\u2019y revenir r\u00e9guli\u00e8rement.<\/span><\/p>\n<p><span style=\"font-family: georgia, palatino, serif; font-size: 12pt;\"><strong><span class=\"s1\"><img loading=\"lazy\" decoding=\"async\" class=\"size-medium wp-image-17597 alignleft\" src=\"https:\/\/elgarajedefrank.es\/wp-content\/uploads\/2020\/02\/Lm-JzGh9-300x295.jpeg\" alt=\"\" width=\"300\" height=\"295\" srcset=\"https:\/\/elgarajedefrank.es\/wp-content\/uploads\/2020\/02\/Lm-JzGh9-300x295.jpeg 300w, https:\/\/elgarajedefrank.es\/wp-content\/uploads\/2020\/02\/Lm-JzGh9-1024x1006.jpeg 1024w, https:\/\/elgarajedefrank.es\/wp-content\/uploads\/2020\/02\/Lm-JzGh9-768x755.jpeg 768w, https:\/\/elgarajedefrank.es\/wp-content\/uploads\/2020\/02\/Lm-JzGh9-1536x1509.jpeg 1536w, https:\/\/elgarajedefrank.es\/wp-content\/uploads\/2020\/02\/Lm-JzGh9-1170x1150.jpeg 1170w, https:\/\/elgarajedefrank.es\/wp-content\/uploads\/2020\/02\/Lm-JzGh9-585x575.jpeg 585w, https:\/\/elgarajedefrank.es\/wp-content\/uploads\/2020\/02\/Lm-JzGh9.jpeg 1563w\" sizes=\"(max-width: 300px) 100vw, 300px\" \/>\u2014<\/span>Ton nouvel album <em>Radial Glare<\/em> a \u00e9t\u00e9 tr\u00e8s bien re\u00e7u par la critique. Comment d\u00e9crirais-tu l\u2019\u00e9volution du groupe en mati\u00e8re de son et de composition des chansons ces derni\u00e8res ann\u00e9es ?<\/strong><\/span><\/p>\n<p class=\"p1\"><span style=\"font-family: georgia, palatino, serif; font-size: 12pt;\"><span class=\"s1\">\u2014<\/span>Je pense qu\u2019on est plus accomplis, et qu\u2019on se dirige plus vers mon objectif de rendu final. Je dirais que d\u2019avoir travaill\u00e9 avec Paris Alexander sur tous les remix a \u00e9t\u00e9 b\u00e9n\u00e9fique \u00e0 <em>Radial Glare<\/em> en mati\u00e8re de son. Certaines chansons de <em>Radial Glare<\/em>, comme &#8220;Part Deux&#8221; et &#8220;Decade Apart&#8221; ont \u00e9t\u00e9 \u00e9crites au moment de la sortie de <em>Northern Flux<\/em>. D\u2019autres, comme &#8220;Syndrome&#8221;, &#8220;July Supine&#8221; et &#8220;Le Moment&#8221;, ont \u00e9t\u00e9 \u00e9crites peu de temps avant que <em>Radial Glare<\/em> ne soit compl\u00e8tement fini. Je ne crois pas que l\u2019\u00e9criture des chansons soit bien diff\u00e9rente. D\u2019une certaine mani\u00e8re, je \u00ab n\u2019\u00e9cris \u00bb pas de chansons, elles viennent \u00e0 moi.<\/span><\/p>\n<p><span style=\"font-family: georgia, palatino, serif; font-size: 12pt;\"><strong><span class=\"s1\">\u2014<\/span>C\u2019\u00e9tait comment de travailler sur le nouvel album avec Marc Lewis, du groupe des ann\u00e9es 80 The Snake Corps ?<\/strong><\/span><\/p>\n<p class=\"p1\"><span style=\"font-family: georgia, palatino, serif; font-size: 12pt;\"><span class=\"s1\">\u2014<\/span>\u00c7a a \u00e9t\u00e9 un r\u00e9el plaisir de travailler avec Mark. Il ce ton parfait de la wave des ann\u00e9es 80 dans la voix et il a \u00e9crit une m\u00e9lodie magnifique et des paroles pour mon instru. Paris Alexander a ajout\u00e9 des synth\u00e9s et les a produits comme il a fait avec les autres pistes de l\u2019album. Ouais, on va se produire avec <strong>The Snake Corps<\/strong> en mai \u00e0 Brighton\u00a0! Je suis super impatient\u00a0!<\/span><\/p>\n<p><span style=\"font-family: georgia, palatino, serif; font-size: 12pt;\"><strong><span class=\"s1\">\u2014<\/span>Quels sont les projets du groupe pour le futur ? Vous allez bien jouer au Young and Cold 8 ?<\/strong><\/span><\/p>\n<p class=\"p1\"><span style=\"font-family: georgia, palatino, serif; font-size: 12pt;\"><span class=\"s1\">\u2014<\/span>Avec ma copine, on est all\u00e9s au festival de l\u2019ann\u00e9e derni\u00e8re pour voir <strong>Actors, Minuit Machine, Rue Oberkampf<\/strong> et d\u2019autres encore. Super endroit, super gens, super groupes et labels\u00a0! Les projets, ce sont ces 2 live. Il y aura un deuxi\u00e8me album de remix au printemps et quelques-uns des remix de Paris Alexander et moi vont \u00e9galement sortir. Je travaille sur du nouveau mat\u00e9riel, mais pas d\u2019album de pr\u00e9vu pour l\u2019instant.<\/span><\/p>\n<p class=\"p1\"><span style=\"font-family: georgia, palatino, serif; font-size: 12pt;\"><strong><span class=\"s1\">\u2014<\/span>Que peux-tu nous dire sur le dernier concert du groupe au W-Fest ?<\/strong><\/span><\/p>\n<p class=\"p1\"><span style=\"font-family: georgia, palatino, serif; font-size: 12pt;\"><span class=\"s1\">\u2014<\/span>On a donn\u00e9 notre 3e concert sur la Wave Cave du W-Fest en ao\u00fbt 2018.<span class=\"Apple-converted-space\">\u00a0<\/span>Partager la sc\u00e8ne avec des groupes qu\u2019on adore comme<strong> Clan of Xymox, She Past Away, Chameleons <\/strong>et<strong> Ash Code<\/strong> \u00e9tait surr\u00e9aliste. Notre set a dur\u00e9 45 minutes avec principalement des chansons de <em>Northern Flux<\/em> et deux autres qui auront \u00e9t\u00e9 ajout\u00e9es par la suite \u00e0 <strong>Radial Glare<\/strong>. Une grande sc\u00e8ne, un public g\u00e9nial et un programme incroyable. Je recommande \u00e0 tous les groupes de jouer l\u00e0-bas, et bien s\u00fbr, aux gens de venir au festival\u00a0!<\/span><\/p>\n<p><span style=\"color: #800080; font-family: georgia, palatino, serif; font-size: 12pt;\"><strong>Traduction : Emmanuelle Ambert<\/strong><\/span><\/p>\n<p><iframe title=\"Antipole - Syndrome (feat. Paris Alexander)\" width=\"1170\" height=\"658\" src=\"https:\/\/www.youtube.com\/embed\/BWObMFJAo0c?feature=oembed\" frameborder=\"0\" allow=\"accelerometer; autoplay; clipboard-write; encrypted-media; gyroscope; picture-in-picture; web-share\" allowfullscreen><\/iframe><\/p>\n","protected":false},"excerpt":{"rendered":"<p>Antipole est le nom du projet de post-punk\/darkwave de Karl Morten Dahl, Paris Alexander et&hellip;<\/p>\n","protected":false},"author":1,"featured_media":17583,"comment_status":"open","ping_status":"open","sticky":false,"template":"","format":"standard","meta":{"_lmt_disableupdate":"","_lmt_disable":"","footnotes":""},"categories":[35],"tags":[306,392],"class_list":["post-16624","post","type-post","status-publish","format-standard","has-post-thumbnail","hentry","category-interviews-fr","tag-coldwave-fr","tag-post-punk-fr"],"yoast_head":"<!-- This site is optimized with the Yoast SEO plugin v27.4 - https:\/\/yoast.com\/product\/yoast-seo-wordpress\/ -->\n<title>Interview : Antipole &#8212; El Garaje de Frank<\/title>\n<meta name=\"description\" content=\"Interviews &#8212; Interview avec Karl Morten Dahl du groupe darkwave\/post-punk Antipole.\" \/>\n<meta name=\"robots\" content=\"index, follow, max-snippet:-1, max-image-preview:large, max-video-preview:-1\" \/>\n<link rel=\"canonical\" href=\"https:\/\/elgarajedefrank.es\/fr\/interview-antipole\/\" \/>\n<meta property=\"og:locale\" content=\"fr_FR\" \/>\n<meta property=\"og:type\" content=\"article\" \/>\n<meta property=\"og:title\" content=\"Interview : Antipole &#8212; El Garaje de Frank\" \/>\n<meta property=\"og:description\" content=\"Interviews &#8212; Interview avec Karl Morten Dahl du groupe darkwave\/post-punk Antipole.\" \/>\n<meta property=\"og:url\" content=\"https:\/\/elgarajedefrank.es\/fr\/interview-antipole\/\" \/>\n<meta property=\"og:site_name\" content=\"El Garaje de Frank\" \/>\n<meta property=\"article:publisher\" content=\"https:\/\/www.facebook.com\/elgarajedefrank\/\" \/>\n<meta property=\"article:author\" content=\"https:\/\/www.facebook.com\/elgarajedefrank\/\" \/>\n<meta property=\"article:published_time\" content=\"2020-02-22T12:17:46+00:00\" \/>\n<meta property=\"article:modified_time\" content=\"2023-10-19T20:03:01+00:00\" \/>\n<meta property=\"og:image\" content=\"https:\/\/elgarajedefrank.es\/wp-content\/uploads\/2020\/02\/JSdhnz9Q.jpeg\" \/>\n\t<meta property=\"og:image:width\" content=\"2560\" \/>\n\t<meta property=\"og:image:height\" content=\"2176\" \/>\n\t<meta property=\"og:image:type\" content=\"image\/jpeg\" \/>\n<meta name=\"author\" content=\"Fran\u00e7ois Zappa\" \/>\n<meta name=\"twitter:card\" content=\"summary_large_image\" \/>\n<meta name=\"twitter:label1\" content=\"\u00c9crit par\" \/>\n\t<meta name=\"twitter:data1\" content=\"Fran\u00e7ois Zappa\" \/>\n\t<meta name=\"twitter:label2\" content=\"Dur\u00e9e de lecture estim\u00e9e\" \/>\n\t<meta name=\"twitter:data2\" content=\"12 minutes\" \/>\n<script type=\"application\/ld+json\" class=\"yoast-schema-graph\">{\"@context\":\"https:\\\/\\\/schema.org\",\"@graph\":[{\"@type\":\"Article\",\"@id\":\"https:\\\/\\\/elgarajedefrank.es\\\/fr\\\/interview-antipole\\\/#article\",\"isPartOf\":{\"@id\":\"https:\\\/\\\/elgarajedefrank.es\\\/fr\\\/interview-antipole\\\/\"},\"author\":{\"name\":\"Fran\u00e7ois Zappa\",\"@id\":\"https:\\\/\\\/elgarajedefrank.es\\\/fr\\\/#\\\/schema\\\/person\\\/d709c9c33f5f405d44c6c9397889ba15\"},\"headline\":\"Interview : Antipole\",\"datePublished\":\"2020-02-22T12:17:46+00:00\",\"dateModified\":\"2023-10-19T20:03:01+00:00\",\"mainEntityOfPage\":{\"@id\":\"https:\\\/\\\/elgarajedefrank.es\\\/fr\\\/interview-antipole\\\/\"},\"wordCount\":2425,\"commentCount\":0,\"publisher\":{\"@id\":\"https:\\\/\\\/elgarajedefrank.es\\\/fr\\\/#\\\/schema\\\/person\\\/d709c9c33f5f405d44c6c9397889ba15\"},\"image\":{\"@id\":\"https:\\\/\\\/elgarajedefrank.es\\\/fr\\\/interview-antipole\\\/#primaryimage\"},\"thumbnailUrl\":\"https:\\\/\\\/elgarajedefrank.es\\\/wp-content\\\/uploads\\\/2020\\\/02\\\/JSdhnz9Q.jpeg\",\"keywords\":[\"Coldwave\",\"Post-punk\"],\"articleSection\":[\"Interviews\"],\"inLanguage\":\"fr-FR\",\"potentialAction\":[{\"@type\":\"CommentAction\",\"name\":\"Comment\",\"target\":[\"https:\\\/\\\/elgarajedefrank.es\\\/fr\\\/interview-antipole\\\/#respond\"]}]},{\"@type\":\"WebPage\",\"@id\":\"https:\\\/\\\/elgarajedefrank.es\\\/fr\\\/interview-antipole\\\/\",\"url\":\"https:\\\/\\\/elgarajedefrank.es\\\/fr\\\/interview-antipole\\\/\",\"name\":\"Interview : Antipole &#8212; El Garaje de Frank\",\"isPartOf\":{\"@id\":\"https:\\\/\\\/elgarajedefrank.es\\\/fr\\\/#website\"},\"primaryImageOfPage\":{\"@id\":\"https:\\\/\\\/elgarajedefrank.es\\\/fr\\\/interview-antipole\\\/#primaryimage\"},\"image\":{\"@id\":\"https:\\\/\\\/elgarajedefrank.es\\\/fr\\\/interview-antipole\\\/#primaryimage\"},\"thumbnailUrl\":\"https:\\\/\\\/elgarajedefrank.es\\\/wp-content\\\/uploads\\\/2020\\\/02\\\/JSdhnz9Q.jpeg\",\"datePublished\":\"2020-02-22T12:17:46+00:00\",\"dateModified\":\"2023-10-19T20:03:01+00:00\",\"description\":\"Interviews &#8212; Interview avec Karl Morten Dahl du groupe darkwave\\\/post-punk Antipole.\",\"breadcrumb\":{\"@id\":\"https:\\\/\\\/elgarajedefrank.es\\\/fr\\\/interview-antipole\\\/#breadcrumb\"},\"inLanguage\":\"fr-FR\",\"potentialAction\":[{\"@type\":\"ReadAction\",\"target\":[\"https:\\\/\\\/elgarajedefrank.es\\\/fr\\\/interview-antipole\\\/\"]}]},{\"@type\":\"ImageObject\",\"inLanguage\":\"fr-FR\",\"@id\":\"https:\\\/\\\/elgarajedefrank.es\\\/fr\\\/interview-antipole\\\/#primaryimage\",\"url\":\"https:\\\/\\\/elgarajedefrank.es\\\/wp-content\\\/uploads\\\/2020\\\/02\\\/JSdhnz9Q.jpeg\",\"contentUrl\":\"https:\\\/\\\/elgarajedefrank.es\\\/wp-content\\\/uploads\\\/2020\\\/02\\\/JSdhnz9Q.jpeg\",\"width\":2560,\"height\":2176},{\"@type\":\"BreadcrumbList\",\"@id\":\"https:\\\/\\\/elgarajedefrank.es\\\/fr\\\/interview-antipole\\\/#breadcrumb\",\"itemListElement\":[{\"@type\":\"ListItem\",\"position\":1,\"name\":\"Inicio\",\"item\":\"https:\\\/\\\/elgarajedefrank.es\\\/fr\\\/\"},{\"@type\":\"ListItem\",\"position\":2,\"name\":\"Interviews\",\"item\":\"https:\\\/\\\/elgarajedefrank.es\\\/fr\\\/category\\\/interviews-fr\\\/\"},{\"@type\":\"ListItem\",\"position\":3,\"name\":\"Interview : Antipole\"}]},{\"@type\":\"WebSite\",\"@id\":\"https:\\\/\\\/elgarajedefrank.es\\\/fr\\\/#website\",\"url\":\"https:\\\/\\\/elgarajedefrank.es\\\/fr\\\/\",\"name\":\"El Garaje de Frank\",\"description\":\"Music magazine\",\"publisher\":{\"@id\":\"https:\\\/\\\/elgarajedefrank.es\\\/fr\\\/#\\\/schema\\\/person\\\/d709c9c33f5f405d44c6c9397889ba15\"},\"potentialAction\":[{\"@type\":\"SearchAction\",\"target\":{\"@type\":\"EntryPoint\",\"urlTemplate\":\"https:\\\/\\\/elgarajedefrank.es\\\/fr\\\/?s={search_term_string}\"},\"query-input\":{\"@type\":\"PropertyValueSpecification\",\"valueRequired\":true,\"valueName\":\"search_term_string\"}}],\"inLanguage\":\"fr-FR\"},{\"@type\":[\"Person\",\"Organization\"],\"@id\":\"https:\\\/\\\/elgarajedefrank.es\\\/fr\\\/#\\\/schema\\\/person\\\/d709c9c33f5f405d44c6c9397889ba15\",\"name\":\"Fran\u00e7ois Zappa\",\"image\":{\"@type\":\"ImageObject\",\"inLanguage\":\"fr-FR\",\"@id\":\"https:\\\/\\\/elgarajedefrank.es\\\/wp-content\\\/uploads\\\/2019\\\/10\\\/IMG_8278-150x150.jpg\",\"url\":\"https:\\\/\\\/elgarajedefrank.es\\\/wp-content\\\/uploads\\\/2019\\\/10\\\/IMG_8278-150x150.jpg\",\"contentUrl\":\"https:\\\/\\\/elgarajedefrank.es\\\/wp-content\\\/uploads\\\/2019\\\/10\\\/IMG_8278-150x150.jpg\",\"caption\":\"Fran\u00e7ois Zappa\"},\"logo\":{\"@id\":\"https:\\\/\\\/elgarajedefrank.es\\\/wp-content\\\/uploads\\\/2019\\\/10\\\/IMG_8278-150x150.jpg\"},\"sameAs\":[\"https:\\\/\\\/www.facebook.com\\\/elgarajedefrank\\\/\",\"https:\\\/\\\/www.instagram.com\\\/elgarajedefrank\\\/\"]}]}<\/script>\n<!-- \/ Yoast SEO plugin. -->","yoast_head_json":{"title":"Interview : Antipole &#8212; El Garaje de Frank","description":"Interviews &#8212; Interview avec Karl Morten Dahl du groupe darkwave\/post-punk Antipole.","robots":{"index":"index","follow":"follow","max-snippet":"max-snippet:-1","max-image-preview":"max-image-preview:large","max-video-preview":"max-video-preview:-1"},"canonical":"https:\/\/elgarajedefrank.es\/fr\/interview-antipole\/","og_locale":"fr_FR","og_type":"article","og_title":"Interview : Antipole &#8212; El Garaje de Frank","og_description":"Interviews &#8212; Interview avec Karl Morten Dahl du groupe darkwave\/post-punk Antipole.","og_url":"https:\/\/elgarajedefrank.es\/fr\/interview-antipole\/","og_site_name":"El Garaje de Frank","article_publisher":"https:\/\/www.facebook.com\/elgarajedefrank\/","article_author":"https:\/\/www.facebook.com\/elgarajedefrank\/","article_published_time":"2020-02-22T12:17:46+00:00","article_modified_time":"2023-10-19T20:03:01+00:00","og_image":[{"width":2560,"height":2176,"url":"https:\/\/elgarajedefrank.es\/wp-content\/uploads\/2020\/02\/JSdhnz9Q.jpeg","type":"image\/jpeg"}],"author":"Fran\u00e7ois Zappa","twitter_card":"summary_large_image","twitter_misc":{"\u00c9crit par":"Fran\u00e7ois Zappa","Dur\u00e9e de lecture estim\u00e9e":"12 minutes"},"schema":{"@context":"https:\/\/schema.org","@graph":[{"@type":"Article","@id":"https:\/\/elgarajedefrank.es\/fr\/interview-antipole\/#article","isPartOf":{"@id":"https:\/\/elgarajedefrank.es\/fr\/interview-antipole\/"},"author":{"name":"Fran\u00e7ois Zappa","@id":"https:\/\/elgarajedefrank.es\/fr\/#\/schema\/person\/d709c9c33f5f405d44c6c9397889ba15"},"headline":"Interview : Antipole","datePublished":"2020-02-22T12:17:46+00:00","dateModified":"2023-10-19T20:03:01+00:00","mainEntityOfPage":{"@id":"https:\/\/elgarajedefrank.es\/fr\/interview-antipole\/"},"wordCount":2425,"commentCount":0,"publisher":{"@id":"https:\/\/elgarajedefrank.es\/fr\/#\/schema\/person\/d709c9c33f5f405d44c6c9397889ba15"},"image":{"@id":"https:\/\/elgarajedefrank.es\/fr\/interview-antipole\/#primaryimage"},"thumbnailUrl":"https:\/\/elgarajedefrank.es\/wp-content\/uploads\/2020\/02\/JSdhnz9Q.jpeg","keywords":["Coldwave","Post-punk"],"articleSection":["Interviews"],"inLanguage":"fr-FR","potentialAction":[{"@type":"CommentAction","name":"Comment","target":["https:\/\/elgarajedefrank.es\/fr\/interview-antipole\/#respond"]}]},{"@type":"WebPage","@id":"https:\/\/elgarajedefrank.es\/fr\/interview-antipole\/","url":"https:\/\/elgarajedefrank.es\/fr\/interview-antipole\/","name":"Interview : Antipole &#8212; El Garaje de Frank","isPartOf":{"@id":"https:\/\/elgarajedefrank.es\/fr\/#website"},"primaryImageOfPage":{"@id":"https:\/\/elgarajedefrank.es\/fr\/interview-antipole\/#primaryimage"},"image":{"@id":"https:\/\/elgarajedefrank.es\/fr\/interview-antipole\/#primaryimage"},"thumbnailUrl":"https:\/\/elgarajedefrank.es\/wp-content\/uploads\/2020\/02\/JSdhnz9Q.jpeg","datePublished":"2020-02-22T12:17:46+00:00","dateModified":"2023-10-19T20:03:01+00:00","description":"Interviews &#8212; Interview avec Karl Morten Dahl du groupe darkwave\/post-punk Antipole.","breadcrumb":{"@id":"https:\/\/elgarajedefrank.es\/fr\/interview-antipole\/#breadcrumb"},"inLanguage":"fr-FR","potentialAction":[{"@type":"ReadAction","target":["https:\/\/elgarajedefrank.es\/fr\/interview-antipole\/"]}]},{"@type":"ImageObject","inLanguage":"fr-FR","@id":"https:\/\/elgarajedefrank.es\/fr\/interview-antipole\/#primaryimage","url":"https:\/\/elgarajedefrank.es\/wp-content\/uploads\/2020\/02\/JSdhnz9Q.jpeg","contentUrl":"https:\/\/elgarajedefrank.es\/wp-content\/uploads\/2020\/02\/JSdhnz9Q.jpeg","width":2560,"height":2176},{"@type":"BreadcrumbList","@id":"https:\/\/elgarajedefrank.es\/fr\/interview-antipole\/#breadcrumb","itemListElement":[{"@type":"ListItem","position":1,"name":"Inicio","item":"https:\/\/elgarajedefrank.es\/fr\/"},{"@type":"ListItem","position":2,"name":"Interviews","item":"https:\/\/elgarajedefrank.es\/fr\/category\/interviews-fr\/"},{"@type":"ListItem","position":3,"name":"Interview : Antipole"}]},{"@type":"WebSite","@id":"https:\/\/elgarajedefrank.es\/fr\/#website","url":"https:\/\/elgarajedefrank.es\/fr\/","name":"El Garaje de Frank","description":"Music magazine","publisher":{"@id":"https:\/\/elgarajedefrank.es\/fr\/#\/schema\/person\/d709c9c33f5f405d44c6c9397889ba15"},"potentialAction":[{"@type":"SearchAction","target":{"@type":"EntryPoint","urlTemplate":"https:\/\/elgarajedefrank.es\/fr\/?s={search_term_string}"},"query-input":{"@type":"PropertyValueSpecification","valueRequired":true,"valueName":"search_term_string"}}],"inLanguage":"fr-FR"},{"@type":["Person","Organization"],"@id":"https:\/\/elgarajedefrank.es\/fr\/#\/schema\/person\/d709c9c33f5f405d44c6c9397889ba15","name":"Fran\u00e7ois Zappa","image":{"@type":"ImageObject","inLanguage":"fr-FR","@id":"https:\/\/elgarajedefrank.es\/wp-content\/uploads\/2019\/10\/IMG_8278-150x150.jpg","url":"https:\/\/elgarajedefrank.es\/wp-content\/uploads\/2019\/10\/IMG_8278-150x150.jpg","contentUrl":"https:\/\/elgarajedefrank.es\/wp-content\/uploads\/2019\/10\/IMG_8278-150x150.jpg","caption":"Fran\u00e7ois Zappa"},"logo":{"@id":"https:\/\/elgarajedefrank.es\/wp-content\/uploads\/2019\/10\/IMG_8278-150x150.jpg"},"sameAs":["https:\/\/www.facebook.com\/elgarajedefrank\/","https:\/\/www.instagram.com\/elgarajedefrank\/"]}]}},"_links":{"self":[{"href":"https:\/\/elgarajedefrank.es\/fr\/wp-json\/wp\/v2\/posts\/16624","targetHints":{"allow":["GET"]}}],"collection":[{"href":"https:\/\/elgarajedefrank.es\/fr\/wp-json\/wp\/v2\/posts"}],"about":[{"href":"https:\/\/elgarajedefrank.es\/fr\/wp-json\/wp\/v2\/types\/post"}],"author":[{"embeddable":true,"href":"https:\/\/elgarajedefrank.es\/fr\/wp-json\/wp\/v2\/users\/1"}],"replies":[{"embeddable":true,"href":"https:\/\/elgarajedefrank.es\/fr\/wp-json\/wp\/v2\/comments?post=16624"}],"version-history":[{"count":1,"href":"https:\/\/elgarajedefrank.es\/fr\/wp-json\/wp\/v2\/posts\/16624\/revisions"}],"predecessor-version":[{"id":57587,"href":"https:\/\/elgarajedefrank.es\/fr\/wp-json\/wp\/v2\/posts\/16624\/revisions\/57587"}],"wp:featuredmedia":[{"embeddable":true,"href":"https:\/\/elgarajedefrank.es\/fr\/wp-json\/wp\/v2\/media\/17583"}],"wp:attachment":[{"href":"https:\/\/elgarajedefrank.es\/fr\/wp-json\/wp\/v2\/media?parent=16624"}],"wp:term":[{"taxonomy":"category","embeddable":true,"href":"https:\/\/elgarajedefrank.es\/fr\/wp-json\/wp\/v2\/categories?post=16624"},{"taxonomy":"post_tag","embeddable":true,"href":"https:\/\/elgarajedefrank.es\/fr\/wp-json\/wp\/v2\/tags?post=16624"}],"curies":[{"name":"wp","href":"https:\/\/api.w.org\/{rel}","templated":true}]}}