{"id":14846,"date":"2020-01-27T15:37:27","date_gmt":"2020-01-27T14:37:27","guid":{"rendered":"https:\/\/elgarajedefrank.es\/?p=14846"},"modified":"2023-09-29T21:41:26","modified_gmt":"2023-09-29T19:41:26","slug":"interview-vomito-negro","status":"publish","type":"post","link":"https:\/\/elgarajedefrank.es\/fr\/interview-vomito-negro\/","title":{"rendered":"Interview : Vomito Negro"},"content":{"rendered":"<p><strong><span style=\"font-family: georgia, palatino, serif; font-size: 12pt;\">Vous savez ce que vous pouvez attendre d&#8217;un groupe appel\u00e9 Vomito Negro, et ils vous donneront encore bien plus. Depuis ses dans les ann\u00e9es 80, le groupe a m\u00e9lang\u00e9 industriel, EBM et \u00e9lectro \u00e0 leur on harsh caract\u00e9ristique. On a parl\u00e9 avec <\/span><\/strong><strong><span style=\"font-family: georgia, palatino, serif; font-size: 12pt;\">Gin Devo, qui jouera le 21 mai au W-Fest. Ne le ratez pas !<\/span><\/strong><\/p>\n<p><strong><span style=\"font-family: georgia, palatino, serif; font-size: 12pt;\"><img fetchpriority=\"high\" decoding=\"async\" class=\"size-medium wp-image-15694 alignleft\" src=\"https:\/\/elgarajedefrank.es\/wp-content\/uploads\/2020\/01\/21200624_1534102879962163_8042726027550257632_o-226x300.jpg\" alt=\"\" width=\"226\" height=\"300\" srcset=\"https:\/\/elgarajedefrank.es\/wp-content\/uploads\/2020\/01\/21200624_1534102879962163_8042726027550257632_o-226x300.jpg 226w, https:\/\/elgarajedefrank.es\/wp-content\/uploads\/2020\/01\/21200624_1534102879962163_8042726027550257632_o-771x1024.jpg 771w, https:\/\/elgarajedefrank.es\/wp-content\/uploads\/2020\/01\/21200624_1534102879962163_8042726027550257632_o-768x1019.jpg 768w, https:\/\/elgarajedefrank.es\/wp-content\/uploads\/2020\/01\/21200624_1534102879962163_8042726027550257632_o-585x777.jpg 585w, https:\/\/elgarajedefrank.es\/wp-content\/uploads\/2020\/01\/21200624_1534102879962163_8042726027550257632_o.jpg 1130w\" sizes=\"(max-width: 226px) 100vw, 226px\" \/>\u2014Pourquoi avoir choisi le nom Vomito Negro ?<\/span><\/strong><\/p>\n<p><span style=\"font-family: georgia, palatino, serif; font-size: 12pt;\"><strong>\u2014<\/strong>&#8220;Vomito Negro&#8221; signifie \u00ab vomi noir \u00bb\u2026 C&#8217;est le dernier stade de la fi\u00e8vre jaune, lorsque le patient vomit ses tripes noires. Dans les ann\u00e9es 80, ce genre de noms \u00e9tait tr\u00e8s populaire aupr\u00e8s des groupes.<\/span><\/p>\n<p><strong><span style=\"font-family: georgia, palatino, serif; font-size: 12pt;\">\u2014Quelles \u00e9taient vos influences lors que vous avez cr\u00e9\u00e9 le groupe?<\/span><\/strong><\/p>\n<p><span style=\"font-family: georgia, palatino, serif; font-size: 12pt;\"><strong>\u2014<\/strong>Des groupes industriels allemands et des groupes de synth britanniques&#8230; <strong>John Fox&#8230; Cabaret Voltaire&#8230;<\/strong> etc.<\/span><\/p>\n<p><strong><span style=\"font-family: georgia, palatino, serif; font-size: 12pt;\">\u2014Il existe une \u00e9dition tr\u00e8s limit\u00e9e de votre premier EP, <em>Vomito Negro<\/em>, qui comprend beaucoup de morceaux de d\u00e9cembre 84 \u00e0 septembre 85, d&#8217;octobre 85 \u00e0 mai 86 et de mai 86 \u00e0 novembre 86. S&#8217;agit-il des premiers enregistrements du groupe? Les avez-vous sortis sur cassette?<\/span><\/strong><\/p>\n<p><span style=\"font-family: georgia, palatino, serif; font-size: 12pt;\"><strong>\u2014<\/strong>Je crois qu&#8217;on les a sortis sur cassette, oui. Et non, ce ne sont pas les premiers enregistrements du groupe, car ils datent d&#8217;avant 1984. Je travaille sur les enregistrements en ce moment, je les \u00e9dite et les remixe pour les sortir cette ann\u00e9e sur vinyle en \u00e9dition limit\u00e9e&#8230;<\/span><\/p>\n<p><strong><span style=\"font-family: georgia, palatino, serif; font-size: 12pt;\">\u2014Pour <em>Dare<\/em> (1988), le groupe a utilis\u00e9 un Atari ST 1040. Dans certaines de nos interviews, des artistes nous ont expliqu\u00e9 que la sortie de l&#8217;Atari ST avait vraiment \u00e9t\u00e9 importante pour eux \u00e0 l&#8217;\u00e9poque. Qu&#8217;en pensez-vous ? En outre, le groupe n&#8217;a pas utilis\u00e9 de samples, pourquoi? Pr\u00e9f\u00e9riez-vous cr\u00e9er vos propres sons?<\/span><\/strong><\/p>\n<p><span style=\"font-family: georgia, palatino, serif; font-size: 12pt;\"><strong>\u2014<\/strong>L&#8217;Atari ST1040 avait un tr\u00e8s bon m\u00e9tronome midi. On l&#8217;a utilis\u00e9 pour synchroniser, c&#8217;\u00e9tait plus ou moins le premier ordinateur personnel qui pouvait \u00eatre utilis\u00e9 en production studio. On a cr\u00e9\u00e9 la plupart de nos propres samples, mais certaines voix qu&#8217;on utilisait venaient de films. Par contre, on n&#8217;utilisait pas de biblioth\u00e8ques de samples.<\/span><\/p>\n<p><strong><span style=\"font-family: georgia, palatino, serif; font-size: 12pt;\"><img decoding=\"async\" class=\"size-medium wp-image-15691 alignright\" src=\"https:\/\/elgarajedefrank.es\/wp-content\/uploads\/2020\/01\/21200528_1534103199962131_1261159275928577108_o-200x300.jpg\" alt=\"\" width=\"200\" height=\"300\" srcset=\"https:\/\/elgarajedefrank.es\/wp-content\/uploads\/2020\/01\/21200528_1534103199962131_1261159275928577108_o-200x300.jpg 200w, https:\/\/elgarajedefrank.es\/wp-content\/uploads\/2020\/01\/21200528_1534103199962131_1261159275928577108_o-585x877.jpg 585w, https:\/\/elgarajedefrank.es\/wp-content\/uploads\/2020\/01\/21200528_1534103199962131_1261159275928577108_o.jpg 640w\" sizes=\"(max-width: 200px) 100vw, 200px\" \/>\u2014Sur votre album <em>Shock<\/em> (1989), on trouve des paroles &#8220;choquantes&#8221;, comme dans &#8220;Chicago Cave&#8221; ou &#8220;Baby needs Crack&#8221;. O\u00f9 puisez-vous votre inspiration pour les \u00e9crire ?<\/span><\/strong><\/p>\n<p><span style=\"font-family: georgia, palatino, serif; font-size: 12pt;\"><strong>\u2014<\/strong>Certains membres du groupe \u00e9taient toxicomanes, donc pour certaines chansons, les paroles vont dans ce sens. Pendant cette p\u00e9riode, beaucoup de d\u00e9c\u00e8s li\u00e9s \u00e0 la drogue ont eu lieu \u00e0 Anvers&#8230; alors oui&#8230; c&#8217;\u00e9tait la raison.<\/span><\/p>\n<p><strong><span style=\"font-family: georgia, palatino, serif; font-size: 12pt;\">\u2014Comment est n\u00e9e votre collaboration avec Liquid G? Vous avez sorti une cassette avec lui intitul\u00e9e <em>Musical Art Conjunct of Sound<\/em> en 1989, n&#8217;est-ce pas ? Il a \u00e9galement travaill\u00e9 sur certains de vos albums.<\/span><\/strong><\/p>\n<p><span style=\"font-family: georgia, palatino, serif; font-size: 12pt;\"><strong>\u2014Liquid<\/strong> <strong>G<\/strong> tra\u00eenait toujours dans le studio \u00e0 cette \u00e9poque, c&#8217;\u00e9tait un bon ami, donc si on avait besoin de lui pour jouer des instruments suppl\u00e9mentaires, il \u00e9tait l\u00e0&#8230; C&#8217;\u00e9tait un excellent bassiste.<\/span><\/p>\n<p><strong><span style=\"font-family: georgia, palatino, serif; font-size: 12pt;\">\u2014Pourquoi certains albums comme <em>Human<\/em> ont beaucoup de chansons instrumentales? Croyez-vous que votre voix n&#8217;est pas essentielle \u00e0 vos morceaux ?<\/span><\/strong><\/p>\n<p><span style=\"font-family: georgia, palatino, serif; font-size: 12pt;\"><strong>\u2014<\/strong>La maison de disques nous a forc\u00e9s \u00e0 sortir plus d&#8217;albums, on a donc ajout\u00e9 quelques chansons instrumentales pour aller\u00a0 plus vite, c&#8217;est tout.<\/span><\/p>\n<p><strong><span style=\"font-family: georgia, palatino, serif; font-size: 12pt;\">\u2014Le groupe reconna\u00eet l&#8217;influence du film noir, on le remarque dans des disques comme <em>The New Drug<\/em>. Pourquoi ce genre vous int\u00e9ressait-il ? Voudriez-vous composer une bande annonce pour un film ?<\/span><\/strong><\/p>\n<p><span style=\"font-family: georgia, palatino, serif; font-size: 12pt;\"><strong>\u2014<\/strong>Le film noir est un excellent point de d\u00e9part, j&#8217;aime les films d&#8217;horreur tr\u00e8s sombres avec seulement quelques personnages, c&#8217;est une plateforme tr\u00e8s ouverte pour composer de la musique, oui&#8230; J&#8217;adorerais cr\u00e9er une musique de film ou une bande-son de film&#8230;<\/span><\/p>\n<p><strong><span style=\"font-family: georgia, palatino, serif; font-size: 12pt;\">\u2014La musique du groupe a \u00e9t\u00e9 d\u00e9crite comme ayant une approche minimaliste et m\u00eame<em> Wake Up<\/em> est \u00e9tiquet\u00e9 de cette fa\u00e7on dans Discogs (bien que pour \u00eatre honn\u00eate, ils se trompent parfois). Qu&#8217;en pensez-vous ?<\/span><\/strong><\/p>\n<p><span style=\"font-family: georgia, palatino, serif; font-size: 12pt;\"><strong>\u2014Vomito Negro<\/strong> n&#8217;est pas minimaliste, les chansons sont pleines de sons et d&#8217;ambiance. Elles sont parfois explosives donc oui, ils ont tort.<\/span><\/p>\n<p><strong><span style=\"font-family: georgia, palatino, serif; font-size: 12pt;\"><img decoding=\"async\" class=\"size-medium wp-image-15685 alignleft\" src=\"https:\/\/elgarajedefrank.es\/wp-content\/uploads\/2020\/01\/21200732_1534102163295568_6166730990941049885_o-200x300.jpg\" alt=\"\" width=\"200\" height=\"300\" srcset=\"https:\/\/elgarajedefrank.es\/wp-content\/uploads\/2020\/01\/21200732_1534102163295568_6166730990941049885_o-200x300.jpg 200w, https:\/\/elgarajedefrank.es\/wp-content\/uploads\/2020\/01\/21200732_1534102163295568_6166730990941049885_o-585x877.jpg 585w, https:\/\/elgarajedefrank.es\/wp-content\/uploads\/2020\/01\/21200732_1534102163295568_6166730990941049885_o.jpg 640w\" sizes=\"(max-width: 200px) 100vw, 200px\" \/>\u2014Quelle est l&#8217;histoire derri\u00e8re le projet parall\u00e8le Full Dynamic Range qui a sorti l&#8217;album <em>Lost Generation<\/em> en 1993?<\/span><\/strong><\/p>\n<p><span style=\"font-family: georgia, palatino, serif; font-size: 12pt;\"><strong>\u2014<\/strong>Vers 1993, la sc\u00e8ne \u00e9lectro en Belgique s&#8217;effondrait, les DJs acc\u00e9l\u00e9raient les BPM&#8230; beaucoup de groupes devaient monter d&#8217;autres projets pour survivre&#8230; <strong>FDR<\/strong> est n\u00e9 de \u00e7a. On ne peut pas changer de style musical d&#8217;un groupe dans un album. On a donc utilis\u00e9 <strong>FDR<\/strong> pour tester d&#8217;autres directions.<\/span><\/p>\n<p><strong><span style=\"font-family: georgia, palatino, serif; font-size: 12pt;\">\u2014Pourquoi le groupe a-t-il fait une pause en 2002? Vous n&#8217;\u00e9tiez pas satisfait du r\u00e9sultat de <em>Fireball,<\/em> non?<\/span><\/strong><\/p>\n<p><span style=\"font-family: georgia, palatino, serif; font-size: 12pt;\"><strong>\u2014<\/strong>La sc\u00e8ne \u00e9lectro \u00e9tait morte, et <em>Fireball<\/em> un tr\u00e8s mauvais album. Du coup, le groupe s&#8217;est soudainement arr\u00eat\u00e9&#8230;<\/span><\/p>\n<p><strong><span style=\"font-family: georgia, palatino, serif; font-size: 12pt;\">\u2014Au cours de cette interruption, vous avez form\u00e9 Pressure Control et n&#8217;avez sorti qu&#8217;un seul disque en 2004. Consid\u00e9rez-vous ce projet comme une continuation de Vomito Negro?<\/span><\/strong><\/p>\n<p><span style=\"font-family: georgia, palatino, serif; font-size: 12pt;\">\u2014Non, <strong>Pressure Control<\/strong> \u00e9tait un projet comme <strong>FDR,<\/strong> juste quelque chose qui a pris vie gr\u00e2ce aux id\u00e9es. Rien \u00e0 voir avec <strong>Vomito Negro.<\/strong><\/span><\/p>\n<p><strong><span style=\"font-family: georgia, palatino, serif; font-size: 12pt;\">\u2014Comment s&#8217;est pass\u00e9e la composition de <em>Skull and Bones<\/em>, l&#8217;album qui signe votre retour?<\/span><\/strong><\/p>\n<p><span style=\"font-family: georgia, palatino, serif; font-size: 12pt;\"><strong>\u2014<\/strong>On s&#8217;est bien amus\u00e9s, \u00e7a nous a ouvert des portes et prouv\u00e9 que l&#8217;ancienne formule de <strong>Vomito Negro<\/strong> fonctionnait toujours.<\/span><\/p>\n<p><strong><span style=\"font-family: georgia, palatino, serif; font-size: 12pt;\">\u2014L&#8217;album comportait \u00e9galement un CD de remixes: <em>The 2K10 Remakes.<\/em> Vouliez-vous savoir comment vos vieux morceaux pouvaient sonner avec la nouvelle technologie\/\u00e9quipement ou pensiez-vous que le son d&#8217;origine \u00e9tait un peu d\u00e9suet ?<\/span><\/strong><\/p>\n<p><span style=\"font-family: georgia, palatino, serif; font-size: 12pt;\"><strong>\u2014<\/strong>Mon intention \u00e9tait de remettre au go\u00fbt du jour les vieilles chansons et de prouver que m\u00eame sans tout le mat\u00e9riel que j&#8217;avais utilis\u00e9, j&#8217;\u00e9tais capable de reconstruire chaque chanson et chaque d\u00e9tail.<\/span><\/p>\n<p><strong><span style=\"font-family: georgia, palatino, serif; font-size: 12pt;\"><img loading=\"lazy\" decoding=\"async\" class=\"size-medium wp-image-15700 alignright\" src=\"https:\/\/elgarajedefrank.es\/wp-content\/uploads\/2020\/01\/21272699_1534101876628930_8401683605558772605_o-263x300.jpg\" alt=\"\" width=\"263\" height=\"300\" srcset=\"https:\/\/elgarajedefrank.es\/wp-content\/uploads\/2020\/01\/21272699_1534101876628930_8401683605558772605_o-263x300.jpg 263w, https:\/\/elgarajedefrank.es\/wp-content\/uploads\/2020\/01\/21272699_1534101876628930_8401683605558772605_o-768x878.jpg 768w, https:\/\/elgarajedefrank.es\/wp-content\/uploads\/2020\/01\/21272699_1534101876628930_8401683605558772605_o-585x669.jpg 585w, https:\/\/elgarajedefrank.es\/wp-content\/uploads\/2020\/01\/21272699_1534101876628930_8401683605558772605_o.jpg 840w\" sizes=\"(max-width: 263px) 100vw, 263px\" \/>\u2014<em>Fall of an Empire<\/em> est le premier album avec Sven Kadanza, qui devient le deuxi\u00e8me membre du groupe. Qu&#8217;a-t-il apport\u00e9 au son de Vomito Negro?<\/span><\/strong><\/p>\n<p><span style=\"font-family: georgia, palatino, serif; font-size: 12pt;\"><strong>\u2014<\/strong>Sven est un batteur fantastique qui me guide toujours dans une certaine direction, il a une vision critique de ce que j&#8217;enregistre. Il fait donc partie de la machine \u00e0 musique derri\u00e8re <strong>Vomito Negro.<\/strong><\/span><\/p>\n<p><strong><span style=\"font-family: georgia, palatino, serif; font-size: 12pt;\">\u2014Vous avez retard\u00e9 la sortie de <em>Black Plague<\/em> (2017) de quelques mois pour r\u00e9enregistrer certaines chansons afin de conserver le son typique de Vomito Negro. Comment d\u00e9cririez-vous ce son typique de Vomito Negro?<\/span><\/strong><\/p>\n<p><span style=\"font-family: georgia, palatino, serif; font-size: 12pt;\"><strong>\u2014<\/strong>Je suis une personne tr\u00e8s critique, donc si je ne suis pas satisfait du r\u00e9sultat, je refais tout ou certaines parties. Je pense que <em>Black Plague<\/em> a ce son typique de <strong>Vomito Negro\u2026<\/strong> personne ne peut le copier.<\/span><\/p>\n<p><strong><span style=\"font-family: georgia, palatino, serif; font-size: 12pt;\">\u2014J&#8217;ai lu que vous pr\u00e9f\u00e9rez travailler avec des \u00e9quipements analogiques plut\u00f4t que de d\u00e9pendre de programmes informatiques. Quels sont les avantages que vous trouvez en analogique ?<\/span><\/strong><\/p>\n<p><span style=\"font-family: georgia, palatino, serif; font-size: 12pt;\"><strong>\u2014<\/strong>Les boutons\u2026 l&#8217;interaction avec les vieilles machines, les ordinateurs sont ennuyeux, j&#8217;ai juste besoin d&#8217;un synth\u00e9 vintage, d&#8217;un s\u00e9quenceur analogique, d&#8217;une bo\u00eete \u00e0 rythmes et d&#8217;un magn\u00e9tophone pour faire mes trucs. Je n&#8217;utilise les ordinateurs que pour le mastering, c&#8217;est tout.<\/span><\/p>\n<p><strong><span style=\"font-family: georgia, palatino, serif; font-size: 12pt;\">\u2014Gin Devo, vous avez sorti vous-m\u00eame trois albums, le premier <em>Errata<\/em> (2012), <em>Surface<\/em> (pour l&#8217;exposition d&#8217;art d&#8217;Anvers) et <em>Electrotheque<\/em> (2017). Que pouvez-vous nous en dire ?<\/span><\/strong><\/p>\n<p><span style=\"font-family: georgia, palatino, serif; font-size: 12pt;\"><strong>\u2014<\/strong>Les projets solos de <strong>Gin Devo<\/strong> sont purement \u00e9lectroniques, en 2020, un autre, du nom de <em>The Garden of Evil<\/em>, sortira.<\/span><\/p>\n<p><strong><span style=\"font-family: georgia, palatino, serif; font-size: 12pt;\"><img loading=\"lazy\" decoding=\"async\" class=\"size-medium wp-image-15697 alignleft\" src=\"https:\/\/elgarajedefrank.es\/wp-content\/uploads\/2020\/01\/21248329_1534102936628824_5586661095629985698_o-300x200.jpg\" alt=\"\" width=\"300\" height=\"200\" srcset=\"https:\/\/elgarajedefrank.es\/wp-content\/uploads\/2020\/01\/21248329_1534102936628824_5586661095629985698_o-300x200.jpg 300w, https:\/\/elgarajedefrank.es\/wp-content\/uploads\/2020\/01\/21248329_1534102936628824_5586661095629985698_o-1024x683.jpg 1024w, https:\/\/elgarajedefrank.es\/wp-content\/uploads\/2020\/01\/21248329_1534102936628824_5586661095629985698_o-768x512.jpg 768w, https:\/\/elgarajedefrank.es\/wp-content\/uploads\/2020\/01\/21248329_1534102936628824_5586661095629985698_o-1536x1024.jpg 1536w, https:\/\/elgarajedefrank.es\/wp-content\/uploads\/2020\/01\/21248329_1534102936628824_5586661095629985698_o-1170x780.jpg 1170w, https:\/\/elgarajedefrank.es\/wp-content\/uploads\/2020\/01\/21248329_1534102936628824_5586661095629985698_o-585x390.jpg 585w, https:\/\/elgarajedefrank.es\/wp-content\/uploads\/2020\/01\/21248329_1534102936628824_5586661095629985698_o-263x175.jpg 263w, https:\/\/elgarajedefrank.es\/wp-content\/uploads\/2020\/01\/21248329_1534102936628824_5586661095629985698_o.jpg 1600w\" sizes=\"(max-width: 300px) 100vw, 300px\" \/>\u2014J&#8217;ai lu que vous aviez un projet avec Sandy Nys appel\u00e9 St\u00f8rung.<\/span><\/strong><\/p>\n<p><span style=\"font-family: georgia, palatino, serif; font-size: 12pt;\"><strong>\u2014<\/strong>L&#8217;album <em>St\u00f8rung<\/em>\u00a0avec Sandy Nys est pr\u00eat et sortira en 2020.<\/span><\/p>\n<p><strong><span style=\"font-family: georgia, palatino, serif; font-size: 12pt;\">\u2014En 2020, le groupe a pr\u00e9vu de sortir un nouvel album. Pouvez-vous nous donner quelques d\u00e9tails sur ce nouvel album?<\/span><\/strong><\/p>\n<p><span style=\"font-family: georgia, palatino, serif; font-size: 12pt;\"><strong>\u2014<\/strong>Le nouvel album de <strong>Vomito Negro<\/strong> s&#8217;appellera <em>Two Kings,<\/em> et sortira en 2020. Le son de cet album nous ram\u00e8nera \u00e0 la p\u00e9riode de<em> Save the World<\/em>.<\/span><\/p>\n<p><strong><span style=\"font-family: georgia, palatino, serif; font-size: 12pt;\">\u2014Que peuvent attendre vos fans de votre concert au W-Fest ? Ce sera votre deuxi\u00e8me fois au festival, quels sont vos souvenirs de votre premi\u00e8re fois ?<\/span><\/strong><\/p>\n<p><span style=\"font-family: georgia, palatino, serif; font-size: 12pt;\"><strong>\u2014<\/strong>Au premier W-Fest, on a jou\u00e9 apr\u00e8s <strong>The Human League\u2026<\/strong> \u00e9trange timing, haha. Je pense que cette ann\u00e9e, ce sera mieux, et que la programmation du W-Fest s&#8217;am\u00e9liore chaque ann\u00e9e. <strong>Vomito Negro<\/strong> jouera quelques chansons du dernier album <em>Two<\/em>\u00a0<em>Kings<\/em> et quelques chansons du d\u00e9but des ann\u00e9es 80 qu&#8217;on n&#8217;a encore jamais jou\u00e9es. Ne ratez pas notre concert !<\/span><\/p>\n<p><span style=\"color: #800080;\"><strong><span style=\"font-family: georgia, palatino, serif; font-size: 12pt;\">Photos : Patrice Hoerner<\/span><\/strong><\/span><\/p>\n<p><iframe title=\"Vomito Negro &quot;Black Plague&quot;\" width=\"1170\" height=\"658\" src=\"https:\/\/www.youtube.com\/embed\/mVteNmQ3B6U?feature=oembed\" frameborder=\"0\" allow=\"accelerometer; autoplay; clipboard-write; encrypted-media; gyroscope; picture-in-picture; web-share\" allowfullscreen><\/iframe><\/p>\n","protected":false},"excerpt":{"rendered":"<p>Vous savez ce que vous pouvez attendre d&#8217;un groupe appel\u00e9 Vomito Negro, et ils vous&hellip;<\/p>\n","protected":false},"author":1,"featured_media":15680,"comment_status":"open","ping_status":"open","sticky":false,"template":"","format":"standard","meta":{"_lmt_disableupdate":"","_lmt_disable":"","footnotes":""},"categories":[35],"tags":[320,603],"class_list":["post-14846","post","type-post","status-publish","format-standard","has-post-thumbnail","hentry","category-interviews-fr","tag-ebm-2-fr","tag-electro-fr"],"yoast_head":"<!-- This site is optimized with the Yoast SEO plugin v27.4 - https:\/\/yoast.com\/product\/yoast-seo-wordpress\/ -->\n<title>Interview : Vomito Negro &#8212; El Garaje de Frank<\/title>\n<meta name=\"description\" content=\"Interviews &#8212; Interview de Vomito Negro \u00e0 l&#039;occasion de leur futur concert au W-Fest.\" \/>\n<meta name=\"robots\" content=\"index, follow, max-snippet:-1, max-image-preview:large, max-video-preview:-1\" \/>\n<link rel=\"canonical\" href=\"https:\/\/elgarajedefrank.es\/fr\/interview-vomito-negro\/\" \/>\n<meta property=\"og:locale\" content=\"fr_FR\" \/>\n<meta property=\"og:type\" content=\"article\" \/>\n<meta property=\"og:title\" content=\"Interview : Vomito Negro &#8212; El Garaje de Frank\" \/>\n<meta property=\"og:description\" content=\"Interviews &#8212; Interview de Vomito Negro \u00e0 l&#039;occasion de leur futur concert au W-Fest.\" \/>\n<meta property=\"og:url\" content=\"https:\/\/elgarajedefrank.es\/fr\/interview-vomito-negro\/\" \/>\n<meta property=\"og:site_name\" content=\"El Garaje de Frank\" \/>\n<meta property=\"article:publisher\" content=\"https:\/\/www.facebook.com\/elgarajedefrank\/\" \/>\n<meta property=\"article:author\" content=\"https:\/\/www.facebook.com\/elgarajedefrank\/\" \/>\n<meta property=\"article:published_time\" content=\"2020-01-27T14:37:27+00:00\" \/>\n<meta property=\"article:modified_time\" content=\"2023-09-29T19:41:26+00:00\" \/>\n<meta property=\"og:image\" content=\"https:\/\/elgarajedefrank.es\/wp-content\/uploads\/2020\/01\/21167776_1534103183295466_6218644230139889053_o.jpg\" \/>\n\t<meta property=\"og:image:width\" content=\"1600\" \/>\n\t<meta property=\"og:image:height\" content=\"1067\" \/>\n\t<meta property=\"og:image:type\" content=\"image\/jpeg\" \/>\n<meta name=\"author\" content=\"Fran\u00e7ois Zappa\" \/>\n<meta name=\"twitter:card\" content=\"summary_large_image\" \/>\n<meta name=\"twitter:label1\" content=\"\u00c9crit par\" \/>\n\t<meta name=\"twitter:data1\" content=\"Fran\u00e7ois Zappa\" \/>\n\t<meta name=\"twitter:label2\" content=\"Dur\u00e9e de lecture estim\u00e9e\" \/>\n\t<meta name=\"twitter:data2\" content=\"7 minutes\" \/>\n<script type=\"application\/ld+json\" class=\"yoast-schema-graph\">{\"@context\":\"https:\\\/\\\/schema.org\",\"@graph\":[{\"@type\":\"Article\",\"@id\":\"https:\\\/\\\/elgarajedefrank.es\\\/fr\\\/interview-vomito-negro\\\/#article\",\"isPartOf\":{\"@id\":\"https:\\\/\\\/elgarajedefrank.es\\\/fr\\\/interview-vomito-negro\\\/\"},\"author\":{\"name\":\"Fran\u00e7ois Zappa\",\"@id\":\"https:\\\/\\\/elgarajedefrank.es\\\/fr\\\/#\\\/schema\\\/person\\\/d709c9c33f5f405d44c6c9397889ba15\"},\"headline\":\"Interview : Vomito Negro\",\"datePublished\":\"2020-01-27T14:37:27+00:00\",\"dateModified\":\"2023-09-29T19:41:26+00:00\",\"mainEntityOfPage\":{\"@id\":\"https:\\\/\\\/elgarajedefrank.es\\\/fr\\\/interview-vomito-negro\\\/\"},\"wordCount\":1401,\"commentCount\":0,\"publisher\":{\"@id\":\"https:\\\/\\\/elgarajedefrank.es\\\/fr\\\/#\\\/schema\\\/person\\\/d709c9c33f5f405d44c6c9397889ba15\"},\"image\":{\"@id\":\"https:\\\/\\\/elgarajedefrank.es\\\/fr\\\/interview-vomito-negro\\\/#primaryimage\"},\"thumbnailUrl\":\"https:\\\/\\\/elgarajedefrank.es\\\/wp-content\\\/uploads\\\/2020\\\/01\\\/21167776_1534103183295466_6218644230139889053_o.jpg\",\"keywords\":[\"EBM\",\"Electro\"],\"articleSection\":[\"Interviews\"],\"inLanguage\":\"fr-FR\",\"potentialAction\":[{\"@type\":\"CommentAction\",\"name\":\"Comment\",\"target\":[\"https:\\\/\\\/elgarajedefrank.es\\\/fr\\\/interview-vomito-negro\\\/#respond\"]}]},{\"@type\":\"WebPage\",\"@id\":\"https:\\\/\\\/elgarajedefrank.es\\\/fr\\\/interview-vomito-negro\\\/\",\"url\":\"https:\\\/\\\/elgarajedefrank.es\\\/fr\\\/interview-vomito-negro\\\/\",\"name\":\"Interview : Vomito Negro &#8212; El Garaje de Frank\",\"isPartOf\":{\"@id\":\"https:\\\/\\\/elgarajedefrank.es\\\/fr\\\/#website\"},\"primaryImageOfPage\":{\"@id\":\"https:\\\/\\\/elgarajedefrank.es\\\/fr\\\/interview-vomito-negro\\\/#primaryimage\"},\"image\":{\"@id\":\"https:\\\/\\\/elgarajedefrank.es\\\/fr\\\/interview-vomito-negro\\\/#primaryimage\"},\"thumbnailUrl\":\"https:\\\/\\\/elgarajedefrank.es\\\/wp-content\\\/uploads\\\/2020\\\/01\\\/21167776_1534103183295466_6218644230139889053_o.jpg\",\"datePublished\":\"2020-01-27T14:37:27+00:00\",\"dateModified\":\"2023-09-29T19:41:26+00:00\",\"description\":\"Interviews &#8212; Interview de Vomito Negro \u00e0 l'occasion de leur futur concert au W-Fest.\",\"breadcrumb\":{\"@id\":\"https:\\\/\\\/elgarajedefrank.es\\\/fr\\\/interview-vomito-negro\\\/#breadcrumb\"},\"inLanguage\":\"fr-FR\",\"potentialAction\":[{\"@type\":\"ReadAction\",\"target\":[\"https:\\\/\\\/elgarajedefrank.es\\\/fr\\\/interview-vomito-negro\\\/\"]}]},{\"@type\":\"ImageObject\",\"inLanguage\":\"fr-FR\",\"@id\":\"https:\\\/\\\/elgarajedefrank.es\\\/fr\\\/interview-vomito-negro\\\/#primaryimage\",\"url\":\"https:\\\/\\\/elgarajedefrank.es\\\/wp-content\\\/uploads\\\/2020\\\/01\\\/21167776_1534103183295466_6218644230139889053_o.jpg\",\"contentUrl\":\"https:\\\/\\\/elgarajedefrank.es\\\/wp-content\\\/uploads\\\/2020\\\/01\\\/21167776_1534103183295466_6218644230139889053_o.jpg\",\"width\":1600,\"height\":1067},{\"@type\":\"BreadcrumbList\",\"@id\":\"https:\\\/\\\/elgarajedefrank.es\\\/fr\\\/interview-vomito-negro\\\/#breadcrumb\",\"itemListElement\":[{\"@type\":\"ListItem\",\"position\":1,\"name\":\"Inicio\",\"item\":\"https:\\\/\\\/elgarajedefrank.es\\\/fr\\\/\"},{\"@type\":\"ListItem\",\"position\":2,\"name\":\"Interviews\",\"item\":\"https:\\\/\\\/elgarajedefrank.es\\\/fr\\\/category\\\/interviews-fr\\\/\"},{\"@type\":\"ListItem\",\"position\":3,\"name\":\"Interview : Vomito Negro\"}]},{\"@type\":\"WebSite\",\"@id\":\"https:\\\/\\\/elgarajedefrank.es\\\/fr\\\/#website\",\"url\":\"https:\\\/\\\/elgarajedefrank.es\\\/fr\\\/\",\"name\":\"El Garaje de Frank\",\"description\":\"Music magazine\",\"publisher\":{\"@id\":\"https:\\\/\\\/elgarajedefrank.es\\\/fr\\\/#\\\/schema\\\/person\\\/d709c9c33f5f405d44c6c9397889ba15\"},\"potentialAction\":[{\"@type\":\"SearchAction\",\"target\":{\"@type\":\"EntryPoint\",\"urlTemplate\":\"https:\\\/\\\/elgarajedefrank.es\\\/fr\\\/?s={search_term_string}\"},\"query-input\":{\"@type\":\"PropertyValueSpecification\",\"valueRequired\":true,\"valueName\":\"search_term_string\"}}],\"inLanguage\":\"fr-FR\"},{\"@type\":[\"Person\",\"Organization\"],\"@id\":\"https:\\\/\\\/elgarajedefrank.es\\\/fr\\\/#\\\/schema\\\/person\\\/d709c9c33f5f405d44c6c9397889ba15\",\"name\":\"Fran\u00e7ois Zappa\",\"image\":{\"@type\":\"ImageObject\",\"inLanguage\":\"fr-FR\",\"@id\":\"https:\\\/\\\/elgarajedefrank.es\\\/wp-content\\\/uploads\\\/2019\\\/10\\\/IMG_8278-150x150.jpg\",\"url\":\"https:\\\/\\\/elgarajedefrank.es\\\/wp-content\\\/uploads\\\/2019\\\/10\\\/IMG_8278-150x150.jpg\",\"contentUrl\":\"https:\\\/\\\/elgarajedefrank.es\\\/wp-content\\\/uploads\\\/2019\\\/10\\\/IMG_8278-150x150.jpg\",\"caption\":\"Fran\u00e7ois Zappa\"},\"logo\":{\"@id\":\"https:\\\/\\\/elgarajedefrank.es\\\/wp-content\\\/uploads\\\/2019\\\/10\\\/IMG_8278-150x150.jpg\"},\"sameAs\":[\"https:\\\/\\\/www.facebook.com\\\/elgarajedefrank\\\/\",\"https:\\\/\\\/www.instagram.com\\\/elgarajedefrank\\\/\"]}]}<\/script>\n<!-- \/ Yoast SEO plugin. -->","yoast_head_json":{"title":"Interview : Vomito Negro &#8212; El Garaje de Frank","description":"Interviews &#8212; Interview de Vomito Negro \u00e0 l'occasion de leur futur concert au W-Fest.","robots":{"index":"index","follow":"follow","max-snippet":"max-snippet:-1","max-image-preview":"max-image-preview:large","max-video-preview":"max-video-preview:-1"},"canonical":"https:\/\/elgarajedefrank.es\/fr\/interview-vomito-negro\/","og_locale":"fr_FR","og_type":"article","og_title":"Interview : Vomito Negro &#8212; El Garaje de Frank","og_description":"Interviews &#8212; Interview de Vomito Negro \u00e0 l'occasion de leur futur concert au W-Fest.","og_url":"https:\/\/elgarajedefrank.es\/fr\/interview-vomito-negro\/","og_site_name":"El Garaje de Frank","article_publisher":"https:\/\/www.facebook.com\/elgarajedefrank\/","article_author":"https:\/\/www.facebook.com\/elgarajedefrank\/","article_published_time":"2020-01-27T14:37:27+00:00","article_modified_time":"2023-09-29T19:41:26+00:00","og_image":[{"width":1600,"height":1067,"url":"https:\/\/elgarajedefrank.es\/wp-content\/uploads\/2020\/01\/21167776_1534103183295466_6218644230139889053_o.jpg","type":"image\/jpeg"}],"author":"Fran\u00e7ois Zappa","twitter_card":"summary_large_image","twitter_misc":{"\u00c9crit par":"Fran\u00e7ois Zappa","Dur\u00e9e de lecture estim\u00e9e":"7 minutes"},"schema":{"@context":"https:\/\/schema.org","@graph":[{"@type":"Article","@id":"https:\/\/elgarajedefrank.es\/fr\/interview-vomito-negro\/#article","isPartOf":{"@id":"https:\/\/elgarajedefrank.es\/fr\/interview-vomito-negro\/"},"author":{"name":"Fran\u00e7ois Zappa","@id":"https:\/\/elgarajedefrank.es\/fr\/#\/schema\/person\/d709c9c33f5f405d44c6c9397889ba15"},"headline":"Interview : Vomito Negro","datePublished":"2020-01-27T14:37:27+00:00","dateModified":"2023-09-29T19:41:26+00:00","mainEntityOfPage":{"@id":"https:\/\/elgarajedefrank.es\/fr\/interview-vomito-negro\/"},"wordCount":1401,"commentCount":0,"publisher":{"@id":"https:\/\/elgarajedefrank.es\/fr\/#\/schema\/person\/d709c9c33f5f405d44c6c9397889ba15"},"image":{"@id":"https:\/\/elgarajedefrank.es\/fr\/interview-vomito-negro\/#primaryimage"},"thumbnailUrl":"https:\/\/elgarajedefrank.es\/wp-content\/uploads\/2020\/01\/21167776_1534103183295466_6218644230139889053_o.jpg","keywords":["EBM","Electro"],"articleSection":["Interviews"],"inLanguage":"fr-FR","potentialAction":[{"@type":"CommentAction","name":"Comment","target":["https:\/\/elgarajedefrank.es\/fr\/interview-vomito-negro\/#respond"]}]},{"@type":"WebPage","@id":"https:\/\/elgarajedefrank.es\/fr\/interview-vomito-negro\/","url":"https:\/\/elgarajedefrank.es\/fr\/interview-vomito-negro\/","name":"Interview : Vomito Negro &#8212; El Garaje de Frank","isPartOf":{"@id":"https:\/\/elgarajedefrank.es\/fr\/#website"},"primaryImageOfPage":{"@id":"https:\/\/elgarajedefrank.es\/fr\/interview-vomito-negro\/#primaryimage"},"image":{"@id":"https:\/\/elgarajedefrank.es\/fr\/interview-vomito-negro\/#primaryimage"},"thumbnailUrl":"https:\/\/elgarajedefrank.es\/wp-content\/uploads\/2020\/01\/21167776_1534103183295466_6218644230139889053_o.jpg","datePublished":"2020-01-27T14:37:27+00:00","dateModified":"2023-09-29T19:41:26+00:00","description":"Interviews &#8212; Interview de Vomito Negro \u00e0 l'occasion de leur futur concert au W-Fest.","breadcrumb":{"@id":"https:\/\/elgarajedefrank.es\/fr\/interview-vomito-negro\/#breadcrumb"},"inLanguage":"fr-FR","potentialAction":[{"@type":"ReadAction","target":["https:\/\/elgarajedefrank.es\/fr\/interview-vomito-negro\/"]}]},{"@type":"ImageObject","inLanguage":"fr-FR","@id":"https:\/\/elgarajedefrank.es\/fr\/interview-vomito-negro\/#primaryimage","url":"https:\/\/elgarajedefrank.es\/wp-content\/uploads\/2020\/01\/21167776_1534103183295466_6218644230139889053_o.jpg","contentUrl":"https:\/\/elgarajedefrank.es\/wp-content\/uploads\/2020\/01\/21167776_1534103183295466_6218644230139889053_o.jpg","width":1600,"height":1067},{"@type":"BreadcrumbList","@id":"https:\/\/elgarajedefrank.es\/fr\/interview-vomito-negro\/#breadcrumb","itemListElement":[{"@type":"ListItem","position":1,"name":"Inicio","item":"https:\/\/elgarajedefrank.es\/fr\/"},{"@type":"ListItem","position":2,"name":"Interviews","item":"https:\/\/elgarajedefrank.es\/fr\/category\/interviews-fr\/"},{"@type":"ListItem","position":3,"name":"Interview : Vomito Negro"}]},{"@type":"WebSite","@id":"https:\/\/elgarajedefrank.es\/fr\/#website","url":"https:\/\/elgarajedefrank.es\/fr\/","name":"El Garaje de Frank","description":"Music magazine","publisher":{"@id":"https:\/\/elgarajedefrank.es\/fr\/#\/schema\/person\/d709c9c33f5f405d44c6c9397889ba15"},"potentialAction":[{"@type":"SearchAction","target":{"@type":"EntryPoint","urlTemplate":"https:\/\/elgarajedefrank.es\/fr\/?s={search_term_string}"},"query-input":{"@type":"PropertyValueSpecification","valueRequired":true,"valueName":"search_term_string"}}],"inLanguage":"fr-FR"},{"@type":["Person","Organization"],"@id":"https:\/\/elgarajedefrank.es\/fr\/#\/schema\/person\/d709c9c33f5f405d44c6c9397889ba15","name":"Fran\u00e7ois Zappa","image":{"@type":"ImageObject","inLanguage":"fr-FR","@id":"https:\/\/elgarajedefrank.es\/wp-content\/uploads\/2019\/10\/IMG_8278-150x150.jpg","url":"https:\/\/elgarajedefrank.es\/wp-content\/uploads\/2019\/10\/IMG_8278-150x150.jpg","contentUrl":"https:\/\/elgarajedefrank.es\/wp-content\/uploads\/2019\/10\/IMG_8278-150x150.jpg","caption":"Fran\u00e7ois Zappa"},"logo":{"@id":"https:\/\/elgarajedefrank.es\/wp-content\/uploads\/2019\/10\/IMG_8278-150x150.jpg"},"sameAs":["https:\/\/www.facebook.com\/elgarajedefrank\/","https:\/\/www.instagram.com\/elgarajedefrank\/"]}]}},"_links":{"self":[{"href":"https:\/\/elgarajedefrank.es\/fr\/wp-json\/wp\/v2\/posts\/14846","targetHints":{"allow":["GET"]}}],"collection":[{"href":"https:\/\/elgarajedefrank.es\/fr\/wp-json\/wp\/v2\/posts"}],"about":[{"href":"https:\/\/elgarajedefrank.es\/fr\/wp-json\/wp\/v2\/types\/post"}],"author":[{"embeddable":true,"href":"https:\/\/elgarajedefrank.es\/fr\/wp-json\/wp\/v2\/users\/1"}],"replies":[{"embeddable":true,"href":"https:\/\/elgarajedefrank.es\/fr\/wp-json\/wp\/v2\/comments?post=14846"}],"version-history":[{"count":1,"href":"https:\/\/elgarajedefrank.es\/fr\/wp-json\/wp\/v2\/posts\/14846\/revisions"}],"predecessor-version":[{"id":57167,"href":"https:\/\/elgarajedefrank.es\/fr\/wp-json\/wp\/v2\/posts\/14846\/revisions\/57167"}],"wp:featuredmedia":[{"embeddable":true,"href":"https:\/\/elgarajedefrank.es\/fr\/wp-json\/wp\/v2\/media\/15680"}],"wp:attachment":[{"href":"https:\/\/elgarajedefrank.es\/fr\/wp-json\/wp\/v2\/media?parent=14846"}],"wp:term":[{"taxonomy":"category","embeddable":true,"href":"https:\/\/elgarajedefrank.es\/fr\/wp-json\/wp\/v2\/categories?post=14846"},{"taxonomy":"post_tag","embeddable":true,"href":"https:\/\/elgarajedefrank.es\/fr\/wp-json\/wp\/v2\/tags?post=14846"}],"curies":[{"name":"wp","href":"https:\/\/api.w.org\/{rel}","templated":true}]}}