{"id":14579,"date":"2020-01-12T11:07:15","date_gmt":"2020-01-12T10:07:15","guid":{"rendered":"https:\/\/elgarajedefrank.es\/?p=14579"},"modified":"2024-05-29T12:08:39","modified_gmt":"2024-05-29T10:08:39","slug":"sombre-linsay","status":"publish","type":"post","link":"https:\/\/elgarajedefrank.es\/fr\/sombre-linsay\/","title":{"rendered":"S\u00f4mbre &#8211; Linsay"},"content":{"rendered":"<p><span class=\"s1\" style=\"font-family: georgia, palatino, serif; font-size: 12pt;\">Malgr\u00e9 ce d\u00e9but d\u2019ann\u00e9e catastrophique, la musique continue de nous r\u00e9server de belles surprises. Avec certes un peu de retard, mais comme le dit le vieil adage, mieux vaut tard que jamais, aujourd\u2019hui, on vous pr\u00e9sente <i>Linsay,<\/i> le premier album de <b>S\u00f4mbre<\/b>, groupe fond\u00e9 en 2011 par le chanteur C\u00e9dric Manine et le producteur et instrumentaliste Axel Wursthorn.<\/span><span class=\"s1\" style=\"font-family: georgia, palatino, serif; font-size: 12pt;\">\u00a0<\/span><\/p>\n<p><span class=\"s1\" style=\"font-family: georgia, palatino, serif; font-size: 12pt;\"><img fetchpriority=\"high\" decoding=\"async\" class=\"size-medium wp-image-15225 aligncenter\" src=\"https:\/\/elgarajedefrank.es\/wp-content\/uploads\/2020\/01\/53380614_2303582906372977_4654479122649579520_o-300x300.jpg\" alt=\"\" width=\"300\" height=\"300\" srcset=\"https:\/\/elgarajedefrank.es\/wp-content\/uploads\/2020\/01\/53380614_2303582906372977_4654479122649579520_o-300x300.jpg 300w, https:\/\/elgarajedefrank.es\/wp-content\/uploads\/2020\/01\/53380614_2303582906372977_4654479122649579520_o-1024x1024.jpg 1024w, https:\/\/elgarajedefrank.es\/wp-content\/uploads\/2020\/01\/53380614_2303582906372977_4654479122649579520_o-150x150.jpg 150w, https:\/\/elgarajedefrank.es\/wp-content\/uploads\/2020\/01\/53380614_2303582906372977_4654479122649579520_o-768x768.jpg 768w, https:\/\/elgarajedefrank.es\/wp-content\/uploads\/2020\/01\/53380614_2303582906372977_4654479122649579520_o-1536x1536.jpg 1536w, https:\/\/elgarajedefrank.es\/wp-content\/uploads\/2020\/01\/53380614_2303582906372977_4654479122649579520_o-1170x1170.jpg 1170w, https:\/\/elgarajedefrank.es\/wp-content\/uploads\/2020\/01\/53380614_2303582906372977_4654479122649579520_o-585x585.jpg 585w, https:\/\/elgarajedefrank.es\/wp-content\/uploads\/2020\/01\/53380614_2303582906372977_4654479122649579520_o.jpg 1555w\" sizes=\"(max-width: 300px) 100vw, 300px\" \/><\/span><\/p>\n<p class=\"p1\"><span class=\"s1\" style=\"font-family: georgia, palatino, serif; font-size: 12pt;\">En \u00e9coutant l\u2019album, on devine rapidement que le duo puise son inspiration du post-punk et la cold-wave des ann\u00e9es 80. Cependant, on entend parfois une touche de rock gothique ou m\u00eame de trip hop, dans les compositions men\u00e9es d\u2019une main de ma\u00eetre. Certaines pr\u00e9sentent aussi un c\u00f4t\u00e9 tr\u00e8s \u00e9lectronique, pour le bonheur de nos oreilles.<\/span><span class=\"s1\" style=\"font-family: georgia, palatino, serif; font-size: 12pt;\">\u00a0<\/span><\/p>\n<p class=\"p1\"><span style=\"font-family: georgia, palatino, serif; font-size: 12pt;\"><span class=\"s1\">Pr\u00e9parez-vous : du post-punk de \u00ab<\/span><span class=\"s2\">\u2009<\/span><span class=\"s1\">Black Skin Twins<\/span><span class=\"s2\">\u2009<\/span><span class=\"s1\">\u00bb, on passe \u00e0 la d\u00e9tresse de \u00ab<\/span><span class=\"s2\">\u2009<\/span><span class=\"s1\">Down<\/span><span class=\"s2\">\u2009<\/span><span class=\"s1\">\u00bb, o\u00f9 le refrain charg\u00e9 d\u2019\u00e9motions vous frappera en plein c\u0153ur, ou encore \u00e0 \u00ab<\/span><span class=\"s2\">\u2009<\/span><span class=\"s1\">New Creatures<\/span><span class=\"s2\">\u2009<\/span><span class=\"s1\">\u00bb o\u00f9, dans certains passages, on a l\u2019impression d\u2019\u00e9couter <strong>Depeche Mode<\/strong> qui aurait d\u00e9cid\u00e9 de se mettre au trip hop. C\u2019est aussi le morceau qui introduit le c\u00f4t\u00e9 \u00e9lectronique de <b>S\u00f4mbre<\/b>. Pour \u00ab<\/span><span class=\"s2\">\u2009<\/span><span class=\"s1\">ALF<\/span><span class=\"s2\">\u2009<\/span><span class=\"s1\">\u00bb, le groupe a tap\u00e9 dans le mille : non seulement le morceau porte le nom de l\u2019un de mes extraterrestres pr\u00e9f\u00e9r\u00e9s, mais en plus il r\u00e9serve l\u2019agr\u00e9able surprise d\u2019\u00eatre un v\u00e9ritable tube aux rythmes de dark electro entra\u00eenants. Le contraste avec le morceau suivant, \u00ab<\/span><span class=\"s2\">\u2009<\/span><span class=\"s1\">Linsay<\/span><span class=\"s2\">\u2009<\/span><span class=\"s1\">\u00bb, est pour le moins saisissant : pour notre plus grand bonheur, <b>S\u00f4mbre<\/b> nous r\u00e9gale d\u2019un duo avec Regina Sosinski (<strong>Mira<\/strong>) et C\u00e9dric. L\u2019harmonie qui r\u00e8gne entre leurs voix ne pourra que vous prendre aux tripes.\u00a0<\/span><\/span><\/p>\n<p class=\"p2\"><span style=\"font-family: georgia, palatino, serif; font-size: 12pt;\"><span class=\"s1\">Peut-\u00eatre que mon cerveau n\u2019entend que ce qu\u2019il veut bien entendre, mais \u00ab<\/span><span class=\"s2\">\u2009<\/span><span class=\"s1\">The Master<\/span><span class=\"s2\">\u2009<\/span><span class=\"s1\">\u00bb me rappelle parfois \u00ab<\/span><span class=\"s2\">\u2009<\/span><span class=\"s1\">Machine Gun<\/span><span class=\"s2\">\u2009<\/span><span class=\"s1\">\u00bb de <b>Portishead.<\/b> La l\u00e9g\u00e8re saturation de la voix du couplet, qui m\u2019a presque fait croire un instant que quelqu\u2019un d\u2019autre chantait, cr\u00e9e un effet int\u00e9ressant avec l\u2019atmosph\u00e8re sombre du refrain. On retourne \u00e0 une ambiance plus rock avec \u00ab<\/span><span class=\"s2\">\u2009<\/span><span class=\"s1\">False Illusions<\/span><span class=\"s2\">\u2009<\/span><span class=\"s1\">\u00bb. On aime particuli\u00e8rement la fa\u00e7on dont est construite \u00ab<\/span><span class=\"s2\">\u2009<\/span><span class=\"s1\">Find the Light<\/span><span class=\"s2\">\u2009<\/span><span class=\"s1\">\u00bb : une ligne \u00e9lectronique semblant parfois changer de tonalit\u00e9 sert \u00e0 introduire un refrain \u00e0 la <b>Duran Duran,\u00a0<\/b>qui pr\u00e9sente une magnifique harmonie. Enfin, \u00ab<\/span><span class=\"s2\">\u2009<\/span><span class=\"s1\">We Will Coalesce<\/span><span class=\"s2\">\u2009<\/span><span class=\"s1\">\u00bb retourne \u00e0 une ambiance plus post-punk, ponctu\u00e9e de passages avec une touche de trip hop. L\u2019album se termine sur une excellente reprise de \u00ab Kids in America<span class=\"s2\">\u2009<\/span>\u00bb de <strong>Kim Wilde.<\/strong><\/span><\/span><\/p>\n<p class=\"p1\"><span class=\"s1\" style=\"font-family: georgia, palatino, serif; font-size: 12pt;\">Pour terminer, il faut souligner la beaut\u00e9 de la voix de C\u00e9dric : cristalline, elle semble porter et cr\u00e9er un lien entre les diff\u00e9rents morceaux. Son timbre color\u00e9 et profond offre une certaine dynamique et une chaleur aux morceaux \u00e0 l\u2019ambiance parfois tr\u00e8s sombre. J\u2019ajouterai \u00e9galement une derni\u00e8re chose : merci <b>S\u00f4mbre<\/b> d\u2019avoir illumin\u00e9, ou plut\u00f4t nuanc\u00e9 mon morne d\u00e9but d\u2019ann\u00e9e.<\/span><\/p>\n<p><iframe title=\"Linsay (feat. Regina Sosinski)\" width=\"1170\" height=\"878\" src=\"https:\/\/www.youtube.com\/embed\/OLlfcdafpmY?list=OLAK5uy_lrn0Q1iC_XyswNq13my93h4fgnDOooIm4\" frameborder=\"0\" allow=\"accelerometer; autoplay; clipboard-write; encrypted-media; gyroscope; picture-in-picture; web-share\" referrerpolicy=\"strict-origin-when-cross-origin\" allowfullscreen><\/iframe><\/p>\n","protected":false},"excerpt":{"rendered":"<p>Malgr\u00e9 ce d\u00e9but d\u2019ann\u00e9e catastrophique, la musique continue de nous r\u00e9server de belles surprises. Avec&hellip;<\/p>\n","protected":false},"author":2,"featured_media":15194,"comment_status":"open","ping_status":"open","sticky":false,"template":"","format":"standard","meta":{"_lmt_disableupdate":"no","_lmt_disable":"","footnotes":""},"categories":[43],"tags":[358,392,406],"class_list":["post-14579","post","type-post","status-publish","format-standard","has-post-thumbnail","hentry","category-critiques","tag-musique-electronique","tag-post-punk-fr","tag-rock-gothique"],"yoast_head":"<!-- This site is optimized with the Yoast SEO plugin v27.4 - https:\/\/yoast.com\/product\/yoast-seo-wordpress\/ -->\n<title>S\u00f4mbre - Linsay &#8212; El Garaje de Frank<\/title>\n<meta name=\"description\" content=\"Critiques &#8212; Pr\u00e9sentation de Linsay, premier album du groupe S\u00f4mbre.\" \/>\n<meta name=\"robots\" content=\"index, follow, max-snippet:-1, max-image-preview:large, max-video-preview:-1\" \/>\n<link rel=\"canonical\" href=\"https:\/\/elgarajedefrank.es\/fr\/sombre-linsay\/\" \/>\n<meta property=\"og:locale\" content=\"fr_FR\" \/>\n<meta property=\"og:type\" content=\"article\" \/>\n<meta property=\"og:title\" content=\"S\u00f4mbre - Linsay &#8212; El Garaje de Frank\" \/>\n<meta property=\"og:description\" content=\"Critiques &#8212; Pr\u00e9sentation de Linsay, premier album du groupe S\u00f4mbre.\" \/>\n<meta property=\"og:url\" content=\"https:\/\/elgarajedefrank.es\/fr\/sombre-linsay\/\" \/>\n<meta property=\"og:site_name\" content=\"El Garaje de Frank\" \/>\n<meta property=\"article:publisher\" content=\"https:\/\/www.facebook.com\/elgarajedefrank\/\" \/>\n<meta property=\"article:published_time\" content=\"2020-01-12T10:07:15+00:00\" \/>\n<meta property=\"article:modified_time\" content=\"2024-05-29T10:08:39+00:00\" \/>\n<meta property=\"og:image\" content=\"https:\/\/elgarajedefrank.es\/wp-content\/uploads\/2020\/01\/59529312_2381758155222118_3063933229770735616_o.jpg\" \/>\n\t<meta property=\"og:image:width\" content=\"2048\" \/>\n\t<meta property=\"og:image:height\" content=\"2048\" \/>\n\t<meta property=\"og:image:type\" content=\"image\/jpeg\" \/>\n<meta name=\"author\" content=\"Violeta\" \/>\n<meta name=\"twitter:card\" content=\"summary_large_image\" \/>\n<meta name=\"twitter:label1\" content=\"\u00c9crit par\" \/>\n\t<meta name=\"twitter:data1\" content=\"Violeta\" \/>\n\t<meta name=\"twitter:label2\" content=\"Dur\u00e9e de lecture estim\u00e9e\" \/>\n\t<meta name=\"twitter:data2\" content=\"3 minutes\" \/>\n<script type=\"application\/ld+json\" class=\"yoast-schema-graph\">{\"@context\":\"https:\\\/\\\/schema.org\",\"@graph\":[{\"@type\":\"Article\",\"@id\":\"https:\\\/\\\/elgarajedefrank.es\\\/fr\\\/sombre-linsay\\\/#article\",\"isPartOf\":{\"@id\":\"https:\\\/\\\/elgarajedefrank.es\\\/fr\\\/sombre-linsay\\\/\"},\"author\":{\"name\":\"Violeta\",\"@id\":\"https:\\\/\\\/elgarajedefrank.es\\\/fr\\\/#\\\/schema\\\/person\\\/35ec115bc6f8fb3d23238106dc7c1308\"},\"headline\":\"S\u00f4mbre &#8211; Linsay\",\"datePublished\":\"2020-01-12T10:07:15+00:00\",\"dateModified\":\"2024-05-29T10:08:39+00:00\",\"mainEntityOfPage\":{\"@id\":\"https:\\\/\\\/elgarajedefrank.es\\\/fr\\\/sombre-linsay\\\/\"},\"wordCount\":527,\"commentCount\":0,\"publisher\":{\"@id\":\"https:\\\/\\\/elgarajedefrank.es\\\/fr\\\/#\\\/schema\\\/person\\\/d709c9c33f5f405d44c6c9397889ba15\"},\"image\":{\"@id\":\"https:\\\/\\\/elgarajedefrank.es\\\/fr\\\/sombre-linsay\\\/#primaryimage\"},\"thumbnailUrl\":\"https:\\\/\\\/elgarajedefrank.es\\\/wp-content\\\/uploads\\\/2020\\\/01\\\/59529312_2381758155222118_3063933229770735616_o.jpg\",\"keywords\":[\"Musique \u00e9lectronique\",\"Post-punk\",\"Rock gothique\"],\"articleSection\":[\"Critiques\"],\"inLanguage\":\"fr-FR\",\"potentialAction\":[{\"@type\":\"CommentAction\",\"name\":\"Comment\",\"target\":[\"https:\\\/\\\/elgarajedefrank.es\\\/fr\\\/sombre-linsay\\\/#respond\"]}]},{\"@type\":\"WebPage\",\"@id\":\"https:\\\/\\\/elgarajedefrank.es\\\/fr\\\/sombre-linsay\\\/\",\"url\":\"https:\\\/\\\/elgarajedefrank.es\\\/fr\\\/sombre-linsay\\\/\",\"name\":\"S\u00f4mbre - Linsay &#8212; El Garaje de Frank\",\"isPartOf\":{\"@id\":\"https:\\\/\\\/elgarajedefrank.es\\\/fr\\\/#website\"},\"primaryImageOfPage\":{\"@id\":\"https:\\\/\\\/elgarajedefrank.es\\\/fr\\\/sombre-linsay\\\/#primaryimage\"},\"image\":{\"@id\":\"https:\\\/\\\/elgarajedefrank.es\\\/fr\\\/sombre-linsay\\\/#primaryimage\"},\"thumbnailUrl\":\"https:\\\/\\\/elgarajedefrank.es\\\/wp-content\\\/uploads\\\/2020\\\/01\\\/59529312_2381758155222118_3063933229770735616_o.jpg\",\"datePublished\":\"2020-01-12T10:07:15+00:00\",\"dateModified\":\"2024-05-29T10:08:39+00:00\",\"description\":\"Critiques &#8212; Pr\u00e9sentation de Linsay, premier album du groupe S\u00f4mbre.\",\"breadcrumb\":{\"@id\":\"https:\\\/\\\/elgarajedefrank.es\\\/fr\\\/sombre-linsay\\\/#breadcrumb\"},\"inLanguage\":\"fr-FR\",\"potentialAction\":[{\"@type\":\"ReadAction\",\"target\":[\"https:\\\/\\\/elgarajedefrank.es\\\/fr\\\/sombre-linsay\\\/\"]}]},{\"@type\":\"ImageObject\",\"inLanguage\":\"fr-FR\",\"@id\":\"https:\\\/\\\/elgarajedefrank.es\\\/fr\\\/sombre-linsay\\\/#primaryimage\",\"url\":\"https:\\\/\\\/elgarajedefrank.es\\\/wp-content\\\/uploads\\\/2020\\\/01\\\/59529312_2381758155222118_3063933229770735616_o.jpg\",\"contentUrl\":\"https:\\\/\\\/elgarajedefrank.es\\\/wp-content\\\/uploads\\\/2020\\\/01\\\/59529312_2381758155222118_3063933229770735616_o.jpg\",\"width\":2048,\"height\":2048},{\"@type\":\"BreadcrumbList\",\"@id\":\"https:\\\/\\\/elgarajedefrank.es\\\/fr\\\/sombre-linsay\\\/#breadcrumb\",\"itemListElement\":[{\"@type\":\"ListItem\",\"position\":1,\"name\":\"Inicio\",\"item\":\"https:\\\/\\\/elgarajedefrank.es\\\/fr\\\/\"},{\"@type\":\"ListItem\",\"position\":2,\"name\":\"Critiques\",\"item\":\"https:\\\/\\\/elgarajedefrank.es\\\/fr\\\/category\\\/critiques\\\/\"},{\"@type\":\"ListItem\",\"position\":3,\"name\":\"S\u00f4mbre &#8211; Linsay\"}]},{\"@type\":\"WebSite\",\"@id\":\"https:\\\/\\\/elgarajedefrank.es\\\/fr\\\/#website\",\"url\":\"https:\\\/\\\/elgarajedefrank.es\\\/fr\\\/\",\"name\":\"El Garaje de Frank\",\"description\":\"Music magazine\",\"publisher\":{\"@id\":\"https:\\\/\\\/elgarajedefrank.es\\\/fr\\\/#\\\/schema\\\/person\\\/d709c9c33f5f405d44c6c9397889ba15\"},\"potentialAction\":[{\"@type\":\"SearchAction\",\"target\":{\"@type\":\"EntryPoint\",\"urlTemplate\":\"https:\\\/\\\/elgarajedefrank.es\\\/fr\\\/?s={search_term_string}\"},\"query-input\":{\"@type\":\"PropertyValueSpecification\",\"valueRequired\":true,\"valueName\":\"search_term_string\"}}],\"inLanguage\":\"fr-FR\"},{\"@type\":[\"Person\",\"Organization\"],\"@id\":\"https:\\\/\\\/elgarajedefrank.es\\\/fr\\\/#\\\/schema\\\/person\\\/d709c9c33f5f405d44c6c9397889ba15\",\"name\":\"Fran\u00e7ois Zappa\",\"image\":{\"@type\":\"ImageObject\",\"inLanguage\":\"fr-FR\",\"@id\":\"https:\\\/\\\/elgarajedefrank.es\\\/wp-content\\\/uploads\\\/2019\\\/10\\\/IMG_8278-150x150.jpg\",\"url\":\"https:\\\/\\\/elgarajedefrank.es\\\/wp-content\\\/uploads\\\/2019\\\/10\\\/IMG_8278-150x150.jpg\",\"contentUrl\":\"https:\\\/\\\/elgarajedefrank.es\\\/wp-content\\\/uploads\\\/2019\\\/10\\\/IMG_8278-150x150.jpg\",\"caption\":\"Fran\u00e7ois Zappa\"},\"logo\":{\"@id\":\"https:\\\/\\\/elgarajedefrank.es\\\/wp-content\\\/uploads\\\/2019\\\/10\\\/IMG_8278-150x150.jpg\"},\"sameAs\":[\"https:\\\/\\\/www.facebook.com\\\/elgarajedefrank\\\/\",\"https:\\\/\\\/www.instagram.com\\\/elgarajedefrank\\\/\"]},{\"@type\":\"Person\",\"@id\":\"https:\\\/\\\/elgarajedefrank.es\\\/fr\\\/#\\\/schema\\\/person\\\/35ec115bc6f8fb3d23238106dc7c1308\",\"name\":\"Violeta\",\"image\":{\"@type\":\"ImageObject\",\"inLanguage\":\"fr-FR\",\"@id\":\"https:\\\/\\\/elgarajedefrank.es\\\/wp-content\\\/uploads\\\/2019\\\/10\\\/IMG_0576-e1570432097945-150x150.jpg\",\"url\":\"https:\\\/\\\/elgarajedefrank.es\\\/wp-content\\\/uploads\\\/2019\\\/10\\\/IMG_0576-e1570432097945-150x150.jpg\",\"contentUrl\":\"https:\\\/\\\/elgarajedefrank.es\\\/wp-content\\\/uploads\\\/2019\\\/10\\\/IMG_0576-e1570432097945-150x150.jpg\",\"caption\":\"Violeta\"}}]}<\/script>\n<!-- \/ Yoast SEO plugin. -->","yoast_head_json":{"title":"S\u00f4mbre - Linsay &#8212; El Garaje de Frank","description":"Critiques &#8212; Pr\u00e9sentation de Linsay, premier album du groupe S\u00f4mbre.","robots":{"index":"index","follow":"follow","max-snippet":"max-snippet:-1","max-image-preview":"max-image-preview:large","max-video-preview":"max-video-preview:-1"},"canonical":"https:\/\/elgarajedefrank.es\/fr\/sombre-linsay\/","og_locale":"fr_FR","og_type":"article","og_title":"S\u00f4mbre - Linsay &#8212; El Garaje de Frank","og_description":"Critiques &#8212; Pr\u00e9sentation de Linsay, premier album du groupe S\u00f4mbre.","og_url":"https:\/\/elgarajedefrank.es\/fr\/sombre-linsay\/","og_site_name":"El Garaje de Frank","article_publisher":"https:\/\/www.facebook.com\/elgarajedefrank\/","article_published_time":"2020-01-12T10:07:15+00:00","article_modified_time":"2024-05-29T10:08:39+00:00","og_image":[{"width":2048,"height":2048,"url":"https:\/\/elgarajedefrank.es\/wp-content\/uploads\/2020\/01\/59529312_2381758155222118_3063933229770735616_o.jpg","type":"image\/jpeg"}],"author":"Violeta","twitter_card":"summary_large_image","twitter_misc":{"\u00c9crit par":"Violeta","Dur\u00e9e de lecture estim\u00e9e":"3 minutes"},"schema":{"@context":"https:\/\/schema.org","@graph":[{"@type":"Article","@id":"https:\/\/elgarajedefrank.es\/fr\/sombre-linsay\/#article","isPartOf":{"@id":"https:\/\/elgarajedefrank.es\/fr\/sombre-linsay\/"},"author":{"name":"Violeta","@id":"https:\/\/elgarajedefrank.es\/fr\/#\/schema\/person\/35ec115bc6f8fb3d23238106dc7c1308"},"headline":"S\u00f4mbre &#8211; Linsay","datePublished":"2020-01-12T10:07:15+00:00","dateModified":"2024-05-29T10:08:39+00:00","mainEntityOfPage":{"@id":"https:\/\/elgarajedefrank.es\/fr\/sombre-linsay\/"},"wordCount":527,"commentCount":0,"publisher":{"@id":"https:\/\/elgarajedefrank.es\/fr\/#\/schema\/person\/d709c9c33f5f405d44c6c9397889ba15"},"image":{"@id":"https:\/\/elgarajedefrank.es\/fr\/sombre-linsay\/#primaryimage"},"thumbnailUrl":"https:\/\/elgarajedefrank.es\/wp-content\/uploads\/2020\/01\/59529312_2381758155222118_3063933229770735616_o.jpg","keywords":["Musique \u00e9lectronique","Post-punk","Rock gothique"],"articleSection":["Critiques"],"inLanguage":"fr-FR","potentialAction":[{"@type":"CommentAction","name":"Comment","target":["https:\/\/elgarajedefrank.es\/fr\/sombre-linsay\/#respond"]}]},{"@type":"WebPage","@id":"https:\/\/elgarajedefrank.es\/fr\/sombre-linsay\/","url":"https:\/\/elgarajedefrank.es\/fr\/sombre-linsay\/","name":"S\u00f4mbre - Linsay &#8212; El Garaje de Frank","isPartOf":{"@id":"https:\/\/elgarajedefrank.es\/fr\/#website"},"primaryImageOfPage":{"@id":"https:\/\/elgarajedefrank.es\/fr\/sombre-linsay\/#primaryimage"},"image":{"@id":"https:\/\/elgarajedefrank.es\/fr\/sombre-linsay\/#primaryimage"},"thumbnailUrl":"https:\/\/elgarajedefrank.es\/wp-content\/uploads\/2020\/01\/59529312_2381758155222118_3063933229770735616_o.jpg","datePublished":"2020-01-12T10:07:15+00:00","dateModified":"2024-05-29T10:08:39+00:00","description":"Critiques &#8212; Pr\u00e9sentation de Linsay, premier album du groupe S\u00f4mbre.","breadcrumb":{"@id":"https:\/\/elgarajedefrank.es\/fr\/sombre-linsay\/#breadcrumb"},"inLanguage":"fr-FR","potentialAction":[{"@type":"ReadAction","target":["https:\/\/elgarajedefrank.es\/fr\/sombre-linsay\/"]}]},{"@type":"ImageObject","inLanguage":"fr-FR","@id":"https:\/\/elgarajedefrank.es\/fr\/sombre-linsay\/#primaryimage","url":"https:\/\/elgarajedefrank.es\/wp-content\/uploads\/2020\/01\/59529312_2381758155222118_3063933229770735616_o.jpg","contentUrl":"https:\/\/elgarajedefrank.es\/wp-content\/uploads\/2020\/01\/59529312_2381758155222118_3063933229770735616_o.jpg","width":2048,"height":2048},{"@type":"BreadcrumbList","@id":"https:\/\/elgarajedefrank.es\/fr\/sombre-linsay\/#breadcrumb","itemListElement":[{"@type":"ListItem","position":1,"name":"Inicio","item":"https:\/\/elgarajedefrank.es\/fr\/"},{"@type":"ListItem","position":2,"name":"Critiques","item":"https:\/\/elgarajedefrank.es\/fr\/category\/critiques\/"},{"@type":"ListItem","position":3,"name":"S\u00f4mbre &#8211; Linsay"}]},{"@type":"WebSite","@id":"https:\/\/elgarajedefrank.es\/fr\/#website","url":"https:\/\/elgarajedefrank.es\/fr\/","name":"El Garaje de Frank","description":"Music magazine","publisher":{"@id":"https:\/\/elgarajedefrank.es\/fr\/#\/schema\/person\/d709c9c33f5f405d44c6c9397889ba15"},"potentialAction":[{"@type":"SearchAction","target":{"@type":"EntryPoint","urlTemplate":"https:\/\/elgarajedefrank.es\/fr\/?s={search_term_string}"},"query-input":{"@type":"PropertyValueSpecification","valueRequired":true,"valueName":"search_term_string"}}],"inLanguage":"fr-FR"},{"@type":["Person","Organization"],"@id":"https:\/\/elgarajedefrank.es\/fr\/#\/schema\/person\/d709c9c33f5f405d44c6c9397889ba15","name":"Fran\u00e7ois Zappa","image":{"@type":"ImageObject","inLanguage":"fr-FR","@id":"https:\/\/elgarajedefrank.es\/wp-content\/uploads\/2019\/10\/IMG_8278-150x150.jpg","url":"https:\/\/elgarajedefrank.es\/wp-content\/uploads\/2019\/10\/IMG_8278-150x150.jpg","contentUrl":"https:\/\/elgarajedefrank.es\/wp-content\/uploads\/2019\/10\/IMG_8278-150x150.jpg","caption":"Fran\u00e7ois Zappa"},"logo":{"@id":"https:\/\/elgarajedefrank.es\/wp-content\/uploads\/2019\/10\/IMG_8278-150x150.jpg"},"sameAs":["https:\/\/www.facebook.com\/elgarajedefrank\/","https:\/\/www.instagram.com\/elgarajedefrank\/"]},{"@type":"Person","@id":"https:\/\/elgarajedefrank.es\/fr\/#\/schema\/person\/35ec115bc6f8fb3d23238106dc7c1308","name":"Violeta","image":{"@type":"ImageObject","inLanguage":"fr-FR","@id":"https:\/\/elgarajedefrank.es\/wp-content\/uploads\/2019\/10\/IMG_0576-e1570432097945-150x150.jpg","url":"https:\/\/elgarajedefrank.es\/wp-content\/uploads\/2019\/10\/IMG_0576-e1570432097945-150x150.jpg","contentUrl":"https:\/\/elgarajedefrank.es\/wp-content\/uploads\/2019\/10\/IMG_0576-e1570432097945-150x150.jpg","caption":"Violeta"}}]}},"_links":{"self":[{"href":"https:\/\/elgarajedefrank.es\/fr\/wp-json\/wp\/v2\/posts\/14579","targetHints":{"allow":["GET"]}}],"collection":[{"href":"https:\/\/elgarajedefrank.es\/fr\/wp-json\/wp\/v2\/posts"}],"about":[{"href":"https:\/\/elgarajedefrank.es\/fr\/wp-json\/wp\/v2\/types\/post"}],"author":[{"embeddable":true,"href":"https:\/\/elgarajedefrank.es\/fr\/wp-json\/wp\/v2\/users\/2"}],"replies":[{"embeddable":true,"href":"https:\/\/elgarajedefrank.es\/fr\/wp-json\/wp\/v2\/comments?post=14579"}],"version-history":[{"count":1,"href":"https:\/\/elgarajedefrank.es\/fr\/wp-json\/wp\/v2\/posts\/14579\/revisions"}],"predecessor-version":[{"id":62484,"href":"https:\/\/elgarajedefrank.es\/fr\/wp-json\/wp\/v2\/posts\/14579\/revisions\/62484"}],"wp:featuredmedia":[{"embeddable":true,"href":"https:\/\/elgarajedefrank.es\/fr\/wp-json\/wp\/v2\/media\/15194"}],"wp:attachment":[{"href":"https:\/\/elgarajedefrank.es\/fr\/wp-json\/wp\/v2\/media?parent=14579"}],"wp:term":[{"taxonomy":"category","embeddable":true,"href":"https:\/\/elgarajedefrank.es\/fr\/wp-json\/wp\/v2\/categories?post=14579"},{"taxonomy":"post_tag","embeddable":true,"href":"https:\/\/elgarajedefrank.es\/fr\/wp-json\/wp\/v2\/tags?post=14579"}],"curies":[{"name":"wp","href":"https:\/\/api.w.org\/{rel}","templated":true}]}}