{"id":1250,"date":"2018-09-25T17:27:32","date_gmt":"2018-09-25T15:27:32","guid":{"rendered":"http:\/\/elgarajedefrank.es\/?p=1250"},"modified":"2023-07-21T20:26:39","modified_gmt":"2023-07-21T18:26:39","slug":"interview-red-zebra","status":"publish","type":"post","link":"https:\/\/elgarajedefrank.es\/fr\/interview-red-zebra\/","title":{"rendered":"Interview : Red Zebra"},"content":{"rendered":"<p><span style=\"font-family: georgia, palatino, serif; font-size: 12pt;\"><strong>Comme nous le commentions dans notre chronique du W Festival, Red Zebra fut l\u2019un des groupes qui nous surprirent le plus. Nous avons donc pens\u00e9 que ce serait une bonne id\u00e9e de parler avec Peter Slabbynck, le chanteur. Red Zebra est l\u2019une des institutions du punk et post-punk belge (m\u00eame si le punk et les institutions ne vont pas tr\u00e8s bien ensemble) et un grand groupe \u00e0 voir en concert, comme l\u2019attestent les trois lives qu\u2019ils ont \u00e9dit\u00e9s. L\u2019ann\u00e9e prochaine, nous irons de nouveau les voir, c\u2019est s\u00fbr. Mais nous avons un doute\u00a0: est-ce que la cr\u00eate nous ira bien\u00a0?<\/strong><\/span><\/p>\n<p><span style=\"font-family: georgia, palatino, serif; font-size: 12pt;\"><strong>\u2013Au d\u00e9but, votre groupe s\u2019appelait les Bungalows. Pourquoi avoir chang\u00e9 de nom\u00a0? Comment \u00e9tait la musique de cette premi\u00e8re incarnation\u00a0?<\/strong><\/span><\/p>\n<p><span style=\"font-family: georgia, palatino, serif; font-size: 12pt;\"><strong>\u2013The Bungalows<\/strong> \u00e9tait en effet le nom de <strong>Red Zebra<\/strong> au d\u00e9but. Mais c\u2019\u00e9tait un nom stupide. Alors quand les choses ont commenc\u00e9 \u00e0 \u00eatre s\u00e9rieuses, je l\u2019ai chang\u00e9 en <strong>Red Zebra<\/strong>. J\u2019aime toujours ce nom. C\u2019est un vrai animal, un genre de poisson.<\/span><\/p>\n<p><span style=\"font-family: georgia, palatino, serif; font-size: 12pt;\"><strong>\u2013Aviez-vous des relations avec les Kids, un autre groupe c\u00e9l\u00e8bre de punk du pays\u00a0?<\/strong><\/span><\/p>\n<p><span style=\"font-family: georgia, palatino, serif; font-size: 12pt;\">\u2013Quand j&#8217;avais du style 16 ans, j\u2019ai d\u00e9couvert le punk et j\u2019ai su que je voudrais jouer ce genre de musique. Elle me correspondait. Le premier concert de punk auquel j\u2019ai assist\u00e9 \u00e9tait des <strong>Kids<\/strong>. C\u2019\u00e9tait vraiment bon de pouvoir les voir et les entendre. J\u2019ai su que j&#8217;avais fait le bon choix. Je crois qu\u2019ils ont servi d\u2019exemple \u00e0 beaucoup de jeunes groupes de punk belges. Plus tard, j\u2019ai r\u00e9guli\u00e8rement jou\u00e9 avec eux. Et on le fait toujours. Le dernier concert de <strong>Red Zebra<\/strong> a eu lieu avec les <strong>Kids<\/strong>\u00a0!<\/span><\/p>\n<p><span style=\"font-family: georgia, palatino, serif; font-size: 12pt;\"><strong><img fetchpriority=\"high\" decoding=\"async\" class=\"size-medium wp-image-1226 alignleft\" src=\"http:\/\/elgarajedefrank.es\/wp-content\/uploads\/2018\/09\/RedZebra3-300x300.jpg\" alt=\"\" width=\"300\" height=\"300\" srcset=\"https:\/\/elgarajedefrank.es\/wp-content\/uploads\/2018\/09\/RedZebra3-300x300.jpg 300w, https:\/\/elgarajedefrank.es\/wp-content\/uploads\/2018\/09\/RedZebra3-150x150.jpg 150w, https:\/\/elgarajedefrank.es\/wp-content\/uploads\/2018\/09\/RedZebra3-768x768.jpg 768w, https:\/\/elgarajedefrank.es\/wp-content\/uploads\/2018\/09\/RedZebra3-585x585.jpg 585w, https:\/\/elgarajedefrank.es\/wp-content\/uploads\/2018\/09\/RedZebra3.jpg 886w\" sizes=\"(max-width: 300px) 100vw, 300px\" \/>\u2013Vous avez dit que Bruges est une ville plut\u00f4t conservatrice. Comment \u00e9tait-ce d\u2019\u00eatre punk dans les ann\u00e9es 70\u00a0?<\/strong><\/span><\/p>\n<p><span style=\"font-family: georgia, palatino, serif; font-size: 12pt;\">\u2013Et bien, c\u2019\u00e9tait bizarre que Bruges ait vraiment une sc\u00e8ne de punk. On ne s&#8217;attend vraiment pas \u00e0 \u00e7a dans une ville qui vit du tourisme. Mais c\u2019\u00e9tait une bonne chose pour nous. Nous avons eu imm\u00e9diatement des tas de fans. \u00c7a a \u00e9t\u00e9 dur de se faire conna\u00eetre en dehors de la ville, mais nous avons r\u00e9ussi. Et gr\u00e2ce \u00e0 notre manager, nous avons commenc\u00e9 \u00e0 jouer dans d\u2019autres villes. Le premier concert en dehors a \u00e9t\u00e9 en premi\u00e8re partie de <strong>Cure<\/strong> \u00e0 Gand. Quel d\u00e9but\u00a0!<\/span><\/p>\n<p><span style=\"font-family: georgia, palatino, serif; font-size: 12pt;\"><strong>\u2013Votre premier single \u00ab\u00a0I can\u2019t live in a Living Room\u00a0\u00bb a fini par \u00eatre l\u2019un de vos plus gros hits. Aviez-vous conscience d\u2019\u00e9crire quelque chose d\u2019unique\u00a0?<\/strong><\/span><\/p>\n<p><span style=\"font-family: georgia, palatino, serif; font-size: 12pt;\">\u2013Pas du tout\u00a0! C\u2019\u00e9tait une chanson en face B. Mais un DJ influent a commenc\u00e9 \u00e0 jouer la chanson. Et c\u2019est comme \u00e7a que tout a commenc\u00e9. La force de la chanson se trouve dans le m\u00e9lange d\u2019un riff inhabituel et du titre amusant. Mais apparemment, la chanson convoyait un sentiment qui \u00e9tait pr\u00e9sent chez beaucoup de monde. Je consid\u00e8re que c\u2019est notre meilleure chanson. On la joue \u00e0 chaque fois. C\u2019est devenu un hymne.<\/span><\/p>\n<p><span style=\"font-family: georgia, palatino, serif; font-size: 12pt;\"><strong>\u2013<\/strong><em><strong>Bastogne<\/strong><\/em><strong>, sorti en 1981 est consid\u00e9r\u00e9 comme \u00e9tant votre meilleur disque. Que pouvez-vous nous dire sur le processus d\u2019enregistrement de l\u2019album\u00a0?<\/strong><\/span><\/p>\n<p><span style=\"font-family: georgia, palatino, serif; font-size: 12pt;\">\u2013\u00c0 l\u2019\u00e9poque, on avait un excellent bassiste. Il faisait presque des riffs de guitare sur sa basse. On l\u2019entendant au d\u00e9but de la plupart des chansons de <em>Bastogne<\/em>. J\u2019adore ce disque. Tout est bon. Et le producteur, Jean-Marie Aerts de <strong>TC Matic<\/strong> a captur\u00e9 ce sentiment et a ajout\u00e9 une belle atmosph\u00e8re. On l\u2019a enregistr\u00e9 dans un tr\u00e8s bon studio, le meilleur de l\u2019\u00e9poque en Belgique.<\/span><\/p>\n<p><span style=\"font-family: georgia, palatino, serif; font-size: 12pt;\"><strong>\u2013Et <\/strong><em><strong>Maquis<\/strong><\/em><strong>, sorti en 1983, est votre seul LP de l\u2019\u00e9poque classique. Pourquoi avez-vous mis autant de temps \u00e0 sortir un album complet\u00a0?<\/strong><\/span><\/p>\n<p><span style=\"font-family: georgia, palatino, serif; font-size: 12pt;\">\u2013On \u00e9tait un peu perdus \u00e0 l\u2019\u00e9poque. On ne savait pas vraiment dans quelle direction aller. C\u2019\u00e9tait la fin de la nouvelle vague. On voulait conserver l\u2019esprit de <em>Bastogne<\/em> et faire aussi quelque chose de nouveau. \u00c7a a fonctionn\u00e9 sur certaines chansons de <em>Maquis<\/em>. \u00c0 l\u2019\u00e9poque, on a aussi d\u00fb changer de bassiste. \u00c7a a \u00e9t\u00e9 une grande perte quand on a commenc\u00e9 \u00e0 enregistrer l\u2019album. Mais ce sont des choses qui arrivent.<\/span><\/p>\n<p><span style=\"font-family: georgia, palatino, serif; font-size: 12pt;\"><strong>\u2013Votre groupe s&#8217;est s\u00e9par\u00e9 plusieurs fois, d\u2019abord en 1986 et quelques ann\u00e9es plus tard. Est-ce difficile de toujours jouer avec les m\u00eames personnes\u00a0?<\/strong><\/span><\/p>\n<p><span style=\"font-family: georgia, palatino, serif; font-size: 12pt;\">\u2013Oui, <strong>Red Zebra<\/strong> a connu des hauts et des bas, comme dans la vraie vie. Mais je ne veux pas regarder en arri\u00e8re. Je suis content du groupe que j\u2019ai maintenant. J\u2019esp\u00e8re continuer encore pendant de longues ann\u00e9es. Bient\u00f4t, on va commencer \u00e0 travailler sur de nouvelles chansons. \u00c7a va \u00eatre un v\u00e9ritable d\u00e9fi, mais nous sommes pr\u00eats \u00e0 le relever. J\u2019esp\u00e8re que \u00e7a nous m\u00e8nera vers un nouvel album.<\/span><\/p>\n<p><span style=\"font-family: georgia, palatino, serif; font-size: 12pt;\"><strong>\u2013Votre reprise de \u00ab\u00a0Agent Orange\u00a0\u00bb de votre dernier album live est g\u00e9niale. Avez-vous pens\u00e9 \u00e0 en faire une version studio\u00a0?<img decoding=\"async\" class=\"size-medium wp-image-1220 alignright\" src=\"http:\/\/elgarajedefrank.es\/wp-content\/uploads\/2018\/09\/36942345_1565087716928575_1414898974766137344_n-300x146.jpg\" alt=\"\" width=\"300\" height=\"146\" srcset=\"https:\/\/elgarajedefrank.es\/wp-content\/uploads\/2018\/09\/36942345_1565087716928575_1414898974766137344_n-300x146.jpg 300w, https:\/\/elgarajedefrank.es\/wp-content\/uploads\/2018\/09\/36942345_1565087716928575_1414898974766137344_n-768x373.jpg 768w, https:\/\/elgarajedefrank.es\/wp-content\/uploads\/2018\/09\/36942345_1565087716928575_1414898974766137344_n-1024x498.jpg 1024w, https:\/\/elgarajedefrank.es\/wp-content\/uploads\/2018\/09\/36942345_1565087716928575_1414898974766137344_n-1170x569.jpg 1170w, https:\/\/elgarajedefrank.es\/wp-content\/uploads\/2018\/09\/36942345_1565087716928575_1414898974766137344_n-1920x933.jpg 1920w, https:\/\/elgarajedefrank.es\/wp-content\/uploads\/2018\/09\/36942345_1565087716928575_1414898974766137344_n-585x284.jpg 585w, https:\/\/elgarajedefrank.es\/wp-content\/uploads\/2018\/09\/36942345_1565087716928575_1414898974766137344_n.jpg 2016w\" sizes=\"(max-width: 300px) 100vw, 300px\" \/><\/strong><\/span><\/p>\n<p><span style=\"font-family: georgia, palatino, serif; font-size: 12pt;\">\u2013Bonne question. Mais non, je n\u2019y avais pas pens\u00e9. Par contre c\u2019est une bonne suggestion, je vais garder \u00e7a \u00e0 l\u2019esprit.<\/span><\/p>\n<p><span style=\"font-family: georgia, palatino, serif; font-size: 12pt;\"><strong>\u2013Vous avez jou\u00e9 deux fois au W Festival, et vous jouerez encore l\u2019ann\u00e9e prochaine. Comment cette relation a-t-elle d\u00e9marr\u00e9\u00a0?<\/strong><\/span><\/p>\n<p><span style=\"font-family: georgia, palatino, serif; font-size: 12pt;\">\u2013Lorsque le W a commenc\u00e9, <strong>Red Zebra<\/strong> ne jouait plus. J\u2019avais cette version \u00e9lectronique de <strong>Red Zebra<\/strong>, appel\u00e9e <strong>EX-RZ<\/strong> avec le guitariste Frits Standaert. On a fait \u00e7a pendant 7 ans, et Frits est maintenant le guitariste de <strong>Red Zebra<\/strong>. On voulait jouer au W. Alors Erik a \u00e9t\u00e9 d&#8217;accord pour nous laisser jouer 3 chansons apr\u00e8s le concert du dernier groupe, pour faire une surprise au public. C\u2019\u00e9tait un beau geste de sa part.<\/span><\/p>\n<p><span style=\"font-family: georgia, palatino, serif; font-size: 12pt;\"><strong>\u2013Pensez-vous que le W a r\u00e9ussi \u00e0 se faire une place sur la sc\u00e8ne des festivals\u00a0?<\/strong><\/span><\/p>\n<p><span style=\"font-family: georgia, palatino, serif; font-size: 12pt;\">\u2013Oui. C\u2019est devenu un vrai rassemblement pour tous ceux qui aiment cette musique. Et de plus en plus de personnes viennent de l\u2019\u00e9tranger au festival. Je suppose qu\u2019il continuera de grandir.<\/span><\/p>\n<p><span style=\"font-family: georgia, palatino, serif; font-size: 12pt;\"><strong>\u2013Je sais que nous devons attendre encore un an, mais que peut-on attendre de votre concert de l\u2019ann\u00e9e prochaine\u00a0?<\/strong><\/span><\/p>\n<p><span style=\"font-family: georgia, palatino, serif; font-size: 12pt;\">\u2013Aucune id\u00e9e. Mais cette ann\u00e9e on a donn\u00e9 un bon concert. M\u00eame si on a jou\u00e9 dans l\u2019apr\u00e8s-midi, le public est s\u2019est d\u00e9cha\u00een\u00e9. Peut-\u00eatre que quelqu\u2019un avait mis quelque chose dans leur boisson. Je me souviendrai de ce concert pendant longtemps. J\u2019ai vraiment h\u00e2te de revenir l\u2019ann\u00e9e prochaine.<\/span><\/p>\n<p><span style=\"font-family: georgia, palatino, serif; font-size: 12pt;\"><strong>\u2013Vous avez dit que vous \u00eates un fan de The Sound. Qu&#8217;est-il arriv\u00e9 au groupe de reprise dont vous parliez il y a quelques ann\u00e9es\u00a0?<\/strong><\/span><\/p>\n<p><span style=\"font-family: georgia, palatino, serif; font-size: 12pt;\">\u2013Pour l\u2019instant j\u2019ai arr\u00eat\u00e9 <strong>New Dark Age<\/strong>. Je pr\u00e9f\u00e8re me concentrer sur <strong>Red Zebra<\/strong>. J\u2019esp\u00e8re faire des concerts encore l\u2019ann\u00e9e prochaine. L\u2019ann\u00e9e derni\u00e8re, on a jou\u00e9 en Espagne et c\u2019\u00e9tait une exp\u00e9rience g\u00e9niale.<\/span><\/p>\n<p><span style=\"font-family: georgia, palatino, serif; font-size: 12pt;\"><strong>\u2013Allons-nous profiter de nouvelles chansons dans le futur\u00a0? Ne pensez-vous pas que cette d\u00e9cennie m\u00e9rite un nouvel album de Red Zebra\u00a0?<\/strong><\/span><\/p>\n<p><span style=\"font-family: georgia, palatino, serif; font-size: 12pt;\">\u2013Je suis enti\u00e8rement d\u2019accord\u00a0!<\/span><\/p>\n<p><iframe title=\"Red Zebra ~ I Can&#039;t Live in a Living Room\" width=\"1170\" height=\"658\" src=\"https:\/\/www.youtube.com\/embed\/Q-KtPfHIp-0?feature=oembed\" frameborder=\"0\" allow=\"accelerometer; autoplay; clipboard-write; encrypted-media; gyroscope; picture-in-picture; web-share\" allowfullscreen><\/iframe><\/p>\n","protected":false},"excerpt":{"rendered":"<p>Comme nous le commentions dans notre chronique du W Festival, Red Zebra fut l\u2019un des&hellip;<\/p>\n","protected":false},"author":1,"featured_media":1217,"comment_status":"open","ping_status":"open","sticky":false,"template":"","format":"standard","meta":{"_lmt_disableupdate":"","_lmt_disable":"","footnotes":""},"categories":[35],"tags":[398,420],"class_list":["post-1250","post","type-post","status-publish","format-standard","has-post-thumbnail","hentry","category-interviews-fr","tag-punk-fr","tag-w-fest-fr"],"yoast_head":"<!-- This site is optimized with the Yoast SEO plugin v27.4 - https:\/\/yoast.com\/product\/yoast-seo-wordpress\/ -->\n<title>Interview : Red Zebra &#8212; El Garaje de Frank<\/title>\n<meta name=\"description\" content=\"Interview : Red Zebra &#8212; Interview au groupe Red Zebra.\" \/>\n<meta name=\"robots\" content=\"index, follow, max-snippet:-1, max-image-preview:large, max-video-preview:-1\" \/>\n<link rel=\"canonical\" href=\"https:\/\/elgarajedefrank.es\/fr\/interview-red-zebra\/\" \/>\n<meta property=\"og:locale\" content=\"fr_FR\" \/>\n<meta property=\"og:type\" content=\"article\" \/>\n<meta property=\"og:title\" content=\"Interview : Red Zebra &#8212; El Garaje de Frank\" \/>\n<meta property=\"og:description\" content=\"Interview : Red Zebra &#8212; Interview au groupe Red Zebra.\" \/>\n<meta property=\"og:url\" content=\"https:\/\/elgarajedefrank.es\/fr\/interview-red-zebra\/\" \/>\n<meta property=\"og:site_name\" content=\"El Garaje de Frank\" \/>\n<meta property=\"article:publisher\" content=\"https:\/\/www.facebook.com\/elgarajedefrank\/\" \/>\n<meta property=\"article:author\" content=\"https:\/\/www.facebook.com\/elgarajedefrank\/\" \/>\n<meta property=\"article:published_time\" content=\"2018-09-25T15:27:32+00:00\" \/>\n<meta property=\"article:modified_time\" content=\"2023-07-21T18:26:39+00:00\" \/>\n<meta property=\"og:image\" content=\"https:\/\/elgarajedefrank.es\/wp-content\/uploads\/2018\/09\/Image-1-1-e1537889320601.jpg\" \/>\n\t<meta property=\"og:image:width\" content=\"650\" \/>\n\t<meta property=\"og:image:height\" content=\"456\" \/>\n\t<meta property=\"og:image:type\" content=\"image\/jpeg\" \/>\n<meta name=\"author\" content=\"Fran\u00e7ois Zappa\" \/>\n<meta name=\"twitter:card\" content=\"summary_large_image\" \/>\n<meta name=\"twitter:label1\" content=\"\u00c9crit par\" \/>\n\t<meta name=\"twitter:data1\" content=\"Fran\u00e7ois Zappa\" \/>\n\t<meta name=\"twitter:label2\" content=\"Dur\u00e9e de lecture estim\u00e9e\" \/>\n\t<meta name=\"twitter:data2\" content=\"6 minutes\" \/>\n<script type=\"application\/ld+json\" class=\"yoast-schema-graph\">{\"@context\":\"https:\\\/\\\/schema.org\",\"@graph\":[{\"@type\":\"Article\",\"@id\":\"https:\\\/\\\/elgarajedefrank.es\\\/fr\\\/interview-red-zebra\\\/#article\",\"isPartOf\":{\"@id\":\"https:\\\/\\\/elgarajedefrank.es\\\/fr\\\/interview-red-zebra\\\/\"},\"author\":{\"name\":\"Fran\u00e7ois Zappa\",\"@id\":\"https:\\\/\\\/elgarajedefrank.es\\\/fr\\\/#\\\/schema\\\/person\\\/d709c9c33f5f405d44c6c9397889ba15\"},\"headline\":\"Interview : Red Zebra\",\"datePublished\":\"2018-09-25T15:27:32+00:00\",\"dateModified\":\"2023-07-21T18:26:39+00:00\",\"mainEntityOfPage\":{\"@id\":\"https:\\\/\\\/elgarajedefrank.es\\\/fr\\\/interview-red-zebra\\\/\"},\"wordCount\":1218,\"commentCount\":0,\"publisher\":{\"@id\":\"https:\\\/\\\/elgarajedefrank.es\\\/fr\\\/#\\\/schema\\\/person\\\/d709c9c33f5f405d44c6c9397889ba15\"},\"image\":{\"@id\":\"https:\\\/\\\/elgarajedefrank.es\\\/fr\\\/interview-red-zebra\\\/#primaryimage\"},\"thumbnailUrl\":\"https:\\\/\\\/elgarajedefrank.es\\\/wp-content\\\/uploads\\\/2018\\\/09\\\/Image-1-1-e1537889320601.jpg\",\"keywords\":[\"Punk\",\"W-Fest\"],\"articleSection\":[\"Interviews\"],\"inLanguage\":\"fr-FR\",\"potentialAction\":[{\"@type\":\"CommentAction\",\"name\":\"Comment\",\"target\":[\"https:\\\/\\\/elgarajedefrank.es\\\/fr\\\/interview-red-zebra\\\/#respond\"]}]},{\"@type\":\"WebPage\",\"@id\":\"https:\\\/\\\/elgarajedefrank.es\\\/fr\\\/interview-red-zebra\\\/\",\"url\":\"https:\\\/\\\/elgarajedefrank.es\\\/fr\\\/interview-red-zebra\\\/\",\"name\":\"Interview : Red Zebra &#8212; El Garaje de Frank\",\"isPartOf\":{\"@id\":\"https:\\\/\\\/elgarajedefrank.es\\\/fr\\\/#website\"},\"primaryImageOfPage\":{\"@id\":\"https:\\\/\\\/elgarajedefrank.es\\\/fr\\\/interview-red-zebra\\\/#primaryimage\"},\"image\":{\"@id\":\"https:\\\/\\\/elgarajedefrank.es\\\/fr\\\/interview-red-zebra\\\/#primaryimage\"},\"thumbnailUrl\":\"https:\\\/\\\/elgarajedefrank.es\\\/wp-content\\\/uploads\\\/2018\\\/09\\\/Image-1-1-e1537889320601.jpg\",\"datePublished\":\"2018-09-25T15:27:32+00:00\",\"dateModified\":\"2023-07-21T18:26:39+00:00\",\"description\":\"Interview : Red Zebra &#8212; Interview au groupe Red Zebra.\",\"breadcrumb\":{\"@id\":\"https:\\\/\\\/elgarajedefrank.es\\\/fr\\\/interview-red-zebra\\\/#breadcrumb\"},\"inLanguage\":\"fr-FR\",\"potentialAction\":[{\"@type\":\"ReadAction\",\"target\":[\"https:\\\/\\\/elgarajedefrank.es\\\/fr\\\/interview-red-zebra\\\/\"]}]},{\"@type\":\"ImageObject\",\"inLanguage\":\"fr-FR\",\"@id\":\"https:\\\/\\\/elgarajedefrank.es\\\/fr\\\/interview-red-zebra\\\/#primaryimage\",\"url\":\"https:\\\/\\\/elgarajedefrank.es\\\/wp-content\\\/uploads\\\/2018\\\/09\\\/Image-1-1-e1537889320601.jpg\",\"contentUrl\":\"https:\\\/\\\/elgarajedefrank.es\\\/wp-content\\\/uploads\\\/2018\\\/09\\\/Image-1-1-e1537889320601.jpg\",\"width\":650,\"height\":456},{\"@type\":\"BreadcrumbList\",\"@id\":\"https:\\\/\\\/elgarajedefrank.es\\\/fr\\\/interview-red-zebra\\\/#breadcrumb\",\"itemListElement\":[{\"@type\":\"ListItem\",\"position\":1,\"name\":\"Inicio\",\"item\":\"https:\\\/\\\/elgarajedefrank.es\\\/fr\\\/\"},{\"@type\":\"ListItem\",\"position\":2,\"name\":\"Interviews\",\"item\":\"https:\\\/\\\/elgarajedefrank.es\\\/fr\\\/category\\\/interviews-fr\\\/\"},{\"@type\":\"ListItem\",\"position\":3,\"name\":\"Interview : Red Zebra\"}]},{\"@type\":\"WebSite\",\"@id\":\"https:\\\/\\\/elgarajedefrank.es\\\/fr\\\/#website\",\"url\":\"https:\\\/\\\/elgarajedefrank.es\\\/fr\\\/\",\"name\":\"El Garaje de Frank\",\"description\":\"Music magazine\",\"publisher\":{\"@id\":\"https:\\\/\\\/elgarajedefrank.es\\\/fr\\\/#\\\/schema\\\/person\\\/d709c9c33f5f405d44c6c9397889ba15\"},\"potentialAction\":[{\"@type\":\"SearchAction\",\"target\":{\"@type\":\"EntryPoint\",\"urlTemplate\":\"https:\\\/\\\/elgarajedefrank.es\\\/fr\\\/?s={search_term_string}\"},\"query-input\":{\"@type\":\"PropertyValueSpecification\",\"valueRequired\":true,\"valueName\":\"search_term_string\"}}],\"inLanguage\":\"fr-FR\"},{\"@type\":[\"Person\",\"Organization\"],\"@id\":\"https:\\\/\\\/elgarajedefrank.es\\\/fr\\\/#\\\/schema\\\/person\\\/d709c9c33f5f405d44c6c9397889ba15\",\"name\":\"Fran\u00e7ois Zappa\",\"image\":{\"@type\":\"ImageObject\",\"inLanguage\":\"fr-FR\",\"@id\":\"https:\\\/\\\/elgarajedefrank.es\\\/wp-content\\\/uploads\\\/2019\\\/10\\\/IMG_8278-150x150.jpg\",\"url\":\"https:\\\/\\\/elgarajedefrank.es\\\/wp-content\\\/uploads\\\/2019\\\/10\\\/IMG_8278-150x150.jpg\",\"contentUrl\":\"https:\\\/\\\/elgarajedefrank.es\\\/wp-content\\\/uploads\\\/2019\\\/10\\\/IMG_8278-150x150.jpg\",\"caption\":\"Fran\u00e7ois Zappa\"},\"logo\":{\"@id\":\"https:\\\/\\\/elgarajedefrank.es\\\/wp-content\\\/uploads\\\/2019\\\/10\\\/IMG_8278-150x150.jpg\"},\"sameAs\":[\"https:\\\/\\\/www.facebook.com\\\/elgarajedefrank\\\/\",\"https:\\\/\\\/www.instagram.com\\\/elgarajedefrank\\\/\"]}]}<\/script>\n<!-- \/ Yoast SEO plugin. -->","yoast_head_json":{"title":"Interview : Red Zebra &#8212; El Garaje de Frank","description":"Interview : Red Zebra &#8212; Interview au groupe Red Zebra.","robots":{"index":"index","follow":"follow","max-snippet":"max-snippet:-1","max-image-preview":"max-image-preview:large","max-video-preview":"max-video-preview:-1"},"canonical":"https:\/\/elgarajedefrank.es\/fr\/interview-red-zebra\/","og_locale":"fr_FR","og_type":"article","og_title":"Interview : Red Zebra &#8212; El Garaje de Frank","og_description":"Interview : Red Zebra &#8212; Interview au groupe Red Zebra.","og_url":"https:\/\/elgarajedefrank.es\/fr\/interview-red-zebra\/","og_site_name":"El Garaje de Frank","article_publisher":"https:\/\/www.facebook.com\/elgarajedefrank\/","article_author":"https:\/\/www.facebook.com\/elgarajedefrank\/","article_published_time":"2018-09-25T15:27:32+00:00","article_modified_time":"2023-07-21T18:26:39+00:00","og_image":[{"width":650,"height":456,"url":"https:\/\/elgarajedefrank.es\/wp-content\/uploads\/2018\/09\/Image-1-1-e1537889320601.jpg","type":"image\/jpeg"}],"author":"Fran\u00e7ois Zappa","twitter_card":"summary_large_image","twitter_misc":{"\u00c9crit par":"Fran\u00e7ois Zappa","Dur\u00e9e de lecture estim\u00e9e":"6 minutes"},"schema":{"@context":"https:\/\/schema.org","@graph":[{"@type":"Article","@id":"https:\/\/elgarajedefrank.es\/fr\/interview-red-zebra\/#article","isPartOf":{"@id":"https:\/\/elgarajedefrank.es\/fr\/interview-red-zebra\/"},"author":{"name":"Fran\u00e7ois Zappa","@id":"https:\/\/elgarajedefrank.es\/fr\/#\/schema\/person\/d709c9c33f5f405d44c6c9397889ba15"},"headline":"Interview : Red Zebra","datePublished":"2018-09-25T15:27:32+00:00","dateModified":"2023-07-21T18:26:39+00:00","mainEntityOfPage":{"@id":"https:\/\/elgarajedefrank.es\/fr\/interview-red-zebra\/"},"wordCount":1218,"commentCount":0,"publisher":{"@id":"https:\/\/elgarajedefrank.es\/fr\/#\/schema\/person\/d709c9c33f5f405d44c6c9397889ba15"},"image":{"@id":"https:\/\/elgarajedefrank.es\/fr\/interview-red-zebra\/#primaryimage"},"thumbnailUrl":"https:\/\/elgarajedefrank.es\/wp-content\/uploads\/2018\/09\/Image-1-1-e1537889320601.jpg","keywords":["Punk","W-Fest"],"articleSection":["Interviews"],"inLanguage":"fr-FR","potentialAction":[{"@type":"CommentAction","name":"Comment","target":["https:\/\/elgarajedefrank.es\/fr\/interview-red-zebra\/#respond"]}]},{"@type":"WebPage","@id":"https:\/\/elgarajedefrank.es\/fr\/interview-red-zebra\/","url":"https:\/\/elgarajedefrank.es\/fr\/interview-red-zebra\/","name":"Interview : Red Zebra &#8212; El Garaje de Frank","isPartOf":{"@id":"https:\/\/elgarajedefrank.es\/fr\/#website"},"primaryImageOfPage":{"@id":"https:\/\/elgarajedefrank.es\/fr\/interview-red-zebra\/#primaryimage"},"image":{"@id":"https:\/\/elgarajedefrank.es\/fr\/interview-red-zebra\/#primaryimage"},"thumbnailUrl":"https:\/\/elgarajedefrank.es\/wp-content\/uploads\/2018\/09\/Image-1-1-e1537889320601.jpg","datePublished":"2018-09-25T15:27:32+00:00","dateModified":"2023-07-21T18:26:39+00:00","description":"Interview : Red Zebra &#8212; Interview au groupe Red Zebra.","breadcrumb":{"@id":"https:\/\/elgarajedefrank.es\/fr\/interview-red-zebra\/#breadcrumb"},"inLanguage":"fr-FR","potentialAction":[{"@type":"ReadAction","target":["https:\/\/elgarajedefrank.es\/fr\/interview-red-zebra\/"]}]},{"@type":"ImageObject","inLanguage":"fr-FR","@id":"https:\/\/elgarajedefrank.es\/fr\/interview-red-zebra\/#primaryimage","url":"https:\/\/elgarajedefrank.es\/wp-content\/uploads\/2018\/09\/Image-1-1-e1537889320601.jpg","contentUrl":"https:\/\/elgarajedefrank.es\/wp-content\/uploads\/2018\/09\/Image-1-1-e1537889320601.jpg","width":650,"height":456},{"@type":"BreadcrumbList","@id":"https:\/\/elgarajedefrank.es\/fr\/interview-red-zebra\/#breadcrumb","itemListElement":[{"@type":"ListItem","position":1,"name":"Inicio","item":"https:\/\/elgarajedefrank.es\/fr\/"},{"@type":"ListItem","position":2,"name":"Interviews","item":"https:\/\/elgarajedefrank.es\/fr\/category\/interviews-fr\/"},{"@type":"ListItem","position":3,"name":"Interview : Red Zebra"}]},{"@type":"WebSite","@id":"https:\/\/elgarajedefrank.es\/fr\/#website","url":"https:\/\/elgarajedefrank.es\/fr\/","name":"El Garaje de Frank","description":"Music magazine","publisher":{"@id":"https:\/\/elgarajedefrank.es\/fr\/#\/schema\/person\/d709c9c33f5f405d44c6c9397889ba15"},"potentialAction":[{"@type":"SearchAction","target":{"@type":"EntryPoint","urlTemplate":"https:\/\/elgarajedefrank.es\/fr\/?s={search_term_string}"},"query-input":{"@type":"PropertyValueSpecification","valueRequired":true,"valueName":"search_term_string"}}],"inLanguage":"fr-FR"},{"@type":["Person","Organization"],"@id":"https:\/\/elgarajedefrank.es\/fr\/#\/schema\/person\/d709c9c33f5f405d44c6c9397889ba15","name":"Fran\u00e7ois Zappa","image":{"@type":"ImageObject","inLanguage":"fr-FR","@id":"https:\/\/elgarajedefrank.es\/wp-content\/uploads\/2019\/10\/IMG_8278-150x150.jpg","url":"https:\/\/elgarajedefrank.es\/wp-content\/uploads\/2019\/10\/IMG_8278-150x150.jpg","contentUrl":"https:\/\/elgarajedefrank.es\/wp-content\/uploads\/2019\/10\/IMG_8278-150x150.jpg","caption":"Fran\u00e7ois Zappa"},"logo":{"@id":"https:\/\/elgarajedefrank.es\/wp-content\/uploads\/2019\/10\/IMG_8278-150x150.jpg"},"sameAs":["https:\/\/www.facebook.com\/elgarajedefrank\/","https:\/\/www.instagram.com\/elgarajedefrank\/"]}]}},"_links":{"self":[{"href":"https:\/\/elgarajedefrank.es\/fr\/wp-json\/wp\/v2\/posts\/1250","targetHints":{"allow":["GET"]}}],"collection":[{"href":"https:\/\/elgarajedefrank.es\/fr\/wp-json\/wp\/v2\/posts"}],"about":[{"href":"https:\/\/elgarajedefrank.es\/fr\/wp-json\/wp\/v2\/types\/post"}],"author":[{"embeddable":true,"href":"https:\/\/elgarajedefrank.es\/fr\/wp-json\/wp\/v2\/users\/1"}],"replies":[{"embeddable":true,"href":"https:\/\/elgarajedefrank.es\/fr\/wp-json\/wp\/v2\/comments?post=1250"}],"version-history":[{"count":1,"href":"https:\/\/elgarajedefrank.es\/fr\/wp-json\/wp\/v2\/posts\/1250\/revisions"}],"predecessor-version":[{"id":55855,"href":"https:\/\/elgarajedefrank.es\/fr\/wp-json\/wp\/v2\/posts\/1250\/revisions\/55855"}],"wp:featuredmedia":[{"embeddable":true,"href":"https:\/\/elgarajedefrank.es\/fr\/wp-json\/wp\/v2\/media\/1217"}],"wp:attachment":[{"href":"https:\/\/elgarajedefrank.es\/fr\/wp-json\/wp\/v2\/media?parent=1250"}],"wp:term":[{"taxonomy":"category","embeddable":true,"href":"https:\/\/elgarajedefrank.es\/fr\/wp-json\/wp\/v2\/categories?post=1250"},{"taxonomy":"post_tag","embeddable":true,"href":"https:\/\/elgarajedefrank.es\/fr\/wp-json\/wp\/v2\/tags?post=1250"}],"curies":[{"name":"wp","href":"https:\/\/api.w.org\/{rel}","templated":true}]}}