{"id":1156,"date":"2018-05-07T14:11:31","date_gmt":"2018-05-07T12:11:31","guid":{"rendered":"http:\/\/elgarajedefrank.es\/?p=1156"},"modified":"2020-01-05T18:26:38","modified_gmt":"2020-01-05T17:26:38","slug":"interview-whispering-sons","status":"publish","type":"post","link":"https:\/\/elgarajedefrank.es\/fr\/interview-whispering-sons\/","title":{"rendered":"Interview : Whispering Sons"},"content":{"rendered":"<div data-blogger-escaped-style=\"font-family: Helvetica; line-height: normal; margin-bottom: 10px;\">\n<div data-blogger-escaped-style=\"font-family: Helvetica; line-height: normal; margin-bottom: 10px;\">\n<p><span style=\"font-family: georgia, palatino, serif; font-size: 12pt;\"><b data-blogger-escaped-style=\"font-family: 'Times New Roman';\">Whispering Sons sont la nouvelle sensation de la sc\u00e8ne actuelle de post-punk, dont l&#8217;int\u00e9r\u00eat augmente chaque jour. Ce quintet belge pr\u00e9sente un son atmosph\u00e9rique et s&#8217;inspire de classiques. Je veux bien \u00e9videmment dire par l\u00e0 de Cure ou de Chameleons, bien s\u00fbr. L&#8217;ann\u00e9e derni\u00e8re, ils ont sorti le single\u00a0<i>White Noise<\/i>\u00a0sous le label Weyrd Son Records. Cette ann\u00e9e, nous pourrons certainement \u00e9couter la musique de leur premier disque.<\/b><\/span><\/p>\n<\/div>\n<div data-blogger-escaped-style=\"font-family: 'Times New Roman'; line-height: normal; margin-bottom: 5px; margin-top: 5px;\">\n<p><span style=\"font-family: georgia, palatino, serif; font-size: 12pt;\"><b>Vous pouvez \u00e9couter leur musique sur <a href=\"https:\/\/whisperingsons.bandcamp.com\/\">Bandcamp<\/a>.<\/b><\/span><\/p>\n<\/div>\n<div data-blogger-escaped-style=\"font-family: 'Times New Roman'; line-height: normal; margin-bottom: 5px; margin-top: 5px;\">\n<p><span style=\"font-family: georgia, palatino, serif; font-size: 12pt;\"><a href=\"http:\/\/2.bp.blogspot.com\/-5zxbRwXMmxQ\/WvAqeZSCXvI\/AAAAAAAABdU\/W3xnml-Bn4YLAhFGb_QT3unEFEieRImVwCK4BGAYYCw\/s1600\/01.jpg\" data-rel=\"penci-gallery-image-content\"  data-blogger-escaped-style=\"clear: left; float: left; margin-bottom: 1em; margin-right: 1em;\"><img decoding=\"async\" class=\"alignleft\" src=\"https:\/\/2.bp.blogspot.com\/-5zxbRwXMmxQ\/WvAqeZSCXvI\/AAAAAAAABdU\/W3xnml-Bn4YLAhFGb_QT3unEFEieRImVwCK4BGAYYCw\/s400\/01.jpg\" border=\"0\" \/><\/a>\u2013<b><i>Endless Party<\/i>\u00a0est le nom de votre premier EP. Vous avez l&#8217;air de savoir ce que vous voulez au niveau du son. Comment s&#8217;est pass\u00e9 l&#8217;enregistrement\u00a0?<\/b><\/span><\/p>\n<\/div>\n<div data-blogger-escaped-style=\"font-family: 'Times New Roman'; line-height: normal; margin-bottom: 5px; margin-top: 5px;\">\n<p><span style=\"font-family: georgia, palatino, serif; font-size: 12pt;\"><i>\u2013Endless Party<\/i>\u00a0a \u00e9t\u00e9 notre premier lancement. Nous avions \u00e9crit quelques chansons \u00e0 cette \u00e9poque et comme elles \u00e9taient toutes coh\u00e9rentes, nous avons d\u00e9cid\u00e9 de les enregistrer. Nous avons enregistr\u00e9 tout nous-m\u00eames, dans notre local de r\u00e9p\u00e9tition. Ensuite, nous avons d\u00e9cid\u00e9 de chercher quelqu&#8217;un pour le mixage, parce que nous n&#8217;avions pas les connaissances techniques. Nous pensions \u00e9galement que ce serait mieux. L&#8217;EP a \u00e9t\u00e9 publi\u00e9 en cassette en 2015 par Wool-E-Tapes, puis il a commenc\u00e9 \u00e0 prendre vie. On ne pensait pas que ce serait possible. En 2016, suivit une \u00e9dition en vinyle et en CD publi\u00e9e par le label Minimal Maximal. Et on dirait bien que \u00e7a pla\u00eet aux gens.<\/span><\/p>\n<\/div>\n<div data-blogger-escaped-style=\"font-family: 'Times New Roman'; line-height: normal; margin-bottom: 5px; margin-top: 5px;\">\n<p><span style=\"font-family: georgia, palatino, serif; font-size: 12pt;\"><b>\u2013Le single<i> Strange Identities<\/i>\u00a0est accompagn\u00e9 d&#8217;une vid\u00e9o pour le moins perturbante. Jusqu&#8217;\u00e0 quel point le groupe s&#8217;est impliqu\u00e9 dans la cr\u00e9ation de la vid\u00e9o\u00a0?<\/b><\/span><\/p>\n<\/div>\n<div data-blogger-escaped-style=\"font-family: 'Times New Roman'; line-height: normal; margin-bottom: 5px; margin-top: 5px;\">\n<p><span style=\"font-family: georgia, palatino, serif; font-size: 12pt;\">\u2013Nous avons d\u00e9cid\u00e9 de travailler avec un duo de directeurs (Koen Blauwblomme et Pieter de Ridder). Nous leur avons donn\u00e9 carte blanche. Bien s\u00fbr, nous connaissions le script, mais nous n&#8217;avions aucune id\u00e9e du r\u00e9sultat. La vid\u00e9o a \u00e9t\u00e9 le fruit de leur cr\u00e9ativit\u00e9, et la musique de la n\u00f4tre. Cette collaboration a \u00e9t\u00e9 tr\u00e8s int\u00e9ressante, et je crois que tout le monde a \u00e9t\u00e9 tr\u00e8s content du r\u00e9sultat, m\u00eame si \u00e7a me pose encore probl\u00e8me de voir la vid\u00e9 \ud83d\ude09<\/span><\/p>\n<\/div>\n<div data-blogger-escaped-style=\"font-family: 'Times New Roman'; line-height: normal; margin-bottom: 5px; margin-top: 5px;\">\n<p><span style=\"font-family: georgia, palatino, serif; font-size: 12pt;\"><b>\u2013Votre chanson &#8220;Performance&#8221; a \u00e9t\u00e9 remix\u00e9e pour la face B de votre deuxi\u00e8me single. Remixer vos chansons pour qu&#8217;on puisse danser sur elles vous int\u00e9resse\u00a0?<\/b><\/span><\/p>\n<\/div>\n<div data-blogger-escaped-style=\"font-family: 'Times New Roman'; line-height: normal; margin-bottom: 5px; margin-top: 5px;\">\n<p><span style=\"font-family: georgia, palatino, serif; font-size: 12pt;\">\u2013De nouveau, c&#8217;est int\u00e9ressant d&#8217;\u00e9couter la vision que quelqu&#8217;un a de notre musique. Quand une occasion comme celle-ci se pr\u00e9sente, nous aimons \u00e9couter la nouvelle version. Mais ce n&#8217;est pas une chose qu&#8217;on cherche.<\/span><\/p>\n<\/div>\n<div data-blogger-escaped-style=\"font-family: 'Times New Roman'; line-height: normal; margin-bottom: 5px; margin-top: 5px;\">\n<p><span style=\"font-family: georgia, palatino, serif; font-size: 12pt;\"><b>\u2013Quand pensez-vous sortir votre premier disque\u00a0?<\/b><\/span><\/p>\n<\/div>\n<div data-blogger-escaped-style=\"font-family: 'Times New Roman'; line-height: normal; margin-bottom: 5px; margin-top: 5px;\">\n<p><span style=\"font-family: georgia, palatino, serif; font-size: 12pt;\">\u2013Nous n&#8217;avons pas encore d\u00e9termin\u00e9 de date concr\u00e8te. Nous y travaillons et esp\u00e9rons le sortir apr\u00e8s l&#8217;\u00e9t\u00e9.<\/span><\/p>\n<\/div>\n<div data-blogger-escaped-style=\"font-family: 'Times New Roman'; line-height: normal; margin-bottom: 5px; margin-top: 5px;\">\n<p><span style=\"font-family: georgia, palatino, serif; font-size: 12pt;\"><b>\u2013La fa\u00e7on de chanter de Fenne et de Nico se ressemble. La musique de l&#8217;ancienne chanteuse de Velvet Underground vous pla\u00eet\u00a0?<\/b><\/span><\/p>\n<\/div>\n<div data-blogger-escaped-style=\"font-family: 'Times New Roman'; line-height: normal; margin-bottom: 5px; margin-top: 5px;\">\n<p><span style=\"font-family: georgia, palatino, serif; font-size: 12pt;\">\u2013J&#8217;adore la musique de\u00a0<b>Velvet Underground,<\/b>\u00a0mais je ne connais pas vraiment les disques en solo de\u00a0<b>Nico<\/b>. Je dois vite me mettre \u00e0 les \u00e9couter.<\/span><\/p>\n<\/div>\n<div data-blogger-escaped-style=\"font-family: 'Times New Roman'; line-height: normal; margin-bottom: 5px; margin-top: 5px;\">\n<p><span style=\"font-family: georgia, palatino, serif; font-size: 12pt;\"><b>\u2013J&#8217;ai lu que c&#8217;est une chanson des Chameleons (Second Skin) qui vous a incit\u00e9s \u00e0 monter le groupe. Pourquoi\u00a0? Quel autre groupe des ann\u00e9es 1980 vous pla\u00eet\u00a0?<\/b><\/span><\/p>\n<\/div>\n<div data-blogger-escaped-style=\"font-family: 'Times New Roman'; line-height: normal; margin-bottom: 5px; margin-top: 5px;\">\n<p><span style=\"font-family: georgia, palatino, serif; font-size: 12pt;\">\u2013Ce n&#8217;\u00e9tait pas une chanson en particulier. Le groupe nous pla\u00eet en g\u00e9n\u00e9ral, tout comme de nombreux\u00a0groupes des ann\u00e9es 1980. C&#8217;est notre source d&#8217;inspiration.<\/span><\/p>\n<\/div>\n<div data-blogger-escaped-style=\"font-family: 'Times New Roman'; line-height: normal; margin-bottom: 5px; margin-top: 5px;\">\n<p><span style=\"font-family: georgia, palatino, serif; font-size: 12pt;\"><a href=\"http:\/\/4.bp.blogspot.com\/-De7ihdFSOCQ\/WvAqeLk1S_I\/AAAAAAAABdQ\/AJ85fFEDRd8YYVqHmKOzoSZtC6j9272GwCK4BGAYYCw\/s1600\/02.jpg\" data-rel=\"penci-gallery-image-content\"  data-blogger-escaped-style=\"clear: right; float: right; margin-bottom: 1em; margin-left: 1em;\"><img decoding=\"async\" class=\"alignright\" src=\"https:\/\/4.bp.blogspot.com\/-De7ihdFSOCQ\/WvAqeLk1S_I\/AAAAAAAABdQ\/AJ85fFEDRd8YYVqHmKOzoSZtC6j9272GwCK4BGAYYCw\/s400\/02.jpg\" border=\"0\" \/><\/a>\u2013<b>Que pensez-vous de groupes modernes comme The Soft Moon, Xiu Xiu ou KVB\u00a0? Ils vous int\u00e9ressent\u00a0?<\/b><\/span><\/p>\n<\/div>\n<div data-blogger-escaped-style=\"font-family: 'Times New Roman'; line-height: normal; margin-bottom: 5px; margin-top: 5px;\">\n<p><span style=\"font-family: georgia, palatino, serif; font-size: 12pt;\">\u2013Bien s\u00fbr. Nous sommes de grands fans.\u00a0<b>The Soft Moon<\/b>\u00a0et\u00a0<b>KVB\u00a0<\/b>prennent la musique du pass\u00e9 pour la rendre actuelle.\u00a0<b>Xiu Xiu<\/b>, d&#8217;autre part, est l&#8217;une de mes inspirations. J&#8217;aime tout ce qu&#8217;ils font.<\/span><\/p>\n<\/div>\n<div data-blogger-escaped-style=\"font-family: 'Times New Roman'; line-height: normal; margin-bottom: 5px; margin-top: 5px;\">\n<p><span style=\"font-family: georgia, palatino, serif; font-size: 12pt;\"><b>\u2013Vous allez jouer au festival M&#8217;era (l&#8217;un des \u00e9v\u00e9nements les plus importants de musique gothique, qui se passe en Allemagne en ao\u00fbt). Sentez-vous que vous faites partie de la sc\u00e8ne gothique\u00a0?<\/b><\/span><\/p>\n<\/div>\n<div data-blogger-escaped-style=\"font-family: 'Times New Roman'; line-height: normal; margin-bottom: 5px; margin-top: 5px;\">\n<p><span style=\"font-family: georgia, palatino, serif; font-size: 12pt;\">\u2013Nous avons d\u00e9j\u00e0 jou\u00e9 dans quelques festivals gothiques et nous allons continuer. M\u00eame si nous sentons que nous ne faisons pas partie de cette sc\u00e8ne, c&#8217;est fantastique qu&#8217;ils aiment notre musique. C&#8217;est un v\u00e9ritable plaisir de jouer dans des festivals de ce style.<\/span><\/p>\n<\/div>\n<div data-blogger-escaped-style=\"font-family: 'Times New Roman'; line-height: normal; margin-bottom: 5px; margin-top: 5px;\">\n<p><span style=\"font-family: georgia, palatino, serif; font-size: 12pt;\"><b>\u2013Vous croyez que votre musique est plus accept\u00e9e dans le nord de l&#8217;Europe\u00a0? Comment se sont pass\u00e9s vos concerts dans des pays comme le Portugal ou l&#8217;Italie\u00a0?<\/b><\/span><\/p>\n<\/div>\n<div data-blogger-escaped-style=\"font-family: 'Times New Roman'; line-height: normal; margin-bottom: 5px; margin-top: 5px;\">\n<p><span style=\"font-family: georgia, palatino, serif; font-size: 12pt;\">\u2013\u00c7a d\u00e9pend de chaque ville et du nombre de fois o\u00f9 nous y avons jou\u00e9. La derni\u00e8re fois que nous avons jou\u00e9 \u00e0 Porto et \u00e0 Lisbonne par exemple, c&#8217;\u00e9tait dans le cadre d&#8217;un festival, et on nous a vraiment bien accueillis.<\/span><\/p>\n<\/div>\n<div data-blogger-escaped-style=\"font-family: 'Times New Roman'; line-height: normal; margin-bottom: 5px; margin-top: 5px;\">\n<p><span style=\"font-family: georgia, palatino, serif; font-size: 12pt;\"><b>\u2013Que peuvent attendre vos fans espagnols de votre concert\u00a0?<\/b><\/span><\/p>\n<\/div>\n<div data-blogger-escaped-style=\"font-family: 'Times New Roman'; line-height: normal; margin-bottom: 5px; margin-top: 5px;\">\n<p><span style=\"font-family: georgia, palatino, serif; font-size: 12pt;\">\u2013Beaucoup d&#8217;\u00e9nergie et tout un tas de nouvelles chansons.<\/span><\/p>\n<\/div>\n<div data-blogger-escaped-style=\"font-family: 'Times New Roman'; font-size: 11px; line-height: normal; margin-bottom: 10px; min-height: 12px;\"><\/div>\n<\/div>\n","protected":false},"excerpt":{"rendered":"<p>Whispering Sons sont la nouvelle sensation de la sc\u00e8ne actuelle de post-punk, dont l&#8217;int\u00e9r\u00eat augmente&hellip;<\/p>\n","protected":false},"author":1,"featured_media":1157,"comment_status":"open","ping_status":"open","sticky":false,"template":"","format":"standard","meta":{"_lmt_disableupdate":"","_lmt_disable":"","footnotes":""},"categories":[35],"tags":[392],"class_list":["post-1156","post","type-post","status-publish","format-standard","has-post-thumbnail","hentry","category-interviews-fr","tag-post-punk-fr"],"yoast_head":"<!-- This site is optimized with the Yoast SEO plugin v27.4 - https:\/\/yoast.com\/product\/yoast-seo-wordpress\/ -->\n<title>Interview : Whispering Sons &#8212; El Garaje de Frank<\/title>\n<meta name=\"description\" content=\"Interviews &#8212; Interview de Whispering Sons.\" \/>\n<meta name=\"robots\" content=\"index, follow, max-snippet:-1, max-image-preview:large, max-video-preview:-1\" \/>\n<link rel=\"canonical\" href=\"https:\/\/elgarajedefrank.es\/fr\/interview-whispering-sons\/\" \/>\n<meta property=\"og:locale\" content=\"fr_FR\" \/>\n<meta property=\"og:type\" content=\"article\" \/>\n<meta property=\"og:title\" content=\"Interview : Whispering Sons &#8212; El Garaje de Frank\" \/>\n<meta property=\"og:description\" content=\"Interviews &#8212; Interview de Whispering Sons.\" \/>\n<meta property=\"og:url\" content=\"https:\/\/elgarajedefrank.es\/fr\/interview-whispering-sons\/\" \/>\n<meta property=\"og:site_name\" content=\"El Garaje de Frank\" \/>\n<meta property=\"article:publisher\" content=\"https:\/\/www.facebook.com\/elgarajedefrank\/\" \/>\n<meta property=\"article:author\" content=\"https:\/\/www.facebook.com\/elgarajedefrank\/\" \/>\n<meta property=\"article:published_time\" content=\"2018-05-07T12:11:31+00:00\" \/>\n<meta property=\"article:modified_time\" content=\"2020-01-05T17:26:38+00:00\" \/>\n<meta property=\"og:image\" content=\"https:\/\/elgarajedefrank.es\/wp-content\/uploads\/2018\/07\/WS_800-e1533756464755.jpg\" \/>\n\t<meta property=\"og:image:width\" content=\"625\" \/>\n\t<meta property=\"og:image:height\" content=\"416\" \/>\n\t<meta property=\"og:image:type\" content=\"image\/jpeg\" \/>\n<meta name=\"author\" content=\"Fran\u00e7ois Zappa\" \/>\n<meta name=\"twitter:card\" content=\"summary_large_image\" \/>\n<meta name=\"twitter:label1\" content=\"\u00c9crit par\" \/>\n\t<meta name=\"twitter:data1\" content=\"Fran\u00e7ois Zappa\" \/>\n\t<meta name=\"twitter:label2\" content=\"Dur\u00e9e de lecture estim\u00e9e\" \/>\n\t<meta name=\"twitter:data2\" content=\"4 minutes\" \/>\n<script type=\"application\/ld+json\" class=\"yoast-schema-graph\">{\"@context\":\"https:\\\/\\\/schema.org\",\"@graph\":[{\"@type\":\"Article\",\"@id\":\"https:\\\/\\\/elgarajedefrank.es\\\/fr\\\/interview-whispering-sons\\\/#article\",\"isPartOf\":{\"@id\":\"https:\\\/\\\/elgarajedefrank.es\\\/fr\\\/interview-whispering-sons\\\/\"},\"author\":{\"name\":\"Fran\u00e7ois Zappa\",\"@id\":\"https:\\\/\\\/elgarajedefrank.es\\\/fr\\\/#\\\/schema\\\/person\\\/d709c9c33f5f405d44c6c9397889ba15\"},\"headline\":\"Interview : Whispering Sons\",\"datePublished\":\"2018-05-07T12:11:31+00:00\",\"dateModified\":\"2020-01-05T17:26:38+00:00\",\"mainEntityOfPage\":{\"@id\":\"https:\\\/\\\/elgarajedefrank.es\\\/fr\\\/interview-whispering-sons\\\/\"},\"wordCount\":811,\"commentCount\":0,\"publisher\":{\"@id\":\"https:\\\/\\\/elgarajedefrank.es\\\/fr\\\/#\\\/schema\\\/person\\\/d709c9c33f5f405d44c6c9397889ba15\"},\"image\":{\"@id\":\"https:\\\/\\\/elgarajedefrank.es\\\/fr\\\/interview-whispering-sons\\\/#primaryimage\"},\"thumbnailUrl\":\"https:\\\/\\\/elgarajedefrank.es\\\/wp-content\\\/uploads\\\/2018\\\/07\\\/WS_800-e1533756464755.jpg\",\"keywords\":[\"Post-punk\"],\"articleSection\":[\"Interviews\"],\"inLanguage\":\"fr-FR\",\"potentialAction\":[{\"@type\":\"CommentAction\",\"name\":\"Comment\",\"target\":[\"https:\\\/\\\/elgarajedefrank.es\\\/fr\\\/interview-whispering-sons\\\/#respond\"]}]},{\"@type\":\"WebPage\",\"@id\":\"https:\\\/\\\/elgarajedefrank.es\\\/fr\\\/interview-whispering-sons\\\/\",\"url\":\"https:\\\/\\\/elgarajedefrank.es\\\/fr\\\/interview-whispering-sons\\\/\",\"name\":\"Interview : Whispering Sons &#8212; El Garaje de Frank\",\"isPartOf\":{\"@id\":\"https:\\\/\\\/elgarajedefrank.es\\\/fr\\\/#website\"},\"primaryImageOfPage\":{\"@id\":\"https:\\\/\\\/elgarajedefrank.es\\\/fr\\\/interview-whispering-sons\\\/#primaryimage\"},\"image\":{\"@id\":\"https:\\\/\\\/elgarajedefrank.es\\\/fr\\\/interview-whispering-sons\\\/#primaryimage\"},\"thumbnailUrl\":\"https:\\\/\\\/elgarajedefrank.es\\\/wp-content\\\/uploads\\\/2018\\\/07\\\/WS_800-e1533756464755.jpg\",\"datePublished\":\"2018-05-07T12:11:31+00:00\",\"dateModified\":\"2020-01-05T17:26:38+00:00\",\"description\":\"Interviews &#8212; Interview de Whispering Sons.\",\"breadcrumb\":{\"@id\":\"https:\\\/\\\/elgarajedefrank.es\\\/fr\\\/interview-whispering-sons\\\/#breadcrumb\"},\"inLanguage\":\"fr-FR\",\"potentialAction\":[{\"@type\":\"ReadAction\",\"target\":[\"https:\\\/\\\/elgarajedefrank.es\\\/fr\\\/interview-whispering-sons\\\/\"]}]},{\"@type\":\"ImageObject\",\"inLanguage\":\"fr-FR\",\"@id\":\"https:\\\/\\\/elgarajedefrank.es\\\/fr\\\/interview-whispering-sons\\\/#primaryimage\",\"url\":\"https:\\\/\\\/elgarajedefrank.es\\\/wp-content\\\/uploads\\\/2018\\\/07\\\/WS_800-e1533756464755.jpg\",\"contentUrl\":\"https:\\\/\\\/elgarajedefrank.es\\\/wp-content\\\/uploads\\\/2018\\\/07\\\/WS_800-e1533756464755.jpg\",\"width\":625,\"height\":416},{\"@type\":\"BreadcrumbList\",\"@id\":\"https:\\\/\\\/elgarajedefrank.es\\\/fr\\\/interview-whispering-sons\\\/#breadcrumb\",\"itemListElement\":[{\"@type\":\"ListItem\",\"position\":1,\"name\":\"Inicio\",\"item\":\"https:\\\/\\\/elgarajedefrank.es\\\/fr\\\/\"},{\"@type\":\"ListItem\",\"position\":2,\"name\":\"Interviews\",\"item\":\"https:\\\/\\\/elgarajedefrank.es\\\/fr\\\/category\\\/interviews-fr\\\/\"},{\"@type\":\"ListItem\",\"position\":3,\"name\":\"Interview : Whispering Sons\"}]},{\"@type\":\"WebSite\",\"@id\":\"https:\\\/\\\/elgarajedefrank.es\\\/fr\\\/#website\",\"url\":\"https:\\\/\\\/elgarajedefrank.es\\\/fr\\\/\",\"name\":\"El Garaje de Frank\",\"description\":\"Music magazine\",\"publisher\":{\"@id\":\"https:\\\/\\\/elgarajedefrank.es\\\/fr\\\/#\\\/schema\\\/person\\\/d709c9c33f5f405d44c6c9397889ba15\"},\"potentialAction\":[{\"@type\":\"SearchAction\",\"target\":{\"@type\":\"EntryPoint\",\"urlTemplate\":\"https:\\\/\\\/elgarajedefrank.es\\\/fr\\\/?s={search_term_string}\"},\"query-input\":{\"@type\":\"PropertyValueSpecification\",\"valueRequired\":true,\"valueName\":\"search_term_string\"}}],\"inLanguage\":\"fr-FR\"},{\"@type\":[\"Person\",\"Organization\"],\"@id\":\"https:\\\/\\\/elgarajedefrank.es\\\/fr\\\/#\\\/schema\\\/person\\\/d709c9c33f5f405d44c6c9397889ba15\",\"name\":\"Fran\u00e7ois Zappa\",\"image\":{\"@type\":\"ImageObject\",\"inLanguage\":\"fr-FR\",\"@id\":\"https:\\\/\\\/elgarajedefrank.es\\\/wp-content\\\/uploads\\\/2019\\\/10\\\/IMG_8278-150x150.jpg\",\"url\":\"https:\\\/\\\/elgarajedefrank.es\\\/wp-content\\\/uploads\\\/2019\\\/10\\\/IMG_8278-150x150.jpg\",\"contentUrl\":\"https:\\\/\\\/elgarajedefrank.es\\\/wp-content\\\/uploads\\\/2019\\\/10\\\/IMG_8278-150x150.jpg\",\"caption\":\"Fran\u00e7ois Zappa\"},\"logo\":{\"@id\":\"https:\\\/\\\/elgarajedefrank.es\\\/wp-content\\\/uploads\\\/2019\\\/10\\\/IMG_8278-150x150.jpg\"},\"sameAs\":[\"https:\\\/\\\/www.facebook.com\\\/elgarajedefrank\\\/\",\"https:\\\/\\\/www.instagram.com\\\/elgarajedefrank\\\/\"]}]}<\/script>\n<!-- \/ Yoast SEO plugin. -->","yoast_head_json":{"title":"Interview : Whispering Sons &#8212; El Garaje de Frank","description":"Interviews &#8212; Interview de Whispering Sons.","robots":{"index":"index","follow":"follow","max-snippet":"max-snippet:-1","max-image-preview":"max-image-preview:large","max-video-preview":"max-video-preview:-1"},"canonical":"https:\/\/elgarajedefrank.es\/fr\/interview-whispering-sons\/","og_locale":"fr_FR","og_type":"article","og_title":"Interview : Whispering Sons &#8212; El Garaje de Frank","og_description":"Interviews &#8212; Interview de Whispering Sons.","og_url":"https:\/\/elgarajedefrank.es\/fr\/interview-whispering-sons\/","og_site_name":"El Garaje de Frank","article_publisher":"https:\/\/www.facebook.com\/elgarajedefrank\/","article_author":"https:\/\/www.facebook.com\/elgarajedefrank\/","article_published_time":"2018-05-07T12:11:31+00:00","article_modified_time":"2020-01-05T17:26:38+00:00","og_image":[{"width":625,"height":416,"url":"https:\/\/elgarajedefrank.es\/wp-content\/uploads\/2018\/07\/WS_800-e1533756464755.jpg","type":"image\/jpeg"}],"author":"Fran\u00e7ois Zappa","twitter_card":"summary_large_image","twitter_misc":{"\u00c9crit par":"Fran\u00e7ois Zappa","Dur\u00e9e de lecture estim\u00e9e":"4 minutes"},"schema":{"@context":"https:\/\/schema.org","@graph":[{"@type":"Article","@id":"https:\/\/elgarajedefrank.es\/fr\/interview-whispering-sons\/#article","isPartOf":{"@id":"https:\/\/elgarajedefrank.es\/fr\/interview-whispering-sons\/"},"author":{"name":"Fran\u00e7ois Zappa","@id":"https:\/\/elgarajedefrank.es\/fr\/#\/schema\/person\/d709c9c33f5f405d44c6c9397889ba15"},"headline":"Interview : Whispering Sons","datePublished":"2018-05-07T12:11:31+00:00","dateModified":"2020-01-05T17:26:38+00:00","mainEntityOfPage":{"@id":"https:\/\/elgarajedefrank.es\/fr\/interview-whispering-sons\/"},"wordCount":811,"commentCount":0,"publisher":{"@id":"https:\/\/elgarajedefrank.es\/fr\/#\/schema\/person\/d709c9c33f5f405d44c6c9397889ba15"},"image":{"@id":"https:\/\/elgarajedefrank.es\/fr\/interview-whispering-sons\/#primaryimage"},"thumbnailUrl":"https:\/\/elgarajedefrank.es\/wp-content\/uploads\/2018\/07\/WS_800-e1533756464755.jpg","keywords":["Post-punk"],"articleSection":["Interviews"],"inLanguage":"fr-FR","potentialAction":[{"@type":"CommentAction","name":"Comment","target":["https:\/\/elgarajedefrank.es\/fr\/interview-whispering-sons\/#respond"]}]},{"@type":"WebPage","@id":"https:\/\/elgarajedefrank.es\/fr\/interview-whispering-sons\/","url":"https:\/\/elgarajedefrank.es\/fr\/interview-whispering-sons\/","name":"Interview : Whispering Sons &#8212; El Garaje de Frank","isPartOf":{"@id":"https:\/\/elgarajedefrank.es\/fr\/#website"},"primaryImageOfPage":{"@id":"https:\/\/elgarajedefrank.es\/fr\/interview-whispering-sons\/#primaryimage"},"image":{"@id":"https:\/\/elgarajedefrank.es\/fr\/interview-whispering-sons\/#primaryimage"},"thumbnailUrl":"https:\/\/elgarajedefrank.es\/wp-content\/uploads\/2018\/07\/WS_800-e1533756464755.jpg","datePublished":"2018-05-07T12:11:31+00:00","dateModified":"2020-01-05T17:26:38+00:00","description":"Interviews &#8212; Interview de Whispering Sons.","breadcrumb":{"@id":"https:\/\/elgarajedefrank.es\/fr\/interview-whispering-sons\/#breadcrumb"},"inLanguage":"fr-FR","potentialAction":[{"@type":"ReadAction","target":["https:\/\/elgarajedefrank.es\/fr\/interview-whispering-sons\/"]}]},{"@type":"ImageObject","inLanguage":"fr-FR","@id":"https:\/\/elgarajedefrank.es\/fr\/interview-whispering-sons\/#primaryimage","url":"https:\/\/elgarajedefrank.es\/wp-content\/uploads\/2018\/07\/WS_800-e1533756464755.jpg","contentUrl":"https:\/\/elgarajedefrank.es\/wp-content\/uploads\/2018\/07\/WS_800-e1533756464755.jpg","width":625,"height":416},{"@type":"BreadcrumbList","@id":"https:\/\/elgarajedefrank.es\/fr\/interview-whispering-sons\/#breadcrumb","itemListElement":[{"@type":"ListItem","position":1,"name":"Inicio","item":"https:\/\/elgarajedefrank.es\/fr\/"},{"@type":"ListItem","position":2,"name":"Interviews","item":"https:\/\/elgarajedefrank.es\/fr\/category\/interviews-fr\/"},{"@type":"ListItem","position":3,"name":"Interview : Whispering Sons"}]},{"@type":"WebSite","@id":"https:\/\/elgarajedefrank.es\/fr\/#website","url":"https:\/\/elgarajedefrank.es\/fr\/","name":"El Garaje de Frank","description":"Music magazine","publisher":{"@id":"https:\/\/elgarajedefrank.es\/fr\/#\/schema\/person\/d709c9c33f5f405d44c6c9397889ba15"},"potentialAction":[{"@type":"SearchAction","target":{"@type":"EntryPoint","urlTemplate":"https:\/\/elgarajedefrank.es\/fr\/?s={search_term_string}"},"query-input":{"@type":"PropertyValueSpecification","valueRequired":true,"valueName":"search_term_string"}}],"inLanguage":"fr-FR"},{"@type":["Person","Organization"],"@id":"https:\/\/elgarajedefrank.es\/fr\/#\/schema\/person\/d709c9c33f5f405d44c6c9397889ba15","name":"Fran\u00e7ois Zappa","image":{"@type":"ImageObject","inLanguage":"fr-FR","@id":"https:\/\/elgarajedefrank.es\/wp-content\/uploads\/2019\/10\/IMG_8278-150x150.jpg","url":"https:\/\/elgarajedefrank.es\/wp-content\/uploads\/2019\/10\/IMG_8278-150x150.jpg","contentUrl":"https:\/\/elgarajedefrank.es\/wp-content\/uploads\/2019\/10\/IMG_8278-150x150.jpg","caption":"Fran\u00e7ois Zappa"},"logo":{"@id":"https:\/\/elgarajedefrank.es\/wp-content\/uploads\/2019\/10\/IMG_8278-150x150.jpg"},"sameAs":["https:\/\/www.facebook.com\/elgarajedefrank\/","https:\/\/www.instagram.com\/elgarajedefrank\/"]}]}},"_links":{"self":[{"href":"https:\/\/elgarajedefrank.es\/fr\/wp-json\/wp\/v2\/posts\/1156","targetHints":{"allow":["GET"]}}],"collection":[{"href":"https:\/\/elgarajedefrank.es\/fr\/wp-json\/wp\/v2\/posts"}],"about":[{"href":"https:\/\/elgarajedefrank.es\/fr\/wp-json\/wp\/v2\/types\/post"}],"author":[{"embeddable":true,"href":"https:\/\/elgarajedefrank.es\/fr\/wp-json\/wp\/v2\/users\/1"}],"replies":[{"embeddable":true,"href":"https:\/\/elgarajedefrank.es\/fr\/wp-json\/wp\/v2\/comments?post=1156"}],"version-history":[{"count":0,"href":"https:\/\/elgarajedefrank.es\/fr\/wp-json\/wp\/v2\/posts\/1156\/revisions"}],"wp:featuredmedia":[{"embeddable":true,"href":"https:\/\/elgarajedefrank.es\/fr\/wp-json\/wp\/v2\/media\/1157"}],"wp:attachment":[{"href":"https:\/\/elgarajedefrank.es\/fr\/wp-json\/wp\/v2\/media?parent=1156"}],"wp:term":[{"taxonomy":"category","embeddable":true,"href":"https:\/\/elgarajedefrank.es\/fr\/wp-json\/wp\/v2\/categories?post=1156"},{"taxonomy":"post_tag","embeddable":true,"href":"https:\/\/elgarajedefrank.es\/fr\/wp-json\/wp\/v2\/tags?post=1156"}],"curies":[{"name":"wp","href":"https:\/\/api.w.org\/{rel}","templated":true}]}}