{"id":10109,"date":"2019-10-29T15:55:44","date_gmt":"2019-10-29T14:55:44","guid":{"rendered":"https:\/\/elgarajedefrank.es\/?p=10109"},"modified":"2022-10-18T20:42:30","modified_gmt":"2022-10-18T18:42:30","slug":"interview-tangerine-dream","status":"publish","type":"post","link":"https:\/\/elgarajedefrank.es\/fr\/interview-tangerine-dream\/","title":{"rendered":"Interview : Tangerine Dream"},"content":{"rendered":"<p class=\"p1\"><span class=\"s1\" style=\"font-family: georgia, palatino, serif; font-size: 12pt;\"><b>Nous avons profit\u00e9 du futur passage de Tangerine Dream par l\u2019Espagne pour faire cette double interview, de Bianca Froese-Acquaye d\u2019une part, veuve de l\u2019ancien leader du groupe et manageuse actuelle, et de Thorsten Quaeschning d\u2019autre part, membre de Tangerine Dream depuis 2015 et directeur musical. Ils joueront le 8 novembre dans la salle But \u00e0 Madrid. Flash Zero ouvrira la soir\u00e9e de l\u2019un des plus importants \u00e9v\u00e9nements d\u2019\u00e9lectronique de l\u2019ann\u00e9e.<\/b><\/span><\/p>\n<p class=\"p1\"><span class=\"s1\" style=\"font-family: georgia, palatino, serif; font-size: 12pt;\"><b>Bianca Froese-Acquaye<\/b><\/span><\/p>\n<p class=\"p1\"><span class=\"s1\" style=\"font-family: georgia, palatino, serif; font-size: 12pt;\"><b><img fetchpriority=\"high\" decoding=\"async\" class=\"size-medium wp-image-10140 alignleft\" src=\"https:\/\/elgarajedefrank.es\/wp-content\/uploads\/2019\/10\/67874452_2719602811397661_4620411472122478592_o-300x169.jpg\" alt=\"\" width=\"300\" height=\"169\" srcset=\"https:\/\/elgarajedefrank.es\/wp-content\/uploads\/2019\/10\/67874452_2719602811397661_4620411472122478592_o-300x169.jpg 300w, https:\/\/elgarajedefrank.es\/wp-content\/uploads\/2019\/10\/67874452_2719602811397661_4620411472122478592_o-768x432.jpg 768w, https:\/\/elgarajedefrank.es\/wp-content\/uploads\/2019\/10\/67874452_2719602811397661_4620411472122478592_o-1024x576.jpg 1024w, https:\/\/elgarajedefrank.es\/wp-content\/uploads\/2019\/10\/67874452_2719602811397661_4620411472122478592_o-1170x663.jpg 1170w, https:\/\/elgarajedefrank.es\/wp-content\/uploads\/2019\/10\/67874452_2719602811397661_4620411472122478592_o-1920x1080.jpg 1920w, https:\/\/elgarajedefrank.es\/wp-content\/uploads\/2019\/10\/67874452_2719602811397661_4620411472122478592_o-585x329.jpg 585w, https:\/\/elgarajedefrank.es\/wp-content\/uploads\/2019\/10\/67874452_2719602811397661_4620411472122478592_o.jpg 2048w\" sizes=\"(max-width: 300px) 100vw, 300px\" \/>\u2014Honn\u00eatement, je n\u2019\u00e9tais pas au courant de la rencontre d\u2019Edgar Froese et de Dal\u00ed en 1967 jusqu\u2019\u00e0 ce que vous la mentionniez alors qu\u2019on organisait l\u2019interview. Pourriez-vous nous en dire plus \u00e0 ce sujet ? Il aimait aussi Picasso, non ?<\/b><\/span><\/p>\n<p class=\"p1\"><span class=\"s1\" style=\"font-family: georgia, palatino, serif; font-size: 12pt;\"><b>\u2014Bianca:<\/b> Comme <b>Edgar<\/b> a \u00e9tudi\u00e9 les beaux-arts et la culture avant de d\u00e9cider de devenir musicien, il \u00e9tait tr\u00e8s int\u00e9ress\u00e9 par la vie de peintres comme Dal\u00ed et Picasso. Il adorait leur approche des choses, la philosophie qui se refl\u00e9tait dans leurs \u0153uvres. Les deux peintres ont inspir\u00e9 <strong>Edgar<\/strong> au niveau de son \u0153uvre musicale. Les arts visuels \u00e9taient le d\u00e9clencheur principal de ses id\u00e9es. <strong>Edgar<\/strong> a d\u00e9crit la rencontre avec Dal\u00ed dans un long chapitre de son autobiographie, <i>Tangerine Dream \u2013 Force Majeure. <\/i>Sa conversation avec Dal\u00ed, lorsqu\u2019il a jou\u00e9 avec son groupe <b>The Ones<\/b> lors des spectacles improvis\u00e9s que Dal\u00ed organisait \u00e0 Cadaqu\u00e9s en 1967, lui ont m\u00eame donn\u00e9 l\u2019id\u00e9e du nom de <strong>Tangerine Dream<\/strong> pour son groupe. C\u2019est pourquoi l\u2019influence de l\u2019art est immense. D\u2019ailleurs, <strong>Edgar<\/strong> a rencontr\u00e9 Picasso dans le sud de la France, alors qu\u2019il \u00e9tait en train de d\u00e9jeuner dans un petit restaurant en bord de mer. \u00c0 l\u2019\u00e9poque, il a eu peur de le d\u00e9ranger, il l\u2019a juste observ\u00e9 timidement de loin, et a senti l\u2019aura de l\u2019un des plus grands artistes de l\u2019histoire.<\/span><\/p>\n<p class=\"p1\"><span class=\"s1\" style=\"font-family: georgia, palatino, serif; font-size: 12pt;\"><b>\u2014Quelle \u00e9tait la relation entre Edgar Froese et Klaus Schulze\/Manuel G\u00f6ttsching, les deux autres grands noms de la musique \u00e9lectronique allemande?<\/b><\/span><\/p>\n<p class=\"p1\"><span class=\"s1\" style=\"font-family: georgia, palatino, serif; font-size: 12pt;\"><b>\u2014B:<\/b> Comme vous le savez, <b>Edgar<\/b> a travaill\u00e9 avec\u00a0<b>Klaus Schulze<\/b> pour le premier album de <strong>TD,<\/strong>\u00a0<i>Electronic Meditation<\/i> en 1970, mais tr\u00e8s vite, <b>Klaus<\/b> a d\u00e9cid\u00e9 de se consacrer \u00e0 sa carri\u00e8re solo, ce qu\u2019<strong>Edgar<\/strong> respectait. Le succ\u00e8s de <strong>Klaus<\/strong> a \u00e9t\u00e9 la preuve que c\u2019\u00e9tait un excellent choix, et il en fut de m\u00eame pour la carri\u00e8re de <strong>TD.<\/strong> Les chemins de <strong>Klaus<\/strong> et d\u2019<strong>Edgar<\/strong> ne se sont pas crois\u00e9s tr\u00e8s souvent au fil des d\u00e9cennies, et honn\u00eatement, \u00e7a a aussi \u00e9t\u00e9 le cas de <b>Manuel G\u00f6ttsching<\/b>. Les trois musiciens \u00e9taient tr\u00e8s individuels et ont chacun suivi leurs propres approches de la musique \u00e9lectronique, de fa\u00e7on ind\u00e9pendante, mais fructueuse.<\/span><\/p>\n<p class=\"p1\"><span class=\"s1\" style=\"font-family: georgia, palatino, serif; font-size: 12pt;\"><b>\u2014Edgar Froese a toujours \u00e9t\u00e9 int\u00e9ress\u00e9 par les bandes-son, et TD en a compos\u00e9 quelques-unes.\u00a0Pourriez-vous m\u2019en dire plus sur ce c\u00f4t\u00e9 du groupe, qui est bien souvent oubli\u00e9 ? Aimait-il le cin\u00e9ma ?<\/b><\/span><\/p>\n<p class=\"p1\"><span class=\"s1\" style=\"font-family: georgia, palatino, serif; font-size: 12pt;\"><b>\u2014B:<\/b> <b>Edgar<\/b> m\u2019a toujours dit que s\u2019il n\u2019\u00e9tait pas devenu musicien, il serait devenu cameraman et r\u00e9alisateur (comme mon p\u00e8re, d\u2019ailleurs). <strong>TD<\/strong> a compos\u00e9 de nombreuses bandes-son entre les ann\u00e9es 70 et 90 pour des r\u00e9alisateurs d\u2019Hollywood, ainsi que pour des s\u00e9ries am\u00e9ricaines et allemandes. Les plus c\u00e9l\u00e8bres sont\u00a0<i>Risky Business<\/i> (Paul Brickman) et <i>Legend<\/i> (Ridley Scott) o\u00f9 jouait Tom Cruise, <i>Thief<\/i> (Michael Mann), <i>The Sorcerer<\/i> (William Friedkin), <i>Firestarter <\/i>o\u00f9 jouait une tr\u00e8s jeune Drew Barrymore, <i>Streethawk <\/i>et plus encore. D\u2019un c\u00f4t\u00e9, ces bandes-son ont \u00e9t\u00e9 un v\u00e9ritable d\u00e9fi pour le groupe, car ils devaient composer de la<img decoding=\"async\" class=\"size-medium wp-image-10143 alignright\" src=\"https:\/\/elgarajedefrank.es\/wp-content\/uploads\/2019\/10\/maxresdefault-3-300x169.jpg\" alt=\"\" width=\"300\" height=\"169\" srcset=\"https:\/\/elgarajedefrank.es\/wp-content\/uploads\/2019\/10\/maxresdefault-3-300x169.jpg 300w, https:\/\/elgarajedefrank.es\/wp-content\/uploads\/2019\/10\/maxresdefault-3-768x432.jpg 768w, https:\/\/elgarajedefrank.es\/wp-content\/uploads\/2019\/10\/maxresdefault-3-1024x576.jpg 1024w, https:\/\/elgarajedefrank.es\/wp-content\/uploads\/2019\/10\/maxresdefault-3-1170x663.jpg 1170w, https:\/\/elgarajedefrank.es\/wp-content\/uploads\/2019\/10\/maxresdefault-3-585x329.jpg 585w, https:\/\/elgarajedefrank.es\/wp-content\/uploads\/2019\/10\/maxresdefault-3.jpg 1280w\" sizes=\"(max-width: 300px) 100vw, 300px\" \/> musique en fonction d\u2019un script. D\u2019un autre c\u00f4t\u00e9, <strong>Edgar<\/strong> savait et sentait qu\u2019il perdrait sa libert\u00e9 cr\u00e9ative et son ind\u00e9pendance s\u2019il restait trop longtemps dans ce business. C\u2019est pourquoi il a d\u00e9cid\u00e9 de se concentrer plus sur les albums du groupe et les concerts. En 2012, il a re\u00e7u une offre de Rockstar Games New York pour composer la bande-son du jeu\u00a0Grand Theft Auto V (GTA V). Il a accept\u00e9 ce d\u00e9fi passionnant, et a remport\u00e9 la r\u00e9compense de la meilleure bande-son pour un jeu \u00e0 l\u2019American VGX Game Award 2013.\u00a0<\/span><\/p>\n<p class=\"p1\"><strong><span class=\"s1\" style=\"font-family: georgia, palatino, serif; font-size: 12pt;\">\u2014Vous avez coproduit le documentaire <i>Revolution of Sound:<\/i> <i>Tangerine Dream<\/i>, sorti il y a quelques ann\u00e9es. Pensez-vous qu\u2019il s\u2019agisse du travail ultime sur le groupe ?<\/span><\/strong><\/p>\n<p class=\"p1\"><span class=\"s1\" style=\"font-family: georgia, palatino, serif; font-size: 12pt;\"><b>\u2014B:\u00a0<\/b>Je ne crois pas, mais c\u2019est un tr\u00e8s bon travail sur le groupe, qui existe depuis plus de 50 ans maintenant. Margarete Kreuzer, la r\u00e9alisatrice qui vit \u00e0 Berlin, a d\u00e9marr\u00e9 ce projet dans des conditions difficiles, car Edgar est mort en 2015 au d\u00e9but de la r\u00e9alisation. Nous sommes toutes les deux reparties de z\u00e9ro, et nous avons d\u00e9cid\u00e9 de continuer le film avec un nouveau script. Heureusement, nous avions l\u2019autobiographie d\u2019Edgar qui constituait une bonne base pour le documentaire. On y a trouv\u00e9 de nombreuses citations originales de lui. Actuellement, je suis en train de conceptualiser une exposition de <strong>TD<\/strong> au\u00a0London Barbican Centre avec mon \u00e9quipe. Une occasion de plus de pr\u00e9senter la vie du groupe et leur carri\u00e8re au fil des ans, tout particuli\u00e8rement pour le jeune public. L\u2019exposition <a href=\"https:\/\/www.barbican.org.uk\/whats-on\/2020\/event\/tangerine-dream-zeitraffer\"><span class=\"s2\">ZEITRAFFER (time-lapse)<\/span><\/a> sera pr\u00e9sent\u00e9e du 16 janvier au 2 mai 2020.\u00a0<\/span><\/p>\n<p class=\"p1\"><span class=\"s1\" style=\"font-family: georgia, palatino, serif; font-size: 12pt;\"><b>\u2014Mis \u00e0 part Londres, allez-vous organiser cette exposition dans d\u2019autres endroits ? Et que s\u2019est-il pass\u00e9 avec Tangaudimax?<\/b><\/span><\/p>\n<p class=\"p1\"><span class=\"s1\" style=\"font-family: georgia, palatino, serif; font-size: 12pt;\"><b>\u2014B: <\/b>L\u2019exposition de Londres ZEITRAFFER est un pr\u00e9lude \u00e0 une exposition internationale. TANGAUDIMAX \u2013 un futur mus\u00e9e consacr\u00e9 \u00e0 <b>Tangerine Dream<\/b> \u2013 sera, je l\u2019esp\u00e8re, le grand final de l\u2019\u00e8re <strong>TD.<\/strong> On a encore \u00e9norm\u00e9ment de travail \u00e0 accomplir !<\/span><\/p>\n<p class=\"p1\"><span class=\"s1\" style=\"font-family: georgia, palatino, serif; font-size: 12pt;\"><b>\u2014Pouvez-vous nous dire si l\u2019album collaboratif de TD et Timothy Leary sortira bient\u00f4t ?<\/b><\/span><\/p>\n<p class=\"p1\"><span class=\"s1\" style=\"font-family: georgia, palatino, serif; font-size: 12pt;\"><b>\u2014B: <\/b>Comme je l\u2019ai appris : oui. Mais le label doit encore r\u00e9gler des probl\u00e8mes de droit.<\/span><\/p>\n<p class=\"p1\"><span class=\"s1\" style=\"font-family: georgia, palatino, serif; font-size: 12pt;\"><b><img decoding=\"async\" class=\"size-medium wp-image-10146 alignleft\" src=\"https:\/\/elgarajedefrank.es\/wp-content\/uploads\/2019\/10\/53899620_2510544145687143_2032124129259290624_o-300x200.jpg\" alt=\"\" width=\"300\" height=\"200\" srcset=\"https:\/\/elgarajedefrank.es\/wp-content\/uploads\/2019\/10\/53899620_2510544145687143_2032124129259290624_o-300x200.jpg 300w, https:\/\/elgarajedefrank.es\/wp-content\/uploads\/2019\/10\/53899620_2510544145687143_2032124129259290624_o-768x512.jpg 768w, https:\/\/elgarajedefrank.es\/wp-content\/uploads\/2019\/10\/53899620_2510544145687143_2032124129259290624_o-1024x683.jpg 1024w, https:\/\/elgarajedefrank.es\/wp-content\/uploads\/2019\/10\/53899620_2510544145687143_2032124129259290624_o-1170x780.jpg 1170w, https:\/\/elgarajedefrank.es\/wp-content\/uploads\/2019\/10\/53899620_2510544145687143_2032124129259290624_o-1920x1280.jpg 1920w, https:\/\/elgarajedefrank.es\/wp-content\/uploads\/2019\/10\/53899620_2510544145687143_2032124129259290624_o-585x390.jpg 585w, https:\/\/elgarajedefrank.es\/wp-content\/uploads\/2019\/10\/53899620_2510544145687143_2032124129259290624_o-263x175.jpg 263w, https:\/\/elgarajedefrank.es\/wp-content\/uploads\/2019\/10\/53899620_2510544145687143_2032124129259290624_o.jpg 2048w\" sizes=\"(max-width: 300px) 100vw, 300px\" \/>\u2014Je suppose que tout le monde ne sait pas que vous avez \u00e9t\u00e9 tr\u00e8s importante pour le groupe : vous avez chant\u00e9 quelques chansons sur des albums, aid\u00e9 au niveau de la production et dessin\u00e9 les illustrations de certains albums. Pourriez-vous nous en dire plus ?<\/b><\/span><\/p>\n<p class=\"p1\"><span class=\"s1\" style=\"font-family: georgia, palatino, serif; font-size: 12pt;\"><b>\u2014B: Tangerine Dream\u00a0<\/b>repr\u00e9sente tout pour moi, je me r\u00e9veille avec leur musique. Le cosmos de\u00a0<b>Tangerine Dream<\/b> est presque infini. C\u2019\u00e9tait aussi le cas d\u2019<strong>Edgar<\/strong>, mon grand amour et mon meilleur ami. Il m\u2019a laiss\u00e9 un merveilleux h\u00e9ritage. Je g\u00e8re le groupe, les concerts, les sorties, les illustrations, et tout ce qui est en rapport avec <strong>TD<\/strong> depuis presque vingt ans. Je suis reconnaissante envers le line-up actuel (qui \u00e9tait aussi celui pr\u00e9sent avec Edgar \u00e0 Melbourne en 2014). <b>Thorsten<\/b>, <b>Hoshiko<\/b> et <b>Ulrich<\/b>, ont eu le courage et le talent de continuer dans les pas de <strong>TD,<\/strong> de continuer ce monument de la musique \u00e9lectronique.<\/span><\/p>\n<p class=\"p1\"><span class=\"s1\" style=\"font-family: georgia, palatino, serif; font-size: 12pt;\"><b>\u2014Vous \u00eates aussi une artiste (peintre et photographe). \u00c9tait-ce difficile de combiner votre carri\u00e8re et votre travail avec TD ?<\/b><\/span><\/p>\n<p class=\"p1\"><span class=\"s1\" style=\"font-family: georgia, palatino, serif; font-size: 12pt;\"><b>\u2014B: <\/b>Bien s\u00fbr, je devais me fixer des priorit\u00e9s. Mon travail \u00e9tait inspir\u00e9 par la musique de <strong>TD,<\/strong> et j\u2019aimais cr\u00e9er des illustrations en rapport avec <strong>TD.<\/strong> Parfois, j\u2019aurais aim\u00e9 avoir plus le temps pour peindre, mais c\u2019\u00e9tait bien souvent compens\u00e9 par les merveilleux concerts atmosph\u00e9riques dans le monde entier. Vous pouvez voir mes peintures ici:<a href=\"http:\/\/www.bianca-froese-acquaye.com\/\"> <span style=\"color: #800080;\">http:\/\/www.bianca-froese-acquaye.com\/<\/span><\/a><\/span><\/p>\n<p class=\"p1\"><span class=\"s1\" style=\"font-family: georgia, palatino, serif; font-size: 12pt;\"><b>\u2014De tous les albums de Tangerine Dream (et ils sont nombreux), lequel \u00e9tait le pr\u00e9f\u00e9r\u00e9 d\u2019Edgar ? Et le v\u00f4tre ?<\/b><\/span><\/p>\n<p class=\"p1\"><span class=\"s1\" style=\"font-family: georgia, palatino, serif; font-size: 12pt;\"><b>\u2014B: <\/b>Je peux seulement parler des ann\u00e9es <em>Eastgate<\/em> aux alentours de 2000. L\u2019album pr\u00e9f\u00e9r\u00e9 d\u2019Edgar \u00e9tait la s\u00e9rie <i>Five Atomic Seasons<\/i>, une composition \u00e9tablie \u00e0 Nagasaki et Hiroshima, une pentalogie : Spring\/Summer\/Autumn\/ Winter\/Endless Season.<b> Edgar<\/b> a cr\u00e9\u00e9 son travail dans des conditions tr\u00e8s sp\u00e9ciales. Cette \u0153uvre avait une profonde signification pour lui. Mon album pr\u00e9f\u00e9r\u00e9 est\u00a0<i>Hyperborea.<\/i> C\u2019\u00e9tait mon premier contact avec <strong>TD<\/strong> en 1984. Mon tourne-disque le jouait en boucle&#8230; <\/span><\/p>\n<p class=\"p1\"><span class=\"s1\" style=\"font-family: georgia, palatino, serif; font-size: 12pt;\"><b>\u2014Pouvez-vous nous expliquer pourquoi vous continuez Tangerine Dream?<\/b><\/span><\/p>\n<p class=\"p1\"><span class=\"s1\" style=\"font-family: georgia, palatino, serif; font-size: 12pt;\"><b>\u2014B: <\/b>L\u2019amour de la musique. Mon amour pour Edgar. Ma conviction que le line-up actuel a un grand talent. Mon amour de la vie.<\/span><\/p>\n<p class=\"p1\"><span class=\"s1\" style=\"font-family: georgia, palatino, serif; font-size: 12pt;\">_________________<\/span><\/p>\n<p class=\"p1\"><span class=\"s1\" style=\"font-family: georgia, palatino, serif; font-size: 12pt;\"><b>Thorsten Quaeschning<\/b><\/span><\/p>\n<p class=\"p1\"><span class=\"s1\" style=\"font-family: georgia, palatino, serif; font-size: 12pt;\"><b>\u2014Vous accompagnez le groupe depuis longtemps. Au d\u00e9part, vous \u00e9tiez derri\u00e8re la console, et maintenant vous faites partie int\u00e9grante du groupe. Que pouvez-vous nous dire sur vos d\u00e9buts dans TD?<\/b><\/span><\/p>\n<p class=\"p1\"><span class=\"s1\" style=\"font-family: georgia, palatino, serif; font-size: 12pt;\"><b>\u2014T: <\/b>En 2003, on m\u2019a demand\u00e9 de venir dans le studio d\u2019<strong>Edgar<\/strong> \u00e0 Vienne. Comme je suis joueur de piano et <img loading=\"lazy\" decoding=\"async\" class=\"size-medium wp-image-10149 alignright\" src=\"https:\/\/elgarajedefrank.es\/wp-content\/uploads\/2019\/10\/45725360_2254436684631225_3148263396504240128_o-300x200.jpg\" alt=\"\" width=\"300\" height=\"200\" srcset=\"https:\/\/elgarajedefrank.es\/wp-content\/uploads\/2019\/10\/45725360_2254436684631225_3148263396504240128_o-300x200.jpg 300w, https:\/\/elgarajedefrank.es\/wp-content\/uploads\/2019\/10\/45725360_2254436684631225_3148263396504240128_o-768x512.jpg 768w, https:\/\/elgarajedefrank.es\/wp-content\/uploads\/2019\/10\/45725360_2254436684631225_3148263396504240128_o-1024x682.jpg 1024w, https:\/\/elgarajedefrank.es\/wp-content\/uploads\/2019\/10\/45725360_2254436684631225_3148263396504240128_o-1170x780.jpg 1170w, https:\/\/elgarajedefrank.es\/wp-content\/uploads\/2019\/10\/45725360_2254436684631225_3148263396504240128_o-1920x1280.jpg 1920w, https:\/\/elgarajedefrank.es\/wp-content\/uploads\/2019\/10\/45725360_2254436684631225_3148263396504240128_o-585x390.jpg 585w, https:\/\/elgarajedefrank.es\/wp-content\/uploads\/2019\/10\/45725360_2254436684631225_3148263396504240128_o-263x175.jpg 263w, https:\/\/elgarajedefrank.es\/wp-content\/uploads\/2019\/10\/45725360_2254436684631225_3148263396504240128_o.jpg 2000w\" sizes=\"(max-width: 300px) 100vw, 300px\" \/>synth\u00e9tiseur, je connaissais bien \u00e9videmment <b>Tangerine Dream<\/b> avant. J\u2019\u00e9tais tout particuli\u00e8rement fan des interviews d\u2019<strong>Edgar<\/strong> dans les magazines comme <i>Keyboards, Keys,<\/i> etc. Apr\u00e8s avoir travaill\u00e9 dans le studio d\u2019<strong>Edgar<\/strong> et en tourn\u00e9e comme technicien et producteur, on m\u2019a demand\u00e9 de rejoindre le groupe en 2004 pour les nouveaux albums et concerts de 2005. Le premier album que j\u2019ai co-compos\u00e9 \u00e9tait <i>Jeanne D\u2019Arc,<\/i> avec <strong>Edgar<\/strong> et Jerome Froese. En 2011, <strong>Edgar<\/strong> m\u2019a donn\u00e9 le r\u00f4le de directeur musical. J\u2019ai pass\u00e9 de nombreuses ann\u00e9es dans le studio d\u2019<strong>Edgar.<\/strong> On m\u2019a enseign\u00e9 de nombreuses choses sur ses visions, concepts, structures et processus de travail.<\/span><\/p>\n<p class=\"p1\"><span class=\"s1\" style=\"font-family: georgia, palatino, serif; font-size: 12pt;\"><b>\u2014Vous avez \u00e9galement une carri\u00e8re solo. Que pouvez-vous nous dire de plus \u00e0 ce propos ?<\/b><\/span><\/p>\n<p class=\"p1\"><span class=\"s1\" style=\"font-family: georgia, palatino, serif; font-size: 12pt;\"><b>\u2014T: <\/b>Dans ma jeunesse, j\u2019ai suivi des cours de piano, fl\u00fbte, violon et batterie. Mon premier groupe, cr\u00e9\u00e9 aux alentours de 1994, s\u2019appelait <b>Minory. <\/b>On jouait du rock gothique avec des racines progressives. On a donn\u00e9 beaucoup de concerts et compos\u00e9 un album en 2004. J\u2019ai \u00e9galement jou\u00e9 dans\u00a0<b>Picture Palace Music. <\/b>C\u2019\u00e9tait cens\u00e9 \u00eatre un groupe live pour jouer des bandes-son de vieux films muets, mais au final, il s\u2019est d\u00e9velopp\u00e9 et est devenu un vrai groupe, avec beaucoup d\u2019albums, de r\u00e9compenses et de concerts. J\u2019ai aussi eu d\u2019autres projets :\u00a0<b>Quaeschning &amp; Schnauss<\/b> (avec l\u2019album <i>Synthwaves<\/i>), <b>Thorsten Quaeschning meets Paul Frick<\/b> (<i>The Seaside Stage Session<\/i>), <b>Bargmann &amp; Quaeschning.<\/b> D\u2019autres collaborations seront bient\u00f4t annonc\u00e9es. En outre, j\u2019ai compos\u00e9 de la musique pour des films comme <i>Cargo, Letters from Libya<\/i>, <i>Remnants,<\/i> etc\u2026 Enfin, j\u2019ai donn\u00e9 des concerts et enregistr\u00e9 des albums en solo (<i>The Munich Session<\/i>). La plupart sont un m\u00e9lange d\u2019\u00e9lectronique, ambient et post-rock.<\/span><\/p>\n<p class=\"p1\"><strong><span class=\"s1\" style=\"font-family: georgia, palatino, serif; font-size: 12pt;\"><img loading=\"lazy\" decoding=\"async\" class=\"size-medium wp-image-10152 alignleft\" src=\"https:\/\/elgarajedefrank.es\/wp-content\/uploads\/2019\/10\/455508-large-tangerine-dream-quantum-gate-300x300.jpg\" alt=\"\" width=\"300\" height=\"300\" srcset=\"https:\/\/elgarajedefrank.es\/wp-content\/uploads\/2019\/10\/455508-large-tangerine-dream-quantum-gate-300x300.jpg 300w, https:\/\/elgarajedefrank.es\/wp-content\/uploads\/2019\/10\/455508-large-tangerine-dream-quantum-gate-150x150.jpg 150w, https:\/\/elgarajedefrank.es\/wp-content\/uploads\/2019\/10\/455508-large-tangerine-dream-quantum-gate-768x768.jpg 768w, https:\/\/elgarajedefrank.es\/wp-content\/uploads\/2019\/10\/455508-large-tangerine-dream-quantum-gate-585x585.jpg 585w, https:\/\/elgarajedefrank.es\/wp-content\/uploads\/2019\/10\/455508-large-tangerine-dream-quantum-gate.jpg 1000w\" sizes=\"(max-width: 300px) 100vw, 300px\" \/>\u2014<i>Quantum Gate<\/i> est le premier album sorti sans Edgar Froese. Comment a-t-il \u00e9t\u00e9 re\u00e7u ? \u00c9tait-ce difficile de l\u2019enregistrer sans le leader de TD ?<\/span><\/strong><\/p>\n<p class=\"p1\"><span style=\"font-family: georgia, palatino, serif; font-size: 12pt;\"><span class=\"s1\"><b>\u2014T: <\/b><i>Quantum Gate<\/i> a \u00e9t\u00e9 incroyablement bien re\u00e7u par la critique et a obtenu une belle place dans les classements. On a commenc\u00e9 \u00e0 le composer et l\u2019enregistrer ensemble en \u00e9t\u00e9 2014 apr\u00e8s la tourn\u00e9e. On a parl\u00e9 des concepts, des visions et des id\u00e9es, et compos\u00e9 plusieurs \u00e9bauches. Apr\u00e8s le triste d\u00e9c\u00e8s d\u2019<strong>Edgar<\/strong> en janvier 2015, on a travaill\u00e9 avec les \u00e9bauches d\u2019<strong>Edgar<\/strong> et les n\u00f4tres, puis compos\u00e9 la musique \u00e0 l\u2019horizontale et \u00e0 la verticale : parfois on enregistrait une partie enti\u00e8rement nouvelle qui s\u2019int\u00e9grait avant ou apr\u00e8s une autre, parfois on composait des parties qui s\u2019ajoutaient directement dans la m\u00eame partie. Pour qualifier cette p\u00e9riode, on parle du concept \u00ab<\/span><span class=\"s3\">\u2009<\/span><span class=\"s1\">Quantum years<\/span><span class=\"s3\">\u2009<\/span><span class=\"s1\">\u00bb. Notre id\u00e9e est de revenir \u00e0 la musique bas\u00e9e sur les s\u00e9quenceurs, int\u00e9grer les id\u00e9es et les intentions de forme plus libres des ann\u00e9es 70 et de forme structur\u00e9e des ann\u00e9es 80, avec un son contemporain.<\/span><\/span><\/p>\n<p class=\"p1\"><span class=\"s1\" style=\"font-family: georgia, palatino, serif; font-size: 12pt;\"><b>\u2014Lorsque vous composez, comment savez-vous ce qui entre dans le catalogue de Tangerine Dream ?<\/b><\/span><\/p>\n<p class=\"p1\"><span class=\"s1\" style=\"font-family: georgia, palatino, serif; font-size: 12pt;\"><b>\u2014T: <\/b>C\u2019est plus facile qu\u2019il n\u2019y para\u00eet. Je le sais d\u00e8s le d\u00e9but, car l\u2019intention est d\u00e9j\u00e0 pr\u00e9sente dans la premi\u00e8re note.<\/span><\/p>\n<p class=\"p1\"><span class=\"s1\" style=\"font-family: georgia, palatino, serif; font-size: 12pt;\"><b>\u2014Avez-vous travaill\u00e9 sur la bande-son de GTA V ? Je pense que composer des bandes-son pour jeu vid\u00e9o est int\u00e9ressant, et constitue un d\u00e9fi pour les artistes. C&#8217;est aussi une fa\u00e7on d\u2019\u00eatre introduit dans une g\u00e9n\u00e9ration plus jeune. Qu\u2019en pensez-vous ?<\/b><\/span><\/p>\n<p class=\"p1\"><span class=\"s1\" style=\"font-family: georgia, palatino, serif; font-size: 12pt;\"><b>\u2014T:<\/b> Oui, pour GTA V, on a compos\u00e9 presque 35 heures de musique. C\u2019est un travail int\u00e9ressant, car outre la composition classique de la bande-son, on doit prendre en compte la fonctionnalit\u00e9 sp\u00e9cifique du jeu. Le jeu en lui-m\u00eame m\u00e9lange la musique, car elle est associ\u00e9e \u00e0 la position exacte du joueur. Les id\u00e9es de grands motifs et m\u00e9lodie comme <i>Autant en emporte le vent, Star Wars<\/i>, etc\u2026 ne fonctionnent pas dans un jeu vid\u00e9o moderne, car le temps que le joueur met pour r\u00e9ussir une mission, par exemple, est grandement diff\u00e9rent. Il faut donc travailler avec les atmosph\u00e8res et les \u00e9l\u00e9ments rythmiques.<\/span><\/p>\n<p class=\"p1\"><span class=\"s1\" style=\"font-family: georgia, palatino, serif; font-size: 12pt;\"><b>\u2014Qui participe aux tourn\u00e9es, maintenant ? Ulrich Schnauss joue-t-il toujours avec le groupe ? Il a donn\u00e9 un superbe concert cette ann\u00e9e \u00e0 Madrid.<\/b><\/span><\/p>\n<p class=\"p1\"><span class=\"s1\" style=\"font-family: georgia, palatino, serif; font-size: 12pt;\"><b>\u2014T: <\/b>On joue en trio : Hoshiko Yamane au violon \u00e9lectrique\/violoncelle, Ulrich Schnauss aux synth\u00e9s et sur Ableton et moi au synth\u00e9, piano, guitare \u00e9lectrique et Ableton. Parfois, de grands musiciens nous accompagnent, comme Paul Frick <strong>(Brandt Brauer Frick),<\/strong> Franz Bargmann (<b>NEU!<\/b>)<b>,<\/b> Richard Barbieri et autres.<\/span><\/p>\n<p class=\"p1\"><span class=\"s1\" style=\"font-family: georgia, palatino, serif; font-size: 12pt;\"><b>\u2014Quelle est votre p\u00e9riode pr\u00e9f\u00e9r\u00e9e du groupe ?<\/b><\/span><\/p>\n<p class=\"p1\"><span class=\"s1\" style=\"font-family: georgia, palatino, serif; font-size: 12pt;\"><b>\u2014T: <\/b>Si je devais choisir des albums, ce serait <i>Zeit, Phaedra, Ricochet<\/i> et <i>Underwater Sunlight<\/i>. J\u2019adore les <img loading=\"lazy\" decoding=\"async\" class=\"size-medium wp-image-10155 alignright\" src=\"https:\/\/elgarajedefrank.es\/wp-content\/uploads\/2019\/10\/Tangerine-dream-phaedra-300x300.jpg\" alt=\"\" width=\"300\" height=\"300\" srcset=\"https:\/\/elgarajedefrank.es\/wp-content\/uploads\/2019\/10\/Tangerine-dream-phaedra-300x300.jpg 300w, https:\/\/elgarajedefrank.es\/wp-content\/uploads\/2019\/10\/Tangerine-dream-phaedra-150x150.jpg 150w, https:\/\/elgarajedefrank.es\/wp-content\/uploads\/2019\/10\/Tangerine-dream-phaedra-768x768.jpg 768w, https:\/\/elgarajedefrank.es\/wp-content\/uploads\/2019\/10\/Tangerine-dream-phaedra-585x585.jpg 585w, https:\/\/elgarajedefrank.es\/wp-content\/uploads\/2019\/10\/Tangerine-dream-phaedra.jpg 820w\" sizes=\"(max-width: 300px) 100vw, 300px\" \/>atmosph\u00e8res de ces albums.<\/span><\/p>\n<p class=\"p1\"><span class=\"s1\" style=\"font-family: georgia, palatino, serif; font-size: 12pt;\"><b>\u2014Au cours des derni\u00e8res ann\u00e9es, vous avez sorti des albums litt\u00e9raires : <\/b><i>Finnegans Wake<\/i><b>,\u00a0<\/b><i>Edgar Allan Poe\u2019s The Island of the Fay<\/i><b> et <\/b><i>Frank Kafka-The Castle. <\/i><b>Comment avez-vous compos\u00e9 ces albums ? Avez-vous commenc\u00e9 par lire le livre puis mis de la musique sur le texte ?<\/b><\/span><\/p>\n<p class=\"p1\"><span class=\"s1\" style=\"font-family: georgia, palatino, serif; font-size: 12pt;\"><b>\u2014T: <\/b>Effectivement, on a lu le livre, puis on a parl\u00e9 des parties qu\u2019Edgar ou moi devions transformer. Parfois, il s\u2019agissait de refl\u00e9ter l\u2019histoire. Parfois, il fallait refl\u00e9ter l\u2019atmosph\u00e8re de la situation.<\/span><\/p>\n<p class=\"p1\"><span class=\"s1\" style=\"font-family: georgia, palatino, serif; font-size: 12pt;\"><b>\u2014Tangerine Dream va-t-il sortir un nouvel album ?<\/b><\/span><\/p>\n<p class=\"p1\"><span class=\"s1\" style=\"font-family: georgia, palatino, serif; font-size: 12pt;\"><b>\u2014T: <\/b>Oui, on travaille sur du nouveau mat\u00e9riel. On sortira probablement l\u2019album en 2020.<\/span><\/p>\n<p class=\"p1\"><span class=\"s1\" style=\"font-family: georgia, palatino, serif; font-size: 12pt;\"><b>\u2014Que pouvez-vous nous dire du concert, va-t-il se concentrer sur des classiques, ou sur du nouveau mat\u00e9riel ?<\/b><\/span><\/p>\n<p class=\"p1\"><span class=\"s1\" style=\"font-family: georgia, palatino, serif; font-size: 12pt;\"><b>\u2014T:\u00a0<\/b>En concert, on joue de la musique de 1974 \u00e0 1989, puis d\u2019apr\u00e8s 2005. Je crois que la musique d\u2019avant 1973 n\u2019\u00e9tait pas pr\u00e9vue pour \u00eatre r\u00e9interpr\u00e9t\u00e9e note par note. La musique de 1989 \u00e0 2000 n\u2019appartient pas \u00e0 notre p\u00e9riode pr\u00e9f\u00e9r\u00e9e. Chaque concert a une setlist diff\u00e9rente. On joue certains morceaux en se rapprochant le plus possible de l\u2019originale au niveau de la structure et des sons. Pour d\u2019autres, on cr\u00e9e des variations au niveau de la structure et du tempo. Pour chaque concert, on joue une session, un m\u00e9lange entre improvisation et composition en temps r\u00e9el. Au d\u00e9but de la session, on se met d\u2019accord sur un tempo et le premier accord, ou la cl\u00e9. Le reste prend forme au fur et \u00e0 mesure, et est influenc\u00e9 par nous trois au moment de la session. Elle peut durer de 20 \u00e0 120 minutes, et m\u00eame plus. \u00c7a nous permet de rester cr\u00e9atifs. Ainsi, le public ne s\u2019ennuie pas et d\u00e9couvre sans cesse un nouveau monde.<\/span><\/p>\n","protected":false},"excerpt":{"rendered":"<p>Nous avons profit\u00e9 du futur passage de Tangerine Dream par l\u2019Espagne pour faire cette double&hellip;<\/p>\n","protected":false},"author":2,"featured_media":10137,"comment_status":"open","ping_status":"open","sticky":false,"template":"","format":"standard","meta":{"_lmt_disableupdate":"","_lmt_disable":"","footnotes":""},"categories":[35],"tags":[308,362],"class_list":["post-10109","post","type-post","status-publish","format-standard","has-post-thumbnail","hentry","category-interviews-fr","tag-concert-fr","tag-musique-experimentale"],"yoast_head":"<!-- This site is optimized with the Yoast SEO plugin v27.4 - https:\/\/yoast.com\/product\/yoast-seo-wordpress\/ -->\n<title>Interview : Tangerine Dream &#8212; El Garaje de Frank<\/title>\n<meta name=\"description\" content=\"Interviews &#8212; Interview de Tangerine Dream, pionniers de la musique \u00e9lectronique, dans le cadre de leur concert \u00e0 Madrid.\" \/>\n<meta name=\"robots\" content=\"index, follow, max-snippet:-1, max-image-preview:large, max-video-preview:-1\" \/>\n<link rel=\"canonical\" href=\"https:\/\/elgarajedefrank.es\/fr\/interview-tangerine-dream\/\" \/>\n<meta property=\"og:locale\" content=\"fr_FR\" \/>\n<meta property=\"og:type\" content=\"article\" \/>\n<meta property=\"og:title\" content=\"Interview : Tangerine Dream &#8212; El Garaje de Frank\" \/>\n<meta property=\"og:description\" content=\"Interviews &#8212; Interview de Tangerine Dream, pionniers de la musique \u00e9lectronique, dans le cadre de leur concert \u00e0 Madrid.\" \/>\n<meta property=\"og:url\" content=\"https:\/\/elgarajedefrank.es\/fr\/interview-tangerine-dream\/\" \/>\n<meta property=\"og:site_name\" content=\"El Garaje de Frank\" \/>\n<meta property=\"article:publisher\" content=\"https:\/\/www.facebook.com\/elgarajedefrank\/\" \/>\n<meta property=\"article:published_time\" content=\"2019-10-29T14:55:44+00:00\" \/>\n<meta property=\"article:modified_time\" content=\"2022-10-18T18:42:30+00:00\" \/>\n<meta property=\"og:image\" content=\"https:\/\/elgarajedefrank.es\/wp-content\/uploads\/2019\/10\/gw.com-2019_showreels_LVW_06_tangerine_dream_live_2016_590x332.jpg\" \/>\n\t<meta property=\"og:image:width\" content=\"590\" \/>\n\t<meta property=\"og:image:height\" content=\"332\" \/>\n\t<meta property=\"og:image:type\" content=\"image\/jpeg\" \/>\n<meta name=\"author\" content=\"Violeta\" \/>\n<meta name=\"twitter:card\" content=\"summary_large_image\" \/>\n<meta name=\"twitter:label1\" content=\"\u00c9crit par\" \/>\n\t<meta name=\"twitter:data1\" content=\"Violeta\" \/>\n\t<meta name=\"twitter:label2\" content=\"Dur\u00e9e de lecture estim\u00e9e\" \/>\n\t<meta name=\"twitter:data2\" content=\"12 minutes\" \/>\n<script type=\"application\/ld+json\" class=\"yoast-schema-graph\">{\"@context\":\"https:\\\/\\\/schema.org\",\"@graph\":[{\"@type\":\"Article\",\"@id\":\"https:\\\/\\\/elgarajedefrank.es\\\/fr\\\/interview-tangerine-dream\\\/#article\",\"isPartOf\":{\"@id\":\"https:\\\/\\\/elgarajedefrank.es\\\/fr\\\/interview-tangerine-dream\\\/\"},\"author\":{\"name\":\"Violeta\",\"@id\":\"https:\\\/\\\/elgarajedefrank.es\\\/fr\\\/#\\\/schema\\\/person\\\/35ec115bc6f8fb3d23238106dc7c1308\"},\"headline\":\"Interview : Tangerine Dream\",\"datePublished\":\"2019-10-29T14:55:44+00:00\",\"dateModified\":\"2022-10-18T18:42:30+00:00\",\"mainEntityOfPage\":{\"@id\":\"https:\\\/\\\/elgarajedefrank.es\\\/fr\\\/interview-tangerine-dream\\\/\"},\"wordCount\":2553,\"commentCount\":0,\"publisher\":{\"@id\":\"https:\\\/\\\/elgarajedefrank.es\\\/fr\\\/#\\\/schema\\\/person\\\/d709c9c33f5f405d44c6c9397889ba15\"},\"image\":{\"@id\":\"https:\\\/\\\/elgarajedefrank.es\\\/fr\\\/interview-tangerine-dream\\\/#primaryimage\"},\"thumbnailUrl\":\"https:\\\/\\\/elgarajedefrank.es\\\/wp-content\\\/uploads\\\/2019\\\/10\\\/gw.com-2019_showreels_LVW_06_tangerine_dream_live_2016_590x332.jpg\",\"keywords\":[\"Concert\",\"Musique exp\u00e9rimentale\"],\"articleSection\":[\"Interviews\"],\"inLanguage\":\"fr-FR\",\"potentialAction\":[{\"@type\":\"CommentAction\",\"name\":\"Comment\",\"target\":[\"https:\\\/\\\/elgarajedefrank.es\\\/fr\\\/interview-tangerine-dream\\\/#respond\"]}]},{\"@type\":\"WebPage\",\"@id\":\"https:\\\/\\\/elgarajedefrank.es\\\/fr\\\/interview-tangerine-dream\\\/\",\"url\":\"https:\\\/\\\/elgarajedefrank.es\\\/fr\\\/interview-tangerine-dream\\\/\",\"name\":\"Interview : Tangerine Dream &#8212; El Garaje de Frank\",\"isPartOf\":{\"@id\":\"https:\\\/\\\/elgarajedefrank.es\\\/fr\\\/#website\"},\"primaryImageOfPage\":{\"@id\":\"https:\\\/\\\/elgarajedefrank.es\\\/fr\\\/interview-tangerine-dream\\\/#primaryimage\"},\"image\":{\"@id\":\"https:\\\/\\\/elgarajedefrank.es\\\/fr\\\/interview-tangerine-dream\\\/#primaryimage\"},\"thumbnailUrl\":\"https:\\\/\\\/elgarajedefrank.es\\\/wp-content\\\/uploads\\\/2019\\\/10\\\/gw.com-2019_showreels_LVW_06_tangerine_dream_live_2016_590x332.jpg\",\"datePublished\":\"2019-10-29T14:55:44+00:00\",\"dateModified\":\"2022-10-18T18:42:30+00:00\",\"description\":\"Interviews &#8212; Interview de Tangerine Dream, pionniers de la musique \u00e9lectronique, dans le cadre de leur concert \u00e0 Madrid.\",\"breadcrumb\":{\"@id\":\"https:\\\/\\\/elgarajedefrank.es\\\/fr\\\/interview-tangerine-dream\\\/#breadcrumb\"},\"inLanguage\":\"fr-FR\",\"potentialAction\":[{\"@type\":\"ReadAction\",\"target\":[\"https:\\\/\\\/elgarajedefrank.es\\\/fr\\\/interview-tangerine-dream\\\/\"]}]},{\"@type\":\"ImageObject\",\"inLanguage\":\"fr-FR\",\"@id\":\"https:\\\/\\\/elgarajedefrank.es\\\/fr\\\/interview-tangerine-dream\\\/#primaryimage\",\"url\":\"https:\\\/\\\/elgarajedefrank.es\\\/wp-content\\\/uploads\\\/2019\\\/10\\\/gw.com-2019_showreels_LVW_06_tangerine_dream_live_2016_590x332.jpg\",\"contentUrl\":\"https:\\\/\\\/elgarajedefrank.es\\\/wp-content\\\/uploads\\\/2019\\\/10\\\/gw.com-2019_showreels_LVW_06_tangerine_dream_live_2016_590x332.jpg\",\"width\":590,\"height\":332},{\"@type\":\"BreadcrumbList\",\"@id\":\"https:\\\/\\\/elgarajedefrank.es\\\/fr\\\/interview-tangerine-dream\\\/#breadcrumb\",\"itemListElement\":[{\"@type\":\"ListItem\",\"position\":1,\"name\":\"Inicio\",\"item\":\"https:\\\/\\\/elgarajedefrank.es\\\/fr\\\/\"},{\"@type\":\"ListItem\",\"position\":2,\"name\":\"Interviews\",\"item\":\"https:\\\/\\\/elgarajedefrank.es\\\/fr\\\/category\\\/interviews-fr\\\/\"},{\"@type\":\"ListItem\",\"position\":3,\"name\":\"Interview : Tangerine Dream\"}]},{\"@type\":\"WebSite\",\"@id\":\"https:\\\/\\\/elgarajedefrank.es\\\/fr\\\/#website\",\"url\":\"https:\\\/\\\/elgarajedefrank.es\\\/fr\\\/\",\"name\":\"El Garaje de Frank\",\"description\":\"Music magazine\",\"publisher\":{\"@id\":\"https:\\\/\\\/elgarajedefrank.es\\\/fr\\\/#\\\/schema\\\/person\\\/d709c9c33f5f405d44c6c9397889ba15\"},\"potentialAction\":[{\"@type\":\"SearchAction\",\"target\":{\"@type\":\"EntryPoint\",\"urlTemplate\":\"https:\\\/\\\/elgarajedefrank.es\\\/fr\\\/?s={search_term_string}\"},\"query-input\":{\"@type\":\"PropertyValueSpecification\",\"valueRequired\":true,\"valueName\":\"search_term_string\"}}],\"inLanguage\":\"fr-FR\"},{\"@type\":[\"Person\",\"Organization\"],\"@id\":\"https:\\\/\\\/elgarajedefrank.es\\\/fr\\\/#\\\/schema\\\/person\\\/d709c9c33f5f405d44c6c9397889ba15\",\"name\":\"Fran\u00e7ois Zappa\",\"image\":{\"@type\":\"ImageObject\",\"inLanguage\":\"fr-FR\",\"@id\":\"https:\\\/\\\/elgarajedefrank.es\\\/wp-content\\\/uploads\\\/2019\\\/10\\\/IMG_8278-150x150.jpg\",\"url\":\"https:\\\/\\\/elgarajedefrank.es\\\/wp-content\\\/uploads\\\/2019\\\/10\\\/IMG_8278-150x150.jpg\",\"contentUrl\":\"https:\\\/\\\/elgarajedefrank.es\\\/wp-content\\\/uploads\\\/2019\\\/10\\\/IMG_8278-150x150.jpg\",\"caption\":\"Fran\u00e7ois Zappa\"},\"logo\":{\"@id\":\"https:\\\/\\\/elgarajedefrank.es\\\/wp-content\\\/uploads\\\/2019\\\/10\\\/IMG_8278-150x150.jpg\"},\"sameAs\":[\"https:\\\/\\\/www.facebook.com\\\/elgarajedefrank\\\/\",\"https:\\\/\\\/www.instagram.com\\\/elgarajedefrank\\\/\"]},{\"@type\":\"Person\",\"@id\":\"https:\\\/\\\/elgarajedefrank.es\\\/fr\\\/#\\\/schema\\\/person\\\/35ec115bc6f8fb3d23238106dc7c1308\",\"name\":\"Violeta\",\"image\":{\"@type\":\"ImageObject\",\"inLanguage\":\"fr-FR\",\"@id\":\"https:\\\/\\\/elgarajedefrank.es\\\/wp-content\\\/uploads\\\/2019\\\/10\\\/IMG_0576-e1570432097945-150x150.jpg\",\"url\":\"https:\\\/\\\/elgarajedefrank.es\\\/wp-content\\\/uploads\\\/2019\\\/10\\\/IMG_0576-e1570432097945-150x150.jpg\",\"contentUrl\":\"https:\\\/\\\/elgarajedefrank.es\\\/wp-content\\\/uploads\\\/2019\\\/10\\\/IMG_0576-e1570432097945-150x150.jpg\",\"caption\":\"Violeta\"}}]}<\/script>\n<!-- \/ Yoast SEO plugin. -->","yoast_head_json":{"title":"Interview : Tangerine Dream &#8212; El Garaje de Frank","description":"Interviews &#8212; Interview de Tangerine Dream, pionniers de la musique \u00e9lectronique, dans le cadre de leur concert \u00e0 Madrid.","robots":{"index":"index","follow":"follow","max-snippet":"max-snippet:-1","max-image-preview":"max-image-preview:large","max-video-preview":"max-video-preview:-1"},"canonical":"https:\/\/elgarajedefrank.es\/fr\/interview-tangerine-dream\/","og_locale":"fr_FR","og_type":"article","og_title":"Interview : Tangerine Dream &#8212; El Garaje de Frank","og_description":"Interviews &#8212; Interview de Tangerine Dream, pionniers de la musique \u00e9lectronique, dans le cadre de leur concert \u00e0 Madrid.","og_url":"https:\/\/elgarajedefrank.es\/fr\/interview-tangerine-dream\/","og_site_name":"El Garaje de Frank","article_publisher":"https:\/\/www.facebook.com\/elgarajedefrank\/","article_published_time":"2019-10-29T14:55:44+00:00","article_modified_time":"2022-10-18T18:42:30+00:00","og_image":[{"width":590,"height":332,"url":"https:\/\/elgarajedefrank.es\/wp-content\/uploads\/2019\/10\/gw.com-2019_showreels_LVW_06_tangerine_dream_live_2016_590x332.jpg","type":"image\/jpeg"}],"author":"Violeta","twitter_card":"summary_large_image","twitter_misc":{"\u00c9crit par":"Violeta","Dur\u00e9e de lecture estim\u00e9e":"12 minutes"},"schema":{"@context":"https:\/\/schema.org","@graph":[{"@type":"Article","@id":"https:\/\/elgarajedefrank.es\/fr\/interview-tangerine-dream\/#article","isPartOf":{"@id":"https:\/\/elgarajedefrank.es\/fr\/interview-tangerine-dream\/"},"author":{"name":"Violeta","@id":"https:\/\/elgarajedefrank.es\/fr\/#\/schema\/person\/35ec115bc6f8fb3d23238106dc7c1308"},"headline":"Interview : Tangerine Dream","datePublished":"2019-10-29T14:55:44+00:00","dateModified":"2022-10-18T18:42:30+00:00","mainEntityOfPage":{"@id":"https:\/\/elgarajedefrank.es\/fr\/interview-tangerine-dream\/"},"wordCount":2553,"commentCount":0,"publisher":{"@id":"https:\/\/elgarajedefrank.es\/fr\/#\/schema\/person\/d709c9c33f5f405d44c6c9397889ba15"},"image":{"@id":"https:\/\/elgarajedefrank.es\/fr\/interview-tangerine-dream\/#primaryimage"},"thumbnailUrl":"https:\/\/elgarajedefrank.es\/wp-content\/uploads\/2019\/10\/gw.com-2019_showreels_LVW_06_tangerine_dream_live_2016_590x332.jpg","keywords":["Concert","Musique exp\u00e9rimentale"],"articleSection":["Interviews"],"inLanguage":"fr-FR","potentialAction":[{"@type":"CommentAction","name":"Comment","target":["https:\/\/elgarajedefrank.es\/fr\/interview-tangerine-dream\/#respond"]}]},{"@type":"WebPage","@id":"https:\/\/elgarajedefrank.es\/fr\/interview-tangerine-dream\/","url":"https:\/\/elgarajedefrank.es\/fr\/interview-tangerine-dream\/","name":"Interview : Tangerine Dream &#8212; El Garaje de Frank","isPartOf":{"@id":"https:\/\/elgarajedefrank.es\/fr\/#website"},"primaryImageOfPage":{"@id":"https:\/\/elgarajedefrank.es\/fr\/interview-tangerine-dream\/#primaryimage"},"image":{"@id":"https:\/\/elgarajedefrank.es\/fr\/interview-tangerine-dream\/#primaryimage"},"thumbnailUrl":"https:\/\/elgarajedefrank.es\/wp-content\/uploads\/2019\/10\/gw.com-2019_showreels_LVW_06_tangerine_dream_live_2016_590x332.jpg","datePublished":"2019-10-29T14:55:44+00:00","dateModified":"2022-10-18T18:42:30+00:00","description":"Interviews &#8212; Interview de Tangerine Dream, pionniers de la musique \u00e9lectronique, dans le cadre de leur concert \u00e0 Madrid.","breadcrumb":{"@id":"https:\/\/elgarajedefrank.es\/fr\/interview-tangerine-dream\/#breadcrumb"},"inLanguage":"fr-FR","potentialAction":[{"@type":"ReadAction","target":["https:\/\/elgarajedefrank.es\/fr\/interview-tangerine-dream\/"]}]},{"@type":"ImageObject","inLanguage":"fr-FR","@id":"https:\/\/elgarajedefrank.es\/fr\/interview-tangerine-dream\/#primaryimage","url":"https:\/\/elgarajedefrank.es\/wp-content\/uploads\/2019\/10\/gw.com-2019_showreels_LVW_06_tangerine_dream_live_2016_590x332.jpg","contentUrl":"https:\/\/elgarajedefrank.es\/wp-content\/uploads\/2019\/10\/gw.com-2019_showreels_LVW_06_tangerine_dream_live_2016_590x332.jpg","width":590,"height":332},{"@type":"BreadcrumbList","@id":"https:\/\/elgarajedefrank.es\/fr\/interview-tangerine-dream\/#breadcrumb","itemListElement":[{"@type":"ListItem","position":1,"name":"Inicio","item":"https:\/\/elgarajedefrank.es\/fr\/"},{"@type":"ListItem","position":2,"name":"Interviews","item":"https:\/\/elgarajedefrank.es\/fr\/category\/interviews-fr\/"},{"@type":"ListItem","position":3,"name":"Interview : Tangerine Dream"}]},{"@type":"WebSite","@id":"https:\/\/elgarajedefrank.es\/fr\/#website","url":"https:\/\/elgarajedefrank.es\/fr\/","name":"El Garaje de Frank","description":"Music magazine","publisher":{"@id":"https:\/\/elgarajedefrank.es\/fr\/#\/schema\/person\/d709c9c33f5f405d44c6c9397889ba15"},"potentialAction":[{"@type":"SearchAction","target":{"@type":"EntryPoint","urlTemplate":"https:\/\/elgarajedefrank.es\/fr\/?s={search_term_string}"},"query-input":{"@type":"PropertyValueSpecification","valueRequired":true,"valueName":"search_term_string"}}],"inLanguage":"fr-FR"},{"@type":["Person","Organization"],"@id":"https:\/\/elgarajedefrank.es\/fr\/#\/schema\/person\/d709c9c33f5f405d44c6c9397889ba15","name":"Fran\u00e7ois Zappa","image":{"@type":"ImageObject","inLanguage":"fr-FR","@id":"https:\/\/elgarajedefrank.es\/wp-content\/uploads\/2019\/10\/IMG_8278-150x150.jpg","url":"https:\/\/elgarajedefrank.es\/wp-content\/uploads\/2019\/10\/IMG_8278-150x150.jpg","contentUrl":"https:\/\/elgarajedefrank.es\/wp-content\/uploads\/2019\/10\/IMG_8278-150x150.jpg","caption":"Fran\u00e7ois Zappa"},"logo":{"@id":"https:\/\/elgarajedefrank.es\/wp-content\/uploads\/2019\/10\/IMG_8278-150x150.jpg"},"sameAs":["https:\/\/www.facebook.com\/elgarajedefrank\/","https:\/\/www.instagram.com\/elgarajedefrank\/"]},{"@type":"Person","@id":"https:\/\/elgarajedefrank.es\/fr\/#\/schema\/person\/35ec115bc6f8fb3d23238106dc7c1308","name":"Violeta","image":{"@type":"ImageObject","inLanguage":"fr-FR","@id":"https:\/\/elgarajedefrank.es\/wp-content\/uploads\/2019\/10\/IMG_0576-e1570432097945-150x150.jpg","url":"https:\/\/elgarajedefrank.es\/wp-content\/uploads\/2019\/10\/IMG_0576-e1570432097945-150x150.jpg","contentUrl":"https:\/\/elgarajedefrank.es\/wp-content\/uploads\/2019\/10\/IMG_0576-e1570432097945-150x150.jpg","caption":"Violeta"}}]}},"_links":{"self":[{"href":"https:\/\/elgarajedefrank.es\/fr\/wp-json\/wp\/v2\/posts\/10109","targetHints":{"allow":["GET"]}}],"collection":[{"href":"https:\/\/elgarajedefrank.es\/fr\/wp-json\/wp\/v2\/posts"}],"about":[{"href":"https:\/\/elgarajedefrank.es\/fr\/wp-json\/wp\/v2\/types\/post"}],"author":[{"embeddable":true,"href":"https:\/\/elgarajedefrank.es\/fr\/wp-json\/wp\/v2\/users\/2"}],"replies":[{"embeddable":true,"href":"https:\/\/elgarajedefrank.es\/fr\/wp-json\/wp\/v2\/comments?post=10109"}],"version-history":[{"count":1,"href":"https:\/\/elgarajedefrank.es\/fr\/wp-json\/wp\/v2\/posts\/10109\/revisions"}],"predecessor-version":[{"id":49238,"href":"https:\/\/elgarajedefrank.es\/fr\/wp-json\/wp\/v2\/posts\/10109\/revisions\/49238"}],"wp:featuredmedia":[{"embeddable":true,"href":"https:\/\/elgarajedefrank.es\/fr\/wp-json\/wp\/v2\/media\/10137"}],"wp:attachment":[{"href":"https:\/\/elgarajedefrank.es\/fr\/wp-json\/wp\/v2\/media?parent=10109"}],"wp:term":[{"taxonomy":"category","embeddable":true,"href":"https:\/\/elgarajedefrank.es\/fr\/wp-json\/wp\/v2\/categories?post=10109"},{"taxonomy":"post_tag","embeddable":true,"href":"https:\/\/elgarajedefrank.es\/fr\/wp-json\/wp\/v2\/tags?post=10109"}],"curies":[{"name":"wp","href":"https:\/\/api.w.org\/{rel}","templated":true}]}}