{"id":9235,"date":"2019-09-27T15:15:56","date_gmt":"2019-09-27T13:15:56","guid":{"rendered":"https:\/\/elgarajedefrank.es\/?p=9235"},"modified":"2024-05-29T12:18:55","modified_gmt":"2024-05-29T10:18:55","slug":"ha-people-3-55-el-dia-de-la-bestia","status":"publish","type":"post","link":"https:\/\/elgarajedefrank.es\/en\/ha-people-3-55-el-dia-de-la-bestia\/","title":{"rendered":"H\u00e0; People.3.55 &#8211; El D\u00eda de la Bestia"},"content":{"rendered":"<p style=\"text-align: center;\"><span style=\"font-family: georgia, palatino, serif; font-size: 12pt;\"><b>Artist: H\u00e0; People.3.55\u00a0<\/b><\/span><\/p>\n<p style=\"text-align: center;\"><span style=\"font-family: georgia, palatino, serif; font-size: 12pt;\"><b>Release<\/b><b><i>: El D\u00eda de la Bestia<\/i><\/b><\/span><\/p>\n<p style=\"text-align: center;\"><span style=\"font-weight: 400; font-family: georgia, palatino, serif; font-size: 12pt;\">Genre: Industrial<\/span><\/p>\n<p><span style=\"font-family: georgia, palatino, serif; font-size: 12pt;\"><i><span style=\"font-weight: 400;\">El D\u00eda de la Bestia<\/span><\/i><span style=\"font-weight: 400;\">,\u00a0<\/span><b>H\u00e0; People.3.55\u2019<\/b><span style=\"font-weight: 400;\">s new album, could have been part of the soundtrack of\u00a0\u00c1lex de la Iglesia\u2019s movie, The Day of The Beast, along with <\/span><b>Ministry.\u00a0<\/b><span style=\"font-weight: 400;\">However, even if the movie combines thriller, humour and terror in a perfect way,\u00a0<\/span><i><span style=\"font-weight: 400;\">El D\u00eda de la Bestia\u00a0<\/span><\/i><span style=\"font-weight: 400;\">only<\/span> <span style=\"font-weight: 400;\">belongs to the latter .<\/span><\/span><\/p>\n<p><span style=\"font-family: georgia, palatino, serif; font-size: 12pt;\"><span style=\"font-weight: 400;\">From the first song, \u201cHeretics,\u201d the music is gut-wrenching. In a glimpse, you\u2019re transported to the gates of Hell. Oppressing synths resonate, while J\u03943 screams \u201cBlasphema<\/span><span style=\"font-weight: 400;\">\u2009<\/span><span style=\"font-weight: 400;\">.\u201d And this is only the beginning of the sabbath. Throughout the album, the listener is assaulted by several sounds, that could have been recorded directly from<\/span><b> Throbbing Gristle\u2019s <\/b><span style=\"font-weight: 400;\">shows: noises, powerful percussions, deafening guitars\u2026 Some songs are sung in Spanish, as \u201cEl Dia de la Bestia\u201d or \u201cEl S\u00e1bado de las Brujas.\u201d Well, \u201csing\u201d is not the right verb to be used here: J\u03943 screams, recites, shouts with an incredible power.\u00a0\u201cInsane Insolation\u201d presents guttural choirs, quickly joined by ghostly voices. You have the sensation of being surrounded by smoke, as if you were in Hell. There is no rest nor break, the 10 songs, whether it\u2019s \u201cEmperor\u2019s Rising\u201d or \u201cInquisidor\u201d are intensive from the beginning to the end. The ambiance is apocalyptic, oppressing and terrifying. The album ends on\u00a0\u201cKrampus\u201d, an instrumental tune. You see yourself transported in Silent Hill, chased by Pyramid Head striking a big blow with his sword each time you hear the drums. Phantasmagorical voices seem to be floating above the music, as if they were leading you to a fate you can\u2019t escape.<\/span><\/span><\/p>\n<p class=\"p1\"><span style=\"font-family: georgia, palatino, serif; font-size: 12pt;\"><b>H\u00e0; People.3.55<\/b><span style=\"font-weight: 400;\"> are undoubtfully masters of industrial doom metal. After listening to this album, you will have only one obsession: sell your soul to the devil to see them live.<\/span><\/span><\/p>\n<p><iframe title=\"Insane Isolation\" width=\"1170\" height=\"878\" src=\"https:\/\/www.youtube.com\/embed\/YG0lhYOHEvA?feature=oembed\" frameborder=\"0\" allow=\"accelerometer; autoplay; clipboard-write; encrypted-media; gyroscope; picture-in-picture; web-share\" referrerpolicy=\"strict-origin-when-cross-origin\" allowfullscreen><\/iframe><\/p>\n","protected":false},"excerpt":{"rendered":"<p>Artist: H\u00e0; People.3.55\u00a0 Release: El D\u00eda de la Bestia Genre: Industrial El D\u00eda de la&hellip;<\/p>\n","protected":false},"author":2,"featured_media":8889,"comment_status":"open","ping_status":"open","sticky":false,"template":"","format":"standard","meta":{"_lmt_disableupdate":"no","_lmt_disable":"","footnotes":""},"categories":[583],"tags":[523,367],"class_list":["post-9235","post","type-post","status-publish","format-standard","has-post-thumbnail","hentry","category-reviews","tag-doom-en","tag-industrial-music"],"yoast_head":"<!-- This site is optimized with the Yoast SEO plugin v27.4 - https:\/\/yoast.com\/product\/yoast-seo-wordpress\/ -->\n<title>H\u00e0; People.3.55 - El D\u00eda de la Bestia &#8212; El Garaje de Frank<\/title>\n<meta name=\"description\" content=\"Reviews &#8212; Review of Belgium doom industrial band H\u00e0; People.3.55&#039;s new album, El Dia de la Bestia.\" \/>\n<meta name=\"robots\" content=\"index, follow, max-snippet:-1, max-image-preview:large, max-video-preview:-1\" \/>\n<link rel=\"canonical\" href=\"https:\/\/elgarajedefrank.es\/en\/ha-people-3-55-el-dia-de-la-bestia\/\" \/>\n<meta property=\"og:locale\" content=\"en_US\" \/>\n<meta property=\"og:type\" content=\"article\" \/>\n<meta property=\"og:title\" content=\"H\u00e0; People.3.55 - El D\u00eda de la Bestia &#8212; El Garaje de Frank\" \/>\n<meta property=\"og:description\" content=\"Reviews &#8212; Review of Belgium doom industrial band H\u00e0; People.3.55&#039;s new album, El Dia de la Bestia.\" \/>\n<meta property=\"og:url\" content=\"https:\/\/elgarajedefrank.es\/en\/ha-people-3-55-el-dia-de-la-bestia\/\" \/>\n<meta property=\"og:site_name\" content=\"El Garaje de Frank\" \/>\n<meta property=\"article:publisher\" content=\"https:\/\/www.facebook.com\/elgarajedefrank\/\" \/>\n<meta property=\"article:published_time\" content=\"2019-09-27T13:15:56+00:00\" \/>\n<meta property=\"article:modified_time\" content=\"2024-05-29T10:18:55+00:00\" \/>\n<meta property=\"og:image\" content=\"https:\/\/elgarajedefrank.es\/wp-content\/uploads\/2019\/09\/64383374_2338668286180079_1138565868477743104_o.jpg\" \/>\n\t<meta property=\"og:image:width\" content=\"1898\" \/>\n\t<meta property=\"og:image:height\" content=\"1898\" \/>\n\t<meta property=\"og:image:type\" content=\"image\/jpeg\" \/>\n<meta name=\"author\" content=\"Violeta\" \/>\n<meta name=\"twitter:card\" content=\"summary_large_image\" \/>\n<meta name=\"twitter:label1\" content=\"Written by\" \/>\n\t<meta name=\"twitter:data1\" content=\"Violeta\" \/>\n\t<meta name=\"twitter:label2\" content=\"Est. reading time\" \/>\n\t<meta name=\"twitter:data2\" content=\"2 minutes\" \/>\n<script type=\"application\/ld+json\" class=\"yoast-schema-graph\">{\"@context\":\"https:\\\/\\\/schema.org\",\"@graph\":[{\"@type\":\"Article\",\"@id\":\"https:\\\/\\\/elgarajedefrank.es\\\/en\\\/ha-people-3-55-el-dia-de-la-bestia\\\/#article\",\"isPartOf\":{\"@id\":\"https:\\\/\\\/elgarajedefrank.es\\\/en\\\/ha-people-3-55-el-dia-de-la-bestia\\\/\"},\"author\":{\"name\":\"Violeta\",\"@id\":\"https:\\\/\\\/elgarajedefrank.es\\\/en\\\/#\\\/schema\\\/person\\\/35ec115bc6f8fb3d23238106dc7c1308\"},\"headline\":\"H\u00e0; People.3.55 &#8211; El D\u00eda de la Bestia\",\"datePublished\":\"2019-09-27T13:15:56+00:00\",\"dateModified\":\"2024-05-29T10:18:55+00:00\",\"mainEntityOfPage\":{\"@id\":\"https:\\\/\\\/elgarajedefrank.es\\\/en\\\/ha-people-3-55-el-dia-de-la-bestia\\\/\"},\"wordCount\":327,\"commentCount\":0,\"publisher\":{\"@id\":\"https:\\\/\\\/elgarajedefrank.es\\\/en\\\/#\\\/schema\\\/person\\\/d709c9c33f5f405d44c6c9397889ba15\"},\"image\":{\"@id\":\"https:\\\/\\\/elgarajedefrank.es\\\/en\\\/ha-people-3-55-el-dia-de-la-bestia\\\/#primaryimage\"},\"thumbnailUrl\":\"https:\\\/\\\/elgarajedefrank.es\\\/wp-content\\\/uploads\\\/2019\\\/09\\\/64383374_2338668286180079_1138565868477743104_o.jpg\",\"keywords\":[\"Doom\",\"Industrial\"],\"articleSection\":[\"Reviews\"],\"inLanguage\":\"en-US\",\"potentialAction\":[{\"@type\":\"CommentAction\",\"name\":\"Comment\",\"target\":[\"https:\\\/\\\/elgarajedefrank.es\\\/en\\\/ha-people-3-55-el-dia-de-la-bestia\\\/#respond\"]}]},{\"@type\":\"WebPage\",\"@id\":\"https:\\\/\\\/elgarajedefrank.es\\\/en\\\/ha-people-3-55-el-dia-de-la-bestia\\\/\",\"url\":\"https:\\\/\\\/elgarajedefrank.es\\\/en\\\/ha-people-3-55-el-dia-de-la-bestia\\\/\",\"name\":\"H\u00e0; People.3.55 - El D\u00eda de la Bestia &#8212; El Garaje de Frank\",\"isPartOf\":{\"@id\":\"https:\\\/\\\/elgarajedefrank.es\\\/en\\\/#website\"},\"primaryImageOfPage\":{\"@id\":\"https:\\\/\\\/elgarajedefrank.es\\\/en\\\/ha-people-3-55-el-dia-de-la-bestia\\\/#primaryimage\"},\"image\":{\"@id\":\"https:\\\/\\\/elgarajedefrank.es\\\/en\\\/ha-people-3-55-el-dia-de-la-bestia\\\/#primaryimage\"},\"thumbnailUrl\":\"https:\\\/\\\/elgarajedefrank.es\\\/wp-content\\\/uploads\\\/2019\\\/09\\\/64383374_2338668286180079_1138565868477743104_o.jpg\",\"datePublished\":\"2019-09-27T13:15:56+00:00\",\"dateModified\":\"2024-05-29T10:18:55+00:00\",\"description\":\"Reviews &#8212; Review of Belgium doom industrial band H\u00e0; People.3.55's new album, El Dia de la Bestia.\",\"breadcrumb\":{\"@id\":\"https:\\\/\\\/elgarajedefrank.es\\\/en\\\/ha-people-3-55-el-dia-de-la-bestia\\\/#breadcrumb\"},\"inLanguage\":\"en-US\",\"potentialAction\":[{\"@type\":\"ReadAction\",\"target\":[\"https:\\\/\\\/elgarajedefrank.es\\\/en\\\/ha-people-3-55-el-dia-de-la-bestia\\\/\"]}]},{\"@type\":\"ImageObject\",\"inLanguage\":\"en-US\",\"@id\":\"https:\\\/\\\/elgarajedefrank.es\\\/en\\\/ha-people-3-55-el-dia-de-la-bestia\\\/#primaryimage\",\"url\":\"https:\\\/\\\/elgarajedefrank.es\\\/wp-content\\\/uploads\\\/2019\\\/09\\\/64383374_2338668286180079_1138565868477743104_o.jpg\",\"contentUrl\":\"https:\\\/\\\/elgarajedefrank.es\\\/wp-content\\\/uploads\\\/2019\\\/09\\\/64383374_2338668286180079_1138565868477743104_o.jpg\",\"width\":1898,\"height\":1898},{\"@type\":\"BreadcrumbList\",\"@id\":\"https:\\\/\\\/elgarajedefrank.es\\\/en\\\/ha-people-3-55-el-dia-de-la-bestia\\\/#breadcrumb\",\"itemListElement\":[{\"@type\":\"ListItem\",\"position\":1,\"name\":\"Inicio\",\"item\":\"https:\\\/\\\/elgarajedefrank.es\\\/en\\\/\"},{\"@type\":\"ListItem\",\"position\":2,\"name\":\"Reviews\",\"item\":\"https:\\\/\\\/elgarajedefrank.es\\\/en\\\/category\\\/reviews\\\/\"},{\"@type\":\"ListItem\",\"position\":3,\"name\":\"H\u00e0; People.3.55 &#8211; El D\u00eda de la Bestia\"}]},{\"@type\":\"WebSite\",\"@id\":\"https:\\\/\\\/elgarajedefrank.es\\\/en\\\/#website\",\"url\":\"https:\\\/\\\/elgarajedefrank.es\\\/en\\\/\",\"name\":\"El Garaje de Frank\",\"description\":\"Music magazine\",\"publisher\":{\"@id\":\"https:\\\/\\\/elgarajedefrank.es\\\/en\\\/#\\\/schema\\\/person\\\/d709c9c33f5f405d44c6c9397889ba15\"},\"potentialAction\":[{\"@type\":\"SearchAction\",\"target\":{\"@type\":\"EntryPoint\",\"urlTemplate\":\"https:\\\/\\\/elgarajedefrank.es\\\/en\\\/?s={search_term_string}\"},\"query-input\":{\"@type\":\"PropertyValueSpecification\",\"valueRequired\":true,\"valueName\":\"search_term_string\"}}],\"inLanguage\":\"en-US\"},{\"@type\":[\"Person\",\"Organization\"],\"@id\":\"https:\\\/\\\/elgarajedefrank.es\\\/en\\\/#\\\/schema\\\/person\\\/d709c9c33f5f405d44c6c9397889ba15\",\"name\":\"Fran\u00e7ois Zappa\",\"image\":{\"@type\":\"ImageObject\",\"inLanguage\":\"en-US\",\"@id\":\"https:\\\/\\\/elgarajedefrank.es\\\/wp-content\\\/uploads\\\/2019\\\/10\\\/IMG_8278-150x150.jpg\",\"url\":\"https:\\\/\\\/elgarajedefrank.es\\\/wp-content\\\/uploads\\\/2019\\\/10\\\/IMG_8278-150x150.jpg\",\"contentUrl\":\"https:\\\/\\\/elgarajedefrank.es\\\/wp-content\\\/uploads\\\/2019\\\/10\\\/IMG_8278-150x150.jpg\",\"caption\":\"Fran\u00e7ois Zappa\"},\"logo\":{\"@id\":\"https:\\\/\\\/elgarajedefrank.es\\\/wp-content\\\/uploads\\\/2019\\\/10\\\/IMG_8278-150x150.jpg\"},\"sameAs\":[\"https:\\\/\\\/www.facebook.com\\\/elgarajedefrank\\\/\",\"https:\\\/\\\/www.instagram.com\\\/elgarajedefrank\\\/\"]},{\"@type\":\"Person\",\"@id\":\"https:\\\/\\\/elgarajedefrank.es\\\/en\\\/#\\\/schema\\\/person\\\/35ec115bc6f8fb3d23238106dc7c1308\",\"name\":\"Violeta\",\"image\":{\"@type\":\"ImageObject\",\"inLanguage\":\"en-US\",\"@id\":\"https:\\\/\\\/elgarajedefrank.es\\\/wp-content\\\/uploads\\\/2019\\\/10\\\/IMG_0576-e1570432097945-150x150.jpg\",\"url\":\"https:\\\/\\\/elgarajedefrank.es\\\/wp-content\\\/uploads\\\/2019\\\/10\\\/IMG_0576-e1570432097945-150x150.jpg\",\"contentUrl\":\"https:\\\/\\\/elgarajedefrank.es\\\/wp-content\\\/uploads\\\/2019\\\/10\\\/IMG_0576-e1570432097945-150x150.jpg\",\"caption\":\"Violeta\"}}]}<\/script>\n<!-- \/ Yoast SEO plugin. -->","yoast_head_json":{"title":"H\u00e0; People.3.55 - El D\u00eda de la Bestia &#8212; El Garaje de Frank","description":"Reviews &#8212; Review of Belgium doom industrial band H\u00e0; People.3.55's new album, El Dia de la Bestia.","robots":{"index":"index","follow":"follow","max-snippet":"max-snippet:-1","max-image-preview":"max-image-preview:large","max-video-preview":"max-video-preview:-1"},"canonical":"https:\/\/elgarajedefrank.es\/en\/ha-people-3-55-el-dia-de-la-bestia\/","og_locale":"en_US","og_type":"article","og_title":"H\u00e0; People.3.55 - El D\u00eda de la Bestia &#8212; El Garaje de Frank","og_description":"Reviews &#8212; Review of Belgium doom industrial band H\u00e0; People.3.55's new album, El Dia de la Bestia.","og_url":"https:\/\/elgarajedefrank.es\/en\/ha-people-3-55-el-dia-de-la-bestia\/","og_site_name":"El Garaje de Frank","article_publisher":"https:\/\/www.facebook.com\/elgarajedefrank\/","article_published_time":"2019-09-27T13:15:56+00:00","article_modified_time":"2024-05-29T10:18:55+00:00","og_image":[{"width":1898,"height":1898,"url":"https:\/\/elgarajedefrank.es\/wp-content\/uploads\/2019\/09\/64383374_2338668286180079_1138565868477743104_o.jpg","type":"image\/jpeg"}],"author":"Violeta","twitter_card":"summary_large_image","twitter_misc":{"Written by":"Violeta","Est. reading time":"2 minutes"},"schema":{"@context":"https:\/\/schema.org","@graph":[{"@type":"Article","@id":"https:\/\/elgarajedefrank.es\/en\/ha-people-3-55-el-dia-de-la-bestia\/#article","isPartOf":{"@id":"https:\/\/elgarajedefrank.es\/en\/ha-people-3-55-el-dia-de-la-bestia\/"},"author":{"name":"Violeta","@id":"https:\/\/elgarajedefrank.es\/en\/#\/schema\/person\/35ec115bc6f8fb3d23238106dc7c1308"},"headline":"H\u00e0; People.3.55 &#8211; El D\u00eda de la Bestia","datePublished":"2019-09-27T13:15:56+00:00","dateModified":"2024-05-29T10:18:55+00:00","mainEntityOfPage":{"@id":"https:\/\/elgarajedefrank.es\/en\/ha-people-3-55-el-dia-de-la-bestia\/"},"wordCount":327,"commentCount":0,"publisher":{"@id":"https:\/\/elgarajedefrank.es\/en\/#\/schema\/person\/d709c9c33f5f405d44c6c9397889ba15"},"image":{"@id":"https:\/\/elgarajedefrank.es\/en\/ha-people-3-55-el-dia-de-la-bestia\/#primaryimage"},"thumbnailUrl":"https:\/\/elgarajedefrank.es\/wp-content\/uploads\/2019\/09\/64383374_2338668286180079_1138565868477743104_o.jpg","keywords":["Doom","Industrial"],"articleSection":["Reviews"],"inLanguage":"en-US","potentialAction":[{"@type":"CommentAction","name":"Comment","target":["https:\/\/elgarajedefrank.es\/en\/ha-people-3-55-el-dia-de-la-bestia\/#respond"]}]},{"@type":"WebPage","@id":"https:\/\/elgarajedefrank.es\/en\/ha-people-3-55-el-dia-de-la-bestia\/","url":"https:\/\/elgarajedefrank.es\/en\/ha-people-3-55-el-dia-de-la-bestia\/","name":"H\u00e0; People.3.55 - El D\u00eda de la Bestia &#8212; El Garaje de Frank","isPartOf":{"@id":"https:\/\/elgarajedefrank.es\/en\/#website"},"primaryImageOfPage":{"@id":"https:\/\/elgarajedefrank.es\/en\/ha-people-3-55-el-dia-de-la-bestia\/#primaryimage"},"image":{"@id":"https:\/\/elgarajedefrank.es\/en\/ha-people-3-55-el-dia-de-la-bestia\/#primaryimage"},"thumbnailUrl":"https:\/\/elgarajedefrank.es\/wp-content\/uploads\/2019\/09\/64383374_2338668286180079_1138565868477743104_o.jpg","datePublished":"2019-09-27T13:15:56+00:00","dateModified":"2024-05-29T10:18:55+00:00","description":"Reviews &#8212; Review of Belgium doom industrial band H\u00e0; People.3.55's new album, El Dia de la Bestia.","breadcrumb":{"@id":"https:\/\/elgarajedefrank.es\/en\/ha-people-3-55-el-dia-de-la-bestia\/#breadcrumb"},"inLanguage":"en-US","potentialAction":[{"@type":"ReadAction","target":["https:\/\/elgarajedefrank.es\/en\/ha-people-3-55-el-dia-de-la-bestia\/"]}]},{"@type":"ImageObject","inLanguage":"en-US","@id":"https:\/\/elgarajedefrank.es\/en\/ha-people-3-55-el-dia-de-la-bestia\/#primaryimage","url":"https:\/\/elgarajedefrank.es\/wp-content\/uploads\/2019\/09\/64383374_2338668286180079_1138565868477743104_o.jpg","contentUrl":"https:\/\/elgarajedefrank.es\/wp-content\/uploads\/2019\/09\/64383374_2338668286180079_1138565868477743104_o.jpg","width":1898,"height":1898},{"@type":"BreadcrumbList","@id":"https:\/\/elgarajedefrank.es\/en\/ha-people-3-55-el-dia-de-la-bestia\/#breadcrumb","itemListElement":[{"@type":"ListItem","position":1,"name":"Inicio","item":"https:\/\/elgarajedefrank.es\/en\/"},{"@type":"ListItem","position":2,"name":"Reviews","item":"https:\/\/elgarajedefrank.es\/en\/category\/reviews\/"},{"@type":"ListItem","position":3,"name":"H\u00e0; People.3.55 &#8211; El D\u00eda de la Bestia"}]},{"@type":"WebSite","@id":"https:\/\/elgarajedefrank.es\/en\/#website","url":"https:\/\/elgarajedefrank.es\/en\/","name":"El Garaje de Frank","description":"Music magazine","publisher":{"@id":"https:\/\/elgarajedefrank.es\/en\/#\/schema\/person\/d709c9c33f5f405d44c6c9397889ba15"},"potentialAction":[{"@type":"SearchAction","target":{"@type":"EntryPoint","urlTemplate":"https:\/\/elgarajedefrank.es\/en\/?s={search_term_string}"},"query-input":{"@type":"PropertyValueSpecification","valueRequired":true,"valueName":"search_term_string"}}],"inLanguage":"en-US"},{"@type":["Person","Organization"],"@id":"https:\/\/elgarajedefrank.es\/en\/#\/schema\/person\/d709c9c33f5f405d44c6c9397889ba15","name":"Fran\u00e7ois Zappa","image":{"@type":"ImageObject","inLanguage":"en-US","@id":"https:\/\/elgarajedefrank.es\/wp-content\/uploads\/2019\/10\/IMG_8278-150x150.jpg","url":"https:\/\/elgarajedefrank.es\/wp-content\/uploads\/2019\/10\/IMG_8278-150x150.jpg","contentUrl":"https:\/\/elgarajedefrank.es\/wp-content\/uploads\/2019\/10\/IMG_8278-150x150.jpg","caption":"Fran\u00e7ois Zappa"},"logo":{"@id":"https:\/\/elgarajedefrank.es\/wp-content\/uploads\/2019\/10\/IMG_8278-150x150.jpg"},"sameAs":["https:\/\/www.facebook.com\/elgarajedefrank\/","https:\/\/www.instagram.com\/elgarajedefrank\/"]},{"@type":"Person","@id":"https:\/\/elgarajedefrank.es\/en\/#\/schema\/person\/35ec115bc6f8fb3d23238106dc7c1308","name":"Violeta","image":{"@type":"ImageObject","inLanguage":"en-US","@id":"https:\/\/elgarajedefrank.es\/wp-content\/uploads\/2019\/10\/IMG_0576-e1570432097945-150x150.jpg","url":"https:\/\/elgarajedefrank.es\/wp-content\/uploads\/2019\/10\/IMG_0576-e1570432097945-150x150.jpg","contentUrl":"https:\/\/elgarajedefrank.es\/wp-content\/uploads\/2019\/10\/IMG_0576-e1570432097945-150x150.jpg","caption":"Violeta"}}]}},"_links":{"self":[{"href":"https:\/\/elgarajedefrank.es\/en\/wp-json\/wp\/v2\/posts\/9235","targetHints":{"allow":["GET"]}}],"collection":[{"href":"https:\/\/elgarajedefrank.es\/en\/wp-json\/wp\/v2\/posts"}],"about":[{"href":"https:\/\/elgarajedefrank.es\/en\/wp-json\/wp\/v2\/types\/post"}],"author":[{"embeddable":true,"href":"https:\/\/elgarajedefrank.es\/en\/wp-json\/wp\/v2\/users\/2"}],"replies":[{"embeddable":true,"href":"https:\/\/elgarajedefrank.es\/en\/wp-json\/wp\/v2\/comments?post=9235"}],"version-history":[{"count":1,"href":"https:\/\/elgarajedefrank.es\/en\/wp-json\/wp\/v2\/posts\/9235\/revisions"}],"predecessor-version":[{"id":62503,"href":"https:\/\/elgarajedefrank.es\/en\/wp-json\/wp\/v2\/posts\/9235\/revisions\/62503"}],"wp:featuredmedia":[{"embeddable":true,"href":"https:\/\/elgarajedefrank.es\/en\/wp-json\/wp\/v2\/media\/8889"}],"wp:attachment":[{"href":"https:\/\/elgarajedefrank.es\/en\/wp-json\/wp\/v2\/media?parent=9235"}],"wp:term":[{"taxonomy":"category","embeddable":true,"href":"https:\/\/elgarajedefrank.es\/en\/wp-json\/wp\/v2\/categories?post=9235"},{"taxonomy":"post_tag","embeddable":true,"href":"https:\/\/elgarajedefrank.es\/en\/wp-json\/wp\/v2\/tags?post=9235"}],"curies":[{"name":"wp","href":"https:\/\/api.w.org\/{rel}","templated":true}]}}